{"id":104852,"date":"2024-03-12T02:59:36","date_gmt":"2024-03-12T01:59:36","guid":{"rendered":"https:\/\/flashmode.tn\/magazine\/pierre-palmade-et-son-fils-quelle-est-la-veritable-histoire-derriere-leur-tragedie\/"},"modified":"2024-03-28T09:30:49","modified_gmt":"2024-03-28T08:30:49","slug":"pierre-palmade-et-son-fils-quelle-est-la-veritable-histoire-derriere-leur-tragedie","status":"publish","type":"post","link":"https:\/\/flashmode.tn\/magazine\/pierre-palmade-et-son-fils-quelle-est-la-veritable-histoire-derriere-leur-tragedie\/","title":{"rendered":"Pierre Palmade et son fils : Quelle est la v\u00e9ritable histoire derri\u00e8re leur trag\u00e9die ?"},"content":{"rendered":"\n<p>Pierre Palmade, un nom qui r\u00e9sonne dans le monde du spectacle fran\u00e7ais depuis des d\u00e9cennies. Mais derri\u00e8re le rire et les applaudissements se cache une histoire tragique qui a boulevers\u00e9 sa vie et celle de son fils. Dans cet article, plongeons-nous dans les profondeurs de cette trag\u00e9die qui a touch\u00e9 le c\u0153ur de nombreux fans. D\u00e9couvrez la lutte acharn\u00e9e de Pierre Palmade pour se reconstruire apr\u00e8s cet accident d\u00e9vastateur, les r\u00e9percussions sur les familles impliqu\u00e9es et les le\u00e7ons difficiles apprises au fil du temps. Pr\u00e9parez-vous \u00e0 \u00eatre \u00e9mus, inspir\u00e9s et \u00e0 r\u00e9fl\u00e9chir sur le sens de la vie. Bienvenue dans l&rsquo;univers de Pierre Palmade et son fils.<\/p>\n\n\n\n<div id=\"ez-toc-container\" class=\"ez-toc-v2_0_81 counter-hierarchy ez-toc-counter ez-toc-grey ez-toc-container-direction\">\n<div class=\"ez-toc-title-container\">\n<p class=\"ez-toc-title\" style=\"cursor:inherit\">Contenus de la page<\/p>\n<span class=\"ez-toc-title-toggle\"><a href=\"#\" class=\"ez-toc-pull-right ez-toc-btn ez-toc-btn-xs ez-toc-btn-default ez-toc-toggle\" aria-label=\"Toggle Table of Content\"><span class=\"ez-toc-js-icon-con\"><span class=\"\"><span class=\"eztoc-hide\" style=\"display:none;\">Toggle<\/span><span class=\"ez-toc-icon-toggle-span\"><svg style=\"fill: #999;color:#999\" xmlns=\"http:\/\/www.w3.org\/2000\/svg\" class=\"list-377408\" width=\"20px\" height=\"20px\" viewBox=\"0 0 24 24\" fill=\"none\"><path d=\"M6 6H4v2h2V6zm14 0H8v2h12V6zM4 11h2v2H4v-2zm16 0H8v2h12v-2zM4 16h2v2H4v-2zm16 0H8v2h12v-2z\" fill=\"currentColor\"><\/path><\/svg><svg style=\"fill: #999;color:#999\" class=\"arrow-unsorted-368013\" xmlns=\"http:\/\/www.w3.org\/2000\/svg\" width=\"10px\" height=\"10px\" viewBox=\"0 0 24 24\" version=\"1.2\" baseProfile=\"tiny\"><path d=\"M18.2 9.3l-6.2-6.3-6.2 6.3c-.2.2-.3.4-.3.7s.1.5.3.7c.2.2.4.3.7.3h11c.3 0 .5-.1.7-.3.2-.2.3-.5.3-.7s-.1-.5-.3-.7zM5.8 14.7l6.2 6.3 6.2-6.3c.2-.2.3-.5.3-.7s-.1-.5-.3-.7c-.2-.2-.4-.3-.7-.3h-11c-.3 0-.5.1-.7.3-.2.2-.3.5-.3.7s.1.5.3.7z\"\/><\/svg><\/span><\/span><\/span><\/a><\/span><\/div>\n<nav><ul class='ez-toc-list ez-toc-list-level-1 ' ><li class='ez-toc-page-1 ez-toc-heading-level-2'><a class=\"ez-toc-link ez-toc-heading-1\" href=\"https:\/\/flashmode.tn\/magazine\/pierre-palmade-et-son-fils-quelle-est-la-veritable-histoire-derriere-leur-tragedie\/#La_tragedie_qui_a_frappe_Pierre_Palmade_et_les_victimes_de_son_accident\" >La trag\u00e9die qui a frapp\u00e9 Pierre Palmade et les victimes de son accident<\/a><ul class='ez-toc-list-level-3' ><li class='ez-toc-heading-level-3'><a class=\"ez-toc-link ez-toc-heading-2\" href=\"https:\/\/flashmode.tn\/magazine\/pierre-palmade-et-son-fils-quelle-est-la-veritable-histoire-derriere-leur-tragedie\/#Le_deuil_inexprimable_dun_enfant_perdu\" >Le deuil inexprimable d&rsquo;un enfant perdu<\/a><\/li><li class='ez-toc-page-1 ez-toc-heading-level-3'><a class=\"ez-toc-link ez-toc-heading-3\" href=\"https:\/\/flashmode.tn\/magazine\/pierre-palmade-et-son-fils-quelle-est-la-veritable-histoire-derriere-leur-tragedie\/#La_collision_qui_a_bouleverse_des_vies\" >La collision qui a boulevers\u00e9 des vies<\/a><\/li><li class='ez-toc-page-1 ez-toc-heading-level-3'><a class=\"ez-toc-link ez-toc-heading-4\" href=\"https:\/\/flashmode.tn\/magazine\/pierre-palmade-et-son-fils-quelle-est-la-veritable-histoire-derriere-leur-tragedie\/#Des_consequences_dramatiques_et_des_vies_marquees\" >Des cons\u00e9quences dramatiques et des vies marqu\u00e9es<\/a><\/li><\/ul><\/li><li class='ez-toc-page-1 ez-toc-heading-level-2'><a class=\"ez-toc-link ez-toc-heading-5\" href=\"https:\/\/flashmode.tn\/magazine\/pierre-palmade-et-son-fils-quelle-est-la-veritable-histoire-derriere-leur-tragedie\/#La_lutte_pour_la_recuperation_apres_laccident\" >La lutte pour la r\u00e9cup\u00e9ration apr\u00e8s l&rsquo;accident<\/a><ul class='ez-toc-list-level-3' ><li class='ez-toc-heading-level-3'><a class=\"ez-toc-link ez-toc-heading-6\" href=\"https:\/\/flashmode.tn\/magazine\/pierre-palmade-et-son-fils-quelle-est-la-veritable-histoire-derriere-leur-tragedie\/#Les_progres_du_jeune_garcon_de_6_ans\" >Les progr\u00e8s du jeune gar\u00e7on de 6 ans<\/a><\/li><li class='ez-toc-page-1 ez-toc-heading-level-3'><a class=\"ez-toc-link ez-toc-heading-7\" href=\"https:\/\/flashmode.tn\/magazine\/pierre-palmade-et-son-fils-quelle-est-la-veritable-histoire-derriere-leur-tragedie\/#Le_retour_a_lecole_un_pas_vers_la_normalite\" >Le retour \u00e0 l&rsquo;\u00e9cole, un pas vers la normalit\u00e9<\/a><\/li><\/ul><\/li><li class='ez-toc-page-1 ez-toc-heading-level-2'><a class=\"ez-toc-link ez-toc-heading-8\" href=\"https:\/\/flashmode.tn\/magazine\/pierre-palmade-et-son-fils-quelle-est-la-veritable-histoire-derriere-leur-tragedie\/#Les_repercussions_sur_les_familles_impliquees\" >Les r\u00e9percussions sur les familles impliqu\u00e9es<\/a><ul class='ez-toc-list-level-3' ><li class='ez-toc-heading-level-3'><a class=\"ez-toc-link ez-toc-heading-9\" href=\"https:\/\/flashmode.tn\/magazine\/pierre-palmade-et-son-fils-quelle-est-la-veritable-histoire-derriere-leur-tragedie\/#Le_combat_de_Reanne_mere_de_Pierre_Palmade\" >Le combat de R\u00e9anne, m\u00e8re de Pierre Palmade<\/a><\/li><li class='ez-toc-page-1 ez-toc-heading-level-3'><a class=\"ez-toc-link ez-toc-heading-10\" href=\"https:\/\/flashmode.tn\/magazine\/pierre-palmade-et-son-fils-quelle-est-la-veritable-histoire-derriere-leur-tragedie\/#La_recherche_dun_remede_a_la_solitude\" >La recherche d&rsquo;un rem\u00e8de \u00e0 la solitude<\/a><\/li><\/ul><\/li><li class='ez-toc-page-1 ez-toc-heading-level-2'><a class=\"ez-toc-link ez-toc-heading-11\" href=\"https:\/\/flashmode.tn\/magazine\/pierre-palmade-et-son-fils-quelle-est-la-veritable-histoire-derriere-leur-tragedie\/#Les_lecons_difficiles_et_la_quete_de_sens\" >Les le\u00e7ons difficiles et la qu\u00eate de sens<\/a><ul class='ez-toc-list-level-3' ><li class='ez-toc-heading-level-3'><a class=\"ez-toc-link ez-toc-heading-12\" href=\"https:\/\/flashmode.tn\/magazine\/pierre-palmade-et-son-fils-quelle-est-la-veritable-histoire-derriere-leur-tragedie\/#Lapprentissage_a_travers_les_epreuves\" >L&rsquo;apprentissage \u00e0 travers les \u00e9preuves<\/a><\/li><li class='ez-toc-page-1 ez-toc-heading-level-3'><a class=\"ez-toc-link ez-toc-heading-13\" href=\"https:\/\/flashmode.tn\/magazine\/pierre-palmade-et-son-fils-quelle-est-la-veritable-histoire-derriere-leur-tragedie\/#Une_seconde_chance_et_la_redemption\" >Une seconde chance et la r\u00e9demption<\/a><\/li><li class='ez-toc-page-1 ez-toc-heading-level-3'><a class=\"ez-toc-link ez-toc-heading-14\" href=\"https:\/\/flashmode.tn\/magazine\/pierre-palmade-et-son-fils-quelle-est-la-veritable-histoire-derriere-leur-tragedie\/#La_solidarite_face_a_ladversite\" >La solidarit\u00e9 face \u00e0 l&rsquo;adversit\u00e9<\/a><\/li><\/ul><\/li><li class='ez-toc-page-1 ez-toc-heading-level-2'><a class=\"ez-toc-link ez-toc-heading-15\" href=\"https:\/\/flashmode.tn\/magazine\/pierre-palmade-et-son-fils-quelle-est-la-veritable-histoire-derriere-leur-tragedie\/#Conclusion\" >Conclusion<\/a><\/li><\/ul><\/nav><\/div>\n<h2 class=\"wp-block-heading\" id=\"h-la-tragedie-qui-a-frappe-pierre-palmade-et-les-victimes-de-son-accident\"><span class=\"ez-toc-section\" id=\"La_tragedie_qui_a_frappe_Pierre_Palmade_et_les_victimes_de_son_accident\"><\/span>La trag\u00e9die qui a frapp\u00e9 Pierre Palmade et les victimes de son accident<span class=\"ez-toc-section-end\"><\/span><\/h2>\n\n\n\n<h3 class=\"wp-block-heading\" id=\"h-le-deuil-inexprimable-d-un-enfant-perdu\"><span class=\"ez-toc-section\" id=\"Le_deuil_inexprimable_dun_enfant_perdu\"><\/span>Le deuil inexprimable d&rsquo;un enfant perdu<span class=\"ez-toc-section-end\"><\/span><\/h3>\n\n\n\n<p>Le drame personnel de <strong>Pierre Palmade<\/strong> et la perte tragique de son fils <strong>Solin-Hazal<\/strong> \u00e0 la naissance est un \u00e9v\u00e9nement qui marque une vie d&rsquo;une empreinte ind\u00e9l\u00e9bile. Cette \u00e9preuve bouleversante est souvent un sujet tabou, entour\u00e9 d&rsquo;une douleur silencieuse et d&rsquo;un chagrin profond. Pour Pierre Palmade, l&rsquo;absence de son fils n&rsquo;a pu que laisser un vide immense, un avenir inachev\u00e9, et des questions sans r\u00e9ponses.<\/p>\n\n\n\n<h3 class=\"wp-block-heading\" id=\"h-la-collision-qui-a-bouleverse-des-vies\"><span class=\"ez-toc-section\" id=\"La_collision_qui_a_bouleverse_des_vies\"><\/span>La collision qui a boulevers\u00e9 des vies<span class=\"ez-toc-section-end\"><\/span><\/h3>\n\n\n\n<p>Le destin a parfois une trajectoire impr\u00e9visible, comme en t\u00e9moigne l&rsquo;accident de voiture impliquant Pierre Palmade. Au volant de sa <strong>Peugeot 3008<\/strong>, l&rsquo;humoriste a \u00e9t\u00e9 impliqu\u00e9 dans une collision tragique qui a caus\u00e9 des blessures graves \u00e0 un homme de 38 ans et son fils de 6 ans. Cet accident a \u00e9galement eu des r\u00e9percussions d\u00e9vastatrices sur la famille de l&rsquo;homme, avec la perte tragique du b\u00e9b\u00e9 que portait sa belle-s\u0153ur, enceinte de six mois.<\/p>\n\n\n\n<h3 class=\"wp-block-heading\" id=\"h-des-consequences-dramatiques-et-des-vies-marquees\"><span class=\"ez-toc-section\" id=\"Des_consequences_dramatiques_et_des_vies_marquees\"><\/span>Des cons\u00e9quences dramatiques et des vies marqu\u00e9es<span class=\"ez-toc-section-end\"><\/span><\/h3>\n\n\n\n<p><strong>Le p\u00e8re et le fils<\/strong>, toujours dans un \u00e9tat critique, luttent contre les s\u00e9quelles laiss\u00e9es par cet incident. L&rsquo;enfant, en particulier, a subi des d\u00e9figurations qui suscitent des inqui\u00e9tudes quant \u00e0 des s\u00e9quelles \u00e0 long terme. La route vers la gu\u00e9rison est sem\u00e9e d&#8217;emb\u00fbches, et chaque jour est un combat pour retrouver un semblant de normalit\u00e9.<\/p>\n\n\n\n<h2 class=\"wp-block-heading\" id=\"h-la-lutte-pour-la-recuperation-apres-l-accident\"><span class=\"ez-toc-section\" id=\"La_lutte_pour_la_recuperation_apres_laccident\"><\/span>La lutte pour la r\u00e9cup\u00e9ration apr\u00e8s l&rsquo;accident<span class=\"ez-toc-section-end\"><\/span><\/h2>\n\n\n\n<h3 class=\"wp-block-heading\" id=\"h-les-progres-du-jeune-garcon-de-6-ans\"><span class=\"ez-toc-section\" id=\"Les_progres_du_jeune_garcon_de_6_ans\"><\/span>Les progr\u00e8s du jeune gar\u00e7on de 6 ans<span class=\"ez-toc-section-end\"><\/span><\/h3>\n\n\n\n<p>Le chemin de la gu\u00e9rison est long et parsem\u00e9 d&rsquo;obstacles, comme en t\u00e9moigne l&rsquo;\u00e9tat de l&rsquo;enfant bless\u00e9 dans l&rsquo;accident de Pierre Palmade. Apr\u00e8s avoir \u00e9t\u00e9 plong\u00e9 dans le coma, avec une m\u00e2choire fractur\u00e9e \u00e0 plusieurs endroits, sa r\u00e9silience est mise \u00e0 l&rsquo;\u00e9preuve. Le silence qui entoure sa condition est lourd de sens, refl\u00e9tant \u00e0 la fois l&rsquo;espoir et la peur d&rsquo;un avenir incertain.<\/p>\n\n\n\n<h3 class=\"wp-block-heading\" id=\"h-le-retour-a-l-ecole-un-pas-vers-la-normalite\"><span class=\"ez-toc-section\" id=\"Le_retour_a_lecole_un_pas_vers_la_normalite\"><\/span>Le retour \u00e0 l&rsquo;\u00e9cole, un pas vers la normalit\u00e9<span class=\"ez-toc-section-end\"><\/span><\/h3>\n\n\n\n<p>Contre toute attente, la force et le courage du petit gar\u00e7on lui ont permis de reprendre le chemin de l&rsquo;\u00e9cole. Bien qu&rsquo;il ne puisse y aller que le matin pour l&rsquo;instant et qu&rsquo;il soit contraint de porter un corset, ces petits pas vers la routine quotidienne sont des victoires dans son processus de gu\u00e9rison. Son incapacit\u00e9 \u00e0 m\u00e2cher est un rappel constant des d\u00e9fis qu&rsquo;il doit encore surmonter.<\/p>\n\n\n\n<h2 class=\"wp-block-heading\" id=\"h-les-repercussions-sur-les-familles-impliquees\"><span class=\"ez-toc-section\" id=\"Les_repercussions_sur_les_familles_impliquees\"><\/span>Les r\u00e9percussions sur les familles impliqu\u00e9es<span class=\"ez-toc-section-end\"><\/span><\/h2>\n\n\n\n<h3 class=\"wp-block-heading\" id=\"h-le-combat-de-reanne-mere-de-pierre-palmade\"><span class=\"ez-toc-section\" id=\"Le_combat_de_Reanne_mere_de_Pierre_Palmade\"><\/span>Le combat de R\u00e9anne, m\u00e8re de Pierre Palmade<span class=\"ez-toc-section-end\"><\/span><\/h3>\n\n\n\n<p>La m\u00e8re de Pierre Palmade, <strong>R\u00e9anne<\/strong>, conna\u00eet bien l&rsquo;adversit\u00e9. Ayant \u00e9lev\u00e9 son fils seule apr\u00e8s la disparition tragique de son p\u00e8re dans un accident de voiture, elle a d\u00fb faire face \u00e0 des relations compliqu\u00e9es avec Pierre. Confront\u00e9e aux addictions de son fils, elle s&rsquo;est souvent sentie d\u00e9munie et seule. Ce nouvel \u00e9v\u00e9nement tragique n&rsquo;a pu qu&rsquo;exacerber cette sensation d&rsquo;impuissance.<\/p>\n\n\n\n<h3 class=\"wp-block-heading\" id=\"h-la-recherche-d-un-remede-a-la-solitude\"><span class=\"ez-toc-section\" id=\"La_recherche_dun_remede_a_la_solitude\"><\/span>La recherche d&rsquo;un rem\u00e8de \u00e0 la solitude<span class=\"ez-toc-section-end\"><\/span><\/h3>\n\n\n\n<p>Pierre Palmade, qui s&rsquo;est mari\u00e9 avec une femme pour se sentir moins seul et \u00eatre aim\u00e9, t\u00e9moigne de la qu\u00eate universelle d&rsquo;affection et de compagnie. La solitude peut conduire \u00e0 des d\u00e9cisions h\u00e2tives, des alliances improbables, dans l&rsquo;espoir de combler un vide \u00e9motionnel profond.<\/p>\n\n\n\n<h2 class=\"wp-block-heading\" id=\"h-les-lecons-difficiles-et-la-quete-de-sens\"><span class=\"ez-toc-section\" id=\"Les_lecons_difficiles_et_la_quete_de_sens\"><\/span>Les le\u00e7ons difficiles et la qu\u00eate de sens<span class=\"ez-toc-section-end\"><\/span><\/h2>\n\n\n\n<h3 class=\"wp-block-heading\" id=\"h-l-apprentissage-a-travers-les-epreuves\"><span class=\"ez-toc-section\" id=\"Lapprentissage_a_travers_les_epreuves\"><\/span>L&rsquo;apprentissage \u00e0 travers les \u00e9preuves<span class=\"ez-toc-section-end\"><\/span><\/h3>\n\n\n\n<p>Chaque trag\u00e9die porte en elle des le\u00e7ons de vie difficiles. Pour Pierre Palmade, l&rsquo;accident et ses cons\u00e9quences ont peut-\u00eatre ouvert des perspectives sur la fragilit\u00e9 de l&rsquo;existence et la responsabilit\u00e9 de chaque acte. Ces \u00e9v\u00e9nements soul\u00e8vent des questions essentielles sur la valeur de la vie, la culpabilit\u00e9, et la recherche de r\u00e9demption.<\/p>\n\n\n\n<h3 class=\"wp-block-heading\" id=\"h-une-seconde-chance-et-la-redemption\"><span class=\"ez-toc-section\" id=\"Une_seconde_chance_et_la_redemption\"><\/span>Une seconde chance et la r\u00e9demption<span class=\"ez-toc-section-end\"><\/span><\/h3>\n\n\n\n<p>Il n&rsquo;est jamais trop tard pour chercher \u00e0 se racheter et \u00e0 apprendre de ses erreurs. Bien que le chemin soit sem\u00e9 d&#8217;emb\u00fbches, il existe toujours une possibilit\u00e9 de changement, de croissance personnelle, et de r\u00e9conciliation avec soi-m\u00eame et avec les autres.<\/p>\n\n\n\n<h3 class=\"wp-block-heading\" id=\"h-la-solidarite-face-a-l-adversite\"><span class=\"ez-toc-section\" id=\"La_solidarite_face_a_ladversite\"><\/span>La solidarit\u00e9 face \u00e0 l&rsquo;adversit\u00e9<span class=\"ez-toc-section-end\"><\/span><\/h3>\n\n\n\n<p>La communaut\u00e9 joue un r\u00f4le crucial dans le soutien des individus affect\u00e9s par de telles trag\u00e9dies. La solidarit\u00e9, l&#8217;empathie et l&rsquo;entraide sont des valeurs qui prennent tout leur sens face \u00e0 l&rsquo;adversit\u00e9, permettant \u00e0 ceux qui souffrent de ne pas se sentir seuls dans leur combat.<\/p>\n\n\n\n<h2 class=\"wp-block-heading\" id=\"h-conclusion\"><span class=\"ez-toc-section\" id=\"Conclusion\"><\/span>Conclusion<span class=\"ez-toc-section-end\"><\/span><\/h2>\n\n\n\n<p>La vie de Pierre Palmade, entach\u00e9e par la perte de son fils et les cons\u00e9quences de l&rsquo;accident qu&rsquo;il a caus\u00e9, est un rappel poignant de la complexit\u00e9 de l&rsquo;existence humaine. Les \u00e9preuves que nous traversons, les erreurs que nous commettons, et les trag\u00e9dies que nous subissons fa\u00e7onnent notre parcours de vie. Il est essentiel de se souvenir que derri\u00e8re chaque histoire, il y a des \u00eatres humains qui luttent, qui esp\u00e8rent, et qui cherchent du soutien. L&rsquo;histoire de Pierre Palmade et des victimes de son accident nous incite \u00e0 la r\u00e9flexion, \u00e0 l&#8217;empathie et \u00e0 la compr\u00e9hension mutuelle.<\/p>\n\n\n\n<hr class=\"wp-block-separator has-alpha-channel-opacity\"\/>\n\n\n\n<p><strong>Q: Comment va l&rsquo;enfant bless\u00e9 dans l&rsquo;accident de Palmade ?<\/strong><br>A: Le petit gar\u00e7on a \u00e9t\u00e9 plong\u00e9 un temps dans le coma \u00e0 la suite de l&rsquo;accident de voiture caus\u00e9 par Pierre Palmade. Sa m\u00e2choire a \u00e9t\u00e9 fractur\u00e9e \u00e0 plusieurs endroits, mais il revient de loin.<\/p>\n\n\n\n<p><strong>Q: Qui est H\u00e9l\u00e8ne Palmade ?<\/strong><br>A: H\u00e9l\u00e8ne Palmade est chirurgien-dentiste attach\u00e9 \u00e0 l&rsquo;\u00e9tablissement bordelais, sp\u00e9cialis\u00e9e en chirurgie maxillo-faciale et stomatologie.<\/p>\n\n\n\n<p><strong>Q: Est-ce que Pierre Palmade a toujours ses parents ?<\/strong><br>A: Pierre Palmade a perdu son p\u00e8re \u00e0 l&rsquo;\u00e2ge de 8 ans. Il a grandi dans une famille classique avec une m\u00e8re professeure et ses deux s\u0153urs.<\/p>\n","protected":false},"excerpt":{"rendered":"<p>Pierre Palmade, un nom qui r\u00e9sonne dans le monde du spectacle fran\u00e7ais depuis des d\u00e9cennies. Mais derri\u00e8re le rire et les applaudissements se cache une histoire tragique qui a boulevers\u00e9 sa vie et celle de son fils. Dans cet article, plongeons-nous dans les profondeurs de cette trag\u00e9die qui a touch\u00e9 le c\u0153ur de nombreux fans. [&hellip;]<\/p>\n","protected":false},"author":8,"featured_media":160174,"comment_status":"open","ping_status":"open","sticky":false,"template":"","format":"standard","meta":{"tdm_status":"","tdm_grid_status":"","_jetpack_memberships_contains_paid_content":false,"footnotes":"","jetpack_publicize_message":"","jetpack_publicize_feature_enabled":true,"jetpack_social_post_already_shared":false,"jetpack_social_options":{"image_generator_settings":{"template":"highway","default_image_id":0,"font":"","enabled":false},"version":2}},"categories":[78],"tags":[],"class_list":["post-104852","post","type-post","status-publish","format-standard","has-post-thumbnail","hentry","category-culture"],"yoast_head":"<!-- This site is optimized with the Yoast SEO Premium plugin v25.0 (Yoast SEO v25.0) - https:\/\/yoast.com\/wordpress\/plugins\/seo\/ -->\n<title>Pierre Palmade et son fils : Quelle est la v\u00e9ritable histoire derri\u00e8re leur trag\u00e9die ? - Flashmode Magazine | Magazine de mode et style de vie Num\u00e9ro un en Tunisie et au Maghreb<\/title>\n<meta name=\"description\" content=\"Pierre Palmade, un nom qui r\u00e9sonne dans le monde du spectacle fran\u00e7ais depuis des d\u00e9cennies. Mais derri\u00e8re le rire et les applaudissements se cache une\" \/>\n<meta name=\"robots\" content=\"index, follow, max-snippet:-1, max-image-preview:large, max-video-preview:-1\" \/>\n<link rel=\"canonical\" href=\"https:\/\/flashmode.tn\/magazine\/pierre-palmade-et-son-fils-quelle-est-la-veritable-histoire-derriere-leur-tragedie\/\" \/>\n<meta property=\"og:locale\" content=\"fr_FR\" \/>\n<meta property=\"og:type\" content=\"article\" \/>\n<meta property=\"og:title\" content=\"Pierre Palmade et son fils : Quelle est la v\u00e9ritable histoire derri\u00e8re leur trag\u00e9die ? - Flashmode Magazine | Magazine de mode et style de vie Num\u00e9ro un en Tunisie et au Maghreb\" \/>\n<meta property=\"og:description\" content=\"Pierre Palmade, un nom qui r\u00e9sonne dans le monde du spectacle fran\u00e7ais depuis des d\u00e9cennies. Mais derri\u00e8re le rire et les applaudissements se cache une\" \/>\n<meta property=\"og:url\" content=\"https:\/\/flashmode.tn\/magazine\/pierre-palmade-et-son-fils-quelle-est-la-veritable-histoire-derriere-leur-tragedie\/\" \/>\n<meta property=\"og:site_name\" content=\"Flashmode Magazine | Magazine de mode et style de vie Num\u00e9ro un en Tunisie et au Maghreb\" \/>\n<meta property=\"article:publisher\" content=\"https:\/\/www.facebook.com\/flashmode.magazine\/\" \/>\n<meta property=\"article:published_time\" content=\"2024-03-12T01:59:36+00:00\" \/>\n<meta property=\"article:modified_time\" content=\"2024-03-28T08:30:49+00:00\" \/>\n<meta property=\"og:image\" content=\"https:\/\/flashmode.tn\/magazine\/wp-content\/uploads\/2024\/03\/Pierre-Palmade-et-son-fils-Quelle-est-la-veritable-histoire-derriere-leur-tragedie-.png\" \/>\n\t<meta property=\"og:image:width\" content=\"1640\" \/>\n\t<meta property=\"og:image:height\" content=\"924\" \/>\n\t<meta property=\"og:image:type\" content=\"image\/png\" \/>\n<meta name=\"author\" content=\"The Daileigh\" \/>\n<meta name=\"twitter:card\" content=\"summary_large_image\" \/>\n<meta name=\"twitter:creator\" content=\"@agenceflashmode\" \/>\n<meta name=\"twitter:site\" content=\"@agenceflashmode\" \/>\n<meta name=\"twitter:label1\" content=\"\u00c9crit par\" \/>\n\t<meta name=\"twitter:data1\" content=\"The Daileigh\" \/>\n\t<meta name=\"twitter:label2\" content=\"Dur\u00e9e de lecture estim\u00e9e\" \/>\n\t<meta name=\"twitter:data2\" content=\"5 minutes\" \/>\n<script type=\"application\/ld+json\" class=\"yoast-schema-graph\">{\"@context\":\"https:\/\/schema.org\",\"@graph\":[{\"@type\":\"WebPage\",\"@id\":\"https:\/\/flashmode.tn\/magazine\/pierre-palmade-et-son-fils-quelle-est-la-veritable-histoire-derriere-leur-tragedie\/\",\"url\":\"https:\/\/flashmode.tn\/magazine\/pierre-palmade-et-son-fils-quelle-est-la-veritable-histoire-derriere-leur-tragedie\/\",\"name\":\"Pierre Palmade et son fils : Quelle est la v\u00e9ritable histoire derri\u00e8re leur trag\u00e9die ? - Flashmode Magazine | Magazine de mode et style de vie Num\u00e9ro un en Tunisie et au Maghreb\",\"isPartOf\":{\"@id\":\"https:\/\/flashmode.tn\/magazine\/#website\"},\"primaryImageOfPage\":{\"@id\":\"https:\/\/flashmode.tn\/magazine\/pierre-palmade-et-son-fils-quelle-est-la-veritable-histoire-derriere-leur-tragedie\/#primaryimage\"},\"image\":{\"@id\":\"https:\/\/flashmode.tn\/magazine\/pierre-palmade-et-son-fils-quelle-est-la-veritable-histoire-derriere-leur-tragedie\/#primaryimage\"},\"thumbnailUrl\":\"https:\/\/i0.wp.com\/flashmode.tn\/magazine\/wp-content\/uploads\/2024\/03\/Pierre-Palmade-et-son-fils-Quelle-est-la-veritable-histoire-derriere-leur-tragedie-.png?fit=1640%2C924&ssl=1\",\"datePublished\":\"2024-03-12T01:59:36+00:00\",\"dateModified\":\"2024-03-28T08:30:49+00:00\",\"author\":{\"@id\":\"https:\/\/flashmode.tn\/magazine\/#\/schema\/person\/79940f8af94166a445dd5bd6b3137682\"},\"description\":\"Pierre Palmade, un nom qui r\u00e9sonne dans le monde du spectacle fran\u00e7ais depuis des d\u00e9cennies. Mais derri\u00e8re le rire et les applaudissements se cache une\",\"breadcrumb\":{\"@id\":\"https:\/\/flashmode.tn\/magazine\/pierre-palmade-et-son-fils-quelle-est-la-veritable-histoire-derriere-leur-tragedie\/#breadcrumb\"},\"inLanguage\":\"fr-FR\",\"potentialAction\":[{\"@type\":\"ReadAction\",\"target\":[\"https:\/\/flashmode.tn\/magazine\/pierre-palmade-et-son-fils-quelle-est-la-veritable-histoire-derriere-leur-tragedie\/\"]}]},{\"@type\":\"ImageObject\",\"inLanguage\":\"fr-FR\",\"@id\":\"https:\/\/flashmode.tn\/magazine\/pierre-palmade-et-son-fils-quelle-est-la-veritable-histoire-derriere-leur-tragedie\/#primaryimage\",\"url\":\"https:\/\/i0.wp.com\/flashmode.tn\/magazine\/wp-content\/uploads\/2024\/03\/Pierre-Palmade-et-son-fils-Quelle-est-la-veritable-histoire-derriere-leur-tragedie-.png?fit=1640%2C924&ssl=1\",\"contentUrl\":\"https:\/\/i0.wp.com\/flashmode.tn\/magazine\/wp-content\/uploads\/2024\/03\/Pierre-Palmade-et-son-fils-Quelle-est-la-veritable-histoire-derriere-leur-tragedie-.png?fit=1640%2C924&ssl=1\",\"width\":1640,\"height\":924,\"caption\":\"Pierre Palmade et son fils Quelle est la v\u00e9ritable histoire derri\u00e8re leur trag\u00e9die\"},{\"@type\":\"BreadcrumbList\",\"@id\":\"https:\/\/flashmode.tn\/magazine\/pierre-palmade-et-son-fils-quelle-est-la-veritable-histoire-derriere-leur-tragedie\/#breadcrumb\",\"itemListElement\":[{\"@type\":\"ListItem\",\"position\":1,\"name\":\"Accueil\",\"item\":\"https:\/\/flashmode.tn\/magazine\/\"},{\"@type\":\"ListItem\",\"position\":2,\"name\":\"Pierre Palmade et son fils : Quelle est la v\u00e9ritable histoire derri\u00e8re leur trag\u00e9die ?\"}]},{\"@type\":\"WebSite\",\"@id\":\"https:\/\/flashmode.tn\/magazine\/#website\",\"url\":\"https:\/\/flashmode.tn\/magazine\/\",\"name\":\"Flashmode Magazine | Magazine de mode et style de vie Num\u00e9ro un en Tunisie et au Maghreb\",\"description\":\"Magazine de mode et style de vie Num\u00e9ro un en Tunisie et au Maghreb, cr\u00e9\u00e9 pour les hommes et les femmes : conseils beaut\u00e9, mode femme, mode homme, recettes de cuisine, c\u00e9l\u00e9brit\u00e9s et people, mannequins et top modeles\",\"potentialAction\":[{\"@type\":\"SearchAction\",\"target\":{\"@type\":\"EntryPoint\",\"urlTemplate\":\"https:\/\/flashmode.tn\/magazine\/?s={search_term_string}\"},\"query-input\":{\"@type\":\"PropertyValueSpecification\",\"valueRequired\":true,\"valueName\":\"search_term_string\"}}],\"inLanguage\":\"fr-FR\"},{\"@type\":\"Person\",\"@id\":\"https:\/\/flashmode.tn\/magazine\/#\/schema\/person\/79940f8af94166a445dd5bd6b3137682\",\"name\":\"The Daileigh\",\"image\":{\"@type\":\"ImageObject\",\"inLanguage\":\"fr-FR\",\"@id\":\"https:\/\/flashmode.tn\/magazine\/#\/schema\/person\/image\/\",\"url\":\"https:\/\/secure.gravatar.com\/avatar\/30d4d60865d61de3434abd01cb8b4ec5e5b5eb5a274017461832a54857b1770d?s=96&d=mm&r=g\",\"contentUrl\":\"https:\/\/secure.gravatar.com\/avatar\/30d4d60865d61de3434abd01cb8b4ec5e5b5eb5a274017461832a54857b1770d?s=96&d=mm&r=g\",\"caption\":\"The Daileigh\"},\"url\":\"https:\/\/flashmode.tn\/magazine\/author\/the-daileigh\/\"}]}<\/script>\n<!-- \/ Yoast SEO Premium plugin. -->","yoast_head_json":{"title":"Pierre Palmade et son fils : Quelle est la v\u00e9ritable histoire derri\u00e8re leur trag\u00e9die ? - Flashmode Magazine | Magazine de mode et style de vie Num\u00e9ro un en Tunisie et au Maghreb","description":"Pierre Palmade, un nom qui r\u00e9sonne dans le monde du spectacle fran\u00e7ais depuis des d\u00e9cennies. Mais derri\u00e8re le rire et les applaudissements se cache une","robots":{"index":"index","follow":"follow","max-snippet":"max-snippet:-1","max-image-preview":"max-image-preview:large","max-video-preview":"max-video-preview:-1"},"canonical":"https:\/\/flashmode.tn\/magazine\/pierre-palmade-et-son-fils-quelle-est-la-veritable-histoire-derriere-leur-tragedie\/","og_locale":"fr_FR","og_type":"article","og_title":"Pierre Palmade et son fils : Quelle est la v\u00e9ritable histoire derri\u00e8re leur trag\u00e9die ? - Flashmode Magazine | Magazine de mode et style de vie Num\u00e9ro un en Tunisie et au Maghreb","og_description":"Pierre Palmade, un nom qui r\u00e9sonne dans le monde du spectacle fran\u00e7ais depuis des d\u00e9cennies. Mais derri\u00e8re le rire et les applaudissements se cache une","og_url":"https:\/\/flashmode.tn\/magazine\/pierre-palmade-et-son-fils-quelle-est-la-veritable-histoire-derriere-leur-tragedie\/","og_site_name":"Flashmode Magazine | Magazine de mode et style de vie Num\u00e9ro un en Tunisie et au Maghreb","article_publisher":"https:\/\/www.facebook.com\/flashmode.magazine\/","article_published_time":"2024-03-12T01:59:36+00:00","article_modified_time":"2024-03-28T08:30:49+00:00","og_image":[{"width":1640,"height":924,"url":"https:\/\/flashmode.tn\/magazine\/wp-content\/uploads\/2024\/03\/Pierre-Palmade-et-son-fils-Quelle-est-la-veritable-histoire-derriere-leur-tragedie-.png","type":"image\/png"}],"author":"The Daileigh","twitter_card":"summary_large_image","twitter_creator":"@agenceflashmode","twitter_site":"@agenceflashmode","twitter_misc":{"\u00c9crit par":"The Daileigh","Dur\u00e9e de lecture estim\u00e9e":"5 minutes"},"schema":{"@context":"https:\/\/schema.org","@graph":[{"@type":"WebPage","@id":"https:\/\/flashmode.tn\/magazine\/pierre-palmade-et-son-fils-quelle-est-la-veritable-histoire-derriere-leur-tragedie\/","url":"https:\/\/flashmode.tn\/magazine\/pierre-palmade-et-son-fils-quelle-est-la-veritable-histoire-derriere-leur-tragedie\/","name":"Pierre Palmade et son fils : Quelle est la v\u00e9ritable histoire derri\u00e8re leur trag\u00e9die ? - Flashmode Magazine | Magazine de mode et style de vie Num\u00e9ro un en Tunisie et au Maghreb","isPartOf":{"@id":"https:\/\/flashmode.tn\/magazine\/#website"},"primaryImageOfPage":{"@id":"https:\/\/flashmode.tn\/magazine\/pierre-palmade-et-son-fils-quelle-est-la-veritable-histoire-derriere-leur-tragedie\/#primaryimage"},"image":{"@id":"https:\/\/flashmode.tn\/magazine\/pierre-palmade-et-son-fils-quelle-est-la-veritable-histoire-derriere-leur-tragedie\/#primaryimage"},"thumbnailUrl":"https:\/\/i0.wp.com\/flashmode.tn\/magazine\/wp-content\/uploads\/2024\/03\/Pierre-Palmade-et-son-fils-Quelle-est-la-veritable-histoire-derriere-leur-tragedie-.png?fit=1640%2C924&ssl=1","datePublished":"2024-03-12T01:59:36+00:00","dateModified":"2024-03-28T08:30:49+00:00","author":{"@id":"https:\/\/flashmode.tn\/magazine\/#\/schema\/person\/79940f8af94166a445dd5bd6b3137682"},"description":"Pierre Palmade, un nom qui r\u00e9sonne dans le monde du spectacle fran\u00e7ais depuis des d\u00e9cennies. Mais derri\u00e8re le rire et les applaudissements se cache une","breadcrumb":{"@id":"https:\/\/flashmode.tn\/magazine\/pierre-palmade-et-son-fils-quelle-est-la-veritable-histoire-derriere-leur-tragedie\/#breadcrumb"},"inLanguage":"fr-FR","potentialAction":[{"@type":"ReadAction","target":["https:\/\/flashmode.tn\/magazine\/pierre-palmade-et-son-fils-quelle-est-la-veritable-histoire-derriere-leur-tragedie\/"]}]},{"@type":"ImageObject","inLanguage":"fr-FR","@id":"https:\/\/flashmode.tn\/magazine\/pierre-palmade-et-son-fils-quelle-est-la-veritable-histoire-derriere-leur-tragedie\/#primaryimage","url":"https:\/\/i0.wp.com\/flashmode.tn\/magazine\/wp-content\/uploads\/2024\/03\/Pierre-Palmade-et-son-fils-Quelle-est-la-veritable-histoire-derriere-leur-tragedie-.png?fit=1640%2C924&ssl=1","contentUrl":"https:\/\/i0.wp.com\/flashmode.tn\/magazine\/wp-content\/uploads\/2024\/03\/Pierre-Palmade-et-son-fils-Quelle-est-la-veritable-histoire-derriere-leur-tragedie-.png?fit=1640%2C924&ssl=1","width":1640,"height":924,"caption":"Pierre Palmade et son fils Quelle est la v\u00e9ritable histoire derri\u00e8re leur trag\u00e9die"},{"@type":"BreadcrumbList","@id":"https:\/\/flashmode.tn\/magazine\/pierre-palmade-et-son-fils-quelle-est-la-veritable-histoire-derriere-leur-tragedie\/#breadcrumb","itemListElement":[{"@type":"ListItem","position":1,"name":"Accueil","item":"https:\/\/flashmode.tn\/magazine\/"},{"@type":"ListItem","position":2,"name":"Pierre Palmade et son fils : Quelle est la v\u00e9ritable histoire derri\u00e8re leur trag\u00e9die ?"}]},{"@type":"WebSite","@id":"https:\/\/flashmode.tn\/magazine\/#website","url":"https:\/\/flashmode.tn\/magazine\/","name":"Flashmode Magazine | Magazine de mode et style de vie Num\u00e9ro un en Tunisie et au Maghreb","description":"Magazine de mode et style de vie Num\u00e9ro un en Tunisie et au Maghreb, cr\u00e9\u00e9 pour les hommes et les femmes : conseils beaut\u00e9, mode femme, mode homme, recettes de cuisine, c\u00e9l\u00e9brit\u00e9s et people, mannequins et top modeles","potentialAction":[{"@type":"SearchAction","target":{"@type":"EntryPoint","urlTemplate":"https:\/\/flashmode.tn\/magazine\/?s={search_term_string}"},"query-input":{"@type":"PropertyValueSpecification","valueRequired":true,"valueName":"search_term_string"}}],"inLanguage":"fr-FR"},{"@type":"Person","@id":"https:\/\/flashmode.tn\/magazine\/#\/schema\/person\/79940f8af94166a445dd5bd6b3137682","name":"The Daileigh","image":{"@type":"ImageObject","inLanguage":"fr-FR","@id":"https:\/\/flashmode.tn\/magazine\/#\/schema\/person\/image\/","url":"https:\/\/secure.gravatar.com\/avatar\/30d4d60865d61de3434abd01cb8b4ec5e5b5eb5a274017461832a54857b1770d?s=96&d=mm&r=g","contentUrl":"https:\/\/secure.gravatar.com\/avatar\/30d4d60865d61de3434abd01cb8b4ec5e5b5eb5a274017461832a54857b1770d?s=96&d=mm&r=g","caption":"The Daileigh"},"url":"https:\/\/flashmode.tn\/magazine\/author\/the-daileigh\/"}]}},"jetpack_publicize_connections":[],"jetpack_featured_media_url":"https:\/\/i0.wp.com\/flashmode.tn\/magazine\/wp-content\/uploads\/2024\/03\/Pierre-Palmade-et-son-fils-Quelle-est-la-veritable-histoire-derriere-leur-tragedie-.png?fit=1640%2C924&ssl=1","jetpack_shortlink":"https:\/\/wp.me\/p8BPGr-rha","jetpack_sharing_enabled":true,"_links":{"self":[{"href":"https:\/\/flashmode.tn\/magazine\/wp-json\/wp\/v2\/posts\/104852","targetHints":{"allow":["GET"]}}],"collection":[{"href":"https:\/\/flashmode.tn\/magazine\/wp-json\/wp\/v2\/posts"}],"about":[{"href":"https:\/\/flashmode.tn\/magazine\/wp-json\/wp\/v2\/types\/post"}],"author":[{"embeddable":true,"href":"https:\/\/flashmode.tn\/magazine\/wp-json\/wp\/v2\/users\/8"}],"replies":[{"embeddable":true,"href":"https:\/\/flashmode.tn\/magazine\/wp-json\/wp\/v2\/comments?post=104852"}],"version-history":[{"count":2,"href":"https:\/\/flashmode.tn\/magazine\/wp-json\/wp\/v2\/posts\/104852\/revisions"}],"predecessor-version":[{"id":160175,"href":"https:\/\/flashmode.tn\/magazine\/wp-json\/wp\/v2\/posts\/104852\/revisions\/160175"}],"wp:featuredmedia":[{"embeddable":true,"href":"https:\/\/flashmode.tn\/magazine\/wp-json\/wp\/v2\/media\/160174"}],"wp:attachment":[{"href":"https:\/\/flashmode.tn\/magazine\/wp-json\/wp\/v2\/media?parent=104852"}],"wp:term":[{"taxonomy":"category","embeddable":true,"href":"https:\/\/flashmode.tn\/magazine\/wp-json\/wp\/v2\/categories?post=104852"},{"taxonomy":"post_tag","embeddable":true,"href":"https:\/\/flashmode.tn\/magazine\/wp-json\/wp\/v2\/tags?post=104852"}],"curies":[{"name":"wp","href":"https:\/\/api.w.org\/{rel}","templated":true}]}}