{"id":104866,"date":"2024-03-12T02:58:41","date_gmt":"2024-03-12T01:58:41","guid":{"rendered":"https:\/\/flashmode.tn\/magazine\/coupe-courte-femme-comment-choisir-la-coupe-parfaite-pour-rajeunir-votre-visage-et-affirmer-votre-style\/"},"modified":"2024-03-28T09:55:56","modified_gmt":"2024-03-28T08:55:56","slug":"coupe-courte-femme-comment-choisir-la-coupe-parfaite-pour-rajeunir-votre-visage-et-affirmer-votre-style","status":"publish","type":"post","link":"https:\/\/flashmode.tn\/magazine\/coupe-courte-femme-comment-choisir-la-coupe-parfaite-pour-rajeunir-votre-visage-et-affirmer-votre-style\/","title":{"rendered":"Coupe courte femme : Comment choisir la coupe parfaite pour rajeunir votre visage et affirmer votre style ?"},"content":{"rendered":"\n<p>Vous en avez assez de vos cheveux longs et vous r\u00eavez d&rsquo;une nouvelle coupe qui vous donnera un look frais et moderne ? Ne cherchez plus, la coupe courte femme est la tendance capillaire du moment ! Que vous soyez \u00e0 la recherche d&rsquo;un style audacieux, \u00e9l\u00e9gant ou d\u00e9contract\u00e9, la coupe courte est polyvalente et s&rsquo;adapte \u00e0 tous les \u00e2ges et les styles. Dans cet article, nous allons vous d\u00e9voiler tous les secrets de la coupe courte femme, des conseils pour choisir la coupe parfaite \u00e0 des astuces pour la personnaliser selon vos envies. Alors, pr\u00e9parez-vous \u00e0 dire adieu \u00e0 vos longueurs et \u00e0 vous plonger dans l&rsquo;univers captivant de la coupe courte femme !<\/p>\n\n\n\n<div id=\"ez-toc-container\" class=\"ez-toc-v2_0_81 counter-hierarchy ez-toc-counter ez-toc-grey ez-toc-container-direction\">\n<div class=\"ez-toc-title-container\">\n<p class=\"ez-toc-title\" style=\"cursor:inherit\">Contenus de la page<\/p>\n<span class=\"ez-toc-title-toggle\"><a href=\"#\" class=\"ez-toc-pull-right ez-toc-btn ez-toc-btn-xs ez-toc-btn-default ez-toc-toggle\" aria-label=\"Toggle Table of Content\"><span class=\"ez-toc-js-icon-con\"><span class=\"\"><span class=\"eztoc-hide\" style=\"display:none;\">Toggle<\/span><span class=\"ez-toc-icon-toggle-span\"><svg style=\"fill: #999;color:#999\" xmlns=\"http:\/\/www.w3.org\/2000\/svg\" class=\"list-377408\" width=\"20px\" height=\"20px\" viewBox=\"0 0 24 24\" fill=\"none\"><path d=\"M6 6H4v2h2V6zm14 0H8v2h12V6zM4 11h2v2H4v-2zm16 0H8v2h12v-2zM4 16h2v2H4v-2zm16 0H8v2h12v-2z\" fill=\"currentColor\"><\/path><\/svg><svg style=\"fill: #999;color:#999\" class=\"arrow-unsorted-368013\" xmlns=\"http:\/\/www.w3.org\/2000\/svg\" width=\"10px\" height=\"10px\" viewBox=\"0 0 24 24\" version=\"1.2\" baseProfile=\"tiny\"><path d=\"M18.2 9.3l-6.2-6.3-6.2 6.3c-.2.2-.3.4-.3.7s.1.5.3.7c.2.2.4.3.7.3h11c.3 0 .5-.1.7-.3.2-.2.3-.5.3-.7s-.1-.5-.3-.7zM5.8 14.7l6.2 6.3 6.2-6.3c.2-.2.3-.5.3-.7s-.1-.5-.3-.7c-.2-.2-.4-.3-.7-.3h-11c-.3 0-.5.1-.7.3-.2.2-.3.5-.3.7s.1.5.3.7z\"\/><\/svg><\/span><\/span><\/span><\/a><\/span><\/div>\n<nav><ul class='ez-toc-list ez-toc-list-level-1 ' ><li class='ez-toc-page-1 ez-toc-heading-level-2'><a class=\"ez-toc-link ez-toc-heading-1\" href=\"https:\/\/flashmode.tn\/magazine\/coupe-courte-femme-comment-choisir-la-coupe-parfaite-pour-rajeunir-votre-visage-et-affirmer-votre-style\/#La_revolution_capillaire_Le_brushing_Butterfly\" >La r\u00e9volution capillaire : Le brushing Butterfly<\/a><ul class='ez-toc-list-level-3' ><li class='ez-toc-heading-level-3'><a class=\"ez-toc-link ez-toc-heading-2\" href=\"https:\/\/flashmode.tn\/magazine\/coupe-courte-femme-comment-choisir-la-coupe-parfaite-pour-rajeunir-votre-visage-et-affirmer-votre-style\/#Lessence_du_Butterfly_Haircut\" >L&rsquo;essence du Butterfly Haircut<\/a><\/li><\/ul><\/li><li class='ez-toc-page-1 ez-toc-heading-level-2'><a class=\"ez-toc-link ez-toc-heading-3\" href=\"https:\/\/flashmode.tn\/magazine\/coupe-courte-femme-comment-choisir-la-coupe-parfaite-pour-rajeunir-votre-visage-et-affirmer-votre-style\/#Choisir_sa_coupe_courte_une_affaire_dage_et_de_style\" >Choisir sa coupe courte : une affaire d&rsquo;\u00e2ge et de style<\/a><ul class='ez-toc-list-level-3' ><li class='ez-toc-heading-level-3'><a class=\"ez-toc-link ez-toc-heading-4\" href=\"https:\/\/flashmode.tn\/magazine\/coupe-courte-femme-comment-choisir-la-coupe-parfaite-pour-rajeunir-votre-visage-et-affirmer-votre-style\/#La_magie_de_la_coupe_courte_apres_50_ans\" >La magie de la coupe courte apr\u00e8s 50 ans<\/a><\/li><\/ul><\/li><li class='ez-toc-page-1 ez-toc-heading-level-2'><a class=\"ez-toc-link ez-toc-heading-5\" href=\"https:\/\/flashmode.tn\/magazine\/coupe-courte-femme-comment-choisir-la-coupe-parfaite-pour-rajeunir-votre-visage-et-affirmer-votre-style\/#La_coupe_courte_et_la_nature_des_cheveux\" >La coupe courte et la nature des cheveux<\/a><\/li><li class='ez-toc-page-1 ez-toc-heading-level-2'><a class=\"ez-toc-link ez-toc-heading-6\" href=\"https:\/\/flashmode.tn\/magazine\/coupe-courte-femme-comment-choisir-la-coupe-parfaite-pour-rajeunir-votre-visage-et-affirmer-votre-style\/#Des_coupes_courtes_pour_les_femmes_rondes\" >Des coupes courtes pour les femmes rondes<\/a><\/li><li class='ez-toc-page-1 ez-toc-heading-level-2'><a class=\"ez-toc-link ez-toc-heading-7\" href=\"https:\/\/flashmode.tn\/magazine\/coupe-courte-femme-comment-choisir-la-coupe-parfaite-pour-rajeunir-votre-visage-et-affirmer-votre-style\/#Le_carre_une_coupe_intemporelle\" >Le carr\u00e9, une coupe intemporelle<\/a><ul class='ez-toc-list-level-3' ><li class='ez-toc-heading-level-3'><a class=\"ez-toc-link ez-toc-heading-8\" href=\"https:\/\/flashmode.tn\/magazine\/coupe-courte-femme-comment-choisir-la-coupe-parfaite-pour-rajeunir-votre-visage-et-affirmer-votre-style\/#Le_carre_structure_la_tendance_2023\" >Le carr\u00e9 structur\u00e9 : la tendance 2023<\/a><\/li><\/ul><\/li><li class='ez-toc-page-1 ez-toc-heading-level-2'><a class=\"ez-toc-link ez-toc-heading-9\" href=\"https:\/\/flashmode.tn\/magazine\/coupe-courte-femme-comment-choisir-la-coupe-parfaite-pour-rajeunir-votre-visage-et-affirmer-votre-style\/#Les_avantages_des_coupes_courtes_pour_rajeunir_le_visage\" >Les avantages des coupes courtes pour rajeunir le visage<\/a><\/li><li class='ez-toc-page-1 ez-toc-heading-level-2'><a class=\"ez-toc-link ez-toc-heading-10\" href=\"https:\/\/flashmode.tn\/magazine\/coupe-courte-femme-comment-choisir-la-coupe-parfaite-pour-rajeunir-votre-visage-et-affirmer-votre-style\/#Lart_de_personnaliser_sa_coupe_courte\" >L&rsquo;art de personnaliser sa coupe courte<\/a><ul class='ez-toc-list-level-3' ><li class='ez-toc-heading-level-3'><a class=\"ez-toc-link ez-toc-heading-11\" href=\"https:\/\/flashmode.tn\/magazine\/coupe-courte-femme-comment-choisir-la-coupe-parfaite-pour-rajeunir-votre-visage-et-affirmer-votre-style\/#Conseils_pour_maintenir_sa_coupe_courte\" >Conseils pour maintenir sa coupe courte<\/a><\/li><\/ul><\/li><li class='ez-toc-page-1 ez-toc-heading-level-2'><a class=\"ez-toc-link ez-toc-heading-12\" href=\"https:\/\/flashmode.tn\/magazine\/coupe-courte-femme-comment-choisir-la-coupe-parfaite-pour-rajeunir-votre-visage-et-affirmer-votre-style\/#Conclusion\" >Conclusion<\/a><\/li><\/ul><\/nav><\/div>\n<h2 class=\"wp-block-heading\" id=\"h-la-revolution-capillaire-le-brushing-butterfly\"><span class=\"ez-toc-section\" id=\"La_revolution_capillaire_Le_brushing_Butterfly\"><\/span>La r\u00e9volution capillaire : Le brushing Butterfly<span class=\"ez-toc-section-end\"><\/span><\/h2>\n\n\n\n<p>Depuis le d\u00e9but de l&rsquo;automne-hiver 2023, le monde de la coiffure est en \u00e9bullition avec l&rsquo;\u00e9mergence d&rsquo;une tendance qui fait battre le c\u0153ur des fashionistas : le <strong>brushing Butterfly<\/strong>. Cette coupe de cheveux a le vent en poupe, et pour cause, elle est annonc\u00e9e comme la coupe f\u00e9minine la plus en vogue de l&rsquo;ann\u00e9e.<\/p>\n\n\n\n<h3 class=\"wp-block-heading\" id=\"h-l-essence-du-butterfly-haircut\"><span class=\"ez-toc-section\" id=\"Lessence_du_Butterfly_Haircut\"><\/span>L&rsquo;essence du Butterfly Haircut<span class=\"ez-toc-section-end\"><\/span><\/h3>\n\n\n\n<p>Le Butterfly Haircut se caract\u00e9rise par sa capacit\u00e9 \u00e0 encadrer le visage telles les ailes d&rsquo;un papillon. Cette coiffure est l&rsquo;incarnation parfaite de l&rsquo;\u00e9l\u00e9gance et de la libert\u00e9, offrant un style qui se d\u00e9ploie avec gr\u00e2ce et l\u00e9g\u00e8ret\u00e9.<\/p>\n\n\n\n<h2 class=\"wp-block-heading\" id=\"h-choisir-sa-coupe-courte-une-affaire-d-age-et-de-style\"><span class=\"ez-toc-section\" id=\"Choisir_sa_coupe_courte_une_affaire_dage_et_de_style\"><\/span>Choisir sa coupe courte : une affaire d&rsquo;\u00e2ge et de style<span class=\"ez-toc-section-end\"><\/span><\/h2>\n\n\n\n<p>Pour les femmes de 70 ans et plus, il est souvent recommand\u00e9 d&rsquo;adopter une coiffure qui apporte de la douceur et rajeunit les traits. C&rsquo;est ici qu&rsquo;intervient la <strong>frange effil\u00e9e<\/strong> ou la <strong>m\u00e8che courte et d\u00e9grad\u00e9e<\/strong> sur le c\u00f4t\u00e9, offrant une touche de jeunesse sans \u00eatre trop audacieuse.<\/p>\n\n\n\n<h3 class=\"wp-block-heading\" id=\"h-la-magie-de-la-coupe-courte-apres-50-ans\"><span class=\"ez-toc-section\" id=\"La_magie_de_la_coupe_courte_apres_50_ans\"><\/span>La magie de la coupe courte apr\u00e8s 50 ans<span class=\"ez-toc-section-end\"><\/span><\/h3>\n\n\n\n<p>Pass\u00e9 la cinquantaine, les cheveux peuvent perdre de leur volume et de leur vitalit\u00e9. C&rsquo;est l\u00e0 qu&rsquo;une <strong>coupe courte<\/strong> entre en sc\u00e8ne pour rajeunir le visage. En effet, les coupes courtes ont ce pouvoir de mettre en avant les traits, tout en apportant une certaine fra\u00eecheur et dynamisme \u00e0 l&rsquo;apparence.<\/p>\n\n\n\n<h2 class=\"wp-block-heading\" id=\"h-la-coupe-courte-et-la-nature-des-cheveux\"><span class=\"ez-toc-section\" id=\"La_coupe_courte_et_la_nature_des_cheveux\"><\/span>La coupe courte et la nature des cheveux<span class=\"ez-toc-section-end\"><\/span><\/h2>\n\n\n\n<p>Au-del\u00e0 de l&rsquo;\u00e2ge, il est crucial de tenir compte de la nature de ses cheveux lors du choix d&rsquo;une coupe courte. Chaque type de cheveu, qu&rsquo;il soit fin, \u00e9pais, fris\u00e9 ou raide, se pr\u00eate \u00e0 des styles diff\u00e9rents et n\u00e9cessite une coupe sur mesure pour sublimer sa texture et ses mouvements naturels.<\/p>\n\n\n\n<h2 class=\"wp-block-heading\" id=\"h-des-coupes-courtes-pour-les-femmes-rondes\"><span class=\"ez-toc-section\" id=\"Des_coupes_courtes_pour_les_femmes_rondes\"><\/span>Des coupes courtes pour les femmes rondes<span class=\"ez-toc-section-end\"><\/span><\/h2>\n\n\n\n<p>Pour celles qui affichent une silhouette ronde, il existe une panoplie de coupes courtes qui flattent les formes tout en \u00e9quilibrant les proportions du visage. Des <strong>carr\u00e9s boucl\u00e9s<\/strong> aux <strong>franges de c\u00f4t\u00e9<\/strong>, en passant par les <strong>coupes longues d\u00e9grad\u00e9es avec des boucles<\/strong> ou des <strong>ondulations<\/strong>, les options sont nombreuses. Une <strong>coupe asym\u00e9trique<\/strong> ou un <strong>bob l\u00e9g\u00e8rement d\u00e9grad\u00e9<\/strong> peut \u00e9galement apporter de la structure et un effet visuellement amincissant.<\/p>\n\n\n\n<h2 class=\"wp-block-heading\" id=\"h-le-carre-une-coupe-intemporelle\"><span class=\"ez-toc-section\" id=\"Le_carre_une_coupe_intemporelle\"><\/span>Le carr\u00e9, une coupe intemporelle<span class=\"ez-toc-section-end\"><\/span><\/h2>\n\n\n\n<p>Parmi les coiffures qui traversent les \u00e2ges avec gr\u00e2ce, le carr\u00e9 se distingue comme une coupe qui peut r\u00e9ellement rajeunir le visage. Adapt\u00e9 pour un certain \u00e2ge, le carr\u00e9 aide \u00e0 d\u00e9tourner l&rsquo;attention des signes du vieillissement, tout en apportant un vent de modernit\u00e9. Il est souvent sugg\u00e9r\u00e9 d&rsquo;\u00e9viter les cheveux trop longs, qui peuvent alourdir le visage et accentuer les traits tombants.<\/p>\n\n\n\n<h3 class=\"wp-block-heading\" id=\"h-le-carre-structure-la-tendance-2023\"><span class=\"ez-toc-section\" id=\"Le_carre_structure_la_tendance_2023\"><\/span>Le carr\u00e9 structur\u00e9 : la tendance 2023<span class=\"ez-toc-section-end\"><\/span><\/h3>\n\n\n\n<p>Pour 2023, le carr\u00e9 se r\u00e9invente et devient plus audacieux avec le <strong>carr\u00e9 structur\u00e9<\/strong>. Ce dernier, se situant au-dessus de l&rsquo;\u00e9paule, est caract\u00e9ris\u00e9 par sa coupe droite et son d\u00e9grad\u00e9 subtil. Gianni Coppa, expert en la mati\u00e8re, souligne que ce nouveau carr\u00e9 s&rsquo;est impos\u00e9 cet automne comme une r\u00e9f\u00e9rence. Iris Mittenaere, la c\u00e9l\u00e8bre Miss Univers, n&rsquo;a pas h\u00e9sit\u00e9 \u00e0 adopter cette coupe, lui conf\u00e9rant une allure r\u00e9solument chic et contemporaine.<\/p>\n\n\n\n<h2 class=\"wp-block-heading\" id=\"h-les-avantages-des-coupes-courtes-pour-rajeunir-le-visage\"><span class=\"ez-toc-section\" id=\"Les_avantages_des_coupes_courtes_pour_rajeunir_le_visage\"><\/span>Les avantages des coupes courtes pour rajeunir le visage<span class=\"ez-toc-section-end\"><\/span><\/h2>\n\n\n\n<p>Les coupes courtes peuvent transformer radicalement l&rsquo;apparence, en particulier apr\u00e8s 50 ans. Loin de se limiter \u00e0 un simple changement de style, elles ont la facult\u00e9 de revitaliser les expressions et de mettre en valeur les atouts du visage. Elles sont particuli\u00e8rement efficaces pour celles dont les cheveux ont perdu en densit\u00e9, offrant un coup de jeune imm\u00e9diat et un entretien simplifi\u00e9.<\/p>\n\n\n\n<h2 class=\"wp-block-heading\" id=\"h-l-art-de-personnaliser-sa-coupe-courte\"><span class=\"ez-toc-section\" id=\"Lart_de_personnaliser_sa_coupe_courte\"><\/span>L&rsquo;art de personnaliser sa coupe courte<span class=\"ez-toc-section-end\"><\/span><\/h2>\n\n\n\n<p>Chaque femme est unique, et sa coupe de cheveux se doit de refl\u00e9ter sa personnalit\u00e9. Il est donc essentiel de personnaliser sa coupe courte, en tenant compte non seulement de ses traits mais aussi de son mode de vie et de ses pr\u00e9f\u00e9rences personnelles. Un coiffeur exp\u00e9riment\u00e9 pourra guider ce choix en proposant des options qui mettent en valeur la beaut\u00e9 naturelle tout en restant pratiques au quotidien.<\/p>\n\n\n\n<h3 class=\"wp-block-heading\" id=\"h-conseils-pour-maintenir-sa-coupe-courte\"><span class=\"ez-toc-section\" id=\"Conseils_pour_maintenir_sa_coupe_courte\"><\/span>Conseils pour maintenir sa coupe courte<span class=\"ez-toc-section-end\"><\/span><\/h3>\n\n\n\n<p>Une fois la coupe id\u00e9ale trouv\u00e9e, il est important de l&rsquo;entretenir r\u00e9guli\u00e8rement. Des rendez-vous fr\u00e9quents chez le coiffeur permettent de garder la forme et la fra\u00eecheur de la coupe. De plus, l&rsquo;utilisation des bons produits coiffants peut aider \u00e0 pr\u00e9server la texture et le volume souhait\u00e9s.<\/p>\n\n\n\n<h2 class=\"wp-block-heading\" id=\"h-conclusion\"><span class=\"ez-toc-section\" id=\"Conclusion\"><\/span>Conclusion<span class=\"ez-toc-section-end\"><\/span><\/h2>\n\n\n\n<p>La coupe courte femme est bien plus qu&rsquo;une simple tendance ; c&rsquo;est une expression de soi qui se renouvelle constamment au fil des saisons et des ann\u00e9es. Que ce soit le dynamique brushing Butterfly, le classique mais revisit\u00e9 carr\u00e9 structur\u00e9, ou une frange d\u00e9licate pour adoucir les traits, il existe une coupe courte pour chaque femme d\u00e9sireuse de r\u00e9v\u00e9ler son meilleur visage. L&rsquo;ann\u00e9e 2023 promet de la diversit\u00e9 et de l&rsquo;audace dans les tendances capillaires, invitant chacune \u00e0 trouver la coupe qui lui correspond le mieux, pour rayonner avec style et confiance.<\/p>\n\n\n\n<hr class=\"wp-block-separator has-alpha-channel-opacity\"\/>\n\n\n\n<p><strong>Q: Est-ce qu&rsquo;une coupe courte peut rajeunir ?<\/strong><br>A: Oui, les coupes courtes peuvent \u00eatre id\u00e9ales pour rajeunir votre visage, surtout si vos cheveux ont perdu en \u00e9paisseur et en masse avec l&rsquo;\u00e2ge. Ce type de coupe mettra en valeur vos traits apr\u00e8s 50 ans.<\/p>\n\n\n\n<p><strong>Q: Comment \u00eatre belle avec des cheveux courts ?<\/strong><br>A: Pour \u00eatre belle avec des cheveux courts, vous pouvez adopter quelques astuces. Optez pour des pi\u00e8ces pr\u00e8s du corps, des robes, des jupes, des talons hauts ou des accessoires comme des boucles d&rsquo;oreilles XXL. Misez sur des couleurs ou des imprim\u00e9s en \u00e9vitant le noir autant que possible. En bref, choisissez tout ce qui peut contrebalancer l&rsquo;esprit androgyne de votre crini\u00e8re.<\/p>\n","protected":false},"excerpt":{"rendered":"<p>Vous en avez assez de vos cheveux longs et vous r\u00eavez d&rsquo;une nouvelle coupe qui vous donnera un look frais et moderne ? Ne cherchez plus, la coupe courte femme est la tendance capillaire du moment ! Que vous soyez \u00e0 la recherche d&rsquo;un style audacieux, \u00e9l\u00e9gant ou d\u00e9contract\u00e9, la coupe courte est polyvalente et [&hellip;]<\/p>\n","protected":false},"author":8,"featured_media":160208,"comment_status":"open","ping_status":"open","sticky":false,"template":"","format":"standard","meta":{"tdm_status":"","tdm_grid_status":"","_jetpack_memberships_contains_paid_content":false,"footnotes":"","jetpack_publicize_message":"","jetpack_publicize_feature_enabled":true,"jetpack_social_post_already_shared":false,"jetpack_social_options":{"image_generator_settings":{"template":"highway","default_image_id":0,"font":"","enabled":false},"version":2}},"categories":[78],"tags":[],"class_list":["post-104866","post","type-post","status-publish","format-standard","has-post-thumbnail","hentry","category-culture"],"yoast_head":"<!-- This site is optimized with the Yoast SEO Premium plugin v25.0 (Yoast SEO v25.0) - https:\/\/yoast.com\/wordpress\/plugins\/seo\/ -->\n<title>Coupe courte femme : Comment choisir la coupe parfaite pour rajeunir votre visage et affirmer votre style ? - Flashmode Magazine | Magazine de mode et style de vie Num\u00e9ro un en Tunisie et au Maghreb<\/title>\n<meta name=\"description\" content=\"Vous en avez assez de vos cheveux longs et vous r\u00eavez d&#039;une nouvelle coupe qui vous donnera un look frais et moderne ? Ne cherchez plus, la coupe courte\" \/>\n<meta name=\"robots\" content=\"index, follow, max-snippet:-1, max-image-preview:large, max-video-preview:-1\" \/>\n<link rel=\"canonical\" href=\"https:\/\/flashmode.tn\/magazine\/coupe-courte-femme-comment-choisir-la-coupe-parfaite-pour-rajeunir-votre-visage-et-affirmer-votre-style\/\" \/>\n<meta property=\"og:locale\" content=\"fr_FR\" \/>\n<meta property=\"og:type\" content=\"article\" \/>\n<meta property=\"og:title\" content=\"Coupe courte femme : Comment choisir la coupe parfaite pour rajeunir votre visage et affirmer votre style ? - Flashmode Magazine | Magazine de mode et style de vie Num\u00e9ro un en Tunisie et au Maghreb\" \/>\n<meta property=\"og:description\" content=\"Vous en avez assez de vos cheveux longs et vous r\u00eavez d&#039;une nouvelle coupe qui vous donnera un look frais et moderne ? Ne cherchez plus, la coupe courte\" \/>\n<meta property=\"og:url\" content=\"https:\/\/flashmode.tn\/magazine\/coupe-courte-femme-comment-choisir-la-coupe-parfaite-pour-rajeunir-votre-visage-et-affirmer-votre-style\/\" \/>\n<meta property=\"og:site_name\" content=\"Flashmode Magazine | Magazine de mode et style de vie Num\u00e9ro un en Tunisie et au Maghreb\" \/>\n<meta property=\"article:publisher\" content=\"https:\/\/www.facebook.com\/flashmode.magazine\/\" \/>\n<meta property=\"article:published_time\" content=\"2024-03-12T01:58:41+00:00\" \/>\n<meta property=\"article:modified_time\" content=\"2024-03-28T08:55:56+00:00\" \/>\n<meta property=\"og:image\" content=\"https:\/\/flashmode.tn\/magazine\/wp-content\/uploads\/2024\/03\/Coupe-courte-femme-Comment-choisir-la-coupe-parfaite-pour-rajeunir-votre-visage-et-affirmer-votre-style-.png\" \/>\n\t<meta property=\"og:image:width\" content=\"1640\" \/>\n\t<meta property=\"og:image:height\" content=\"924\" \/>\n\t<meta property=\"og:image:type\" content=\"image\/png\" \/>\n<meta name=\"author\" content=\"The Daileigh\" \/>\n<meta name=\"twitter:card\" content=\"summary_large_image\" \/>\n<meta name=\"twitter:creator\" content=\"@agenceflashmode\" \/>\n<meta name=\"twitter:site\" content=\"@agenceflashmode\" \/>\n<meta name=\"twitter:label1\" content=\"\u00c9crit par\" \/>\n\t<meta name=\"twitter:data1\" content=\"The Daileigh\" \/>\n\t<meta name=\"twitter:label2\" content=\"Dur\u00e9e de lecture estim\u00e9e\" \/>\n\t<meta name=\"twitter:data2\" content=\"5 minutes\" \/>\n<script type=\"application\/ld+json\" class=\"yoast-schema-graph\">{\"@context\":\"https:\/\/schema.org\",\"@graph\":[{\"@type\":\"WebPage\",\"@id\":\"https:\/\/flashmode.tn\/magazine\/coupe-courte-femme-comment-choisir-la-coupe-parfaite-pour-rajeunir-votre-visage-et-affirmer-votre-style\/\",\"url\":\"https:\/\/flashmode.tn\/magazine\/coupe-courte-femme-comment-choisir-la-coupe-parfaite-pour-rajeunir-votre-visage-et-affirmer-votre-style\/\",\"name\":\"Coupe courte femme : Comment choisir la coupe parfaite pour rajeunir votre visage et affirmer votre style ? - Flashmode Magazine | Magazine de mode et style de vie Num\u00e9ro un en Tunisie et au Maghreb\",\"isPartOf\":{\"@id\":\"https:\/\/flashmode.tn\/magazine\/#website\"},\"primaryImageOfPage\":{\"@id\":\"https:\/\/flashmode.tn\/magazine\/coupe-courte-femme-comment-choisir-la-coupe-parfaite-pour-rajeunir-votre-visage-et-affirmer-votre-style\/#primaryimage\"},\"image\":{\"@id\":\"https:\/\/flashmode.tn\/magazine\/coupe-courte-femme-comment-choisir-la-coupe-parfaite-pour-rajeunir-votre-visage-et-affirmer-votre-style\/#primaryimage\"},\"thumbnailUrl\":\"https:\/\/i0.wp.com\/flashmode.tn\/magazine\/wp-content\/uploads\/2024\/03\/Coupe-courte-femme-Comment-choisir-la-coupe-parfaite-pour-rajeunir-votre-visage-et-affirmer-votre-style-.png?fit=1640%2C924&ssl=1\",\"datePublished\":\"2024-03-12T01:58:41+00:00\",\"dateModified\":\"2024-03-28T08:55:56+00:00\",\"author\":{\"@id\":\"https:\/\/flashmode.tn\/magazine\/#\/schema\/person\/79940f8af94166a445dd5bd6b3137682\"},\"description\":\"Vous en avez assez de vos cheveux longs et vous r\u00eavez d'une nouvelle coupe qui vous donnera un look frais et moderne ? Ne cherchez plus, la coupe courte\",\"breadcrumb\":{\"@id\":\"https:\/\/flashmode.tn\/magazine\/coupe-courte-femme-comment-choisir-la-coupe-parfaite-pour-rajeunir-votre-visage-et-affirmer-votre-style\/#breadcrumb\"},\"inLanguage\":\"fr-FR\",\"potentialAction\":[{\"@type\":\"ReadAction\",\"target\":[\"https:\/\/flashmode.tn\/magazine\/coupe-courte-femme-comment-choisir-la-coupe-parfaite-pour-rajeunir-votre-visage-et-affirmer-votre-style\/\"]}]},{\"@type\":\"ImageObject\",\"inLanguage\":\"fr-FR\",\"@id\":\"https:\/\/flashmode.tn\/magazine\/coupe-courte-femme-comment-choisir-la-coupe-parfaite-pour-rajeunir-votre-visage-et-affirmer-votre-style\/#primaryimage\",\"url\":\"https:\/\/i0.wp.com\/flashmode.tn\/magazine\/wp-content\/uploads\/2024\/03\/Coupe-courte-femme-Comment-choisir-la-coupe-parfaite-pour-rajeunir-votre-visage-et-affirmer-votre-style-.png?fit=1640%2C924&ssl=1\",\"contentUrl\":\"https:\/\/i0.wp.com\/flashmode.tn\/magazine\/wp-content\/uploads\/2024\/03\/Coupe-courte-femme-Comment-choisir-la-coupe-parfaite-pour-rajeunir-votre-visage-et-affirmer-votre-style-.png?fit=1640%2C924&ssl=1\",\"width\":1640,\"height\":924,\"caption\":\"Coupe courte femme : Comment choisir la coupe parfaite pour rajeunir votre visage et affirmer votre style ?\"},{\"@type\":\"BreadcrumbList\",\"@id\":\"https:\/\/flashmode.tn\/magazine\/coupe-courte-femme-comment-choisir-la-coupe-parfaite-pour-rajeunir-votre-visage-et-affirmer-votre-style\/#breadcrumb\",\"itemListElement\":[{\"@type\":\"ListItem\",\"position\":1,\"name\":\"Accueil\",\"item\":\"https:\/\/flashmode.tn\/magazine\/\"},{\"@type\":\"ListItem\",\"position\":2,\"name\":\"Coupe courte femme : Comment choisir la coupe parfaite pour rajeunir votre visage et affirmer votre style ?\"}]},{\"@type\":\"WebSite\",\"@id\":\"https:\/\/flashmode.tn\/magazine\/#website\",\"url\":\"https:\/\/flashmode.tn\/magazine\/\",\"name\":\"Flashmode Magazine | Magazine de mode et style de vie Num\u00e9ro un en Tunisie et au Maghreb\",\"description\":\"Magazine de mode et style de vie Num\u00e9ro un en Tunisie et au Maghreb, cr\u00e9\u00e9 pour les hommes et les femmes : conseils beaut\u00e9, mode femme, mode homme, recettes de cuisine, c\u00e9l\u00e9brit\u00e9s et people, mannequins et top modeles\",\"potentialAction\":[{\"@type\":\"SearchAction\",\"target\":{\"@type\":\"EntryPoint\",\"urlTemplate\":\"https:\/\/flashmode.tn\/magazine\/?s={search_term_string}\"},\"query-input\":{\"@type\":\"PropertyValueSpecification\",\"valueRequired\":true,\"valueName\":\"search_term_string\"}}],\"inLanguage\":\"fr-FR\"},{\"@type\":\"Person\",\"@id\":\"https:\/\/flashmode.tn\/magazine\/#\/schema\/person\/79940f8af94166a445dd5bd6b3137682\",\"name\":\"The Daileigh\",\"image\":{\"@type\":\"ImageObject\",\"inLanguage\":\"fr-FR\",\"@id\":\"https:\/\/flashmode.tn\/magazine\/#\/schema\/person\/image\/\",\"url\":\"https:\/\/secure.gravatar.com\/avatar\/30d4d60865d61de3434abd01cb8b4ec5e5b5eb5a274017461832a54857b1770d?s=96&d=mm&r=g\",\"contentUrl\":\"https:\/\/secure.gravatar.com\/avatar\/30d4d60865d61de3434abd01cb8b4ec5e5b5eb5a274017461832a54857b1770d?s=96&d=mm&r=g\",\"caption\":\"The Daileigh\"},\"url\":\"https:\/\/flashmode.tn\/magazine\/author\/the-daileigh\/\"}]}<\/script>\n<!-- \/ Yoast SEO Premium plugin. -->","yoast_head_json":{"title":"Coupe courte femme : Comment choisir la coupe parfaite pour rajeunir votre visage et affirmer votre style ? - Flashmode Magazine | Magazine de mode et style de vie Num\u00e9ro un en Tunisie et au Maghreb","description":"Vous en avez assez de vos cheveux longs et vous r\u00eavez d'une nouvelle coupe qui vous donnera un look frais et moderne ? Ne cherchez plus, la coupe courte","robots":{"index":"index","follow":"follow","max-snippet":"max-snippet:-1","max-image-preview":"max-image-preview:large","max-video-preview":"max-video-preview:-1"},"canonical":"https:\/\/flashmode.tn\/magazine\/coupe-courte-femme-comment-choisir-la-coupe-parfaite-pour-rajeunir-votre-visage-et-affirmer-votre-style\/","og_locale":"fr_FR","og_type":"article","og_title":"Coupe courte femme : Comment choisir la coupe parfaite pour rajeunir votre visage et affirmer votre style ? - Flashmode Magazine | Magazine de mode et style de vie Num\u00e9ro un en Tunisie et au Maghreb","og_description":"Vous en avez assez de vos cheveux longs et vous r\u00eavez d'une nouvelle coupe qui vous donnera un look frais et moderne ? Ne cherchez plus, la coupe courte","og_url":"https:\/\/flashmode.tn\/magazine\/coupe-courte-femme-comment-choisir-la-coupe-parfaite-pour-rajeunir-votre-visage-et-affirmer-votre-style\/","og_site_name":"Flashmode Magazine | Magazine de mode et style de vie Num\u00e9ro un en Tunisie et au Maghreb","article_publisher":"https:\/\/www.facebook.com\/flashmode.magazine\/","article_published_time":"2024-03-12T01:58:41+00:00","article_modified_time":"2024-03-28T08:55:56+00:00","og_image":[{"width":1640,"height":924,"url":"https:\/\/flashmode.tn\/magazine\/wp-content\/uploads\/2024\/03\/Coupe-courte-femme-Comment-choisir-la-coupe-parfaite-pour-rajeunir-votre-visage-et-affirmer-votre-style-.png","type":"image\/png"}],"author":"The Daileigh","twitter_card":"summary_large_image","twitter_creator":"@agenceflashmode","twitter_site":"@agenceflashmode","twitter_misc":{"\u00c9crit par":"The Daileigh","Dur\u00e9e de lecture estim\u00e9e":"5 minutes"},"schema":{"@context":"https:\/\/schema.org","@graph":[{"@type":"WebPage","@id":"https:\/\/flashmode.tn\/magazine\/coupe-courte-femme-comment-choisir-la-coupe-parfaite-pour-rajeunir-votre-visage-et-affirmer-votre-style\/","url":"https:\/\/flashmode.tn\/magazine\/coupe-courte-femme-comment-choisir-la-coupe-parfaite-pour-rajeunir-votre-visage-et-affirmer-votre-style\/","name":"Coupe courte femme : Comment choisir la coupe parfaite pour rajeunir votre visage et affirmer votre style ? - Flashmode Magazine | Magazine de mode et style de vie Num\u00e9ro un en Tunisie et au Maghreb","isPartOf":{"@id":"https:\/\/flashmode.tn\/magazine\/#website"},"primaryImageOfPage":{"@id":"https:\/\/flashmode.tn\/magazine\/coupe-courte-femme-comment-choisir-la-coupe-parfaite-pour-rajeunir-votre-visage-et-affirmer-votre-style\/#primaryimage"},"image":{"@id":"https:\/\/flashmode.tn\/magazine\/coupe-courte-femme-comment-choisir-la-coupe-parfaite-pour-rajeunir-votre-visage-et-affirmer-votre-style\/#primaryimage"},"thumbnailUrl":"https:\/\/i0.wp.com\/flashmode.tn\/magazine\/wp-content\/uploads\/2024\/03\/Coupe-courte-femme-Comment-choisir-la-coupe-parfaite-pour-rajeunir-votre-visage-et-affirmer-votre-style-.png?fit=1640%2C924&ssl=1","datePublished":"2024-03-12T01:58:41+00:00","dateModified":"2024-03-28T08:55:56+00:00","author":{"@id":"https:\/\/flashmode.tn\/magazine\/#\/schema\/person\/79940f8af94166a445dd5bd6b3137682"},"description":"Vous en avez assez de vos cheveux longs et vous r\u00eavez d'une nouvelle coupe qui vous donnera un look frais et moderne ? Ne cherchez plus, la coupe courte","breadcrumb":{"@id":"https:\/\/flashmode.tn\/magazine\/coupe-courte-femme-comment-choisir-la-coupe-parfaite-pour-rajeunir-votre-visage-et-affirmer-votre-style\/#breadcrumb"},"inLanguage":"fr-FR","potentialAction":[{"@type":"ReadAction","target":["https:\/\/flashmode.tn\/magazine\/coupe-courte-femme-comment-choisir-la-coupe-parfaite-pour-rajeunir-votre-visage-et-affirmer-votre-style\/"]}]},{"@type":"ImageObject","inLanguage":"fr-FR","@id":"https:\/\/flashmode.tn\/magazine\/coupe-courte-femme-comment-choisir-la-coupe-parfaite-pour-rajeunir-votre-visage-et-affirmer-votre-style\/#primaryimage","url":"https:\/\/i0.wp.com\/flashmode.tn\/magazine\/wp-content\/uploads\/2024\/03\/Coupe-courte-femme-Comment-choisir-la-coupe-parfaite-pour-rajeunir-votre-visage-et-affirmer-votre-style-.png?fit=1640%2C924&ssl=1","contentUrl":"https:\/\/i0.wp.com\/flashmode.tn\/magazine\/wp-content\/uploads\/2024\/03\/Coupe-courte-femme-Comment-choisir-la-coupe-parfaite-pour-rajeunir-votre-visage-et-affirmer-votre-style-.png?fit=1640%2C924&ssl=1","width":1640,"height":924,"caption":"Coupe courte femme : Comment choisir la coupe parfaite pour rajeunir votre visage et affirmer votre style ?"},{"@type":"BreadcrumbList","@id":"https:\/\/flashmode.tn\/magazine\/coupe-courte-femme-comment-choisir-la-coupe-parfaite-pour-rajeunir-votre-visage-et-affirmer-votre-style\/#breadcrumb","itemListElement":[{"@type":"ListItem","position":1,"name":"Accueil","item":"https:\/\/flashmode.tn\/magazine\/"},{"@type":"ListItem","position":2,"name":"Coupe courte femme : Comment choisir la coupe parfaite pour rajeunir votre visage et affirmer votre style ?"}]},{"@type":"WebSite","@id":"https:\/\/flashmode.tn\/magazine\/#website","url":"https:\/\/flashmode.tn\/magazine\/","name":"Flashmode Magazine | Magazine de mode et style de vie Num\u00e9ro un en Tunisie et au Maghreb","description":"Magazine de mode et style de vie Num\u00e9ro un en Tunisie et au Maghreb, cr\u00e9\u00e9 pour les hommes et les femmes : conseils beaut\u00e9, mode femme, mode homme, recettes de cuisine, c\u00e9l\u00e9brit\u00e9s et people, mannequins et top modeles","potentialAction":[{"@type":"SearchAction","target":{"@type":"EntryPoint","urlTemplate":"https:\/\/flashmode.tn\/magazine\/?s={search_term_string}"},"query-input":{"@type":"PropertyValueSpecification","valueRequired":true,"valueName":"search_term_string"}}],"inLanguage":"fr-FR"},{"@type":"Person","@id":"https:\/\/flashmode.tn\/magazine\/#\/schema\/person\/79940f8af94166a445dd5bd6b3137682","name":"The Daileigh","image":{"@type":"ImageObject","inLanguage":"fr-FR","@id":"https:\/\/flashmode.tn\/magazine\/#\/schema\/person\/image\/","url":"https:\/\/secure.gravatar.com\/avatar\/30d4d60865d61de3434abd01cb8b4ec5e5b5eb5a274017461832a54857b1770d?s=96&d=mm&r=g","contentUrl":"https:\/\/secure.gravatar.com\/avatar\/30d4d60865d61de3434abd01cb8b4ec5e5b5eb5a274017461832a54857b1770d?s=96&d=mm&r=g","caption":"The Daileigh"},"url":"https:\/\/flashmode.tn\/magazine\/author\/the-daileigh\/"}]}},"jetpack_publicize_connections":[],"jetpack_featured_media_url":"https:\/\/i0.wp.com\/flashmode.tn\/magazine\/wp-content\/uploads\/2024\/03\/Coupe-courte-femme-Comment-choisir-la-coupe-parfaite-pour-rajeunir-votre-visage-et-affirmer-votre-style-.png?fit=1640%2C924&ssl=1","jetpack_shortlink":"https:\/\/wp.me\/p8BPGr-rho","jetpack_sharing_enabled":true,"_links":{"self":[{"href":"https:\/\/flashmode.tn\/magazine\/wp-json\/wp\/v2\/posts\/104866","targetHints":{"allow":["GET"]}}],"collection":[{"href":"https:\/\/flashmode.tn\/magazine\/wp-json\/wp\/v2\/posts"}],"about":[{"href":"https:\/\/flashmode.tn\/magazine\/wp-json\/wp\/v2\/types\/post"}],"author":[{"embeddable":true,"href":"https:\/\/flashmode.tn\/magazine\/wp-json\/wp\/v2\/users\/8"}],"replies":[{"embeddable":true,"href":"https:\/\/flashmode.tn\/magazine\/wp-json\/wp\/v2\/comments?post=104866"}],"version-history":[{"count":2,"href":"https:\/\/flashmode.tn\/magazine\/wp-json\/wp\/v2\/posts\/104866\/revisions"}],"predecessor-version":[{"id":160210,"href":"https:\/\/flashmode.tn\/magazine\/wp-json\/wp\/v2\/posts\/104866\/revisions\/160210"}],"wp:featuredmedia":[{"embeddable":true,"href":"https:\/\/flashmode.tn\/magazine\/wp-json\/wp\/v2\/media\/160208"}],"wp:attachment":[{"href":"https:\/\/flashmode.tn\/magazine\/wp-json\/wp\/v2\/media?parent=104866"}],"wp:term":[{"taxonomy":"category","embeddable":true,"href":"https:\/\/flashmode.tn\/magazine\/wp-json\/wp\/v2\/categories?post=104866"},{"taxonomy":"post_tag","embeddable":true,"href":"https:\/\/flashmode.tn\/magazine\/wp-json\/wp\/v2\/tags?post=104866"}],"curies":[{"name":"wp","href":"https:\/\/api.w.org\/{rel}","templated":true}]}}