{"id":104888,"date":"2024-03-12T02:58:36","date_gmt":"2024-03-12T01:58:36","guid":{"rendered":"https:\/\/flashmode.tn\/magazine\/retraite-herbert-leonard-comment-vit-il-sa-nouvelle-melodie-de-la-vie\/"},"modified":"2024-03-28T11:30:42","modified_gmt":"2024-03-28T10:30:42","slug":"retraite-herbert-leonard-comment-vit-il-sa-nouvelle-melodie-de-la-vie","status":"publish","type":"post","link":"https:\/\/flashmode.tn\/magazine\/retraite-herbert-leonard-comment-vit-il-sa-nouvelle-melodie-de-la-vie\/","title":{"rendered":"Retraite Herbert L\u00e9onard : Comment vit-il sa nouvelle m\u00e9lodie de la vie ?"},"content":{"rendered":"\n<p>Retraite Herbert L\u00e9onard : Une Symphonie de Repos Bien M\u00e9rit\u00e9 et de Nouvelles Aventures!<\/p>\n\n\n\n<p>Imaginez-vous, assis confortablement dans un fauteuil, les rayons du soleil caressant votre visage, une tasse de caf\u00e9 chaud entre vos mains, et une m\u00e9lodie douce jouant en arri\u00e8re-plan. C&rsquo;est le portrait idyllique de la retraite, n&rsquo;est-ce pas ? Eh bien, aujourd&rsquo;hui, nous allons plonger dans l&rsquo;univers de la retraite d&rsquo;un artiste bien connu : Herbert L\u00e9onard.<\/p>\n\n\n\n<p>Herbert L\u00e9onard, le chanteur aux multiples succ\u00e8s, a d\u00e9cid\u00e9 de relever le d\u00e9fi de la retraite et de mettre fin \u00e0 sa carri\u00e8re sur sc\u00e8ne. Mais qu&rsquo;est-ce que cela signifie pour lui ? Et comment peut-il transformer cette nouvelle \u00e9tape de sa vie en une v\u00e9ritable symphonie de repos bien m\u00e9rit\u00e9 et de nouvelles aventures ?<\/p>\n\n\n\n<p>Dans cet article, nous explorerons les diff\u00e9rentes facettes de la retraite d&rsquo;Herbert L\u00e9onard. Nous parlerons des droits d&rsquo;auteur, qui pourraient bien \u00eatre sa bou\u00e9e de sauvetage financi\u00e8re. Nous discuterons \u00e9galement de la relation qu&rsquo;il entretient avec ses fans pendant cette p\u00e9riode de transition. Et bien s\u00fbr, nous d\u00e9couvrirons comment Herbert L\u00e9onard envisage sa vie apr\u00e8s la sc\u00e8ne.<\/p>\n\n\n\n<p>Alors, asseyez-vous confortablement, accordez votre esprit \u00e0 la douce m\u00e9lodie de la retraite et laissez-nous vous emmener dans le monde fascinant d&rsquo;Herbert L\u00e9onard. Pr\u00e9parez-vous \u00e0 \u00eatre \u00e9merveill\u00e9 par les surprises que cette nouvelle \u00e9tape de sa vie lui r\u00e9serve.<\/p>\n\n\n\n<div id=\"ez-toc-container\" class=\"ez-toc-v2_0_81 counter-hierarchy ez-toc-counter ez-toc-grey ez-toc-container-direction\">\n<div class=\"ez-toc-title-container\">\n<p class=\"ez-toc-title\" style=\"cursor:inherit\">Contenus de la page<\/p>\n<span class=\"ez-toc-title-toggle\"><a href=\"#\" class=\"ez-toc-pull-right ez-toc-btn ez-toc-btn-xs ez-toc-btn-default ez-toc-toggle\" aria-label=\"Toggle Table of Content\"><span class=\"ez-toc-js-icon-con\"><span class=\"\"><span class=\"eztoc-hide\" style=\"display:none;\">Toggle<\/span><span class=\"ez-toc-icon-toggle-span\"><svg style=\"fill: #999;color:#999\" xmlns=\"http:\/\/www.w3.org\/2000\/svg\" class=\"list-377408\" width=\"20px\" height=\"20px\" viewBox=\"0 0 24 24\" fill=\"none\"><path d=\"M6 6H4v2h2V6zm14 0H8v2h12V6zM4 11h2v2H4v-2zm16 0H8v2h12v-2zM4 16h2v2H4v-2zm16 0H8v2h12v-2z\" fill=\"currentColor\"><\/path><\/svg><svg style=\"fill: #999;color:#999\" class=\"arrow-unsorted-368013\" xmlns=\"http:\/\/www.w3.org\/2000\/svg\" width=\"10px\" height=\"10px\" viewBox=\"0 0 24 24\" version=\"1.2\" baseProfile=\"tiny\"><path d=\"M18.2 9.3l-6.2-6.3-6.2 6.3c-.2.2-.3.4-.3.7s.1.5.3.7c.2.2.4.3.7.3h11c.3 0 .5-.1.7-.3.2-.2.3-.5.3-.7s-.1-.5-.3-.7zM5.8 14.7l6.2 6.3 6.2-6.3c.2-.2.3-.5.3-.7s-.1-.5-.3-.7c-.2-.2-.4-.3-.7-.3h-11c-.3 0-.5.1-.7.3-.2.2-.3.5-.3.7s.1.5.3.7z\"\/><\/svg><\/span><\/span><\/span><\/a><\/span><\/div>\n<nav><ul class='ez-toc-list ez-toc-list-level-1 ' ><li class='ez-toc-page-1 ez-toc-heading-level-2'><a class=\"ez-toc-link ez-toc-heading-1\" href=\"https:\/\/flashmode.tn\/magazine\/retraite-herbert-leonard-comment-vit-il-sa-nouvelle-melodie-de-la-vie\/#Le_Defi_de_la_Retraite_pour_Herbert_Leonard\" >Le D\u00e9fi de la Retraite pour Herbert L\u00e9onard<\/a><ul class='ez-toc-list-level-3' ><li class='ez-toc-heading-level-3'><a class=\"ez-toc-link ez-toc-heading-2\" href=\"https:\/\/flashmode.tn\/magazine\/retraite-herbert-leonard-comment-vit-il-sa-nouvelle-melodie-de-la-vie\/#Une_Sante_Fragilisee\" >Une Sant\u00e9 Fragilis\u00e9e<\/a><\/li><li class='ez-toc-page-1 ez-toc-heading-level-3'><a class=\"ez-toc-link ez-toc-heading-3\" href=\"https:\/\/flashmode.tn\/magazine\/retraite-herbert-leonard-comment-vit-il-sa-nouvelle-melodie-de-la-vie\/#Annulation_des_Concerts_et_Impact_sur_le_Moral\" >Annulation des Concerts et Impact sur le Moral<\/a><\/li><\/ul><\/li><li class='ez-toc-page-1 ez-toc-heading-level-2'><a class=\"ez-toc-link ez-toc-heading-4\" href=\"https:\/\/flashmode.tn\/magazine\/retraite-herbert-leonard-comment-vit-il-sa-nouvelle-melodie-de-la-vie\/#Les_Droits_dAuteur_Une_Bouee_de_Sauvetage\" >Les Droits d&rsquo;Auteur, Une Bou\u00e9e de Sauvetage?<\/a><ul class='ez-toc-list-level-3' ><li class='ez-toc-heading-level-3'><a class=\"ez-toc-link ez-toc-heading-5\" href=\"https:\/\/flashmode.tn\/magazine\/retraite-herbert-leonard-comment-vit-il-sa-nouvelle-melodie-de-la-vie\/#LImportance_des_Droits_dAuteur_pour_les_Retraites_de_la_Musique\" >L&rsquo;Importance des Droits d&rsquo;Auteur pour les Retrait\u00e9s de la Musique<\/a><\/li><\/ul><\/li><li class='ez-toc-page-1 ez-toc-heading-level-2'><a class=\"ez-toc-link ez-toc-heading-6\" href=\"https:\/\/flashmode.tn\/magazine\/retraite-herbert-leonard-comment-vit-il-sa-nouvelle-melodie-de-la-vie\/#Un_Repos_Bien_Merite\" >Un Repos Bien M\u00e9rit\u00e9<\/a><ul class='ez-toc-list-level-3' ><li class='ez-toc-heading-level-3'><a class=\"ez-toc-link ez-toc-heading-7\" href=\"https:\/\/flashmode.tn\/magazine\/retraite-herbert-leonard-comment-vit-il-sa-nouvelle-melodie-de-la-vie\/#La_Vie_a_lEcart_du_Feu_des_Projecteurs\" >La Vie \u00e0 l&rsquo;\u00c9cart du Feu des Projecteurs<\/a><\/li><\/ul><\/li><li class='ez-toc-page-1 ez-toc-heading-level-2'><a class=\"ez-toc-link ez-toc-heading-8\" href=\"https:\/\/flashmode.tn\/magazine\/retraite-herbert-leonard-comment-vit-il-sa-nouvelle-melodie-de-la-vie\/#La_Relation_avec_les_Fans_en_Periode_de_Retraite\" >La Relation avec les Fans en P\u00e9riode de Retraite<\/a><ul class='ez-toc-list-level-3' ><li class='ez-toc-heading-level-3'><a class=\"ez-toc-link ez-toc-heading-9\" href=\"https:\/\/flashmode.tn\/magazine\/retraite-herbert-leonard-comment-vit-il-sa-nouvelle-melodie-de-la-vie\/#La_Communication_a_lEre_des_Reseaux_Sociaux\" >La Communication \u00e0 l&rsquo;\u00c8re des R\u00e9seaux Sociaux<\/a><\/li><\/ul><\/li><li class='ez-toc-page-1 ez-toc-heading-level-2'><a class=\"ez-toc-link ez-toc-heading-10\" href=\"https:\/\/flashmode.tn\/magazine\/retraite-herbert-leonard-comment-vit-il-sa-nouvelle-melodie-de-la-vie\/#La_Vie_Apres_la_Scene\" >La Vie Apr\u00e8s la Sc\u00e8ne<\/a><ul class='ez-toc-list-level-3' ><li class='ez-toc-heading-level-3'><a class=\"ez-toc-link ez-toc-heading-11\" href=\"https:\/\/flashmode.tn\/magazine\/retraite-herbert-leonard-comment-vit-il-sa-nouvelle-melodie-de-la-vie\/#Transmettre_lHeritage_Musical\" >Transmettre l&rsquo;H\u00e9ritage Musical<\/a><\/li><\/ul><\/li><li class='ez-toc-page-1 ez-toc-heading-level-2'><a class=\"ez-toc-link ez-toc-heading-12\" href=\"https:\/\/flashmode.tn\/magazine\/retraite-herbert-leonard-comment-vit-il-sa-nouvelle-melodie-de-la-vie\/#Conclusion_Une_Nouvelle_Melodie_pour_la_Retraite\" >Conclusion: Une Nouvelle M\u00e9lodie pour la Retraite<\/a><\/li><\/ul><\/nav><\/div>\n<h2 class=\"wp-block-heading\" id=\"h-le-defi-de-la-retraite-pour-herbert-leonard\"><span class=\"ez-toc-section\" id=\"Le_Defi_de_la_Retraite_pour_Herbert_Leonard\"><\/span>Le D\u00e9fi de la Retraite pour Herbert L\u00e9onard<span class=\"ez-toc-section-end\"><\/span><\/h2>\n\n\n\n<p>Herbert L\u00e9onard, figure embl\u00e9matique de la chanson fran\u00e7aise, aujourd&rsquo;hui \u00e2g\u00e9 de 78 ans, est entr\u00e9 dans une p\u00e9riode de sa vie o\u00f9 la retraite est devenue une r\u00e9alit\u00e9 quotidienne. Depuis l&rsquo;\u00e2ge de 62 ans, il per\u00e7oit une pension mensuelle qui, selon ses dires, n&rsquo;est pas tr\u00e8s \u00e9lev\u00e9e. Cette situation financi\u00e8re modeste est une illustration de la probl\u00e9matique rencontr\u00e9e par de nombreux artistes, dont les revenus fluctuent au gr\u00e9 des succ\u00e8s et des al\u00e9as de la vie.<\/p>\n\n\n\n<h3 class=\"wp-block-heading\" id=\"h-une-sante-fragilisee\"><span class=\"ez-toc-section\" id=\"Une_Sante_Fragilisee\"><\/span>Une Sant\u00e9 Fragilis\u00e9e<span class=\"ez-toc-section-end\"><\/span><\/h3>\n\n\n\n<p>Le parcours de Herbert L\u00e9onard a r\u00e9cemment \u00e9t\u00e9 marqu\u00e9 par des \u00e9preuves de sant\u00e9 difficiles. Fin mai, il a \u00e9t\u00e9 hospitalis\u00e9 pour une pneumonie et une pleur\u00e9sie, des conditions qui l&rsquo;ont conduit en r\u00e9animation. Heureusement, le chanteur a pu quitter l&rsquo;h\u00f4pital et se reposer chez lui, en Seine-et-Marne, loin du tumulte de la sc\u00e8ne musicale.<\/p>\n\n\n\n<h3 class=\"wp-block-heading\" id=\"h-annulation-des-concerts-et-impact-sur-le-moral\"><span class=\"ez-toc-section\" id=\"Annulation_des_Concerts_et_Impact_sur_le_Moral\"><\/span>Annulation des Concerts et Impact sur le Moral<span class=\"ez-toc-section-end\"><\/span><\/h3>\n\n\n\n<p>Les cons\u00e9quences de son hospitalisation ne se sont pas limit\u00e9es \u00e0 sa sant\u00e9. Elles ont aussi eu un impact direct sur sa carri\u00e8re, ses prochains concerts ayant d\u00fb \u00eatre annul\u00e9s. Cet arr\u00eat forc\u00e9 soul\u00e8ve des questions quant \u00e0 la gestion de la retraite pour les artistes et l&rsquo;importance de pr\u00e9parer l&rsquo;apr\u00e8s-carri\u00e8re.<\/p>\n\n\n\n<h2 class=\"wp-block-heading\" id=\"h-les-droits-d-auteur-une-bouee-de-sauvetage\"><span class=\"ez-toc-section\" id=\"Les_Droits_dAuteur_Une_Bouee_de_Sauvetage\"><\/span>Les Droits d&rsquo;Auteur, Une Bou\u00e9e de Sauvetage?<span class=\"ez-toc-section-end\"><\/span><\/h2>\n\n\n\n<p>Herbert L\u00e9onard, co-auteur des paroles de la c\u00e9l\u00e8bre chanson \u00ab\u00a0Pour le plaisir\u00a0\u00bb avec Julie Pi\u00e9tri, b\u00e9n\u00e9ficie probablement de droits d&rsquo;auteur. Ces revenus peuvent constituer une source financi\u00e8re compl\u00e9mentaire importante, surtout lorsque la retraite ne suffit pas \u00e0 maintenir le niveau de vie auquel on est habitu\u00e9.<\/p>\n\n\n\n<h3 class=\"wp-block-heading\" id=\"h-l-importance-des-droits-d-auteur-pour-les-retraites-de-la-musique\"><span class=\"ez-toc-section\" id=\"LImportance_des_Droits_dAuteur_pour_les_Retraites_de_la_Musique\"><\/span>L&rsquo;Importance des Droits d&rsquo;Auteur pour les Retrait\u00e9s de la Musique<span class=\"ez-toc-section-end\"><\/span><\/h3>\n\n\n\n<p>Les droits d&rsquo;auteur sont essentiels pour les artistes \u00e0 la retraite. Ils peuvent repr\u00e9senter une part significative de leurs revenus, particuli\u00e8rement pour ceux dont les chansons continuent d&rsquo;\u00eatre \u00e9cout\u00e9es et diffus\u00e9es. C&rsquo;est un \u00e9l\u00e9ment \u00e0 ne pas n\u00e9gliger dans la planification de la retraite d&rsquo;un artiste.<\/p>\n\n\n\n<h2 class=\"wp-block-heading\" id=\"h-un-repos-bien-merite\"><span class=\"ez-toc-section\" id=\"Un_Repos_Bien_Merite\"><\/span>Un Repos Bien M\u00e9rit\u00e9<span class=\"ez-toc-section-end\"><\/span><\/h2>\n\n\n\n<p>Apr\u00e8s des d\u00e9cennies d\u00e9di\u00e9es \u00e0 la musique, Herbert L\u00e9onard se retrouve dans une phase de convalescence et de repos. Son agent Yann Ydoux a rassur\u00e9 les fans en affirmant que le chanteur \u00ab\u00a0va bien\u00a0\u00bb et qu&rsquo;il ne gardera heureusement pas de s\u00e9quelles de son hospitalisation.<\/p>\n\n\n\n<h3 class=\"wp-block-heading\" id=\"h-la-vie-a-l-ecart-du-feu-des-projecteurs\"><span class=\"ez-toc-section\" id=\"La_Vie_a_lEcart_du_Feu_des_Projecteurs\"><\/span>La Vie \u00e0 l&rsquo;\u00c9cart du Feu des Projecteurs<span class=\"ez-toc-section-end\"><\/span><\/h3>\n\n\n\n<p>Si les projecteurs de la sc\u00e8ne sont \u00e9teints pour un temps, Herbert L\u00e9onard continue de vivre entour\u00e9 de l&rsquo;affection de ses proches et de ses fans. Il partage d\u00e9sormais son temps entre la convalescence et des plaisirs plus tranquilles, loin de l&rsquo;agitation de sa vie d&rsquo;artiste.<\/p>\n\n\n\n<h2 class=\"wp-block-heading\" id=\"h-la-relation-avec-les-fans-en-periode-de-retraite\"><span class=\"ez-toc-section\" id=\"La_Relation_avec_les_Fans_en_Periode_de_Retraite\"><\/span>La Relation avec les Fans en P\u00e9riode de Retraite<span class=\"ez-toc-section-end\"><\/span><\/h2>\n\n\n\n<p>La question de savoir comment contacter Herbert L\u00e9onard est un sujet r\u00e9current chez les admirateurs souhaitant lui envoyer des messages de soutien. Cela met en lumi\u00e8re l&rsquo;importance de maintenir un lien avec le public, m\u00eame apr\u00e8s avoir quitt\u00e9 la sc\u00e8ne.<\/p>\n\n\n\n<h3 class=\"wp-block-heading\" id=\"h-la-communication-a-l-ere-des-reseaux-sociaux\"><span class=\"ez-toc-section\" id=\"La_Communication_a_lEre_des_Reseaux_Sociaux\"><\/span>La Communication \u00e0 l&rsquo;\u00c8re des R\u00e9seaux Sociaux<span class=\"ez-toc-section-end\"><\/span><\/h3>\n\n\n\n<p>Avec l&rsquo;av\u00e8nement des r\u00e9seaux sociaux, les artistes ont de nouveaux moyens de rester en contact avec leur communaut\u00e9. Ces outils permettent une interaction directe et peuvent \u00eatre particuli\u00e8rement pr\u00e9cieux pour les artistes retrait\u00e9s qui souhaitent continuer \u00e0 partager avec leur public.<\/p>\n\n\n\n<h2 class=\"wp-block-heading\" id=\"h-la-vie-apres-la-scene\"><span class=\"ez-toc-section\" id=\"La_Vie_Apres_la_Scene\"><\/span>La Vie Apr\u00e8s la Sc\u00e8ne<span class=\"ez-toc-section-end\"><\/span><\/h2>\n\n\n\n<p>La retraite d&rsquo;un artiste n&rsquo;est pas synonyme de fin de carri\u00e8re. Elle est souvent l&rsquo;occasion de se r\u00e9inventer, de trouver de nouveaux moyens d&rsquo;expression et de partager son exp\u00e9rience.<\/p>\n\n\n\n<h3 class=\"wp-block-heading\" id=\"h-transmettre-l-heritage-musical\"><span class=\"ez-toc-section\" id=\"Transmettre_lHeritage_Musical\"><\/span>Transmettre l&rsquo;H\u00e9ritage Musical<span class=\"ez-toc-section-end\"><\/span><\/h3>\n\n\n\n<p>Herbert L\u00e9onard, avec son r\u00e9pertoire riche et sa longue exp\u00e9rience, a beaucoup \u00e0 offrir en termes de mentorat et de transmission de savoir-faire. Il peut se consacrer \u00e0 l&rsquo;\u00e9criture, \u00e0 la composition ou \u00e0 la production, continuant ainsi \u00e0 nourrir le monde de la musique.<\/p>\n\n\n\n<h2 class=\"wp-block-heading\" id=\"h-conclusion-une-nouvelle-melodie-pour-la-retraite\"><span class=\"ez-toc-section\" id=\"Conclusion_Une_Nouvelle_Melodie_pour_la_Retraite\"><\/span>Conclusion: Une Nouvelle M\u00e9lodie pour la Retraite<span class=\"ez-toc-section-end\"><\/span><\/h2>\n\n\n\n<p>La situation d&rsquo;Herbert L\u00e9onard refl\u00e8te les d\u00e9fis et les opportunit\u00e9s que repr\u00e9sente la retraite pour les artistes. Entre gestion financi\u00e8re, probl\u00e8mes de sant\u00e9 et besoin de rester connect\u00e9 avec le public, la retraite est une \u00e9tape complexe qui demande pr\u00e9paration et adaptation. Toutefois, comme l&rsquo;indique la formule de politesse \u00ab\u00a0tout le plaisir est pour moi\u00a0\u00bb, Herbert L\u00e9onard, m\u00eame en retraite, continue de trouver du plaisir dans sa relation avec la musique et avec ceux qui l&rsquo;ont aim\u00e9 pour le plaisir.<\/p>\n\n\n\n<hr class=\"wp-block-separator has-alpha-channel-opacity\"\/>\n\n\n\n<p><strong>Q: Quel est l&rsquo;\u00e2ge de Herbert L\u00e9onard ?<\/strong><br><br>R: Herbert L\u00e9onard a actuellement 78 ans.<\/p>\n\n\n\n<p><strong>Q: Quelle est la situation de la retraite de Herbert L\u00e9onard ?<\/strong><br><br>R: Herbert L\u00e9onard touche une pension de retraite mensuelle depuis ses 62 ans, bien qu&rsquo;il affirme que son montant soit peu \u00e9lev\u00e9.<\/p>\n\n\n\n<p><strong>Q: Quelle \u00e9tait la raison de l&rsquo;hospitalisation de Herbert L\u00e9onard ?<\/strong><br><br>R: Herbert L\u00e9onard a \u00e9t\u00e9 hospitalis\u00e9 en r\u00e9animation pour une pneumonie et une pleur\u00e9sie.<\/p>\n\n\n\n<p><strong>Q: Comment contacter Herbert L\u00e9onard ?<\/strong><br><br>R: Vous pouvez contacter Herbert L\u00e9onard par courrier \u00e0 l&rsquo;adresse suivante: 11, rue Jules-Bourdois, 77630 Barbizon. Vous pouvez \u00e9galement le contacter par e-mail \u00e0 l&rsquo;adresse: contact@herbertleonard.com.<\/p>\n","protected":false},"excerpt":{"rendered":"<p>Retraite Herbert L\u00e9onard : Une Symphonie de Repos Bien M\u00e9rit\u00e9 et de Nouvelles Aventures! Imaginez-vous, assis confortablement dans un fauteuil, les rayons du soleil caressant votre visage, une tasse de caf\u00e9 chaud entre vos mains, et une m\u00e9lodie douce jouant en arri\u00e8re-plan. C&rsquo;est le portrait idyllique de la retraite, n&rsquo;est-ce pas ? Eh bien, aujourd&rsquo;hui, [&hellip;]<\/p>\n","protected":false},"author":8,"featured_media":160273,"comment_status":"open","ping_status":"open","sticky":false,"template":"","format":"standard","meta":{"tdm_status":"","tdm_grid_status":"","_jetpack_memberships_contains_paid_content":false,"footnotes":"","jetpack_publicize_message":"","jetpack_publicize_feature_enabled":true,"jetpack_social_post_already_shared":false,"jetpack_social_options":{"image_generator_settings":{"template":"highway","default_image_id":0,"font":"","enabled":false},"version":2}},"categories":[78],"tags":[],"class_list":["post-104888","post","type-post","status-publish","format-standard","has-post-thumbnail","hentry","category-culture"],"yoast_head":"<!-- This site is optimized with the Yoast SEO Premium plugin v25.0 (Yoast SEO v25.0) - https:\/\/yoast.com\/wordpress\/plugins\/seo\/ -->\n<title>Retraite Herbert L\u00e9onard : Comment vit-il sa nouvelle m\u00e9lodie de la vie ? - Flashmode Magazine | Magazine de mode et style de vie Num\u00e9ro un en Tunisie et au Maghreb<\/title>\n<meta name=\"description\" content=\"Retraite Herbert L\u00e9onard : Une Symphonie de Repos Bien M\u00e9rit\u00e9 et de Nouvelles Aventures! Imaginez-vous, assis confortablement dans un fauteuil, les rayons\" \/>\n<meta name=\"robots\" content=\"index, follow, max-snippet:-1, max-image-preview:large, max-video-preview:-1\" \/>\n<link rel=\"canonical\" href=\"https:\/\/flashmode.tn\/magazine\/retraite-herbert-leonard-comment-vit-il-sa-nouvelle-melodie-de-la-vie\/\" \/>\n<meta property=\"og:locale\" content=\"fr_FR\" \/>\n<meta property=\"og:type\" content=\"article\" \/>\n<meta property=\"og:title\" content=\"Retraite Herbert L\u00e9onard : Comment vit-il sa nouvelle m\u00e9lodie de la vie ? - Flashmode Magazine | Magazine de mode et style de vie Num\u00e9ro un en Tunisie et au Maghreb\" \/>\n<meta property=\"og:description\" content=\"Retraite Herbert L\u00e9onard : Une Symphonie de Repos Bien M\u00e9rit\u00e9 et de Nouvelles Aventures! Imaginez-vous, assis confortablement dans un fauteuil, les rayons\" \/>\n<meta property=\"og:url\" content=\"https:\/\/flashmode.tn\/magazine\/retraite-herbert-leonard-comment-vit-il-sa-nouvelle-melodie-de-la-vie\/\" \/>\n<meta property=\"og:site_name\" content=\"Flashmode Magazine | Magazine de mode et style de vie Num\u00e9ro un en Tunisie et au Maghreb\" \/>\n<meta property=\"article:publisher\" content=\"https:\/\/www.facebook.com\/flashmode.magazine\/\" \/>\n<meta property=\"article:published_time\" content=\"2024-03-12T01:58:36+00:00\" \/>\n<meta property=\"article:modified_time\" content=\"2024-03-28T10:30:42+00:00\" \/>\n<meta property=\"og:image\" content=\"https:\/\/flashmode.tn\/magazine\/wp-content\/uploads\/2024\/03\/Retraite-Herbert-Leonard-Comment-vit-il-sa-nouvelle-melodie-de-la-vie--1024x577.png\" \/>\n\t<meta property=\"og:image:width\" content=\"1024\" \/>\n\t<meta property=\"og:image:height\" content=\"577\" \/>\n\t<meta property=\"og:image:type\" content=\"image\/png\" \/>\n<meta name=\"author\" content=\"The Daileigh\" \/>\n<meta name=\"twitter:card\" content=\"summary_large_image\" \/>\n<meta name=\"twitter:creator\" content=\"@agenceflashmode\" \/>\n<meta name=\"twitter:site\" content=\"@agenceflashmode\" \/>\n<meta name=\"twitter:label1\" content=\"\u00c9crit par\" \/>\n\t<meta name=\"twitter:data1\" content=\"The Daileigh\" \/>\n\t<meta name=\"twitter:label2\" content=\"Dur\u00e9e de lecture estim\u00e9e\" \/>\n\t<meta name=\"twitter:data2\" content=\"6 minutes\" \/>\n<script type=\"application\/ld+json\" class=\"yoast-schema-graph\">{\"@context\":\"https:\/\/schema.org\",\"@graph\":[{\"@type\":\"WebPage\",\"@id\":\"https:\/\/flashmode.tn\/magazine\/retraite-herbert-leonard-comment-vit-il-sa-nouvelle-melodie-de-la-vie\/\",\"url\":\"https:\/\/flashmode.tn\/magazine\/retraite-herbert-leonard-comment-vit-il-sa-nouvelle-melodie-de-la-vie\/\",\"name\":\"Retraite Herbert L\u00e9onard : Comment vit-il sa nouvelle m\u00e9lodie de la vie ? - Flashmode Magazine | Magazine de mode et style de vie Num\u00e9ro un en Tunisie et au Maghreb\",\"isPartOf\":{\"@id\":\"https:\/\/flashmode.tn\/magazine\/#website\"},\"primaryImageOfPage\":{\"@id\":\"https:\/\/flashmode.tn\/magazine\/retraite-herbert-leonard-comment-vit-il-sa-nouvelle-melodie-de-la-vie\/#primaryimage\"},\"image\":{\"@id\":\"https:\/\/flashmode.tn\/magazine\/retraite-herbert-leonard-comment-vit-il-sa-nouvelle-melodie-de-la-vie\/#primaryimage\"},\"thumbnailUrl\":\"https:\/\/i0.wp.com\/flashmode.tn\/magazine\/wp-content\/uploads\/2024\/03\/Retraite-Herbert-Leonard-Comment-vit-il-sa-nouvelle-melodie-de-la-vie-.png?fit=1640%2C924&ssl=1\",\"datePublished\":\"2024-03-12T01:58:36+00:00\",\"dateModified\":\"2024-03-28T10:30:42+00:00\",\"author\":{\"@id\":\"https:\/\/flashmode.tn\/magazine\/#\/schema\/person\/79940f8af94166a445dd5bd6b3137682\"},\"description\":\"Retraite Herbert L\u00e9onard : Une Symphonie de Repos Bien M\u00e9rit\u00e9 et de Nouvelles Aventures! Imaginez-vous, assis confortablement dans un fauteuil, les rayons\",\"breadcrumb\":{\"@id\":\"https:\/\/flashmode.tn\/magazine\/retraite-herbert-leonard-comment-vit-il-sa-nouvelle-melodie-de-la-vie\/#breadcrumb\"},\"inLanguage\":\"fr-FR\",\"potentialAction\":[{\"@type\":\"ReadAction\",\"target\":[\"https:\/\/flashmode.tn\/magazine\/retraite-herbert-leonard-comment-vit-il-sa-nouvelle-melodie-de-la-vie\/\"]}]},{\"@type\":\"ImageObject\",\"inLanguage\":\"fr-FR\",\"@id\":\"https:\/\/flashmode.tn\/magazine\/retraite-herbert-leonard-comment-vit-il-sa-nouvelle-melodie-de-la-vie\/#primaryimage\",\"url\":\"https:\/\/i0.wp.com\/flashmode.tn\/magazine\/wp-content\/uploads\/2024\/03\/Retraite-Herbert-Leonard-Comment-vit-il-sa-nouvelle-melodie-de-la-vie-.png?fit=1640%2C924&ssl=1\",\"contentUrl\":\"https:\/\/i0.wp.com\/flashmode.tn\/magazine\/wp-content\/uploads\/2024\/03\/Retraite-Herbert-Leonard-Comment-vit-il-sa-nouvelle-melodie-de-la-vie-.png?fit=1640%2C924&ssl=1\",\"width\":1640,\"height\":924,\"caption\":\"Retraite Herbert L\u00e9onard : Comment vit-il sa nouvelle m\u00e9lodie de la vie ?\"},{\"@type\":\"BreadcrumbList\",\"@id\":\"https:\/\/flashmode.tn\/magazine\/retraite-herbert-leonard-comment-vit-il-sa-nouvelle-melodie-de-la-vie\/#breadcrumb\",\"itemListElement\":[{\"@type\":\"ListItem\",\"position\":1,\"name\":\"Accueil\",\"item\":\"https:\/\/flashmode.tn\/magazine\/\"},{\"@type\":\"ListItem\",\"position\":2,\"name\":\"Retraite Herbert L\u00e9onard : Comment vit-il sa nouvelle m\u00e9lodie de la vie ?\"}]},{\"@type\":\"WebSite\",\"@id\":\"https:\/\/flashmode.tn\/magazine\/#website\",\"url\":\"https:\/\/flashmode.tn\/magazine\/\",\"name\":\"Flashmode Magazine | Magazine de mode et style de vie Num\u00e9ro un en Tunisie et au Maghreb\",\"description\":\"Magazine de mode et style de vie Num\u00e9ro un en Tunisie et au Maghreb, cr\u00e9\u00e9 pour les hommes et les femmes : conseils beaut\u00e9, mode femme, mode homme, recettes de cuisine, c\u00e9l\u00e9brit\u00e9s et people, mannequins et top modeles\",\"potentialAction\":[{\"@type\":\"SearchAction\",\"target\":{\"@type\":\"EntryPoint\",\"urlTemplate\":\"https:\/\/flashmode.tn\/magazine\/?s={search_term_string}\"},\"query-input\":{\"@type\":\"PropertyValueSpecification\",\"valueRequired\":true,\"valueName\":\"search_term_string\"}}],\"inLanguage\":\"fr-FR\"},{\"@type\":\"Person\",\"@id\":\"https:\/\/flashmode.tn\/magazine\/#\/schema\/person\/79940f8af94166a445dd5bd6b3137682\",\"name\":\"The Daileigh\",\"image\":{\"@type\":\"ImageObject\",\"inLanguage\":\"fr-FR\",\"@id\":\"https:\/\/flashmode.tn\/magazine\/#\/schema\/person\/image\/\",\"url\":\"https:\/\/secure.gravatar.com\/avatar\/30d4d60865d61de3434abd01cb8b4ec5e5b5eb5a274017461832a54857b1770d?s=96&d=mm&r=g\",\"contentUrl\":\"https:\/\/secure.gravatar.com\/avatar\/30d4d60865d61de3434abd01cb8b4ec5e5b5eb5a274017461832a54857b1770d?s=96&d=mm&r=g\",\"caption\":\"The Daileigh\"},\"url\":\"https:\/\/flashmode.tn\/magazine\/author\/the-daileigh\/\"}]}<\/script>\n<!-- \/ Yoast SEO Premium plugin. -->","yoast_head_json":{"title":"Retraite Herbert L\u00e9onard : Comment vit-il sa nouvelle m\u00e9lodie de la vie ? - Flashmode Magazine | Magazine de mode et style de vie Num\u00e9ro un en Tunisie et au Maghreb","description":"Retraite Herbert L\u00e9onard : Une Symphonie de Repos Bien M\u00e9rit\u00e9 et de Nouvelles Aventures! Imaginez-vous, assis confortablement dans un fauteuil, les rayons","robots":{"index":"index","follow":"follow","max-snippet":"max-snippet:-1","max-image-preview":"max-image-preview:large","max-video-preview":"max-video-preview:-1"},"canonical":"https:\/\/flashmode.tn\/magazine\/retraite-herbert-leonard-comment-vit-il-sa-nouvelle-melodie-de-la-vie\/","og_locale":"fr_FR","og_type":"article","og_title":"Retraite Herbert L\u00e9onard : Comment vit-il sa nouvelle m\u00e9lodie de la vie ? - Flashmode Magazine | Magazine de mode et style de vie Num\u00e9ro un en Tunisie et au Maghreb","og_description":"Retraite Herbert L\u00e9onard : Une Symphonie de Repos Bien M\u00e9rit\u00e9 et de Nouvelles Aventures! Imaginez-vous, assis confortablement dans un fauteuil, les rayons","og_url":"https:\/\/flashmode.tn\/magazine\/retraite-herbert-leonard-comment-vit-il-sa-nouvelle-melodie-de-la-vie\/","og_site_name":"Flashmode Magazine | Magazine de mode et style de vie Num\u00e9ro un en Tunisie et au Maghreb","article_publisher":"https:\/\/www.facebook.com\/flashmode.magazine\/","article_published_time":"2024-03-12T01:58:36+00:00","article_modified_time":"2024-03-28T10:30:42+00:00","og_image":[{"width":1024,"height":577,"url":"https:\/\/flashmode.tn\/magazine\/wp-content\/uploads\/2024\/03\/Retraite-Herbert-Leonard-Comment-vit-il-sa-nouvelle-melodie-de-la-vie--1024x577.png","type":"image\/png"}],"author":"The Daileigh","twitter_card":"summary_large_image","twitter_creator":"@agenceflashmode","twitter_site":"@agenceflashmode","twitter_misc":{"\u00c9crit par":"The Daileigh","Dur\u00e9e de lecture estim\u00e9e":"6 minutes"},"schema":{"@context":"https:\/\/schema.org","@graph":[{"@type":"WebPage","@id":"https:\/\/flashmode.tn\/magazine\/retraite-herbert-leonard-comment-vit-il-sa-nouvelle-melodie-de-la-vie\/","url":"https:\/\/flashmode.tn\/magazine\/retraite-herbert-leonard-comment-vit-il-sa-nouvelle-melodie-de-la-vie\/","name":"Retraite Herbert L\u00e9onard : Comment vit-il sa nouvelle m\u00e9lodie de la vie ? - Flashmode Magazine | Magazine de mode et style de vie Num\u00e9ro un en Tunisie et au Maghreb","isPartOf":{"@id":"https:\/\/flashmode.tn\/magazine\/#website"},"primaryImageOfPage":{"@id":"https:\/\/flashmode.tn\/magazine\/retraite-herbert-leonard-comment-vit-il-sa-nouvelle-melodie-de-la-vie\/#primaryimage"},"image":{"@id":"https:\/\/flashmode.tn\/magazine\/retraite-herbert-leonard-comment-vit-il-sa-nouvelle-melodie-de-la-vie\/#primaryimage"},"thumbnailUrl":"https:\/\/i0.wp.com\/flashmode.tn\/magazine\/wp-content\/uploads\/2024\/03\/Retraite-Herbert-Leonard-Comment-vit-il-sa-nouvelle-melodie-de-la-vie-.png?fit=1640%2C924&ssl=1","datePublished":"2024-03-12T01:58:36+00:00","dateModified":"2024-03-28T10:30:42+00:00","author":{"@id":"https:\/\/flashmode.tn\/magazine\/#\/schema\/person\/79940f8af94166a445dd5bd6b3137682"},"description":"Retraite Herbert L\u00e9onard : Une Symphonie de Repos Bien M\u00e9rit\u00e9 et de Nouvelles Aventures! Imaginez-vous, assis confortablement dans un fauteuil, les rayons","breadcrumb":{"@id":"https:\/\/flashmode.tn\/magazine\/retraite-herbert-leonard-comment-vit-il-sa-nouvelle-melodie-de-la-vie\/#breadcrumb"},"inLanguage":"fr-FR","potentialAction":[{"@type":"ReadAction","target":["https:\/\/flashmode.tn\/magazine\/retraite-herbert-leonard-comment-vit-il-sa-nouvelle-melodie-de-la-vie\/"]}]},{"@type":"ImageObject","inLanguage":"fr-FR","@id":"https:\/\/flashmode.tn\/magazine\/retraite-herbert-leonard-comment-vit-il-sa-nouvelle-melodie-de-la-vie\/#primaryimage","url":"https:\/\/i0.wp.com\/flashmode.tn\/magazine\/wp-content\/uploads\/2024\/03\/Retraite-Herbert-Leonard-Comment-vit-il-sa-nouvelle-melodie-de-la-vie-.png?fit=1640%2C924&ssl=1","contentUrl":"https:\/\/i0.wp.com\/flashmode.tn\/magazine\/wp-content\/uploads\/2024\/03\/Retraite-Herbert-Leonard-Comment-vit-il-sa-nouvelle-melodie-de-la-vie-.png?fit=1640%2C924&ssl=1","width":1640,"height":924,"caption":"Retraite Herbert L\u00e9onard : Comment vit-il sa nouvelle m\u00e9lodie de la vie ?"},{"@type":"BreadcrumbList","@id":"https:\/\/flashmode.tn\/magazine\/retraite-herbert-leonard-comment-vit-il-sa-nouvelle-melodie-de-la-vie\/#breadcrumb","itemListElement":[{"@type":"ListItem","position":1,"name":"Accueil","item":"https:\/\/flashmode.tn\/magazine\/"},{"@type":"ListItem","position":2,"name":"Retraite Herbert L\u00e9onard : Comment vit-il sa nouvelle m\u00e9lodie de la vie ?"}]},{"@type":"WebSite","@id":"https:\/\/flashmode.tn\/magazine\/#website","url":"https:\/\/flashmode.tn\/magazine\/","name":"Flashmode Magazine | Magazine de mode et style de vie Num\u00e9ro un en Tunisie et au Maghreb","description":"Magazine de mode et style de vie Num\u00e9ro un en Tunisie et au Maghreb, cr\u00e9\u00e9 pour les hommes et les femmes : conseils beaut\u00e9, mode femme, mode homme, recettes de cuisine, c\u00e9l\u00e9brit\u00e9s et people, mannequins et top modeles","potentialAction":[{"@type":"SearchAction","target":{"@type":"EntryPoint","urlTemplate":"https:\/\/flashmode.tn\/magazine\/?s={search_term_string}"},"query-input":{"@type":"PropertyValueSpecification","valueRequired":true,"valueName":"search_term_string"}}],"inLanguage":"fr-FR"},{"@type":"Person","@id":"https:\/\/flashmode.tn\/magazine\/#\/schema\/person\/79940f8af94166a445dd5bd6b3137682","name":"The Daileigh","image":{"@type":"ImageObject","inLanguage":"fr-FR","@id":"https:\/\/flashmode.tn\/magazine\/#\/schema\/person\/image\/","url":"https:\/\/secure.gravatar.com\/avatar\/30d4d60865d61de3434abd01cb8b4ec5e5b5eb5a274017461832a54857b1770d?s=96&d=mm&r=g","contentUrl":"https:\/\/secure.gravatar.com\/avatar\/30d4d60865d61de3434abd01cb8b4ec5e5b5eb5a274017461832a54857b1770d?s=96&d=mm&r=g","caption":"The Daileigh"},"url":"https:\/\/flashmode.tn\/magazine\/author\/the-daileigh\/"}]}},"jetpack_publicize_connections":[],"jetpack_featured_media_url":"https:\/\/i0.wp.com\/flashmode.tn\/magazine\/wp-content\/uploads\/2024\/03\/Retraite-Herbert-Leonard-Comment-vit-il-sa-nouvelle-melodie-de-la-vie-.png?fit=1640%2C924&ssl=1","jetpack_shortlink":"https:\/\/wp.me\/p8BPGr-rhK","jetpack_sharing_enabled":true,"_links":{"self":[{"href":"https:\/\/flashmode.tn\/magazine\/wp-json\/wp\/v2\/posts\/104888","targetHints":{"allow":["GET"]}}],"collection":[{"href":"https:\/\/flashmode.tn\/magazine\/wp-json\/wp\/v2\/posts"}],"about":[{"href":"https:\/\/flashmode.tn\/magazine\/wp-json\/wp\/v2\/types\/post"}],"author":[{"embeddable":true,"href":"https:\/\/flashmode.tn\/magazine\/wp-json\/wp\/v2\/users\/8"}],"replies":[{"embeddable":true,"href":"https:\/\/flashmode.tn\/magazine\/wp-json\/wp\/v2\/comments?post=104888"}],"version-history":[{"count":2,"href":"https:\/\/flashmode.tn\/magazine\/wp-json\/wp\/v2\/posts\/104888\/revisions"}],"predecessor-version":[{"id":160274,"href":"https:\/\/flashmode.tn\/magazine\/wp-json\/wp\/v2\/posts\/104888\/revisions\/160274"}],"wp:featuredmedia":[{"embeddable":true,"href":"https:\/\/flashmode.tn\/magazine\/wp-json\/wp\/v2\/media\/160273"}],"wp:attachment":[{"href":"https:\/\/flashmode.tn\/magazine\/wp-json\/wp\/v2\/media?parent=104888"}],"wp:term":[{"taxonomy":"category","embeddable":true,"href":"https:\/\/flashmode.tn\/magazine\/wp-json\/wp\/v2\/categories?post=104888"},{"taxonomy":"post_tag","embeddable":true,"href":"https:\/\/flashmode.tn\/magazine\/wp-json\/wp\/v2\/tags?post=104888"}],"curies":[{"name":"wp","href":"https:\/\/api.w.org\/{rel}","templated":true}]}}