{"id":104894,"date":"2024-03-12T02:58:51","date_gmt":"2024-03-12T01:58:51","guid":{"rendered":"https:\/\/flashmode.tn\/magazine\/emile-disparition-quest-il-arrive-au-petit-emile\/"},"modified":"2024-03-28T12:11:17","modified_gmt":"2024-03-28T11:11:17","slug":"emile-disparition-quest-il-arrive-au-petit-emile","status":"publish","type":"post","link":"https:\/\/flashmode.tn\/magazine\/emile-disparition-quest-il-arrive-au-petit-emile\/","title":{"rendered":"Emile Disparition : Qu&rsquo;est-il arriv\u00e9 au petit \u00c9mile ?"},"content":{"rendered":"\n<p>Emile Disparition : plongez au c\u0153ur d&rsquo;une \u00e9nigme d\u00e9concertante qui a captiv\u00e9 toute une communaut\u00e9. Imaginez un petit gar\u00e7on, \u00c9mile, qui dispara\u00eet sans laisser de trace, laissant derri\u00e8re lui des interrogations et des sp\u00e9culations. Dans cet article, nous explorerons les diff\u00e9rentes facettes de cette affaire myst\u00e9rieuse et les pistes envisag\u00e9es pour r\u00e9soudre cette \u00e9nigme. Attachez vos ceintures, car nous entrons dans un monde o\u00f9 rien n&rsquo;est ce qu&rsquo;il semble \u00eatre. Pr\u00e9parez-vous \u00e0 \u00eatre \u00e9tonn\u00e9, intrigu\u00e9 et peut-\u00eatre m\u00eame \u00e0 remettre en question tout ce que vous pensiez savoir sur les disparitions. Bienvenue dans l&rsquo;univers troublant de l&rsquo;affaire \u00c9mile Disparition.<\/p>\n\n\n\n<div id=\"ez-toc-container\" class=\"ez-toc-v2_0_81 counter-hierarchy ez-toc-counter ez-toc-grey ez-toc-container-direction\">\n<div class=\"ez-toc-title-container\">\n<p class=\"ez-toc-title\" style=\"cursor:inherit\">Contenus de la page<\/p>\n<span class=\"ez-toc-title-toggle\"><a href=\"#\" class=\"ez-toc-pull-right ez-toc-btn ez-toc-btn-xs ez-toc-btn-default ez-toc-toggle\" aria-label=\"Toggle Table of Content\"><span class=\"ez-toc-js-icon-con\"><span class=\"\"><span class=\"eztoc-hide\" style=\"display:none;\">Toggle<\/span><span class=\"ez-toc-icon-toggle-span\"><svg style=\"fill: #999;color:#999\" xmlns=\"http:\/\/www.w3.org\/2000\/svg\" class=\"list-377408\" width=\"20px\" height=\"20px\" viewBox=\"0 0 24 24\" fill=\"none\"><path d=\"M6 6H4v2h2V6zm14 0H8v2h12V6zM4 11h2v2H4v-2zm16 0H8v2h12v-2zM4 16h2v2H4v-2zm16 0H8v2h12v-2z\" fill=\"currentColor\"><\/path><\/svg><svg style=\"fill: #999;color:#999\" class=\"arrow-unsorted-368013\" xmlns=\"http:\/\/www.w3.org\/2000\/svg\" width=\"10px\" height=\"10px\" viewBox=\"0 0 24 24\" version=\"1.2\" baseProfile=\"tiny\"><path d=\"M18.2 9.3l-6.2-6.3-6.2 6.3c-.2.2-.3.4-.3.7s.1.5.3.7c.2.2.4.3.7.3h11c.3 0 .5-.1.7-.3.2-.2.3-.5.3-.7s-.1-.5-.3-.7zM5.8 14.7l6.2 6.3 6.2-6.3c.2-.2.3-.5.3-.7s-.1-.5-.3-.7c-.2-.2-.4-.3-.7-.3h-11c-.3 0-.5.1-.7.3-.2.2-.3.5-.3.7s.1.5.3.7z\"\/><\/svg><\/span><\/span><\/span><\/a><\/span><\/div>\n<nav><ul class='ez-toc-list ez-toc-list-level-1 ' ><li class='ez-toc-page-1 ez-toc-heading-level-2'><a class=\"ez-toc-link ez-toc-heading-1\" href=\"https:\/\/flashmode.tn\/magazine\/emile-disparition-quest-il-arrive-au-petit-emile\/#La_Disparition_Deconcertante_du_Petit_Emile\" >La Disparition D\u00e9concertante du Petit \u00c9mile<\/a><ul class='ez-toc-list-level-3' ><li class='ez-toc-heading-level-3'><a class=\"ez-toc-link ez-toc-heading-2\" href=\"https:\/\/flashmode.tn\/magazine\/emile-disparition-quest-il-arrive-au-petit-emile\/#Une_Enigme_qui_Persiste\" >Une \u00c9nigme qui Persiste<\/a><\/li><li class='ez-toc-page-1 ez-toc-heading-level-3'><a class=\"ez-toc-link ez-toc-heading-3\" href=\"https:\/\/flashmode.tn\/magazine\/emile-disparition-quest-il-arrive-au-petit-emile\/#Les_Recherches_Intensives_Sans_Relache\" >Les Recherches Intensives Sans Rel\u00e2che<\/a><\/li><\/ul><\/li><li class='ez-toc-page-1 ez-toc-heading-level-2'><a class=\"ez-toc-link ez-toc-heading-4\" href=\"https:\/\/flashmode.tn\/magazine\/emile-disparition-quest-il-arrive-au-petit-emile\/#LAngle_de_lAccident_Une_Possibilite_Envisagee\" >L&rsquo;Angle de l&rsquo;Accident: Une Possibilit\u00e9 Envisag\u00e9e<\/a><ul class='ez-toc-list-level-3' ><li class='ez-toc-heading-level-3'><a class=\"ez-toc-link ez-toc-heading-5\" href=\"https:\/\/flashmode.tn\/magazine\/emile-disparition-quest-il-arrive-au-petit-emile\/#Une_Theorie_Troublante\" >Une Th\u00e9orie Troublante<\/a><\/li><li class='ez-toc-page-1 ez-toc-heading-level-3'><a class=\"ez-toc-link ez-toc-heading-6\" href=\"https:\/\/flashmode.tn\/magazine\/emile-disparition-quest-il-arrive-au-petit-emile\/#Les_Limites_de_cette_Hypothese\" >Les Limites de cette Hypoth\u00e8se<\/a><\/li><\/ul><\/li><li class='ez-toc-page-1 ez-toc-heading-level-2'><a class=\"ez-toc-link ez-toc-heading-7\" href=\"https:\/\/flashmode.tn\/magazine\/emile-disparition-quest-il-arrive-au-petit-emile\/#Les_Operations_de_Fouille_Une_Lueur_dEspoir\" >Les Op\u00e9rations de Fouille: Une Lueur d&rsquo;Espoir?<\/a><ul class='ez-toc-list-level-3' ><li class='ez-toc-heading-level-3'><a class=\"ez-toc-link ez-toc-heading-8\" href=\"https:\/\/flashmode.tn\/magazine\/emile-disparition-quest-il-arrive-au-petit-emile\/#Les_Efforts_des_Enqueteurs\" >Les Efforts des Enqu\u00eateurs<\/a><\/li><li class='ez-toc-page-1 ez-toc-heading-level-3'><a class=\"ez-toc-link ez-toc-heading-9\" href=\"https:\/\/flashmode.tn\/magazine\/emile-disparition-quest-il-arrive-au-petit-emile\/#Des_Resultats_Infructueux\" >Des R\u00e9sultats Infructueux<\/a><\/li><\/ul><\/li><li class='ez-toc-page-1 ez-toc-heading-level-2'><a class=\"ez-toc-link ez-toc-heading-10\" href=\"https:\/\/flashmode.tn\/magazine\/emile-disparition-quest-il-arrive-au-petit-emile\/#La_Couverture_Mediatique_de_lAffaire_Emile\" >La Couverture M\u00e9diatique de l&rsquo;Affaire \u00c9mile<\/a><ul class='ez-toc-list-level-3' ><li class='ez-toc-heading-level-3'><a class=\"ez-toc-link ez-toc-heading-11\" href=\"https:\/\/flashmode.tn\/magazine\/emile-disparition-quest-il-arrive-au-petit-emile\/#Une_Disparition_qui_Emeut_la_Nation\" >Une Disparition qui \u00c9meut la Nation<\/a><\/li><li class='ez-toc-page-1 ez-toc-heading-level-3'><a class=\"ez-toc-link ez-toc-heading-12\" href=\"https:\/\/flashmode.tn\/magazine\/emile-disparition-quest-il-arrive-au-petit-emile\/#LImpact_de_la_Mediatisation\" >L&rsquo;Impact de la M\u00e9diatisation<\/a><\/li><\/ul><\/li><li class='ez-toc-page-1 ez-toc-heading-level-2'><a class=\"ez-toc-link ez-toc-heading-13\" href=\"https:\/\/flashmode.tn\/magazine\/emile-disparition-quest-il-arrive-au-petit-emile\/#Les_Prochaines_Etapes_de_lEnquete\" >Les Prochaines \u00c9tapes de l&rsquo;Enqu\u00eate<\/a><ul class='ez-toc-list-level-3' ><li class='ez-toc-heading-level-3'><a class=\"ez-toc-link ez-toc-heading-14\" href=\"https:\/\/flashmode.tn\/magazine\/emile-disparition-quest-il-arrive-au-petit-emile\/#Continuer_a_Explorer_Toutes_les_Pistes\" >Continuer \u00e0 Explorer Toutes les Pistes<\/a><\/li><li class='ez-toc-page-1 ez-toc-heading-level-3'><a class=\"ez-toc-link ez-toc-heading-15\" href=\"https:\/\/flashmode.tn\/magazine\/emile-disparition-quest-il-arrive-au-petit-emile\/#LAppel_a_la_Collaboration_Publique\" >L&rsquo;Appel \u00e0 la Collaboration Publique<\/a><\/li><\/ul><\/li><li class='ez-toc-page-1 ez-toc-heading-level-2'><a class=\"ez-toc-link ez-toc-heading-16\" href=\"https:\/\/flashmode.tn\/magazine\/emile-disparition-quest-il-arrive-au-petit-emile\/#Conclusion_Une_Communaute_en_Attente_de_Reponses\" >Conclusion: Une Communaut\u00e9 en Attente de R\u00e9ponses<\/a><\/li><\/ul><\/nav><\/div>\n<h2 class=\"wp-block-heading\" id=\"h-la-disparition-deconcertante-du-petit-emile\"><span class=\"ez-toc-section\" id=\"La_Disparition_Deconcertante_du_Petit_Emile\"><\/span>La Disparition D\u00e9concertante du Petit \u00c9mile<span class=\"ez-toc-section-end\"><\/span><\/h2>\n\n\n\n<h3 class=\"wp-block-heading\" id=\"h-une-enigme-qui-persiste\"><span class=\"ez-toc-section\" id=\"Une_Enigme_qui_Persiste\"><\/span>Une \u00c9nigme qui Persiste<span class=\"ez-toc-section-end\"><\/span><\/h3>\n\n\n\n<p>Depuis le 8 juillet 2023, la disparition du petit \u00c9mile dans le hameau du Haut-Vernet a laiss\u00e9 la communaut\u00e9 locale et les enqu\u00eateurs dans un \u00e9tat de perplexit\u00e9 profonde. Malgr\u00e9 les multiples efforts et les diverses strat\u00e9gies de recherche, <strong>le myst\u00e8re reste entier<\/strong>. L&rsquo;enfant de deux ans et demi s&rsquo;est litt\u00e9ralement \u00ab\u00a0volatilis\u00e9\u00a0\u00bb, laissant derri\u00e8re lui une multitude de questions sans r\u00e9ponses.<\/p>\n\n\n\n<h3 class=\"wp-block-heading\" id=\"h-les-recherches-intensives-sans-relache\"><span class=\"ez-toc-section\" id=\"Les_Recherches_Intensives_Sans_Relache\"><\/span>Les Recherches Intensives Sans Rel\u00e2che<span class=\"ez-toc-section-end\"><\/span><\/h3>\n\n\n\n<p>Les enqu\u00eateurs, loin de baisser les bras, multiplient les initiatives pour d\u00e9m\u00ealer cet imbroglio. Les fouilles ont commenc\u00e9 le 11 septembre, soit deux mois apr\u00e8s sa disparition, avec une vigueur renouvel\u00e9e, mais <strong>aucune trace d&rsquo;\u00c9mile n&rsquo;a \u00e9t\u00e9 d\u00e9tect\u00e9e<\/strong>. Les hypoth\u00e8ses sont nombreuses, mais la plus pr\u00e9occupante reste celle d&rsquo;un accident impliquant un tiers, comme l&rsquo;\u00e9ventuelle collision avec un tracteur conduit par un certain L\u00e9o. Cependant, pour qu&rsquo;une telle hypoth\u00e8se soit plausible, il aurait fallu que le petit \u00c9mile ait parcouru seul une distance cons\u00e9quente, de plusieurs centaines de m\u00e8tres, avant l&rsquo;accident.<\/p>\n\n\n\n<h2 class=\"wp-block-heading\" id=\"h-l-angle-de-l-accident-une-possibilite-envisagee\"><span class=\"ez-toc-section\" id=\"LAngle_de_lAccident_Une_Possibilite_Envisagee\"><\/span>L&rsquo;Angle de l&rsquo;Accident: Une Possibilit\u00e9 Envisag\u00e9e<span class=\"ez-toc-section-end\"><\/span><\/h2>\n\n\n\n<h3 class=\"wp-block-heading\" id=\"h-une-theorie-troublante\"><span class=\"ez-toc-section\" id=\"Une_Theorie_Troublante\"><\/span>Une Th\u00e9orie Troublante<span class=\"ez-toc-section-end\"><\/span><\/h3>\n\n\n\n<p>Les enqu\u00eateurs n&rsquo;\u00e9cartent aucune piste, y compris celle d&rsquo;un accident tragique. L&rsquo;id\u00e9e qu&rsquo;\u00c9mile aurait pu \u00eatre heurt\u00e9 par un v\u00e9hicule lors d&rsquo;une exploration innocente est une possibilit\u00e9 qui hante tous les esprits. \u00c0 ce jour, <strong>aucun corps n&rsquo;a \u00e9t\u00e9 retrouv\u00e9<\/strong>, et donc l&rsquo;hypoth\u00e8se d&rsquo;un accident demeure non confirm\u00e9e, mais elle est prise tr\u00e8s au s\u00e9rieux.<\/p>\n\n\n\n<h3 class=\"wp-block-heading\" id=\"h-les-limites-de-cette-hypothese\"><span class=\"ez-toc-section\" id=\"Les_Limites_de_cette_Hypothese\"><\/span>Les Limites de cette Hypoth\u00e8se<span class=\"ez-toc-section-end\"><\/span><\/h3>\n\n\n\n<p>La piste accidentelle, bien que s\u00e9rieuse, s&rsquo;accompagne de ses propres complexit\u00e9s. Le fait qu&rsquo;\u00c9mile ait pu se d\u00e9placer tout seul sur une telle distance soul\u00e8ve des interrogations sur la vigilance et l&rsquo;environnement s\u00e9curitaire autour de lui. De plus, le silence du potentiel conducteur impliqu\u00e9 ajoute une couche de myst\u00e8re \u00e0 cette affaire d\u00e9j\u00e0 opaque.<\/p>\n\n\n\n<h2 class=\"wp-block-heading\" id=\"h-les-operations-de-fouille-une-lueur-d-espoir\"><span class=\"ez-toc-section\" id=\"Les_Operations_de_Fouille_Une_Lueur_dEspoir\"><\/span>Les Op\u00e9rations de Fouille: Une Lueur d&rsquo;Espoir?<span class=\"ez-toc-section-end\"><\/span><\/h2>\n\n\n\n<h3 class=\"wp-block-heading\" id=\"h-les-efforts-des-enqueteurs\"><span class=\"ez-toc-section\" id=\"Les_Efforts_des_Enqueteurs\"><\/span>Les Efforts des Enqu\u00eateurs<span class=\"ez-toc-section-end\"><\/span><\/h3>\n\n\n\n<p>Les op\u00e9rations de fouille men\u00e9es dans le hameau o\u00f9 \u00c9mile a \u00e9t\u00e9 vu pour la derni\u00e8re fois sont le reflet de la d\u00e9termination des enqu\u00eateurs. Chaque indice est minutieusement analys\u00e9, chaque recoin est scrut\u00e9, dans l&rsquo;espoir de retrouver le jeune gar\u00e7on ou du moins de comprendre ce qui a pu lui arriver.<\/p>\n\n\n\n<h3 class=\"wp-block-heading\" id=\"h-des-resultats-infructueux\"><span class=\"ez-toc-section\" id=\"Des_Resultats_Infructueux\"><\/span>Des R\u00e9sultats Infructueux<span class=\"ez-toc-section-end\"><\/span><\/h3>\n\n\n\n<p>Malgr\u00e9 ces efforts soutenus, <strong>les nouvelles recherches n&rsquo;ont men\u00e9 \u00e0 aucun r\u00e9sultat concluant<\/strong>. L&rsquo;absence de d\u00e9couverte significative laisse les autorit\u00e9s et les proches d&rsquo;\u00c9mile dans une attente angoissante. L&rsquo;\u00e9nigme de sa disparition semble de plus en plus insaisissable.<\/p>\n\n\n\n<h2 class=\"wp-block-heading\" id=\"h-la-couverture-mediatique-de-l-affaire-emile\"><span class=\"ez-toc-section\" id=\"La_Couverture_Mediatique_de_lAffaire_Emile\"><\/span>La Couverture M\u00e9diatique de l&rsquo;Affaire \u00c9mile<span class=\"ez-toc-section-end\"><\/span><\/h2>\n\n\n\n<h3 class=\"wp-block-heading\" id=\"h-une-disparition-qui-emeut-la-nation\"><span class=\"ez-toc-section\" id=\"Une_Disparition_qui_Emeut_la_Nation\"><\/span>Une Disparition qui \u00c9meut la Nation<span class=\"ez-toc-section-end\"><\/span><\/h3>\n\n\n\n<p>Des m\u00e9dias nationaux tels que BFM TV et Franceinfo ont rapport\u00e9 l&rsquo;affaire, ce qui t\u00e9moigne de la port\u00e9e nationale de cette disparition. L&rsquo;attention m\u00e9diatique met en lumi\u00e8re non seulement la trag\u00e9die de la situation mais contribue \u00e9galement \u00e0 sensibiliser le public et potentiellement \u00e0 encourager des t\u00e9moignages qui pourraient faire avancer l&rsquo;enqu\u00eate.<\/p>\n\n\n\n<h3 class=\"wp-block-heading\" id=\"h-l-impact-de-la-mediatisation\"><span class=\"ez-toc-section\" id=\"LImpact_de_la_Mediatisation\"><\/span>L&rsquo;Impact de la M\u00e9diatisation<span class=\"ez-toc-section-end\"><\/span><\/h3>\n\n\n\n<p>Si la m\u00e9diatisation peut \u00eatre double tranchant, dans le cas d&rsquo;\u00c9mile, tout indice ou t\u00e9moignage peut s&rsquo;av\u00e9rer crucial. Chaque diffusion d&rsquo;informations renouvelle l&rsquo;espoir de trouver un \u00e9l\u00e9ment qui pourrait \u00e9clairer ce qui s&rsquo;est pass\u00e9 ce fatidique 8 juillet.<\/p>\n\n\n\n<h2 class=\"wp-block-heading\" id=\"h-les-prochaines-etapes-de-l-enquete\"><span class=\"ez-toc-section\" id=\"Les_Prochaines_Etapes_de_lEnquete\"><\/span>Les Prochaines \u00c9tapes de l&rsquo;Enqu\u00eate<span class=\"ez-toc-section-end\"><\/span><\/h2>\n\n\n\n<h3 class=\"wp-block-heading\" id=\"h-continuer-a-explorer-toutes-les-pistes\"><span class=\"ez-toc-section\" id=\"Continuer_a_Explorer_Toutes_les_Pistes\"><\/span>Continuer \u00e0 Explorer Toutes les Pistes<span class=\"ez-toc-section-end\"><\/span><\/h3>\n\n\n\n<p>Les enqu\u00eateurs, malgr\u00e9 le temps qui passe, continuent d&rsquo;explorer toutes les pistes. L&rsquo;approche est d\u00e9sormais plus large et prend en compte de multiples sc\u00e9narios. Comme l&rsquo;affaire a \u00e9volu\u00e9, les autorit\u00e9s sont pass\u00e9es \u00e0 une phase d&rsquo;enqu\u00eate diff\u00e9rente, indiquant un potentiel changement de strat\u00e9gie.<\/p>\n\n\n\n<h3 class=\"wp-block-heading\" id=\"h-l-appel-a-la-collaboration-publique\"><span class=\"ez-toc-section\" id=\"LAppel_a_la_Collaboration_Publique\"><\/span>L&rsquo;Appel \u00e0 la Collaboration Publique<span class=\"ez-toc-section-end\"><\/span><\/h3>\n\n\n\n<p>La r\u00e9solution de l&rsquo;affaire \u00c9mile pourrait bien d\u00e9pendre de la collaboration du public. Les enqu\u00eateurs encouragent toute personne ayant des informations, aussi mineures soient-elles, \u00e0 se manifester. Chaque d\u00e9tail pourrait \u00eatre la cl\u00e9 qui d\u00e9verrouille cette affaire d\u00e9routante.<\/p>\n\n\n\n<h2 class=\"wp-block-heading\" id=\"h-conclusion-une-communaute-en-attente-de-reponses\"><span class=\"ez-toc-section\" id=\"Conclusion_Une_Communaute_en_Attente_de_Reponses\"><\/span>Conclusion: Une Communaut\u00e9 en Attente de R\u00e9ponses<span class=\"ez-toc-section-end\"><\/span><\/h2>\n\n\n\n<p>La disparition du petit \u00c9mile est une trag\u00e9die qui a touch\u00e9 de nombreuses vies. Les habitants du Haut-Vernet, les enqu\u00eateurs et la famille du petit gar\u00e7on restent dans l&rsquo;attente et l&rsquo;espoir qu&rsquo;un jour, la v\u00e9rit\u00e9 \u00e9merge. La recherche se poursuit, et avec elle, la qu\u00eate incessante pour des r\u00e9ponses dans cette affaire non r\u00e9solue.<\/p>\n\n\n\n<p>En tant que communaut\u00e9, nous sommes unis dans l&rsquo;espoir que des r\u00e9v\u00e9lations futures puissent apporter un certain degr\u00e9 de cl\u00f4ture \u00e0 cette affaire douloureuse et myst\u00e9rieuse. L&rsquo;histoire du petit \u00c9mile n&rsquo;est pas oubli\u00e9e, et la d\u00e9termination \u00e0 d\u00e9couvrir la v\u00e9rit\u00e9 demeure intacte.<\/p>\n\n\n\n<hr class=\"wp-block-separator has-alpha-channel-opacity\"\/>\n\n\n\n<p><strong>Q: O\u00f9 en est l&rsquo;affaire du petit \u00c9mile aujourd&rsquo;hui ?<\/strong><br><br>R: Le petit \u00c9mile, disparu le 8 juillet dernier, est encore introuvable. Depuis fin juillet, une information judiciaire a \u00e9t\u00e9 ouverte pour \u00ab\u00a0enl\u00e8vement, arrestation, d\u00e9tention et s\u00e9questration arbitraires\u00a0\u00bb.<\/p>\n\n\n\n<p><strong>Q: Comment \u00c9mile a-t-il disparu ?<\/strong><br><br>R: On suppose qu&rsquo;\u00c9mile a pu dispara\u00eetre \u00e0 la suite d&rsquo;un accident caus\u00e9 par un tiers ou \u00e0 une vitesse r\u00e9duite sur une piste caillouteuse. Cependant, il aurait fallu qu&rsquo;\u00c9mile, \u00e2g\u00e9 de deux ans et demi, parcourt seul une distance d&rsquo;au moins plusieurs centaines de m\u00e8tres avant une \u00e9ventuelle collision.<\/p>\n","protected":false},"excerpt":{"rendered":"<p>Emile Disparition : plongez au c\u0153ur d&rsquo;une \u00e9nigme d\u00e9concertante qui a captiv\u00e9 toute une communaut\u00e9. Imaginez un petit gar\u00e7on, \u00c9mile, qui dispara\u00eet sans laisser de trace, laissant derri\u00e8re lui des interrogations et des sp\u00e9culations. Dans cet article, nous explorerons les diff\u00e9rentes facettes de cette affaire myst\u00e9rieuse et les pistes envisag\u00e9es pour r\u00e9soudre cette \u00e9nigme. Attachez [&hellip;]<\/p>\n","protected":false},"author":8,"featured_media":160291,"comment_status":"open","ping_status":"open","sticky":false,"template":"","format":"standard","meta":{"tdm_status":"","tdm_grid_status":"","_jetpack_memberships_contains_paid_content":false,"footnotes":"","jetpack_publicize_message":"","jetpack_publicize_feature_enabled":true,"jetpack_social_post_already_shared":false,"jetpack_social_options":{"image_generator_settings":{"template":"highway","default_image_id":0,"font":"","enabled":false},"version":2}},"categories":[78],"tags":[],"class_list":["post-104894","post","type-post","status-publish","format-standard","has-post-thumbnail","hentry","category-culture"],"yoast_head":"<!-- This site is optimized with the Yoast SEO Premium plugin v25.0 (Yoast SEO v25.0) - https:\/\/yoast.com\/wordpress\/plugins\/seo\/ -->\n<title>Emile Disparition : Qu&#039;est-il arriv\u00e9 au petit \u00c9mile ? - Flashmode Magazine | Magazine de mode et style de vie Num\u00e9ro un en Tunisie et au Maghreb<\/title>\n<meta name=\"description\" content=\"Emile Disparition : plongez au c\u0153ur d&#039;une \u00e9nigme d\u00e9concertante qui a captiv\u00e9 toute une communaut\u00e9. Imaginez un petit gar\u00e7on, \u00c9mile, qui dispara\u00eet sans\" \/>\n<meta name=\"robots\" content=\"index, follow, max-snippet:-1, max-image-preview:large, max-video-preview:-1\" \/>\n<link rel=\"canonical\" href=\"https:\/\/flashmode.tn\/magazine\/emile-disparition-quest-il-arrive-au-petit-emile\/\" \/>\n<meta property=\"og:locale\" content=\"fr_FR\" \/>\n<meta property=\"og:type\" content=\"article\" \/>\n<meta property=\"og:title\" content=\"Emile Disparition : Qu&#039;est-il arriv\u00e9 au petit \u00c9mile ? - Flashmode Magazine | Magazine de mode et style de vie Num\u00e9ro un en Tunisie et au Maghreb\" \/>\n<meta property=\"og:description\" content=\"Emile Disparition : plongez au c\u0153ur d&#039;une \u00e9nigme d\u00e9concertante qui a captiv\u00e9 toute une communaut\u00e9. Imaginez un petit gar\u00e7on, \u00c9mile, qui dispara\u00eet sans\" \/>\n<meta property=\"og:url\" content=\"https:\/\/flashmode.tn\/magazine\/emile-disparition-quest-il-arrive-au-petit-emile\/\" \/>\n<meta property=\"og:site_name\" content=\"Flashmode Magazine | Magazine de mode et style de vie Num\u00e9ro un en Tunisie et au Maghreb\" \/>\n<meta property=\"article:publisher\" content=\"https:\/\/www.facebook.com\/flashmode.magazine\/\" \/>\n<meta property=\"article:published_time\" content=\"2024-03-12T01:58:51+00:00\" \/>\n<meta property=\"article:modified_time\" content=\"2024-03-28T11:11:17+00:00\" \/>\n<meta property=\"og:image\" content=\"https:\/\/flashmode.tn\/magazine\/wp-content\/uploads\/2024\/03\/Emile-Disparition-Quest-il-arrive-au-petit-Emile-.png\" \/>\n\t<meta property=\"og:image:width\" content=\"1640\" \/>\n\t<meta property=\"og:image:height\" content=\"924\" \/>\n\t<meta property=\"og:image:type\" content=\"image\/png\" \/>\n<meta name=\"author\" content=\"The Daileigh\" \/>\n<meta name=\"twitter:card\" content=\"summary_large_image\" \/>\n<meta name=\"twitter:creator\" content=\"@agenceflashmode\" \/>\n<meta name=\"twitter:site\" content=\"@agenceflashmode\" \/>\n<meta name=\"twitter:label1\" content=\"\u00c9crit par\" \/>\n\t<meta name=\"twitter:data1\" content=\"The Daileigh\" \/>\n\t<meta name=\"twitter:label2\" content=\"Dur\u00e9e de lecture estim\u00e9e\" \/>\n\t<meta name=\"twitter:data2\" content=\"5 minutes\" \/>\n<script type=\"application\/ld+json\" class=\"yoast-schema-graph\">{\"@context\":\"https:\/\/schema.org\",\"@graph\":[{\"@type\":\"WebPage\",\"@id\":\"https:\/\/flashmode.tn\/magazine\/emile-disparition-quest-il-arrive-au-petit-emile\/\",\"url\":\"https:\/\/flashmode.tn\/magazine\/emile-disparition-quest-il-arrive-au-petit-emile\/\",\"name\":\"Emile Disparition : Qu'est-il arriv\u00e9 au petit \u00c9mile ? - Flashmode Magazine | Magazine de mode et style de vie Num\u00e9ro un en Tunisie et au Maghreb\",\"isPartOf\":{\"@id\":\"https:\/\/flashmode.tn\/magazine\/#website\"},\"primaryImageOfPage\":{\"@id\":\"https:\/\/flashmode.tn\/magazine\/emile-disparition-quest-il-arrive-au-petit-emile\/#primaryimage\"},\"image\":{\"@id\":\"https:\/\/flashmode.tn\/magazine\/emile-disparition-quest-il-arrive-au-petit-emile\/#primaryimage\"},\"thumbnailUrl\":\"https:\/\/i0.wp.com\/flashmode.tn\/magazine\/wp-content\/uploads\/2024\/03\/Emile-Disparition-Quest-il-arrive-au-petit-Emile-.png?fit=1640%2C924&ssl=1\",\"datePublished\":\"2024-03-12T01:58:51+00:00\",\"dateModified\":\"2024-03-28T11:11:17+00:00\",\"author\":{\"@id\":\"https:\/\/flashmode.tn\/magazine\/#\/schema\/person\/79940f8af94166a445dd5bd6b3137682\"},\"description\":\"Emile Disparition : plongez au c\u0153ur d'une \u00e9nigme d\u00e9concertante qui a captiv\u00e9 toute une communaut\u00e9. Imaginez un petit gar\u00e7on, \u00c9mile, qui dispara\u00eet sans\",\"breadcrumb\":{\"@id\":\"https:\/\/flashmode.tn\/magazine\/emile-disparition-quest-il-arrive-au-petit-emile\/#breadcrumb\"},\"inLanguage\":\"fr-FR\",\"potentialAction\":[{\"@type\":\"ReadAction\",\"target\":[\"https:\/\/flashmode.tn\/magazine\/emile-disparition-quest-il-arrive-au-petit-emile\/\"]}]},{\"@type\":\"ImageObject\",\"inLanguage\":\"fr-FR\",\"@id\":\"https:\/\/flashmode.tn\/magazine\/emile-disparition-quest-il-arrive-au-petit-emile\/#primaryimage\",\"url\":\"https:\/\/i0.wp.com\/flashmode.tn\/magazine\/wp-content\/uploads\/2024\/03\/Emile-Disparition-Quest-il-arrive-au-petit-Emile-.png?fit=1640%2C924&ssl=1\",\"contentUrl\":\"https:\/\/i0.wp.com\/flashmode.tn\/magazine\/wp-content\/uploads\/2024\/03\/Emile-Disparition-Quest-il-arrive-au-petit-Emile-.png?fit=1640%2C924&ssl=1\",\"width\":1640,\"height\":924,\"caption\":\"Emile Disparition : Qu'est-il arriv\u00e9 au petit \u00c9mile ?\"},{\"@type\":\"BreadcrumbList\",\"@id\":\"https:\/\/flashmode.tn\/magazine\/emile-disparition-quest-il-arrive-au-petit-emile\/#breadcrumb\",\"itemListElement\":[{\"@type\":\"ListItem\",\"position\":1,\"name\":\"Accueil\",\"item\":\"https:\/\/flashmode.tn\/magazine\/\"},{\"@type\":\"ListItem\",\"position\":2,\"name\":\"Emile Disparition : Qu&rsquo;est-il arriv\u00e9 au petit \u00c9mile ?\"}]},{\"@type\":\"WebSite\",\"@id\":\"https:\/\/flashmode.tn\/magazine\/#website\",\"url\":\"https:\/\/flashmode.tn\/magazine\/\",\"name\":\"Flashmode Magazine | Magazine de mode et style de vie Num\u00e9ro un en Tunisie et au Maghreb\",\"description\":\"Magazine de mode et style de vie Num\u00e9ro un en Tunisie et au Maghreb, cr\u00e9\u00e9 pour les hommes et les femmes : conseils beaut\u00e9, mode femme, mode homme, recettes de cuisine, c\u00e9l\u00e9brit\u00e9s et people, mannequins et top modeles\",\"potentialAction\":[{\"@type\":\"SearchAction\",\"target\":{\"@type\":\"EntryPoint\",\"urlTemplate\":\"https:\/\/flashmode.tn\/magazine\/?s={search_term_string}\"},\"query-input\":{\"@type\":\"PropertyValueSpecification\",\"valueRequired\":true,\"valueName\":\"search_term_string\"}}],\"inLanguage\":\"fr-FR\"},{\"@type\":\"Person\",\"@id\":\"https:\/\/flashmode.tn\/magazine\/#\/schema\/person\/79940f8af94166a445dd5bd6b3137682\",\"name\":\"The Daileigh\",\"image\":{\"@type\":\"ImageObject\",\"inLanguage\":\"fr-FR\",\"@id\":\"https:\/\/flashmode.tn\/magazine\/#\/schema\/person\/image\/\",\"url\":\"https:\/\/secure.gravatar.com\/avatar\/30d4d60865d61de3434abd01cb8b4ec5e5b5eb5a274017461832a54857b1770d?s=96&d=mm&r=g\",\"contentUrl\":\"https:\/\/secure.gravatar.com\/avatar\/30d4d60865d61de3434abd01cb8b4ec5e5b5eb5a274017461832a54857b1770d?s=96&d=mm&r=g\",\"caption\":\"The Daileigh\"},\"url\":\"https:\/\/flashmode.tn\/magazine\/author\/the-daileigh\/\"}]}<\/script>\n<!-- \/ Yoast SEO Premium plugin. -->","yoast_head_json":{"title":"Emile Disparition : Qu'est-il arriv\u00e9 au petit \u00c9mile ? - Flashmode Magazine | Magazine de mode et style de vie Num\u00e9ro un en Tunisie et au Maghreb","description":"Emile Disparition : plongez au c\u0153ur d'une \u00e9nigme d\u00e9concertante qui a captiv\u00e9 toute une communaut\u00e9. Imaginez un petit gar\u00e7on, \u00c9mile, qui dispara\u00eet sans","robots":{"index":"index","follow":"follow","max-snippet":"max-snippet:-1","max-image-preview":"max-image-preview:large","max-video-preview":"max-video-preview:-1"},"canonical":"https:\/\/flashmode.tn\/magazine\/emile-disparition-quest-il-arrive-au-petit-emile\/","og_locale":"fr_FR","og_type":"article","og_title":"Emile Disparition : Qu'est-il arriv\u00e9 au petit \u00c9mile ? - Flashmode Magazine | Magazine de mode et style de vie Num\u00e9ro un en Tunisie et au Maghreb","og_description":"Emile Disparition : plongez au c\u0153ur d'une \u00e9nigme d\u00e9concertante qui a captiv\u00e9 toute une communaut\u00e9. Imaginez un petit gar\u00e7on, \u00c9mile, qui dispara\u00eet sans","og_url":"https:\/\/flashmode.tn\/magazine\/emile-disparition-quest-il-arrive-au-petit-emile\/","og_site_name":"Flashmode Magazine | Magazine de mode et style de vie Num\u00e9ro un en Tunisie et au Maghreb","article_publisher":"https:\/\/www.facebook.com\/flashmode.magazine\/","article_published_time":"2024-03-12T01:58:51+00:00","article_modified_time":"2024-03-28T11:11:17+00:00","og_image":[{"width":1640,"height":924,"url":"https:\/\/flashmode.tn\/magazine\/wp-content\/uploads\/2024\/03\/Emile-Disparition-Quest-il-arrive-au-petit-Emile-.png","type":"image\/png"}],"author":"The Daileigh","twitter_card":"summary_large_image","twitter_creator":"@agenceflashmode","twitter_site":"@agenceflashmode","twitter_misc":{"\u00c9crit par":"The Daileigh","Dur\u00e9e de lecture estim\u00e9e":"5 minutes"},"schema":{"@context":"https:\/\/schema.org","@graph":[{"@type":"WebPage","@id":"https:\/\/flashmode.tn\/magazine\/emile-disparition-quest-il-arrive-au-petit-emile\/","url":"https:\/\/flashmode.tn\/magazine\/emile-disparition-quest-il-arrive-au-petit-emile\/","name":"Emile Disparition : Qu'est-il arriv\u00e9 au petit \u00c9mile ? - Flashmode Magazine | Magazine de mode et style de vie Num\u00e9ro un en Tunisie et au Maghreb","isPartOf":{"@id":"https:\/\/flashmode.tn\/magazine\/#website"},"primaryImageOfPage":{"@id":"https:\/\/flashmode.tn\/magazine\/emile-disparition-quest-il-arrive-au-petit-emile\/#primaryimage"},"image":{"@id":"https:\/\/flashmode.tn\/magazine\/emile-disparition-quest-il-arrive-au-petit-emile\/#primaryimage"},"thumbnailUrl":"https:\/\/i0.wp.com\/flashmode.tn\/magazine\/wp-content\/uploads\/2024\/03\/Emile-Disparition-Quest-il-arrive-au-petit-Emile-.png?fit=1640%2C924&ssl=1","datePublished":"2024-03-12T01:58:51+00:00","dateModified":"2024-03-28T11:11:17+00:00","author":{"@id":"https:\/\/flashmode.tn\/magazine\/#\/schema\/person\/79940f8af94166a445dd5bd6b3137682"},"description":"Emile Disparition : plongez au c\u0153ur d'une \u00e9nigme d\u00e9concertante qui a captiv\u00e9 toute une communaut\u00e9. Imaginez un petit gar\u00e7on, \u00c9mile, qui dispara\u00eet sans","breadcrumb":{"@id":"https:\/\/flashmode.tn\/magazine\/emile-disparition-quest-il-arrive-au-petit-emile\/#breadcrumb"},"inLanguage":"fr-FR","potentialAction":[{"@type":"ReadAction","target":["https:\/\/flashmode.tn\/magazine\/emile-disparition-quest-il-arrive-au-petit-emile\/"]}]},{"@type":"ImageObject","inLanguage":"fr-FR","@id":"https:\/\/flashmode.tn\/magazine\/emile-disparition-quest-il-arrive-au-petit-emile\/#primaryimage","url":"https:\/\/i0.wp.com\/flashmode.tn\/magazine\/wp-content\/uploads\/2024\/03\/Emile-Disparition-Quest-il-arrive-au-petit-Emile-.png?fit=1640%2C924&ssl=1","contentUrl":"https:\/\/i0.wp.com\/flashmode.tn\/magazine\/wp-content\/uploads\/2024\/03\/Emile-Disparition-Quest-il-arrive-au-petit-Emile-.png?fit=1640%2C924&ssl=1","width":1640,"height":924,"caption":"Emile Disparition : Qu'est-il arriv\u00e9 au petit \u00c9mile ?"},{"@type":"BreadcrumbList","@id":"https:\/\/flashmode.tn\/magazine\/emile-disparition-quest-il-arrive-au-petit-emile\/#breadcrumb","itemListElement":[{"@type":"ListItem","position":1,"name":"Accueil","item":"https:\/\/flashmode.tn\/magazine\/"},{"@type":"ListItem","position":2,"name":"Emile Disparition : Qu&rsquo;est-il arriv\u00e9 au petit \u00c9mile ?"}]},{"@type":"WebSite","@id":"https:\/\/flashmode.tn\/magazine\/#website","url":"https:\/\/flashmode.tn\/magazine\/","name":"Flashmode Magazine | Magazine de mode et style de vie Num\u00e9ro un en Tunisie et au Maghreb","description":"Magazine de mode et style de vie Num\u00e9ro un en Tunisie et au Maghreb, cr\u00e9\u00e9 pour les hommes et les femmes : conseils beaut\u00e9, mode femme, mode homme, recettes de cuisine, c\u00e9l\u00e9brit\u00e9s et people, mannequins et top modeles","potentialAction":[{"@type":"SearchAction","target":{"@type":"EntryPoint","urlTemplate":"https:\/\/flashmode.tn\/magazine\/?s={search_term_string}"},"query-input":{"@type":"PropertyValueSpecification","valueRequired":true,"valueName":"search_term_string"}}],"inLanguage":"fr-FR"},{"@type":"Person","@id":"https:\/\/flashmode.tn\/magazine\/#\/schema\/person\/79940f8af94166a445dd5bd6b3137682","name":"The Daileigh","image":{"@type":"ImageObject","inLanguage":"fr-FR","@id":"https:\/\/flashmode.tn\/magazine\/#\/schema\/person\/image\/","url":"https:\/\/secure.gravatar.com\/avatar\/30d4d60865d61de3434abd01cb8b4ec5e5b5eb5a274017461832a54857b1770d?s=96&d=mm&r=g","contentUrl":"https:\/\/secure.gravatar.com\/avatar\/30d4d60865d61de3434abd01cb8b4ec5e5b5eb5a274017461832a54857b1770d?s=96&d=mm&r=g","caption":"The Daileigh"},"url":"https:\/\/flashmode.tn\/magazine\/author\/the-daileigh\/"}]}},"jetpack_publicize_connections":[],"jetpack_featured_media_url":"https:\/\/i0.wp.com\/flashmode.tn\/magazine\/wp-content\/uploads\/2024\/03\/Emile-Disparition-Quest-il-arrive-au-petit-Emile-.png?fit=1640%2C924&ssl=1","jetpack_shortlink":"https:\/\/wp.me\/p8BPGr-rhQ","jetpack_sharing_enabled":true,"_links":{"self":[{"href":"https:\/\/flashmode.tn\/magazine\/wp-json\/wp\/v2\/posts\/104894","targetHints":{"allow":["GET"]}}],"collection":[{"href":"https:\/\/flashmode.tn\/magazine\/wp-json\/wp\/v2\/posts"}],"about":[{"href":"https:\/\/flashmode.tn\/magazine\/wp-json\/wp\/v2\/types\/post"}],"author":[{"embeddable":true,"href":"https:\/\/flashmode.tn\/magazine\/wp-json\/wp\/v2\/users\/8"}],"replies":[{"embeddable":true,"href":"https:\/\/flashmode.tn\/magazine\/wp-json\/wp\/v2\/comments?post=104894"}],"version-history":[{"count":2,"href":"https:\/\/flashmode.tn\/magazine\/wp-json\/wp\/v2\/posts\/104894\/revisions"}],"predecessor-version":[{"id":160292,"href":"https:\/\/flashmode.tn\/magazine\/wp-json\/wp\/v2\/posts\/104894\/revisions\/160292"}],"wp:featuredmedia":[{"embeddable":true,"href":"https:\/\/flashmode.tn\/magazine\/wp-json\/wp\/v2\/media\/160291"}],"wp:attachment":[{"href":"https:\/\/flashmode.tn\/magazine\/wp-json\/wp\/v2\/media?parent=104894"}],"wp:term":[{"taxonomy":"category","embeddable":true,"href":"https:\/\/flashmode.tn\/magazine\/wp-json\/wp\/v2\/categories?post=104894"},{"taxonomy":"post_tag","embeddable":true,"href":"https:\/\/flashmode.tn\/magazine\/wp-json\/wp\/v2\/tags?post=104894"}],"curies":[{"name":"wp","href":"https:\/\/api.w.org\/{rel}","templated":true}]}}