{"id":104906,"date":"2024-03-12T02:58:27","date_gmt":"2024-03-12T01:58:27","guid":{"rendered":"https:\/\/flashmode.tn\/magazine\/chute-florent-pagny-comment-il-a-surmonte-ladversite-et-inspire-le-public-avec-sa-resilience-face-au-cancer-du-poumon\/"},"modified":"2024-03-28T12:58:18","modified_gmt":"2024-03-28T11:58:18","slug":"chute-florent-pagny-comment-il-a-surmonte-ladversite-et-inspire-le-public-avec-sa-resilience-face-au-cancer-du-poumon","status":"publish","type":"post","link":"https:\/\/flashmode.tn\/magazine\/chute-florent-pagny-comment-il-a-surmonte-ladversite-et-inspire-le-public-avec-sa-resilience-face-au-cancer-du-poumon\/","title":{"rendered":"Chute Florent Pagny : Comment il a surmont\u00e9 l&rsquo;adversit\u00e9 et inspir\u00e9 le public avec sa r\u00e9silience face au cancer du poumon ?"},"content":{"rendered":"\n<p>Vous connaissez tous Florent Pagny, le c\u00e9l\u00e8bre chanteur \u00e0 la voix envo\u00fbtante et aux m\u00e9lodies intemporelles. Mais saviez-vous que derri\u00e8re cette apparence de force et de succ\u00e8s se cache une incroyable r\u00e9silience ? Aujourd&rsquo;hui, plongeons dans l&rsquo;histoire de la chute de Florent Pagny et d\u00e9couvrons comment il a su se relever avec courage et d\u00e9termination. Accrochez-vous, car cette histoire promet d&rsquo;\u00eatre aussi captivante que ses chansons ! Bienvenue dans le monde de la chute Florent Pagny, un r\u00e9cit inspirant qui vous fera croire en la force de l&rsquo;esprit humain.<\/p>\n\n\n\n<div id=\"ez-toc-container\" class=\"ez-toc-v2_0_81 counter-hierarchy ez-toc-counter ez-toc-grey ez-toc-container-direction\">\n<div class=\"ez-toc-title-container\">\n<p class=\"ez-toc-title\" style=\"cursor:inherit\">Contenus de la page<\/p>\n<span class=\"ez-toc-title-toggle\"><a href=\"#\" class=\"ez-toc-pull-right ez-toc-btn ez-toc-btn-xs ez-toc-btn-default ez-toc-toggle\" aria-label=\"Toggle Table of Content\"><span class=\"ez-toc-js-icon-con\"><span class=\"\"><span class=\"eztoc-hide\" style=\"display:none;\">Toggle<\/span><span class=\"ez-toc-icon-toggle-span\"><svg style=\"fill: #999;color:#999\" xmlns=\"http:\/\/www.w3.org\/2000\/svg\" class=\"list-377408\" width=\"20px\" height=\"20px\" viewBox=\"0 0 24 24\" fill=\"none\"><path d=\"M6 6H4v2h2V6zm14 0H8v2h12V6zM4 11h2v2H4v-2zm16 0H8v2h12v-2zM4 16h2v2H4v-2zm16 0H8v2h12v-2z\" fill=\"currentColor\"><\/path><\/svg><svg style=\"fill: #999;color:#999\" class=\"arrow-unsorted-368013\" xmlns=\"http:\/\/www.w3.org\/2000\/svg\" width=\"10px\" height=\"10px\" viewBox=\"0 0 24 24\" version=\"1.2\" baseProfile=\"tiny\"><path d=\"M18.2 9.3l-6.2-6.3-6.2 6.3c-.2.2-.3.4-.3.7s.1.5.3.7c.2.2.4.3.7.3h11c.3 0 .5-.1.7-.3.2-.2.3-.5.3-.7s-.1-.5-.3-.7zM5.8 14.7l6.2 6.3 6.2-6.3c.2-.2.3-.5.3-.7s-.1-.5-.3-.7c-.2-.2-.4-.3-.7-.3h-11c-.3 0-.5.1-.7.3-.2.2-.3.5-.3.7s.1.5.3.7z\"\/><\/svg><\/span><\/span><\/span><\/a><\/span><\/div>\n<nav><ul class='ez-toc-list ez-toc-list-level-1 ' ><li class='ez-toc-page-1 ez-toc-heading-level-2'><a class=\"ez-toc-link ez-toc-heading-1\" href=\"https:\/\/flashmode.tn\/magazine\/chute-florent-pagny-comment-il-a-surmonte-ladversite-et-inspire-le-public-avec-sa-resilience-face-au-cancer-du-poumon\/#La_resilience_de_Florent_Pagny_face_a_ladversite\" >La r\u00e9silience de Florent Pagny face \u00e0 l&rsquo;adversit\u00e9<\/a><ul class='ez-toc-list-level-3' ><li class='ez-toc-heading-level-3'><a class=\"ez-toc-link ez-toc-heading-2\" href=\"https:\/\/flashmode.tn\/magazine\/chute-florent-pagny-comment-il-a-surmonte-ladversite-et-inspire-le-public-avec-sa-resilience-face-au-cancer-du-poumon\/#La_chute_inattendue_avant_un_concert_memorable\" >La chute inattendue avant un concert m\u00e9morable<\/a><\/li><li class='ez-toc-page-1 ez-toc-heading-level-3'><a class=\"ez-toc-link ez-toc-heading-3\" href=\"https:\/\/flashmode.tn\/magazine\/chute-florent-pagny-comment-il-a-surmonte-ladversite-et-inspire-le-public-avec-sa-resilience-face-au-cancer-du-poumon\/#Les_consequences_de_laccident\" >Les cons\u00e9quences de l&rsquo;accident<\/a><\/li><\/ul><\/li><li class='ez-toc-page-1 ez-toc-heading-level-2'><a class=\"ez-toc-link ez-toc-heading-4\" href=\"https:\/\/flashmode.tn\/magazine\/chute-florent-pagny-comment-il-a-surmonte-ladversite-et-inspire-le-public-avec-sa-resilience-face-au-cancer-du-poumon\/#Un_combat_contre_le_cancer_du_poumon\" >Un combat contre le cancer du poumon<\/a><ul class='ez-toc-list-level-3' ><li class='ez-toc-heading-level-3'><a class=\"ez-toc-link ez-toc-heading-5\" href=\"https:\/\/flashmode.tn\/magazine\/chute-florent-pagny-comment-il-a-surmonte-ladversite-et-inspire-le-public-avec-sa-resilience-face-au-cancer-du-poumon\/#Une_volonte_de_fer_malgre_la_maladie\" >Une volont\u00e9 de fer malgr\u00e9 la maladie<\/a><\/li><li class='ez-toc-page-1 ez-toc-heading-level-3'><a class=\"ez-toc-link ez-toc-heading-6\" href=\"https:\/\/flashmode.tn\/magazine\/chute-florent-pagny-comment-il-a-surmonte-ladversite-et-inspire-le-public-avec-sa-resilience-face-au-cancer-du-poumon\/#Des_nouvelles_encourageantes_et_un_moral_dacier\" >Des nouvelles encourageantes et un moral d&rsquo;acier<\/a><\/li><\/ul><\/li><li class='ez-toc-page-1 ez-toc-heading-level-2'><a class=\"ez-toc-link ez-toc-heading-7\" href=\"https:\/\/flashmode.tn\/magazine\/chute-florent-pagny-comment-il-a-surmonte-ladversite-et-inspire-le-public-avec-sa-resilience-face-au-cancer-du-poumon\/#La_revelation_dun_cancer_et_le_soutien_du_public\" >La r\u00e9v\u00e9lation d&rsquo;un cancer et le soutien du public<\/a><ul class='ez-toc-list-level-3' ><li class='ez-toc-heading-level-3'><a class=\"ez-toc-link ez-toc-heading-8\" href=\"https:\/\/flashmode.tn\/magazine\/chute-florent-pagny-comment-il-a-surmonte-ladversite-et-inspire-le-public-avec-sa-resilience-face-au-cancer-du-poumon\/#La_reaction_des_fans_et_de_la_communaute_artistique\" >La r\u00e9action des fans et de la communaut\u00e9 artistique<\/a><\/li><li class='ez-toc-page-1 ez-toc-heading-level-3'><a class=\"ez-toc-link ez-toc-heading-9\" href=\"https:\/\/flashmode.tn\/magazine\/chute-florent-pagny-comment-il-a-surmonte-ladversite-et-inspire-le-public-avec-sa-resilience-face-au-cancer-du-poumon\/#Le_chemin_de_la_guerison_et_les_defis_a_relever\" >Le chemin de la gu\u00e9rison et les d\u00e9fis \u00e0 relever<\/a><\/li><\/ul><\/li><li class='ez-toc-page-1 ez-toc-heading-level-2'><a class=\"ez-toc-link ez-toc-heading-10\" href=\"https:\/\/flashmode.tn\/magazine\/chute-florent-pagny-comment-il-a-surmonte-ladversite-et-inspire-le-public-avec-sa-resilience-face-au-cancer-du-poumon\/#La_chute_un_nouveau_defi_sur_le_chemin_de_la_guerison\" >La chute, un nouveau d\u00e9fi sur le chemin de la gu\u00e9rison<\/a><ul class='ez-toc-list-level-3' ><li class='ez-toc-heading-level-3'><a class=\"ez-toc-link ez-toc-heading-11\" href=\"https:\/\/flashmode.tn\/magazine\/chute-florent-pagny-comment-il-a-surmonte-ladversite-et-inspire-le-public-avec-sa-resilience-face-au-cancer-du-poumon\/#Limpact_de_la_chute_sur_sa_carriere_et_sa_sante\" >L&rsquo;impact de la chute sur sa carri\u00e8re et sa sant\u00e9<\/a><\/li><li class='ez-toc-page-1 ez-toc-heading-level-3'><a class=\"ez-toc-link ez-toc-heading-12\" href=\"https:\/\/flashmode.tn\/magazine\/chute-florent-pagny-comment-il-a-surmonte-ladversite-et-inspire-le-public-avec-sa-resilience-face-au-cancer-du-poumon\/#Le_soutien_continu_du_public_et_des_proches\" >Le soutien continu du public et des proches<\/a><\/li><\/ul><\/li><li class='ez-toc-page-1 ez-toc-heading-level-2'><a class=\"ez-toc-link ez-toc-heading-13\" href=\"https:\/\/flashmode.tn\/magazine\/chute-florent-pagny-comment-il-a-surmonte-ladversite-et-inspire-le-public-avec-sa-resilience-face-au-cancer-du-poumon\/#Conclusion_La_perseverance_de_Florent_Pagny_un_exemple_pour_tous\" >Conclusion: La pers\u00e9v\u00e9rance de Florent Pagny, un exemple pour tous<\/a><\/li><\/ul><\/nav><\/div>\n<h2 class=\"wp-block-heading\" id=\"h-la-resilience-de-florent-pagny-face-a-l-adversite\"><span class=\"ez-toc-section\" id=\"La_resilience_de_Florent_Pagny_face_a_ladversite\"><\/span>La r\u00e9silience de Florent Pagny face \u00e0 l&rsquo;adversit\u00e9<span class=\"ez-toc-section-end\"><\/span><\/h2>\n\n\n\n<p>La vie de Florent Pagny a \u00e9t\u00e9 ponctu\u00e9e de rebondissements et de d\u00e9monstrations de force et de courage. Confront\u00e9 \u00e0 un cancer du poumon depuis 2022, l&rsquo;artiste a fait preuve d&rsquo;une r\u00e9silience hors du commun, d\u00e9termin\u00e9 \u00e0 ne pas laisser la maladie dicter sa vie. Cependant, le 30 juin 2023, un nouvel obstacle est venu se dresser sur son chemin.<\/p>\n\n\n\n<h3 class=\"wp-block-heading\" id=\"h-la-chute-inattendue-avant-un-concert-memorable\"><span class=\"ez-toc-section\" id=\"La_chute_inattendue_avant_un_concert_memorable\"><\/span>La chute inattendue avant un concert m\u00e9morable<span class=\"ez-toc-section-end\"><\/span><\/h3>\n\n\n\n<p>Alors qu&rsquo;il se pr\u00e9parait pour un concert dans l&#8217;embl\u00e9matique ar\u00e8ne de N\u00eemes, Florent Pagny a fait une chute grave. Cet incident a non seulement \u00e9t\u00e9 un choc pour ses fans mais a \u00e9galement mis en lumi\u00e8re la vuln\u00e9rabilit\u00e9 de l&rsquo;homme derri\u00e8re l&rsquo;artiste. La n\u00e9cessit\u00e9 de se rendre aux urgences de Nanterre a soulign\u00e9 la gravit\u00e9 de la situation.<\/p>\n\n\n\n<h3 class=\"wp-block-heading\" id=\"h-les-consequences-de-l-accident\"><span class=\"ez-toc-section\" id=\"Les_consequences_de_laccident\"><\/span>Les cons\u00e9quences de l&rsquo;accident<span class=\"ez-toc-section-end\"><\/span><\/h3>\n\n\n\n<p>Les r\u00e9sultats \u00e9taient sans appel : deux ou trois c\u00f4tes cass\u00e9es. Une blessure douloureuse et handicapante, particuli\u00e8rement pour un chanteur dont la respiration joue un r\u00f4le capital dans l&rsquo;exercice de son art. Cet \u00e9v\u00e9nement a \u00e9t\u00e9 un test de plus pour sa d\u00e9termination.<\/p>\n\n\n\n<h2 class=\"wp-block-heading\" id=\"h-un-combat-contre-le-cancer-du-poumon\"><span class=\"ez-toc-section\" id=\"Un_combat_contre_le_cancer_du_poumon\"><\/span>Un combat contre le cancer du poumon<span class=\"ez-toc-section-end\"><\/span><\/h2>\n\n\n\n<p>Depuis l&rsquo;annonce de sa maladie en janvier 2022, Florent Pagny a \u00e9t\u00e9 transparent avec le public sur sa lutte contre le cancer. Son parcours est marqu\u00e9 par des hauts et des bas, avec une r\u00e9mission annonc\u00e9e en juin 2022 suivie d&rsquo;une rechute. Face \u00e0 une tumeur non op\u00e9rable, il a choisi de continuer le combat avec des traitements de chimioth\u00e9rapie.<\/p>\n\n\n\n<h3 class=\"wp-block-heading\" id=\"h-une-volonte-de-fer-malgre-la-maladie\"><span class=\"ez-toc-section\" id=\"Une_volonte_de_fer_malgre_la_maladie\"><\/span>Une volont\u00e9 de fer malgr\u00e9 la maladie<span class=\"ez-toc-section-end\"><\/span><\/h3>\n\n\n\n<p>Malgr\u00e9 la fatigue des traitements et l&rsquo;intensit\u00e9 de la lutte contre le cancer, Florent Pagny a fait le choix de rester actif et de poursuivre sa carri\u00e8re. Sa passion pour la musique et son engagement envers son public sont des sources de motivation qui l&rsquo;ont aid\u00e9 \u00e0 avancer dans les moments les plus difficiles.<\/p>\n\n\n\n<h3 class=\"wp-block-heading\" id=\"h-des-nouvelles-encourageantes-et-un-moral-d-acier\"><span class=\"ez-toc-section\" id=\"Des_nouvelles_encourageantes_et_un_moral_dacier\"><\/span>Des nouvelles encourageantes et un moral d&rsquo;acier<span class=\"ez-toc-section-end\"><\/span><\/h3>\n\n\n\n<p>Sur le plateau du journal de 20 heures de TF1, Florent Pagny a confi\u00e9 aller \u00ab\u00a0tr\u00e8s bien aujourd&rsquo;hui\u00a0\u00bb, montrant une positivit\u00e9 et un optimisme remarquables. Ces mots ne sont pas seulement rassurants pour ses proches et ses fans, mais ils t\u00e9moignent \u00e9galement de l&rsquo;\u00e9nergie et de la pers\u00e9v\u00e9rance de l&rsquo;artiste.<\/p>\n\n\n\n<h2 class=\"wp-block-heading\" id=\"h-la-revelation-d-un-cancer-et-le-soutien-du-public\"><span class=\"ez-toc-section\" id=\"La_revelation_dun_cancer_et_le_soutien_du_public\"><\/span>La r\u00e9v\u00e9lation d&rsquo;un cancer et le soutien du public<span class=\"ez-toc-section-end\"><\/span><\/h2>\n\n\n\n<p>La nouvelle de son cancer a \u00e9t\u00e9 r\u00e9v\u00e9l\u00e9e au grand jour le 25 janvier 2022. Avec une honn\u00eatet\u00e9 touchante, Florent Pagny s&rsquo;est adress\u00e9 \u00e0 ses fans via les r\u00e9seaux sociaux, leur expliquant la raison de l&rsquo;annulation de sa tourn\u00e9e. La tumeur canc\u00e9reuse log\u00e9e dans son poumon \u00e9tait une \u00e9preuve de plus dans sa vie d\u00e9j\u00e0 bien remplie.<\/p>\n\n\n\n<h3 class=\"wp-block-heading\" id=\"h-la-reaction-des-fans-et-de-la-communaute-artistique\"><span class=\"ez-toc-section\" id=\"La_reaction_des_fans_et_de_la_communaute_artistique\"><\/span>La r\u00e9action des fans et de la communaut\u00e9 artistique<span class=\"ez-toc-section-end\"><\/span><\/h3>\n\n\n\n<p>L&rsquo;annonce a suscit\u00e9 une vague de soutien de la part des fans et des coll\u00e8gues artistes. Messages de soutien, hommages musicaux, et pri\u00e8res ont afflu\u00e9 de toutes parts, formant un bouclier de positivit\u00e9 autour de l&rsquo;artiste.<\/p>\n\n\n\n<h3 class=\"wp-block-heading\" id=\"h-le-chemin-de-la-guerison-et-les-defis-a-relever\"><span class=\"ez-toc-section\" id=\"Le_chemin_de_la_guerison_et_les_defis_a_relever\"><\/span>Le chemin de la gu\u00e9rison et les d\u00e9fis \u00e0 relever<span class=\"ez-toc-section-end\"><\/span><\/h3>\n\n\n\n<p>Tout au long de son traitement, Florent Pagny a partag\u00e9 des mises \u00e0 jour sur son \u00e9tat de sant\u00e9, montrant une transparence qui a permis de cr\u00e9er un lien encore plus fort avec le public. Chaque \u00e9tape de sa r\u00e9mission, chaque difficult\u00e9 rencontr\u00e9e, a \u00e9t\u00e9 partag\u00e9e avec une authenticit\u00e9 qui a renforc\u00e9 l&rsquo;admiration de ses fans.<\/p>\n\n\n\n<h2 class=\"wp-block-heading\" id=\"h-la-chute-un-nouveau-defi-sur-le-chemin-de-la-guerison\"><span class=\"ez-toc-section\" id=\"La_chute_un_nouveau_defi_sur_le_chemin_de_la_guerison\"><\/span>La chute, un nouveau d\u00e9fi sur le chemin de la gu\u00e9rison<span class=\"ez-toc-section-end\"><\/span><\/h2>\n\n\n\n<p>La chute survenue juste avant son concert \u00e0 N\u00eemes a \u00e9t\u00e9 un rappel brutal de la fragilit\u00e9 de la vie. Mais c&rsquo;est \u00e9galement un exemple de plus de la capacit\u00e9 de Florent Pagny \u00e0 faire face aux \u00e9preuves avec bravoure.<\/p>\n\n\n\n<h3 class=\"wp-block-heading\" id=\"h-l-impact-de-la-chute-sur-sa-carriere-et-sa-sante\"><span class=\"ez-toc-section\" id=\"Limpact_de_la_chute_sur_sa_carriere_et_sa_sante\"><\/span>L&rsquo;impact de la chute sur sa carri\u00e8re et sa sant\u00e9<span class=\"ez-toc-section-end\"><\/span><\/h3>\n\n\n\n<p>Des c\u00f4tes cass\u00e9es pour un chanteur, c&rsquo;est un coup dur. Cela affecte non seulement la capacit\u00e9 de performer mais aussi le processus de gu\u00e9rison en cours. Cependant, l&rsquo;artiste a montr\u00e9 que, m\u00eame dans la douleur, sa volont\u00e9 de continuer \u00e0 vivre de sa passion reste in\u00e9branlable.<\/p>\n\n\n\n<h3 class=\"wp-block-heading\" id=\"h-le-soutien-continu-du-public-et-des-proches\"><span class=\"ez-toc-section\" id=\"Le_soutien_continu_du_public_et_des_proches\"><\/span>Le soutien continu du public et des proches<span class=\"ez-toc-section-end\"><\/span><\/h3>\n\n\n\n<p>La chute de Florent Pagny a entra\u00een\u00e9 une nouvelle vague de soutien et d&rsquo;encouragement de la part de ses admirateurs et de sa famille. Cette solidarit\u00e9 a certainement jou\u00e9 un r\u00f4le dans sa capacit\u00e9 \u00e0 se relever et \u00e0 continuer \u00e0 se battre.<\/p>\n\n\n\n<h2 class=\"wp-block-heading\" id=\"h-conclusion-la-perseverance-de-florent-pagny-un-exemple-pour-tous\"><span class=\"ez-toc-section\" id=\"Conclusion_La_perseverance_de_Florent_Pagny_un_exemple_pour_tous\"><\/span>Conclusion: La pers\u00e9v\u00e9rance de Florent Pagny, un exemple pour tous<span class=\"ez-toc-section-end\"><\/span><\/h2>\n\n\n\n<p>La vie de Florent Pagny est un r\u00e9cit de courage et de d\u00e9termination que peu peuvent \u00e9galer. Chaque obstacle, chaque d\u00e9fi qu&rsquo;il rencontre ne fait que renforcer la d\u00e9termination qui le caract\u00e9rise. La chute, bien que grave, n&rsquo;est qu&rsquo;un chapitre de plus dans son histoire de r\u00e9silience. Avec le soutien ind\u00e9fectible de son public et le courage qui l&rsquo;anime, il continue de se battre pour sa sant\u00e9 et pour sa passion, prouvant que m\u00eame dans les moments les plus sombres, la lumi\u00e8re de la pers\u00e9v\u00e9rance brille toujours.<\/p>\n\n\n\n<hr class=\"wp-block-separator has-alpha-channel-opacity\"\/>\n\n\n\n<p><strong>Q: Est-il vrai que Florent Pagny est en fin de vie ?<\/strong><br>A: Non, ce n&rsquo;est pas vrai. Depuis janvier 2022, Florent Pagny lutte contre un cancer du poumon, mais il n&rsquo;est pas en fin de vie.<\/p>\n\n\n\n<p><strong>Q: Depuis quand Florent Pagny est-il malade ?<\/strong><br>A: Florent Pagny m\u00e8ne une lutte contre la maladie depuis plus d&rsquo;un an et demi, depuis janvier 2022.<\/p>\n\n\n\n<p><strong>Q: Est-ce que Florent Pagny est en r\u00e9mission ?<\/strong><br>A: Oui, apr\u00e8s plusieurs s\u00e9ances de chimioth\u00e9rapie et de radioth\u00e9rapie, Florent Pagny \u00e9tait en r\u00e9mission.<\/p>\n\n\n\n<p><strong>Q: Est-ce que Florent Pagny a fait une rechute ?<\/strong><br>A: Oui, depuis le d\u00e9but de l&rsquo;ann\u00e9e 2023, Florent Pagny fait face \u00e0 une rechute de son cancer du poumon.<\/p>\n","protected":false},"excerpt":{"rendered":"<p>Vous connaissez tous Florent Pagny, le c\u00e9l\u00e8bre chanteur \u00e0 la voix envo\u00fbtante et aux m\u00e9lodies intemporelles. Mais saviez-vous que derri\u00e8re cette apparence de force et de succ\u00e8s se cache une incroyable r\u00e9silience ? Aujourd&rsquo;hui, plongeons dans l&rsquo;histoire de la chute de Florent Pagny et d\u00e9couvrons comment il a su se relever avec courage et d\u00e9termination. [&hellip;]<\/p>\n","protected":false},"author":8,"featured_media":160323,"comment_status":"open","ping_status":"open","sticky":false,"template":"","format":"standard","meta":{"tdm_status":"","tdm_grid_status":"","_jetpack_memberships_contains_paid_content":false,"footnotes":"","jetpack_publicize_message":"","jetpack_publicize_feature_enabled":true,"jetpack_social_post_already_shared":false,"jetpack_social_options":{"image_generator_settings":{"template":"highway","default_image_id":0,"font":"","enabled":false},"version":2}},"categories":[78],"tags":[],"class_list":["post-104906","post","type-post","status-publish","format-standard","has-post-thumbnail","hentry","category-culture"],"yoast_head":"<!-- This site is optimized with the Yoast SEO Premium plugin v25.0 (Yoast SEO v25.0) - https:\/\/yoast.com\/wordpress\/plugins\/seo\/ -->\n<title>Chute Florent Pagny : Comment il a surmont\u00e9 l&#039;adversit\u00e9 et inspir\u00e9 le public avec sa r\u00e9silience face au cancer du poumon ? - Flashmode Magazine | Magazine de mode et style de vie Num\u00e9ro un en Tunisie et au Maghreb<\/title>\n<meta name=\"description\" content=\"Vous connaissez tous Florent Pagny, le c\u00e9l\u00e8bre chanteur \u00e0 la voix envo\u00fbtante et aux m\u00e9lodies intemporelles. Mais saviez-vous que derri\u00e8re cette apparence\" \/>\n<meta name=\"robots\" content=\"index, follow, max-snippet:-1, max-image-preview:large, max-video-preview:-1\" \/>\n<link rel=\"canonical\" href=\"https:\/\/flashmode.tn\/magazine\/chute-florent-pagny-comment-il-a-surmonte-ladversite-et-inspire-le-public-avec-sa-resilience-face-au-cancer-du-poumon\/\" \/>\n<meta property=\"og:locale\" content=\"fr_FR\" \/>\n<meta property=\"og:type\" content=\"article\" \/>\n<meta property=\"og:title\" content=\"Chute Florent Pagny : Comment il a surmont\u00e9 l&#039;adversit\u00e9 et inspir\u00e9 le public avec sa r\u00e9silience face au cancer du poumon ? - Flashmode Magazine | Magazine de mode et style de vie Num\u00e9ro un en Tunisie et au Maghreb\" \/>\n<meta property=\"og:description\" content=\"Vous connaissez tous Florent Pagny, le c\u00e9l\u00e8bre chanteur \u00e0 la voix envo\u00fbtante et aux m\u00e9lodies intemporelles. Mais saviez-vous que derri\u00e8re cette apparence\" \/>\n<meta property=\"og:url\" content=\"https:\/\/flashmode.tn\/magazine\/chute-florent-pagny-comment-il-a-surmonte-ladversite-et-inspire-le-public-avec-sa-resilience-face-au-cancer-du-poumon\/\" \/>\n<meta property=\"og:site_name\" content=\"Flashmode Magazine | Magazine de mode et style de vie Num\u00e9ro un en Tunisie et au Maghreb\" \/>\n<meta property=\"article:publisher\" content=\"https:\/\/www.facebook.com\/flashmode.magazine\/\" \/>\n<meta property=\"article:published_time\" content=\"2024-03-12T01:58:27+00:00\" \/>\n<meta property=\"article:modified_time\" content=\"2024-03-28T11:58:18+00:00\" \/>\n<meta property=\"og:image\" content=\"https:\/\/flashmode.tn\/magazine\/wp-content\/uploads\/2024\/03\/Chute-Florent-Pagny.png\" \/>\n\t<meta property=\"og:image:width\" content=\"1640\" \/>\n\t<meta property=\"og:image:height\" content=\"924\" \/>\n\t<meta property=\"og:image:type\" content=\"image\/png\" \/>\n<meta name=\"author\" content=\"The Daileigh\" \/>\n<meta name=\"twitter:card\" content=\"summary_large_image\" \/>\n<meta name=\"twitter:creator\" content=\"@agenceflashmode\" \/>\n<meta name=\"twitter:site\" content=\"@agenceflashmode\" \/>\n<meta name=\"twitter:label1\" content=\"\u00c9crit par\" \/>\n\t<meta name=\"twitter:data1\" content=\"The Daileigh\" \/>\n\t<meta name=\"twitter:label2\" content=\"Dur\u00e9e de lecture estim\u00e9e\" \/>\n\t<meta name=\"twitter:data2\" content=\"5 minutes\" \/>\n<script type=\"application\/ld+json\" class=\"yoast-schema-graph\">{\"@context\":\"https:\/\/schema.org\",\"@graph\":[{\"@type\":\"WebPage\",\"@id\":\"https:\/\/flashmode.tn\/magazine\/chute-florent-pagny-comment-il-a-surmonte-ladversite-et-inspire-le-public-avec-sa-resilience-face-au-cancer-du-poumon\/\",\"url\":\"https:\/\/flashmode.tn\/magazine\/chute-florent-pagny-comment-il-a-surmonte-ladversite-et-inspire-le-public-avec-sa-resilience-face-au-cancer-du-poumon\/\",\"name\":\"Chute Florent Pagny : Comment il a surmont\u00e9 l'adversit\u00e9 et inspir\u00e9 le public avec sa r\u00e9silience face au cancer du poumon ? - Flashmode Magazine | Magazine de mode et style de vie Num\u00e9ro un en Tunisie et au Maghreb\",\"isPartOf\":{\"@id\":\"https:\/\/flashmode.tn\/magazine\/#website\"},\"primaryImageOfPage\":{\"@id\":\"https:\/\/flashmode.tn\/magazine\/chute-florent-pagny-comment-il-a-surmonte-ladversite-et-inspire-le-public-avec-sa-resilience-face-au-cancer-du-poumon\/#primaryimage\"},\"image\":{\"@id\":\"https:\/\/flashmode.tn\/magazine\/chute-florent-pagny-comment-il-a-surmonte-ladversite-et-inspire-le-public-avec-sa-resilience-face-au-cancer-du-poumon\/#primaryimage\"},\"thumbnailUrl\":\"https:\/\/i0.wp.com\/flashmode.tn\/magazine\/wp-content\/uploads\/2024\/03\/Chute-Florent-Pagny.png?fit=1640%2C924&ssl=1\",\"datePublished\":\"2024-03-12T01:58:27+00:00\",\"dateModified\":\"2024-03-28T11:58:18+00:00\",\"author\":{\"@id\":\"https:\/\/flashmode.tn\/magazine\/#\/schema\/person\/79940f8af94166a445dd5bd6b3137682\"},\"description\":\"Vous connaissez tous Florent Pagny, le c\u00e9l\u00e8bre chanteur \u00e0 la voix envo\u00fbtante et aux m\u00e9lodies intemporelles. Mais saviez-vous que derri\u00e8re cette apparence\",\"breadcrumb\":{\"@id\":\"https:\/\/flashmode.tn\/magazine\/chute-florent-pagny-comment-il-a-surmonte-ladversite-et-inspire-le-public-avec-sa-resilience-face-au-cancer-du-poumon\/#breadcrumb\"},\"inLanguage\":\"fr-FR\",\"potentialAction\":[{\"@type\":\"ReadAction\",\"target\":[\"https:\/\/flashmode.tn\/magazine\/chute-florent-pagny-comment-il-a-surmonte-ladversite-et-inspire-le-public-avec-sa-resilience-face-au-cancer-du-poumon\/\"]}]},{\"@type\":\"ImageObject\",\"inLanguage\":\"fr-FR\",\"@id\":\"https:\/\/flashmode.tn\/magazine\/chute-florent-pagny-comment-il-a-surmonte-ladversite-et-inspire-le-public-avec-sa-resilience-face-au-cancer-du-poumon\/#primaryimage\",\"url\":\"https:\/\/i0.wp.com\/flashmode.tn\/magazine\/wp-content\/uploads\/2024\/03\/Chute-Florent-Pagny.png?fit=1640%2C924&ssl=1\",\"contentUrl\":\"https:\/\/i0.wp.com\/flashmode.tn\/magazine\/wp-content\/uploads\/2024\/03\/Chute-Florent-Pagny.png?fit=1640%2C924&ssl=1\",\"width\":1640,\"height\":924,\"caption\":\"Chute Florent Pagny : Comment il a surmont\u00e9 l'adversit\u00e9 et inspir\u00e9 le public avec sa r\u00e9silience face au cancer du poumon ?\"},{\"@type\":\"BreadcrumbList\",\"@id\":\"https:\/\/flashmode.tn\/magazine\/chute-florent-pagny-comment-il-a-surmonte-ladversite-et-inspire-le-public-avec-sa-resilience-face-au-cancer-du-poumon\/#breadcrumb\",\"itemListElement\":[{\"@type\":\"ListItem\",\"position\":1,\"name\":\"Accueil\",\"item\":\"https:\/\/flashmode.tn\/magazine\/\"},{\"@type\":\"ListItem\",\"position\":2,\"name\":\"Chute Florent Pagny : Comment il a surmont\u00e9 l&rsquo;adversit\u00e9 et inspir\u00e9 le public avec sa r\u00e9silience face au cancer du poumon ?\"}]},{\"@type\":\"WebSite\",\"@id\":\"https:\/\/flashmode.tn\/magazine\/#website\",\"url\":\"https:\/\/flashmode.tn\/magazine\/\",\"name\":\"Flashmode Magazine | Magazine de mode et style de vie Num\u00e9ro un en Tunisie et au Maghreb\",\"description\":\"Magazine de mode et style de vie Num\u00e9ro un en Tunisie et au Maghreb, cr\u00e9\u00e9 pour les hommes et les femmes : conseils beaut\u00e9, mode femme, mode homme, recettes de cuisine, c\u00e9l\u00e9brit\u00e9s et people, mannequins et top modeles\",\"potentialAction\":[{\"@type\":\"SearchAction\",\"target\":{\"@type\":\"EntryPoint\",\"urlTemplate\":\"https:\/\/flashmode.tn\/magazine\/?s={search_term_string}\"},\"query-input\":{\"@type\":\"PropertyValueSpecification\",\"valueRequired\":true,\"valueName\":\"search_term_string\"}}],\"inLanguage\":\"fr-FR\"},{\"@type\":\"Person\",\"@id\":\"https:\/\/flashmode.tn\/magazine\/#\/schema\/person\/79940f8af94166a445dd5bd6b3137682\",\"name\":\"The Daileigh\",\"image\":{\"@type\":\"ImageObject\",\"inLanguage\":\"fr-FR\",\"@id\":\"https:\/\/flashmode.tn\/magazine\/#\/schema\/person\/image\/\",\"url\":\"https:\/\/secure.gravatar.com\/avatar\/30d4d60865d61de3434abd01cb8b4ec5e5b5eb5a274017461832a54857b1770d?s=96&d=mm&r=g\",\"contentUrl\":\"https:\/\/secure.gravatar.com\/avatar\/30d4d60865d61de3434abd01cb8b4ec5e5b5eb5a274017461832a54857b1770d?s=96&d=mm&r=g\",\"caption\":\"The Daileigh\"},\"url\":\"https:\/\/flashmode.tn\/magazine\/author\/the-daileigh\/\"}]}<\/script>\n<!-- \/ Yoast SEO Premium plugin. -->","yoast_head_json":{"title":"Chute Florent Pagny : Comment il a surmont\u00e9 l'adversit\u00e9 et inspir\u00e9 le public avec sa r\u00e9silience face au cancer du poumon ? - Flashmode Magazine | Magazine de mode et style de vie Num\u00e9ro un en Tunisie et au Maghreb","description":"Vous connaissez tous Florent Pagny, le c\u00e9l\u00e8bre chanteur \u00e0 la voix envo\u00fbtante et aux m\u00e9lodies intemporelles. Mais saviez-vous que derri\u00e8re cette apparence","robots":{"index":"index","follow":"follow","max-snippet":"max-snippet:-1","max-image-preview":"max-image-preview:large","max-video-preview":"max-video-preview:-1"},"canonical":"https:\/\/flashmode.tn\/magazine\/chute-florent-pagny-comment-il-a-surmonte-ladversite-et-inspire-le-public-avec-sa-resilience-face-au-cancer-du-poumon\/","og_locale":"fr_FR","og_type":"article","og_title":"Chute Florent Pagny : Comment il a surmont\u00e9 l'adversit\u00e9 et inspir\u00e9 le public avec sa r\u00e9silience face au cancer du poumon ? - Flashmode Magazine | Magazine de mode et style de vie Num\u00e9ro un en Tunisie et au Maghreb","og_description":"Vous connaissez tous Florent Pagny, le c\u00e9l\u00e8bre chanteur \u00e0 la voix envo\u00fbtante et aux m\u00e9lodies intemporelles. Mais saviez-vous que derri\u00e8re cette apparence","og_url":"https:\/\/flashmode.tn\/magazine\/chute-florent-pagny-comment-il-a-surmonte-ladversite-et-inspire-le-public-avec-sa-resilience-face-au-cancer-du-poumon\/","og_site_name":"Flashmode Magazine | Magazine de mode et style de vie Num\u00e9ro un en Tunisie et au Maghreb","article_publisher":"https:\/\/www.facebook.com\/flashmode.magazine\/","article_published_time":"2024-03-12T01:58:27+00:00","article_modified_time":"2024-03-28T11:58:18+00:00","og_image":[{"width":1640,"height":924,"url":"https:\/\/flashmode.tn\/magazine\/wp-content\/uploads\/2024\/03\/Chute-Florent-Pagny.png","type":"image\/png"}],"author":"The Daileigh","twitter_card":"summary_large_image","twitter_creator":"@agenceflashmode","twitter_site":"@agenceflashmode","twitter_misc":{"\u00c9crit par":"The Daileigh","Dur\u00e9e de lecture estim\u00e9e":"5 minutes"},"schema":{"@context":"https:\/\/schema.org","@graph":[{"@type":"WebPage","@id":"https:\/\/flashmode.tn\/magazine\/chute-florent-pagny-comment-il-a-surmonte-ladversite-et-inspire-le-public-avec-sa-resilience-face-au-cancer-du-poumon\/","url":"https:\/\/flashmode.tn\/magazine\/chute-florent-pagny-comment-il-a-surmonte-ladversite-et-inspire-le-public-avec-sa-resilience-face-au-cancer-du-poumon\/","name":"Chute Florent Pagny : Comment il a surmont\u00e9 l'adversit\u00e9 et inspir\u00e9 le public avec sa r\u00e9silience face au cancer du poumon ? - Flashmode Magazine | Magazine de mode et style de vie Num\u00e9ro un en Tunisie et au Maghreb","isPartOf":{"@id":"https:\/\/flashmode.tn\/magazine\/#website"},"primaryImageOfPage":{"@id":"https:\/\/flashmode.tn\/magazine\/chute-florent-pagny-comment-il-a-surmonte-ladversite-et-inspire-le-public-avec-sa-resilience-face-au-cancer-du-poumon\/#primaryimage"},"image":{"@id":"https:\/\/flashmode.tn\/magazine\/chute-florent-pagny-comment-il-a-surmonte-ladversite-et-inspire-le-public-avec-sa-resilience-face-au-cancer-du-poumon\/#primaryimage"},"thumbnailUrl":"https:\/\/i0.wp.com\/flashmode.tn\/magazine\/wp-content\/uploads\/2024\/03\/Chute-Florent-Pagny.png?fit=1640%2C924&ssl=1","datePublished":"2024-03-12T01:58:27+00:00","dateModified":"2024-03-28T11:58:18+00:00","author":{"@id":"https:\/\/flashmode.tn\/magazine\/#\/schema\/person\/79940f8af94166a445dd5bd6b3137682"},"description":"Vous connaissez tous Florent Pagny, le c\u00e9l\u00e8bre chanteur \u00e0 la voix envo\u00fbtante et aux m\u00e9lodies intemporelles. Mais saviez-vous que derri\u00e8re cette apparence","breadcrumb":{"@id":"https:\/\/flashmode.tn\/magazine\/chute-florent-pagny-comment-il-a-surmonte-ladversite-et-inspire-le-public-avec-sa-resilience-face-au-cancer-du-poumon\/#breadcrumb"},"inLanguage":"fr-FR","potentialAction":[{"@type":"ReadAction","target":["https:\/\/flashmode.tn\/magazine\/chute-florent-pagny-comment-il-a-surmonte-ladversite-et-inspire-le-public-avec-sa-resilience-face-au-cancer-du-poumon\/"]}]},{"@type":"ImageObject","inLanguage":"fr-FR","@id":"https:\/\/flashmode.tn\/magazine\/chute-florent-pagny-comment-il-a-surmonte-ladversite-et-inspire-le-public-avec-sa-resilience-face-au-cancer-du-poumon\/#primaryimage","url":"https:\/\/i0.wp.com\/flashmode.tn\/magazine\/wp-content\/uploads\/2024\/03\/Chute-Florent-Pagny.png?fit=1640%2C924&ssl=1","contentUrl":"https:\/\/i0.wp.com\/flashmode.tn\/magazine\/wp-content\/uploads\/2024\/03\/Chute-Florent-Pagny.png?fit=1640%2C924&ssl=1","width":1640,"height":924,"caption":"Chute Florent Pagny : Comment il a surmont\u00e9 l'adversit\u00e9 et inspir\u00e9 le public avec sa r\u00e9silience face au cancer du poumon ?"},{"@type":"BreadcrumbList","@id":"https:\/\/flashmode.tn\/magazine\/chute-florent-pagny-comment-il-a-surmonte-ladversite-et-inspire-le-public-avec-sa-resilience-face-au-cancer-du-poumon\/#breadcrumb","itemListElement":[{"@type":"ListItem","position":1,"name":"Accueil","item":"https:\/\/flashmode.tn\/magazine\/"},{"@type":"ListItem","position":2,"name":"Chute Florent Pagny : Comment il a surmont\u00e9 l&rsquo;adversit\u00e9 et inspir\u00e9 le public avec sa r\u00e9silience face au cancer du poumon ?"}]},{"@type":"WebSite","@id":"https:\/\/flashmode.tn\/magazine\/#website","url":"https:\/\/flashmode.tn\/magazine\/","name":"Flashmode Magazine | Magazine de mode et style de vie Num\u00e9ro un en Tunisie et au Maghreb","description":"Magazine de mode et style de vie Num\u00e9ro un en Tunisie et au Maghreb, cr\u00e9\u00e9 pour les hommes et les femmes : conseils beaut\u00e9, mode femme, mode homme, recettes de cuisine, c\u00e9l\u00e9brit\u00e9s et people, mannequins et top modeles","potentialAction":[{"@type":"SearchAction","target":{"@type":"EntryPoint","urlTemplate":"https:\/\/flashmode.tn\/magazine\/?s={search_term_string}"},"query-input":{"@type":"PropertyValueSpecification","valueRequired":true,"valueName":"search_term_string"}}],"inLanguage":"fr-FR"},{"@type":"Person","@id":"https:\/\/flashmode.tn\/magazine\/#\/schema\/person\/79940f8af94166a445dd5bd6b3137682","name":"The Daileigh","image":{"@type":"ImageObject","inLanguage":"fr-FR","@id":"https:\/\/flashmode.tn\/magazine\/#\/schema\/person\/image\/","url":"https:\/\/secure.gravatar.com\/avatar\/30d4d60865d61de3434abd01cb8b4ec5e5b5eb5a274017461832a54857b1770d?s=96&d=mm&r=g","contentUrl":"https:\/\/secure.gravatar.com\/avatar\/30d4d60865d61de3434abd01cb8b4ec5e5b5eb5a274017461832a54857b1770d?s=96&d=mm&r=g","caption":"The Daileigh"},"url":"https:\/\/flashmode.tn\/magazine\/author\/the-daileigh\/"}]}},"jetpack_publicize_connections":[],"jetpack_featured_media_url":"https:\/\/i0.wp.com\/flashmode.tn\/magazine\/wp-content\/uploads\/2024\/03\/Chute-Florent-Pagny.png?fit=1640%2C924&ssl=1","jetpack_shortlink":"https:\/\/wp.me\/p8BPGr-ri2","jetpack_sharing_enabled":true,"_links":{"self":[{"href":"https:\/\/flashmode.tn\/magazine\/wp-json\/wp\/v2\/posts\/104906","targetHints":{"allow":["GET"]}}],"collection":[{"href":"https:\/\/flashmode.tn\/magazine\/wp-json\/wp\/v2\/posts"}],"about":[{"href":"https:\/\/flashmode.tn\/magazine\/wp-json\/wp\/v2\/types\/post"}],"author":[{"embeddable":true,"href":"https:\/\/flashmode.tn\/magazine\/wp-json\/wp\/v2\/users\/8"}],"replies":[{"embeddable":true,"href":"https:\/\/flashmode.tn\/magazine\/wp-json\/wp\/v2\/comments?post=104906"}],"version-history":[{"count":2,"href":"https:\/\/flashmode.tn\/magazine\/wp-json\/wp\/v2\/posts\/104906\/revisions"}],"predecessor-version":[{"id":160324,"href":"https:\/\/flashmode.tn\/magazine\/wp-json\/wp\/v2\/posts\/104906\/revisions\/160324"}],"wp:featuredmedia":[{"embeddable":true,"href":"https:\/\/flashmode.tn\/magazine\/wp-json\/wp\/v2\/media\/160323"}],"wp:attachment":[{"href":"https:\/\/flashmode.tn\/magazine\/wp-json\/wp\/v2\/media?parent=104906"}],"wp:term":[{"taxonomy":"category","embeddable":true,"href":"https:\/\/flashmode.tn\/magazine\/wp-json\/wp\/v2\/categories?post=104906"},{"taxonomy":"post_tag","embeddable":true,"href":"https:\/\/flashmode.tn\/magazine\/wp-json\/wp\/v2\/tags?post=104906"}],"curies":[{"name":"wp","href":"https:\/\/api.w.org\/{rel}","templated":true}]}}