{"id":104922,"date":"2024-03-12T02:59:14","date_gmt":"2024-03-12T01:59:14","guid":{"rendered":"https:\/\/flashmode.tn\/magazine\/quelle-est-levolution-de-letat-de-sante-du-bebe-pellissard\/"},"modified":"2024-03-29T08:16:48","modified_gmt":"2024-03-29T07:16:48","slug":"quelle-est-levolution-de-letat-de-sante-du-bebe-pellissard","status":"publish","type":"post","link":"https:\/\/flashmode.tn\/magazine\/quelle-est-levolution-de-letat-de-sante-du-bebe-pellissard\/","title":{"rendered":"Quelle est l&rsquo;\u00e9volution de l&rsquo;\u00e9tat de sant\u00e9 du b\u00e9b\u00e9 Pellissard ?"},"content":{"rendered":"\n<p>Bienvenue dans cet article captivant sur la famille Pellissard et leur b\u00e9b\u00e9 adorable ! Vous \u00eates-vous d\u00e9j\u00e0 demand\u00e9 comment se porte le petit Pellissard ? Eh bien, vous \u00eates au bon endroit ! Dans cet article, nous allons plonger dans l&rsquo;\u00e9tat de sant\u00e9 du b\u00e9b\u00e9 Pellissard et d\u00e9couvrir une stabilit\u00e9 rassurante. Mais ce n&rsquo;est pas tout ! Nous allons \u00e9galement explorer les raisons d&rsquo;un d\u00e9part m\u00e9diatis\u00e9, un nouveau tournant professionnel pour Amandine Pellissard, et m\u00eame un d\u00e9m\u00e9nagement pour un nouveau d\u00e9part. Attachez vos ceintures, car nous allons vous emmener dans l&rsquo;univers fascinant de la famille Pellissard et vous faire d\u00e9couvrir leur incroyable histoire. Alors, pr\u00eat \u00e0 plonger ? Lisez la suite pour en savoir plus !<\/p>\n\n\n\n<div id=\"ez-toc-container\" class=\"ez-toc-v2_0_81 counter-hierarchy ez-toc-counter ez-toc-grey ez-toc-container-direction\">\n<div class=\"ez-toc-title-container\">\n<p class=\"ez-toc-title\" style=\"cursor:inherit\">Contenus de la page<\/p>\n<span class=\"ez-toc-title-toggle\"><a href=\"#\" class=\"ez-toc-pull-right ez-toc-btn ez-toc-btn-xs ez-toc-btn-default ez-toc-toggle\" aria-label=\"Toggle Table of Content\"><span class=\"ez-toc-js-icon-con\"><span class=\"\"><span class=\"eztoc-hide\" style=\"display:none;\">Toggle<\/span><span class=\"ez-toc-icon-toggle-span\"><svg style=\"fill: #999;color:#999\" xmlns=\"http:\/\/www.w3.org\/2000\/svg\" class=\"list-377408\" width=\"20px\" height=\"20px\" viewBox=\"0 0 24 24\" fill=\"none\"><path d=\"M6 6H4v2h2V6zm14 0H8v2h12V6zM4 11h2v2H4v-2zm16 0H8v2h12v-2zM4 16h2v2H4v-2zm16 0H8v2h12v-2z\" fill=\"currentColor\"><\/path><\/svg><svg style=\"fill: #999;color:#999\" class=\"arrow-unsorted-368013\" xmlns=\"http:\/\/www.w3.org\/2000\/svg\" width=\"10px\" height=\"10px\" viewBox=\"0 0 24 24\" version=\"1.2\" baseProfile=\"tiny\"><path d=\"M18.2 9.3l-6.2-6.3-6.2 6.3c-.2.2-.3.4-.3.7s.1.5.3.7c.2.2.4.3.7.3h11c.3 0 .5-.1.7-.3.2-.2.3-.5.3-.7s-.1-.5-.3-.7zM5.8 14.7l6.2 6.3 6.2-6.3c.2-.2.3-.5.3-.7s-.1-.5-.3-.7c-.2-.2-.4-.3-.7-.3h-11c-.3 0-.5.1-.7.3-.2.2-.3.5-.3.7s.1.5.3.7z\"\/><\/svg><\/span><\/span><\/span><\/a><\/span><\/div>\n<nav><ul class='ez-toc-list ez-toc-list-level-1 ' ><li class='ez-toc-page-1 ez-toc-heading-level-2'><a class=\"ez-toc-link ez-toc-heading-1\" href=\"https:\/\/flashmode.tn\/magazine\/quelle-est-levolution-de-letat-de-sante-du-bebe-pellissard\/#Etat_de_sante_du_bebe_Pellissard_une_stabilite_rassurante\" >\u00c9tat de sant\u00e9 du b\u00e9b\u00e9 Pellissard : une stabilit\u00e9 rassurante<\/a><\/li><li class='ez-toc-page-1 ez-toc-heading-level-2'><a class=\"ez-toc-link ez-toc-heading-2\" href=\"https:\/\/flashmode.tn\/magazine\/quelle-est-levolution-de-letat-de-sante-du-bebe-pellissard\/#Un_depart_de_lemission_et_une_plainte_contre_la_production\" >Un d\u00e9part de l&rsquo;\u00e9mission et une plainte contre la production<\/a><\/li><li class='ez-toc-page-1 ez-toc-heading-level-2'><a class=\"ez-toc-link ez-toc-heading-3\" href=\"https:\/\/flashmode.tn\/magazine\/quelle-est-levolution-de-letat-de-sante-du-bebe-pellissard\/#Amandine_Pellissard_un_nouveau_tournant_professionnel\" >Amandine Pellissard, un nouveau tournant professionnel<\/a><\/li><li class='ez-toc-page-1 ez-toc-heading-level-2'><a class=\"ez-toc-link ez-toc-heading-4\" href=\"https:\/\/flashmode.tn\/magazine\/quelle-est-levolution-de-letat-de-sante-du-bebe-pellissard\/#La_famille_Pellissard_une_grande_tribu\" >La famille Pellissard : une grande tribu<\/a><\/li><li class='ez-toc-page-1 ez-toc-heading-level-2'><a class=\"ez-toc-link ez-toc-heading-5\" href=\"https:\/\/flashmode.tn\/magazine\/quelle-est-levolution-de-letat-de-sante-du-bebe-pellissard\/#Un_demenagement_pour_un_nouveau_depart\" >Un d\u00e9m\u00e9nagement pour un nouveau d\u00e9part<\/a><\/li><li class='ez-toc-page-1 ez-toc-heading-level-2'><a class=\"ez-toc-link ez-toc-heading-6\" href=\"https:\/\/flashmode.tn\/magazine\/quelle-est-levolution-de-letat-de-sante-du-bebe-pellissard\/#Les_raisons_dun_depart_mediatise\" >Les raisons d&rsquo;un d\u00e9part m\u00e9diatis\u00e9<\/a><\/li><li class='ez-toc-page-1 ez-toc-heading-level-2'><a class=\"ez-toc-link ez-toc-heading-7\" href=\"https:\/\/flashmode.tn\/magazine\/quelle-est-levolution-de-letat-de-sante-du-bebe-pellissard\/#La_sante_du_bebe_Pellissard_un_soulagement_pour_la_famille\" >La sant\u00e9 du b\u00e9b\u00e9 Pellissard : un soulagement pour la famille<\/a><\/li><li class='ez-toc-page-1 ez-toc-heading-level-2'><a class=\"ez-toc-link ez-toc-heading-8\" href=\"https:\/\/flashmode.tn\/magazine\/quelle-est-levolution-de-letat-de-sante-du-bebe-pellissard\/#La_famille_Pellissard_seloigne_des_projecteurs\" >La famille Pellissard s&rsquo;\u00e9loigne des projecteurs<\/a><\/li><li class='ez-toc-page-1 ez-toc-heading-level-2'><a class=\"ez-toc-link ez-toc-heading-9\" href=\"https:\/\/flashmode.tn\/magazine\/quelle-est-levolution-de-letat-de-sante-du-bebe-pellissard\/#Conclusion\" >Conclusion<\/a><\/li><\/ul><\/nav><\/div>\n<h2 class=\"wp-block-heading\" id=\"h-etat-de-sante-du-bebe-pellissard-une-stabilite-rassurante\"><span class=\"ez-toc-section\" id=\"Etat_de_sante_du_bebe_Pellissard_une_stabilite_rassurante\"><\/span>\u00c9tat de sant\u00e9 du b\u00e9b\u00e9 Pellissard : une stabilit\u00e9 rassurante<span class=\"ez-toc-section-end\"><\/span><\/h2>\n\n\n\n<p>La s\u00e9r\u00e9nit\u00e9 semble r\u00e9gner au sein de la famille Pellissard en ce qui concerne la sant\u00e9 de leur dernier-n\u00e9. Apr\u00e8s avoir travers\u00e9 des p\u00e9riodes d&rsquo;inqui\u00e9tude, la nouvelle est rassurante pour les nombreux suiveurs de la tribu : le b\u00e9b\u00e9 Pellissard est en \u00e9tat stable, sans signe de malaise. Cette information soulage certainement le c\u0153ur des parents et des fr\u00e8res et s\u0153urs, qui voient en cette \u00e9volution un espoir pour une vie familiale apais\u00e9e.<\/p>\n\n\n\n<h2 class=\"wp-block-heading\" id=\"h-un-depart-de-l-emission-et-une-plainte-contre-la-production\"><span class=\"ez-toc-section\" id=\"Un_depart_de_lemission_et_une_plainte_contre_la_production\"><\/span>Un d\u00e9part de l&rsquo;\u00e9mission et une plainte contre la production<span class=\"ez-toc-section-end\"><\/span><\/h2>\n\n\n\n<p>La famille Pellissard, connue du grand public pour son apparition dans l&rsquo;\u00e9mission \u00ab\u00a0Familles nombreuses\u00a0\u00bb, a pris la d\u00e9cision de dire au revoir \u00e0 cette aventure m\u00e9diatique en octobre 2022. Un choix qui a \u00e9t\u00e9 suivi d&rsquo;une annonce plut\u00f4t inattendue : la famille compte porter plainte contre la production de l&rsquo;\u00e9mission. Si les d\u00e9tails de ce conflit n&rsquo;ont pas \u00e9t\u00e9 \u00e9tal\u00e9s publiquement, cette d\u00e9cision marque un tournant important dans le parcours m\u00e9diatique de la famille.<\/p>\n\n\n\n<h2 class=\"wp-block-heading\" id=\"h-amandine-pellissard-un-nouveau-tournant-professionnel\"><span class=\"ez-toc-section\" id=\"Amandine_Pellissard_un_nouveau_tournant_professionnel\"><\/span>Amandine Pellissard, un nouveau tournant professionnel<span class=\"ez-toc-section-end\"><\/span><\/h2>\n\n\n\n<p>En d\u00e9cembre 2022, Amandine Pellissard a annonc\u00e9 se lancer dans un tout autre domaine : la photographie de charme sur la plateforme MYM. Un revirement de carri\u00e8re audacieux qui montre une volont\u00e9 de diversifier ses activit\u00e9s professionnelles et une recherche d&rsquo;ind\u00e9pendance financi\u00e8re, peut-\u00eatre en r\u00e9ponse aux r\u00e9cents \u00e9v\u00e9nements m\u00e9diatiques.<\/p>\n\n\n\n<h2 class=\"wp-block-heading\" id=\"h-la-famille-pellissard-une-grande-tribu\"><span class=\"ez-toc-section\" id=\"La_famille_Pellissard_une_grande_tribu\"><\/span>La famille Pellissard : une grande tribu<span class=\"ez-toc-section-end\"><\/span><\/h2>\n\n\n\n<p>La famille Pellissard est compos\u00e9e de huit enfants, dont les pr\u00e9noms sont L\u00e9o, L\u00e9na, Alina, Louna, Adam, Charles, Hector et Octave. Ces enfants, n\u00e9s entre 2006 et 2020, composent une fratrie aux \u00e2ges vari\u00e9s, offrant une dynamique familiale riche et pleine de d\u00e9fis.<\/p>\n\n\n\n<h2 class=\"wp-block-heading\" id=\"h-un-demenagement-pour-un-nouveau-depart\"><span class=\"ez-toc-section\" id=\"Un_demenagement_pour_un_nouveau_depart\"><\/span>Un d\u00e9m\u00e9nagement pour un nouveau d\u00e9part<span class=\"ez-toc-section-end\"><\/span><\/h2>\n\n\n\n<p>La famille Pellissard a r\u00e9cemment pris la d\u00e9cision de ne plus d\u00e9m\u00e9nager. Cette r\u00e9solution a \u00e9t\u00e9 motiv\u00e9e par le souhait de garantir un cadre de vie confortable pour l&rsquo;arriv\u00e9e de leur neuvi\u00e8me enfant. Ils ont ainsi vendu leur maison \u00e0 Al\u00e8s afin de trouver un nouveau foyer plus spacieux dans la p\u00e9riph\u00e9rie de Montpellier, une r\u00e9gion qui offre un cadre de vie agr\u00e9able et plus adapt\u00e9 \u00e0 leurs besoins.<\/p>\n\n\n\n<h2 class=\"wp-block-heading\" id=\"h-les-raisons-d-un-depart-mediatise\"><span class=\"ez-toc-section\" id=\"Les_raisons_dun_depart_mediatise\"><\/span>Les raisons d&rsquo;un d\u00e9part m\u00e9diatis\u00e9<span class=\"ez-toc-section-end\"><\/span><\/h2>\n\n\n\n<p>La d\u00e9cision d&rsquo;Amandine Pellissard et de sa famille de quitter l&rsquo;\u00e9mission \u00ab\u00a0Familles nombreuses\u00a0\u00bb a suscit\u00e9 de nombreuses interrogations. Les raisons avanc\u00e9es par la m\u00e8re de famille \u00e9taient pour le moins surprenantes et n&rsquo;ont pas \u00e9t\u00e9 confirm\u00e9es par la cha\u00eene TF1. Ce silence de la part de la cha\u00eene ajoute un voile de myst\u00e8re autour de cette s\u00e9paration abrupte et laisse le public dans l&rsquo;attente d&rsquo;\u00e9ventuelles explications.<\/p>\n\n\n\n<h2 class=\"wp-block-heading\" id=\"h-la-sante-du-bebe-pellissard-un-soulagement-pour-la-famille\"><span class=\"ez-toc-section\" id=\"La_sante_du_bebe_Pellissard_un_soulagement_pour_la_famille\"><\/span>La sant\u00e9 du b\u00e9b\u00e9 Pellissard : un soulagement pour la famille<span class=\"ez-toc-section-end\"><\/span><\/h2>\n\n\n\n<p><strong>\u00ab\u00a0Comment va le b\u00e9b\u00e9 Pellissard ?\u00a0\u00bb<\/strong> Cette question, qui a pr\u00e9occup\u00e9 l&rsquo;esprit des fans de la famille, trouve enfin une r\u00e9ponse positive. Le b\u00e9b\u00e9 a connu des moments de d\u00e9saturation mais n&rsquo;a pas eu de nouveaux malaises et son rythme cardiaque est rest\u00e9 stable. Cette am\u00e9lioration de son \u00e9tat de sant\u00e9 est une nouvelle qui redonne le sourire \u00e0 la famille, apr\u00e8s avoir travers\u00e9 des instants d&rsquo;angoisse.<\/p>\n\n\n\n<h2 class=\"wp-block-heading\" id=\"h-la-famille-pellissard-s-eloigne-des-projecteurs\"><span class=\"ez-toc-section\" id=\"La_famille_Pellissard_seloigne_des_projecteurs\"><\/span>La famille Pellissard s&rsquo;\u00e9loigne des projecteurs<span class=\"ez-toc-section-end\"><\/span><\/h2>\n\n\n\n<p>Le mercredi 26 octobre 2022 restera une date marquante pour la famille Pellissard et leurs fans. En effet, c&rsquo;est \u00e0 cette date qu&rsquo;Amandine Pellissard a annonc\u00e9 le d\u00e9part de sa famille de l&rsquo;\u00e9mission \u00ab\u00a0Familles nombreuses\u00a0\u00bb. Un choix justifi\u00e9 par des raisons qui ont choqu\u00e9 et qui restent non appuy\u00e9es par des d\u00e9clarations officielles de la cha\u00eene TF1. Un d\u00e9part qui marque la fin d&rsquo;une \u00e9poque et le d\u00e9but d&rsquo;une nouvelle page dans l&rsquo;histoire de la famille Pellissard.<\/p>\n\n\n\n<h2 class=\"wp-block-heading\" id=\"h-conclusion\"><span class=\"ez-toc-section\" id=\"Conclusion\"><\/span>Conclusion<span class=\"ez-toc-section-end\"><\/span><\/h2>\n\n\n\n<p>La famille Pellissard continue de fasciner et d&rsquo;interpeller le public, que ce soit par les \u00e9v\u00e9nements de leur vie priv\u00e9e ou par leur pr\u00e9sence m\u00e9diatique. Leurs d\u00e9cisions r\u00e9centes, qu&rsquo;il s&rsquo;agisse de leur d\u00e9m\u00e9nagement, du changement de carri\u00e8re d&rsquo;Amandine ou de leur retrait de l&rsquo;\u00e9mission \u00ab\u00a0Familles nombreuses\u00a0\u00bb, t\u00e9moignent d&rsquo;une famille en constante \u00e9volution, faisant face aux d\u00e9fis avec courage et d\u00e9termination. Leur histoire nous rappelle que derri\u00e8re les \u00e9crans, il y a une r\u00e9alit\u00e9 familiale complexe et riche en enseignements. Une r\u00e9alit\u00e9 que la famille Pellissard semble pr\u00eate \u00e0 vivre loin des cam\u00e9ras, dans l&rsquo;intimit\u00e9 et la s\u00e9r\u00e9nit\u00e9 de leur nouveau foyer.<\/p>\n\n\n\n<hr class=\"wp-block-separator has-alpha-channel-opacity\"\/>\n\n\n\n<p><strong>Quel m\u00e9tier fait Alexandre Pellissard ?<\/strong><br>Alexandre Pellissard a fait de la boulangerie artisanale avant d&rsquo;arr\u00eater.<\/p>\n\n\n\n<p><strong>Pourquoi Alexandre Pellissard a-t-il arr\u00eat\u00e9 la boulangerie ?<\/strong><br>Alexandre Pellissard a arr\u00eat\u00e9 la boulangerie apr\u00e8s avoir fait la rencontre de sa future \u00e9pouse.<\/p>\n\n\n\n<p><strong>Comment la famille Pellissard s&rsquo;est-elle fait conna\u00eetre ?<\/strong><br>La famille Pellissard s&rsquo;est fait conna\u00eetre dans l&rsquo;\u00e9mission \u00ab\u00a0Familles nombreuses : la vie en XXL\u00a0\u00bb.<\/p>\n\n\n\n<p><strong>O\u00f9 la famille Pellissard habite-t-elle maintenant ?<\/strong><br>La famille Pellissard s&rsquo;est install\u00e9e dans une plus grande demeure dans une c\u00e9l\u00e8bre commune situ\u00e9e dans le sud de la France.<\/p>\n","protected":false},"excerpt":{"rendered":"<p>Bienvenue dans cet article captivant sur la famille Pellissard et leur b\u00e9b\u00e9 adorable ! Vous \u00eates-vous d\u00e9j\u00e0 demand\u00e9 comment se porte le petit Pellissard ? Eh bien, vous \u00eates au bon endroit ! Dans cet article, nous allons plonger dans l&rsquo;\u00e9tat de sant\u00e9 du b\u00e9b\u00e9 Pellissard et d\u00e9couvrir une stabilit\u00e9 rassurante. Mais ce n&rsquo;est pas [&hellip;]<\/p>\n","protected":false},"author":8,"featured_media":160376,"comment_status":"open","ping_status":"open","sticky":false,"template":"","format":"standard","meta":{"tdm_status":"","tdm_grid_status":"","_jetpack_memberships_contains_paid_content":false,"footnotes":"","jetpack_publicize_message":"","jetpack_publicize_feature_enabled":true,"jetpack_social_post_already_shared":false,"jetpack_social_options":{"image_generator_settings":{"template":"highway","default_image_id":0,"font":"","enabled":false},"version":2}},"categories":[78],"tags":[],"class_list":["post-104922","post","type-post","status-publish","format-standard","has-post-thumbnail","hentry","category-culture"],"yoast_head":"<!-- This site is optimized with the Yoast SEO Premium plugin v25.0 (Yoast SEO v25.0) - https:\/\/yoast.com\/wordpress\/plugins\/seo\/ -->\n<title>Quelle est l&#039;\u00e9volution de l&#039;\u00e9tat de sant\u00e9 du b\u00e9b\u00e9 Pellissard ? - Flashmode Magazine | Magazine de mode et style de vie Num\u00e9ro un en Tunisie et au Maghreb<\/title>\n<meta name=\"description\" content=\"Bienvenue dans cet article captivant sur la famille Pellissard et leur b\u00e9b\u00e9 adorable ! Vous \u00eates-vous d\u00e9j\u00e0 demand\u00e9 comment se porte le petit Pellissard ?\" \/>\n<meta name=\"robots\" content=\"index, follow, max-snippet:-1, max-image-preview:large, max-video-preview:-1\" \/>\n<link rel=\"canonical\" href=\"https:\/\/flashmode.tn\/magazine\/quelle-est-levolution-de-letat-de-sante-du-bebe-pellissard\/\" \/>\n<meta property=\"og:locale\" content=\"fr_FR\" \/>\n<meta property=\"og:type\" content=\"article\" \/>\n<meta property=\"og:title\" content=\"Quelle est l&#039;\u00e9volution de l&#039;\u00e9tat de sant\u00e9 du b\u00e9b\u00e9 Pellissard ? - Flashmode Magazine | Magazine de mode et style de vie Num\u00e9ro un en Tunisie et au Maghreb\" \/>\n<meta property=\"og:description\" content=\"Bienvenue dans cet article captivant sur la famille Pellissard et leur b\u00e9b\u00e9 adorable ! Vous \u00eates-vous d\u00e9j\u00e0 demand\u00e9 comment se porte le petit Pellissard ?\" \/>\n<meta property=\"og:url\" content=\"https:\/\/flashmode.tn\/magazine\/quelle-est-levolution-de-letat-de-sante-du-bebe-pellissard\/\" \/>\n<meta property=\"og:site_name\" content=\"Flashmode Magazine | Magazine de mode et style de vie Num\u00e9ro un en Tunisie et au Maghreb\" \/>\n<meta property=\"article:publisher\" content=\"https:\/\/www.facebook.com\/flashmode.magazine\/\" \/>\n<meta property=\"article:published_time\" content=\"2024-03-12T01:59:14+00:00\" \/>\n<meta property=\"article:modified_time\" content=\"2024-03-29T07:16:48+00:00\" \/>\n<meta property=\"og:image\" content=\"https:\/\/flashmode.tn\/magazine\/wp-content\/uploads\/2024\/03\/Quelle-est-levolution-de-letat-de-sante-du-bebe-Pellissard-.png\" \/>\n\t<meta property=\"og:image:width\" content=\"1640\" \/>\n\t<meta property=\"og:image:height\" content=\"924\" \/>\n\t<meta property=\"og:image:type\" content=\"image\/png\" \/>\n<meta name=\"author\" content=\"The Daileigh\" \/>\n<meta name=\"twitter:card\" content=\"summary_large_image\" \/>\n<meta name=\"twitter:creator\" content=\"@agenceflashmode\" \/>\n<meta name=\"twitter:site\" content=\"@agenceflashmode\" \/>\n<meta name=\"twitter:label1\" content=\"\u00c9crit par\" \/>\n\t<meta name=\"twitter:data1\" content=\"The Daileigh\" \/>\n\t<meta name=\"twitter:label2\" content=\"Dur\u00e9e de lecture estim\u00e9e\" \/>\n\t<meta name=\"twitter:data2\" content=\"5 minutes\" \/>\n<script type=\"application\/ld+json\" class=\"yoast-schema-graph\">{\"@context\":\"https:\/\/schema.org\",\"@graph\":[{\"@type\":\"WebPage\",\"@id\":\"https:\/\/flashmode.tn\/magazine\/quelle-est-levolution-de-letat-de-sante-du-bebe-pellissard\/\",\"url\":\"https:\/\/flashmode.tn\/magazine\/quelle-est-levolution-de-letat-de-sante-du-bebe-pellissard\/\",\"name\":\"Quelle est l'\u00e9volution de l'\u00e9tat de sant\u00e9 du b\u00e9b\u00e9 Pellissard ? - Flashmode Magazine | Magazine de mode et style de vie Num\u00e9ro un en Tunisie et au Maghreb\",\"isPartOf\":{\"@id\":\"https:\/\/flashmode.tn\/magazine\/#website\"},\"primaryImageOfPage\":{\"@id\":\"https:\/\/flashmode.tn\/magazine\/quelle-est-levolution-de-letat-de-sante-du-bebe-pellissard\/#primaryimage\"},\"image\":{\"@id\":\"https:\/\/flashmode.tn\/magazine\/quelle-est-levolution-de-letat-de-sante-du-bebe-pellissard\/#primaryimage\"},\"thumbnailUrl\":\"https:\/\/i0.wp.com\/flashmode.tn\/magazine\/wp-content\/uploads\/2024\/03\/Quelle-est-levolution-de-letat-de-sante-du-bebe-Pellissard-.png?fit=1640%2C924&ssl=1\",\"datePublished\":\"2024-03-12T01:59:14+00:00\",\"dateModified\":\"2024-03-29T07:16:48+00:00\",\"author\":{\"@id\":\"https:\/\/flashmode.tn\/magazine\/#\/schema\/person\/79940f8af94166a445dd5bd6b3137682\"},\"description\":\"Bienvenue dans cet article captivant sur la famille Pellissard et leur b\u00e9b\u00e9 adorable ! Vous \u00eates-vous d\u00e9j\u00e0 demand\u00e9 comment se porte le petit Pellissard ?\",\"breadcrumb\":{\"@id\":\"https:\/\/flashmode.tn\/magazine\/quelle-est-levolution-de-letat-de-sante-du-bebe-pellissard\/#breadcrumb\"},\"inLanguage\":\"fr-FR\",\"potentialAction\":[{\"@type\":\"ReadAction\",\"target\":[\"https:\/\/flashmode.tn\/magazine\/quelle-est-levolution-de-letat-de-sante-du-bebe-pellissard\/\"]}]},{\"@type\":\"ImageObject\",\"inLanguage\":\"fr-FR\",\"@id\":\"https:\/\/flashmode.tn\/magazine\/quelle-est-levolution-de-letat-de-sante-du-bebe-pellissard\/#primaryimage\",\"url\":\"https:\/\/i0.wp.com\/flashmode.tn\/magazine\/wp-content\/uploads\/2024\/03\/Quelle-est-levolution-de-letat-de-sante-du-bebe-Pellissard-.png?fit=1640%2C924&ssl=1\",\"contentUrl\":\"https:\/\/i0.wp.com\/flashmode.tn\/magazine\/wp-content\/uploads\/2024\/03\/Quelle-est-levolution-de-letat-de-sante-du-bebe-Pellissard-.png?fit=1640%2C924&ssl=1\",\"width\":1640,\"height\":924,\"caption\":\"Quelle est l'\u00e9volution de l'\u00e9tat de sant\u00e9 du b\u00e9b\u00e9 Pellissard ?\"},{\"@type\":\"BreadcrumbList\",\"@id\":\"https:\/\/flashmode.tn\/magazine\/quelle-est-levolution-de-letat-de-sante-du-bebe-pellissard\/#breadcrumb\",\"itemListElement\":[{\"@type\":\"ListItem\",\"position\":1,\"name\":\"Accueil\",\"item\":\"https:\/\/flashmode.tn\/magazine\/\"},{\"@type\":\"ListItem\",\"position\":2,\"name\":\"Quelle est l&rsquo;\u00e9volution de l&rsquo;\u00e9tat de sant\u00e9 du b\u00e9b\u00e9 Pellissard ?\"}]},{\"@type\":\"WebSite\",\"@id\":\"https:\/\/flashmode.tn\/magazine\/#website\",\"url\":\"https:\/\/flashmode.tn\/magazine\/\",\"name\":\"Flashmode Magazine | Magazine de mode et style de vie Num\u00e9ro un en Tunisie et au Maghreb\",\"description\":\"Magazine de mode et style de vie Num\u00e9ro un en Tunisie et au Maghreb, cr\u00e9\u00e9 pour les hommes et les femmes : conseils beaut\u00e9, mode femme, mode homme, recettes de cuisine, c\u00e9l\u00e9brit\u00e9s et people, mannequins et top modeles\",\"potentialAction\":[{\"@type\":\"SearchAction\",\"target\":{\"@type\":\"EntryPoint\",\"urlTemplate\":\"https:\/\/flashmode.tn\/magazine\/?s={search_term_string}\"},\"query-input\":{\"@type\":\"PropertyValueSpecification\",\"valueRequired\":true,\"valueName\":\"search_term_string\"}}],\"inLanguage\":\"fr-FR\"},{\"@type\":\"Person\",\"@id\":\"https:\/\/flashmode.tn\/magazine\/#\/schema\/person\/79940f8af94166a445dd5bd6b3137682\",\"name\":\"The Daileigh\",\"image\":{\"@type\":\"ImageObject\",\"inLanguage\":\"fr-FR\",\"@id\":\"https:\/\/flashmode.tn\/magazine\/#\/schema\/person\/image\/\",\"url\":\"https:\/\/secure.gravatar.com\/avatar\/30d4d60865d61de3434abd01cb8b4ec5e5b5eb5a274017461832a54857b1770d?s=96&d=mm&r=g\",\"contentUrl\":\"https:\/\/secure.gravatar.com\/avatar\/30d4d60865d61de3434abd01cb8b4ec5e5b5eb5a274017461832a54857b1770d?s=96&d=mm&r=g\",\"caption\":\"The Daileigh\"},\"url\":\"https:\/\/flashmode.tn\/magazine\/author\/the-daileigh\/\"}]}<\/script>\n<!-- \/ Yoast SEO Premium plugin. -->","yoast_head_json":{"title":"Quelle est l'\u00e9volution de l'\u00e9tat de sant\u00e9 du b\u00e9b\u00e9 Pellissard ? - Flashmode Magazine | Magazine de mode et style de vie Num\u00e9ro un en Tunisie et au Maghreb","description":"Bienvenue dans cet article captivant sur la famille Pellissard et leur b\u00e9b\u00e9 adorable ! Vous \u00eates-vous d\u00e9j\u00e0 demand\u00e9 comment se porte le petit Pellissard ?","robots":{"index":"index","follow":"follow","max-snippet":"max-snippet:-1","max-image-preview":"max-image-preview:large","max-video-preview":"max-video-preview:-1"},"canonical":"https:\/\/flashmode.tn\/magazine\/quelle-est-levolution-de-letat-de-sante-du-bebe-pellissard\/","og_locale":"fr_FR","og_type":"article","og_title":"Quelle est l'\u00e9volution de l'\u00e9tat de sant\u00e9 du b\u00e9b\u00e9 Pellissard ? - Flashmode Magazine | Magazine de mode et style de vie Num\u00e9ro un en Tunisie et au Maghreb","og_description":"Bienvenue dans cet article captivant sur la famille Pellissard et leur b\u00e9b\u00e9 adorable ! Vous \u00eates-vous d\u00e9j\u00e0 demand\u00e9 comment se porte le petit Pellissard ?","og_url":"https:\/\/flashmode.tn\/magazine\/quelle-est-levolution-de-letat-de-sante-du-bebe-pellissard\/","og_site_name":"Flashmode Magazine | Magazine de mode et style de vie Num\u00e9ro un en Tunisie et au Maghreb","article_publisher":"https:\/\/www.facebook.com\/flashmode.magazine\/","article_published_time":"2024-03-12T01:59:14+00:00","article_modified_time":"2024-03-29T07:16:48+00:00","og_image":[{"width":1640,"height":924,"url":"https:\/\/flashmode.tn\/magazine\/wp-content\/uploads\/2024\/03\/Quelle-est-levolution-de-letat-de-sante-du-bebe-Pellissard-.png","type":"image\/png"}],"author":"The Daileigh","twitter_card":"summary_large_image","twitter_creator":"@agenceflashmode","twitter_site":"@agenceflashmode","twitter_misc":{"\u00c9crit par":"The Daileigh","Dur\u00e9e de lecture estim\u00e9e":"5 minutes"},"schema":{"@context":"https:\/\/schema.org","@graph":[{"@type":"WebPage","@id":"https:\/\/flashmode.tn\/magazine\/quelle-est-levolution-de-letat-de-sante-du-bebe-pellissard\/","url":"https:\/\/flashmode.tn\/magazine\/quelle-est-levolution-de-letat-de-sante-du-bebe-pellissard\/","name":"Quelle est l'\u00e9volution de l'\u00e9tat de sant\u00e9 du b\u00e9b\u00e9 Pellissard ? - Flashmode Magazine | Magazine de mode et style de vie Num\u00e9ro un en Tunisie et au Maghreb","isPartOf":{"@id":"https:\/\/flashmode.tn\/magazine\/#website"},"primaryImageOfPage":{"@id":"https:\/\/flashmode.tn\/magazine\/quelle-est-levolution-de-letat-de-sante-du-bebe-pellissard\/#primaryimage"},"image":{"@id":"https:\/\/flashmode.tn\/magazine\/quelle-est-levolution-de-letat-de-sante-du-bebe-pellissard\/#primaryimage"},"thumbnailUrl":"https:\/\/i0.wp.com\/flashmode.tn\/magazine\/wp-content\/uploads\/2024\/03\/Quelle-est-levolution-de-letat-de-sante-du-bebe-Pellissard-.png?fit=1640%2C924&ssl=1","datePublished":"2024-03-12T01:59:14+00:00","dateModified":"2024-03-29T07:16:48+00:00","author":{"@id":"https:\/\/flashmode.tn\/magazine\/#\/schema\/person\/79940f8af94166a445dd5bd6b3137682"},"description":"Bienvenue dans cet article captivant sur la famille Pellissard et leur b\u00e9b\u00e9 adorable ! Vous \u00eates-vous d\u00e9j\u00e0 demand\u00e9 comment se porte le petit Pellissard ?","breadcrumb":{"@id":"https:\/\/flashmode.tn\/magazine\/quelle-est-levolution-de-letat-de-sante-du-bebe-pellissard\/#breadcrumb"},"inLanguage":"fr-FR","potentialAction":[{"@type":"ReadAction","target":["https:\/\/flashmode.tn\/magazine\/quelle-est-levolution-de-letat-de-sante-du-bebe-pellissard\/"]}]},{"@type":"ImageObject","inLanguage":"fr-FR","@id":"https:\/\/flashmode.tn\/magazine\/quelle-est-levolution-de-letat-de-sante-du-bebe-pellissard\/#primaryimage","url":"https:\/\/i0.wp.com\/flashmode.tn\/magazine\/wp-content\/uploads\/2024\/03\/Quelle-est-levolution-de-letat-de-sante-du-bebe-Pellissard-.png?fit=1640%2C924&ssl=1","contentUrl":"https:\/\/i0.wp.com\/flashmode.tn\/magazine\/wp-content\/uploads\/2024\/03\/Quelle-est-levolution-de-letat-de-sante-du-bebe-Pellissard-.png?fit=1640%2C924&ssl=1","width":1640,"height":924,"caption":"Quelle est l'\u00e9volution de l'\u00e9tat de sant\u00e9 du b\u00e9b\u00e9 Pellissard ?"},{"@type":"BreadcrumbList","@id":"https:\/\/flashmode.tn\/magazine\/quelle-est-levolution-de-letat-de-sante-du-bebe-pellissard\/#breadcrumb","itemListElement":[{"@type":"ListItem","position":1,"name":"Accueil","item":"https:\/\/flashmode.tn\/magazine\/"},{"@type":"ListItem","position":2,"name":"Quelle est l&rsquo;\u00e9volution de l&rsquo;\u00e9tat de sant\u00e9 du b\u00e9b\u00e9 Pellissard ?"}]},{"@type":"WebSite","@id":"https:\/\/flashmode.tn\/magazine\/#website","url":"https:\/\/flashmode.tn\/magazine\/","name":"Flashmode Magazine | Magazine de mode et style de vie Num\u00e9ro un en Tunisie et au Maghreb","description":"Magazine de mode et style de vie Num\u00e9ro un en Tunisie et au Maghreb, cr\u00e9\u00e9 pour les hommes et les femmes : conseils beaut\u00e9, mode femme, mode homme, recettes de cuisine, c\u00e9l\u00e9brit\u00e9s et people, mannequins et top modeles","potentialAction":[{"@type":"SearchAction","target":{"@type":"EntryPoint","urlTemplate":"https:\/\/flashmode.tn\/magazine\/?s={search_term_string}"},"query-input":{"@type":"PropertyValueSpecification","valueRequired":true,"valueName":"search_term_string"}}],"inLanguage":"fr-FR"},{"@type":"Person","@id":"https:\/\/flashmode.tn\/magazine\/#\/schema\/person\/79940f8af94166a445dd5bd6b3137682","name":"The Daileigh","image":{"@type":"ImageObject","inLanguage":"fr-FR","@id":"https:\/\/flashmode.tn\/magazine\/#\/schema\/person\/image\/","url":"https:\/\/secure.gravatar.com\/avatar\/30d4d60865d61de3434abd01cb8b4ec5e5b5eb5a274017461832a54857b1770d?s=96&d=mm&r=g","contentUrl":"https:\/\/secure.gravatar.com\/avatar\/30d4d60865d61de3434abd01cb8b4ec5e5b5eb5a274017461832a54857b1770d?s=96&d=mm&r=g","caption":"The Daileigh"},"url":"https:\/\/flashmode.tn\/magazine\/author\/the-daileigh\/"}]}},"jetpack_publicize_connections":[],"jetpack_featured_media_url":"https:\/\/i0.wp.com\/flashmode.tn\/magazine\/wp-content\/uploads\/2024\/03\/Quelle-est-levolution-de-letat-de-sante-du-bebe-Pellissard-.png?fit=1640%2C924&ssl=1","jetpack_shortlink":"https:\/\/wp.me\/p8BPGr-rii","jetpack_sharing_enabled":true,"_links":{"self":[{"href":"https:\/\/flashmode.tn\/magazine\/wp-json\/wp\/v2\/posts\/104922","targetHints":{"allow":["GET"]}}],"collection":[{"href":"https:\/\/flashmode.tn\/magazine\/wp-json\/wp\/v2\/posts"}],"about":[{"href":"https:\/\/flashmode.tn\/magazine\/wp-json\/wp\/v2\/types\/post"}],"author":[{"embeddable":true,"href":"https:\/\/flashmode.tn\/magazine\/wp-json\/wp\/v2\/users\/8"}],"replies":[{"embeddable":true,"href":"https:\/\/flashmode.tn\/magazine\/wp-json\/wp\/v2\/comments?post=104922"}],"version-history":[{"count":2,"href":"https:\/\/flashmode.tn\/magazine\/wp-json\/wp\/v2\/posts\/104922\/revisions"}],"predecessor-version":[{"id":160377,"href":"https:\/\/flashmode.tn\/magazine\/wp-json\/wp\/v2\/posts\/104922\/revisions\/160377"}],"wp:featuredmedia":[{"embeddable":true,"href":"https:\/\/flashmode.tn\/magazine\/wp-json\/wp\/v2\/media\/160376"}],"wp:attachment":[{"href":"https:\/\/flashmode.tn\/magazine\/wp-json\/wp\/v2\/media?parent=104922"}],"wp:term":[{"taxonomy":"category","embeddable":true,"href":"https:\/\/flashmode.tn\/magazine\/wp-json\/wp\/v2\/categories?post=104922"},{"taxonomy":"post_tag","embeddable":true,"href":"https:\/\/flashmode.tn\/magazine\/wp-json\/wp\/v2\/tags?post=104922"}],"curies":[{"name":"wp","href":"https:\/\/api.w.org\/{rel}","templated":true}]}}