{"id":104936,"date":"2024-03-12T02:58:49","date_gmt":"2024-03-12T01:58:49","guid":{"rendered":"https:\/\/flashmode.tn\/magazine\/cecile-bourgeon-quel-est-le-parcours-tumultueux-de-cette-femme-et-quelles-sont-les-consequences-judiciaires-et-familiales-qui-en-decoulent\/"},"modified":"2024-03-29T09:13:44","modified_gmt":"2024-03-29T08:13:44","slug":"cecile-bourgeon-quel-est-le-parcours-tumultueux-de-cette-femme-et-quelles-sont-les-consequences-judiciaires-et-familiales-qui-en-decoulent","status":"publish","type":"post","link":"https:\/\/flashmode.tn\/magazine\/cecile-bourgeon-quel-est-le-parcours-tumultueux-de-cette-femme-et-quelles-sont-les-consequences-judiciaires-et-familiales-qui-en-decoulent\/","title":{"rendered":"C\u00e9cile Bourgeon : Quel est le parcours tumultueux de cette femme et quelles sont les cons\u00e9quences judiciaires et familiales qui en d\u00e9coulent ?"},"content":{"rendered":"\n<p>C\u00e9cile Bourgeon, un nom qui a fait trembler la France. Son parcours tumultueux a d\u00e9fray\u00e9 la chronique et a captiv\u00e9 l&rsquo;attention du public pendant des ann\u00e9es. Dans cet article, nous plongerons dans les m\u00e9andres de l&rsquo;histoire de cette femme au destin tragique. Des cons\u00e9quences judiciaires et familiales qui ont boulevers\u00e9 sa vie \u00e0 jamais, aux rebondissements surprenants qui ont entour\u00e9 son affaire, pr\u00e9parez-vous \u00e0 \u00eatre captiv\u00e9 par ce r\u00e9cit hors du commun. Attachez vos ceintures, car vous allez \u00eatre embarqu\u00e9 dans un voyage fascinant \u00e0 travers l&rsquo;univers troublant de C\u00e9cile Bourgeon.<\/p>\n\n\n\n<div id=\"ez-toc-container\" class=\"ez-toc-v2_0_81 counter-hierarchy ez-toc-counter ez-toc-grey ez-toc-container-direction\">\n<div class=\"ez-toc-title-container\">\n<p class=\"ez-toc-title\" style=\"cursor:inherit\">Contenus de la page<\/p>\n<span class=\"ez-toc-title-toggle\"><a href=\"#\" class=\"ez-toc-pull-right ez-toc-btn ez-toc-btn-xs ez-toc-btn-default ez-toc-toggle\" aria-label=\"Toggle Table of Content\"><span class=\"ez-toc-js-icon-con\"><span class=\"\"><span class=\"eztoc-hide\" style=\"display:none;\">Toggle<\/span><span class=\"ez-toc-icon-toggle-span\"><svg style=\"fill: #999;color:#999\" xmlns=\"http:\/\/www.w3.org\/2000\/svg\" class=\"list-377408\" width=\"20px\" height=\"20px\" viewBox=\"0 0 24 24\" fill=\"none\"><path d=\"M6 6H4v2h2V6zm14 0H8v2h12V6zM4 11h2v2H4v-2zm16 0H8v2h12v-2zM4 16h2v2H4v-2zm16 0H8v2h12v-2z\" fill=\"currentColor\"><\/path><\/svg><svg style=\"fill: #999;color:#999\" class=\"arrow-unsorted-368013\" xmlns=\"http:\/\/www.w3.org\/2000\/svg\" width=\"10px\" height=\"10px\" viewBox=\"0 0 24 24\" version=\"1.2\" baseProfile=\"tiny\"><path d=\"M18.2 9.3l-6.2-6.3-6.2 6.3c-.2.2-.3.4-.3.7s.1.5.3.7c.2.2.4.3.7.3h11c.3 0 .5-.1.7-.3.2-.2.3-.5.3-.7s-.1-.5-.3-.7zM5.8 14.7l6.2 6.3 6.2-6.3c.2-.2.3-.5.3-.7s-.1-.5-.3-.7c-.2-.2-.4-.3-.7-.3h-11c-.3 0-.5.1-.7.3-.2.2-.3.5-.3.7s.1.5.3.7z\"\/><\/svg><\/span><\/span><\/span><\/a><\/span><\/div>\n<nav><ul class='ez-toc-list ez-toc-list-level-1 ' ><li class='ez-toc-page-1 ez-toc-heading-level-2'><a class=\"ez-toc-link ez-toc-heading-1\" href=\"https:\/\/flashmode.tn\/magazine\/cecile-bourgeon-quel-est-le-parcours-tumultueux-de-cette-femme-et-quelles-sont-les-consequences-judiciaires-et-familiales-qui-en-decoulent\/#Le_parcours_tumultueux_de_Cecile_Bourgeon\" >Le parcours tumultueux de C\u00e9cile Bourgeon<\/a><ul class='ez-toc-list-level-3' ><li class='ez-toc-heading-level-3'><a class=\"ez-toc-link ez-toc-heading-2\" href=\"https:\/\/flashmode.tn\/magazine\/cecile-bourgeon-quel-est-le-parcours-tumultueux-de-cette-femme-et-quelles-sont-les-consequences-judiciaires-et-familiales-qui-en-decoulent\/#La_garde_a_vue_a_Perpignan\" >La garde \u00e0 vue \u00e0 Perpignan<\/a><\/li><li class='ez-toc-page-1 ez-toc-heading-level-3'><a class=\"ez-toc-link ez-toc-heading-3\" href=\"https:\/\/flashmode.tn\/magazine\/cecile-bourgeon-quel-est-le-parcours-tumultueux-de-cette-femme-et-quelles-sont-les-consequences-judiciaires-et-familiales-qui-en-decoulent\/#Cecile_Bourgeon_la_mere_de_Fiona\" >C\u00e9cile Bourgeon, la m\u00e8re de Fiona<\/a><\/li><li class='ez-toc-page-1 ez-toc-heading-level-3'><a class=\"ez-toc-link ez-toc-heading-4\" href=\"https:\/\/flashmode.tn\/magazine\/cecile-bourgeon-quel-est-le-parcours-tumultueux-de-cette-femme-et-quelles-sont-les-consequences-judiciaires-et-familiales-qui-en-decoulent\/#Les_consequences_de_la_tragedie_sur_la_famille\" >Les cons\u00e9quences de la trag\u00e9die sur la famille<\/a><\/li><li class='ez-toc-page-1 ez-toc-heading-level-3'><a class=\"ez-toc-link ez-toc-heading-5\" href=\"https:\/\/flashmode.tn\/magazine\/cecile-bourgeon-quel-est-le-parcours-tumultueux-de-cette-femme-et-quelles-sont-les-consequences-judiciaires-et-familiales-qui-en-decoulent\/#Berkane_Makhlouf_un_personnage_controverse\" >Berkane Makhlouf, un personnage controvers\u00e9<\/a><\/li><li class='ez-toc-page-1 ez-toc-heading-level-3'><a class=\"ez-toc-link ez-toc-heading-6\" href=\"https:\/\/flashmode.tn\/magazine\/cecile-bourgeon-quel-est-le-parcours-tumultueux-de-cette-femme-et-quelles-sont-les-consequences-judiciaires-et-familiales-qui-en-decoulent\/#Le_mystere_autour_de_la_mort_de_Fiona\" >Le myst\u00e8re autour de la mort de Fiona<\/a><\/li><\/ul><\/li><li class='ez-toc-page-1 ez-toc-heading-level-2'><a class=\"ez-toc-link ez-toc-heading-7\" href=\"https:\/\/flashmode.tn\/magazine\/cecile-bourgeon-quel-est-le-parcours-tumultueux-de-cette-femme-et-quelles-sont-les-consequences-judiciaires-et-familiales-qui-en-decoulent\/#Les_consequences_judiciaires_et_familiales\" >Les cons\u00e9quences judiciaires et familiales<\/a><ul class='ez-toc-list-level-3' ><li class='ez-toc-heading-level-3'><a class=\"ez-toc-link ez-toc-heading-8\" href=\"https:\/\/flashmode.tn\/magazine\/cecile-bourgeon-quel-est-le-parcours-tumultueux-de-cette-femme-et-quelles-sont-les-consequences-judiciaires-et-familiales-qui-en-decoulent\/#La_situation_actuelle_de_Cecile_Bourgeon\" >La situation actuelle de C\u00e9cile Bourgeon<\/a><\/li><li class='ez-toc-page-1 ez-toc-heading-level-3'><a class=\"ez-toc-link ez-toc-heading-9\" href=\"https:\/\/flashmode.tn\/magazine\/cecile-bourgeon-quel-est-le-parcours-tumultueux-de-cette-femme-et-quelles-sont-les-consequences-judiciaires-et-familiales-qui-en-decoulent\/#Nicolas_Chafoulais_un_pere_meurtri\" >Nicolas Chafoulais, un p\u00e8re meurtri<\/a><\/li><li class='ez-toc-page-1 ez-toc-heading-level-3'><a class=\"ez-toc-link ez-toc-heading-10\" href=\"https:\/\/flashmode.tn\/magazine\/cecile-bourgeon-quel-est-le-parcours-tumultueux-de-cette-femme-et-quelles-sont-les-consequences-judiciaires-et-familiales-qui-en-decoulent\/#La_garde_de_Clara_la_petite_soeur_de_Fiona\" >La garde de Clara, la petite s\u0153ur de Fiona<\/a><\/li><li class='ez-toc-page-1 ez-toc-heading-level-3'><a class=\"ez-toc-link ez-toc-heading-11\" href=\"https:\/\/flashmode.tn\/magazine\/cecile-bourgeon-quel-est-le-parcours-tumultueux-de-cette-femme-et-quelles-sont-les-consequences-judiciaires-et-familiales-qui-en-decoulent\/#Lautorite_parentale_de_Cecile_Bourgeon_remise_en_question\" >L&rsquo;autorit\u00e9 parentale de C\u00e9cile Bourgeon remise en question<\/a><\/li><li class='ez-toc-page-1 ez-toc-heading-level-3'><a class=\"ez-toc-link ez-toc-heading-12\" href=\"https:\/\/flashmode.tn\/magazine\/cecile-bourgeon-quel-est-le-parcours-tumultueux-de-cette-femme-et-quelles-sont-les-consequences-judiciaires-et-familiales-qui-en-decoulent\/#Le_devenir_de_la_soeur_de_Fiona\" >Le devenir de la s\u0153ur de Fiona<\/a><\/li><\/ul><\/li><li class='ez-toc-page-1 ez-toc-heading-level-2'><a class=\"ez-toc-link ez-toc-heading-13\" href=\"https:\/\/flashmode.tn\/magazine\/cecile-bourgeon-quel-est-le-parcours-tumultueux-de-cette-femme-et-quelles-sont-les-consequences-judiciaires-et-familiales-qui-en-decoulent\/#En_conclusion\" >En conclusion<\/a><\/li><\/ul><\/nav><\/div>\n<h2 class=\"wp-block-heading\" id=\"h-le-parcours-tumultueux-de-cecile-bourgeon\"><span class=\"ez-toc-section\" id=\"Le_parcours_tumultueux_de_Cecile_Bourgeon\"><\/span>Le parcours tumultueux de C\u00e9cile Bourgeon<span class=\"ez-toc-section-end\"><\/span><\/h2>\n\n\n\n<h3 class=\"wp-block-heading\" id=\"h-la-garde-a-vue-a-perpignan\"><span class=\"ez-toc-section\" id=\"La_garde_a_vue_a_Perpignan\"><\/span>La garde \u00e0 vue \u00e0 Perpignan<span class=\"ez-toc-section-end\"><\/span><\/h3>\n\n\n\n<p>La saga judiciaire de C\u00e9cile Bourgeon a connu un nouveau rebondissement suite \u00e0 sa mise en garde \u00e0 vue \u00e0 Perpignan, dans les Pyr\u00e9n\u00e9es-Orientales. Aux c\u00f4t\u00e9s de son compagnon Berkane Makhlouf, ce moment marque un chapitre de plus dans leur histoire tourment\u00e9e. Cet \u00e9pisode intervient dans un contexte particulier, celui de la naissance de leur enfant, pour lequel ils avaient d\u00e9cid\u00e9 de d\u00e9m\u00e9nager dans le Sud dans l&rsquo;espoir d&rsquo;un nouveau d\u00e9part.<\/p>\n\n\n\n<h3 class=\"wp-block-heading\" id=\"h-cecile-bourgeon-la-mere-de-fiona\"><span class=\"ez-toc-section\" id=\"Cecile_Bourgeon_la_mere_de_Fiona\"><\/span>C\u00e9cile Bourgeon, la m\u00e8re de Fiona<span class=\"ez-toc-section-end\"><\/span><\/h3>\n\n\n\n<p>La figure de C\u00e9cile Bourgeon est tristement li\u00e9e \u00e0 celle de sa fille, la petite Fiona. La disparition et le d\u00e9c\u00e8s de cette enfant de cinq ans ont \u00e9mu la France enti\u00e8re et jet\u00e9 une ombre sur la vie de sa m\u00e8re. Ce drame familial a plong\u00e9 C\u00e9cile Bourgeon dans une spirale de controverses judiciaires et de d\u00e9boires personnels, marqu\u00e9s notamment par une tentative de suicide en prison, reflet d&rsquo;un profond d\u00e9sespoir.<\/p>\n\n\n\n<h3 class=\"wp-block-heading\" id=\"h-les-consequences-de-la-tragedie-sur-la-famille\"><span class=\"ez-toc-section\" id=\"Les_consequences_de_la_tragedie_sur_la_famille\"><\/span>Les cons\u00e9quences de la trag\u00e9die sur la famille<span class=\"ez-toc-section-end\"><\/span><\/h3>\n\n\n\n<p>La garde de la fille d&rsquo;Eva Chafoulais, qui n&rsquo;est autre que la petite s\u0153ur de Fiona, a \u00e9t\u00e9 l&rsquo;objet d&rsquo;une s\u00e9rie de d\u00e9cisions judiciaires. D&rsquo;abord confi\u00e9e aux grands-parents, puis \u00e0 l&rsquo;aide sociale, elle a finalement \u00e9t\u00e9 remise \u00e0 son p\u00e8re, Nicolas Chafoulais, assurant ainsi une stabilit\u00e9 n\u00e9cessaire \u00e0 son \u00e9quilibre.<\/p>\n\n\n\n<h3 class=\"wp-block-heading\" id=\"h-berkane-makhlouf-un-personnage-controverse\"><span class=\"ez-toc-section\" id=\"Berkane_Makhlouf_un_personnage_controverse\"><\/span>Berkane Makhlouf, un personnage controvers\u00e9<span class=\"ez-toc-section-end\"><\/span><\/h3>\n\n\n\n<p>Berkane Makhlouf, l&rsquo;ex-compagnon de C\u00e9cile Bourgeon, n&rsquo;est pas en reste dans cette affaire qui a d\u00e9fray\u00e9 la chronique. Incarc\u00e9r\u00e9 \u00e0 Villefranche-sur-Sa\u00f4ne, il est lui aussi li\u00e9 aux \u00e9v\u00e9nements tragiques ayant entra\u00een\u00e9 la mort de la petite Fiona. Sa relation avec C\u00e9cile Bourgeon et son implication dans l&rsquo;affaire ont suscit\u00e9 de nombreuses interrogations.<\/p>\n\n\n\n<h3 class=\"wp-block-heading\" id=\"h-le-mystere-autour-de-la-mort-de-fiona\"><span class=\"ez-toc-section\" id=\"Le_mystere_autour_de_la_mort_de_Fiona\"><\/span>Le myst\u00e8re autour de la mort de Fiona<span class=\"ez-toc-section-end\"><\/span><\/h3>\n\n\n\n<p>Le drame au c\u0153ur de cette histoire, c&rsquo;est la disparition et la mort de la petite Fiona, un myst\u00e8re non \u00e9lucid\u00e9 qui continue de hanter les esprits. Malgr\u00e9 les enqu\u00eates et les proc\u00e8s, le corps de l&rsquo;enfant n&rsquo;a jamais \u00e9t\u00e9 retrouv\u00e9, laissant les causes de son d\u00e9c\u00e8s dans l&rsquo;ombre et la v\u00e9rit\u00e9 hors de port\u00e9e.<\/p>\n\n\n\n<h2 class=\"wp-block-heading\" id=\"h-les-consequences-judiciaires-et-familiales\"><span class=\"ez-toc-section\" id=\"Les_consequences_judiciaires_et_familiales\"><\/span>Les cons\u00e9quences judiciaires et familiales<span class=\"ez-toc-section-end\"><\/span><\/h2>\n\n\n\n<h3 class=\"wp-block-heading\" id=\"h-la-situation-actuelle-de-cecile-bourgeon\"><span class=\"ez-toc-section\" id=\"La_situation_actuelle_de_Cecile_Bourgeon\"><\/span>La situation actuelle de C\u00e9cile Bourgeon<span class=\"ez-toc-section-end\"><\/span><\/h3>\n\n\n\n<p>Aujourd&rsquo;hui, C\u00e9cile Bourgeon reste incarc\u00e9r\u00e9e \u00e0 la maison d&rsquo;arr\u00eat de Lyon-Corbas. Son histoire et son r\u00f4le dans la mort de Fiona restent au centre de nombreuses discussions et d\u00e9bats, entre qu\u00eate de justice et recherche de r\u00e9demption.<\/p>\n\n\n\n<h3 class=\"wp-block-heading\" id=\"h-nicolas-chafoulais-un-pere-meurtri\"><span class=\"ez-toc-section\" id=\"Nicolas_Chafoulais_un_pere_meurtri\"><\/span>Nicolas Chafoulais, un p\u00e8re meurtri<span class=\"ez-toc-section-end\"><\/span><\/h3>\n\n\n\n<p>Me Charles Fribourg et Nicolas Chafoulais, le p\u00e8re de Fiona, ont \u00e9t\u00e9 des figures centrales dans la recherche de la v\u00e9rit\u00e9 et la lutte pour la justice concernant la disparition de la fillette. Le combat de ce p\u00e8re pour faire face \u00e0 la trag\u00e9die et prot\u00e9ger sa famille est un t\u00e9moignage poignant de la douleur et de la r\u00e9silience.<\/p>\n\n\n\n<h3 class=\"wp-block-heading\" id=\"h-la-garde-de-clara-la-petite-soeur-de-fiona\"><span class=\"ez-toc-section\" id=\"La_garde_de_Clara_la_petite_soeur_de_Fiona\"><\/span>La garde de Clara, la petite s\u0153ur de Fiona<span class=\"ez-toc-section-end\"><\/span><\/h3>\n\n\n\n<p>Clara, la petite s\u0153ur de Fiona, repr\u00e9sente un autre visage de l&rsquo;innocence touch\u00e9e par ce drame. Aujourd&rsquo;hui, elle vit avec son p\u00e8re, Nicolas Chafoulais, qui a obtenu sa garde. Elle grandit loin des tumultes judiciaires, essayant de reconstruire une vie normale malgr\u00e9 l&rsquo;absence de sa s\u0153ur.<\/p>\n\n\n\n<h3 class=\"wp-block-heading\" id=\"h-l-autorite-parentale-de-cecile-bourgeon-remise-en-question\"><span class=\"ez-toc-section\" id=\"Lautorite_parentale_de_Cecile_Bourgeon_remise_en_question\"><\/span>L&rsquo;autorit\u00e9 parentale de C\u00e9cile Bourgeon remise en question<span class=\"ez-toc-section-end\"><\/span><\/h3>\n\n\n\n<p>Lors du proc\u00e8s en premi\u00e8re instance en 2016 \u00e0 Riom, la cour d&rsquo;assises du Puy-de-D\u00f4me a pris la d\u00e9cision de retirer \u00e0 C\u00e9cile Bourgeon l&rsquo;autorit\u00e9 parentale sur ses deux autres enfants. Cette mesure inclut la petite s\u0153ur de Fiona et un petit gar\u00e7on qu&rsquo;elle avait eu avec Berkane Makhlouf, accus\u00e9 lui aussi dans l&rsquo;affaire de maltraitance envers Fiona.<\/p>\n\n\n\n<h3 class=\"wp-block-heading\" id=\"h-le-devenir-de-la-soeur-de-fiona\"><span class=\"ez-toc-section\" id=\"Le_devenir_de_la_soeur_de_Fiona\"><\/span>Le devenir de la s\u0153ur de Fiona<span class=\"ez-toc-section-end\"><\/span><\/h3>\n\n\n\n<p>La s\u0153ur de Fiona, \u00e2g\u00e9e aujourd&rsquo;hui de 11 ans, poursuit sa vie aupr\u00e8s de son p\u00e8re. Elle est le symbole d&rsquo;une enfance qui doit se reconstruire apr\u00e8s avoir \u00e9t\u00e9 touch\u00e9e par une trag\u00e9die familiale. Sa protection et son bien-\u00eatre restent une priorit\u00e9 absolue pour son entourage.<\/p>\n\n\n\n<h2 class=\"wp-block-heading\" id=\"h-en-conclusion\"><span class=\"ez-toc-section\" id=\"En_conclusion\"><\/span>En conclusion<span class=\"ez-toc-section-end\"><\/span><\/h2>\n\n\n\n<p>La saga judiciaire autour de C\u00e9cile Bourgeon et la tragique histoire de la petite Fiona sont des r\u00e9cits qui ont marqu\u00e9 les esprits et soulev\u00e9 de nombreuses questions sur la protection de l&rsquo;enfance, la justice et la capacit\u00e9 de notre soci\u00e9t\u00e9 \u00e0 prendre en charge les individus en situation de d\u00e9tresse. Les destins bris\u00e9s et les vies boulevers\u00e9es par ce drame rappellent l&rsquo;importance de la vigilance et de la solidarit\u00e9 communautaire face aux drames familiaux.<\/p>\n\n\n\n<hr class=\"wp-block-separator has-alpha-channel-opacity\"\/>\n\n\n\n<p><strong>Q: Pourquoi C\u00e9cile Bourgeon est-elle libre ?<\/strong><br>A: C\u00e9cile Bourgeon est libre car la cour de cassation a cass\u00e9 un premier jugement de 2018, ce qui a conduit \u00e0 sa lib\u00e9ration apr\u00e8s comparution devant la cour d&rsquo;appel de Lyon en d\u00e9cembre 2020.<\/p>\n\n\n\n<p><strong>Q: O\u00f9 est la m\u00e8re de Fiona ?<\/strong><br>A: La m\u00e8re de Fiona, C\u00e9cile Bourgeon, est actuellement incarc\u00e9r\u00e9e \u00e0 la maison d&rsquo;arr\u00eat de Lyon-Corbas.<\/p>\n\n\n\n<p><strong>Q: Qui est le p\u00e8re de la petite Fiona ?<\/strong><br>A: Le p\u00e8re de la petite Fiona est Nicolas Chafoulais.<\/p>\n\n\n\n<p><strong>Q: Qui a la garde de la petite s\u0153ur de Fiona ?<\/strong><br>A: Aujourd&rsquo;hui, c&rsquo;est Nicolas Chafoulais qui a la garde de la petite s\u0153ur de Fiona, Clara*.<\/p>\n","protected":false},"excerpt":{"rendered":"<p>C\u00e9cile Bourgeon, un nom qui a fait trembler la France. Son parcours tumultueux a d\u00e9fray\u00e9 la chronique et a captiv\u00e9 l&rsquo;attention du public pendant des ann\u00e9es. Dans cet article, nous plongerons dans les m\u00e9andres de l&rsquo;histoire de cette femme au destin tragique. Des cons\u00e9quences judiciaires et familiales qui ont boulevers\u00e9 sa vie \u00e0 jamais, aux [&hellip;]<\/p>\n","protected":false},"author":8,"featured_media":160418,"comment_status":"open","ping_status":"open","sticky":false,"template":"","format":"standard","meta":{"tdm_status":"","tdm_grid_status":"","_jetpack_memberships_contains_paid_content":false,"footnotes":"","jetpack_publicize_message":"","jetpack_publicize_feature_enabled":true,"jetpack_social_post_already_shared":false,"jetpack_social_options":{"image_generator_settings":{"template":"highway","default_image_id":0,"font":"","enabled":false},"version":2}},"categories":[78],"tags":[],"class_list":["post-104936","post","type-post","status-publish","format-standard","has-post-thumbnail","hentry","category-culture"],"yoast_head":"<!-- This site is optimized with the Yoast SEO Premium plugin v25.0 (Yoast SEO v25.0) - https:\/\/yoast.com\/wordpress\/plugins\/seo\/ -->\n<title>C\u00e9cile Bourgeon : Quel est le parcours tumultueux de cette femme et quelles sont les cons\u00e9quences judiciaires et familiales qui en d\u00e9coulent ? - Flashmode Magazine | Magazine de mode et style de vie Num\u00e9ro un en Tunisie et au Maghreb<\/title>\n<meta name=\"description\" content=\"C\u00e9cile Bourgeon, un nom qui a fait trembler la France. Son parcours tumultueux a d\u00e9fray\u00e9 la chronique et a captiv\u00e9 l&#039;attention du public pendant des\" \/>\n<meta name=\"robots\" content=\"index, follow, max-snippet:-1, max-image-preview:large, max-video-preview:-1\" \/>\n<link rel=\"canonical\" href=\"https:\/\/flashmode.tn\/magazine\/cecile-bourgeon-quel-est-le-parcours-tumultueux-de-cette-femme-et-quelles-sont-les-consequences-judiciaires-et-familiales-qui-en-decoulent\/\" \/>\n<meta property=\"og:locale\" content=\"fr_FR\" \/>\n<meta property=\"og:type\" content=\"article\" \/>\n<meta property=\"og:title\" content=\"C\u00e9cile Bourgeon : Quel est le parcours tumultueux de cette femme et quelles sont les cons\u00e9quences judiciaires et familiales qui en d\u00e9coulent ? - Flashmode Magazine | Magazine de mode et style de vie Num\u00e9ro un en Tunisie et au Maghreb\" \/>\n<meta property=\"og:description\" content=\"C\u00e9cile Bourgeon, un nom qui a fait trembler la France. Son parcours tumultueux a d\u00e9fray\u00e9 la chronique et a captiv\u00e9 l&#039;attention du public pendant des\" \/>\n<meta property=\"og:url\" content=\"https:\/\/flashmode.tn\/magazine\/cecile-bourgeon-quel-est-le-parcours-tumultueux-de-cette-femme-et-quelles-sont-les-consequences-judiciaires-et-familiales-qui-en-decoulent\/\" \/>\n<meta property=\"og:site_name\" content=\"Flashmode Magazine | Magazine de mode et style de vie Num\u00e9ro un en Tunisie et au Maghreb\" \/>\n<meta property=\"article:publisher\" content=\"https:\/\/www.facebook.com\/flashmode.magazine\/\" \/>\n<meta property=\"article:published_time\" content=\"2024-03-12T01:58:49+00:00\" \/>\n<meta property=\"article:modified_time\" content=\"2024-03-29T08:13:44+00:00\" \/>\n<meta property=\"og:image\" content=\"https:\/\/flashmode.tn\/magazine\/wp-content\/uploads\/2024\/03\/Cecile-Bourgeon-Quel-est-le-parcours-tumultueux-de-cette-femme-et-quelles-sont-les-consequences-judiciaires-et-familiales-qui-en-decoulent-.png\" \/>\n\t<meta property=\"og:image:width\" content=\"1640\" \/>\n\t<meta property=\"og:image:height\" content=\"924\" \/>\n\t<meta property=\"og:image:type\" content=\"image\/png\" \/>\n<meta name=\"author\" content=\"The Daileigh\" \/>\n<meta name=\"twitter:card\" content=\"summary_large_image\" \/>\n<meta name=\"twitter:creator\" content=\"@agenceflashmode\" \/>\n<meta name=\"twitter:site\" content=\"@agenceflashmode\" \/>\n<meta name=\"twitter:label1\" content=\"\u00c9crit par\" \/>\n\t<meta name=\"twitter:data1\" content=\"The Daileigh\" \/>\n\t<meta name=\"twitter:label2\" content=\"Dur\u00e9e de lecture estim\u00e9e\" \/>\n\t<meta name=\"twitter:data2\" content=\"5 minutes\" \/>\n<script type=\"application\/ld+json\" class=\"yoast-schema-graph\">{\"@context\":\"https:\/\/schema.org\",\"@graph\":[{\"@type\":\"WebPage\",\"@id\":\"https:\/\/flashmode.tn\/magazine\/cecile-bourgeon-quel-est-le-parcours-tumultueux-de-cette-femme-et-quelles-sont-les-consequences-judiciaires-et-familiales-qui-en-decoulent\/\",\"url\":\"https:\/\/flashmode.tn\/magazine\/cecile-bourgeon-quel-est-le-parcours-tumultueux-de-cette-femme-et-quelles-sont-les-consequences-judiciaires-et-familiales-qui-en-decoulent\/\",\"name\":\"C\u00e9cile Bourgeon : Quel est le parcours tumultueux de cette femme et quelles sont les cons\u00e9quences judiciaires et familiales qui en d\u00e9coulent ? - Flashmode Magazine | Magazine de mode et style de vie Num\u00e9ro un en Tunisie et au Maghreb\",\"isPartOf\":{\"@id\":\"https:\/\/flashmode.tn\/magazine\/#website\"},\"primaryImageOfPage\":{\"@id\":\"https:\/\/flashmode.tn\/magazine\/cecile-bourgeon-quel-est-le-parcours-tumultueux-de-cette-femme-et-quelles-sont-les-consequences-judiciaires-et-familiales-qui-en-decoulent\/#primaryimage\"},\"image\":{\"@id\":\"https:\/\/flashmode.tn\/magazine\/cecile-bourgeon-quel-est-le-parcours-tumultueux-de-cette-femme-et-quelles-sont-les-consequences-judiciaires-et-familiales-qui-en-decoulent\/#primaryimage\"},\"thumbnailUrl\":\"https:\/\/i0.wp.com\/flashmode.tn\/magazine\/wp-content\/uploads\/2024\/03\/Cecile-Bourgeon-Quel-est-le-parcours-tumultueux-de-cette-femme-et-quelles-sont-les-consequences-judiciaires-et-familiales-qui-en-decoulent-.png?fit=1640%2C924&ssl=1\",\"datePublished\":\"2024-03-12T01:58:49+00:00\",\"dateModified\":\"2024-03-29T08:13:44+00:00\",\"author\":{\"@id\":\"https:\/\/flashmode.tn\/magazine\/#\/schema\/person\/79940f8af94166a445dd5bd6b3137682\"},\"description\":\"C\u00e9cile Bourgeon, un nom qui a fait trembler la France. Son parcours tumultueux a d\u00e9fray\u00e9 la chronique et a captiv\u00e9 l'attention du public pendant des\",\"breadcrumb\":{\"@id\":\"https:\/\/flashmode.tn\/magazine\/cecile-bourgeon-quel-est-le-parcours-tumultueux-de-cette-femme-et-quelles-sont-les-consequences-judiciaires-et-familiales-qui-en-decoulent\/#breadcrumb\"},\"inLanguage\":\"fr-FR\",\"potentialAction\":[{\"@type\":\"ReadAction\",\"target\":[\"https:\/\/flashmode.tn\/magazine\/cecile-bourgeon-quel-est-le-parcours-tumultueux-de-cette-femme-et-quelles-sont-les-consequences-judiciaires-et-familiales-qui-en-decoulent\/\"]}]},{\"@type\":\"ImageObject\",\"inLanguage\":\"fr-FR\",\"@id\":\"https:\/\/flashmode.tn\/magazine\/cecile-bourgeon-quel-est-le-parcours-tumultueux-de-cette-femme-et-quelles-sont-les-consequences-judiciaires-et-familiales-qui-en-decoulent\/#primaryimage\",\"url\":\"https:\/\/i0.wp.com\/flashmode.tn\/magazine\/wp-content\/uploads\/2024\/03\/Cecile-Bourgeon-Quel-est-le-parcours-tumultueux-de-cette-femme-et-quelles-sont-les-consequences-judiciaires-et-familiales-qui-en-decoulent-.png?fit=1640%2C924&ssl=1\",\"contentUrl\":\"https:\/\/i0.wp.com\/flashmode.tn\/magazine\/wp-content\/uploads\/2024\/03\/Cecile-Bourgeon-Quel-est-le-parcours-tumultueux-de-cette-femme-et-quelles-sont-les-consequences-judiciaires-et-familiales-qui-en-decoulent-.png?fit=1640%2C924&ssl=1\",\"width\":1640,\"height\":924,\"caption\":\"C\u00e9cile Bourgeon : Quel est le parcours tumultueux de cette femme et quelles sont les cons\u00e9quences judiciaires et familiales qui en d\u00e9coulent ?\"},{\"@type\":\"BreadcrumbList\",\"@id\":\"https:\/\/flashmode.tn\/magazine\/cecile-bourgeon-quel-est-le-parcours-tumultueux-de-cette-femme-et-quelles-sont-les-consequences-judiciaires-et-familiales-qui-en-decoulent\/#breadcrumb\",\"itemListElement\":[{\"@type\":\"ListItem\",\"position\":1,\"name\":\"Accueil\",\"item\":\"https:\/\/flashmode.tn\/magazine\/\"},{\"@type\":\"ListItem\",\"position\":2,\"name\":\"C\u00e9cile Bourgeon : Quel est le parcours tumultueux de cette femme et quelles sont les cons\u00e9quences judiciaires et familiales qui en d\u00e9coulent ?\"}]},{\"@type\":\"WebSite\",\"@id\":\"https:\/\/flashmode.tn\/magazine\/#website\",\"url\":\"https:\/\/flashmode.tn\/magazine\/\",\"name\":\"Flashmode Magazine | Magazine de mode et style de vie Num\u00e9ro un en Tunisie et au Maghreb\",\"description\":\"Magazine de mode et style de vie Num\u00e9ro un en Tunisie et au Maghreb, cr\u00e9\u00e9 pour les hommes et les femmes : conseils beaut\u00e9, mode femme, mode homme, recettes de cuisine, c\u00e9l\u00e9brit\u00e9s et people, mannequins et top modeles\",\"potentialAction\":[{\"@type\":\"SearchAction\",\"target\":{\"@type\":\"EntryPoint\",\"urlTemplate\":\"https:\/\/flashmode.tn\/magazine\/?s={search_term_string}\"},\"query-input\":{\"@type\":\"PropertyValueSpecification\",\"valueRequired\":true,\"valueName\":\"search_term_string\"}}],\"inLanguage\":\"fr-FR\"},{\"@type\":\"Person\",\"@id\":\"https:\/\/flashmode.tn\/magazine\/#\/schema\/person\/79940f8af94166a445dd5bd6b3137682\",\"name\":\"The Daileigh\",\"image\":{\"@type\":\"ImageObject\",\"inLanguage\":\"fr-FR\",\"@id\":\"https:\/\/flashmode.tn\/magazine\/#\/schema\/person\/image\/\",\"url\":\"https:\/\/secure.gravatar.com\/avatar\/30d4d60865d61de3434abd01cb8b4ec5e5b5eb5a274017461832a54857b1770d?s=96&d=mm&r=g\",\"contentUrl\":\"https:\/\/secure.gravatar.com\/avatar\/30d4d60865d61de3434abd01cb8b4ec5e5b5eb5a274017461832a54857b1770d?s=96&d=mm&r=g\",\"caption\":\"The Daileigh\"},\"url\":\"https:\/\/flashmode.tn\/magazine\/author\/the-daileigh\/\"}]}<\/script>\n<!-- \/ Yoast SEO Premium plugin. -->","yoast_head_json":{"title":"C\u00e9cile Bourgeon : Quel est le parcours tumultueux de cette femme et quelles sont les cons\u00e9quences judiciaires et familiales qui en d\u00e9coulent ? - Flashmode Magazine | Magazine de mode et style de vie Num\u00e9ro un en Tunisie et au Maghreb","description":"C\u00e9cile Bourgeon, un nom qui a fait trembler la France. Son parcours tumultueux a d\u00e9fray\u00e9 la chronique et a captiv\u00e9 l'attention du public pendant des","robots":{"index":"index","follow":"follow","max-snippet":"max-snippet:-1","max-image-preview":"max-image-preview:large","max-video-preview":"max-video-preview:-1"},"canonical":"https:\/\/flashmode.tn\/magazine\/cecile-bourgeon-quel-est-le-parcours-tumultueux-de-cette-femme-et-quelles-sont-les-consequences-judiciaires-et-familiales-qui-en-decoulent\/","og_locale":"fr_FR","og_type":"article","og_title":"C\u00e9cile Bourgeon : Quel est le parcours tumultueux de cette femme et quelles sont les cons\u00e9quences judiciaires et familiales qui en d\u00e9coulent ? - Flashmode Magazine | Magazine de mode et style de vie Num\u00e9ro un en Tunisie et au Maghreb","og_description":"C\u00e9cile Bourgeon, un nom qui a fait trembler la France. Son parcours tumultueux a d\u00e9fray\u00e9 la chronique et a captiv\u00e9 l'attention du public pendant des","og_url":"https:\/\/flashmode.tn\/magazine\/cecile-bourgeon-quel-est-le-parcours-tumultueux-de-cette-femme-et-quelles-sont-les-consequences-judiciaires-et-familiales-qui-en-decoulent\/","og_site_name":"Flashmode Magazine | Magazine de mode et style de vie Num\u00e9ro un en Tunisie et au Maghreb","article_publisher":"https:\/\/www.facebook.com\/flashmode.magazine\/","article_published_time":"2024-03-12T01:58:49+00:00","article_modified_time":"2024-03-29T08:13:44+00:00","og_image":[{"width":1640,"height":924,"url":"https:\/\/flashmode.tn\/magazine\/wp-content\/uploads\/2024\/03\/Cecile-Bourgeon-Quel-est-le-parcours-tumultueux-de-cette-femme-et-quelles-sont-les-consequences-judiciaires-et-familiales-qui-en-decoulent-.png","type":"image\/png"}],"author":"The Daileigh","twitter_card":"summary_large_image","twitter_creator":"@agenceflashmode","twitter_site":"@agenceflashmode","twitter_misc":{"\u00c9crit par":"The Daileigh","Dur\u00e9e de lecture estim\u00e9e":"5 minutes"},"schema":{"@context":"https:\/\/schema.org","@graph":[{"@type":"WebPage","@id":"https:\/\/flashmode.tn\/magazine\/cecile-bourgeon-quel-est-le-parcours-tumultueux-de-cette-femme-et-quelles-sont-les-consequences-judiciaires-et-familiales-qui-en-decoulent\/","url":"https:\/\/flashmode.tn\/magazine\/cecile-bourgeon-quel-est-le-parcours-tumultueux-de-cette-femme-et-quelles-sont-les-consequences-judiciaires-et-familiales-qui-en-decoulent\/","name":"C\u00e9cile Bourgeon : Quel est le parcours tumultueux de cette femme et quelles sont les cons\u00e9quences judiciaires et familiales qui en d\u00e9coulent ? - Flashmode Magazine | Magazine de mode et style de vie Num\u00e9ro un en Tunisie et au Maghreb","isPartOf":{"@id":"https:\/\/flashmode.tn\/magazine\/#website"},"primaryImageOfPage":{"@id":"https:\/\/flashmode.tn\/magazine\/cecile-bourgeon-quel-est-le-parcours-tumultueux-de-cette-femme-et-quelles-sont-les-consequences-judiciaires-et-familiales-qui-en-decoulent\/#primaryimage"},"image":{"@id":"https:\/\/flashmode.tn\/magazine\/cecile-bourgeon-quel-est-le-parcours-tumultueux-de-cette-femme-et-quelles-sont-les-consequences-judiciaires-et-familiales-qui-en-decoulent\/#primaryimage"},"thumbnailUrl":"https:\/\/i0.wp.com\/flashmode.tn\/magazine\/wp-content\/uploads\/2024\/03\/Cecile-Bourgeon-Quel-est-le-parcours-tumultueux-de-cette-femme-et-quelles-sont-les-consequences-judiciaires-et-familiales-qui-en-decoulent-.png?fit=1640%2C924&ssl=1","datePublished":"2024-03-12T01:58:49+00:00","dateModified":"2024-03-29T08:13:44+00:00","author":{"@id":"https:\/\/flashmode.tn\/magazine\/#\/schema\/person\/79940f8af94166a445dd5bd6b3137682"},"description":"C\u00e9cile Bourgeon, un nom qui a fait trembler la France. Son parcours tumultueux a d\u00e9fray\u00e9 la chronique et a captiv\u00e9 l'attention du public pendant des","breadcrumb":{"@id":"https:\/\/flashmode.tn\/magazine\/cecile-bourgeon-quel-est-le-parcours-tumultueux-de-cette-femme-et-quelles-sont-les-consequences-judiciaires-et-familiales-qui-en-decoulent\/#breadcrumb"},"inLanguage":"fr-FR","potentialAction":[{"@type":"ReadAction","target":["https:\/\/flashmode.tn\/magazine\/cecile-bourgeon-quel-est-le-parcours-tumultueux-de-cette-femme-et-quelles-sont-les-consequences-judiciaires-et-familiales-qui-en-decoulent\/"]}]},{"@type":"ImageObject","inLanguage":"fr-FR","@id":"https:\/\/flashmode.tn\/magazine\/cecile-bourgeon-quel-est-le-parcours-tumultueux-de-cette-femme-et-quelles-sont-les-consequences-judiciaires-et-familiales-qui-en-decoulent\/#primaryimage","url":"https:\/\/i0.wp.com\/flashmode.tn\/magazine\/wp-content\/uploads\/2024\/03\/Cecile-Bourgeon-Quel-est-le-parcours-tumultueux-de-cette-femme-et-quelles-sont-les-consequences-judiciaires-et-familiales-qui-en-decoulent-.png?fit=1640%2C924&ssl=1","contentUrl":"https:\/\/i0.wp.com\/flashmode.tn\/magazine\/wp-content\/uploads\/2024\/03\/Cecile-Bourgeon-Quel-est-le-parcours-tumultueux-de-cette-femme-et-quelles-sont-les-consequences-judiciaires-et-familiales-qui-en-decoulent-.png?fit=1640%2C924&ssl=1","width":1640,"height":924,"caption":"C\u00e9cile Bourgeon : Quel est le parcours tumultueux de cette femme et quelles sont les cons\u00e9quences judiciaires et familiales qui en d\u00e9coulent ?"},{"@type":"BreadcrumbList","@id":"https:\/\/flashmode.tn\/magazine\/cecile-bourgeon-quel-est-le-parcours-tumultueux-de-cette-femme-et-quelles-sont-les-consequences-judiciaires-et-familiales-qui-en-decoulent\/#breadcrumb","itemListElement":[{"@type":"ListItem","position":1,"name":"Accueil","item":"https:\/\/flashmode.tn\/magazine\/"},{"@type":"ListItem","position":2,"name":"C\u00e9cile Bourgeon : Quel est le parcours tumultueux de cette femme et quelles sont les cons\u00e9quences judiciaires et familiales qui en d\u00e9coulent ?"}]},{"@type":"WebSite","@id":"https:\/\/flashmode.tn\/magazine\/#website","url":"https:\/\/flashmode.tn\/magazine\/","name":"Flashmode Magazine | Magazine de mode et style de vie Num\u00e9ro un en Tunisie et au Maghreb","description":"Magazine de mode et style de vie Num\u00e9ro un en Tunisie et au Maghreb, cr\u00e9\u00e9 pour les hommes et les femmes : conseils beaut\u00e9, mode femme, mode homme, recettes de cuisine, c\u00e9l\u00e9brit\u00e9s et people, mannequins et top modeles","potentialAction":[{"@type":"SearchAction","target":{"@type":"EntryPoint","urlTemplate":"https:\/\/flashmode.tn\/magazine\/?s={search_term_string}"},"query-input":{"@type":"PropertyValueSpecification","valueRequired":true,"valueName":"search_term_string"}}],"inLanguage":"fr-FR"},{"@type":"Person","@id":"https:\/\/flashmode.tn\/magazine\/#\/schema\/person\/79940f8af94166a445dd5bd6b3137682","name":"The Daileigh","image":{"@type":"ImageObject","inLanguage":"fr-FR","@id":"https:\/\/flashmode.tn\/magazine\/#\/schema\/person\/image\/","url":"https:\/\/secure.gravatar.com\/avatar\/30d4d60865d61de3434abd01cb8b4ec5e5b5eb5a274017461832a54857b1770d?s=96&d=mm&r=g","contentUrl":"https:\/\/secure.gravatar.com\/avatar\/30d4d60865d61de3434abd01cb8b4ec5e5b5eb5a274017461832a54857b1770d?s=96&d=mm&r=g","caption":"The Daileigh"},"url":"https:\/\/flashmode.tn\/magazine\/author\/the-daileigh\/"}]}},"jetpack_publicize_connections":[],"jetpack_featured_media_url":"https:\/\/i0.wp.com\/flashmode.tn\/magazine\/wp-content\/uploads\/2024\/03\/Cecile-Bourgeon-Quel-est-le-parcours-tumultueux-de-cette-femme-et-quelles-sont-les-consequences-judiciaires-et-familiales-qui-en-decoulent-.png?fit=1640%2C924&ssl=1","jetpack_shortlink":"https:\/\/wp.me\/p8BPGr-riw","jetpack_sharing_enabled":true,"_links":{"self":[{"href":"https:\/\/flashmode.tn\/magazine\/wp-json\/wp\/v2\/posts\/104936","targetHints":{"allow":["GET"]}}],"collection":[{"href":"https:\/\/flashmode.tn\/magazine\/wp-json\/wp\/v2\/posts"}],"about":[{"href":"https:\/\/flashmode.tn\/magazine\/wp-json\/wp\/v2\/types\/post"}],"author":[{"embeddable":true,"href":"https:\/\/flashmode.tn\/magazine\/wp-json\/wp\/v2\/users\/8"}],"replies":[{"embeddable":true,"href":"https:\/\/flashmode.tn\/magazine\/wp-json\/wp\/v2\/comments?post=104936"}],"version-history":[{"count":2,"href":"https:\/\/flashmode.tn\/magazine\/wp-json\/wp\/v2\/posts\/104936\/revisions"}],"predecessor-version":[{"id":160419,"href":"https:\/\/flashmode.tn\/magazine\/wp-json\/wp\/v2\/posts\/104936\/revisions\/160419"}],"wp:featuredmedia":[{"embeddable":true,"href":"https:\/\/flashmode.tn\/magazine\/wp-json\/wp\/v2\/media\/160418"}],"wp:attachment":[{"href":"https:\/\/flashmode.tn\/magazine\/wp-json\/wp\/v2\/media?parent=104936"}],"wp:term":[{"taxonomy":"category","embeddable":true,"href":"https:\/\/flashmode.tn\/magazine\/wp-json\/wp\/v2\/categories?post=104936"},{"taxonomy":"post_tag","embeddable":true,"href":"https:\/\/flashmode.tn\/magazine\/wp-json\/wp\/v2\/tags?post=104936"}],"curies":[{"name":"wp","href":"https:\/\/api.w.org\/{rel}","templated":true}]}}