{"id":104948,"date":"2024-03-12T02:58:38","date_gmt":"2024-03-12T01:58:38","guid":{"rendered":"https:\/\/flashmode.tn\/magazine\/edith-chabre-qui-est-cette-femme-influente-de-lombre\/"},"modified":"2024-03-29T10:09:52","modified_gmt":"2024-03-29T09:09:52","slug":"edith-chabre-qui-est-cette-femme-influente-de-lombre","status":"publish","type":"post","link":"https:\/\/flashmode.tn\/magazine\/edith-chabre-qui-est-cette-femme-influente-de-lombre\/","title":{"rendered":"\u00c9dith Chabre : Qui est cette femme influente de l&rsquo;ombre ?"},"content":{"rendered":"\n<p>Bienvenue dans cet article consacr\u00e9 \u00e0 \u00c9dith Chabre, une femme de l&rsquo;ombre influente. Vous \u00eates-vous d\u00e9j\u00e0 demand\u00e9 qui se cache derri\u00e8re les grandes figures politiques ? Eh bien, \u00c9dith Chabre est l&rsquo;une de ces personnalit\u00e9s discr\u00e8tes mais \u00f4 combien puissantes qui agissent dans les coulisses du pouvoir. Dans cet article, nous allons explorer sa vie fascinante et d\u00e9couvrir les secrets de son influence. Attachez vos ceintures, car vous allez \u00eatre emport\u00e9s dans un tourbillon de r\u00e9v\u00e9lations surprenantes et captivantes. Pr\u00e9parez-vous \u00e0 \u00eatre \u00e9blouis par le parcours inspirant d&rsquo;\u00c9dith Chabre et \u00e0 \u00eatre s\u00e9duits par les anecdotes croustillantes sur la vie familiale des figures politiques. Ne manquez pas non plus notre incursion dans la vie amoureuse du ministre de la Justice. Alors, \u00eates-vous pr\u00eats \u00e0 plonger dans l&rsquo;univers intrigant d&rsquo;\u00c9dith Chabre ? Lisez la suite pour tout savoir !<\/p>\n\n\n\n<div id=\"ez-toc-container\" class=\"ez-toc-v2_0_81 counter-hierarchy ez-toc-counter ez-toc-grey ez-toc-container-direction\">\n<div class=\"ez-toc-title-container\">\n<p class=\"ez-toc-title\" style=\"cursor:inherit\">Contenus de la page<\/p>\n<span class=\"ez-toc-title-toggle\"><a href=\"#\" class=\"ez-toc-pull-right ez-toc-btn ez-toc-btn-xs ez-toc-btn-default ez-toc-toggle\" aria-label=\"Toggle Table of Content\"><span class=\"ez-toc-js-icon-con\"><span class=\"\"><span class=\"eztoc-hide\" style=\"display:none;\">Toggle<\/span><span class=\"ez-toc-icon-toggle-span\"><svg style=\"fill: #999;color:#999\" xmlns=\"http:\/\/www.w3.org\/2000\/svg\" class=\"list-377408\" width=\"20px\" height=\"20px\" viewBox=\"0 0 24 24\" fill=\"none\"><path d=\"M6 6H4v2h2V6zm14 0H8v2h12V6zM4 11h2v2H4v-2zm16 0H8v2h12v-2zM4 16h2v2H4v-2zm16 0H8v2h12v-2z\" fill=\"currentColor\"><\/path><\/svg><svg style=\"fill: #999;color:#999\" class=\"arrow-unsorted-368013\" xmlns=\"http:\/\/www.w3.org\/2000\/svg\" width=\"10px\" height=\"10px\" viewBox=\"0 0 24 24\" version=\"1.2\" baseProfile=\"tiny\"><path d=\"M18.2 9.3l-6.2-6.3-6.2 6.3c-.2.2-.3.4-.3.7s.1.5.3.7c.2.2.4.3.7.3h11c.3 0 .5-.1.7-.3.2-.2.3-.5.3-.7s-.1-.5-.3-.7zM5.8 14.7l6.2 6.3 6.2-6.3c.2-.2.3-.5.3-.7s-.1-.5-.3-.7c-.2-.2-.4-.3-.7-.3h-11c-.3 0-.5.1-.7.3-.2.2-.3.5-.3.7s.1.5.3.7z\"\/><\/svg><\/span><\/span><\/span><\/a><\/span><\/div>\n<nav><ul class='ez-toc-list ez-toc-list-level-1 ' ><li class='ez-toc-page-1 ez-toc-heading-level-2'><a class=\"ez-toc-link ez-toc-heading-1\" href=\"https:\/\/flashmode.tn\/magazine\/edith-chabre-qui-est-cette-femme-influente-de-lombre\/#Edith_Chabre_Une_Femme_de_Lombre_Influente\" >\u00c9dith Chabre, Une Femme de L&rsquo;ombre Influente<\/a><ul class='ez-toc-list-level-3' ><li class='ez-toc-heading-level-3'><a class=\"ez-toc-link ez-toc-heading-2\" href=\"https:\/\/flashmode.tn\/magazine\/edith-chabre-qui-est-cette-femme-influente-de-lombre\/#Un_Couple_Uni_Dans_La_Vie_Publique_Et_Privee\" >Un Couple Uni Dans La Vie Publique Et Priv\u00e9e<\/a><\/li><\/ul><\/li><li class='ez-toc-page-1 ez-toc-heading-level-2'><a class=\"ez-toc-link ez-toc-heading-3\" href=\"https:\/\/flashmode.tn\/magazine\/edith-chabre-qui-est-cette-femme-influente-de-lombre\/#Des_Parcours_Inspirants_Edith_Cresson_et_Marlene_Schiappa\" >Des Parcours Inspirants: \u00c9dith Cresson et Marl\u00e8ne Schiappa<\/a><\/li><li class='ez-toc-page-1 ez-toc-heading-level-2'><a class=\"ez-toc-link ez-toc-heading-4\" href=\"https:\/\/flashmode.tn\/magazine\/edith-chabre-qui-est-cette-femme-influente-de-lombre\/#LArt_de_Se_Reinventer_Edouard_Louis\" >L&rsquo;Art de Se R\u00e9inventer: \u00c9douard Louis<\/a><\/li><li class='ez-toc-page-1 ez-toc-heading-level-2'><a class=\"ez-toc-link ez-toc-heading-5\" href=\"https:\/\/flashmode.tn\/magazine\/edith-chabre-qui-est-cette-femme-influente-de-lombre\/#La_Vie_Familiale_Des_Figures_Politiques\" >La Vie Familiale Des Figures Politiques<\/a><\/li><li class='ez-toc-page-1 ez-toc-heading-level-2'><a class=\"ez-toc-link ez-toc-heading-6\" href=\"https:\/\/flashmode.tn\/magazine\/edith-chabre-qui-est-cette-femme-influente-de-lombre\/#Le_Ministre_de_la_Justice_et_Sa_Vie_Amoureuse\" >Le Ministre de la Justice et Sa Vie Amoureuse<\/a><ul class='ez-toc-list-level-3' ><li class='ez-toc-heading-level-3'><a class=\"ez-toc-link ez-toc-heading-7\" href=\"https:\/\/flashmode.tn\/magazine\/edith-chabre-qui-est-cette-femme-influente-de-lombre\/#Qui_Est_Helene_Dupond-Moretti\" >Qui Est H\u00e9l\u00e8ne Dupond-Moretti?<\/a><\/li><li class='ez-toc-page-1 ez-toc-heading-level-3'><a class=\"ez-toc-link ez-toc-heading-8\" href=\"https:\/\/flashmode.tn\/magazine\/edith-chabre-qui-est-cette-femme-influente-de-lombre\/#La_Romance_Entre_Isabelle_Boulay_et_Eric_Dupond-Moretti\" >La Romance Entre Isabelle Boulay et \u00c9ric Dupond-Moretti<\/a><\/li><\/ul><\/li><li class='ez-toc-page-1 ez-toc-heading-level-2'><a class=\"ez-toc-link ez-toc-heading-9\" href=\"https:\/\/flashmode.tn\/magazine\/edith-chabre-qui-est-cette-femme-influente-de-lombre\/#Conclusion\" >Conclusion<\/a><\/li><\/ul><\/nav><\/div>\n<h2 class=\"wp-block-heading\" id=\"h-edith-chabre-une-femme-de-l-ombre-influente\"><span class=\"ez-toc-section\" id=\"Edith_Chabre_Une_Femme_de_Lombre_Influente\"><\/span>\u00c9dith Chabre, Une Femme de L&rsquo;ombre Influente<span class=\"ez-toc-section-end\"><\/span><\/h2>\n\n\n\n<p>\u00c9dith Chabre est souvent per\u00e7ue comme la discr\u00e8te moiti\u00e9 d&rsquo;\u00c9douard Philippe, pourtant, avec un parcours acad\u00e9mique et professionnel aussi riche que le sien, elle repr\u00e9sente bien plus que cela. Dipl\u00f4m\u00e9e de l&rsquo;<strong>ESLSCA<\/strong> et de l&rsquo;<strong>universit\u00e9 Lille 2<\/strong>, \u00c9dith Chabre a su se forger une carri\u00e8re remarquable en devenant la directrice ex\u00e9cutive de l&rsquo;\u00e9cole de droit de l&rsquo;Institut d&rsquo;\u00e9tudes politiques de Paris, un poste de haute responsabilit\u00e9 qui t\u00e9moigne de ses comp\u00e9tences et de son engagement dans le secteur de l&rsquo;\u00e9ducation sup\u00e9rieure.<\/p>\n\n\n\n<h3 class=\"wp-block-heading\" id=\"h-un-couple-uni-dans-la-vie-publique-et-privee\"><span class=\"ez-toc-section\" id=\"Un_Couple_Uni_Dans_La_Vie_Publique_Et_Privee\"><\/span>Un Couple Uni Dans La Vie Publique Et Priv\u00e9e<span class=\"ez-toc-section-end\"><\/span><\/h3>\n\n\n\n<p>Le couple form\u00e9 par \u00c9dith Chabre et \u00c9douard Philippe est l&rsquo;exemple m\u00eame de la solidarit\u00e9 et de l&rsquo;\u00e9quilibre entre vie priv\u00e9e et responsabilit\u00e9s publiques. Mari\u00e9s, parents de trois enfants, Anatole, L\u00e9onard et Sarah, ils ont su naviguer dans les sph\u00e8res politiques sans que cela n&rsquo;entache leur sph\u00e8re familiale. \u00c9douard Philippe, en sa qualit\u00e9 de Premier ministre nomm\u00e9 par Emmanuel Macron le 15 mai 2017, a souvent \u00e9t\u00e9 sous les projecteurs, mais \u00c9dith Chabre a toujours su rester \u00e0 l&rsquo;\u00e9cart, g\u00e9rant sa vie professionnelle et familiale avec discr\u00e9tion et efficacit\u00e9.<\/p>\n\n\n\n<h2 class=\"wp-block-heading\" id=\"h-des-parcours-inspirants-edith-cresson-et-marlene-schiappa\"><span class=\"ez-toc-section\" id=\"Des_Parcours_Inspirants_Edith_Cresson_et_Marlene_Schiappa\"><\/span>Des Parcours Inspirants: \u00c9dith Cresson et Marl\u00e8ne Schiappa<span class=\"ez-toc-section-end\"><\/span><\/h2>\n\n\n\n<p>\u00c9dith Chabre n&rsquo;est pas la seule femme \u00e0 avoir marqu\u00e9 la vie politique fran\u00e7aise de son empreinte. <strong>\u00c9dith Cresson<\/strong>, la premi\u00e8re femme \u00e0 occuper le poste de Premier ministre de 1991 \u00e0 1992, a \u00e9galement ouvert la voie \u00e0 de nombreuses femmes en politique. Une autre figure importante est <strong>Marl\u00e8ne Schiappa<\/strong>, qui a \u00e9tudi\u00e9 la g\u00e9ographie \u00e0 la Sorbonne apr\u00e8s avoir obtenu son baccalaur\u00e9at \u00e9conomique et social option russe, avant de s&rsquo;engager pleinement en politique.<\/p>\n\n\n\n<h2 class=\"wp-block-heading\" id=\"h-l-art-de-se-reinventer-edouard-louis\"><span class=\"ez-toc-section\" id=\"LArt_de_Se_Reinventer_Edouard_Louis\"><\/span>L&rsquo;Art de Se R\u00e9inventer: \u00c9douard Louis<span class=\"ez-toc-section-end\"><\/span><\/h2>\n\n\n\n<p>La transformation personnelle est aussi une forme d&rsquo;engagement, et l&rsquo;\u00e9crivain <strong>\u00c9douard Louis<\/strong> en est un parfait exemple. En changeant de nom, en conservant son pr\u00e9nom \u00c9douard et en ajoutant Louis en r\u00e9f\u00e9rence \u00e0 un ami et \u00e0 un personnage de pi\u00e8ce de th\u00e9\u00e2tre, il a su se cr\u00e9er une nouvelle identit\u00e9 litt\u00e9raire tout en restant fid\u00e8le \u00e0 son histoire personnelle.<\/p>\n\n\n\n<h2 class=\"wp-block-heading\" id=\"h-la-vie-familiale-des-figures-politiques\"><span class=\"ez-toc-section\" id=\"La_Vie_Familiale_Des_Figures_Politiques\"><\/span>La Vie Familiale Des Figures Politiques<span class=\"ez-toc-section-end\"><\/span><\/h2>\n\n\n\n<p>Si le fils de Philippe, <strong>Gabriel de Belgique<\/strong>, porte un nom qui r\u00e9sonne avec la royaut\u00e9, cela nous rappelle que la vie familiale des personnalit\u00e9s publiques est souvent sujet \u00e0 l&rsquo;attention m\u00e9diatique. Cependant, les enfants de ces personnalit\u00e9s grandissent souvent loin des projecteurs, ce qui leur permet de construire leur propre parcours loin de l&rsquo;ombre de leurs parents c\u00e9l\u00e8bres.<\/p>\n\n\n\n<h2 class=\"wp-block-heading\" id=\"h-le-ministre-de-la-justice-et-sa-vie-amoureuse\"><span class=\"ez-toc-section\" id=\"Le_Ministre_de_la_Justice_et_Sa_Vie_Amoureuse\"><\/span>Le Ministre de la Justice et Sa Vie Amoureuse<span class=\"ez-toc-section-end\"><\/span><\/h2>\n\n\n\n<p>\u00c9ric Dupond-Moretti, actuel ministre de la Justice, ne cache pas sa vie priv\u00e9e. Pacs\u00e9 avec la chanteuse Isabelle Boulay, il a montr\u00e9 son engagement en portant une alliance. Isabelle Boulay, lors d&rsquo;une pol\u00e9mique, n&rsquo;a pas h\u00e9sit\u00e9 \u00e0 d\u00e9fendre son compagnon sur les ondes de RTL, t\u00e9moignant ainsi de la solidit\u00e9 de leur relation.<\/p>\n\n\n\n<h3 class=\"wp-block-heading\" id=\"h-qui-est-helene-dupond-moretti\"><span class=\"ez-toc-section\" id=\"Qui_Est_Helene_Dupond-Moretti\"><\/span>Qui Est H\u00e9l\u00e8ne Dupond-Moretti?<span class=\"ez-toc-section-end\"><\/span><\/h3>\n\n\n\n<p><strong>H\u00e9l\u00e8ne Dupond-Moretti<\/strong>, ex-\u00e9pouse du ministre, a rencontr\u00e9 \u00c9ric lors d&rsquo;un proc\u00e8s d&rsquo;assises o\u00f9 elle \u00e9tait jur\u00e9e. Ils se sont mari\u00e9s en 1991 et ont eu deux fils, Cl\u00e9ment et Rapha\u00ebl Dupond-Moretti, avant de divorcer en 2016. Cet \u00e9pisode de sa vie montre la complexit\u00e9 des relations m\u00eame au sein des hautes sph\u00e8res du pouvoir judiciaire et politique.<\/p>\n\n\n\n<h3 class=\"wp-block-heading\" id=\"h-la-romance-entre-isabelle-boulay-et-eric-dupond-moretti\"><span class=\"ez-toc-section\" id=\"La_Romance_Entre_Isabelle_Boulay_et_Eric_Dupond-Moretti\"><\/span>La Romance Entre Isabelle Boulay et \u00c9ric Dupond-Moretti<span class=\"ez-toc-section-end\"><\/span><\/h3>\n\n\n\n<p>Depuis 2016, \u00c9ric Dupond-Moretti partage sa vie avec la chanteuse qu\u00e9b\u00e9coise <strong>Isabelle Boulay<\/strong>. Leur relation, bien que scrut\u00e9e par les m\u00e9dias, semble d\u00e9fier les \u00e9preuves, illustrant que m\u00eame sous les feux de la rampe, le respect mutuel et l&rsquo;engagement sont possibles et durables.<\/p>\n\n\n\n<h2 class=\"wp-block-heading\" id=\"h-conclusion\"><span class=\"ez-toc-section\" id=\"Conclusion\"><\/span>Conclusion<span class=\"ez-toc-section-end\"><\/span><\/h2>\n\n\n\n<p>Les parcours d&rsquo;\u00c9dith Chabre et des autres personnalit\u00e9s mentionn\u00e9es dans cet article d\u00e9montrent que la vie priv\u00e9e des figures publiques est souvent aussi riche et complexe que leurs carri\u00e8res. Que ce soit dans l&rsquo;ombre ou sous les projecteurs, ces femmes et hommes partagent avec nous des histoires de d\u00e9termination, de r\u00e9invention de soi, et d&rsquo;amour qui peuvent servir d&rsquo;inspiration. En politique, en droit, en litt\u00e9rature ou en amour, ils nous rappellent qu&rsquo;au-del\u00e0 des titres et des responsabilit\u00e9s, ce sont les valeurs humaines et les liens personnels qui tracent les v\u00e9ritables parcours de vie.<\/p>\n\n\n\n<hr class=\"wp-block-separator has-alpha-channel-opacity\"\/>\n\n\n\n<p><strong>Q: O\u00f9 habite Sophie Duez ?<\/strong><br>A: Sophie Duez vit en Uz\u00e8ge depuis 1998.<\/p>\n\n\n\n<p><strong>Q: Est-ce que c&rsquo;est Sophie Duez qui danse dans Marche \u00e0 l&rsquo;ombre ?<\/strong><br>A: Oui, Sophie Duez \u00e9tait choriste et dansait un peu dans le film Marche \u00e0 l&rsquo;ombre.<\/p>\n\n\n\n<p><strong>Q: Quel \u00e2ge a la compagne de Thierry Ardisson ?<\/strong><br>A: La compagne de Thierry Ardisson, Audrey Crespo-Mara, est n\u00e9e le 8 juillet 1976.<\/p>\n\n\n\n<p><strong>Q: Pourquoi Audrey Crespo-Mara n&rsquo;est plus sur LCI ?<\/strong><br>A: Audrey Crespo-Mara travaille sur d&rsquo;autres projets avec la direction de l&rsquo;info du groupe TF1.<\/p>\n","protected":false},"excerpt":{"rendered":"<p>Bienvenue dans cet article consacr\u00e9 \u00e0 \u00c9dith Chabre, une femme de l&rsquo;ombre influente. Vous \u00eates-vous d\u00e9j\u00e0 demand\u00e9 qui se cache derri\u00e8re les grandes figures politiques ? Eh bien, \u00c9dith Chabre est l&rsquo;une de ces personnalit\u00e9s discr\u00e8tes mais \u00f4 combien puissantes qui agissent dans les coulisses du pouvoir. Dans cet article, nous allons explorer sa vie [&hellip;]<\/p>\n","protected":false},"author":8,"featured_media":160456,"comment_status":"open","ping_status":"open","sticky":false,"template":"","format":"standard","meta":{"tdm_status":"","tdm_grid_status":"","_jetpack_memberships_contains_paid_content":false,"footnotes":"","jetpack_publicize_message":"","jetpack_publicize_feature_enabled":true,"jetpack_social_post_already_shared":false,"jetpack_social_options":{"image_generator_settings":{"template":"highway","default_image_id":0,"font":"","enabled":false},"version":2}},"categories":[78],"tags":[],"class_list":["post-104948","post","type-post","status-publish","format-standard","has-post-thumbnail","hentry","category-culture"],"yoast_head":"<!-- This site is optimized with the Yoast SEO Premium plugin v25.0 (Yoast SEO v25.0) - https:\/\/yoast.com\/wordpress\/plugins\/seo\/ -->\n<title>\u00c9dith Chabre : Qui est cette femme influente de l&#039;ombre ? - Flashmode Magazine | Magazine de mode et style de vie Num\u00e9ro un en Tunisie et au Maghreb<\/title>\n<meta name=\"description\" content=\"Bienvenue dans cet article consacr\u00e9 \u00e0 \u00c9dith Chabre, une femme de l&#039;ombre influente. Vous \u00eates-vous d\u00e9j\u00e0 demand\u00e9 qui se cache derri\u00e8re les grandes figures\" \/>\n<meta name=\"robots\" content=\"index, follow, max-snippet:-1, max-image-preview:large, max-video-preview:-1\" \/>\n<link rel=\"canonical\" href=\"https:\/\/flashmode.tn\/magazine\/edith-chabre-qui-est-cette-femme-influente-de-lombre\/\" \/>\n<meta property=\"og:locale\" content=\"fr_FR\" \/>\n<meta property=\"og:type\" content=\"article\" \/>\n<meta property=\"og:title\" content=\"\u00c9dith Chabre : Qui est cette femme influente de l&#039;ombre ? - Flashmode Magazine | Magazine de mode et style de vie Num\u00e9ro un en Tunisie et au Maghreb\" \/>\n<meta property=\"og:description\" content=\"Bienvenue dans cet article consacr\u00e9 \u00e0 \u00c9dith Chabre, une femme de l&#039;ombre influente. Vous \u00eates-vous d\u00e9j\u00e0 demand\u00e9 qui se cache derri\u00e8re les grandes figures\" \/>\n<meta property=\"og:url\" content=\"https:\/\/flashmode.tn\/magazine\/edith-chabre-qui-est-cette-femme-influente-de-lombre\/\" \/>\n<meta property=\"og:site_name\" content=\"Flashmode Magazine | Magazine de mode et style de vie Num\u00e9ro un en Tunisie et au Maghreb\" \/>\n<meta property=\"article:publisher\" content=\"https:\/\/www.facebook.com\/flashmode.magazine\/\" \/>\n<meta property=\"article:published_time\" content=\"2024-03-12T01:58:38+00:00\" \/>\n<meta property=\"article:modified_time\" content=\"2024-03-29T09:09:52+00:00\" \/>\n<meta property=\"og:image\" content=\"https:\/\/flashmode.tn\/magazine\/wp-content\/uploads\/2024\/03\/Edith-Chabre-Qui-est-cette-femme-influente-de-lombre-.png\" \/>\n\t<meta property=\"og:image:width\" content=\"1640\" \/>\n\t<meta property=\"og:image:height\" content=\"924\" \/>\n\t<meta property=\"og:image:type\" content=\"image\/png\" \/>\n<meta name=\"author\" content=\"The Daileigh\" \/>\n<meta name=\"twitter:card\" content=\"summary_large_image\" \/>\n<meta name=\"twitter:creator\" content=\"@agenceflashmode\" \/>\n<meta name=\"twitter:site\" content=\"@agenceflashmode\" \/>\n<meta name=\"twitter:label1\" content=\"\u00c9crit par\" \/>\n\t<meta name=\"twitter:data1\" content=\"The Daileigh\" \/>\n\t<meta name=\"twitter:label2\" content=\"Dur\u00e9e de lecture estim\u00e9e\" \/>\n\t<meta name=\"twitter:data2\" content=\"5 minutes\" \/>\n<script type=\"application\/ld+json\" class=\"yoast-schema-graph\">{\"@context\":\"https:\/\/schema.org\",\"@graph\":[{\"@type\":\"WebPage\",\"@id\":\"https:\/\/flashmode.tn\/magazine\/edith-chabre-qui-est-cette-femme-influente-de-lombre\/\",\"url\":\"https:\/\/flashmode.tn\/magazine\/edith-chabre-qui-est-cette-femme-influente-de-lombre\/\",\"name\":\"\u00c9dith Chabre : Qui est cette femme influente de l'ombre ? - Flashmode Magazine | Magazine de mode et style de vie Num\u00e9ro un en Tunisie et au Maghreb\",\"isPartOf\":{\"@id\":\"https:\/\/flashmode.tn\/magazine\/#website\"},\"primaryImageOfPage\":{\"@id\":\"https:\/\/flashmode.tn\/magazine\/edith-chabre-qui-est-cette-femme-influente-de-lombre\/#primaryimage\"},\"image\":{\"@id\":\"https:\/\/flashmode.tn\/magazine\/edith-chabre-qui-est-cette-femme-influente-de-lombre\/#primaryimage\"},\"thumbnailUrl\":\"https:\/\/i0.wp.com\/flashmode.tn\/magazine\/wp-content\/uploads\/2024\/03\/Edith-Chabre-Qui-est-cette-femme-influente-de-lombre-.png?fit=1640%2C924&ssl=1\",\"datePublished\":\"2024-03-12T01:58:38+00:00\",\"dateModified\":\"2024-03-29T09:09:52+00:00\",\"author\":{\"@id\":\"https:\/\/flashmode.tn\/magazine\/#\/schema\/person\/79940f8af94166a445dd5bd6b3137682\"},\"description\":\"Bienvenue dans cet article consacr\u00e9 \u00e0 \u00c9dith Chabre, une femme de l'ombre influente. Vous \u00eates-vous d\u00e9j\u00e0 demand\u00e9 qui se cache derri\u00e8re les grandes figures\",\"breadcrumb\":{\"@id\":\"https:\/\/flashmode.tn\/magazine\/edith-chabre-qui-est-cette-femme-influente-de-lombre\/#breadcrumb\"},\"inLanguage\":\"fr-FR\",\"potentialAction\":[{\"@type\":\"ReadAction\",\"target\":[\"https:\/\/flashmode.tn\/magazine\/edith-chabre-qui-est-cette-femme-influente-de-lombre\/\"]}]},{\"@type\":\"ImageObject\",\"inLanguage\":\"fr-FR\",\"@id\":\"https:\/\/flashmode.tn\/magazine\/edith-chabre-qui-est-cette-femme-influente-de-lombre\/#primaryimage\",\"url\":\"https:\/\/i0.wp.com\/flashmode.tn\/magazine\/wp-content\/uploads\/2024\/03\/Edith-Chabre-Qui-est-cette-femme-influente-de-lombre-.png?fit=1640%2C924&ssl=1\",\"contentUrl\":\"https:\/\/i0.wp.com\/flashmode.tn\/magazine\/wp-content\/uploads\/2024\/03\/Edith-Chabre-Qui-est-cette-femme-influente-de-lombre-.png?fit=1640%2C924&ssl=1\",\"width\":1640,\"height\":924,\"caption\":\"\u00c9dith Chabre : Qui est cette femme influente de l'ombre ?\"},{\"@type\":\"BreadcrumbList\",\"@id\":\"https:\/\/flashmode.tn\/magazine\/edith-chabre-qui-est-cette-femme-influente-de-lombre\/#breadcrumb\",\"itemListElement\":[{\"@type\":\"ListItem\",\"position\":1,\"name\":\"Accueil\",\"item\":\"https:\/\/flashmode.tn\/magazine\/\"},{\"@type\":\"ListItem\",\"position\":2,\"name\":\"\u00c9dith Chabre : Qui est cette femme influente de l&rsquo;ombre ?\"}]},{\"@type\":\"WebSite\",\"@id\":\"https:\/\/flashmode.tn\/magazine\/#website\",\"url\":\"https:\/\/flashmode.tn\/magazine\/\",\"name\":\"Flashmode Magazine | Magazine de mode et style de vie Num\u00e9ro un en Tunisie et au Maghreb\",\"description\":\"Magazine de mode et style de vie Num\u00e9ro un en Tunisie et au Maghreb, cr\u00e9\u00e9 pour les hommes et les femmes : conseils beaut\u00e9, mode femme, mode homme, recettes de cuisine, c\u00e9l\u00e9brit\u00e9s et people, mannequins et top modeles\",\"potentialAction\":[{\"@type\":\"SearchAction\",\"target\":{\"@type\":\"EntryPoint\",\"urlTemplate\":\"https:\/\/flashmode.tn\/magazine\/?s={search_term_string}\"},\"query-input\":{\"@type\":\"PropertyValueSpecification\",\"valueRequired\":true,\"valueName\":\"search_term_string\"}}],\"inLanguage\":\"fr-FR\"},{\"@type\":\"Person\",\"@id\":\"https:\/\/flashmode.tn\/magazine\/#\/schema\/person\/79940f8af94166a445dd5bd6b3137682\",\"name\":\"The Daileigh\",\"image\":{\"@type\":\"ImageObject\",\"inLanguage\":\"fr-FR\",\"@id\":\"https:\/\/flashmode.tn\/magazine\/#\/schema\/person\/image\/\",\"url\":\"https:\/\/secure.gravatar.com\/avatar\/30d4d60865d61de3434abd01cb8b4ec5e5b5eb5a274017461832a54857b1770d?s=96&d=mm&r=g\",\"contentUrl\":\"https:\/\/secure.gravatar.com\/avatar\/30d4d60865d61de3434abd01cb8b4ec5e5b5eb5a274017461832a54857b1770d?s=96&d=mm&r=g\",\"caption\":\"The Daileigh\"},\"url\":\"https:\/\/flashmode.tn\/magazine\/author\/the-daileigh\/\"}]}<\/script>\n<!-- \/ Yoast SEO Premium plugin. -->","yoast_head_json":{"title":"\u00c9dith Chabre : Qui est cette femme influente de l'ombre ? - Flashmode Magazine | Magazine de mode et style de vie Num\u00e9ro un en Tunisie et au Maghreb","description":"Bienvenue dans cet article consacr\u00e9 \u00e0 \u00c9dith Chabre, une femme de l'ombre influente. Vous \u00eates-vous d\u00e9j\u00e0 demand\u00e9 qui se cache derri\u00e8re les grandes figures","robots":{"index":"index","follow":"follow","max-snippet":"max-snippet:-1","max-image-preview":"max-image-preview:large","max-video-preview":"max-video-preview:-1"},"canonical":"https:\/\/flashmode.tn\/magazine\/edith-chabre-qui-est-cette-femme-influente-de-lombre\/","og_locale":"fr_FR","og_type":"article","og_title":"\u00c9dith Chabre : Qui est cette femme influente de l'ombre ? - Flashmode Magazine | Magazine de mode et style de vie Num\u00e9ro un en Tunisie et au Maghreb","og_description":"Bienvenue dans cet article consacr\u00e9 \u00e0 \u00c9dith Chabre, une femme de l'ombre influente. Vous \u00eates-vous d\u00e9j\u00e0 demand\u00e9 qui se cache derri\u00e8re les grandes figures","og_url":"https:\/\/flashmode.tn\/magazine\/edith-chabre-qui-est-cette-femme-influente-de-lombre\/","og_site_name":"Flashmode Magazine | Magazine de mode et style de vie Num\u00e9ro un en Tunisie et au Maghreb","article_publisher":"https:\/\/www.facebook.com\/flashmode.magazine\/","article_published_time":"2024-03-12T01:58:38+00:00","article_modified_time":"2024-03-29T09:09:52+00:00","og_image":[{"width":1640,"height":924,"url":"https:\/\/flashmode.tn\/magazine\/wp-content\/uploads\/2024\/03\/Edith-Chabre-Qui-est-cette-femme-influente-de-lombre-.png","type":"image\/png"}],"author":"The Daileigh","twitter_card":"summary_large_image","twitter_creator":"@agenceflashmode","twitter_site":"@agenceflashmode","twitter_misc":{"\u00c9crit par":"The Daileigh","Dur\u00e9e de lecture estim\u00e9e":"5 minutes"},"schema":{"@context":"https:\/\/schema.org","@graph":[{"@type":"WebPage","@id":"https:\/\/flashmode.tn\/magazine\/edith-chabre-qui-est-cette-femme-influente-de-lombre\/","url":"https:\/\/flashmode.tn\/magazine\/edith-chabre-qui-est-cette-femme-influente-de-lombre\/","name":"\u00c9dith Chabre : Qui est cette femme influente de l'ombre ? - Flashmode Magazine | Magazine de mode et style de vie Num\u00e9ro un en Tunisie et au Maghreb","isPartOf":{"@id":"https:\/\/flashmode.tn\/magazine\/#website"},"primaryImageOfPage":{"@id":"https:\/\/flashmode.tn\/magazine\/edith-chabre-qui-est-cette-femme-influente-de-lombre\/#primaryimage"},"image":{"@id":"https:\/\/flashmode.tn\/magazine\/edith-chabre-qui-est-cette-femme-influente-de-lombre\/#primaryimage"},"thumbnailUrl":"https:\/\/i0.wp.com\/flashmode.tn\/magazine\/wp-content\/uploads\/2024\/03\/Edith-Chabre-Qui-est-cette-femme-influente-de-lombre-.png?fit=1640%2C924&ssl=1","datePublished":"2024-03-12T01:58:38+00:00","dateModified":"2024-03-29T09:09:52+00:00","author":{"@id":"https:\/\/flashmode.tn\/magazine\/#\/schema\/person\/79940f8af94166a445dd5bd6b3137682"},"description":"Bienvenue dans cet article consacr\u00e9 \u00e0 \u00c9dith Chabre, une femme de l'ombre influente. Vous \u00eates-vous d\u00e9j\u00e0 demand\u00e9 qui se cache derri\u00e8re les grandes figures","breadcrumb":{"@id":"https:\/\/flashmode.tn\/magazine\/edith-chabre-qui-est-cette-femme-influente-de-lombre\/#breadcrumb"},"inLanguage":"fr-FR","potentialAction":[{"@type":"ReadAction","target":["https:\/\/flashmode.tn\/magazine\/edith-chabre-qui-est-cette-femme-influente-de-lombre\/"]}]},{"@type":"ImageObject","inLanguage":"fr-FR","@id":"https:\/\/flashmode.tn\/magazine\/edith-chabre-qui-est-cette-femme-influente-de-lombre\/#primaryimage","url":"https:\/\/i0.wp.com\/flashmode.tn\/magazine\/wp-content\/uploads\/2024\/03\/Edith-Chabre-Qui-est-cette-femme-influente-de-lombre-.png?fit=1640%2C924&ssl=1","contentUrl":"https:\/\/i0.wp.com\/flashmode.tn\/magazine\/wp-content\/uploads\/2024\/03\/Edith-Chabre-Qui-est-cette-femme-influente-de-lombre-.png?fit=1640%2C924&ssl=1","width":1640,"height":924,"caption":"\u00c9dith Chabre : Qui est cette femme influente de l'ombre ?"},{"@type":"BreadcrumbList","@id":"https:\/\/flashmode.tn\/magazine\/edith-chabre-qui-est-cette-femme-influente-de-lombre\/#breadcrumb","itemListElement":[{"@type":"ListItem","position":1,"name":"Accueil","item":"https:\/\/flashmode.tn\/magazine\/"},{"@type":"ListItem","position":2,"name":"\u00c9dith Chabre : Qui est cette femme influente de l&rsquo;ombre ?"}]},{"@type":"WebSite","@id":"https:\/\/flashmode.tn\/magazine\/#website","url":"https:\/\/flashmode.tn\/magazine\/","name":"Flashmode Magazine | Magazine de mode et style de vie Num\u00e9ro un en Tunisie et au Maghreb","description":"Magazine de mode et style de vie Num\u00e9ro un en Tunisie et au Maghreb, cr\u00e9\u00e9 pour les hommes et les femmes : conseils beaut\u00e9, mode femme, mode homme, recettes de cuisine, c\u00e9l\u00e9brit\u00e9s et people, mannequins et top modeles","potentialAction":[{"@type":"SearchAction","target":{"@type":"EntryPoint","urlTemplate":"https:\/\/flashmode.tn\/magazine\/?s={search_term_string}"},"query-input":{"@type":"PropertyValueSpecification","valueRequired":true,"valueName":"search_term_string"}}],"inLanguage":"fr-FR"},{"@type":"Person","@id":"https:\/\/flashmode.tn\/magazine\/#\/schema\/person\/79940f8af94166a445dd5bd6b3137682","name":"The Daileigh","image":{"@type":"ImageObject","inLanguage":"fr-FR","@id":"https:\/\/flashmode.tn\/magazine\/#\/schema\/person\/image\/","url":"https:\/\/secure.gravatar.com\/avatar\/30d4d60865d61de3434abd01cb8b4ec5e5b5eb5a274017461832a54857b1770d?s=96&d=mm&r=g","contentUrl":"https:\/\/secure.gravatar.com\/avatar\/30d4d60865d61de3434abd01cb8b4ec5e5b5eb5a274017461832a54857b1770d?s=96&d=mm&r=g","caption":"The Daileigh"},"url":"https:\/\/flashmode.tn\/magazine\/author\/the-daileigh\/"}]}},"jetpack_publicize_connections":[],"jetpack_featured_media_url":"https:\/\/i0.wp.com\/flashmode.tn\/magazine\/wp-content\/uploads\/2024\/03\/Edith-Chabre-Qui-est-cette-femme-influente-de-lombre-.png?fit=1640%2C924&ssl=1","jetpack_shortlink":"https:\/\/wp.me\/p8BPGr-riI","jetpack_sharing_enabled":true,"_links":{"self":[{"href":"https:\/\/flashmode.tn\/magazine\/wp-json\/wp\/v2\/posts\/104948","targetHints":{"allow":["GET"]}}],"collection":[{"href":"https:\/\/flashmode.tn\/magazine\/wp-json\/wp\/v2\/posts"}],"about":[{"href":"https:\/\/flashmode.tn\/magazine\/wp-json\/wp\/v2\/types\/post"}],"author":[{"embeddable":true,"href":"https:\/\/flashmode.tn\/magazine\/wp-json\/wp\/v2\/users\/8"}],"replies":[{"embeddable":true,"href":"https:\/\/flashmode.tn\/magazine\/wp-json\/wp\/v2\/comments?post=104948"}],"version-history":[{"count":2,"href":"https:\/\/flashmode.tn\/magazine\/wp-json\/wp\/v2\/posts\/104948\/revisions"}],"predecessor-version":[{"id":160457,"href":"https:\/\/flashmode.tn\/magazine\/wp-json\/wp\/v2\/posts\/104948\/revisions\/160457"}],"wp:featuredmedia":[{"embeddable":true,"href":"https:\/\/flashmode.tn\/magazine\/wp-json\/wp\/v2\/media\/160456"}],"wp:attachment":[{"href":"https:\/\/flashmode.tn\/magazine\/wp-json\/wp\/v2\/media?parent=104948"}],"wp:term":[{"taxonomy":"category","embeddable":true,"href":"https:\/\/flashmode.tn\/magazine\/wp-json\/wp\/v2\/categories?post=104948"},{"taxonomy":"post_tag","embeddable":true,"href":"https:\/\/flashmode.tn\/magazine\/wp-json\/wp\/v2\/tags?post=104948"}],"curies":[{"name":"wp","href":"https:\/\/api.w.org\/{rel}","templated":true}]}}