{"id":104956,"date":"2024-03-12T02:58:43","date_gmt":"2024-03-12T01:58:43","guid":{"rendered":"https:\/\/flashmode.tn\/magazine\/qui-est-ambroise-fieschi-decouvrez-le-parcours-fascinant-de-cet-homme-aux-multiples-casquettes\/"},"modified":"2024-03-29T10:45:27","modified_gmt":"2024-03-29T09:45:27","slug":"qui-est-ambroise-fieschi-decouvrez-le-parcours-fascinant-de-cet-homme-aux-multiples-casquettes","status":"publish","type":"post","link":"https:\/\/flashmode.tn\/magazine\/qui-est-ambroise-fieschi-decouvrez-le-parcours-fascinant-de-cet-homme-aux-multiples-casquettes\/","title":{"rendered":"Qui est Ambroise Fieschi ? D\u00e9couvrez le parcours fascinant de cet homme aux multiples casquettes"},"content":{"rendered":"\n<p>Ambroise Fieschi, un homme aux multiples casquettes<\/p>\n\n\n\n<p>Bienvenue dans cet article d\u00e9di\u00e9 \u00e0 Ambroise Fieschi, un homme qui ne se contente pas d&rsquo;une seule casquette ! Que vous soyez fan de Jenifer ou simplement curieux d&rsquo;en savoir plus sur l&rsquo;univers de cette famille recompos\u00e9e, vous \u00eates au bon endroit. Mais avant d&rsquo;entrer dans les d\u00e9tails, saviez-vous que derri\u00e8re chaque grand artiste se cache souvent un partenaire de vie tout aussi talentueux ? Et dans le cas de Jenifer, c&rsquo;est Ambroise Fieschi qui tient ce r\u00f4le \u00e0 merveille. Entre sa carri\u00e8re d&rsquo;entrepreneur et son r\u00f4le de p\u00e8re, Ambroise jongle avec brio entre les responsabilit\u00e9s. Alors, attachez vos ceintures et plongeons ensemble dans l&rsquo;univers fascinant d&rsquo;Ambroise Fieschi !<\/p>\n\n\n\n<div id=\"ez-toc-container\" class=\"ez-toc-v2_0_81 counter-hierarchy ez-toc-counter ez-toc-grey ez-toc-container-direction\">\n<div class=\"ez-toc-title-container\">\n<p class=\"ez-toc-title\" style=\"cursor:inherit\">Contenus de la page<\/p>\n<span class=\"ez-toc-title-toggle\"><a href=\"#\" class=\"ez-toc-pull-right ez-toc-btn ez-toc-btn-xs ez-toc-btn-default ez-toc-toggle\" aria-label=\"Toggle Table of Content\"><span class=\"ez-toc-js-icon-con\"><span class=\"\"><span class=\"eztoc-hide\" style=\"display:none;\">Toggle<\/span><span class=\"ez-toc-icon-toggle-span\"><svg style=\"fill: #999;color:#999\" xmlns=\"http:\/\/www.w3.org\/2000\/svg\" class=\"list-377408\" width=\"20px\" height=\"20px\" viewBox=\"0 0 24 24\" fill=\"none\"><path d=\"M6 6H4v2h2V6zm14 0H8v2h12V6zM4 11h2v2H4v-2zm16 0H8v2h12v-2zM4 16h2v2H4v-2zm16 0H8v2h12v-2z\" fill=\"currentColor\"><\/path><\/svg><svg style=\"fill: #999;color:#999\" class=\"arrow-unsorted-368013\" xmlns=\"http:\/\/www.w3.org\/2000\/svg\" width=\"10px\" height=\"10px\" viewBox=\"0 0 24 24\" version=\"1.2\" baseProfile=\"tiny\"><path d=\"M18.2 9.3l-6.2-6.3-6.2 6.3c-.2.2-.3.4-.3.7s.1.5.3.7c.2.2.4.3.7.3h11c.3 0 .5-.1.7-.3.2-.2.3-.5.3-.7s-.1-.5-.3-.7zM5.8 14.7l6.2 6.3 6.2-6.3c.2-.2.3-.5.3-.7s-.1-.5-.3-.7c-.2-.2-.4-.3-.7-.3h-11c-.3 0-.5.1-.7.3-.2.2-.3.5-.3.7s.1.5.3.7z\"\/><\/svg><\/span><\/span><\/span><\/a><\/span><\/div>\n<nav><ul class='ez-toc-list ez-toc-list-level-1 ' ><li class='ez-toc-page-1 ez-toc-heading-level-2'><a class=\"ez-toc-link ez-toc-heading-1\" href=\"https:\/\/flashmode.tn\/magazine\/qui-est-ambroise-fieschi-decouvrez-le-parcours-fascinant-de-cet-homme-aux-multiples-casquettes\/#Ambroise_Fieschi_un_homme_aux_multiples_casquettes\" >Ambroise Fieschi, un homme aux multiples casquettes<\/a><ul class='ez-toc-list-level-3' ><li class='ez-toc-heading-level-3'><a class=\"ez-toc-link ez-toc-heading-2\" href=\"https:\/\/flashmode.tn\/magazine\/qui-est-ambroise-fieschi-decouvrez-le-parcours-fascinant-de-cet-homme-aux-multiples-casquettes\/#Lhomme_derriere_le_restaurant_LAlbert_1er\" >L&rsquo;homme derri\u00e8re le restaurant L&rsquo;Albert 1er<\/a><\/li><\/ul><\/li><li class='ez-toc-page-1 ez-toc-heading-level-2'><a class=\"ez-toc-link ez-toc-heading-3\" href=\"https:\/\/flashmode.tn\/magazine\/qui-est-ambroise-fieschi-decouvrez-le-parcours-fascinant-de-cet-homme-aux-multiples-casquettes\/#La_famille_recomposee_de_Jenifer_et_Ambroise_Fieschi\" >La famille recompos\u00e9e de Jenifer et Ambroise Fieschi<\/a><ul class='ez-toc-list-level-3' ><li class='ez-toc-heading-level-3'><a class=\"ez-toc-link ez-toc-heading-4\" href=\"https:\/\/flashmode.tn\/magazine\/qui-est-ambroise-fieschi-decouvrez-le-parcours-fascinant-de-cet-homme-aux-multiples-casquettes\/#Une_fratrie_unie\" >Une fratrie unie<\/a><\/li><\/ul><\/li><li class='ez-toc-page-1 ez-toc-heading-level-2'><a class=\"ez-toc-link ez-toc-heading-5\" href=\"https:\/\/flashmode.tn\/magazine\/qui-est-ambroise-fieschi-decouvrez-le-parcours-fascinant-de-cet-homme-aux-multiples-casquettes\/#La_carriere_de_Jenifer_entre_maternite_et_musique\" >La carri\u00e8re de Jenifer, entre maternit\u00e9 et musique<\/a><ul class='ez-toc-list-level-3' ><li class='ez-toc-heading-level-3'><a class=\"ez-toc-link ez-toc-heading-6\" href=\"https:\/\/flashmode.tn\/magazine\/qui-est-ambroise-fieschi-decouvrez-le-parcours-fascinant-de-cet-homme-aux-multiples-casquettes\/#Une_artiste_complete\" >Une artiste compl\u00e8te<\/a><\/li><\/ul><\/li><li class='ez-toc-page-1 ez-toc-heading-level-2'><a class=\"ez-toc-link ez-toc-heading-7\" href=\"https:\/\/flashmode.tn\/magazine\/qui-est-ambroise-fieschi-decouvrez-le-parcours-fascinant-de-cet-homme-aux-multiples-casquettes\/#Le_parcours_dAmbroise_Fieschi_pere_et_entrepreneur\" >Le parcours d&rsquo;Ambroise Fieschi, p\u00e8re et entrepreneur<\/a><ul class='ez-toc-list-level-3' ><li class='ez-toc-heading-level-3'><a class=\"ez-toc-link ez-toc-heading-8\" href=\"https:\/\/flashmode.tn\/magazine\/qui-est-ambroise-fieschi-decouvrez-le-parcours-fascinant-de-cet-homme-aux-multiples-casquettes\/#Un_engagement_familial_fort\" >Un engagement familial fort<\/a><\/li><\/ul><\/li><li class='ez-toc-page-1 ez-toc-heading-level-2'><a class=\"ez-toc-link ez-toc-heading-9\" href=\"https:\/\/flashmode.tn\/magazine\/qui-est-ambroise-fieschi-decouvrez-le-parcours-fascinant-de-cet-homme-aux-multiples-casquettes\/#Conclusion\" >Conclusion<\/a><\/li><\/ul><\/nav><\/div>\n<h2 class=\"wp-block-heading\" id=\"h-ambroise-fieschi-un-homme-aux-multiples-casquettes\"><span class=\"ez-toc-section\" id=\"Ambroise_Fieschi_un_homme_aux_multiples_casquettes\"><\/span>Ambroise Fieschi, un homme aux multiples casquettes<span class=\"ez-toc-section-end\"><\/span><\/h2>\n\n\n\n<p>Ambroise Fieschi n&rsquo;est pas seulement le compagnon de la c\u00e9l\u00e8bre chanteuse Jenifer, il est \u00e9galement un acteur majeur de la sc\u00e8ne entrepreneuriale corse. Son nom est associ\u00e9 \u00e0 la gestion du restaurant renomm\u00e9 L&rsquo;Albert 1er situ\u00e9 \u00e0 Ajaccio. Ce n&rsquo;est pas un secret que le monde de la restauration exige d\u00e9vouement et passion, et Ambroise semble avoir trouv\u00e9 le parfait \u00e9quilibre entre sa vie professionnelle exigeante et sa vie de famille \u00e9panouie.<\/p>\n\n\n\n<h3 class=\"wp-block-heading\" id=\"h-l-homme-derriere-le-restaurant-l-albert-1er\"><span class=\"ez-toc-section\" id=\"Lhomme_derriere_le_restaurant_LAlbert_1er\"><\/span>L&rsquo;homme derri\u00e8re le restaurant L&rsquo;Albert 1er<span class=\"ez-toc-section-end\"><\/span><\/h3>\n\n\n\n<p>En tant que g\u00e9rant, Ambroise Fieschi apporte son expertise \u00e0 l&rsquo;un des \u00e9tablissements les plus pris\u00e9s d&rsquo;Ajaccio. Le succ\u00e8s d&rsquo;un restaurant repose sur une multitude de facteurs, allant de la qualit\u00e9 de la cuisine \u00e0 l&rsquo;exp\u00e9rience client. Ambroise, avec son sens aigu des affaires, semble ma\u00eetriser tous ces aspects, proposant ainsi une exp\u00e9rience culinaire remarquable \u00e0 ses clients. Son r\u00f4le ne s&rsquo;arr\u00eate pas \u00e0 la gestion quotidienne, il incarne \u00e9galement l&rsquo;esprit et la culture corse \u00e0 travers sa cuisine et son accueil.<\/p>\n\n\n\n<h2 class=\"wp-block-heading\" id=\"h-la-famille-recomposee-de-jenifer-et-ambroise-fieschi\"><span class=\"ez-toc-section\" id=\"La_famille_recomposee_de_Jenifer_et_Ambroise_Fieschi\"><\/span>La famille recompos\u00e9e de Jenifer et Ambroise Fieschi<span class=\"ez-toc-section-end\"><\/span><\/h2>\n\n\n\n<p>La vie de Jenifer est un m\u00e9lange harmonieux de succ\u00e8s professionnel et de bonheur familial. Avec l&rsquo;arriv\u00e9e de son troisi\u00e8me enfant, Juvanni, en 2021, Jenifer et Ambroise Fieschi ont c\u00e9l\u00e9br\u00e9 l&rsquo;extension de leur famille. Juvanni est venu combler de joie le foyer d\u00e9j\u00e0 form\u00e9 par Aaron et Joseph, les deux premiers enfants de la chanteuse issus de relations pr\u00e9c\u00e9dentes.<\/p>\n\n\n\n<h3 class=\"wp-block-heading\" id=\"h-une-fratrie-unie\"><span class=\"ez-toc-section\" id=\"Une_fratrie_unie\"><\/span>Une fratrie unie<span class=\"ez-toc-section-end\"><\/span><\/h3>\n\n\n\n<p>Aaron, n\u00e9 en 2003 de l&rsquo;union de Jenifer et Maxime Nucci, \u00e9galement connu sous son nom de sc\u00e8ne Yodelice, a \u00e9t\u00e9 le premier \u00e0 d\u00e9couvrir la joie d&rsquo;\u00eatre grand fr\u00e8re avec l&rsquo;arriv\u00e9e de Joseph en 2014, fils de Jenifer et de l&rsquo;acteur Thierry Neuvic. La famille s&rsquo;est agrandie avec l&rsquo;arriv\u00e9e de Juvanni, renfor\u00e7ant les liens entre les fr\u00e8res et cr\u00e9ant une fratrie unie malgr\u00e9 la complexit\u00e9 d&rsquo;une famille recompos\u00e9e.<\/p>\n\n\n\n<h2 class=\"wp-block-heading\" id=\"h-la-carriere-de-jenifer-entre-maternite-et-musique\"><span class=\"ez-toc-section\" id=\"La_carriere_de_Jenifer_entre_maternite_et_musique\"><\/span>La carri\u00e8re de Jenifer, entre maternit\u00e9 et musique<span class=\"ez-toc-section-end\"><\/span><\/h2>\n\n\n\n<p>Jenifer a brillamment r\u00e9ussi \u00e0 jongler entre sa vie de m\u00e8re et sa carri\u00e8re musicale. Donnant naissance \u00e0 son premier fils Aaron \u00e0 un moment o\u00f9 sa carri\u00e8re prenait son envol, elle n&rsquo;a jamais cess\u00e9 de poursuivre sa passion pour la musique. Avec l&rsquo;arriv\u00e9e de chaque enfant, Jenifer a su s&rsquo;adapter et trouver un nouvel \u00e9quilibre, prouvant ainsi qu&rsquo;il est possible de concilier vie de famille et aspirations professionnelles.<\/p>\n\n\n\n<h3 class=\"wp-block-heading\" id=\"h-une-artiste-complete\"><span class=\"ez-toc-section\" id=\"Une_artiste_complete\"><\/span>Une artiste compl\u00e8te<span class=\"ez-toc-section-end\"><\/span><\/h3>\n\n\n\n<p>En tant que chanteuse, Jenifer a touch\u00e9 le c\u0153ur de nombreux fans \u00e0 travers ses chansons et ses performances. Son parcours est un t\u00e9moignage de sa r\u00e9silience et de sa capacit\u00e9 \u00e0 se r\u00e9inventer. La maternit\u00e9 semble avoir enrichi son exp\u00e9rience de vie et, par extension, sa musique, lui permettant de continuer \u00e0 inspirer et \u00e0 \u00e9mouvoir son public.<\/p>\n\n\n\n<h2 class=\"wp-block-heading\" id=\"h-le-parcours-d-ambroise-fieschi-pere-et-entrepreneur\"><span class=\"ez-toc-section\" id=\"Le_parcours_dAmbroise_Fieschi_pere_et_entrepreneur\"><\/span>Le parcours d&rsquo;Ambroise Fieschi, p\u00e8re et entrepreneur<span class=\"ez-toc-section-end\"><\/span><\/h2>\n\n\n\n<p>Ambroise Fieschi repr\u00e9sente l&rsquo;arch\u00e9type de l&rsquo;entrepreneur moderne : il combine sa passion pour la restauration avec ses responsabilit\u00e9s de p\u00e8re. La naissance de Juvanni a marqu\u00e9 un nouveau chapitre dans sa vie, l&rsquo;engageant dans un voyage de d\u00e9couverte et d&rsquo;amour. Sa capacit\u00e9 \u00e0 \u00e9quilibrer les exigences de son m\u00e9tier avec les moments pr\u00e9cieux pass\u00e9s en famille est une source d&rsquo;inspiration.<\/p>\n\n\n\n<h3 class=\"wp-block-heading\" id=\"h-un-engagement-familial-fort\"><span class=\"ez-toc-section\" id=\"Un_engagement_familial_fort\"><\/span>Un engagement familial fort<span class=\"ez-toc-section-end\"><\/span><\/h3>\n\n\n\n<p>Le soutien et la pr\u00e9sence d&rsquo;Ambroise aux c\u00f4t\u00e9s de Jenifer et de leurs enfants t\u00e9moignent d&rsquo;un engagement familial fort. Il partage avec Jenifer la joie et les d\u00e9fis de la parentalit\u00e9, tout en s&rsquo;impliquant activement dans la vie de ses enfants. Cet \u00e9quilibre entre vie professionnelle et vie priv\u00e9e est essentiel pour le bien-\u00eatre de toute la famille.<\/p>\n\n\n\n<h2 class=\"wp-block-heading\" id=\"h-conclusion\"><span class=\"ez-toc-section\" id=\"Conclusion\"><\/span>Conclusion<span class=\"ez-toc-section-end\"><\/span><\/h2>\n\n\n\n<p>Ambroise Fieschi, bien que moins connu du grand public que sa c\u00e9l\u00e8bre \u00e9pouse, est un homme de valeur et de conviction. Son r\u00f4le de p\u00e8re et d&rsquo;entrepreneur en fait une figure respect\u00e9e tant au sein du cercle familial qu&rsquo;au sein de la communaut\u00e9 professionnelle corse. Le couple Jenifer-Ambroise Fieschi est un exemple de r\u00e9ussite, d\u00e9montrant qu&rsquo;il est possible de mener de front une carri\u00e8re exigeante et une vie de famille \u00e9panouie. Dans l&rsquo;ombre de la sc\u00e8ne, Ambroise Fieschi poursuit son chemin, main dans la main avec Jenifer, \u00e9crivant ensemble les pages de leur histoire familiale.<\/p>\n\n\n\n<hr class=\"wp-block-separator has-alpha-channel-opacity\"\/>\n\n\n\n<p><strong>Q: Quel est le m\u00e9tier du mari de Jenifer ?<\/strong><br><br>R: Ambroise Fieschi est restaurateur corse.<br><br><strong>Q: Depuis quand Jenifer est-elle mari\u00e9e \u00e0 Ambroise Fieschi ?<\/strong><br><br>R: Jenifer est mari\u00e9e \u00e0 Ambroise Fieschi depuis 2016.<br><br><strong>Q: Comment Jenifer et Ambroise Fieschi maintiennent-ils leur \u00e9quilibre dans leur relation ?<\/strong><br><br>R: Jenifer et Ambroise Fieschi maintiennent leur \u00e9quilibre en vivant une aventure loin des projecteurs et des paparazzis.<br><br><strong>Q: O\u00f9 est n\u00e9 Ambroise Fieschi ?<\/strong><br><br>R: Ambroise Fieschi est n\u00e9 en 1962 \u00e0 Rio de Janeiro, au Br\u00e9sil.<\/p>\n","protected":false},"excerpt":{"rendered":"<p>Ambroise Fieschi, un homme aux multiples casquettes Bienvenue dans cet article d\u00e9di\u00e9 \u00e0 Ambroise Fieschi, un homme qui ne se contente pas d&rsquo;une seule casquette ! Que vous soyez fan de Jenifer ou simplement curieux d&rsquo;en savoir plus sur l&rsquo;univers de cette famille recompos\u00e9e, vous \u00eates au bon endroit. Mais avant d&rsquo;entrer dans les d\u00e9tails, [&hellip;]<\/p>\n","protected":false},"author":8,"featured_media":160479,"comment_status":"open","ping_status":"open","sticky":false,"template":"","format":"standard","meta":{"tdm_status":"","tdm_grid_status":"","_jetpack_memberships_contains_paid_content":false,"footnotes":"","jetpack_publicize_message":"","jetpack_publicize_feature_enabled":true,"jetpack_social_post_already_shared":false,"jetpack_social_options":{"image_generator_settings":{"template":"highway","default_image_id":0,"font":"","enabled":false},"version":2}},"categories":[78],"tags":[],"class_list":["post-104956","post","type-post","status-publish","format-standard","has-post-thumbnail","hentry","category-culture"],"yoast_head":"<!-- This site is optimized with the Yoast SEO Premium plugin v25.0 (Yoast SEO v25.0) - https:\/\/yoast.com\/wordpress\/plugins\/seo\/ -->\n<title>Qui est Ambroise Fieschi ? D\u00e9couvrez le parcours fascinant de cet homme aux multiples casquettes - Flashmode Magazine | Magazine de mode et style de vie Num\u00e9ro un en Tunisie et au Maghreb<\/title>\n<meta name=\"description\" content=\"Ambroise Fieschi, un homme aux multiples casquettes Bienvenue dans cet article d\u00e9di\u00e9 \u00e0 Ambroise Fieschi, un homme qui ne se contente pas d&#039;une seule\" \/>\n<meta name=\"robots\" content=\"index, follow, max-snippet:-1, max-image-preview:large, max-video-preview:-1\" \/>\n<link rel=\"canonical\" href=\"https:\/\/flashmode.tn\/magazine\/qui-est-ambroise-fieschi-decouvrez-le-parcours-fascinant-de-cet-homme-aux-multiples-casquettes\/\" \/>\n<meta property=\"og:locale\" content=\"fr_FR\" \/>\n<meta property=\"og:type\" content=\"article\" \/>\n<meta property=\"og:title\" content=\"Qui est Ambroise Fieschi ? D\u00e9couvrez le parcours fascinant de cet homme aux multiples casquettes - Flashmode Magazine | Magazine de mode et style de vie Num\u00e9ro un en Tunisie et au Maghreb\" \/>\n<meta property=\"og:description\" content=\"Ambroise Fieschi, un homme aux multiples casquettes Bienvenue dans cet article d\u00e9di\u00e9 \u00e0 Ambroise Fieschi, un homme qui ne se contente pas d&#039;une seule\" \/>\n<meta property=\"og:url\" content=\"https:\/\/flashmode.tn\/magazine\/qui-est-ambroise-fieschi-decouvrez-le-parcours-fascinant-de-cet-homme-aux-multiples-casquettes\/\" \/>\n<meta property=\"og:site_name\" content=\"Flashmode Magazine | Magazine de mode et style de vie Num\u00e9ro un en Tunisie et au Maghreb\" \/>\n<meta property=\"article:publisher\" content=\"https:\/\/www.facebook.com\/flashmode.magazine\/\" \/>\n<meta property=\"article:published_time\" content=\"2024-03-12T01:58:43+00:00\" \/>\n<meta property=\"article:modified_time\" content=\"2024-03-29T09:45:27+00:00\" \/>\n<meta property=\"og:image\" content=\"https:\/\/flashmode.tn\/magazine\/wp-content\/uploads\/2024\/03\/Qui-est-Ambroise-Fieschi-Decouvrez-le-parcours-fascinant-de-cet-homme-aux-multiples-casquettes.png\" \/>\n\t<meta property=\"og:image:width\" content=\"1640\" \/>\n\t<meta property=\"og:image:height\" content=\"924\" \/>\n\t<meta property=\"og:image:type\" content=\"image\/png\" \/>\n<meta name=\"author\" content=\"The Daileigh\" \/>\n<meta name=\"twitter:card\" content=\"summary_large_image\" \/>\n<meta name=\"twitter:creator\" content=\"@agenceflashmode\" \/>\n<meta name=\"twitter:site\" content=\"@agenceflashmode\" \/>\n<meta name=\"twitter:label1\" content=\"\u00c9crit par\" \/>\n\t<meta name=\"twitter:data1\" content=\"The Daileigh\" \/>\n\t<meta name=\"twitter:label2\" content=\"Dur\u00e9e de lecture estim\u00e9e\" \/>\n\t<meta name=\"twitter:data2\" content=\"5 minutes\" \/>\n<script type=\"application\/ld+json\" class=\"yoast-schema-graph\">{\"@context\":\"https:\/\/schema.org\",\"@graph\":[{\"@type\":\"WebPage\",\"@id\":\"https:\/\/flashmode.tn\/magazine\/qui-est-ambroise-fieschi-decouvrez-le-parcours-fascinant-de-cet-homme-aux-multiples-casquettes\/\",\"url\":\"https:\/\/flashmode.tn\/magazine\/qui-est-ambroise-fieschi-decouvrez-le-parcours-fascinant-de-cet-homme-aux-multiples-casquettes\/\",\"name\":\"Qui est Ambroise Fieschi ? D\u00e9couvrez le parcours fascinant de cet homme aux multiples casquettes - Flashmode Magazine | Magazine de mode et style de vie Num\u00e9ro un en Tunisie et au Maghreb\",\"isPartOf\":{\"@id\":\"https:\/\/flashmode.tn\/magazine\/#website\"},\"primaryImageOfPage\":{\"@id\":\"https:\/\/flashmode.tn\/magazine\/qui-est-ambroise-fieschi-decouvrez-le-parcours-fascinant-de-cet-homme-aux-multiples-casquettes\/#primaryimage\"},\"image\":{\"@id\":\"https:\/\/flashmode.tn\/magazine\/qui-est-ambroise-fieschi-decouvrez-le-parcours-fascinant-de-cet-homme-aux-multiples-casquettes\/#primaryimage\"},\"thumbnailUrl\":\"https:\/\/i0.wp.com\/flashmode.tn\/magazine\/wp-content\/uploads\/2024\/03\/Qui-est-Ambroise-Fieschi-Decouvrez-le-parcours-fascinant-de-cet-homme-aux-multiples-casquettes.png?fit=1640%2C924&ssl=1\",\"datePublished\":\"2024-03-12T01:58:43+00:00\",\"dateModified\":\"2024-03-29T09:45:27+00:00\",\"author\":{\"@id\":\"https:\/\/flashmode.tn\/magazine\/#\/schema\/person\/79940f8af94166a445dd5bd6b3137682\"},\"description\":\"Ambroise Fieschi, un homme aux multiples casquettes Bienvenue dans cet article d\u00e9di\u00e9 \u00e0 Ambroise Fieschi, un homme qui ne se contente pas d'une seule\",\"breadcrumb\":{\"@id\":\"https:\/\/flashmode.tn\/magazine\/qui-est-ambroise-fieschi-decouvrez-le-parcours-fascinant-de-cet-homme-aux-multiples-casquettes\/#breadcrumb\"},\"inLanguage\":\"fr-FR\",\"potentialAction\":[{\"@type\":\"ReadAction\",\"target\":[\"https:\/\/flashmode.tn\/magazine\/qui-est-ambroise-fieschi-decouvrez-le-parcours-fascinant-de-cet-homme-aux-multiples-casquettes\/\"]}]},{\"@type\":\"ImageObject\",\"inLanguage\":\"fr-FR\",\"@id\":\"https:\/\/flashmode.tn\/magazine\/qui-est-ambroise-fieschi-decouvrez-le-parcours-fascinant-de-cet-homme-aux-multiples-casquettes\/#primaryimage\",\"url\":\"https:\/\/i0.wp.com\/flashmode.tn\/magazine\/wp-content\/uploads\/2024\/03\/Qui-est-Ambroise-Fieschi-Decouvrez-le-parcours-fascinant-de-cet-homme-aux-multiples-casquettes.png?fit=1640%2C924&ssl=1\",\"contentUrl\":\"https:\/\/i0.wp.com\/flashmode.tn\/magazine\/wp-content\/uploads\/2024\/03\/Qui-est-Ambroise-Fieschi-Decouvrez-le-parcours-fascinant-de-cet-homme-aux-multiples-casquettes.png?fit=1640%2C924&ssl=1\",\"width\":1640,\"height\":924,\"caption\":\"Qui est Ambroise Fieschi ? D\u00e9couvrez le parcours fascinant de cet homme aux multiples casquettes\"},{\"@type\":\"BreadcrumbList\",\"@id\":\"https:\/\/flashmode.tn\/magazine\/qui-est-ambroise-fieschi-decouvrez-le-parcours-fascinant-de-cet-homme-aux-multiples-casquettes\/#breadcrumb\",\"itemListElement\":[{\"@type\":\"ListItem\",\"position\":1,\"name\":\"Accueil\",\"item\":\"https:\/\/flashmode.tn\/magazine\/\"},{\"@type\":\"ListItem\",\"position\":2,\"name\":\"Qui est Ambroise Fieschi ? D\u00e9couvrez le parcours fascinant de cet homme aux multiples casquettes\"}]},{\"@type\":\"WebSite\",\"@id\":\"https:\/\/flashmode.tn\/magazine\/#website\",\"url\":\"https:\/\/flashmode.tn\/magazine\/\",\"name\":\"Flashmode Magazine | Magazine de mode et style de vie Num\u00e9ro un en Tunisie et au Maghreb\",\"description\":\"Magazine de mode et style de vie Num\u00e9ro un en Tunisie et au Maghreb, cr\u00e9\u00e9 pour les hommes et les femmes : conseils beaut\u00e9, mode femme, mode homme, recettes de cuisine, c\u00e9l\u00e9brit\u00e9s et people, mannequins et top modeles\",\"potentialAction\":[{\"@type\":\"SearchAction\",\"target\":{\"@type\":\"EntryPoint\",\"urlTemplate\":\"https:\/\/flashmode.tn\/magazine\/?s={search_term_string}\"},\"query-input\":{\"@type\":\"PropertyValueSpecification\",\"valueRequired\":true,\"valueName\":\"search_term_string\"}}],\"inLanguage\":\"fr-FR\"},{\"@type\":\"Person\",\"@id\":\"https:\/\/flashmode.tn\/magazine\/#\/schema\/person\/79940f8af94166a445dd5bd6b3137682\",\"name\":\"The Daileigh\",\"image\":{\"@type\":\"ImageObject\",\"inLanguage\":\"fr-FR\",\"@id\":\"https:\/\/flashmode.tn\/magazine\/#\/schema\/person\/image\/\",\"url\":\"https:\/\/secure.gravatar.com\/avatar\/30d4d60865d61de3434abd01cb8b4ec5e5b5eb5a274017461832a54857b1770d?s=96&d=mm&r=g\",\"contentUrl\":\"https:\/\/secure.gravatar.com\/avatar\/30d4d60865d61de3434abd01cb8b4ec5e5b5eb5a274017461832a54857b1770d?s=96&d=mm&r=g\",\"caption\":\"The Daileigh\"},\"url\":\"https:\/\/flashmode.tn\/magazine\/author\/the-daileigh\/\"}]}<\/script>\n<!-- \/ Yoast SEO Premium plugin. -->","yoast_head_json":{"title":"Qui est Ambroise Fieschi ? D\u00e9couvrez le parcours fascinant de cet homme aux multiples casquettes - Flashmode Magazine | Magazine de mode et style de vie Num\u00e9ro un en Tunisie et au Maghreb","description":"Ambroise Fieschi, un homme aux multiples casquettes Bienvenue dans cet article d\u00e9di\u00e9 \u00e0 Ambroise Fieschi, un homme qui ne se contente pas d'une seule","robots":{"index":"index","follow":"follow","max-snippet":"max-snippet:-1","max-image-preview":"max-image-preview:large","max-video-preview":"max-video-preview:-1"},"canonical":"https:\/\/flashmode.tn\/magazine\/qui-est-ambroise-fieschi-decouvrez-le-parcours-fascinant-de-cet-homme-aux-multiples-casquettes\/","og_locale":"fr_FR","og_type":"article","og_title":"Qui est Ambroise Fieschi ? D\u00e9couvrez le parcours fascinant de cet homme aux multiples casquettes - Flashmode Magazine | Magazine de mode et style de vie Num\u00e9ro un en Tunisie et au Maghreb","og_description":"Ambroise Fieschi, un homme aux multiples casquettes Bienvenue dans cet article d\u00e9di\u00e9 \u00e0 Ambroise Fieschi, un homme qui ne se contente pas d'une seule","og_url":"https:\/\/flashmode.tn\/magazine\/qui-est-ambroise-fieschi-decouvrez-le-parcours-fascinant-de-cet-homme-aux-multiples-casquettes\/","og_site_name":"Flashmode Magazine | Magazine de mode et style de vie Num\u00e9ro un en Tunisie et au Maghreb","article_publisher":"https:\/\/www.facebook.com\/flashmode.magazine\/","article_published_time":"2024-03-12T01:58:43+00:00","article_modified_time":"2024-03-29T09:45:27+00:00","og_image":[{"width":1640,"height":924,"url":"https:\/\/flashmode.tn\/magazine\/wp-content\/uploads\/2024\/03\/Qui-est-Ambroise-Fieschi-Decouvrez-le-parcours-fascinant-de-cet-homme-aux-multiples-casquettes.png","type":"image\/png"}],"author":"The Daileigh","twitter_card":"summary_large_image","twitter_creator":"@agenceflashmode","twitter_site":"@agenceflashmode","twitter_misc":{"\u00c9crit par":"The Daileigh","Dur\u00e9e de lecture estim\u00e9e":"5 minutes"},"schema":{"@context":"https:\/\/schema.org","@graph":[{"@type":"WebPage","@id":"https:\/\/flashmode.tn\/magazine\/qui-est-ambroise-fieschi-decouvrez-le-parcours-fascinant-de-cet-homme-aux-multiples-casquettes\/","url":"https:\/\/flashmode.tn\/magazine\/qui-est-ambroise-fieschi-decouvrez-le-parcours-fascinant-de-cet-homme-aux-multiples-casquettes\/","name":"Qui est Ambroise Fieschi ? D\u00e9couvrez le parcours fascinant de cet homme aux multiples casquettes - Flashmode Magazine | Magazine de mode et style de vie Num\u00e9ro un en Tunisie et au Maghreb","isPartOf":{"@id":"https:\/\/flashmode.tn\/magazine\/#website"},"primaryImageOfPage":{"@id":"https:\/\/flashmode.tn\/magazine\/qui-est-ambroise-fieschi-decouvrez-le-parcours-fascinant-de-cet-homme-aux-multiples-casquettes\/#primaryimage"},"image":{"@id":"https:\/\/flashmode.tn\/magazine\/qui-est-ambroise-fieschi-decouvrez-le-parcours-fascinant-de-cet-homme-aux-multiples-casquettes\/#primaryimage"},"thumbnailUrl":"https:\/\/i0.wp.com\/flashmode.tn\/magazine\/wp-content\/uploads\/2024\/03\/Qui-est-Ambroise-Fieschi-Decouvrez-le-parcours-fascinant-de-cet-homme-aux-multiples-casquettes.png?fit=1640%2C924&ssl=1","datePublished":"2024-03-12T01:58:43+00:00","dateModified":"2024-03-29T09:45:27+00:00","author":{"@id":"https:\/\/flashmode.tn\/magazine\/#\/schema\/person\/79940f8af94166a445dd5bd6b3137682"},"description":"Ambroise Fieschi, un homme aux multiples casquettes Bienvenue dans cet article d\u00e9di\u00e9 \u00e0 Ambroise Fieschi, un homme qui ne se contente pas d'une seule","breadcrumb":{"@id":"https:\/\/flashmode.tn\/magazine\/qui-est-ambroise-fieschi-decouvrez-le-parcours-fascinant-de-cet-homme-aux-multiples-casquettes\/#breadcrumb"},"inLanguage":"fr-FR","potentialAction":[{"@type":"ReadAction","target":["https:\/\/flashmode.tn\/magazine\/qui-est-ambroise-fieschi-decouvrez-le-parcours-fascinant-de-cet-homme-aux-multiples-casquettes\/"]}]},{"@type":"ImageObject","inLanguage":"fr-FR","@id":"https:\/\/flashmode.tn\/magazine\/qui-est-ambroise-fieschi-decouvrez-le-parcours-fascinant-de-cet-homme-aux-multiples-casquettes\/#primaryimage","url":"https:\/\/i0.wp.com\/flashmode.tn\/magazine\/wp-content\/uploads\/2024\/03\/Qui-est-Ambroise-Fieschi-Decouvrez-le-parcours-fascinant-de-cet-homme-aux-multiples-casquettes.png?fit=1640%2C924&ssl=1","contentUrl":"https:\/\/i0.wp.com\/flashmode.tn\/magazine\/wp-content\/uploads\/2024\/03\/Qui-est-Ambroise-Fieschi-Decouvrez-le-parcours-fascinant-de-cet-homme-aux-multiples-casquettes.png?fit=1640%2C924&ssl=1","width":1640,"height":924,"caption":"Qui est Ambroise Fieschi ? D\u00e9couvrez le parcours fascinant de cet homme aux multiples casquettes"},{"@type":"BreadcrumbList","@id":"https:\/\/flashmode.tn\/magazine\/qui-est-ambroise-fieschi-decouvrez-le-parcours-fascinant-de-cet-homme-aux-multiples-casquettes\/#breadcrumb","itemListElement":[{"@type":"ListItem","position":1,"name":"Accueil","item":"https:\/\/flashmode.tn\/magazine\/"},{"@type":"ListItem","position":2,"name":"Qui est Ambroise Fieschi ? D\u00e9couvrez le parcours fascinant de cet homme aux multiples casquettes"}]},{"@type":"WebSite","@id":"https:\/\/flashmode.tn\/magazine\/#website","url":"https:\/\/flashmode.tn\/magazine\/","name":"Flashmode Magazine | Magazine de mode et style de vie Num\u00e9ro un en Tunisie et au Maghreb","description":"Magazine de mode et style de vie Num\u00e9ro un en Tunisie et au Maghreb, cr\u00e9\u00e9 pour les hommes et les femmes : conseils beaut\u00e9, mode femme, mode homme, recettes de cuisine, c\u00e9l\u00e9brit\u00e9s et people, mannequins et top modeles","potentialAction":[{"@type":"SearchAction","target":{"@type":"EntryPoint","urlTemplate":"https:\/\/flashmode.tn\/magazine\/?s={search_term_string}"},"query-input":{"@type":"PropertyValueSpecification","valueRequired":true,"valueName":"search_term_string"}}],"inLanguage":"fr-FR"},{"@type":"Person","@id":"https:\/\/flashmode.tn\/magazine\/#\/schema\/person\/79940f8af94166a445dd5bd6b3137682","name":"The Daileigh","image":{"@type":"ImageObject","inLanguage":"fr-FR","@id":"https:\/\/flashmode.tn\/magazine\/#\/schema\/person\/image\/","url":"https:\/\/secure.gravatar.com\/avatar\/30d4d60865d61de3434abd01cb8b4ec5e5b5eb5a274017461832a54857b1770d?s=96&d=mm&r=g","contentUrl":"https:\/\/secure.gravatar.com\/avatar\/30d4d60865d61de3434abd01cb8b4ec5e5b5eb5a274017461832a54857b1770d?s=96&d=mm&r=g","caption":"The Daileigh"},"url":"https:\/\/flashmode.tn\/magazine\/author\/the-daileigh\/"}]}},"jetpack_publicize_connections":[],"jetpack_featured_media_url":"https:\/\/i0.wp.com\/flashmode.tn\/magazine\/wp-content\/uploads\/2024\/03\/Qui-est-Ambroise-Fieschi-Decouvrez-le-parcours-fascinant-de-cet-homme-aux-multiples-casquettes.png?fit=1640%2C924&ssl=1","jetpack_shortlink":"https:\/\/wp.me\/p8BPGr-riQ","jetpack_sharing_enabled":true,"_links":{"self":[{"href":"https:\/\/flashmode.tn\/magazine\/wp-json\/wp\/v2\/posts\/104956","targetHints":{"allow":["GET"]}}],"collection":[{"href":"https:\/\/flashmode.tn\/magazine\/wp-json\/wp\/v2\/posts"}],"about":[{"href":"https:\/\/flashmode.tn\/magazine\/wp-json\/wp\/v2\/types\/post"}],"author":[{"embeddable":true,"href":"https:\/\/flashmode.tn\/magazine\/wp-json\/wp\/v2\/users\/8"}],"replies":[{"embeddable":true,"href":"https:\/\/flashmode.tn\/magazine\/wp-json\/wp\/v2\/comments?post=104956"}],"version-history":[{"count":2,"href":"https:\/\/flashmode.tn\/magazine\/wp-json\/wp\/v2\/posts\/104956\/revisions"}],"predecessor-version":[{"id":160480,"href":"https:\/\/flashmode.tn\/magazine\/wp-json\/wp\/v2\/posts\/104956\/revisions\/160480"}],"wp:featuredmedia":[{"embeddable":true,"href":"https:\/\/flashmode.tn\/magazine\/wp-json\/wp\/v2\/media\/160479"}],"wp:attachment":[{"href":"https:\/\/flashmode.tn\/magazine\/wp-json\/wp\/v2\/media?parent=104956"}],"wp:term":[{"taxonomy":"category","embeddable":true,"href":"https:\/\/flashmode.tn\/magazine\/wp-json\/wp\/v2\/categories?post=104956"},{"taxonomy":"post_tag","embeddable":true,"href":"https:\/\/flashmode.tn\/magazine\/wp-json\/wp\/v2\/tags?post=104956"}],"curies":[{"name":"wp","href":"https:\/\/api.w.org\/{rel}","templated":true}]}}