{"id":104961,"date":"2024-03-12T02:58:26","date_gmt":"2024-03-12T01:58:26","guid":{"rendered":"https:\/\/flashmode.tn\/magazine\/yann-moix-pierre-palmade-quel-lien-entre-ces-deux-personnalites-mediatiques\/"},"modified":"2024-03-29T11:04:39","modified_gmt":"2024-03-29T10:04:39","slug":"yann-moix-pierre-palmade-quel-lien-entre-ces-deux-personnalites-mediatiques","status":"publish","type":"post","link":"https:\/\/flashmode.tn\/magazine\/yann-moix-pierre-palmade-quel-lien-entre-ces-deux-personnalites-mediatiques\/","title":{"rendered":"Yann Moix Pierre Palmade : Quel lien entre ces deux personnalit\u00e9s m\u00e9diatiques ?"},"content":{"rendered":"\n<p>Yann Moix et Pierre Palmade, deux noms qui r\u00e9sonnent dans le paysage m\u00e9diatique fran\u00e7ais. Que ce soit \u00e0 travers leurs talents d&rsquo;\u00e9crivain, d&rsquo;humoriste ou de chroniqueur, ils ont tous deux marqu\u00e9 les esprits et suscit\u00e9 de vives r\u00e9actions. Dans cet article, nous allons nous pencher sur le parcours m\u00e9diatique de Yann Moix, entre succ\u00e8s et controverses, ainsi que sur l&rsquo;engagement des auditeurs dans la Libre Antenne. Mais ne vous inqui\u00e9tez pas, nous n&rsquo;oublierons pas de parler de la succession apr\u00e8s Yann Moix, avec l&rsquo;arriv\u00e9e d&rsquo;Olivier Delacroix et l&rsquo;apr\u00e8s-minuit. Alors, attachez vos ceintures et plongeons ensemble dans l&rsquo;univers captivant de la Libre Antenne !<\/p>\n\n\n\n<div id=\"ez-toc-container\" class=\"ez-toc-v2_0_81 counter-hierarchy ez-toc-counter ez-toc-grey ez-toc-container-direction\">\n<div class=\"ez-toc-title-container\">\n<p class=\"ez-toc-title\" style=\"cursor:inherit\">Contenus de la page<\/p>\n<span class=\"ez-toc-title-toggle\"><a href=\"#\" class=\"ez-toc-pull-right ez-toc-btn ez-toc-btn-xs ez-toc-btn-default ez-toc-toggle\" aria-label=\"Toggle Table of Content\"><span class=\"ez-toc-js-icon-con\"><span class=\"\"><span class=\"eztoc-hide\" style=\"display:none;\">Toggle<\/span><span class=\"ez-toc-icon-toggle-span\"><svg style=\"fill: #999;color:#999\" xmlns=\"http:\/\/www.w3.org\/2000\/svg\" class=\"list-377408\" width=\"20px\" height=\"20px\" viewBox=\"0 0 24 24\" fill=\"none\"><path d=\"M6 6H4v2h2V6zm14 0H8v2h12V6zM4 11h2v2H4v-2zm16 0H8v2h12v-2zM4 16h2v2H4v-2zm16 0H8v2h12v-2z\" fill=\"currentColor\"><\/path><\/svg><svg style=\"fill: #999;color:#999\" class=\"arrow-unsorted-368013\" xmlns=\"http:\/\/www.w3.org\/2000\/svg\" width=\"10px\" height=\"10px\" viewBox=\"0 0 24 24\" version=\"1.2\" baseProfile=\"tiny\"><path d=\"M18.2 9.3l-6.2-6.3-6.2 6.3c-.2.2-.3.4-.3.7s.1.5.3.7c.2.2.4.3.7.3h11c.3 0 .5-.1.7-.3.2-.2.3-.5.3-.7s-.1-.5-.3-.7zM5.8 14.7l6.2 6.3 6.2-6.3c.2-.2.3-.5.3-.7s-.1-.5-.3-.7c-.2-.2-.4-.3-.7-.3h-11c-.3 0-.5.1-.7.3-.2.2-.3.5-.3.7s.1.5.3.7z\"\/><\/svg><\/span><\/span><\/span><\/a><\/span><\/div>\n<nav><ul class='ez-toc-list ez-toc-list-level-1 ' ><li class='ez-toc-page-1 ez-toc-heading-level-2'><a class=\"ez-toc-link ez-toc-heading-1\" href=\"https:\/\/flashmode.tn\/magazine\/yann-moix-pierre-palmade-quel-lien-entre-ces-deux-personnalites-mediatiques\/#Le_parcours_mediatique_de_Yann_Moix_entre_succes_et_controverses\" >Le parcours m\u00e9diatique de Yann Moix: entre succ\u00e8s et controverses<\/a><ul class='ez-toc-list-level-3' ><li class='ez-toc-heading-level-3'><a class=\"ez-toc-link ez-toc-heading-2\" href=\"https:\/\/flashmode.tn\/magazine\/yann-moix-pierre-palmade-quel-lien-entre-ces-deux-personnalites-mediatiques\/#Les_raisons_du_depart_de_Yann_Moix_dEurope_1\" >Les raisons du d\u00e9part de Yann Moix d&rsquo;Europe 1<\/a><\/li><li class='ez-toc-page-1 ez-toc-heading-level-3'><a class=\"ez-toc-link ez-toc-heading-3\" href=\"https:\/\/flashmode.tn\/magazine\/yann-moix-pierre-palmade-quel-lien-entre-ces-deux-personnalites-mediatiques\/#La_vie_personnelle_et_familiale_de_Yann_Moix\" >La vie personnelle et familiale de Yann Moix<\/a><\/li><li class='ez-toc-page-1 ez-toc-heading-level-3'><a class=\"ez-toc-link ez-toc-heading-4\" href=\"https:\/\/flashmode.tn\/magazine\/yann-moix-pierre-palmade-quel-lien-entre-ces-deux-personnalites-mediatiques\/#Des_remplacements_et_des_invites_marquants_sur_la_Libre_Antenne\" >Des remplacements et des invit\u00e9s marquants sur la Libre Antenne<\/a><\/li><\/ul><\/li><li class='ez-toc-page-1 ez-toc-heading-level-2'><a class=\"ez-toc-link ez-toc-heading-5\" href=\"https:\/\/flashmode.tn\/magazine\/yann-moix-pierre-palmade-quel-lien-entre-ces-deux-personnalites-mediatiques\/#Lengagement_des_auditeurs_dans_la_Libre_Antenne\" >L&rsquo;engagement des auditeurs dans la Libre Antenne<\/a><ul class='ez-toc-list-level-3' ><li class='ez-toc-heading-level-3'><a class=\"ez-toc-link ez-toc-heading-6\" href=\"https:\/\/flashmode.tn\/magazine\/yann-moix-pierre-palmade-quel-lien-entre-ces-deux-personnalites-mediatiques\/#Comment_lemission_accompagne_les_auditeurs_dans_leurs_quetes_personnelles\" >Comment l&rsquo;\u00e9mission accompagne les auditeurs dans leurs qu\u00eates personnelles<\/a><\/li><\/ul><\/li><li class='ez-toc-page-1 ez-toc-heading-level-2'><a class=\"ez-toc-link ez-toc-heading-7\" href=\"https:\/\/flashmode.tn\/magazine\/yann-moix-pierre-palmade-quel-lien-entre-ces-deux-personnalites-mediatiques\/#La_succession_apres_Yann_Moix_Olivier_Delacroix_et_lapres-minuit\" >La succession apr\u00e8s Yann Moix : Olivier Delacroix et l&rsquo;apr\u00e8s-minuit<\/a><ul class='ez-toc-list-level-3' ><li class='ez-toc-heading-level-3'><a class=\"ez-toc-link ez-toc-heading-8\" href=\"https:\/\/flashmode.tn\/magazine\/yann-moix-pierre-palmade-quel-lien-entre-ces-deux-personnalites-mediatiques\/#Olivier_Delacroix_Une_oreille_attentive_dans_la_nuit\" >Olivier Delacroix : Une oreille attentive dans la nuit<\/a><\/li><\/ul><\/li><li class='ez-toc-page-1 ez-toc-heading-level-2'><a class=\"ez-toc-link ez-toc-heading-9\" href=\"https:\/\/flashmode.tn\/magazine\/yann-moix-pierre-palmade-quel-lien-entre-ces-deux-personnalites-mediatiques\/#Conclusion_La_Libre_Antenne_un_reflet_de_la_societe_francaise\" >Conclusion : La Libre Antenne, un reflet de la soci\u00e9t\u00e9 fran\u00e7aise<\/a><\/li><\/ul><\/nav><\/div>\n<h2 class=\"wp-block-heading\" id=\"h-le-parcours-mediatique-de-yann-moix-entre-succes-et-controverses\"><span class=\"ez-toc-section\" id=\"Le_parcours_mediatique_de_Yann_Moix_entre_succes_et_controverses\"><\/span>Le parcours m\u00e9diatique de Yann Moix: entre succ\u00e8s et controverses<span class=\"ez-toc-section-end\"><\/span><\/h2>\n\n\n\n<p>Yann Moix, une figure controvers\u00e9e du paysage m\u00e9diatique fran\u00e7ais, a su marquer les esprits par sa verve et son franc-parler. Actuellement, il est connu pour \u00eatre l&rsquo;animateur de <strong>l&rsquo;\u00e9mission la Libre Antenne sur Europe 1<\/strong>, o\u00f9 il offre une plateforme d&rsquo;expression aux auditeurs. Sa pr\u00e9sence dans le monde de l&rsquo;audiovisuel ne s&rsquo;arr\u00eate pas l\u00e0, car il est \u00e9galement chroniqueur dans la matinale d&rsquo;Europe 1 et intervient r\u00e9guli\u00e8rement dans l&rsquo;\u00e9mission <strong>L&rsquo;heure des pros sur CNews<\/strong>.<\/p>\n\n\n\n<h3 class=\"wp-block-heading\" id=\"h-les-raisons-du-depart-de-yann-moix-d-europe-1\"><span class=\"ez-toc-section\" id=\"Les_raisons_du_depart_de_Yann_Moix_dEurope_1\"><\/span>Les raisons du d\u00e9part de Yann Moix d&rsquo;Europe 1<span class=\"ez-toc-section-end\"><\/span><\/h3>\n\n\n\n<p>La carri\u00e8re de Yann Moix a \u00e9t\u00e9 marqu\u00e9e par des moments de discordes notables, comme son d\u00e9part d&rsquo;Europe 1. Ce d\u00e9part s&rsquo;est produit suite \u00e0 des <strong>demandes de changement dans la fa\u00e7on dont il animait l&rsquo;\u00e9mission<\/strong>. Ce genre de friction entre les animateurs et la direction des cha\u00eenes est r\u00e9v\u00e9lateur des tensions qui peuvent exister dans le monde de la radiophonie fran\u00e7aise.<\/p>\n\n\n\n<h3 class=\"wp-block-heading\" id=\"h-la-vie-personnelle-et-familiale-de-yann-moix\"><span class=\"ez-toc-section\" id=\"La_vie_personnelle_et_familiale_de_Yann_Moix\"><\/span>La vie personnelle et familiale de Yann Moix<span class=\"ez-toc-section-end\"><\/span><\/h3>\n\n\n\n<p>En dehors de sa carri\u00e8re m\u00e9diatique, Yann Moix a \u00e9galement \u00e9t\u00e9 sous les feux des projecteurs pour des aspects plus personnels de sa vie. Il est connu pour ne pas avoir d&rsquo;enfants. Son p\u00e8re, Jos\u00e9 Moix, a \u00e9t\u00e9 accus\u00e9 de s\u00e9vices envers lui, ce qui a \u00e9t\u00e9 un sujet douloureux et public. Il a \u00e9galement un petit fr\u00e8re nomm\u00e9 Alexandre. Sa compagne, Laurie, est graphiste, apportant un contraste cr\u00e9atif au sein de sa vie priv\u00e9e.<\/p>\n\n\n\n<h3 class=\"wp-block-heading\" id=\"h-des-remplacements-et-des-invites-marquants-sur-la-libre-antenne\"><span class=\"ez-toc-section\" id=\"Des_remplacements_et_des_invites_marquants_sur_la_Libre_Antenne\"><\/span>Des remplacements et des invit\u00e9s marquants sur la Libre Antenne<span class=\"ez-toc-section-end\"><\/span><\/h3>\n\n\n\n<p>La dynamique de la radio est telle que les animateurs peuvent \u00eatre remplac\u00e9s temporairement. C&rsquo;est le cas de Yann Moix, qui a \u00e9t\u00e9 remplac\u00e9 par <strong>Val\u00e9rie Darmon le dimanche 21 mai 2023<\/strong>. Ces remplacements, bien que temporaires, peuvent offrir une perspective diff\u00e9rente aux auditeurs fid\u00e8les de l&rsquo;\u00e9mission. De plus, la pr\u00e9sence d&rsquo;invit\u00e9s tels que Fran\u00e7ois Jouffa, illustre la capacit\u00e9 de la Libre Antenne \u00e0 fournir des conversations riches et diversifi\u00e9es.<\/p>\n\n\n\n<h2 class=\"wp-block-heading\" id=\"h-l-engagement-des-auditeurs-dans-la-libre-antenne\"><span class=\"ez-toc-section\" id=\"Lengagement_des_auditeurs_dans_la_Libre_Antenne\"><\/span>L&rsquo;engagement des auditeurs dans la Libre Antenne<span class=\"ez-toc-section-end\"><\/span><\/h2>\n\n\n\n<p>La Libre Antenne est un espace d&rsquo;expression unique o\u00f9 les auditeurs peuvent partager leurs histoires et opinions. Le num\u00e9ro non surtax\u00e9, <strong>01 80 20 39 21<\/strong>, permet \u00e0 chacun de laisser ses coordonn\u00e9es pour participer \u00e0 l&rsquo;\u00e9mission. Par exemple, le 30 novembre 2023, Fran\u00e7oise s&rsquo;est manifest\u00e9e dans l&rsquo;espoir de retrouver Christian, son compagnon, illustrant ainsi la dimension humaine et parfois intimiste de l&rsquo;\u00e9mission.<\/p>\n\n\n\n<h3 class=\"wp-block-heading\" id=\"h-comment-l-emission-accompagne-les-auditeurs-dans-leurs-quetes-personnelles\"><span class=\"ez-toc-section\" id=\"Comment_lemission_accompagne_les_auditeurs_dans_leurs_quetes_personnelles\"><\/span>Comment l&rsquo;\u00e9mission accompagne les auditeurs dans leurs qu\u00eates personnelles<span class=\"ez-toc-section-end\"><\/span><\/h3>\n\n\n\n<p>L&rsquo;impact de la Libre Antenne sur la vie des gens se manifeste dans les t\u00e9moignages personnels et les r\u00e9cits partag\u00e9s. La recherche de Fran\u00e7oise pour Christian en est un parfait exemple. L&rsquo;\u00e9mission sert de catalyseur pour des r\u00e9unions, des confessions, et parfois m\u00eame des r\u00e9conciliations.<\/p>\n\n\n\n<h2 class=\"wp-block-heading\" id=\"h-la-succession-apres-yann-moix-olivier-delacroix-et-l-apres-minuit\"><span class=\"ez-toc-section\" id=\"La_succession_apres_Yann_Moix_Olivier_Delacroix_et_lapres-minuit\"><\/span>La succession apr\u00e8s Yann Moix : Olivier Delacroix et l&rsquo;apr\u00e8s-minuit<span class=\"ez-toc-section-end\"><\/span><\/h2>\n\n\n\n<p>Yann Moix, bien que figure centrale de la Libre Antenne, laisse sa place \u00e0 d&rsquo;autres voix la nuit. <strong>Olivier Delacroix<\/strong> prend le relais du lundi au jeudi, offrant aux auditeurs un espace de parole dans le calme de la nuit. Ce passage de t\u00e9moin est repr\u00e9sentatif de la diversit\u00e9 des profils et des approches au sein de la m\u00eame \u00e9mission radio.<\/p>\n\n\n\n<h3 class=\"wp-block-heading\" id=\"h-olivier-delacroix-une-oreille-attentive-dans-la-nuit\"><span class=\"ez-toc-section\" id=\"Olivier_Delacroix_Une_oreille_attentive_dans_la_nuit\"><\/span>Olivier Delacroix : Une oreille attentive dans la nuit<span class=\"ez-toc-section-end\"><\/span><\/h3>\n\n\n\n<p>Olivier Delacroix, avec son approche empathique et son exp\u00e9rience, continue la mission de la Libre Antenne : \u00e9couter et dialoguer avec les auditeurs. Son style, diff\u00e9rent de celui de Yann Moix, contribue \u00e0 la richesse de l&rsquo;\u00e9mission et \u00e0 la fid\u00e9lisation d&rsquo;un auditoire vari\u00e9.<\/p>\n\n\n\n<h2 class=\"wp-block-heading\" id=\"h-conclusion-la-libre-antenne-un-reflet-de-la-societe-francaise\"><span class=\"ez-toc-section\" id=\"Conclusion_La_Libre_Antenne_un_reflet_de_la_societe_francaise\"><\/span>Conclusion : La Libre Antenne, un reflet de la soci\u00e9t\u00e9 fran\u00e7aise<span class=\"ez-toc-section-end\"><\/span><\/h2>\n\n\n\n<p>En somme, la Libre Antenne, avec des personnalit\u00e9s comme Yann Moix et Olivier Delacroix, offre un miroir de la soci\u00e9t\u00e9 fran\u00e7aise dans toute sa complexit\u00e9. Les discussions ouvertes, les sujets sensibles abord\u00e9s, et l&rsquo;interaction directe avec le public font de cette \u00e9mission un lieu d&rsquo;expression d\u00e9mocratique et un rendez-vous incontournable pour de nombreux auditeurs.<\/p>\n\n\n\n<p>Yann Moix, malgr\u00e9 les controverses et les changements, reste une voix qui a su marquer le paysage m\u00e9diatique fran\u00e7ais. Son parcours, ses exp\u00e9riences, et les histoires des auditeurs qui se m\u00ealent \u00e0 la sienne, dessinent un tableau vivant et nuanc\u00e9 de la radiophonie moderne.<\/p>\n\n\n\n<p>Les \u00e9missions comme la Libre Antenne sont essentielles au paysage audiovisuel, car elles permettent de jeter des ponts entre les diff\u00e9rentes strates de la soci\u00e9t\u00e9 et de donner la parole \u00e0 ceux qui n&rsquo;ont souvent pas l&rsquo;occasion de s&rsquo;exprimer.<\/p>\n\n\n\n<hr class=\"wp-block-separator has-alpha-channel-opacity\"\/>\n\n\n\n<p><strong>Q: Est-ce que Pierre Palmade a \u00e9t\u00e9 interrog\u00e9 ?<\/strong><br>A: Oui, Pierre Palmade a \u00e9t\u00e9 interrog\u00e9 dans l&rsquo;affaire de l&rsquo;accident de la route qu&rsquo;il a provoqu\u00e9 le 10 f\u00e9vrier. Il a \u00e9t\u00e9 convoqu\u00e9 au tribunal de Melun le 26 septembre.<\/p>\n\n\n\n<p><strong>Q: Quand est-ce que Pierre Palmade est n\u00e9 ?<\/strong><br>A: Pierre Palmade est n\u00e9 le 23 mars 1968 \u00e0 Mimbaste dans les Landes.<\/p>\n\n\n\n<p><strong>Q: Quelle est la profession de la m\u00e8re de Pierre Palmade ?<\/strong><br>A: La m\u00e8re de Pierre Palmade est professeure.<\/p>\n\n\n\n<p><strong>Q: Est-ce que Pierre Palmade a encore ses parents ?<\/strong><br>A: Non, Pierre Palmade est orphelin de son papa depuis l&rsquo;\u00e2ge de 8 ans.<\/p>\n","protected":false},"excerpt":{"rendered":"<p>Yann Moix et Pierre Palmade, deux noms qui r\u00e9sonnent dans le paysage m\u00e9diatique fran\u00e7ais. Que ce soit \u00e0 travers leurs talents d&rsquo;\u00e9crivain, d&rsquo;humoriste ou de chroniqueur, ils ont tous deux marqu\u00e9 les esprits et suscit\u00e9 de vives r\u00e9actions. Dans cet article, nous allons nous pencher sur le parcours m\u00e9diatique de Yann Moix, entre succ\u00e8s et [&hellip;]<\/p>\n","protected":false},"author":8,"featured_media":160493,"comment_status":"open","ping_status":"open","sticky":false,"template":"","format":"standard","meta":{"tdm_status":"","tdm_grid_status":"","_jetpack_memberships_contains_paid_content":false,"footnotes":"","jetpack_publicize_message":"","jetpack_publicize_feature_enabled":true,"jetpack_social_post_already_shared":false,"jetpack_social_options":{"image_generator_settings":{"template":"highway","default_image_id":0,"font":"","enabled":false},"version":2}},"categories":[78],"tags":[],"class_list":["post-104961","post","type-post","status-publish","format-standard","has-post-thumbnail","hentry","category-culture"],"yoast_head":"<!-- This site is optimized with the Yoast SEO Premium plugin v25.0 (Yoast SEO v25.0) - https:\/\/yoast.com\/wordpress\/plugins\/seo\/ -->\n<title>Yann Moix Pierre Palmade : Quel lien entre ces deux personnalit\u00e9s m\u00e9diatiques ? - Flashmode Magazine | Magazine de mode et style de vie Num\u00e9ro un en Tunisie et au Maghreb<\/title>\n<meta name=\"description\" content=\"Yann Moix et Pierre Palmade, deux noms qui r\u00e9sonnent dans le paysage m\u00e9diatique fran\u00e7ais. Que ce soit \u00e0 travers leurs talents d&#039;\u00e9crivain, d&#039;humoriste ou\" \/>\n<meta name=\"robots\" content=\"index, follow, max-snippet:-1, max-image-preview:large, max-video-preview:-1\" \/>\n<link rel=\"canonical\" href=\"https:\/\/flashmode.tn\/magazine\/yann-moix-pierre-palmade-quel-lien-entre-ces-deux-personnalites-mediatiques\/\" \/>\n<meta property=\"og:locale\" content=\"fr_FR\" \/>\n<meta property=\"og:type\" content=\"article\" \/>\n<meta property=\"og:title\" content=\"Yann Moix Pierre Palmade : Quel lien entre ces deux personnalit\u00e9s m\u00e9diatiques ? - Flashmode Magazine | Magazine de mode et style de vie Num\u00e9ro un en Tunisie et au Maghreb\" \/>\n<meta property=\"og:description\" content=\"Yann Moix et Pierre Palmade, deux noms qui r\u00e9sonnent dans le paysage m\u00e9diatique fran\u00e7ais. Que ce soit \u00e0 travers leurs talents d&#039;\u00e9crivain, d&#039;humoriste ou\" \/>\n<meta property=\"og:url\" content=\"https:\/\/flashmode.tn\/magazine\/yann-moix-pierre-palmade-quel-lien-entre-ces-deux-personnalites-mediatiques\/\" \/>\n<meta property=\"og:site_name\" content=\"Flashmode Magazine | Magazine de mode et style de vie Num\u00e9ro un en Tunisie et au Maghreb\" \/>\n<meta property=\"article:publisher\" content=\"https:\/\/www.facebook.com\/flashmode.magazine\/\" \/>\n<meta property=\"article:published_time\" content=\"2024-03-12T01:58:26+00:00\" \/>\n<meta property=\"article:modified_time\" content=\"2024-03-29T10:04:39+00:00\" \/>\n<meta property=\"og:image\" content=\"https:\/\/flashmode.tn\/magazine\/wp-content\/uploads\/2024\/03\/Yann-Moix-Pierre-Palmade-Quel-lien-entre-ces-deux-personnalites-mediatiques-.png\" \/>\n\t<meta property=\"og:image:width\" content=\"1640\" \/>\n\t<meta property=\"og:image:height\" content=\"924\" \/>\n\t<meta property=\"og:image:type\" content=\"image\/png\" \/>\n<meta name=\"author\" content=\"The Daileigh\" \/>\n<meta name=\"twitter:card\" content=\"summary_large_image\" \/>\n<meta name=\"twitter:creator\" content=\"@agenceflashmode\" \/>\n<meta name=\"twitter:site\" content=\"@agenceflashmode\" \/>\n<meta name=\"twitter:label1\" content=\"\u00c9crit par\" \/>\n\t<meta name=\"twitter:data1\" content=\"The Daileigh\" \/>\n\t<meta name=\"twitter:label2\" content=\"Dur\u00e9e de lecture estim\u00e9e\" \/>\n\t<meta name=\"twitter:data2\" content=\"5 minutes\" \/>\n<script type=\"application\/ld+json\" class=\"yoast-schema-graph\">{\"@context\":\"https:\/\/schema.org\",\"@graph\":[{\"@type\":\"WebPage\",\"@id\":\"https:\/\/flashmode.tn\/magazine\/yann-moix-pierre-palmade-quel-lien-entre-ces-deux-personnalites-mediatiques\/\",\"url\":\"https:\/\/flashmode.tn\/magazine\/yann-moix-pierre-palmade-quel-lien-entre-ces-deux-personnalites-mediatiques\/\",\"name\":\"Yann Moix Pierre Palmade : Quel lien entre ces deux personnalit\u00e9s m\u00e9diatiques ? - Flashmode Magazine | Magazine de mode et style de vie Num\u00e9ro un en Tunisie et au Maghreb\",\"isPartOf\":{\"@id\":\"https:\/\/flashmode.tn\/magazine\/#website\"},\"primaryImageOfPage\":{\"@id\":\"https:\/\/flashmode.tn\/magazine\/yann-moix-pierre-palmade-quel-lien-entre-ces-deux-personnalites-mediatiques\/#primaryimage\"},\"image\":{\"@id\":\"https:\/\/flashmode.tn\/magazine\/yann-moix-pierre-palmade-quel-lien-entre-ces-deux-personnalites-mediatiques\/#primaryimage\"},\"thumbnailUrl\":\"https:\/\/i0.wp.com\/flashmode.tn\/magazine\/wp-content\/uploads\/2024\/03\/Yann-Moix-Pierre-Palmade-Quel-lien-entre-ces-deux-personnalites-mediatiques-.png?fit=1640%2C924&ssl=1\",\"datePublished\":\"2024-03-12T01:58:26+00:00\",\"dateModified\":\"2024-03-29T10:04:39+00:00\",\"author\":{\"@id\":\"https:\/\/flashmode.tn\/magazine\/#\/schema\/person\/79940f8af94166a445dd5bd6b3137682\"},\"description\":\"Yann Moix et Pierre Palmade, deux noms qui r\u00e9sonnent dans le paysage m\u00e9diatique fran\u00e7ais. Que ce soit \u00e0 travers leurs talents d'\u00e9crivain, d'humoriste ou\",\"breadcrumb\":{\"@id\":\"https:\/\/flashmode.tn\/magazine\/yann-moix-pierre-palmade-quel-lien-entre-ces-deux-personnalites-mediatiques\/#breadcrumb\"},\"inLanguage\":\"fr-FR\",\"potentialAction\":[{\"@type\":\"ReadAction\",\"target\":[\"https:\/\/flashmode.tn\/magazine\/yann-moix-pierre-palmade-quel-lien-entre-ces-deux-personnalites-mediatiques\/\"]}]},{\"@type\":\"ImageObject\",\"inLanguage\":\"fr-FR\",\"@id\":\"https:\/\/flashmode.tn\/magazine\/yann-moix-pierre-palmade-quel-lien-entre-ces-deux-personnalites-mediatiques\/#primaryimage\",\"url\":\"https:\/\/i0.wp.com\/flashmode.tn\/magazine\/wp-content\/uploads\/2024\/03\/Yann-Moix-Pierre-Palmade-Quel-lien-entre-ces-deux-personnalites-mediatiques-.png?fit=1640%2C924&ssl=1\",\"contentUrl\":\"https:\/\/i0.wp.com\/flashmode.tn\/magazine\/wp-content\/uploads\/2024\/03\/Yann-Moix-Pierre-Palmade-Quel-lien-entre-ces-deux-personnalites-mediatiques-.png?fit=1640%2C924&ssl=1\",\"width\":1640,\"height\":924,\"caption\":\"Yann Moix Pierre Palmade : Quel lien entre ces deux personnalit\u00e9s m\u00e9diatiques ?\"},{\"@type\":\"BreadcrumbList\",\"@id\":\"https:\/\/flashmode.tn\/magazine\/yann-moix-pierre-palmade-quel-lien-entre-ces-deux-personnalites-mediatiques\/#breadcrumb\",\"itemListElement\":[{\"@type\":\"ListItem\",\"position\":1,\"name\":\"Accueil\",\"item\":\"https:\/\/flashmode.tn\/magazine\/\"},{\"@type\":\"ListItem\",\"position\":2,\"name\":\"Yann Moix Pierre Palmade : Quel lien entre ces deux personnalit\u00e9s m\u00e9diatiques ?\"}]},{\"@type\":\"WebSite\",\"@id\":\"https:\/\/flashmode.tn\/magazine\/#website\",\"url\":\"https:\/\/flashmode.tn\/magazine\/\",\"name\":\"Flashmode Magazine | Magazine de mode et style de vie Num\u00e9ro un en Tunisie et au Maghreb\",\"description\":\"Magazine de mode et style de vie Num\u00e9ro un en Tunisie et au Maghreb, cr\u00e9\u00e9 pour les hommes et les femmes : conseils beaut\u00e9, mode femme, mode homme, recettes de cuisine, c\u00e9l\u00e9brit\u00e9s et people, mannequins et top modeles\",\"potentialAction\":[{\"@type\":\"SearchAction\",\"target\":{\"@type\":\"EntryPoint\",\"urlTemplate\":\"https:\/\/flashmode.tn\/magazine\/?s={search_term_string}\"},\"query-input\":{\"@type\":\"PropertyValueSpecification\",\"valueRequired\":true,\"valueName\":\"search_term_string\"}}],\"inLanguage\":\"fr-FR\"},{\"@type\":\"Person\",\"@id\":\"https:\/\/flashmode.tn\/magazine\/#\/schema\/person\/79940f8af94166a445dd5bd6b3137682\",\"name\":\"The Daileigh\",\"image\":{\"@type\":\"ImageObject\",\"inLanguage\":\"fr-FR\",\"@id\":\"https:\/\/flashmode.tn\/magazine\/#\/schema\/person\/image\/\",\"url\":\"https:\/\/secure.gravatar.com\/avatar\/30d4d60865d61de3434abd01cb8b4ec5e5b5eb5a274017461832a54857b1770d?s=96&d=mm&r=g\",\"contentUrl\":\"https:\/\/secure.gravatar.com\/avatar\/30d4d60865d61de3434abd01cb8b4ec5e5b5eb5a274017461832a54857b1770d?s=96&d=mm&r=g\",\"caption\":\"The Daileigh\"},\"url\":\"https:\/\/flashmode.tn\/magazine\/author\/the-daileigh\/\"}]}<\/script>\n<!-- \/ Yoast SEO Premium plugin. -->","yoast_head_json":{"title":"Yann Moix Pierre Palmade : Quel lien entre ces deux personnalit\u00e9s m\u00e9diatiques ? - Flashmode Magazine | Magazine de mode et style de vie Num\u00e9ro un en Tunisie et au Maghreb","description":"Yann Moix et Pierre Palmade, deux noms qui r\u00e9sonnent dans le paysage m\u00e9diatique fran\u00e7ais. Que ce soit \u00e0 travers leurs talents d'\u00e9crivain, d'humoriste ou","robots":{"index":"index","follow":"follow","max-snippet":"max-snippet:-1","max-image-preview":"max-image-preview:large","max-video-preview":"max-video-preview:-1"},"canonical":"https:\/\/flashmode.tn\/magazine\/yann-moix-pierre-palmade-quel-lien-entre-ces-deux-personnalites-mediatiques\/","og_locale":"fr_FR","og_type":"article","og_title":"Yann Moix Pierre Palmade : Quel lien entre ces deux personnalit\u00e9s m\u00e9diatiques ? - Flashmode Magazine | Magazine de mode et style de vie Num\u00e9ro un en Tunisie et au Maghreb","og_description":"Yann Moix et Pierre Palmade, deux noms qui r\u00e9sonnent dans le paysage m\u00e9diatique fran\u00e7ais. Que ce soit \u00e0 travers leurs talents d'\u00e9crivain, d'humoriste ou","og_url":"https:\/\/flashmode.tn\/magazine\/yann-moix-pierre-palmade-quel-lien-entre-ces-deux-personnalites-mediatiques\/","og_site_name":"Flashmode Magazine | Magazine de mode et style de vie Num\u00e9ro un en Tunisie et au Maghreb","article_publisher":"https:\/\/www.facebook.com\/flashmode.magazine\/","article_published_time":"2024-03-12T01:58:26+00:00","article_modified_time":"2024-03-29T10:04:39+00:00","og_image":[{"width":1640,"height":924,"url":"https:\/\/flashmode.tn\/magazine\/wp-content\/uploads\/2024\/03\/Yann-Moix-Pierre-Palmade-Quel-lien-entre-ces-deux-personnalites-mediatiques-.png","type":"image\/png"}],"author":"The Daileigh","twitter_card":"summary_large_image","twitter_creator":"@agenceflashmode","twitter_site":"@agenceflashmode","twitter_misc":{"\u00c9crit par":"The Daileigh","Dur\u00e9e de lecture estim\u00e9e":"5 minutes"},"schema":{"@context":"https:\/\/schema.org","@graph":[{"@type":"WebPage","@id":"https:\/\/flashmode.tn\/magazine\/yann-moix-pierre-palmade-quel-lien-entre-ces-deux-personnalites-mediatiques\/","url":"https:\/\/flashmode.tn\/magazine\/yann-moix-pierre-palmade-quel-lien-entre-ces-deux-personnalites-mediatiques\/","name":"Yann Moix Pierre Palmade : Quel lien entre ces deux personnalit\u00e9s m\u00e9diatiques ? - Flashmode Magazine | Magazine de mode et style de vie Num\u00e9ro un en Tunisie et au Maghreb","isPartOf":{"@id":"https:\/\/flashmode.tn\/magazine\/#website"},"primaryImageOfPage":{"@id":"https:\/\/flashmode.tn\/magazine\/yann-moix-pierre-palmade-quel-lien-entre-ces-deux-personnalites-mediatiques\/#primaryimage"},"image":{"@id":"https:\/\/flashmode.tn\/magazine\/yann-moix-pierre-palmade-quel-lien-entre-ces-deux-personnalites-mediatiques\/#primaryimage"},"thumbnailUrl":"https:\/\/i0.wp.com\/flashmode.tn\/magazine\/wp-content\/uploads\/2024\/03\/Yann-Moix-Pierre-Palmade-Quel-lien-entre-ces-deux-personnalites-mediatiques-.png?fit=1640%2C924&ssl=1","datePublished":"2024-03-12T01:58:26+00:00","dateModified":"2024-03-29T10:04:39+00:00","author":{"@id":"https:\/\/flashmode.tn\/magazine\/#\/schema\/person\/79940f8af94166a445dd5bd6b3137682"},"description":"Yann Moix et Pierre Palmade, deux noms qui r\u00e9sonnent dans le paysage m\u00e9diatique fran\u00e7ais. Que ce soit \u00e0 travers leurs talents d'\u00e9crivain, d'humoriste ou","breadcrumb":{"@id":"https:\/\/flashmode.tn\/magazine\/yann-moix-pierre-palmade-quel-lien-entre-ces-deux-personnalites-mediatiques\/#breadcrumb"},"inLanguage":"fr-FR","potentialAction":[{"@type":"ReadAction","target":["https:\/\/flashmode.tn\/magazine\/yann-moix-pierre-palmade-quel-lien-entre-ces-deux-personnalites-mediatiques\/"]}]},{"@type":"ImageObject","inLanguage":"fr-FR","@id":"https:\/\/flashmode.tn\/magazine\/yann-moix-pierre-palmade-quel-lien-entre-ces-deux-personnalites-mediatiques\/#primaryimage","url":"https:\/\/i0.wp.com\/flashmode.tn\/magazine\/wp-content\/uploads\/2024\/03\/Yann-Moix-Pierre-Palmade-Quel-lien-entre-ces-deux-personnalites-mediatiques-.png?fit=1640%2C924&ssl=1","contentUrl":"https:\/\/i0.wp.com\/flashmode.tn\/magazine\/wp-content\/uploads\/2024\/03\/Yann-Moix-Pierre-Palmade-Quel-lien-entre-ces-deux-personnalites-mediatiques-.png?fit=1640%2C924&ssl=1","width":1640,"height":924,"caption":"Yann Moix Pierre Palmade : Quel lien entre ces deux personnalit\u00e9s m\u00e9diatiques ?"},{"@type":"BreadcrumbList","@id":"https:\/\/flashmode.tn\/magazine\/yann-moix-pierre-palmade-quel-lien-entre-ces-deux-personnalites-mediatiques\/#breadcrumb","itemListElement":[{"@type":"ListItem","position":1,"name":"Accueil","item":"https:\/\/flashmode.tn\/magazine\/"},{"@type":"ListItem","position":2,"name":"Yann Moix Pierre Palmade : Quel lien entre ces deux personnalit\u00e9s m\u00e9diatiques ?"}]},{"@type":"WebSite","@id":"https:\/\/flashmode.tn\/magazine\/#website","url":"https:\/\/flashmode.tn\/magazine\/","name":"Flashmode Magazine | Magazine de mode et style de vie Num\u00e9ro un en Tunisie et au Maghreb","description":"Magazine de mode et style de vie Num\u00e9ro un en Tunisie et au Maghreb, cr\u00e9\u00e9 pour les hommes et les femmes : conseils beaut\u00e9, mode femme, mode homme, recettes de cuisine, c\u00e9l\u00e9brit\u00e9s et people, mannequins et top modeles","potentialAction":[{"@type":"SearchAction","target":{"@type":"EntryPoint","urlTemplate":"https:\/\/flashmode.tn\/magazine\/?s={search_term_string}"},"query-input":{"@type":"PropertyValueSpecification","valueRequired":true,"valueName":"search_term_string"}}],"inLanguage":"fr-FR"},{"@type":"Person","@id":"https:\/\/flashmode.tn\/magazine\/#\/schema\/person\/79940f8af94166a445dd5bd6b3137682","name":"The Daileigh","image":{"@type":"ImageObject","inLanguage":"fr-FR","@id":"https:\/\/flashmode.tn\/magazine\/#\/schema\/person\/image\/","url":"https:\/\/secure.gravatar.com\/avatar\/30d4d60865d61de3434abd01cb8b4ec5e5b5eb5a274017461832a54857b1770d?s=96&d=mm&r=g","contentUrl":"https:\/\/secure.gravatar.com\/avatar\/30d4d60865d61de3434abd01cb8b4ec5e5b5eb5a274017461832a54857b1770d?s=96&d=mm&r=g","caption":"The Daileigh"},"url":"https:\/\/flashmode.tn\/magazine\/author\/the-daileigh\/"}]}},"jetpack_publicize_connections":[],"jetpack_featured_media_url":"https:\/\/i0.wp.com\/flashmode.tn\/magazine\/wp-content\/uploads\/2024\/03\/Yann-Moix-Pierre-Palmade-Quel-lien-entre-ces-deux-personnalites-mediatiques-.png?fit=1640%2C924&ssl=1","jetpack_shortlink":"https:\/\/wp.me\/p8BPGr-riV","jetpack_sharing_enabled":true,"_links":{"self":[{"href":"https:\/\/flashmode.tn\/magazine\/wp-json\/wp\/v2\/posts\/104961","targetHints":{"allow":["GET"]}}],"collection":[{"href":"https:\/\/flashmode.tn\/magazine\/wp-json\/wp\/v2\/posts"}],"about":[{"href":"https:\/\/flashmode.tn\/magazine\/wp-json\/wp\/v2\/types\/post"}],"author":[{"embeddable":true,"href":"https:\/\/flashmode.tn\/magazine\/wp-json\/wp\/v2\/users\/8"}],"replies":[{"embeddable":true,"href":"https:\/\/flashmode.tn\/magazine\/wp-json\/wp\/v2\/comments?post=104961"}],"version-history":[{"count":2,"href":"https:\/\/flashmode.tn\/magazine\/wp-json\/wp\/v2\/posts\/104961\/revisions"}],"predecessor-version":[{"id":160495,"href":"https:\/\/flashmode.tn\/magazine\/wp-json\/wp\/v2\/posts\/104961\/revisions\/160495"}],"wp:featuredmedia":[{"embeddable":true,"href":"https:\/\/flashmode.tn\/magazine\/wp-json\/wp\/v2\/media\/160493"}],"wp:attachment":[{"href":"https:\/\/flashmode.tn\/magazine\/wp-json\/wp\/v2\/media?parent=104961"}],"wp:term":[{"taxonomy":"category","embeddable":true,"href":"https:\/\/flashmode.tn\/magazine\/wp-json\/wp\/v2\/categories?post=104961"},{"taxonomy":"post_tag","embeddable":true,"href":"https:\/\/flashmode.tn\/magazine\/wp-json\/wp\/v2\/tags?post=104961"}],"curies":[{"name":"wp","href":"https:\/\/api.w.org\/{rel}","templated":true}]}}