{"id":104962,"date":"2024-03-12T02:58:20","date_gmt":"2024-03-12T01:58:20","guid":{"rendered":"https:\/\/flashmode.tn\/magazine\/qui-est-vraiment-laurent-macron-decouvrez-son-parcours-academique-remarquable-et-sa-relation-avec-emmanuel-macron\/"},"modified":"2024-03-29T11:09:48","modified_gmt":"2024-03-29T10:09:48","slug":"qui-est-vraiment-laurent-macron-decouvrez-son-parcours-academique-remarquable-et-sa-relation-avec-emmanuel-macron","status":"publish","type":"post","link":"https:\/\/flashmode.tn\/magazine\/qui-est-vraiment-laurent-macron-decouvrez-son-parcours-academique-remarquable-et-sa-relation-avec-emmanuel-macron\/","title":{"rendered":"Qui est vraiment Laurent Macron ? D\u00e9couvrez son parcours acad\u00e9mique remarquable et sa relation avec Emmanuel Macron"},"content":{"rendered":"\n<p>D\u00e9couvrez les myst\u00e8res entourant Laurent Macron, le fr\u00e8re m\u00e9connu d&rsquo;Emmanuel Macron, dans cet article captivant ! Entre parcours acad\u00e9mique remarquable, fortune sujette \u00e0 sp\u00e9culation et retraite de Brigitte Macron, plongez dans l&rsquo;univers fascinant de la famille Macron. Explorez les investissements et les utilisations de la fortune, et comprenez enfin les secrets qui entourent Laurent Macron. Pr\u00e9parez-vous \u00e0 \u00eatre surpris par les r\u00e9v\u00e9lations inattendues qui vous attendent !<\/p>\n\n\n\n<div id=\"ez-toc-container\" class=\"ez-toc-v2_0_81 counter-hierarchy ez-toc-counter ez-toc-grey ez-toc-container-direction\">\n<div class=\"ez-toc-title-container\">\n<p class=\"ez-toc-title\" style=\"cursor:inherit\">Contenus de la page<\/p>\n<span class=\"ez-toc-title-toggle\"><a href=\"#\" class=\"ez-toc-pull-right ez-toc-btn ez-toc-btn-xs ez-toc-btn-default ez-toc-toggle\" aria-label=\"Toggle Table of Content\"><span class=\"ez-toc-js-icon-con\"><span class=\"\"><span class=\"eztoc-hide\" style=\"display:none;\">Toggle<\/span><span class=\"ez-toc-icon-toggle-span\"><svg style=\"fill: #999;color:#999\" xmlns=\"http:\/\/www.w3.org\/2000\/svg\" class=\"list-377408\" width=\"20px\" height=\"20px\" viewBox=\"0 0 24 24\" fill=\"none\"><path d=\"M6 6H4v2h2V6zm14 0H8v2h12V6zM4 11h2v2H4v-2zm16 0H8v2h12v-2zM4 16h2v2H4v-2zm16 0H8v2h12v-2z\" fill=\"currentColor\"><\/path><\/svg><svg style=\"fill: #999;color:#999\" class=\"arrow-unsorted-368013\" xmlns=\"http:\/\/www.w3.org\/2000\/svg\" width=\"10px\" height=\"10px\" viewBox=\"0 0 24 24\" version=\"1.2\" baseProfile=\"tiny\"><path d=\"M18.2 9.3l-6.2-6.3-6.2 6.3c-.2.2-.3.4-.3.7s.1.5.3.7c.2.2.4.3.7.3h11c.3 0 .5-.1.7-.3.2-.2.3-.5.3-.7s-.1-.5-.3-.7zM5.8 14.7l6.2 6.3 6.2-6.3c.2-.2.3-.5.3-.7s-.1-.5-.3-.7c-.2-.2-.4-.3-.7-.3h-11c-.3 0-.5.1-.7.3-.2.2-.3.5-.3.7s.1.5.3.7z\"\/><\/svg><\/span><\/span><\/span><\/a><\/span><\/div>\n<nav><ul class='ez-toc-list ez-toc-list-level-1 ' ><li class='ez-toc-page-1 ez-toc-heading-level-2'><a class=\"ez-toc-link ez-toc-heading-1\" href=\"https:\/\/flashmode.tn\/magazine\/qui-est-vraiment-laurent-macron-decouvrez-son-parcours-academique-remarquable-et-sa-relation-avec-emmanuel-macron\/#Le_parcours_academique_remarquable_de_Laurent_Macron\" >Le parcours acad\u00e9mique remarquable de Laurent Macron<\/a><ul class='ez-toc-list-level-3' ><li class='ez-toc-heading-level-3'><a class=\"ez-toc-link ez-toc-heading-2\" href=\"https:\/\/flashmode.tn\/magazine\/qui-est-vraiment-laurent-macron-decouvrez-son-parcours-academique-remarquable-et-sa-relation-avec-emmanuel-macron\/#Des_debuts_prometteurs\" >Des d\u00e9buts prometteurs<\/a><\/li><li class='ez-toc-page-1 ez-toc-heading-level-3'><a class=\"ez-toc-link ez-toc-heading-3\" href=\"https:\/\/flashmode.tn\/magazine\/qui-est-vraiment-laurent-macron-decouvrez-son-parcours-academique-remarquable-et-sa-relation-avec-emmanuel-macron\/#La_voie_de_lexcellence\" >La voie de l&rsquo;excellence<\/a><\/li><li class='ez-toc-page-1 ez-toc-heading-level-3'><a class=\"ez-toc-link ez-toc-heading-4\" href=\"https:\/\/flashmode.tn\/magazine\/qui-est-vraiment-laurent-macron-decouvrez-son-parcours-academique-remarquable-et-sa-relation-avec-emmanuel-macron\/#La_formation_en_sciences_politiques\" >La formation en sciences politiques<\/a><\/li><\/ul><\/li><li class='ez-toc-page-1 ez-toc-heading-level-2'><a class=\"ez-toc-link ez-toc-heading-5\" href=\"https:\/\/flashmode.tn\/magazine\/qui-est-vraiment-laurent-macron-decouvrez-son-parcours-academique-remarquable-et-sa-relation-avec-emmanuel-macron\/#La_fortune_dEmmanuel_Macron_un_sujet_de_speculation\" >La fortune d&rsquo;Emmanuel Macron, un sujet de sp\u00e9culation<\/a><ul class='ez-toc-list-level-3' ><li class='ez-toc-heading-level-3'><a class=\"ez-toc-link ez-toc-heading-6\" href=\"https:\/\/flashmode.tn\/magazine\/qui-est-vraiment-laurent-macron-decouvrez-son-parcours-academique-remarquable-et-sa-relation-avec-emmanuel-macron\/#Combien_vaut_un_president\" >Combien vaut un pr\u00e9sident?<\/a><\/li><li class='ez-toc-page-1 ez-toc-heading-level-3'><a class=\"ez-toc-link ez-toc-heading-7\" href=\"https:\/\/flashmode.tn\/magazine\/qui-est-vraiment-laurent-macron-decouvrez-son-parcours-academique-remarquable-et-sa-relation-avec-emmanuel-macron\/#Les_comparaisons_inevitables\" >Les comparaisons in\u00e9vitables<\/a><\/li><\/ul><\/li><li class='ez-toc-page-1 ez-toc-heading-level-2'><a class=\"ez-toc-link ez-toc-heading-8\" href=\"https:\/\/flashmode.tn\/magazine\/qui-est-vraiment-laurent-macron-decouvrez-son-parcours-academique-remarquable-et-sa-relation-avec-emmanuel-macron\/#La_retraite_de_Brigitte_Macron_et_les_perceptions_publiques\" >La retraite de Brigitte Macron et les perceptions publiques<\/a><ul class='ez-toc-list-level-3' ><li class='ez-toc-heading-level-3'><a class=\"ez-toc-link ez-toc-heading-9\" href=\"https:\/\/flashmode.tn\/magazine\/qui-est-vraiment-laurent-macron-decouvrez-son-parcours-academique-remarquable-et-sa-relation-avec-emmanuel-macron\/#Brigitte_Macron_une_premiere_dame_engagee\" >Brigitte Macron, une premi\u00e8re dame engag\u00e9e<\/a><\/li><li class='ez-toc-page-1 ez-toc-heading-level-3'><a class=\"ez-toc-link ez-toc-heading-10\" href=\"https:\/\/flashmode.tn\/magazine\/qui-est-vraiment-laurent-macron-decouvrez-son-parcours-academique-remarquable-et-sa-relation-avec-emmanuel-macron\/#Leducation_dEmmanuel_Macron_une_affaire_de_classe\" >L&rsquo;\u00e9ducation d&rsquo;Emmanuel Macron, une affaire de classe<\/a><\/li><\/ul><\/li><li class='ez-toc-page-1 ez-toc-heading-level-2'><a class=\"ez-toc-link ez-toc-heading-11\" href=\"https:\/\/flashmode.tn\/magazine\/qui-est-vraiment-laurent-macron-decouvrez-son-parcours-academique-remarquable-et-sa-relation-avec-emmanuel-macron\/#Investissements_et_utilisations_de_la_fortune\" >Investissements et utilisations de la fortune<\/a><ul class='ez-toc-list-level-3' ><li class='ez-toc-heading-level-3'><a class=\"ez-toc-link ez-toc-heading-12\" href=\"https:\/\/flashmode.tn\/magazine\/qui-est-vraiment-laurent-macron-decouvrez-son-parcours-academique-remarquable-et-sa-relation-avec-emmanuel-macron\/#Que_font_les_jeunes_gagnants_avec_leur_argent\" >Que font les jeunes gagnants avec leur argent?<\/a><\/li><li class='ez-toc-page-1 ez-toc-heading-level-3'><a class=\"ez-toc-link ez-toc-heading-13\" href=\"https:\/\/flashmode.tn\/magazine\/qui-est-vraiment-laurent-macron-decouvrez-son-parcours-academique-remarquable-et-sa-relation-avec-emmanuel-macron\/#Le_succes_financier_de_Michel_Drucker\" >Le succ\u00e8s financier de Michel Drucker<\/a><\/li><\/ul><\/li><li class='ez-toc-page-1 ez-toc-heading-level-2'><a class=\"ez-toc-link ez-toc-heading-14\" href=\"https:\/\/flashmode.tn\/magazine\/qui-est-vraiment-laurent-macron-decouvrez-son-parcours-academique-remarquable-et-sa-relation-avec-emmanuel-macron\/#Conclusion_Comprendre_la_fortune_et_le_parcours_dEmmanuel_Macron\" >Conclusion: Comprendre la fortune et le parcours d&rsquo;Emmanuel Macron<\/a><\/li><\/ul><\/nav><\/div>\n<h2 class=\"wp-block-heading\" id=\"h-le-parcours-academique-remarquable-de-laurent-macron\"><span class=\"ez-toc-section\" id=\"Le_parcours_academique_remarquable_de_Laurent_Macron\"><\/span>Le parcours acad\u00e9mique remarquable de Laurent Macron<span class=\"ez-toc-section-end\"><\/span><\/h2>\n\n\n\n<p>Avant de plonger dans les d\u00e9tails de la vie de Laurent Macron, un personnage qui semble susciter de l&rsquo;int\u00e9r\u00eat, il convient de clarifier un point : il semblerait qu&rsquo;il y ait une confusion avec Emmanuel Macron, l&rsquo;actuel pr\u00e9sident de la R\u00e9publique Fran\u00e7aise. Cependant, pour satisfaire la curiosit\u00e9 soulev\u00e9e par cette \u00e9quivoque, explorons d&rsquo;abord les dipl\u00f4mes d&rsquo;Emmanuel Macron, qui, bien qu&rsquo;ils ne soient pas directement li\u00e9s \u00e0 Laurent, sont remarquables.<\/p>\n\n\n\n<h3 class=\"wp-block-heading\" id=\"h-des-debuts-prometteurs\"><span class=\"ez-toc-section\" id=\"Des_debuts_prometteurs\"><\/span>Des d\u00e9buts prometteurs<span class=\"ez-toc-section-end\"><\/span><\/h3>\n\n\n\n<p>Emmanuel Macron a brillamment obtenu son <strong>baccalaur\u00e9at scientifique<\/strong> avec la mention \u00ab\u00a0tr\u00e8s bien\u00a0\u00bb en 1995. Cette performance acad\u00e9mique pr\u00e9coce \u00e9tait un indicateur de son intelligence et de sa d\u00e9termination, caract\u00e9ristiques qui le suivront tout au long de son parcours.<\/p>\n\n\n\n<h3 class=\"wp-block-heading\" id=\"h-la-voie-de-l-excellence\"><span class=\"ez-toc-section\" id=\"La_voie_de_lexcellence\"><\/span>La voie de l&rsquo;excellence<span class=\"ez-toc-section-end\"><\/span><\/h3>\n\n\n\n<p>Admis en <strong>hypokh\u00e2gne et kh\u00e2gne B\/L<\/strong> au prestigieux lyc\u00e9e Henri-IV, Emmanuel Macron s&rsquo;est pr\u00e9par\u00e9 pour l&rsquo;un des concours les plus comp\u00e9titifs de France. Malgr\u00e9 deux tentatives infructueuses \u00e0 l&rsquo;\u00e9crit du concours de l&rsquo;<strong>\u00c9cole normale sup\u00e9rieure (ENS)<\/strong>, il ne s&rsquo;est pas d\u00e9courag\u00e9 et a continu\u00e9 \u00e0 poursuivre l&rsquo;excellence.<\/p>\n\n\n\n<h3 class=\"wp-block-heading\" id=\"h-la-formation-en-sciences-politiques\"><span class=\"ez-toc-section\" id=\"La_formation_en_sciences_politiques\"><\/span>La formation en sciences politiques<span class=\"ez-toc-section-end\"><\/span><\/h3>\n\n\n\n<p>En 1998, il int\u00e8gre l&rsquo;<strong>Institut d&rsquo;\u00e9tudes politiques de Paris<\/strong>, une institution renomm\u00e9e formant les esprits les plus brillants de la nation dans le domaine des sciences politiques. Ce choix de formation a sans doute \u00e9t\u00e9 un pivot d\u00e9cisif dans la carri\u00e8re politique qu&rsquo;il embrassera plus tard.<\/p>\n\n\n\n<h2 class=\"wp-block-heading\" id=\"h-la-fortune-d-emmanuel-macron-un-sujet-de-speculation\"><span class=\"ez-toc-section\" id=\"La_fortune_dEmmanuel_Macron_un_sujet_de_speculation\"><\/span>La fortune d&rsquo;Emmanuel Macron, un sujet de sp\u00e9culation<span class=\"ez-toc-section-end\"><\/span><\/h2>\n\n\n\n<h3 class=\"wp-block-heading\" id=\"h-combien-vaut-un-president\"><span class=\"ez-toc-section\" id=\"Combien_vaut_un_president\"><\/span>Combien vaut un pr\u00e9sident?<span class=\"ez-toc-section-end\"><\/span><\/h3>\n\n\n\n<p>La fortune d&rsquo;Emmanuel Macron a \u00e9t\u00e9 \u00e9valu\u00e9e \u00e0 <strong>522 576,20\u20ac sans passif<\/strong>. Cette somme, bien que consid\u00e9rable pour un citoyen moyen, est relativement modeste lorsqu&rsquo;on la compare \u00e0 celle des grands patrons ou des c\u00e9l\u00e9brit\u00e9s. Si l&rsquo;on prend en compte son pr\u00eat, la fortune nette du pr\u00e9sident descend \u00e0 <strong>400 060,86\u20ac<\/strong>.<\/p>\n\n\n\n<h3 class=\"wp-block-heading\" id=\"h-les-comparaisons-inevitables\"><span class=\"ez-toc-section\" id=\"Les_comparaisons_inevitables\"><\/span>Les comparaisons in\u00e9vitables<span class=\"ez-toc-section-end\"><\/span><\/h3>\n\n\n\n<p>Compar\u00e9 \u00e0 des figures comme Bernard Arnault, PDG de LVMH et l&rsquo;une des personnes les plus riches du monde, ou m\u00eame \u00e0 des c\u00e9l\u00e9brit\u00e9s comme Michel Drucker, dont la fortune d\u00e9passe les <strong>11 millions d&rsquo;euros<\/strong>, le patrimoine d&rsquo;Emmanuel Macron semble peu significatif. Cela dit, il est int\u00e9ressant de noter qu&rsquo;Emmanuel Macron est souvent surnomm\u00e9 le \u00ab\u00a0pr\u00e9sident des riches\u00a0\u00bb, une \u00e9tiquette li\u00e9e \u00e0 des d\u00e9cisions politiques telles que la suppression de l&rsquo;imp\u00f4t de solidarit\u00e9 sur la fortune (ISF).<\/p>\n\n\n\n<h2 class=\"wp-block-heading\" id=\"h-la-retraite-de-brigitte-macron-et-les-perceptions-publiques\"><span class=\"ez-toc-section\" id=\"La_retraite_de_Brigitte_Macron_et_les_perceptions_publiques\"><\/span>La retraite de Brigitte Macron et les perceptions publiques<span class=\"ez-toc-section-end\"><\/span><\/h2>\n\n\n\n<h3 class=\"wp-block-heading\" id=\"h-brigitte-macron-une-premiere-dame-engagee\"><span class=\"ez-toc-section\" id=\"Brigitte_Macron_une_premiere_dame_engagee\"><\/span>Brigitte Macron, une premi\u00e8re dame engag\u00e9e<span class=\"ez-toc-section-end\"><\/span><\/h3>\n\n\n\n<p>Bien que les informations sur la retraite de Brigitte Macron ne soient pas disponibles dans cet article, il est reconnu publiquement que la premi\u00e8re dame joue un r\u00f4le actif \u00e0 c\u00f4t\u00e9 de son mari, participant \u00e0 diverses initiatives sociales et \u00e9ducatives. Son influence, combin\u00e9e \u00e0 celle d&rsquo;Emmanuel Macron, fa\u00e7onne l&rsquo;image du couple pr\u00e9sidentiel.<\/p>\n\n\n\n<h3 class=\"wp-block-heading\" id=\"h-l-education-d-emmanuel-macron-une-affaire-de-classe\"><span class=\"ez-toc-section\" id=\"Leducation_dEmmanuel_Macron_une_affaire_de_classe\"><\/span>L&rsquo;\u00e9ducation d&rsquo;Emmanuel Macron, une affaire de classe<span class=\"ez-toc-section-end\"><\/span><\/h3>\n\n\n\n<p>Il est anecdotique de mentionner que durant l&rsquo;ann\u00e9e scolaire 1992-1993, Emmanuel Macron \u00e9tait \u00e9l\u00e8ve de seconde dans la m\u00eame classe que la fille de l&rsquo;auteur de cet article. Cette proximit\u00e9 avec le futur pr\u00e9sident permet de t\u00e9moigner de l&rsquo;\u00e9volution d&rsquo;un homme qui a toujours \u00e9t\u00e9 destin\u00e9 \u00e0 de grandes responsabilit\u00e9s.<\/p>\n\n\n\n<h2 class=\"wp-block-heading\" id=\"h-investissements-et-utilisations-de-la-fortune\"><span class=\"ez-toc-section\" id=\"Investissements_et_utilisations_de_la_fortune\"><\/span>Investissements et utilisations de la fortune<span class=\"ez-toc-section-end\"><\/span><\/h2>\n\n\n\n<h3 class=\"wp-block-heading\" id=\"h-que-font-les-jeunes-gagnants-avec-leur-argent\"><span class=\"ez-toc-section\" id=\"Que_font_les_jeunes_gagnants_avec_leur_argent\"><\/span>Que font les jeunes gagnants avec leur argent?<span class=\"ez-toc-section-end\"><\/span><\/h3>\n\n\n\n<p>Ars\u00e8ne, un jeune homme de 23 ans, nous donne un aper\u00e7u de ce que les jeunes peuvent faire avec des gains significatifs. Apr\u00e8s avoir remport\u00e9 une somme importante, il a d\u00e9cid\u00e9 d&rsquo;investir dans ses \u00e9tudes et de mettre fin \u00e0 ses \u00e9tudes d&rsquo;Histoire. Cela montre une prise de d\u00e9cision r\u00e9fl\u00e9chie et un investissement dans l&rsquo;avenir, des qualit\u00e9s admirables chez les jeunes adultes.<\/p>\n\n\n\n<h3 class=\"wp-block-heading\" id=\"h-le-succes-financier-de-michel-drucker\"><span class=\"ez-toc-section\" id=\"Le_succes_financier_de_Michel_Drucker\"><\/span>Le succ\u00e8s financier de Michel Drucker<span class=\"ez-toc-section-end\"><\/span><\/h3>\n\n\n\n<p>En ce qui concerne le patrimoine des personnalit\u00e9s m\u00e9diatiques, Michel Drucker est un exemple \u00e9loquent. Son activit\u00e9 a g\u00e9n\u00e9r\u00e9 <strong>18,6 % de profit<\/strong>, lui permettant de se verser en 2017 l&rsquo;\u00e9quivalent de <strong>1,4 million d&rsquo;euros<\/strong> de dividende. Ces chiffres illustrent l&rsquo;impact financier que peut avoir une carri\u00e8re r\u00e9ussie dans les m\u00e9dias.<\/p>\n\n\n\n<h2 class=\"wp-block-heading\" id=\"h-conclusion-comprendre-la-fortune-et-le-parcours-d-emmanuel-macron\"><span class=\"ez-toc-section\" id=\"Conclusion_Comprendre_la_fortune_et_le_parcours_dEmmanuel_Macron\"><\/span>Conclusion: Comprendre la fortune et le parcours d&rsquo;Emmanuel Macron<span class=\"ez-toc-section-end\"><\/span><\/h2>\n\n\n\n<p>En r\u00e9sum\u00e9, la trajectoire d&rsquo;Emmanuel Macron, tant sur le plan acad\u00e9mique que financier, est l&rsquo;histoire d&rsquo;un homme qui, \u00e0 travers son \u00e9ducation et sa carri\u00e8re, a su gravir les \u00e9chelons pour atteindre la plus haute fonction de l&rsquo;\u00c9tat. Sa fortune, en d\u00e9pit des critiques, reste relativement modeste en comparaison avec celles des grands noms de l&rsquo;industrie et des m\u00e9dias. Les investissements de jeunes gagnants comme Ars\u00e8ne et la r\u00e9ussite financi\u00e8re de c\u00e9l\u00e9brit\u00e9s comme Michel Drucker offrent des perspectives vari\u00e9es sur la gestion des finances personnelles et la valeur d&rsquo;une carri\u00e8re r\u00e9ussie.<\/p>\n\n\n\n<hr class=\"wp-block-separator has-alpha-channel-opacity\"\/>\n\n\n\n<p><strong>Q: Qui va remplacer Macron en 2027 ?<\/strong><br><br>R: Les pr\u00e9tendants pour \u00eatre l&rsquo;h\u00e9ritier d&rsquo;Emmanuel Macron en 2027 sont G\u00e9rald Darmanin, Bruno Le Maire, Gabriel Attal, Ya\u00ebl Braun-Pivet, Fran\u00e7ois Bayrou et Jean Castex.<\/p>\n\n\n\n<p><strong>Q: Quelles sont les langues parl\u00e9es par Macron ?<\/strong><br><br>R: Emmanuel Macron parle plusieurs langues.<\/p>\n","protected":false},"excerpt":{"rendered":"<p>D\u00e9couvrez les myst\u00e8res entourant Laurent Macron, le fr\u00e8re m\u00e9connu d&rsquo;Emmanuel Macron, dans cet article captivant ! Entre parcours acad\u00e9mique remarquable, fortune sujette \u00e0 sp\u00e9culation et retraite de Brigitte Macron, plongez dans l&rsquo;univers fascinant de la famille Macron. Explorez les investissements et les utilisations de la fortune, et comprenez enfin les secrets qui entourent Laurent Macron. [&hellip;]<\/p>\n","protected":false},"author":8,"featured_media":160497,"comment_status":"open","ping_status":"open","sticky":false,"template":"","format":"standard","meta":{"tdm_status":"","tdm_grid_status":"","_jetpack_memberships_contains_paid_content":false,"footnotes":"","jetpack_publicize_message":"","jetpack_publicize_feature_enabled":true,"jetpack_social_post_already_shared":false,"jetpack_social_options":{"image_generator_settings":{"template":"highway","default_image_id":0,"font":"","enabled":false},"version":2}},"categories":[78],"tags":[],"class_list":["post-104962","post","type-post","status-publish","format-standard","has-post-thumbnail","hentry","category-culture"],"yoast_head":"<!-- This site is optimized with the Yoast SEO Premium plugin v25.0 (Yoast SEO v25.0) - https:\/\/yoast.com\/wordpress\/plugins\/seo\/ -->\n<title>Qui est vraiment Laurent Macron ? D\u00e9couvrez son parcours acad\u00e9mique remarquable et sa relation avec Emmanuel Macron - Flashmode Magazine | Magazine de mode et style de vie Num\u00e9ro un en Tunisie et au Maghreb<\/title>\n<meta name=\"description\" content=\"D\u00e9couvrez les myst\u00e8res entourant Laurent Macron, le fr\u00e8re m\u00e9connu d&#039;Emmanuel Macron, dans cet article captivant ! Entre parcours acad\u00e9mique remarquable,\" \/>\n<meta name=\"robots\" content=\"index, follow, max-snippet:-1, max-image-preview:large, max-video-preview:-1\" \/>\n<link rel=\"canonical\" href=\"https:\/\/flashmode.tn\/magazine\/qui-est-vraiment-laurent-macron-decouvrez-son-parcours-academique-remarquable-et-sa-relation-avec-emmanuel-macron\/\" \/>\n<meta property=\"og:locale\" content=\"fr_FR\" \/>\n<meta property=\"og:type\" content=\"article\" \/>\n<meta property=\"og:title\" content=\"Qui est vraiment Laurent Macron ? D\u00e9couvrez son parcours acad\u00e9mique remarquable et sa relation avec Emmanuel Macron - Flashmode Magazine | Magazine de mode et style de vie Num\u00e9ro un en Tunisie et au Maghreb\" \/>\n<meta property=\"og:description\" content=\"D\u00e9couvrez les myst\u00e8res entourant Laurent Macron, le fr\u00e8re m\u00e9connu d&#039;Emmanuel Macron, dans cet article captivant ! Entre parcours acad\u00e9mique remarquable,\" \/>\n<meta property=\"og:url\" content=\"https:\/\/flashmode.tn\/magazine\/qui-est-vraiment-laurent-macron-decouvrez-son-parcours-academique-remarquable-et-sa-relation-avec-emmanuel-macron\/\" \/>\n<meta property=\"og:site_name\" content=\"Flashmode Magazine | Magazine de mode et style de vie Num\u00e9ro un en Tunisie et au Maghreb\" \/>\n<meta property=\"article:publisher\" content=\"https:\/\/www.facebook.com\/flashmode.magazine\/\" \/>\n<meta property=\"article:published_time\" content=\"2024-03-12T01:58:20+00:00\" \/>\n<meta property=\"article:modified_time\" content=\"2024-03-29T10:09:48+00:00\" \/>\n<meta property=\"og:image\" content=\"https:\/\/flashmode.tn\/magazine\/wp-content\/uploads\/2024\/03\/Qui-est-vraiment-Laurent-Macron-Decouvrez-son-parcours-academique-remarquable-et-sa-relation-avec-Emmanuel-Macron.png\" \/>\n\t<meta property=\"og:image:width\" content=\"1640\" \/>\n\t<meta property=\"og:image:height\" content=\"924\" \/>\n\t<meta property=\"og:image:type\" content=\"image\/png\" \/>\n<meta name=\"author\" content=\"The Daileigh\" \/>\n<meta name=\"twitter:card\" content=\"summary_large_image\" \/>\n<meta name=\"twitter:creator\" content=\"@agenceflashmode\" \/>\n<meta name=\"twitter:site\" content=\"@agenceflashmode\" \/>\n<meta name=\"twitter:label1\" content=\"\u00c9crit par\" \/>\n\t<meta name=\"twitter:data1\" content=\"The Daileigh\" \/>\n\t<meta name=\"twitter:label2\" content=\"Dur\u00e9e de lecture estim\u00e9e\" \/>\n\t<meta name=\"twitter:data2\" content=\"5 minutes\" \/>\n<script type=\"application\/ld+json\" class=\"yoast-schema-graph\">{\"@context\":\"https:\/\/schema.org\",\"@graph\":[{\"@type\":\"WebPage\",\"@id\":\"https:\/\/flashmode.tn\/magazine\/qui-est-vraiment-laurent-macron-decouvrez-son-parcours-academique-remarquable-et-sa-relation-avec-emmanuel-macron\/\",\"url\":\"https:\/\/flashmode.tn\/magazine\/qui-est-vraiment-laurent-macron-decouvrez-son-parcours-academique-remarquable-et-sa-relation-avec-emmanuel-macron\/\",\"name\":\"Qui est vraiment Laurent Macron ? D\u00e9couvrez son parcours acad\u00e9mique remarquable et sa relation avec Emmanuel Macron - Flashmode Magazine | Magazine de mode et style de vie Num\u00e9ro un en Tunisie et au Maghreb\",\"isPartOf\":{\"@id\":\"https:\/\/flashmode.tn\/magazine\/#website\"},\"primaryImageOfPage\":{\"@id\":\"https:\/\/flashmode.tn\/magazine\/qui-est-vraiment-laurent-macron-decouvrez-son-parcours-academique-remarquable-et-sa-relation-avec-emmanuel-macron\/#primaryimage\"},\"image\":{\"@id\":\"https:\/\/flashmode.tn\/magazine\/qui-est-vraiment-laurent-macron-decouvrez-son-parcours-academique-remarquable-et-sa-relation-avec-emmanuel-macron\/#primaryimage\"},\"thumbnailUrl\":\"https:\/\/i0.wp.com\/flashmode.tn\/magazine\/wp-content\/uploads\/2024\/03\/Qui-est-vraiment-Laurent-Macron-Decouvrez-son-parcours-academique-remarquable-et-sa-relation-avec-Emmanuel-Macron.png?fit=1640%2C924&ssl=1\",\"datePublished\":\"2024-03-12T01:58:20+00:00\",\"dateModified\":\"2024-03-29T10:09:48+00:00\",\"author\":{\"@id\":\"https:\/\/flashmode.tn\/magazine\/#\/schema\/person\/79940f8af94166a445dd5bd6b3137682\"},\"description\":\"D\u00e9couvrez les myst\u00e8res entourant Laurent Macron, le fr\u00e8re m\u00e9connu d'Emmanuel Macron, dans cet article captivant ! Entre parcours acad\u00e9mique remarquable,\",\"breadcrumb\":{\"@id\":\"https:\/\/flashmode.tn\/magazine\/qui-est-vraiment-laurent-macron-decouvrez-son-parcours-academique-remarquable-et-sa-relation-avec-emmanuel-macron\/#breadcrumb\"},\"inLanguage\":\"fr-FR\",\"potentialAction\":[{\"@type\":\"ReadAction\",\"target\":[\"https:\/\/flashmode.tn\/magazine\/qui-est-vraiment-laurent-macron-decouvrez-son-parcours-academique-remarquable-et-sa-relation-avec-emmanuel-macron\/\"]}]},{\"@type\":\"ImageObject\",\"inLanguage\":\"fr-FR\",\"@id\":\"https:\/\/flashmode.tn\/magazine\/qui-est-vraiment-laurent-macron-decouvrez-son-parcours-academique-remarquable-et-sa-relation-avec-emmanuel-macron\/#primaryimage\",\"url\":\"https:\/\/i0.wp.com\/flashmode.tn\/magazine\/wp-content\/uploads\/2024\/03\/Qui-est-vraiment-Laurent-Macron-Decouvrez-son-parcours-academique-remarquable-et-sa-relation-avec-Emmanuel-Macron.png?fit=1640%2C924&ssl=1\",\"contentUrl\":\"https:\/\/i0.wp.com\/flashmode.tn\/magazine\/wp-content\/uploads\/2024\/03\/Qui-est-vraiment-Laurent-Macron-Decouvrez-son-parcours-academique-remarquable-et-sa-relation-avec-Emmanuel-Macron.png?fit=1640%2C924&ssl=1\",\"width\":1640,\"height\":924,\"caption\":\"Qui est vraiment Laurent Macron ? D\u00e9couvrez son parcours acad\u00e9mique remarquable et sa relation avec Emmanuel Macron\"},{\"@type\":\"BreadcrumbList\",\"@id\":\"https:\/\/flashmode.tn\/magazine\/qui-est-vraiment-laurent-macron-decouvrez-son-parcours-academique-remarquable-et-sa-relation-avec-emmanuel-macron\/#breadcrumb\",\"itemListElement\":[{\"@type\":\"ListItem\",\"position\":1,\"name\":\"Accueil\",\"item\":\"https:\/\/flashmode.tn\/magazine\/\"},{\"@type\":\"ListItem\",\"position\":2,\"name\":\"Qui est vraiment Laurent Macron ? D\u00e9couvrez son parcours acad\u00e9mique remarquable et sa relation avec Emmanuel Macron\"}]},{\"@type\":\"WebSite\",\"@id\":\"https:\/\/flashmode.tn\/magazine\/#website\",\"url\":\"https:\/\/flashmode.tn\/magazine\/\",\"name\":\"Flashmode Magazine | Magazine de mode et style de vie Num\u00e9ro un en Tunisie et au Maghreb\",\"description\":\"Magazine de mode et style de vie Num\u00e9ro un en Tunisie et au Maghreb, cr\u00e9\u00e9 pour les hommes et les femmes : conseils beaut\u00e9, mode femme, mode homme, recettes de cuisine, c\u00e9l\u00e9brit\u00e9s et people, mannequins et top modeles\",\"potentialAction\":[{\"@type\":\"SearchAction\",\"target\":{\"@type\":\"EntryPoint\",\"urlTemplate\":\"https:\/\/flashmode.tn\/magazine\/?s={search_term_string}\"},\"query-input\":{\"@type\":\"PropertyValueSpecification\",\"valueRequired\":true,\"valueName\":\"search_term_string\"}}],\"inLanguage\":\"fr-FR\"},{\"@type\":\"Person\",\"@id\":\"https:\/\/flashmode.tn\/magazine\/#\/schema\/person\/79940f8af94166a445dd5bd6b3137682\",\"name\":\"The Daileigh\",\"image\":{\"@type\":\"ImageObject\",\"inLanguage\":\"fr-FR\",\"@id\":\"https:\/\/flashmode.tn\/magazine\/#\/schema\/person\/image\/\",\"url\":\"https:\/\/secure.gravatar.com\/avatar\/30d4d60865d61de3434abd01cb8b4ec5e5b5eb5a274017461832a54857b1770d?s=96&d=mm&r=g\",\"contentUrl\":\"https:\/\/secure.gravatar.com\/avatar\/30d4d60865d61de3434abd01cb8b4ec5e5b5eb5a274017461832a54857b1770d?s=96&d=mm&r=g\",\"caption\":\"The Daileigh\"},\"url\":\"https:\/\/flashmode.tn\/magazine\/author\/the-daileigh\/\"}]}<\/script>\n<!-- \/ Yoast SEO Premium plugin. -->","yoast_head_json":{"title":"Qui est vraiment Laurent Macron ? D\u00e9couvrez son parcours acad\u00e9mique remarquable et sa relation avec Emmanuel Macron - Flashmode Magazine | Magazine de mode et style de vie Num\u00e9ro un en Tunisie et au Maghreb","description":"D\u00e9couvrez les myst\u00e8res entourant Laurent Macron, le fr\u00e8re m\u00e9connu d'Emmanuel Macron, dans cet article captivant ! Entre parcours acad\u00e9mique remarquable,","robots":{"index":"index","follow":"follow","max-snippet":"max-snippet:-1","max-image-preview":"max-image-preview:large","max-video-preview":"max-video-preview:-1"},"canonical":"https:\/\/flashmode.tn\/magazine\/qui-est-vraiment-laurent-macron-decouvrez-son-parcours-academique-remarquable-et-sa-relation-avec-emmanuel-macron\/","og_locale":"fr_FR","og_type":"article","og_title":"Qui est vraiment Laurent Macron ? D\u00e9couvrez son parcours acad\u00e9mique remarquable et sa relation avec Emmanuel Macron - Flashmode Magazine | Magazine de mode et style de vie Num\u00e9ro un en Tunisie et au Maghreb","og_description":"D\u00e9couvrez les myst\u00e8res entourant Laurent Macron, le fr\u00e8re m\u00e9connu d'Emmanuel Macron, dans cet article captivant ! Entre parcours acad\u00e9mique remarquable,","og_url":"https:\/\/flashmode.tn\/magazine\/qui-est-vraiment-laurent-macron-decouvrez-son-parcours-academique-remarquable-et-sa-relation-avec-emmanuel-macron\/","og_site_name":"Flashmode Magazine | Magazine de mode et style de vie Num\u00e9ro un en Tunisie et au Maghreb","article_publisher":"https:\/\/www.facebook.com\/flashmode.magazine\/","article_published_time":"2024-03-12T01:58:20+00:00","article_modified_time":"2024-03-29T10:09:48+00:00","og_image":[{"width":1640,"height":924,"url":"https:\/\/flashmode.tn\/magazine\/wp-content\/uploads\/2024\/03\/Qui-est-vraiment-Laurent-Macron-Decouvrez-son-parcours-academique-remarquable-et-sa-relation-avec-Emmanuel-Macron.png","type":"image\/png"}],"author":"The Daileigh","twitter_card":"summary_large_image","twitter_creator":"@agenceflashmode","twitter_site":"@agenceflashmode","twitter_misc":{"\u00c9crit par":"The Daileigh","Dur\u00e9e de lecture estim\u00e9e":"5 minutes"},"schema":{"@context":"https:\/\/schema.org","@graph":[{"@type":"WebPage","@id":"https:\/\/flashmode.tn\/magazine\/qui-est-vraiment-laurent-macron-decouvrez-son-parcours-academique-remarquable-et-sa-relation-avec-emmanuel-macron\/","url":"https:\/\/flashmode.tn\/magazine\/qui-est-vraiment-laurent-macron-decouvrez-son-parcours-academique-remarquable-et-sa-relation-avec-emmanuel-macron\/","name":"Qui est vraiment Laurent Macron ? D\u00e9couvrez son parcours acad\u00e9mique remarquable et sa relation avec Emmanuel Macron - Flashmode Magazine | Magazine de mode et style de vie Num\u00e9ro un en Tunisie et au Maghreb","isPartOf":{"@id":"https:\/\/flashmode.tn\/magazine\/#website"},"primaryImageOfPage":{"@id":"https:\/\/flashmode.tn\/magazine\/qui-est-vraiment-laurent-macron-decouvrez-son-parcours-academique-remarquable-et-sa-relation-avec-emmanuel-macron\/#primaryimage"},"image":{"@id":"https:\/\/flashmode.tn\/magazine\/qui-est-vraiment-laurent-macron-decouvrez-son-parcours-academique-remarquable-et-sa-relation-avec-emmanuel-macron\/#primaryimage"},"thumbnailUrl":"https:\/\/i0.wp.com\/flashmode.tn\/magazine\/wp-content\/uploads\/2024\/03\/Qui-est-vraiment-Laurent-Macron-Decouvrez-son-parcours-academique-remarquable-et-sa-relation-avec-Emmanuel-Macron.png?fit=1640%2C924&ssl=1","datePublished":"2024-03-12T01:58:20+00:00","dateModified":"2024-03-29T10:09:48+00:00","author":{"@id":"https:\/\/flashmode.tn\/magazine\/#\/schema\/person\/79940f8af94166a445dd5bd6b3137682"},"description":"D\u00e9couvrez les myst\u00e8res entourant Laurent Macron, le fr\u00e8re m\u00e9connu d'Emmanuel Macron, dans cet article captivant ! Entre parcours acad\u00e9mique remarquable,","breadcrumb":{"@id":"https:\/\/flashmode.tn\/magazine\/qui-est-vraiment-laurent-macron-decouvrez-son-parcours-academique-remarquable-et-sa-relation-avec-emmanuel-macron\/#breadcrumb"},"inLanguage":"fr-FR","potentialAction":[{"@type":"ReadAction","target":["https:\/\/flashmode.tn\/magazine\/qui-est-vraiment-laurent-macron-decouvrez-son-parcours-academique-remarquable-et-sa-relation-avec-emmanuel-macron\/"]}]},{"@type":"ImageObject","inLanguage":"fr-FR","@id":"https:\/\/flashmode.tn\/magazine\/qui-est-vraiment-laurent-macron-decouvrez-son-parcours-academique-remarquable-et-sa-relation-avec-emmanuel-macron\/#primaryimage","url":"https:\/\/i0.wp.com\/flashmode.tn\/magazine\/wp-content\/uploads\/2024\/03\/Qui-est-vraiment-Laurent-Macron-Decouvrez-son-parcours-academique-remarquable-et-sa-relation-avec-Emmanuel-Macron.png?fit=1640%2C924&ssl=1","contentUrl":"https:\/\/i0.wp.com\/flashmode.tn\/magazine\/wp-content\/uploads\/2024\/03\/Qui-est-vraiment-Laurent-Macron-Decouvrez-son-parcours-academique-remarquable-et-sa-relation-avec-Emmanuel-Macron.png?fit=1640%2C924&ssl=1","width":1640,"height":924,"caption":"Qui est vraiment Laurent Macron ? D\u00e9couvrez son parcours acad\u00e9mique remarquable et sa relation avec Emmanuel Macron"},{"@type":"BreadcrumbList","@id":"https:\/\/flashmode.tn\/magazine\/qui-est-vraiment-laurent-macron-decouvrez-son-parcours-academique-remarquable-et-sa-relation-avec-emmanuel-macron\/#breadcrumb","itemListElement":[{"@type":"ListItem","position":1,"name":"Accueil","item":"https:\/\/flashmode.tn\/magazine\/"},{"@type":"ListItem","position":2,"name":"Qui est vraiment Laurent Macron ? D\u00e9couvrez son parcours acad\u00e9mique remarquable et sa relation avec Emmanuel Macron"}]},{"@type":"WebSite","@id":"https:\/\/flashmode.tn\/magazine\/#website","url":"https:\/\/flashmode.tn\/magazine\/","name":"Flashmode Magazine | Magazine de mode et style de vie Num\u00e9ro un en Tunisie et au Maghreb","description":"Magazine de mode et style de vie Num\u00e9ro un en Tunisie et au Maghreb, cr\u00e9\u00e9 pour les hommes et les femmes : conseils beaut\u00e9, mode femme, mode homme, recettes de cuisine, c\u00e9l\u00e9brit\u00e9s et people, mannequins et top modeles","potentialAction":[{"@type":"SearchAction","target":{"@type":"EntryPoint","urlTemplate":"https:\/\/flashmode.tn\/magazine\/?s={search_term_string}"},"query-input":{"@type":"PropertyValueSpecification","valueRequired":true,"valueName":"search_term_string"}}],"inLanguage":"fr-FR"},{"@type":"Person","@id":"https:\/\/flashmode.tn\/magazine\/#\/schema\/person\/79940f8af94166a445dd5bd6b3137682","name":"The Daileigh","image":{"@type":"ImageObject","inLanguage":"fr-FR","@id":"https:\/\/flashmode.tn\/magazine\/#\/schema\/person\/image\/","url":"https:\/\/secure.gravatar.com\/avatar\/30d4d60865d61de3434abd01cb8b4ec5e5b5eb5a274017461832a54857b1770d?s=96&d=mm&r=g","contentUrl":"https:\/\/secure.gravatar.com\/avatar\/30d4d60865d61de3434abd01cb8b4ec5e5b5eb5a274017461832a54857b1770d?s=96&d=mm&r=g","caption":"The Daileigh"},"url":"https:\/\/flashmode.tn\/magazine\/author\/the-daileigh\/"}]}},"jetpack_publicize_connections":[],"jetpack_featured_media_url":"https:\/\/i0.wp.com\/flashmode.tn\/magazine\/wp-content\/uploads\/2024\/03\/Qui-est-vraiment-Laurent-Macron-Decouvrez-son-parcours-academique-remarquable-et-sa-relation-avec-Emmanuel-Macron.png?fit=1640%2C924&ssl=1","jetpack_shortlink":"https:\/\/wp.me\/p8BPGr-riW","jetpack_sharing_enabled":true,"_links":{"self":[{"href":"https:\/\/flashmode.tn\/magazine\/wp-json\/wp\/v2\/posts\/104962","targetHints":{"allow":["GET"]}}],"collection":[{"href":"https:\/\/flashmode.tn\/magazine\/wp-json\/wp\/v2\/posts"}],"about":[{"href":"https:\/\/flashmode.tn\/magazine\/wp-json\/wp\/v2\/types\/post"}],"author":[{"embeddable":true,"href":"https:\/\/flashmode.tn\/magazine\/wp-json\/wp\/v2\/users\/8"}],"replies":[{"embeddable":true,"href":"https:\/\/flashmode.tn\/magazine\/wp-json\/wp\/v2\/comments?post=104962"}],"version-history":[{"count":2,"href":"https:\/\/flashmode.tn\/magazine\/wp-json\/wp\/v2\/posts\/104962\/revisions"}],"predecessor-version":[{"id":160498,"href":"https:\/\/flashmode.tn\/magazine\/wp-json\/wp\/v2\/posts\/104962\/revisions\/160498"}],"wp:featuredmedia":[{"embeddable":true,"href":"https:\/\/flashmode.tn\/magazine\/wp-json\/wp\/v2\/media\/160497"}],"wp:attachment":[{"href":"https:\/\/flashmode.tn\/magazine\/wp-json\/wp\/v2\/media?parent=104962"}],"wp:term":[{"taxonomy":"category","embeddable":true,"href":"https:\/\/flashmode.tn\/magazine\/wp-json\/wp\/v2\/categories?post=104962"},{"taxonomy":"post_tag","embeddable":true,"href":"https:\/\/flashmode.tn\/magazine\/wp-json\/wp\/v2\/tags?post=104962"}],"curies":[{"name":"wp","href":"https:\/\/api.w.org\/{rel}","templated":true}]}}