{"id":105006,"date":"2024-03-12T02:58:34","date_gmt":"2024-03-12T01:58:34","guid":{"rendered":"https:\/\/flashmode.tn\/magazine\/inca-pagny-comment-florent-pagny-a-t-il-surmonte-le-cancer-du-poumon\/"},"modified":"2024-03-30T08:45:09","modified_gmt":"2024-03-30T07:45:09","slug":"inca-pagny-comment-florent-pagny-a-t-il-surmonte-le-cancer-du-poumon","status":"publish","type":"post","link":"https:\/\/flashmode.tn\/magazine\/inca-pagny-comment-florent-pagny-a-t-il-surmonte-le-cancer-du-poumon\/","title":{"rendered":"Inca Pagny : Comment Florent Pagny a-t-il surmont\u00e9 le cancer du poumon ?"},"content":{"rendered":"\n<p>Inca Pagny, un nom qui r\u00e9sonne comme un cri de victoire face \u00e0 l&rsquo;adversit\u00e9. Dans cet article, nous plongerons dans le parcours exceptionnel de Florent Pagny, l&rsquo;artiste fran\u00e7ais embl\u00e9matique, qui a su conjuguer sa carri\u00e8re artistique avec une lutte courageuse contre le cancer du poumon. Entre moments de doute, soutien ind\u00e9fectible et projets futurs, d\u00e9couvrons ensemble comment Inca Pagny a su transformer l&rsquo;\u00e9preuve en une le\u00e7on de vie inspirante. Pr\u00e9parez-vous \u00e0 \u00eatre captiv\u00e9 par cette histoire hors du commun !<\/p>\n\n\n\n<div id=\"ez-toc-container\" class=\"ez-toc-v2_0_81 counter-hierarchy ez-toc-counter ez-toc-grey ez-toc-container-direction\">\n<div class=\"ez-toc-title-container\">\n<p class=\"ez-toc-title\" style=\"cursor:inherit\">Contenus de la page<\/p>\n<span class=\"ez-toc-title-toggle\"><a href=\"#\" class=\"ez-toc-pull-right ez-toc-btn ez-toc-btn-xs ez-toc-btn-default ez-toc-toggle\" aria-label=\"Toggle Table of Content\"><span class=\"ez-toc-js-icon-con\"><span class=\"\"><span class=\"eztoc-hide\" style=\"display:none;\">Toggle<\/span><span class=\"ez-toc-icon-toggle-span\"><svg style=\"fill: #999;color:#999\" xmlns=\"http:\/\/www.w3.org\/2000\/svg\" class=\"list-377408\" width=\"20px\" height=\"20px\" viewBox=\"0 0 24 24\" fill=\"none\"><path d=\"M6 6H4v2h2V6zm14 0H8v2h12V6zM4 11h2v2H4v-2zm16 0H8v2h12v-2zM4 16h2v2H4v-2zm16 0H8v2h12v-2z\" fill=\"currentColor\"><\/path><\/svg><svg style=\"fill: #999;color:#999\" class=\"arrow-unsorted-368013\" xmlns=\"http:\/\/www.w3.org\/2000\/svg\" width=\"10px\" height=\"10px\" viewBox=\"0 0 24 24\" version=\"1.2\" baseProfile=\"tiny\"><path d=\"M18.2 9.3l-6.2-6.3-6.2 6.3c-.2.2-.3.4-.3.7s.1.5.3.7c.2.2.4.3.7.3h11c.3 0 .5-.1.7-.3.2-.2.3-.5.3-.7s-.1-.5-.3-.7zM5.8 14.7l6.2 6.3 6.2-6.3c.2-.2.3-.5.3-.7s-.1-.5-.3-.7c-.2-.2-.4-.3-.7-.3h-11c-.3 0-.5.1-.7.3-.2.2-.3.5-.3.7s.1.5.3.7z\"\/><\/svg><\/span><\/span><\/span><\/a><\/span><\/div>\n<nav><ul class='ez-toc-list ez-toc-list-level-1 ' ><li class='ez-toc-page-1 ez-toc-heading-level-2'><a class=\"ez-toc-link ez-toc-heading-1\" href=\"https:\/\/flashmode.tn\/magazine\/inca-pagny-comment-florent-pagny-a-t-il-surmonte-le-cancer-du-poumon\/#Le_parcours_de_Florent_Pagny_face_au_cancer_du_poumon\" >Le parcours de Florent Pagny face au cancer du poumon<\/a><ul class='ez-toc-list-level-3' ><li class='ez-toc-heading-level-3'><a class=\"ez-toc-link ez-toc-heading-2\" href=\"https:\/\/flashmode.tn\/magazine\/inca-pagny-comment-florent-pagny-a-t-il-surmonte-le-cancer-du-poumon\/#La_remission_une_lueur_despoir\" >La r\u00e9mission, une lueur d&rsquo;espoir<\/a><\/li><li class='ez-toc-page-1 ez-toc-heading-level-3'><a class=\"ez-toc-link ez-toc-heading-3\" href=\"https:\/\/flashmode.tn\/magazine\/inca-pagny-comment-florent-pagny-a-t-il-surmonte-le-cancer-du-poumon\/#La_recidive_une_epreuve_renouvelee\" >La r\u00e9cidive, une \u00e9preuve renouvel\u00e9e<\/a><\/li><\/ul><\/li><li class='ez-toc-page-1 ez-toc-heading-level-2'><a class=\"ez-toc-link ez-toc-heading-4\" href=\"https:\/\/flashmode.tn\/magazine\/inca-pagny-comment-florent-pagny-a-t-il-surmonte-le-cancer-du-poumon\/#Florent_Pagny_entre_parcours_artistique_et_lutte_contre_la_maladie\" >Florent Pagny, entre parcours artistique et lutte contre la maladie<\/a><ul class='ez-toc-list-level-3' ><li class='ez-toc-heading-level-3'><a class=\"ez-toc-link ez-toc-heading-5\" href=\"https:\/\/flashmode.tn\/magazine\/inca-pagny-comment-florent-pagny-a-t-il-surmonte-le-cancer-du-poumon\/#Limpact_de_la_maladie_sur_sa_carriere\" >L&rsquo;impact de la maladie sur sa carri\u00e8re<\/a><\/li><li class='ez-toc-page-1 ez-toc-heading-level-3'><a class=\"ez-toc-link ez-toc-heading-6\" href=\"https:\/\/flashmode.tn\/magazine\/inca-pagny-comment-florent-pagny-a-t-il-surmonte-le-cancer-du-poumon\/#Une_resolution_forte_arreter_de_fanfaronner\" >Une r\u00e9solution forte : arr\u00eater de fanfaronner<\/a><\/li><\/ul><\/li><li class='ez-toc-page-1 ez-toc-heading-level-2'><a class=\"ez-toc-link ez-toc-heading-7\" href=\"https:\/\/flashmode.tn\/magazine\/inca-pagny-comment-florent-pagny-a-t-il-surmonte-le-cancer-du-poumon\/#La_vie_de_famille_de_Florent_Pagny\" >La vie de famille de Florent Pagny<\/a><ul class='ez-toc-list-level-3' ><li class='ez-toc-heading-level-3'><a class=\"ez-toc-link ez-toc-heading-8\" href=\"https:\/\/flashmode.tn\/magazine\/inca-pagny-comment-florent-pagny-a-t-il-surmonte-le-cancer-du-poumon\/#Une_famille_soudee_malgre_les_epreuves\" >Une famille soud\u00e9e malgr\u00e9 les \u00e9preuves<\/a><\/li><li class='ez-toc-page-1 ez-toc-heading-level-3'><a class=\"ez-toc-link ez-toc-heading-9\" href=\"https:\/\/flashmode.tn\/magazine\/inca-pagny-comment-florent-pagny-a-t-il-surmonte-le-cancer-du-poumon\/#Un_cadre_de_vie_international\" >Un cadre de vie international<\/a><\/li><\/ul><\/li><li class='ez-toc-page-1 ez-toc-heading-level-2'><a class=\"ez-toc-link ez-toc-heading-10\" href=\"https:\/\/flashmode.tn\/magazine\/inca-pagny-comment-florent-pagny-a-t-il-surmonte-le-cancer-du-poumon\/#Le_soutien_du_public_et_des_proches\" >Le soutien du public et des proches<\/a><ul class='ez-toc-list-level-3' ><li class='ez-toc-heading-level-3'><a class=\"ez-toc-link ez-toc-heading-11\" href=\"https:\/\/flashmode.tn\/magazine\/inca-pagny-comment-florent-pagny-a-t-il-surmonte-le-cancer-du-poumon\/#Des_fans_engages_a_ses_cotes\" >Des fans engag\u00e9s \u00e0 ses c\u00f4t\u00e9s<\/a><\/li><li class='ez-toc-page-1 ez-toc-heading-level-3'><a class=\"ez-toc-link ez-toc-heading-12\" href=\"https:\/\/flashmode.tn\/magazine\/inca-pagny-comment-florent-pagny-a-t-il-surmonte-le-cancer-du-poumon\/#Le_role_crucial_des_proches\" >Le r\u00f4le crucial des proches<\/a><\/li><\/ul><\/li><li class='ez-toc-page-1 ez-toc-heading-level-2'><a class=\"ez-toc-link ez-toc-heading-13\" href=\"https:\/\/flashmode.tn\/magazine\/inca-pagny-comment-florent-pagny-a-t-il-surmonte-le-cancer-du-poumon\/#Lavenir_et_les_projets_de_Florent_Pagny\" >L&rsquo;avenir et les projets de Florent Pagny<\/a><ul class='ez-toc-list-level-3' ><li class='ez-toc-heading-level-3'><a class=\"ez-toc-link ez-toc-heading-14\" href=\"https:\/\/flashmode.tn\/magazine\/inca-pagny-comment-florent-pagny-a-t-il-surmonte-le-cancer-du-poumon\/#Une_determination_a_poursuivre_sa_passion\" >Une d\u00e9termination \u00e0 poursuivre sa passion<\/a><\/li><li class='ez-toc-page-1 ez-toc-heading-level-3'><a class=\"ez-toc-link ez-toc-heading-15\" href=\"https:\/\/flashmode.tn\/magazine\/inca-pagny-comment-florent-pagny-a-t-il-surmonte-le-cancer-du-poumon\/#Des_projets_adaptes_a_sa_condition\" >Des projets adapt\u00e9s \u00e0 sa condition<\/a><\/li><\/ul><\/li><li class='ez-toc-page-1 ez-toc-heading-level-2'><a class=\"ez-toc-link ez-toc-heading-16\" href=\"https:\/\/flashmode.tn\/magazine\/inca-pagny-comment-florent-pagny-a-t-il-surmonte-le-cancer-du-poumon\/#Conclusion_Une_lecon_de_vie\" >Conclusion : Une le\u00e7on de vie<\/a><\/li><\/ul><\/nav><\/div>\n<h2 class=\"wp-block-heading\" id=\"h-le-parcours-de-florent-pagny-face-au-cancer-du-poumon\"><span class=\"ez-toc-section\" id=\"Le_parcours_de_Florent_Pagny_face_au_cancer_du_poumon\"><\/span>Le parcours de Florent Pagny face au cancer du poumon<span class=\"ez-toc-section-end\"><\/span><\/h2>\n\n\n\n<p>En janvier 2022, la nouvelle tombait comme un couperet : Florent Pagny, l&rsquo;artiste \u00e0 la voix puissante et au parcours impressionnant, r\u00e9v\u00e9lait \u00eatre atteint d&rsquo;un cancer du poumon. Cette annonce a \u00e9mu et surpris de nombreux fans, mais l&rsquo;artiste a su faire preuve d&rsquo;une r\u00e9silience remarquable. Les mois qui ont suivi ont \u00e9t\u00e9 marqu\u00e9s par un combat acharn\u00e9 contre la maladie, ponctu\u00e9 de traitements et d&rsquo;incertitudes.<\/p>\n\n\n\n<h3 class=\"wp-block-heading\" id=\"h-la-remission-une-lueur-d-espoir\"><span class=\"ez-toc-section\" id=\"La_remission_une_lueur_despoir\"><\/span>La r\u00e9mission, une lueur d&rsquo;espoir<span class=\"ez-toc-section-end\"><\/span><\/h3>\n\n\n\n<p>Apr\u00e8s une s\u00e9rie de traitements, les derniers r\u00e9sultats m\u00e9dicaux de Florent Pagny ont apport\u00e9 une excellente nouvelle : sa r\u00e9mission. Cette information, vivement attendue par ses fans et proches, a \u00e9t\u00e9 un moment de joie et d&rsquo;espoir pour l&rsquo;artiste. Le soulagement \u00e9tait palpable, et la r\u00e9mission semblait annoncer un retour progressif \u00e0 une vie normale pour le chanteur.<\/p>\n\n\n\n<h3 class=\"wp-block-heading\" id=\"h-la-recidive-une-epreuve-renouvelee\"><span class=\"ez-toc-section\" id=\"La_recidive_une_epreuve_renouvelee\"><\/span>La r\u00e9cidive, une \u00e9preuve renouvel\u00e9e<span class=\"ez-toc-section-end\"><\/span><\/h3>\n\n\n\n<p>Cependant, la maladie est impr\u00e9visible, et en mars 2023, Florent Pagny a d\u00e9couvert une r\u00e9cidive de son cancer des poumons. Cette nouvelle \u00e9preuve a impos\u00e9 \u00e0 l&rsquo;artiste un retour au combat. Toutefois, l&rsquo;attitude r\u00e9solue et combative du chanteur face \u00e0 cette r\u00e9cidive t\u00e9moigne de son courage et de sa volont\u00e9 de continuer \u00e0 vivre pleinement malgr\u00e9 la maladie.<\/p>\n\n\n\n<h2 class=\"wp-block-heading\" id=\"h-florent-pagny-entre-parcours-artistique-et-lutte-contre-la-maladie\"><span class=\"ez-toc-section\" id=\"Florent_Pagny_entre_parcours_artistique_et_lutte_contre_la_maladie\"><\/span>Florent Pagny, entre parcours artistique et lutte contre la maladie<span class=\"ez-toc-section-end\"><\/span><\/h2>\n\n\n\n<h3 class=\"wp-block-heading\" id=\"h-l-impact-de-la-maladie-sur-sa-carriere\"><span class=\"ez-toc-section\" id=\"Limpact_de_la_maladie_sur_sa_carriere\"><\/span>L&rsquo;impact de la maladie sur sa carri\u00e8re<span class=\"ez-toc-section-end\"><\/span><\/h3>\n\n\n\n<p>Malgr\u00e9 le cancer, Florent Pagny n&rsquo;a jamais cess\u00e9 de faire de la musique et de se produire. Son m\u00e9tier, sa passion pour le chant et son engagement vis-\u00e0-vis de son public ont \u00e9t\u00e9 des moteurs essentiels dans sa lutte contre la maladie. En d\u00e9pit des traitements et de leur lourdeur, le chanteur de 61 ans a maintenu son d\u00e9sir d&rsquo;honorer ses engagements et de continuer \u00e0 partager sa passion avec son public.<\/p>\n\n\n\n<h3 class=\"wp-block-heading\" id=\"h-une-resolution-forte-arreter-de-fanfaronner\"><span class=\"ez-toc-section\" id=\"Une_resolution_forte_arreter_de_fanfaronner\"><\/span>Une r\u00e9solution forte : arr\u00eater de fanfaronner<span class=\"ez-toc-section-end\"><\/span><\/h3>\n\n\n\n<p>La d\u00e9couverte de la r\u00e9cidive a amen\u00e9 Florent Pagny \u00e0 prendre une r\u00e9solution significative : celle d&rsquo;arr\u00eater de fanfaronner. Cette d\u00e9marche introspective est sans doute le reflet d&rsquo;une prise de conscience profonde face \u00e0 la fragilit\u00e9 de l&rsquo;existence et la valeur des choses simples de la vie. Cette nouvelle approche de l&rsquo;existence a probablement influenc\u00e9 son rapport \u00e0 sa carri\u00e8re et \u00e0 ses proches.<\/p>\n\n\n\n<h2 class=\"wp-block-heading\" id=\"h-la-vie-de-famille-de-florent-pagny\"><span class=\"ez-toc-section\" id=\"La_vie_de_famille_de_Florent_Pagny\"><\/span>La vie de famille de Florent Pagny<span class=\"ez-toc-section-end\"><\/span><\/h2>\n\n\n\n<h3 class=\"wp-block-heading\" id=\"h-une-famille-soudee-malgre-les-epreuves\"><span class=\"ez-toc-section\" id=\"Une_famille_soudee_malgre_les_epreuves\"><\/span>Une famille soud\u00e9e malgr\u00e9 les \u00e9preuves<span class=\"ez-toc-section-end\"><\/span><\/h3>\n\n\n\n<p>La famille de Florent Pagny, avec qui il a c\u00e9l\u00e9br\u00e9 son mariage en 2006, a \u00e9t\u00e9 un pilier dans son parcours de vie, surtout face \u00e0 la maladie. Les liens familiaux et l&rsquo;affection partag\u00e9e ont certainement jou\u00e9 un r\u00f4le crucial dans sa capacit\u00e9 \u00e0 affronter et \u00e0 surmonter les moments difficiles. Son fils, t\u00e9moin de la r\u00e9silience de son p\u00e8re, est un soutien ind\u00e9niable dans ce combat de tous les instants.<\/p>\n\n\n\n<h3 class=\"wp-block-heading\" id=\"h-un-cadre-de-vie-international\"><span class=\"ez-toc-section\" id=\"Un_cadre_de_vie_international\"><\/span>Un cadre de vie international<span class=\"ez-toc-section-end\"><\/span><\/h3>\n\n\n\n<p>Partag\u00e9e entre la France, la Patagonie et un temps pass\u00e9 \u00e0 Miami, la famille de Florent Pagny a connu un environnement international, riche en exp\u00e9riences et en d\u00e9couvertes. Cette diversit\u00e9 de cadre de vie peut \u00eatre per\u00e7ue comme une source d&rsquo;inspiration et de force pour l&rsquo;artiste, mais \u00e9galement comme un refuge, un lieu de ressourcement face aux d\u00e9fis de la vie.<\/p>\n\n\n\n<h2 class=\"wp-block-heading\" id=\"h-le-soutien-du-public-et-des-proches\"><span class=\"ez-toc-section\" id=\"Le_soutien_du_public_et_des_proches\"><\/span>Le soutien du public et des proches<span class=\"ez-toc-section-end\"><\/span><\/h2>\n\n\n\n<h3 class=\"wp-block-heading\" id=\"h-des-fans-engages-a-ses-cotes\"><span class=\"ez-toc-section\" id=\"Des_fans_engages_a_ses_cotes\"><\/span>Des fans engag\u00e9s \u00e0 ses c\u00f4t\u00e9s<span class=\"ez-toc-section-end\"><\/span><\/h3>\n\n\n\n<p>Le soutien du public a \u00e9t\u00e9 sans faille depuis l&rsquo;annonce de la maladie de Florent Pagny. Les fans ont exprim\u00e9 leur affection et leur solidarit\u00e9 \u00e0 travers de nombreux messages et manifestations de soutien. Cette vague d&rsquo;amour a sans aucun doute contribu\u00e9 \u00e0 donner de la force \u00e0 l&rsquo;artiste dans les moments de doute et de faiblesse.<\/p>\n\n\n\n<h3 class=\"wp-block-heading\" id=\"h-le-role-crucial-des-proches\"><span class=\"ez-toc-section\" id=\"Le_role_crucial_des_proches\"><\/span>Le r\u00f4le crucial des proches<span class=\"ez-toc-section-end\"><\/span><\/h3>\n\n\n\n<p>Les proches de Florent Pagny, famille, amis et collaborateurs, ont \u00e9galement jou\u00e9 un r\u00f4le essentiel. Leur pr\u00e9sence, leur \u00e9coute et leur soutien ont \u00e9t\u00e9 des atouts pr\u00e9cieux pour l&rsquo;artiste, lui permettant de garder le moral et l&rsquo;\u00e9nergie n\u00e9cessaires pour lutter contre la maladie et envisager l&rsquo;avenir avec espoir.<\/p>\n\n\n\n<h2 class=\"wp-block-heading\" id=\"h-l-avenir-et-les-projets-de-florent-pagny\"><span class=\"ez-toc-section\" id=\"Lavenir_et_les_projets_de_Florent_Pagny\"><\/span>L&rsquo;avenir et les projets de Florent Pagny<span class=\"ez-toc-section-end\"><\/span><\/h2>\n\n\n\n<h3 class=\"wp-block-heading\" id=\"h-une-determination-a-poursuivre-sa-passion\"><span class=\"ez-toc-section\" id=\"Une_determination_a_poursuivre_sa_passion\"><\/span>Une d\u00e9termination \u00e0 poursuivre sa passion<span class=\"ez-toc-section-end\"><\/span><\/h3>\n\n\n\n<p>Malgr\u00e9 la r\u00e9cidive de son cancer, Florent Pagny affiche une d\u00e9termination sans faille \u00e0 poursuivre sa carri\u00e8re artistique. Son amour pour la musique et son d\u00e9sir de partager son art restent intacts, t\u00e9moignant de son incroyable force de caract\u00e8re et de sa capacit\u00e9 \u00e0 transformer les \u00e9preuves en sources de motivation.<\/p>\n\n\n\n<h3 class=\"wp-block-heading\" id=\"h-des-projets-adaptes-a-sa-condition\"><span class=\"ez-toc-section\" id=\"Des_projets_adaptes_a_sa_condition\"><\/span>Des projets adapt\u00e9s \u00e0 sa condition<span class=\"ez-toc-section-end\"><\/span><\/h3>\n\n\n\n<p>Conscient des limites que la maladie peut imposer, Florent Pagny adapte d\u00e9sormais ses projets \u00e0 sa condition physique. Cette adaptation lui permet de continuer \u00e0 cr\u00e9er, tout en prenant soin de sa sant\u00e9 et en respectant les imp\u00e9ratifs de son traitement. C&rsquo;est une preuve de sa sagesse et de son engagement envers lui-m\u00eame et son public.<\/p>\n\n\n\n<h2 class=\"wp-block-heading\" id=\"h-conclusion-une-lecon-de-vie\"><span class=\"ez-toc-section\" id=\"Conclusion_Une_lecon_de_vie\"><\/span>Conclusion : Une le\u00e7on de vie<span class=\"ez-toc-section-end\"><\/span><\/h2>\n\n\n\n<p>Le parcours de Florent Pagny face \u00e0 la maladie est une v\u00e9ritable le\u00e7on de vie. Sa capacit\u00e9 \u00e0 faire face aux obstacles, \u00e0 rester positif et \u00e0 tirer le meilleur de chaque situation est une source d&rsquo;inspiration. Son combat contre le cancer du poumon n&rsquo;est pas seulement celui d&rsquo;un artiste, mais celui d&rsquo;un homme qui, avec courage et humilit\u00e9, continue de tracer son chemin, entour\u00e9 de l&rsquo;amour des siens et du respect de son public.<\/p>\n\n\n\n<hr class=\"wp-block-separator has-alpha-channel-opacity\"\/>\n\n\n\n<p><strong>Quand est-ce que Florent Pagny reviendra-t-il ?<\/strong><br>Florent Pagny reviendra en 2026 pour la tourn\u00e9e de ses 65 ans.<\/p>\n\n\n\n<p><strong>Quel est le projet de Florent Pagny pour cette tourn\u00e9e ?<\/strong><br>Florent Pagny a l&rsquo;ambition de sortir un nouveau disque pour cette future tourn\u00e9e.<\/p>\n\n\n\n<p><strong>Depuis combien de temps Florent Pagny lutte-t-il contre la maladie ?<\/strong><br>Florent Pagny lutte contre la maladie depuis plus d&rsquo;un an et demi.<\/p>\n\n\n\n<p><strong>Quelle maladie a-t-il combattue ?<\/strong><br>Florent Pagny a combattu une tumeur inop\u00e9rable dans son poumon. Apr\u00e8s des s\u00e9ances de chimioth\u00e9rapie et de radioth\u00e9rapie, il est en r\u00e9mission.<\/p>\n","protected":false},"excerpt":{"rendered":"<p>Inca Pagny, un nom qui r\u00e9sonne comme un cri de victoire face \u00e0 l&rsquo;adversit\u00e9. Dans cet article, nous plongerons dans le parcours exceptionnel de Florent Pagny, l&rsquo;artiste fran\u00e7ais embl\u00e9matique, qui a su conjuguer sa carri\u00e8re artistique avec une lutte courageuse contre le cancer du poumon. Entre moments de doute, soutien ind\u00e9fectible et projets futurs, d\u00e9couvrons [&hellip;]<\/p>\n","protected":false},"author":8,"featured_media":160653,"comment_status":"open","ping_status":"open","sticky":false,"template":"","format":"standard","meta":{"tdm_status":"","tdm_grid_status":"","_jetpack_memberships_contains_paid_content":false,"footnotes":"","jetpack_publicize_message":"","jetpack_publicize_feature_enabled":true,"jetpack_social_post_already_shared":false,"jetpack_social_options":{"image_generator_settings":{"template":"highway","default_image_id":0,"font":"","enabled":false},"version":2}},"categories":[78],"tags":[],"class_list":["post-105006","post","type-post","status-publish","format-standard","has-post-thumbnail","hentry","category-culture"],"yoast_head":"<!-- This site is optimized with the Yoast SEO Premium plugin v25.0 (Yoast SEO v25.0) - https:\/\/yoast.com\/wordpress\/plugins\/seo\/ -->\n<title>Inca Pagny : Comment Florent Pagny a-t-il surmont\u00e9 le cancer du poumon ? - Flashmode Magazine | Magazine de mode et style de vie Num\u00e9ro un en Tunisie et au Maghreb<\/title>\n<meta name=\"description\" content=\"Inca Pagny, un nom qui r\u00e9sonne comme un cri de victoire face \u00e0 l&#039;adversit\u00e9. Dans cet article, nous plongerons dans le parcours exceptionnel de Florent\" \/>\n<meta name=\"robots\" content=\"index, follow, max-snippet:-1, max-image-preview:large, max-video-preview:-1\" \/>\n<link rel=\"canonical\" href=\"https:\/\/flashmode.tn\/magazine\/inca-pagny-comment-florent-pagny-a-t-il-surmonte-le-cancer-du-poumon\/\" \/>\n<meta property=\"og:locale\" content=\"fr_FR\" \/>\n<meta property=\"og:type\" content=\"article\" \/>\n<meta property=\"og:title\" content=\"Inca Pagny : Comment Florent Pagny a-t-il surmont\u00e9 le cancer du poumon ? - Flashmode Magazine | Magazine de mode et style de vie Num\u00e9ro un en Tunisie et au Maghreb\" \/>\n<meta property=\"og:description\" content=\"Inca Pagny, un nom qui r\u00e9sonne comme un cri de victoire face \u00e0 l&#039;adversit\u00e9. Dans cet article, nous plongerons dans le parcours exceptionnel de Florent\" \/>\n<meta property=\"og:url\" content=\"https:\/\/flashmode.tn\/magazine\/inca-pagny-comment-florent-pagny-a-t-il-surmonte-le-cancer-du-poumon\/\" \/>\n<meta property=\"og:site_name\" content=\"Flashmode Magazine | Magazine de mode et style de vie Num\u00e9ro un en Tunisie et au Maghreb\" \/>\n<meta property=\"article:publisher\" content=\"https:\/\/www.facebook.com\/flashmode.magazine\/\" \/>\n<meta property=\"article:published_time\" content=\"2024-03-12T01:58:34+00:00\" \/>\n<meta property=\"article:modified_time\" content=\"2024-03-30T07:45:09+00:00\" \/>\n<meta property=\"og:image\" content=\"https:\/\/flashmode.tn\/magazine\/wp-content\/uploads\/2024\/03\/Inca-Pagny-Comment-Florent-Pagny-a-t-il-surmonte-le-cancer-du-poumon-.png\" \/>\n\t<meta property=\"og:image:width\" content=\"1640\" \/>\n\t<meta property=\"og:image:height\" content=\"924\" \/>\n\t<meta property=\"og:image:type\" content=\"image\/png\" \/>\n<meta name=\"author\" content=\"The Daileigh\" \/>\n<meta name=\"twitter:card\" content=\"summary_large_image\" \/>\n<meta name=\"twitter:creator\" content=\"@agenceflashmode\" \/>\n<meta name=\"twitter:site\" content=\"@agenceflashmode\" \/>\n<meta name=\"twitter:label1\" content=\"\u00c9crit par\" \/>\n\t<meta name=\"twitter:data1\" content=\"The Daileigh\" \/>\n\t<meta name=\"twitter:label2\" content=\"Dur\u00e9e de lecture estim\u00e9e\" \/>\n\t<meta name=\"twitter:data2\" content=\"5 minutes\" \/>\n<script type=\"application\/ld+json\" class=\"yoast-schema-graph\">{\"@context\":\"https:\/\/schema.org\",\"@graph\":[{\"@type\":\"WebPage\",\"@id\":\"https:\/\/flashmode.tn\/magazine\/inca-pagny-comment-florent-pagny-a-t-il-surmonte-le-cancer-du-poumon\/\",\"url\":\"https:\/\/flashmode.tn\/magazine\/inca-pagny-comment-florent-pagny-a-t-il-surmonte-le-cancer-du-poumon\/\",\"name\":\"Inca Pagny : Comment Florent Pagny a-t-il surmont\u00e9 le cancer du poumon ? - Flashmode Magazine | Magazine de mode et style de vie Num\u00e9ro un en Tunisie et au Maghreb\",\"isPartOf\":{\"@id\":\"https:\/\/flashmode.tn\/magazine\/#website\"},\"primaryImageOfPage\":{\"@id\":\"https:\/\/flashmode.tn\/magazine\/inca-pagny-comment-florent-pagny-a-t-il-surmonte-le-cancer-du-poumon\/#primaryimage\"},\"image\":{\"@id\":\"https:\/\/flashmode.tn\/magazine\/inca-pagny-comment-florent-pagny-a-t-il-surmonte-le-cancer-du-poumon\/#primaryimage\"},\"thumbnailUrl\":\"https:\/\/i0.wp.com\/flashmode.tn\/magazine\/wp-content\/uploads\/2024\/03\/Inca-Pagny-Comment-Florent-Pagny-a-t-il-surmonte-le-cancer-du-poumon-.png?fit=1640%2C924&ssl=1\",\"datePublished\":\"2024-03-12T01:58:34+00:00\",\"dateModified\":\"2024-03-30T07:45:09+00:00\",\"author\":{\"@id\":\"https:\/\/flashmode.tn\/magazine\/#\/schema\/person\/79940f8af94166a445dd5bd6b3137682\"},\"description\":\"Inca Pagny, un nom qui r\u00e9sonne comme un cri de victoire face \u00e0 l'adversit\u00e9. Dans cet article, nous plongerons dans le parcours exceptionnel de Florent\",\"breadcrumb\":{\"@id\":\"https:\/\/flashmode.tn\/magazine\/inca-pagny-comment-florent-pagny-a-t-il-surmonte-le-cancer-du-poumon\/#breadcrumb\"},\"inLanguage\":\"fr-FR\",\"potentialAction\":[{\"@type\":\"ReadAction\",\"target\":[\"https:\/\/flashmode.tn\/magazine\/inca-pagny-comment-florent-pagny-a-t-il-surmonte-le-cancer-du-poumon\/\"]}]},{\"@type\":\"ImageObject\",\"inLanguage\":\"fr-FR\",\"@id\":\"https:\/\/flashmode.tn\/magazine\/inca-pagny-comment-florent-pagny-a-t-il-surmonte-le-cancer-du-poumon\/#primaryimage\",\"url\":\"https:\/\/i0.wp.com\/flashmode.tn\/magazine\/wp-content\/uploads\/2024\/03\/Inca-Pagny-Comment-Florent-Pagny-a-t-il-surmonte-le-cancer-du-poumon-.png?fit=1640%2C924&ssl=1\",\"contentUrl\":\"https:\/\/i0.wp.com\/flashmode.tn\/magazine\/wp-content\/uploads\/2024\/03\/Inca-Pagny-Comment-Florent-Pagny-a-t-il-surmonte-le-cancer-du-poumon-.png?fit=1640%2C924&ssl=1\",\"width\":1640,\"height\":924,\"caption\":\"Inca Pagny : Comment Florent Pagny a-t-il surmont\u00e9 le cancer du poumon ?\"},{\"@type\":\"BreadcrumbList\",\"@id\":\"https:\/\/flashmode.tn\/magazine\/inca-pagny-comment-florent-pagny-a-t-il-surmonte-le-cancer-du-poumon\/#breadcrumb\",\"itemListElement\":[{\"@type\":\"ListItem\",\"position\":1,\"name\":\"Accueil\",\"item\":\"https:\/\/flashmode.tn\/magazine\/\"},{\"@type\":\"ListItem\",\"position\":2,\"name\":\"Inca Pagny : Comment Florent Pagny a-t-il surmont\u00e9 le cancer du poumon ?\"}]},{\"@type\":\"WebSite\",\"@id\":\"https:\/\/flashmode.tn\/magazine\/#website\",\"url\":\"https:\/\/flashmode.tn\/magazine\/\",\"name\":\"Flashmode Magazine | Magazine de mode et style de vie Num\u00e9ro un en Tunisie et au Maghreb\",\"description\":\"Magazine de mode et style de vie Num\u00e9ro un en Tunisie et au Maghreb, cr\u00e9\u00e9 pour les hommes et les femmes : conseils beaut\u00e9, mode femme, mode homme, recettes de cuisine, c\u00e9l\u00e9brit\u00e9s et people, mannequins et top modeles\",\"potentialAction\":[{\"@type\":\"SearchAction\",\"target\":{\"@type\":\"EntryPoint\",\"urlTemplate\":\"https:\/\/flashmode.tn\/magazine\/?s={search_term_string}\"},\"query-input\":{\"@type\":\"PropertyValueSpecification\",\"valueRequired\":true,\"valueName\":\"search_term_string\"}}],\"inLanguage\":\"fr-FR\"},{\"@type\":\"Person\",\"@id\":\"https:\/\/flashmode.tn\/magazine\/#\/schema\/person\/79940f8af94166a445dd5bd6b3137682\",\"name\":\"The Daileigh\",\"image\":{\"@type\":\"ImageObject\",\"inLanguage\":\"fr-FR\",\"@id\":\"https:\/\/flashmode.tn\/magazine\/#\/schema\/person\/image\/\",\"url\":\"https:\/\/secure.gravatar.com\/avatar\/30d4d60865d61de3434abd01cb8b4ec5e5b5eb5a274017461832a54857b1770d?s=96&d=mm&r=g\",\"contentUrl\":\"https:\/\/secure.gravatar.com\/avatar\/30d4d60865d61de3434abd01cb8b4ec5e5b5eb5a274017461832a54857b1770d?s=96&d=mm&r=g\",\"caption\":\"The Daileigh\"},\"url\":\"https:\/\/flashmode.tn\/magazine\/author\/the-daileigh\/\"}]}<\/script>\n<!-- \/ Yoast SEO Premium plugin. -->","yoast_head_json":{"title":"Inca Pagny : Comment Florent Pagny a-t-il surmont\u00e9 le cancer du poumon ? - Flashmode Magazine | Magazine de mode et style de vie Num\u00e9ro un en Tunisie et au Maghreb","description":"Inca Pagny, un nom qui r\u00e9sonne comme un cri de victoire face \u00e0 l'adversit\u00e9. Dans cet article, nous plongerons dans le parcours exceptionnel de Florent","robots":{"index":"index","follow":"follow","max-snippet":"max-snippet:-1","max-image-preview":"max-image-preview:large","max-video-preview":"max-video-preview:-1"},"canonical":"https:\/\/flashmode.tn\/magazine\/inca-pagny-comment-florent-pagny-a-t-il-surmonte-le-cancer-du-poumon\/","og_locale":"fr_FR","og_type":"article","og_title":"Inca Pagny : Comment Florent Pagny a-t-il surmont\u00e9 le cancer du poumon ? - Flashmode Magazine | Magazine de mode et style de vie Num\u00e9ro un en Tunisie et au Maghreb","og_description":"Inca Pagny, un nom qui r\u00e9sonne comme un cri de victoire face \u00e0 l'adversit\u00e9. Dans cet article, nous plongerons dans le parcours exceptionnel de Florent","og_url":"https:\/\/flashmode.tn\/magazine\/inca-pagny-comment-florent-pagny-a-t-il-surmonte-le-cancer-du-poumon\/","og_site_name":"Flashmode Magazine | Magazine de mode et style de vie Num\u00e9ro un en Tunisie et au Maghreb","article_publisher":"https:\/\/www.facebook.com\/flashmode.magazine\/","article_published_time":"2024-03-12T01:58:34+00:00","article_modified_time":"2024-03-30T07:45:09+00:00","og_image":[{"width":1640,"height":924,"url":"https:\/\/flashmode.tn\/magazine\/wp-content\/uploads\/2024\/03\/Inca-Pagny-Comment-Florent-Pagny-a-t-il-surmonte-le-cancer-du-poumon-.png","type":"image\/png"}],"author":"The Daileigh","twitter_card":"summary_large_image","twitter_creator":"@agenceflashmode","twitter_site":"@agenceflashmode","twitter_misc":{"\u00c9crit par":"The Daileigh","Dur\u00e9e de lecture estim\u00e9e":"5 minutes"},"schema":{"@context":"https:\/\/schema.org","@graph":[{"@type":"WebPage","@id":"https:\/\/flashmode.tn\/magazine\/inca-pagny-comment-florent-pagny-a-t-il-surmonte-le-cancer-du-poumon\/","url":"https:\/\/flashmode.tn\/magazine\/inca-pagny-comment-florent-pagny-a-t-il-surmonte-le-cancer-du-poumon\/","name":"Inca Pagny : Comment Florent Pagny a-t-il surmont\u00e9 le cancer du poumon ? - Flashmode Magazine | Magazine de mode et style de vie Num\u00e9ro un en Tunisie et au Maghreb","isPartOf":{"@id":"https:\/\/flashmode.tn\/magazine\/#website"},"primaryImageOfPage":{"@id":"https:\/\/flashmode.tn\/magazine\/inca-pagny-comment-florent-pagny-a-t-il-surmonte-le-cancer-du-poumon\/#primaryimage"},"image":{"@id":"https:\/\/flashmode.tn\/magazine\/inca-pagny-comment-florent-pagny-a-t-il-surmonte-le-cancer-du-poumon\/#primaryimage"},"thumbnailUrl":"https:\/\/i0.wp.com\/flashmode.tn\/magazine\/wp-content\/uploads\/2024\/03\/Inca-Pagny-Comment-Florent-Pagny-a-t-il-surmonte-le-cancer-du-poumon-.png?fit=1640%2C924&ssl=1","datePublished":"2024-03-12T01:58:34+00:00","dateModified":"2024-03-30T07:45:09+00:00","author":{"@id":"https:\/\/flashmode.tn\/magazine\/#\/schema\/person\/79940f8af94166a445dd5bd6b3137682"},"description":"Inca Pagny, un nom qui r\u00e9sonne comme un cri de victoire face \u00e0 l'adversit\u00e9. Dans cet article, nous plongerons dans le parcours exceptionnel de Florent","breadcrumb":{"@id":"https:\/\/flashmode.tn\/magazine\/inca-pagny-comment-florent-pagny-a-t-il-surmonte-le-cancer-du-poumon\/#breadcrumb"},"inLanguage":"fr-FR","potentialAction":[{"@type":"ReadAction","target":["https:\/\/flashmode.tn\/magazine\/inca-pagny-comment-florent-pagny-a-t-il-surmonte-le-cancer-du-poumon\/"]}]},{"@type":"ImageObject","inLanguage":"fr-FR","@id":"https:\/\/flashmode.tn\/magazine\/inca-pagny-comment-florent-pagny-a-t-il-surmonte-le-cancer-du-poumon\/#primaryimage","url":"https:\/\/i0.wp.com\/flashmode.tn\/magazine\/wp-content\/uploads\/2024\/03\/Inca-Pagny-Comment-Florent-Pagny-a-t-il-surmonte-le-cancer-du-poumon-.png?fit=1640%2C924&ssl=1","contentUrl":"https:\/\/i0.wp.com\/flashmode.tn\/magazine\/wp-content\/uploads\/2024\/03\/Inca-Pagny-Comment-Florent-Pagny-a-t-il-surmonte-le-cancer-du-poumon-.png?fit=1640%2C924&ssl=1","width":1640,"height":924,"caption":"Inca Pagny : Comment Florent Pagny a-t-il surmont\u00e9 le cancer du poumon ?"},{"@type":"BreadcrumbList","@id":"https:\/\/flashmode.tn\/magazine\/inca-pagny-comment-florent-pagny-a-t-il-surmonte-le-cancer-du-poumon\/#breadcrumb","itemListElement":[{"@type":"ListItem","position":1,"name":"Accueil","item":"https:\/\/flashmode.tn\/magazine\/"},{"@type":"ListItem","position":2,"name":"Inca Pagny : Comment Florent Pagny a-t-il surmont\u00e9 le cancer du poumon ?"}]},{"@type":"WebSite","@id":"https:\/\/flashmode.tn\/magazine\/#website","url":"https:\/\/flashmode.tn\/magazine\/","name":"Flashmode Magazine | Magazine de mode et style de vie Num\u00e9ro un en Tunisie et au Maghreb","description":"Magazine de mode et style de vie Num\u00e9ro un en Tunisie et au Maghreb, cr\u00e9\u00e9 pour les hommes et les femmes : conseils beaut\u00e9, mode femme, mode homme, recettes de cuisine, c\u00e9l\u00e9brit\u00e9s et people, mannequins et top modeles","potentialAction":[{"@type":"SearchAction","target":{"@type":"EntryPoint","urlTemplate":"https:\/\/flashmode.tn\/magazine\/?s={search_term_string}"},"query-input":{"@type":"PropertyValueSpecification","valueRequired":true,"valueName":"search_term_string"}}],"inLanguage":"fr-FR"},{"@type":"Person","@id":"https:\/\/flashmode.tn\/magazine\/#\/schema\/person\/79940f8af94166a445dd5bd6b3137682","name":"The Daileigh","image":{"@type":"ImageObject","inLanguage":"fr-FR","@id":"https:\/\/flashmode.tn\/magazine\/#\/schema\/person\/image\/","url":"https:\/\/secure.gravatar.com\/avatar\/30d4d60865d61de3434abd01cb8b4ec5e5b5eb5a274017461832a54857b1770d?s=96&d=mm&r=g","contentUrl":"https:\/\/secure.gravatar.com\/avatar\/30d4d60865d61de3434abd01cb8b4ec5e5b5eb5a274017461832a54857b1770d?s=96&d=mm&r=g","caption":"The Daileigh"},"url":"https:\/\/flashmode.tn\/magazine\/author\/the-daileigh\/"}]}},"jetpack_publicize_connections":[],"jetpack_featured_media_url":"https:\/\/i0.wp.com\/flashmode.tn\/magazine\/wp-content\/uploads\/2024\/03\/Inca-Pagny-Comment-Florent-Pagny-a-t-il-surmonte-le-cancer-du-poumon-.png?fit=1640%2C924&ssl=1","jetpack_shortlink":"https:\/\/wp.me\/p8BPGr-rjE","jetpack_sharing_enabled":true,"_links":{"self":[{"href":"https:\/\/flashmode.tn\/magazine\/wp-json\/wp\/v2\/posts\/105006","targetHints":{"allow":["GET"]}}],"collection":[{"href":"https:\/\/flashmode.tn\/magazine\/wp-json\/wp\/v2\/posts"}],"about":[{"href":"https:\/\/flashmode.tn\/magazine\/wp-json\/wp\/v2\/types\/post"}],"author":[{"embeddable":true,"href":"https:\/\/flashmode.tn\/magazine\/wp-json\/wp\/v2\/users\/8"}],"replies":[{"embeddable":true,"href":"https:\/\/flashmode.tn\/magazine\/wp-json\/wp\/v2\/comments?post=105006"}],"version-history":[{"count":2,"href":"https:\/\/flashmode.tn\/magazine\/wp-json\/wp\/v2\/posts\/105006\/revisions"}],"predecessor-version":[{"id":160654,"href":"https:\/\/flashmode.tn\/magazine\/wp-json\/wp\/v2\/posts\/105006\/revisions\/160654"}],"wp:featuredmedia":[{"embeddable":true,"href":"https:\/\/flashmode.tn\/magazine\/wp-json\/wp\/v2\/media\/160653"}],"wp:attachment":[{"href":"https:\/\/flashmode.tn\/magazine\/wp-json\/wp\/v2\/media?parent=105006"}],"wp:term":[{"taxonomy":"category","embeddable":true,"href":"https:\/\/flashmode.tn\/magazine\/wp-json\/wp\/v2\/categories?post=105006"},{"taxonomy":"post_tag","embeddable":true,"href":"https:\/\/flashmode.tn\/magazine\/wp-json\/wp\/v2\/tags?post=105006"}],"curies":[{"name":"wp","href":"https:\/\/api.w.org\/{rel}","templated":true}]}}