{"id":105076,"date":"2024-03-12T02:59:00","date_gmt":"2024-03-12T01:59:00","guid":{"rendered":"https:\/\/flashmode.tn\/magazine\/nicholas-van-varenberg-un-champion-du-cinema-ou-de-la-vie\/"},"modified":"2024-04-01T09:48:53","modified_gmt":"2024-04-01T07:48:53","slug":"nicholas-van-varenberg-un-champion-du-cinema-ou-de-la-vie","status":"publish","type":"post","link":"https:\/\/flashmode.tn\/magazine\/nicholas-van-varenberg-un-champion-du-cinema-ou-de-la-vie\/","title":{"rendered":"Nicholas Van Varenberg : Un Champion du Cin\u00e9ma ou de la Vie ?"},"content":{"rendered":"\n<p>D\u00e9couvrez le destin extraordinaire d&rsquo;un nom qui r\u00e9sonne dans le monde du cin\u00e9ma : Nicholas Van Varenberg. Derri\u00e8re ce nom se cache bien plus qu&rsquo;un simple h\u00e9ritage familial. Ce jeune homme talentueux a su se forger un chemin unique et captivant sur les \u00e9crans du monde entier. Prenez place et plongez dans l&rsquo;histoire fascinante de cet acteur prometteur, qui a h\u00e9rit\u00e9 du talent de son p\u00e8re, Jean-Claude Van Damme. Attachez vos ceintures, car cette aventure cin\u00e9matographique ne manquera pas de vous surprendre !<\/p>\n\n\n\n<div id=\"ez-toc-container\" class=\"ez-toc-v2_0_81 counter-hierarchy ez-toc-counter ez-toc-grey ez-toc-container-direction\">\n<div class=\"ez-toc-title-container\">\n<p class=\"ez-toc-title\" style=\"cursor:inherit\">Contenus de la page<\/p>\n<span class=\"ez-toc-title-toggle\"><a href=\"#\" class=\"ez-toc-pull-right ez-toc-btn ez-toc-btn-xs ez-toc-btn-default ez-toc-toggle\" aria-label=\"Toggle Table of Content\"><span class=\"ez-toc-js-icon-con\"><span class=\"\"><span class=\"eztoc-hide\" style=\"display:none;\">Toggle<\/span><span class=\"ez-toc-icon-toggle-span\"><svg style=\"fill: #999;color:#999\" xmlns=\"http:\/\/www.w3.org\/2000\/svg\" class=\"list-377408\" width=\"20px\" height=\"20px\" viewBox=\"0 0 24 24\" fill=\"none\"><path d=\"M6 6H4v2h2V6zm14 0H8v2h12V6zM4 11h2v2H4v-2zm16 0H8v2h12v-2zM4 16h2v2H4v-2zm16 0H8v2h12v-2z\" fill=\"currentColor\"><\/path><\/svg><svg style=\"fill: #999;color:#999\" class=\"arrow-unsorted-368013\" xmlns=\"http:\/\/www.w3.org\/2000\/svg\" width=\"10px\" height=\"10px\" viewBox=\"0 0 24 24\" version=\"1.2\" baseProfile=\"tiny\"><path d=\"M18.2 9.3l-6.2-6.3-6.2 6.3c-.2.2-.3.4-.3.7s.1.5.3.7c.2.2.4.3.7.3h11c.3 0 .5-.1.7-.3.2-.2.3-.5.3-.7s-.1-.5-.3-.7zM5.8 14.7l6.2 6.3 6.2-6.3c.2-.2.3-.5.3-.7s-.1-.5-.3-.7c-.2-.2-.4-.3-.7-.3h-11c-.3 0-.5.1-.7.3-.2.2-.3.5-.3.7s.1.5.3.7z\"\/><\/svg><\/span><\/span><\/span><\/a><\/span><\/div>\n<nav><ul class='ez-toc-list ez-toc-list-level-1 ' ><li class='ez-toc-page-1 ez-toc-heading-level-2'><a class=\"ez-toc-link ez-toc-heading-1\" href=\"https:\/\/flashmode.tn\/magazine\/nicholas-van-varenberg-un-champion-du-cinema-ou-de-la-vie\/#Lascendance_dun_Champion_Nicholas_Van_Varenberg\" >L&rsquo;ascendance d&rsquo;un Champion : Nicholas Van Varenberg<\/a><ul class='ez-toc-list-level-3' ><li class='ez-toc-heading-level-3'><a class=\"ez-toc-link ez-toc-heading-2\" href=\"https:\/\/flashmode.tn\/magazine\/nicholas-van-varenberg-un-champion-du-cinema-ou-de-la-vie\/#Les_Freres_Van_Varenberg_Deux_Destins_Un_Nom\" >Les Fr\u00e8res Van Varenberg : Deux Destins, Un Nom<\/a><\/li><\/ul><\/li><li class='ez-toc-page-1 ez-toc-heading-level-2'><a class=\"ez-toc-link ez-toc-heading-3\" href=\"https:\/\/flashmode.tn\/magazine\/nicholas-van-varenberg-un-champion-du-cinema-ou-de-la-vie\/#Un_Patrimoine_Linguistique_et_Intellectuel\" >Un Patrimoine Linguistique et Intellectuel<\/a><ul class='ez-toc-list-level-3' ><li class='ez-toc-heading-level-3'><a class=\"ez-toc-link ez-toc-heading-4\" href=\"https:\/\/flashmode.tn\/magazine\/nicholas-van-varenberg-un-champion-du-cinema-ou-de-la-vie\/#La_Langue_Maternelle_dune_Icone\" >La Langue Maternelle d&rsquo;une Ic\u00f4ne<\/a><\/li><li class='ez-toc-page-1 ez-toc-heading-level-3'><a class=\"ez-toc-link ez-toc-heading-5\" href=\"https:\/\/flashmode.tn\/magazine\/nicholas-van-varenberg-un-champion-du-cinema-ou-de-la-vie\/#Le_QI_Legendaire_de_Van_Damme\" >Le QI L\u00e9gendaire de Van Damme<\/a><\/li><\/ul><\/li><li class='ez-toc-page-1 ez-toc-heading-level-2'><a class=\"ez-toc-link ez-toc-heading-6\" href=\"https:\/\/flashmode.tn\/magazine\/nicholas-van-varenberg-un-champion-du-cinema-ou-de-la-vie\/#Une_Contribution_Cinematographique_Inoubliable\" >Une Contribution Cin\u00e9matographique Inoubliable<\/a><ul class='ez-toc-list-level-3' ><li class='ez-toc-heading-level-3'><a class=\"ez-toc-link ez-toc-heading-7\" href=\"https:\/\/flashmode.tn\/magazine\/nicholas-van-varenberg-un-champion-du-cinema-ou-de-la-vie\/#Bloodsport_La_Revelation_de_Van_Damme\" >Bloodsport : La R\u00e9v\u00e9lation de Van Damme<\/a><\/li><li class='ez-toc-page-1 ez-toc-heading-level-3'><a class=\"ez-toc-link ez-toc-heading-8\" href=\"https:\/\/flashmode.tn\/magazine\/nicholas-van-varenberg-un-champion-du-cinema-ou-de-la-vie\/#La_Collaboration_avec_Sheldon_Lettich\" >La Collaboration avec Sheldon Lettich<\/a><\/li><\/ul><\/li><li class='ez-toc-page-1 ez-toc-heading-level-2'><a class=\"ez-toc-link ez-toc-heading-9\" href=\"https:\/\/flashmode.tn\/magazine\/nicholas-van-varenberg-un-champion-du-cinema-ou-de-la-vie\/#Qui_Est_Maxence_Van_Damme\" >Qui Est Maxence Van Damme ?<\/a><\/li><li class='ez-toc-page-1 ez-toc-heading-level-2'><a class=\"ez-toc-link ez-toc-heading-10\" href=\"https:\/\/flashmode.tn\/magazine\/nicholas-van-varenberg-un-champion-du-cinema-ou-de-la-vie\/#Un_Avenir_Sous_Le_Signe_De_La_Reussite\" >Un Avenir Sous Le Signe De La R\u00e9ussite<\/a><ul class='ez-toc-list-level-3' ><li class='ez-toc-heading-level-3'><a class=\"ez-toc-link ez-toc-heading-11\" href=\"https:\/\/flashmode.tn\/magazine\/nicholas-van-varenberg-un-champion-du-cinema-ou-de-la-vie\/#Un_Heritage_a_Valoriser\" >Un H\u00e9ritage \u00e0 Valoriser<\/a><\/li><\/ul><\/li><li class='ez-toc-page-1 ez-toc-heading-level-2'><a class=\"ez-toc-link ez-toc-heading-12\" href=\"https:\/\/flashmode.tn\/magazine\/nicholas-van-varenberg-un-champion-du-cinema-ou-de-la-vie\/#Conclusion_Une_Famille_Plusieurs_Trajectoires\" >Conclusion : Une Famille, Plusieurs Trajectoires<\/a><\/li><\/ul><\/nav><\/div>\n<h2 class=\"wp-block-heading\" id=\"h-l-ascendance-d-un-champion-nicholas-van-varenberg\"><span class=\"ez-toc-section\" id=\"Lascendance_dun_Champion_Nicholas_Van_Varenberg\"><\/span>L&rsquo;ascendance d&rsquo;un Champion : Nicholas Van Varenberg<span class=\"ez-toc-section-end\"><\/span><\/h2>\n\n\n\n<p>Nicholas Van Varenberg est un nom qui \u00e9voque imm\u00e9diatement une lign\u00e9e c\u00e9l\u00e8bre. Fils de Jean-Claude Van Damme et de Gladys Portugues, Nicholas porte en lui l&rsquo;h\u00e9ritage d&rsquo;un des plus grands noms du cin\u00e9ma d&rsquo;action et des arts martiaux. N\u00e9 en 1995, il est le benjamin d&rsquo;une fratrie talentueuse qui comprend \u00e9galement Kristopher Van Varenberg, connu sous le nom de Kristopher Van Damme, et Bianca Bree.<\/p>\n\n\n\n<h3 class=\"wp-block-heading\" id=\"h-les-freres-van-varenberg-deux-destins-un-nom\"><span class=\"ez-toc-section\" id=\"Les_Freres_Van_Varenberg_Deux_Destins_Un_Nom\"><\/span>Les Fr\u00e8res Van Varenberg : Deux Destins, Un Nom<span class=\"ez-toc-section-end\"><\/span><\/h3>\n\n\n\n<p><strong>Kristopher Van Varenberg<\/strong>, l&rsquo;a\u00een\u00e9, est n\u00e9 le 20 mai 1987. Suivant les traces de son p\u00e8re, il s&rsquo;est lui-m\u00eame lanc\u00e9 dans une carri\u00e8re d&rsquo;acteur. La fratrie partage plus que le sang ; elle partage un nom qui symbolise la force, le dynamisme et l&rsquo;art martial. Nicholas, le plus jeune, peut-\u00eatre moins connu que son fr\u00e8re, est cependant une partie int\u00e9grante de cette dynastie.<\/p>\n\n\n\n<h2 class=\"wp-block-heading\" id=\"h-un-patrimoine-linguistique-et-intellectuel\"><span class=\"ez-toc-section\" id=\"Un_Patrimoine_Linguistique_et_Intellectuel\"><\/span>Un Patrimoine Linguistique et Intellectuel<span class=\"ez-toc-section-end\"><\/span><\/h2>\n\n\n\n<h3 class=\"wp-block-heading\" id=\"h-la-langue-maternelle-d-une-icone\"><span class=\"ez-toc-section\" id=\"La_Langue_Maternelle_dune_Icone\"><\/span>La Langue Maternelle d&rsquo;une Ic\u00f4ne<span class=\"ez-toc-section-end\"><\/span><\/h3>\n\n\n\n<p>Jean-Claude Van Damme, dont la langue maternelle est le flamand, a marqu\u00e9 le monde du cin\u00e9ma avec sa polyvalence linguistique. Cette ma\u00eetrise des langues a sans doute \u00e9t\u00e9 transmise \u00e0 ses enfants, enrichissant leur culture et leurs comp\u00e9tences de communication.<\/p>\n\n\n\n<h3 class=\"wp-block-heading\" id=\"h-le-qi-legendaire-de-van-damme\"><span class=\"ez-toc-section\" id=\"Le_QI_Legendaire_de_Van_Damme\"><\/span>Le QI L\u00e9gendaire de Van Damme<span class=\"ez-toc-section-end\"><\/span><\/h3>\n\n\n\n<p>Le patriarche de la famille, Jean-Claude Van Damme, a un jour affirm\u00e9 avoir un QI de 360, une d\u00e9claration qui a suscit\u00e9 de nombreuses discussions. Si cette affirmation rel\u00e8ve plus de la l\u00e9gende que de la r\u00e9alit\u00e9, elle t\u00e9moigne n\u00e9anmoins de l&rsquo;image d&rsquo;un homme confiant en ses capacit\u00e9s intellectuelles et en sa vision unique du monde, une image qui a sans doute influenc\u00e9 ses enfants.<\/p>\n\n\n\n<h2 class=\"wp-block-heading\" id=\"h-une-contribution-cinematographique-inoubliable\"><span class=\"ez-toc-section\" id=\"Une_Contribution_Cinematographique_Inoubliable\"><\/span>Une Contribution Cin\u00e9matographique Inoubliable<span class=\"ez-toc-section-end\"><\/span><\/h2>\n\n\n\n<h3 class=\"wp-block-heading\" id=\"h-bloodsport-la-revelation-de-van-damme\"><span class=\"ez-toc-section\" id=\"Bloodsport_La_Revelation_de_Van_Damme\"><\/span><em>Bloodsport<\/em> : La R\u00e9v\u00e9lation de Van Damme<span class=\"ez-toc-section-end\"><\/span><\/h3>\n\n\n\n<p>Il est ind\u00e9niable que <em>Bloodsport<\/em> est consid\u00e9r\u00e9 comme le meilleur film de Jean-Claude Van Damme. Ce film a non seulement r\u00e9volutionn\u00e9 sa carri\u00e8re mais a aussi grandement contribu\u00e9 \u00e0 la popularisation des arts martiaux mixtes. Une influence culturelle d&rsquo;une telle ampleur laisse entrevoir l&#8217;empreinte que peut laisser un p\u00e8re \u00e0 son enfant.<\/p>\n\n\n\n<h3 class=\"wp-block-heading\" id=\"h-la-collaboration-avec-sheldon-lettich\"><span class=\"ez-toc-section\" id=\"La_Collaboration_avec_Sheldon_Lettich\"><\/span>La Collaboration avec Sheldon Lettich<span class=\"ez-toc-section-end\"><\/span><\/h3>\n\n\n\n<p>La premi\u00e8re collaboration entre Jean-Claude Van Damme et le r\u00e9alisateur Sheldon Lettich a eu lieu sur le tournage de <em>Bloodsport<\/em>, et cette relation professionnelle s&rsquo;est poursuivie jusqu&rsquo;\u00e0 <em>The Hard Corps<\/em> en 2006. Cette longue collaboration t\u00e9moigne de l&rsquo;importance de la loyaut\u00e9 et de la pers\u00e9v\u00e9rance dans le domaine artistique, des valeurs s\u00fbrement partag\u00e9es avec Nicholas.<\/p>\n\n\n\n<h2 class=\"wp-block-heading\" id=\"h-qui-est-maxence-van-damme\"><span class=\"ez-toc-section\" id=\"Qui_Est_Maxence_Van_Damme\"><\/span>Qui Est Maxence Van Damme ?<span class=\"ez-toc-section-end\"><\/span><\/h2>\n\n\n\n<p>Maxence Van Damme, dont le nom peut pr\u00eater \u00e0 confusion, n&rsquo;est pas un membre direct de la famille de Jean-Claude Van Damme. Il est le pr\u00e9sident de l&rsquo;entreprise Lvd cr\u00e9\u00e9e en 2018. Maxence illustre ainsi une autre facette du succ\u00e8s, celle de l&rsquo;entrepreneuriat, qui peut servir d&rsquo;inspiration \u00e0 Nicholas dans ses propres aspirations professionnelles.<\/p>\n\n\n\n<h2 class=\"wp-block-heading\" id=\"h-un-avenir-sous-le-signe-de-la-reussite\"><span class=\"ez-toc-section\" id=\"Un_Avenir_Sous_Le_Signe_De_La_Reussite\"><\/span>Un Avenir Sous Le Signe De La R\u00e9ussite<span class=\"ez-toc-section-end\"><\/span><\/h2>\n\n\n\n<p>Nicholas Van Varenberg grandit donc dans un environnement o\u00f9 la r\u00e9ussite, qu&rsquo;elle soit cin\u00e9matographique, entrepreneuriale ou sportive, est un leitmotiv. Sans doute est-il destin\u00e9 \u00e0 forger son propre chemin, influenc\u00e9 par le succ\u00e8s de son p\u00e8re et de son fr\u00e8re, tout en se construisant une identit\u00e9 propre.<\/p>\n\n\n\n<h3 class=\"wp-block-heading\" id=\"h-un-heritage-a-valoriser\"><span class=\"ez-toc-section\" id=\"Un_Heritage_a_Valoriser\"><\/span>Un H\u00e9ritage \u00e0 Valoriser<span class=\"ez-toc-section-end\"><\/span><\/h3>\n\n\n\n<p>Les enfants de c\u00e9l\u00e9brit\u00e9s sont souvent confront\u00e9s \u00e0 l&rsquo;immense t\u00e2che de se faire un pr\u00e9nom, et Nicholas ne fait pas exception. Avec un p\u00e8re comme Jean-Claude Van Damme, il b\u00e9n\u00e9ficie d&rsquo;un mod\u00e8le de d\u00e9termination et d&rsquo;innovation qui peut le guider vers de grands accomplissements.<\/p>\n\n\n\n<h2 class=\"wp-block-heading\" id=\"h-conclusion-une-famille-plusieurs-trajectoires\"><span class=\"ez-toc-section\" id=\"Conclusion_Une_Famille_Plusieurs_Trajectoires\"><\/span>Conclusion : Une Famille, Plusieurs Trajectoires<span class=\"ez-toc-section-end\"><\/span><\/h2>\n\n\n\n<p>En d\u00e9finitive, Nicholas Van Varenberg, tout comme Kristopher, a toutes les cartes en main pour perp\u00e9tuer l&rsquo;h\u00e9ritage de son p\u00e8re tout en cr\u00e9ant sa propre l\u00e9gende. Leurs parcours, bien que distincts, sont unis par un nom qui \u00e9voque force, talent et d\u00e9termination. C&rsquo;est cette richesse familiale qui continuera \u00e0 inspirer et fasciner les g\u00e9n\u00e9rations \u00e0 venir.<\/p>\n\n\n\n<hr class=\"wp-block-separator has-alpha-channel-opacity\"\/>\n\n\n\n<p><strong>Qui est Nicholas Van Varenberg?<\/strong><br>Nicholas Van Varenberg est le fils de Jean-Claude Van Damme et de Gladys Portugues. Il est n\u00e9 en 1995 et est \u00e9galement connu sous le nom de Nicholas Van Damme.<\/p>\n\n\n\n<p><strong>Quel est le QI de Jean-Claude Van Damme?<\/strong><br>Jean-Claude Van Damme pr\u00e9tend avoir un QI de 360, bien que cela soit difficilement v\u00e9rifiable. Il a fait cette d\u00e9claration pour expliquer pourquoi les gens ne le comprennent pas toujours.<\/p>\n\n\n\n<p><strong>Qui est Maxence Van Damme?<\/strong><br>Maxence Van Damme est n\u00e9 le 18 ao\u00fbt 1991. Il est le pr\u00e9sident de l&rsquo;entreprise Lvd, cr\u00e9\u00e9e en 2018. Le chiffre d&rsquo;affaires de la soci\u00e9t\u00e9 n&rsquo;est pas communiqu\u00e9. Il est \u00e9galement mandataire d&rsquo;une autre soci\u00e9t\u00e9.<\/p>\n\n\n\n<p><strong>Quelle est la langue maternelle de Jean-Claude Van Damme?<\/strong><br>La langue maternelle de Jean-Claude Van Damme est le fran\u00e7ais. Cependant, il peut parfois avoir des difficult\u00e9s \u00e0 trouver ses mots lorsqu&rsquo;il parle fran\u00e7ais.<\/p>\n","protected":false},"excerpt":{"rendered":"<p>D\u00e9couvrez le destin extraordinaire d&rsquo;un nom qui r\u00e9sonne dans le monde du cin\u00e9ma : Nicholas Van Varenberg. Derri\u00e8re ce nom se cache bien plus qu&rsquo;un simple h\u00e9ritage familial. Ce jeune homme talentueux a su se forger un chemin unique et captivant sur les \u00e9crans du monde entier. Prenez place et plongez dans l&rsquo;histoire fascinante de [&hellip;]<\/p>\n","protected":false},"author":8,"featured_media":160928,"comment_status":"open","ping_status":"open","sticky":false,"template":"","format":"standard","meta":{"tdm_status":"","tdm_grid_status":"","_jetpack_memberships_contains_paid_content":false,"footnotes":"","jetpack_publicize_message":"","jetpack_publicize_feature_enabled":true,"jetpack_social_post_already_shared":false,"jetpack_social_options":{"image_generator_settings":{"template":"highway","default_image_id":0,"font":"","enabled":false},"version":2}},"categories":[78],"tags":[],"class_list":["post-105076","post","type-post","status-publish","format-standard","has-post-thumbnail","hentry","category-culture"],"yoast_head":"<!-- This site is optimized with the Yoast SEO Premium plugin v25.0 (Yoast SEO v25.0) - https:\/\/yoast.com\/wordpress\/plugins\/seo\/ -->\n<title>Nicholas Van Varenberg : Un Champion du Cin\u00e9ma ou de la Vie ? - Flashmode Magazine | Magazine de mode et style de vie Num\u00e9ro un en Tunisie et au Maghreb<\/title>\n<meta name=\"description\" content=\"D\u00e9couvrez le destin extraordinaire d&#039;un nom qui r\u00e9sonne dans le monde du cin\u00e9ma : Nicholas Van Varenberg. Derri\u00e8re ce nom se cache bien plus qu&#039;un simple\" \/>\n<meta name=\"robots\" content=\"index, follow, max-snippet:-1, max-image-preview:large, max-video-preview:-1\" \/>\n<link rel=\"canonical\" href=\"https:\/\/flashmode.tn\/magazine\/nicholas-van-varenberg-un-champion-du-cinema-ou-de-la-vie\/\" \/>\n<meta property=\"og:locale\" content=\"fr_FR\" \/>\n<meta property=\"og:type\" content=\"article\" \/>\n<meta property=\"og:title\" content=\"Nicholas Van Varenberg : Un Champion du Cin\u00e9ma ou de la Vie ? - Flashmode Magazine | Magazine de mode et style de vie Num\u00e9ro un en Tunisie et au Maghreb\" \/>\n<meta property=\"og:description\" content=\"D\u00e9couvrez le destin extraordinaire d&#039;un nom qui r\u00e9sonne dans le monde du cin\u00e9ma : Nicholas Van Varenberg. Derri\u00e8re ce nom se cache bien plus qu&#039;un simple\" \/>\n<meta property=\"og:url\" content=\"https:\/\/flashmode.tn\/magazine\/nicholas-van-varenberg-un-champion-du-cinema-ou-de-la-vie\/\" \/>\n<meta property=\"og:site_name\" content=\"Flashmode Magazine | Magazine de mode et style de vie Num\u00e9ro un en Tunisie et au Maghreb\" \/>\n<meta property=\"article:publisher\" content=\"https:\/\/www.facebook.com\/flashmode.magazine\/\" \/>\n<meta property=\"article:published_time\" content=\"2024-03-12T01:59:00+00:00\" \/>\n<meta property=\"article:modified_time\" content=\"2024-04-01T07:48:53+00:00\" \/>\n<meta property=\"og:image\" content=\"https:\/\/flashmode.tn\/magazine\/wp-content\/uploads\/2024\/03\/Nicholas-Van-Varenberg-Un-Champion-du-Cinema-ou-de-la-Vie--1024x577.png\" \/>\n\t<meta property=\"og:image:width\" content=\"1024\" \/>\n\t<meta property=\"og:image:height\" content=\"577\" \/>\n\t<meta property=\"og:image:type\" content=\"image\/png\" \/>\n<meta name=\"author\" content=\"The Daileigh\" \/>\n<meta name=\"twitter:card\" content=\"summary_large_image\" \/>\n<meta name=\"twitter:creator\" content=\"@agenceflashmode\" \/>\n<meta name=\"twitter:site\" content=\"@agenceflashmode\" \/>\n<meta name=\"twitter:label1\" content=\"\u00c9crit par\" \/>\n\t<meta name=\"twitter:data1\" content=\"The Daileigh\" \/>\n\t<meta name=\"twitter:label2\" content=\"Dur\u00e9e de lecture estim\u00e9e\" \/>\n\t<meta name=\"twitter:data2\" content=\"5 minutes\" \/>\n<script type=\"application\/ld+json\" class=\"yoast-schema-graph\">{\"@context\":\"https:\/\/schema.org\",\"@graph\":[{\"@type\":\"WebPage\",\"@id\":\"https:\/\/flashmode.tn\/magazine\/nicholas-van-varenberg-un-champion-du-cinema-ou-de-la-vie\/\",\"url\":\"https:\/\/flashmode.tn\/magazine\/nicholas-van-varenberg-un-champion-du-cinema-ou-de-la-vie\/\",\"name\":\"Nicholas Van Varenberg : Un Champion du Cin\u00e9ma ou de la Vie ? - Flashmode Magazine | Magazine de mode et style de vie Num\u00e9ro un en Tunisie et au Maghreb\",\"isPartOf\":{\"@id\":\"https:\/\/flashmode.tn\/magazine\/#website\"},\"primaryImageOfPage\":{\"@id\":\"https:\/\/flashmode.tn\/magazine\/nicholas-van-varenberg-un-champion-du-cinema-ou-de-la-vie\/#primaryimage\"},\"image\":{\"@id\":\"https:\/\/flashmode.tn\/magazine\/nicholas-van-varenberg-un-champion-du-cinema-ou-de-la-vie\/#primaryimage\"},\"thumbnailUrl\":\"https:\/\/i0.wp.com\/flashmode.tn\/magazine\/wp-content\/uploads\/2024\/03\/Nicholas-Van-Varenberg-Un-Champion-du-Cinema-ou-de-la-Vie-.png?fit=1640%2C924&ssl=1\",\"datePublished\":\"2024-03-12T01:59:00+00:00\",\"dateModified\":\"2024-04-01T07:48:53+00:00\",\"author\":{\"@id\":\"https:\/\/flashmode.tn\/magazine\/#\/schema\/person\/79940f8af94166a445dd5bd6b3137682\"},\"description\":\"D\u00e9couvrez le destin extraordinaire d'un nom qui r\u00e9sonne dans le monde du cin\u00e9ma : Nicholas Van Varenberg. Derri\u00e8re ce nom se cache bien plus qu'un simple\",\"breadcrumb\":{\"@id\":\"https:\/\/flashmode.tn\/magazine\/nicholas-van-varenberg-un-champion-du-cinema-ou-de-la-vie\/#breadcrumb\"},\"inLanguage\":\"fr-FR\",\"potentialAction\":[{\"@type\":\"ReadAction\",\"target\":[\"https:\/\/flashmode.tn\/magazine\/nicholas-van-varenberg-un-champion-du-cinema-ou-de-la-vie\/\"]}]},{\"@type\":\"ImageObject\",\"inLanguage\":\"fr-FR\",\"@id\":\"https:\/\/flashmode.tn\/magazine\/nicholas-van-varenberg-un-champion-du-cinema-ou-de-la-vie\/#primaryimage\",\"url\":\"https:\/\/i0.wp.com\/flashmode.tn\/magazine\/wp-content\/uploads\/2024\/03\/Nicholas-Van-Varenberg-Un-Champion-du-Cinema-ou-de-la-Vie-.png?fit=1640%2C924&ssl=1\",\"contentUrl\":\"https:\/\/i0.wp.com\/flashmode.tn\/magazine\/wp-content\/uploads\/2024\/03\/Nicholas-Van-Varenberg-Un-Champion-du-Cinema-ou-de-la-Vie-.png?fit=1640%2C924&ssl=1\",\"width\":1640,\"height\":924,\"caption\":\"Nicholas Van Varenberg : Un Champion du Cin\u00e9ma ou de la Vie ?\"},{\"@type\":\"BreadcrumbList\",\"@id\":\"https:\/\/flashmode.tn\/magazine\/nicholas-van-varenberg-un-champion-du-cinema-ou-de-la-vie\/#breadcrumb\",\"itemListElement\":[{\"@type\":\"ListItem\",\"position\":1,\"name\":\"Accueil\",\"item\":\"https:\/\/flashmode.tn\/magazine\/\"},{\"@type\":\"ListItem\",\"position\":2,\"name\":\"Nicholas Van Varenberg : Un Champion du Cin\u00e9ma ou de la Vie ?\"}]},{\"@type\":\"WebSite\",\"@id\":\"https:\/\/flashmode.tn\/magazine\/#website\",\"url\":\"https:\/\/flashmode.tn\/magazine\/\",\"name\":\"Flashmode Magazine | Magazine de mode et style de vie Num\u00e9ro un en Tunisie et au Maghreb\",\"description\":\"Magazine de mode et style de vie Num\u00e9ro un en Tunisie et au Maghreb, cr\u00e9\u00e9 pour les hommes et les femmes : conseils beaut\u00e9, mode femme, mode homme, recettes de cuisine, c\u00e9l\u00e9brit\u00e9s et people, mannequins et top modeles\",\"potentialAction\":[{\"@type\":\"SearchAction\",\"target\":{\"@type\":\"EntryPoint\",\"urlTemplate\":\"https:\/\/flashmode.tn\/magazine\/?s={search_term_string}\"},\"query-input\":{\"@type\":\"PropertyValueSpecification\",\"valueRequired\":true,\"valueName\":\"search_term_string\"}}],\"inLanguage\":\"fr-FR\"},{\"@type\":\"Person\",\"@id\":\"https:\/\/flashmode.tn\/magazine\/#\/schema\/person\/79940f8af94166a445dd5bd6b3137682\",\"name\":\"The Daileigh\",\"image\":{\"@type\":\"ImageObject\",\"inLanguage\":\"fr-FR\",\"@id\":\"https:\/\/flashmode.tn\/magazine\/#\/schema\/person\/image\/\",\"url\":\"https:\/\/secure.gravatar.com\/avatar\/30d4d60865d61de3434abd01cb8b4ec5e5b5eb5a274017461832a54857b1770d?s=96&d=mm&r=g\",\"contentUrl\":\"https:\/\/secure.gravatar.com\/avatar\/30d4d60865d61de3434abd01cb8b4ec5e5b5eb5a274017461832a54857b1770d?s=96&d=mm&r=g\",\"caption\":\"The Daileigh\"},\"url\":\"https:\/\/flashmode.tn\/magazine\/author\/the-daileigh\/\"}]}<\/script>\n<!-- \/ Yoast SEO Premium plugin. -->","yoast_head_json":{"title":"Nicholas Van Varenberg : Un Champion du Cin\u00e9ma ou de la Vie ? - Flashmode Magazine | Magazine de mode et style de vie Num\u00e9ro un en Tunisie et au Maghreb","description":"D\u00e9couvrez le destin extraordinaire d'un nom qui r\u00e9sonne dans le monde du cin\u00e9ma : Nicholas Van Varenberg. Derri\u00e8re ce nom se cache bien plus qu'un simple","robots":{"index":"index","follow":"follow","max-snippet":"max-snippet:-1","max-image-preview":"max-image-preview:large","max-video-preview":"max-video-preview:-1"},"canonical":"https:\/\/flashmode.tn\/magazine\/nicholas-van-varenberg-un-champion-du-cinema-ou-de-la-vie\/","og_locale":"fr_FR","og_type":"article","og_title":"Nicholas Van Varenberg : Un Champion du Cin\u00e9ma ou de la Vie ? - Flashmode Magazine | Magazine de mode et style de vie Num\u00e9ro un en Tunisie et au Maghreb","og_description":"D\u00e9couvrez le destin extraordinaire d'un nom qui r\u00e9sonne dans le monde du cin\u00e9ma : Nicholas Van Varenberg. Derri\u00e8re ce nom se cache bien plus qu'un simple","og_url":"https:\/\/flashmode.tn\/magazine\/nicholas-van-varenberg-un-champion-du-cinema-ou-de-la-vie\/","og_site_name":"Flashmode Magazine | Magazine de mode et style de vie Num\u00e9ro un en Tunisie et au Maghreb","article_publisher":"https:\/\/www.facebook.com\/flashmode.magazine\/","article_published_time":"2024-03-12T01:59:00+00:00","article_modified_time":"2024-04-01T07:48:53+00:00","og_image":[{"width":1024,"height":577,"url":"https:\/\/flashmode.tn\/magazine\/wp-content\/uploads\/2024\/03\/Nicholas-Van-Varenberg-Un-Champion-du-Cinema-ou-de-la-Vie--1024x577.png","type":"image\/png"}],"author":"The Daileigh","twitter_card":"summary_large_image","twitter_creator":"@agenceflashmode","twitter_site":"@agenceflashmode","twitter_misc":{"\u00c9crit par":"The Daileigh","Dur\u00e9e de lecture estim\u00e9e":"5 minutes"},"schema":{"@context":"https:\/\/schema.org","@graph":[{"@type":"WebPage","@id":"https:\/\/flashmode.tn\/magazine\/nicholas-van-varenberg-un-champion-du-cinema-ou-de-la-vie\/","url":"https:\/\/flashmode.tn\/magazine\/nicholas-van-varenberg-un-champion-du-cinema-ou-de-la-vie\/","name":"Nicholas Van Varenberg : Un Champion du Cin\u00e9ma ou de la Vie ? - Flashmode Magazine | Magazine de mode et style de vie Num\u00e9ro un en Tunisie et au Maghreb","isPartOf":{"@id":"https:\/\/flashmode.tn\/magazine\/#website"},"primaryImageOfPage":{"@id":"https:\/\/flashmode.tn\/magazine\/nicholas-van-varenberg-un-champion-du-cinema-ou-de-la-vie\/#primaryimage"},"image":{"@id":"https:\/\/flashmode.tn\/magazine\/nicholas-van-varenberg-un-champion-du-cinema-ou-de-la-vie\/#primaryimage"},"thumbnailUrl":"https:\/\/i0.wp.com\/flashmode.tn\/magazine\/wp-content\/uploads\/2024\/03\/Nicholas-Van-Varenberg-Un-Champion-du-Cinema-ou-de-la-Vie-.png?fit=1640%2C924&ssl=1","datePublished":"2024-03-12T01:59:00+00:00","dateModified":"2024-04-01T07:48:53+00:00","author":{"@id":"https:\/\/flashmode.tn\/magazine\/#\/schema\/person\/79940f8af94166a445dd5bd6b3137682"},"description":"D\u00e9couvrez le destin extraordinaire d'un nom qui r\u00e9sonne dans le monde du cin\u00e9ma : Nicholas Van Varenberg. Derri\u00e8re ce nom se cache bien plus qu'un simple","breadcrumb":{"@id":"https:\/\/flashmode.tn\/magazine\/nicholas-van-varenberg-un-champion-du-cinema-ou-de-la-vie\/#breadcrumb"},"inLanguage":"fr-FR","potentialAction":[{"@type":"ReadAction","target":["https:\/\/flashmode.tn\/magazine\/nicholas-van-varenberg-un-champion-du-cinema-ou-de-la-vie\/"]}]},{"@type":"ImageObject","inLanguage":"fr-FR","@id":"https:\/\/flashmode.tn\/magazine\/nicholas-van-varenberg-un-champion-du-cinema-ou-de-la-vie\/#primaryimage","url":"https:\/\/i0.wp.com\/flashmode.tn\/magazine\/wp-content\/uploads\/2024\/03\/Nicholas-Van-Varenberg-Un-Champion-du-Cinema-ou-de-la-Vie-.png?fit=1640%2C924&ssl=1","contentUrl":"https:\/\/i0.wp.com\/flashmode.tn\/magazine\/wp-content\/uploads\/2024\/03\/Nicholas-Van-Varenberg-Un-Champion-du-Cinema-ou-de-la-Vie-.png?fit=1640%2C924&ssl=1","width":1640,"height":924,"caption":"Nicholas Van Varenberg : Un Champion du Cin\u00e9ma ou de la Vie ?"},{"@type":"BreadcrumbList","@id":"https:\/\/flashmode.tn\/magazine\/nicholas-van-varenberg-un-champion-du-cinema-ou-de-la-vie\/#breadcrumb","itemListElement":[{"@type":"ListItem","position":1,"name":"Accueil","item":"https:\/\/flashmode.tn\/magazine\/"},{"@type":"ListItem","position":2,"name":"Nicholas Van Varenberg : Un Champion du Cin\u00e9ma ou de la Vie ?"}]},{"@type":"WebSite","@id":"https:\/\/flashmode.tn\/magazine\/#website","url":"https:\/\/flashmode.tn\/magazine\/","name":"Flashmode Magazine | Magazine de mode et style de vie Num\u00e9ro un en Tunisie et au Maghreb","description":"Magazine de mode et style de vie Num\u00e9ro un en Tunisie et au Maghreb, cr\u00e9\u00e9 pour les hommes et les femmes : conseils beaut\u00e9, mode femme, mode homme, recettes de cuisine, c\u00e9l\u00e9brit\u00e9s et people, mannequins et top modeles","potentialAction":[{"@type":"SearchAction","target":{"@type":"EntryPoint","urlTemplate":"https:\/\/flashmode.tn\/magazine\/?s={search_term_string}"},"query-input":{"@type":"PropertyValueSpecification","valueRequired":true,"valueName":"search_term_string"}}],"inLanguage":"fr-FR"},{"@type":"Person","@id":"https:\/\/flashmode.tn\/magazine\/#\/schema\/person\/79940f8af94166a445dd5bd6b3137682","name":"The Daileigh","image":{"@type":"ImageObject","inLanguage":"fr-FR","@id":"https:\/\/flashmode.tn\/magazine\/#\/schema\/person\/image\/","url":"https:\/\/secure.gravatar.com\/avatar\/30d4d60865d61de3434abd01cb8b4ec5e5b5eb5a274017461832a54857b1770d?s=96&d=mm&r=g","contentUrl":"https:\/\/secure.gravatar.com\/avatar\/30d4d60865d61de3434abd01cb8b4ec5e5b5eb5a274017461832a54857b1770d?s=96&d=mm&r=g","caption":"The Daileigh"},"url":"https:\/\/flashmode.tn\/magazine\/author\/the-daileigh\/"}]}},"jetpack_publicize_connections":[],"jetpack_featured_media_url":"https:\/\/i0.wp.com\/flashmode.tn\/magazine\/wp-content\/uploads\/2024\/03\/Nicholas-Van-Varenberg-Un-Champion-du-Cinema-ou-de-la-Vie-.png?fit=1640%2C924&ssl=1","jetpack_shortlink":"https:\/\/wp.me\/p8BPGr-rkM","jetpack_sharing_enabled":true,"_links":{"self":[{"href":"https:\/\/flashmode.tn\/magazine\/wp-json\/wp\/v2\/posts\/105076","targetHints":{"allow":["GET"]}}],"collection":[{"href":"https:\/\/flashmode.tn\/magazine\/wp-json\/wp\/v2\/posts"}],"about":[{"href":"https:\/\/flashmode.tn\/magazine\/wp-json\/wp\/v2\/types\/post"}],"author":[{"embeddable":true,"href":"https:\/\/flashmode.tn\/magazine\/wp-json\/wp\/v2\/users\/8"}],"replies":[{"embeddable":true,"href":"https:\/\/flashmode.tn\/magazine\/wp-json\/wp\/v2\/comments?post=105076"}],"version-history":[{"count":2,"href":"https:\/\/flashmode.tn\/magazine\/wp-json\/wp\/v2\/posts\/105076\/revisions"}],"predecessor-version":[{"id":160929,"href":"https:\/\/flashmode.tn\/magazine\/wp-json\/wp\/v2\/posts\/105076\/revisions\/160929"}],"wp:featuredmedia":[{"embeddable":true,"href":"https:\/\/flashmode.tn\/magazine\/wp-json\/wp\/v2\/media\/160928"}],"wp:attachment":[{"href":"https:\/\/flashmode.tn\/magazine\/wp-json\/wp\/v2\/media?parent=105076"}],"wp:term":[{"taxonomy":"category","embeddable":true,"href":"https:\/\/flashmode.tn\/magazine\/wp-json\/wp\/v2\/categories?post=105076"},{"taxonomy":"post_tag","embeddable":true,"href":"https:\/\/flashmode.tn\/magazine\/wp-json\/wp\/v2\/tags?post=105076"}],"curies":[{"name":"wp","href":"https:\/\/api.w.org\/{rel}","templated":true}]}}