{"id":105079,"date":"2024-03-12T02:59:11","date_gmt":"2024-03-12T01:59:11","guid":{"rendered":"https:\/\/flashmode.tn\/magazine\/gaston-ardisson-qui-se-cache-derriere-le-parcours-familial-et-professionnel-de-thierry-ardisson\/"},"modified":"2024-04-01T09:58:32","modified_gmt":"2024-04-01T07:58:32","slug":"gaston-ardisson-qui-se-cache-derriere-le-parcours-familial-et-professionnel-de-thierry-ardisson","status":"publish","type":"post","link":"https:\/\/flashmode.tn\/magazine\/gaston-ardisson-qui-se-cache-derriere-le-parcours-familial-et-professionnel-de-thierry-ardisson\/","title":{"rendered":"Gaston Ardisson : Qui se cache derri\u00e8re le parcours familial et professionnel de Thierry Ardisson ?"},"content":{"rendered":"\n<p>Bienvenue dans cet article d\u00e9di\u00e9 \u00e0 l&rsquo;une des personnalit\u00e9s les plus fascinantes du paysage m\u00e9diatique fran\u00e7ais : Gaston Ardisson. Attachez vos ceintures, car nous allons plonger dans le parcours familial et professionnel de cet homme hors du commun. Pr\u00e9parez-vous \u00e0 d\u00e9couvrir les facettes multiples qui font de Gaston Ardisson une figure incontournable de notre \u00e9poque. Accrochez-vous, car vous \u00eates sur le point de d\u00e9couvrir un univers professionnel aussi captivant que surprenant !<\/p>\n\n\n\n<div id=\"ez-toc-container\" class=\"ez-toc-v2_0_81 counter-hierarchy ez-toc-counter ez-toc-grey ez-toc-container-direction\">\n<div class=\"ez-toc-title-container\">\n<p class=\"ez-toc-title\" style=\"cursor:inherit\">Contenus de la page<\/p>\n<span class=\"ez-toc-title-toggle\"><a href=\"#\" class=\"ez-toc-pull-right ez-toc-btn ez-toc-btn-xs ez-toc-btn-default ez-toc-toggle\" aria-label=\"Toggle Table of Content\"><span class=\"ez-toc-js-icon-con\"><span class=\"\"><span class=\"eztoc-hide\" style=\"display:none;\">Toggle<\/span><span class=\"ez-toc-icon-toggle-span\"><svg style=\"fill: #999;color:#999\" xmlns=\"http:\/\/www.w3.org\/2000\/svg\" class=\"list-377408\" width=\"20px\" height=\"20px\" viewBox=\"0 0 24 24\" fill=\"none\"><path d=\"M6 6H4v2h2V6zm14 0H8v2h12V6zM4 11h2v2H4v-2zm16 0H8v2h12v-2zM4 16h2v2H4v-2zm16 0H8v2h12v-2z\" fill=\"currentColor\"><\/path><\/svg><svg style=\"fill: #999;color:#999\" class=\"arrow-unsorted-368013\" xmlns=\"http:\/\/www.w3.org\/2000\/svg\" width=\"10px\" height=\"10px\" viewBox=\"0 0 24 24\" version=\"1.2\" baseProfile=\"tiny\"><path d=\"M18.2 9.3l-6.2-6.3-6.2 6.3c-.2.2-.3.4-.3.7s.1.5.3.7c.2.2.4.3.7.3h11c.3 0 .5-.1.7-.3.2-.2.3-.5.3-.7s-.1-.5-.3-.7zM5.8 14.7l6.2 6.3 6.2-6.3c.2-.2.3-.5.3-.7s-.1-.5-.3-.7c-.2-.2-.4-.3-.7-.3h-11c-.3 0-.5.1-.7.3-.2.2-.3.5-.3.7s.1.5.3.7z\"\/><\/svg><\/span><\/span><\/span><\/a><\/span><\/div>\n<nav><ul class='ez-toc-list ez-toc-list-level-1 ' ><li class='ez-toc-page-1 ez-toc-heading-level-2'><a class=\"ez-toc-link ez-toc-heading-1\" href=\"https:\/\/flashmode.tn\/magazine\/gaston-ardisson-qui-se-cache-derriere-le-parcours-familial-et-professionnel-de-thierry-ardisson\/#Le_Parcours_Familial_et_Professionnel_de_Thierry_Ardisson\" >Le Parcours Familial et Professionnel de Thierry Ardisson<\/a><ul class='ez-toc-list-level-3' ><li class='ez-toc-heading-level-3'><a class=\"ez-toc-link ez-toc-heading-2\" href=\"https:\/\/flashmode.tn\/magazine\/gaston-ardisson-qui-se-cache-derriere-le-parcours-familial-et-professionnel-de-thierry-ardisson\/#Les_Enfants_dArdisson_Le_Fruit_dune_Vie_Familiale_Equilibree\" >Les Enfants d&rsquo;Ardisson: Le Fruit d&rsquo;une Vie Familiale \u00c9quilibr\u00e9e<\/a><\/li><li class='ez-toc-page-1 ez-toc-heading-level-3'><a class=\"ez-toc-link ez-toc-heading-3\" href=\"https:\/\/flashmode.tn\/magazine\/gaston-ardisson-qui-se-cache-derriere-le-parcours-familial-et-professionnel-de-thierry-ardisson\/#Audrey_Crespo-Mara_Une_Compagne_Tout_Aussi_Mediatique\" >Audrey Crespo-Mara: Une Compagne Tout Aussi M\u00e9diatique<\/a><\/li><li class='ez-toc-page-1 ez-toc-heading-level-3'><a class=\"ez-toc-link ez-toc-heading-4\" href=\"https:\/\/flashmode.tn\/magazine\/gaston-ardisson-qui-se-cache-derriere-le-parcours-familial-et-professionnel-de-thierry-ardisson\/#Une_Separation_Geographique_Au_Sein_du_Couple_Ardisson\" >Une S\u00e9paration G\u00e9ographique Au Sein du Couple Ardisson<\/a><\/li><\/ul><\/li><li class='ez-toc-page-1 ez-toc-heading-level-2'><a class=\"ez-toc-link ez-toc-heading-5\" href=\"https:\/\/flashmode.tn\/magazine\/gaston-ardisson-qui-se-cache-derriere-le-parcours-familial-et-professionnel-de-thierry-ardisson\/#LUnivers_Professionnel_de_Thierry_Ardisson\" >L&rsquo;Univers Professionnel de Thierry Ardisson<\/a><ul class='ez-toc-list-level-3' ><li class='ez-toc-heading-level-3'><a class=\"ez-toc-link ez-toc-heading-6\" href=\"https:\/\/flashmode.tn\/magazine\/gaston-ardisson-qui-se-cache-derriere-le-parcours-familial-et-professionnel-de-thierry-ardisson\/#Les_Chroniqueurs_des_Terriens_du_Dimanche_Une_Equipe_Heteroclite\" >Les Chroniqueurs des Terriens du Dimanche: Une \u00c9quipe H\u00e9t\u00e9roclite<\/a><\/li><li class='ez-toc-page-1 ez-toc-heading-level-3'><a class=\"ez-toc-link ez-toc-heading-7\" href=\"https:\/\/flashmode.tn\/magazine\/gaston-ardisson-qui-se-cache-derriere-le-parcours-familial-et-professionnel-de-thierry-ardisson\/#Le_Choix_de_Vie_dAudrey_Crespo-Mara_Entre_Carriere_et_Vie_Privee\" >Le Choix de Vie d&rsquo;Audrey Crespo-Mara: Entre Carri\u00e8re et Vie Priv\u00e9e<\/a><\/li><\/ul><\/li><li class='ez-toc-page-1 ez-toc-heading-level-2'><a class=\"ez-toc-link ez-toc-heading-8\" href=\"https:\/\/flashmode.tn\/magazine\/gaston-ardisson-qui-se-cache-derriere-le-parcours-familial-et-professionnel-de-thierry-ardisson\/#Thierry_Ardisson_Une_Figure_de_Style_Unique\" >Thierry Ardisson: Une Figure de Style Unique<\/a><ul class='ez-toc-list-level-3' ><li class='ez-toc-heading-level-3'><a class=\"ez-toc-link ez-toc-heading-9\" href=\"https:\/\/flashmode.tn\/magazine\/gaston-ardisson-qui-se-cache-derriere-le-parcours-familial-et-professionnel-de-thierry-ardisson\/#LAdresse_Parisienne_de_Thierry_Ardisson_Un_Lieu_Charge_dHistoire\" >L&rsquo;Adresse Parisienne de Thierry Ardisson: Un Lieu Charg\u00e9 d&rsquo;Histoire<\/a><\/li><li class='ez-toc-page-1 ez-toc-heading-level-3'><a class=\"ez-toc-link ez-toc-heading-10\" href=\"https:\/\/flashmode.tn\/magazine\/gaston-ardisson-qui-se-cache-derriere-le-parcours-familial-et-professionnel-de-thierry-ardisson\/#Le_Divorce_avec_Beatrice_Ardisson_Un_Tournant_dans_la_Vie_de_lAnimateur\" >Le Divorce avec B\u00e9atrice Ardisson: Un Tournant dans la Vie de l&rsquo;Animateur<\/a><\/li><\/ul><\/li><li class='ez-toc-page-1 ez-toc-heading-level-2'><a class=\"ez-toc-link ez-toc-heading-11\" href=\"https:\/\/flashmode.tn\/magazine\/gaston-ardisson-qui-se-cache-derriere-le-parcours-familial-et-professionnel-de-thierry-ardisson\/#Conclusion_Thierry_Ardisson_Un_Homme_Aux_Multiples_Facettes\" >Conclusion: Thierry Ardisson, Un Homme Aux Multiples Facettes<\/a><\/li><\/ul><\/nav><\/div>\n<h2 class=\"wp-block-heading\" id=\"h-le-parcours-familial-et-professionnel-de-thierry-ardisson\"><span class=\"ez-toc-section\" id=\"Le_Parcours_Familial_et_Professionnel_de_Thierry_Ardisson\"><\/span>Le Parcours Familial et Professionnel de Thierry Ardisson<span class=\"ez-toc-section-end\"><\/span><\/h2>\n\n\n\n<p>Thierry Ardisson, figure embl\u00e9matique du paysage audiovisuel fran\u00e7ais, est un homme de t\u00e9l\u00e9vision qui a marqu\u00e9 les esprits par ses \u00e9missions novatrices et son style inimitable. Sa vie priv\u00e9e, bien qu&rsquo;assez discr\u00e8te, intrigue souvent ses adeptes. Ses enfants, n\u00e9s en 1989, 1991 et 1996, refl\u00e8tent une partie de son intimit\u00e9, tandis que son mariage avec Audrey Crespo-Mara ajoute une touche de glamour \u00e0 son image publique.<\/p>\n\n\n\n<h3 class=\"wp-block-heading\" id=\"h-les-enfants-d-ardisson-le-fruit-d-une-vie-familiale-equilibree\"><span class=\"ez-toc-section\" id=\"Les_Enfants_dArdisson_Le_Fruit_dune_Vie_Familiale_Equilibree\"><\/span>Les Enfants d&rsquo;Ardisson: Le Fruit d&rsquo;une Vie Familiale \u00c9quilibr\u00e9e<span class=\"ez-toc-section-end\"><\/span><\/h3>\n\n\n\n<p>N\u00e9 dans les ann\u00e9es 80 et 90, les enfants de Thierry Ardisson ont grandi loin des projecteurs, pr\u00e9servant une certaine intimit\u00e9 malgr\u00e9 la notori\u00e9t\u00e9 de leur p\u00e8re. Les valeurs familiales semblent \u00eatre un point d&rsquo;ancrage essentiel pour l&rsquo;animateur, qui a su trouver un \u00e9quilibre entre sa vie m\u00e9diatique et priv\u00e9e.<\/p>\n\n\n\n<h3 class=\"wp-block-heading\" id=\"h-audrey-crespo-mara-une-compagne-tout-aussi-mediatique\"><span class=\"ez-toc-section\" id=\"Audrey_Crespo-Mara_Une_Compagne_Tout_Aussi_Mediatique\"><\/span>Audrey Crespo-Mara: Une Compagne Tout Aussi M\u00e9diatique<span class=\"ez-toc-section-end\"><\/span><\/h3>\n\n\n\n<p><strong>Audrey Crespo-Mara<\/strong>, n\u00e9e le 8 juillet 1976, est une figure du journalisme fran\u00e7ais. Son mariage avec Thierry Ardisson confirme l&rsquo;int\u00e9r\u00eat des m\u00e9dias pour leur couple. Leur r\u00e9sidence principale, situ\u00e9e au 214, rue de Rivoli, offre une vue imprenable sur le Jardin des Tuileries, bien que chacun conserve son propre espace, signe d&rsquo;une union moderne o\u00f9 l&rsquo;intimit\u00e9 de chacun est respect\u00e9e.<\/p>\n\n\n\n<h3 class=\"wp-block-heading\" id=\"h-une-separation-geographique-au-sein-du-couple-ardisson\"><span class=\"ez-toc-section\" id=\"Une_Separation_Geographique_Au_Sein_du_Couple_Ardisson\"><\/span>Une S\u00e9paration G\u00e9ographique Au Sein du Couple Ardisson<span class=\"ez-toc-section-end\"><\/span><\/h3>\n\n\n\n<p>La d\u00e9cision d&rsquo;habiter s\u00e9par\u00e9ment, malgr\u00e9 leur mariage, illustre un choix de vie particulier qui semble convenir aux deux personnalit\u00e9s. Cette ind\u00e9pendance pourrait \u00eatre une cl\u00e9 de leur bonheur conjugal, permettant \u00e0 chacun de s&rsquo;\u00e9panouir dans sa sph\u00e8re personnelle tout en partageant une vie commune harmonieuse.<\/p>\n\n\n\n<h2 class=\"wp-block-heading\" id=\"h-l-univers-professionnel-de-thierry-ardisson\"><span class=\"ez-toc-section\" id=\"LUnivers_Professionnel_de_Thierry_Ardisson\"><\/span>L&rsquo;Univers Professionnel de Thierry Ardisson<span class=\"ez-toc-section-end\"><\/span><\/h2>\n\n\n\n<p>Thierry Ardisson est connu pour son r\u00f4le d&rsquo;animateur et producteur de t\u00e9l\u00e9vision. Son \u00e9mission <em>Les Terriens du dimanche<\/em> est un rendez-vous incontournable pour de nombreux Fran\u00e7ais qui appr\u00e9cient le d\u00e9cryptage de l&rsquo;actualit\u00e9 par son \u00e9quipe de chroniqueurs vari\u00e9s.<\/p>\n\n\n\n<h3 class=\"wp-block-heading\" id=\"h-les-chroniqueurs-des-terriens-du-dimanche-une-equipe-heteroclite\"><span class=\"ez-toc-section\" id=\"Les_Chroniqueurs_des_Terriens_du_Dimanche_Une_Equipe_Heteroclite\"><\/span>Les Chroniqueurs des Terriens du Dimanche: Une \u00c9quipe H\u00e9t\u00e9roclite<span class=\"ez-toc-section-end\"><\/span><\/h3>\n\n\n\n<p>Les chroniqueurs qui entourent Thierry Ardisson dans <em>Les Terriens du dimanche<\/em> sont issus de divers horizons, offrant ainsi une pluralit\u00e9 de points de vue sur l&rsquo;actualit\u00e9. De Jeremstar, sp\u00e9cialiste de t\u00e9l\u00e9r\u00e9alit\u00e9, \u00e0 Raquel Garrido, avocate de gauche, en passant par Gilles-William Goldnadel, avocat de droite, l&rsquo;\u00e9mission se veut un reflet des divers courants de pens\u00e9e qui animent la soci\u00e9t\u00e9 fran\u00e7aise.<\/p>\n\n\n\n<h3 class=\"wp-block-heading\" id=\"h-le-choix-de-vie-d-audrey-crespo-mara-entre-carriere-et-vie-privee\"><span class=\"ez-toc-section\" id=\"Le_Choix_de_Vie_dAudrey_Crespo-Mara_Entre_Carriere_et_Vie_Privee\"><\/span>Le Choix de Vie d&rsquo;Audrey Crespo-Mara: Entre Carri\u00e8re et Vie Priv\u00e9e<span class=\"ez-toc-section-end\"><\/span><\/h3>\n\n\n\n<p>Audrey Crespo-Mara, \u00e9pouse de Thierry Ardisson, a fait un choix professionnel fort en quittant TF1. Son refus de participer \u00e0 un mercato en plein milieu de l&rsquo;ann\u00e9e t\u00e9moigne de ses convictions et de son engagement envers son m\u00e9tier de journaliste.<\/p>\n\n\n\n<h2 class=\"wp-block-heading\" id=\"h-thierry-ardisson-une-figure-de-style-unique\"><span class=\"ez-toc-section\" id=\"Thierry_Ardisson_Une_Figure_de_Style_Unique\"><\/span>Thierry Ardisson: Une Figure de Style Unique<span class=\"ez-toc-section-end\"><\/span><\/h2>\n\n\n\n<p>La taille de Thierry Ardisson, bien qu&rsquo;elle ne soit pas mentionn\u00e9e, semble n\u00e9gligeable face \u00e0 la stature m\u00e9diatique de l&rsquo;homme. Sa pr\u00e9sence \u00e0 l&rsquo;\u00e9cran, son \u00e9loquence et son aisance en font un personnage de t\u00e9l\u00e9vision de grande envergure, dont le style est reconnaissable entre mille.<\/p>\n\n\n\n<h3 class=\"wp-block-heading\" id=\"h-l-adresse-parisienne-de-thierry-ardisson-un-lieu-charge-d-histoire\"><span class=\"ez-toc-section\" id=\"LAdresse_Parisienne_de_Thierry_Ardisson_Un_Lieu_Charge_dHistoire\"><\/span>L&rsquo;Adresse Parisienne de Thierry Ardisson: Un Lieu Charg\u00e9 d&rsquo;Histoire<span class=\"ez-toc-section-end\"><\/span><\/h3>\n\n\n\n<p>Le 214, rue de Rivoli, n&rsquo;est pas seulement une adresse, c&rsquo;est un lieu charg\u00e9 d&rsquo;histoire et de prestige. Situ\u00e9 sous les arcades du 1er arrondissement de Paris, cet immeuble est le t\u00e9moin quotidien de la vie tr\u00e9pidante de la capitale. Pour Thierry Ardisson, r\u00e9sider dans un tel endroit est sans doute le reflet d&rsquo;une r\u00e9ussite professionnelle et personnelle.<\/p>\n\n\n\n<h3 class=\"wp-block-heading\" id=\"h-le-divorce-avec-beatrice-ardisson-un-tournant-dans-la-vie-de-l-animateur\"><span class=\"ez-toc-section\" id=\"Le_Divorce_avec_Beatrice_Ardisson_Un_Tournant_dans_la_Vie_de_lAnimateur\"><\/span>Le Divorce avec B\u00e9atrice Ardisson: Un Tournant dans la Vie de l&rsquo;Animateur<span class=\"ez-toc-section-end\"><\/span><\/h3>\n\n\n\n<p>Le divorce annonc\u00e9 en ao\u00fbt 2010 entre Thierry Ardisson et B\u00e9atrice Ardisson a marqu\u00e9 un tournant dans la vie de l&rsquo;animateur. Ce changement dans sa vie priv\u00e9e n&rsquo;a toutefois pas alt\u00e9r\u00e9 sa carri\u00e8re, prouvant ainsi sa capacit\u00e9 \u00e0 surmonter les \u00e9preuves personnelles tout en restant un professionnel accompli.<\/p>\n\n\n\n<h2 class=\"wp-block-heading\" id=\"h-conclusion-thierry-ardisson-un-homme-aux-multiples-facettes\"><span class=\"ez-toc-section\" id=\"Conclusion_Thierry_Ardisson_Un_Homme_Aux_Multiples_Facettes\"><\/span>Conclusion: Thierry Ardisson, Un Homme Aux Multiples Facettes<span class=\"ez-toc-section-end\"><\/span><\/h2>\n\n\n\n<p>Thierry Ardisson est un homme aux multiples facettes, \u00e0 la fois p\u00e8re de famille, \u00e9poux amoureux, animateur talentueux et personnalit\u00e9 m\u00e9diatique respect\u00e9e. Sa vie, riche en \u00e9v\u00e9nements et en r\u00e9ussites, fascine autant qu&rsquo;elle inspire. Malgr\u00e9 les al\u00e9as de la vie, il parvient \u00e0 maintenir une harmonie entre sa vie priv\u00e9e et sa carri\u00e8re, faisant de lui un mod\u00e8le de pers\u00e9v\u00e9rance et de professionnalisme.<\/p>\n\n\n\n<hr class=\"wp-block-separator has-alpha-channel-opacity\"\/>\n\n\n\n<p><strong>Q: Quel \u00e2ge ont les enfants de Thierry Ardisson ?<\/strong><br>A: Les enfants de Thierry Ardisson ont respectivement 32, 30 et 25 ans.<\/p>\n\n\n\n<p><strong>Q: Qui est l&rsquo;\u00e9pouse actuelle de Thierry Ardisson ?<\/strong><br>A: L&rsquo;\u00e9pouse actuelle de Thierry Ardisson est Audrey Crespo-Mara.<\/p>\n\n\n\n<p><strong>Q: O\u00f9 habite Thierry Ardisson ?<\/strong><br>A: Thierry Ardisson habite au 214, rue de Rivoli dans le 1er arrondissement de Paris, face au Jardin des Tuileries.<\/p>\n\n\n\n<p><strong>Q: Quels sont les chroniqueurs entourant Thierry Ardisson dans l&rsquo;\u00e9mission \u00ab\u00a0Les Terriens du dimanche\u00a0\u00bb ?<\/strong><br>A: Les chroniqueurs entourant Thierry Ardisson dans l&rsquo;\u00e9mission \u00ab\u00a0Les Terriens du dimanche\u00a0\u00bb sont Jeremstar, Raquel Garrido, Gilles-William Goldnadel et une animatrice.<\/p>\n","protected":false},"excerpt":{"rendered":"<p>Bienvenue dans cet article d\u00e9di\u00e9 \u00e0 l&rsquo;une des personnalit\u00e9s les plus fascinantes du paysage m\u00e9diatique fran\u00e7ais : Gaston Ardisson. Attachez vos ceintures, car nous allons plonger dans le parcours familial et professionnel de cet homme hors du commun. Pr\u00e9parez-vous \u00e0 d\u00e9couvrir les facettes multiples qui font de Gaston Ardisson une figure incontournable de notre \u00e9poque. [&hellip;]<\/p>\n","protected":false},"author":8,"featured_media":160937,"comment_status":"open","ping_status":"open","sticky":false,"template":"","format":"standard","meta":{"tdm_status":"","tdm_grid_status":"","_jetpack_memberships_contains_paid_content":false,"footnotes":"","jetpack_publicize_message":"","jetpack_publicize_feature_enabled":true,"jetpack_social_post_already_shared":false,"jetpack_social_options":{"image_generator_settings":{"template":"highway","default_image_id":0,"font":"","enabled":false},"version":2}},"categories":[78],"tags":[],"class_list":["post-105079","post","type-post","status-publish","format-standard","has-post-thumbnail","hentry","category-culture"],"yoast_head":"<!-- This site is optimized with the Yoast SEO Premium plugin v25.0 (Yoast SEO v25.0) - https:\/\/yoast.com\/wordpress\/plugins\/seo\/ -->\n<title>Gaston Ardisson : Qui se cache derri\u00e8re le parcours familial et professionnel de Thierry Ardisson ? - Flashmode Magazine | Magazine de mode et style de vie Num\u00e9ro un en Tunisie et au Maghreb<\/title>\n<meta name=\"description\" content=\"Bienvenue dans cet article d\u00e9di\u00e9 \u00e0 l&#039;une des personnalit\u00e9s les plus fascinantes du paysage m\u00e9diatique fran\u00e7ais : Gaston Ardisson. Attachez vos ceintures,\" \/>\n<meta name=\"robots\" content=\"index, follow, max-snippet:-1, max-image-preview:large, max-video-preview:-1\" \/>\n<link rel=\"canonical\" href=\"https:\/\/flashmode.tn\/magazine\/gaston-ardisson-qui-se-cache-derriere-le-parcours-familial-et-professionnel-de-thierry-ardisson\/\" \/>\n<meta property=\"og:locale\" content=\"fr_FR\" \/>\n<meta property=\"og:type\" content=\"article\" \/>\n<meta property=\"og:title\" content=\"Gaston Ardisson : Qui se cache derri\u00e8re le parcours familial et professionnel de Thierry Ardisson ? - Flashmode Magazine | Magazine de mode et style de vie Num\u00e9ro un en Tunisie et au Maghreb\" \/>\n<meta property=\"og:description\" content=\"Bienvenue dans cet article d\u00e9di\u00e9 \u00e0 l&#039;une des personnalit\u00e9s les plus fascinantes du paysage m\u00e9diatique fran\u00e7ais : Gaston Ardisson. Attachez vos ceintures,\" \/>\n<meta property=\"og:url\" content=\"https:\/\/flashmode.tn\/magazine\/gaston-ardisson-qui-se-cache-derriere-le-parcours-familial-et-professionnel-de-thierry-ardisson\/\" \/>\n<meta property=\"og:site_name\" content=\"Flashmode Magazine | Magazine de mode et style de vie Num\u00e9ro un en Tunisie et au Maghreb\" \/>\n<meta property=\"article:publisher\" content=\"https:\/\/www.facebook.com\/flashmode.magazine\/\" \/>\n<meta property=\"article:published_time\" content=\"2024-03-12T01:59:11+00:00\" \/>\n<meta property=\"article:modified_time\" content=\"2024-04-01T07:58:32+00:00\" \/>\n<meta property=\"og:image\" content=\"https:\/\/flashmode.tn\/magazine\/wp-content\/uploads\/2024\/03\/Gaston-Ardisson-Qui-se-cache-derriere-le-parcours-familial-et-professionnel-de-Thierry-Ardisson-.png\" \/>\n\t<meta property=\"og:image:width\" content=\"1640\" \/>\n\t<meta property=\"og:image:height\" content=\"924\" \/>\n\t<meta property=\"og:image:type\" content=\"image\/png\" \/>\n<meta name=\"author\" content=\"The Daileigh\" \/>\n<meta name=\"twitter:card\" content=\"summary_large_image\" \/>\n<meta name=\"twitter:creator\" content=\"@agenceflashmode\" \/>\n<meta name=\"twitter:site\" content=\"@agenceflashmode\" \/>\n<meta name=\"twitter:label1\" content=\"\u00c9crit par\" \/>\n\t<meta name=\"twitter:data1\" content=\"The Daileigh\" \/>\n\t<meta name=\"twitter:label2\" content=\"Dur\u00e9e de lecture estim\u00e9e\" \/>\n\t<meta name=\"twitter:data2\" content=\"5 minutes\" \/>\n<script type=\"application\/ld+json\" class=\"yoast-schema-graph\">{\"@context\":\"https:\/\/schema.org\",\"@graph\":[{\"@type\":\"WebPage\",\"@id\":\"https:\/\/flashmode.tn\/magazine\/gaston-ardisson-qui-se-cache-derriere-le-parcours-familial-et-professionnel-de-thierry-ardisson\/\",\"url\":\"https:\/\/flashmode.tn\/magazine\/gaston-ardisson-qui-se-cache-derriere-le-parcours-familial-et-professionnel-de-thierry-ardisson\/\",\"name\":\"Gaston Ardisson : Qui se cache derri\u00e8re le parcours familial et professionnel de Thierry Ardisson ? - Flashmode Magazine | Magazine de mode et style de vie Num\u00e9ro un en Tunisie et au Maghreb\",\"isPartOf\":{\"@id\":\"https:\/\/flashmode.tn\/magazine\/#website\"},\"primaryImageOfPage\":{\"@id\":\"https:\/\/flashmode.tn\/magazine\/gaston-ardisson-qui-se-cache-derriere-le-parcours-familial-et-professionnel-de-thierry-ardisson\/#primaryimage\"},\"image\":{\"@id\":\"https:\/\/flashmode.tn\/magazine\/gaston-ardisson-qui-se-cache-derriere-le-parcours-familial-et-professionnel-de-thierry-ardisson\/#primaryimage\"},\"thumbnailUrl\":\"https:\/\/i0.wp.com\/flashmode.tn\/magazine\/wp-content\/uploads\/2024\/03\/Gaston-Ardisson-Qui-se-cache-derriere-le-parcours-familial-et-professionnel-de-Thierry-Ardisson-.png?fit=1640%2C924&ssl=1\",\"datePublished\":\"2024-03-12T01:59:11+00:00\",\"dateModified\":\"2024-04-01T07:58:32+00:00\",\"author\":{\"@id\":\"https:\/\/flashmode.tn\/magazine\/#\/schema\/person\/79940f8af94166a445dd5bd6b3137682\"},\"description\":\"Bienvenue dans cet article d\u00e9di\u00e9 \u00e0 l'une des personnalit\u00e9s les plus fascinantes du paysage m\u00e9diatique fran\u00e7ais : Gaston Ardisson. Attachez vos ceintures,\",\"breadcrumb\":{\"@id\":\"https:\/\/flashmode.tn\/magazine\/gaston-ardisson-qui-se-cache-derriere-le-parcours-familial-et-professionnel-de-thierry-ardisson\/#breadcrumb\"},\"inLanguage\":\"fr-FR\",\"potentialAction\":[{\"@type\":\"ReadAction\",\"target\":[\"https:\/\/flashmode.tn\/magazine\/gaston-ardisson-qui-se-cache-derriere-le-parcours-familial-et-professionnel-de-thierry-ardisson\/\"]}]},{\"@type\":\"ImageObject\",\"inLanguage\":\"fr-FR\",\"@id\":\"https:\/\/flashmode.tn\/magazine\/gaston-ardisson-qui-se-cache-derriere-le-parcours-familial-et-professionnel-de-thierry-ardisson\/#primaryimage\",\"url\":\"https:\/\/i0.wp.com\/flashmode.tn\/magazine\/wp-content\/uploads\/2024\/03\/Gaston-Ardisson-Qui-se-cache-derriere-le-parcours-familial-et-professionnel-de-Thierry-Ardisson-.png?fit=1640%2C924&ssl=1\",\"contentUrl\":\"https:\/\/i0.wp.com\/flashmode.tn\/magazine\/wp-content\/uploads\/2024\/03\/Gaston-Ardisson-Qui-se-cache-derriere-le-parcours-familial-et-professionnel-de-Thierry-Ardisson-.png?fit=1640%2C924&ssl=1\",\"width\":1640,\"height\":924,\"caption\":\"Gaston Ardisson : Qui se cache derri\u00e8re le parcours familial et professionnel de Thierry Ardisson ?\"},{\"@type\":\"BreadcrumbList\",\"@id\":\"https:\/\/flashmode.tn\/magazine\/gaston-ardisson-qui-se-cache-derriere-le-parcours-familial-et-professionnel-de-thierry-ardisson\/#breadcrumb\",\"itemListElement\":[{\"@type\":\"ListItem\",\"position\":1,\"name\":\"Accueil\",\"item\":\"https:\/\/flashmode.tn\/magazine\/\"},{\"@type\":\"ListItem\",\"position\":2,\"name\":\"Gaston Ardisson : Qui se cache derri\u00e8re le parcours familial et professionnel de Thierry Ardisson ?\"}]},{\"@type\":\"WebSite\",\"@id\":\"https:\/\/flashmode.tn\/magazine\/#website\",\"url\":\"https:\/\/flashmode.tn\/magazine\/\",\"name\":\"Flashmode Magazine | Magazine de mode et style de vie Num\u00e9ro un en Tunisie et au Maghreb\",\"description\":\"Magazine de mode et style de vie Num\u00e9ro un en Tunisie et au Maghreb, cr\u00e9\u00e9 pour les hommes et les femmes : conseils beaut\u00e9, mode femme, mode homme, recettes de cuisine, c\u00e9l\u00e9brit\u00e9s et people, mannequins et top modeles\",\"potentialAction\":[{\"@type\":\"SearchAction\",\"target\":{\"@type\":\"EntryPoint\",\"urlTemplate\":\"https:\/\/flashmode.tn\/magazine\/?s={search_term_string}\"},\"query-input\":{\"@type\":\"PropertyValueSpecification\",\"valueRequired\":true,\"valueName\":\"search_term_string\"}}],\"inLanguage\":\"fr-FR\"},{\"@type\":\"Person\",\"@id\":\"https:\/\/flashmode.tn\/magazine\/#\/schema\/person\/79940f8af94166a445dd5bd6b3137682\",\"name\":\"The Daileigh\",\"image\":{\"@type\":\"ImageObject\",\"inLanguage\":\"fr-FR\",\"@id\":\"https:\/\/flashmode.tn\/magazine\/#\/schema\/person\/image\/\",\"url\":\"https:\/\/secure.gravatar.com\/avatar\/30d4d60865d61de3434abd01cb8b4ec5e5b5eb5a274017461832a54857b1770d?s=96&d=mm&r=g\",\"contentUrl\":\"https:\/\/secure.gravatar.com\/avatar\/30d4d60865d61de3434abd01cb8b4ec5e5b5eb5a274017461832a54857b1770d?s=96&d=mm&r=g\",\"caption\":\"The Daileigh\"},\"url\":\"https:\/\/flashmode.tn\/magazine\/author\/the-daileigh\/\"}]}<\/script>\n<!-- \/ Yoast SEO Premium plugin. -->","yoast_head_json":{"title":"Gaston Ardisson : Qui se cache derri\u00e8re le parcours familial et professionnel de Thierry Ardisson ? - Flashmode Magazine | Magazine de mode et style de vie Num\u00e9ro un en Tunisie et au Maghreb","description":"Bienvenue dans cet article d\u00e9di\u00e9 \u00e0 l'une des personnalit\u00e9s les plus fascinantes du paysage m\u00e9diatique fran\u00e7ais : Gaston Ardisson. Attachez vos ceintures,","robots":{"index":"index","follow":"follow","max-snippet":"max-snippet:-1","max-image-preview":"max-image-preview:large","max-video-preview":"max-video-preview:-1"},"canonical":"https:\/\/flashmode.tn\/magazine\/gaston-ardisson-qui-se-cache-derriere-le-parcours-familial-et-professionnel-de-thierry-ardisson\/","og_locale":"fr_FR","og_type":"article","og_title":"Gaston Ardisson : Qui se cache derri\u00e8re le parcours familial et professionnel de Thierry Ardisson ? - Flashmode Magazine | Magazine de mode et style de vie Num\u00e9ro un en Tunisie et au Maghreb","og_description":"Bienvenue dans cet article d\u00e9di\u00e9 \u00e0 l'une des personnalit\u00e9s les plus fascinantes du paysage m\u00e9diatique fran\u00e7ais : Gaston Ardisson. Attachez vos ceintures,","og_url":"https:\/\/flashmode.tn\/magazine\/gaston-ardisson-qui-se-cache-derriere-le-parcours-familial-et-professionnel-de-thierry-ardisson\/","og_site_name":"Flashmode Magazine | Magazine de mode et style de vie Num\u00e9ro un en Tunisie et au Maghreb","article_publisher":"https:\/\/www.facebook.com\/flashmode.magazine\/","article_published_time":"2024-03-12T01:59:11+00:00","article_modified_time":"2024-04-01T07:58:32+00:00","og_image":[{"width":1640,"height":924,"url":"https:\/\/flashmode.tn\/magazine\/wp-content\/uploads\/2024\/03\/Gaston-Ardisson-Qui-se-cache-derriere-le-parcours-familial-et-professionnel-de-Thierry-Ardisson-.png","type":"image\/png"}],"author":"The Daileigh","twitter_card":"summary_large_image","twitter_creator":"@agenceflashmode","twitter_site":"@agenceflashmode","twitter_misc":{"\u00c9crit par":"The Daileigh","Dur\u00e9e de lecture estim\u00e9e":"5 minutes"},"schema":{"@context":"https:\/\/schema.org","@graph":[{"@type":"WebPage","@id":"https:\/\/flashmode.tn\/magazine\/gaston-ardisson-qui-se-cache-derriere-le-parcours-familial-et-professionnel-de-thierry-ardisson\/","url":"https:\/\/flashmode.tn\/magazine\/gaston-ardisson-qui-se-cache-derriere-le-parcours-familial-et-professionnel-de-thierry-ardisson\/","name":"Gaston Ardisson : Qui se cache derri\u00e8re le parcours familial et professionnel de Thierry Ardisson ? - Flashmode Magazine | Magazine de mode et style de vie Num\u00e9ro un en Tunisie et au Maghreb","isPartOf":{"@id":"https:\/\/flashmode.tn\/magazine\/#website"},"primaryImageOfPage":{"@id":"https:\/\/flashmode.tn\/magazine\/gaston-ardisson-qui-se-cache-derriere-le-parcours-familial-et-professionnel-de-thierry-ardisson\/#primaryimage"},"image":{"@id":"https:\/\/flashmode.tn\/magazine\/gaston-ardisson-qui-se-cache-derriere-le-parcours-familial-et-professionnel-de-thierry-ardisson\/#primaryimage"},"thumbnailUrl":"https:\/\/i0.wp.com\/flashmode.tn\/magazine\/wp-content\/uploads\/2024\/03\/Gaston-Ardisson-Qui-se-cache-derriere-le-parcours-familial-et-professionnel-de-Thierry-Ardisson-.png?fit=1640%2C924&ssl=1","datePublished":"2024-03-12T01:59:11+00:00","dateModified":"2024-04-01T07:58:32+00:00","author":{"@id":"https:\/\/flashmode.tn\/magazine\/#\/schema\/person\/79940f8af94166a445dd5bd6b3137682"},"description":"Bienvenue dans cet article d\u00e9di\u00e9 \u00e0 l'une des personnalit\u00e9s les plus fascinantes du paysage m\u00e9diatique fran\u00e7ais : Gaston Ardisson. Attachez vos ceintures,","breadcrumb":{"@id":"https:\/\/flashmode.tn\/magazine\/gaston-ardisson-qui-se-cache-derriere-le-parcours-familial-et-professionnel-de-thierry-ardisson\/#breadcrumb"},"inLanguage":"fr-FR","potentialAction":[{"@type":"ReadAction","target":["https:\/\/flashmode.tn\/magazine\/gaston-ardisson-qui-se-cache-derriere-le-parcours-familial-et-professionnel-de-thierry-ardisson\/"]}]},{"@type":"ImageObject","inLanguage":"fr-FR","@id":"https:\/\/flashmode.tn\/magazine\/gaston-ardisson-qui-se-cache-derriere-le-parcours-familial-et-professionnel-de-thierry-ardisson\/#primaryimage","url":"https:\/\/i0.wp.com\/flashmode.tn\/magazine\/wp-content\/uploads\/2024\/03\/Gaston-Ardisson-Qui-se-cache-derriere-le-parcours-familial-et-professionnel-de-Thierry-Ardisson-.png?fit=1640%2C924&ssl=1","contentUrl":"https:\/\/i0.wp.com\/flashmode.tn\/magazine\/wp-content\/uploads\/2024\/03\/Gaston-Ardisson-Qui-se-cache-derriere-le-parcours-familial-et-professionnel-de-Thierry-Ardisson-.png?fit=1640%2C924&ssl=1","width":1640,"height":924,"caption":"Gaston Ardisson : Qui se cache derri\u00e8re le parcours familial et professionnel de Thierry Ardisson ?"},{"@type":"BreadcrumbList","@id":"https:\/\/flashmode.tn\/magazine\/gaston-ardisson-qui-se-cache-derriere-le-parcours-familial-et-professionnel-de-thierry-ardisson\/#breadcrumb","itemListElement":[{"@type":"ListItem","position":1,"name":"Accueil","item":"https:\/\/flashmode.tn\/magazine\/"},{"@type":"ListItem","position":2,"name":"Gaston Ardisson : Qui se cache derri\u00e8re le parcours familial et professionnel de Thierry Ardisson ?"}]},{"@type":"WebSite","@id":"https:\/\/flashmode.tn\/magazine\/#website","url":"https:\/\/flashmode.tn\/magazine\/","name":"Flashmode Magazine | Magazine de mode et style de vie Num\u00e9ro un en Tunisie et au Maghreb","description":"Magazine de mode et style de vie Num\u00e9ro un en Tunisie et au Maghreb, cr\u00e9\u00e9 pour les hommes et les femmes : conseils beaut\u00e9, mode femme, mode homme, recettes de cuisine, c\u00e9l\u00e9brit\u00e9s et people, mannequins et top modeles","potentialAction":[{"@type":"SearchAction","target":{"@type":"EntryPoint","urlTemplate":"https:\/\/flashmode.tn\/magazine\/?s={search_term_string}"},"query-input":{"@type":"PropertyValueSpecification","valueRequired":true,"valueName":"search_term_string"}}],"inLanguage":"fr-FR"},{"@type":"Person","@id":"https:\/\/flashmode.tn\/magazine\/#\/schema\/person\/79940f8af94166a445dd5bd6b3137682","name":"The Daileigh","image":{"@type":"ImageObject","inLanguage":"fr-FR","@id":"https:\/\/flashmode.tn\/magazine\/#\/schema\/person\/image\/","url":"https:\/\/secure.gravatar.com\/avatar\/30d4d60865d61de3434abd01cb8b4ec5e5b5eb5a274017461832a54857b1770d?s=96&d=mm&r=g","contentUrl":"https:\/\/secure.gravatar.com\/avatar\/30d4d60865d61de3434abd01cb8b4ec5e5b5eb5a274017461832a54857b1770d?s=96&d=mm&r=g","caption":"The Daileigh"},"url":"https:\/\/flashmode.tn\/magazine\/author\/the-daileigh\/"}]}},"jetpack_publicize_connections":[],"jetpack_featured_media_url":"https:\/\/i0.wp.com\/flashmode.tn\/magazine\/wp-content\/uploads\/2024\/03\/Gaston-Ardisson-Qui-se-cache-derriere-le-parcours-familial-et-professionnel-de-Thierry-Ardisson-.png?fit=1640%2C924&ssl=1","jetpack_shortlink":"https:\/\/wp.me\/p8BPGr-rkP","jetpack_sharing_enabled":true,"_links":{"self":[{"href":"https:\/\/flashmode.tn\/magazine\/wp-json\/wp\/v2\/posts\/105079","targetHints":{"allow":["GET"]}}],"collection":[{"href":"https:\/\/flashmode.tn\/magazine\/wp-json\/wp\/v2\/posts"}],"about":[{"href":"https:\/\/flashmode.tn\/magazine\/wp-json\/wp\/v2\/types\/post"}],"author":[{"embeddable":true,"href":"https:\/\/flashmode.tn\/magazine\/wp-json\/wp\/v2\/users\/8"}],"replies":[{"embeddable":true,"href":"https:\/\/flashmode.tn\/magazine\/wp-json\/wp\/v2\/comments?post=105079"}],"version-history":[{"count":2,"href":"https:\/\/flashmode.tn\/magazine\/wp-json\/wp\/v2\/posts\/105079\/revisions"}],"predecessor-version":[{"id":160939,"href":"https:\/\/flashmode.tn\/magazine\/wp-json\/wp\/v2\/posts\/105079\/revisions\/160939"}],"wp:featuredmedia":[{"embeddable":true,"href":"https:\/\/flashmode.tn\/magazine\/wp-json\/wp\/v2\/media\/160937"}],"wp:attachment":[{"href":"https:\/\/flashmode.tn\/magazine\/wp-json\/wp\/v2\/media?parent=105079"}],"wp:term":[{"taxonomy":"category","embeddable":true,"href":"https:\/\/flashmode.tn\/magazine\/wp-json\/wp\/v2\/categories?post=105079"},{"taxonomy":"post_tag","embeddable":true,"href":"https:\/\/flashmode.tn\/magazine\/wp-json\/wp\/v2\/tags?post=105079"}],"curies":[{"name":"wp","href":"https:\/\/api.w.org\/{rel}","templated":true}]}}