{"id":105090,"date":"2024-03-12T02:58:52","date_gmt":"2024-03-12T01:58:52","guid":{"rendered":"https:\/\/flashmode.tn\/magazine\/sumai-cardenas-un-acteur-en-pleine-ascension-decouvrez-son-parcours-fascinant\/"},"modified":"2024-04-01T10:41:44","modified_gmt":"2024-04-01T08:41:44","slug":"sumai-cardenas-un-acteur-en-pleine-ascension-decouvrez-son-parcours-fascinant","status":"publish","type":"post","link":"https:\/\/flashmode.tn\/magazine\/sumai-cardenas-un-acteur-en-pleine-ascension-decouvrez-son-parcours-fascinant\/","title":{"rendered":"Suma\u00ef Cardenas : Un Acteur en Pleine Ascension &#8211; D\u00e9couvrez son parcours fascinant !"},"content":{"rendered":"\n<p>Bienvenue sur notre blog d\u00e9di\u00e9 \u00e0 l&rsquo;univers captivant de Suma\u00ef Cardenas ! Si vous \u00eates passionn\u00e9 par le cin\u00e9ma, la t\u00e9l\u00e9vision et les histoires qui nous transportent, vous \u00eates au bon endroit. Dans cet article, nous allons plonger dans l&rsquo;ascension extraordinaire de cet acteur talentueux et d\u00e9couvrir les coulisses de son parcours fascinant. Attachez vos ceintures, car nous allons vous emmener dans un voyage rempli de rebondissements, d&rsquo;\u00e9motions et de d\u00e9couvertes surprenantes. Pr\u00e9parez-vous \u00e0 \u00eatre captiv\u00e9 par l&rsquo;histoire de Suma\u00ef Cardenas, un nom qui ne cesse de briller dans l&rsquo;univers du spectacle.<\/p>\n\n\n\n<div id=\"ez-toc-container\" class=\"ez-toc-v2_0_81 counter-hierarchy ez-toc-counter ez-toc-grey ez-toc-container-direction\">\n<div class=\"ez-toc-title-container\">\n<p class=\"ez-toc-title\" style=\"cursor:inherit\">Contenus de la page<\/p>\n<span class=\"ez-toc-title-toggle\"><a href=\"#\" class=\"ez-toc-pull-right ez-toc-btn ez-toc-btn-xs ez-toc-btn-default ez-toc-toggle\" aria-label=\"Toggle Table of Content\"><span class=\"ez-toc-js-icon-con\"><span class=\"\"><span class=\"eztoc-hide\" style=\"display:none;\">Toggle<\/span><span class=\"ez-toc-icon-toggle-span\"><svg style=\"fill: #999;color:#999\" xmlns=\"http:\/\/www.w3.org\/2000\/svg\" class=\"list-377408\" width=\"20px\" height=\"20px\" viewBox=\"0 0 24 24\" fill=\"none\"><path d=\"M6 6H4v2h2V6zm14 0H8v2h12V6zM4 11h2v2H4v-2zm16 0H8v2h12v-2zM4 16h2v2H4v-2zm16 0H8v2h12v-2z\" fill=\"currentColor\"><\/path><\/svg><svg style=\"fill: #999;color:#999\" class=\"arrow-unsorted-368013\" xmlns=\"http:\/\/www.w3.org\/2000\/svg\" width=\"10px\" height=\"10px\" viewBox=\"0 0 24 24\" version=\"1.2\" baseProfile=\"tiny\"><path d=\"M18.2 9.3l-6.2-6.3-6.2 6.3c-.2.2-.3.4-.3.7s.1.5.3.7c.2.2.4.3.7.3h11c.3 0 .5-.1.7-.3.2-.2.3-.5.3-.7s-.1-.5-.3-.7zM5.8 14.7l6.2 6.3 6.2-6.3c.2-.2.3-.5.3-.7s-.1-.5-.3-.7c-.2-.2-.4-.3-.7-.3h-11c-.3 0-.5.1-.7.3-.2.2-.3.5-.3.7s.1.5.3.7z\"\/><\/svg><\/span><\/span><\/span><\/a><\/span><\/div>\n<nav><ul class='ez-toc-list ez-toc-list-level-1 ' ><li class='ez-toc-page-1 ez-toc-heading-level-2'><a class=\"ez-toc-link ez-toc-heading-1\" href=\"https:\/\/flashmode.tn\/magazine\/sumai-cardenas-un-acteur-en-pleine-ascension-decouvrez-son-parcours-fascinant\/#Sumai_Cardenas_LAscension_dun_Acteur\" >Suma\u00ef Cardenas : L&rsquo;Ascension d&rsquo;un Acteur<\/a><ul class='ez-toc-list-level-3' ><li class='ez-toc-heading-level-3'><a class=\"ez-toc-link ez-toc-heading-2\" href=\"https:\/\/flashmode.tn\/magazine\/sumai-cardenas-un-acteur-en-pleine-ascension-decouvrez-son-parcours-fascinant\/#Decouverte_dun_talent\" >D\u00e9couverte d&rsquo;un talent<\/a><\/li><\/ul><\/li><li class='ez-toc-page-1 ez-toc-heading-level-2'><a class=\"ez-toc-link ez-toc-heading-3\" href=\"https:\/\/flashmode.tn\/magazine\/sumai-cardenas-un-acteur-en-pleine-ascension-decouvrez-son-parcours-fascinant\/#Marie_Madeleine_Plus_Quune_Disciple\" >Marie Madeleine : Plus Qu&rsquo;une Disciple<\/a><ul class='ez-toc-list-level-3' ><li class='ez-toc-heading-level-3'><a class=\"ez-toc-link ez-toc-heading-4\" href=\"https:\/\/flashmode.tn\/magazine\/sumai-cardenas-un-acteur-en-pleine-ascension-decouvrez-son-parcours-fascinant\/#Une_relation_controversee\" >Une relation controvers\u00e9e<\/a><\/li><\/ul><\/li><li class='ez-toc-page-1 ez-toc-heading-level-2'><a class=\"ez-toc-link ez-toc-heading-5\" href=\"https:\/\/flashmode.tn\/magazine\/sumai-cardenas-un-acteur-en-pleine-ascension-decouvrez-son-parcours-fascinant\/#Mehmet_Un_Personnage_Enigmatique\" >Mehmet : Un Personnage \u00c9nigmatique<\/a><ul class='ez-toc-list-level-3' ><li class='ez-toc-heading-level-3'><a class=\"ez-toc-link ez-toc-heading-6\" href=\"https:\/\/flashmode.tn\/magazine\/sumai-cardenas-un-acteur-en-pleine-ascension-decouvrez-son-parcours-fascinant\/#La_quete_de_revanche\" >La qu\u00eate de revanche<\/a><\/li><\/ul><\/li><li class='ez-toc-page-1 ez-toc-heading-level-2'><a class=\"ez-toc-link ez-toc-heading-7\" href=\"https:\/\/flashmode.tn\/magazine\/sumai-cardenas-un-acteur-en-pleine-ascension-decouvrez-son-parcours-fascinant\/#La_Famille_de_Jesus_Entre_Histoire_et_Fiction\" >La Famille de J\u00e9sus : Entre Histoire et Fiction<\/a><ul class='ez-toc-list-level-3' ><li class='ez-toc-heading-level-3'><a class=\"ez-toc-link ez-toc-heading-8\" href=\"https:\/\/flashmode.tn\/magazine\/sumai-cardenas-un-acteur-en-pleine-ascension-decouvrez-son-parcours-fascinant\/#Les_descendants_de_Jesus\" >Les descendants de J\u00e9sus<\/a><\/li><\/ul><\/li><li class='ez-toc-page-1 ez-toc-heading-level-2'><a class=\"ez-toc-link ez-toc-heading-9\" href=\"https:\/\/flashmode.tn\/magazine\/sumai-cardenas-un-acteur-en-pleine-ascension-decouvrez-son-parcours-fascinant\/#Conclusion_Un_Tissage_dHistoires\" >Conclusion : Un Tissage d&rsquo;Histoires<\/a><ul class='ez-toc-list-level-3' ><li class='ez-toc-heading-level-3'><a class=\"ez-toc-link ez-toc-heading-10\" href=\"https:\/\/flashmode.tn\/magazine\/sumai-cardenas-un-acteur-en-pleine-ascension-decouvrez-son-parcours-fascinant\/#Un_miroir_de_notre_societe\" >Un miroir de notre soci\u00e9t\u00e9<\/a><\/li><\/ul><\/li><\/ul><\/nav><\/div>\n<h2 class=\"wp-block-heading\" id=\"h-sumai-cardenas-l-ascension-d-un-acteur\"><span class=\"ez-toc-section\" id=\"Sumai_Cardenas_LAscension_dun_Acteur\"><\/span>Suma\u00ef Cardenas : L&rsquo;Ascension d&rsquo;un Acteur<span class=\"ez-toc-section-end\"><\/span><\/h2>\n\n\n\n<p><strong>Suma\u00ef Cardenas<\/strong>, acteur talentueux, est au c\u0153ur d&rsquo;une s\u00e9rie captivante : \u00ab\u00a0Les Infiltr\u00e9s\u00a0\u00bb. Dans ce drame plein de suspense, il incarne J\u00e9sus, un personnage dont le r\u00f4le devient de plus en plus central au fil des \u00e9pisodes. Sa performance remarquable est d&rsquo;autant plus impressionnante qu&rsquo;il s&rsquo;agit de l&rsquo;une de ses premi\u00e8res apparitions \u00e0 l&rsquo;\u00e9cran.<\/p>\n\n\n\n<h3 class=\"wp-block-heading\" id=\"h-decouverte-d-un-talent\"><span class=\"ez-toc-section\" id=\"Decouverte_dun_talent\"><\/span>D\u00e9couverte d&rsquo;un talent<span class=\"ez-toc-section-end\"><\/span><\/h3>\n\n\n\n<p>La d\u00e9couverte de Cardenas est presque aussi fascinante que sa prestation. Rep\u00e9r\u00e9 dans la rue, ce d\u00e9butant a su s&rsquo;imposer par son talent brut et sa capacit\u00e9 \u00e0 donner vie \u00e0 son personnage. Son interpr\u00e9tation soul\u00e8ve une question int\u00e9ressante : <strong>qui \u00e9tait vraiment J\u00e9sus dans le contexte de la s\u00e9rie<\/strong>, et comment cette figuration se m\u00eale-t-elle avec les textes anciens et les r\u00e9cits religieux?<\/p>\n\n\n\n<h2 class=\"wp-block-heading\" id=\"h-marie-madeleine-plus-qu-une-disciple\"><span class=\"ez-toc-section\" id=\"Marie_Madeleine_Plus_Quune_Disciple\"><\/span>Marie Madeleine : Plus Qu&rsquo;une Disciple<span class=\"ez-toc-section-end\"><\/span><\/h2>\n\n\n\n<p>Dans \u00ab\u00a0Les Infiltr\u00e9s\u00a0\u00bb, tout comme dans certains textes anciens, la figure de <strong>Marie Madeleine<\/strong> est mise en avant. Ces \u00e9crits, tels que l&rsquo;\u00c9vangile de Philippe, la pr\u00e9sentent non seulement comme une disciple, mais \u00e9galement comme la compagne de J\u00e9sus. Cette interpr\u00e9tation de Marie Madeleine comme une figure centrale et intimement li\u00e9e \u00e0 J\u00e9sus offre une perspective riche et complexe \u00e0 explorer.<\/p>\n\n\n\n<h3 class=\"wp-block-heading\" id=\"h-une-relation-controversee\"><span class=\"ez-toc-section\" id=\"Une_relation_controversee\"><\/span>Une relation controvers\u00e9e<span class=\"ez-toc-section-end\"><\/span><\/h3>\n\n\n\n<p>Les d\u00e9bats sur la nature exacte de la relation entre Marie Madeleine et J\u00e9sus ont travers\u00e9 les si\u00e8cles. Si l&rsquo;\u00c9vangile de Philippe la d\u00e9crit comme sa compagne, cette affirmation a \u00e9t\u00e9 l&rsquo;objet de nombreuses sp\u00e9culations et interpr\u00e9tations th\u00e9ologiques. Cette dynamique est explor\u00e9e avec nuance dans la s\u00e9rie, o\u00f9 les interactions entre les personnages s&rsquo;inspirent de ces textes pour tisser une toile de relations profondes et significatives.<\/p>\n\n\n\n<h2 class=\"wp-block-heading\" id=\"h-mehmet-un-personnage-enigmatique\"><span class=\"ez-toc-section\" id=\"Mehmet_Un_Personnage_Enigmatique\"><\/span>Mehmet : Un Personnage \u00c9nigmatique<span class=\"ez-toc-section-end\"><\/span><\/h2>\n\n\n\n<p><strong>Mehmet<\/strong>, un autre personnage intrigant de \u00ab\u00a0Les Infiltr\u00e9s\u00a0\u00bb, est un homme originaire des Balkans, ma\u00eetrisant l&rsquo;Albanais et parlant fran\u00e7ais avec un accent slave. Dans la quarantaine, il poursuit une qu\u00eate de revanche. Son profil de manipulateur et malhonn\u00eate ajoute une couche suppl\u00e9mentaire de complexit\u00e9 \u00e0 l&rsquo;intrigue, et son histoire personnelle est l&rsquo;une des nombreuses qui s&rsquo;entrem\u00ealent dans le r\u00e9cit.<\/p>\n\n\n\n<h3 class=\"wp-block-heading\" id=\"h-la-quete-de-revanche\"><span class=\"ez-toc-section\" id=\"La_quete_de_revanche\"><\/span>La qu\u00eate de revanche<span class=\"ez-toc-section-end\"><\/span><\/h3>\n\n\n\n<p>La qu\u00eate de Mehmet soul\u00e8ve des questions sur la r\u00e9demption, la justice et la moralit\u00e9. Comment un homme peut-il \u00eatre \u00e0 la fois le h\u00e9ros de sa propre histoire et l&rsquo;antagoniste de celle des autres? Cette dualit\u00e9 est explor\u00e9e avec brio par les sc\u00e9naristes, qui utilisent son personnage pour remettre en question les notions de bien et de mal.<\/p>\n\n\n\n<h2 class=\"wp-block-heading\" id=\"h-la-famille-de-jesus-entre-histoire-et-fiction\"><span class=\"ez-toc-section\" id=\"La_Famille_de_Jesus_Entre_Histoire_et_Fiction\"><\/span>La Famille de J\u00e9sus : Entre Histoire et Fiction<span class=\"ez-toc-section-end\"><\/span><\/h2>\n\n\n\n<p>Le Nouveau Testament mentionne que <strong>J\u00e9sus avait au moins six fr\u00e8res et s\u0153urs<\/strong>, parmi lesquels Jacques, Joset, Jude et Simon. Cette information, bien qu&rsquo;ancr\u00e9e dans les textes religieux, sert de toile de fond pour enrichir le r\u00e9cit des personnages dans \u00ab\u00a0Les Infiltr\u00e9s\u00a0\u00bb. La s\u00e9rie explore les liens familiaux et la mani\u00e8re dont ils influencent les motivations et les actions des personnages.<\/p>\n\n\n\n<h3 class=\"wp-block-heading\" id=\"h-les-descendants-de-jesus\"><span class=\"ez-toc-section\" id=\"Les_descendants_de_Jesus\"><\/span>Les descendants de J\u00e9sus<span class=\"ez-toc-section-end\"><\/span><\/h3>\n\n\n\n<p>La Bible mentionne \u00e9galement <strong>Ephra\u00efm et Manass\u00e9<\/strong> comme \u00e9tant les enfants de J\u00e9sus et Marie-Madeleine. Bien que cette affirmation ne soit pas universellement accept\u00e9e, elle offre un angle d&rsquo;approche fascinant pour la fiction. La s\u00e9rie pourrait ainsi tisser des liens g\u00e9n\u00e9alogiques et narratifs qui enrichissent la profondeur des personnages et de l&rsquo;histoire.<\/p>\n\n\n\n<h2 class=\"wp-block-heading\" id=\"h-conclusion-un-tissage-d-histoires\"><span class=\"ez-toc-section\" id=\"Conclusion_Un_Tissage_dHistoires\"><\/span>Conclusion : Un Tissage d&rsquo;Histoires<span class=\"ez-toc-section-end\"><\/span><\/h2>\n\n\n\n<p>\u00ab\u00a0Les Infiltr\u00e9s\u00a0\u00bb est bien plus qu&rsquo;une s\u00e9rie t\u00e9l\u00e9vis\u00e9e ; c&rsquo;est un entrelacement d&rsquo;histoires personnelles, de myst\u00e8res historiques et de th\u00e9ologies anciennes. \u00c0 travers les personnages de J\u00e9sus, Marie Madeleine et Mehmet, la s\u00e9rie cr\u00e9e un univers o\u00f9 chaque personnage apporte sa propre v\u00e9rit\u00e9 et o\u00f9 les fronti\u00e8res entre le bien et le mal sont constamment red\u00e9finies.<\/p>\n\n\n\n<h3 class=\"wp-block-heading\" id=\"h-un-miroir-de-notre-societe\"><span class=\"ez-toc-section\" id=\"Un_miroir_de_notre_societe\"><\/span>Un miroir de notre soci\u00e9t\u00e9<span class=\"ez-toc-section-end\"><\/span><\/h3>\n\n\n\n<p>En d\u00e9finitive, \u00e0 travers ses personnages complexes et ses intrigues tiss\u00e9es d&rsquo;ambigu\u00eft\u00e9, \u00ab\u00a0Les Infiltr\u00e9s\u00a0\u00bb se fait le miroir des perplexit\u00e9s et des contradictions de notre propre soci\u00e9t\u00e9. Suma\u00ef Cardenas et les autres acteurs n&rsquo;incarnent pas seulement des r\u00f4les ; ils donnent vie \u00e0 des figures qui nous interrogent sur notre histoire, nos croyances et nos valeurs.<\/p>\n\n\n\n<p>Ce blog post, enrichi de d\u00e9tails historiques et th\u00e9ologiques, s&rsquo;est efforc\u00e9 de d\u00e9crypter les personnages et les intrigues de \u00ab\u00a0Les Infiltr\u00e9s\u00a0\u00bb tout en respectant la complexit\u00e9 et la diversit\u00e9 des r\u00e9cits qui les ont inspir\u00e9s. Suma\u00ef Cardenas, par son interpr\u00e9tation de J\u00e9sus, nous invite \u00e0 red\u00e9couvrir ces figures embl\u00e9matiques sous un jour nouveau et fascinant.<\/p>\n\n\n\n<hr class=\"wp-block-separator has-alpha-channel-opacity\"\/>\n\n\n\n<p><strong>Qui est Suma\u00ef Cardenas et quel r\u00f4le joue-t-il dans Les Infiltr\u00e9s ?<\/strong><br>Suma\u00ef Cardenas est un acteur d\u00e9butant qui joue le r\u00f4le de J\u00e9sus dans Les Infiltr\u00e9s. Son personnage prend de l&rsquo;importance au fil des \u00e9pisodes.<\/p>\n\n\n\n<p><strong>Qui \u00e9tait la ma\u00eetresse de J\u00e9sus selon certains \u00e9crits religieux ?<\/strong><br>Selon certains \u00e9crits religieux tels que l&rsquo;\u00c9vangile de Philippe, Marie Madeleine est d\u00e9crite comme la compagne la plus proche et la plus aim\u00e9e de J\u00e9sus, la seule \u00e0 comprendre ses enseignements.<\/p>\n\n\n\n<p><strong>Est-ce que Jean Reno parle espagnol ?<\/strong><br>Oui, Jean Reno parle couramment l&rsquo;espagnol. N\u00e9 Juan Moreno y Herrera-Jim\u00e9nez \u00e0 Casablanca de parents exil\u00e9s espagnols, l&rsquo;acteur est fluent dans cette langue.<\/p>\n","protected":false},"excerpt":{"rendered":"<p>Bienvenue sur notre blog d\u00e9di\u00e9 \u00e0 l&rsquo;univers captivant de Suma\u00ef Cardenas ! Si vous \u00eates passionn\u00e9 par le cin\u00e9ma, la t\u00e9l\u00e9vision et les histoires qui nous transportent, vous \u00eates au bon endroit. Dans cet article, nous allons plonger dans l&rsquo;ascension extraordinaire de cet acteur talentueux et d\u00e9couvrir les coulisses de son parcours fascinant. Attachez vos [&hellip;]<\/p>\n","protected":false},"author":8,"featured_media":160973,"comment_status":"open","ping_status":"open","sticky":false,"template":"","format":"standard","meta":{"tdm_status":"","tdm_grid_status":"","_jetpack_memberships_contains_paid_content":false,"footnotes":"","jetpack_publicize_message":"","jetpack_publicize_feature_enabled":true,"jetpack_social_post_already_shared":false,"jetpack_social_options":{"image_generator_settings":{"template":"highway","default_image_id":0,"font":"","enabled":false},"version":2}},"categories":[78],"tags":[],"class_list":["post-105090","post","type-post","status-publish","format-standard","has-post-thumbnail","hentry","category-culture"],"yoast_head":"<!-- This site is optimized with the Yoast SEO Premium plugin v25.0 (Yoast SEO v25.0) - https:\/\/yoast.com\/wordpress\/plugins\/seo\/ -->\n<title>Suma\u00ef Cardenas : Un Acteur en Pleine Ascension - D\u00e9couvrez son parcours fascinant ! - Flashmode Magazine | Magazine de mode et style de vie Num\u00e9ro un en Tunisie et au Maghreb<\/title>\n<meta name=\"description\" content=\"Bienvenue sur notre blog d\u00e9di\u00e9 \u00e0 l&#039;univers captivant de Suma\u00ef Cardenas ! Si vous \u00eates passionn\u00e9 par le cin\u00e9ma, la t\u00e9l\u00e9vision et les histoires qui nous\" \/>\n<meta name=\"robots\" content=\"index, follow, max-snippet:-1, max-image-preview:large, max-video-preview:-1\" \/>\n<link rel=\"canonical\" href=\"https:\/\/flashmode.tn\/magazine\/sumai-cardenas-un-acteur-en-pleine-ascension-decouvrez-son-parcours-fascinant\/\" \/>\n<meta property=\"og:locale\" content=\"fr_FR\" \/>\n<meta property=\"og:type\" content=\"article\" \/>\n<meta property=\"og:title\" content=\"Suma\u00ef Cardenas : Un Acteur en Pleine Ascension - D\u00e9couvrez son parcours fascinant ! - Flashmode Magazine | Magazine de mode et style de vie Num\u00e9ro un en Tunisie et au Maghreb\" \/>\n<meta property=\"og:description\" content=\"Bienvenue sur notre blog d\u00e9di\u00e9 \u00e0 l&#039;univers captivant de Suma\u00ef Cardenas ! Si vous \u00eates passionn\u00e9 par le cin\u00e9ma, la t\u00e9l\u00e9vision et les histoires qui nous\" \/>\n<meta property=\"og:url\" content=\"https:\/\/flashmode.tn\/magazine\/sumai-cardenas-un-acteur-en-pleine-ascension-decouvrez-son-parcours-fascinant\/\" \/>\n<meta property=\"og:site_name\" content=\"Flashmode Magazine | Magazine de mode et style de vie Num\u00e9ro un en Tunisie et au Maghreb\" \/>\n<meta property=\"article:publisher\" content=\"https:\/\/www.facebook.com\/flashmode.magazine\/\" \/>\n<meta property=\"article:published_time\" content=\"2024-03-12T01:58:52+00:00\" \/>\n<meta property=\"article:modified_time\" content=\"2024-04-01T08:41:44+00:00\" \/>\n<meta property=\"og:image\" content=\"https:\/\/flashmode.tn\/magazine\/wp-content\/uploads\/2024\/03\/Sumai-Cardenas-Un-Acteur-en-Pleine-Ascension-Decouvrez-son-parcours-fascinant-.png\" \/>\n\t<meta property=\"og:image:width\" content=\"1640\" \/>\n\t<meta property=\"og:image:height\" content=\"924\" \/>\n\t<meta property=\"og:image:type\" content=\"image\/png\" \/>\n<meta name=\"author\" content=\"The Daileigh\" \/>\n<meta name=\"twitter:card\" content=\"summary_large_image\" \/>\n<meta name=\"twitter:creator\" content=\"@agenceflashmode\" \/>\n<meta name=\"twitter:site\" content=\"@agenceflashmode\" \/>\n<meta name=\"twitter:label1\" content=\"\u00c9crit par\" \/>\n\t<meta name=\"twitter:data1\" content=\"The Daileigh\" \/>\n\t<meta name=\"twitter:label2\" content=\"Dur\u00e9e de lecture estim\u00e9e\" \/>\n\t<meta name=\"twitter:data2\" content=\"5 minutes\" \/>\n<script type=\"application\/ld+json\" class=\"yoast-schema-graph\">{\"@context\":\"https:\/\/schema.org\",\"@graph\":[{\"@type\":\"WebPage\",\"@id\":\"https:\/\/flashmode.tn\/magazine\/sumai-cardenas-un-acteur-en-pleine-ascension-decouvrez-son-parcours-fascinant\/\",\"url\":\"https:\/\/flashmode.tn\/magazine\/sumai-cardenas-un-acteur-en-pleine-ascension-decouvrez-son-parcours-fascinant\/\",\"name\":\"Suma\u00ef Cardenas : Un Acteur en Pleine Ascension - D\u00e9couvrez son parcours fascinant ! - Flashmode Magazine | Magazine de mode et style de vie Num\u00e9ro un en Tunisie et au Maghreb\",\"isPartOf\":{\"@id\":\"https:\/\/flashmode.tn\/magazine\/#website\"},\"primaryImageOfPage\":{\"@id\":\"https:\/\/flashmode.tn\/magazine\/sumai-cardenas-un-acteur-en-pleine-ascension-decouvrez-son-parcours-fascinant\/#primaryimage\"},\"image\":{\"@id\":\"https:\/\/flashmode.tn\/magazine\/sumai-cardenas-un-acteur-en-pleine-ascension-decouvrez-son-parcours-fascinant\/#primaryimage\"},\"thumbnailUrl\":\"https:\/\/i0.wp.com\/flashmode.tn\/magazine\/wp-content\/uploads\/2024\/03\/Sumai-Cardenas-Un-Acteur-en-Pleine-Ascension-Decouvrez-son-parcours-fascinant-.png?fit=1640%2C924&ssl=1\",\"datePublished\":\"2024-03-12T01:58:52+00:00\",\"dateModified\":\"2024-04-01T08:41:44+00:00\",\"author\":{\"@id\":\"https:\/\/flashmode.tn\/magazine\/#\/schema\/person\/79940f8af94166a445dd5bd6b3137682\"},\"description\":\"Bienvenue sur notre blog d\u00e9di\u00e9 \u00e0 l'univers captivant de Suma\u00ef Cardenas ! Si vous \u00eates passionn\u00e9 par le cin\u00e9ma, la t\u00e9l\u00e9vision et les histoires qui nous\",\"breadcrumb\":{\"@id\":\"https:\/\/flashmode.tn\/magazine\/sumai-cardenas-un-acteur-en-pleine-ascension-decouvrez-son-parcours-fascinant\/#breadcrumb\"},\"inLanguage\":\"fr-FR\",\"potentialAction\":[{\"@type\":\"ReadAction\",\"target\":[\"https:\/\/flashmode.tn\/magazine\/sumai-cardenas-un-acteur-en-pleine-ascension-decouvrez-son-parcours-fascinant\/\"]}]},{\"@type\":\"ImageObject\",\"inLanguage\":\"fr-FR\",\"@id\":\"https:\/\/flashmode.tn\/magazine\/sumai-cardenas-un-acteur-en-pleine-ascension-decouvrez-son-parcours-fascinant\/#primaryimage\",\"url\":\"https:\/\/i0.wp.com\/flashmode.tn\/magazine\/wp-content\/uploads\/2024\/03\/Sumai-Cardenas-Un-Acteur-en-Pleine-Ascension-Decouvrez-son-parcours-fascinant-.png?fit=1640%2C924&ssl=1\",\"contentUrl\":\"https:\/\/i0.wp.com\/flashmode.tn\/magazine\/wp-content\/uploads\/2024\/03\/Sumai-Cardenas-Un-Acteur-en-Pleine-Ascension-Decouvrez-son-parcours-fascinant-.png?fit=1640%2C924&ssl=1\",\"width\":1640,\"height\":924,\"caption\":\"Suma\u00ef Cardenas : Un Acteur en Pleine Ascension - D\u00e9couvrez son parcours fascinant !\"},{\"@type\":\"BreadcrumbList\",\"@id\":\"https:\/\/flashmode.tn\/magazine\/sumai-cardenas-un-acteur-en-pleine-ascension-decouvrez-son-parcours-fascinant\/#breadcrumb\",\"itemListElement\":[{\"@type\":\"ListItem\",\"position\":1,\"name\":\"Accueil\",\"item\":\"https:\/\/flashmode.tn\/magazine\/\"},{\"@type\":\"ListItem\",\"position\":2,\"name\":\"Suma\u00ef Cardenas : Un Acteur en Pleine Ascension &#8211; D\u00e9couvrez son parcours fascinant !\"}]},{\"@type\":\"WebSite\",\"@id\":\"https:\/\/flashmode.tn\/magazine\/#website\",\"url\":\"https:\/\/flashmode.tn\/magazine\/\",\"name\":\"Flashmode Magazine | Magazine de mode et style de vie Num\u00e9ro un en Tunisie et au Maghreb\",\"description\":\"Magazine de mode et style de vie Num\u00e9ro un en Tunisie et au Maghreb, cr\u00e9\u00e9 pour les hommes et les femmes : conseils beaut\u00e9, mode femme, mode homme, recettes de cuisine, c\u00e9l\u00e9brit\u00e9s et people, mannequins et top modeles\",\"potentialAction\":[{\"@type\":\"SearchAction\",\"target\":{\"@type\":\"EntryPoint\",\"urlTemplate\":\"https:\/\/flashmode.tn\/magazine\/?s={search_term_string}\"},\"query-input\":{\"@type\":\"PropertyValueSpecification\",\"valueRequired\":true,\"valueName\":\"search_term_string\"}}],\"inLanguage\":\"fr-FR\"},{\"@type\":\"Person\",\"@id\":\"https:\/\/flashmode.tn\/magazine\/#\/schema\/person\/79940f8af94166a445dd5bd6b3137682\",\"name\":\"The Daileigh\",\"image\":{\"@type\":\"ImageObject\",\"inLanguage\":\"fr-FR\",\"@id\":\"https:\/\/flashmode.tn\/magazine\/#\/schema\/person\/image\/\",\"url\":\"https:\/\/secure.gravatar.com\/avatar\/30d4d60865d61de3434abd01cb8b4ec5e5b5eb5a274017461832a54857b1770d?s=96&d=mm&r=g\",\"contentUrl\":\"https:\/\/secure.gravatar.com\/avatar\/30d4d60865d61de3434abd01cb8b4ec5e5b5eb5a274017461832a54857b1770d?s=96&d=mm&r=g\",\"caption\":\"The Daileigh\"},\"url\":\"https:\/\/flashmode.tn\/magazine\/author\/the-daileigh\/\"}]}<\/script>\n<!-- \/ Yoast SEO Premium plugin. -->","yoast_head_json":{"title":"Suma\u00ef Cardenas : Un Acteur en Pleine Ascension - D\u00e9couvrez son parcours fascinant ! - Flashmode Magazine | Magazine de mode et style de vie Num\u00e9ro un en Tunisie et au Maghreb","description":"Bienvenue sur notre blog d\u00e9di\u00e9 \u00e0 l'univers captivant de Suma\u00ef Cardenas ! Si vous \u00eates passionn\u00e9 par le cin\u00e9ma, la t\u00e9l\u00e9vision et les histoires qui nous","robots":{"index":"index","follow":"follow","max-snippet":"max-snippet:-1","max-image-preview":"max-image-preview:large","max-video-preview":"max-video-preview:-1"},"canonical":"https:\/\/flashmode.tn\/magazine\/sumai-cardenas-un-acteur-en-pleine-ascension-decouvrez-son-parcours-fascinant\/","og_locale":"fr_FR","og_type":"article","og_title":"Suma\u00ef Cardenas : Un Acteur en Pleine Ascension - D\u00e9couvrez son parcours fascinant ! - Flashmode Magazine | Magazine de mode et style de vie Num\u00e9ro un en Tunisie et au Maghreb","og_description":"Bienvenue sur notre blog d\u00e9di\u00e9 \u00e0 l'univers captivant de Suma\u00ef Cardenas ! Si vous \u00eates passionn\u00e9 par le cin\u00e9ma, la t\u00e9l\u00e9vision et les histoires qui nous","og_url":"https:\/\/flashmode.tn\/magazine\/sumai-cardenas-un-acteur-en-pleine-ascension-decouvrez-son-parcours-fascinant\/","og_site_name":"Flashmode Magazine | Magazine de mode et style de vie Num\u00e9ro un en Tunisie et au Maghreb","article_publisher":"https:\/\/www.facebook.com\/flashmode.magazine\/","article_published_time":"2024-03-12T01:58:52+00:00","article_modified_time":"2024-04-01T08:41:44+00:00","og_image":[{"width":1640,"height":924,"url":"https:\/\/flashmode.tn\/magazine\/wp-content\/uploads\/2024\/03\/Sumai-Cardenas-Un-Acteur-en-Pleine-Ascension-Decouvrez-son-parcours-fascinant-.png","type":"image\/png"}],"author":"The Daileigh","twitter_card":"summary_large_image","twitter_creator":"@agenceflashmode","twitter_site":"@agenceflashmode","twitter_misc":{"\u00c9crit par":"The Daileigh","Dur\u00e9e de lecture estim\u00e9e":"5 minutes"},"schema":{"@context":"https:\/\/schema.org","@graph":[{"@type":"WebPage","@id":"https:\/\/flashmode.tn\/magazine\/sumai-cardenas-un-acteur-en-pleine-ascension-decouvrez-son-parcours-fascinant\/","url":"https:\/\/flashmode.tn\/magazine\/sumai-cardenas-un-acteur-en-pleine-ascension-decouvrez-son-parcours-fascinant\/","name":"Suma\u00ef Cardenas : Un Acteur en Pleine Ascension - D\u00e9couvrez son parcours fascinant ! - Flashmode Magazine | Magazine de mode et style de vie Num\u00e9ro un en Tunisie et au Maghreb","isPartOf":{"@id":"https:\/\/flashmode.tn\/magazine\/#website"},"primaryImageOfPage":{"@id":"https:\/\/flashmode.tn\/magazine\/sumai-cardenas-un-acteur-en-pleine-ascension-decouvrez-son-parcours-fascinant\/#primaryimage"},"image":{"@id":"https:\/\/flashmode.tn\/magazine\/sumai-cardenas-un-acteur-en-pleine-ascension-decouvrez-son-parcours-fascinant\/#primaryimage"},"thumbnailUrl":"https:\/\/i0.wp.com\/flashmode.tn\/magazine\/wp-content\/uploads\/2024\/03\/Sumai-Cardenas-Un-Acteur-en-Pleine-Ascension-Decouvrez-son-parcours-fascinant-.png?fit=1640%2C924&ssl=1","datePublished":"2024-03-12T01:58:52+00:00","dateModified":"2024-04-01T08:41:44+00:00","author":{"@id":"https:\/\/flashmode.tn\/magazine\/#\/schema\/person\/79940f8af94166a445dd5bd6b3137682"},"description":"Bienvenue sur notre blog d\u00e9di\u00e9 \u00e0 l'univers captivant de Suma\u00ef Cardenas ! Si vous \u00eates passionn\u00e9 par le cin\u00e9ma, la t\u00e9l\u00e9vision et les histoires qui nous","breadcrumb":{"@id":"https:\/\/flashmode.tn\/magazine\/sumai-cardenas-un-acteur-en-pleine-ascension-decouvrez-son-parcours-fascinant\/#breadcrumb"},"inLanguage":"fr-FR","potentialAction":[{"@type":"ReadAction","target":["https:\/\/flashmode.tn\/magazine\/sumai-cardenas-un-acteur-en-pleine-ascension-decouvrez-son-parcours-fascinant\/"]}]},{"@type":"ImageObject","inLanguage":"fr-FR","@id":"https:\/\/flashmode.tn\/magazine\/sumai-cardenas-un-acteur-en-pleine-ascension-decouvrez-son-parcours-fascinant\/#primaryimage","url":"https:\/\/i0.wp.com\/flashmode.tn\/magazine\/wp-content\/uploads\/2024\/03\/Sumai-Cardenas-Un-Acteur-en-Pleine-Ascension-Decouvrez-son-parcours-fascinant-.png?fit=1640%2C924&ssl=1","contentUrl":"https:\/\/i0.wp.com\/flashmode.tn\/magazine\/wp-content\/uploads\/2024\/03\/Sumai-Cardenas-Un-Acteur-en-Pleine-Ascension-Decouvrez-son-parcours-fascinant-.png?fit=1640%2C924&ssl=1","width":1640,"height":924,"caption":"Suma\u00ef Cardenas : Un Acteur en Pleine Ascension - D\u00e9couvrez son parcours fascinant !"},{"@type":"BreadcrumbList","@id":"https:\/\/flashmode.tn\/magazine\/sumai-cardenas-un-acteur-en-pleine-ascension-decouvrez-son-parcours-fascinant\/#breadcrumb","itemListElement":[{"@type":"ListItem","position":1,"name":"Accueil","item":"https:\/\/flashmode.tn\/magazine\/"},{"@type":"ListItem","position":2,"name":"Suma\u00ef Cardenas : Un Acteur en Pleine Ascension &#8211; D\u00e9couvrez son parcours fascinant !"}]},{"@type":"WebSite","@id":"https:\/\/flashmode.tn\/magazine\/#website","url":"https:\/\/flashmode.tn\/magazine\/","name":"Flashmode Magazine | Magazine de mode et style de vie Num\u00e9ro un en Tunisie et au Maghreb","description":"Magazine de mode et style de vie Num\u00e9ro un en Tunisie et au Maghreb, cr\u00e9\u00e9 pour les hommes et les femmes : conseils beaut\u00e9, mode femme, mode homme, recettes de cuisine, c\u00e9l\u00e9brit\u00e9s et people, mannequins et top modeles","potentialAction":[{"@type":"SearchAction","target":{"@type":"EntryPoint","urlTemplate":"https:\/\/flashmode.tn\/magazine\/?s={search_term_string}"},"query-input":{"@type":"PropertyValueSpecification","valueRequired":true,"valueName":"search_term_string"}}],"inLanguage":"fr-FR"},{"@type":"Person","@id":"https:\/\/flashmode.tn\/magazine\/#\/schema\/person\/79940f8af94166a445dd5bd6b3137682","name":"The Daileigh","image":{"@type":"ImageObject","inLanguage":"fr-FR","@id":"https:\/\/flashmode.tn\/magazine\/#\/schema\/person\/image\/","url":"https:\/\/secure.gravatar.com\/avatar\/30d4d60865d61de3434abd01cb8b4ec5e5b5eb5a274017461832a54857b1770d?s=96&d=mm&r=g","contentUrl":"https:\/\/secure.gravatar.com\/avatar\/30d4d60865d61de3434abd01cb8b4ec5e5b5eb5a274017461832a54857b1770d?s=96&d=mm&r=g","caption":"The Daileigh"},"url":"https:\/\/flashmode.tn\/magazine\/author\/the-daileigh\/"}]}},"jetpack_publicize_connections":[],"jetpack_featured_media_url":"https:\/\/i0.wp.com\/flashmode.tn\/magazine\/wp-content\/uploads\/2024\/03\/Sumai-Cardenas-Un-Acteur-en-Pleine-Ascension-Decouvrez-son-parcours-fascinant-.png?fit=1640%2C924&ssl=1","jetpack_shortlink":"https:\/\/wp.me\/p8BPGr-rl0","jetpack_sharing_enabled":true,"_links":{"self":[{"href":"https:\/\/flashmode.tn\/magazine\/wp-json\/wp\/v2\/posts\/105090","targetHints":{"allow":["GET"]}}],"collection":[{"href":"https:\/\/flashmode.tn\/magazine\/wp-json\/wp\/v2\/posts"}],"about":[{"href":"https:\/\/flashmode.tn\/magazine\/wp-json\/wp\/v2\/types\/post"}],"author":[{"embeddable":true,"href":"https:\/\/flashmode.tn\/magazine\/wp-json\/wp\/v2\/users\/8"}],"replies":[{"embeddable":true,"href":"https:\/\/flashmode.tn\/magazine\/wp-json\/wp\/v2\/comments?post=105090"}],"version-history":[{"count":2,"href":"https:\/\/flashmode.tn\/magazine\/wp-json\/wp\/v2\/posts\/105090\/revisions"}],"predecessor-version":[{"id":160974,"href":"https:\/\/flashmode.tn\/magazine\/wp-json\/wp\/v2\/posts\/105090\/revisions\/160974"}],"wp:featuredmedia":[{"embeddable":true,"href":"https:\/\/flashmode.tn\/magazine\/wp-json\/wp\/v2\/media\/160973"}],"wp:attachment":[{"href":"https:\/\/flashmode.tn\/magazine\/wp-json\/wp\/v2\/media?parent=105090"}],"wp:term":[{"taxonomy":"category","embeddable":true,"href":"https:\/\/flashmode.tn\/magazine\/wp-json\/wp\/v2\/categories?post=105090"},{"taxonomy":"post_tag","embeddable":true,"href":"https:\/\/flashmode.tn\/magazine\/wp-json\/wp\/v2\/tags?post=105090"}],"curies":[{"name":"wp","href":"https:\/\/api.w.org\/{rel}","templated":true}]}}