{"id":105121,"date":"2024-03-12T02:58:59","date_gmt":"2024-03-12T01:58:59","guid":{"rendered":"https:\/\/flashmode.tn\/magazine\/la-disparition-du-petit-emile-que-sest-il-vraiment-passe\/"},"modified":"2024-04-01T12:48:09","modified_gmt":"2024-04-01T10:48:09","slug":"la-disparition-du-petit-emile-que-sest-il-vraiment-passe","status":"publish","type":"post","link":"https:\/\/flashmode.tn\/magazine\/la-disparition-du-petit-emile-que-sest-il-vraiment-passe\/","title":{"rendered":"La disparition du petit \u00c9mile : Que s&rsquo;est-il vraiment pass\u00e9 ?"},"content":{"rendered":"\n<p>Vous \u00eates pr\u00eats pour une histoire captivante et myst\u00e9rieuse ? Attachez vos ceintures car nous allons plonger dans la disparition inexpliqu\u00e9e du petit \u00c9mile ! Imaginez-vous, un beau jour, ce jeune gar\u00e7on plein de vie dispara\u00eet sans laisser de trace. O\u00f9 est-il pass\u00e9 ? Est-ce une simple fugue ou y a-t-il quelque chose de plus sombre qui se cache derri\u00e8re cette \u00e9nigme ? Dans cet article, nous allons explorer les faits, les t\u00e9moignages troublants et les th\u00e9ories les plus farfelues qui entourent cette affaire intrigante. Pr\u00e9parez-vous \u00e0 \u00eatre captiv\u00e9 par cette histoire qui vous fera frissonner et vous donnera envie de r\u00e9soudre ce myst\u00e8re avec nous. Alors, pr\u00eats \u00e0 rejoindre notre enqu\u00eate pour retrouver le petit \u00c9mile disparu ?<\/p>\n\n\n\n<div id=\"ez-toc-container\" class=\"ez-toc-v2_0_81 counter-hierarchy ez-toc-counter ez-toc-grey ez-toc-container-direction\">\n<div class=\"ez-toc-title-container\">\n<p class=\"ez-toc-title\" style=\"cursor:inherit\">Contenus de la page<\/p>\n<span class=\"ez-toc-title-toggle\"><a href=\"#\" class=\"ez-toc-pull-right ez-toc-btn ez-toc-btn-xs ez-toc-btn-default ez-toc-toggle\" aria-label=\"Toggle Table of Content\"><span class=\"ez-toc-js-icon-con\"><span class=\"\"><span class=\"eztoc-hide\" style=\"display:none;\">Toggle<\/span><span class=\"ez-toc-icon-toggle-span\"><svg style=\"fill: #999;color:#999\" xmlns=\"http:\/\/www.w3.org\/2000\/svg\" class=\"list-377408\" width=\"20px\" height=\"20px\" viewBox=\"0 0 24 24\" fill=\"none\"><path d=\"M6 6H4v2h2V6zm14 0H8v2h12V6zM4 11h2v2H4v-2zm16 0H8v2h12v-2zM4 16h2v2H4v-2zm16 0H8v2h12v-2z\" fill=\"currentColor\"><\/path><\/svg><svg style=\"fill: #999;color:#999\" class=\"arrow-unsorted-368013\" xmlns=\"http:\/\/www.w3.org\/2000\/svg\" width=\"10px\" height=\"10px\" viewBox=\"0 0 24 24\" version=\"1.2\" baseProfile=\"tiny\"><path d=\"M18.2 9.3l-6.2-6.3-6.2 6.3c-.2.2-.3.4-.3.7s.1.5.3.7c.2.2.4.3.7.3h11c.3 0 .5-.1.7-.3.2-.2.3-.5.3-.7s-.1-.5-.3-.7zM5.8 14.7l6.2 6.3 6.2-6.3c.2-.2.3-.5.3-.7s-.1-.5-.3-.7c-.2-.2-.4-.3-.7-.3h-11c-.3 0-.5.1-.7.3-.2.2-.3.5-.3.7s.1.5.3.7z\"\/><\/svg><\/span><\/span><\/span><\/a><\/span><\/div>\n<nav><ul class='ez-toc-list ez-toc-list-level-1 ' ><li class='ez-toc-page-1 ez-toc-heading-level-2'><a class=\"ez-toc-link ez-toc-heading-1\" href=\"https:\/\/flashmode.tn\/magazine\/la-disparition-du-petit-emile-que-sest-il-vraiment-passe\/#La_disparition_inexpliquee_du_petit_Emile\" >La disparition inexpliqu\u00e9e du petit \u00c9mile<\/a><ul class='ez-toc-list-level-3' ><li class='ez-toc-heading-level-3'><a class=\"ez-toc-link ez-toc-heading-2\" href=\"https:\/\/flashmode.tn\/magazine\/la-disparition-du-petit-emile-que-sest-il-vraiment-passe\/#Lenquete_en_cours_et_les_pistes_explorees\" >L&rsquo;enqu\u00eate en cours et les pistes explor\u00e9es<\/a><\/li><li class='ez-toc-page-1 ez-toc-heading-level-3'><a class=\"ez-toc-link ez-toc-heading-3\" href=\"https:\/\/flashmode.tn\/magazine\/la-disparition-du-petit-emile-que-sest-il-vraiment-passe\/#Les_dernieres_recherches_et_leur_issue\" >Les derni\u00e8res recherches et leur issue<\/a><\/li><li class='ez-toc-page-1 ez-toc-heading-level-3'><a class=\"ez-toc-link ez-toc-heading-4\" href=\"https:\/\/flashmode.tn\/magazine\/la-disparition-du-petit-emile-que-sest-il-vraiment-passe\/#La_reaction_des_autorites_judiciaires\" >La r\u00e9action des autorit\u00e9s judiciaires<\/a><\/li><li class='ez-toc-page-1 ez-toc-heading-level-3'><a class=\"ez-toc-link ez-toc-heading-5\" href=\"https:\/\/flashmode.tn\/magazine\/la-disparition-du-petit-emile-que-sest-il-vraiment-passe\/#La_couverture_mediatique_de_laffaire\" >La couverture m\u00e9diatique de l&rsquo;affaire<\/a><\/li><li class='ez-toc-page-1 ez-toc-heading-level-3'><a class=\"ez-toc-link ez-toc-heading-6\" href=\"https:\/\/flashmode.tn\/magazine\/la-disparition-du-petit-emile-que-sest-il-vraiment-passe\/#Les_circonstances_tragiques_dautres_disparitions\" >Les circonstances tragiques d&rsquo;autres disparitions<\/a><\/li><li class='ez-toc-page-1 ez-toc-heading-level-3'><a class=\"ez-toc-link ez-toc-heading-7\" href=\"https:\/\/flashmode.tn\/magazine\/la-disparition-du-petit-emile-que-sest-il-vraiment-passe\/#Lanalyse_des_risques_et_des_potentielles_coincidences\" >L&rsquo;analyse des risques et des potentielles co\u00efncidences<\/a><\/li><li class='ez-toc-page-1 ez-toc-heading-level-3'><a class=\"ez-toc-link ez-toc-heading-8\" href=\"https:\/\/flashmode.tn\/magazine\/la-disparition-du-petit-emile-que-sest-il-vraiment-passe\/#La_communaute_en_quete_de_reponses\" >La communaut\u00e9 en qu\u00eate de r\u00e9ponses<\/a><\/li><li class='ez-toc-page-1 ez-toc-heading-level-3'><a class=\"ez-toc-link ez-toc-heading-9\" href=\"https:\/\/flashmode.tn\/magazine\/la-disparition-du-petit-emile-que-sest-il-vraiment-passe\/#Les_prochaines_etapes_de_lenquete\" >Les prochaines \u00e9tapes de l&rsquo;enqu\u00eate<\/a><\/li><li class='ez-toc-page-1 ez-toc-heading-level-3'><a class=\"ez-toc-link ez-toc-heading-10\" href=\"https:\/\/flashmode.tn\/magazine\/la-disparition-du-petit-emile-que-sest-il-vraiment-passe\/#Conclusion_Un_appel_a_la_vigilance_et_a_la_solidarite\" >Conclusion : Un appel \u00e0 la vigilance et \u00e0 la solidarit\u00e9<\/a><\/li><\/ul><\/li><\/ul><\/nav><\/div>\n<h2 class=\"wp-block-heading\" id=\"h-la-disparition-inexpliquee-du-petit-emile\"><span class=\"ez-toc-section\" id=\"La_disparition_inexpliquee_du_petit_Emile\"><\/span>La disparition inexpliqu\u00e9e du petit \u00c9mile<span class=\"ez-toc-section-end\"><\/span><\/h2>\n\n\n\n<p>Le 8 juillet est une date qui restera grav\u00e9e dans les m\u00e9moires des habitants du Haut-Vernet, une petite commune paisible des Alpes-de-Haute-Provence. Ce jour-l\u00e0, le petit \u00c9mile, \u00e2g\u00e9 seulement de deux ans, a disparu sans laisser de trace. Malgr\u00e9 une mobilisation sans pr\u00e9c\u00e9dent et des moyens de recherche consid\u00e9rables, le myst\u00e8re reste entier.<\/p>\n\n\n\n<h3 class=\"wp-block-heading\" id=\"h-l-enquete-en-cours-et-les-pistes-explorees\"><span class=\"ez-toc-section\" id=\"Lenquete_en_cours_et_les_pistes_explorees\"><\/span>L&rsquo;enqu\u00eate en cours et les pistes explor\u00e9es<span class=\"ez-toc-section-end\"><\/span><\/h3>\n\n\n\n<p>Apr\u00e8s plusieurs jours de fouilles minutieuses et d&rsquo;analyses d&rsquo;indices, les enqu\u00eateurs se trouvent face \u00e0 une \u00e9nigme complexe. Les th\u00e9ories se multiplient, mais aucune n&rsquo;a conduit \u00e0 \u00c9mile. Chaque jour qui passe est une \u00e9preuve pour la famille et les proches du petit gar\u00e7on, qui s&rsquo;accrochent \u00e0 l&rsquo;espoir malgr\u00e9 l&rsquo;absence de nouvelles concluantes.<\/p>\n\n\n\n<h3 class=\"wp-block-heading\" id=\"h-les-dernieres-recherches-et-leur-issue\"><span class=\"ez-toc-section\" id=\"Les_dernieres_recherches_et_leur_issue\"><\/span>Les derni\u00e8res recherches et leur issue<span class=\"ez-toc-section-end\"><\/span><\/h3>\n\n\n\n<p>Les derni\u00e8res op\u00e9rations de recherche ont \u00e9t\u00e9 vastes et organis\u00e9es, impliquant des b\u00e9n\u00e9voles, des professionnels de la s\u00e9curit\u00e9 et m\u00eame des sp\u00e9cialistes en recherche de personnes disparues. Le hameau du Haut-Vernet a \u00e9t\u00e9 pass\u00e9 au peigne fin, sans succ\u00e8s. L&rsquo;espoir de retrouver \u00c9mile sain et sauf s&rsquo;amenuise, mais personne ne veut abandonner.<\/p>\n\n\n\n<h3 class=\"wp-block-heading\" id=\"h-la-reaction-des-autorites-judiciaires\"><span class=\"ez-toc-section\" id=\"La_reaction_des_autorites_judiciaires\"><\/span>La r\u00e9action des autorit\u00e9s judiciaires<span class=\"ez-toc-section-end\"><\/span><\/h3>\n\n\n\n<p><strong>\n<\/strong><\/p>\n\n\n\n<p><strong>Face \u00e0 la gravit\u00e9 de la situation, le procureur de la R\u00e9publique de Digne-les-Bains a pris la d\u00e9cision d&rsquo;ouvrir une information judiciaire. Cela marque un tournant dans l&rsquo;enqu\u00eate, avec la possibilit\u00e9 d&rsquo;exploiter de nouvelles pistes et de mobiliser d&rsquo;autres ressources.<\/strong><\/p>\n\n\n\n<strong>\n<\/strong>\n\n\n\n<p><\/p>\n\n\n\n<h3 class=\"wp-block-heading\" id=\"h-la-couverture-mediatique-de-l-affaire\"><span class=\"ez-toc-section\" id=\"La_couverture_mediatique_de_laffaire\"><\/span>La couverture m\u00e9diatique de l&rsquo;affaire<span class=\"ez-toc-section-end\"><\/span><\/h3>\n\n\n\n<p>L&rsquo;affaire d&rsquo;\u00c9mile a suscit\u00e9 une immense vague d&rsquo;\u00e9motion et de solidarit\u00e9 au niveau national, mais avec le temps, le sujet semble moins pr\u00e9sent dans les m\u00e9dias. Pourtant, pour la famille et les enqu\u00eateurs, l&rsquo;affaire est loin d&rsquo;\u00eatre termin\u00e9e.<\/p>\n\n\n\n<h3 class=\"wp-block-heading\" id=\"h-les-circonstances-tragiques-d-autres-disparitions\"><span class=\"ez-toc-section\" id=\"Les_circonstances_tragiques_dautres_disparitions\"><\/span>Les circonstances tragiques d&rsquo;autres disparitions<span class=\"ez-toc-section-end\"><\/span><\/h3>\n\n\n\n<p>Alors que l&rsquo;attention se focalise sur le cas d&rsquo;\u00c9mile, d&rsquo;autres trag\u00e9dies rappellent la vuln\u00e9rabilit\u00e9 des plus jeunes. En Guyane, un petit gar\u00e7on de deux ans a \u00e9t\u00e9 retrouv\u00e9 mort apr\u00e8s avoir \u00e9chapp\u00e9 \u00e0 la vigilance de sa famille pendant une sieste. Cette histoire tragique a secou\u00e9 la communaut\u00e9 et rappelle la rapidit\u00e9 avec laquelle une disparition peut se transformer en drame.<\/p>\n\n\n\n<h3 class=\"wp-block-heading\" id=\"h-l-analyse-des-risques-et-des-potentielles-coincidences\"><span class=\"ez-toc-section\" id=\"Lanalyse_des_risques_et_des_potentielles_coincidences\"><\/span>L&rsquo;analyse des risques et des potentielles co\u00efncidences<span class=\"ez-toc-section-end\"><\/span><\/h3>\n\n\n\n<p>La co\u00efncidence de la disparition d&rsquo;\u00c9mile avec l&rsquo;incendie de maisons non loin du Haut-Vernet a conduit \u00e0 des sp\u00e9culations. Les enqu\u00eateurs ont d\u00fb prendre en compte cet \u00e9v\u00e9nement dans leur analyse des risques et des pistes possibles. Toutes les hypoth\u00e8ses sont examin\u00e9es, y compris les plus inattendues.<\/p>\n\n\n\n<h3 class=\"wp-block-heading\" id=\"h-la-communaute-en-quete-de-reponses\"><span class=\"ez-toc-section\" id=\"La_communaute_en_quete_de_reponses\"><\/span>La communaut\u00e9 en qu\u00eate de r\u00e9ponses<span class=\"ez-toc-section-end\"><\/span><\/h3>\n\n\n\n<p>Au sein de la communaut\u00e9, le choc et l&rsquo;incompr\u00e9hension demeurent. Des questions sans r\u00e9ponses p\u00e8sent lourdement sur le c\u0153ur des habitants, qui se demandent comment un tel \u00e9v\u00e9nement a pu se produire dans leur commune. La solidarit\u00e9 s&rsquo;exprime \u00e0 travers des initiatives pour soutenir la famille du petit \u00c9mile et pour continuer la recherche.<\/p>\n\n\n\n<h3 class=\"wp-block-heading\" id=\"h-les-prochaines-etapes-de-l-enquete\"><span class=\"ez-toc-section\" id=\"Les_prochaines_etapes_de_lenquete\"><\/span>Les prochaines \u00e9tapes de l&rsquo;enqu\u00eate<span class=\"ez-toc-section-end\"><\/span><\/h3>\n\n\n\n<p>Les enqu\u00eateurs ne perdent pas espoir et continuent d&rsquo;exploiter toutes les pistes envisageables. Les efforts se poursuivent inlassablement, car chaque minute compte dans la recherche d&rsquo;un enfant disparu. La communaut\u00e9, les autorit\u00e9s et la famille d&rsquo;\u00c9mile attendent avec impatience le jour o\u00f9 ils pourront enfin comprendre ce qui s&rsquo;est pass\u00e9 ce triste jour de juillet.<\/p>\n\n\n\n<h3 class=\"wp-block-heading\" id=\"h-conclusion-un-appel-a-la-vigilance-et-a-la-solidarite\"><span class=\"ez-toc-section\" id=\"Conclusion_Un_appel_a_la_vigilance_et_a_la_solidarite\"><\/span>Conclusion : Un appel \u00e0 la vigilance et \u00e0 la solidarit\u00e9<span class=\"ez-toc-section-end\"><\/span><\/h3>\n\n\n\n<p>La disparition du petit \u00c9mile nous rappelle cruellement que de telles \u00e9preuves peuvent toucher n&rsquo;importe quelle famille, n&rsquo;importe quelle communaut\u00e9. Le Haut-Vernet, autrefois tranquille, est devenu le th\u00e9\u00e2tre d&rsquo;une angoisse partag\u00e9e par tous. C&rsquo;est un appel \u00e0 la vigilance, mais \u00e9galement \u00e0 la solidarit\u00e9, pour que jamais un tel drame ne se r\u00e9p\u00e8te et pour que toutes les disparitions d&rsquo;enfants soient trait\u00e9es avec la m\u00eame urgence et le m\u00eame d\u00e9vouement.<\/p>\n\n\n\n<hr class=\"wp-block-separator has-alpha-channel-opacity\"\/>\n\n\n\n<p><strong>Q: Est-ce que le petit \u00c9mile a \u00e9t\u00e9 retrouv\u00e9 mort ?<\/strong><br>\nA: Non, malgr\u00e9 les intenses recherches, aucune trace du petit \u00c9mile n&rsquo;a \u00e9t\u00e9 retrouv\u00e9e.<\/p>\n\n\n\n<p><strong>Q: Est-ce que le petit gar\u00e7on de 2 ans a \u00e9t\u00e9 retrouv\u00e9 ?<\/strong><br>\nA: Oui, malheureusement, le petit gar\u00e7on de 2 ans a \u00e9t\u00e9 retrouv\u00e9 mort par sa m\u00e8re dans la voiture.<\/p>\n\n\n\n<p><strong>Q: Comment est mort le petit \u00c9mile ?<\/strong><br>\nA: Les circonstances exactes de la mort du petit \u00c9mile n&rsquo;ont pas \u00e9t\u00e9 mentionn\u00e9es dans les faits donn\u00e9s.<\/p>\n\n\n\n<p><strong>Q: Y a-t-il eu des incendies pr\u00e8s du lieu de la disparition du petit \u00c9mile ?<\/strong><br>\nA: Oui, selon Le Parisien, quatre maisons ont br\u00fbl\u00e9 \u00e0 une dizaine de kilom\u00e8tres du Haut-Vernet, o\u00f9 le petit \u00c9mile a disparu. Cependant, il n&rsquo;y a pas de lien direct \u00e9tabli entre ces incendies et la disparition du petit gar\u00e7on.<\/p>\n","protected":false},"excerpt":{"rendered":"<p>Vous \u00eates pr\u00eats pour une histoire captivante et myst\u00e9rieuse ? Attachez vos ceintures car nous allons plonger dans la disparition inexpliqu\u00e9e du petit \u00c9mile ! Imaginez-vous, un beau jour, ce jeune gar\u00e7on plein de vie dispara\u00eet sans laisser de trace. O\u00f9 est-il pass\u00e9 ? Est-ce une simple fugue ou y a-t-il quelque chose de plus [&hellip;]<\/p>\n","protected":false},"author":8,"featured_media":161066,"comment_status":"open","ping_status":"open","sticky":false,"template":"","format":"standard","meta":{"tdm_status":"","tdm_grid_status":"","_jetpack_memberships_contains_paid_content":false,"footnotes":"","jetpack_publicize_message":"","jetpack_publicize_feature_enabled":true,"jetpack_social_post_already_shared":false,"jetpack_social_options":{"image_generator_settings":{"template":"highway","default_image_id":0,"font":"","enabled":false},"version":2}},"categories":[78],"tags":[],"class_list":["post-105121","post","type-post","status-publish","format-standard","has-post-thumbnail","hentry","category-culture"],"yoast_head":"<!-- This site is optimized with the Yoast SEO Premium plugin v25.0 (Yoast SEO v25.0) - https:\/\/yoast.com\/wordpress\/plugins\/seo\/ -->\n<title>La disparition du petit \u00c9mile : Que s&#039;est-il vraiment pass\u00e9 ? - Flashmode Magazine | Magazine de mode et style de vie Num\u00e9ro un en Tunisie et au Maghreb<\/title>\n<meta name=\"description\" content=\"Vous \u00eates pr\u00eats pour une histoire captivante et myst\u00e9rieuse ? Attachez vos ceintures car nous allons plonger dans la disparition inexpliqu\u00e9e du petit\" \/>\n<meta name=\"robots\" content=\"index, follow, max-snippet:-1, max-image-preview:large, max-video-preview:-1\" \/>\n<link rel=\"canonical\" href=\"https:\/\/flashmode.tn\/magazine\/la-disparition-du-petit-emile-que-sest-il-vraiment-passe\/\" \/>\n<meta property=\"og:locale\" content=\"fr_FR\" \/>\n<meta property=\"og:type\" content=\"article\" \/>\n<meta property=\"og:title\" content=\"La disparition du petit \u00c9mile : Que s&#039;est-il vraiment pass\u00e9 ? - Flashmode Magazine | Magazine de mode et style de vie Num\u00e9ro un en Tunisie et au Maghreb\" \/>\n<meta property=\"og:description\" content=\"Vous \u00eates pr\u00eats pour une histoire captivante et myst\u00e9rieuse ? Attachez vos ceintures car nous allons plonger dans la disparition inexpliqu\u00e9e du petit\" \/>\n<meta property=\"og:url\" content=\"https:\/\/flashmode.tn\/magazine\/la-disparition-du-petit-emile-que-sest-il-vraiment-passe\/\" \/>\n<meta property=\"og:site_name\" content=\"Flashmode Magazine | Magazine de mode et style de vie Num\u00e9ro un en Tunisie et au Maghreb\" \/>\n<meta property=\"article:publisher\" content=\"https:\/\/www.facebook.com\/flashmode.magazine\/\" \/>\n<meta property=\"article:published_time\" content=\"2024-03-12T01:58:59+00:00\" \/>\n<meta property=\"article:modified_time\" content=\"2024-04-01T10:48:09+00:00\" \/>\n<meta property=\"og:image\" content=\"https:\/\/flashmode.tn\/magazine\/wp-content\/uploads\/2024\/03\/La-disparition-du-petit-Emile-Que-sest-il-vraiment-passe-.png\" \/>\n\t<meta property=\"og:image:width\" content=\"1640\" \/>\n\t<meta property=\"og:image:height\" content=\"924\" \/>\n\t<meta property=\"og:image:type\" content=\"image\/png\" \/>\n<meta name=\"author\" content=\"The Daileigh\" \/>\n<meta name=\"twitter:card\" content=\"summary_large_image\" \/>\n<meta name=\"twitter:creator\" content=\"@agenceflashmode\" \/>\n<meta name=\"twitter:site\" content=\"@agenceflashmode\" \/>\n<meta name=\"twitter:label1\" content=\"\u00c9crit par\" \/>\n\t<meta name=\"twitter:data1\" content=\"The Daileigh\" \/>\n\t<meta name=\"twitter:label2\" content=\"Dur\u00e9e de lecture estim\u00e9e\" \/>\n\t<meta name=\"twitter:data2\" content=\"5 minutes\" \/>\n<script type=\"application\/ld+json\" class=\"yoast-schema-graph\">{\"@context\":\"https:\/\/schema.org\",\"@graph\":[{\"@type\":\"WebPage\",\"@id\":\"https:\/\/flashmode.tn\/magazine\/la-disparition-du-petit-emile-que-sest-il-vraiment-passe\/\",\"url\":\"https:\/\/flashmode.tn\/magazine\/la-disparition-du-petit-emile-que-sest-il-vraiment-passe\/\",\"name\":\"La disparition du petit \u00c9mile : Que s'est-il vraiment pass\u00e9 ? - Flashmode Magazine | Magazine de mode et style de vie Num\u00e9ro un en Tunisie et au Maghreb\",\"isPartOf\":{\"@id\":\"https:\/\/flashmode.tn\/magazine\/#website\"},\"primaryImageOfPage\":{\"@id\":\"https:\/\/flashmode.tn\/magazine\/la-disparition-du-petit-emile-que-sest-il-vraiment-passe\/#primaryimage\"},\"image\":{\"@id\":\"https:\/\/flashmode.tn\/magazine\/la-disparition-du-petit-emile-que-sest-il-vraiment-passe\/#primaryimage\"},\"thumbnailUrl\":\"https:\/\/i0.wp.com\/flashmode.tn\/magazine\/wp-content\/uploads\/2024\/03\/La-disparition-du-petit-Emile-Que-sest-il-vraiment-passe-.png?fit=1640%2C924&ssl=1\",\"datePublished\":\"2024-03-12T01:58:59+00:00\",\"dateModified\":\"2024-04-01T10:48:09+00:00\",\"author\":{\"@id\":\"https:\/\/flashmode.tn\/magazine\/#\/schema\/person\/79940f8af94166a445dd5bd6b3137682\"},\"description\":\"Vous \u00eates pr\u00eats pour une histoire captivante et myst\u00e9rieuse ? Attachez vos ceintures car nous allons plonger dans la disparition inexpliqu\u00e9e du petit\",\"breadcrumb\":{\"@id\":\"https:\/\/flashmode.tn\/magazine\/la-disparition-du-petit-emile-que-sest-il-vraiment-passe\/#breadcrumb\"},\"inLanguage\":\"fr-FR\",\"potentialAction\":[{\"@type\":\"ReadAction\",\"target\":[\"https:\/\/flashmode.tn\/magazine\/la-disparition-du-petit-emile-que-sest-il-vraiment-passe\/\"]}]},{\"@type\":\"ImageObject\",\"inLanguage\":\"fr-FR\",\"@id\":\"https:\/\/flashmode.tn\/magazine\/la-disparition-du-petit-emile-que-sest-il-vraiment-passe\/#primaryimage\",\"url\":\"https:\/\/i0.wp.com\/flashmode.tn\/magazine\/wp-content\/uploads\/2024\/03\/La-disparition-du-petit-Emile-Que-sest-il-vraiment-passe-.png?fit=1640%2C924&ssl=1\",\"contentUrl\":\"https:\/\/i0.wp.com\/flashmode.tn\/magazine\/wp-content\/uploads\/2024\/03\/La-disparition-du-petit-Emile-Que-sest-il-vraiment-passe-.png?fit=1640%2C924&ssl=1\",\"width\":1640,\"height\":924,\"caption\":\"La disparition du petit \u00c9mile : Que s'est-il vraiment pass\u00e9 ?\"},{\"@type\":\"BreadcrumbList\",\"@id\":\"https:\/\/flashmode.tn\/magazine\/la-disparition-du-petit-emile-que-sest-il-vraiment-passe\/#breadcrumb\",\"itemListElement\":[{\"@type\":\"ListItem\",\"position\":1,\"name\":\"Accueil\",\"item\":\"https:\/\/flashmode.tn\/magazine\/\"},{\"@type\":\"ListItem\",\"position\":2,\"name\":\"La disparition du petit \u00c9mile : Que s&rsquo;est-il vraiment pass\u00e9 ?\"}]},{\"@type\":\"WebSite\",\"@id\":\"https:\/\/flashmode.tn\/magazine\/#website\",\"url\":\"https:\/\/flashmode.tn\/magazine\/\",\"name\":\"Flashmode Magazine | Magazine de mode et style de vie Num\u00e9ro un en Tunisie et au Maghreb\",\"description\":\"Magazine de mode et style de vie Num\u00e9ro un en Tunisie et au Maghreb, cr\u00e9\u00e9 pour les hommes et les femmes : conseils beaut\u00e9, mode femme, mode homme, recettes de cuisine, c\u00e9l\u00e9brit\u00e9s et people, mannequins et top modeles\",\"potentialAction\":[{\"@type\":\"SearchAction\",\"target\":{\"@type\":\"EntryPoint\",\"urlTemplate\":\"https:\/\/flashmode.tn\/magazine\/?s={search_term_string}\"},\"query-input\":{\"@type\":\"PropertyValueSpecification\",\"valueRequired\":true,\"valueName\":\"search_term_string\"}}],\"inLanguage\":\"fr-FR\"},{\"@type\":\"Person\",\"@id\":\"https:\/\/flashmode.tn\/magazine\/#\/schema\/person\/79940f8af94166a445dd5bd6b3137682\",\"name\":\"The Daileigh\",\"image\":{\"@type\":\"ImageObject\",\"inLanguage\":\"fr-FR\",\"@id\":\"https:\/\/flashmode.tn\/magazine\/#\/schema\/person\/image\/\",\"url\":\"https:\/\/secure.gravatar.com\/avatar\/30d4d60865d61de3434abd01cb8b4ec5e5b5eb5a274017461832a54857b1770d?s=96&d=mm&r=g\",\"contentUrl\":\"https:\/\/secure.gravatar.com\/avatar\/30d4d60865d61de3434abd01cb8b4ec5e5b5eb5a274017461832a54857b1770d?s=96&d=mm&r=g\",\"caption\":\"The Daileigh\"},\"url\":\"https:\/\/flashmode.tn\/magazine\/author\/the-daileigh\/\"}]}<\/script>\n<!-- \/ Yoast SEO Premium plugin. -->","yoast_head_json":{"title":"La disparition du petit \u00c9mile : Que s'est-il vraiment pass\u00e9 ? - Flashmode Magazine | Magazine de mode et style de vie Num\u00e9ro un en Tunisie et au Maghreb","description":"Vous \u00eates pr\u00eats pour une histoire captivante et myst\u00e9rieuse ? Attachez vos ceintures car nous allons plonger dans la disparition inexpliqu\u00e9e du petit","robots":{"index":"index","follow":"follow","max-snippet":"max-snippet:-1","max-image-preview":"max-image-preview:large","max-video-preview":"max-video-preview:-1"},"canonical":"https:\/\/flashmode.tn\/magazine\/la-disparition-du-petit-emile-que-sest-il-vraiment-passe\/","og_locale":"fr_FR","og_type":"article","og_title":"La disparition du petit \u00c9mile : Que s'est-il vraiment pass\u00e9 ? - Flashmode Magazine | Magazine de mode et style de vie Num\u00e9ro un en Tunisie et au Maghreb","og_description":"Vous \u00eates pr\u00eats pour une histoire captivante et myst\u00e9rieuse ? Attachez vos ceintures car nous allons plonger dans la disparition inexpliqu\u00e9e du petit","og_url":"https:\/\/flashmode.tn\/magazine\/la-disparition-du-petit-emile-que-sest-il-vraiment-passe\/","og_site_name":"Flashmode Magazine | Magazine de mode et style de vie Num\u00e9ro un en Tunisie et au Maghreb","article_publisher":"https:\/\/www.facebook.com\/flashmode.magazine\/","article_published_time":"2024-03-12T01:58:59+00:00","article_modified_time":"2024-04-01T10:48:09+00:00","og_image":[{"width":1640,"height":924,"url":"https:\/\/flashmode.tn\/magazine\/wp-content\/uploads\/2024\/03\/La-disparition-du-petit-Emile-Que-sest-il-vraiment-passe-.png","type":"image\/png"}],"author":"The Daileigh","twitter_card":"summary_large_image","twitter_creator":"@agenceflashmode","twitter_site":"@agenceflashmode","twitter_misc":{"\u00c9crit par":"The Daileigh","Dur\u00e9e de lecture estim\u00e9e":"5 minutes"},"schema":{"@context":"https:\/\/schema.org","@graph":[{"@type":"WebPage","@id":"https:\/\/flashmode.tn\/magazine\/la-disparition-du-petit-emile-que-sest-il-vraiment-passe\/","url":"https:\/\/flashmode.tn\/magazine\/la-disparition-du-petit-emile-que-sest-il-vraiment-passe\/","name":"La disparition du petit \u00c9mile : Que s'est-il vraiment pass\u00e9 ? - Flashmode Magazine | Magazine de mode et style de vie Num\u00e9ro un en Tunisie et au Maghreb","isPartOf":{"@id":"https:\/\/flashmode.tn\/magazine\/#website"},"primaryImageOfPage":{"@id":"https:\/\/flashmode.tn\/magazine\/la-disparition-du-petit-emile-que-sest-il-vraiment-passe\/#primaryimage"},"image":{"@id":"https:\/\/flashmode.tn\/magazine\/la-disparition-du-petit-emile-que-sest-il-vraiment-passe\/#primaryimage"},"thumbnailUrl":"https:\/\/i0.wp.com\/flashmode.tn\/magazine\/wp-content\/uploads\/2024\/03\/La-disparition-du-petit-Emile-Que-sest-il-vraiment-passe-.png?fit=1640%2C924&ssl=1","datePublished":"2024-03-12T01:58:59+00:00","dateModified":"2024-04-01T10:48:09+00:00","author":{"@id":"https:\/\/flashmode.tn\/magazine\/#\/schema\/person\/79940f8af94166a445dd5bd6b3137682"},"description":"Vous \u00eates pr\u00eats pour une histoire captivante et myst\u00e9rieuse ? Attachez vos ceintures car nous allons plonger dans la disparition inexpliqu\u00e9e du petit","breadcrumb":{"@id":"https:\/\/flashmode.tn\/magazine\/la-disparition-du-petit-emile-que-sest-il-vraiment-passe\/#breadcrumb"},"inLanguage":"fr-FR","potentialAction":[{"@type":"ReadAction","target":["https:\/\/flashmode.tn\/magazine\/la-disparition-du-petit-emile-que-sest-il-vraiment-passe\/"]}]},{"@type":"ImageObject","inLanguage":"fr-FR","@id":"https:\/\/flashmode.tn\/magazine\/la-disparition-du-petit-emile-que-sest-il-vraiment-passe\/#primaryimage","url":"https:\/\/i0.wp.com\/flashmode.tn\/magazine\/wp-content\/uploads\/2024\/03\/La-disparition-du-petit-Emile-Que-sest-il-vraiment-passe-.png?fit=1640%2C924&ssl=1","contentUrl":"https:\/\/i0.wp.com\/flashmode.tn\/magazine\/wp-content\/uploads\/2024\/03\/La-disparition-du-petit-Emile-Que-sest-il-vraiment-passe-.png?fit=1640%2C924&ssl=1","width":1640,"height":924,"caption":"La disparition du petit \u00c9mile : Que s'est-il vraiment pass\u00e9 ?"},{"@type":"BreadcrumbList","@id":"https:\/\/flashmode.tn\/magazine\/la-disparition-du-petit-emile-que-sest-il-vraiment-passe\/#breadcrumb","itemListElement":[{"@type":"ListItem","position":1,"name":"Accueil","item":"https:\/\/flashmode.tn\/magazine\/"},{"@type":"ListItem","position":2,"name":"La disparition du petit \u00c9mile : Que s&rsquo;est-il vraiment pass\u00e9 ?"}]},{"@type":"WebSite","@id":"https:\/\/flashmode.tn\/magazine\/#website","url":"https:\/\/flashmode.tn\/magazine\/","name":"Flashmode Magazine | Magazine de mode et style de vie Num\u00e9ro un en Tunisie et au Maghreb","description":"Magazine de mode et style de vie Num\u00e9ro un en Tunisie et au Maghreb, cr\u00e9\u00e9 pour les hommes et les femmes : conseils beaut\u00e9, mode femme, mode homme, recettes de cuisine, c\u00e9l\u00e9brit\u00e9s et people, mannequins et top modeles","potentialAction":[{"@type":"SearchAction","target":{"@type":"EntryPoint","urlTemplate":"https:\/\/flashmode.tn\/magazine\/?s={search_term_string}"},"query-input":{"@type":"PropertyValueSpecification","valueRequired":true,"valueName":"search_term_string"}}],"inLanguage":"fr-FR"},{"@type":"Person","@id":"https:\/\/flashmode.tn\/magazine\/#\/schema\/person\/79940f8af94166a445dd5bd6b3137682","name":"The Daileigh","image":{"@type":"ImageObject","inLanguage":"fr-FR","@id":"https:\/\/flashmode.tn\/magazine\/#\/schema\/person\/image\/","url":"https:\/\/secure.gravatar.com\/avatar\/30d4d60865d61de3434abd01cb8b4ec5e5b5eb5a274017461832a54857b1770d?s=96&d=mm&r=g","contentUrl":"https:\/\/secure.gravatar.com\/avatar\/30d4d60865d61de3434abd01cb8b4ec5e5b5eb5a274017461832a54857b1770d?s=96&d=mm&r=g","caption":"The Daileigh"},"url":"https:\/\/flashmode.tn\/magazine\/author\/the-daileigh\/"}]}},"jetpack_publicize_connections":[],"jetpack_featured_media_url":"https:\/\/i0.wp.com\/flashmode.tn\/magazine\/wp-content\/uploads\/2024\/03\/La-disparition-du-petit-Emile-Que-sest-il-vraiment-passe-.png?fit=1640%2C924&ssl=1","jetpack_shortlink":"https:\/\/wp.me\/p8BPGr-rlv","jetpack_sharing_enabled":true,"_links":{"self":[{"href":"https:\/\/flashmode.tn\/magazine\/wp-json\/wp\/v2\/posts\/105121","targetHints":{"allow":["GET"]}}],"collection":[{"href":"https:\/\/flashmode.tn\/magazine\/wp-json\/wp\/v2\/posts"}],"about":[{"href":"https:\/\/flashmode.tn\/magazine\/wp-json\/wp\/v2\/types\/post"}],"author":[{"embeddable":true,"href":"https:\/\/flashmode.tn\/magazine\/wp-json\/wp\/v2\/users\/8"}],"replies":[{"embeddable":true,"href":"https:\/\/flashmode.tn\/magazine\/wp-json\/wp\/v2\/comments?post=105121"}],"version-history":[{"count":2,"href":"https:\/\/flashmode.tn\/magazine\/wp-json\/wp\/v2\/posts\/105121\/revisions"}],"predecessor-version":[{"id":161068,"href":"https:\/\/flashmode.tn\/magazine\/wp-json\/wp\/v2\/posts\/105121\/revisions\/161068"}],"wp:featuredmedia":[{"embeddable":true,"href":"https:\/\/flashmode.tn\/magazine\/wp-json\/wp\/v2\/media\/161066"}],"wp:attachment":[{"href":"https:\/\/flashmode.tn\/magazine\/wp-json\/wp\/v2\/media?parent=105121"}],"wp:term":[{"taxonomy":"category","embeddable":true,"href":"https:\/\/flashmode.tn\/magazine\/wp-json\/wp\/v2\/categories?post=105121"},{"taxonomy":"post_tag","embeddable":true,"href":"https:\/\/flashmode.tn\/magazine\/wp-json\/wp\/v2\/tags?post=105121"}],"curies":[{"name":"wp","href":"https:\/\/api.w.org\/{rel}","templated":true}]}}