{"id":105162,"date":"2024-03-12T02:59:10","date_gmt":"2024-03-12T01:59:10","guid":{"rendered":"https:\/\/flashmode.tn\/magazine\/petit-emile-disparition-quest-il-arrive-a-ce-jeune-garcon-qui-bouleverse-la-france\/"},"modified":"2024-04-02T10:13:48","modified_gmt":"2024-04-02T08:13:48","slug":"petit-emile-disparition-quest-il-arrive-a-ce-jeune-garcon-qui-bouleverse-la-france","status":"publish","type":"post","link":"https:\/\/flashmode.tn\/magazine\/petit-emile-disparition-quest-il-arrive-a-ce-jeune-garcon-qui-bouleverse-la-france\/","title":{"rendered":"Petit \u00c9mile Disparition : Qu&rsquo;est-il arriv\u00e9 \u00e0 ce jeune gar\u00e7on qui bouleverse la France ?"},"content":{"rendered":"\n<p>Petit \u00c9mile Disparition : une affaire qui a secou\u00e9 la France et captiv\u00e9 l&rsquo;attention de tous. Imaginez-vous, un jour, un petit gar\u00e7on insouciant qui dispara\u00eet sans laisser de trace. C&rsquo;est le d\u00e9but d&rsquo;une chronologie troublante, d&rsquo;une enqu\u00eate haletante qui a tenu en haleine tout un pays. Les pistes explor\u00e9es, les impasses rencontr\u00e9es, les fausses pistes qui semblaient si prometteuses&#8230; Tout cela a \u00e9t\u00e9 le th\u00e9\u00e2tre d&rsquo;une v\u00e9ritable saga qui a \u00e9mu et intrigu\u00e9 les Fran\u00e7ais. Dans cet article, nous vous plongeons au c\u0153ur de cette myst\u00e9rieuse disparition, vous d\u00e9voilant les d\u00e9tails, les rebondissements et les cons\u00e9quences tragiques qui ont marqu\u00e9 cette affaire hors du commun. Pr\u00e9parez-vous \u00e0 \u00eatre captiv\u00e9 par cette histoire \u00e0 la fois fascinante et bouleversante. Alors, installez-vous confortablement et plongeons ensemble dans le myst\u00e8re de la disparition de Petit \u00c9mile.<\/p>\n\n\n\n<div id=\"ez-toc-container\" class=\"ez-toc-v2_0_81 counter-hierarchy ez-toc-counter ez-toc-grey ez-toc-container-direction\">\n<div class=\"ez-toc-title-container\">\n<p class=\"ez-toc-title\" style=\"cursor:inherit\">Contenus de la page<\/p>\n<span class=\"ez-toc-title-toggle\"><a href=\"#\" class=\"ez-toc-pull-right ez-toc-btn ez-toc-btn-xs ez-toc-btn-default ez-toc-toggle\" aria-label=\"Toggle Table of Content\"><span class=\"ez-toc-js-icon-con\"><span class=\"\"><span class=\"eztoc-hide\" style=\"display:none;\">Toggle<\/span><span class=\"ez-toc-icon-toggle-span\"><svg style=\"fill: #999;color:#999\" xmlns=\"http:\/\/www.w3.org\/2000\/svg\" class=\"list-377408\" width=\"20px\" height=\"20px\" viewBox=\"0 0 24 24\" fill=\"none\"><path d=\"M6 6H4v2h2V6zm14 0H8v2h12V6zM4 11h2v2H4v-2zm16 0H8v2h12v-2zM4 16h2v2H4v-2zm16 0H8v2h12v-2z\" fill=\"currentColor\"><\/path><\/svg><svg style=\"fill: #999;color:#999\" class=\"arrow-unsorted-368013\" xmlns=\"http:\/\/www.w3.org\/2000\/svg\" width=\"10px\" height=\"10px\" viewBox=\"0 0 24 24\" version=\"1.2\" baseProfile=\"tiny\"><path d=\"M18.2 9.3l-6.2-6.3-6.2 6.3c-.2.2-.3.4-.3.7s.1.5.3.7c.2.2.4.3.7.3h11c.3 0 .5-.1.7-.3.2-.2.3-.5.3-.7s-.1-.5-.3-.7zM5.8 14.7l6.2 6.3 6.2-6.3c.2-.2.3-.5.3-.7s-.1-.5-.3-.7c-.2-.2-.4-.3-.7-.3h-11c-.3 0-.5.1-.7.3-.2.2-.3.5-.3.7s.1.5.3.7z\"\/><\/svg><\/span><\/span><\/span><\/a><\/span><\/div>\n<nav><ul class='ez-toc-list ez-toc-list-level-1 ' ><li class='ez-toc-page-1 ez-toc-heading-level-2'><a class=\"ez-toc-link ez-toc-heading-1\" href=\"https:\/\/flashmode.tn\/magazine\/petit-emile-disparition-quest-il-arrive-a-ce-jeune-garcon-qui-bouleverse-la-france\/#Chronologie_dune_disparition_qui_bouleverse_la_France_le_cas_dEmile\" >Chronologie d&rsquo;une disparition qui bouleverse la France : le cas d&rsquo;\u00c9mile<\/a><ul class='ez-toc-list-level-3' ><li class='ez-toc-heading-level-3'><a class=\"ez-toc-link ez-toc-heading-2\" href=\"https:\/\/flashmode.tn\/magazine\/petit-emile-disparition-quest-il-arrive-a-ce-jeune-garcon-qui-bouleverse-la-france\/#Les_premiers_jours_de_la_disparition\" >Les premiers jours de la disparition<\/a><\/li><li class='ez-toc-page-1 ez-toc-heading-level-3'><a class=\"ez-toc-link ez-toc-heading-3\" href=\"https:\/\/flashmode.tn\/magazine\/petit-emile-disparition-quest-il-arrive-a-ce-jeune-garcon-qui-bouleverse-la-france\/#La_mobilisation_des_forces_de_lordre\" >La mobilisation des forces de l&rsquo;ordre<\/a><\/li><\/ul><\/li><li class='ez-toc-page-1 ez-toc-heading-level-2'><a class=\"ez-toc-link ez-toc-heading-4\" href=\"https:\/\/flashmode.tn\/magazine\/petit-emile-disparition-quest-il-arrive-a-ce-jeune-garcon-qui-bouleverse-la-france\/#Les_pistes_explorees_et_les_impasses\" >Les pistes explor\u00e9es et les impasses<\/a><ul class='ez-toc-list-level-3' ><li class='ez-toc-heading-level-3'><a class=\"ez-toc-link ez-toc-heading-5\" href=\"https:\/\/flashmode.tn\/magazine\/petit-emile-disparition-quest-il-arrive-a-ce-jeune-garcon-qui-bouleverse-la-france\/#Les_recherches_intensives_et_leurs_resultats\" >Les recherches intensives et leurs r\u00e9sultats<\/a><\/li><li class='ez-toc-page-1 ez-toc-heading-level-3'><a class=\"ez-toc-link ez-toc-heading-6\" href=\"https:\/\/flashmode.tn\/magazine\/petit-emile-disparition-quest-il-arrive-a-ce-jeune-garcon-qui-bouleverse-la-france\/#Les_rumeurs_et_leur_impact\" >Les rumeurs et leur impact<\/a><\/li><\/ul><\/li><li class='ez-toc-page-1 ez-toc-heading-level-2'><a class=\"ez-toc-link ez-toc-heading-7\" href=\"https:\/\/flashmode.tn\/magazine\/petit-emile-disparition-quest-il-arrive-a-ce-jeune-garcon-qui-bouleverse-la-france\/#Lannonce_tragique_et_ses_consequences\" >L&rsquo;annonce tragique et ses cons\u00e9quences<\/a><ul class='ez-toc-list-level-3' ><li class='ez-toc-heading-level-3'><a class=\"ez-toc-link ez-toc-heading-8\" href=\"https:\/\/flashmode.tn\/magazine\/petit-emile-disparition-quest-il-arrive-a-ce-jeune-garcon-qui-bouleverse-la-france\/#La_decouverte_dEmile\" >La d\u00e9couverte d&rsquo;\u00c9mile<\/a><\/li><li class='ez-toc-page-1 ez-toc-heading-level-3'><a class=\"ez-toc-link ez-toc-heading-9\" href=\"https:\/\/flashmode.tn\/magazine\/petit-emile-disparition-quest-il-arrive-a-ce-jeune-garcon-qui-bouleverse-la-france\/#Le_deuil_dune_famille_et_dune_nation\" >Le deuil d&rsquo;une famille et d&rsquo;une nation<\/a><\/li><\/ul><\/li><li class='ez-toc-page-1 ez-toc-heading-level-2'><a class=\"ez-toc-link ez-toc-heading-10\" href=\"https:\/\/flashmode.tn\/magazine\/petit-emile-disparition-quest-il-arrive-a-ce-jeune-garcon-qui-bouleverse-la-france\/#Lecons_tirees_et_mesures_prises\" >Le\u00e7ons tir\u00e9es et mesures prises<\/a><ul class='ez-toc-list-level-3' ><li class='ez-toc-heading-level-3'><a class=\"ez-toc-link ez-toc-heading-11\" href=\"https:\/\/flashmode.tn\/magazine\/petit-emile-disparition-quest-il-arrive-a-ce-jeune-garcon-qui-bouleverse-la-france\/#Renforcement_des_mesures_de_securite\" >Renforcement des mesures de s\u00e9curit\u00e9<\/a><\/li><li class='ez-toc-page-1 ez-toc-heading-level-3'><a class=\"ez-toc-link ez-toc-heading-12\" href=\"https:\/\/flashmode.tn\/magazine\/petit-emile-disparition-quest-il-arrive-a-ce-jeune-garcon-qui-bouleverse-la-france\/#Solidarite_et_prevention\" >Solidarit\u00e9 et pr\u00e9vention<\/a><\/li><\/ul><\/li><li class='ez-toc-page-1 ez-toc-heading-level-2'><a class=\"ez-toc-link ez-toc-heading-13\" href=\"https:\/\/flashmode.tn\/magazine\/petit-emile-disparition-quest-il-arrive-a-ce-jeune-garcon-qui-bouleverse-la-france\/#En_conclusion\" >En conclusion<\/a><\/li><\/ul><\/nav><\/div>\n<h2 class=\"wp-block-heading\" id=\"h-chronologie-d-une-disparition-qui-bouleverse-la-france-le-cas-d-emile\"><span class=\"ez-toc-section\" id=\"Chronologie_dune_disparition_qui_bouleverse_la_France_le_cas_dEmile\"><\/span>Chronologie d&rsquo;une disparition qui bouleverse la France : le cas d&rsquo;\u00c9mile<span class=\"ez-toc-section-end\"><\/span><\/h2>\n\n\n\n<p>Le cas de la disparition du petit \u00c9mile est devenu une affaire qui a profond\u00e9ment marqu\u00e9 et continue de bouleverser la France. Cet \u00e9v\u00e9nement tragique met en lumi\u00e8re la vuln\u00e9rabilit\u00e9 des enfants et la douleur insurmontable des familles confront\u00e9es \u00e0 ce genre de drame.<\/p>\n\n\n\n<h3 class=\"wp-block-heading\" id=\"h-les-premiers-jours-de-la-disparition\"><span class=\"ez-toc-section\" id=\"Les_premiers_jours_de_la_disparition\"><\/span>Les premiers jours de la disparition<span class=\"ez-toc-section-end\"><\/span><\/h3>\n\n\n\n<p>Le petit \u00c9mile, alors \u00e2g\u00e9 de 2 ans et demi, a disparu le 8 juillet 2023, un jour qui restera grav\u00e9 dans la m\u00e9moire de ses proches et de la commune du Vernet. Ce jour-l\u00e0, \u00c9mile s\u00e9journait chez ses grands-parents maternels lorsqu&rsquo;il a disparu sans laisser de trace. Les enqu\u00eateurs ont imm\u00e9diatement men\u00e9 des fouilles dans le hameau de Haut-Vernet o\u00f9 l&rsquo;enfant a \u00e9t\u00e9 vu pour la derni\u00e8re fois, mais sans succ\u00e8s.<\/p>\n\n\n\n<h3 class=\"wp-block-heading\" id=\"h-la-mobilisation-des-forces-de-l-ordre\"><span class=\"ez-toc-section\" id=\"La_mobilisation_des_forces_de_lordre\"><\/span>La mobilisation des forces de l&rsquo;ordre<span class=\"ez-toc-section-end\"><\/span><\/h3>\n\n\n\n<p>Des plongeurs de la gendarmerie ont \u00e9t\u00e9 d\u00e9p\u00each\u00e9s pour inspecter les berges et le fond d&rsquo;un lac situ\u00e9 derri\u00e8re la piscine du Vernet, lieu de la disparition. Malgr\u00e9 ces efforts consid\u00e9rables, rien n&rsquo;a \u00e9t\u00e9 trouv\u00e9. Deux mois apr\u00e8s, la trace du petit \u00c9mile reste introuvable, malgr\u00e9 une mobilisation sans pr\u00e9c\u00e9dent et des recherches approfondies.<\/p>\n\n\n\n<h2 class=\"wp-block-heading\" id=\"h-les-pistes-explorees-et-les-impasses\"><span class=\"ez-toc-section\" id=\"Les_pistes_explorees_et_les_impasses\"><\/span>Les pistes explor\u00e9es et les impasses<span class=\"ez-toc-section-end\"><\/span><\/h2>\n\n\n\n<h3 class=\"wp-block-heading\" id=\"h-les-recherches-intensives-et-leurs-resultats\"><span class=\"ez-toc-section\" id=\"Les_recherches_intensives_et_leurs_resultats\"><\/span>Les recherches intensives et leurs r\u00e9sultats<span class=\"ez-toc-section-end\"><\/span><\/h3>\n\n\n\n<p>Les enqu\u00eateurs n&rsquo;ont m\u00e9nag\u00e9 aucun effort pour retrouver \u00c9mile. Les nouvelles recherches, comprenant des battues foresti\u00e8res et l&rsquo;examen de chaque recoin possible, n&rsquo;ont rien donn\u00e9. Chaque indice potentiel a \u00e9t\u00e9 suivi, chaque t\u00e9moignage v\u00e9rifi\u00e9, mais le myst\u00e8re demeure entier. La perplexit\u00e9 face \u00e0 cette disparition est palpable et le besoin de r\u00e9ponses devient de plus en plus pressant pour la famille et pour la communaut\u00e9.<\/p>\n\n\n\n<h3 class=\"wp-block-heading\" id=\"h-les-rumeurs-et-leur-impact\"><span class=\"ez-toc-section\" id=\"Les_rumeurs_et_leur_impact\"><\/span>Les rumeurs et leur impact<span class=\"ez-toc-section-end\"><\/span><\/h3>\n\n\n\n<p>Des rumeurs ont circul\u00e9, notamment celle d&rsquo;une possible d\u00e9couverte du petit \u00c9mile dans un puits ou d&rsquo;autres endroits improbables. Cependant, chacune de ces pistes s&rsquo;est av\u00e9r\u00e9e infructueuse, rajoutant \u00e0 la confusion et \u00e0 la douleur de ceux qui attendent d\u00e9sesp\u00e9r\u00e9ment un signe.<\/p>\n\n\n\n<h2 class=\"wp-block-heading\" id=\"h-l-annonce-tragique-et-ses-consequences\"><span class=\"ez-toc-section\" id=\"Lannonce_tragique_et_ses_consequences\"><\/span>L&rsquo;annonce tragique et ses cons\u00e9quences<span class=\"ez-toc-section-end\"><\/span><\/h2>\n\n\n\n<h3 class=\"wp-block-heading\" id=\"h-la-decouverte-d-emile\"><span class=\"ez-toc-section\" id=\"La_decouverte_dEmile\"><\/span>La d\u00e9couverte d&rsquo;\u00c9mile<span class=\"ez-toc-section-end\"><\/span><\/h3>\n\n\n\n<p>Le drame a atteint son paroxysme le samedi 5 ao\u00fbt en Guyane, lorsque le petit gar\u00e7on de 2 ans a \u00e9t\u00e9 retrouv\u00e9 mort par sa m\u00e8re dans la voiture. Cette d\u00e9couverte a mis fin aux espoirs et a transform\u00e9 la qu\u00eate en deuil. La communaut\u00e9, d\u00e9j\u00e0 fortement impliqu\u00e9e dans les recherches, s&rsquo;est trouv\u00e9 face \u00e0 une r\u00e9alit\u00e9 d&rsquo;une tristesse incommensurable.<\/p>\n\n\n\n<h3 class=\"wp-block-heading\" id=\"h-le-deuil-d-une-famille-et-d-une-nation\"><span class=\"ez-toc-section\" id=\"Le_deuil_dune_famille_et_dune_nation\"><\/span>Le deuil d&rsquo;une famille et d&rsquo;une nation<span class=\"ez-toc-section-end\"><\/span><\/h3>\n\n\n\n<p>La disparition et le d\u00e9c\u00e8s d&rsquo;\u00c9mile ont soulev\u00e9 une vague d&rsquo;\u00e9motion dans tout le pays. Les parents d&rsquo;\u00c9mile, leur entourage, ainsi que tous ceux touch\u00e9s par cette histoire ont d\u00fb entreprendre le long processus de deuil. Les r\u00e9percussions psychologiques d&rsquo;un tel \u00e9v\u00e9nement sont consid\u00e9rables et demandent du temps et du soutien pour \u00eatre surmont\u00e9es.<\/p>\n\n\n\n<h2 class=\"wp-block-heading\" id=\"h-lecons-tirees-et-mesures-prises\"><span class=\"ez-toc-section\" id=\"Lecons_tirees_et_mesures_prises\"><\/span>Le\u00e7ons tir\u00e9es et mesures prises<span class=\"ez-toc-section-end\"><\/span><\/h2>\n\n\n\n<h3 class=\"wp-block-heading\" id=\"h-renforcement-des-mesures-de-securite\"><span class=\"ez-toc-section\" id=\"Renforcement_des_mesures_de_securite\"><\/span>Renforcement des mesures de s\u00e9curit\u00e9<span class=\"ez-toc-section-end\"><\/span><\/h3>\n\n\n\n<p>\u00c0 la suite de ce tragique \u00e9v\u00e9nement, des discussions sur la s\u00e9curit\u00e9 des enfants dans les espaces publics et priv\u00e9s ont \u00e9t\u00e9 relanc\u00e9es. Des mesures suppl\u00e9mentaires pour la surveillance et la protection des plus jeunes sont envisag\u00e9es afin de pr\u00e9venir de telles disparitions \u00e0 l&rsquo;avenir.<\/p>\n\n\n\n<h3 class=\"wp-block-heading\" id=\"h-solidarite-et-prevention\"><span class=\"ez-toc-section\" id=\"Solidarite_et_prevention\"><\/span>Solidarit\u00e9 et pr\u00e9vention<span class=\"ez-toc-section-end\"><\/span><\/h3>\n\n\n\n<p>La solidarit\u00e9 manifest\u00e9e par le public pendant les recherches a d\u00e9montr\u00e9 la capacit\u00e9 de la soci\u00e9t\u00e9 \u00e0 se mobiliser face \u00e0 des drames humains. Des campagnes de sensibilisation et de pr\u00e9vention ont \u00e9t\u00e9 initi\u00e9es pour rappeler l&rsquo;importance de la vigilance constante lorsque des enfants sont pr\u00e9sents.<\/p>\n\n\n\n<h2 class=\"wp-block-heading\" id=\"h-en-conclusion\"><span class=\"ez-toc-section\" id=\"En_conclusion\"><\/span>En conclusion<span class=\"ez-toc-section-end\"><\/span><\/h2>\n\n\n\n<p>Ce r\u00e9cit tragique du petit \u00c9mile, qui a captiv\u00e9 et attrist\u00e9 la nation, rappelle cruellement la fragilit\u00e9 de la vie et l&rsquo;importance de ch\u00e9rir chaque instant pass\u00e9 avec nos proches. La disparition d&rsquo;\u00c9mile n&rsquo;est pas seulement une affaire polici\u00e8re, mais aussi une histoire qui nous touche tous en tant que communaut\u00e9. Alors que l&rsquo;enqu\u00eate continue, nous esp\u00e9rons tous que la justice pour \u00c9mile sera servie et que sa m\u00e9moire sera honor\u00e9e de la mani\u00e8re la plus digne.<\/p>\n\n\n\n<p>Nous devons tirer des le\u00e7ons de cette douloureuse exp\u00e9rience et \u0153uvrer ensemble pour un monde o\u00f9 de telles trag\u00e9dies deviennent de plus en plus rares. La m\u00e9moire du petit \u00c9mile doit servir de catalyseur pour des changements positifs et pour renforcer notre d\u00e9termination \u00e0 prot\u00e9ger les plus vuln\u00e9rables parmi nous.<\/p>\n\n\n\n<hr class=\"wp-block-separator has-alpha-channel-opacity\"\/>\n\n\n\n<p><strong>Q: Comment est mort le petit \u00c9mile ?<\/strong><br><br>R: Les circonstances de la mort du petit \u00c9mile ne sont pas connues. Cependant, il a \u00e9t\u00e9 r\u00e9v\u00e9l\u00e9 que quatre maisons avaient br\u00fbl\u00e9 \u00e0 une dizaine de kilom\u00e8tres du Haut-Vernet, o\u00f9 le petit \u00c9mile a disparu. Toutes les pistes sont \u00e9tudi\u00e9es dans cette affaire.<\/p>\n\n\n\n<p><strong>Q: Le petit \u00c9mile a-t-il \u00e9t\u00e9 retrouv\u00e9 mort ?<\/strong><br><br>R: Non, malgr\u00e9 les intenses recherches qui ont \u00e9t\u00e9 men\u00e9es, aucune trace du petit \u00c9mile n&rsquo;a \u00e9t\u00e9 retrouv\u00e9e. Le gar\u00e7onnet de 2 ans et demi, aux cheveux blonds et aux yeux marron, a disparu le samedi 8 juillet aux alentours de 17 h 15.<\/p>\n","protected":false},"excerpt":{"rendered":"<p>Petit \u00c9mile Disparition : une affaire qui a secou\u00e9 la France et captiv\u00e9 l&rsquo;attention de tous. Imaginez-vous, un jour, un petit gar\u00e7on insouciant qui dispara\u00eet sans laisser de trace. C&rsquo;est le d\u00e9but d&rsquo;une chronologie troublante, d&rsquo;une enqu\u00eate haletante qui a tenu en haleine tout un pays. Les pistes explor\u00e9es, les impasses rencontr\u00e9es, les fausses pistes [&hellip;]<\/p>\n","protected":false},"author":8,"featured_media":161193,"comment_status":"open","ping_status":"open","sticky":false,"template":"","format":"standard","meta":{"tdm_status":"","tdm_grid_status":"","_jetpack_memberships_contains_paid_content":false,"footnotes":"","jetpack_publicize_message":"","jetpack_publicize_feature_enabled":true,"jetpack_social_post_already_shared":false,"jetpack_social_options":{"image_generator_settings":{"template":"highway","default_image_id":0,"font":"","enabled":false},"version":2}},"categories":[78],"tags":[],"class_list":["post-105162","post","type-post","status-publish","format-standard","has-post-thumbnail","hentry","category-culture"],"yoast_head":"<!-- This site is optimized with the Yoast SEO Premium plugin v25.0 (Yoast SEO v25.0) - https:\/\/yoast.com\/wordpress\/plugins\/seo\/ -->\n<title>Petit \u00c9mile Disparition : Qu&#039;est-il arriv\u00e9 \u00e0 ce jeune gar\u00e7on qui bouleverse la France ? - Flashmode Magazine | Magazine de mode et style de vie Num\u00e9ro un en Tunisie et au Maghreb<\/title>\n<meta name=\"description\" content=\"Petit \u00c9mile Disparition : une affaire qui a secou\u00e9 la France et captiv\u00e9 l&#039;attention de tous. Imaginez-vous, un jour, un petit gar\u00e7on insouciant qui\" \/>\n<meta name=\"robots\" content=\"index, follow, max-snippet:-1, max-image-preview:large, max-video-preview:-1\" \/>\n<link rel=\"canonical\" href=\"https:\/\/flashmode.tn\/magazine\/petit-emile-disparition-quest-il-arrive-a-ce-jeune-garcon-qui-bouleverse-la-france\/\" \/>\n<meta property=\"og:locale\" content=\"fr_FR\" \/>\n<meta property=\"og:type\" content=\"article\" \/>\n<meta property=\"og:title\" content=\"Petit \u00c9mile Disparition : Qu&#039;est-il arriv\u00e9 \u00e0 ce jeune gar\u00e7on qui bouleverse la France ? - Flashmode Magazine | Magazine de mode et style de vie Num\u00e9ro un en Tunisie et au Maghreb\" \/>\n<meta property=\"og:description\" content=\"Petit \u00c9mile Disparition : une affaire qui a secou\u00e9 la France et captiv\u00e9 l&#039;attention de tous. Imaginez-vous, un jour, un petit gar\u00e7on insouciant qui\" \/>\n<meta property=\"og:url\" content=\"https:\/\/flashmode.tn\/magazine\/petit-emile-disparition-quest-il-arrive-a-ce-jeune-garcon-qui-bouleverse-la-france\/\" \/>\n<meta property=\"og:site_name\" content=\"Flashmode Magazine | Magazine de mode et style de vie Num\u00e9ro un en Tunisie et au Maghreb\" \/>\n<meta property=\"article:publisher\" content=\"https:\/\/www.facebook.com\/flashmode.magazine\/\" \/>\n<meta property=\"article:published_time\" content=\"2024-03-12T01:59:10+00:00\" \/>\n<meta property=\"article:modified_time\" content=\"2024-04-02T08:13:48+00:00\" \/>\n<meta property=\"og:image\" content=\"https:\/\/flashmode.tn\/magazine\/wp-content\/uploads\/2024\/03\/Petit-Emile-Disparition-Quest-il-arrive-a-ce-jeune-garcon-qui-bouleverse-la-France-.png\" \/>\n\t<meta property=\"og:image:width\" content=\"1640\" \/>\n\t<meta property=\"og:image:height\" content=\"924\" \/>\n\t<meta property=\"og:image:type\" content=\"image\/png\" \/>\n<meta name=\"author\" content=\"The Daileigh\" \/>\n<meta name=\"twitter:card\" content=\"summary_large_image\" \/>\n<meta name=\"twitter:creator\" content=\"@agenceflashmode\" \/>\n<meta name=\"twitter:site\" content=\"@agenceflashmode\" \/>\n<meta name=\"twitter:label1\" content=\"\u00c9crit par\" \/>\n\t<meta name=\"twitter:data1\" content=\"The Daileigh\" \/>\n\t<meta name=\"twitter:label2\" content=\"Dur\u00e9e de lecture estim\u00e9e\" \/>\n\t<meta name=\"twitter:data2\" content=\"5 minutes\" \/>\n<script type=\"application\/ld+json\" class=\"yoast-schema-graph\">{\"@context\":\"https:\/\/schema.org\",\"@graph\":[{\"@type\":\"WebPage\",\"@id\":\"https:\/\/flashmode.tn\/magazine\/petit-emile-disparition-quest-il-arrive-a-ce-jeune-garcon-qui-bouleverse-la-france\/\",\"url\":\"https:\/\/flashmode.tn\/magazine\/petit-emile-disparition-quest-il-arrive-a-ce-jeune-garcon-qui-bouleverse-la-france\/\",\"name\":\"Petit \u00c9mile Disparition : Qu'est-il arriv\u00e9 \u00e0 ce jeune gar\u00e7on qui bouleverse la France ? - Flashmode Magazine | Magazine de mode et style de vie Num\u00e9ro un en Tunisie et au Maghreb\",\"isPartOf\":{\"@id\":\"https:\/\/flashmode.tn\/magazine\/#website\"},\"primaryImageOfPage\":{\"@id\":\"https:\/\/flashmode.tn\/magazine\/petit-emile-disparition-quest-il-arrive-a-ce-jeune-garcon-qui-bouleverse-la-france\/#primaryimage\"},\"image\":{\"@id\":\"https:\/\/flashmode.tn\/magazine\/petit-emile-disparition-quest-il-arrive-a-ce-jeune-garcon-qui-bouleverse-la-france\/#primaryimage\"},\"thumbnailUrl\":\"https:\/\/i0.wp.com\/flashmode.tn\/magazine\/wp-content\/uploads\/2024\/03\/Petit-Emile-Disparition-Quest-il-arrive-a-ce-jeune-garcon-qui-bouleverse-la-France-.png?fit=1640%2C924&ssl=1\",\"datePublished\":\"2024-03-12T01:59:10+00:00\",\"dateModified\":\"2024-04-02T08:13:48+00:00\",\"author\":{\"@id\":\"https:\/\/flashmode.tn\/magazine\/#\/schema\/person\/79940f8af94166a445dd5bd6b3137682\"},\"description\":\"Petit \u00c9mile Disparition : une affaire qui a secou\u00e9 la France et captiv\u00e9 l'attention de tous. Imaginez-vous, un jour, un petit gar\u00e7on insouciant qui\",\"breadcrumb\":{\"@id\":\"https:\/\/flashmode.tn\/magazine\/petit-emile-disparition-quest-il-arrive-a-ce-jeune-garcon-qui-bouleverse-la-france\/#breadcrumb\"},\"inLanguage\":\"fr-FR\",\"potentialAction\":[{\"@type\":\"ReadAction\",\"target\":[\"https:\/\/flashmode.tn\/magazine\/petit-emile-disparition-quest-il-arrive-a-ce-jeune-garcon-qui-bouleverse-la-france\/\"]}]},{\"@type\":\"ImageObject\",\"inLanguage\":\"fr-FR\",\"@id\":\"https:\/\/flashmode.tn\/magazine\/petit-emile-disparition-quest-il-arrive-a-ce-jeune-garcon-qui-bouleverse-la-france\/#primaryimage\",\"url\":\"https:\/\/i0.wp.com\/flashmode.tn\/magazine\/wp-content\/uploads\/2024\/03\/Petit-Emile-Disparition-Quest-il-arrive-a-ce-jeune-garcon-qui-bouleverse-la-France-.png?fit=1640%2C924&ssl=1\",\"contentUrl\":\"https:\/\/i0.wp.com\/flashmode.tn\/magazine\/wp-content\/uploads\/2024\/03\/Petit-Emile-Disparition-Quest-il-arrive-a-ce-jeune-garcon-qui-bouleverse-la-France-.png?fit=1640%2C924&ssl=1\",\"width\":1640,\"height\":924,\"caption\":\"Petit \u00c9mile Disparition : Qu'est-il arriv\u00e9 \u00e0 ce jeune gar\u00e7on qui bouleverse la France ?\"},{\"@type\":\"BreadcrumbList\",\"@id\":\"https:\/\/flashmode.tn\/magazine\/petit-emile-disparition-quest-il-arrive-a-ce-jeune-garcon-qui-bouleverse-la-france\/#breadcrumb\",\"itemListElement\":[{\"@type\":\"ListItem\",\"position\":1,\"name\":\"Accueil\",\"item\":\"https:\/\/flashmode.tn\/magazine\/\"},{\"@type\":\"ListItem\",\"position\":2,\"name\":\"Petit \u00c9mile Disparition : Qu&rsquo;est-il arriv\u00e9 \u00e0 ce jeune gar\u00e7on qui bouleverse la France ?\"}]},{\"@type\":\"WebSite\",\"@id\":\"https:\/\/flashmode.tn\/magazine\/#website\",\"url\":\"https:\/\/flashmode.tn\/magazine\/\",\"name\":\"Flashmode Magazine | Magazine de mode et style de vie Num\u00e9ro un en Tunisie et au Maghreb\",\"description\":\"Magazine de mode et style de vie Num\u00e9ro un en Tunisie et au Maghreb, cr\u00e9\u00e9 pour les hommes et les femmes : conseils beaut\u00e9, mode femme, mode homme, recettes de cuisine, c\u00e9l\u00e9brit\u00e9s et people, mannequins et top modeles\",\"potentialAction\":[{\"@type\":\"SearchAction\",\"target\":{\"@type\":\"EntryPoint\",\"urlTemplate\":\"https:\/\/flashmode.tn\/magazine\/?s={search_term_string}\"},\"query-input\":{\"@type\":\"PropertyValueSpecification\",\"valueRequired\":true,\"valueName\":\"search_term_string\"}}],\"inLanguage\":\"fr-FR\"},{\"@type\":\"Person\",\"@id\":\"https:\/\/flashmode.tn\/magazine\/#\/schema\/person\/79940f8af94166a445dd5bd6b3137682\",\"name\":\"The Daileigh\",\"image\":{\"@type\":\"ImageObject\",\"inLanguage\":\"fr-FR\",\"@id\":\"https:\/\/flashmode.tn\/magazine\/#\/schema\/person\/image\/\",\"url\":\"https:\/\/secure.gravatar.com\/avatar\/30d4d60865d61de3434abd01cb8b4ec5e5b5eb5a274017461832a54857b1770d?s=96&d=mm&r=g\",\"contentUrl\":\"https:\/\/secure.gravatar.com\/avatar\/30d4d60865d61de3434abd01cb8b4ec5e5b5eb5a274017461832a54857b1770d?s=96&d=mm&r=g\",\"caption\":\"The Daileigh\"},\"url\":\"https:\/\/flashmode.tn\/magazine\/author\/the-daileigh\/\"}]}<\/script>\n<!-- \/ Yoast SEO Premium plugin. -->","yoast_head_json":{"title":"Petit \u00c9mile Disparition : Qu'est-il arriv\u00e9 \u00e0 ce jeune gar\u00e7on qui bouleverse la France ? - Flashmode Magazine | Magazine de mode et style de vie Num\u00e9ro un en Tunisie et au Maghreb","description":"Petit \u00c9mile Disparition : une affaire qui a secou\u00e9 la France et captiv\u00e9 l'attention de tous. Imaginez-vous, un jour, un petit gar\u00e7on insouciant qui","robots":{"index":"index","follow":"follow","max-snippet":"max-snippet:-1","max-image-preview":"max-image-preview:large","max-video-preview":"max-video-preview:-1"},"canonical":"https:\/\/flashmode.tn\/magazine\/petit-emile-disparition-quest-il-arrive-a-ce-jeune-garcon-qui-bouleverse-la-france\/","og_locale":"fr_FR","og_type":"article","og_title":"Petit \u00c9mile Disparition : Qu'est-il arriv\u00e9 \u00e0 ce jeune gar\u00e7on qui bouleverse la France ? - Flashmode Magazine | Magazine de mode et style de vie Num\u00e9ro un en Tunisie et au Maghreb","og_description":"Petit \u00c9mile Disparition : une affaire qui a secou\u00e9 la France et captiv\u00e9 l'attention de tous. Imaginez-vous, un jour, un petit gar\u00e7on insouciant qui","og_url":"https:\/\/flashmode.tn\/magazine\/petit-emile-disparition-quest-il-arrive-a-ce-jeune-garcon-qui-bouleverse-la-france\/","og_site_name":"Flashmode Magazine | Magazine de mode et style de vie Num\u00e9ro un en Tunisie et au Maghreb","article_publisher":"https:\/\/www.facebook.com\/flashmode.magazine\/","article_published_time":"2024-03-12T01:59:10+00:00","article_modified_time":"2024-04-02T08:13:48+00:00","og_image":[{"width":1640,"height":924,"url":"https:\/\/flashmode.tn\/magazine\/wp-content\/uploads\/2024\/03\/Petit-Emile-Disparition-Quest-il-arrive-a-ce-jeune-garcon-qui-bouleverse-la-France-.png","type":"image\/png"}],"author":"The Daileigh","twitter_card":"summary_large_image","twitter_creator":"@agenceflashmode","twitter_site":"@agenceflashmode","twitter_misc":{"\u00c9crit par":"The Daileigh","Dur\u00e9e de lecture estim\u00e9e":"5 minutes"},"schema":{"@context":"https:\/\/schema.org","@graph":[{"@type":"WebPage","@id":"https:\/\/flashmode.tn\/magazine\/petit-emile-disparition-quest-il-arrive-a-ce-jeune-garcon-qui-bouleverse-la-france\/","url":"https:\/\/flashmode.tn\/magazine\/petit-emile-disparition-quest-il-arrive-a-ce-jeune-garcon-qui-bouleverse-la-france\/","name":"Petit \u00c9mile Disparition : Qu'est-il arriv\u00e9 \u00e0 ce jeune gar\u00e7on qui bouleverse la France ? - Flashmode Magazine | Magazine de mode et style de vie Num\u00e9ro un en Tunisie et au Maghreb","isPartOf":{"@id":"https:\/\/flashmode.tn\/magazine\/#website"},"primaryImageOfPage":{"@id":"https:\/\/flashmode.tn\/magazine\/petit-emile-disparition-quest-il-arrive-a-ce-jeune-garcon-qui-bouleverse-la-france\/#primaryimage"},"image":{"@id":"https:\/\/flashmode.tn\/magazine\/petit-emile-disparition-quest-il-arrive-a-ce-jeune-garcon-qui-bouleverse-la-france\/#primaryimage"},"thumbnailUrl":"https:\/\/i0.wp.com\/flashmode.tn\/magazine\/wp-content\/uploads\/2024\/03\/Petit-Emile-Disparition-Quest-il-arrive-a-ce-jeune-garcon-qui-bouleverse-la-France-.png?fit=1640%2C924&ssl=1","datePublished":"2024-03-12T01:59:10+00:00","dateModified":"2024-04-02T08:13:48+00:00","author":{"@id":"https:\/\/flashmode.tn\/magazine\/#\/schema\/person\/79940f8af94166a445dd5bd6b3137682"},"description":"Petit \u00c9mile Disparition : une affaire qui a secou\u00e9 la France et captiv\u00e9 l'attention de tous. Imaginez-vous, un jour, un petit gar\u00e7on insouciant qui","breadcrumb":{"@id":"https:\/\/flashmode.tn\/magazine\/petit-emile-disparition-quest-il-arrive-a-ce-jeune-garcon-qui-bouleverse-la-france\/#breadcrumb"},"inLanguage":"fr-FR","potentialAction":[{"@type":"ReadAction","target":["https:\/\/flashmode.tn\/magazine\/petit-emile-disparition-quest-il-arrive-a-ce-jeune-garcon-qui-bouleverse-la-france\/"]}]},{"@type":"ImageObject","inLanguage":"fr-FR","@id":"https:\/\/flashmode.tn\/magazine\/petit-emile-disparition-quest-il-arrive-a-ce-jeune-garcon-qui-bouleverse-la-france\/#primaryimage","url":"https:\/\/i0.wp.com\/flashmode.tn\/magazine\/wp-content\/uploads\/2024\/03\/Petit-Emile-Disparition-Quest-il-arrive-a-ce-jeune-garcon-qui-bouleverse-la-France-.png?fit=1640%2C924&ssl=1","contentUrl":"https:\/\/i0.wp.com\/flashmode.tn\/magazine\/wp-content\/uploads\/2024\/03\/Petit-Emile-Disparition-Quest-il-arrive-a-ce-jeune-garcon-qui-bouleverse-la-France-.png?fit=1640%2C924&ssl=1","width":1640,"height":924,"caption":"Petit \u00c9mile Disparition : Qu'est-il arriv\u00e9 \u00e0 ce jeune gar\u00e7on qui bouleverse la France ?"},{"@type":"BreadcrumbList","@id":"https:\/\/flashmode.tn\/magazine\/petit-emile-disparition-quest-il-arrive-a-ce-jeune-garcon-qui-bouleverse-la-france\/#breadcrumb","itemListElement":[{"@type":"ListItem","position":1,"name":"Accueil","item":"https:\/\/flashmode.tn\/magazine\/"},{"@type":"ListItem","position":2,"name":"Petit \u00c9mile Disparition : Qu&rsquo;est-il arriv\u00e9 \u00e0 ce jeune gar\u00e7on qui bouleverse la France ?"}]},{"@type":"WebSite","@id":"https:\/\/flashmode.tn\/magazine\/#website","url":"https:\/\/flashmode.tn\/magazine\/","name":"Flashmode Magazine | Magazine de mode et style de vie Num\u00e9ro un en Tunisie et au Maghreb","description":"Magazine de mode et style de vie Num\u00e9ro un en Tunisie et au Maghreb, cr\u00e9\u00e9 pour les hommes et les femmes : conseils beaut\u00e9, mode femme, mode homme, recettes de cuisine, c\u00e9l\u00e9brit\u00e9s et people, mannequins et top modeles","potentialAction":[{"@type":"SearchAction","target":{"@type":"EntryPoint","urlTemplate":"https:\/\/flashmode.tn\/magazine\/?s={search_term_string}"},"query-input":{"@type":"PropertyValueSpecification","valueRequired":true,"valueName":"search_term_string"}}],"inLanguage":"fr-FR"},{"@type":"Person","@id":"https:\/\/flashmode.tn\/magazine\/#\/schema\/person\/79940f8af94166a445dd5bd6b3137682","name":"The Daileigh","image":{"@type":"ImageObject","inLanguage":"fr-FR","@id":"https:\/\/flashmode.tn\/magazine\/#\/schema\/person\/image\/","url":"https:\/\/secure.gravatar.com\/avatar\/30d4d60865d61de3434abd01cb8b4ec5e5b5eb5a274017461832a54857b1770d?s=96&d=mm&r=g","contentUrl":"https:\/\/secure.gravatar.com\/avatar\/30d4d60865d61de3434abd01cb8b4ec5e5b5eb5a274017461832a54857b1770d?s=96&d=mm&r=g","caption":"The Daileigh"},"url":"https:\/\/flashmode.tn\/magazine\/author\/the-daileigh\/"}]}},"jetpack_publicize_connections":[],"jetpack_featured_media_url":"https:\/\/i0.wp.com\/flashmode.tn\/magazine\/wp-content\/uploads\/2024\/03\/Petit-Emile-Disparition-Quest-il-arrive-a-ce-jeune-garcon-qui-bouleverse-la-France-.png?fit=1640%2C924&ssl=1","jetpack_shortlink":"https:\/\/wp.me\/p8BPGr-rma","jetpack_sharing_enabled":true,"_links":{"self":[{"href":"https:\/\/flashmode.tn\/magazine\/wp-json\/wp\/v2\/posts\/105162","targetHints":{"allow":["GET"]}}],"collection":[{"href":"https:\/\/flashmode.tn\/magazine\/wp-json\/wp\/v2\/posts"}],"about":[{"href":"https:\/\/flashmode.tn\/magazine\/wp-json\/wp\/v2\/types\/post"}],"author":[{"embeddable":true,"href":"https:\/\/flashmode.tn\/magazine\/wp-json\/wp\/v2\/users\/8"}],"replies":[{"embeddable":true,"href":"https:\/\/flashmode.tn\/magazine\/wp-json\/wp\/v2\/comments?post=105162"}],"version-history":[{"count":2,"href":"https:\/\/flashmode.tn\/magazine\/wp-json\/wp\/v2\/posts\/105162\/revisions"}],"predecessor-version":[{"id":161194,"href":"https:\/\/flashmode.tn\/magazine\/wp-json\/wp\/v2\/posts\/105162\/revisions\/161194"}],"wp:featuredmedia":[{"embeddable":true,"href":"https:\/\/flashmode.tn\/magazine\/wp-json\/wp\/v2\/media\/161193"}],"wp:attachment":[{"href":"https:\/\/flashmode.tn\/magazine\/wp-json\/wp\/v2\/media?parent=105162"}],"wp:term":[{"taxonomy":"category","embeddable":true,"href":"https:\/\/flashmode.tn\/magazine\/wp-json\/wp\/v2\/categories?post=105162"},{"taxonomy":"post_tag","embeddable":true,"href":"https:\/\/flashmode.tn\/magazine\/wp-json\/wp\/v2\/tags?post=105162"}],"curies":[{"name":"wp","href":"https:\/\/api.w.org\/{rel}","templated":true}]}}