{"id":105182,"date":"2024-03-12T03:11:32","date_gmt":"2024-03-12T02:11:32","guid":{"rendered":"https:\/\/flashmode.tn\/magazine\/?p=105182"},"modified":"2024-04-02T11:27:13","modified_gmt":"2024-04-02T09:27:13","slug":"delphine-jubillar-medium-delpech-la-disparition-mysterieuse-predite-par-le-medium","status":"publish","type":"post","link":"https:\/\/flashmode.tn\/magazine\/delphine-jubillar-medium-delpech-la-disparition-mysterieuse-predite-par-le-medium\/","title":{"rendered":"Delphine Jubillar M\u00e9dium Delpech : La Disparition Myst\u00e9rieuse Pr\u00e9dite par le M\u00e9dium"},"content":{"rendered":"\n<p>Vous \u00eates-vous d\u00e9j\u00e0 demand\u00e9 si les m\u00e9diums pouvaient pr\u00e9dire les myst\u00e8res de la r\u00e9alit\u00e9 ? Eh bien, pr\u00e9parez-vous \u00e0 plonger dans l&rsquo;histoire intrigante de la disparition de Delphine Jubillar et \u00e0 explorer les liens \u00e9nigmatiques entre la r\u00e9alit\u00e9 et les pr\u00e9dictions m\u00e9diumniques. Dans cet article captivant, nous vous emm\u00e8nerons dans un voyage o\u00f9 la v\u00e9rit\u00e9 se m\u00eale au surnaturel, et o\u00f9 les fronti\u00e8res entre le monde tangible et l&rsquo;invisible s&rsquo;estompent. Attachez votre ceinture et pr\u00e9parez-vous \u00e0 \u00eatre \u00e9tonn\u00e9, car l&rsquo;affaire Delphine Jubillar M\u00e9dium Delpech ne manquera pas de vous faire r\u00e9fl\u00e9chir sur les myst\u00e8res qui nous entourent.<\/p>\n\n\n\n<div id=\"ez-toc-container\" class=\"ez-toc-v2_0_81 counter-hierarchy ez-toc-counter ez-toc-grey ez-toc-container-direction\">\n<div class=\"ez-toc-title-container\">\n<p class=\"ez-toc-title\" style=\"cursor:inherit\">Contenus de la page<\/p>\n<span class=\"ez-toc-title-toggle\"><a href=\"#\" class=\"ez-toc-pull-right ez-toc-btn ez-toc-btn-xs ez-toc-btn-default ez-toc-toggle\" aria-label=\"Toggle Table of Content\"><span class=\"ez-toc-js-icon-con\"><span class=\"\"><span class=\"eztoc-hide\" style=\"display:none;\">Toggle<\/span><span class=\"ez-toc-icon-toggle-span\"><svg style=\"fill: #999;color:#999\" xmlns=\"http:\/\/www.w3.org\/2000\/svg\" class=\"list-377408\" width=\"20px\" height=\"20px\" viewBox=\"0 0 24 24\" fill=\"none\"><path d=\"M6 6H4v2h2V6zm14 0H8v2h12V6zM4 11h2v2H4v-2zm16 0H8v2h12v-2zM4 16h2v2H4v-2zm16 0H8v2h12v-2z\" fill=\"currentColor\"><\/path><\/svg><svg style=\"fill: #999;color:#999\" class=\"arrow-unsorted-368013\" xmlns=\"http:\/\/www.w3.org\/2000\/svg\" width=\"10px\" height=\"10px\" viewBox=\"0 0 24 24\" version=\"1.2\" baseProfile=\"tiny\"><path d=\"M18.2 9.3l-6.2-6.3-6.2 6.3c-.2.2-.3.4-.3.7s.1.5.3.7c.2.2.4.3.7.3h11c.3 0 .5-.1.7-.3.2-.2.3-.5.3-.7s-.1-.5-.3-.7zM5.8 14.7l6.2 6.3 6.2-6.3c.2-.2.3-.5.3-.7s-.1-.5-.3-.7c-.2-.2-.4-.3-.7-.3h-11c-.3 0-.5.1-.7.3-.2.2-.3.5-.3.7s.1.5.3.7z\"\/><\/svg><\/span><\/span><\/span><\/a><\/span><\/div>\n<nav><ul class='ez-toc-list ez-toc-list-level-1 ' ><li class='ez-toc-page-1 ez-toc-heading-level-2'><a class=\"ez-toc-link ez-toc-heading-1\" href=\"https:\/\/flashmode.tn\/magazine\/delphine-jubillar-medium-delpech-la-disparition-mysterieuse-predite-par-le-medium\/#La_Disparition_de_Delphine_Jubillar_Entre_Realite_et_Predictions_Mediumniques\" >La Disparition de Delphine Jubillar : Entre R\u00e9alit\u00e9 et Pr\u00e9dictions M\u00e9diumniques<\/a><ul class='ez-toc-list-level-3' ><li class='ez-toc-heading-level-3'><a class=\"ez-toc-link ez-toc-heading-2\" href=\"https:\/\/flashmode.tn\/magazine\/delphine-jubillar-medium-delpech-la-disparition-mysterieuse-predite-par-le-medium\/#LEnigme_de_la_Zone_Boisee_pres_de_Cagnac-les-Mines\" >L&rsquo;\u00c9nigme de la Zone Bois\u00e9e pr\u00e8s de Cagnac-les-Mines<\/a><\/li><li class='ez-toc-page-1 ez-toc-heading-level-3'><a class=\"ez-toc-link ez-toc-heading-3\" href=\"https:\/\/flashmode.tn\/magazine\/delphine-jubillar-medium-delpech-la-disparition-mysterieuse-predite-par-le-medium\/#LAmant_Mysterieux_et_lHypothese_de_la_Fuite\" >L&rsquo;Amant Myst\u00e9rieux et l&rsquo;Hypoth\u00e8se de la Fuite<\/a><\/li><li class='ez-toc-page-1 ez-toc-heading-level-3'><a class=\"ez-toc-link ez-toc-heading-4\" href=\"https:\/\/flashmode.tn\/magazine\/delphine-jubillar-medium-delpech-la-disparition-mysterieuse-predite-par-le-medium\/#Le_Mari_Principal_Suspect_Malgre_lAbsence_du_Corps\" >Le Mari, Principal Suspect Malgr\u00e9 l\u2019Absence du Corps<\/a><\/li><li class='ez-toc-page-1 ez-toc-heading-level-3'><a class=\"ez-toc-link ez-toc-heading-5\" href=\"https:\/\/flashmode.tn\/magazine\/delphine-jubillar-medium-delpech-la-disparition-mysterieuse-predite-par-le-medium\/#Les_Doutes_Souleves_par_le_Nouveau_Detective\" >Les Doutes Soulev\u00e9s par le Nouveau D\u00e9tective<\/a><\/li><li class='ez-toc-page-1 ez-toc-heading-level-3'><a class=\"ez-toc-link ez-toc-heading-6\" href=\"https:\/\/flashmode.tn\/magazine\/delphine-jubillar-medium-delpech-la-disparition-mysterieuse-predite-par-le-medium\/#LAttente_dun_Proces_et_la_Quete_de_Verite\" >L&rsquo;Attente d&rsquo;un Proc\u00e8s et la Qu\u00eate de V\u00e9rit\u00e9<\/a><\/li><li class='ez-toc-page-1 ez-toc-heading-level-3'><a class=\"ez-toc-link ez-toc-heading-7\" href=\"https:\/\/flashmode.tn\/magazine\/delphine-jubillar-medium-delpech-la-disparition-mysterieuse-predite-par-le-medium\/#Le_Poids_du_Mystere_et_des_Circonstances_Non_elucidees\" >Le Poids du Myst\u00e8re et des Circonstances Non \u00e9lucid\u00e9es<\/a><\/li><li class='ez-toc-page-1 ez-toc-heading-level-3'><a class=\"ez-toc-link ez-toc-heading-8\" href=\"https:\/\/flashmode.tn\/magazine\/delphine-jubillar-medium-delpech-la-disparition-mysterieuse-predite-par-le-medium\/#Conclusion\" >Conclusion<\/a><\/li><\/ul><\/li><\/ul><\/nav><\/div>\n<h2 class=\"wp-block-heading\" id=\"h-la-disparition-de-delphine-jubillar-entre-realite-et-predictions-mediumniques\"><span class=\"ez-toc-section\" id=\"La_Disparition_de_Delphine_Jubillar_Entre_Realite_et_Predictions_Mediumniques\"><\/span>La Disparition de Delphine Jubillar : Entre R\u00e9alit\u00e9 et Pr\u00e9dictions M\u00e9diumniques<span class=\"ez-toc-section-end\"><\/span><\/h2>\n\n\n\n<p>La disparition de Delphine Jubillar est une \u00e9nigme qui continue de hanter la France. Depuis cette nuit fatidique du 15 au 16 d\u00e9cembre 2020, la jeune infirmi\u00e8re de 33 ans n&rsquo;a laiss\u00e9 derri\u00e8re elle que des questions sans r\u00e9ponses et une famille bris\u00e9e par le doute et la douleur.<\/p>\n\n\n\n<h3 class=\"wp-block-heading\" id=\"h-l-enigme-de-la-zone-boisee-pres-de-cagnac-les-mines\"><span class=\"ez-toc-section\" id=\"LEnigme_de_la_Zone_Boisee_pres_de_Cagnac-les-Mines\"><\/span>L&rsquo;\u00c9nigme de la Zone Bois\u00e9e pr\u00e8s de Cagnac-les-Mines<span class=\"ez-toc-section-end\"><\/span><\/h3>\n\n\n\n<p>Les efforts pour localiser Delphine se sont multipli\u00e9s au fil des mois, avec une attention particuli\u00e8re port\u00e9e sur une zone bois\u00e9e pr\u00e8s de Cagnac-les-Mines. Selon le voyant Michael Schneider, c&rsquo;est dans cet espace, entre le cimeti\u00e8re et le chemin de Saint-Quentin, que le corps de Delphine serait suppos\u00e9 se trouver. Cet \u00e9l\u00e9ment, bien que provenant de sources m\u00e9diumniques, a suscit\u00e9 l&rsquo;int\u00e9r\u00eat et l&rsquo;espoir, bien que les recherches aient \u00e9t\u00e9 vaines jusqu&rsquo;\u00e0 pr\u00e9sent.<\/p>\n\n\n\n<h3 class=\"wp-block-heading\" id=\"h-l-amant-mysterieux-et-l-hypothese-de-la-fuite\"><span class=\"ez-toc-section\" id=\"LAmant_Mysterieux_et_lHypothese_de_la_Fuite\"><\/span>L&rsquo;Amant Myst\u00e9rieux et l&rsquo;Hypoth\u00e8se de la Fuite<span class=\"ez-toc-section-end\"><\/span><\/h3>\n\n\n\n<p>Les rumeurs d&rsquo;une relation extraconjugale ont aliment\u00e9 la perplexit\u00e9 autour de l&rsquo;affaire. Il est rapport\u00e9 que Delphine Jubillar avait un amant nomm\u00e9 Jean, lui-m\u00eame en couple. Cette r\u00e9v\u00e9lation am\u00e8ne \u00e0 se demander si Delphine aurait pu orchestrer sa propre disparition, fuyant peut-\u00eatre en Espagne pour \u00e9chapper \u00e0 des probl\u00e8mes conjugaux. Une th\u00e9orie qui reste sp\u00e9culative en l&rsquo;absence de preuves concr\u00e8tes.<\/p>\n\n\n\n<h3 class=\"wp-block-heading\" id=\"h-le-mari-principal-suspect-malgre-l-absence-du-corps\"><span class=\"ez-toc-section\" id=\"Le_Mari_Principal_Suspect_Malgre_lAbsence_du_Corps\"><\/span>Le Mari, Principal Suspect Malgr\u00e9 l\u2019Absence du Corps<span class=\"ez-toc-section-end\"><\/span><\/h3>\n\n\n\n<p>La trag\u00e9die personnelle se double d&rsquo;une intrigue judiciaire. Le mari de Delphine, C\u00e9dric Jubillar, a \u00e9t\u00e9 plac\u00e9 sous les verrous en juin 2021, suspect\u00e9 de l&rsquo;avoir tu\u00e9e. Bien qu&rsquo;il clame son innocence, son incarc\u00e9ration soul\u00e8ve des questions sur la dynamique au sein du couple Jubillar et les \u00e9v\u00e9nements de cette nuit de d\u00e9cembre. Le myst\u00e8re s&rsquo;\u00e9paissit d&rsquo;autant plus que le corps de Delphine n&rsquo;a jamais \u00e9t\u00e9 retrouv\u00e9, rendant la t\u00e2che des enqu\u00eateurs d&rsquo;autant plus ardue.<\/p>\n\n\n\n<h3 class=\"wp-block-heading\" id=\"h-les-doutes-souleves-par-le-nouveau-detective\"><span class=\"ez-toc-section\" id=\"Les_Doutes_Souleves_par_le_Nouveau_Detective\"><\/span>Les Doutes Soulev\u00e9s par le Nouveau D\u00e9tective<span class=\"ez-toc-section-end\"><\/span><\/h3>\n\n\n\n<p>Le magazine Nouveau D\u00e9tective a apport\u00e9 une perspective sombre mais r\u00e9aliste : la d\u00e9couverte du corps ne garantirait pas une avanc\u00e9e significative dans l&rsquo;enqu\u00eate. Un corps trop endommag\u00e9 par le temps ne r\u00e9v\u00e9lerait peut-\u00eatre pas les circonstances de la mort de Delphine, laissant ainsi l&rsquo;affaire dans une impasse judiciaire et \u00e9motionnelle.<\/p>\n\n\n\n<h3 class=\"wp-block-heading\" id=\"h-l-attente-d-un-proces-et-la-quete-de-verite\"><span class=\"ez-toc-section\" id=\"LAttente_dun_Proces_et_la_Quete_de_Verite\"><\/span>L&rsquo;Attente d&rsquo;un Proc\u00e8s et la Qu\u00eate de V\u00e9rit\u00e9<span class=\"ez-toc-section-end\"><\/span><\/h3>\n\n\n\n<p>Alors que les yeux se tournent vers l&rsquo;avenir, le proc\u00e8s de C\u00e9dric Jubillar pourrait se tenir \u00e0 la fin de l&rsquo;ann\u00e9e 2024. Cette \u00e9ch\u00e9ance judiciaire est attendue avec impatience par ceux qui r\u00e9clament justice pour Delphine, bien que le chemin vers la v\u00e9rit\u00e9 soit sem\u00e9 d&rsquo;incertitudes.<\/p>\n\n\n\n<h3 class=\"wp-block-heading\" id=\"h-le-poids-du-mystere-et-des-circonstances-non-elucidees\"><span class=\"ez-toc-section\" id=\"Le_Poids_du_Mystere_et_des_Circonstances_Non_elucidees\"><\/span>Le Poids du Myst\u00e8re et des Circonstances Non \u00e9lucid\u00e9es<span class=\"ez-toc-section-end\"><\/span><\/h3>\n\n\n\n<p>Malgr\u00e9 les efforts incessants, les circonstances de la disparition de Delphine Jubillar restent envelopp\u00e9es de myst\u00e8re. La communaut\u00e9, les m\u00e9dias, la justice et surtout la famille de Delphine sont suspendus \u00e0 une r\u00e9v\u00e9lation, un indice, qui pourrait enfin apporter des r\u00e9ponses \u00e0 leurs questions lancinantes.<\/p>\n\n\n\n<h3 class=\"wp-block-heading\" id=\"h-conclusion\"><span class=\"ez-toc-section\" id=\"Conclusion\"><\/span>Conclusion<span class=\"ez-toc-section-end\"><\/span><\/h3>\n\n\n\n<p>La disparition de Delphine Jubillar est un drame qui continue de d\u00e9fier l&rsquo;entendement. Entre les pr\u00e9dictions m\u00e9diumniques, les pistes judiciaires et les th\u00e9ories du public, la v\u00e9rit\u00e9 demeure insaisissable. Les faits, aussi maigres et frustrants soient-ils, sont tout ce que nous avons pour tenter de reconstituer le puzzle de cette affaire qui a touch\u00e9 les c\u0153urs et \u00e9branl\u00e9 les esprits. L&rsquo;espoir persiste n\u00e9anmoins, celui de retrouver Delphine et de rendre justice, quelle qu&rsquo;elle soit.<\/p>\n\n\n\n<hr class=\"wp-block-separator has-alpha-channel-opacity\"\/>\n\n\n\n<p><strong>Q: Quel \u00e2ge avait Delphine Jubillar ?<\/strong><br><br>R: Delphine Jubillar avait 33 ans au moment de sa disparition en d\u00e9cembre 2020.<br><br><strong>Q: Quelles sont les derni\u00e8res nouvelles concernant Delphine Jubillar ?<\/strong><br><br>R: Son mari, C\u00e9dric Jubillar, a \u00e9t\u00e9 mis en examen pour \u00ab\u00a0meurtre par conjoint\u00a0\u00bb et est actuellement en d\u00e9tention depuis juin 2021. Il nie toute implication. Son proc\u00e8s pourrait avoir lieu \u00e0 la fin de l&rsquo;ann\u00e9e 2024. Le corps de Delphine Jubillar n&rsquo;a toujours pas \u00e9t\u00e9 retrouv\u00e9, ce qui laisse le myst\u00e8re planer sur les circonstances de sa disparition.<\/p>\n","protected":false},"excerpt":{"rendered":"<p>Vous \u00eates-vous d\u00e9j\u00e0 demand\u00e9 si les m\u00e9diums pouvaient pr\u00e9dire les myst\u00e8res de la r\u00e9alit\u00e9 ? Eh bien, pr\u00e9parez-vous \u00e0 plonger dans l&rsquo;histoire intrigante de la disparition de Delphine Jubillar et \u00e0 explorer les liens \u00e9nigmatiques entre la r\u00e9alit\u00e9 et les pr\u00e9dictions m\u00e9diumniques. Dans cet article captivant, nous vous emm\u00e8nerons dans un voyage o\u00f9 la v\u00e9rit\u00e9 [&hellip;]<\/p>\n","protected":false},"author":8,"featured_media":161252,"comment_status":"open","ping_status":"open","sticky":false,"template":"","format":"standard","meta":{"tdm_status":"","tdm_grid_status":"","_jetpack_memberships_contains_paid_content":false,"footnotes":"","jetpack_publicize_message":"","jetpack_publicize_feature_enabled":true,"jetpack_social_post_already_shared":true,"jetpack_social_options":{"image_generator_settings":{"template":"highway","default_image_id":0,"font":"","enabled":false},"version":2}},"categories":[78],"tags":[],"class_list":["post-105182","post","type-post","status-publish","format-standard","has-post-thumbnail","hentry","category-culture"],"yoast_head":"<!-- This site is optimized with the Yoast SEO Premium plugin v25.0 (Yoast SEO v25.0) - https:\/\/yoast.com\/wordpress\/plugins\/seo\/ -->\n<title>Delphine Jubillar M\u00e9dium Delpech : La Disparition Myst\u00e9rieuse Pr\u00e9dite par le M\u00e9dium - Flashmode Magazine | Magazine de mode et style de vie Num\u00e9ro un en Tunisie et au Maghreb<\/title>\n<meta name=\"description\" content=\"Vous \u00eates-vous d\u00e9j\u00e0 demand\u00e9 si les m\u00e9diums pouvaient pr\u00e9dire les myst\u00e8res de la r\u00e9alit\u00e9 ? Eh bien, pr\u00e9parez-vous \u00e0 plonger dans l&#039;histoire intrigante de\" \/>\n<meta name=\"robots\" content=\"index, follow, max-snippet:-1, max-image-preview:large, max-video-preview:-1\" \/>\n<link rel=\"canonical\" href=\"https:\/\/flashmode.tn\/magazine\/delphine-jubillar-medium-delpech-la-disparition-mysterieuse-predite-par-le-medium\/\" \/>\n<meta property=\"og:locale\" content=\"fr_FR\" \/>\n<meta property=\"og:type\" content=\"article\" \/>\n<meta property=\"og:title\" content=\"Delphine Jubillar M\u00e9dium Delpech : La Disparition Myst\u00e9rieuse Pr\u00e9dite par le M\u00e9dium - Flashmode Magazine | Magazine de mode et style de vie Num\u00e9ro un en Tunisie et au Maghreb\" \/>\n<meta property=\"og:description\" content=\"Vous \u00eates-vous d\u00e9j\u00e0 demand\u00e9 si les m\u00e9diums pouvaient pr\u00e9dire les myst\u00e8res de la r\u00e9alit\u00e9 ? Eh bien, pr\u00e9parez-vous \u00e0 plonger dans l&#039;histoire intrigante de\" \/>\n<meta property=\"og:url\" content=\"https:\/\/flashmode.tn\/magazine\/delphine-jubillar-medium-delpech-la-disparition-mysterieuse-predite-par-le-medium\/\" \/>\n<meta property=\"og:site_name\" content=\"Flashmode Magazine | Magazine de mode et style de vie Num\u00e9ro un en Tunisie et au Maghreb\" \/>\n<meta property=\"article:publisher\" content=\"https:\/\/www.facebook.com\/flashmode.magazine\/\" \/>\n<meta property=\"article:published_time\" content=\"2024-03-12T02:11:32+00:00\" \/>\n<meta property=\"article:modified_time\" content=\"2024-04-02T09:27:13+00:00\" \/>\n<meta property=\"og:image\" content=\"https:\/\/flashmode.tn\/magazine\/wp-content\/uploads\/2024\/03\/Delphine-Jubillar-Medium-Delpech-La-Disparition-Mysterieuse-Predite-par-le-Medium.png\" \/>\n\t<meta property=\"og:image:width\" content=\"1640\" \/>\n\t<meta property=\"og:image:height\" content=\"924\" \/>\n\t<meta property=\"og:image:type\" content=\"image\/png\" \/>\n<meta name=\"author\" content=\"The Daileigh\" \/>\n<meta name=\"twitter:card\" content=\"summary_large_image\" \/>\n<meta name=\"twitter:creator\" content=\"@agenceflashmode\" \/>\n<meta name=\"twitter:site\" content=\"@agenceflashmode\" \/>\n<meta name=\"twitter:label1\" content=\"\u00c9crit par\" \/>\n\t<meta name=\"twitter:data1\" content=\"The Daileigh\" \/>\n\t<meta name=\"twitter:label2\" content=\"Dur\u00e9e de lecture estim\u00e9e\" \/>\n\t<meta name=\"twitter:data2\" content=\"4 minutes\" \/>\n<script type=\"application\/ld+json\" class=\"yoast-schema-graph\">{\"@context\":\"https:\/\/schema.org\",\"@graph\":[{\"@type\":\"WebPage\",\"@id\":\"https:\/\/flashmode.tn\/magazine\/delphine-jubillar-medium-delpech-la-disparition-mysterieuse-predite-par-le-medium\/\",\"url\":\"https:\/\/flashmode.tn\/magazine\/delphine-jubillar-medium-delpech-la-disparition-mysterieuse-predite-par-le-medium\/\",\"name\":\"Delphine Jubillar M\u00e9dium Delpech : La Disparition Myst\u00e9rieuse Pr\u00e9dite par le M\u00e9dium - Flashmode Magazine | Magazine de mode et style de vie Num\u00e9ro un en Tunisie et au Maghreb\",\"isPartOf\":{\"@id\":\"https:\/\/flashmode.tn\/magazine\/#website\"},\"primaryImageOfPage\":{\"@id\":\"https:\/\/flashmode.tn\/magazine\/delphine-jubillar-medium-delpech-la-disparition-mysterieuse-predite-par-le-medium\/#primaryimage\"},\"image\":{\"@id\":\"https:\/\/flashmode.tn\/magazine\/delphine-jubillar-medium-delpech-la-disparition-mysterieuse-predite-par-le-medium\/#primaryimage\"},\"thumbnailUrl\":\"https:\/\/i0.wp.com\/flashmode.tn\/magazine\/wp-content\/uploads\/2024\/03\/Delphine-Jubillar-Medium-Delpech-La-Disparition-Mysterieuse-Predite-par-le-Medium.png?fit=1640%2C924&ssl=1\",\"datePublished\":\"2024-03-12T02:11:32+00:00\",\"dateModified\":\"2024-04-02T09:27:13+00:00\",\"author\":{\"@id\":\"https:\/\/flashmode.tn\/magazine\/#\/schema\/person\/79940f8af94166a445dd5bd6b3137682\"},\"description\":\"Vous \u00eates-vous d\u00e9j\u00e0 demand\u00e9 si les m\u00e9diums pouvaient pr\u00e9dire les myst\u00e8res de la r\u00e9alit\u00e9 ? Eh bien, pr\u00e9parez-vous \u00e0 plonger dans l'histoire intrigante de\",\"breadcrumb\":{\"@id\":\"https:\/\/flashmode.tn\/magazine\/delphine-jubillar-medium-delpech-la-disparition-mysterieuse-predite-par-le-medium\/#breadcrumb\"},\"inLanguage\":\"fr-FR\",\"potentialAction\":[{\"@type\":\"ReadAction\",\"target\":[\"https:\/\/flashmode.tn\/magazine\/delphine-jubillar-medium-delpech-la-disparition-mysterieuse-predite-par-le-medium\/\"]}]},{\"@type\":\"ImageObject\",\"inLanguage\":\"fr-FR\",\"@id\":\"https:\/\/flashmode.tn\/magazine\/delphine-jubillar-medium-delpech-la-disparition-mysterieuse-predite-par-le-medium\/#primaryimage\",\"url\":\"https:\/\/i0.wp.com\/flashmode.tn\/magazine\/wp-content\/uploads\/2024\/03\/Delphine-Jubillar-Medium-Delpech-La-Disparition-Mysterieuse-Predite-par-le-Medium.png?fit=1640%2C924&ssl=1\",\"contentUrl\":\"https:\/\/i0.wp.com\/flashmode.tn\/magazine\/wp-content\/uploads\/2024\/03\/Delphine-Jubillar-Medium-Delpech-La-Disparition-Mysterieuse-Predite-par-le-Medium.png?fit=1640%2C924&ssl=1\",\"width\":1640,\"height\":924,\"caption\":\"Delphine Jubillar M\u00e9dium Delpech : La Disparition Myst\u00e9rieuse Pr\u00e9dite par le M\u00e9dium\"},{\"@type\":\"BreadcrumbList\",\"@id\":\"https:\/\/flashmode.tn\/magazine\/delphine-jubillar-medium-delpech-la-disparition-mysterieuse-predite-par-le-medium\/#breadcrumb\",\"itemListElement\":[{\"@type\":\"ListItem\",\"position\":1,\"name\":\"Accueil\",\"item\":\"https:\/\/flashmode.tn\/magazine\/\"},{\"@type\":\"ListItem\",\"position\":2,\"name\":\"Delphine Jubillar M\u00e9dium Delpech : La Disparition Myst\u00e9rieuse Pr\u00e9dite par le M\u00e9dium\"}]},{\"@type\":\"WebSite\",\"@id\":\"https:\/\/flashmode.tn\/magazine\/#website\",\"url\":\"https:\/\/flashmode.tn\/magazine\/\",\"name\":\"Flashmode Magazine | Magazine de mode et style de vie Num\u00e9ro un en Tunisie et au Maghreb\",\"description\":\"Magazine de mode et style de vie Num\u00e9ro un en Tunisie et au Maghreb, cr\u00e9\u00e9 pour les hommes et les femmes : conseils beaut\u00e9, mode femme, mode homme, recettes de cuisine, c\u00e9l\u00e9brit\u00e9s et people, mannequins et top modeles\",\"potentialAction\":[{\"@type\":\"SearchAction\",\"target\":{\"@type\":\"EntryPoint\",\"urlTemplate\":\"https:\/\/flashmode.tn\/magazine\/?s={search_term_string}\"},\"query-input\":{\"@type\":\"PropertyValueSpecification\",\"valueRequired\":true,\"valueName\":\"search_term_string\"}}],\"inLanguage\":\"fr-FR\"},{\"@type\":\"Person\",\"@id\":\"https:\/\/flashmode.tn\/magazine\/#\/schema\/person\/79940f8af94166a445dd5bd6b3137682\",\"name\":\"The Daileigh\",\"image\":{\"@type\":\"ImageObject\",\"inLanguage\":\"fr-FR\",\"@id\":\"https:\/\/flashmode.tn\/magazine\/#\/schema\/person\/image\/\",\"url\":\"https:\/\/secure.gravatar.com\/avatar\/30d4d60865d61de3434abd01cb8b4ec5e5b5eb5a274017461832a54857b1770d?s=96&d=mm&r=g\",\"contentUrl\":\"https:\/\/secure.gravatar.com\/avatar\/30d4d60865d61de3434abd01cb8b4ec5e5b5eb5a274017461832a54857b1770d?s=96&d=mm&r=g\",\"caption\":\"The Daileigh\"},\"url\":\"https:\/\/flashmode.tn\/magazine\/author\/the-daileigh\/\"}]}<\/script>\n<!-- \/ Yoast SEO Premium plugin. -->","yoast_head_json":{"title":"Delphine Jubillar M\u00e9dium Delpech : La Disparition Myst\u00e9rieuse Pr\u00e9dite par le M\u00e9dium - Flashmode Magazine | Magazine de mode et style de vie Num\u00e9ro un en Tunisie et au Maghreb","description":"Vous \u00eates-vous d\u00e9j\u00e0 demand\u00e9 si les m\u00e9diums pouvaient pr\u00e9dire les myst\u00e8res de la r\u00e9alit\u00e9 ? Eh bien, pr\u00e9parez-vous \u00e0 plonger dans l'histoire intrigante de","robots":{"index":"index","follow":"follow","max-snippet":"max-snippet:-1","max-image-preview":"max-image-preview:large","max-video-preview":"max-video-preview:-1"},"canonical":"https:\/\/flashmode.tn\/magazine\/delphine-jubillar-medium-delpech-la-disparition-mysterieuse-predite-par-le-medium\/","og_locale":"fr_FR","og_type":"article","og_title":"Delphine Jubillar M\u00e9dium Delpech : La Disparition Myst\u00e9rieuse Pr\u00e9dite par le M\u00e9dium - Flashmode Magazine | Magazine de mode et style de vie Num\u00e9ro un en Tunisie et au Maghreb","og_description":"Vous \u00eates-vous d\u00e9j\u00e0 demand\u00e9 si les m\u00e9diums pouvaient pr\u00e9dire les myst\u00e8res de la r\u00e9alit\u00e9 ? Eh bien, pr\u00e9parez-vous \u00e0 plonger dans l'histoire intrigante de","og_url":"https:\/\/flashmode.tn\/magazine\/delphine-jubillar-medium-delpech-la-disparition-mysterieuse-predite-par-le-medium\/","og_site_name":"Flashmode Magazine | Magazine de mode et style de vie Num\u00e9ro un en Tunisie et au Maghreb","article_publisher":"https:\/\/www.facebook.com\/flashmode.magazine\/","article_published_time":"2024-03-12T02:11:32+00:00","article_modified_time":"2024-04-02T09:27:13+00:00","og_image":[{"width":1640,"height":924,"url":"https:\/\/flashmode.tn\/magazine\/wp-content\/uploads\/2024\/03\/Delphine-Jubillar-Medium-Delpech-La-Disparition-Mysterieuse-Predite-par-le-Medium.png","type":"image\/png"}],"author":"The Daileigh","twitter_card":"summary_large_image","twitter_creator":"@agenceflashmode","twitter_site":"@agenceflashmode","twitter_misc":{"\u00c9crit par":"The Daileigh","Dur\u00e9e de lecture estim\u00e9e":"4 minutes"},"schema":{"@context":"https:\/\/schema.org","@graph":[{"@type":"WebPage","@id":"https:\/\/flashmode.tn\/magazine\/delphine-jubillar-medium-delpech-la-disparition-mysterieuse-predite-par-le-medium\/","url":"https:\/\/flashmode.tn\/magazine\/delphine-jubillar-medium-delpech-la-disparition-mysterieuse-predite-par-le-medium\/","name":"Delphine Jubillar M\u00e9dium Delpech : La Disparition Myst\u00e9rieuse Pr\u00e9dite par le M\u00e9dium - Flashmode Magazine | Magazine de mode et style de vie Num\u00e9ro un en Tunisie et au Maghreb","isPartOf":{"@id":"https:\/\/flashmode.tn\/magazine\/#website"},"primaryImageOfPage":{"@id":"https:\/\/flashmode.tn\/magazine\/delphine-jubillar-medium-delpech-la-disparition-mysterieuse-predite-par-le-medium\/#primaryimage"},"image":{"@id":"https:\/\/flashmode.tn\/magazine\/delphine-jubillar-medium-delpech-la-disparition-mysterieuse-predite-par-le-medium\/#primaryimage"},"thumbnailUrl":"https:\/\/i0.wp.com\/flashmode.tn\/magazine\/wp-content\/uploads\/2024\/03\/Delphine-Jubillar-Medium-Delpech-La-Disparition-Mysterieuse-Predite-par-le-Medium.png?fit=1640%2C924&ssl=1","datePublished":"2024-03-12T02:11:32+00:00","dateModified":"2024-04-02T09:27:13+00:00","author":{"@id":"https:\/\/flashmode.tn\/magazine\/#\/schema\/person\/79940f8af94166a445dd5bd6b3137682"},"description":"Vous \u00eates-vous d\u00e9j\u00e0 demand\u00e9 si les m\u00e9diums pouvaient pr\u00e9dire les myst\u00e8res de la r\u00e9alit\u00e9 ? Eh bien, pr\u00e9parez-vous \u00e0 plonger dans l'histoire intrigante de","breadcrumb":{"@id":"https:\/\/flashmode.tn\/magazine\/delphine-jubillar-medium-delpech-la-disparition-mysterieuse-predite-par-le-medium\/#breadcrumb"},"inLanguage":"fr-FR","potentialAction":[{"@type":"ReadAction","target":["https:\/\/flashmode.tn\/magazine\/delphine-jubillar-medium-delpech-la-disparition-mysterieuse-predite-par-le-medium\/"]}]},{"@type":"ImageObject","inLanguage":"fr-FR","@id":"https:\/\/flashmode.tn\/magazine\/delphine-jubillar-medium-delpech-la-disparition-mysterieuse-predite-par-le-medium\/#primaryimage","url":"https:\/\/i0.wp.com\/flashmode.tn\/magazine\/wp-content\/uploads\/2024\/03\/Delphine-Jubillar-Medium-Delpech-La-Disparition-Mysterieuse-Predite-par-le-Medium.png?fit=1640%2C924&ssl=1","contentUrl":"https:\/\/i0.wp.com\/flashmode.tn\/magazine\/wp-content\/uploads\/2024\/03\/Delphine-Jubillar-Medium-Delpech-La-Disparition-Mysterieuse-Predite-par-le-Medium.png?fit=1640%2C924&ssl=1","width":1640,"height":924,"caption":"Delphine Jubillar M\u00e9dium Delpech : La Disparition Myst\u00e9rieuse Pr\u00e9dite par le M\u00e9dium"},{"@type":"BreadcrumbList","@id":"https:\/\/flashmode.tn\/magazine\/delphine-jubillar-medium-delpech-la-disparition-mysterieuse-predite-par-le-medium\/#breadcrumb","itemListElement":[{"@type":"ListItem","position":1,"name":"Accueil","item":"https:\/\/flashmode.tn\/magazine\/"},{"@type":"ListItem","position":2,"name":"Delphine Jubillar M\u00e9dium Delpech : La Disparition Myst\u00e9rieuse Pr\u00e9dite par le M\u00e9dium"}]},{"@type":"WebSite","@id":"https:\/\/flashmode.tn\/magazine\/#website","url":"https:\/\/flashmode.tn\/magazine\/","name":"Flashmode Magazine | Magazine de mode et style de vie Num\u00e9ro un en Tunisie et au Maghreb","description":"Magazine de mode et style de vie Num\u00e9ro un en Tunisie et au Maghreb, cr\u00e9\u00e9 pour les hommes et les femmes : conseils beaut\u00e9, mode femme, mode homme, recettes de cuisine, c\u00e9l\u00e9brit\u00e9s et people, mannequins et top modeles","potentialAction":[{"@type":"SearchAction","target":{"@type":"EntryPoint","urlTemplate":"https:\/\/flashmode.tn\/magazine\/?s={search_term_string}"},"query-input":{"@type":"PropertyValueSpecification","valueRequired":true,"valueName":"search_term_string"}}],"inLanguage":"fr-FR"},{"@type":"Person","@id":"https:\/\/flashmode.tn\/magazine\/#\/schema\/person\/79940f8af94166a445dd5bd6b3137682","name":"The Daileigh","image":{"@type":"ImageObject","inLanguage":"fr-FR","@id":"https:\/\/flashmode.tn\/magazine\/#\/schema\/person\/image\/","url":"https:\/\/secure.gravatar.com\/avatar\/30d4d60865d61de3434abd01cb8b4ec5e5b5eb5a274017461832a54857b1770d?s=96&d=mm&r=g","contentUrl":"https:\/\/secure.gravatar.com\/avatar\/30d4d60865d61de3434abd01cb8b4ec5e5b5eb5a274017461832a54857b1770d?s=96&d=mm&r=g","caption":"The Daileigh"},"url":"https:\/\/flashmode.tn\/magazine\/author\/the-daileigh\/"}]}},"jetpack_publicize_connections":[],"jetpack_featured_media_url":"https:\/\/i0.wp.com\/flashmode.tn\/magazine\/wp-content\/uploads\/2024\/03\/Delphine-Jubillar-Medium-Delpech-La-Disparition-Mysterieuse-Predite-par-le-Medium.png?fit=1640%2C924&ssl=1","jetpack_shortlink":"https:\/\/wp.me\/p8BPGr-rmu","jetpack_sharing_enabled":true,"_links":{"self":[{"href":"https:\/\/flashmode.tn\/magazine\/wp-json\/wp\/v2\/posts\/105182","targetHints":{"allow":["GET"]}}],"collection":[{"href":"https:\/\/flashmode.tn\/magazine\/wp-json\/wp\/v2\/posts"}],"about":[{"href":"https:\/\/flashmode.tn\/magazine\/wp-json\/wp\/v2\/types\/post"}],"author":[{"embeddable":true,"href":"https:\/\/flashmode.tn\/magazine\/wp-json\/wp\/v2\/users\/8"}],"replies":[{"embeddable":true,"href":"https:\/\/flashmode.tn\/magazine\/wp-json\/wp\/v2\/comments?post=105182"}],"version-history":[{"count":2,"href":"https:\/\/flashmode.tn\/magazine\/wp-json\/wp\/v2\/posts\/105182\/revisions"}],"predecessor-version":[{"id":161253,"href":"https:\/\/flashmode.tn\/magazine\/wp-json\/wp\/v2\/posts\/105182\/revisions\/161253"}],"wp:featuredmedia":[{"embeddable":true,"href":"https:\/\/flashmode.tn\/magazine\/wp-json\/wp\/v2\/media\/161252"}],"wp:attachment":[{"href":"https:\/\/flashmode.tn\/magazine\/wp-json\/wp\/v2\/media?parent=105182"}],"wp:term":[{"taxonomy":"category","embeddable":true,"href":"https:\/\/flashmode.tn\/magazine\/wp-json\/wp\/v2\/categories?post=105182"},{"taxonomy":"post_tag","embeddable":true,"href":"https:\/\/flashmode.tn\/magazine\/wp-json\/wp\/v2\/tags?post=105182"}],"curies":[{"name":"wp","href":"https:\/\/api.w.org\/{rel}","templated":true}]}}