{"id":105194,"date":"2024-03-12T02:53:12","date_gmt":"2024-03-12T01:53:12","guid":{"rendered":"https:\/\/flashmode.tn\/magazine\/?p=105194"},"modified":"2024-04-02T12:07:56","modified_gmt":"2024-04-02T10:07:56","slug":"laurent-lafitte-et-son-epouse-qui-est-la-femme-qui-partage-sa-vie","status":"publish","type":"post","link":"https:\/\/flashmode.tn\/magazine\/laurent-lafitte-et-son-epouse-qui-est-la-femme-qui-partage-sa-vie\/","title":{"rendered":"Laurent Lafitte et son \u00e9pouse : Qui est la femme qui partage sa vie ?"},"content":{"rendered":"\n<p>Vous \u00eates-vous d\u00e9j\u00e0 demand\u00e9 qui partage la vie du talentueux Laurent Lafitte ? Eh bien, ne cherchez plus ! Dans cet article, nous allons plonger dans la vie priv\u00e9e de cet acteur charismatique et d\u00e9couvrir qui est l&rsquo;heureuse \u00e9lue qui a conquis son c\u0153ur. Pr\u00e9parez-vous \u00e0 \u00eatre surpris, car la r\u00e9ponse est aussi captivante que les r\u00f4les qu&rsquo;il interpr\u00e8te \u00e0 l&rsquo;\u00e9cran. Alors, attachez vos ceintures et plongeons dans l&rsquo;univers des amours de Laurent Lafitte et de son \u00e9pouse !<\/p>\n\n\n\n<div id=\"ez-toc-container\" class=\"ez-toc-v2_0_81 counter-hierarchy ez-toc-counter ez-toc-grey ez-toc-container-direction\">\n<div class=\"ez-toc-title-container\">\n<p class=\"ez-toc-title\" style=\"cursor:inherit\">Contenus de la page<\/p>\n<span class=\"ez-toc-title-toggle\"><a href=\"#\" class=\"ez-toc-pull-right ez-toc-btn ez-toc-btn-xs ez-toc-btn-default ez-toc-toggle\" aria-label=\"Toggle Table of Content\"><span class=\"ez-toc-js-icon-con\"><span class=\"\"><span class=\"eztoc-hide\" style=\"display:none;\">Toggle<\/span><span class=\"ez-toc-icon-toggle-span\"><svg style=\"fill: #999;color:#999\" xmlns=\"http:\/\/www.w3.org\/2000\/svg\" class=\"list-377408\" width=\"20px\" height=\"20px\" viewBox=\"0 0 24 24\" fill=\"none\"><path d=\"M6 6H4v2h2V6zm14 0H8v2h12V6zM4 11h2v2H4v-2zm16 0H8v2h12v-2zM4 16h2v2H4v-2zm16 0H8v2h12v-2z\" fill=\"currentColor\"><\/path><\/svg><svg style=\"fill: #999;color:#999\" class=\"arrow-unsorted-368013\" xmlns=\"http:\/\/www.w3.org\/2000\/svg\" width=\"10px\" height=\"10px\" viewBox=\"0 0 24 24\" version=\"1.2\" baseProfile=\"tiny\"><path d=\"M18.2 9.3l-6.2-6.3-6.2 6.3c-.2.2-.3.4-.3.7s.1.5.3.7c.2.2.4.3.7.3h11c.3 0 .5-.1.7-.3.2-.2.3-.5.3-.7s-.1-.5-.3-.7zM5.8 14.7l6.2 6.3 6.2-6.3c.2-.2.3-.5.3-.7s-.1-.5-.3-.7c-.2-.2-.4-.3-.7-.3h-11c-.3 0-.5.1-.7.3-.2.2-.3.5-.3.7s.1.5.3.7z\"\/><\/svg><\/span><\/span><\/span><\/a><\/span><\/div>\n<nav><ul class='ez-toc-list ez-toc-list-level-1 ' ><li class='ez-toc-page-1 ez-toc-heading-level-2'><a class=\"ez-toc-link ez-toc-heading-1\" href=\"https:\/\/flashmode.tn\/magazine\/laurent-lafitte-et-son-epouse-qui-est-la-femme-qui-partage-sa-vie\/#Laurent_Lafitte_et_sa_vie_privee\" >Laurent Lafitte et sa vie priv\u00e9e<\/a><ul class='ez-toc-list-level-3' ><li class='ez-toc-heading-level-3'><a class=\"ez-toc-link ez-toc-heading-2\" href=\"https:\/\/flashmode.tn\/magazine\/laurent-lafitte-et-son-epouse-qui-est-la-femme-qui-partage-sa-vie\/#Laurent_Lafitte_et_lamour_sur_les_plateaux\" >Laurent Lafitte et l&rsquo;amour sur les plateaux<\/a><\/li><li class='ez-toc-page-1 ez-toc-heading-level-3'><a class=\"ez-toc-link ez-toc-heading-3\" href=\"https:\/\/flashmode.tn\/magazine\/laurent-lafitte-et-son-epouse-qui-est-la-femme-qui-partage-sa-vie\/#Le_temps_et_lamour_Le_cas_de_Cedric_et_Bianka\" >Le temps et l&rsquo;amour : Le cas de Cedric et Bianka<\/a><\/li><\/ul><\/li><li class='ez-toc-page-1 ez-toc-heading-level-2'><a class=\"ez-toc-link ez-toc-heading-4\" href=\"https:\/\/flashmode.tn\/magazine\/laurent-lafitte-et-son-epouse-qui-est-la-femme-qui-partage-sa-vie\/#Les_amours_de_Catherine_Deneuve\" >Les amours de Catherine Deneuve<\/a><ul class='ez-toc-list-level-3' ><li class='ez-toc-heading-level-3'><a class=\"ez-toc-link ez-toc-heading-5\" href=\"https:\/\/flashmode.tn\/magazine\/laurent-lafitte-et-son-epouse-qui-est-la-femme-qui-partage-sa-vie\/#Premier_mari_et_vie_actuelle_de_Catherine_Deneuve\" >Premier mari et vie actuelle de Catherine Deneuve<\/a><\/li><\/ul><\/li><li class='ez-toc-page-1 ez-toc-heading-level-2'><a class=\"ez-toc-link ez-toc-heading-6\" href=\"https:\/\/flashmode.tn\/magazine\/laurent-lafitte-et-son-epouse-qui-est-la-femme-qui-partage-sa-vie\/#Nolwenn_Leroy_et_son_equilibre_amoureux\" >Nolwenn Leroy et son \u00e9quilibre amoureux<\/a><ul class='ez-toc-list-level-3' ><li class='ez-toc-heading-level-3'><a class=\"ez-toc-link ez-toc-heading-7\" href=\"https:\/\/flashmode.tn\/magazine\/laurent-lafitte-et-son-epouse-qui-est-la-femme-qui-partage-sa-vie\/#La_famille_avant_tout\" >La famille avant tout<\/a><\/li><\/ul><\/li><li class='ez-toc-page-1 ez-toc-heading-level-2'><a class=\"ez-toc-link ez-toc-heading-8\" href=\"https:\/\/flashmode.tn\/magazine\/laurent-lafitte-et-son-epouse-qui-est-la-femme-qui-partage-sa-vie\/#Le_decor_idyllique_de_lamour\" >Le d\u00e9cor idyllique de l&rsquo;amour<\/a><ul class='ez-toc-list-level-3' ><li class='ez-toc-heading-level-3'><a class=\"ez-toc-link ez-toc-heading-9\" href=\"https:\/\/flashmode.tn\/magazine\/laurent-lafitte-et-son-epouse-qui-est-la-femme-qui-partage-sa-vie\/#Conclusion\" >Conclusion<\/a><\/li><\/ul><\/li><\/ul><\/nav><\/div>\n<h2 class=\"wp-block-heading\" id=\"h-laurent-lafitte-et-sa-vie-privee\"><span class=\"ez-toc-section\" id=\"Laurent_Lafitte_et_sa_vie_privee\"><\/span>Laurent Lafitte et sa vie priv\u00e9e<span class=\"ez-toc-section-end\"><\/span><\/h2>\n\n\n\n<p>Laurent Lafitte, c\u00e9l\u00e8bre acteur fran\u00e7ais, a toujours su garder sa vie priv\u00e9e loin des projecteurs. N\u00e9 le 22 ao\u00fbt 1973 \u00e0 Paris, il est connu pour sa discr\u00e9tion quand il s&rsquo;agit de parler de sa compagne ou de sa vie amoureuse. Contrairement \u00e0 ce que certains pourraient penser, il n&rsquo;est pas en couple avec Marina Fo\u00efs. Malgr\u00e9 leur alchimie \u00e9vidente \u00e0 l&rsquo;\u00e9cran, leur relation se limite \u00e0 une belle amiti\u00e9. Dans le monde du spectacle, il est fr\u00e9quent de voir des amiti\u00e9s fortes se former, souvent confondues avec des romances par les fans.<\/p>\n\n\n\n<h3 class=\"wp-block-heading\" id=\"h-laurent-lafitte-et-l-amour-sur-les-plateaux\"><span class=\"ez-toc-section\" id=\"Laurent_Lafitte_et_lamour_sur_les_plateaux\"><\/span>Laurent Lafitte et l&rsquo;amour sur les plateaux<span class=\"ez-toc-section-end\"><\/span><\/h3>\n\n\n\n<p>Souvent, les acteurs trouvent l&rsquo;amour sur les plateaux de tournage, mais pour Laurent Lafitte, cela ne semble pas \u00eatre le cas. Les seuls couples actuels de l&rsquo;\u00e9mission \u00ab\u00a0L&rsquo;\u00cele de l&rsquo;amour\u00a0\u00bb au Qu\u00e9bec qui ont trouv\u00e9 l&rsquo;amour sous les projecteurs sont Jade Cousineau et Marek C\u00f4t\u00e9, ainsi que Hugo et Lorie. Ces couples ont pu tisser des liens forts sous l&rsquo;\u0153il des cam\u00e9ras, un sc\u00e9nario qui n&rsquo;est pas toujours applicable dans la vie r\u00e9elle des c\u00e9l\u00e9brit\u00e9s comme Laurent Lafitte.<\/p>\n\n\n\n<h3 class=\"wp-block-heading\" id=\"h-le-temps-et-l-amour-le-cas-de-cedric-et-bianka\"><span class=\"ez-toc-section\" id=\"Le_temps_et_lamour_Le_cas_de_Cedric_et_Bianka\"><\/span>Le temps et l&rsquo;amour : Le cas de Cedric et Bianka<span class=\"ez-toc-section-end\"><\/span><\/h3>\n\n\n\n<p>Le duo form\u00e9 de Cedric et Bianka dans la troisi\u00e8me saison de \u00ab\u00a0L&rsquo;\u00eele de l&rsquo;amour\u00a0\u00bb nous rappelle que l&rsquo;amour n\u00e9cessite du temps pour \u00e9clore. Ils n&rsquo;ont pas officialis\u00e9 leur relation et prennent leur temps pour voir s&rsquo;il y a un potentiel entre eux. Ceci est un exemple qui pourrait bien refl\u00e9ter le choix de Laurent Lafitte de garder sa vie amoureuse priv\u00e9e et de ne pas se pr\u00e9cipiter pour officialiser une relation.<\/p>\n\n\n\n<h2 class=\"wp-block-heading\" id=\"h-les-amours-de-catherine-deneuve\"><span class=\"ez-toc-section\" id=\"Les_amours_de_Catherine_Deneuve\"><\/span>Les amours de Catherine Deneuve<span class=\"ez-toc-section-end\"><\/span><\/h2>\n\n\n\n<p>Autre grande figure du cin\u00e9ma fran\u00e7ais, Catherine Deneuve fascine par son talent et sa vie amoureuse. Ses retrouvailles chaleureuses avec Pierre Lescure, son compagnon des ann\u00e9es 80, montrent que l&rsquo;amiti\u00e9 peut perdurer m\u00eame apr\u00e8s la fin d&rsquo;une relation amoureuse. Catherine Deneuve a \u00e9t\u00e9 en couple avec Pierre Lescure pendant pr\u00e8s d&rsquo;une d\u00e9cennie et leur relation reste un sujet d&rsquo;int\u00e9r\u00eat pour les passionn\u00e9s de cin\u00e9ma et de c\u00e9l\u00e9brit\u00e9s.<\/p>\n\n\n\n<h3 class=\"wp-block-heading\" id=\"h-premier-mari-et-vie-actuelle-de-catherine-deneuve\"><span class=\"ez-toc-section\" id=\"Premier_mari_et_vie_actuelle_de_Catherine_Deneuve\"><\/span>Premier mari et vie actuelle de Catherine Deneuve<span class=\"ez-toc-section-end\"><\/span><\/h3>\n\n\n\n<p>Le premier mari de Catherine Deneuve reste un myst\u00e8re pour beaucoup, car l&rsquo;actrice a toujours \u00e9t\u00e9 discr\u00e8te sur sa vie priv\u00e9e. Actuellement c\u00e9libataire \u00e0 79 ans, elle se confie peu sur sa situation amoureuse, privil\u00e9giant sa carri\u00e8re et ses passions personnelles. Son attitude sereine face \u00e0 sa vie sentimentale est une source d&rsquo;inspiration pour ceux qui croient en l&rsquo;ind\u00e9pendance et l&rsquo;autonomie dans le parcours personnel.<\/p>\n\n\n\n<h2 class=\"wp-block-heading\" id=\"h-nolwenn-leroy-et-son-equilibre-amoureux\"><span class=\"ez-toc-section\" id=\"Nolwenn_Leroy_et_son_equilibre_amoureux\"><\/span>Nolwenn Leroy et son \u00e9quilibre amoureux<span class=\"ez-toc-section-end\"><\/span><\/h2>\n\n\n\n<p>\u00c0 l&rsquo;oppos\u00e9 du spectre, nous avons Nolwenn Leroy et Arnaud Cl\u00e9ment qui forment un couple \u00e9panoui depuis 2008. Leur rare sortie ensemble dans un cin\u00e9ma parisien ce mardi 10 octobre d\u00e9montre leur d\u00e9sir de pr\u00e9server des moments intimes loin de l&rsquo;agitation m\u00e9diatique. Ils partagent le quotidien l&rsquo;un de l&rsquo;autre depuis maintenant 15 ans, une stabilit\u00e9 affective qui semble les aider dans leur \u00e9panouissement personnel et professionnel.<\/p>\n\n\n\n<h3 class=\"wp-block-heading\" id=\"h-la-famille-avant-tout\"><span class=\"ez-toc-section\" id=\"La_famille_avant_tout\"><\/span>La famille avant tout<span class=\"ez-toc-section-end\"><\/span><\/h3>\n\n\n\n<p>Nolwenn Leroy et Arnaud Cl\u00e9ment ont \u00e9galement choisi de ne pas exposer leur fils, Marin, aux m\u00e9dias. Cette d\u00e9cision montre l&rsquo;importance qu&rsquo;ils accordent \u00e0 leur vie de famille et \u00e0 la protection de leur intimit\u00e9. Leur relation durable et discr\u00e8te est un mod\u00e8le pour de nombreux couples qui cherchent \u00e0 concilier vie publique et vie priv\u00e9e.<\/p>\n\n\n\n<h2 class=\"wp-block-heading\" id=\"h-le-decor-idyllique-de-l-amour\"><span class=\"ez-toc-section\" id=\"Le_decor_idyllique_de_lamour\"><\/span>Le d\u00e9cor idyllique de l&rsquo;amour<span class=\"ez-toc-section-end\"><\/span><\/h2>\n\n\n\n<p>Le d\u00e9cor de l&rsquo;\u00e9mission \u00ab\u00a0L&rsquo;\u00eele de l&rsquo;amour\u00a0\u00bb est film\u00e9 \u00e0 Las Terrenas, en R\u00e9publique dominicaine, un lieu qui, par sa beaut\u00e9, semble propice \u00e0 l&rsquo;\u00e9panouissement des romances. Pourtant, pour Laurent Lafitte, Catherine Deneuve, et m\u00eame Nolwenn Leroy, l&rsquo;amour et le bonheur ne d\u00e9pendent pas d&rsquo;un lieu mais bien des personnes avec qui ils choisissent de partager leur vie.<\/p>\n\n\n\n<h3 class=\"wp-block-heading\" id=\"h-conclusion\"><span class=\"ez-toc-section\" id=\"Conclusion\"><\/span>Conclusion<span class=\"ez-toc-section-end\"><\/span><\/h3>\n\n\n\n<p>Laurent Lafitte, Catherine Deneuve et Nolwenn Leroy sont des exemples parfaits de la diversit\u00e9 des parcours amoureux. Qu&rsquo;il s&rsquo;agisse de garder sa vie sentimentale priv\u00e9e, de cultiver une relation durable ou de trouver l&rsquo;amour sous les projecteurs, chacun de ces artistes illustre une facette de l&rsquo;amour. Ils nous enseignent que la cl\u00e9 du bonheur r\u00e9side dans l&rsquo;\u00e9quilibre entre vie priv\u00e9e et vie publique, et dans la capacit\u00e9 \u00e0 vivre l&rsquo;amour \u00e0 sa mani\u00e8re, authentiquement et sinc\u00e8rement.<\/p>\n\n\n\n<hr class=\"wp-block-separator has-alpha-channel-opacity\"\/>\n\n\n\n<p><strong>Qui est l&rsquo;\u00e9pouse de G\u00e9rard Leclerc ?<\/strong><br>L&rsquo;\u00e9pouse de G\u00e9rard Leclerc est Julie, une animatrice de radio qu&rsquo;il a rencontr\u00e9e \u00e0 Europe 1. Ils se sont mari\u00e9s en juillet 1981 et ont trois enfants.<\/p>\n\n\n\n<p><strong>Qui est l&rsquo;\u00e9pouse de Francis Cabrel ?<\/strong><br>L&rsquo;\u00e9pouse de Francis Cabrel est Mariette Darjo, une d\u00e9coratrice d&rsquo;int\u00e9rieur. Ils se sont mari\u00e9s en 1974 et ont trois filles.<\/p>\n\n\n\n<p><strong>Combien d&rsquo;enfants ont G\u00e9rard Leclerc et Julie ?<\/strong><br>G\u00e9rard Leclerc et Julie ont trois enfants : des jumeaux, Antoine et Mathieu, n\u00e9s en 1982, et une fille, Charlotte, n\u00e9e en 1987.<\/p>\n\n\n\n<p><strong>Combien d&rsquo;enfants ont Francis Cabrel et Mariette Darjo ?<\/strong><br>Francis Cabrel et Mariette Darjo ont trois filles : Aur\u00e9lie, n\u00e9e en 1986, Manon, n\u00e9e en 1990, et Thiu, adopt\u00e9e en 2004 \u00e0 trois mois et originaire du Vi\u00eat Nam.<\/p>\n","protected":false},"excerpt":{"rendered":"<p>Vous \u00eates-vous d\u00e9j\u00e0 demand\u00e9 qui partage la vie du talentueux Laurent Lafitte ? Eh bien, ne cherchez plus ! Dans cet article, nous allons plonger dans la vie priv\u00e9e de cet acteur charismatique et d\u00e9couvrir qui est l&rsquo;heureuse \u00e9lue qui a conquis son c\u0153ur. Pr\u00e9parez-vous \u00e0 \u00eatre surpris, car la r\u00e9ponse est aussi captivante que [&hellip;]<\/p>\n","protected":false},"author":8,"featured_media":161285,"comment_status":"open","ping_status":"open","sticky":false,"template":"","format":"standard","meta":{"tdm_status":"","tdm_grid_status":"","_jetpack_memberships_contains_paid_content":false,"footnotes":"","jetpack_publicize_message":"","jetpack_publicize_feature_enabled":true,"jetpack_social_post_already_shared":true,"jetpack_social_options":{"image_generator_settings":{"template":"highway","default_image_id":0,"font":"","enabled":false},"version":2}},"categories":[78],"tags":[],"class_list":["post-105194","post","type-post","status-publish","format-standard","has-post-thumbnail","hentry","category-culture"],"yoast_head":"<!-- This site is optimized with the Yoast SEO Premium plugin v25.0 (Yoast SEO v25.0) - https:\/\/yoast.com\/wordpress\/plugins\/seo\/ -->\n<title>Laurent Lafitte et son \u00e9pouse : Qui est la femme qui partage sa vie ? - Flashmode Magazine | Magazine de mode et style de vie Num\u00e9ro un en Tunisie et au Maghreb<\/title>\n<meta name=\"description\" content=\"Vous \u00eates-vous d\u00e9j\u00e0 demand\u00e9 qui partage la vie du talentueux Laurent Lafitte ? Eh bien, ne cherchez plus ! Dans cet article, nous allons plonger dans la\" \/>\n<meta name=\"robots\" content=\"index, follow, max-snippet:-1, max-image-preview:large, max-video-preview:-1\" \/>\n<link rel=\"canonical\" href=\"https:\/\/flashmode.tn\/magazine\/laurent-lafitte-et-son-epouse-qui-est-la-femme-qui-partage-sa-vie\/\" \/>\n<meta property=\"og:locale\" content=\"fr_FR\" \/>\n<meta property=\"og:type\" content=\"article\" \/>\n<meta property=\"og:title\" content=\"Laurent Lafitte et son \u00e9pouse : Qui est la femme qui partage sa vie ? - Flashmode Magazine | Magazine de mode et style de vie Num\u00e9ro un en Tunisie et au Maghreb\" \/>\n<meta property=\"og:description\" content=\"Vous \u00eates-vous d\u00e9j\u00e0 demand\u00e9 qui partage la vie du talentueux Laurent Lafitte ? Eh bien, ne cherchez plus ! Dans cet article, nous allons plonger dans la\" \/>\n<meta property=\"og:url\" content=\"https:\/\/flashmode.tn\/magazine\/laurent-lafitte-et-son-epouse-qui-est-la-femme-qui-partage-sa-vie\/\" \/>\n<meta property=\"og:site_name\" content=\"Flashmode Magazine | Magazine de mode et style de vie Num\u00e9ro un en Tunisie et au Maghreb\" \/>\n<meta property=\"article:publisher\" content=\"https:\/\/www.facebook.com\/flashmode.magazine\/\" \/>\n<meta property=\"article:published_time\" content=\"2024-03-12T01:53:12+00:00\" \/>\n<meta property=\"article:modified_time\" content=\"2024-04-02T10:07:56+00:00\" \/>\n<meta property=\"og:image\" content=\"https:\/\/flashmode.tn\/magazine\/wp-content\/uploads\/2024\/03\/Laurent-Lafitte-et-son-epouse-Qui-est-la-femme-qui-partage-sa-vie-.png\" \/>\n\t<meta property=\"og:image:width\" content=\"1640\" \/>\n\t<meta property=\"og:image:height\" content=\"924\" \/>\n\t<meta property=\"og:image:type\" content=\"image\/png\" \/>\n<meta name=\"author\" content=\"The Daileigh\" \/>\n<meta name=\"twitter:card\" content=\"summary_large_image\" \/>\n<meta name=\"twitter:creator\" content=\"@agenceflashmode\" \/>\n<meta name=\"twitter:site\" content=\"@agenceflashmode\" \/>\n<meta name=\"twitter:label1\" content=\"\u00c9crit par\" \/>\n\t<meta name=\"twitter:data1\" content=\"The Daileigh\" \/>\n\t<meta name=\"twitter:label2\" content=\"Dur\u00e9e de lecture estim\u00e9e\" \/>\n\t<meta name=\"twitter:data2\" content=\"5 minutes\" \/>\n<script type=\"application\/ld+json\" class=\"yoast-schema-graph\">{\"@context\":\"https:\/\/schema.org\",\"@graph\":[{\"@type\":\"WebPage\",\"@id\":\"https:\/\/flashmode.tn\/magazine\/laurent-lafitte-et-son-epouse-qui-est-la-femme-qui-partage-sa-vie\/\",\"url\":\"https:\/\/flashmode.tn\/magazine\/laurent-lafitte-et-son-epouse-qui-est-la-femme-qui-partage-sa-vie\/\",\"name\":\"Laurent Lafitte et son \u00e9pouse : Qui est la femme qui partage sa vie ? - Flashmode Magazine | Magazine de mode et style de vie Num\u00e9ro un en Tunisie et au Maghreb\",\"isPartOf\":{\"@id\":\"https:\/\/flashmode.tn\/magazine\/#website\"},\"primaryImageOfPage\":{\"@id\":\"https:\/\/flashmode.tn\/magazine\/laurent-lafitte-et-son-epouse-qui-est-la-femme-qui-partage-sa-vie\/#primaryimage\"},\"image\":{\"@id\":\"https:\/\/flashmode.tn\/magazine\/laurent-lafitte-et-son-epouse-qui-est-la-femme-qui-partage-sa-vie\/#primaryimage\"},\"thumbnailUrl\":\"https:\/\/i0.wp.com\/flashmode.tn\/magazine\/wp-content\/uploads\/2024\/03\/Laurent-Lafitte-et-son-epouse-Qui-est-la-femme-qui-partage-sa-vie-.png?fit=1640%2C924&ssl=1\",\"datePublished\":\"2024-03-12T01:53:12+00:00\",\"dateModified\":\"2024-04-02T10:07:56+00:00\",\"author\":{\"@id\":\"https:\/\/flashmode.tn\/magazine\/#\/schema\/person\/79940f8af94166a445dd5bd6b3137682\"},\"description\":\"Vous \u00eates-vous d\u00e9j\u00e0 demand\u00e9 qui partage la vie du talentueux Laurent Lafitte ? Eh bien, ne cherchez plus ! Dans cet article, nous allons plonger dans la\",\"breadcrumb\":{\"@id\":\"https:\/\/flashmode.tn\/magazine\/laurent-lafitte-et-son-epouse-qui-est-la-femme-qui-partage-sa-vie\/#breadcrumb\"},\"inLanguage\":\"fr-FR\",\"potentialAction\":[{\"@type\":\"ReadAction\",\"target\":[\"https:\/\/flashmode.tn\/magazine\/laurent-lafitte-et-son-epouse-qui-est-la-femme-qui-partage-sa-vie\/\"]}]},{\"@type\":\"ImageObject\",\"inLanguage\":\"fr-FR\",\"@id\":\"https:\/\/flashmode.tn\/magazine\/laurent-lafitte-et-son-epouse-qui-est-la-femme-qui-partage-sa-vie\/#primaryimage\",\"url\":\"https:\/\/i0.wp.com\/flashmode.tn\/magazine\/wp-content\/uploads\/2024\/03\/Laurent-Lafitte-et-son-epouse-Qui-est-la-femme-qui-partage-sa-vie-.png?fit=1640%2C924&ssl=1\",\"contentUrl\":\"https:\/\/i0.wp.com\/flashmode.tn\/magazine\/wp-content\/uploads\/2024\/03\/Laurent-Lafitte-et-son-epouse-Qui-est-la-femme-qui-partage-sa-vie-.png?fit=1640%2C924&ssl=1\",\"width\":1640,\"height\":924,\"caption\":\"Laurent Lafitte et son \u00e9pouse : Qui est la femme qui partage sa vie ?\"},{\"@type\":\"BreadcrumbList\",\"@id\":\"https:\/\/flashmode.tn\/magazine\/laurent-lafitte-et-son-epouse-qui-est-la-femme-qui-partage-sa-vie\/#breadcrumb\",\"itemListElement\":[{\"@type\":\"ListItem\",\"position\":1,\"name\":\"Accueil\",\"item\":\"https:\/\/flashmode.tn\/magazine\/\"},{\"@type\":\"ListItem\",\"position\":2,\"name\":\"Laurent Lafitte et son \u00e9pouse : Qui est la femme qui partage sa vie ?\"}]},{\"@type\":\"WebSite\",\"@id\":\"https:\/\/flashmode.tn\/magazine\/#website\",\"url\":\"https:\/\/flashmode.tn\/magazine\/\",\"name\":\"Flashmode Magazine | Magazine de mode et style de vie Num\u00e9ro un en Tunisie et au Maghreb\",\"description\":\"Magazine de mode et style de vie Num\u00e9ro un en Tunisie et au Maghreb, cr\u00e9\u00e9 pour les hommes et les femmes : conseils beaut\u00e9, mode femme, mode homme, recettes de cuisine, c\u00e9l\u00e9brit\u00e9s et people, mannequins et top modeles\",\"potentialAction\":[{\"@type\":\"SearchAction\",\"target\":{\"@type\":\"EntryPoint\",\"urlTemplate\":\"https:\/\/flashmode.tn\/magazine\/?s={search_term_string}\"},\"query-input\":{\"@type\":\"PropertyValueSpecification\",\"valueRequired\":true,\"valueName\":\"search_term_string\"}}],\"inLanguage\":\"fr-FR\"},{\"@type\":\"Person\",\"@id\":\"https:\/\/flashmode.tn\/magazine\/#\/schema\/person\/79940f8af94166a445dd5bd6b3137682\",\"name\":\"The Daileigh\",\"image\":{\"@type\":\"ImageObject\",\"inLanguage\":\"fr-FR\",\"@id\":\"https:\/\/flashmode.tn\/magazine\/#\/schema\/person\/image\/\",\"url\":\"https:\/\/secure.gravatar.com\/avatar\/30d4d60865d61de3434abd01cb8b4ec5e5b5eb5a274017461832a54857b1770d?s=96&d=mm&r=g\",\"contentUrl\":\"https:\/\/secure.gravatar.com\/avatar\/30d4d60865d61de3434abd01cb8b4ec5e5b5eb5a274017461832a54857b1770d?s=96&d=mm&r=g\",\"caption\":\"The Daileigh\"},\"url\":\"https:\/\/flashmode.tn\/magazine\/author\/the-daileigh\/\"}]}<\/script>\n<!-- \/ Yoast SEO Premium plugin. -->","yoast_head_json":{"title":"Laurent Lafitte et son \u00e9pouse : Qui est la femme qui partage sa vie ? - Flashmode Magazine | Magazine de mode et style de vie Num\u00e9ro un en Tunisie et au Maghreb","description":"Vous \u00eates-vous d\u00e9j\u00e0 demand\u00e9 qui partage la vie du talentueux Laurent Lafitte ? Eh bien, ne cherchez plus ! Dans cet article, nous allons plonger dans la","robots":{"index":"index","follow":"follow","max-snippet":"max-snippet:-1","max-image-preview":"max-image-preview:large","max-video-preview":"max-video-preview:-1"},"canonical":"https:\/\/flashmode.tn\/magazine\/laurent-lafitte-et-son-epouse-qui-est-la-femme-qui-partage-sa-vie\/","og_locale":"fr_FR","og_type":"article","og_title":"Laurent Lafitte et son \u00e9pouse : Qui est la femme qui partage sa vie ? - Flashmode Magazine | Magazine de mode et style de vie Num\u00e9ro un en Tunisie et au Maghreb","og_description":"Vous \u00eates-vous d\u00e9j\u00e0 demand\u00e9 qui partage la vie du talentueux Laurent Lafitte ? Eh bien, ne cherchez plus ! Dans cet article, nous allons plonger dans la","og_url":"https:\/\/flashmode.tn\/magazine\/laurent-lafitte-et-son-epouse-qui-est-la-femme-qui-partage-sa-vie\/","og_site_name":"Flashmode Magazine | Magazine de mode et style de vie Num\u00e9ro un en Tunisie et au Maghreb","article_publisher":"https:\/\/www.facebook.com\/flashmode.magazine\/","article_published_time":"2024-03-12T01:53:12+00:00","article_modified_time":"2024-04-02T10:07:56+00:00","og_image":[{"width":1640,"height":924,"url":"https:\/\/flashmode.tn\/magazine\/wp-content\/uploads\/2024\/03\/Laurent-Lafitte-et-son-epouse-Qui-est-la-femme-qui-partage-sa-vie-.png","type":"image\/png"}],"author":"The Daileigh","twitter_card":"summary_large_image","twitter_creator":"@agenceflashmode","twitter_site":"@agenceflashmode","twitter_misc":{"\u00c9crit par":"The Daileigh","Dur\u00e9e de lecture estim\u00e9e":"5 minutes"},"schema":{"@context":"https:\/\/schema.org","@graph":[{"@type":"WebPage","@id":"https:\/\/flashmode.tn\/magazine\/laurent-lafitte-et-son-epouse-qui-est-la-femme-qui-partage-sa-vie\/","url":"https:\/\/flashmode.tn\/magazine\/laurent-lafitte-et-son-epouse-qui-est-la-femme-qui-partage-sa-vie\/","name":"Laurent Lafitte et son \u00e9pouse : Qui est la femme qui partage sa vie ? - Flashmode Magazine | Magazine de mode et style de vie Num\u00e9ro un en Tunisie et au Maghreb","isPartOf":{"@id":"https:\/\/flashmode.tn\/magazine\/#website"},"primaryImageOfPage":{"@id":"https:\/\/flashmode.tn\/magazine\/laurent-lafitte-et-son-epouse-qui-est-la-femme-qui-partage-sa-vie\/#primaryimage"},"image":{"@id":"https:\/\/flashmode.tn\/magazine\/laurent-lafitte-et-son-epouse-qui-est-la-femme-qui-partage-sa-vie\/#primaryimage"},"thumbnailUrl":"https:\/\/i0.wp.com\/flashmode.tn\/magazine\/wp-content\/uploads\/2024\/03\/Laurent-Lafitte-et-son-epouse-Qui-est-la-femme-qui-partage-sa-vie-.png?fit=1640%2C924&ssl=1","datePublished":"2024-03-12T01:53:12+00:00","dateModified":"2024-04-02T10:07:56+00:00","author":{"@id":"https:\/\/flashmode.tn\/magazine\/#\/schema\/person\/79940f8af94166a445dd5bd6b3137682"},"description":"Vous \u00eates-vous d\u00e9j\u00e0 demand\u00e9 qui partage la vie du talentueux Laurent Lafitte ? Eh bien, ne cherchez plus ! Dans cet article, nous allons plonger dans la","breadcrumb":{"@id":"https:\/\/flashmode.tn\/magazine\/laurent-lafitte-et-son-epouse-qui-est-la-femme-qui-partage-sa-vie\/#breadcrumb"},"inLanguage":"fr-FR","potentialAction":[{"@type":"ReadAction","target":["https:\/\/flashmode.tn\/magazine\/laurent-lafitte-et-son-epouse-qui-est-la-femme-qui-partage-sa-vie\/"]}]},{"@type":"ImageObject","inLanguage":"fr-FR","@id":"https:\/\/flashmode.tn\/magazine\/laurent-lafitte-et-son-epouse-qui-est-la-femme-qui-partage-sa-vie\/#primaryimage","url":"https:\/\/i0.wp.com\/flashmode.tn\/magazine\/wp-content\/uploads\/2024\/03\/Laurent-Lafitte-et-son-epouse-Qui-est-la-femme-qui-partage-sa-vie-.png?fit=1640%2C924&ssl=1","contentUrl":"https:\/\/i0.wp.com\/flashmode.tn\/magazine\/wp-content\/uploads\/2024\/03\/Laurent-Lafitte-et-son-epouse-Qui-est-la-femme-qui-partage-sa-vie-.png?fit=1640%2C924&ssl=1","width":1640,"height":924,"caption":"Laurent Lafitte et son \u00e9pouse : Qui est la femme qui partage sa vie ?"},{"@type":"BreadcrumbList","@id":"https:\/\/flashmode.tn\/magazine\/laurent-lafitte-et-son-epouse-qui-est-la-femme-qui-partage-sa-vie\/#breadcrumb","itemListElement":[{"@type":"ListItem","position":1,"name":"Accueil","item":"https:\/\/flashmode.tn\/magazine\/"},{"@type":"ListItem","position":2,"name":"Laurent Lafitte et son \u00e9pouse : Qui est la femme qui partage sa vie ?"}]},{"@type":"WebSite","@id":"https:\/\/flashmode.tn\/magazine\/#website","url":"https:\/\/flashmode.tn\/magazine\/","name":"Flashmode Magazine | Magazine de mode et style de vie Num\u00e9ro un en Tunisie et au Maghreb","description":"Magazine de mode et style de vie Num\u00e9ro un en Tunisie et au Maghreb, cr\u00e9\u00e9 pour les hommes et les femmes : conseils beaut\u00e9, mode femme, mode homme, recettes de cuisine, c\u00e9l\u00e9brit\u00e9s et people, mannequins et top modeles","potentialAction":[{"@type":"SearchAction","target":{"@type":"EntryPoint","urlTemplate":"https:\/\/flashmode.tn\/magazine\/?s={search_term_string}"},"query-input":{"@type":"PropertyValueSpecification","valueRequired":true,"valueName":"search_term_string"}}],"inLanguage":"fr-FR"},{"@type":"Person","@id":"https:\/\/flashmode.tn\/magazine\/#\/schema\/person\/79940f8af94166a445dd5bd6b3137682","name":"The Daileigh","image":{"@type":"ImageObject","inLanguage":"fr-FR","@id":"https:\/\/flashmode.tn\/magazine\/#\/schema\/person\/image\/","url":"https:\/\/secure.gravatar.com\/avatar\/30d4d60865d61de3434abd01cb8b4ec5e5b5eb5a274017461832a54857b1770d?s=96&d=mm&r=g","contentUrl":"https:\/\/secure.gravatar.com\/avatar\/30d4d60865d61de3434abd01cb8b4ec5e5b5eb5a274017461832a54857b1770d?s=96&d=mm&r=g","caption":"The Daileigh"},"url":"https:\/\/flashmode.tn\/magazine\/author\/the-daileigh\/"}]}},"jetpack_publicize_connections":[],"jetpack_featured_media_url":"https:\/\/i0.wp.com\/flashmode.tn\/magazine\/wp-content\/uploads\/2024\/03\/Laurent-Lafitte-et-son-epouse-Qui-est-la-femme-qui-partage-sa-vie-.png?fit=1640%2C924&ssl=1","jetpack_shortlink":"https:\/\/wp.me\/p8BPGr-rmG","jetpack_sharing_enabled":true,"_links":{"self":[{"href":"https:\/\/flashmode.tn\/magazine\/wp-json\/wp\/v2\/posts\/105194","targetHints":{"allow":["GET"]}}],"collection":[{"href":"https:\/\/flashmode.tn\/magazine\/wp-json\/wp\/v2\/posts"}],"about":[{"href":"https:\/\/flashmode.tn\/magazine\/wp-json\/wp\/v2\/types\/post"}],"author":[{"embeddable":true,"href":"https:\/\/flashmode.tn\/magazine\/wp-json\/wp\/v2\/users\/8"}],"replies":[{"embeddable":true,"href":"https:\/\/flashmode.tn\/magazine\/wp-json\/wp\/v2\/comments?post=105194"}],"version-history":[{"count":2,"href":"https:\/\/flashmode.tn\/magazine\/wp-json\/wp\/v2\/posts\/105194\/revisions"}],"predecessor-version":[{"id":161286,"href":"https:\/\/flashmode.tn\/magazine\/wp-json\/wp\/v2\/posts\/105194\/revisions\/161286"}],"wp:featuredmedia":[{"embeddable":true,"href":"https:\/\/flashmode.tn\/magazine\/wp-json\/wp\/v2\/media\/161285"}],"wp:attachment":[{"href":"https:\/\/flashmode.tn\/magazine\/wp-json\/wp\/v2\/media?parent=105194"}],"wp:term":[{"taxonomy":"category","embeddable":true,"href":"https:\/\/flashmode.tn\/magazine\/wp-json\/wp\/v2\/categories?post=105194"},{"taxonomy":"post_tag","embeddable":true,"href":"https:\/\/flashmode.tn\/magazine\/wp-json\/wp\/v2\/tags?post=105194"}],"curies":[{"name":"wp","href":"https:\/\/api.w.org\/{rel}","templated":true}]}}