{"id":105207,"date":"2024-03-12T02:58:58","date_gmt":"2024-03-12T01:58:58","guid":{"rendered":"https:\/\/flashmode.tn\/magazine\/luna-judor-qui-se-cache-derriere-le-parcours-eclectique-deric-judor\/"},"modified":"2024-04-02T13:18:24","modified_gmt":"2024-04-02T11:18:24","slug":"luna-judor-qui-se-cache-derriere-le-parcours-eclectique-deric-judor","status":"publish","type":"post","link":"https:\/\/flashmode.tn\/magazine\/luna-judor-qui-se-cache-derriere-le-parcours-eclectique-deric-judor\/","title":{"rendered":"Luna Judor : Qui se cache derri\u00e8re le parcours \u00e9clectique d&rsquo;\u00c9ric Judor ?"},"content":{"rendered":"\n<p>Bienvenue dans cet article consacr\u00e9 \u00e0 l&rsquo;incroyable parcours de l&rsquo;homme aux multiples talents, \u00c9ric Judor. De son ascension fulgurante en tant qu&rsquo;humoriste \u00e0 sa collaboration l\u00e9gendaire avec Ramzy Bedia, nous plongerons dans les m\u00e9andres d&rsquo;une carri\u00e8re \u00e9clectique et passionnante. Mais avant de nous plonger dans les d\u00e9tails croustillants, saviez-vous que le nom de sc\u00e8ne \u00ab\u00a0Luna Judor\u00a0\u00bb est un clin d&rsquo;\u0153il \u00e0 son amour pour les nuits \u00e9toil\u00e9es ? Accrochez-vous, car nous allons d\u00e9couvrir ensemble les secrets d&rsquo;un artiste hors du commun.<\/p>\n\n\n\n<div id=\"ez-toc-container\" class=\"ez-toc-v2_0_81 counter-hierarchy ez-toc-counter ez-toc-grey ez-toc-container-direction\">\n<div class=\"ez-toc-title-container\">\n<p class=\"ez-toc-title\" style=\"cursor:inherit\">Contenus de la page<\/p>\n<span class=\"ez-toc-title-toggle\"><a href=\"#\" class=\"ez-toc-pull-right ez-toc-btn ez-toc-btn-xs ez-toc-btn-default ez-toc-toggle\" aria-label=\"Toggle Table of Content\"><span class=\"ez-toc-js-icon-con\"><span class=\"\"><span class=\"eztoc-hide\" style=\"display:none;\">Toggle<\/span><span class=\"ez-toc-icon-toggle-span\"><svg style=\"fill: #999;color:#999\" xmlns=\"http:\/\/www.w3.org\/2000\/svg\" class=\"list-377408\" width=\"20px\" height=\"20px\" viewBox=\"0 0 24 24\" fill=\"none\"><path d=\"M6 6H4v2h2V6zm14 0H8v2h12V6zM4 11h2v2H4v-2zm16 0H8v2h12v-2zM4 16h2v2H4v-2zm16 0H8v2h12v-2z\" fill=\"currentColor\"><\/path><\/svg><svg style=\"fill: #999;color:#999\" class=\"arrow-unsorted-368013\" xmlns=\"http:\/\/www.w3.org\/2000\/svg\" width=\"10px\" height=\"10px\" viewBox=\"0 0 24 24\" version=\"1.2\" baseProfile=\"tiny\"><path d=\"M18.2 9.3l-6.2-6.3-6.2 6.3c-.2.2-.3.4-.3.7s.1.5.3.7c.2.2.4.3.7.3h11c.3 0 .5-.1.7-.3.2-.2.3-.5.3-.7s-.1-.5-.3-.7zM5.8 14.7l6.2 6.3 6.2-6.3c.2-.2.3-.5.3-.7s-.1-.5-.3-.7c-.2-.2-.4-.3-.7-.3h-11c-.3 0-.5.1-.7.3-.2.2-.3.5-.3.7s.1.5.3.7z\"\/><\/svg><\/span><\/span><\/span><\/a><\/span><\/div>\n<nav><ul class='ez-toc-list ez-toc-list-level-1 ' ><li class='ez-toc-page-1 ez-toc-heading-level-2'><a class=\"ez-toc-link ez-toc-heading-1\" href=\"https:\/\/flashmode.tn\/magazine\/luna-judor-qui-se-cache-derriere-le-parcours-eclectique-deric-judor\/#Le_parcours_eclectique_dEric_Judor\" >Le parcours \u00e9clectique d&rsquo;\u00c9ric Judor<\/a><ul class='ez-toc-list-level-3' ><li class='ez-toc-heading-level-3'><a class=\"ez-toc-link ez-toc-heading-2\" href=\"https:\/\/flashmode.tn\/magazine\/luna-judor-qui-se-cache-derriere-le-parcours-eclectique-deric-judor\/#Des_debuts_professionnels_loin_des_projecteurs\" >Des d\u00e9buts professionnels loin des projecteurs<\/a><\/li><li class='ez-toc-page-1 ez-toc-heading-level-3'><a class=\"ez-toc-link ez-toc-heading-3\" href=\"https:\/\/flashmode.tn\/magazine\/luna-judor-qui-se-cache-derriere-le-parcours-eclectique-deric-judor\/#Un_ancrage_dans_les_Yvelines\" >Un ancrage dans les Yvelines<\/a><\/li><\/ul><\/li><li class='ez-toc-page-1 ez-toc-heading-level-2'><a class=\"ez-toc-link ez-toc-heading-4\" href=\"https:\/\/flashmode.tn\/magazine\/luna-judor-qui-se-cache-derriere-le-parcours-eclectique-deric-judor\/#La_naissance_dun_duo_legendaire_Eric_et_Ramzy\" >La naissance d&rsquo;un duo l\u00e9gendaire : \u00c9ric et Ramzy<\/a><ul class='ez-toc-list-level-3' ><li class='ez-toc-heading-level-3'><a class=\"ez-toc-link ez-toc-heading-5\" href=\"https:\/\/flashmode.tn\/magazine\/luna-judor-qui-se-cache-derriere-le-parcours-eclectique-deric-judor\/#La_complementarite_des_origines\" >La compl\u00e9mentarit\u00e9 des origines<\/a><\/li><li class='ez-toc-page-1 ez-toc-heading-level-3'><a class=\"ez-toc-link ez-toc-heading-6\" href=\"https:\/\/flashmode.tn\/magazine\/luna-judor-qui-se-cache-derriere-le-parcours-eclectique-deric-judor\/#La_professionnalisation_du_duo\" >La professionnalisation du duo<\/a><\/li><\/ul><\/li><li class='ez-toc-page-1 ez-toc-heading-level-2'><a class=\"ez-toc-link ez-toc-heading-7\" href=\"https:\/\/flashmode.tn\/magazine\/luna-judor-qui-se-cache-derriere-le-parcours-eclectique-deric-judor\/#La_rupture_entre_Eric_Judor_et_Ramzy_Bedia\" >La rupture entre \u00c9ric Judor et Ramzy Bedia<\/a><ul class='ez-toc-list-level-3' ><li class='ez-toc-heading-level-3'><a class=\"ez-toc-link ez-toc-heading-8\" href=\"https:\/\/flashmode.tn\/magazine\/luna-judor-qui-se-cache-derriere-le-parcours-eclectique-deric-judor\/#Une_rupture_amicale_et_professionnelle\" >Une rupture amicale et professionnelle<\/a><\/li><li class='ez-toc-page-1 ez-toc-heading-level-3'><a class=\"ez-toc-link ez-toc-heading-9\" href=\"https:\/\/flashmode.tn\/magazine\/luna-judor-qui-se-cache-derriere-le-parcours-eclectique-deric-judor\/#Une_relation_damitie_durable\" >Une relation d&rsquo;amiti\u00e9 durable<\/a><\/li><\/ul><\/li><li class='ez-toc-page-1 ez-toc-heading-level-2'><a class=\"ez-toc-link ez-toc-heading-10\" href=\"https:\/\/flashmode.tn\/magazine\/luna-judor-qui-se-cache-derriere-le-parcours-eclectique-deric-judor\/#Eric_Judor_lhomme_derriere_lhumoriste\" >\u00c9ric Judor, l&rsquo;homme derri\u00e8re l&rsquo;humoriste<\/a><ul class='ez-toc-list-level-3' ><li class='ez-toc-heading-level-3'><a class=\"ez-toc-link ez-toc-heading-11\" href=\"https:\/\/flashmode.tn\/magazine\/luna-judor-qui-se-cache-derriere-le-parcours-eclectique-deric-judor\/#Un_homme_%C2%AB_capillairement_pauvre_%C2%BB\" >Un homme \u00ab\u00a0capillairement pauvre\u00a0\u00bb<\/a><\/li><li class='ez-toc-page-1 ez-toc-heading-level-3'><a class=\"ez-toc-link ez-toc-heading-12\" href=\"https:\/\/flashmode.tn\/magazine\/luna-judor-qui-se-cache-derriere-le-parcours-eclectique-deric-judor\/#Une_sante_de_fer_malgre_tout\" >Une sant\u00e9 de fer malgr\u00e9 tout<\/a><\/li><\/ul><\/li><li class='ez-toc-page-1 ez-toc-heading-level-2'><a class=\"ez-toc-link ez-toc-heading-13\" href=\"https:\/\/flashmode.tn\/magazine\/luna-judor-qui-se-cache-derriere-le-parcours-eclectique-deric-judor\/#Conclusion_Un_parcours_riche_et_une_amitie_indefectible\" >Conclusion : Un parcours riche et une amiti\u00e9 ind\u00e9fectible<\/a><\/li><\/ul><\/nav><\/div>\n<h2 class=\"wp-block-heading\" id=\"h-le-parcours-eclectique-d-eric-judor\"><span class=\"ez-toc-section\" id=\"Le_parcours_eclectique_dEric_Judor\"><\/span>Le parcours \u00e9clectique d&rsquo;\u00c9ric Judor<span class=\"ez-toc-section-end\"><\/span><\/h2>\n\n\n\n<p>\u00c9ric Judor, n\u00e9 le 25 juillet 1968 \u00e0 Meaux, a suivi un parcours professionnel atypique avant de devenir l&rsquo;humoriste bien-aim\u00e9 que le public fran\u00e7ais conna\u00eet aujourd&rsquo;hui. D&rsquo;origines diverses, avec un p\u00e8re antillais de la Guadeloupe et une m\u00e8re autrichienne, son m\u00e9tissage a certainement contribu\u00e9 \u00e0 sa richesse cr\u00e9ative et \u00e0 sa capacit\u00e9 d&rsquo;adaptation dans diff\u00e9rents milieux.<\/p>\n\n\n\n<h3 class=\"wp-block-heading\" id=\"h-des-debuts-professionnels-loin-des-projecteurs\"><span class=\"ez-toc-section\" id=\"Des_debuts_professionnels_loin_des_projecteurs\"><\/span>Des d\u00e9buts professionnels loin des projecteurs<span class=\"ez-toc-section-end\"><\/span><\/h3>\n\n\n\n<p>Avant de se lancer dans le monde du spectacle, \u00c9ric a explor\u00e9 des horizons bien diff\u00e9rents. Pendant deux ans, il a \u00e9t\u00e9 accompagnateur touristique, guidant des voyageurs aux \u00c9tats-Unis et au Canada, une exp\u00e9rience qui lui a probablement fourni une richesse d&rsquo;anecdotes et de rencontres. Par la suite, il a int\u00e9gr\u00e9 le monde de l&rsquo;entreprise en travaillant comme logisticien chez Bouygues, un des g\u00e9ants du BTP en France. C&rsquo;est au sein de cette vie dite \u00ab\u00a0normale\u00a0\u00bb qu&rsquo;il a d\u00e9velopp\u00e9 des comp\u00e9tences qui lui serviront plus tard dans sa carri\u00e8re artistique.<\/p>\n\n\n\n<h3 class=\"wp-block-heading\" id=\"h-un-ancrage-dans-les-yvelines\"><span class=\"ez-toc-section\" id=\"Un_ancrage_dans_les_Yvelines\"><\/span>Un ancrage dans les Yvelines<span class=\"ez-toc-section-end\"><\/span><\/h3>\n\n\n\n<p>\u00c9ric Judor a choisi de poser ses valises dans les Yvelines, r\u00e9gion qui lui permet de jouir d&rsquo;un cadre de vie agr\u00e9able tout en restant \u00e0 proximit\u00e9 de la capitale, o\u00f9 se concentre l&rsquo;industrie du divertissement fran\u00e7ais.<\/p>\n\n\n\n<h2 class=\"wp-block-heading\" id=\"h-la-naissance-d-un-duo-legendaire-eric-et-ramzy\"><span class=\"ez-toc-section\" id=\"La_naissance_dun_duo_legendaire_Eric_et_Ramzy\"><\/span>La naissance d&rsquo;un duo l\u00e9gendaire : \u00c9ric et Ramzy<span class=\"ez-toc-section-end\"><\/span><\/h2>\n\n\n\n<p>La rencontre entre \u00c9ric Judor et Ramzy Bedia en 1994 a \u00e9t\u00e9 un tournant d\u00e9cisif dans la carri\u00e8re de l&rsquo;humoriste. Ensemble, ils forment le duo \u00ab\u00a0\u00c9ric et Ramzy\u00a0\u00bb, marquant l&rsquo;histoire de l&rsquo;humour en France avec leur style unique et leur complicit\u00e9 \u00e9vidente.<\/p>\n\n\n\n<h3 class=\"wp-block-heading\" id=\"h-la-complementarite-des-origines\"><span class=\"ez-toc-section\" id=\"La_complementarite_des_origines\"><\/span>La compl\u00e9mentarit\u00e9 des origines<span class=\"ez-toc-section-end\"><\/span><\/h3>\n\n\n\n<p>Le duo est d&rsquo;autant plus int\u00e9ressant que Ramzy Bedia, n\u00e9 \u00e0 Paris de parents alg\u00e9riens, apporte lui aussi un m\u00e9lange culturel enrichissant. Cette diversit\u00e9 a souvent \u00e9t\u00e9 une source d&rsquo;inspiration dans leurs sketches et films, leur permettant de jouer avec les st\u00e9r\u00e9otypes et les id\u00e9es re\u00e7ues.<\/p>\n\n\n\n<h3 class=\"wp-block-heading\" id=\"h-la-professionnalisation-du-duo\"><span class=\"ez-toc-section\" id=\"La_professionnalisation_du_duo\"><\/span>La professionnalisation du duo<span class=\"ez-toc-section-end\"><\/span><\/h3>\n\n\n\n<p>Leur rencontre a eu lieu dans un contexte professionnel, alors qu&rsquo;\u00c9ric suivait une trajectoire tout \u00e0 fait diff\u00e9rente. La d\u00e9cision de s&rsquo;associer pour former un duo comique a \u00e9t\u00e9 un pari audacieux, d\u00e9laissant des carri\u00e8res plus conventionnelles pour l&rsquo;incertitude et les feux de la rampe.<\/p>\n\n\n\n<h2 class=\"wp-block-heading\" id=\"h-la-rupture-entre-eric-judor-et-ramzy-bedia\"><span class=\"ez-toc-section\" id=\"La_rupture_entre_Eric_Judor_et_Ramzy_Bedia\"><\/span>La rupture entre \u00c9ric Judor et Ramzy Bedia<span class=\"ez-toc-section-end\"><\/span><\/h2>\n\n\n\n<p>Comme toutes les relations professionnelles, celle d&rsquo;\u00c9ric et Ramzy a connu des hauts et des bas. La s\u00e9paration du duo ne s&rsquo;est pas faite dans la discorde mais plut\u00f4t dans une logique de d\u00e9veloppement personnel et professionnel.<\/p>\n\n\n\n<h3 class=\"wp-block-heading\" id=\"h-une-rupture-amicale-et-professionnelle\"><span class=\"ez-toc-section\" id=\"Une_rupture_amicale_et_professionnelle\"><\/span>Une rupture amicale et professionnelle<span class=\"ez-toc-section-end\"><\/span><\/h3>\n\n\n\n<p>En avril 2019, lors de la promotion du film \u00ab\u00a0La lutte des classes\u00a0\u00bb, Ramzy Bedia a expliqu\u00e9 cette rupture comme \u00e9tant \u00e0 la fois amicale et professionnelle. Cela montre une maturit\u00e9 dans leur partenariat, sachant mettre fin \u00e0 leur collaboration sc\u00e9nique tout en pr\u00e9servant leur amiti\u00e9.<\/p>\n\n\n\n<h3 class=\"wp-block-heading\" id=\"h-une-relation-d-amitie-durable\"><span class=\"ez-toc-section\" id=\"Une_relation_damitie_durable\"><\/span>Une relation d&rsquo;amiti\u00e9 durable<span class=\"ez-toc-section-end\"><\/span><\/h3>\n\n\n\n<p>La relation entre \u00c9ric Judor et Ramzy Bedia va au-del\u00e0 de leur duo comique. C&rsquo;est une amiti\u00e9 solide qui perdure \u00e0 travers le temps, comme l&rsquo;a \u00e9voqu\u00e9 \u00c9ric Judor le 22 juillet 2023, soulignant les liens qui les unissent toujours.<\/p>\n\n\n\n<h2 class=\"wp-block-heading\" id=\"h-eric-judor-l-homme-derriere-l-humoriste\"><span class=\"ez-toc-section\" id=\"Eric_Judor_lhomme_derriere_lhumoriste\"><\/span>\u00c9ric Judor, l&rsquo;homme derri\u00e8re l&rsquo;humoriste<span class=\"ez-toc-section-end\"><\/span><\/h2>\n\n\n\n<p>\u00c9ric Judor est un homme aux multiples facettes, et ses fans appr\u00e9cient autant ses talents d&rsquo;humoriste que sa personnalit\u00e9 authentique et attachante.<\/p>\n\n\n\n<h3 class=\"wp-block-heading\" id=\"h-un-homme-capillairement-pauvre\"><span class=\"ez-toc-section\" id=\"Un_homme_%C2%AB_capillairement_pauvre_%C2%BB\"><\/span>Un homme \u00ab\u00a0capillairement pauvre\u00a0\u00bb<span class=\"ez-toc-section-end\"><\/span><\/h3>\n\n\n\n<p>C\u00e9l\u00e8bre pour son humour autod\u00e9risoire, \u00c9ric Judor aborde sa calvitie avec l\u00e9g\u00e8ret\u00e9. Un documentaire a m\u00eame \u00e9t\u00e9 consacr\u00e9 \u00e0 ce sujet, dans lequel il affirme qu&rsquo;il n&rsquo;est pas chauve mais \u00ab\u00a0capillairement pauvre\u00a0\u00bb. Cette formule, typique de son humour, lui permet de d\u00e9dramatiser une situation que beaucoup vivent avec difficult\u00e9.<\/p>\n\n\n\n<h3 class=\"wp-block-heading\" id=\"h-une-sante-de-fer-malgre-tout\"><span class=\"ez-toc-section\" id=\"Une_sante_de_fer_malgre_tout\"><\/span>Une sant\u00e9 de fer malgr\u00e9 tout<span class=\"ez-toc-section-end\"><\/span><\/h3>\n\n\n\n<p>S&rsquo;il plaisante sur sa calvitie, \u00c9ric Judor assure \u00eatre en bonne sant\u00e9 et pleinement \u00e9panoui dans sa vie personnelle et professionnelle. Son \u00e9nergie et sa vitalit\u00e9 restent des atouts ind\u00e9niables dans l&rsquo;univers de la com\u00e9die.<\/p>\n\n\n\n<h2 class=\"wp-block-heading\" id=\"h-conclusion-un-parcours-riche-et-une-amitie-indefectible\"><span class=\"ez-toc-section\" id=\"Conclusion_Un_parcours_riche_et_une_amitie_indefectible\"><\/span>Conclusion : Un parcours riche et une amiti\u00e9 ind\u00e9fectible<span class=\"ez-toc-section-end\"><\/span><\/h2>\n\n\n\n<p>La vie d&rsquo;\u00c9ric Judor est un exemple de diversit\u00e9 et d&rsquo;adaptabilit\u00e9. Du tourisme \u00e0 la logistique, jusqu&rsquo;\u00e0 la sc\u00e8ne humoristique fran\u00e7aise, il a su se r\u00e9inventer \u00e0 de multiples reprises. Sa rencontre avec Ramzy Bedia n&rsquo;\u00e9tait pas seulement la naissance d&rsquo;un duo comique m\u00e9morable mais aussi le d\u00e9but d&rsquo;une amiti\u00e9 forte et durable. Malgr\u00e9 leur s\u00e9paration professionnelle, ils restent li\u00e9s par des souvenirs communs et une affection partag\u00e9e. En tant que public, nous pouvons nous r\u00e9jouir de leur apport au paysage culturel fran\u00e7ais et esp\u00e9rer de nouvelles collaborations entre ces deux talents exceptionnels.<\/p>\n\n\n\n<hr class=\"wp-block-separator has-alpha-channel-opacity\"\/>\n\n\n\n<p><strong>Qui est le compagnon de Jessie de N&rsquo;oubliez pas les paroles ?<\/strong><br>Le compagnon de Jessie de N&rsquo;oubliez pas les paroles est Jessie Fasano c\u00f4t\u00e9 priv\u00e9.<\/p>\n\n\n\n<p><strong>Quel est le pr\u00e9nom du deuxi\u00e8me enfant de Jessie Fasano ?<\/strong><br>Le deuxi\u00e8me enfant de Jessie Fasano s&rsquo;appelle Maya.<\/p>\n\n\n\n<p><strong>Quel est l&rsquo;\u00e2ge de Nathalie, la candidate de N&rsquo;oubliez pas les paroles ?<\/strong><br>Nathalie, la candidate de N&rsquo;oubliez pas les paroles, a 51 ans.<\/p>\n\n\n\n<p><strong>O\u00f9 vit Laurens Noplp ?<\/strong><br>Laurens Noplp vit \u00e0 Toulouse.<\/p>\n","protected":false},"excerpt":{"rendered":"<p>Bienvenue dans cet article consacr\u00e9 \u00e0 l&rsquo;incroyable parcours de l&rsquo;homme aux multiples talents, \u00c9ric Judor. De son ascension fulgurante en tant qu&rsquo;humoriste \u00e0 sa collaboration l\u00e9gendaire avec Ramzy Bedia, nous plongerons dans les m\u00e9andres d&rsquo;une carri\u00e8re \u00e9clectique et passionnante. Mais avant de nous plonger dans les d\u00e9tails croustillants, saviez-vous que le nom de sc\u00e8ne \u00ab\u00a0Luna [&hellip;]<\/p>\n","protected":false},"author":8,"featured_media":161322,"comment_status":"open","ping_status":"open","sticky":false,"template":"","format":"standard","meta":{"tdm_status":"","tdm_grid_status":"","_jetpack_memberships_contains_paid_content":false,"footnotes":"","jetpack_publicize_message":"","jetpack_publicize_feature_enabled":true,"jetpack_social_post_already_shared":false,"jetpack_social_options":{"image_generator_settings":{"template":"highway","default_image_id":0,"font":"","enabled":false},"version":2}},"categories":[78],"tags":[],"class_list":["post-105207","post","type-post","status-publish","format-standard","has-post-thumbnail","hentry","category-culture"],"yoast_head":"<!-- This site is optimized with the Yoast SEO Premium plugin v25.0 (Yoast SEO v25.0) - https:\/\/yoast.com\/wordpress\/plugins\/seo\/ -->\n<title>Luna Judor : Qui se cache derri\u00e8re le parcours \u00e9clectique d&#039;\u00c9ric Judor ? - Flashmode Magazine | Magazine de mode et style de vie Num\u00e9ro un en Tunisie et au Maghreb<\/title>\n<meta name=\"description\" content=\"Bienvenue dans cet article consacr\u00e9 \u00e0 l&#039;incroyable parcours de l&#039;homme aux multiples talents, \u00c9ric Judor. De son ascension fulgurante en tant qu&#039;humoriste\" \/>\n<meta name=\"robots\" content=\"index, follow, max-snippet:-1, max-image-preview:large, max-video-preview:-1\" \/>\n<link rel=\"canonical\" href=\"https:\/\/flashmode.tn\/magazine\/luna-judor-qui-se-cache-derriere-le-parcours-eclectique-deric-judor\/\" \/>\n<meta property=\"og:locale\" content=\"fr_FR\" \/>\n<meta property=\"og:type\" content=\"article\" \/>\n<meta property=\"og:title\" content=\"Luna Judor : Qui se cache derri\u00e8re le parcours \u00e9clectique d&#039;\u00c9ric Judor ? - Flashmode Magazine | Magazine de mode et style de vie Num\u00e9ro un en Tunisie et au Maghreb\" \/>\n<meta property=\"og:description\" content=\"Bienvenue dans cet article consacr\u00e9 \u00e0 l&#039;incroyable parcours de l&#039;homme aux multiples talents, \u00c9ric Judor. De son ascension fulgurante en tant qu&#039;humoriste\" \/>\n<meta property=\"og:url\" content=\"https:\/\/flashmode.tn\/magazine\/luna-judor-qui-se-cache-derriere-le-parcours-eclectique-deric-judor\/\" \/>\n<meta property=\"og:site_name\" content=\"Flashmode Magazine | Magazine de mode et style de vie Num\u00e9ro un en Tunisie et au Maghreb\" \/>\n<meta property=\"article:publisher\" content=\"https:\/\/www.facebook.com\/flashmode.magazine\/\" \/>\n<meta property=\"article:published_time\" content=\"2024-03-12T01:58:58+00:00\" \/>\n<meta property=\"article:modified_time\" content=\"2024-04-02T11:18:24+00:00\" \/>\n<meta property=\"og:image\" content=\"https:\/\/flashmode.tn\/magazine\/wp-content\/uploads\/2024\/03\/Luna-Judor-Qui-se-cache-derriere-le-parcours-eclectique-dEric-Judor-.png\" \/>\n\t<meta property=\"og:image:width\" content=\"1640\" \/>\n\t<meta property=\"og:image:height\" content=\"924\" \/>\n\t<meta property=\"og:image:type\" content=\"image\/png\" \/>\n<meta name=\"author\" content=\"The Daileigh\" \/>\n<meta name=\"twitter:card\" content=\"summary_large_image\" \/>\n<meta name=\"twitter:creator\" content=\"@agenceflashmode\" \/>\n<meta name=\"twitter:site\" content=\"@agenceflashmode\" \/>\n<meta name=\"twitter:label1\" content=\"\u00c9crit par\" \/>\n\t<meta name=\"twitter:data1\" content=\"The Daileigh\" \/>\n\t<meta name=\"twitter:label2\" content=\"Dur\u00e9e de lecture estim\u00e9e\" \/>\n\t<meta name=\"twitter:data2\" content=\"5 minutes\" \/>\n<script type=\"application\/ld+json\" class=\"yoast-schema-graph\">{\"@context\":\"https:\/\/schema.org\",\"@graph\":[{\"@type\":\"WebPage\",\"@id\":\"https:\/\/flashmode.tn\/magazine\/luna-judor-qui-se-cache-derriere-le-parcours-eclectique-deric-judor\/\",\"url\":\"https:\/\/flashmode.tn\/magazine\/luna-judor-qui-se-cache-derriere-le-parcours-eclectique-deric-judor\/\",\"name\":\"Luna Judor : Qui se cache derri\u00e8re le parcours \u00e9clectique d'\u00c9ric Judor ? - Flashmode Magazine | Magazine de mode et style de vie Num\u00e9ro un en Tunisie et au Maghreb\",\"isPartOf\":{\"@id\":\"https:\/\/flashmode.tn\/magazine\/#website\"},\"primaryImageOfPage\":{\"@id\":\"https:\/\/flashmode.tn\/magazine\/luna-judor-qui-se-cache-derriere-le-parcours-eclectique-deric-judor\/#primaryimage\"},\"image\":{\"@id\":\"https:\/\/flashmode.tn\/magazine\/luna-judor-qui-se-cache-derriere-le-parcours-eclectique-deric-judor\/#primaryimage\"},\"thumbnailUrl\":\"https:\/\/i0.wp.com\/flashmode.tn\/magazine\/wp-content\/uploads\/2024\/03\/Luna-Judor-Qui-se-cache-derriere-le-parcours-eclectique-dEric-Judor-.png?fit=1640%2C924&ssl=1\",\"datePublished\":\"2024-03-12T01:58:58+00:00\",\"dateModified\":\"2024-04-02T11:18:24+00:00\",\"author\":{\"@id\":\"https:\/\/flashmode.tn\/magazine\/#\/schema\/person\/79940f8af94166a445dd5bd6b3137682\"},\"description\":\"Bienvenue dans cet article consacr\u00e9 \u00e0 l'incroyable parcours de l'homme aux multiples talents, \u00c9ric Judor. De son ascension fulgurante en tant qu'humoriste\",\"breadcrumb\":{\"@id\":\"https:\/\/flashmode.tn\/magazine\/luna-judor-qui-se-cache-derriere-le-parcours-eclectique-deric-judor\/#breadcrumb\"},\"inLanguage\":\"fr-FR\",\"potentialAction\":[{\"@type\":\"ReadAction\",\"target\":[\"https:\/\/flashmode.tn\/magazine\/luna-judor-qui-se-cache-derriere-le-parcours-eclectique-deric-judor\/\"]}]},{\"@type\":\"ImageObject\",\"inLanguage\":\"fr-FR\",\"@id\":\"https:\/\/flashmode.tn\/magazine\/luna-judor-qui-se-cache-derriere-le-parcours-eclectique-deric-judor\/#primaryimage\",\"url\":\"https:\/\/i0.wp.com\/flashmode.tn\/magazine\/wp-content\/uploads\/2024\/03\/Luna-Judor-Qui-se-cache-derriere-le-parcours-eclectique-dEric-Judor-.png?fit=1640%2C924&ssl=1\",\"contentUrl\":\"https:\/\/i0.wp.com\/flashmode.tn\/magazine\/wp-content\/uploads\/2024\/03\/Luna-Judor-Qui-se-cache-derriere-le-parcours-eclectique-dEric-Judor-.png?fit=1640%2C924&ssl=1\",\"width\":1640,\"height\":924,\"caption\":\"Luna Judor : Qui se cache derri\u00e8re le parcours \u00e9clectique d'\u00c9ric Judor ?\"},{\"@type\":\"BreadcrumbList\",\"@id\":\"https:\/\/flashmode.tn\/magazine\/luna-judor-qui-se-cache-derriere-le-parcours-eclectique-deric-judor\/#breadcrumb\",\"itemListElement\":[{\"@type\":\"ListItem\",\"position\":1,\"name\":\"Accueil\",\"item\":\"https:\/\/flashmode.tn\/magazine\/\"},{\"@type\":\"ListItem\",\"position\":2,\"name\":\"Luna Judor : Qui se cache derri\u00e8re le parcours \u00e9clectique d&rsquo;\u00c9ric Judor ?\"}]},{\"@type\":\"WebSite\",\"@id\":\"https:\/\/flashmode.tn\/magazine\/#website\",\"url\":\"https:\/\/flashmode.tn\/magazine\/\",\"name\":\"Flashmode Magazine | Magazine de mode et style de vie Num\u00e9ro un en Tunisie et au Maghreb\",\"description\":\"Magazine de mode et style de vie Num\u00e9ro un en Tunisie et au Maghreb, cr\u00e9\u00e9 pour les hommes et les femmes : conseils beaut\u00e9, mode femme, mode homme, recettes de cuisine, c\u00e9l\u00e9brit\u00e9s et people, mannequins et top modeles\",\"potentialAction\":[{\"@type\":\"SearchAction\",\"target\":{\"@type\":\"EntryPoint\",\"urlTemplate\":\"https:\/\/flashmode.tn\/magazine\/?s={search_term_string}\"},\"query-input\":{\"@type\":\"PropertyValueSpecification\",\"valueRequired\":true,\"valueName\":\"search_term_string\"}}],\"inLanguage\":\"fr-FR\"},{\"@type\":\"Person\",\"@id\":\"https:\/\/flashmode.tn\/magazine\/#\/schema\/person\/79940f8af94166a445dd5bd6b3137682\",\"name\":\"The Daileigh\",\"image\":{\"@type\":\"ImageObject\",\"inLanguage\":\"fr-FR\",\"@id\":\"https:\/\/flashmode.tn\/magazine\/#\/schema\/person\/image\/\",\"url\":\"https:\/\/secure.gravatar.com\/avatar\/30d4d60865d61de3434abd01cb8b4ec5e5b5eb5a274017461832a54857b1770d?s=96&d=mm&r=g\",\"contentUrl\":\"https:\/\/secure.gravatar.com\/avatar\/30d4d60865d61de3434abd01cb8b4ec5e5b5eb5a274017461832a54857b1770d?s=96&d=mm&r=g\",\"caption\":\"The Daileigh\"},\"url\":\"https:\/\/flashmode.tn\/magazine\/author\/the-daileigh\/\"}]}<\/script>\n<!-- \/ Yoast SEO Premium plugin. -->","yoast_head_json":{"title":"Luna Judor : Qui se cache derri\u00e8re le parcours \u00e9clectique d'\u00c9ric Judor ? - Flashmode Magazine | Magazine de mode et style de vie Num\u00e9ro un en Tunisie et au Maghreb","description":"Bienvenue dans cet article consacr\u00e9 \u00e0 l'incroyable parcours de l'homme aux multiples talents, \u00c9ric Judor. De son ascension fulgurante en tant qu'humoriste","robots":{"index":"index","follow":"follow","max-snippet":"max-snippet:-1","max-image-preview":"max-image-preview:large","max-video-preview":"max-video-preview:-1"},"canonical":"https:\/\/flashmode.tn\/magazine\/luna-judor-qui-se-cache-derriere-le-parcours-eclectique-deric-judor\/","og_locale":"fr_FR","og_type":"article","og_title":"Luna Judor : Qui se cache derri\u00e8re le parcours \u00e9clectique d'\u00c9ric Judor ? - Flashmode Magazine | Magazine de mode et style de vie Num\u00e9ro un en Tunisie et au Maghreb","og_description":"Bienvenue dans cet article consacr\u00e9 \u00e0 l'incroyable parcours de l'homme aux multiples talents, \u00c9ric Judor. De son ascension fulgurante en tant qu'humoriste","og_url":"https:\/\/flashmode.tn\/magazine\/luna-judor-qui-se-cache-derriere-le-parcours-eclectique-deric-judor\/","og_site_name":"Flashmode Magazine | Magazine de mode et style de vie Num\u00e9ro un en Tunisie et au Maghreb","article_publisher":"https:\/\/www.facebook.com\/flashmode.magazine\/","article_published_time":"2024-03-12T01:58:58+00:00","article_modified_time":"2024-04-02T11:18:24+00:00","og_image":[{"width":1640,"height":924,"url":"https:\/\/flashmode.tn\/magazine\/wp-content\/uploads\/2024\/03\/Luna-Judor-Qui-se-cache-derriere-le-parcours-eclectique-dEric-Judor-.png","type":"image\/png"}],"author":"The Daileigh","twitter_card":"summary_large_image","twitter_creator":"@agenceflashmode","twitter_site":"@agenceflashmode","twitter_misc":{"\u00c9crit par":"The Daileigh","Dur\u00e9e de lecture estim\u00e9e":"5 minutes"},"schema":{"@context":"https:\/\/schema.org","@graph":[{"@type":"WebPage","@id":"https:\/\/flashmode.tn\/magazine\/luna-judor-qui-se-cache-derriere-le-parcours-eclectique-deric-judor\/","url":"https:\/\/flashmode.tn\/magazine\/luna-judor-qui-se-cache-derriere-le-parcours-eclectique-deric-judor\/","name":"Luna Judor : Qui se cache derri\u00e8re le parcours \u00e9clectique d'\u00c9ric Judor ? - Flashmode Magazine | Magazine de mode et style de vie Num\u00e9ro un en Tunisie et au Maghreb","isPartOf":{"@id":"https:\/\/flashmode.tn\/magazine\/#website"},"primaryImageOfPage":{"@id":"https:\/\/flashmode.tn\/magazine\/luna-judor-qui-se-cache-derriere-le-parcours-eclectique-deric-judor\/#primaryimage"},"image":{"@id":"https:\/\/flashmode.tn\/magazine\/luna-judor-qui-se-cache-derriere-le-parcours-eclectique-deric-judor\/#primaryimage"},"thumbnailUrl":"https:\/\/i0.wp.com\/flashmode.tn\/magazine\/wp-content\/uploads\/2024\/03\/Luna-Judor-Qui-se-cache-derriere-le-parcours-eclectique-dEric-Judor-.png?fit=1640%2C924&ssl=1","datePublished":"2024-03-12T01:58:58+00:00","dateModified":"2024-04-02T11:18:24+00:00","author":{"@id":"https:\/\/flashmode.tn\/magazine\/#\/schema\/person\/79940f8af94166a445dd5bd6b3137682"},"description":"Bienvenue dans cet article consacr\u00e9 \u00e0 l'incroyable parcours de l'homme aux multiples talents, \u00c9ric Judor. De son ascension fulgurante en tant qu'humoriste","breadcrumb":{"@id":"https:\/\/flashmode.tn\/magazine\/luna-judor-qui-se-cache-derriere-le-parcours-eclectique-deric-judor\/#breadcrumb"},"inLanguage":"fr-FR","potentialAction":[{"@type":"ReadAction","target":["https:\/\/flashmode.tn\/magazine\/luna-judor-qui-se-cache-derriere-le-parcours-eclectique-deric-judor\/"]}]},{"@type":"ImageObject","inLanguage":"fr-FR","@id":"https:\/\/flashmode.tn\/magazine\/luna-judor-qui-se-cache-derriere-le-parcours-eclectique-deric-judor\/#primaryimage","url":"https:\/\/i0.wp.com\/flashmode.tn\/magazine\/wp-content\/uploads\/2024\/03\/Luna-Judor-Qui-se-cache-derriere-le-parcours-eclectique-dEric-Judor-.png?fit=1640%2C924&ssl=1","contentUrl":"https:\/\/i0.wp.com\/flashmode.tn\/magazine\/wp-content\/uploads\/2024\/03\/Luna-Judor-Qui-se-cache-derriere-le-parcours-eclectique-dEric-Judor-.png?fit=1640%2C924&ssl=1","width":1640,"height":924,"caption":"Luna Judor : Qui se cache derri\u00e8re le parcours \u00e9clectique d'\u00c9ric Judor ?"},{"@type":"BreadcrumbList","@id":"https:\/\/flashmode.tn\/magazine\/luna-judor-qui-se-cache-derriere-le-parcours-eclectique-deric-judor\/#breadcrumb","itemListElement":[{"@type":"ListItem","position":1,"name":"Accueil","item":"https:\/\/flashmode.tn\/magazine\/"},{"@type":"ListItem","position":2,"name":"Luna Judor : Qui se cache derri\u00e8re le parcours \u00e9clectique d&rsquo;\u00c9ric Judor ?"}]},{"@type":"WebSite","@id":"https:\/\/flashmode.tn\/magazine\/#website","url":"https:\/\/flashmode.tn\/magazine\/","name":"Flashmode Magazine | Magazine de mode et style de vie Num\u00e9ro un en Tunisie et au Maghreb","description":"Magazine de mode et style de vie Num\u00e9ro un en Tunisie et au Maghreb, cr\u00e9\u00e9 pour les hommes et les femmes : conseils beaut\u00e9, mode femme, mode homme, recettes de cuisine, c\u00e9l\u00e9brit\u00e9s et people, mannequins et top modeles","potentialAction":[{"@type":"SearchAction","target":{"@type":"EntryPoint","urlTemplate":"https:\/\/flashmode.tn\/magazine\/?s={search_term_string}"},"query-input":{"@type":"PropertyValueSpecification","valueRequired":true,"valueName":"search_term_string"}}],"inLanguage":"fr-FR"},{"@type":"Person","@id":"https:\/\/flashmode.tn\/magazine\/#\/schema\/person\/79940f8af94166a445dd5bd6b3137682","name":"The Daileigh","image":{"@type":"ImageObject","inLanguage":"fr-FR","@id":"https:\/\/flashmode.tn\/magazine\/#\/schema\/person\/image\/","url":"https:\/\/secure.gravatar.com\/avatar\/30d4d60865d61de3434abd01cb8b4ec5e5b5eb5a274017461832a54857b1770d?s=96&d=mm&r=g","contentUrl":"https:\/\/secure.gravatar.com\/avatar\/30d4d60865d61de3434abd01cb8b4ec5e5b5eb5a274017461832a54857b1770d?s=96&d=mm&r=g","caption":"The Daileigh"},"url":"https:\/\/flashmode.tn\/magazine\/author\/the-daileigh\/"}]}},"jetpack_publicize_connections":[],"jetpack_featured_media_url":"https:\/\/i0.wp.com\/flashmode.tn\/magazine\/wp-content\/uploads\/2024\/03\/Luna-Judor-Qui-se-cache-derriere-le-parcours-eclectique-dEric-Judor-.png?fit=1640%2C924&ssl=1","jetpack_shortlink":"https:\/\/wp.me\/p8BPGr-rmT","jetpack_sharing_enabled":true,"_links":{"self":[{"href":"https:\/\/flashmode.tn\/magazine\/wp-json\/wp\/v2\/posts\/105207","targetHints":{"allow":["GET"]}}],"collection":[{"href":"https:\/\/flashmode.tn\/magazine\/wp-json\/wp\/v2\/posts"}],"about":[{"href":"https:\/\/flashmode.tn\/magazine\/wp-json\/wp\/v2\/types\/post"}],"author":[{"embeddable":true,"href":"https:\/\/flashmode.tn\/magazine\/wp-json\/wp\/v2\/users\/8"}],"replies":[{"embeddable":true,"href":"https:\/\/flashmode.tn\/magazine\/wp-json\/wp\/v2\/comments?post=105207"}],"version-history":[{"count":2,"href":"https:\/\/flashmode.tn\/magazine\/wp-json\/wp\/v2\/posts\/105207\/revisions"}],"predecessor-version":[{"id":161323,"href":"https:\/\/flashmode.tn\/magazine\/wp-json\/wp\/v2\/posts\/105207\/revisions\/161323"}],"wp:featuredmedia":[{"embeddable":true,"href":"https:\/\/flashmode.tn\/magazine\/wp-json\/wp\/v2\/media\/161322"}],"wp:attachment":[{"href":"https:\/\/flashmode.tn\/magazine\/wp-json\/wp\/v2\/media?parent=105207"}],"wp:term":[{"taxonomy":"category","embeddable":true,"href":"https:\/\/flashmode.tn\/magazine\/wp-json\/wp\/v2\/categories?post=105207"},{"taxonomy":"post_tag","embeddable":true,"href":"https:\/\/flashmode.tn\/magazine\/wp-json\/wp\/v2\/tags?post=105207"}],"curies":[{"name":"wp","href":"https:\/\/api.w.org\/{rel}","templated":true}]}}