{"id":105215,"date":"2024-03-12T03:11:34","date_gmt":"2024-03-12T02:11:34","guid":{"rendered":"https:\/\/flashmode.tn\/magazine\/?p=105215"},"modified":"2024-04-03T14:30:54","modified_gmt":"2024-04-03T12:30:54","slug":"quelles-seront-les-couleurs-de-cheveux-tendance-en-2023","status":"publish","type":"post","link":"https:\/\/flashmode.tn\/magazine\/quelles-seront-les-couleurs-de-cheveux-tendance-en-2023\/","title":{"rendered":"Quelles seront les couleurs de cheveux tendance en 2023 ?"},"content":{"rendered":"\n<p>Vous \u00eates pr\u00eats \u00e0 d\u00e9couvrir les tendances capillaires les plus en vogue pour l&rsquo;ann\u00e9e 2023 ? Attachez vos ceintures, car nous allons plonger dans un univers de couleur et de style qui vous fera tourner la t\u00eate ! Dans cet article, nous allons vous d\u00e9voiler les couleurs de cheveux qui domineront l&rsquo;automne 2023 et vous donner tous les conseils pour adopter la coupe qui fera sensation. Que vous soyez fan du brun chocolat, en qu\u00eate de la jeunesse \u00e9ternelle gr\u00e2ce au blond, ou que vous cherchiez simplement la couleur id\u00e9ale, vous trouverez ici tout ce dont vous avez besoin pour \u00eatre \u00e0 la pointe de la tendance. Accrochez-vous, car cette ann\u00e9e, vos cheveux seront plus tendance que jamais !<\/p>\n\n\n\n<div id=\"ez-toc-container\" class=\"ez-toc-v2_0_81 counter-hierarchy ez-toc-counter ez-toc-grey ez-toc-container-direction\">\n<div class=\"ez-toc-title-container\">\n<p class=\"ez-toc-title\" style=\"cursor:inherit\">Contenus de la page<\/p>\n<span class=\"ez-toc-title-toggle\"><a href=\"#\" class=\"ez-toc-pull-right ez-toc-btn ez-toc-btn-xs ez-toc-btn-default ez-toc-toggle\" aria-label=\"Toggle Table of Content\"><span class=\"ez-toc-js-icon-con\"><span class=\"\"><span class=\"eztoc-hide\" style=\"display:none;\">Toggle<\/span><span class=\"ez-toc-icon-toggle-span\"><svg style=\"fill: #999;color:#999\" xmlns=\"http:\/\/www.w3.org\/2000\/svg\" class=\"list-377408\" width=\"20px\" height=\"20px\" viewBox=\"0 0 24 24\" fill=\"none\"><path d=\"M6 6H4v2h2V6zm14 0H8v2h12V6zM4 11h2v2H4v-2zm16 0H8v2h12v-2zM4 16h2v2H4v-2zm16 0H8v2h12v-2z\" fill=\"currentColor\"><\/path><\/svg><svg style=\"fill: #999;color:#999\" class=\"arrow-unsorted-368013\" xmlns=\"http:\/\/www.w3.org\/2000\/svg\" width=\"10px\" height=\"10px\" viewBox=\"0 0 24 24\" version=\"1.2\" baseProfile=\"tiny\"><path d=\"M18.2 9.3l-6.2-6.3-6.2 6.3c-.2.2-.3.4-.3.7s.1.5.3.7c.2.2.4.3.7.3h11c.3 0 .5-.1.7-.3.2-.2.3-.5.3-.7s-.1-.5-.3-.7zM5.8 14.7l6.2 6.3 6.2-6.3c.2-.2.3-.5.3-.7s-.1-.5-.3-.7c-.2-.2-.4-.3-.7-.3h-11c-.3 0-.5.1-.7.3-.2.2-.3.5-.3.7s.1.5.3.7z\"\/><\/svg><\/span><\/span><\/span><\/a><\/span><\/div>\n<nav><ul class='ez-toc-list ez-toc-list-level-1 ' ><li class='ez-toc-page-1 ez-toc-heading-level-2'><a class=\"ez-toc-link ez-toc-heading-1\" href=\"https:\/\/flashmode.tn\/magazine\/quelles-seront-les-couleurs-de-cheveux-tendance-en-2023\/#Les_Couleurs_de_Cheveux_Qui_Domineront_lAutomne_2023\" >Les Couleurs de Cheveux Qui Domineront l&rsquo;Automne 2023<\/a><ul class='ez-toc-list-level-3' ><li class='ez-toc-heading-level-3'><a class=\"ez-toc-link ez-toc-heading-2\" href=\"https:\/\/flashmode.tn\/magazine\/quelles-seront-les-couleurs-de-cheveux-tendance-en-2023\/#Le_Blond_Fraise_et_le_Blond_Peche_Des_Nuances_Lumineuses\" >Le Blond Fraise et le Blond P\u00eache : Des Nuances Lumineuses<\/a><\/li><li class='ez-toc-page-1 ez-toc-heading-level-3'><a class=\"ez-toc-link ez-toc-heading-3\" href=\"https:\/\/flashmode.tn\/magazine\/quelles-seront-les-couleurs-de-cheveux-tendance-en-2023\/#Les_Chatains_Chocolat_et_Mocca_Des_Valeurs_Sures\" >Les Ch\u00e2tains Chocolat et Mocca : Des Valeurs S\u00fbres<\/a><\/li><\/ul><\/li><li class='ez-toc-page-1 ez-toc-heading-level-2'><a class=\"ez-toc-link ez-toc-heading-4\" href=\"https:\/\/flashmode.tn\/magazine\/quelles-seront-les-couleurs-de-cheveux-tendance-en-2023\/#Le_Brun_Chocolat_La_Star_de_lAnnee_2023\" >Le Brun Chocolat : La Star de l&rsquo;Ann\u00e9e 2023<\/a><\/li><li class='ez-toc-page-1 ez-toc-heading-level-2'><a class=\"ez-toc-link ez-toc-heading-5\" href=\"https:\/\/flashmode.tn\/magazine\/quelles-seront-les-couleurs-de-cheveux-tendance-en-2023\/#La_Jeunesse_Eternelle_grace_au_Blond\" >La Jeunesse \u00c9ternelle gr\u00e2ce au Blond<\/a><\/li><li class='ez-toc-page-1 ez-toc-heading-level-2'><a class=\"ez-toc-link ez-toc-heading-6\" href=\"https:\/\/flashmode.tn\/magazine\/quelles-seront-les-couleurs-de-cheveux-tendance-en-2023\/#La_Coupe_de_Cheveux_Qui_Fait_Tourner_les_Tetes_en_2023\" >La Coupe de Cheveux Qui Fait Tourner les T\u00eates en 2023<\/a><\/li><li class='ez-toc-page-1 ez-toc-heading-level-2'><a class=\"ez-toc-link ez-toc-heading-7\" href=\"https:\/\/flashmode.tn\/magazine\/quelles-seront-les-couleurs-de-cheveux-tendance-en-2023\/#Trouver_la_Couleur_Ideale_Un_Jeu_dHarmonie\" >Trouver la Couleur Id\u00e9ale : Un Jeu d&rsquo;Harmonie<\/a><ul class='ez-toc-list-level-3' ><li class='ez-toc-heading-level-3'><a class=\"ez-toc-link ez-toc-heading-8\" href=\"https:\/\/flashmode.tn\/magazine\/quelles-seront-les-couleurs-de-cheveux-tendance-en-2023\/#Le_Balayage_Beige_Lumiere_dEte\" >Le Balayage Beige : Lumi\u00e8re d&rsquo;\u00c9t\u00e9<\/a><\/li><li class='ez-toc-page-1 ez-toc-heading-level-3'><a class=\"ez-toc-link ez-toc-heading-9\" href=\"https:\/\/flashmode.tn\/magazine\/quelles-seront-les-couleurs-de-cheveux-tendance-en-2023\/#Le_Roux_De_LEte_a_lHiver\" >Le Roux : De L&rsquo;\u00c9t\u00e9 \u00e0 l&rsquo;Hiver<\/a><\/li><\/ul><\/li><li class='ez-toc-page-1 ez-toc-heading-level-2'><a class=\"ez-toc-link ez-toc-heading-10\" href=\"https:\/\/flashmode.tn\/magazine\/quelles-seront-les-couleurs-de-cheveux-tendance-en-2023\/#Focus_sur_le_Blond_Venitien_Rare_et_Precieux\" >Focus sur le Blond V\u00e9nitien : Rare et Pr\u00e9cieux<\/a><\/li><li class='ez-toc-page-1 ez-toc-heading-level-2'><a class=\"ez-toc-link ez-toc-heading-11\" href=\"https:\/\/flashmode.tn\/magazine\/quelles-seront-les-couleurs-de-cheveux-tendance-en-2023\/#Le_Blond_Venitien_pour_un_Effet_Bonne_Mine\" >Le Blond V\u00e9nitien pour un Effet Bonne Mine<\/a><ul class='ez-toc-list-level-3' ><li class='ez-toc-heading-level-3'><a class=\"ez-toc-link ez-toc-heading-12\" href=\"https:\/\/flashmode.tn\/magazine\/quelles-seront-les-couleurs-de-cheveux-tendance-en-2023\/#Des_Meches_pour_un_Visage_Lumineux\" >Des M\u00e8ches pour un Visage Lumineux<\/a><\/li><\/ul><\/li><li class='ez-toc-page-1 ez-toc-heading-level-2'><a class=\"ez-toc-link ez-toc-heading-13\" href=\"https:\/\/flashmode.tn\/magazine\/quelles-seront-les-couleurs-de-cheveux-tendance-en-2023\/#Conclusion\" >Conclusion<\/a><\/li><\/ul><\/nav><\/div>\n<h2 class=\"wp-block-heading\" id=\"h-les-couleurs-de-cheveux-qui-domineront-l-automne-2023\"><span class=\"ez-toc-section\" id=\"Les_Couleurs_de_Cheveux_Qui_Domineront_lAutomne_2023\"><\/span>Les Couleurs de Cheveux Qui Domineront l&rsquo;Automne 2023<span class=\"ez-toc-section-end\"><\/span><\/h2>\n\n\n\n<p>La mode capillaire \u00e9volue avec les saisons et l&rsquo;automne 2023 ne fait pas exception \u00e0 la r\u00e8gle. Pour cette p\u00e9riode, des tendances bien sp\u00e9cifiques se dessinent, en parfaite harmonie avec les tons chauds et terreux de la nature.<\/p>\n\n\n\n<h3 class=\"wp-block-heading\" id=\"h-le-blond-fraise-et-le-blond-peche-des-nuances-lumineuses\"><span class=\"ez-toc-section\" id=\"Le_Blond_Fraise_et_le_Blond_Peche_Des_Nuances_Lumineuses\"><\/span>Le Blond Fraise et le Blond P\u00eache : Des Nuances Lumineuses<span class=\"ez-toc-section-end\"><\/span><\/h3>\n\n\n\n<p>Le <strong>blond fraise<\/strong> s&rsquo;av\u00e8re \u00eatre le choix id\u00e9al pour les peaux claires au teint ros\u00e9, apportant une touche de douceur et de luminosit\u00e9. Cette couleur permet non seulement de r\u00e9chauffer les traits mais aussi de les adoucir, offrant ainsi une apparence rajeunie et fra\u00eeche.<\/p>\n\n\n\n<p>De son c\u00f4t\u00e9, le <strong>blond p\u00eache<\/strong> se r\u00e9v\u00e8le \u00eatre une couleur passe-partout, convenant \u00e0 <em>tous les types de teint<\/em>, et particuli\u00e8rement \u00e0 ceux de nuance olive. Cette teinte gourmande et l\u00e9g\u00e8re donne un coup d&rsquo;\u00e9clat au visage tout en restant subtile.<\/p>\n\n\n\n<h3 class=\"wp-block-heading\" id=\"h-les-chatains-chocolat-et-mocca-des-valeurs-sures\"><span class=\"ez-toc-section\" id=\"Les_Chatains_Chocolat_et_Mocca_Des_Valeurs_Sures\"><\/span>Les Ch\u00e2tains Chocolat et Mocca : Des Valeurs S\u00fbres<span class=\"ez-toc-section-end\"><\/span><\/h3>\n\n\n\n<p>Les peaux bronz\u00e9es seront mises en valeur par des couleurs chaleureuses telles que le <strong>ch\u00e2tain chocolat<\/strong> et le <strong>ch\u00e2tain mocca<\/strong>. Ces nuances, \u00e0 la fois riches et profondes, permettent de cr\u00e9er un contraste saisissant avec la carnation tout en soulignant les traits.<\/p>\n\n\n\n<h2 class=\"wp-block-heading\" id=\"h-le-brun-chocolat-la-star-de-l-annee-2023\"><span class=\"ez-toc-section\" id=\"Le_Brun_Chocolat_La_Star_de_lAnnee_2023\"><\/span>Le Brun Chocolat : La Star de l&rsquo;Ann\u00e9e 2023<span class=\"ez-toc-section-end\"><\/span><\/h2>\n\n\n\n<p>La <strong>couleur de cheveux tendance<\/strong> en 2023 est sans conteste le brun dans sa variante chocolat. Cette teinte gourmande et intense s&rsquo;adapte \u00e0 de nombreuses carnations et offre une allure sophistiqu\u00e9e et contemporaine.<\/p>\n\n\n\n<h2 class=\"wp-block-heading\" id=\"h-la-jeunesse-eternelle-grace-au-blond\"><span class=\"ez-toc-section\" id=\"La_Jeunesse_Eternelle_grace_au_Blond\"><\/span>La Jeunesse \u00c9ternelle gr\u00e2ce au Blond<span class=\"ez-toc-section-end\"><\/span><\/h2>\n\n\n\n<p>Le <strong>blond<\/strong> est reconnu pour son pouvoir rajeunissant, surtout apr\u00e8s 50 ans. Il est recommand\u00e9 pour <em>un visage \u00e0 la peau blanche<\/em> car il permet d&rsquo;illuminer le teint et de flouter les marques du temps.<\/p>\n\n\n\n<h2 class=\"wp-block-heading\" id=\"h-la-coupe-de-cheveux-qui-fait-tourner-les-tetes-en-2023\"><span class=\"ez-toc-section\" id=\"La_Coupe_de_Cheveux_Qui_Fait_Tourner_les_Tetes_en_2023\"><\/span>La Coupe de Cheveux Qui Fait Tourner les T\u00eates en 2023<span class=\"ez-toc-section-end\"><\/span><\/h2>\n\n\n\n<p>La coupe de cheveux \u00e0 adopter pour \u00eatre dans le vent durant l&rsquo;automne-hiver 2023 est le <strong>brushing Butterfly<\/strong>. Ce style, qui \u00e9voque la l\u00e9g\u00e8ret\u00e9 et la gr\u00e2ce de l&rsquo;insecte, promet de donner du mouvement et un aspect a\u00e9rien \u00e0 la chevelure.<\/p>\n\n\n\n<h2 class=\"wp-block-heading\" id=\"h-trouver-la-couleur-ideale-un-jeu-d-harmonie\"><span class=\"ez-toc-section\" id=\"Trouver_la_Couleur_Ideale_Un_Jeu_dHarmonie\"><\/span>Trouver la Couleur Id\u00e9ale : Un Jeu d&rsquo;Harmonie<span class=\"ez-toc-section-end\"><\/span><\/h2>\n\n\n\n<p>La qu\u00eate de la couleur parfaite doit prendre en compte <em>la couleur de la peau et des yeux<\/em>. Les peaux claires au teint clair se verront proposer une palette allant du blond au brun, en passant par le noir et les nuances cuivr\u00e9es.<\/p>\n\n\n\n<h3 class=\"wp-block-heading\" id=\"h-le-balayage-beige-lumiere-d-ete\"><span class=\"ez-toc-section\" id=\"Le_Balayage_Beige_Lumiere_dEte\"><\/span>Le Balayage Beige : Lumi\u00e8re d&rsquo;\u00c9t\u00e9<span class=\"ez-toc-section-end\"><\/span><\/h3>\n\n\n\n<p>Le <strong>balayage beige<\/strong> est une tendance qui s&rsquo;impose pour l&rsquo;\u00e9t\u00e9 2023. Cette technique de coloration capillaire vise \u00e0 int\u00e9grer des m\u00e8ches beiges tr\u00e8s claires sur une base plus fonc\u00e9e pour un effet naturel et une lumi\u00e8re subtile.<\/p>\n\n\n\n<h3 class=\"wp-block-heading\" id=\"h-le-roux-de-l-ete-a-l-hiver\"><span class=\"ez-toc-section\" id=\"Le_Roux_De_LEte_a_lHiver\"><\/span>Le Roux : De L&rsquo;\u00c9t\u00e9 \u00e0 l&rsquo;Hiver<span class=\"ez-toc-section-end\"><\/span><\/h3>\n\n\n\n<p>Le roux, en vogue depuis l&rsquo;\u00e9t\u00e9 pr\u00e9c\u00e9dent, continue de s\u00e9duire. L&rsquo;hiver 2023 le voit se parer de l&rsquo;appellation \u00ab <strong>citrouille \u00e9pic\u00e9e<\/strong> \u00bb, un m\u00e9lange de m\u00e8ches aux reflets chauds et cuivr\u00e9s qui s&rsquo;adapte aussi bien sur une base claire que fonc\u00e9e.<\/p>\n\n\n\n<h2 class=\"wp-block-heading\" id=\"h-focus-sur-le-blond-venitien-rare-et-precieux\"><span class=\"ez-toc-section\" id=\"Focus_sur_le_Blond_Venitien_Rare_et_Precieux\"><\/span>Focus sur le Blond V\u00e9nitien : Rare et Pr\u00e9cieux<span class=\"ez-toc-section-end\"><\/span><\/h2>\n\n\n\n<p>La couleur de cheveux la plus rare au monde, le <strong>blond v\u00e9nitien<\/strong>, reste une option de choix pour ceux et celles \u00e0 la recherche d&rsquo;une teinte \u00e0 la fois lumineuse et originale. Pour pr\u00e9server sa luminosit\u00e9, un entretien minutieux est de mise.<\/p>\n\n\n\n<h2 class=\"wp-block-heading\" id=\"h-le-blond-venitien-pour-un-effet-bonne-mine\"><span class=\"ez-toc-section\" id=\"Le_Blond_Venitien_pour_un_Effet_Bonne_Mine\"><\/span>Le Blond V\u00e9nitien pour un Effet Bonne Mine<span class=\"ez-toc-section-end\"><\/span><\/h2>\n\n\n\n<p>Id\u00e9al pour chasser la grise mine, le <strong>blond v\u00e9nitien<\/strong> s&rsquo;av\u00e8re \u00eatre parfait pour les peaux claires et sublime les yeux bleus ou verts gr\u00e2ce \u00e0 ses reflets cuivr\u00e9s. Cette teinte entre le blond et le roux est synonyme d&rsquo;authenticit\u00e9 et d&rsquo;\u00e9clat.<\/p>\n\n\n\n<h3 class=\"wp-block-heading\" id=\"h-des-meches-pour-un-visage-lumineux\"><span class=\"ez-toc-section\" id=\"Des_Meches_pour_un_Visage_Lumineux\"><\/span>Des M\u00e8ches pour un Visage Lumineux<span class=\"ez-toc-section-end\"><\/span><\/h3>\n\n\n\n<p>Les m\u00e8ches beiges ou cuivr\u00e9es, incorpor\u00e9es avec subtilit\u00e9, peuvent transformer une chevelure et donner l&rsquo;illusion d&rsquo;une peau rayonnante et pleine de vie. Il s&rsquo;agit d&rsquo;une astuce colorim\u00e9trique pour embellir et rafra\u00eechir le teint.<\/p>\n\n\n\n<h2 class=\"wp-block-heading\" id=\"h-conclusion\"><span class=\"ez-toc-section\" id=\"Conclusion\"><\/span>Conclusion<span class=\"ez-toc-section-end\"><\/span><\/h2>\n\n\n\n<p>La couleur de vos cheveux peut devenir un atout charme et caract\u00e8re, refl\u00e9tant votre personnalit\u00e9 et sublimant votre teint. En 2023, que ce soit par de subtiles m\u00e8ches beiges ou un brun chocolat profond, chaque individu peut trouver la teinte qui lui correspondra le mieux, en accord avec les tendances de l&rsquo;ann\u00e9e. L&rsquo;automne 2023 promet des nuances riches et chaleureuses, tandis que l&rsquo;\u00e9t\u00e9 se fait l&rsquo;\u00e9cho de lumi\u00e8res plus douces. N&rsquo;h\u00e9sitez pas \u00e0 vous lancer et \u00e0 r\u00e9inventer votre style avec ces tendances capillaires qui sauront mettre en valeur votre beaut\u00e9 naturelle.<\/p>\n\n\n\n<hr class=\"wp-block-separator has-alpha-channel-opacity\"\/>\n\n\n\n<p><strong>Quelle est la couleur de cheveux tendance en 2023 ?<\/strong><br>La couleur de cheveux tendance en 2023 est le brun chocolat.<\/p>\n\n\n\n<p><strong>Quelle est la couleur de cheveux la plus rare au monde ?<\/strong><br>La couleur de cheveux la plus rare au monde est le blond v\u00e9nitien.<\/p>\n\n\n\n<p><strong>Comment entretenir un blond v\u00e9nitien pour pr\u00e9server sa luminosit\u00e9 ?<\/strong><br>Pour pr\u00e9server la luminosit\u00e9 d&rsquo;un blond v\u00e9nitien, il est important de bien l&rsquo;entretenir, qu&rsquo;il soit naturel ou non.<\/p>\n\n\n\n<p><strong>Quelle est la nouvelle coupe tendance de 2023 ?<\/strong><br>La nouvelle coupe tendance de 2023 est la butterfly hair cut. Elle est adopt\u00e9e par de nombreuses influenceuses sur les r\u00e9seaux sociaux et est consid\u00e9r\u00e9e comme la grosse tendance du moment. Cette coupe sublime les chevelures \u00e0 rallonge, notamment sur cheveux \u00e9pais.<\/p>\n","protected":false},"excerpt":{"rendered":"<p>Vous \u00eates pr\u00eats \u00e0 d\u00e9couvrir les tendances capillaires les plus en vogue pour l&rsquo;ann\u00e9e 2023 ? Attachez vos ceintures, car nous allons plonger dans un univers de couleur et de style qui vous fera tourner la t\u00eate ! Dans cet article, nous allons vous d\u00e9voiler les couleurs de cheveux qui domineront l&rsquo;automne 2023 et vous [&hellip;]<\/p>\n","protected":false},"author":8,"featured_media":161347,"comment_status":"open","ping_status":"open","sticky":false,"template":"","format":"standard","meta":{"tdm_status":"","tdm_grid_status":"","_jetpack_memberships_contains_paid_content":false,"footnotes":"","jetpack_publicize_message":"","jetpack_publicize_feature_enabled":true,"jetpack_social_post_already_shared":true,"jetpack_social_options":{"image_generator_settings":{"template":"highway","default_image_id":0,"font":"","enabled":false},"version":2}},"categories":[78],"tags":[],"class_list":["post-105215","post","type-post","status-publish","format-standard","has-post-thumbnail","hentry","category-culture"],"yoast_head":"<!-- This site is optimized with the Yoast SEO Premium plugin v25.0 (Yoast SEO v25.0) - https:\/\/yoast.com\/wordpress\/plugins\/seo\/ -->\n<title>Quelles seront les couleurs de cheveux tendance en 2023 ? - Flashmode Magazine | Magazine de mode et style de vie Num\u00e9ro un en Tunisie et au Maghreb<\/title>\n<meta name=\"description\" content=\"Vous \u00eates pr\u00eats \u00e0 d\u00e9couvrir les tendances capillaires les plus en vogue pour l&#039;ann\u00e9e 2023 ? Attachez vos ceintures, car nous allons plonger dans un\" \/>\n<meta name=\"robots\" content=\"index, follow, max-snippet:-1, max-image-preview:large, max-video-preview:-1\" \/>\n<link rel=\"canonical\" href=\"https:\/\/flashmode.tn\/magazine\/quelles-seront-les-couleurs-de-cheveux-tendance-en-2023\/\" \/>\n<meta property=\"og:locale\" content=\"fr_FR\" \/>\n<meta property=\"og:type\" content=\"article\" \/>\n<meta property=\"og:title\" content=\"Quelles seront les couleurs de cheveux tendance en 2023 ? - Flashmode Magazine | Magazine de mode et style de vie Num\u00e9ro un en Tunisie et au Maghreb\" \/>\n<meta property=\"og:description\" content=\"Vous \u00eates pr\u00eats \u00e0 d\u00e9couvrir les tendances capillaires les plus en vogue pour l&#039;ann\u00e9e 2023 ? Attachez vos ceintures, car nous allons plonger dans un\" \/>\n<meta property=\"og:url\" content=\"https:\/\/flashmode.tn\/magazine\/quelles-seront-les-couleurs-de-cheveux-tendance-en-2023\/\" \/>\n<meta property=\"og:site_name\" content=\"Flashmode Magazine | Magazine de mode et style de vie Num\u00e9ro un en Tunisie et au Maghreb\" \/>\n<meta property=\"article:publisher\" content=\"https:\/\/www.facebook.com\/flashmode.magazine\/\" \/>\n<meta property=\"article:published_time\" content=\"2024-03-12T02:11:34+00:00\" \/>\n<meta property=\"article:modified_time\" content=\"2024-04-03T12:30:54+00:00\" \/>\n<meta property=\"og:image\" content=\"https:\/\/flashmode.tn\/magazine\/wp-content\/uploads\/2024\/03\/Quelles-seront-les-couleurs-de-cheveux-tendance-en-2023--1024x577.png\" \/>\n\t<meta property=\"og:image:width\" content=\"1024\" \/>\n\t<meta property=\"og:image:height\" content=\"577\" \/>\n\t<meta property=\"og:image:type\" content=\"image\/png\" \/>\n<meta name=\"author\" content=\"The Daileigh\" \/>\n<meta name=\"twitter:card\" content=\"summary_large_image\" \/>\n<meta name=\"twitter:creator\" content=\"@agenceflashmode\" \/>\n<meta name=\"twitter:site\" content=\"@agenceflashmode\" \/>\n<meta name=\"twitter:label1\" content=\"\u00c9crit par\" \/>\n\t<meta name=\"twitter:data1\" content=\"The Daileigh\" \/>\n\t<meta name=\"twitter:label2\" content=\"Dur\u00e9e de lecture estim\u00e9e\" \/>\n\t<meta name=\"twitter:data2\" content=\"5 minutes\" \/>\n<script type=\"application\/ld+json\" class=\"yoast-schema-graph\">{\"@context\":\"https:\/\/schema.org\",\"@graph\":[{\"@type\":\"WebPage\",\"@id\":\"https:\/\/flashmode.tn\/magazine\/quelles-seront-les-couleurs-de-cheveux-tendance-en-2023\/\",\"url\":\"https:\/\/flashmode.tn\/magazine\/quelles-seront-les-couleurs-de-cheveux-tendance-en-2023\/\",\"name\":\"Quelles seront les couleurs de cheveux tendance en 2023 ? - Flashmode Magazine | Magazine de mode et style de vie Num\u00e9ro un en Tunisie et au Maghreb\",\"isPartOf\":{\"@id\":\"https:\/\/flashmode.tn\/magazine\/#website\"},\"primaryImageOfPage\":{\"@id\":\"https:\/\/flashmode.tn\/magazine\/quelles-seront-les-couleurs-de-cheveux-tendance-en-2023\/#primaryimage\"},\"image\":{\"@id\":\"https:\/\/flashmode.tn\/magazine\/quelles-seront-les-couleurs-de-cheveux-tendance-en-2023\/#primaryimage\"},\"thumbnailUrl\":\"https:\/\/i0.wp.com\/flashmode.tn\/magazine\/wp-content\/uploads\/2024\/03\/Quelles-seront-les-couleurs-de-cheveux-tendance-en-2023-.png?fit=1640%2C924&ssl=1\",\"datePublished\":\"2024-03-12T02:11:34+00:00\",\"dateModified\":\"2024-04-03T12:30:54+00:00\",\"author\":{\"@id\":\"https:\/\/flashmode.tn\/magazine\/#\/schema\/person\/79940f8af94166a445dd5bd6b3137682\"},\"description\":\"Vous \u00eates pr\u00eats \u00e0 d\u00e9couvrir les tendances capillaires les plus en vogue pour l'ann\u00e9e 2023 ? Attachez vos ceintures, car nous allons plonger dans un\",\"breadcrumb\":{\"@id\":\"https:\/\/flashmode.tn\/magazine\/quelles-seront-les-couleurs-de-cheveux-tendance-en-2023\/#breadcrumb\"},\"inLanguage\":\"fr-FR\",\"potentialAction\":[{\"@type\":\"ReadAction\",\"target\":[\"https:\/\/flashmode.tn\/magazine\/quelles-seront-les-couleurs-de-cheveux-tendance-en-2023\/\"]}]},{\"@type\":\"ImageObject\",\"inLanguage\":\"fr-FR\",\"@id\":\"https:\/\/flashmode.tn\/magazine\/quelles-seront-les-couleurs-de-cheveux-tendance-en-2023\/#primaryimage\",\"url\":\"https:\/\/i0.wp.com\/flashmode.tn\/magazine\/wp-content\/uploads\/2024\/03\/Quelles-seront-les-couleurs-de-cheveux-tendance-en-2023-.png?fit=1640%2C924&ssl=1\",\"contentUrl\":\"https:\/\/i0.wp.com\/flashmode.tn\/magazine\/wp-content\/uploads\/2024\/03\/Quelles-seront-les-couleurs-de-cheveux-tendance-en-2023-.png?fit=1640%2C924&ssl=1\",\"width\":1640,\"height\":924,\"caption\":\"Quelles seront les couleurs de cheveux tendance en 2023 ?\"},{\"@type\":\"BreadcrumbList\",\"@id\":\"https:\/\/flashmode.tn\/magazine\/quelles-seront-les-couleurs-de-cheveux-tendance-en-2023\/#breadcrumb\",\"itemListElement\":[{\"@type\":\"ListItem\",\"position\":1,\"name\":\"Accueil\",\"item\":\"https:\/\/flashmode.tn\/magazine\/\"},{\"@type\":\"ListItem\",\"position\":2,\"name\":\"Quelles seront les couleurs de cheveux tendance en 2023 ?\"}]},{\"@type\":\"WebSite\",\"@id\":\"https:\/\/flashmode.tn\/magazine\/#website\",\"url\":\"https:\/\/flashmode.tn\/magazine\/\",\"name\":\"Flashmode Magazine | Magazine de mode et style de vie Num\u00e9ro un en Tunisie et au Maghreb\",\"description\":\"Magazine de mode et style de vie Num\u00e9ro un en Tunisie et au Maghreb, cr\u00e9\u00e9 pour les hommes et les femmes : conseils beaut\u00e9, mode femme, mode homme, recettes de cuisine, c\u00e9l\u00e9brit\u00e9s et people, mannequins et top modeles\",\"potentialAction\":[{\"@type\":\"SearchAction\",\"target\":{\"@type\":\"EntryPoint\",\"urlTemplate\":\"https:\/\/flashmode.tn\/magazine\/?s={search_term_string}\"},\"query-input\":{\"@type\":\"PropertyValueSpecification\",\"valueRequired\":true,\"valueName\":\"search_term_string\"}}],\"inLanguage\":\"fr-FR\"},{\"@type\":\"Person\",\"@id\":\"https:\/\/flashmode.tn\/magazine\/#\/schema\/person\/79940f8af94166a445dd5bd6b3137682\",\"name\":\"The Daileigh\",\"image\":{\"@type\":\"ImageObject\",\"inLanguage\":\"fr-FR\",\"@id\":\"https:\/\/flashmode.tn\/magazine\/#\/schema\/person\/image\/\",\"url\":\"https:\/\/secure.gravatar.com\/avatar\/30d4d60865d61de3434abd01cb8b4ec5e5b5eb5a274017461832a54857b1770d?s=96&d=mm&r=g\",\"contentUrl\":\"https:\/\/secure.gravatar.com\/avatar\/30d4d60865d61de3434abd01cb8b4ec5e5b5eb5a274017461832a54857b1770d?s=96&d=mm&r=g\",\"caption\":\"The Daileigh\"},\"url\":\"https:\/\/flashmode.tn\/magazine\/author\/the-daileigh\/\"}]}<\/script>\n<!-- \/ Yoast SEO Premium plugin. -->","yoast_head_json":{"title":"Quelles seront les couleurs de cheveux tendance en 2023 ? - Flashmode Magazine | Magazine de mode et style de vie Num\u00e9ro un en Tunisie et au Maghreb","description":"Vous \u00eates pr\u00eats \u00e0 d\u00e9couvrir les tendances capillaires les plus en vogue pour l'ann\u00e9e 2023 ? Attachez vos ceintures, car nous allons plonger dans un","robots":{"index":"index","follow":"follow","max-snippet":"max-snippet:-1","max-image-preview":"max-image-preview:large","max-video-preview":"max-video-preview:-1"},"canonical":"https:\/\/flashmode.tn\/magazine\/quelles-seront-les-couleurs-de-cheveux-tendance-en-2023\/","og_locale":"fr_FR","og_type":"article","og_title":"Quelles seront les couleurs de cheveux tendance en 2023 ? - Flashmode Magazine | Magazine de mode et style de vie Num\u00e9ro un en Tunisie et au Maghreb","og_description":"Vous \u00eates pr\u00eats \u00e0 d\u00e9couvrir les tendances capillaires les plus en vogue pour l'ann\u00e9e 2023 ? Attachez vos ceintures, car nous allons plonger dans un","og_url":"https:\/\/flashmode.tn\/magazine\/quelles-seront-les-couleurs-de-cheveux-tendance-en-2023\/","og_site_name":"Flashmode Magazine | Magazine de mode et style de vie Num\u00e9ro un en Tunisie et au Maghreb","article_publisher":"https:\/\/www.facebook.com\/flashmode.magazine\/","article_published_time":"2024-03-12T02:11:34+00:00","article_modified_time":"2024-04-03T12:30:54+00:00","og_image":[{"width":1024,"height":577,"url":"https:\/\/flashmode.tn\/magazine\/wp-content\/uploads\/2024\/03\/Quelles-seront-les-couleurs-de-cheveux-tendance-en-2023--1024x577.png","type":"image\/png"}],"author":"The Daileigh","twitter_card":"summary_large_image","twitter_creator":"@agenceflashmode","twitter_site":"@agenceflashmode","twitter_misc":{"\u00c9crit par":"The Daileigh","Dur\u00e9e de lecture estim\u00e9e":"5 minutes"},"schema":{"@context":"https:\/\/schema.org","@graph":[{"@type":"WebPage","@id":"https:\/\/flashmode.tn\/magazine\/quelles-seront-les-couleurs-de-cheveux-tendance-en-2023\/","url":"https:\/\/flashmode.tn\/magazine\/quelles-seront-les-couleurs-de-cheveux-tendance-en-2023\/","name":"Quelles seront les couleurs de cheveux tendance en 2023 ? - Flashmode Magazine | Magazine de mode et style de vie Num\u00e9ro un en Tunisie et au Maghreb","isPartOf":{"@id":"https:\/\/flashmode.tn\/magazine\/#website"},"primaryImageOfPage":{"@id":"https:\/\/flashmode.tn\/magazine\/quelles-seront-les-couleurs-de-cheveux-tendance-en-2023\/#primaryimage"},"image":{"@id":"https:\/\/flashmode.tn\/magazine\/quelles-seront-les-couleurs-de-cheveux-tendance-en-2023\/#primaryimage"},"thumbnailUrl":"https:\/\/i0.wp.com\/flashmode.tn\/magazine\/wp-content\/uploads\/2024\/03\/Quelles-seront-les-couleurs-de-cheveux-tendance-en-2023-.png?fit=1640%2C924&ssl=1","datePublished":"2024-03-12T02:11:34+00:00","dateModified":"2024-04-03T12:30:54+00:00","author":{"@id":"https:\/\/flashmode.tn\/magazine\/#\/schema\/person\/79940f8af94166a445dd5bd6b3137682"},"description":"Vous \u00eates pr\u00eats \u00e0 d\u00e9couvrir les tendances capillaires les plus en vogue pour l'ann\u00e9e 2023 ? Attachez vos ceintures, car nous allons plonger dans un","breadcrumb":{"@id":"https:\/\/flashmode.tn\/magazine\/quelles-seront-les-couleurs-de-cheveux-tendance-en-2023\/#breadcrumb"},"inLanguage":"fr-FR","potentialAction":[{"@type":"ReadAction","target":["https:\/\/flashmode.tn\/magazine\/quelles-seront-les-couleurs-de-cheveux-tendance-en-2023\/"]}]},{"@type":"ImageObject","inLanguage":"fr-FR","@id":"https:\/\/flashmode.tn\/magazine\/quelles-seront-les-couleurs-de-cheveux-tendance-en-2023\/#primaryimage","url":"https:\/\/i0.wp.com\/flashmode.tn\/magazine\/wp-content\/uploads\/2024\/03\/Quelles-seront-les-couleurs-de-cheveux-tendance-en-2023-.png?fit=1640%2C924&ssl=1","contentUrl":"https:\/\/i0.wp.com\/flashmode.tn\/magazine\/wp-content\/uploads\/2024\/03\/Quelles-seront-les-couleurs-de-cheveux-tendance-en-2023-.png?fit=1640%2C924&ssl=1","width":1640,"height":924,"caption":"Quelles seront les couleurs de cheveux tendance en 2023 ?"},{"@type":"BreadcrumbList","@id":"https:\/\/flashmode.tn\/magazine\/quelles-seront-les-couleurs-de-cheveux-tendance-en-2023\/#breadcrumb","itemListElement":[{"@type":"ListItem","position":1,"name":"Accueil","item":"https:\/\/flashmode.tn\/magazine\/"},{"@type":"ListItem","position":2,"name":"Quelles seront les couleurs de cheveux tendance en 2023 ?"}]},{"@type":"WebSite","@id":"https:\/\/flashmode.tn\/magazine\/#website","url":"https:\/\/flashmode.tn\/magazine\/","name":"Flashmode Magazine | Magazine de mode et style de vie Num\u00e9ro un en Tunisie et au Maghreb","description":"Magazine de mode et style de vie Num\u00e9ro un en Tunisie et au Maghreb, cr\u00e9\u00e9 pour les hommes et les femmes : conseils beaut\u00e9, mode femme, mode homme, recettes de cuisine, c\u00e9l\u00e9brit\u00e9s et people, mannequins et top modeles","potentialAction":[{"@type":"SearchAction","target":{"@type":"EntryPoint","urlTemplate":"https:\/\/flashmode.tn\/magazine\/?s={search_term_string}"},"query-input":{"@type":"PropertyValueSpecification","valueRequired":true,"valueName":"search_term_string"}}],"inLanguage":"fr-FR"},{"@type":"Person","@id":"https:\/\/flashmode.tn\/magazine\/#\/schema\/person\/79940f8af94166a445dd5bd6b3137682","name":"The Daileigh","image":{"@type":"ImageObject","inLanguage":"fr-FR","@id":"https:\/\/flashmode.tn\/magazine\/#\/schema\/person\/image\/","url":"https:\/\/secure.gravatar.com\/avatar\/30d4d60865d61de3434abd01cb8b4ec5e5b5eb5a274017461832a54857b1770d?s=96&d=mm&r=g","contentUrl":"https:\/\/secure.gravatar.com\/avatar\/30d4d60865d61de3434abd01cb8b4ec5e5b5eb5a274017461832a54857b1770d?s=96&d=mm&r=g","caption":"The Daileigh"},"url":"https:\/\/flashmode.tn\/magazine\/author\/the-daileigh\/"}]}},"jetpack_publicize_connections":[],"jetpack_featured_media_url":"https:\/\/i0.wp.com\/flashmode.tn\/magazine\/wp-content\/uploads\/2024\/03\/Quelles-seront-les-couleurs-de-cheveux-tendance-en-2023-.png?fit=1640%2C924&ssl=1","jetpack_shortlink":"https:\/\/wp.me\/p8BPGr-rn1","jetpack_sharing_enabled":true,"_links":{"self":[{"href":"https:\/\/flashmode.tn\/magazine\/wp-json\/wp\/v2\/posts\/105215","targetHints":{"allow":["GET"]}}],"collection":[{"href":"https:\/\/flashmode.tn\/magazine\/wp-json\/wp\/v2\/posts"}],"about":[{"href":"https:\/\/flashmode.tn\/magazine\/wp-json\/wp\/v2\/types\/post"}],"author":[{"embeddable":true,"href":"https:\/\/flashmode.tn\/magazine\/wp-json\/wp\/v2\/users\/8"}],"replies":[{"embeddable":true,"href":"https:\/\/flashmode.tn\/magazine\/wp-json\/wp\/v2\/comments?post=105215"}],"version-history":[{"count":2,"href":"https:\/\/flashmode.tn\/magazine\/wp-json\/wp\/v2\/posts\/105215\/revisions"}],"predecessor-version":[{"id":161348,"href":"https:\/\/flashmode.tn\/magazine\/wp-json\/wp\/v2\/posts\/105215\/revisions\/161348"}],"wp:featuredmedia":[{"embeddable":true,"href":"https:\/\/flashmode.tn\/magazine\/wp-json\/wp\/v2\/media\/161347"}],"wp:attachment":[{"href":"https:\/\/flashmode.tn\/magazine\/wp-json\/wp\/v2\/media?parent=105215"}],"wp:term":[{"taxonomy":"category","embeddable":true,"href":"https:\/\/flashmode.tn\/magazine\/wp-json\/wp\/v2\/categories?post=105215"},{"taxonomy":"post_tag","embeddable":true,"href":"https:\/\/flashmode.tn\/magazine\/wp-json\/wp\/v2\/tags?post=105215"}],"curies":[{"name":"wp","href":"https:\/\/api.w.org\/{rel}","templated":true}]}}