{"id":105244,"date":"2024-03-12T02:58:28","date_gmt":"2024-03-12T01:58:28","guid":{"rendered":"https:\/\/flashmode.tn\/magazine\/emma-colberti-qui-se-cache-derriere-la-vie-personnelle-de-cette-celebrite\/"},"modified":"2024-04-04T10:15:38","modified_gmt":"2024-04-04T08:15:38","slug":"emma-colberti-qui-se-cache-derriere-la-vie-personnelle-de-cette-celebrite","status":"publish","type":"post","link":"https:\/\/flashmode.tn\/magazine\/emma-colberti-qui-se-cache-derriere-la-vie-personnelle-de-cette-celebrite\/","title":{"rendered":"Emma Colberti : Qui se cache derri\u00e8re la vie personnelle de cette c\u00e9l\u00e9brit\u00e9 ?"},"content":{"rendered":"\n<p>Emma Colberti, une actrice talentueuse et discr\u00e8te qui a su conqu\u00e9rir le c\u0153ur des t\u00e9l\u00e9spectateurs avec son charme et son talent ind\u00e9niable. Mais derri\u00e8re les projecteurs, quelle est la vie personnelle de cette c\u00e9l\u00e9brit\u00e9 ? Entre amour, s\u00e9paration et parentalit\u00e9, Emma Colberti a travers\u00e9 bien des \u00e9preuves. Dans cet article, nous plongeons dans les coulisses de sa vie priv\u00e9e, \u00e0 la d\u00e9couverte de ses secrets bien gard\u00e9s. Comment fait-elle pour pr\u00e9server son intimit\u00e9 malgr\u00e9 sa notori\u00e9t\u00e9 grandissante ? Restez avec nous pour percer les myst\u00e8res d&rsquo;Emma Colberti, une actrice hors du commun.<\/p>\n\n\n\n<div id=\"ez-toc-container\" class=\"ez-toc-v2_0_81 counter-hierarchy ez-toc-counter ez-toc-grey ez-toc-container-direction\">\n<div class=\"ez-toc-title-container\">\n<p class=\"ez-toc-title\" style=\"cursor:inherit\">Contenus de la page<\/p>\n<span class=\"ez-toc-title-toggle\"><a href=\"#\" class=\"ez-toc-pull-right ez-toc-btn ez-toc-btn-xs ez-toc-btn-default ez-toc-toggle\" aria-label=\"Toggle Table of Content\"><span class=\"ez-toc-js-icon-con\"><span class=\"\"><span class=\"eztoc-hide\" style=\"display:none;\">Toggle<\/span><span class=\"ez-toc-icon-toggle-span\"><svg style=\"fill: #999;color:#999\" xmlns=\"http:\/\/www.w3.org\/2000\/svg\" class=\"list-377408\" width=\"20px\" height=\"20px\" viewBox=\"0 0 24 24\" fill=\"none\"><path d=\"M6 6H4v2h2V6zm14 0H8v2h12V6zM4 11h2v2H4v-2zm16 0H8v2h12v-2zM4 16h2v2H4v-2zm16 0H8v2h12v-2z\" fill=\"currentColor\"><\/path><\/svg><svg style=\"fill: #999;color:#999\" class=\"arrow-unsorted-368013\" xmlns=\"http:\/\/www.w3.org\/2000\/svg\" width=\"10px\" height=\"10px\" viewBox=\"0 0 24 24\" version=\"1.2\" baseProfile=\"tiny\"><path d=\"M18.2 9.3l-6.2-6.3-6.2 6.3c-.2.2-.3.4-.3.7s.1.5.3.7c.2.2.4.3.7.3h11c.3 0 .5-.1.7-.3.2-.2.3-.5.3-.7s-.1-.5-.3-.7zM5.8 14.7l6.2 6.3 6.2-6.3c.2-.2.3-.5.3-.7s-.1-.5-.3-.7c-.2-.2-.4-.3-.7-.3h-11c-.3 0-.5.1-.7.3-.2.2-.3.5-.3.7s.1.5.3.7z\"\/><\/svg><\/span><\/span><\/span><\/a><\/span><\/div>\n<nav><ul class='ez-toc-list ez-toc-list-level-1 ' ><li class='ez-toc-page-1 ez-toc-heading-level-2'><a class=\"ez-toc-link ez-toc-heading-1\" href=\"https:\/\/flashmode.tn\/magazine\/emma-colberti-qui-se-cache-derriere-la-vie-personnelle-de-cette-celebrite\/#La_vie_personnelle_des_celebrites_entre_amour_separation_et_parentalite\" >La vie personnelle des c\u00e9l\u00e9brit\u00e9s : entre amour, s\u00e9paration et parentalit\u00e9<\/a><ul class='ez-toc-list-level-3' ><li class='ez-toc-heading-level-3'><a class=\"ez-toc-link ez-toc-heading-2\" href=\"https:\/\/flashmode.tn\/magazine\/emma-colberti-qui-se-cache-derriere-la-vie-personnelle-de-cette-celebrite\/#Emma_Colberti_Un_parcours_personnel_et_professionnel_riche\" >Emma Colberti : Un parcours personnel et professionnel riche<\/a><\/li><li class='ez-toc-page-1 ez-toc-heading-level-3'><a class=\"ez-toc-link ez-toc-heading-3\" href=\"https:\/\/flashmode.tn\/magazine\/emma-colberti-qui-se-cache-derriere-la-vie-personnelle-de-cette-celebrite\/#Les_intrications_amoureuses_de_la_sphere_people\" >Les intrications amoureuses de la sph\u00e8re people<\/a><\/li><li class='ez-toc-page-1 ez-toc-heading-level-3'><a class=\"ez-toc-link ez-toc-heading-4\" href=\"https:\/\/flashmode.tn\/magazine\/emma-colberti-qui-se-cache-derriere-la-vie-personnelle-de-cette-celebrite\/#Parentalite_sous_les_projecteurs\" >Parentalit\u00e9 sous les projecteurs<\/a><\/li><li class='ez-toc-page-1 ez-toc-heading-level-3'><a class=\"ez-toc-link ez-toc-heading-5\" href=\"https:\/\/flashmode.tn\/magazine\/emma-colberti-qui-se-cache-derriere-la-vie-personnelle-de-cette-celebrite\/#Emma_Roberts_et_Garrett_Hedlund_Un_nouveau_chapitre\" >Emma Roberts et Garrett Hedlund : Un nouveau chapitre<\/a><\/li><li class='ez-toc-page-1 ez-toc-heading-level-3'><a class=\"ez-toc-link ez-toc-heading-6\" href=\"https:\/\/flashmode.tn\/magazine\/emma-colberti-qui-se-cache-derriere-la-vie-personnelle-de-cette-celebrite\/#Les_descendants_des_icones_Gabriel-Kane_Day-Lewis\" >Les descendants des ic\u00f4nes : Gabriel-Kane Day-Lewis<\/a><\/li><li class='ez-toc-page-1 ez-toc-heading-level-3'><a class=\"ez-toc-link ez-toc-heading-7\" href=\"https:\/\/flashmode.tn\/magazine\/emma-colberti-qui-se-cache-derriere-la-vie-personnelle-de-cette-celebrite\/#La_serie_%C2%AB_Un_si_grand_soleil_%C2%BB_et_Nitsa_Benchetrit\" >La s\u00e9rie \u00ab\u00a0Un si grand soleil\u00a0\u00bb et Nitsa Benchetrit<\/a><\/li><\/ul><\/li><li class='ez-toc-page-1 ez-toc-heading-level-2'><a class=\"ez-toc-link ez-toc-heading-8\" href=\"https:\/\/flashmode.tn\/magazine\/emma-colberti-qui-se-cache-derriere-la-vie-personnelle-de-cette-celebrite\/#Le_defi_de_la_notoriete_Garder_sa_vie_privee_a_labri_des_regards\" >Le d\u00e9fi de la notori\u00e9t\u00e9 : Garder sa vie priv\u00e9e \u00e0 l&rsquo;abri des regards<\/a><ul class='ez-toc-list-level-3' ><li class='ez-toc-heading-level-3'><a class=\"ez-toc-link ez-toc-heading-9\" href=\"https:\/\/flashmode.tn\/magazine\/emma-colberti-qui-se-cache-derriere-la-vie-personnelle-de-cette-celebrite\/#Les_consequences_de_la_mediatisation_sur_les_relations\" >Les cons\u00e9quences de la m\u00e9diatisation sur les relations<\/a><\/li><li class='ez-toc-page-1 ez-toc-heading-level-3'><a class=\"ez-toc-link ez-toc-heading-10\" href=\"https:\/\/flashmode.tn\/magazine\/emma-colberti-qui-se-cache-derriere-la-vie-personnelle-de-cette-celebrite\/#Les_histoires_damour_celebres_Un_reflet_de_la_societe\" >Les histoires d&rsquo;amour c\u00e9l\u00e8bres : Un reflet de la soci\u00e9t\u00e9<\/a><\/li><li class='ez-toc-page-1 ez-toc-heading-level-3'><a class=\"ez-toc-link ez-toc-heading-11\" href=\"https:\/\/flashmode.tn\/magazine\/emma-colberti-qui-se-cache-derriere-la-vie-personnelle-de-cette-celebrite\/#Conclusion_Limbrication_de_la_vie_publique_et_privee\" >Conclusion : L&rsquo;imbrication de la vie publique et priv\u00e9e<\/a><\/li><\/ul><\/li><\/ul><\/nav><\/div>\n<h2 class=\"wp-block-heading\" id=\"h-la-vie-personnelle-des-celebrites-entre-amour-separation-et-parentalite\"><span class=\"ez-toc-section\" id=\"La_vie_personnelle_des_celebrites_entre_amour_separation_et_parentalite\"><\/span>La vie personnelle des c\u00e9l\u00e9brit\u00e9s : entre amour, s\u00e9paration et parentalit\u00e9<span class=\"ez-toc-section-end\"><\/span><\/h2>\n\n\n\n<p>Le monde des c\u00e9l\u00e9brit\u00e9s est souvent scrut\u00e9 \u00e0 la loupe, chaque \u00e9v\u00e9nement de leur vie priv\u00e9e devenant un sujet de curiosit\u00e9 pour le public. Emma Colberti, figure connue du petit \u00e9cran, n&rsquo;\u00e9chappe pas \u00e0 cette r\u00e8gle. Divorc\u00e9e de Pierre-Anthony Allard, directeur artistique du studio Harcourt, elle partage avec lui un pan significatif de sa vie : leur fils Baptiste, n\u00e9 le 30 janvier 1993.<\/p>\n\n\n\n<h3 class=\"wp-block-heading\" id=\"h-emma-colberti-un-parcours-personnel-et-professionnel-riche\"><span class=\"ez-toc-section\" id=\"Emma_Colberti_Un_parcours_personnel_et_professionnel_riche\"><\/span>Emma Colberti : Un parcours personnel et professionnel riche<span class=\"ez-toc-section-end\"><\/span><\/h3>\n\n\n\n<p><strong>Emma Colberti<\/strong>, actrice fran\u00e7aise, a su se faire un nom dans l&rsquo;industrie du divertissement. Son talent a brill\u00e9 dans plusieurs productions, mais c&rsquo;est aussi sa vie personnelle qui suscite l&rsquo;int\u00e9r\u00eat. Ses relations pass\u00e9es et pr\u00e9sentes, notamment avec Vlad Oltean et Hamed Sylla, attirent la curiosit\u00e9 du public.<\/p>\n\n\n\n<h3 class=\"wp-block-heading\" id=\"h-les-intrications-amoureuses-de-la-sphere-people\"><span class=\"ez-toc-section\" id=\"Les_intrications_amoureuses_de_la_sphere_people\"><\/span>Les intrications amoureuses de la sph\u00e8re people<span class=\"ez-toc-section-end\"><\/span><\/h3>\n\n\n\n<p>Les histoires d&rsquo;amour des c\u00e9l\u00e9brit\u00e9s sont souvent complexes et entrelac\u00e9es. <strong>Emma Watson<\/strong>, par exemple, a trouv\u00e9 l&rsquo;amour aupr\u00e8s de l&rsquo;homme d&rsquo;affaires Brandon Green, tandis qu&rsquo;en 2019, elle \u00e9tait en couple avec Leo Robinton. Ces alliances sont repr\u00e9sentatives des relations sentimentales dans le monde du showbiz, o\u00f9 les partenaires changent et les histoires se croisent.<\/p>\n\n\n\n<h3 class=\"wp-block-heading\" id=\"h-parentalite-sous-les-projecteurs\"><span class=\"ez-toc-section\" id=\"Parentalite_sous_les_projecteurs\"><\/span>Parentalit\u00e9 sous les projecteurs<span class=\"ez-toc-section-end\"><\/span><\/h3>\n\n\n\n<p>Emma Colberti partage une facette de sa vie priv\u00e9e avec Hamed Sylla, connu pour \u00eatre l&rsquo;ex-compagnon d&rsquo;Emma Lohoues. Ensemble, ils ont accueilli un enfant. Hamed Sylla, dont la vie amoureuse est \u00e9galement m\u00e9diatis\u00e9e, est annonc\u00e9 comme ayant une future femme. La parentalit\u00e9 chez les c\u00e9l\u00e9brit\u00e9s, \u00e0 l&rsquo;image de celle d&rsquo;Emma Colberti, est souvent sous les feux de la rampe, occasionnant admiration et parfois jugement.<\/p>\n\n\n\n<h3 class=\"wp-block-heading\" id=\"h-emma-roberts-et-garrett-hedlund-un-nouveau-chapitre\"><span class=\"ez-toc-section\" id=\"Emma_Roberts_et_Garrett_Hedlund_Un_nouveau_chapitre\"><\/span>Emma Roberts et Garrett Hedlund : Un nouveau chapitre<span class=\"ez-toc-section-end\"><\/span><\/h3>\n\n\n\n<p>La grossesse d&rsquo;Emma Roberts, qui a r\u00e9cemment eu un enfant avec son compagnon Garrett Hedlund, montre un autre aspect de la c\u00e9l\u00e9brit\u00e9 : celui de la naissance et de la joie qu&rsquo;elle apporte. Les fans suivent avec attention l&rsquo;\u00e9volution de ces histoires, s&rsquo;attachant aux bonheurs et aux p\u00e9rip\u00e9ties des stars qu&rsquo;ils admirent.<\/p>\n\n\n\n<h3 class=\"wp-block-heading\" id=\"h-les-descendants-des-icones-gabriel-kane-day-lewis\"><span class=\"ez-toc-section\" id=\"Les_descendants_des_icones_Gabriel-Kane_Day-Lewis\"><\/span>Les descendants des ic\u00f4nes : Gabriel-Kane Day-Lewis<span class=\"ez-toc-section-end\"><\/span><\/h3>\n\n\n\n<p>Parlant de parentalit\u00e9, les enfants de c\u00e9l\u00e9brit\u00e9s sont souvent des sujets de fascination. Gabriel-Kane Day-Lewis, fils d&rsquo;Isabelle Huppert et Daniel Day-Lewis, en est un parfait exemple. Sa pr\u00e9sence dans les domaines de la mode, de la musique et du cin\u00e9ma t\u00e9moigne de l&rsquo;influence de ses parents et de son propre chemin dans la lumi\u00e8re.<\/p>\n\n\n\n<h3 class=\"wp-block-heading\" id=\"h-la-serie-un-si-grand-soleil-et-nitsa-benchetrit\"><span class=\"ez-toc-section\" id=\"La_serie_%C2%AB_Un_si_grand_soleil_%C2%BB_et_Nitsa_Benchetrit\"><\/span>La s\u00e9rie \u00ab\u00a0Un si grand soleil\u00a0\u00bb et Nitsa Benchetrit<span class=\"ez-toc-section-end\"><\/span><\/h3>\n\n\n\n<p>Dans l&rsquo;univers de la fiction, Nitsa Benchetrit incarne Emma dans la s\u00e9rie \u00e0 succ\u00e8s \u00ab\u00a0Un si grand soleil\u00a0\u00bb, illustrant comment les personnages fictifs peuvent eux aussi capturer l&rsquo;attention du public. Par leur interpr\u00e9tation, les acteurs tels que Nitsa Benchetrit et Emma Colberti deviennent des visages familiers, entra\u00eenant les t\u00e9l\u00e9spectateurs dans leurs r\u00e9cits.<\/p>\n\n\n\n<h2 class=\"wp-block-heading\" id=\"h-le-defi-de-la-notoriete-garder-sa-vie-privee-a-l-abri-des-regards\"><span class=\"ez-toc-section\" id=\"Le_defi_de_la_notoriete_Garder_sa_vie_privee_a_labri_des_regards\"><\/span>Le d\u00e9fi de la notori\u00e9t\u00e9 : Garder sa vie priv\u00e9e \u00e0 l&rsquo;abri des regards<span class=\"ez-toc-section-end\"><\/span><\/h2>\n\n\n\n<p>La notori\u00e9t\u00e9 apporte son lot de difficult\u00e9s, notamment la gestion de la vie priv\u00e9e. Les c\u00e9l\u00e9brit\u00e9s comme Emma Colberti doivent naviguer entre leur d\u00e9sir de pr\u00e9server leur intimit\u00e9 et la curiosit\u00e9 souvent intrusive du public. Cela requiert un \u00e9quilibre d\u00e9licat, car leur vie devient souvent un livre ouvert.<\/p>\n\n\n\n<h3 class=\"wp-block-heading\" id=\"h-les-consequences-de-la-mediatisation-sur-les-relations\"><span class=\"ez-toc-section\" id=\"Les_consequences_de_la_mediatisation_sur_les_relations\"><\/span>Les cons\u00e9quences de la m\u00e9diatisation sur les relations<span class=\"ez-toc-section-end\"><\/span><\/h3>\n\n\n\n<p>La pression m\u00e9diatique peut parfois peser sur les relations des stars. Les ruptures, les nouvelles rencontres et les naissances sont analys\u00e9es et comment\u00e9es, ce qui peut influencer la dynamique de leurs relations personnelles. Les c\u00e9l\u00e9brit\u00e9s se retrouvent \u00e0 devoir prot\u00e9ger leurs proches des projecteurs tout en vivant sous leur constante surveillance.<\/p>\n\n\n\n<h3 class=\"wp-block-heading\" id=\"h-les-histoires-d-amour-celebres-un-reflet-de-la-societe\"><span class=\"ez-toc-section\" id=\"Les_histoires_damour_celebres_Un_reflet_de_la_societe\"><\/span>Les histoires d&rsquo;amour c\u00e9l\u00e8bres : Un reflet de la soci\u00e9t\u00e9<span class=\"ez-toc-section-end\"><\/span><\/h3>\n\n\n\n<p>Les histoires d&rsquo;amour des c\u00e9l\u00e9brit\u00e9s sont souvent le miroir des relations contemporaines. Elles refl\u00e8tent les joies, les peines, les d\u00e9fis et les \u00e9volutions de la soci\u00e9t\u00e9 en mati\u00e8re de couple et de famille. Ainsi, elles offrent au public une perspective sur les dynamiques amoureuses actuelles, au-del\u00e0 du strass et des paillettes.<\/p>\n\n\n\n<h3 class=\"wp-block-heading\" id=\"h-conclusion-l-imbrication-de-la-vie-publique-et-privee\"><span class=\"ez-toc-section\" id=\"Conclusion_Limbrication_de_la_vie_publique_et_privee\"><\/span>Conclusion : L&rsquo;imbrication de la vie publique et priv\u00e9e<span class=\"ez-toc-section-end\"><\/span><\/h3>\n\n\n\n<p>La vie des c\u00e9l\u00e9brit\u00e9s, avec ses hauts et ses bas, ses amours et ses s\u00e9parations, reste un sujet fascinant pour beaucoup. Emma Colberti, Emma Watson, et d&rsquo;autres figures publiques illustrent comment la sph\u00e8re priv\u00e9e peut s&rsquo;entrem\u00ealer avec la vie publique. Alors que les fans continuent de suivre ces histoires, il est important de se rappeler que derri\u00e8re chaque article, chaque rumeur, il y a des individus naviguant dans la complexit\u00e9 de la vie, tout comme nous.<\/p>\n\n\n\n<hr class=\"wp-block-separator has-alpha-channel-opacity\"\/>\n\n\n\n<p><strong>Q: Qui habille Mimi Mathy dans cet \u00e9pisode ?<\/strong><br>A: Dans cet \u00e9pisode, Mimi Mathy est habill\u00e9e par une cr\u00e9atrice de mode incarn\u00e9e par la com\u00e9dienne Victoria Abril.<\/p>\n\n\n\n<p><strong>Q: Quel est le r\u00f4le de Victoria Abril dans cet \u00e9pisode ?<\/strong><br>A: Victoria Abril joue le r\u00f4le d&rsquo;une cr\u00e9atrice de mode qui doit g\u00e9rer la pr\u00e9paration d&rsquo;un d\u00e9fil\u00e9 important pour sa marque ainsi qu&rsquo;une op\u00e9ration m\u00e9dicale.<\/p>\n\n\n\n<p><strong>Q: Qu&rsquo;est-ce que cet \u00e9pisode explore ?<\/strong><br>A: Cet \u00e9pisode explore l&rsquo;univers de la haute-couture, ce qui est une premi\u00e8re pour la s\u00e9rie.<\/p>\n\n\n\n<p><strong>Q: Quel est le vrai nom de Mimi Mathy ?<\/strong><br>A: Le vrai nom de Mimi Mathy est Mich\u00e8le Mathy. Elle est une humoriste et actrice fran\u00e7aise connue notamment pour son r\u00f4le dans la s\u00e9rie t\u00e9l\u00e9vis\u00e9e Jos\u00e9phine, ange gardien.<\/p>\n","protected":false},"excerpt":{"rendered":"<p>Emma Colberti, une actrice talentueuse et discr\u00e8te qui a su conqu\u00e9rir le c\u0153ur des t\u00e9l\u00e9spectateurs avec son charme et son talent ind\u00e9niable. Mais derri\u00e8re les projecteurs, quelle est la vie personnelle de cette c\u00e9l\u00e9brit\u00e9 ? Entre amour, s\u00e9paration et parentalit\u00e9, Emma Colberti a travers\u00e9 bien des \u00e9preuves. Dans cet article, nous plongeons dans les coulisses [&hellip;]<\/p>\n","protected":false},"author":8,"featured_media":161433,"comment_status":"open","ping_status":"open","sticky":false,"template":"","format":"standard","meta":{"tdm_status":"","tdm_grid_status":"","_jetpack_memberships_contains_paid_content":false,"footnotes":"","jetpack_publicize_message":"","jetpack_publicize_feature_enabled":true,"jetpack_social_post_already_shared":false,"jetpack_social_options":{"image_generator_settings":{"template":"highway","default_image_id":0,"font":"","enabled":false},"version":2}},"categories":[78],"tags":[],"class_list":["post-105244","post","type-post","status-publish","format-standard","has-post-thumbnail","hentry","category-culture"],"yoast_head":"<!-- This site is optimized with the Yoast SEO Premium plugin v25.0 (Yoast SEO v25.0) - https:\/\/yoast.com\/wordpress\/plugins\/seo\/ -->\n<title>Emma Colberti : Qui se cache derri\u00e8re la vie personnelle de cette c\u00e9l\u00e9brit\u00e9 ? - Flashmode Magazine | Magazine de mode et style de vie Num\u00e9ro un en Tunisie et au Maghreb<\/title>\n<meta name=\"description\" content=\"Emma Colberti, une actrice talentueuse et discr\u00e8te qui a su conqu\u00e9rir le c\u0153ur des t\u00e9l\u00e9spectateurs avec son charme et son talent ind\u00e9niable. Mais derri\u00e8re\" \/>\n<meta name=\"robots\" content=\"index, follow, max-snippet:-1, max-image-preview:large, max-video-preview:-1\" \/>\n<link rel=\"canonical\" href=\"https:\/\/flashmode.tn\/magazine\/emma-colberti-qui-se-cache-derriere-la-vie-personnelle-de-cette-celebrite\/\" \/>\n<meta property=\"og:locale\" content=\"fr_FR\" \/>\n<meta property=\"og:type\" content=\"article\" \/>\n<meta property=\"og:title\" content=\"Emma Colberti : Qui se cache derri\u00e8re la vie personnelle de cette c\u00e9l\u00e9brit\u00e9 ? - Flashmode Magazine | Magazine de mode et style de vie Num\u00e9ro un en Tunisie et au Maghreb\" \/>\n<meta property=\"og:description\" content=\"Emma Colberti, une actrice talentueuse et discr\u00e8te qui a su conqu\u00e9rir le c\u0153ur des t\u00e9l\u00e9spectateurs avec son charme et son talent ind\u00e9niable. Mais derri\u00e8re\" \/>\n<meta property=\"og:url\" content=\"https:\/\/flashmode.tn\/magazine\/emma-colberti-qui-se-cache-derriere-la-vie-personnelle-de-cette-celebrite\/\" \/>\n<meta property=\"og:site_name\" content=\"Flashmode Magazine | Magazine de mode et style de vie Num\u00e9ro un en Tunisie et au Maghreb\" \/>\n<meta property=\"article:publisher\" content=\"https:\/\/www.facebook.com\/flashmode.magazine\/\" \/>\n<meta property=\"article:published_time\" content=\"2024-03-12T01:58:28+00:00\" \/>\n<meta property=\"article:modified_time\" content=\"2024-04-04T08:15:38+00:00\" \/>\n<meta property=\"og:image\" content=\"https:\/\/flashmode.tn\/magazine\/wp-content\/uploads\/2024\/03\/Emma-Colberti-Qui-se-cache-derriere-la-vie-personnelle-de-cette-celebrite-.png\" \/>\n\t<meta property=\"og:image:width\" content=\"1640\" \/>\n\t<meta property=\"og:image:height\" content=\"924\" \/>\n\t<meta property=\"og:image:type\" content=\"image\/png\" \/>\n<meta name=\"author\" content=\"The Daileigh\" \/>\n<meta name=\"twitter:card\" content=\"summary_large_image\" \/>\n<meta name=\"twitter:creator\" content=\"@agenceflashmode\" \/>\n<meta name=\"twitter:site\" content=\"@agenceflashmode\" \/>\n<meta name=\"twitter:label1\" content=\"\u00c9crit par\" \/>\n\t<meta name=\"twitter:data1\" content=\"The Daileigh\" \/>\n\t<meta name=\"twitter:label2\" content=\"Dur\u00e9e de lecture estim\u00e9e\" \/>\n\t<meta name=\"twitter:data2\" content=\"5 minutes\" \/>\n<script type=\"application\/ld+json\" class=\"yoast-schema-graph\">{\"@context\":\"https:\/\/schema.org\",\"@graph\":[{\"@type\":\"WebPage\",\"@id\":\"https:\/\/flashmode.tn\/magazine\/emma-colberti-qui-se-cache-derriere-la-vie-personnelle-de-cette-celebrite\/\",\"url\":\"https:\/\/flashmode.tn\/magazine\/emma-colberti-qui-se-cache-derriere-la-vie-personnelle-de-cette-celebrite\/\",\"name\":\"Emma Colberti : Qui se cache derri\u00e8re la vie personnelle de cette c\u00e9l\u00e9brit\u00e9 ? - Flashmode Magazine | Magazine de mode et style de vie Num\u00e9ro un en Tunisie et au Maghreb\",\"isPartOf\":{\"@id\":\"https:\/\/flashmode.tn\/magazine\/#website\"},\"primaryImageOfPage\":{\"@id\":\"https:\/\/flashmode.tn\/magazine\/emma-colberti-qui-se-cache-derriere-la-vie-personnelle-de-cette-celebrite\/#primaryimage\"},\"image\":{\"@id\":\"https:\/\/flashmode.tn\/magazine\/emma-colberti-qui-se-cache-derriere-la-vie-personnelle-de-cette-celebrite\/#primaryimage\"},\"thumbnailUrl\":\"https:\/\/i0.wp.com\/flashmode.tn\/magazine\/wp-content\/uploads\/2024\/03\/Emma-Colberti-Qui-se-cache-derriere-la-vie-personnelle-de-cette-celebrite-.png?fit=1640%2C924&ssl=1\",\"datePublished\":\"2024-03-12T01:58:28+00:00\",\"dateModified\":\"2024-04-04T08:15:38+00:00\",\"author\":{\"@id\":\"https:\/\/flashmode.tn\/magazine\/#\/schema\/person\/79940f8af94166a445dd5bd6b3137682\"},\"description\":\"Emma Colberti, une actrice talentueuse et discr\u00e8te qui a su conqu\u00e9rir le c\u0153ur des t\u00e9l\u00e9spectateurs avec son charme et son talent ind\u00e9niable. Mais derri\u00e8re\",\"breadcrumb\":{\"@id\":\"https:\/\/flashmode.tn\/magazine\/emma-colberti-qui-se-cache-derriere-la-vie-personnelle-de-cette-celebrite\/#breadcrumb\"},\"inLanguage\":\"fr-FR\",\"potentialAction\":[{\"@type\":\"ReadAction\",\"target\":[\"https:\/\/flashmode.tn\/magazine\/emma-colberti-qui-se-cache-derriere-la-vie-personnelle-de-cette-celebrite\/\"]}]},{\"@type\":\"ImageObject\",\"inLanguage\":\"fr-FR\",\"@id\":\"https:\/\/flashmode.tn\/magazine\/emma-colberti-qui-se-cache-derriere-la-vie-personnelle-de-cette-celebrite\/#primaryimage\",\"url\":\"https:\/\/i0.wp.com\/flashmode.tn\/magazine\/wp-content\/uploads\/2024\/03\/Emma-Colberti-Qui-se-cache-derriere-la-vie-personnelle-de-cette-celebrite-.png?fit=1640%2C924&ssl=1\",\"contentUrl\":\"https:\/\/i0.wp.com\/flashmode.tn\/magazine\/wp-content\/uploads\/2024\/03\/Emma-Colberti-Qui-se-cache-derriere-la-vie-personnelle-de-cette-celebrite-.png?fit=1640%2C924&ssl=1\",\"width\":1640,\"height\":924,\"caption\":\"Emma Colberti : Qui se cache derri\u00e8re la vie personnelle de cette c\u00e9l\u00e9brit\u00e9 ?\"},{\"@type\":\"BreadcrumbList\",\"@id\":\"https:\/\/flashmode.tn\/magazine\/emma-colberti-qui-se-cache-derriere-la-vie-personnelle-de-cette-celebrite\/#breadcrumb\",\"itemListElement\":[{\"@type\":\"ListItem\",\"position\":1,\"name\":\"Accueil\",\"item\":\"https:\/\/flashmode.tn\/magazine\/\"},{\"@type\":\"ListItem\",\"position\":2,\"name\":\"Emma Colberti : Qui se cache derri\u00e8re la vie personnelle de cette c\u00e9l\u00e9brit\u00e9 ?\"}]},{\"@type\":\"WebSite\",\"@id\":\"https:\/\/flashmode.tn\/magazine\/#website\",\"url\":\"https:\/\/flashmode.tn\/magazine\/\",\"name\":\"Flashmode Magazine | Magazine de mode et style de vie Num\u00e9ro un en Tunisie et au Maghreb\",\"description\":\"Magazine de mode et style de vie Num\u00e9ro un en Tunisie et au Maghreb, cr\u00e9\u00e9 pour les hommes et les femmes : conseils beaut\u00e9, mode femme, mode homme, recettes de cuisine, c\u00e9l\u00e9brit\u00e9s et people, mannequins et top modeles\",\"potentialAction\":[{\"@type\":\"SearchAction\",\"target\":{\"@type\":\"EntryPoint\",\"urlTemplate\":\"https:\/\/flashmode.tn\/magazine\/?s={search_term_string}\"},\"query-input\":{\"@type\":\"PropertyValueSpecification\",\"valueRequired\":true,\"valueName\":\"search_term_string\"}}],\"inLanguage\":\"fr-FR\"},{\"@type\":\"Person\",\"@id\":\"https:\/\/flashmode.tn\/magazine\/#\/schema\/person\/79940f8af94166a445dd5bd6b3137682\",\"name\":\"The Daileigh\",\"image\":{\"@type\":\"ImageObject\",\"inLanguage\":\"fr-FR\",\"@id\":\"https:\/\/flashmode.tn\/magazine\/#\/schema\/person\/image\/\",\"url\":\"https:\/\/secure.gravatar.com\/avatar\/30d4d60865d61de3434abd01cb8b4ec5e5b5eb5a274017461832a54857b1770d?s=96&d=mm&r=g\",\"contentUrl\":\"https:\/\/secure.gravatar.com\/avatar\/30d4d60865d61de3434abd01cb8b4ec5e5b5eb5a274017461832a54857b1770d?s=96&d=mm&r=g\",\"caption\":\"The Daileigh\"},\"url\":\"https:\/\/flashmode.tn\/magazine\/author\/the-daileigh\/\"}]}<\/script>\n<!-- \/ Yoast SEO Premium plugin. -->","yoast_head_json":{"title":"Emma Colberti : Qui se cache derri\u00e8re la vie personnelle de cette c\u00e9l\u00e9brit\u00e9 ? - Flashmode Magazine | Magazine de mode et style de vie Num\u00e9ro un en Tunisie et au Maghreb","description":"Emma Colberti, une actrice talentueuse et discr\u00e8te qui a su conqu\u00e9rir le c\u0153ur des t\u00e9l\u00e9spectateurs avec son charme et son talent ind\u00e9niable. Mais derri\u00e8re","robots":{"index":"index","follow":"follow","max-snippet":"max-snippet:-1","max-image-preview":"max-image-preview:large","max-video-preview":"max-video-preview:-1"},"canonical":"https:\/\/flashmode.tn\/magazine\/emma-colberti-qui-se-cache-derriere-la-vie-personnelle-de-cette-celebrite\/","og_locale":"fr_FR","og_type":"article","og_title":"Emma Colberti : Qui se cache derri\u00e8re la vie personnelle de cette c\u00e9l\u00e9brit\u00e9 ? - Flashmode Magazine | Magazine de mode et style de vie Num\u00e9ro un en Tunisie et au Maghreb","og_description":"Emma Colberti, une actrice talentueuse et discr\u00e8te qui a su conqu\u00e9rir le c\u0153ur des t\u00e9l\u00e9spectateurs avec son charme et son talent ind\u00e9niable. Mais derri\u00e8re","og_url":"https:\/\/flashmode.tn\/magazine\/emma-colberti-qui-se-cache-derriere-la-vie-personnelle-de-cette-celebrite\/","og_site_name":"Flashmode Magazine | Magazine de mode et style de vie Num\u00e9ro un en Tunisie et au Maghreb","article_publisher":"https:\/\/www.facebook.com\/flashmode.magazine\/","article_published_time":"2024-03-12T01:58:28+00:00","article_modified_time":"2024-04-04T08:15:38+00:00","og_image":[{"width":1640,"height":924,"url":"https:\/\/flashmode.tn\/magazine\/wp-content\/uploads\/2024\/03\/Emma-Colberti-Qui-se-cache-derriere-la-vie-personnelle-de-cette-celebrite-.png","type":"image\/png"}],"author":"The Daileigh","twitter_card":"summary_large_image","twitter_creator":"@agenceflashmode","twitter_site":"@agenceflashmode","twitter_misc":{"\u00c9crit par":"The Daileigh","Dur\u00e9e de lecture estim\u00e9e":"5 minutes"},"schema":{"@context":"https:\/\/schema.org","@graph":[{"@type":"WebPage","@id":"https:\/\/flashmode.tn\/magazine\/emma-colberti-qui-se-cache-derriere-la-vie-personnelle-de-cette-celebrite\/","url":"https:\/\/flashmode.tn\/magazine\/emma-colberti-qui-se-cache-derriere-la-vie-personnelle-de-cette-celebrite\/","name":"Emma Colberti : Qui se cache derri\u00e8re la vie personnelle de cette c\u00e9l\u00e9brit\u00e9 ? - Flashmode Magazine | Magazine de mode et style de vie Num\u00e9ro un en Tunisie et au Maghreb","isPartOf":{"@id":"https:\/\/flashmode.tn\/magazine\/#website"},"primaryImageOfPage":{"@id":"https:\/\/flashmode.tn\/magazine\/emma-colberti-qui-se-cache-derriere-la-vie-personnelle-de-cette-celebrite\/#primaryimage"},"image":{"@id":"https:\/\/flashmode.tn\/magazine\/emma-colberti-qui-se-cache-derriere-la-vie-personnelle-de-cette-celebrite\/#primaryimage"},"thumbnailUrl":"https:\/\/i0.wp.com\/flashmode.tn\/magazine\/wp-content\/uploads\/2024\/03\/Emma-Colberti-Qui-se-cache-derriere-la-vie-personnelle-de-cette-celebrite-.png?fit=1640%2C924&ssl=1","datePublished":"2024-03-12T01:58:28+00:00","dateModified":"2024-04-04T08:15:38+00:00","author":{"@id":"https:\/\/flashmode.tn\/magazine\/#\/schema\/person\/79940f8af94166a445dd5bd6b3137682"},"description":"Emma Colberti, une actrice talentueuse et discr\u00e8te qui a su conqu\u00e9rir le c\u0153ur des t\u00e9l\u00e9spectateurs avec son charme et son talent ind\u00e9niable. Mais derri\u00e8re","breadcrumb":{"@id":"https:\/\/flashmode.tn\/magazine\/emma-colberti-qui-se-cache-derriere-la-vie-personnelle-de-cette-celebrite\/#breadcrumb"},"inLanguage":"fr-FR","potentialAction":[{"@type":"ReadAction","target":["https:\/\/flashmode.tn\/magazine\/emma-colberti-qui-se-cache-derriere-la-vie-personnelle-de-cette-celebrite\/"]}]},{"@type":"ImageObject","inLanguage":"fr-FR","@id":"https:\/\/flashmode.tn\/magazine\/emma-colberti-qui-se-cache-derriere-la-vie-personnelle-de-cette-celebrite\/#primaryimage","url":"https:\/\/i0.wp.com\/flashmode.tn\/magazine\/wp-content\/uploads\/2024\/03\/Emma-Colberti-Qui-se-cache-derriere-la-vie-personnelle-de-cette-celebrite-.png?fit=1640%2C924&ssl=1","contentUrl":"https:\/\/i0.wp.com\/flashmode.tn\/magazine\/wp-content\/uploads\/2024\/03\/Emma-Colberti-Qui-se-cache-derriere-la-vie-personnelle-de-cette-celebrite-.png?fit=1640%2C924&ssl=1","width":1640,"height":924,"caption":"Emma Colberti : Qui se cache derri\u00e8re la vie personnelle de cette c\u00e9l\u00e9brit\u00e9 ?"},{"@type":"BreadcrumbList","@id":"https:\/\/flashmode.tn\/magazine\/emma-colberti-qui-se-cache-derriere-la-vie-personnelle-de-cette-celebrite\/#breadcrumb","itemListElement":[{"@type":"ListItem","position":1,"name":"Accueil","item":"https:\/\/flashmode.tn\/magazine\/"},{"@type":"ListItem","position":2,"name":"Emma Colberti : Qui se cache derri\u00e8re la vie personnelle de cette c\u00e9l\u00e9brit\u00e9 ?"}]},{"@type":"WebSite","@id":"https:\/\/flashmode.tn\/magazine\/#website","url":"https:\/\/flashmode.tn\/magazine\/","name":"Flashmode Magazine | Magazine de mode et style de vie Num\u00e9ro un en Tunisie et au Maghreb","description":"Magazine de mode et style de vie Num\u00e9ro un en Tunisie et au Maghreb, cr\u00e9\u00e9 pour les hommes et les femmes : conseils beaut\u00e9, mode femme, mode homme, recettes de cuisine, c\u00e9l\u00e9brit\u00e9s et people, mannequins et top modeles","potentialAction":[{"@type":"SearchAction","target":{"@type":"EntryPoint","urlTemplate":"https:\/\/flashmode.tn\/magazine\/?s={search_term_string}"},"query-input":{"@type":"PropertyValueSpecification","valueRequired":true,"valueName":"search_term_string"}}],"inLanguage":"fr-FR"},{"@type":"Person","@id":"https:\/\/flashmode.tn\/magazine\/#\/schema\/person\/79940f8af94166a445dd5bd6b3137682","name":"The Daileigh","image":{"@type":"ImageObject","inLanguage":"fr-FR","@id":"https:\/\/flashmode.tn\/magazine\/#\/schema\/person\/image\/","url":"https:\/\/secure.gravatar.com\/avatar\/30d4d60865d61de3434abd01cb8b4ec5e5b5eb5a274017461832a54857b1770d?s=96&d=mm&r=g","contentUrl":"https:\/\/secure.gravatar.com\/avatar\/30d4d60865d61de3434abd01cb8b4ec5e5b5eb5a274017461832a54857b1770d?s=96&d=mm&r=g","caption":"The Daileigh"},"url":"https:\/\/flashmode.tn\/magazine\/author\/the-daileigh\/"}]}},"jetpack_publicize_connections":[],"jetpack_featured_media_url":"https:\/\/i0.wp.com\/flashmode.tn\/magazine\/wp-content\/uploads\/2024\/03\/Emma-Colberti-Qui-se-cache-derriere-la-vie-personnelle-de-cette-celebrite-.png?fit=1640%2C924&ssl=1","jetpack_shortlink":"https:\/\/wp.me\/p8BPGr-rnu","jetpack_sharing_enabled":true,"_links":{"self":[{"href":"https:\/\/flashmode.tn\/magazine\/wp-json\/wp\/v2\/posts\/105244","targetHints":{"allow":["GET"]}}],"collection":[{"href":"https:\/\/flashmode.tn\/magazine\/wp-json\/wp\/v2\/posts"}],"about":[{"href":"https:\/\/flashmode.tn\/magazine\/wp-json\/wp\/v2\/types\/post"}],"author":[{"embeddable":true,"href":"https:\/\/flashmode.tn\/magazine\/wp-json\/wp\/v2\/users\/8"}],"replies":[{"embeddable":true,"href":"https:\/\/flashmode.tn\/magazine\/wp-json\/wp\/v2\/comments?post=105244"}],"version-history":[{"count":2,"href":"https:\/\/flashmode.tn\/magazine\/wp-json\/wp\/v2\/posts\/105244\/revisions"}],"predecessor-version":[{"id":161435,"href":"https:\/\/flashmode.tn\/magazine\/wp-json\/wp\/v2\/posts\/105244\/revisions\/161435"}],"wp:featuredmedia":[{"embeddable":true,"href":"https:\/\/flashmode.tn\/magazine\/wp-json\/wp\/v2\/media\/161433"}],"wp:attachment":[{"href":"https:\/\/flashmode.tn\/magazine\/wp-json\/wp\/v2\/media?parent=105244"}],"wp:term":[{"taxonomy":"category","embeddable":true,"href":"https:\/\/flashmode.tn\/magazine\/wp-json\/wp\/v2\/categories?post=105244"},{"taxonomy":"post_tag","embeddable":true,"href":"https:\/\/flashmode.tn\/magazine\/wp-json\/wp\/v2\/tags?post=105244"}],"curies":[{"name":"wp","href":"https:\/\/api.w.org\/{rel}","templated":true}]}}