{"id":105252,"date":"2024-03-12T02:58:29","date_gmt":"2024-03-12T01:58:29","guid":{"rendered":"https:\/\/flashmode.tn\/magazine\/qui-est-evelyn-penn-willis-et-comment-laphasie-de-bruce-willis-a-t-elle-change-sa-vie\/"},"modified":"2024-04-04T10:52:45","modified_gmt":"2024-04-04T08:52:45","slug":"qui-est-evelyn-penn-willis-et-comment-laphasie-de-bruce-willis-a-t-elle-change-sa-vie","status":"publish","type":"post","link":"https:\/\/flashmode.tn\/magazine\/qui-est-evelyn-penn-willis-et-comment-laphasie-de-bruce-willis-a-t-elle-change-sa-vie\/","title":{"rendered":"Qui est Evelyn Penn Willis et comment l&rsquo;aphasie de Bruce Willis a-t-elle chang\u00e9 sa vie ?"},"content":{"rendered":"\n<p>Bienvenue sur notre blog consacr\u00e9 \u00e0 la vie fascinante des c\u00e9l\u00e9brit\u00e9s ! Aujourd&rsquo;hui, nous allons plonger dans l&rsquo;univers d&rsquo;Evelyn Penn Willis et d\u00e9couvrir comment l&rsquo;aphasie de Bruce Willis a influenc\u00e9 sa vie. Attachez vos ceintures, car cette histoire est \u00e0 la fois captivante et pleine de rebondissements. Pr\u00eats \u00e0 en savoir plus sur cette incroyable famille ? Alors, ne manquez pas un seul mot de cet article !<\/p>\n\n\n\n<div id=\"ez-toc-container\" class=\"ez-toc-v2_0_81 counter-hierarchy ez-toc-counter ez-toc-grey ez-toc-container-direction\">\n<div class=\"ez-toc-title-container\">\n<p class=\"ez-toc-title\" style=\"cursor:inherit\">Contenus de la page<\/p>\n<span class=\"ez-toc-title-toggle\"><a href=\"#\" class=\"ez-toc-pull-right ez-toc-btn ez-toc-btn-xs ez-toc-btn-default ez-toc-toggle\" aria-label=\"Toggle Table of Content\"><span class=\"ez-toc-js-icon-con\"><span class=\"\"><span class=\"eztoc-hide\" style=\"display:none;\">Toggle<\/span><span class=\"ez-toc-icon-toggle-span\"><svg style=\"fill: #999;color:#999\" xmlns=\"http:\/\/www.w3.org\/2000\/svg\" class=\"list-377408\" width=\"20px\" height=\"20px\" viewBox=\"0 0 24 24\" fill=\"none\"><path d=\"M6 6H4v2h2V6zm14 0H8v2h12V6zM4 11h2v2H4v-2zm16 0H8v2h12v-2zM4 16h2v2H4v-2zm16 0H8v2h12v-2z\" fill=\"currentColor\"><\/path><\/svg><svg style=\"fill: #999;color:#999\" class=\"arrow-unsorted-368013\" xmlns=\"http:\/\/www.w3.org\/2000\/svg\" width=\"10px\" height=\"10px\" viewBox=\"0 0 24 24\" version=\"1.2\" baseProfile=\"tiny\"><path d=\"M18.2 9.3l-6.2-6.3-6.2 6.3c-.2.2-.3.4-.3.7s.1.5.3.7c.2.2.4.3.7.3h11c.3 0 .5-.1.7-.3.2-.2.3-.5.3-.7s-.1-.5-.3-.7zM5.8 14.7l6.2 6.3 6.2-6.3c.2-.2.3-.5.3-.7s-.1-.5-.3-.7c-.2-.2-.4-.3-.7-.3h-11c-.3 0-.5.1-.7.3-.2.2-.3.5-.3.7s.1.5.3.7z\"\/><\/svg><\/span><\/span><\/span><\/a><\/span><\/div>\n<nav><ul class='ez-toc-list ez-toc-list-level-1 ' ><li class='ez-toc-page-1 ez-toc-heading-level-2'><a class=\"ez-toc-link ez-toc-heading-1\" href=\"https:\/\/flashmode.tn\/magazine\/qui-est-evelyn-penn-willis-et-comment-laphasie-de-bruce-willis-a-t-elle-change-sa-vie\/#La_vie_dEvelyn_Penn_Willis_et_limpact_de_laphasie_de_Bruce_Willis\" >La vie d&rsquo;Evelyn Penn Willis et l&rsquo;impact de l&rsquo;aphasie de Bruce Willis<\/a><ul class='ez-toc-list-level-3' ><li class='ez-toc-heading-level-3'><a class=\"ez-toc-link ez-toc-heading-2\" href=\"https:\/\/flashmode.tn\/magazine\/qui-est-evelyn-penn-willis-et-comment-laphasie-de-bruce-willis-a-t-elle-change-sa-vie\/#La_jeunesse_dEvelyn_Penn_Willis\" >La jeunesse d&rsquo;Evelyn Penn Willis<\/a><\/li><li class='ez-toc-page-1 ez-toc-heading-level-3'><a class=\"ez-toc-link ez-toc-heading-3\" href=\"https:\/\/flashmode.tn\/magazine\/qui-est-evelyn-penn-willis-et-comment-laphasie-de-bruce-willis-a-t-elle-change-sa-vie\/#Comprendre_laphasie_et_la_demence_de_Bruce_Willis\" >Comprendre l&rsquo;aphasie et la d\u00e9mence de Bruce Willis<\/a><\/li><li class='ez-toc-page-1 ez-toc-heading-level-3'><a class=\"ez-toc-link ez-toc-heading-4\" href=\"https:\/\/flashmode.tn\/magazine\/qui-est-evelyn-penn-willis-et-comment-laphasie-de-bruce-willis-a-t-elle-change-sa-vie\/#Le_parcours_de_Bruce_Willis_face_a_laphasie\" >Le parcours de Bruce Willis face \u00e0 l&rsquo;aphasie<\/a><\/li><li class='ez-toc-page-1 ez-toc-heading-level-3'><a class=\"ez-toc-link ez-toc-heading-5\" href=\"https:\/\/flashmode.tn\/magazine\/qui-est-evelyn-penn-willis-et-comment-laphasie-de-bruce-willis-a-t-elle-change-sa-vie\/#Les_defis_rencontres_par_Evelyn_Penn_et_sa_famille\" >Les d\u00e9fis rencontr\u00e9s par Evelyn Penn et sa famille<\/a><\/li><li class='ez-toc-page-1 ez-toc-heading-level-3'><a class=\"ez-toc-link ez-toc-heading-6\" href=\"https:\/\/flashmode.tn\/magazine\/qui-est-evelyn-penn-willis-et-comment-laphasie-de-bruce-willis-a-t-elle-change-sa-vie\/#Les_espoirs_et_le_soutien_pour_Bruce_Willis\" >Les espoirs et le soutien pour Bruce Willis<\/a><\/li><li class='ez-toc-page-1 ez-toc-heading-level-3'><a class=\"ez-toc-link ez-toc-heading-7\" href=\"https:\/\/flashmode.tn\/magazine\/qui-est-evelyn-penn-willis-et-comment-laphasie-de-bruce-willis-a-t-elle-change-sa-vie\/#Lavenir_dEvelyn_Penn_Willis\" >L&rsquo;avenir d&rsquo;Evelyn Penn Willis<\/a><\/li><li class='ez-toc-page-1 ez-toc-heading-level-3'><a class=\"ez-toc-link ez-toc-heading-8\" href=\"https:\/\/flashmode.tn\/magazine\/qui-est-evelyn-penn-willis-et-comment-laphasie-de-bruce-willis-a-t-elle-change-sa-vie\/#Conclusions_et_soutien_communautaire\" >Conclusions et soutien communautaire<\/a><\/li><\/ul><\/li><\/ul><\/nav><\/div>\n<h2 class=\"wp-block-heading\" id=\"h-la-vie-d-evelyn-penn-willis-et-l-impact-de-l-aphasie-de-bruce-willis\"><span class=\"ez-toc-section\" id=\"La_vie_dEvelyn_Penn_Willis_et_limpact_de_laphasie_de_Bruce_Willis\"><\/span>La vie d&rsquo;Evelyn Penn Willis et l&rsquo;impact de l&rsquo;aphasie de Bruce Willis<span class=\"ez-toc-section-end\"><\/span><\/h2>\n\n\n\n<p>La famille Willis est sous les projecteurs depuis des d\u00e9cennies, notamment en raison de la carri\u00e8re exceptionnelle de l&rsquo;acteur Bruce Willis. Cependant, aujourd&rsquo;hui, l&rsquo;attention se porte sur ses filles, en particulier la jeune Evelyn Penn Willis. \u00c0 seulement 9 ans, elle fait face \u00e0 la maladie de son p\u00e8re, un d\u00e9fi qui ne manque pas d&rsquo;affecter la vie de toute la famille.<\/p>\n\n\n\n<h3 class=\"wp-block-heading\" id=\"h-la-jeunesse-d-evelyn-penn-willis\"><span class=\"ez-toc-section\" id=\"La_jeunesse_dEvelyn_Penn_Willis\"><\/span>La jeunesse d&rsquo;Evelyn Penn Willis<span class=\"ez-toc-section-end\"><\/span><\/h3>\n\n\n\n<p>En tant que fille cadette de Bruce Willis et Emma Heming, Evelyn Penn Willis grandit dans un environnement familial aimant et solidaire. Avec sa s\u0153ur Mabel Ray, qui a 11 ans, elles forment un duo complice, soutenues par des parents d\u00e9vou\u00e9s. Malgr\u00e9 les difficult\u00e9s li\u00e9es \u00e0 la sant\u00e9 de leur p\u00e8re, les deux jeunes filles b\u00e9n\u00e9ficient d&rsquo;une enfance entour\u00e9e d&rsquo;amour et de soins attentifs.<\/p>\n\n\n\n<h3 class=\"wp-block-heading\" id=\"h-comprendre-l-aphasie-et-la-demence-de-bruce-willis\"><span class=\"ez-toc-section\" id=\"Comprendre_laphasie_et_la_demence_de_Bruce_Willis\"><\/span>Comprendre l&rsquo;aphasie et la d\u00e9mence de Bruce Willis<span class=\"ez-toc-section-end\"><\/span><\/h3>\n\n\n\n<p>L&rsquo;aphasie, un trouble neurologique qui affecte les capacit\u00e9s cognitives de Bruce Willis, a \u00e9t\u00e9 diagnostiqu\u00e9e il y a peu. Cette condition est souvent li\u00e9e \u00e0 des l\u00e9sions c\u00e9r\u00e9brales dans les zones du langage, habituellement situ\u00e9es dans l&rsquo;h\u00e9misph\u00e8re gauche du cerveau. Les causes de l&rsquo;aphasie sont multiples, mais dans le cas de Bruce Willis, elles sont associ\u00e9es \u00e0 une d\u00e9mence, sp\u00e9cifiquement une d\u00e9g\u00e9n\u00e9rescence fronto-temporale.<\/p>\n\n\n\n<h3 class=\"wp-block-heading\" id=\"h-le-parcours-de-bruce-willis-face-a-l-aphasie\"><span class=\"ez-toc-section\" id=\"Le_parcours_de_Bruce_Willis_face_a_laphasie\"><\/span>Le parcours de Bruce Willis face \u00e0 l&rsquo;aphasie<span class=\"ez-toc-section-end\"><\/span><\/h3>\n\n\n\n<p>Apr\u00e8s la r\u00e9v\u00e9lation de son aphasia, Bruce Willis a perdu progressivement sa capacit\u00e9 \u00e0 parler. La d\u00e9mence, qui est venue compliquer son \u00e9tat, repr\u00e9sente un combat quotidien non seulement pour lui mais aussi pour ses proches. Malgr\u00e9 l&rsquo;absence de cure, des th\u00e9rapies permettent d&rsquo;\u00e9tablir de nouvelles connexions neuronales pour aider les patients \u00e0 am\u00e9liorer leur communication.<\/p>\n\n\n\n<h3 class=\"wp-block-heading\" id=\"h-les-defis-rencontres-par-evelyn-penn-et-sa-famille\"><span class=\"ez-toc-section\" id=\"Les_defis_rencontres_par_Evelyn_Penn_et_sa_famille\"><\/span>Les d\u00e9fis rencontr\u00e9s par Evelyn Penn et sa famille<span class=\"ez-toc-section-end\"><\/span><\/h3>\n\n\n\n<p>Confront\u00e9e \u00e0 la maladie de son p\u00e8re, Evelyn Penn Willis doit apprendre \u00e0 vivre avec les changements que cela implique. La famille Willis, unie et r\u00e9siliente, traverse cette \u00e9preuve ensemble, cherchant du r\u00e9confort dans leur coh\u00e9sion et leur amour mutuel. Pour les enfants, la perte progressive des capacit\u00e9s de communication de leur p\u00e8re est un obstacle douloureux mais elles sont entour\u00e9es de soutien.<\/p>\n\n\n\n<h3 class=\"wp-block-heading\" id=\"h-les-espoirs-et-le-soutien-pour-bruce-willis\"><span class=\"ez-toc-section\" id=\"Les_espoirs_et_le_soutien_pour_Bruce_Willis\"><\/span>Les espoirs et le soutien pour Bruce Willis<span class=\"ez-toc-section-end\"><\/span><\/h3>\n\n\n\n<p>Face \u00e0 cette condition, l&rsquo;espoir demeure gr\u00e2ce aux avanc\u00e9es m\u00e9dicales et aux th\u00e9rapies qui permettent de maintenir et parfois d&rsquo;am\u00e9liorer les fonctions cognitives des personnes atteintes. La famille Willis, y compris Evelyn Penn, s&rsquo;engage \u00e0 soutenir Bruce dans son parcours th\u00e9rapeutique, en cherchant \u00e0 maintenir une qualit\u00e9 de vie et une relation p\u00e8re-fille aussi normale que possible.<\/p>\n\n\n\n<h3 class=\"wp-block-heading\" id=\"h-l-avenir-d-evelyn-penn-willis\"><span class=\"ez-toc-section\" id=\"Lavenir_dEvelyn_Penn_Willis\"><\/span>L&rsquo;avenir d&rsquo;Evelyn Penn Willis<span class=\"ez-toc-section-end\"><\/span><\/h3>\n\n\n\n<p>Evelyn Penn Willis, bien que jeune, est d\u00e9j\u00e0 confront\u00e9e \u00e0 des r\u00e9alit\u00e9s que beaucoup n&rsquo;affrontent qu&rsquo;\u00e0 l&rsquo;\u00e2ge adulte. Son avenir sera marqu\u00e9 par les le\u00e7ons de courage et de r\u00e9silience apprises au cours de ces \u00e9preuves. Avec le soutien continu de sa famille et de la communaut\u00e9, elle a toutes les chances de grandir en une personne forte et empathique.<\/p>\n\n\n\n<h3 class=\"wp-block-heading\" id=\"h-conclusions-et-soutien-communautaire\"><span class=\"ez-toc-section\" id=\"Conclusions_et_soutien_communautaire\"><\/span>Conclusions et soutien communautaire<span class=\"ez-toc-section-end\"><\/span><\/h3>\n\n\n\n<p>La situation de Bruce Willis a suscit\u00e9 une vague de soutien et de sensibilisation autour de l&rsquo;aphasie et de la d\u00e9mence. Pour Evelyn Penn Willis et sa famille, cette solidarit\u00e9 repr\u00e9sente un baume r\u00e9confortant. Elle rappelle l&rsquo;importance de la recherche m\u00e9dicale et du soutien communautaire dans la lutte contre ces maladies neurologiques d\u00e9vastatrices.<\/p>\n\n\n\n<p>Enfin, l&rsquo;histoire d&rsquo;Evelyn Penn Willis et de sa famille est un t\u00e9moignage de la force humaine face aux adversit\u00e9s. Malgr\u00e9 les d\u00e9fis, l&rsquo;amour, la pers\u00e9v\u00e9rance et l&rsquo;espoir demeurent des piliers in\u00e9branlables sur lesquels ils continuent de s&rsquo;appuyer.<\/p>\n\n\n\n<hr class=\"wp-block-separator has-alpha-channel-opacity\"\/>\n\n\n\n<p><strong>Quel \u00e2ge ont les enfants de Bruce Willis ?<\/strong><br>Les enfants de Bruce Willis sont Mabel Ray, qui a 11 ans, et Evelyn Penn, qui a 9 ans.<\/p>\n\n\n\n<p><strong>Qui est la femme de Bruce Willis ?<\/strong><br>Depuis 2009, Bruce Willis est mari\u00e9 avec Emma Heming.<\/p>\n\n\n\n<p><strong>Combien d&rsquo;enfants Bruce Willis a-t-il avec Emma Heming ?<\/strong><br>Bruce Willis et Emma Heming ont deux filles ensemble, Mabel Ray et Evelyn Penn.<\/p>\n\n\n\n<p><strong>Qu&rsquo;est-ce que l&rsquo;aphasie et quelle en est la cause chez Bruce Willis ?<\/strong><br>L&rsquo;aphasie est un trouble de la communication qui affecte la capacit\u00e9 de parler, comprendre, lire ou \u00e9crire. Les causes de l&rsquo;aphasie peuvent varier, mais elles peuvent \u00eatre dues \u00e0 des accidents vasculaires c\u00e9r\u00e9braux, des traumatismes cr\u00e2niens ou d&rsquo;autres probl\u00e8mes neurologiques. La cause sp\u00e9cifique de l&rsquo;aphasie de Bruce Willis n&rsquo;est pas mentionn\u00e9e dans les faits donn\u00e9s.<\/p>\n","protected":false},"excerpt":{"rendered":"<p>Bienvenue sur notre blog consacr\u00e9 \u00e0 la vie fascinante des c\u00e9l\u00e9brit\u00e9s ! Aujourd&rsquo;hui, nous allons plonger dans l&rsquo;univers d&rsquo;Evelyn Penn Willis et d\u00e9couvrir comment l&rsquo;aphasie de Bruce Willis a influenc\u00e9 sa vie. Attachez vos ceintures, car cette histoire est \u00e0 la fois captivante et pleine de rebondissements. Pr\u00eats \u00e0 en savoir plus sur cette incroyable [&hellip;]<\/p>\n","protected":false},"author":8,"featured_media":161457,"comment_status":"open","ping_status":"open","sticky":false,"template":"","format":"standard","meta":{"tdm_status":"","tdm_grid_status":"","_jetpack_memberships_contains_paid_content":false,"footnotes":"","jetpack_publicize_message":"","jetpack_publicize_feature_enabled":true,"jetpack_social_post_already_shared":false,"jetpack_social_options":{"image_generator_settings":{"template":"highway","default_image_id":0,"font":"","enabled":false},"version":2}},"categories":[78],"tags":[],"class_list":["post-105252","post","type-post","status-publish","format-standard","has-post-thumbnail","hentry","category-culture"],"yoast_head":"<!-- This site is optimized with the Yoast SEO Premium plugin v25.0 (Yoast SEO v25.0) - https:\/\/yoast.com\/wordpress\/plugins\/seo\/ -->\n<title>Qui est Evelyn Penn Willis et comment l&#039;aphasie de Bruce Willis a-t-elle chang\u00e9 sa vie ? - Flashmode Magazine | Magazine de mode et style de vie Num\u00e9ro un en Tunisie et au Maghreb<\/title>\n<meta name=\"description\" content=\"Bienvenue sur notre blog consacr\u00e9 \u00e0 la vie fascinante des c\u00e9l\u00e9brit\u00e9s ! Aujourd&#039;hui, nous allons plonger dans l&#039;univers d&#039;Evelyn Penn Willis et d\u00e9couvrir\" \/>\n<meta name=\"robots\" content=\"index, follow, max-snippet:-1, max-image-preview:large, max-video-preview:-1\" \/>\n<link rel=\"canonical\" href=\"https:\/\/flashmode.tn\/magazine\/qui-est-evelyn-penn-willis-et-comment-laphasie-de-bruce-willis-a-t-elle-change-sa-vie\/\" \/>\n<meta property=\"og:locale\" content=\"fr_FR\" \/>\n<meta property=\"og:type\" content=\"article\" \/>\n<meta property=\"og:title\" content=\"Qui est Evelyn Penn Willis et comment l&#039;aphasie de Bruce Willis a-t-elle chang\u00e9 sa vie ? - Flashmode Magazine | Magazine de mode et style de vie Num\u00e9ro un en Tunisie et au Maghreb\" \/>\n<meta property=\"og:description\" content=\"Bienvenue sur notre blog consacr\u00e9 \u00e0 la vie fascinante des c\u00e9l\u00e9brit\u00e9s ! Aujourd&#039;hui, nous allons plonger dans l&#039;univers d&#039;Evelyn Penn Willis et d\u00e9couvrir\" \/>\n<meta property=\"og:url\" content=\"https:\/\/flashmode.tn\/magazine\/qui-est-evelyn-penn-willis-et-comment-laphasie-de-bruce-willis-a-t-elle-change-sa-vie\/\" \/>\n<meta property=\"og:site_name\" content=\"Flashmode Magazine | Magazine de mode et style de vie Num\u00e9ro un en Tunisie et au Maghreb\" \/>\n<meta property=\"article:publisher\" content=\"https:\/\/www.facebook.com\/flashmode.magazine\/\" \/>\n<meta property=\"article:published_time\" content=\"2024-03-12T01:58:29+00:00\" \/>\n<meta property=\"article:modified_time\" content=\"2024-04-04T08:52:45+00:00\" \/>\n<meta property=\"og:image\" content=\"https:\/\/flashmode.tn\/magazine\/wp-content\/uploads\/2024\/03\/Qui-est-Evelyn-Penn-Willis-et-comment-laphasie-de-Bruce-Willis-a-t-elle-change-sa-vie-.png\" \/>\n\t<meta property=\"og:image:width\" content=\"1640\" \/>\n\t<meta property=\"og:image:height\" content=\"924\" \/>\n\t<meta property=\"og:image:type\" content=\"image\/png\" \/>\n<meta name=\"author\" content=\"The Daileigh\" \/>\n<meta name=\"twitter:card\" content=\"summary_large_image\" \/>\n<meta name=\"twitter:creator\" content=\"@agenceflashmode\" \/>\n<meta name=\"twitter:site\" content=\"@agenceflashmode\" \/>\n<meta name=\"twitter:label1\" content=\"\u00c9crit par\" \/>\n\t<meta name=\"twitter:data1\" content=\"The Daileigh\" \/>\n\t<meta name=\"twitter:label2\" content=\"Dur\u00e9e de lecture estim\u00e9e\" \/>\n\t<meta name=\"twitter:data2\" content=\"4 minutes\" \/>\n<script type=\"application\/ld+json\" class=\"yoast-schema-graph\">{\"@context\":\"https:\/\/schema.org\",\"@graph\":[{\"@type\":\"WebPage\",\"@id\":\"https:\/\/flashmode.tn\/magazine\/qui-est-evelyn-penn-willis-et-comment-laphasie-de-bruce-willis-a-t-elle-change-sa-vie\/\",\"url\":\"https:\/\/flashmode.tn\/magazine\/qui-est-evelyn-penn-willis-et-comment-laphasie-de-bruce-willis-a-t-elle-change-sa-vie\/\",\"name\":\"Qui est Evelyn Penn Willis et comment l'aphasie de Bruce Willis a-t-elle chang\u00e9 sa vie ? - Flashmode Magazine | Magazine de mode et style de vie Num\u00e9ro un en Tunisie et au Maghreb\",\"isPartOf\":{\"@id\":\"https:\/\/flashmode.tn\/magazine\/#website\"},\"primaryImageOfPage\":{\"@id\":\"https:\/\/flashmode.tn\/magazine\/qui-est-evelyn-penn-willis-et-comment-laphasie-de-bruce-willis-a-t-elle-change-sa-vie\/#primaryimage\"},\"image\":{\"@id\":\"https:\/\/flashmode.tn\/magazine\/qui-est-evelyn-penn-willis-et-comment-laphasie-de-bruce-willis-a-t-elle-change-sa-vie\/#primaryimage\"},\"thumbnailUrl\":\"https:\/\/i0.wp.com\/flashmode.tn\/magazine\/wp-content\/uploads\/2024\/03\/Qui-est-Evelyn-Penn-Willis-et-comment-laphasie-de-Bruce-Willis-a-t-elle-change-sa-vie-.png?fit=1640%2C924&ssl=1\",\"datePublished\":\"2024-03-12T01:58:29+00:00\",\"dateModified\":\"2024-04-04T08:52:45+00:00\",\"author\":{\"@id\":\"https:\/\/flashmode.tn\/magazine\/#\/schema\/person\/79940f8af94166a445dd5bd6b3137682\"},\"description\":\"Bienvenue sur notre blog consacr\u00e9 \u00e0 la vie fascinante des c\u00e9l\u00e9brit\u00e9s ! Aujourd'hui, nous allons plonger dans l'univers d'Evelyn Penn Willis et d\u00e9couvrir\",\"breadcrumb\":{\"@id\":\"https:\/\/flashmode.tn\/magazine\/qui-est-evelyn-penn-willis-et-comment-laphasie-de-bruce-willis-a-t-elle-change-sa-vie\/#breadcrumb\"},\"inLanguage\":\"fr-FR\",\"potentialAction\":[{\"@type\":\"ReadAction\",\"target\":[\"https:\/\/flashmode.tn\/magazine\/qui-est-evelyn-penn-willis-et-comment-laphasie-de-bruce-willis-a-t-elle-change-sa-vie\/\"]}]},{\"@type\":\"ImageObject\",\"inLanguage\":\"fr-FR\",\"@id\":\"https:\/\/flashmode.tn\/magazine\/qui-est-evelyn-penn-willis-et-comment-laphasie-de-bruce-willis-a-t-elle-change-sa-vie\/#primaryimage\",\"url\":\"https:\/\/i0.wp.com\/flashmode.tn\/magazine\/wp-content\/uploads\/2024\/03\/Qui-est-Evelyn-Penn-Willis-et-comment-laphasie-de-Bruce-Willis-a-t-elle-change-sa-vie-.png?fit=1640%2C924&ssl=1\",\"contentUrl\":\"https:\/\/i0.wp.com\/flashmode.tn\/magazine\/wp-content\/uploads\/2024\/03\/Qui-est-Evelyn-Penn-Willis-et-comment-laphasie-de-Bruce-Willis-a-t-elle-change-sa-vie-.png?fit=1640%2C924&ssl=1\",\"width\":1640,\"height\":924,\"caption\":\"Qui est Evelyn Penn Willis et comment l'aphasie de Bruce Willis a-t-elle chang\u00e9 sa vie ?\"},{\"@type\":\"BreadcrumbList\",\"@id\":\"https:\/\/flashmode.tn\/magazine\/qui-est-evelyn-penn-willis-et-comment-laphasie-de-bruce-willis-a-t-elle-change-sa-vie\/#breadcrumb\",\"itemListElement\":[{\"@type\":\"ListItem\",\"position\":1,\"name\":\"Accueil\",\"item\":\"https:\/\/flashmode.tn\/magazine\/\"},{\"@type\":\"ListItem\",\"position\":2,\"name\":\"Qui est Evelyn Penn Willis et comment l&rsquo;aphasie de Bruce Willis a-t-elle chang\u00e9 sa vie ?\"}]},{\"@type\":\"WebSite\",\"@id\":\"https:\/\/flashmode.tn\/magazine\/#website\",\"url\":\"https:\/\/flashmode.tn\/magazine\/\",\"name\":\"Flashmode Magazine | Magazine de mode et style de vie Num\u00e9ro un en Tunisie et au Maghreb\",\"description\":\"Magazine de mode et style de vie Num\u00e9ro un en Tunisie et au Maghreb, cr\u00e9\u00e9 pour les hommes et les femmes : conseils beaut\u00e9, mode femme, mode homme, recettes de cuisine, c\u00e9l\u00e9brit\u00e9s et people, mannequins et top modeles\",\"potentialAction\":[{\"@type\":\"SearchAction\",\"target\":{\"@type\":\"EntryPoint\",\"urlTemplate\":\"https:\/\/flashmode.tn\/magazine\/?s={search_term_string}\"},\"query-input\":{\"@type\":\"PropertyValueSpecification\",\"valueRequired\":true,\"valueName\":\"search_term_string\"}}],\"inLanguage\":\"fr-FR\"},{\"@type\":\"Person\",\"@id\":\"https:\/\/flashmode.tn\/magazine\/#\/schema\/person\/79940f8af94166a445dd5bd6b3137682\",\"name\":\"The Daileigh\",\"image\":{\"@type\":\"ImageObject\",\"inLanguage\":\"fr-FR\",\"@id\":\"https:\/\/flashmode.tn\/magazine\/#\/schema\/person\/image\/\",\"url\":\"https:\/\/secure.gravatar.com\/avatar\/30d4d60865d61de3434abd01cb8b4ec5e5b5eb5a274017461832a54857b1770d?s=96&d=mm&r=g\",\"contentUrl\":\"https:\/\/secure.gravatar.com\/avatar\/30d4d60865d61de3434abd01cb8b4ec5e5b5eb5a274017461832a54857b1770d?s=96&d=mm&r=g\",\"caption\":\"The Daileigh\"},\"url\":\"https:\/\/flashmode.tn\/magazine\/author\/the-daileigh\/\"}]}<\/script>\n<!-- \/ Yoast SEO Premium plugin. -->","yoast_head_json":{"title":"Qui est Evelyn Penn Willis et comment l'aphasie de Bruce Willis a-t-elle chang\u00e9 sa vie ? - Flashmode Magazine | Magazine de mode et style de vie Num\u00e9ro un en Tunisie et au Maghreb","description":"Bienvenue sur notre blog consacr\u00e9 \u00e0 la vie fascinante des c\u00e9l\u00e9brit\u00e9s ! Aujourd'hui, nous allons plonger dans l'univers d'Evelyn Penn Willis et d\u00e9couvrir","robots":{"index":"index","follow":"follow","max-snippet":"max-snippet:-1","max-image-preview":"max-image-preview:large","max-video-preview":"max-video-preview:-1"},"canonical":"https:\/\/flashmode.tn\/magazine\/qui-est-evelyn-penn-willis-et-comment-laphasie-de-bruce-willis-a-t-elle-change-sa-vie\/","og_locale":"fr_FR","og_type":"article","og_title":"Qui est Evelyn Penn Willis et comment l'aphasie de Bruce Willis a-t-elle chang\u00e9 sa vie ? - Flashmode Magazine | Magazine de mode et style de vie Num\u00e9ro un en Tunisie et au Maghreb","og_description":"Bienvenue sur notre blog consacr\u00e9 \u00e0 la vie fascinante des c\u00e9l\u00e9brit\u00e9s ! Aujourd'hui, nous allons plonger dans l'univers d'Evelyn Penn Willis et d\u00e9couvrir","og_url":"https:\/\/flashmode.tn\/magazine\/qui-est-evelyn-penn-willis-et-comment-laphasie-de-bruce-willis-a-t-elle-change-sa-vie\/","og_site_name":"Flashmode Magazine | Magazine de mode et style de vie Num\u00e9ro un en Tunisie et au Maghreb","article_publisher":"https:\/\/www.facebook.com\/flashmode.magazine\/","article_published_time":"2024-03-12T01:58:29+00:00","article_modified_time":"2024-04-04T08:52:45+00:00","og_image":[{"width":1640,"height":924,"url":"https:\/\/flashmode.tn\/magazine\/wp-content\/uploads\/2024\/03\/Qui-est-Evelyn-Penn-Willis-et-comment-laphasie-de-Bruce-Willis-a-t-elle-change-sa-vie-.png","type":"image\/png"}],"author":"The Daileigh","twitter_card":"summary_large_image","twitter_creator":"@agenceflashmode","twitter_site":"@agenceflashmode","twitter_misc":{"\u00c9crit par":"The Daileigh","Dur\u00e9e de lecture estim\u00e9e":"4 minutes"},"schema":{"@context":"https:\/\/schema.org","@graph":[{"@type":"WebPage","@id":"https:\/\/flashmode.tn\/magazine\/qui-est-evelyn-penn-willis-et-comment-laphasie-de-bruce-willis-a-t-elle-change-sa-vie\/","url":"https:\/\/flashmode.tn\/magazine\/qui-est-evelyn-penn-willis-et-comment-laphasie-de-bruce-willis-a-t-elle-change-sa-vie\/","name":"Qui est Evelyn Penn Willis et comment l'aphasie de Bruce Willis a-t-elle chang\u00e9 sa vie ? - Flashmode Magazine | Magazine de mode et style de vie Num\u00e9ro un en Tunisie et au Maghreb","isPartOf":{"@id":"https:\/\/flashmode.tn\/magazine\/#website"},"primaryImageOfPage":{"@id":"https:\/\/flashmode.tn\/magazine\/qui-est-evelyn-penn-willis-et-comment-laphasie-de-bruce-willis-a-t-elle-change-sa-vie\/#primaryimage"},"image":{"@id":"https:\/\/flashmode.tn\/magazine\/qui-est-evelyn-penn-willis-et-comment-laphasie-de-bruce-willis-a-t-elle-change-sa-vie\/#primaryimage"},"thumbnailUrl":"https:\/\/i0.wp.com\/flashmode.tn\/magazine\/wp-content\/uploads\/2024\/03\/Qui-est-Evelyn-Penn-Willis-et-comment-laphasie-de-Bruce-Willis-a-t-elle-change-sa-vie-.png?fit=1640%2C924&ssl=1","datePublished":"2024-03-12T01:58:29+00:00","dateModified":"2024-04-04T08:52:45+00:00","author":{"@id":"https:\/\/flashmode.tn\/magazine\/#\/schema\/person\/79940f8af94166a445dd5bd6b3137682"},"description":"Bienvenue sur notre blog consacr\u00e9 \u00e0 la vie fascinante des c\u00e9l\u00e9brit\u00e9s ! Aujourd'hui, nous allons plonger dans l'univers d'Evelyn Penn Willis et d\u00e9couvrir","breadcrumb":{"@id":"https:\/\/flashmode.tn\/magazine\/qui-est-evelyn-penn-willis-et-comment-laphasie-de-bruce-willis-a-t-elle-change-sa-vie\/#breadcrumb"},"inLanguage":"fr-FR","potentialAction":[{"@type":"ReadAction","target":["https:\/\/flashmode.tn\/magazine\/qui-est-evelyn-penn-willis-et-comment-laphasie-de-bruce-willis-a-t-elle-change-sa-vie\/"]}]},{"@type":"ImageObject","inLanguage":"fr-FR","@id":"https:\/\/flashmode.tn\/magazine\/qui-est-evelyn-penn-willis-et-comment-laphasie-de-bruce-willis-a-t-elle-change-sa-vie\/#primaryimage","url":"https:\/\/i0.wp.com\/flashmode.tn\/magazine\/wp-content\/uploads\/2024\/03\/Qui-est-Evelyn-Penn-Willis-et-comment-laphasie-de-Bruce-Willis-a-t-elle-change-sa-vie-.png?fit=1640%2C924&ssl=1","contentUrl":"https:\/\/i0.wp.com\/flashmode.tn\/magazine\/wp-content\/uploads\/2024\/03\/Qui-est-Evelyn-Penn-Willis-et-comment-laphasie-de-Bruce-Willis-a-t-elle-change-sa-vie-.png?fit=1640%2C924&ssl=1","width":1640,"height":924,"caption":"Qui est Evelyn Penn Willis et comment l'aphasie de Bruce Willis a-t-elle chang\u00e9 sa vie ?"},{"@type":"BreadcrumbList","@id":"https:\/\/flashmode.tn\/magazine\/qui-est-evelyn-penn-willis-et-comment-laphasie-de-bruce-willis-a-t-elle-change-sa-vie\/#breadcrumb","itemListElement":[{"@type":"ListItem","position":1,"name":"Accueil","item":"https:\/\/flashmode.tn\/magazine\/"},{"@type":"ListItem","position":2,"name":"Qui est Evelyn Penn Willis et comment l&rsquo;aphasie de Bruce Willis a-t-elle chang\u00e9 sa vie ?"}]},{"@type":"WebSite","@id":"https:\/\/flashmode.tn\/magazine\/#website","url":"https:\/\/flashmode.tn\/magazine\/","name":"Flashmode Magazine | Magazine de mode et style de vie Num\u00e9ro un en Tunisie et au Maghreb","description":"Magazine de mode et style de vie Num\u00e9ro un en Tunisie et au Maghreb, cr\u00e9\u00e9 pour les hommes et les femmes : conseils beaut\u00e9, mode femme, mode homme, recettes de cuisine, c\u00e9l\u00e9brit\u00e9s et people, mannequins et top modeles","potentialAction":[{"@type":"SearchAction","target":{"@type":"EntryPoint","urlTemplate":"https:\/\/flashmode.tn\/magazine\/?s={search_term_string}"},"query-input":{"@type":"PropertyValueSpecification","valueRequired":true,"valueName":"search_term_string"}}],"inLanguage":"fr-FR"},{"@type":"Person","@id":"https:\/\/flashmode.tn\/magazine\/#\/schema\/person\/79940f8af94166a445dd5bd6b3137682","name":"The Daileigh","image":{"@type":"ImageObject","inLanguage":"fr-FR","@id":"https:\/\/flashmode.tn\/magazine\/#\/schema\/person\/image\/","url":"https:\/\/secure.gravatar.com\/avatar\/30d4d60865d61de3434abd01cb8b4ec5e5b5eb5a274017461832a54857b1770d?s=96&d=mm&r=g","contentUrl":"https:\/\/secure.gravatar.com\/avatar\/30d4d60865d61de3434abd01cb8b4ec5e5b5eb5a274017461832a54857b1770d?s=96&d=mm&r=g","caption":"The Daileigh"},"url":"https:\/\/flashmode.tn\/magazine\/author\/the-daileigh\/"}]}},"jetpack_publicize_connections":[],"jetpack_featured_media_url":"https:\/\/i0.wp.com\/flashmode.tn\/magazine\/wp-content\/uploads\/2024\/03\/Qui-est-Evelyn-Penn-Willis-et-comment-laphasie-de-Bruce-Willis-a-t-elle-change-sa-vie-.png?fit=1640%2C924&ssl=1","jetpack_shortlink":"https:\/\/wp.me\/p8BPGr-rnC","jetpack_sharing_enabled":true,"_links":{"self":[{"href":"https:\/\/flashmode.tn\/magazine\/wp-json\/wp\/v2\/posts\/105252","targetHints":{"allow":["GET"]}}],"collection":[{"href":"https:\/\/flashmode.tn\/magazine\/wp-json\/wp\/v2\/posts"}],"about":[{"href":"https:\/\/flashmode.tn\/magazine\/wp-json\/wp\/v2\/types\/post"}],"author":[{"embeddable":true,"href":"https:\/\/flashmode.tn\/magazine\/wp-json\/wp\/v2\/users\/8"}],"replies":[{"embeddable":true,"href":"https:\/\/flashmode.tn\/magazine\/wp-json\/wp\/v2\/comments?post=105252"}],"version-history":[{"count":2,"href":"https:\/\/flashmode.tn\/magazine\/wp-json\/wp\/v2\/posts\/105252\/revisions"}],"predecessor-version":[{"id":161458,"href":"https:\/\/flashmode.tn\/magazine\/wp-json\/wp\/v2\/posts\/105252\/revisions\/161458"}],"wp:featuredmedia":[{"embeddable":true,"href":"https:\/\/flashmode.tn\/magazine\/wp-json\/wp\/v2\/media\/161457"}],"wp:attachment":[{"href":"https:\/\/flashmode.tn\/magazine\/wp-json\/wp\/v2\/media?parent=105252"}],"wp:term":[{"taxonomy":"category","embeddable":true,"href":"https:\/\/flashmode.tn\/magazine\/wp-json\/wp\/v2\/categories?post=105252"},{"taxonomy":"post_tag","embeddable":true,"href":"https:\/\/flashmode.tn\/magazine\/wp-json\/wp\/v2\/tags?post=105252"}],"curies":[{"name":"wp","href":"https:\/\/api.w.org\/{rel}","templated":true}]}}