{"id":105255,"date":"2024-03-12T02:58:33","date_gmt":"2024-03-12T01:58:33","guid":{"rendered":"https:\/\/flashmode.tn\/magazine\/sebastien-auziere-qui-est-il-vraiment-decouvrez-son-parcours-et-sa-relation-avec-brigitte-macron\/"},"modified":"2024-04-04T11:06:41","modified_gmt":"2024-04-04T09:06:41","slug":"sebastien-auziere-qui-est-il-vraiment-decouvrez-son-parcours-et-sa-relation-avec-brigitte-macron","status":"publish","type":"post","link":"https:\/\/flashmode.tn\/magazine\/sebastien-auziere-qui-est-il-vraiment-decouvrez-son-parcours-et-sa-relation-avec-brigitte-macron\/","title":{"rendered":"S\u00e9bastien Auzi\u00e8re : Qui est-il vraiment ? D\u00e9couvrez son parcours et sa relation avec Brigitte Macron"},"content":{"rendered":"\n<p>Vous \u00eates-vous d\u00e9j\u00e0 demand\u00e9 qui \u00e9tait cet \u00e9nigmatique S\u00e9bastien Auzi\u00e8re ? Eh bien, ne cherchez plus ! Dans cet article captivant, nous allons explorer la diversit\u00e9 linguistique en France avec un focus particulier sur l&rsquo;arabe dialectal. Mais ce n&rsquo;est pas tout ! Nous allons \u00e9galement discuter de la place des langues r\u00e9gionales et minoritaires dans notre beau pays. Et pour pimenter le tout, nous aborderons m\u00eame la question de la retraite de Brigitte Macron. Attachez vos ceintures, car cette lecture promet d&rsquo;\u00eatre aussi enrichissante que divertissante !<\/p>\n\n\n\n<div id=\"ez-toc-container\" class=\"ez-toc-v2_0_81 counter-hierarchy ez-toc-counter ez-toc-grey ez-toc-container-direction\">\n<div class=\"ez-toc-title-container\">\n<p class=\"ez-toc-title\" style=\"cursor:inherit\">Contenus de la page<\/p>\n<span class=\"ez-toc-title-toggle\"><a href=\"#\" class=\"ez-toc-pull-right ez-toc-btn ez-toc-btn-xs ez-toc-btn-default ez-toc-toggle\" aria-label=\"Toggle Table of Content\"><span class=\"ez-toc-js-icon-con\"><span class=\"\"><span class=\"eztoc-hide\" style=\"display:none;\">Toggle<\/span><span class=\"ez-toc-icon-toggle-span\"><svg style=\"fill: #999;color:#999\" xmlns=\"http:\/\/www.w3.org\/2000\/svg\" class=\"list-377408\" width=\"20px\" height=\"20px\" viewBox=\"0 0 24 24\" fill=\"none\"><path d=\"M6 6H4v2h2V6zm14 0H8v2h12V6zM4 11h2v2H4v-2zm16 0H8v2h12v-2zM4 16h2v2H4v-2zm16 0H8v2h12v-2z\" fill=\"currentColor\"><\/path><\/svg><svg style=\"fill: #999;color:#999\" class=\"arrow-unsorted-368013\" xmlns=\"http:\/\/www.w3.org\/2000\/svg\" width=\"10px\" height=\"10px\" viewBox=\"0 0 24 24\" version=\"1.2\" baseProfile=\"tiny\"><path d=\"M18.2 9.3l-6.2-6.3-6.2 6.3c-.2.2-.3.4-.3.7s.1.5.3.7c.2.2.4.3.7.3h11c.3 0 .5-.1.7-.3.2-.2.3-.5.3-.7s-.1-.5-.3-.7zM5.8 14.7l6.2 6.3 6.2-6.3c.2-.2.3-.5.3-.7s-.1-.5-.3-.7c-.2-.2-.4-.3-.7-.3h-11c-.3 0-.5.1-.7.3-.2.2-.3.5-.3.7s.1.5.3.7z\"\/><\/svg><\/span><\/span><\/span><\/a><\/span><\/div>\n<nav><ul class='ez-toc-list ez-toc-list-level-1 ' ><li class='ez-toc-page-1 ez-toc-heading-level-2'><a class=\"ez-toc-link ez-toc-heading-1\" href=\"https:\/\/flashmode.tn\/magazine\/sebastien-auziere-qui-est-il-vraiment-decouvrez-son-parcours-et-sa-relation-avec-brigitte-macron\/#La_diversite_linguistique_en_France_focus_sur_larabe_dialectal\" >La diversit\u00e9 linguistique en France : focus sur l&rsquo;arabe dialectal<\/a><ul class='ez-toc-list-level-3' ><li class='ez-toc-heading-level-3'><a class=\"ez-toc-link ez-toc-heading-2\" href=\"https:\/\/flashmode.tn\/magazine\/sebastien-auziere-qui-est-il-vraiment-decouvrez-son-parcours-et-sa-relation-avec-brigitte-macron\/#Larabe_dialectal_une_presence_significative_en_France\" >L&rsquo;arabe dialectal : une pr\u00e9sence significative en France<\/a><\/li><\/ul><\/li><li class='ez-toc-page-1 ez-toc-heading-level-2'><a class=\"ez-toc-link ez-toc-heading-3\" href=\"https:\/\/flashmode.tn\/magazine\/sebastien-auziere-qui-est-il-vraiment-decouvrez-son-parcours-et-sa-relation-avec-brigitte-macron\/#La_place_des_langues_regionales_et_minoritaires_en_France\" >La place des langues r\u00e9gionales et minoritaires en France<\/a><ul class='ez-toc-list-level-3' ><li class='ez-toc-heading-level-3'><a class=\"ez-toc-link ez-toc-heading-4\" href=\"https:\/\/flashmode.tn\/magazine\/sebastien-auziere-qui-est-il-vraiment-decouvrez-son-parcours-et-sa-relation-avec-brigitte-macron\/#Un_patrimoine_linguistique_riche_mais_moins_parle\" >Un patrimoine linguistique riche mais moins parl\u00e9<\/a><\/li><\/ul><\/li><li class='ez-toc-page-1 ez-toc-heading-level-2'><a class=\"ez-toc-link ez-toc-heading-5\" href=\"https:\/\/flashmode.tn\/magazine\/sebastien-auziere-qui-est-il-vraiment-decouvrez-son-parcours-et-sa-relation-avec-brigitte-macron\/#Brigitte_Macron_et_la_question_de_la_retraite\" >Brigitte Macron et la question de la retraite<\/a><ul class='ez-toc-list-level-3' ><li class='ez-toc-heading-level-3'><a class=\"ez-toc-link ez-toc-heading-6\" href=\"https:\/\/flashmode.tn\/magazine\/sebastien-auziere-qui-est-il-vraiment-decouvrez-son-parcours-et-sa-relation-avec-brigitte-macron\/#Une_Premiere_dame_prete_a_tout_pour_son_epoux\" >Une Premi\u00e8re dame pr\u00eate \u00e0 tout pour son \u00e9poux<\/a><\/li><li class='ez-toc-page-1 ez-toc-heading-level-3'><a class=\"ez-toc-link ez-toc-heading-7\" href=\"https:\/\/flashmode.tn\/magazine\/sebastien-auziere-qui-est-il-vraiment-decouvrez-son-parcours-et-sa-relation-avec-brigitte-macron\/#La_retraite_de_Brigitte_Macron_un_sujet_de_curiosite\" >La retraite de Brigitte Macron, un sujet de curiosit\u00e9<\/a><\/li><\/ul><\/li><li class='ez-toc-page-1 ez-toc-heading-level-2'><a class=\"ez-toc-link ez-toc-heading-8\" href=\"https:\/\/flashmode.tn\/magazine\/sebastien-auziere-qui-est-il-vraiment-decouvrez-son-parcours-et-sa-relation-avec-brigitte-macron\/#Conclusion\" >Conclusion<\/a><\/li><\/ul><\/nav><\/div>\n<h2 class=\"wp-block-heading\" id=\"h-la-diversite-linguistique-en-france-focus-sur-l-arabe-dialectal\"><span class=\"ez-toc-section\" id=\"La_diversite_linguistique_en_France_focus_sur_larabe_dialectal\"><\/span>La diversit\u00e9 linguistique en France : focus sur l&rsquo;arabe dialectal<span class=\"ez-toc-section-end\"><\/span><\/h2>\n\n\n\n<p>La France est souvent c\u00e9l\u00e9br\u00e9e pour sa riche tapestry culturelle, qui se refl\u00e8te notamment dans la diversit\u00e9 de ses langues. Une langue en particulier m\u00e9rite notre attention en raison de son importante pr\u00e9sence en France : l&rsquo;arabe dialectal. Avec <strong>trois \u00e0 quatre millions de locuteurs<\/strong>, cette langue se positionne en deuxi\u00e8me place, tout juste apr\u00e8s le fran\u00e7ais, dans le palmar\u00e8s des langues les plus parl\u00e9es dans l&rsquo;Hexagone.<\/p>\n\n\n\n<h3 class=\"wp-block-heading\" id=\"h-l-arabe-dialectal-une-presence-significative-en-france\"><span class=\"ez-toc-section\" id=\"Larabe_dialectal_une_presence_significative_en_France\"><\/span>L&rsquo;arabe dialectal : une pr\u00e9sence significative en France<span class=\"ez-toc-section-end\"><\/span><\/h3>\n\n\n\n<p>Contrairement \u00e0 ce que certains pourraient penser, l&rsquo;arabe dialectal n&rsquo;est pas une langue unifi\u00e9e. C&rsquo;est un ensemble de vari\u00e9t\u00e9s linguistiques utilis\u00e9es dans la vie quotidienne par les populations du monde arabe et de leurs diasporas. En France, cette langue occupe une place pr\u00e9pond\u00e9rante, bien devant d&rsquo;autres langues r\u00e9gionales ou minoritaires telles que les cr\u00e9oles, le berb\u00e8re, l&rsquo;alsacien, l&rsquo;occitan, le breton, les langues d&rsquo;o\u00efl, le francique, le corse et le basque.<\/p>\n\n\n\n<h2 class=\"wp-block-heading\" id=\"h-la-place-des-langues-regionales-et-minoritaires-en-france\"><span class=\"ez-toc-section\" id=\"La_place_des_langues_regionales_et_minoritaires_en_France\"><\/span>La place des langues r\u00e9gionales et minoritaires en France<span class=\"ez-toc-section-end\"><\/span><\/h2>\n\n\n\n<p>La pr\u00e9sence de l&rsquo;arabe dialectal en tant que deuxi\u00e8me langue la plus parl\u00e9e en France fait \u00e9cho \u00e0 une r\u00e9alit\u00e9 d\u00e9mographique et historique. Elle t\u00e9moigne des vagues de migration et de la diversit\u00e9 culturelle de la France. Mais qu&rsquo;en est-il des autres langues mentionn\u00e9es ?<\/p>\n\n\n\n<h3 class=\"wp-block-heading\" id=\"h-un-patrimoine-linguistique-riche-mais-moins-parle\"><span class=\"ez-toc-section\" id=\"Un_patrimoine_linguistique_riche_mais_moins_parle\"><\/span>Un patrimoine linguistique riche mais moins parl\u00e9<span class=\"ez-toc-section-end\"><\/span><\/h3>\n\n\n\n<p>Les cr\u00e9oles, le berb\u00e8re, l&rsquo;alsacien, l&rsquo;occitan, le breton, les langues d&rsquo;o\u00efl, le francique, le corse et le basque forment le tissu des langues r\u00e9gionales et minoritaires de France. Chacune d&rsquo;elles repr\u00e9sente une culture, une histoire et une identit\u00e9 propres. Malheureusement, elles sont moins parl\u00e9es que l&rsquo;arabe dialectal, souvent en raison d&rsquo;une transmission interg\u00e9n\u00e9rationnelle affaiblie ou de politiques linguistiques qui ont favoris\u00e9 le fran\u00e7ais comme langue unique d&rsquo;int\u00e9gration nationale.<\/p>\n\n\n\n<h2 class=\"wp-block-heading\" id=\"h-brigitte-macron-et-la-question-de-la-retraite\"><span class=\"ez-toc-section\" id=\"Brigitte_Macron_et_la_question_de_la_retraite\"><\/span>Brigitte Macron et la question de la retraite<span class=\"ez-toc-section-end\"><\/span><\/h2>\n\n\n\n<p>En parall\u00e8le \u00e0 la discussion sur le multiculturalisme en France, un autre sujet attire l&rsquo;attention du public : la situation de Brigitte Macron. Comme beaucoup de Fran\u00e7ais, elle a \u00e9t\u00e9 confront\u00e9e \u00e0 la question de la retraite. Cependant, son cas est particulier du fait de son statut de Premi\u00e8re dame.<\/p>\n\n\n\n<h3 class=\"wp-block-heading\" id=\"h-une-premiere-dame-prete-a-tout-pour-son-epoux\"><span class=\"ez-toc-section\" id=\"Une_Premiere_dame_prete_a_tout_pour_son_epoux\"><\/span>Une Premi\u00e8re dame pr\u00eate \u00e0 tout pour son \u00e9poux<span class=\"ez-toc-section-end\"><\/span><\/h3>\n\n\n\n<p>Brigitte Macron, \u00e9pouse du pr\u00e9sident Emmanuel Macron, a toujours affich\u00e9 un soutien in\u00e9branlable pour son mari. Comme rapport\u00e9 par les journalistes Ava Djamshidi et Nathalie Schuck, lors d&rsquo;un meeting, elle avait d\u00e9clar\u00e9 :<\/p>\n\n\n\n<blockquote class=\"wp-block-quote is-layout-flow wp-block-quote-is-layout-flow\">\n<p>\u00ab\u00a0Moi, j&rsquo;ai toujours \u00e9t\u00e9 pr\u00eate \u00e0 tout. \u00c7a fait vingt ans que je suis pr\u00eate \u00e0 tout avec lui\u00a0\u00bb.<\/p>\n<\/blockquote>\n\n\n\n<p>Cette d\u00e9claration illustre sa d\u00e9termination et son engagement, m\u00eame face aux d\u00e9fis du passage \u00e0 la retraite.<\/p>\n\n\n\n<h3 class=\"wp-block-heading\" id=\"h-la-retraite-de-brigitte-macron-un-sujet-de-curiosite\"><span class=\"ez-toc-section\" id=\"La_retraite_de_Brigitte_Macron_un_sujet_de_curiosite\"><\/span>La retraite de Brigitte Macron, un sujet de curiosit\u00e9<span class=\"ez-toc-section-end\"><\/span><\/h3>\n\n\n\n<p>La question de savoir si Brigitte Macron touche sa retraite intrigue de nombreux Fran\u00e7ais. En tant que Premi\u00e8re dame, elle n&rsquo;a pas de statut officiel ni de r\u00e9mun\u00e9ration propre \u00e0 ce r\u00f4le. Selon la loi, elle pourrait pr\u00e9tendre \u00e0 une retraite \u00e0 l&rsquo;\u00e2ge de 62 ans. Toutefois, son engagement aux c\u00f4t\u00e9s de son \u00e9poux et son implication dans la vie publique sugg\u00e8rent qu&rsquo;elle est loin d&#8217;embrasser une retraite traditionnelle.<\/p>\n\n\n\n<h2 class=\"wp-block-heading\" id=\"h-conclusion\"><span class=\"ez-toc-section\" id=\"Conclusion\"><\/span>Conclusion<span class=\"ez-toc-section-end\"><\/span><\/h2>\n\n\n\n<p>La France, avec sa diversit\u00e9 linguistique et culturelle, reste un pays o\u00f9 le dialogue entre les diff\u00e9rentes communaut\u00e9s est essentiel. L&rsquo;arabe dialectal, en tant que deuxi\u00e8me langue la plus parl\u00e9e, joue un r\u00f4le important dans ce dialogue. Parall\u00e8lement, les figures publiques telles que Brigitte Macron, confront\u00e9es \u00e0 des choix personnels comme la retraite, continuent d&rsquo;inspirer par leur d\u00e9vouement et leur capacit\u00e9 \u00e0 s&rsquo;adapter aux changements. Ces deux sujets, bien que distincts, illustrent la dynamique sociale et personnelle qui fa\u00e7onne la soci\u00e9t\u00e9 fran\u00e7aise contemporaine.<\/p>\n\n\n\n<hr class=\"wp-block-separator has-alpha-channel-opacity\"\/>\n\n\n\n<p><strong>Quand est mort Andr\u00e9-Louis Auzi\u00e8re ?<\/strong><br>Andr\u00e9-Louis Auzi\u00e8re est d\u00e9c\u00e9d\u00e9 en d\u00e9cembre dernier, \u00e0 l&rsquo;\u00e2ge de 68 ans.<\/p>\n\n\n\n<p><strong>Quelle \u00e9tait la profession du premier mari de Brigitte Macron ?<\/strong><br>Andr\u00e9-Louis Auzi\u00e8re \u00e9tait banquier.<\/p>\n\n\n\n<p><strong>Quel \u00e2ge avait Andr\u00e9-Louis Auzi\u00e8re ?<\/strong><br>Andr\u00e9-Louis Auzi\u00e8re est n\u00e9 en 1951, ce qui fait qu&rsquo;il avait 68 ans au moment de son d\u00e9c\u00e8s.<\/p>\n\n\n\n<p><strong>Qui \u00e9tait Andr\u00e9-Louis Auzi\u00e8re ?<\/strong><br>Andr\u00e9-Louis Auzi\u00e8re \u00e9tait le premier mari de Brigitte Macron et \u00e9tait m\u00e9connu du grand public. Il est n\u00e9 au Cameroun o\u00f9 son p\u00e8re travaillait comme commissaire aux comptes.<\/p>\n","protected":false},"excerpt":{"rendered":"<p>Vous \u00eates-vous d\u00e9j\u00e0 demand\u00e9 qui \u00e9tait cet \u00e9nigmatique S\u00e9bastien Auzi\u00e8re ? Eh bien, ne cherchez plus ! Dans cet article captivant, nous allons explorer la diversit\u00e9 linguistique en France avec un focus particulier sur l&rsquo;arabe dialectal. Mais ce n&rsquo;est pas tout ! Nous allons \u00e9galement discuter de la place des langues r\u00e9gionales et minoritaires dans [&hellip;]<\/p>\n","protected":false},"author":8,"featured_media":161466,"comment_status":"open","ping_status":"open","sticky":false,"template":"","format":"standard","meta":{"tdm_status":"","tdm_grid_status":"","_jetpack_memberships_contains_paid_content":false,"footnotes":"","jetpack_publicize_message":"","jetpack_publicize_feature_enabled":true,"jetpack_social_post_already_shared":false,"jetpack_social_options":{"image_generator_settings":{"template":"highway","default_image_id":0,"font":"","enabled":false},"version":2}},"categories":[78],"tags":[],"class_list":["post-105255","post","type-post","status-publish","format-standard","has-post-thumbnail","hentry","category-culture"],"yoast_head":"<!-- This site is optimized with the Yoast SEO Premium plugin v25.0 (Yoast SEO v25.0) - https:\/\/yoast.com\/wordpress\/plugins\/seo\/ -->\n<title>S\u00e9bastien Auzi\u00e8re : Qui est-il vraiment ? D\u00e9couvrez son parcours et sa relation avec Brigitte Macron - Flashmode Magazine | Magazine de mode et style de vie Num\u00e9ro un en Tunisie et au Maghreb<\/title>\n<meta name=\"description\" content=\"Vous \u00eates-vous d\u00e9j\u00e0 demand\u00e9 qui \u00e9tait cet \u00e9nigmatique S\u00e9bastien Auzi\u00e8re ? Eh bien, ne cherchez plus ! Dans cet article captivant, nous allons explorer la\" \/>\n<meta name=\"robots\" content=\"index, follow, max-snippet:-1, max-image-preview:large, max-video-preview:-1\" \/>\n<link rel=\"canonical\" href=\"https:\/\/flashmode.tn\/magazine\/sebastien-auziere-qui-est-il-vraiment-decouvrez-son-parcours-et-sa-relation-avec-brigitte-macron\/\" \/>\n<meta property=\"og:locale\" content=\"fr_FR\" \/>\n<meta property=\"og:type\" content=\"article\" \/>\n<meta property=\"og:title\" content=\"S\u00e9bastien Auzi\u00e8re : Qui est-il vraiment ? D\u00e9couvrez son parcours et sa relation avec Brigitte Macron - Flashmode Magazine | Magazine de mode et style de vie Num\u00e9ro un en Tunisie et au Maghreb\" \/>\n<meta property=\"og:description\" content=\"Vous \u00eates-vous d\u00e9j\u00e0 demand\u00e9 qui \u00e9tait cet \u00e9nigmatique S\u00e9bastien Auzi\u00e8re ? Eh bien, ne cherchez plus ! Dans cet article captivant, nous allons explorer la\" \/>\n<meta property=\"og:url\" content=\"https:\/\/flashmode.tn\/magazine\/sebastien-auziere-qui-est-il-vraiment-decouvrez-son-parcours-et-sa-relation-avec-brigitte-macron\/\" \/>\n<meta property=\"og:site_name\" content=\"Flashmode Magazine | Magazine de mode et style de vie Num\u00e9ro un en Tunisie et au Maghreb\" \/>\n<meta property=\"article:publisher\" content=\"https:\/\/www.facebook.com\/flashmode.magazine\/\" \/>\n<meta property=\"article:published_time\" content=\"2024-03-12T01:58:33+00:00\" \/>\n<meta property=\"article:modified_time\" content=\"2024-04-04T09:06:41+00:00\" \/>\n<meta property=\"og:image\" content=\"https:\/\/flashmode.tn\/magazine\/wp-content\/uploads\/2024\/03\/Sebastien-Auziere-Qui-est-il-vraiment-Decouvrez-son-parcours-et-sa-relation-avec-Brigitte-Macron.png\" \/>\n\t<meta property=\"og:image:width\" content=\"1640\" \/>\n\t<meta property=\"og:image:height\" content=\"924\" \/>\n\t<meta property=\"og:image:type\" content=\"image\/png\" \/>\n<meta name=\"author\" content=\"The Daileigh\" \/>\n<meta name=\"twitter:card\" content=\"summary_large_image\" \/>\n<meta name=\"twitter:creator\" content=\"@agenceflashmode\" \/>\n<meta name=\"twitter:site\" content=\"@agenceflashmode\" \/>\n<meta name=\"twitter:label1\" content=\"\u00c9crit par\" \/>\n\t<meta name=\"twitter:data1\" content=\"The Daileigh\" \/>\n\t<meta name=\"twitter:label2\" content=\"Dur\u00e9e de lecture estim\u00e9e\" \/>\n\t<meta name=\"twitter:data2\" content=\"4 minutes\" \/>\n<script type=\"application\/ld+json\" class=\"yoast-schema-graph\">{\"@context\":\"https:\/\/schema.org\",\"@graph\":[{\"@type\":\"WebPage\",\"@id\":\"https:\/\/flashmode.tn\/magazine\/sebastien-auziere-qui-est-il-vraiment-decouvrez-son-parcours-et-sa-relation-avec-brigitte-macron\/\",\"url\":\"https:\/\/flashmode.tn\/magazine\/sebastien-auziere-qui-est-il-vraiment-decouvrez-son-parcours-et-sa-relation-avec-brigitte-macron\/\",\"name\":\"S\u00e9bastien Auzi\u00e8re : Qui est-il vraiment ? D\u00e9couvrez son parcours et sa relation avec Brigitte Macron - Flashmode Magazine | Magazine de mode et style de vie Num\u00e9ro un en Tunisie et au Maghreb\",\"isPartOf\":{\"@id\":\"https:\/\/flashmode.tn\/magazine\/#website\"},\"primaryImageOfPage\":{\"@id\":\"https:\/\/flashmode.tn\/magazine\/sebastien-auziere-qui-est-il-vraiment-decouvrez-son-parcours-et-sa-relation-avec-brigitte-macron\/#primaryimage\"},\"image\":{\"@id\":\"https:\/\/flashmode.tn\/magazine\/sebastien-auziere-qui-est-il-vraiment-decouvrez-son-parcours-et-sa-relation-avec-brigitte-macron\/#primaryimage\"},\"thumbnailUrl\":\"https:\/\/i0.wp.com\/flashmode.tn\/magazine\/wp-content\/uploads\/2024\/03\/Sebastien-Auziere-Qui-est-il-vraiment-Decouvrez-son-parcours-et-sa-relation-avec-Brigitte-Macron.png?fit=1640%2C924&ssl=1\",\"datePublished\":\"2024-03-12T01:58:33+00:00\",\"dateModified\":\"2024-04-04T09:06:41+00:00\",\"author\":{\"@id\":\"https:\/\/flashmode.tn\/magazine\/#\/schema\/person\/79940f8af94166a445dd5bd6b3137682\"},\"description\":\"Vous \u00eates-vous d\u00e9j\u00e0 demand\u00e9 qui \u00e9tait cet \u00e9nigmatique S\u00e9bastien Auzi\u00e8re ? Eh bien, ne cherchez plus ! Dans cet article captivant, nous allons explorer la\",\"breadcrumb\":{\"@id\":\"https:\/\/flashmode.tn\/magazine\/sebastien-auziere-qui-est-il-vraiment-decouvrez-son-parcours-et-sa-relation-avec-brigitte-macron\/#breadcrumb\"},\"inLanguage\":\"fr-FR\",\"potentialAction\":[{\"@type\":\"ReadAction\",\"target\":[\"https:\/\/flashmode.tn\/magazine\/sebastien-auziere-qui-est-il-vraiment-decouvrez-son-parcours-et-sa-relation-avec-brigitte-macron\/\"]}]},{\"@type\":\"ImageObject\",\"inLanguage\":\"fr-FR\",\"@id\":\"https:\/\/flashmode.tn\/magazine\/sebastien-auziere-qui-est-il-vraiment-decouvrez-son-parcours-et-sa-relation-avec-brigitte-macron\/#primaryimage\",\"url\":\"https:\/\/i0.wp.com\/flashmode.tn\/magazine\/wp-content\/uploads\/2024\/03\/Sebastien-Auziere-Qui-est-il-vraiment-Decouvrez-son-parcours-et-sa-relation-avec-Brigitte-Macron.png?fit=1640%2C924&ssl=1\",\"contentUrl\":\"https:\/\/i0.wp.com\/flashmode.tn\/magazine\/wp-content\/uploads\/2024\/03\/Sebastien-Auziere-Qui-est-il-vraiment-Decouvrez-son-parcours-et-sa-relation-avec-Brigitte-Macron.png?fit=1640%2C924&ssl=1\",\"width\":1640,\"height\":924,\"caption\":\"S\u00e9bastien Auzi\u00e8re : Qui est-il vraiment ? D\u00e9couvrez son parcours et sa relation avec Brigitte Macron\"},{\"@type\":\"BreadcrumbList\",\"@id\":\"https:\/\/flashmode.tn\/magazine\/sebastien-auziere-qui-est-il-vraiment-decouvrez-son-parcours-et-sa-relation-avec-brigitte-macron\/#breadcrumb\",\"itemListElement\":[{\"@type\":\"ListItem\",\"position\":1,\"name\":\"Accueil\",\"item\":\"https:\/\/flashmode.tn\/magazine\/\"},{\"@type\":\"ListItem\",\"position\":2,\"name\":\"S\u00e9bastien Auzi\u00e8re : Qui est-il vraiment ? D\u00e9couvrez son parcours et sa relation avec Brigitte Macron\"}]},{\"@type\":\"WebSite\",\"@id\":\"https:\/\/flashmode.tn\/magazine\/#website\",\"url\":\"https:\/\/flashmode.tn\/magazine\/\",\"name\":\"Flashmode Magazine | Magazine de mode et style de vie Num\u00e9ro un en Tunisie et au Maghreb\",\"description\":\"Magazine de mode et style de vie Num\u00e9ro un en Tunisie et au Maghreb, cr\u00e9\u00e9 pour les hommes et les femmes : conseils beaut\u00e9, mode femme, mode homme, recettes de cuisine, c\u00e9l\u00e9brit\u00e9s et people, mannequins et top modeles\",\"potentialAction\":[{\"@type\":\"SearchAction\",\"target\":{\"@type\":\"EntryPoint\",\"urlTemplate\":\"https:\/\/flashmode.tn\/magazine\/?s={search_term_string}\"},\"query-input\":{\"@type\":\"PropertyValueSpecification\",\"valueRequired\":true,\"valueName\":\"search_term_string\"}}],\"inLanguage\":\"fr-FR\"},{\"@type\":\"Person\",\"@id\":\"https:\/\/flashmode.tn\/magazine\/#\/schema\/person\/79940f8af94166a445dd5bd6b3137682\",\"name\":\"The Daileigh\",\"image\":{\"@type\":\"ImageObject\",\"inLanguage\":\"fr-FR\",\"@id\":\"https:\/\/flashmode.tn\/magazine\/#\/schema\/person\/image\/\",\"url\":\"https:\/\/secure.gravatar.com\/avatar\/30d4d60865d61de3434abd01cb8b4ec5e5b5eb5a274017461832a54857b1770d?s=96&d=mm&r=g\",\"contentUrl\":\"https:\/\/secure.gravatar.com\/avatar\/30d4d60865d61de3434abd01cb8b4ec5e5b5eb5a274017461832a54857b1770d?s=96&d=mm&r=g\",\"caption\":\"The Daileigh\"},\"url\":\"https:\/\/flashmode.tn\/magazine\/author\/the-daileigh\/\"}]}<\/script>\n<!-- \/ Yoast SEO Premium plugin. -->","yoast_head_json":{"title":"S\u00e9bastien Auzi\u00e8re : Qui est-il vraiment ? D\u00e9couvrez son parcours et sa relation avec Brigitte Macron - Flashmode Magazine | Magazine de mode et style de vie Num\u00e9ro un en Tunisie et au Maghreb","description":"Vous \u00eates-vous d\u00e9j\u00e0 demand\u00e9 qui \u00e9tait cet \u00e9nigmatique S\u00e9bastien Auzi\u00e8re ? Eh bien, ne cherchez plus ! Dans cet article captivant, nous allons explorer la","robots":{"index":"index","follow":"follow","max-snippet":"max-snippet:-1","max-image-preview":"max-image-preview:large","max-video-preview":"max-video-preview:-1"},"canonical":"https:\/\/flashmode.tn\/magazine\/sebastien-auziere-qui-est-il-vraiment-decouvrez-son-parcours-et-sa-relation-avec-brigitte-macron\/","og_locale":"fr_FR","og_type":"article","og_title":"S\u00e9bastien Auzi\u00e8re : Qui est-il vraiment ? D\u00e9couvrez son parcours et sa relation avec Brigitte Macron - Flashmode Magazine | Magazine de mode et style de vie Num\u00e9ro un en Tunisie et au Maghreb","og_description":"Vous \u00eates-vous d\u00e9j\u00e0 demand\u00e9 qui \u00e9tait cet \u00e9nigmatique S\u00e9bastien Auzi\u00e8re ? Eh bien, ne cherchez plus ! Dans cet article captivant, nous allons explorer la","og_url":"https:\/\/flashmode.tn\/magazine\/sebastien-auziere-qui-est-il-vraiment-decouvrez-son-parcours-et-sa-relation-avec-brigitte-macron\/","og_site_name":"Flashmode Magazine | Magazine de mode et style de vie Num\u00e9ro un en Tunisie et au Maghreb","article_publisher":"https:\/\/www.facebook.com\/flashmode.magazine\/","article_published_time":"2024-03-12T01:58:33+00:00","article_modified_time":"2024-04-04T09:06:41+00:00","og_image":[{"width":1640,"height":924,"url":"https:\/\/flashmode.tn\/magazine\/wp-content\/uploads\/2024\/03\/Sebastien-Auziere-Qui-est-il-vraiment-Decouvrez-son-parcours-et-sa-relation-avec-Brigitte-Macron.png","type":"image\/png"}],"author":"The Daileigh","twitter_card":"summary_large_image","twitter_creator":"@agenceflashmode","twitter_site":"@agenceflashmode","twitter_misc":{"\u00c9crit par":"The Daileigh","Dur\u00e9e de lecture estim\u00e9e":"4 minutes"},"schema":{"@context":"https:\/\/schema.org","@graph":[{"@type":"WebPage","@id":"https:\/\/flashmode.tn\/magazine\/sebastien-auziere-qui-est-il-vraiment-decouvrez-son-parcours-et-sa-relation-avec-brigitte-macron\/","url":"https:\/\/flashmode.tn\/magazine\/sebastien-auziere-qui-est-il-vraiment-decouvrez-son-parcours-et-sa-relation-avec-brigitte-macron\/","name":"S\u00e9bastien Auzi\u00e8re : Qui est-il vraiment ? D\u00e9couvrez son parcours et sa relation avec Brigitte Macron - Flashmode Magazine | Magazine de mode et style de vie Num\u00e9ro un en Tunisie et au Maghreb","isPartOf":{"@id":"https:\/\/flashmode.tn\/magazine\/#website"},"primaryImageOfPage":{"@id":"https:\/\/flashmode.tn\/magazine\/sebastien-auziere-qui-est-il-vraiment-decouvrez-son-parcours-et-sa-relation-avec-brigitte-macron\/#primaryimage"},"image":{"@id":"https:\/\/flashmode.tn\/magazine\/sebastien-auziere-qui-est-il-vraiment-decouvrez-son-parcours-et-sa-relation-avec-brigitte-macron\/#primaryimage"},"thumbnailUrl":"https:\/\/i0.wp.com\/flashmode.tn\/magazine\/wp-content\/uploads\/2024\/03\/Sebastien-Auziere-Qui-est-il-vraiment-Decouvrez-son-parcours-et-sa-relation-avec-Brigitte-Macron.png?fit=1640%2C924&ssl=1","datePublished":"2024-03-12T01:58:33+00:00","dateModified":"2024-04-04T09:06:41+00:00","author":{"@id":"https:\/\/flashmode.tn\/magazine\/#\/schema\/person\/79940f8af94166a445dd5bd6b3137682"},"description":"Vous \u00eates-vous d\u00e9j\u00e0 demand\u00e9 qui \u00e9tait cet \u00e9nigmatique S\u00e9bastien Auzi\u00e8re ? Eh bien, ne cherchez plus ! Dans cet article captivant, nous allons explorer la","breadcrumb":{"@id":"https:\/\/flashmode.tn\/magazine\/sebastien-auziere-qui-est-il-vraiment-decouvrez-son-parcours-et-sa-relation-avec-brigitte-macron\/#breadcrumb"},"inLanguage":"fr-FR","potentialAction":[{"@type":"ReadAction","target":["https:\/\/flashmode.tn\/magazine\/sebastien-auziere-qui-est-il-vraiment-decouvrez-son-parcours-et-sa-relation-avec-brigitte-macron\/"]}]},{"@type":"ImageObject","inLanguage":"fr-FR","@id":"https:\/\/flashmode.tn\/magazine\/sebastien-auziere-qui-est-il-vraiment-decouvrez-son-parcours-et-sa-relation-avec-brigitte-macron\/#primaryimage","url":"https:\/\/i0.wp.com\/flashmode.tn\/magazine\/wp-content\/uploads\/2024\/03\/Sebastien-Auziere-Qui-est-il-vraiment-Decouvrez-son-parcours-et-sa-relation-avec-Brigitte-Macron.png?fit=1640%2C924&ssl=1","contentUrl":"https:\/\/i0.wp.com\/flashmode.tn\/magazine\/wp-content\/uploads\/2024\/03\/Sebastien-Auziere-Qui-est-il-vraiment-Decouvrez-son-parcours-et-sa-relation-avec-Brigitte-Macron.png?fit=1640%2C924&ssl=1","width":1640,"height":924,"caption":"S\u00e9bastien Auzi\u00e8re : Qui est-il vraiment ? D\u00e9couvrez son parcours et sa relation avec Brigitte Macron"},{"@type":"BreadcrumbList","@id":"https:\/\/flashmode.tn\/magazine\/sebastien-auziere-qui-est-il-vraiment-decouvrez-son-parcours-et-sa-relation-avec-brigitte-macron\/#breadcrumb","itemListElement":[{"@type":"ListItem","position":1,"name":"Accueil","item":"https:\/\/flashmode.tn\/magazine\/"},{"@type":"ListItem","position":2,"name":"S\u00e9bastien Auzi\u00e8re : Qui est-il vraiment ? D\u00e9couvrez son parcours et sa relation avec Brigitte Macron"}]},{"@type":"WebSite","@id":"https:\/\/flashmode.tn\/magazine\/#website","url":"https:\/\/flashmode.tn\/magazine\/","name":"Flashmode Magazine | Magazine de mode et style de vie Num\u00e9ro un en Tunisie et au Maghreb","description":"Magazine de mode et style de vie Num\u00e9ro un en Tunisie et au Maghreb, cr\u00e9\u00e9 pour les hommes et les femmes : conseils beaut\u00e9, mode femme, mode homme, recettes de cuisine, c\u00e9l\u00e9brit\u00e9s et people, mannequins et top modeles","potentialAction":[{"@type":"SearchAction","target":{"@type":"EntryPoint","urlTemplate":"https:\/\/flashmode.tn\/magazine\/?s={search_term_string}"},"query-input":{"@type":"PropertyValueSpecification","valueRequired":true,"valueName":"search_term_string"}}],"inLanguage":"fr-FR"},{"@type":"Person","@id":"https:\/\/flashmode.tn\/magazine\/#\/schema\/person\/79940f8af94166a445dd5bd6b3137682","name":"The Daileigh","image":{"@type":"ImageObject","inLanguage":"fr-FR","@id":"https:\/\/flashmode.tn\/magazine\/#\/schema\/person\/image\/","url":"https:\/\/secure.gravatar.com\/avatar\/30d4d60865d61de3434abd01cb8b4ec5e5b5eb5a274017461832a54857b1770d?s=96&d=mm&r=g","contentUrl":"https:\/\/secure.gravatar.com\/avatar\/30d4d60865d61de3434abd01cb8b4ec5e5b5eb5a274017461832a54857b1770d?s=96&d=mm&r=g","caption":"The Daileigh"},"url":"https:\/\/flashmode.tn\/magazine\/author\/the-daileigh\/"}]}},"jetpack_publicize_connections":[],"jetpack_featured_media_url":"https:\/\/i0.wp.com\/flashmode.tn\/magazine\/wp-content\/uploads\/2024\/03\/Sebastien-Auziere-Qui-est-il-vraiment-Decouvrez-son-parcours-et-sa-relation-avec-Brigitte-Macron.png?fit=1640%2C924&ssl=1","jetpack_shortlink":"https:\/\/wp.me\/p8BPGr-rnF","jetpack_sharing_enabled":true,"_links":{"self":[{"href":"https:\/\/flashmode.tn\/magazine\/wp-json\/wp\/v2\/posts\/105255","targetHints":{"allow":["GET"]}}],"collection":[{"href":"https:\/\/flashmode.tn\/magazine\/wp-json\/wp\/v2\/posts"}],"about":[{"href":"https:\/\/flashmode.tn\/magazine\/wp-json\/wp\/v2\/types\/post"}],"author":[{"embeddable":true,"href":"https:\/\/flashmode.tn\/magazine\/wp-json\/wp\/v2\/users\/8"}],"replies":[{"embeddable":true,"href":"https:\/\/flashmode.tn\/magazine\/wp-json\/wp\/v2\/comments?post=105255"}],"version-history":[{"count":2,"href":"https:\/\/flashmode.tn\/magazine\/wp-json\/wp\/v2\/posts\/105255\/revisions"}],"predecessor-version":[{"id":161467,"href":"https:\/\/flashmode.tn\/magazine\/wp-json\/wp\/v2\/posts\/105255\/revisions\/161467"}],"wp:featuredmedia":[{"embeddable":true,"href":"https:\/\/flashmode.tn\/magazine\/wp-json\/wp\/v2\/media\/161466"}],"wp:attachment":[{"href":"https:\/\/flashmode.tn\/magazine\/wp-json\/wp\/v2\/media?parent=105255"}],"wp:term":[{"taxonomy":"category","embeddable":true,"href":"https:\/\/flashmode.tn\/magazine\/wp-json\/wp\/v2\/categories?post=105255"},{"taxonomy":"post_tag","embeddable":true,"href":"https:\/\/flashmode.tn\/magazine\/wp-json\/wp\/v2\/tags?post=105255"}],"curies":[{"name":"wp","href":"https:\/\/api.w.org\/{rel}","templated":true}]}}