{"id":105263,"date":"2024-03-12T02:59:12","date_gmt":"2024-03-12T01:59:12","guid":{"rendered":"https:\/\/flashmode.tn\/magazine\/dans-quel-cimetiere-jane-birkin-sera-t-elle-enterree\/"},"modified":"2024-04-04T11:36:19","modified_gmt":"2024-04-04T09:36:19","slug":"dans-quel-cimetiere-jane-birkin-sera-t-elle-enterree","status":"publish","type":"post","link":"https:\/\/flashmode.tn\/magazine\/dans-quel-cimetiere-jane-birkin-sera-t-elle-enterree\/","title":{"rendered":"Dans quel cimeti\u00e8re Jane Birkin sera-t-elle enterr\u00e9e ?"},"content":{"rendered":"\n<p>Vous \u00eates-vous d\u00e9j\u00e0 demand\u00e9 o\u00f9 reposera pour l&rsquo;\u00e9ternit\u00e9 l&rsquo;une des ic\u00f4nes de la musique fran\u00e7aise, Jane Birkin ? Eh bien, ne cherchez plus ! Dans cet article captivant, nous vous d\u00e9voilerons enfin dans quel cimeti\u00e8re sera enterr\u00e9e cette l\u00e9gende de la chanson. Pr\u00e9parez-vous \u00e0 \u00eatre surpris, \u00e9mu et peut-\u00eatre m\u00eame un brin nostalgique en d\u00e9couvrant le lieu de repos final de cette artiste inoubliable. Alors, restez avec nous et plongeons ensemble dans le myst\u00e8re de la derni\u00e8re demeure de Jane Birkin.<\/p>\n\n\n\n<div id=\"ez-toc-container\" class=\"ez-toc-v2_0_81 counter-hierarchy ez-toc-counter ez-toc-grey ez-toc-container-direction\">\n<div class=\"ez-toc-title-container\">\n<p class=\"ez-toc-title\" style=\"cursor:inherit\">Contenus de la page<\/p>\n<span class=\"ez-toc-title-toggle\"><a href=\"#\" class=\"ez-toc-pull-right ez-toc-btn ez-toc-btn-xs ez-toc-btn-default ez-toc-toggle\" aria-label=\"Toggle Table of Content\"><span class=\"ez-toc-js-icon-con\"><span class=\"\"><span class=\"eztoc-hide\" style=\"display:none;\">Toggle<\/span><span class=\"ez-toc-icon-toggle-span\"><svg style=\"fill: #999;color:#999\" xmlns=\"http:\/\/www.w3.org\/2000\/svg\" class=\"list-377408\" width=\"20px\" height=\"20px\" viewBox=\"0 0 24 24\" fill=\"none\"><path d=\"M6 6H4v2h2V6zm14 0H8v2h12V6zM4 11h2v2H4v-2zm16 0H8v2h12v-2zM4 16h2v2H4v-2zm16 0H8v2h12v-2z\" fill=\"currentColor\"><\/path><\/svg><svg style=\"fill: #999;color:#999\" class=\"arrow-unsorted-368013\" xmlns=\"http:\/\/www.w3.org\/2000\/svg\" width=\"10px\" height=\"10px\" viewBox=\"0 0 24 24\" version=\"1.2\" baseProfile=\"tiny\"><path d=\"M18.2 9.3l-6.2-6.3-6.2 6.3c-.2.2-.3.4-.3.7s.1.5.3.7c.2.2.4.3.7.3h11c.3 0 .5-.1.7-.3.2-.2.3-.5.3-.7s-.1-.5-.3-.7zM5.8 14.7l6.2 6.3 6.2-6.3c.2-.2.3-.5.3-.7s-.1-.5-.3-.7c-.2-.2-.4-.3-.7-.3h-11c-.3 0-.5.1-.7.3-.2.2-.3.5-.3.7s.1.5.3.7z\"\/><\/svg><\/span><\/span><\/span><\/a><\/span><\/div>\n<nav><ul class='ez-toc-list ez-toc-list-level-1 ' ><li class='ez-toc-page-1 ez-toc-heading-level-2'><a class=\"ez-toc-link ez-toc-heading-1\" href=\"https:\/\/flashmode.tn\/magazine\/dans-quel-cimetiere-jane-birkin-sera-t-elle-enterree\/#Dans_quel_cimetiere_sera_enterree_Jane_Birkin\" >Dans quel cimeti\u00e8re sera enterr\u00e9e Jane Birkin ?<\/a><ul class='ez-toc-list-level-3' ><li class='ez-toc-heading-level-3'><a class=\"ez-toc-link ez-toc-heading-2\" href=\"https:\/\/flashmode.tn\/magazine\/dans-quel-cimetiere-jane-birkin-sera-t-elle-enterree\/#Lultime_demeure_aupres_de_sa_fille_Kate_Barry\" >L&rsquo;ultime demeure aupr\u00e8s de sa fille Kate Barry<\/a><\/li><li class='ez-toc-page-1 ez-toc-heading-level-3'><a class=\"ez-toc-link ez-toc-heading-3\" href=\"https:\/\/flashmode.tn\/magazine\/dans-quel-cimetiere-jane-birkin-sera-t-elle-enterree\/#Le_cimetiere_du_Montparnasse_mosaique_de_memoires\" >Le cimeti\u00e8re du Montparnasse, mosa\u00efque de m\u00e9moires<\/a><\/li><li class='ez-toc-page-1 ez-toc-heading-level-3'><a class=\"ez-toc-link ez-toc-heading-4\" href=\"https:\/\/flashmode.tn\/magazine\/dans-quel-cimetiere-jane-birkin-sera-t-elle-enterree\/#Les_concessions_funeraires_et_le_terrain_communal\" >Les concessions fun\u00e9raires et le terrain communal<\/a><\/li><li class='ez-toc-page-1 ez-toc-heading-level-3'><a class=\"ez-toc-link ez-toc-heading-5\" href=\"https:\/\/flashmode.tn\/magazine\/dans-quel-cimetiere-jane-birkin-sera-t-elle-enterree\/#La_Bretagne_terre_dancrage_et_de_souvenirs\" >La Bretagne, terre d&rsquo;ancrage et de souvenirs<\/a><\/li><li class='ez-toc-page-1 ez-toc-heading-level-3'><a class=\"ez-toc-link ez-toc-heading-6\" href=\"https:\/\/flashmode.tn\/magazine\/dans-quel-cimetiere-jane-birkin-sera-t-elle-enterree\/#Le_sac_Birkin_un_heritage_culturel\" >Le sac Birkin, un h\u00e9ritage culturel<\/a><\/li><li class='ez-toc-page-1 ez-toc-heading-level-3'><a class=\"ez-toc-link ez-toc-heading-7\" href=\"https:\/\/flashmode.tn\/magazine\/dans-quel-cimetiere-jane-birkin-sera-t-elle-enterree\/#Conclusion_Une_etoile_repose_en_paix\" >Conclusion : Une \u00e9toile repose en paix<\/a><\/li><\/ul><\/li><\/ul><\/nav><\/div>\n<h2 class=\"wp-block-heading\" id=\"h-dans-quel-cimetiere-sera-enterree-jane-birkin\"><span class=\"ez-toc-section\" id=\"Dans_quel_cimetiere_sera_enterree_Jane_Birkin\"><\/span>Dans quel cimeti\u00e8re sera enterr\u00e9e Jane Birkin ?<span class=\"ez-toc-section-end\"><\/span><\/h2>\n\n\n\n<p>La question du lieu de repos final de Jane Birkin touche \u00e0 l&rsquo;intimit\u00e9 d&rsquo;une famille, mais aussi au patrimoine culturel fran\u00e7ais. Jane Birkin, ic\u00f4ne intemporelle, a exprim\u00e9 le souhait d&rsquo;\u00eatre incin\u00e9r\u00e9e et de rejoindre sa fille, Kate Barry, dans le silence paisible du cimeti\u00e8re du Montparnasse \u00e0 Paris.<\/p>\n\n\n\n<h3 class=\"wp-block-heading\" id=\"h-l-ultime-demeure-aupres-de-sa-fille-kate-barry\"><span class=\"ez-toc-section\" id=\"Lultime_demeure_aupres_de_sa_fille_Kate_Barry\"><\/span>L&rsquo;ultime demeure aupr\u00e8s de sa fille Kate Barry<span class=\"ez-toc-section-end\"><\/span><\/h3>\n\n\n\n<p>Conform\u00e9ment \u00e0 ses volont\u00e9s, Jane Birkin sera incin\u00e9r\u00e9e, et <strong>ses cendres seront d\u00e9pos\u00e9es dans le cercueil de sa fille Kate Barry<\/strong> au cimeti\u00e8re du Montparnasse. Ce geste symbolique t\u00e9moigne d&rsquo;un lien maternel ind\u00e9fectible et d&rsquo;une volont\u00e9 de r\u00e9unification \u00e9ternelle avec sa fille, qui nous a quitt\u00e9s tragiquement en 2013.<\/p>\n\n\n\n<h3 class=\"wp-block-heading\" id=\"h-le-cimetiere-du-montparnasse-mosaique-de-memoires\"><span class=\"ez-toc-section\" id=\"Le_cimetiere_du_Montparnasse_mosaique_de_memoires\"><\/span>Le cimeti\u00e8re du Montparnasse, mosa\u00efque de m\u00e9moires<span class=\"ez-toc-section-end\"><\/span><\/h3>\n\n\n\n<p>Le choix du cimeti\u00e8re du Montparnasse n&rsquo;est pas anodin. C&rsquo;est un lieu empreint d&rsquo;histoire et de symbolisme, o\u00f9 reposent de nombreuses personnalit\u00e9s qui ont marqu\u00e9 l&rsquo;art et la culture. <strong>Kate Barry y est enterr\u00e9e<\/strong>, et c&rsquo;est \u00e0 ses c\u00f4t\u00e9s que Jane Birkin a souhait\u00e9 reposer.<\/p>\n\n\n\n<p>Le <strong>cimeti\u00e8re P\u00e8re Lachaise<\/strong> \u00e0 Paris, bien que hautement symbolique et derni\u00e8re demeure de nombreuses c\u00e9l\u00e9brit\u00e9s, dont l&rsquo;ancien compagnon de Jane Birkin, Serge Gainsbourg, ne sera donc pas le lieu d&rsquo;\u00e9ternit\u00e9 choisi par l&rsquo;artiste. C&rsquo;est une d\u00e9cision qui illustre l&rsquo;importance de la relation personnelle et familiale dans le choix d&rsquo;un lieu de s\u00e9pulture.<\/p>\n\n\n\n<h3 class=\"wp-block-heading\" id=\"h-les-concessions-funeraires-et-le-terrain-communal\"><span class=\"ez-toc-section\" id=\"Les_concessions_funeraires_et_le_terrain_communal\"><\/span>Les concessions fun\u00e9raires et le terrain communal<span class=\"ez-toc-section-end\"><\/span><\/h3>\n\n\n\n<p>Pour ceux qui s&rsquo;interrogent sur les aspects pratiques des inhumations, il est \u00e0 noter que <strong>lorsqu&rsquo;il n&rsquo;y a pas de concession fun\u00e9raire<\/strong>, le d\u00e9funt peut \u00eatre inhum\u00e9 gratuitement en terrain communal. Toutefois, dans le cas de Jane Birkin, le choix a \u00e9t\u00e9 fait de rejoindre sa fille dans une concession existante.<\/p>\n\n\n\n<h3 class=\"wp-block-heading\" id=\"h-la-bretagne-terre-d-ancrage-et-de-souvenirs\"><span class=\"ez-toc-section\" id=\"La_Bretagne_terre_dancrage_et_de_souvenirs\"><\/span>La Bretagne, terre d&rsquo;ancrage et de souvenirs<span class=\"ez-toc-section-end\"><\/span><\/h3>\n\n\n\n<p>La maison de Jane Birkin se trouvait \u00e0 Prat ar Coum, en Bretagne, pr\u00e8s de l&rsquo;Aber Beno\u00eet. Elle y a pass\u00e9 de nombreux moments, attir\u00e9e par le calme et la beaut\u00e9 de cette r\u00e9gion. <strong>Elle a choisi de vivre une partie de l&rsquo;ann\u00e9e \u00e0 Lannilis dans le Finist\u00e8re<\/strong>, \u00e0 plus de 25 ans d\u00e9j\u00e0, s\u00e9duite par la proximit\u00e9 avec l&rsquo;un des sites o\u00f9 les cendres de son p\u00e8re ont \u00e9t\u00e9 dispers\u00e9es.<\/p>\n\n\n\n<h3 class=\"wp-block-heading\" id=\"h-le-sac-birkin-un-heritage-culturel\"><span class=\"ez-toc-section\" id=\"Le_sac_Birkin_un_heritage_culturel\"><\/span>Le sac Birkin, un h\u00e9ritage culturel<span class=\"ez-toc-section-end\"><\/span><\/h3>\n\n\n\n<p>Le lien entre Jane Birkin et le sac qui porte son nom est indissociable. <strong>Victoria Beckham est reconnue comme une grande collectionneuse du sac Birkin<\/strong>, poss\u00e9dant plus d&rsquo;une centaine de ces pi\u00e8ces embl\u00e9matiques, ainsi que quelques Kelly de la m\u00eame maison Herm\u00e8s.<\/p>\n\n\n\n<p>Le <strong>prix d&rsquo;un Birkin neuf se situe en moyenne autour de 8000\u20ac<\/strong>, une somme qui t\u00e9moigne du prestige et de la qualit\u00e9 artisanale de ces sacs. Avec une <strong>hausse des prix pr\u00e9vue pour 2023<\/strong>, le sac Birkin reste un investissement, mais surtout un symbole de l&rsquo;\u00e9l\u00e9gance \u00e0 la fran\u00e7aise, associ\u00e9 \u00e0 jamais \u00e0 l&rsquo;image de Jane Birkin.<\/p>\n\n\n\n<h3 class=\"wp-block-heading\" id=\"h-conclusion-une-etoile-repose-en-paix\"><span class=\"ez-toc-section\" id=\"Conclusion_Une_etoile_repose_en_paix\"><\/span>Conclusion : Une \u00e9toile repose en paix<span class=\"ez-toc-section-end\"><\/span><\/h3>\n\n\n\n<p>Les cendres de Jane Birkin reposent maintenant au cimeti\u00e8re du Montparnasse, comme elle l&rsquo;avait souhait\u00e9, aupr\u00e8s de sa fille Kate Barry. Ce choix personnel refl\u00e8te les liens profonds qui unissent une m\u00e8re \u00e0 sa fille et une artiste \u00e0 son public, liens qui perdurent au-del\u00e0 du temps, dans le c\u0153ur des gens et maintenant, dans la terre de Paris.<\/p>\n\n\n\n<p>La Bretagne, avec sa maison pr\u00e8s de l&rsquo;Aber Beno\u00eet, reste un lieu de m\u00e9moire o\u00f9 l&rsquo;esprit de Jane Birkin continue de flotter dans la brise marine. Et partout dans le monde, \u00e0 chaque fois qu&rsquo;un sac Birkin est port\u00e9, c&rsquo;est un peu de son h\u00e9ritage qui traverse le temps et les fronti\u00e8res.<\/p>\n\n\n\n<p>Enfin, l&rsquo;h\u00e9ritage de Jane Birkin ne se mesure pas seulement en termes mat\u00e9riels mais aussi dans l&rsquo;impact culturel et \u00e9motionnel qu&rsquo;elle a laiss\u00e9 \u00e0 travers son art, sa vie et ses choix, dont celui de son dernier repos.<\/p>\n\n\n\n<hr class=\"wp-block-separator has-alpha-channel-opacity\"\/>\n\n\n\n<p><strong>Q: O\u00f9 reposent les cendres de Jane Birkin ?<\/strong><br><br>R: Les cendres de Jane Birkin reposent au cimeti\u00e8re du Montparnasse \u00e0 Paris, non loin de Serge Gainsbourg et dans la tombe de sa fille ain\u00e9e Kate Berry.<\/p>\n\n\n\n<p><strong>Q: O\u00f9 vivait Jane Birkin en Bretagne ?<\/strong><br><br>R: Jane Birkin vivait une partie de l&rsquo;ann\u00e9e \u00e0 Lannilis dans le Finist\u00e8re, o\u00f9 elle avait \u00e9t\u00e9 s\u00e9duite par une maison proche d&rsquo;un des trois sites o\u00f9 les cendres de son p\u00e8re ont \u00e9t\u00e9 dispers\u00e9es. Ses escales \u00e9taient r\u00e9guli\u00e8res dans cette r\u00e9gion.<\/p>\n\n\n\n<p><strong>Q: Qui repose aux c\u00f4t\u00e9s de Jane Birkin au cimeti\u00e8re du Montparnasse ?<\/strong><br><br>R: Jane Birkin repose aux c\u00f4t\u00e9s de Serge Gainsbourg au cimeti\u00e8re du Montparnasse \u00e0 Paris, dans la tombe de sa fille ain\u00e9e Kate Berry.<\/p>\n\n\n\n<p><strong>Q: Quelles \u00e9taient les derni\u00e8res volont\u00e9s de Jane Birkin concernant son lieu de repos ?<\/strong><br><br>R: Les derni\u00e8res volont\u00e9s de Jane Birkin \u00e9taient que ses cendres soient emmen\u00e9es au cimeti\u00e8re du Montparnasse \u00e0 Paris, o\u00f9 elle repose d\u00e9sormais aux c\u00f4t\u00e9s de Serge Gainsbourg et dans la tombe de sa fille ain\u00e9e Kate Berry.<\/p>\n","protected":false},"excerpt":{"rendered":"<p>Vous \u00eates-vous d\u00e9j\u00e0 demand\u00e9 o\u00f9 reposera pour l&rsquo;\u00e9ternit\u00e9 l&rsquo;une des ic\u00f4nes de la musique fran\u00e7aise, Jane Birkin ? Eh bien, ne cherchez plus ! Dans cet article captivant, nous vous d\u00e9voilerons enfin dans quel cimeti\u00e8re sera enterr\u00e9e cette l\u00e9gende de la chanson. Pr\u00e9parez-vous \u00e0 \u00eatre surpris, \u00e9mu et peut-\u00eatre m\u00eame un brin nostalgique en d\u00e9couvrant [&hellip;]<\/p>\n","protected":false},"author":8,"featured_media":161490,"comment_status":"open","ping_status":"open","sticky":false,"template":"","format":"standard","meta":{"tdm_status":"","tdm_grid_status":"","_jetpack_memberships_contains_paid_content":false,"footnotes":"","jetpack_publicize_message":"","jetpack_publicize_feature_enabled":true,"jetpack_social_post_already_shared":false,"jetpack_social_options":{"image_generator_settings":{"template":"highway","default_image_id":0,"font":"","enabled":false},"version":2}},"categories":[78],"tags":[],"class_list":["post-105263","post","type-post","status-publish","format-standard","has-post-thumbnail","hentry","category-culture"],"yoast_head":"<!-- This site is optimized with the Yoast SEO Premium plugin v25.0 (Yoast SEO v25.0) - https:\/\/yoast.com\/wordpress\/plugins\/seo\/ -->\n<title>Dans quel cimeti\u00e8re Jane Birkin sera-t-elle enterr\u00e9e ? - Flashmode Magazine | Magazine de mode et style de vie Num\u00e9ro un en Tunisie et au Maghreb<\/title>\n<meta name=\"description\" content=\"Vous \u00eates-vous d\u00e9j\u00e0 demand\u00e9 o\u00f9 reposera pour l&#039;\u00e9ternit\u00e9 l&#039;une des ic\u00f4nes de la musique fran\u00e7aise, Jane Birkin ? Eh bien, ne cherchez plus ! Dans cet\" \/>\n<meta name=\"robots\" content=\"index, follow, max-snippet:-1, max-image-preview:large, max-video-preview:-1\" \/>\n<link rel=\"canonical\" href=\"https:\/\/flashmode.tn\/magazine\/dans-quel-cimetiere-jane-birkin-sera-t-elle-enterree\/\" \/>\n<meta property=\"og:locale\" content=\"fr_FR\" \/>\n<meta property=\"og:type\" content=\"article\" \/>\n<meta property=\"og:title\" content=\"Dans quel cimeti\u00e8re Jane Birkin sera-t-elle enterr\u00e9e ? - Flashmode Magazine | Magazine de mode et style de vie Num\u00e9ro un en Tunisie et au Maghreb\" \/>\n<meta property=\"og:description\" content=\"Vous \u00eates-vous d\u00e9j\u00e0 demand\u00e9 o\u00f9 reposera pour l&#039;\u00e9ternit\u00e9 l&#039;une des ic\u00f4nes de la musique fran\u00e7aise, Jane Birkin ? Eh bien, ne cherchez plus ! Dans cet\" \/>\n<meta property=\"og:url\" content=\"https:\/\/flashmode.tn\/magazine\/dans-quel-cimetiere-jane-birkin-sera-t-elle-enterree\/\" \/>\n<meta property=\"og:site_name\" content=\"Flashmode Magazine | Magazine de mode et style de vie Num\u00e9ro un en Tunisie et au Maghreb\" \/>\n<meta property=\"article:publisher\" content=\"https:\/\/www.facebook.com\/flashmode.magazine\/\" \/>\n<meta property=\"article:published_time\" content=\"2024-03-12T01:59:12+00:00\" \/>\n<meta property=\"article:modified_time\" content=\"2024-04-04T09:36:19+00:00\" \/>\n<meta property=\"og:image\" content=\"https:\/\/flashmode.tn\/magazine\/wp-content\/uploads\/2024\/03\/Dans-quel-cimetiere-Jane-Birkin-sera-t-elle-enterree--1024x577.png\" \/>\n\t<meta property=\"og:image:width\" content=\"1024\" \/>\n\t<meta property=\"og:image:height\" content=\"577\" \/>\n\t<meta property=\"og:image:type\" content=\"image\/png\" \/>\n<meta name=\"author\" content=\"The Daileigh\" \/>\n<meta name=\"twitter:card\" content=\"summary_large_image\" \/>\n<meta name=\"twitter:creator\" content=\"@agenceflashmode\" \/>\n<meta name=\"twitter:site\" content=\"@agenceflashmode\" \/>\n<meta name=\"twitter:label1\" content=\"\u00c9crit par\" \/>\n\t<meta name=\"twitter:data1\" content=\"The Daileigh\" \/>\n\t<meta name=\"twitter:label2\" content=\"Dur\u00e9e de lecture estim\u00e9e\" \/>\n\t<meta name=\"twitter:data2\" content=\"5 minutes\" \/>\n<script type=\"application\/ld+json\" class=\"yoast-schema-graph\">{\"@context\":\"https:\/\/schema.org\",\"@graph\":[{\"@type\":\"WebPage\",\"@id\":\"https:\/\/flashmode.tn\/magazine\/dans-quel-cimetiere-jane-birkin-sera-t-elle-enterree\/\",\"url\":\"https:\/\/flashmode.tn\/magazine\/dans-quel-cimetiere-jane-birkin-sera-t-elle-enterree\/\",\"name\":\"Dans quel cimeti\u00e8re Jane Birkin sera-t-elle enterr\u00e9e ? - Flashmode Magazine | Magazine de mode et style de vie Num\u00e9ro un en Tunisie et au Maghreb\",\"isPartOf\":{\"@id\":\"https:\/\/flashmode.tn\/magazine\/#website\"},\"primaryImageOfPage\":{\"@id\":\"https:\/\/flashmode.tn\/magazine\/dans-quel-cimetiere-jane-birkin-sera-t-elle-enterree\/#primaryimage\"},\"image\":{\"@id\":\"https:\/\/flashmode.tn\/magazine\/dans-quel-cimetiere-jane-birkin-sera-t-elle-enterree\/#primaryimage\"},\"thumbnailUrl\":\"https:\/\/i0.wp.com\/flashmode.tn\/magazine\/wp-content\/uploads\/2024\/03\/Dans-quel-cimetiere-Jane-Birkin-sera-t-elle-enterree-.png?fit=1640%2C924&ssl=1\",\"datePublished\":\"2024-03-12T01:59:12+00:00\",\"dateModified\":\"2024-04-04T09:36:19+00:00\",\"author\":{\"@id\":\"https:\/\/flashmode.tn\/magazine\/#\/schema\/person\/79940f8af94166a445dd5bd6b3137682\"},\"description\":\"Vous \u00eates-vous d\u00e9j\u00e0 demand\u00e9 o\u00f9 reposera pour l'\u00e9ternit\u00e9 l'une des ic\u00f4nes de la musique fran\u00e7aise, Jane Birkin ? Eh bien, ne cherchez plus ! Dans cet\",\"breadcrumb\":{\"@id\":\"https:\/\/flashmode.tn\/magazine\/dans-quel-cimetiere-jane-birkin-sera-t-elle-enterree\/#breadcrumb\"},\"inLanguage\":\"fr-FR\",\"potentialAction\":[{\"@type\":\"ReadAction\",\"target\":[\"https:\/\/flashmode.tn\/magazine\/dans-quel-cimetiere-jane-birkin-sera-t-elle-enterree\/\"]}]},{\"@type\":\"ImageObject\",\"inLanguage\":\"fr-FR\",\"@id\":\"https:\/\/flashmode.tn\/magazine\/dans-quel-cimetiere-jane-birkin-sera-t-elle-enterree\/#primaryimage\",\"url\":\"https:\/\/i0.wp.com\/flashmode.tn\/magazine\/wp-content\/uploads\/2024\/03\/Dans-quel-cimetiere-Jane-Birkin-sera-t-elle-enterree-.png?fit=1640%2C924&ssl=1\",\"contentUrl\":\"https:\/\/i0.wp.com\/flashmode.tn\/magazine\/wp-content\/uploads\/2024\/03\/Dans-quel-cimetiere-Jane-Birkin-sera-t-elle-enterree-.png?fit=1640%2C924&ssl=1\",\"width\":1640,\"height\":924,\"caption\":\"Dans quel cimeti\u00e8re Jane Birkin sera-t-elle enterr\u00e9e ?\"},{\"@type\":\"BreadcrumbList\",\"@id\":\"https:\/\/flashmode.tn\/magazine\/dans-quel-cimetiere-jane-birkin-sera-t-elle-enterree\/#breadcrumb\",\"itemListElement\":[{\"@type\":\"ListItem\",\"position\":1,\"name\":\"Accueil\",\"item\":\"https:\/\/flashmode.tn\/magazine\/\"},{\"@type\":\"ListItem\",\"position\":2,\"name\":\"Dans quel cimeti\u00e8re Jane Birkin sera-t-elle enterr\u00e9e ?\"}]},{\"@type\":\"WebSite\",\"@id\":\"https:\/\/flashmode.tn\/magazine\/#website\",\"url\":\"https:\/\/flashmode.tn\/magazine\/\",\"name\":\"Flashmode Magazine | Magazine de mode et style de vie Num\u00e9ro un en Tunisie et au Maghreb\",\"description\":\"Magazine de mode et style de vie Num\u00e9ro un en Tunisie et au Maghreb, cr\u00e9\u00e9 pour les hommes et les femmes : conseils beaut\u00e9, mode femme, mode homme, recettes de cuisine, c\u00e9l\u00e9brit\u00e9s et people, mannequins et top modeles\",\"potentialAction\":[{\"@type\":\"SearchAction\",\"target\":{\"@type\":\"EntryPoint\",\"urlTemplate\":\"https:\/\/flashmode.tn\/magazine\/?s={search_term_string}\"},\"query-input\":{\"@type\":\"PropertyValueSpecification\",\"valueRequired\":true,\"valueName\":\"search_term_string\"}}],\"inLanguage\":\"fr-FR\"},{\"@type\":\"Person\",\"@id\":\"https:\/\/flashmode.tn\/magazine\/#\/schema\/person\/79940f8af94166a445dd5bd6b3137682\",\"name\":\"The Daileigh\",\"image\":{\"@type\":\"ImageObject\",\"inLanguage\":\"fr-FR\",\"@id\":\"https:\/\/flashmode.tn\/magazine\/#\/schema\/person\/image\/\",\"url\":\"https:\/\/secure.gravatar.com\/avatar\/30d4d60865d61de3434abd01cb8b4ec5e5b5eb5a274017461832a54857b1770d?s=96&d=mm&r=g\",\"contentUrl\":\"https:\/\/secure.gravatar.com\/avatar\/30d4d60865d61de3434abd01cb8b4ec5e5b5eb5a274017461832a54857b1770d?s=96&d=mm&r=g\",\"caption\":\"The Daileigh\"},\"url\":\"https:\/\/flashmode.tn\/magazine\/author\/the-daileigh\/\"}]}<\/script>\n<!-- \/ Yoast SEO Premium plugin. -->","yoast_head_json":{"title":"Dans quel cimeti\u00e8re Jane Birkin sera-t-elle enterr\u00e9e ? - Flashmode Magazine | Magazine de mode et style de vie Num\u00e9ro un en Tunisie et au Maghreb","description":"Vous \u00eates-vous d\u00e9j\u00e0 demand\u00e9 o\u00f9 reposera pour l'\u00e9ternit\u00e9 l'une des ic\u00f4nes de la musique fran\u00e7aise, Jane Birkin ? Eh bien, ne cherchez plus ! Dans cet","robots":{"index":"index","follow":"follow","max-snippet":"max-snippet:-1","max-image-preview":"max-image-preview:large","max-video-preview":"max-video-preview:-1"},"canonical":"https:\/\/flashmode.tn\/magazine\/dans-quel-cimetiere-jane-birkin-sera-t-elle-enterree\/","og_locale":"fr_FR","og_type":"article","og_title":"Dans quel cimeti\u00e8re Jane Birkin sera-t-elle enterr\u00e9e ? - Flashmode Magazine | Magazine de mode et style de vie Num\u00e9ro un en Tunisie et au Maghreb","og_description":"Vous \u00eates-vous d\u00e9j\u00e0 demand\u00e9 o\u00f9 reposera pour l'\u00e9ternit\u00e9 l'une des ic\u00f4nes de la musique fran\u00e7aise, Jane Birkin ? Eh bien, ne cherchez plus ! Dans cet","og_url":"https:\/\/flashmode.tn\/magazine\/dans-quel-cimetiere-jane-birkin-sera-t-elle-enterree\/","og_site_name":"Flashmode Magazine | Magazine de mode et style de vie Num\u00e9ro un en Tunisie et au Maghreb","article_publisher":"https:\/\/www.facebook.com\/flashmode.magazine\/","article_published_time":"2024-03-12T01:59:12+00:00","article_modified_time":"2024-04-04T09:36:19+00:00","og_image":[{"width":1024,"height":577,"url":"https:\/\/flashmode.tn\/magazine\/wp-content\/uploads\/2024\/03\/Dans-quel-cimetiere-Jane-Birkin-sera-t-elle-enterree--1024x577.png","type":"image\/png"}],"author":"The Daileigh","twitter_card":"summary_large_image","twitter_creator":"@agenceflashmode","twitter_site":"@agenceflashmode","twitter_misc":{"\u00c9crit par":"The Daileigh","Dur\u00e9e de lecture estim\u00e9e":"5 minutes"},"schema":{"@context":"https:\/\/schema.org","@graph":[{"@type":"WebPage","@id":"https:\/\/flashmode.tn\/magazine\/dans-quel-cimetiere-jane-birkin-sera-t-elle-enterree\/","url":"https:\/\/flashmode.tn\/magazine\/dans-quel-cimetiere-jane-birkin-sera-t-elle-enterree\/","name":"Dans quel cimeti\u00e8re Jane Birkin sera-t-elle enterr\u00e9e ? - Flashmode Magazine | Magazine de mode et style de vie Num\u00e9ro un en Tunisie et au Maghreb","isPartOf":{"@id":"https:\/\/flashmode.tn\/magazine\/#website"},"primaryImageOfPage":{"@id":"https:\/\/flashmode.tn\/magazine\/dans-quel-cimetiere-jane-birkin-sera-t-elle-enterree\/#primaryimage"},"image":{"@id":"https:\/\/flashmode.tn\/magazine\/dans-quel-cimetiere-jane-birkin-sera-t-elle-enterree\/#primaryimage"},"thumbnailUrl":"https:\/\/i0.wp.com\/flashmode.tn\/magazine\/wp-content\/uploads\/2024\/03\/Dans-quel-cimetiere-Jane-Birkin-sera-t-elle-enterree-.png?fit=1640%2C924&ssl=1","datePublished":"2024-03-12T01:59:12+00:00","dateModified":"2024-04-04T09:36:19+00:00","author":{"@id":"https:\/\/flashmode.tn\/magazine\/#\/schema\/person\/79940f8af94166a445dd5bd6b3137682"},"description":"Vous \u00eates-vous d\u00e9j\u00e0 demand\u00e9 o\u00f9 reposera pour l'\u00e9ternit\u00e9 l'une des ic\u00f4nes de la musique fran\u00e7aise, Jane Birkin ? Eh bien, ne cherchez plus ! Dans cet","breadcrumb":{"@id":"https:\/\/flashmode.tn\/magazine\/dans-quel-cimetiere-jane-birkin-sera-t-elle-enterree\/#breadcrumb"},"inLanguage":"fr-FR","potentialAction":[{"@type":"ReadAction","target":["https:\/\/flashmode.tn\/magazine\/dans-quel-cimetiere-jane-birkin-sera-t-elle-enterree\/"]}]},{"@type":"ImageObject","inLanguage":"fr-FR","@id":"https:\/\/flashmode.tn\/magazine\/dans-quel-cimetiere-jane-birkin-sera-t-elle-enterree\/#primaryimage","url":"https:\/\/i0.wp.com\/flashmode.tn\/magazine\/wp-content\/uploads\/2024\/03\/Dans-quel-cimetiere-Jane-Birkin-sera-t-elle-enterree-.png?fit=1640%2C924&ssl=1","contentUrl":"https:\/\/i0.wp.com\/flashmode.tn\/magazine\/wp-content\/uploads\/2024\/03\/Dans-quel-cimetiere-Jane-Birkin-sera-t-elle-enterree-.png?fit=1640%2C924&ssl=1","width":1640,"height":924,"caption":"Dans quel cimeti\u00e8re Jane Birkin sera-t-elle enterr\u00e9e ?"},{"@type":"BreadcrumbList","@id":"https:\/\/flashmode.tn\/magazine\/dans-quel-cimetiere-jane-birkin-sera-t-elle-enterree\/#breadcrumb","itemListElement":[{"@type":"ListItem","position":1,"name":"Accueil","item":"https:\/\/flashmode.tn\/magazine\/"},{"@type":"ListItem","position":2,"name":"Dans quel cimeti\u00e8re Jane Birkin sera-t-elle enterr\u00e9e ?"}]},{"@type":"WebSite","@id":"https:\/\/flashmode.tn\/magazine\/#website","url":"https:\/\/flashmode.tn\/magazine\/","name":"Flashmode Magazine | Magazine de mode et style de vie Num\u00e9ro un en Tunisie et au Maghreb","description":"Magazine de mode et style de vie Num\u00e9ro un en Tunisie et au Maghreb, cr\u00e9\u00e9 pour les hommes et les femmes : conseils beaut\u00e9, mode femme, mode homme, recettes de cuisine, c\u00e9l\u00e9brit\u00e9s et people, mannequins et top modeles","potentialAction":[{"@type":"SearchAction","target":{"@type":"EntryPoint","urlTemplate":"https:\/\/flashmode.tn\/magazine\/?s={search_term_string}"},"query-input":{"@type":"PropertyValueSpecification","valueRequired":true,"valueName":"search_term_string"}}],"inLanguage":"fr-FR"},{"@type":"Person","@id":"https:\/\/flashmode.tn\/magazine\/#\/schema\/person\/79940f8af94166a445dd5bd6b3137682","name":"The Daileigh","image":{"@type":"ImageObject","inLanguage":"fr-FR","@id":"https:\/\/flashmode.tn\/magazine\/#\/schema\/person\/image\/","url":"https:\/\/secure.gravatar.com\/avatar\/30d4d60865d61de3434abd01cb8b4ec5e5b5eb5a274017461832a54857b1770d?s=96&d=mm&r=g","contentUrl":"https:\/\/secure.gravatar.com\/avatar\/30d4d60865d61de3434abd01cb8b4ec5e5b5eb5a274017461832a54857b1770d?s=96&d=mm&r=g","caption":"The Daileigh"},"url":"https:\/\/flashmode.tn\/magazine\/author\/the-daileigh\/"}]}},"jetpack_publicize_connections":[],"jetpack_featured_media_url":"https:\/\/i0.wp.com\/flashmode.tn\/magazine\/wp-content\/uploads\/2024\/03\/Dans-quel-cimetiere-Jane-Birkin-sera-t-elle-enterree-.png?fit=1640%2C924&ssl=1","jetpack_shortlink":"https:\/\/wp.me\/p8BPGr-rnN","jetpack_sharing_enabled":true,"_links":{"self":[{"href":"https:\/\/flashmode.tn\/magazine\/wp-json\/wp\/v2\/posts\/105263","targetHints":{"allow":["GET"]}}],"collection":[{"href":"https:\/\/flashmode.tn\/magazine\/wp-json\/wp\/v2\/posts"}],"about":[{"href":"https:\/\/flashmode.tn\/magazine\/wp-json\/wp\/v2\/types\/post"}],"author":[{"embeddable":true,"href":"https:\/\/flashmode.tn\/magazine\/wp-json\/wp\/v2\/users\/8"}],"replies":[{"embeddable":true,"href":"https:\/\/flashmode.tn\/magazine\/wp-json\/wp\/v2\/comments?post=105263"}],"version-history":[{"count":2,"href":"https:\/\/flashmode.tn\/magazine\/wp-json\/wp\/v2\/posts\/105263\/revisions"}],"predecessor-version":[{"id":161491,"href":"https:\/\/flashmode.tn\/magazine\/wp-json\/wp\/v2\/posts\/105263\/revisions\/161491"}],"wp:featuredmedia":[{"embeddable":true,"href":"https:\/\/flashmode.tn\/magazine\/wp-json\/wp\/v2\/media\/161490"}],"wp:attachment":[{"href":"https:\/\/flashmode.tn\/magazine\/wp-json\/wp\/v2\/media?parent=105263"}],"wp:term":[{"taxonomy":"category","embeddable":true,"href":"https:\/\/flashmode.tn\/magazine\/wp-json\/wp\/v2\/categories?post=105263"},{"taxonomy":"post_tag","embeddable":true,"href":"https:\/\/flashmode.tn\/magazine\/wp-json\/wp\/v2\/tags?post=105263"}],"curies":[{"name":"wp","href":"https:\/\/api.w.org\/{rel}","templated":true}]}}