{"id":105284,"date":"2024-03-12T02:59:16","date_gmt":"2024-03-12T01:59:16","guid":{"rendered":"https:\/\/flashmode.tn\/magazine\/dans-quel-cimetiere-sera-enterree-jane-birkin-decouvrez-son-choix-emblematique-pour-sa-derniere-demeure\/"},"modified":"2024-04-04T13:13:06","modified_gmt":"2024-04-04T11:13:06","slug":"dans-quel-cimetiere-sera-enterree-jane-birkin-decouvrez-son-choix-emblematique-pour-sa-derniere-demeure","status":"publish","type":"post","link":"https:\/\/flashmode.tn\/magazine\/dans-quel-cimetiere-sera-enterree-jane-birkin-decouvrez-son-choix-emblematique-pour-sa-derniere-demeure\/","title":{"rendered":"Dans quel cimeti\u00e8re sera enterr\u00e9e Jane Birkin ? D\u00e9couvrez son choix embl\u00e9matique pour sa derni\u00e8re demeure."},"content":{"rendered":"\n<p>Vous \u00eates-vous d\u00e9j\u00e0 demand\u00e9 dans quel cimeti\u00e8re reposera l&rsquo;ic\u00f4ne de la chanson fran\u00e7aise, Jane Birkin ? Eh bien, ne cherchez plus ! Dans cet article, nous vous d\u00e9voilerons la derni\u00e8re demeure choisie par cette artiste l\u00e9gendaire. Entre un hommage discret et \u00e9mouvant, et un h\u00e9ritage imp\u00e9rissable, plongez dans l&rsquo;univers fascinant de Jane Birkin et d\u00e9couvrez le choix embl\u00e9matique de son lieu de repos \u00e9ternel. Pr\u00e9parez-vous \u00e0 \u00eatre surpris et \u00e9mus par cette histoire unique.<\/p>\n\n\n\n<div id=\"ez-toc-container\" class=\"ez-toc-v2_0_81 counter-hierarchy ez-toc-counter ez-toc-grey ez-toc-container-direction\">\n<div class=\"ez-toc-title-container\">\n<p class=\"ez-toc-title\" style=\"cursor:inherit\">Contenus de la page<\/p>\n<span class=\"ez-toc-title-toggle\"><a href=\"#\" class=\"ez-toc-pull-right ez-toc-btn ez-toc-btn-xs ez-toc-btn-default ez-toc-toggle\" aria-label=\"Toggle Table of Content\"><span class=\"ez-toc-js-icon-con\"><span class=\"\"><span class=\"eztoc-hide\" style=\"display:none;\">Toggle<\/span><span class=\"ez-toc-icon-toggle-span\"><svg style=\"fill: #999;color:#999\" xmlns=\"http:\/\/www.w3.org\/2000\/svg\" class=\"list-377408\" width=\"20px\" height=\"20px\" viewBox=\"0 0 24 24\" fill=\"none\"><path d=\"M6 6H4v2h2V6zm14 0H8v2h12V6zM4 11h2v2H4v-2zm16 0H8v2h12v-2zM4 16h2v2H4v-2zm16 0H8v2h12v-2z\" fill=\"currentColor\"><\/path><\/svg><svg style=\"fill: #999;color:#999\" class=\"arrow-unsorted-368013\" xmlns=\"http:\/\/www.w3.org\/2000\/svg\" width=\"10px\" height=\"10px\" viewBox=\"0 0 24 24\" version=\"1.2\" baseProfile=\"tiny\"><path d=\"M18.2 9.3l-6.2-6.3-6.2 6.3c-.2.2-.3.4-.3.7s.1.5.3.7c.2.2.4.3.7.3h11c.3 0 .5-.1.7-.3.2-.2.3-.5.3-.7s-.1-.5-.3-.7zM5.8 14.7l6.2 6.3 6.2-6.3c.2-.2.3-.5.3-.7s-.1-.5-.3-.7c-.2-.2-.4-.3-.7-.3h-11c-.3 0-.5.1-.7.3-.2.2-.3.5-.3.7s.1.5.3.7z\"\/><\/svg><\/span><\/span><\/span><\/a><\/span><\/div>\n<nav><ul class='ez-toc-list ez-toc-list-level-1 ' ><li class='ez-toc-page-1 ez-toc-heading-level-2'><a class=\"ez-toc-link ez-toc-heading-1\" href=\"https:\/\/flashmode.tn\/magazine\/dans-quel-cimetiere-sera-enterree-jane-birkin-decouvrez-son-choix-emblematique-pour-sa-derniere-demeure\/#La_Derniere_Demeure_de_Jane_Birkin_Un_Choix_Emblematique\" >La Derni\u00e8re Demeure de Jane Birkin : Un Choix Embl\u00e9matique<\/a><ul class='ez-toc-list-level-3' ><li class='ez-toc-heading-level-3'><a class=\"ez-toc-link ez-toc-heading-2\" href=\"https:\/\/flashmode.tn\/magazine\/dans-quel-cimetiere-sera-enterree-jane-birkin-decouvrez-son-choix-emblematique-pour-sa-derniere-demeure\/#LUnion_Eternelle_avec_Kate_Barry\" >L&rsquo;Union \u00c9ternelle avec Kate Barry<\/a><\/li><li class='ez-toc-page-1 ez-toc-heading-level-3'><a class=\"ez-toc-link ez-toc-heading-3\" href=\"https:\/\/flashmode.tn\/magazine\/dans-quel-cimetiere-sera-enterree-jane-birkin-decouvrez-son-choix-emblematique-pour-sa-derniere-demeure\/#Le_Cimetiere_Pere_Lachaise_Un_Lien_avec_lImmortalite\" >Le Cimeti\u00e8re P\u00e8re Lachaise : Un Lien avec l&rsquo;Immortalit\u00e9<\/a><\/li><\/ul><\/li><li class='ez-toc-page-1 ez-toc-heading-level-2'><a class=\"ez-toc-link ez-toc-heading-4\" href=\"https:\/\/flashmode.tn\/magazine\/dans-quel-cimetiere-sera-enterree-jane-birkin-decouvrez-son-choix-emblematique-pour-sa-derniere-demeure\/#Les_Obseques_de_Jane_Birkin_Un_Hommage_Discret_et_Emouvant\" >Les Obs\u00e8ques de Jane Birkin : Un Hommage Discret et \u00c9mouvant<\/a><ul class='ez-toc-list-level-3' ><li class='ez-toc-heading-level-3'><a class=\"ez-toc-link ez-toc-heading-5\" href=\"https:\/\/flashmode.tn\/magazine\/dans-quel-cimetiere-sera-enterree-jane-birkin-decouvrez-son-choix-emblematique-pour-sa-derniere-demeure\/#Une_Ceremonie_Intime_en_Presence_de_Ses_Proches\" >Une C\u00e9r\u00e9monie Intime en Pr\u00e9sence de Ses Proches<\/a><\/li><li class='ez-toc-page-1 ez-toc-heading-level-3'><a class=\"ez-toc-link ez-toc-heading-6\" href=\"https:\/\/flashmode.tn\/magazine\/dans-quel-cimetiere-sera-enterree-jane-birkin-decouvrez-son-choix-emblematique-pour-sa-derniere-demeure\/#LAbsence_Remarquee_de_Jacques_Doillon\" >L&rsquo;Absence Remarqu\u00e9e de Jacques Doillon<\/a><\/li><\/ul><\/li><li class='ez-toc-page-1 ez-toc-heading-level-2'><a class=\"ez-toc-link ez-toc-heading-7\" href=\"https:\/\/flashmode.tn\/magazine\/dans-quel-cimetiere-sera-enterree-jane-birkin-decouvrez-son-choix-emblematique-pour-sa-derniere-demeure\/#La_Maison_de_Normandie_Refuge_de_Jane_Birkin\" >La Maison de Normandie : Refuge de Jane Birkin<\/a><ul class='ez-toc-list-level-3' ><li class='ez-toc-heading-level-3'><a class=\"ez-toc-link ez-toc-heading-8\" href=\"https:\/\/flashmode.tn\/magazine\/dans-quel-cimetiere-sera-enterree-jane-birkin-decouvrez-son-choix-emblematique-pour-sa-derniere-demeure\/#Un_Havre_de_Paix_et_de_Souvenirs\" >Un Havre de Paix et de Souvenirs<\/a><\/li><li class='ez-toc-page-1 ez-toc-heading-level-3'><a class=\"ez-toc-link ez-toc-heading-9\" href=\"https:\/\/flashmode.tn\/magazine\/dans-quel-cimetiere-sera-enterree-jane-birkin-decouvrez-son-choix-emblematique-pour-sa-derniere-demeure\/#La_Maison_de_Normandie_Temoin_dune_Vie\" >La Maison de Normandie, T\u00e9moin d&rsquo;une Vie<\/a><\/li><\/ul><\/li><li class='ez-toc-page-1 ez-toc-heading-level-2'><a class=\"ez-toc-link ez-toc-heading-10\" href=\"https:\/\/flashmode.tn\/magazine\/dans-quel-cimetiere-sera-enterree-jane-birkin-decouvrez-son-choix-emblematique-pour-sa-derniere-demeure\/#Conclusion_LHeritage_Imperissable_de_Jane_Birkin\" >Conclusion : L&rsquo;H\u00e9ritage Imp\u00e9rissable de Jane Birkin<\/a><\/li><\/ul><\/nav><\/div>\n<h2 class=\"wp-block-heading\" id=\"h-la-derniere-demeure-de-jane-birkin-un-choix-emblematique\"><span class=\"ez-toc-section\" id=\"La_Derniere_Demeure_de_Jane_Birkin_Un_Choix_Emblematique\"><\/span>La Derni\u00e8re Demeure de Jane Birkin : Un Choix Embl\u00e9matique<span class=\"ez-toc-section-end\"><\/span><\/h2>\n\n\n\n<p>Au c\u0153ur de Paris, les cimeti\u00e8res du Montparnasse et du P\u00e8re Lachaise abritent les s\u00e9pultures de nombreuses personnalit\u00e9s qui ont marqu\u00e9 la culture fran\u00e7aise. Jane Birkin, ic\u00f4ne de l&rsquo;\u00e9l\u00e9gance et muse intemporelle, a fait le choix posthume d&rsquo;un repos \u00e9ternel aux c\u00f4t\u00e9s de sa fille Kate Barry, dans la qui\u00e9tude du cimeti\u00e8re du Montparnasse.<\/p>\n\n\n\n<h3 class=\"wp-block-heading\" id=\"h-l-union-eternelle-avec-kate-barry\"><span class=\"ez-toc-section\" id=\"LUnion_Eternelle_avec_Kate_Barry\"><\/span>L&rsquo;Union \u00c9ternelle avec Kate Barry<span class=\"ez-toc-section-end\"><\/span><\/h3>\n\n\n\n<p><strong>Les cendres de Jane Birkin<\/strong> ont trouv\u00e9 leur place dans le cercueil de sa fille Kate Barry, au cimeti\u00e8re du Montparnasse. Un geste symbolique fort, qui unit m\u00e8re et fille dans une m\u00eame \u00e9treinte \u00e9ternelle. Ce cimeti\u00e8re, connu pour \u00eatre la derni\u00e8re demeure de nombreuses personnalit\u00e9s, se distingue par son atmosph\u00e8re paisible et son patrimoine historique et culturel.<\/p>\n\n\n\n<h3 class=\"wp-block-heading\" id=\"h-le-cimetiere-pere-lachaise-un-lien-avec-l-immortalite\"><span class=\"ez-toc-section\" id=\"Le_Cimetiere_Pere_Lachaise_Un_Lien_avec_lImmortalite\"><\/span>Le Cimeti\u00e8re P\u00e8re Lachaise : Un Lien avec l&rsquo;Immortalit\u00e9<span class=\"ez-toc-section-end\"><\/span><\/h3>\n\n\n\n<p>La d\u00e9cision de Jane Birkin d&rsquo;\u00eatre incin\u00e9r\u00e9e et de rejoindre le cimeti\u00e8re P\u00e8re Lachaise par la suite soul\u00e8ve une question poignante. En effet, Jane Birkin sera inhum\u00e9e au P\u00e8re Lachaise, o\u00f9 ses cendres reposeront, cr\u00e9ant un pont entre ces deux lieux embl\u00e9matiques de la m\u00e9moire parisienne.<\/p>\n\n\n\n<h2 class=\"wp-block-heading\" id=\"h-les-obseques-de-jane-birkin-un-hommage-discret-et-emouvant\"><span class=\"ez-toc-section\" id=\"Les_Obseques_de_Jane_Birkin_Un_Hommage_Discret_et_Emouvant\"><\/span>Les Obs\u00e8ques de Jane Birkin : Un Hommage Discret et \u00c9mouvant<span class=\"ez-toc-section-end\"><\/span><\/h2>\n\n\n\n<p>La c\u00e9r\u00e9monie d&rsquo;adieu \u00e0 Jane Birkin a \u00e9t\u00e9 marqu\u00e9e par la pr\u00e9sence de ses proches et amis. Un \u00e9v\u00e9nement o\u00f9 la tristesse se m\u00ealait au recueillement et au respect de la volont\u00e9 de la d\u00e9funte.<\/p>\n\n\n\n<h3 class=\"wp-block-heading\" id=\"h-une-ceremonie-intime-en-presence-de-ses-proches\"><span class=\"ez-toc-section\" id=\"Une_Ceremonie_Intime_en_Presence_de_Ses_Proches\"><\/span>Une C\u00e9r\u00e9monie Intime en Pr\u00e9sence de Ses Proches<span class=\"ez-toc-section-end\"><\/span><\/h3>\n\n\n\n<p>La c\u00e9r\u00e9monie a r\u00e9uni ses filles, Charlotte Gainsbourg et Lou Doillon, qui ont marqu\u00e9 les esprits en portant le cercueil de leur m\u00e8re, manifestant ainsi leur force et leur amour. Parmi les invit\u00e9s, des visages bien connus tels qu&rsquo;Emmanuelle B\u00e9art et Vanessa Paradis ont rendu hommage \u00e0 Jane Birkin, t\u00e9moignant de l&rsquo;impact qu&rsquo;elle a eu sur leur vie et sur l&rsquo;ensemble du milieu artistique fran\u00e7ais.<\/p>\n\n\n\n<h3 class=\"wp-block-heading\" id=\"h-l-absence-remarquee-de-jacques-doillon\"><span class=\"ez-toc-section\" id=\"LAbsence_Remarquee_de_Jacques_Doillon\"><\/span>L&rsquo;Absence Remarqu\u00e9e de Jacques Doillon<span class=\"ez-toc-section-end\"><\/span><\/h3>\n\n\n\n<p>Malgr\u00e9 les rumeurs, <strong>Jacques Doillon \u00e9tait bien pr\u00e9sent<\/strong> aux obs\u00e8ques de Jane Birkin le 24 juillet dernier. Sa discr\u00e9tion lui a permis d&rsquo;\u00e9chapper \u00e0 l&rsquo;attention des photographes, respectant ainsi le caract\u00e8re intime de la c\u00e9r\u00e9monie.<\/p>\n\n\n\n<h2 class=\"wp-block-heading\" id=\"h-la-maison-de-normandie-refuge-de-jane-birkin\"><span class=\"ez-toc-section\" id=\"La_Maison_de_Normandie_Refuge_de_Jane_Birkin\"><\/span>La Maison de Normandie : Refuge de Jane Birkin<span class=\"ez-toc-section-end\"><\/span><\/h2>\n\n\n\n<p>La maison de campagne en Normandie de Jane Birkin n&rsquo;\u00e9tait pas seulement un lieu de r\u00e9sidence, c&rsquo;\u00e9tait un sanctuaire personnel o\u00f9 elle venait se ressourcer.<\/p>\n\n\n\n<h3 class=\"wp-block-heading\" id=\"h-un-havre-de-paix-et-de-souvenirs\"><span class=\"ez-toc-section\" id=\"Un_Havre_de_Paix_et_de_Souvenirs\"><\/span>Un Havre de Paix et de Souvenirs<span class=\"ez-toc-section-end\"><\/span><\/h3>\n\n\n\n<p>Pendant 15 ans, Jane Birkin a trouv\u00e9 dans cette maison un refuge loin de l&rsquo;agitation parisienne. C&rsquo;\u00e9tait un endroit o\u00f9 elle pouvait \u00eatre entour\u00e9e de Serge Gainsbourg et de ses deux filles, Kate et Charlotte, un lieu impr\u00e9gn\u00e9 de souvenirs et de moments partag\u00e9s.<\/p>\n\n\n\n<h3 class=\"wp-block-heading\" id=\"h-la-maison-de-normandie-temoin-d-une-vie\"><span class=\"ez-toc-section\" id=\"La_Maison_de_Normandie_Temoin_dune_Vie\"><\/span>La Maison de Normandie, T\u00e9moin d&rsquo;une Vie<span class=\"ez-toc-section-end\"><\/span><\/h3>\n\n\n\n<p>Cette demeure a \u00e9t\u00e9 le t\u00e9moin de la vie tumultueuse et passionn\u00e9e de Jane Birkin, de ses joies et de ses peines. C&rsquo;est l\u00e0 que l&rsquo;essence de sa vie familiale s&rsquo;est entrelac\u00e9e avec sa cr\u00e9ativit\u00e9 artistique, un espace intime o\u00f9 l&rsquo;artiste pouvait se retrouver et se r\u00e9g\u00e9n\u00e9rer.<\/p>\n\n\n\n<h2 class=\"wp-block-heading\" id=\"h-conclusion-l-heritage-imperissable-de-jane-birkin\"><span class=\"ez-toc-section\" id=\"Conclusion_LHeritage_Imperissable_de_Jane_Birkin\"><\/span>Conclusion : L&rsquo;H\u00e9ritage Imp\u00e9rissable de Jane Birkin<span class=\"ez-toc-section-end\"><\/span><\/h2>\n\n\n\n<p>Jane Birkin laisse derri\u00e8re elle un h\u00e9ritage culturel riche et diversifi\u00e9. Sa derni\u00e8re demeure, choisie avec soin, refl\u00e8te son d\u00e9sir de rester unie \u00e0 sa famille et \u00e0 ses proches, m\u00eame au-del\u00e0 de la vie. La discr\u00e9tion des obs\u00e8ques et la pr\u00e9sence de ses filles et de ses amis les plus chers t\u00e9moignent du respect de ses derni\u00e8res volont\u00e9s et soulignent l&rsquo;intimit\u00e9 et la profondeur de ses relations.<\/p>\n\n\n\n<p>Le choix du cimeti\u00e8re du Montparnasse pour reposer aupr\u00e8s de sa fille et du cimeti\u00e8re P\u00e8re Lachaise pour ses cendres, illustre la complexit\u00e9 et la richesse de son parcours et de ses liens affectifs. Enfin, sa maison de Normandie reste le symbole de son amour pour la nature, la solitude cr\u00e9atrice et la vie de famille. Jane Birkin, par sa vie et maintenant par son choix de repos \u00e9ternel, continue d&rsquo;inspirer et d&rsquo;\u00e9lever l&rsquo;\u00e2me \u00e0 travers le temps et l&rsquo;espace.<\/p>\n\n\n\n<hr class=\"wp-block-separator has-alpha-channel-opacity\"\/>\n\n\n\n<p><strong>Q: O\u00f9 reposent les cendres de Jane Birkin ?<\/strong><br>A: Les cendres de Jane Birkin reposent au cimeti\u00e8re du Montparnasse \u00e0 Paris, non loin de Serge Gainsbourg et dans la tombe de sa fille ain\u00e9e Kate Berry.<\/p>\n\n\n\n<p><strong>Q: Qui \u00e9tait pr\u00e9sent aux obs\u00e8ques de Jane Birkin ?<\/strong><br>A: Aux obs\u00e8ques de Jane Birkin, ses filles Charlotte Gainsbourg et Lou Doillon \u00e9taient pr\u00e9sentes et ont port\u00e9 le cercueil de leur m\u00e8re en entrant dans l&rsquo;\u00e9glise. De nombreuses c\u00e9l\u00e9brit\u00e9s, telles qu&rsquo;Emmanuelle B\u00e9art et Vanessa Paradis, \u00e9taient \u00e9galement pr\u00e9sentes.<\/p>\n","protected":false},"excerpt":{"rendered":"<p>Vous \u00eates-vous d\u00e9j\u00e0 demand\u00e9 dans quel cimeti\u00e8re reposera l&rsquo;ic\u00f4ne de la chanson fran\u00e7aise, Jane Birkin ? Eh bien, ne cherchez plus ! Dans cet article, nous vous d\u00e9voilerons la derni\u00e8re demeure choisie par cette artiste l\u00e9gendaire. Entre un hommage discret et \u00e9mouvant, et un h\u00e9ritage imp\u00e9rissable, plongez dans l&rsquo;univers fascinant de Jane Birkin et d\u00e9couvrez [&hellip;]<\/p>\n","protected":false},"author":8,"featured_media":161553,"comment_status":"open","ping_status":"open","sticky":false,"template":"","format":"standard","meta":{"tdm_status":"","tdm_grid_status":"","_jetpack_memberships_contains_paid_content":false,"footnotes":"","jetpack_publicize_message":"","jetpack_publicize_feature_enabled":true,"jetpack_social_post_already_shared":false,"jetpack_social_options":{"image_generator_settings":{"template":"highway","default_image_id":0,"font":"","enabled":false},"version":2}},"categories":[78],"tags":[],"class_list":["post-105284","post","type-post","status-publish","format-standard","has-post-thumbnail","hentry","category-culture"],"yoast_head":"<!-- This site is optimized with the Yoast SEO Premium plugin v25.0 (Yoast SEO v25.0) - https:\/\/yoast.com\/wordpress\/plugins\/seo\/ -->\n<title>Dans quel cimeti\u00e8re sera enterr\u00e9e Jane Birkin ? D\u00e9couvrez son choix embl\u00e9matique pour sa derni\u00e8re demeure. - Flashmode Magazine | Magazine de mode et style de vie Num\u00e9ro un en Tunisie et au Maghreb<\/title>\n<meta name=\"description\" content=\"Vous \u00eates-vous d\u00e9j\u00e0 demand\u00e9 dans quel cimeti\u00e8re reposera l&#039;ic\u00f4ne de la chanson fran\u00e7aise, Jane Birkin ? Eh bien, ne cherchez plus ! Dans cet article, nous\" \/>\n<meta name=\"robots\" content=\"index, follow, max-snippet:-1, max-image-preview:large, max-video-preview:-1\" \/>\n<link rel=\"canonical\" href=\"https:\/\/flashmode.tn\/magazine\/dans-quel-cimetiere-sera-enterree-jane-birkin-decouvrez-son-choix-emblematique-pour-sa-derniere-demeure\/\" \/>\n<meta property=\"og:locale\" content=\"fr_FR\" \/>\n<meta property=\"og:type\" content=\"article\" \/>\n<meta property=\"og:title\" content=\"Dans quel cimeti\u00e8re sera enterr\u00e9e Jane Birkin ? D\u00e9couvrez son choix embl\u00e9matique pour sa derni\u00e8re demeure. - Flashmode Magazine | Magazine de mode et style de vie Num\u00e9ro un en Tunisie et au Maghreb\" \/>\n<meta property=\"og:description\" content=\"Vous \u00eates-vous d\u00e9j\u00e0 demand\u00e9 dans quel cimeti\u00e8re reposera l&#039;ic\u00f4ne de la chanson fran\u00e7aise, Jane Birkin ? Eh bien, ne cherchez plus ! Dans cet article, nous\" \/>\n<meta property=\"og:url\" content=\"https:\/\/flashmode.tn\/magazine\/dans-quel-cimetiere-sera-enterree-jane-birkin-decouvrez-son-choix-emblematique-pour-sa-derniere-demeure\/\" \/>\n<meta property=\"og:site_name\" content=\"Flashmode Magazine | Magazine de mode et style de vie Num\u00e9ro un en Tunisie et au Maghreb\" \/>\n<meta property=\"article:publisher\" content=\"https:\/\/www.facebook.com\/flashmode.magazine\/\" \/>\n<meta property=\"article:published_time\" content=\"2024-03-12T01:59:16+00:00\" \/>\n<meta property=\"article:modified_time\" content=\"2024-04-04T11:13:06+00:00\" \/>\n<meta property=\"og:image\" content=\"https:\/\/flashmode.tn\/magazine\/wp-content\/uploads\/2024\/03\/Dans-quel-cimetiere-sera-enterree-Jane-Birkin-Decouvrez-son-choix-emblematique-pour-sa-derniere-demeure.png\" \/>\n\t<meta property=\"og:image:width\" content=\"1640\" \/>\n\t<meta property=\"og:image:height\" content=\"924\" \/>\n\t<meta property=\"og:image:type\" content=\"image\/png\" \/>\n<meta name=\"author\" content=\"The Daileigh\" \/>\n<meta name=\"twitter:card\" content=\"summary_large_image\" \/>\n<meta name=\"twitter:creator\" content=\"@agenceflashmode\" \/>\n<meta name=\"twitter:site\" content=\"@agenceflashmode\" \/>\n<meta name=\"twitter:label1\" content=\"\u00c9crit par\" \/>\n\t<meta name=\"twitter:data1\" content=\"The Daileigh\" \/>\n\t<meta name=\"twitter:label2\" content=\"Dur\u00e9e de lecture estim\u00e9e\" \/>\n\t<meta name=\"twitter:data2\" content=\"5 minutes\" \/>\n<script type=\"application\/ld+json\" class=\"yoast-schema-graph\">{\"@context\":\"https:\/\/schema.org\",\"@graph\":[{\"@type\":\"WebPage\",\"@id\":\"https:\/\/flashmode.tn\/magazine\/dans-quel-cimetiere-sera-enterree-jane-birkin-decouvrez-son-choix-emblematique-pour-sa-derniere-demeure\/\",\"url\":\"https:\/\/flashmode.tn\/magazine\/dans-quel-cimetiere-sera-enterree-jane-birkin-decouvrez-son-choix-emblematique-pour-sa-derniere-demeure\/\",\"name\":\"Dans quel cimeti\u00e8re sera enterr\u00e9e Jane Birkin ? D\u00e9couvrez son choix embl\u00e9matique pour sa derni\u00e8re demeure. - Flashmode Magazine | Magazine de mode et style de vie Num\u00e9ro un en Tunisie et au Maghreb\",\"isPartOf\":{\"@id\":\"https:\/\/flashmode.tn\/magazine\/#website\"},\"primaryImageOfPage\":{\"@id\":\"https:\/\/flashmode.tn\/magazine\/dans-quel-cimetiere-sera-enterree-jane-birkin-decouvrez-son-choix-emblematique-pour-sa-derniere-demeure\/#primaryimage\"},\"image\":{\"@id\":\"https:\/\/flashmode.tn\/magazine\/dans-quel-cimetiere-sera-enterree-jane-birkin-decouvrez-son-choix-emblematique-pour-sa-derniere-demeure\/#primaryimage\"},\"thumbnailUrl\":\"https:\/\/i0.wp.com\/flashmode.tn\/magazine\/wp-content\/uploads\/2024\/03\/Dans-quel-cimetiere-sera-enterree-Jane-Birkin-Decouvrez-son-choix-emblematique-pour-sa-derniere-demeure.png?fit=1640%2C924&ssl=1\",\"datePublished\":\"2024-03-12T01:59:16+00:00\",\"dateModified\":\"2024-04-04T11:13:06+00:00\",\"author\":{\"@id\":\"https:\/\/flashmode.tn\/magazine\/#\/schema\/person\/79940f8af94166a445dd5bd6b3137682\"},\"description\":\"Vous \u00eates-vous d\u00e9j\u00e0 demand\u00e9 dans quel cimeti\u00e8re reposera l'ic\u00f4ne de la chanson fran\u00e7aise, Jane Birkin ? Eh bien, ne cherchez plus ! Dans cet article, nous\",\"breadcrumb\":{\"@id\":\"https:\/\/flashmode.tn\/magazine\/dans-quel-cimetiere-sera-enterree-jane-birkin-decouvrez-son-choix-emblematique-pour-sa-derniere-demeure\/#breadcrumb\"},\"inLanguage\":\"fr-FR\",\"potentialAction\":[{\"@type\":\"ReadAction\",\"target\":[\"https:\/\/flashmode.tn\/magazine\/dans-quel-cimetiere-sera-enterree-jane-birkin-decouvrez-son-choix-emblematique-pour-sa-derniere-demeure\/\"]}]},{\"@type\":\"ImageObject\",\"inLanguage\":\"fr-FR\",\"@id\":\"https:\/\/flashmode.tn\/magazine\/dans-quel-cimetiere-sera-enterree-jane-birkin-decouvrez-son-choix-emblematique-pour-sa-derniere-demeure\/#primaryimage\",\"url\":\"https:\/\/i0.wp.com\/flashmode.tn\/magazine\/wp-content\/uploads\/2024\/03\/Dans-quel-cimetiere-sera-enterree-Jane-Birkin-Decouvrez-son-choix-emblematique-pour-sa-derniere-demeure.png?fit=1640%2C924&ssl=1\",\"contentUrl\":\"https:\/\/i0.wp.com\/flashmode.tn\/magazine\/wp-content\/uploads\/2024\/03\/Dans-quel-cimetiere-sera-enterree-Jane-Birkin-Decouvrez-son-choix-emblematique-pour-sa-derniere-demeure.png?fit=1640%2C924&ssl=1\",\"width\":1640,\"height\":924,\"caption\":\"Dans quel cimeti\u00e8re sera enterr\u00e9e Jane Birkin ? D\u00e9couvrez son choix embl\u00e9matique pour sa derni\u00e8re demeure.\"},{\"@type\":\"BreadcrumbList\",\"@id\":\"https:\/\/flashmode.tn\/magazine\/dans-quel-cimetiere-sera-enterree-jane-birkin-decouvrez-son-choix-emblematique-pour-sa-derniere-demeure\/#breadcrumb\",\"itemListElement\":[{\"@type\":\"ListItem\",\"position\":1,\"name\":\"Accueil\",\"item\":\"https:\/\/flashmode.tn\/magazine\/\"},{\"@type\":\"ListItem\",\"position\":2,\"name\":\"Dans quel cimeti\u00e8re sera enterr\u00e9e Jane Birkin ? D\u00e9couvrez son choix embl\u00e9matique pour sa derni\u00e8re demeure.\"}]},{\"@type\":\"WebSite\",\"@id\":\"https:\/\/flashmode.tn\/magazine\/#website\",\"url\":\"https:\/\/flashmode.tn\/magazine\/\",\"name\":\"Flashmode Magazine | Magazine de mode et style de vie Num\u00e9ro un en Tunisie et au Maghreb\",\"description\":\"Magazine de mode et style de vie Num\u00e9ro un en Tunisie et au Maghreb, cr\u00e9\u00e9 pour les hommes et les femmes : conseils beaut\u00e9, mode femme, mode homme, recettes de cuisine, c\u00e9l\u00e9brit\u00e9s et people, mannequins et top modeles\",\"potentialAction\":[{\"@type\":\"SearchAction\",\"target\":{\"@type\":\"EntryPoint\",\"urlTemplate\":\"https:\/\/flashmode.tn\/magazine\/?s={search_term_string}\"},\"query-input\":{\"@type\":\"PropertyValueSpecification\",\"valueRequired\":true,\"valueName\":\"search_term_string\"}}],\"inLanguage\":\"fr-FR\"},{\"@type\":\"Person\",\"@id\":\"https:\/\/flashmode.tn\/magazine\/#\/schema\/person\/79940f8af94166a445dd5bd6b3137682\",\"name\":\"The Daileigh\",\"image\":{\"@type\":\"ImageObject\",\"inLanguage\":\"fr-FR\",\"@id\":\"https:\/\/flashmode.tn\/magazine\/#\/schema\/person\/image\/\",\"url\":\"https:\/\/secure.gravatar.com\/avatar\/30d4d60865d61de3434abd01cb8b4ec5e5b5eb5a274017461832a54857b1770d?s=96&d=mm&r=g\",\"contentUrl\":\"https:\/\/secure.gravatar.com\/avatar\/30d4d60865d61de3434abd01cb8b4ec5e5b5eb5a274017461832a54857b1770d?s=96&d=mm&r=g\",\"caption\":\"The Daileigh\"},\"url\":\"https:\/\/flashmode.tn\/magazine\/author\/the-daileigh\/\"}]}<\/script>\n<!-- \/ Yoast SEO Premium plugin. -->","yoast_head_json":{"title":"Dans quel cimeti\u00e8re sera enterr\u00e9e Jane Birkin ? D\u00e9couvrez son choix embl\u00e9matique pour sa derni\u00e8re demeure. - Flashmode Magazine | Magazine de mode et style de vie Num\u00e9ro un en Tunisie et au Maghreb","description":"Vous \u00eates-vous d\u00e9j\u00e0 demand\u00e9 dans quel cimeti\u00e8re reposera l'ic\u00f4ne de la chanson fran\u00e7aise, Jane Birkin ? Eh bien, ne cherchez plus ! Dans cet article, nous","robots":{"index":"index","follow":"follow","max-snippet":"max-snippet:-1","max-image-preview":"max-image-preview:large","max-video-preview":"max-video-preview:-1"},"canonical":"https:\/\/flashmode.tn\/magazine\/dans-quel-cimetiere-sera-enterree-jane-birkin-decouvrez-son-choix-emblematique-pour-sa-derniere-demeure\/","og_locale":"fr_FR","og_type":"article","og_title":"Dans quel cimeti\u00e8re sera enterr\u00e9e Jane Birkin ? D\u00e9couvrez son choix embl\u00e9matique pour sa derni\u00e8re demeure. - Flashmode Magazine | Magazine de mode et style de vie Num\u00e9ro un en Tunisie et au Maghreb","og_description":"Vous \u00eates-vous d\u00e9j\u00e0 demand\u00e9 dans quel cimeti\u00e8re reposera l'ic\u00f4ne de la chanson fran\u00e7aise, Jane Birkin ? Eh bien, ne cherchez plus ! Dans cet article, nous","og_url":"https:\/\/flashmode.tn\/magazine\/dans-quel-cimetiere-sera-enterree-jane-birkin-decouvrez-son-choix-emblematique-pour-sa-derniere-demeure\/","og_site_name":"Flashmode Magazine | Magazine de mode et style de vie Num\u00e9ro un en Tunisie et au Maghreb","article_publisher":"https:\/\/www.facebook.com\/flashmode.magazine\/","article_published_time":"2024-03-12T01:59:16+00:00","article_modified_time":"2024-04-04T11:13:06+00:00","og_image":[{"width":1640,"height":924,"url":"https:\/\/flashmode.tn\/magazine\/wp-content\/uploads\/2024\/03\/Dans-quel-cimetiere-sera-enterree-Jane-Birkin-Decouvrez-son-choix-emblematique-pour-sa-derniere-demeure.png","type":"image\/png"}],"author":"The Daileigh","twitter_card":"summary_large_image","twitter_creator":"@agenceflashmode","twitter_site":"@agenceflashmode","twitter_misc":{"\u00c9crit par":"The Daileigh","Dur\u00e9e de lecture estim\u00e9e":"5 minutes"},"schema":{"@context":"https:\/\/schema.org","@graph":[{"@type":"WebPage","@id":"https:\/\/flashmode.tn\/magazine\/dans-quel-cimetiere-sera-enterree-jane-birkin-decouvrez-son-choix-emblematique-pour-sa-derniere-demeure\/","url":"https:\/\/flashmode.tn\/magazine\/dans-quel-cimetiere-sera-enterree-jane-birkin-decouvrez-son-choix-emblematique-pour-sa-derniere-demeure\/","name":"Dans quel cimeti\u00e8re sera enterr\u00e9e Jane Birkin ? D\u00e9couvrez son choix embl\u00e9matique pour sa derni\u00e8re demeure. - Flashmode Magazine | Magazine de mode et style de vie Num\u00e9ro un en Tunisie et au Maghreb","isPartOf":{"@id":"https:\/\/flashmode.tn\/magazine\/#website"},"primaryImageOfPage":{"@id":"https:\/\/flashmode.tn\/magazine\/dans-quel-cimetiere-sera-enterree-jane-birkin-decouvrez-son-choix-emblematique-pour-sa-derniere-demeure\/#primaryimage"},"image":{"@id":"https:\/\/flashmode.tn\/magazine\/dans-quel-cimetiere-sera-enterree-jane-birkin-decouvrez-son-choix-emblematique-pour-sa-derniere-demeure\/#primaryimage"},"thumbnailUrl":"https:\/\/i0.wp.com\/flashmode.tn\/magazine\/wp-content\/uploads\/2024\/03\/Dans-quel-cimetiere-sera-enterree-Jane-Birkin-Decouvrez-son-choix-emblematique-pour-sa-derniere-demeure.png?fit=1640%2C924&ssl=1","datePublished":"2024-03-12T01:59:16+00:00","dateModified":"2024-04-04T11:13:06+00:00","author":{"@id":"https:\/\/flashmode.tn\/magazine\/#\/schema\/person\/79940f8af94166a445dd5bd6b3137682"},"description":"Vous \u00eates-vous d\u00e9j\u00e0 demand\u00e9 dans quel cimeti\u00e8re reposera l'ic\u00f4ne de la chanson fran\u00e7aise, Jane Birkin ? Eh bien, ne cherchez plus ! Dans cet article, nous","breadcrumb":{"@id":"https:\/\/flashmode.tn\/magazine\/dans-quel-cimetiere-sera-enterree-jane-birkin-decouvrez-son-choix-emblematique-pour-sa-derniere-demeure\/#breadcrumb"},"inLanguage":"fr-FR","potentialAction":[{"@type":"ReadAction","target":["https:\/\/flashmode.tn\/magazine\/dans-quel-cimetiere-sera-enterree-jane-birkin-decouvrez-son-choix-emblematique-pour-sa-derniere-demeure\/"]}]},{"@type":"ImageObject","inLanguage":"fr-FR","@id":"https:\/\/flashmode.tn\/magazine\/dans-quel-cimetiere-sera-enterree-jane-birkin-decouvrez-son-choix-emblematique-pour-sa-derniere-demeure\/#primaryimage","url":"https:\/\/i0.wp.com\/flashmode.tn\/magazine\/wp-content\/uploads\/2024\/03\/Dans-quel-cimetiere-sera-enterree-Jane-Birkin-Decouvrez-son-choix-emblematique-pour-sa-derniere-demeure.png?fit=1640%2C924&ssl=1","contentUrl":"https:\/\/i0.wp.com\/flashmode.tn\/magazine\/wp-content\/uploads\/2024\/03\/Dans-quel-cimetiere-sera-enterree-Jane-Birkin-Decouvrez-son-choix-emblematique-pour-sa-derniere-demeure.png?fit=1640%2C924&ssl=1","width":1640,"height":924,"caption":"Dans quel cimeti\u00e8re sera enterr\u00e9e Jane Birkin ? D\u00e9couvrez son choix embl\u00e9matique pour sa derni\u00e8re demeure."},{"@type":"BreadcrumbList","@id":"https:\/\/flashmode.tn\/magazine\/dans-quel-cimetiere-sera-enterree-jane-birkin-decouvrez-son-choix-emblematique-pour-sa-derniere-demeure\/#breadcrumb","itemListElement":[{"@type":"ListItem","position":1,"name":"Accueil","item":"https:\/\/flashmode.tn\/magazine\/"},{"@type":"ListItem","position":2,"name":"Dans quel cimeti\u00e8re sera enterr\u00e9e Jane Birkin ? D\u00e9couvrez son choix embl\u00e9matique pour sa derni\u00e8re demeure."}]},{"@type":"WebSite","@id":"https:\/\/flashmode.tn\/magazine\/#website","url":"https:\/\/flashmode.tn\/magazine\/","name":"Flashmode Magazine | Magazine de mode et style de vie Num\u00e9ro un en Tunisie et au Maghreb","description":"Magazine de mode et style de vie Num\u00e9ro un en Tunisie et au Maghreb, cr\u00e9\u00e9 pour les hommes et les femmes : conseils beaut\u00e9, mode femme, mode homme, recettes de cuisine, c\u00e9l\u00e9brit\u00e9s et people, mannequins et top modeles","potentialAction":[{"@type":"SearchAction","target":{"@type":"EntryPoint","urlTemplate":"https:\/\/flashmode.tn\/magazine\/?s={search_term_string}"},"query-input":{"@type":"PropertyValueSpecification","valueRequired":true,"valueName":"search_term_string"}}],"inLanguage":"fr-FR"},{"@type":"Person","@id":"https:\/\/flashmode.tn\/magazine\/#\/schema\/person\/79940f8af94166a445dd5bd6b3137682","name":"The Daileigh","image":{"@type":"ImageObject","inLanguage":"fr-FR","@id":"https:\/\/flashmode.tn\/magazine\/#\/schema\/person\/image\/","url":"https:\/\/secure.gravatar.com\/avatar\/30d4d60865d61de3434abd01cb8b4ec5e5b5eb5a274017461832a54857b1770d?s=96&d=mm&r=g","contentUrl":"https:\/\/secure.gravatar.com\/avatar\/30d4d60865d61de3434abd01cb8b4ec5e5b5eb5a274017461832a54857b1770d?s=96&d=mm&r=g","caption":"The Daileigh"},"url":"https:\/\/flashmode.tn\/magazine\/author\/the-daileigh\/"}]}},"jetpack_publicize_connections":[],"jetpack_featured_media_url":"https:\/\/i0.wp.com\/flashmode.tn\/magazine\/wp-content\/uploads\/2024\/03\/Dans-quel-cimetiere-sera-enterree-Jane-Birkin-Decouvrez-son-choix-emblematique-pour-sa-derniere-demeure.png?fit=1640%2C924&ssl=1","jetpack_shortlink":"https:\/\/wp.me\/p8BPGr-ro8","jetpack_sharing_enabled":true,"_links":{"self":[{"href":"https:\/\/flashmode.tn\/magazine\/wp-json\/wp\/v2\/posts\/105284","targetHints":{"allow":["GET"]}}],"collection":[{"href":"https:\/\/flashmode.tn\/magazine\/wp-json\/wp\/v2\/posts"}],"about":[{"href":"https:\/\/flashmode.tn\/magazine\/wp-json\/wp\/v2\/types\/post"}],"author":[{"embeddable":true,"href":"https:\/\/flashmode.tn\/magazine\/wp-json\/wp\/v2\/users\/8"}],"replies":[{"embeddable":true,"href":"https:\/\/flashmode.tn\/magazine\/wp-json\/wp\/v2\/comments?post=105284"}],"version-history":[{"count":2,"href":"https:\/\/flashmode.tn\/magazine\/wp-json\/wp\/v2\/posts\/105284\/revisions"}],"predecessor-version":[{"id":161554,"href":"https:\/\/flashmode.tn\/magazine\/wp-json\/wp\/v2\/posts\/105284\/revisions\/161554"}],"wp:featuredmedia":[{"embeddable":true,"href":"https:\/\/flashmode.tn\/magazine\/wp-json\/wp\/v2\/media\/161553"}],"wp:attachment":[{"href":"https:\/\/flashmode.tn\/magazine\/wp-json\/wp\/v2\/media?parent=105284"}],"wp:term":[{"taxonomy":"category","embeddable":true,"href":"https:\/\/flashmode.tn\/magazine\/wp-json\/wp\/v2\/categories?post=105284"},{"taxonomy":"post_tag","embeddable":true,"href":"https:\/\/flashmode.tn\/magazine\/wp-json\/wp\/v2\/tags?post=105284"}],"curies":[{"name":"wp","href":"https:\/\/api.w.org\/{rel}","templated":true}]}}