{"id":106596,"date":"2024-03-12T03:27:29","date_gmt":"2024-03-12T02:27:29","guid":{"rendered":"https:\/\/flashmode.tn\/magazine\/?p=106596"},"modified":"2024-04-05T09:44:50","modified_gmt":"2024-04-05T07:44:50","slug":"coupe-de-cheveux-femme-carre","status":"publish","type":"post","link":"https:\/\/flashmode.tn\/magazine\/coupe-de-cheveux-femme-carre\/","title":{"rendered":"Coupe de cheveux femme carr\u00e9 : les tendances capillaires incontournables de 2023"},"content":{"rendered":"\n<p>D\u00e9couvrez le secret ultime pour une transformation capillaire \u00e0 couper le souffle : la coupe de cheveux femme carr\u00e9 ! Du carr\u00e9 lisse intemporel au carr\u00e9 d\u00e9grad\u00e9 rajeunissant en passant par le c\u00e9l\u00e8bre carr\u00e9 \u00ab\u00a0bob\u00a0\u00bb, plongez dans l&rsquo;univers infini des possibilit\u00e9s de cette coupe embl\u00e9matique. En 2023, la tendance du carr\u00e9 r\u00e9volutionne le monde de la coiffure, et nous sommes l\u00e0 pour vous guider \u00e0 travers les derni\u00e8res tendances, les conseils d&rsquo;entretien essentiels et les pr\u00e9dictions de 2024. Pr\u00e9parez-vous \u00e0 \u00eatre inspir\u00e9 par les coupes au carr\u00e9 des c\u00e9l\u00e9brit\u00e9s et \u00e0 ma\u00eetriser l&rsquo;art du carr\u00e9 lisse parfait. Que vous soyez \u00e0 la recherche d&rsquo;\u00e9l\u00e9gance, de simplicit\u00e9 ou de volume, le carr\u00e9 est l\u00e0 pour r\u00e9pondre \u00e0 tous vos d\u00e9sirs capillaires. Alors, pr\u00eates \u00e0 plonger dans l&rsquo;univers envo\u00fbtant du carr\u00e9 de cheveux ?<\/p>\n\n\n\n<div id=\"ez-toc-container\" class=\"ez-toc-v2_0_81 counter-hierarchy ez-toc-counter ez-toc-grey ez-toc-container-direction\">\n<div class=\"ez-toc-title-container\">\n<p class=\"ez-toc-title\" style=\"cursor:inherit\">Contenus de la page<\/p>\n<span class=\"ez-toc-title-toggle\"><a href=\"#\" class=\"ez-toc-pull-right ez-toc-btn ez-toc-btn-xs ez-toc-btn-default ez-toc-toggle\" aria-label=\"Toggle Table of Content\"><span class=\"ez-toc-js-icon-con\"><span class=\"\"><span class=\"eztoc-hide\" style=\"display:none;\">Toggle<\/span><span class=\"ez-toc-icon-toggle-span\"><svg style=\"fill: #999;color:#999\" xmlns=\"http:\/\/www.w3.org\/2000\/svg\" class=\"list-377408\" width=\"20px\" height=\"20px\" viewBox=\"0 0 24 24\" fill=\"none\"><path d=\"M6 6H4v2h2V6zm14 0H8v2h12V6zM4 11h2v2H4v-2zm16 0H8v2h12v-2zM4 16h2v2H4v-2zm16 0H8v2h12v-2z\" fill=\"currentColor\"><\/path><\/svg><svg style=\"fill: #999;color:#999\" class=\"arrow-unsorted-368013\" xmlns=\"http:\/\/www.w3.org\/2000\/svg\" width=\"10px\" height=\"10px\" viewBox=\"0 0 24 24\" version=\"1.2\" baseProfile=\"tiny\"><path d=\"M18.2 9.3l-6.2-6.3-6.2 6.3c-.2.2-.3.4-.3.7s.1.5.3.7c.2.2.4.3.7.3h11c.3 0 .5-.1.7-.3.2-.2.3-.5.3-.7s-.1-.5-.3-.7zM5.8 14.7l6.2 6.3 6.2-6.3c.2-.2.3-.5.3-.7s-.1-.5-.3-.7c-.2-.2-.4-.3-.7-.3h-11c-.3 0-.5.1-.7.3-.2.2-.3.5-.3.7s.1.5.3.7z\"\/><\/svg><\/span><\/span><\/span><\/a><\/span><\/div>\n<nav><ul class='ez-toc-list ez-toc-list-level-1 ' ><ul class='ez-toc-list-level-3' ><li class='ez-toc-heading-level-3'><a class=\"ez-toc-link ez-toc-heading-1\" href=\"https:\/\/flashmode.tn\/magazine\/coupe-de-cheveux-femme-carre\/#Points_a_retenir\" >Points \u00e0 retenir :<\/a><\/li><\/ul><\/li><li class='ez-toc-page-1 ez-toc-heading-level-2'><a class=\"ez-toc-link ez-toc-heading-2\" href=\"https:\/\/flashmode.tn\/magazine\/coupe-de-cheveux-femme-carre\/#La_Butterfly_Haircut_la_revolution_capillaire_de_2023\" >La Butterfly Haircut : la r\u00e9volution capillaire de 2023<\/a><ul class='ez-toc-list-level-3' ><li class='ez-toc-heading-level-3'><a class=\"ez-toc-link ez-toc-heading-3\" href=\"https:\/\/flashmode.tn\/magazine\/coupe-de-cheveux-femme-carre\/#Leffet_rajeunissant_du_carre_degrade_chez_les_celebrites\" >L&rsquo;effet rajeunissant du carr\u00e9 d\u00e9grad\u00e9 chez les c\u00e9l\u00e9brit\u00e9s<\/a><\/li><li class='ez-toc-page-1 ez-toc-heading-level-3'><a class=\"ez-toc-link ez-toc-heading-4\" href=\"https:\/\/flashmode.tn\/magazine\/coupe-de-cheveux-femme-carre\/#Le_carre_%C2%AB_bob_%C2%BB_le_choix_de_lelegance_a_60_ans\" >Le carr\u00e9 \u00ab\u00a0bob\u00a0\u00bb : le choix de l&rsquo;\u00e9l\u00e9gance \u00e0 60 ans<\/a><\/li><li class='ez-toc-page-1 ez-toc-heading-level-3'><a class=\"ez-toc-link ez-toc-heading-5\" href=\"https:\/\/flashmode.tn\/magazine\/coupe-de-cheveux-femme-carre\/#Des_astuces_pour_un_visage_visiblement_rajeuni\" >Des astuces pour un visage visiblement rajeuni<\/a><\/li><\/ul><\/li><li class='ez-toc-page-1 ez-toc-heading-level-2'><a class=\"ez-toc-link ez-toc-heading-6\" href=\"https:\/\/flashmode.tn\/magazine\/coupe-de-cheveux-femme-carre\/#Les_carres_tendance_une_multitude_de_possibilites\" >Les carr\u00e9s tendance : une multitude de possibilit\u00e9s<\/a><ul class='ez-toc-list-level-3' ><li class='ez-toc-heading-level-3'><a class=\"ez-toc-link ez-toc-heading-7\" href=\"https:\/\/flashmode.tn\/magazine\/coupe-de-cheveux-femme-carre\/#Le_carre_hauteur_epaule_entre_elegance_et_simplicite\" >Le carr\u00e9 hauteur \u00e9paule : entre \u00e9l\u00e9gance et simplicit\u00e9<\/a><\/li><li class='ez-toc-page-1 ez-toc-heading-level-3'><a class=\"ez-toc-link ez-toc-heading-8\" href=\"https:\/\/flashmode.tn\/magazine\/coupe-de-cheveux-femme-carre\/#Le_choix_des_celebrites_des_coupes_au_carre_inspirantes\" >Le choix des c\u00e9l\u00e9brit\u00e9s : des coupes au carr\u00e9 inspirantes<\/a><\/li><li class='ez-toc-page-1 ez-toc-heading-level-3'><a class=\"ez-toc-link ez-toc-heading-9\" href=\"https:\/\/flashmode.tn\/magazine\/coupe-de-cheveux-femme-carre\/#Le_carre_flou_une_tendance_volumineuse_et_legere\" >Le carr\u00e9 flou : une tendance volumineuse et l\u00e9g\u00e8re<\/a><\/li><\/ul><\/li><li class='ez-toc-page-1 ez-toc-heading-level-2'><a class=\"ez-toc-link ez-toc-heading-10\" href=\"https:\/\/flashmode.tn\/magazine\/coupe-de-cheveux-femme-carre\/#Le_carre_lisse_une_coiffure_pour_toutes\" >Le carr\u00e9 lisse : une coiffure pour toutes<\/a><ul class='ez-toc-list-level-3' ><li class='ez-toc-heading-level-3'><a class=\"ez-toc-link ez-toc-heading-11\" href=\"https:\/\/flashmode.tn\/magazine\/coupe-de-cheveux-femme-carre\/#Conseils_pour_un_carre_lisse_parfait\" >Conseils pour un carr\u00e9 lisse parfait<\/a><\/li><li class='ez-toc-page-1 ez-toc-heading-level-3'><a class=\"ez-toc-link ez-toc-heading-12\" href=\"https:\/\/flashmode.tn\/magazine\/coupe-de-cheveux-femme-carre\/#Inspirations_de_carres_lisses_pour_toutes_les_occasions\" >Inspirations de carr\u00e9s lisses pour toutes les occasions<\/a><\/li><\/ul><\/li><li class='ez-toc-page-1 ez-toc-heading-level-2'><a class=\"ez-toc-link ez-toc-heading-13\" href=\"https:\/\/flashmode.tn\/magazine\/coupe-de-cheveux-femme-carre\/#Le_carre_chic_et_tendance_de_2024\" >Le carr\u00e9 chic et tendance de 2024<\/a><ul class='ez-toc-list-level-3' ><li class='ez-toc-heading-level-3'><a class=\"ez-toc-link ez-toc-heading-14\" href=\"https:\/\/flashmode.tn\/magazine\/coupe-de-cheveux-femme-carre\/#Le_carre_de_2024_predictions_et_tendances_a_venir\" >Le carr\u00e9 de 2024 : pr\u00e9dictions et tendances \u00e0 venir<\/a><\/li><\/ul><\/li><li class='ez-toc-page-1 ez-toc-heading-level-2'><a class=\"ez-toc-link ez-toc-heading-15\" href=\"https:\/\/flashmode.tn\/magazine\/coupe-de-cheveux-femme-carre\/#Conseils_pratiques_pour_entretenir_son_carre\" >Conseils pratiques pour entretenir son carr\u00e9<\/a><ul class='ez-toc-list-level-3' ><li class='ez-toc-heading-level-3'><a class=\"ez-toc-link ez-toc-heading-16\" href=\"https:\/\/flashmode.tn\/magazine\/coupe-de-cheveux-femme-carre\/#Les_gestes_essentiels_pour_un_carre_toujours_au_top\" >Les gestes essentiels pour un carr\u00e9 toujours au top<\/a><\/li><\/ul><\/li><\/ul><\/nav><\/div>\n<h3 class=\"wp-block-heading\" id=\"h-points-a-retenir\"><span class=\"ez-toc-section\" id=\"Points_a_retenir\"><\/span>Points \u00e0 retenir :<span class=\"ez-toc-section-end\"><\/span><\/h3>\n\n\n\n<ul class=\"wp-block-list\">\n<li>La coupe de cheveux la plus tendance en 2023 est la Butterfly Haircut, succ\u00e9dant \u00e0 la Wolf Cut et \u00e0 l&rsquo;Octopus Haircut.<\/li>\n\n\n\n<li>Le carr\u00e9 d\u00e9grad\u00e9 est particuli\u00e8rement flatteur et rajeunissant, adopt\u00e9 par des c\u00e9l\u00e9brit\u00e9s telles que Meg Ryan et Jennifer Aniston.<\/li>\n\n\n\n<li>\u00c0 60 ans, la coupe de cheveux recommand\u00e9e est le carr\u00e9 \u00ab\u00a0bob\u00a0\u00bb, davantage d\u00e9structur\u00e9 pour apporter du volume aux cheveux.<\/li>\n\n\n\n<li>La frange rideau ou des m\u00e8ches sur le c\u00f4t\u00e9 permettent d&rsquo;adoucir les traits et de rajeunir le visage, en plus du carr\u00e9 mi-long d\u00e9grad\u00e9 qui est tr\u00e8s tendance.<\/li>\n<\/ul>\n\n\n\n<h2 class=\"wp-block-heading\" id=\"h-la-butterfly-haircut-la-revolution-capillaire-de-2023\"><span class=\"ez-toc-section\" id=\"La_Butterfly_Haircut_la_revolution_capillaire_de_2023\"><\/span>La Butterfly Haircut : la r\u00e9volution capillaire de 2023<span class=\"ez-toc-section-end\"><\/span><\/h2>\n\n\n\n<p>Dans le monde en perp\u00e9tuel mouvement de la coiffure, <strong>la coupe de cheveux femme carr\u00e9<\/strong> se r\u00e9invente continuellement. Pour 2023, c&rsquo;est la <strong>Butterfly Haircut<\/strong> qui s&rsquo;impose comme tendance incontournable, succ\u00e9dant \u00e0 des styles originaux comme la Wolf Cut et la Octopus Haircut. Avec une augmentation des requ\u00eates sur Google de +12 432 % compar\u00e9 \u00e0 l&rsquo;ann\u00e9e pr\u00e9c\u00e9dente, elle est sans conteste la coupe de l&rsquo;ann\u00e9e.<\/p>\n\n\n\n<h3 class=\"wp-block-heading\" id=\"h-l-effet-rajeunissant-du-carre-degrade-chez-les-celebrites\"><span class=\"ez-toc-section\" id=\"Leffet_rajeunissant_du_carre_degrade_chez_les_celebrites\"><\/span>L&rsquo;effet rajeunissant du carr\u00e9 d\u00e9grad\u00e9 chez les c\u00e9l\u00e9brit\u00e9s<span class=\"ez-toc-section-end\"><\/span><\/h3>\n\n\n\n<p>Le carr\u00e9 d\u00e9grad\u00e9 est pl\u00e9biscit\u00e9 pour son effet rajeunissant, ce qui explique pourquoi il a \u00e9t\u00e9 choisi par des ic\u00f4nes telles que Meg Ryan et Jennifer Aniston. Ces derni\u00e8res ont sublim\u00e9 ce style en version carr\u00e9 long, apportant une touche de fra\u00eecheur et de dynamisme \u00e0 leur image.<\/p>\n\n\n\n<h3 class=\"wp-block-heading\" id=\"h-le-carre-bob-le-choix-de-l-elegance-a-60-ans\"><span class=\"ez-toc-section\" id=\"Le_carre_%C2%AB_bob_%C2%BB_le_choix_de_lelegance_a_60_ans\"><\/span>Le carr\u00e9 \u00ab\u00a0bob\u00a0\u00bb : le choix de l&rsquo;\u00e9l\u00e9gance \u00e0 60 ans<span class=\"ez-toc-section-end\"><\/span><\/h3>\n\n\n\n<p>\u00c0 60 ans, il est essentiel de trouver une coupe qui allie \u00e9l\u00e9gance et volume. Le carr\u00e9 \u00ab\u00a0bob\u00a0\u00bb, plus d\u00e9structur\u00e9, se pr\u00e9sente comme la solution id\u00e9ale pour celles qui souhaitent insuffler un air de jeunesse \u00e0 leur chevelure. Il permet d&rsquo;obtenir une coiffure dynamique et moderne, adapt\u00e9e aux besoins des femmes de cette tranche d&rsquo;\u00e2ge.<\/p>\n\n\n\n<h3 class=\"wp-block-heading\" id=\"h-des-astuces-pour-un-visage-visiblement-rajeuni\"><span class=\"ez-toc-section\" id=\"Des_astuces_pour_un_visage_visiblement_rajeuni\"><\/span>Des astuces pour un visage visiblement rajeuni<span class=\"ez-toc-section-end\"><\/span><\/h3>\n\n\n\n<p>La frange rideau et les m\u00e8ches sur le c\u00f4t\u00e9 ne sont pas seulement des d\u00e9tails esth\u00e9tiques, ils sont aussi de v\u00e9ritables alli\u00e9s pour adoucir les traits du visage. Combin\u00e9s avec un carr\u00e9 mi-long d\u00e9grad\u00e9, ils permettent de sculpter le visage et de lui donner un coup de jeune, en t\u00e9moigne la popularit\u00e9 de ces styles.<\/p>\n\n\n\n<h2 class=\"wp-block-heading\" id=\"h-les-carres-tendance-une-multitude-de-possibilites\"><span class=\"ez-toc-section\" id=\"Les_carres_tendance_une_multitude_de_possibilites\"><\/span>Les carr\u00e9s tendance : une multitude de possibilit\u00e9s<span class=\"ez-toc-section-end\"><\/span><\/h2>\n\n\n\n<p>Le carr\u00e9 est une coupe versatile qui se d\u00e9cline en une multitude de variations, chacune apportant sa propre personnalit\u00e9. Qu&rsquo;il soit hauteur \u00e9paule, bob ou long, le carr\u00e9 reste un classique ind\u00e9modable.<\/p>\n\n\n\n<h3 class=\"wp-block-heading\" id=\"h-le-carre-hauteur-epaule-entre-elegance-et-simplicite\"><span class=\"ez-toc-section\" id=\"Le_carre_hauteur_epaule_entre_elegance_et_simplicite\"><\/span>Le carr\u00e9 hauteur \u00e9paule : entre \u00e9l\u00e9gance et simplicit\u00e9<span class=\"ez-toc-section-end\"><\/span><\/h3>\n\n\n\n<p>Ce style est parfait pour celles qui cherchent un compromis entre les cheveux longs et les coupes plus radicales. Facile \u00e0 coiffer et \u00e0 entretenir, le carr\u00e9 \u00e0 hauteur d&rsquo;\u00e9paule s&rsquo;adapte \u00e0 tous les types de cheveux, en particulier lorsqu&rsquo;il est mis en valeur par des Rooted Highlights, pour un effet naturel et une touche de modernit\u00e9.<\/p>\n\n\n\n<h3 class=\"wp-block-heading\" id=\"h-le-choix-des-celebrites-des-coupes-au-carre-inspirantes\"><span class=\"ez-toc-section\" id=\"Le_choix_des_celebrites_des_coupes_au_carre_inspirantes\"><\/span>Le choix des c\u00e9l\u00e9brit\u00e9s : des coupes au carr\u00e9 inspirantes<span class=\"ez-toc-section-end\"><\/span><\/h3>\n\n\n\n<p>Les c\u00e9l\u00e9brit\u00e9s sont souvent des r\u00e9f\u00e9rences en mati\u00e8re de tendances capillaires. Des coupes comme le carr\u00e9 doux adopt\u00e9 par L\u00e9a Seydoux ou le carr\u00e9 sophistiqu\u00e9 id\u00e9al pour les cheveux fins, prouvent qu&rsquo;une coupe bien choisie peut transformer une apparence. Ces styles sont parfaits pour donner du volume et du mouvement \u00e0 la chevelure.<\/p>\n\n\n\n<h3 class=\"wp-block-heading\" id=\"h-le-carre-flou-une-tendance-volumineuse-et-legere\"><span class=\"ez-toc-section\" id=\"Le_carre_flou_une_tendance_volumineuse_et_legere\"><\/span>Le carr\u00e9 flou : une tendance volumineuse et l\u00e9g\u00e8re<span class=\"ez-toc-section-end\"><\/span><\/h3>\n\n\n\n<p>Le carr\u00e9 flou est une version plus d\u00e9contract\u00e9e du carr\u00e9 classique. Il offre volume et l\u00e9g\u00e8ret\u00e9, brisant le c\u00f4t\u00e9 parfois trop strict de cette coupe intemporelle. C&rsquo;est une option id\u00e9ale pour celles qui souhaitent un style \u00e0 la fois moderne et facile \u00e0 vivre.<\/p>\n\n\n\n<h2 class=\"wp-block-heading\" id=\"h-le-carre-lisse-une-coiffure-pour-toutes\"><span class=\"ez-toc-section\" id=\"Le_carre_lisse_une_coiffure_pour_toutes\"><\/span>Le carr\u00e9 lisse : une coiffure pour toutes<span class=\"ez-toc-section-end\"><\/span><\/h2>\n\n\n\n<p>Le carr\u00e9 lisse est une valeur s\u00fbre pour celles qui privil\u00e9gient l&rsquo;\u00e9l\u00e9gance et la simplicit\u00e9. Cette coupe est particuli\u00e8rement versatile et s&rsquo;adapte \u00e0 diverses formes de visage et types de cheveux. Pour adopter ce look intemporel, voici quelques inspirations et conseils.<\/p>\n\n\n\n<h3 class=\"wp-block-heading\" id=\"h-conseils-pour-un-carre-lisse-parfait\"><span class=\"ez-toc-section\" id=\"Conseils_pour_un_carre_lisse_parfait\"><\/span>Conseils pour un carr\u00e9 lisse parfait<span class=\"ez-toc-section-end\"><\/span><\/h3>\n\n\n\n<ul class=\"wp-block-list\">\n<li>Optez pour un lissage professionnel pour un rendu impeccable.<\/li>\n\n\n\n<li>Utilisez des produits de protection thermique pour pr\u00e9server la sant\u00e9 de vos cheveux.<\/li>\n\n\n\n<li>Privil\u00e9giez les soins lissants pour maintenir la douceur et la brillance de la coupe.<\/li>\n<\/ul>\n\n\n\n<h3 class=\"wp-block-heading\" id=\"h-inspirations-de-carres-lisses-pour-toutes-les-occasions\"><span class=\"ez-toc-section\" id=\"Inspirations_de_carres_lisses_pour_toutes_les_occasions\"><\/span>Inspirations de carr\u00e9s lisses pour toutes les occasions<span class=\"ez-toc-section-end\"><\/span><\/h3>\n\n\n\n<p>Que ce soit pour un \u00e9v\u00e9nement formel ou pour le quotidien, le carr\u00e9 lisse se pr\u00eate \u00e0 toutes les situations. Il peut \u00eatre associ\u00e9 \u00e0 une frange droite pour un c\u00f4t\u00e9 plus sophistiqu\u00e9 ou port\u00e9 en arri\u00e8re pour un style plus d\u00e9contract\u00e9.<\/p>\n\n\n\n<h2 class=\"wp-block-heading\" id=\"h-le-carre-chic-et-tendance-de-2024\"><span class=\"ez-toc-section\" id=\"Le_carre_chic_et_tendance_de_2024\"><\/span>Le carr\u00e9 chic et tendance de 2024<span class=\"ez-toc-section-end\"><\/span><\/h2>\n\n\n\n<p>L&rsquo;ann\u00e9e 2024 s&rsquo;annonce d\u00e9j\u00e0 riche en tendances capillaires, avec des coupes au carr\u00e9 qui promettent d&rsquo;\u00eatre \u00e0 la fois chic et tendance. Les femmes d\u00e9sireuses de changer de look trouveront dans le carr\u00e9 une source intarissable d&rsquo;inspiration pour rester \u00e0 la pointe de la mode.<\/p>\n\n\n\n<h3 class=\"wp-block-heading\" id=\"h-le-carre-de-2024-predictions-et-tendances-a-venir\"><span class=\"ez-toc-section\" id=\"Le_carre_de_2024_predictions_et_tendances_a_venir\"><\/span>Le carr\u00e9 de 2024 : pr\u00e9dictions et tendances \u00e0 venir<span class=\"ez-toc-section-end\"><\/span><\/h3>\n\n\n\n<p>Les pr\u00e9dictions pour 2024 sugg\u00e8rent un retour aux coupes structur\u00e9es et d\u00e9finies, avec des carr\u00e9s aux lignes nettes et des textures travaill\u00e9es. La coupe au carr\u00e9 continuera d&rsquo;\u00e9voluer, se parant de nouvelles nuances et de finitions innovantes pour s\u00e9duire une client\u00e8le toujours plus exigeante.<\/p>\n\n\n\n<h2 class=\"wp-block-heading\" id=\"h-conseils-pratiques-pour-entretenir-son-carre\"><span class=\"ez-toc-section\" id=\"Conseils_pratiques_pour_entretenir_son_carre\"><\/span>Conseils pratiques pour entretenir son carr\u00e9<span class=\"ez-toc-section-end\"><\/span><\/h2>\n\n\n\n<p>Peu importe le style de carr\u00e9 que vous choisissez, l&rsquo;entretien est essentiel pour pr\u00e9server sa forme et sa texture. Voici quelques conseils pour garder votre carr\u00e9 impeccable.<\/p>\n\n\n\n<h3 class=\"wp-block-heading\" id=\"h-les-gestes-essentiels-pour-un-carre-toujours-au-top\"><span class=\"ez-toc-section\" id=\"Les_gestes_essentiels_pour_un_carre_toujours_au_top\"><\/span>Les gestes essentiels pour un carr\u00e9 toujours au top<span class=\"ez-toc-section-end\"><\/span><\/h3>\n\n\n\n<ol class=\"wp-block-list\">\n<li>Maintenez une routine de coupe r\u00e9guli\u00e8re pour \u00e9viter les pointes fourchues.<\/li>\n\n\n\n<li>Utilisez des soins adapt\u00e9s \u00e0 votre type de cheveux pour renforcer la fibre capillaire.<\/li>\n\n\n\n<li>Pr\u00e9f\u00e9rez le s\u00e9chage naturel ou \u00e0 basse temp\u00e9rature pour pr\u00e9server la structure de vos cheveux.<\/li>\n<\/ol>\n\n\n\n<p>En suivant ces conseils et en puisant dans les inspirations tendance de 2023 et 2024, vous serez en mesure de choisir la coupe de cheveux femme carr\u00e9 qui vous correspondra le mieux. Le carr\u00e9 est d\u00e9cid\u00e9ment une coupe qui traverse le temps, se r\u00e9inventant \u00e0 chaque saison pour le plaisir de toutes celles qui aiment la mode et la coiffure.<\/p>\n\n\n\n<p><strong>Quelle est la coupe de cheveux la plus tendance en 2023 ?<\/strong> La Butterfly Haircut \u00e9tait d\u00e9j\u00e0 annonc\u00e9e comme la coupe de cheveux pour femme la plus tendance de 2023. Succ\u00e9dant \u00e0 la Wolf Cut et \u00e0 l&rsquo;Octopus Haircut, la coupe \u00ab papillon \u00bb monopolise les requ\u00eates sur Google : + 12 432 %, compar\u00e9 \u00e0 l&rsquo;ann\u00e9e derni\u00e8re.<\/p>\n\n\n\n<p><strong>Quel carr\u00e9 \u00e0 50 ans ? Quel carr\u00e9 apr\u00e8s 50 ans ?<\/strong> La coupe au carr\u00e9 est l&rsquo;une des plus flatteuses apr\u00e8s 50 ans, mais le carr\u00e9 d\u00e9grad\u00e9 a tout particuli\u00e8rement un effet rajeunissant. Ce n&rsquo;est pas un hasard si r\u00e9cemment il a \u00e9t\u00e9 adopt\u00e9 par Meg Ryan ou encore, dans sa version carr\u00e9 long, par Jennifer Aniston.<\/p>\n\n\n\n<p><strong>Quelle coupe au carr\u00e9 \u00e0 60 ans ?<\/strong> Mais \u00e0 60 ans, il est pr\u00e9f\u00e9rable d&rsquo;adopter le carr\u00e9 \u00ab\u00a0bob\u00a0\u00bb. Cette version de la coiffure est davantage d\u00e9structur\u00e9e, ce qui permet d&rsquo;apporter du volume aux cheveux.<\/p>\n\n\n\n<p><strong>Quelle est la coupe de cheveux qui rajeunit ?<\/strong> La frange rideau ou des m\u00e8ches sur le c\u00f4t\u00e9 permettent \u00e9galement d&rsquo;adoucir les traits et donc de rajeunir le visage.<\/p>\n","protected":false},"excerpt":{"rendered":"<p>D\u00e9couvrez le secret ultime pour une transformation capillaire \u00e0 couper le souffle : la coupe de cheveux femme carr\u00e9 ! Du carr\u00e9 lisse intemporel au carr\u00e9 d\u00e9grad\u00e9 rajeunissant en passant par le c\u00e9l\u00e8bre carr\u00e9 \u00ab\u00a0bob\u00a0\u00bb, plongez dans l&rsquo;univers infini des possibilit\u00e9s de cette coupe embl\u00e9matique. En 2023, la tendance du carr\u00e9 r\u00e9volutionne le monde de [&hellip;]<\/p>\n","protected":false},"author":8,"featured_media":161634,"comment_status":"open","ping_status":"open","sticky":false,"template":"","format":"standard","meta":{"tdm_status":"","tdm_grid_status":"","_jetpack_memberships_contains_paid_content":false,"footnotes":"","jetpack_publicize_message":"","jetpack_publicize_feature_enabled":true,"jetpack_social_post_already_shared":true,"jetpack_social_options":{"image_generator_settings":{"template":"highway","default_image_id":0,"font":"","enabled":false},"version":2}},"categories":[76],"tags":[],"class_list":["post-106596","post","type-post","status-publish","format-standard","has-post-thumbnail","hentry","category-mode"],"yoast_head":"<!-- This site is optimized with the Yoast SEO Premium plugin v25.0 (Yoast SEO v25.0) - https:\/\/yoast.com\/wordpress\/plugins\/seo\/ -->\n<title>Coupe de cheveux femme carr\u00e9 : les tendances capillaires incontournables de 2023 - Flashmode Magazine | Magazine de mode et style de vie Num\u00e9ro un en Tunisie et au Maghreb<\/title>\n<meta name=\"description\" content=\"D\u00e9couvrez le secret ultime pour une transformation capillaire \u00e0 couper le souffle : la coupe de cheveux femme carr\u00e9 ! Du carr\u00e9 lisse intemporel au carr\u00e9\" \/>\n<meta name=\"robots\" content=\"index, follow, max-snippet:-1, max-image-preview:large, max-video-preview:-1\" \/>\n<link rel=\"canonical\" href=\"https:\/\/flashmode.tn\/magazine\/coupe-de-cheveux-femme-carre\/\" \/>\n<meta property=\"og:locale\" content=\"fr_FR\" \/>\n<meta property=\"og:type\" content=\"article\" \/>\n<meta property=\"og:title\" content=\"Coupe de cheveux femme carr\u00e9 : les tendances capillaires incontournables de 2023 - Flashmode Magazine | Magazine de mode et style de vie Num\u00e9ro un en Tunisie et au Maghreb\" \/>\n<meta property=\"og:description\" content=\"D\u00e9couvrez le secret ultime pour une transformation capillaire \u00e0 couper le souffle : la coupe de cheveux femme carr\u00e9 ! Du carr\u00e9 lisse intemporel au carr\u00e9\" \/>\n<meta property=\"og:url\" content=\"https:\/\/flashmode.tn\/magazine\/coupe-de-cheveux-femme-carre\/\" \/>\n<meta property=\"og:site_name\" content=\"Flashmode Magazine | Magazine de mode et style de vie Num\u00e9ro un en Tunisie et au Maghreb\" \/>\n<meta property=\"article:publisher\" content=\"https:\/\/www.facebook.com\/flashmode.magazine\/\" \/>\n<meta property=\"article:published_time\" content=\"2024-03-12T02:27:29+00:00\" \/>\n<meta property=\"article:modified_time\" content=\"2024-04-05T07:44:50+00:00\" \/>\n<meta property=\"og:image\" content=\"https:\/\/flashmode.tn\/magazine\/wp-content\/uploads\/2024\/03\/Coupe-de-cheveux-femme-carre-les-tendances-capillaires-incontournables-de-2023.png\" \/>\n\t<meta property=\"og:image:width\" content=\"1640\" \/>\n\t<meta property=\"og:image:height\" content=\"924\" \/>\n\t<meta property=\"og:image:type\" content=\"image\/png\" \/>\n<meta name=\"author\" content=\"The Daileigh\" \/>\n<meta name=\"twitter:card\" content=\"summary_large_image\" \/>\n<meta name=\"twitter:creator\" content=\"@agenceflashmode\" \/>\n<meta name=\"twitter:site\" content=\"@agenceflashmode\" \/>\n<meta name=\"twitter:label1\" content=\"\u00c9crit par\" \/>\n\t<meta name=\"twitter:data1\" content=\"The Daileigh\" \/>\n\t<meta name=\"twitter:label2\" content=\"Dur\u00e9e de lecture estim\u00e9e\" \/>\n\t<meta name=\"twitter:data2\" content=\"7 minutes\" \/>\n<script type=\"application\/ld+json\" class=\"yoast-schema-graph\">{\"@context\":\"https:\/\/schema.org\",\"@graph\":[{\"@type\":\"WebPage\",\"@id\":\"https:\/\/flashmode.tn\/magazine\/coupe-de-cheveux-femme-carre\/\",\"url\":\"https:\/\/flashmode.tn\/magazine\/coupe-de-cheveux-femme-carre\/\",\"name\":\"Coupe de cheveux femme carr\u00e9 : les tendances capillaires incontournables de 2023 - Flashmode Magazine | Magazine de mode et style de vie Num\u00e9ro un en Tunisie et au Maghreb\",\"isPartOf\":{\"@id\":\"https:\/\/flashmode.tn\/magazine\/#website\"},\"primaryImageOfPage\":{\"@id\":\"https:\/\/flashmode.tn\/magazine\/coupe-de-cheveux-femme-carre\/#primaryimage\"},\"image\":{\"@id\":\"https:\/\/flashmode.tn\/magazine\/coupe-de-cheveux-femme-carre\/#primaryimage\"},\"thumbnailUrl\":\"https:\/\/i0.wp.com\/flashmode.tn\/magazine\/wp-content\/uploads\/2024\/03\/Coupe-de-cheveux-femme-carre-les-tendances-capillaires-incontournables-de-2023.png?fit=1640%2C924&ssl=1\",\"datePublished\":\"2024-03-12T02:27:29+00:00\",\"dateModified\":\"2024-04-05T07:44:50+00:00\",\"author\":{\"@id\":\"https:\/\/flashmode.tn\/magazine\/#\/schema\/person\/79940f8af94166a445dd5bd6b3137682\"},\"description\":\"D\u00e9couvrez le secret ultime pour une transformation capillaire \u00e0 couper le souffle : la coupe de cheveux femme carr\u00e9 ! Du carr\u00e9 lisse intemporel au carr\u00e9\",\"breadcrumb\":{\"@id\":\"https:\/\/flashmode.tn\/magazine\/coupe-de-cheveux-femme-carre\/#breadcrumb\"},\"inLanguage\":\"fr-FR\",\"potentialAction\":[{\"@type\":\"ReadAction\",\"target\":[\"https:\/\/flashmode.tn\/magazine\/coupe-de-cheveux-femme-carre\/\"]}]},{\"@type\":\"ImageObject\",\"inLanguage\":\"fr-FR\",\"@id\":\"https:\/\/flashmode.tn\/magazine\/coupe-de-cheveux-femme-carre\/#primaryimage\",\"url\":\"https:\/\/i0.wp.com\/flashmode.tn\/magazine\/wp-content\/uploads\/2024\/03\/Coupe-de-cheveux-femme-carre-les-tendances-capillaires-incontournables-de-2023.png?fit=1640%2C924&ssl=1\",\"contentUrl\":\"https:\/\/i0.wp.com\/flashmode.tn\/magazine\/wp-content\/uploads\/2024\/03\/Coupe-de-cheveux-femme-carre-les-tendances-capillaires-incontournables-de-2023.png?fit=1640%2C924&ssl=1\",\"width\":1640,\"height\":924,\"caption\":\"Coupe de cheveux femme carr\u00e9 : les tendances capillaires incontournables de 2023\"},{\"@type\":\"BreadcrumbList\",\"@id\":\"https:\/\/flashmode.tn\/magazine\/coupe-de-cheveux-femme-carre\/#breadcrumb\",\"itemListElement\":[{\"@type\":\"ListItem\",\"position\":1,\"name\":\"Accueil\",\"item\":\"https:\/\/flashmode.tn\/magazine\/\"},{\"@type\":\"ListItem\",\"position\":2,\"name\":\"Coupe de cheveux femme carr\u00e9 : les tendances capillaires incontournables de 2023\"}]},{\"@type\":\"WebSite\",\"@id\":\"https:\/\/flashmode.tn\/magazine\/#website\",\"url\":\"https:\/\/flashmode.tn\/magazine\/\",\"name\":\"Flashmode Magazine | Magazine de mode et style de vie Num\u00e9ro un en Tunisie et au Maghreb\",\"description\":\"Magazine de mode et style de vie Num\u00e9ro un en Tunisie et au Maghreb, cr\u00e9\u00e9 pour les hommes et les femmes : conseils beaut\u00e9, mode femme, mode homme, recettes de cuisine, c\u00e9l\u00e9brit\u00e9s et people, mannequins et top modeles\",\"potentialAction\":[{\"@type\":\"SearchAction\",\"target\":{\"@type\":\"EntryPoint\",\"urlTemplate\":\"https:\/\/flashmode.tn\/magazine\/?s={search_term_string}\"},\"query-input\":{\"@type\":\"PropertyValueSpecification\",\"valueRequired\":true,\"valueName\":\"search_term_string\"}}],\"inLanguage\":\"fr-FR\"},{\"@type\":\"Person\",\"@id\":\"https:\/\/flashmode.tn\/magazine\/#\/schema\/person\/79940f8af94166a445dd5bd6b3137682\",\"name\":\"The Daileigh\",\"image\":{\"@type\":\"ImageObject\",\"inLanguage\":\"fr-FR\",\"@id\":\"https:\/\/flashmode.tn\/magazine\/#\/schema\/person\/image\/\",\"url\":\"https:\/\/secure.gravatar.com\/avatar\/30d4d60865d61de3434abd01cb8b4ec5e5b5eb5a274017461832a54857b1770d?s=96&d=mm&r=g\",\"contentUrl\":\"https:\/\/secure.gravatar.com\/avatar\/30d4d60865d61de3434abd01cb8b4ec5e5b5eb5a274017461832a54857b1770d?s=96&d=mm&r=g\",\"caption\":\"The Daileigh\"},\"url\":\"https:\/\/flashmode.tn\/magazine\/author\/the-daileigh\/\"}]}<\/script>\n<!-- \/ Yoast SEO Premium plugin. -->","yoast_head_json":{"title":"Coupe de cheveux femme carr\u00e9 : les tendances capillaires incontournables de 2023 - Flashmode Magazine | Magazine de mode et style de vie Num\u00e9ro un en Tunisie et au Maghreb","description":"D\u00e9couvrez le secret ultime pour une transformation capillaire \u00e0 couper le souffle : la coupe de cheveux femme carr\u00e9 ! Du carr\u00e9 lisse intemporel au carr\u00e9","robots":{"index":"index","follow":"follow","max-snippet":"max-snippet:-1","max-image-preview":"max-image-preview:large","max-video-preview":"max-video-preview:-1"},"canonical":"https:\/\/flashmode.tn\/magazine\/coupe-de-cheveux-femme-carre\/","og_locale":"fr_FR","og_type":"article","og_title":"Coupe de cheveux femme carr\u00e9 : les tendances capillaires incontournables de 2023 - Flashmode Magazine | Magazine de mode et style de vie Num\u00e9ro un en Tunisie et au Maghreb","og_description":"D\u00e9couvrez le secret ultime pour une transformation capillaire \u00e0 couper le souffle : la coupe de cheveux femme carr\u00e9 ! Du carr\u00e9 lisse intemporel au carr\u00e9","og_url":"https:\/\/flashmode.tn\/magazine\/coupe-de-cheveux-femme-carre\/","og_site_name":"Flashmode Magazine | Magazine de mode et style de vie Num\u00e9ro un en Tunisie et au Maghreb","article_publisher":"https:\/\/www.facebook.com\/flashmode.magazine\/","article_published_time":"2024-03-12T02:27:29+00:00","article_modified_time":"2024-04-05T07:44:50+00:00","og_image":[{"width":1640,"height":924,"url":"https:\/\/flashmode.tn\/magazine\/wp-content\/uploads\/2024\/03\/Coupe-de-cheveux-femme-carre-les-tendances-capillaires-incontournables-de-2023.png","type":"image\/png"}],"author":"The Daileigh","twitter_card":"summary_large_image","twitter_creator":"@agenceflashmode","twitter_site":"@agenceflashmode","twitter_misc":{"\u00c9crit par":"The Daileigh","Dur\u00e9e de lecture estim\u00e9e":"7 minutes"},"schema":{"@context":"https:\/\/schema.org","@graph":[{"@type":"WebPage","@id":"https:\/\/flashmode.tn\/magazine\/coupe-de-cheveux-femme-carre\/","url":"https:\/\/flashmode.tn\/magazine\/coupe-de-cheveux-femme-carre\/","name":"Coupe de cheveux femme carr\u00e9 : les tendances capillaires incontournables de 2023 - Flashmode Magazine | Magazine de mode et style de vie Num\u00e9ro un en Tunisie et au Maghreb","isPartOf":{"@id":"https:\/\/flashmode.tn\/magazine\/#website"},"primaryImageOfPage":{"@id":"https:\/\/flashmode.tn\/magazine\/coupe-de-cheveux-femme-carre\/#primaryimage"},"image":{"@id":"https:\/\/flashmode.tn\/magazine\/coupe-de-cheveux-femme-carre\/#primaryimage"},"thumbnailUrl":"https:\/\/i0.wp.com\/flashmode.tn\/magazine\/wp-content\/uploads\/2024\/03\/Coupe-de-cheveux-femme-carre-les-tendances-capillaires-incontournables-de-2023.png?fit=1640%2C924&ssl=1","datePublished":"2024-03-12T02:27:29+00:00","dateModified":"2024-04-05T07:44:50+00:00","author":{"@id":"https:\/\/flashmode.tn\/magazine\/#\/schema\/person\/79940f8af94166a445dd5bd6b3137682"},"description":"D\u00e9couvrez le secret ultime pour une transformation capillaire \u00e0 couper le souffle : la coupe de cheveux femme carr\u00e9 ! Du carr\u00e9 lisse intemporel au carr\u00e9","breadcrumb":{"@id":"https:\/\/flashmode.tn\/magazine\/coupe-de-cheveux-femme-carre\/#breadcrumb"},"inLanguage":"fr-FR","potentialAction":[{"@type":"ReadAction","target":["https:\/\/flashmode.tn\/magazine\/coupe-de-cheveux-femme-carre\/"]}]},{"@type":"ImageObject","inLanguage":"fr-FR","@id":"https:\/\/flashmode.tn\/magazine\/coupe-de-cheveux-femme-carre\/#primaryimage","url":"https:\/\/i0.wp.com\/flashmode.tn\/magazine\/wp-content\/uploads\/2024\/03\/Coupe-de-cheveux-femme-carre-les-tendances-capillaires-incontournables-de-2023.png?fit=1640%2C924&ssl=1","contentUrl":"https:\/\/i0.wp.com\/flashmode.tn\/magazine\/wp-content\/uploads\/2024\/03\/Coupe-de-cheveux-femme-carre-les-tendances-capillaires-incontournables-de-2023.png?fit=1640%2C924&ssl=1","width":1640,"height":924,"caption":"Coupe de cheveux femme carr\u00e9 : les tendances capillaires incontournables de 2023"},{"@type":"BreadcrumbList","@id":"https:\/\/flashmode.tn\/magazine\/coupe-de-cheveux-femme-carre\/#breadcrumb","itemListElement":[{"@type":"ListItem","position":1,"name":"Accueil","item":"https:\/\/flashmode.tn\/magazine\/"},{"@type":"ListItem","position":2,"name":"Coupe de cheveux femme carr\u00e9 : les tendances capillaires incontournables de 2023"}]},{"@type":"WebSite","@id":"https:\/\/flashmode.tn\/magazine\/#website","url":"https:\/\/flashmode.tn\/magazine\/","name":"Flashmode Magazine | Magazine de mode et style de vie Num\u00e9ro un en Tunisie et au Maghreb","description":"Magazine de mode et style de vie Num\u00e9ro un en Tunisie et au Maghreb, cr\u00e9\u00e9 pour les hommes et les femmes : conseils beaut\u00e9, mode femme, mode homme, recettes de cuisine, c\u00e9l\u00e9brit\u00e9s et people, mannequins et top modeles","potentialAction":[{"@type":"SearchAction","target":{"@type":"EntryPoint","urlTemplate":"https:\/\/flashmode.tn\/magazine\/?s={search_term_string}"},"query-input":{"@type":"PropertyValueSpecification","valueRequired":true,"valueName":"search_term_string"}}],"inLanguage":"fr-FR"},{"@type":"Person","@id":"https:\/\/flashmode.tn\/magazine\/#\/schema\/person\/79940f8af94166a445dd5bd6b3137682","name":"The Daileigh","image":{"@type":"ImageObject","inLanguage":"fr-FR","@id":"https:\/\/flashmode.tn\/magazine\/#\/schema\/person\/image\/","url":"https:\/\/secure.gravatar.com\/avatar\/30d4d60865d61de3434abd01cb8b4ec5e5b5eb5a274017461832a54857b1770d?s=96&d=mm&r=g","contentUrl":"https:\/\/secure.gravatar.com\/avatar\/30d4d60865d61de3434abd01cb8b4ec5e5b5eb5a274017461832a54857b1770d?s=96&d=mm&r=g","caption":"The Daileigh"},"url":"https:\/\/flashmode.tn\/magazine\/author\/the-daileigh\/"}]}},"jetpack_publicize_connections":[],"jetpack_featured_media_url":"https:\/\/i0.wp.com\/flashmode.tn\/magazine\/wp-content\/uploads\/2024\/03\/Coupe-de-cheveux-femme-carre-les-tendances-capillaires-incontournables-de-2023.png?fit=1640%2C924&ssl=1","jetpack_shortlink":"https:\/\/wp.me\/p8BPGr-rJi","jetpack_sharing_enabled":true,"_links":{"self":[{"href":"https:\/\/flashmode.tn\/magazine\/wp-json\/wp\/v2\/posts\/106596","targetHints":{"allow":["GET"]}}],"collection":[{"href":"https:\/\/flashmode.tn\/magazine\/wp-json\/wp\/v2\/posts"}],"about":[{"href":"https:\/\/flashmode.tn\/magazine\/wp-json\/wp\/v2\/types\/post"}],"author":[{"embeddable":true,"href":"https:\/\/flashmode.tn\/magazine\/wp-json\/wp\/v2\/users\/8"}],"replies":[{"embeddable":true,"href":"https:\/\/flashmode.tn\/magazine\/wp-json\/wp\/v2\/comments?post=106596"}],"version-history":[{"count":2,"href":"https:\/\/flashmode.tn\/magazine\/wp-json\/wp\/v2\/posts\/106596\/revisions"}],"predecessor-version":[{"id":161635,"href":"https:\/\/flashmode.tn\/magazine\/wp-json\/wp\/v2\/posts\/106596\/revisions\/161635"}],"wp:featuredmedia":[{"embeddable":true,"href":"https:\/\/flashmode.tn\/magazine\/wp-json\/wp\/v2\/media\/161634"}],"wp:attachment":[{"href":"https:\/\/flashmode.tn\/magazine\/wp-json\/wp\/v2\/media?parent=106596"}],"wp:term":[{"taxonomy":"category","embeddable":true,"href":"https:\/\/flashmode.tn\/magazine\/wp-json\/wp\/v2\/categories?post=106596"},{"taxonomy":"post_tag","embeddable":true,"href":"https:\/\/flashmode.tn\/magazine\/wp-json\/wp\/v2\/tags?post=106596"}],"curies":[{"name":"wp","href":"https:\/\/api.w.org\/{rel}","templated":true}]}}