{"id":106656,"date":"2024-03-12T03:40:51","date_gmt":"2024-03-12T02:40:51","guid":{"rendered":"https:\/\/flashmode.tn\/magazine\/?p=106656"},"modified":"2024-04-05T13:17:59","modified_gmt":"2024-04-05T11:17:59","slug":"disparition-lina-et-tao","status":"publish","type":"post","link":"https:\/\/flashmode.tn\/magazine\/disparition-lina-et-tao\/","title":{"rendered":"Disparition Lina et Tao : Les myst\u00e8res r\u00e9v\u00e9l\u00e9s et les cons\u00e9quences sur leur entourage"},"content":{"rendered":"\n<p>La disparition de Lina et Tao a captiv\u00e9 l&rsquo;attention du public, suscitant des sp\u00e9culations et des th\u00e9ories intrigantes. Dans cet article, nous plongeons dans ce myst\u00e8re troublant, explorant les r\u00e9v\u00e9lations de Tao, les \u00e9l\u00e9ments troublants relev\u00e9s par les enqu\u00eateurs, et l&rsquo;impact d\u00e9chirant sur l&rsquo;entourage de Lina. Accrochez-vous, car nous allons d\u00e9m\u00ealer ensemble les fils de cette affaire captivante.<\/p>\n\n\n\n<div id=\"ez-toc-container\" class=\"ez-toc-v2_0_81 counter-hierarchy ez-toc-counter ez-toc-grey ez-toc-container-direction\">\n<div class=\"ez-toc-title-container\">\n<p class=\"ez-toc-title\" style=\"cursor:inherit\">Contenus de la page<\/p>\n<span class=\"ez-toc-title-toggle\"><a href=\"#\" class=\"ez-toc-pull-right ez-toc-btn ez-toc-btn-xs ez-toc-btn-default ez-toc-toggle\" aria-label=\"Toggle Table of Content\"><span class=\"ez-toc-js-icon-con\"><span class=\"\"><span class=\"eztoc-hide\" style=\"display:none;\">Toggle<\/span><span class=\"ez-toc-icon-toggle-span\"><svg style=\"fill: #999;color:#999\" xmlns=\"http:\/\/www.w3.org\/2000\/svg\" class=\"list-377408\" width=\"20px\" height=\"20px\" viewBox=\"0 0 24 24\" fill=\"none\"><path d=\"M6 6H4v2h2V6zm14 0H8v2h12V6zM4 11h2v2H4v-2zm16 0H8v2h12v-2zM4 16h2v2H4v-2zm16 0H8v2h12v-2z\" fill=\"currentColor\"><\/path><\/svg><svg style=\"fill: #999;color:#999\" class=\"arrow-unsorted-368013\" xmlns=\"http:\/\/www.w3.org\/2000\/svg\" width=\"10px\" height=\"10px\" viewBox=\"0 0 24 24\" version=\"1.2\" baseProfile=\"tiny\"><path d=\"M18.2 9.3l-6.2-6.3-6.2 6.3c-.2.2-.3.4-.3.7s.1.5.3.7c.2.2.4.3.7.3h11c.3 0 .5-.1.7-.3.2-.2.3-.5.3-.7s-.1-.5-.3-.7zM5.8 14.7l6.2 6.3 6.2-6.3c.2-.2.3-.5.3-.7s-.1-.5-.3-.7c-.2-.2-.4-.3-.7-.3h-11c-.3 0-.5.1-.7.3-.2.2-.3.5-.3.7s.1.5.3.7z\"\/><\/svg><\/span><\/span><\/span><\/a><\/span><\/div>\n<nav><ul class='ez-toc-list ez-toc-list-level-1 ' ><ul class='ez-toc-list-level-3' ><li class='ez-toc-heading-level-3'><a class=\"ez-toc-link ez-toc-heading-1\" href=\"https:\/\/flashmode.tn\/magazine\/disparition-lina-et-tao\/#Points_a_retenir\" >Points \u00e0 retenir :<\/a><\/li><\/ul><\/li><li class='ez-toc-page-1 ez-toc-heading-level-2'><a class=\"ez-toc-link ez-toc-heading-2\" href=\"https:\/\/flashmode.tn\/magazine\/disparition-lina-et-tao\/#La_disparition_mysterieuse_de_Lina_et_les_revelations_de_Tao\" >La disparition myst\u00e9rieuse de Lina et les r\u00e9v\u00e9lations de Tao<\/a><\/li><li class='ez-toc-page-1 ez-toc-heading-level-2'><a class=\"ez-toc-link ez-toc-heading-3\" href=\"https:\/\/flashmode.tn\/magazine\/disparition-lina-et-tao\/#Les_speculations_et_theories_autour_de_la_disparition_de_Lina\" >Les sp\u00e9culations et th\u00e9ories autour de la disparition de Lina<\/a><ul class='ez-toc-list-level-3' ><li class='ez-toc-heading-level-3'><a class=\"ez-toc-link ez-toc-heading-4\" href=\"https:\/\/flashmode.tn\/magazine\/disparition-lina-et-tao\/#La_prise_de_parole_de_Tao\" >La prise de parole de Tao<\/a><\/li><\/ul><\/li><li class='ez-toc-page-1 ez-toc-heading-level-2'><a class=\"ez-toc-link ez-toc-heading-5\" href=\"https:\/\/flashmode.tn\/magazine\/disparition-lina-et-tao\/#Les_elements_intrigants_releves_par_les_enqueteurs\" >Les \u00e9l\u00e9ments intrigants relev\u00e9s par les enqu\u00eateurs<\/a><\/li><li class='ez-toc-page-1 ez-toc-heading-level-2'><a class=\"ez-toc-link ez-toc-heading-6\" href=\"https:\/\/flashmode.tn\/magazine\/disparition-lina-et-tao\/#Limpact_de_la_disparition_de_Lina_sur_son_entourage\" >L&rsquo;impact de la disparition de Lina sur son entourage<\/a><ul class='ez-toc-list-level-3' ><li class='ez-toc-heading-level-3'><a class=\"ez-toc-link ez-toc-heading-7\" href=\"https:\/\/flashmode.tn\/magazine\/disparition-lina-et-tao\/#Les_consequences_sur_la_famille_de_Lina\" >Les cons\u00e9quences sur la famille de Lina<\/a><\/li><\/ul><\/li><li class='ez-toc-page-1 ez-toc-heading-level-2'><a class=\"ez-toc-link ez-toc-heading-8\" href=\"https:\/\/flashmode.tn\/magazine\/disparition-lina-et-tao\/#La_poursuite_de_lenquete_sur_la_disparition_de_Lina\" >La poursuite de l&rsquo;enqu\u00eate sur la disparition de Lina<\/a><ul class='ez-toc-list-level-3' ><li class='ez-toc-heading-level-3'><a class=\"ez-toc-link ez-toc-heading-9\" href=\"https:\/\/flashmode.tn\/magazine\/disparition-lina-et-tao\/#La_question_de_la_culpabilite_de_Tao\" >La question de la culpabilit\u00e9 de Tao<\/a><\/li><\/ul><\/li><li class='ez-toc-page-1 ez-toc-heading-level-2'><a class=\"ez-toc-link ez-toc-heading-10\" href=\"https:\/\/flashmode.tn\/magazine\/disparition-lina-et-tao\/#Conclusion_Limportance_de_la_verite_et_de_la_justice\" >Conclusion : L&rsquo;importance de la v\u00e9rit\u00e9 et de la justice<\/a><\/li><\/ul><\/nav><\/div>\n<h3 class=\"wp-block-heading\" id=\"h-points-a-retenir\"><span class=\"ez-toc-section\" id=\"Points_a_retenir\"><\/span>Points \u00e0 retenir :<span class=\"ez-toc-section-end\"><\/span><\/h3>\n\n\n\n<ul class=\"wp-block-list\">\n<li>La disparition de Lina, 15 ans, a suscit\u00e9 de nombreuses sp\u00e9culations et th\u00e9ories.<\/li>\n\n\n\n<li>Le petit ami de Lina, Tao, a finalement bris\u00e9 le silence apr\u00e8s pr\u00e8s de deux mois de disparition de Lina.<\/li>\n\n\n\n<li>Des rumeurs et th\u00e9ories curieuses ont circul\u00e9, y compris une possible relation entre Tao et la m\u00e8re de Lina.<\/li>\n\n\n\n<li>Des \u00e9l\u00e9ments intrigants ont \u00e9veill\u00e9 l&rsquo;attention des enqu\u00eateurs, notamment la pr\u00e9sence de Tao la veille de la disparition de Lina.<\/li>\n\n\n\n<li>La disparition de Lina a eu un impact sur son entourage, y compris son amie Sandra qui a partag\u00e9 des d\u00e9tails dans une interview.<\/li>\n\n\n\n<li>La m\u00e8re de Lina a \u00e9t\u00e9 la cible de rumeurs, mais l&rsquo;enqu\u00eate sur la disparition de Lina continue.<\/li>\n<\/ul>\n\n\n\n<h2 class=\"wp-block-heading\" id=\"h-la-disparition-mysterieuse-de-lina-et-les-revelations-de-tao\"><span class=\"ez-toc-section\" id=\"La_disparition_mysterieuse_de_Lina_et_les_revelations_de_Tao\"><\/span>La disparition myst\u00e9rieuse de Lina et les r\u00e9v\u00e9lations de Tao<span class=\"ez-toc-section-end\"><\/span><\/h2>\n\n\n\n<p>La communaut\u00e9 de Saint-Blaise-La-Roche est en \u00e9moi depuis la <strong>disparition de Lina<\/strong>, une adolescente de 15 ans, qui a laiss\u00e9 derri\u00e8re elle un voile d\u2019incertitude et de nombreuses questions sans r\u00e9ponses. Son petit ami, <strong>Tao<\/strong>, a \u00e9t\u00e9 sous les projecteurs depuis cet \u00e9v\u00e9nement tragique, et apr\u00e8s de longues semaines de silence, il a finalement d\u00e9cid\u00e9 de partager sa version des faits.<\/p>\n\n\n\n<h2 class=\"wp-block-heading\" id=\"h-les-speculations-et-theories-autour-de-la-disparition-de-lina\"><span class=\"ez-toc-section\" id=\"Les_speculations_et_theories_autour_de_la_disparition_de_Lina\"><\/span>Les sp\u00e9culations et th\u00e9ories autour de la disparition de Lina<span class=\"ez-toc-section-end\"><\/span><\/h2>\n\n\n\n<p>Depuis le <strong>samedi 23 septembre 2023<\/strong>, le sort de Lina est devenu une source de sp\u00e9culations incessantes. Les th\u00e9ories abondent, certaines allant jusqu&rsquo;\u00e0 sugg\u00e9rer une possible <strong>relation entre Tao et la m\u00e8re de Lina<\/strong>. Ces rumeurs ont \u00e9t\u00e9 amplifi\u00e9es par des individus sur internet, y compris un youtubeur qui a induit une telle rumeur, conduisant \u00e0 une plainte pour diffamation de la part de la m\u00e8re de Lina.<\/p>\n\n\n\n<h3 class=\"wp-block-heading\" id=\"h-la-prise-de-parole-de-tao\"><span class=\"ez-toc-section\" id=\"La_prise_de_parole_de_Tao\"><\/span>La prise de parole de Tao<span class=\"ez-toc-section-end\"><\/span><\/h3>\n\n\n\n<p>Face \u00e0 la pression croissante et aux rumeurs, Tao a finalement choisi de briser le silence. Dans une d\u00e9marche aussi d\u00e9sesp\u00e9r\u00e9e que courageuse, il proclame son innocence et cherche \u00e0 dissiper les doutes qui p\u00e8sent lourdement sur lui. Cette r\u00e9v\u00e9lation a relanc\u00e9 l&rsquo;int\u00e9r\u00eat dans l&rsquo;affaire, et a apport\u00e9 un nouvel \u00e9clairage sur les \u00e9v\u00e9nements pr\u00e9c\u00e9dant la <strong>disparition de Lina<\/strong>.<\/p>\n\n\n\n<h2 class=\"wp-block-heading\" id=\"h-les-elements-intrigants-releves-par-les-enqueteurs\"><span class=\"ez-toc-section\" id=\"Les_elements_intrigants_releves_par_les_enqueteurs\"><\/span>Les \u00e9l\u00e9ments intrigants relev\u00e9s par les enqu\u00eateurs<span class=\"ez-toc-section-end\"><\/span><\/h2>\n\n\n\n<p>Les enqu\u00eateurs se sont pench\u00e9s sur plusieurs indices troublants. Notamment, ils ont not\u00e9 la pr\u00e9sence de Tao la veille de la disparition, post\u00e9 dans sa voiture devant le domicile de Lina. Cet \u00e9l\u00e9ment soul\u00e8ve des questions quant \u00e0 son r\u00f4le potentiel dans cette affaire. Les <strong>6 \u00e9l\u00e9ments qui ont \u00e9veill\u00e9 l&rsquo;attention des enqu\u00eateurs<\/strong> restent confidentiels, mais la pr\u00e9sence de Tao ce jour-l\u00e0 est un fait \u00e9tabli.<\/p>\n\n\n\n<h2 class=\"wp-block-heading\" id=\"h-l-impact-de-la-disparition-de-lina-sur-son-entourage\"><span class=\"ez-toc-section\" id=\"Limpact_de_la_disparition_de_Lina_sur_son_entourage\"><\/span>L&rsquo;impact de la disparition de Lina sur son entourage<span class=\"ez-toc-section-end\"><\/span><\/h2>\n\n\n\n<p>L\u2019absence de Lina a laiss\u00e9 un vide immense dans le c\u0153ur de ses proches. Son amie Sandra, notamment, a partag\u00e9 des d\u00e9tails poignants dans une interview, t\u00e9moignant de la douleur et de la confusion qui r\u00e8gnent depuis la disparition de l\u2019adolescente. Ces t\u00e9moignages sont venus ajouter un aspect humain \u00e0 une affaire d\u00e9j\u00e0 charg\u00e9e d&rsquo;\u00e9motions.<\/p>\n\n\n\n<h3 class=\"wp-block-heading\" id=\"h-les-consequences-sur-la-famille-de-lina\"><span class=\"ez-toc-section\" id=\"Les_consequences_sur_la_famille_de_Lina\"><\/span>Les cons\u00e9quences sur la famille de Lina<span class=\"ez-toc-section-end\"><\/span><\/h3>\n\n\n\n<p>La m\u00e8re de Lina, en particulier, a \u00e9t\u00e9 la cible de rumeurs malveillantes. Cet engagement \u00e9motionnel intense est un rappel douloureux que derri\u00e8re chaque fait divers, il y a des personnes r\u00e9elles qui souffrent. La m\u00e8re de Lina a d\u00fb g\u00e9rer non seulement l&rsquo;absence de sa fille mais aussi les attaques personnelles de ceux qui cherchent \u00e0 profiter de cette trag\u00e9die.<\/p>\n\n\n\n<h2 class=\"wp-block-heading\" id=\"h-la-poursuite-de-l-enquete-sur-la-disparition-de-lina\"><span class=\"ez-toc-section\" id=\"La_poursuite_de_lenquete_sur_la_disparition_de_Lina\"><\/span>La poursuite de l&rsquo;enqu\u00eate sur la disparition de Lina<span class=\"ez-toc-section-end\"><\/span><\/h2>\n\n\n\n<p>Malgr\u00e9 les rumeurs et les th\u00e9ories, l&rsquo;enqu\u00eate officielle continue. Les autorit\u00e9s cherchent \u00e0 d\u00e9m\u00ealer les faits de la fiction, \u00e0 suivre toutes les pistes possibles pour d\u00e9couvrir ce qui est arriv\u00e9 \u00e0 Lina. La disparition d&rsquo;une personne est un puzzle complexe, et dans le cas de Lina, chaque jour sans r\u00e9ponse rend le myst\u00e8re plus profond.<\/p>\n\n\n\n<h3 class=\"wp-block-heading\" id=\"h-la-question-de-la-culpabilite-de-tao\"><span class=\"ez-toc-section\" id=\"La_question_de_la_culpabilite_de_Tao\"><\/span>La question de la culpabilit\u00e9 de Tao<span class=\"ez-toc-section-end\"><\/span><\/h3>\n\n\n\n<p>La communaut\u00e9 et les m\u00e9dias se sont interrog\u00e9s sur le r\u00f4le que Tao aurait pu jouer. Bien qu&rsquo;il ne soit pas officiellement accus\u00e9, le poids du doute p\u00e8se sur lui, et il devra faire face \u00e0 ces soup\u00e7ons jusqu&rsquo;\u00e0 ce que la v\u00e9rit\u00e9 \u00e9clate. Son t\u00e9moignage r\u00e9cent est un \u00e9l\u00e9ment crucial pour les enqu\u00eateurs qui tentent de reconstituer le fil des \u00e9v\u00e9nements.<\/p>\n\n\n\n<h2 class=\"wp-block-heading\" id=\"h-conclusion-l-importance-de-la-verite-et-de-la-justice\"><span class=\"ez-toc-section\" id=\"Conclusion_Limportance_de_la_verite_et_de_la_justice\"><\/span>Conclusion : L&rsquo;importance de la v\u00e9rit\u00e9 et de la justice<span class=\"ez-toc-section-end\"><\/span><\/h2>\n\n\n\n<p>La disparition de Lina n&rsquo;est pas seulement une affaire pour les enqu\u00eateurs, c&rsquo;est une \u00e9preuve d\u00e9chirante pour tous ceux qui la connaissent. Il est crucial de s\u00e9parer les faits des fictions, les v\u00e9ritables pistes des rumeurs infond\u00e9es. Au c\u0153ur de cette tourmente, la v\u00e9rit\u00e9 demeure l&rsquo;objectif ultime, car c&rsquo;est elle qui apportera la paix \u00e0 sa famille et permettra \u00e0 la justice de pr\u00e9valoir.<\/p>\n\n\n\n<p>Tandis que la communaut\u00e9 de Saint-Blaise-La-Roche attend des r\u00e9ponses, nous sommes tous rappel\u00e9s \u00e0 l&rsquo;importance de la prudence dans nos jugements et de la compassion envers ceux qui souffrent. La <strong>disparition de Lina<\/strong> reste une \u00e9nigme, mais c&rsquo;est l&rsquo;espoir de la retrouver saine et sauve qui continue de guider les efforts de tous.<\/p>\n\n\n\n<p><strong>1. Qui est Lina et quel \u00e2ge a-t-elle ?<\/strong><br>Lina est une adolescente de 15 ans qui a myst\u00e9rieusement disparu \u00e0 Saint-Blaise-La-Roche.<\/p>\n\n\n\n<p><strong>2. Qui est Tao et quel lien a-t-il avec Lina ?<\/strong><br>Tao est le petit ami de Lina, et il a finalement bris\u00e9 le silence apr\u00e8s pr\u00e8s de deux mois de disparition de Lina.<\/p>\n\n\n\n<p><strong>3. Quelles rumeurs ont circul\u00e9 concernant la disparition de Lina ?<\/strong><br>Des rumeurs et th\u00e9ories curieuses ont circul\u00e9, y compris une possible relation entre Tao et la m\u00e8re de Lina.<\/p>\n\n\n\n<p><strong>4. Quels \u00e9l\u00e9ments ont \u00e9veill\u00e9 l&rsquo;attention des enqu\u00eateurs dans l&rsquo;affaire de la disparition de Lina ?<\/strong><br>Des \u00e9l\u00e9ments intrigants ont \u00e9veill\u00e9 l&rsquo;attention des enqu\u00eateurs, notamment la pr\u00e9sence de Tao la veille de la disparition de Lina.<\/p>\n\n\n\n<p><strong>5. Comment la disparition de Lina a-t-elle affect\u00e9 son entourage ?<\/strong><br>La disparition de Lina a eu un impact sur son entourage, y compris son amie Sandra qui a partag\u00e9 des d\u00e9tails dans une interview.<\/p>\n","protected":false},"excerpt":{"rendered":"<p>La disparition de Lina et Tao a captiv\u00e9 l&rsquo;attention du public, suscitant des sp\u00e9culations et des th\u00e9ories intrigantes. Dans cet article, nous plongeons dans ce myst\u00e8re troublant, explorant les r\u00e9v\u00e9lations de Tao, les \u00e9l\u00e9ments troublants relev\u00e9s par les enqu\u00eateurs, et l&rsquo;impact d\u00e9chirant sur l&rsquo;entourage de Lina. Accrochez-vous, car nous allons d\u00e9m\u00ealer ensemble les fils de [&hellip;]<\/p>\n","protected":false},"author":8,"featured_media":161814,"comment_status":"open","ping_status":"open","sticky":false,"template":"","format":"standard","meta":{"tdm_status":"","tdm_grid_status":"","_jetpack_memberships_contains_paid_content":false,"footnotes":"","jetpack_publicize_message":"","jetpack_publicize_feature_enabled":true,"jetpack_social_post_already_shared":true,"jetpack_social_options":{"image_generator_settings":{"template":"highway","default_image_id":0,"font":"","enabled":false},"version":2}},"categories":[5532],"tags":[],"class_list":["post-106656","post","type-post","status-publish","format-standard","has-post-thumbnail","hentry","category-actualites"],"yoast_head":"<!-- This site is optimized with the Yoast SEO Premium plugin v25.0 (Yoast SEO v25.0) - https:\/\/yoast.com\/wordpress\/plugins\/seo\/ -->\n<title>Disparition Lina et Tao : Les myst\u00e8res r\u00e9v\u00e9l\u00e9s et les cons\u00e9quences sur leur entourage - Flashmode Magazine | Magazine de mode et style de vie Num\u00e9ro un en Tunisie et au Maghreb<\/title>\n<meta name=\"description\" content=\"La disparition de Lina et Tao a captiv\u00e9 l&#039;attention du public, suscitant des sp\u00e9culations et des th\u00e9ories intrigantes. Dans cet article, nous plongeons\" \/>\n<meta name=\"robots\" content=\"index, follow, max-snippet:-1, max-image-preview:large, max-video-preview:-1\" \/>\n<link rel=\"canonical\" href=\"https:\/\/flashmode.tn\/magazine\/disparition-lina-et-tao\/\" \/>\n<meta property=\"og:locale\" content=\"fr_FR\" \/>\n<meta property=\"og:type\" content=\"article\" \/>\n<meta property=\"og:title\" content=\"Disparition Lina et Tao : Les myst\u00e8res r\u00e9v\u00e9l\u00e9s et les cons\u00e9quences sur leur entourage - Flashmode Magazine | Magazine de mode et style de vie Num\u00e9ro un en Tunisie et au Maghreb\" \/>\n<meta property=\"og:description\" content=\"La disparition de Lina et Tao a captiv\u00e9 l&#039;attention du public, suscitant des sp\u00e9culations et des th\u00e9ories intrigantes. Dans cet article, nous plongeons\" \/>\n<meta property=\"og:url\" content=\"https:\/\/flashmode.tn\/magazine\/disparition-lina-et-tao\/\" \/>\n<meta property=\"og:site_name\" content=\"Flashmode Magazine | Magazine de mode et style de vie Num\u00e9ro un en Tunisie et au Maghreb\" \/>\n<meta property=\"article:publisher\" content=\"https:\/\/www.facebook.com\/flashmode.magazine\/\" \/>\n<meta property=\"article:published_time\" content=\"2024-03-12T02:40:51+00:00\" \/>\n<meta property=\"article:modified_time\" content=\"2024-04-05T11:17:59+00:00\" \/>\n<meta property=\"og:image\" content=\"https:\/\/flashmode.tn\/magazine\/wp-content\/uploads\/2024\/03\/Disparition-Lina-et-Tao-Les-mysteres-reveles-et-les-consequences-sur-leur-entourage.png\" \/>\n\t<meta property=\"og:image:width\" content=\"1640\" \/>\n\t<meta property=\"og:image:height\" content=\"924\" \/>\n\t<meta property=\"og:image:type\" content=\"image\/png\" \/>\n<meta name=\"author\" content=\"The Daileigh\" \/>\n<meta name=\"twitter:card\" content=\"summary_large_image\" \/>\n<meta name=\"twitter:creator\" content=\"@agenceflashmode\" \/>\n<meta name=\"twitter:site\" content=\"@agenceflashmode\" \/>\n<meta name=\"twitter:label1\" content=\"\u00c9crit par\" \/>\n\t<meta name=\"twitter:data1\" content=\"The Daileigh\" \/>\n\t<meta name=\"twitter:label2\" content=\"Dur\u00e9e de lecture estim\u00e9e\" \/>\n\t<meta name=\"twitter:data2\" content=\"6 minutes\" \/>\n<script type=\"application\/ld+json\" class=\"yoast-schema-graph\">{\"@context\":\"https:\/\/schema.org\",\"@graph\":[{\"@type\":\"WebPage\",\"@id\":\"https:\/\/flashmode.tn\/magazine\/disparition-lina-et-tao\/\",\"url\":\"https:\/\/flashmode.tn\/magazine\/disparition-lina-et-tao\/\",\"name\":\"Disparition Lina et Tao : Les myst\u00e8res r\u00e9v\u00e9l\u00e9s et les cons\u00e9quences sur leur entourage - Flashmode Magazine | Magazine de mode et style de vie Num\u00e9ro un en Tunisie et au Maghreb\",\"isPartOf\":{\"@id\":\"https:\/\/flashmode.tn\/magazine\/#website\"},\"primaryImageOfPage\":{\"@id\":\"https:\/\/flashmode.tn\/magazine\/disparition-lina-et-tao\/#primaryimage\"},\"image\":{\"@id\":\"https:\/\/flashmode.tn\/magazine\/disparition-lina-et-tao\/#primaryimage\"},\"thumbnailUrl\":\"https:\/\/i0.wp.com\/flashmode.tn\/magazine\/wp-content\/uploads\/2024\/03\/Disparition-Lina-et-Tao-Les-mysteres-reveles-et-les-consequences-sur-leur-entourage.png?fit=1640%2C924&ssl=1\",\"datePublished\":\"2024-03-12T02:40:51+00:00\",\"dateModified\":\"2024-04-05T11:17:59+00:00\",\"author\":{\"@id\":\"https:\/\/flashmode.tn\/magazine\/#\/schema\/person\/79940f8af94166a445dd5bd6b3137682\"},\"description\":\"La disparition de Lina et Tao a captiv\u00e9 l'attention du public, suscitant des sp\u00e9culations et des th\u00e9ories intrigantes. Dans cet article, nous plongeons\",\"breadcrumb\":{\"@id\":\"https:\/\/flashmode.tn\/magazine\/disparition-lina-et-tao\/#breadcrumb\"},\"inLanguage\":\"fr-FR\",\"potentialAction\":[{\"@type\":\"ReadAction\",\"target\":[\"https:\/\/flashmode.tn\/magazine\/disparition-lina-et-tao\/\"]}]},{\"@type\":\"ImageObject\",\"inLanguage\":\"fr-FR\",\"@id\":\"https:\/\/flashmode.tn\/magazine\/disparition-lina-et-tao\/#primaryimage\",\"url\":\"https:\/\/i0.wp.com\/flashmode.tn\/magazine\/wp-content\/uploads\/2024\/03\/Disparition-Lina-et-Tao-Les-mysteres-reveles-et-les-consequences-sur-leur-entourage.png?fit=1640%2C924&ssl=1\",\"contentUrl\":\"https:\/\/i0.wp.com\/flashmode.tn\/magazine\/wp-content\/uploads\/2024\/03\/Disparition-Lina-et-Tao-Les-mysteres-reveles-et-les-consequences-sur-leur-entourage.png?fit=1640%2C924&ssl=1\",\"width\":1640,\"height\":924,\"caption\":\"Disparition Lina et Tao : Les myst\u00e8res r\u00e9v\u00e9l\u00e9s et les cons\u00e9quences sur leur entourage\"},{\"@type\":\"BreadcrumbList\",\"@id\":\"https:\/\/flashmode.tn\/magazine\/disparition-lina-et-tao\/#breadcrumb\",\"itemListElement\":[{\"@type\":\"ListItem\",\"position\":1,\"name\":\"Accueil\",\"item\":\"https:\/\/flashmode.tn\/magazine\/\"},{\"@type\":\"ListItem\",\"position\":2,\"name\":\"Disparition Lina et Tao : Les myst\u00e8res r\u00e9v\u00e9l\u00e9s et les cons\u00e9quences sur leur entourage\"}]},{\"@type\":\"WebSite\",\"@id\":\"https:\/\/flashmode.tn\/magazine\/#website\",\"url\":\"https:\/\/flashmode.tn\/magazine\/\",\"name\":\"Flashmode Magazine | Magazine de mode et style de vie Num\u00e9ro un en Tunisie et au Maghreb\",\"description\":\"Magazine de mode et style de vie Num\u00e9ro un en Tunisie et au Maghreb, cr\u00e9\u00e9 pour les hommes et les femmes : conseils beaut\u00e9, mode femme, mode homme, recettes de cuisine, c\u00e9l\u00e9brit\u00e9s et people, mannequins et top modeles\",\"potentialAction\":[{\"@type\":\"SearchAction\",\"target\":{\"@type\":\"EntryPoint\",\"urlTemplate\":\"https:\/\/flashmode.tn\/magazine\/?s={search_term_string}\"},\"query-input\":{\"@type\":\"PropertyValueSpecification\",\"valueRequired\":true,\"valueName\":\"search_term_string\"}}],\"inLanguage\":\"fr-FR\"},{\"@type\":\"Person\",\"@id\":\"https:\/\/flashmode.tn\/magazine\/#\/schema\/person\/79940f8af94166a445dd5bd6b3137682\",\"name\":\"The Daileigh\",\"image\":{\"@type\":\"ImageObject\",\"inLanguage\":\"fr-FR\",\"@id\":\"https:\/\/flashmode.tn\/magazine\/#\/schema\/person\/image\/\",\"url\":\"https:\/\/secure.gravatar.com\/avatar\/30d4d60865d61de3434abd01cb8b4ec5e5b5eb5a274017461832a54857b1770d?s=96&d=mm&r=g\",\"contentUrl\":\"https:\/\/secure.gravatar.com\/avatar\/30d4d60865d61de3434abd01cb8b4ec5e5b5eb5a274017461832a54857b1770d?s=96&d=mm&r=g\",\"caption\":\"The Daileigh\"},\"url\":\"https:\/\/flashmode.tn\/magazine\/author\/the-daileigh\/\"}]}<\/script>\n<!-- \/ Yoast SEO Premium plugin. -->","yoast_head_json":{"title":"Disparition Lina et Tao : Les myst\u00e8res r\u00e9v\u00e9l\u00e9s et les cons\u00e9quences sur leur entourage - Flashmode Magazine | Magazine de mode et style de vie Num\u00e9ro un en Tunisie et au Maghreb","description":"La disparition de Lina et Tao a captiv\u00e9 l'attention du public, suscitant des sp\u00e9culations et des th\u00e9ories intrigantes. Dans cet article, nous plongeons","robots":{"index":"index","follow":"follow","max-snippet":"max-snippet:-1","max-image-preview":"max-image-preview:large","max-video-preview":"max-video-preview:-1"},"canonical":"https:\/\/flashmode.tn\/magazine\/disparition-lina-et-tao\/","og_locale":"fr_FR","og_type":"article","og_title":"Disparition Lina et Tao : Les myst\u00e8res r\u00e9v\u00e9l\u00e9s et les cons\u00e9quences sur leur entourage - Flashmode Magazine | Magazine de mode et style de vie Num\u00e9ro un en Tunisie et au Maghreb","og_description":"La disparition de Lina et Tao a captiv\u00e9 l'attention du public, suscitant des sp\u00e9culations et des th\u00e9ories intrigantes. Dans cet article, nous plongeons","og_url":"https:\/\/flashmode.tn\/magazine\/disparition-lina-et-tao\/","og_site_name":"Flashmode Magazine | Magazine de mode et style de vie Num\u00e9ro un en Tunisie et au Maghreb","article_publisher":"https:\/\/www.facebook.com\/flashmode.magazine\/","article_published_time":"2024-03-12T02:40:51+00:00","article_modified_time":"2024-04-05T11:17:59+00:00","og_image":[{"width":1640,"height":924,"url":"https:\/\/flashmode.tn\/magazine\/wp-content\/uploads\/2024\/03\/Disparition-Lina-et-Tao-Les-mysteres-reveles-et-les-consequences-sur-leur-entourage.png","type":"image\/png"}],"author":"The Daileigh","twitter_card":"summary_large_image","twitter_creator":"@agenceflashmode","twitter_site":"@agenceflashmode","twitter_misc":{"\u00c9crit par":"The Daileigh","Dur\u00e9e de lecture estim\u00e9e":"6 minutes"},"schema":{"@context":"https:\/\/schema.org","@graph":[{"@type":"WebPage","@id":"https:\/\/flashmode.tn\/magazine\/disparition-lina-et-tao\/","url":"https:\/\/flashmode.tn\/magazine\/disparition-lina-et-tao\/","name":"Disparition Lina et Tao : Les myst\u00e8res r\u00e9v\u00e9l\u00e9s et les cons\u00e9quences sur leur entourage - Flashmode Magazine | Magazine de mode et style de vie Num\u00e9ro un en Tunisie et au Maghreb","isPartOf":{"@id":"https:\/\/flashmode.tn\/magazine\/#website"},"primaryImageOfPage":{"@id":"https:\/\/flashmode.tn\/magazine\/disparition-lina-et-tao\/#primaryimage"},"image":{"@id":"https:\/\/flashmode.tn\/magazine\/disparition-lina-et-tao\/#primaryimage"},"thumbnailUrl":"https:\/\/i0.wp.com\/flashmode.tn\/magazine\/wp-content\/uploads\/2024\/03\/Disparition-Lina-et-Tao-Les-mysteres-reveles-et-les-consequences-sur-leur-entourage.png?fit=1640%2C924&ssl=1","datePublished":"2024-03-12T02:40:51+00:00","dateModified":"2024-04-05T11:17:59+00:00","author":{"@id":"https:\/\/flashmode.tn\/magazine\/#\/schema\/person\/79940f8af94166a445dd5bd6b3137682"},"description":"La disparition de Lina et Tao a captiv\u00e9 l'attention du public, suscitant des sp\u00e9culations et des th\u00e9ories intrigantes. Dans cet article, nous plongeons","breadcrumb":{"@id":"https:\/\/flashmode.tn\/magazine\/disparition-lina-et-tao\/#breadcrumb"},"inLanguage":"fr-FR","potentialAction":[{"@type":"ReadAction","target":["https:\/\/flashmode.tn\/magazine\/disparition-lina-et-tao\/"]}]},{"@type":"ImageObject","inLanguage":"fr-FR","@id":"https:\/\/flashmode.tn\/magazine\/disparition-lina-et-tao\/#primaryimage","url":"https:\/\/i0.wp.com\/flashmode.tn\/magazine\/wp-content\/uploads\/2024\/03\/Disparition-Lina-et-Tao-Les-mysteres-reveles-et-les-consequences-sur-leur-entourage.png?fit=1640%2C924&ssl=1","contentUrl":"https:\/\/i0.wp.com\/flashmode.tn\/magazine\/wp-content\/uploads\/2024\/03\/Disparition-Lina-et-Tao-Les-mysteres-reveles-et-les-consequences-sur-leur-entourage.png?fit=1640%2C924&ssl=1","width":1640,"height":924,"caption":"Disparition Lina et Tao : Les myst\u00e8res r\u00e9v\u00e9l\u00e9s et les cons\u00e9quences sur leur entourage"},{"@type":"BreadcrumbList","@id":"https:\/\/flashmode.tn\/magazine\/disparition-lina-et-tao\/#breadcrumb","itemListElement":[{"@type":"ListItem","position":1,"name":"Accueil","item":"https:\/\/flashmode.tn\/magazine\/"},{"@type":"ListItem","position":2,"name":"Disparition Lina et Tao : Les myst\u00e8res r\u00e9v\u00e9l\u00e9s et les cons\u00e9quences sur leur entourage"}]},{"@type":"WebSite","@id":"https:\/\/flashmode.tn\/magazine\/#website","url":"https:\/\/flashmode.tn\/magazine\/","name":"Flashmode Magazine | Magazine de mode et style de vie Num\u00e9ro un en Tunisie et au Maghreb","description":"Magazine de mode et style de vie Num\u00e9ro un en Tunisie et au Maghreb, cr\u00e9\u00e9 pour les hommes et les femmes : conseils beaut\u00e9, mode femme, mode homme, recettes de cuisine, c\u00e9l\u00e9brit\u00e9s et people, mannequins et top modeles","potentialAction":[{"@type":"SearchAction","target":{"@type":"EntryPoint","urlTemplate":"https:\/\/flashmode.tn\/magazine\/?s={search_term_string}"},"query-input":{"@type":"PropertyValueSpecification","valueRequired":true,"valueName":"search_term_string"}}],"inLanguage":"fr-FR"},{"@type":"Person","@id":"https:\/\/flashmode.tn\/magazine\/#\/schema\/person\/79940f8af94166a445dd5bd6b3137682","name":"The Daileigh","image":{"@type":"ImageObject","inLanguage":"fr-FR","@id":"https:\/\/flashmode.tn\/magazine\/#\/schema\/person\/image\/","url":"https:\/\/secure.gravatar.com\/avatar\/30d4d60865d61de3434abd01cb8b4ec5e5b5eb5a274017461832a54857b1770d?s=96&d=mm&r=g","contentUrl":"https:\/\/secure.gravatar.com\/avatar\/30d4d60865d61de3434abd01cb8b4ec5e5b5eb5a274017461832a54857b1770d?s=96&d=mm&r=g","caption":"The Daileigh"},"url":"https:\/\/flashmode.tn\/magazine\/author\/the-daileigh\/"}]}},"jetpack_publicize_connections":[],"jetpack_featured_media_url":"https:\/\/i0.wp.com\/flashmode.tn\/magazine\/wp-content\/uploads\/2024\/03\/Disparition-Lina-et-Tao-Les-mysteres-reveles-et-les-consequences-sur-leur-entourage.png?fit=1640%2C924&ssl=1","jetpack_shortlink":"https:\/\/wp.me\/p8BPGr-rKg","jetpack_sharing_enabled":true,"_links":{"self":[{"href":"https:\/\/flashmode.tn\/magazine\/wp-json\/wp\/v2\/posts\/106656","targetHints":{"allow":["GET"]}}],"collection":[{"href":"https:\/\/flashmode.tn\/magazine\/wp-json\/wp\/v2\/posts"}],"about":[{"href":"https:\/\/flashmode.tn\/magazine\/wp-json\/wp\/v2\/types\/post"}],"author":[{"embeddable":true,"href":"https:\/\/flashmode.tn\/magazine\/wp-json\/wp\/v2\/users\/8"}],"replies":[{"embeddable":true,"href":"https:\/\/flashmode.tn\/magazine\/wp-json\/wp\/v2\/comments?post=106656"}],"version-history":[{"count":2,"href":"https:\/\/flashmode.tn\/magazine\/wp-json\/wp\/v2\/posts\/106656\/revisions"}],"predecessor-version":[{"id":161816,"href":"https:\/\/flashmode.tn\/magazine\/wp-json\/wp\/v2\/posts\/106656\/revisions\/161816"}],"wp:featuredmedia":[{"embeddable":true,"href":"https:\/\/flashmode.tn\/magazine\/wp-json\/wp\/v2\/media\/161814"}],"wp:attachment":[{"href":"https:\/\/flashmode.tn\/magazine\/wp-json\/wp\/v2\/media?parent=106656"}],"wp:term":[{"taxonomy":"category","embeddable":true,"href":"https:\/\/flashmode.tn\/magazine\/wp-json\/wp\/v2\/categories?post=106656"},{"taxonomy":"post_tag","embeddable":true,"href":"https:\/\/flashmode.tn\/magazine\/wp-json\/wp\/v2\/tags?post=106656"}],"curies":[{"name":"wp","href":"https:\/\/api.w.org\/{rel}","templated":true}]}}