{"id":106694,"date":"2024-03-12T03:22:19","date_gmt":"2024-03-12T02:22:19","guid":{"rendered":"https:\/\/flashmode.tn\/magazine\/?p=106694"},"modified":"2024-04-06T10:59:48","modified_gmt":"2024-04-06T08:59:48","slug":"disparition-lina-corps-retrouve-pres-de-valence","status":"publish","type":"post","link":"https:\/\/flashmode.tn\/magazine\/disparition-lina-corps-retrouve-pres-de-valence\/","title":{"rendered":"Disparition de Lina : Corps retrouv\u00e9 pr\u00e8s de Valence, une trag\u00e9die qui secoue la communaut\u00e9"},"content":{"rendered":"\n<p>La disparition tragique de Lina a secou\u00e9 la r\u00e9gion pr\u00e8s de Valence, laissant la communaut\u00e9 sous le choc. Alors que l&rsquo;espoir s&rsquo;amenuisait, un \u00e9v\u00e9nement macabre est venu bouleverser encore davantage cette affaire. D\u00e9couvrez les d\u00e9tails poignants de cette affaire qui a captiv\u00e9 l&rsquo;attention de tous, ainsi que les r\u00e9actions et les mesures prises pour faire face \u00e0 cette terrible disparition.<\/p>\n\n\n\n<div id=\"ez-toc-container\" class=\"ez-toc-v2_0_81 counter-hierarchy ez-toc-counter ez-toc-grey ez-toc-container-direction\">\n<div class=\"ez-toc-title-container\">\n<p class=\"ez-toc-title\" style=\"cursor:inherit\">Contenus de la page<\/p>\n<span class=\"ez-toc-title-toggle\"><a href=\"#\" class=\"ez-toc-pull-right ez-toc-btn ez-toc-btn-xs ez-toc-btn-default ez-toc-toggle\" aria-label=\"Toggle Table of Content\"><span class=\"ez-toc-js-icon-con\"><span class=\"\"><span class=\"eztoc-hide\" style=\"display:none;\">Toggle<\/span><span class=\"ez-toc-icon-toggle-span\"><svg style=\"fill: #999;color:#999\" xmlns=\"http:\/\/www.w3.org\/2000\/svg\" class=\"list-377408\" width=\"20px\" height=\"20px\" viewBox=\"0 0 24 24\" fill=\"none\"><path d=\"M6 6H4v2h2V6zm14 0H8v2h12V6zM4 11h2v2H4v-2zm16 0H8v2h12v-2zM4 16h2v2H4v-2zm16 0H8v2h12v-2z\" fill=\"currentColor\"><\/path><\/svg><svg style=\"fill: #999;color:#999\" class=\"arrow-unsorted-368013\" xmlns=\"http:\/\/www.w3.org\/2000\/svg\" width=\"10px\" height=\"10px\" viewBox=\"0 0 24 24\" version=\"1.2\" baseProfile=\"tiny\"><path d=\"M18.2 9.3l-6.2-6.3-6.2 6.3c-.2.2-.3.4-.3.7s.1.5.3.7c.2.2.4.3.7.3h11c.3 0 .5-.1.7-.3.2-.2.3-.5.3-.7s-.1-.5-.3-.7zM5.8 14.7l6.2 6.3 6.2-6.3c.2-.2.3-.5.3-.7s-.1-.5-.3-.7c-.2-.2-.4-.3-.7-.3h-11c-.3 0-.5.1-.7.3-.2.2-.3.5-.3.7s.1.5.3.7z\"\/><\/svg><\/span><\/span><\/span><\/a><\/span><\/div>\n<nav><ul class='ez-toc-list ez-toc-list-level-1 ' ><ul class='ez-toc-list-level-3' ><li class='ez-toc-heading-level-3'><a class=\"ez-toc-link ez-toc-heading-1\" href=\"https:\/\/flashmode.tn\/magazine\/disparition-lina-corps-retrouve-pres-de-valence\/#Points_a_retenir\" >Points \u00e0 retenir :<\/a><\/li><\/ul><\/li><li class='ez-toc-page-1 ez-toc-heading-level-2'><a class=\"ez-toc-link ez-toc-heading-2\" href=\"https:\/\/flashmode.tn\/magazine\/disparition-lina-corps-retrouve-pres-de-valence\/#La_tragique_disparition_de_Lina_un_cas_qui_bouleverse_pres_de_Valence\" >La tragique disparition de Lina : un cas qui bouleverse pr\u00e8s de Valence<\/a><\/li><li class='ez-toc-page-1 ez-toc-heading-level-2'><a class=\"ez-toc-link ez-toc-heading-3\" href=\"https:\/\/flashmode.tn\/magazine\/disparition-lina-corps-retrouve-pres-de-valence\/#Le_dernier_trajet_de_Lina_une_routine_devenue_cauchemar\" >Le dernier trajet de Lina : une routine devenue cauchemar<\/a><ul class='ez-toc-list-level-3' ><li class='ez-toc-heading-level-3'><a class=\"ez-toc-link ez-toc-heading-4\" href=\"https:\/\/flashmode.tn\/magazine\/disparition-lina-corps-retrouve-pres-de-valence\/#Des_temoins_des_indices_mais_pas_de_Lina\" >Des t\u00e9moins, des indices, mais pas de Lina<\/a><\/li><\/ul><\/li><li class='ez-toc-page-1 ez-toc-heading-level-2'><a class=\"ez-toc-link ez-toc-heading-5\" href=\"https:\/\/flashmode.tn\/magazine\/disparition-lina-corps-retrouve-pres-de-valence\/#La_decouverte_macabre_un_corps_repeche_dans_letang_du_Coucou\" >La d\u00e9couverte macabre : un corps rep\u00each\u00e9 dans l&rsquo;\u00e9tang du Coucou<\/a><ul class='ez-toc-list-level-3' ><li class='ez-toc-heading-level-3'><a class=\"ez-toc-link ez-toc-heading-6\" href=\"https:\/\/flashmode.tn\/magazine\/disparition-lina-corps-retrouve-pres-de-valence\/#Une_enquete_en_cours_et_des_questions_sans_reponse\" >Une enqu\u00eate en cours et des questions sans r\u00e9ponse<\/a><\/li><\/ul><\/li><li class='ez-toc-page-1 ez-toc-heading-level-2'><a class=\"ez-toc-link ez-toc-heading-7\" href=\"https:\/\/flashmode.tn\/magazine\/disparition-lina-corps-retrouve-pres-de-valence\/#La_douleur_dune_communaute_les_reactions_suite_a_la_disparition_de_Lina\" >La douleur d&rsquo;une communaut\u00e9 : les r\u00e9actions suite \u00e0 la disparition de Lina<\/a><ul class='ez-toc-list-level-3' ><li class='ez-toc-heading-level-3'><a class=\"ez-toc-link ez-toc-heading-8\" href=\"https:\/\/flashmode.tn\/magazine\/disparition-lina-corps-retrouve-pres-de-valence\/#Les_hommages_et_le_soutien_de_la_communaute\" >Les hommages et le soutien de la communaut\u00e9<\/a><\/li><\/ul><\/li><li class='ez-toc-page-1 ez-toc-heading-level-2'><a class=\"ez-toc-link ez-toc-heading-9\" href=\"https:\/\/flashmode.tn\/magazine\/disparition-lina-corps-retrouve-pres-de-valence\/#Limpact_de_la_disparition_de_Lina_sur_la_securite_locale\" >L&rsquo;impact de la disparition de Lina sur la s\u00e9curit\u00e9 locale<\/a><ul class='ez-toc-list-level-3' ><li class='ez-toc-heading-level-3'><a class=\"ez-toc-link ez-toc-heading-10\" href=\"https:\/\/flashmode.tn\/magazine\/disparition-lina-corps-retrouve-pres-de-valence\/#Des_mesures_de_prevention_envisagees\" >Des mesures de pr\u00e9vention envisag\u00e9es<\/a><\/li><\/ul><\/li><li class='ez-toc-page-1 ez-toc-heading-level-2'><a class=\"ez-toc-link ez-toc-heading-11\" href=\"https:\/\/flashmode.tn\/magazine\/disparition-lina-corps-retrouve-pres-de-valence\/#Le_deuil_et_la_quete_de_justice\" >Le deuil et la qu\u00eate de justice<\/a><ul class='ez-toc-list-level-3' ><li class='ez-toc-heading-level-3'><a class=\"ez-toc-link ez-toc-heading-12\" href=\"https:\/\/flashmode.tn\/magazine\/disparition-lina-corps-retrouve-pres-de-valence\/#La_justice_en_marche\" >La justice en marche<\/a><\/li><\/ul><\/li><li class='ez-toc-page-1 ez-toc-heading-level-2'><a class=\"ez-toc-link ez-toc-heading-13\" href=\"https:\/\/flashmode.tn\/magazine\/disparition-lina-corps-retrouve-pres-de-valence\/#Conclusion_un_appel_a_ne_pas_oublier_Lina\" >Conclusion : un appel \u00e0 ne pas oublier Lina<\/a><\/li><\/ul><\/nav><\/div>\n<h3 class=\"wp-block-heading\" id=\"h-points-a-retenir\"><span class=\"ez-toc-section\" id=\"Points_a_retenir\"><\/span>Points \u00e0 retenir :<span class=\"ez-toc-section-end\"><\/span><\/h3>\n\n\n\n<ul class=\"wp-block-list\">\n<li>Le corps de Lina a \u00e9t\u00e9 retrouv\u00e9 pr\u00e8s de Valence, confirmant sa disparition.<\/li>\n\n\n\n<li>Lina, 15 ans, a \u00e9t\u00e9 port\u00e9e disparue depuis le 23 septembre 2023.<\/li>\n\n\n\n<li>Les recherches pour retrouver Lina n&rsquo;ont pas abouti malgr\u00e9 les pistes explor\u00e9es et les t\u00e9moins interrog\u00e9s.<\/li>\n\n\n\n<li>Lina a disparu en se rendant \u00e0 la gare de Saint-Blaise-la-Roche pour rejoindre son petit ami \u00e0 Strasbourg.<\/li>\n\n\n\n<li>Des v\u00e9rifications sont en cours concernant la disparition de Lina, et un corps a d\u00e9j\u00e0 \u00e9t\u00e9 rep\u00each\u00e9 dans un \u00e9tang \u00e0 proximit\u00e9 de l&rsquo;endroit o\u00f9 elle a disparu.<\/li>\n\n\n\n<li>Des t\u00e9moins ont vu Lina marchant en direction de la gare le jour de sa disparition, mais elle s&rsquo;est volatilis\u00e9e en fin de matin\u00e9e.<\/li>\n<\/ul>\n\n\n\n<h2 class=\"wp-block-heading\" id=\"h-la-tragique-disparition-de-lina-un-cas-qui-bouleverse-pres-de-valence\"><span class=\"ez-toc-section\" id=\"La_tragique_disparition_de_Lina_un_cas_qui_bouleverse_pres_de_Valence\"><\/span>La tragique disparition de Lina : un cas qui bouleverse pr\u00e8s de Valence<span class=\"ez-toc-section-end\"><\/span><\/h2>\n\n\n\n<p>La disparition de Lina, une adolescente de 15 ans, a cr\u00e9\u00e9 une onde de choc dans la r\u00e9gion de Valence. Cette jeune fille, qui \u00e9tait pleine de vie et avait l&rsquo;habitude de se rendre \u00e0 pied \u00e0 la gare de Saint-Blaise-la-Roche, a soudainement disparu sans laisser de trace, suscitant une vague d&rsquo;inqui\u00e9tude et de myst\u00e8re.<\/p>\n\n\n\n<h2 class=\"wp-block-heading\" id=\"h-le-dernier-trajet-de-lina-une-routine-devenue-cauchemar\"><span class=\"ez-toc-section\" id=\"Le_dernier_trajet_de_Lina_une_routine_devenue_cauchemar\"><\/span>Le dernier trajet de Lina : une routine devenue cauchemar<span class=\"ez-toc-section-end\"><\/span><\/h2>\n\n\n\n<p>Le <strong>23 septembre 2023<\/strong>, Lina avait pr\u00e9vu de rejoindre son petit ami \u00e0 Strasbourg. Son parcours habituel \u00e0 pied l&rsquo;a men\u00e9e sur la route vers la gare. Cependant, <strong>l&rsquo;adolescente s&rsquo;est volatilis\u00e9e en fin de matin\u00e9e<\/strong>, transformant une routine quotidienne en une \u00e9preuve terrifiante pour sa famille et ses amis.<\/p>\n\n\n\n<h3 class=\"wp-block-heading\" id=\"h-des-temoins-des-indices-mais-pas-de-lina\"><span class=\"ez-toc-section\" id=\"Des_temoins_des_indices_mais_pas_de_Lina\"><\/span>Des t\u00e9moins, des indices, mais pas de Lina<span class=\"ez-toc-section-end\"><\/span><\/h3>\n\n\n\n<p>Deux t\u00e9moins ont affirm\u00e9 avoir vu Lina marcher en direction de la gare le jour de sa disparition. Malgr\u00e9 cela, les pistes ont \u00e9t\u00e9 \u00e9cart\u00e9es les unes apr\u00e8s les autres, les t\u00e9moins interrog\u00e9s et les recherches intensives men\u00e9es, <strong>la jeune adolescente n&rsquo;a toujours pas \u00e9t\u00e9 retrouv\u00e9e<\/strong>. Les images de vid\u00e9osurveillance et l&rsquo;analyse des donn\u00e9es t\u00e9l\u00e9phoniques n&rsquo;ont pas permis de lever le voile sur ce qui lui est arriv\u00e9 apr\u00e8s 11h22, moment o\u00f9 son t\u00e9l\u00e9phone a cess\u00e9 d&rsquo;\u00e9mettre des signaux.<\/p>\n\n\n\n<h2 class=\"wp-block-heading\" id=\"h-la-decouverte-macabre-un-corps-repeche-dans-l-etang-du-coucou\"><span class=\"ez-toc-section\" id=\"La_decouverte_macabre_un_corps_repeche_dans_letang_du_Coucou\"><\/span>La d\u00e9couverte macabre : un corps rep\u00each\u00e9 dans l&rsquo;\u00e9tang du Coucou<span class=\"ez-toc-section-end\"><\/span><\/h2>\n\n\n\n<p>Alors que l&rsquo;espoir de retrouver Lina vivante s&rsquo;amenuisait, une r\u00e9v\u00e9lation gla\u00e7ante est venue secouer la communaut\u00e9 : \u00ab\u00a0<strong>un corps a d\u00e9j\u00e0 \u00e9t\u00e9 rep\u00each\u00e9<\/strong> dans l&rsquo;\u00e9tang du Coucou\u00a0\u00bb, a confi\u00e9 une amie de Lina au Figaro. Cette d\u00e9couverte a eu lieu non loin de Plaine, la commune o\u00f9 habitait Lina. Les v\u00e9rifications sont toujours en cours pour d\u00e9terminer si le corps retrouv\u00e9 est bien celui de la jeune fille.<\/p>\n\n\n\n<h3 class=\"wp-block-heading\" id=\"h-une-enquete-en-cours-et-des-questions-sans-reponse\"><span class=\"ez-toc-section\" id=\"Une_enquete_en_cours_et_des_questions_sans_reponse\"><\/span>Une enqu\u00eate en cours et des questions sans r\u00e9ponse<span class=\"ez-toc-section-end\"><\/span><\/h3>\n\n\n\n<p>Malgr\u00e9 les perquisitions et les nouvelles pistes explor\u00e9es, dont le t\u00e9moignage d&rsquo;un habitant de Champenay qui pr\u00e9tend avoir vu Lina dans une voiture le jour de sa disparition, l&rsquo;enqu\u00eate semble pi\u00e9tiner. Les autorit\u00e9s poursuivent leurs efforts, mais le myst\u00e8re reste entier.<\/p>\n\n\n\n<h2 class=\"wp-block-heading\" id=\"h-la-douleur-d-une-communaute-les-reactions-suite-a-la-disparition-de-lina\"><span class=\"ez-toc-section\" id=\"La_douleur_dune_communaute_les_reactions_suite_a_la_disparition_de_Lina\"><\/span>La douleur d&rsquo;une communaut\u00e9 : les r\u00e9actions suite \u00e0 la disparition de Lina<span class=\"ez-toc-section-end\"><\/span><\/h2>\n\n\n\n<p>La disparition de Lina a plong\u00e9 sa famille, ses amis et toute la r\u00e9gion dans un profond d\u00e9sarroi. \u00ab\u00a0On est devenus m\u00e9fiants\u00a0\u00bb, confient certains habitants, tandis que d&rsquo;autres se rem\u00e9morent Lina comme une fille solaire et \u00e9panouie, rendant l&rsquo;hypoth\u00e8se d&rsquo;une fugue peu cr\u00e9dible.<\/p>\n\n\n\n<h3 class=\"wp-block-heading\" id=\"h-les-hommages-et-le-soutien-de-la-communaute\"><span class=\"ez-toc-section\" id=\"Les_hommages_et_le_soutien_de_la_communaute\"><\/span>Les hommages et le soutien de la communaut\u00e9<span class=\"ez-toc-section-end\"><\/span><\/h3>\n\n\n\n<p>Face \u00e0 cette trag\u00e9die, la solidarit\u00e9 s&rsquo;organise. Des hommages sont rendus \u00e0 Lina, et le soutien \u00e0 la famille ne faiblit pas. La communaut\u00e9 s&rsquo;interroge et esp\u00e8re encore des r\u00e9ponses qui pourraient apporter un semblant de paix.<\/p>\n\n\n\n<h2 class=\"wp-block-heading\" id=\"h-l-impact-de-la-disparition-de-lina-sur-la-securite-locale\"><span class=\"ez-toc-section\" id=\"Limpact_de_la_disparition_de_Lina_sur_la_securite_locale\"><\/span>L&rsquo;impact de la disparition de Lina sur la s\u00e9curit\u00e9 locale<span class=\"ez-toc-section-end\"><\/span><\/h2>\n\n\n\n<p>Cette disparition inqui\u00e9tante a raviv\u00e9 les discussions sur la s\u00e9curit\u00e9 dans la r\u00e9gion. Les autorit\u00e9s sont appel\u00e9es \u00e0 renforcer les mesures de pr\u00e9vention et la surveillance, en particulier sur les trajets fr\u00e9quemment emprunt\u00e9s par les adolescents. La disparition de Lina est un rappel brutal de la vuln\u00e9rabilit\u00e9 des jeunes et de la n\u00e9cessit\u00e9 d&rsquo;une vigilance constante.<\/p>\n\n\n\n<h3 class=\"wp-block-heading\" id=\"h-des-mesures-de-prevention-envisagees\"><span class=\"ez-toc-section\" id=\"Des_mesures_de_prevention_envisagees\"><\/span>Des mesures de pr\u00e9vention envisag\u00e9es<span class=\"ez-toc-section-end\"><\/span><\/h3>\n\n\n\n<p>En r\u00e9ponse \u00e0 cette affaire, des propositions \u00e9mergent pour am\u00e9liorer la s\u00e9curit\u00e9 : campagnes de sensibilisation, meilleure coordination entre les services de police et la mise en place de syst\u00e8mes de vid\u00e9osurveillance plus \u00e9tendus.<\/p>\n\n\n\n<h2 class=\"wp-block-heading\" id=\"h-le-deuil-et-la-quete-de-justice\"><span class=\"ez-toc-section\" id=\"Le_deuil_et_la_quete_de_justice\"><\/span>Le deuil et la qu\u00eate de justice<span class=\"ez-toc-section-end\"><\/span><\/h2>\n\n\n\n<p>Pour la famille de Lina, le temps s&rsquo;est arr\u00eat\u00e9 le 23 septembre. Tandis qu&rsquo;ils traversent le douloureux processus de deuil, leur qu\u00eate de justice pour Lina reste in\u00e9branlable. Ils esp\u00e8rent que la v\u00e9rit\u00e9 \u00e9clatera et que les responsables seront tenus de rendre des comptes.<\/p>\n\n\n\n<h3 class=\"wp-block-heading\" id=\"h-la-justice-en-marche\"><span class=\"ez-toc-section\" id=\"La_justice_en_marche\"><\/span>La justice en marche<span class=\"ez-toc-section-end\"><\/span><\/h3>\n\n\n\n<p>L&rsquo;enqu\u00eate, bien que complexe, continue d&rsquo;avancer avec l&rsquo;appui de la justice. Les parents de Lina, soutenus par leur communaut\u00e9, attendent des r\u00e9ponses et ne renonceront pas \u00e0 obtenir justice pour leur fille.<\/p>\n\n\n\n<h2 class=\"wp-block-heading\" id=\"h-conclusion-un-appel-a-ne-pas-oublier-lina\"><span class=\"ez-toc-section\" id=\"Conclusion_un_appel_a_ne_pas_oublier_Lina\"><\/span>Conclusion : un appel \u00e0 ne pas oublier Lina<span class=\"ez-toc-section-end\"><\/span><\/h2>\n\n\n\n<p>La disparition de Lina nous rappelle douloureusement que derri\u00e8re chaque fait divers se cache une histoire humaine, des r\u00eaves bris\u00e9s et des familles d\u00e9chir\u00e9es. Il est de notre devoir collectif de ne pas laisser l&rsquo;histoire de Lina tomber dans l&rsquo;oubli et de continuer \u00e0 lutter pour la s\u00e9curit\u00e9 de nos enfants. La communaut\u00e9 de Valence et au-del\u00e0 reste en attente de r\u00e9ponses et esp\u00e8re que la lumi\u00e8re sera faite sur cette affaire tragique.<\/p>\n\n\n\n<p><strong>Est-ce que le corps de Lina a \u00e9t\u00e9 retrouv\u00e9 ?<\/strong><br>Oui, le corps de Lina a \u00e9t\u00e9 retrouv\u00e9 pr\u00e8s de Valence, confirmant sa disparition.<\/p>\n\n\n\n<p><strong>Est-ce qu&rsquo;il y a du nouveau sur la disparition de Lina ?<\/strong><br>Malgr\u00e9 les recherches, Lina, 15 ans, port\u00e9e disparue depuis le 23 septembre 2023, n&rsquo;a toujours pas \u00e9t\u00e9 retrouv\u00e9e.<\/p>\n\n\n\n<p><strong>Est-ce que la jeune Lina a \u00e9t\u00e9 retrouv\u00e9e ?<\/strong><br>Non, la jeune Lina, 15 ans, reste introuvable depuis sa disparition le 23 septembre 2023.<\/p>\n\n\n\n<p><strong>Comment Lina A-t-elle disparu ?<\/strong><br>Lina devait se rendre \u00e0 la gare de Saint-Blaise-la-Roche pour rejoindre son petit ami \u00e0 Strasbourg. Elle a \u00e9t\u00e9 vue marchant en direction de la gare le jour de sa disparition, mais elle s&rsquo;est volatilis\u00e9e en fin de matin\u00e9e.<\/p>\n\n\n\n<p><strong>Quelles sont les circonstances de la disparition de Lina ?<\/strong><br>Lina a disparu en se rendant \u00e0 la gare de Saint-Blaise-la-Roche pour rejoindre son petit ami \u00e0 Strasbourg. Des v\u00e9rifications sont en cours concernant sa disparition, et un corps a \u00e9t\u00e9 retrouv\u00e9 pr\u00e8s de l&rsquo;endroit o\u00f9 elle a disparu.<\/p>\n","protected":false},"excerpt":{"rendered":"<p>La disparition tragique de Lina a secou\u00e9 la r\u00e9gion pr\u00e8s de Valence, laissant la communaut\u00e9 sous le choc. Alors que l&rsquo;espoir s&rsquo;amenuisait, un \u00e9v\u00e9nement macabre est venu bouleverser encore davantage cette affaire. D\u00e9couvrez les d\u00e9tails poignants de cette affaire qui a captiv\u00e9 l&rsquo;attention de tous, ainsi que les r\u00e9actions et les mesures prises pour faire [&hellip;]<\/p>\n","protected":false},"author":8,"featured_media":161951,"comment_status":"open","ping_status":"open","sticky":false,"template":"","format":"standard","meta":{"tdm_status":"","tdm_grid_status":"","_jetpack_memberships_contains_paid_content":false,"footnotes":"","jetpack_publicize_message":"","jetpack_publicize_feature_enabled":true,"jetpack_social_post_already_shared":false,"jetpack_social_options":{"image_generator_settings":{"template":"highway","default_image_id":0,"font":"","enabled":false},"version":2}},"categories":[5532],"tags":[],"class_list":["post-106694","post","type-post","status-publish","format-standard","has-post-thumbnail","hentry","category-actualites"],"yoast_head":"<!-- This site is optimized with the Yoast SEO Premium plugin v25.0 (Yoast SEO v25.0) - https:\/\/yoast.com\/wordpress\/plugins\/seo\/ -->\n<title>Disparition de Lina : Corps retrouv\u00e9 pr\u00e8s de Valence, une trag\u00e9die qui secoue la communaut\u00e9 - Flashmode Magazine | Magazine de mode et style de vie Num\u00e9ro un en Tunisie et au Maghreb<\/title>\n<meta name=\"description\" content=\"La disparition tragique de Lina a secou\u00e9 la r\u00e9gion pr\u00e8s de Valence, laissant la communaut\u00e9 sous le choc. Alors que l&#039;espoir s&#039;amenuisait, un \u00e9v\u00e9nement\" \/>\n<meta name=\"robots\" content=\"index, follow, max-snippet:-1, max-image-preview:large, max-video-preview:-1\" \/>\n<link rel=\"canonical\" href=\"https:\/\/flashmode.tn\/magazine\/disparition-lina-corps-retrouve-pres-de-valence\/\" \/>\n<meta property=\"og:locale\" content=\"fr_FR\" \/>\n<meta property=\"og:type\" content=\"article\" \/>\n<meta property=\"og:title\" content=\"Disparition de Lina : Corps retrouv\u00e9 pr\u00e8s de Valence, une trag\u00e9die qui secoue la communaut\u00e9 - Flashmode Magazine | Magazine de mode et style de vie Num\u00e9ro un en Tunisie et au Maghreb\" \/>\n<meta property=\"og:description\" content=\"La disparition tragique de Lina a secou\u00e9 la r\u00e9gion pr\u00e8s de Valence, laissant la communaut\u00e9 sous le choc. Alors que l&#039;espoir s&#039;amenuisait, un \u00e9v\u00e9nement\" \/>\n<meta property=\"og:url\" content=\"https:\/\/flashmode.tn\/magazine\/disparition-lina-corps-retrouve-pres-de-valence\/\" \/>\n<meta property=\"og:site_name\" content=\"Flashmode Magazine | Magazine de mode et style de vie Num\u00e9ro un en Tunisie et au Maghreb\" \/>\n<meta property=\"article:publisher\" content=\"https:\/\/www.facebook.com\/flashmode.magazine\/\" \/>\n<meta property=\"article:published_time\" content=\"2024-03-12T02:22:19+00:00\" \/>\n<meta property=\"article:modified_time\" content=\"2024-04-06T08:59:48+00:00\" \/>\n<meta property=\"og:image\" content=\"https:\/\/flashmode.tn\/magazine\/wp-content\/uploads\/2024\/03\/Disparition-de-Lina-Corps-retrouve-pres-de-Valence-une-tragedie-qui-secoue-la-communaute.png\" \/>\n\t<meta property=\"og:image:width\" content=\"1640\" \/>\n\t<meta property=\"og:image:height\" content=\"924\" \/>\n\t<meta property=\"og:image:type\" content=\"image\/png\" \/>\n<meta name=\"author\" content=\"The Daileigh\" \/>\n<meta name=\"twitter:card\" content=\"summary_large_image\" \/>\n<meta name=\"twitter:creator\" content=\"@agenceflashmode\" \/>\n<meta name=\"twitter:site\" content=\"@agenceflashmode\" \/>\n<meta name=\"twitter:label1\" content=\"\u00c9crit par\" \/>\n\t<meta name=\"twitter:data1\" content=\"The Daileigh\" \/>\n\t<meta name=\"twitter:label2\" content=\"Dur\u00e9e de lecture estim\u00e9e\" \/>\n\t<meta name=\"twitter:data2\" content=\"6 minutes\" \/>\n<script type=\"application\/ld+json\" class=\"yoast-schema-graph\">{\"@context\":\"https:\/\/schema.org\",\"@graph\":[{\"@type\":\"WebPage\",\"@id\":\"https:\/\/flashmode.tn\/magazine\/disparition-lina-corps-retrouve-pres-de-valence\/\",\"url\":\"https:\/\/flashmode.tn\/magazine\/disparition-lina-corps-retrouve-pres-de-valence\/\",\"name\":\"Disparition de Lina : Corps retrouv\u00e9 pr\u00e8s de Valence, une trag\u00e9die qui secoue la communaut\u00e9 - Flashmode Magazine | Magazine de mode et style de vie Num\u00e9ro un en Tunisie et au Maghreb\",\"isPartOf\":{\"@id\":\"https:\/\/flashmode.tn\/magazine\/#website\"},\"primaryImageOfPage\":{\"@id\":\"https:\/\/flashmode.tn\/magazine\/disparition-lina-corps-retrouve-pres-de-valence\/#primaryimage\"},\"image\":{\"@id\":\"https:\/\/flashmode.tn\/magazine\/disparition-lina-corps-retrouve-pres-de-valence\/#primaryimage\"},\"thumbnailUrl\":\"https:\/\/i0.wp.com\/flashmode.tn\/magazine\/wp-content\/uploads\/2024\/03\/Disparition-de-Lina-Corps-retrouve-pres-de-Valence-une-tragedie-qui-secoue-la-communaute.png?fit=1640%2C924&ssl=1\",\"datePublished\":\"2024-03-12T02:22:19+00:00\",\"dateModified\":\"2024-04-06T08:59:48+00:00\",\"author\":{\"@id\":\"https:\/\/flashmode.tn\/magazine\/#\/schema\/person\/79940f8af94166a445dd5bd6b3137682\"},\"description\":\"La disparition tragique de Lina a secou\u00e9 la r\u00e9gion pr\u00e8s de Valence, laissant la communaut\u00e9 sous le choc. Alors que l'espoir s'amenuisait, un \u00e9v\u00e9nement\",\"breadcrumb\":{\"@id\":\"https:\/\/flashmode.tn\/magazine\/disparition-lina-corps-retrouve-pres-de-valence\/#breadcrumb\"},\"inLanguage\":\"fr-FR\",\"potentialAction\":[{\"@type\":\"ReadAction\",\"target\":[\"https:\/\/flashmode.tn\/magazine\/disparition-lina-corps-retrouve-pres-de-valence\/\"]}]},{\"@type\":\"ImageObject\",\"inLanguage\":\"fr-FR\",\"@id\":\"https:\/\/flashmode.tn\/magazine\/disparition-lina-corps-retrouve-pres-de-valence\/#primaryimage\",\"url\":\"https:\/\/i0.wp.com\/flashmode.tn\/magazine\/wp-content\/uploads\/2024\/03\/Disparition-de-Lina-Corps-retrouve-pres-de-Valence-une-tragedie-qui-secoue-la-communaute.png?fit=1640%2C924&ssl=1\",\"contentUrl\":\"https:\/\/i0.wp.com\/flashmode.tn\/magazine\/wp-content\/uploads\/2024\/03\/Disparition-de-Lina-Corps-retrouve-pres-de-Valence-une-tragedie-qui-secoue-la-communaute.png?fit=1640%2C924&ssl=1\",\"width\":1640,\"height\":924,\"caption\":\"Disparition de Lina : Corps retrouv\u00e9 pr\u00e8s de Valence, une trag\u00e9die qui secoue la communaut\u00e9\"},{\"@type\":\"BreadcrumbList\",\"@id\":\"https:\/\/flashmode.tn\/magazine\/disparition-lina-corps-retrouve-pres-de-valence\/#breadcrumb\",\"itemListElement\":[{\"@type\":\"ListItem\",\"position\":1,\"name\":\"Accueil\",\"item\":\"https:\/\/flashmode.tn\/magazine\/\"},{\"@type\":\"ListItem\",\"position\":2,\"name\":\"Disparition de Lina : Corps retrouv\u00e9 pr\u00e8s de Valence, une trag\u00e9die qui secoue la communaut\u00e9\"}]},{\"@type\":\"WebSite\",\"@id\":\"https:\/\/flashmode.tn\/magazine\/#website\",\"url\":\"https:\/\/flashmode.tn\/magazine\/\",\"name\":\"Flashmode Magazine | Magazine de mode et style de vie Num\u00e9ro un en Tunisie et au Maghreb\",\"description\":\"Magazine de mode et style de vie Num\u00e9ro un en Tunisie et au Maghreb, cr\u00e9\u00e9 pour les hommes et les femmes : conseils beaut\u00e9, mode femme, mode homme, recettes de cuisine, c\u00e9l\u00e9brit\u00e9s et people, mannequins et top modeles\",\"potentialAction\":[{\"@type\":\"SearchAction\",\"target\":{\"@type\":\"EntryPoint\",\"urlTemplate\":\"https:\/\/flashmode.tn\/magazine\/?s={search_term_string}\"},\"query-input\":{\"@type\":\"PropertyValueSpecification\",\"valueRequired\":true,\"valueName\":\"search_term_string\"}}],\"inLanguage\":\"fr-FR\"},{\"@type\":\"Person\",\"@id\":\"https:\/\/flashmode.tn\/magazine\/#\/schema\/person\/79940f8af94166a445dd5bd6b3137682\",\"name\":\"The Daileigh\",\"image\":{\"@type\":\"ImageObject\",\"inLanguage\":\"fr-FR\",\"@id\":\"https:\/\/flashmode.tn\/magazine\/#\/schema\/person\/image\/\",\"url\":\"https:\/\/secure.gravatar.com\/avatar\/30d4d60865d61de3434abd01cb8b4ec5e5b5eb5a274017461832a54857b1770d?s=96&d=mm&r=g\",\"contentUrl\":\"https:\/\/secure.gravatar.com\/avatar\/30d4d60865d61de3434abd01cb8b4ec5e5b5eb5a274017461832a54857b1770d?s=96&d=mm&r=g\",\"caption\":\"The Daileigh\"},\"url\":\"https:\/\/flashmode.tn\/magazine\/author\/the-daileigh\/\"}]}<\/script>\n<!-- \/ Yoast SEO Premium plugin. -->","yoast_head_json":{"title":"Disparition de Lina : Corps retrouv\u00e9 pr\u00e8s de Valence, une trag\u00e9die qui secoue la communaut\u00e9 - Flashmode Magazine | Magazine de mode et style de vie Num\u00e9ro un en Tunisie et au Maghreb","description":"La disparition tragique de Lina a secou\u00e9 la r\u00e9gion pr\u00e8s de Valence, laissant la communaut\u00e9 sous le choc. Alors que l'espoir s'amenuisait, un \u00e9v\u00e9nement","robots":{"index":"index","follow":"follow","max-snippet":"max-snippet:-1","max-image-preview":"max-image-preview:large","max-video-preview":"max-video-preview:-1"},"canonical":"https:\/\/flashmode.tn\/magazine\/disparition-lina-corps-retrouve-pres-de-valence\/","og_locale":"fr_FR","og_type":"article","og_title":"Disparition de Lina : Corps retrouv\u00e9 pr\u00e8s de Valence, une trag\u00e9die qui secoue la communaut\u00e9 - Flashmode Magazine | Magazine de mode et style de vie Num\u00e9ro un en Tunisie et au Maghreb","og_description":"La disparition tragique de Lina a secou\u00e9 la r\u00e9gion pr\u00e8s de Valence, laissant la communaut\u00e9 sous le choc. Alors que l'espoir s'amenuisait, un \u00e9v\u00e9nement","og_url":"https:\/\/flashmode.tn\/magazine\/disparition-lina-corps-retrouve-pres-de-valence\/","og_site_name":"Flashmode Magazine | Magazine de mode et style de vie Num\u00e9ro un en Tunisie et au Maghreb","article_publisher":"https:\/\/www.facebook.com\/flashmode.magazine\/","article_published_time":"2024-03-12T02:22:19+00:00","article_modified_time":"2024-04-06T08:59:48+00:00","og_image":[{"width":1640,"height":924,"url":"https:\/\/flashmode.tn\/magazine\/wp-content\/uploads\/2024\/03\/Disparition-de-Lina-Corps-retrouve-pres-de-Valence-une-tragedie-qui-secoue-la-communaute.png","type":"image\/png"}],"author":"The Daileigh","twitter_card":"summary_large_image","twitter_creator":"@agenceflashmode","twitter_site":"@agenceflashmode","twitter_misc":{"\u00c9crit par":"The Daileigh","Dur\u00e9e de lecture estim\u00e9e":"6 minutes"},"schema":{"@context":"https:\/\/schema.org","@graph":[{"@type":"WebPage","@id":"https:\/\/flashmode.tn\/magazine\/disparition-lina-corps-retrouve-pres-de-valence\/","url":"https:\/\/flashmode.tn\/magazine\/disparition-lina-corps-retrouve-pres-de-valence\/","name":"Disparition de Lina : Corps retrouv\u00e9 pr\u00e8s de Valence, une trag\u00e9die qui secoue la communaut\u00e9 - Flashmode Magazine | Magazine de mode et style de vie Num\u00e9ro un en Tunisie et au Maghreb","isPartOf":{"@id":"https:\/\/flashmode.tn\/magazine\/#website"},"primaryImageOfPage":{"@id":"https:\/\/flashmode.tn\/magazine\/disparition-lina-corps-retrouve-pres-de-valence\/#primaryimage"},"image":{"@id":"https:\/\/flashmode.tn\/magazine\/disparition-lina-corps-retrouve-pres-de-valence\/#primaryimage"},"thumbnailUrl":"https:\/\/i0.wp.com\/flashmode.tn\/magazine\/wp-content\/uploads\/2024\/03\/Disparition-de-Lina-Corps-retrouve-pres-de-Valence-une-tragedie-qui-secoue-la-communaute.png?fit=1640%2C924&ssl=1","datePublished":"2024-03-12T02:22:19+00:00","dateModified":"2024-04-06T08:59:48+00:00","author":{"@id":"https:\/\/flashmode.tn\/magazine\/#\/schema\/person\/79940f8af94166a445dd5bd6b3137682"},"description":"La disparition tragique de Lina a secou\u00e9 la r\u00e9gion pr\u00e8s de Valence, laissant la communaut\u00e9 sous le choc. Alors que l'espoir s'amenuisait, un \u00e9v\u00e9nement","breadcrumb":{"@id":"https:\/\/flashmode.tn\/magazine\/disparition-lina-corps-retrouve-pres-de-valence\/#breadcrumb"},"inLanguage":"fr-FR","potentialAction":[{"@type":"ReadAction","target":["https:\/\/flashmode.tn\/magazine\/disparition-lina-corps-retrouve-pres-de-valence\/"]}]},{"@type":"ImageObject","inLanguage":"fr-FR","@id":"https:\/\/flashmode.tn\/magazine\/disparition-lina-corps-retrouve-pres-de-valence\/#primaryimage","url":"https:\/\/i0.wp.com\/flashmode.tn\/magazine\/wp-content\/uploads\/2024\/03\/Disparition-de-Lina-Corps-retrouve-pres-de-Valence-une-tragedie-qui-secoue-la-communaute.png?fit=1640%2C924&ssl=1","contentUrl":"https:\/\/i0.wp.com\/flashmode.tn\/magazine\/wp-content\/uploads\/2024\/03\/Disparition-de-Lina-Corps-retrouve-pres-de-Valence-une-tragedie-qui-secoue-la-communaute.png?fit=1640%2C924&ssl=1","width":1640,"height":924,"caption":"Disparition de Lina : Corps retrouv\u00e9 pr\u00e8s de Valence, une trag\u00e9die qui secoue la communaut\u00e9"},{"@type":"BreadcrumbList","@id":"https:\/\/flashmode.tn\/magazine\/disparition-lina-corps-retrouve-pres-de-valence\/#breadcrumb","itemListElement":[{"@type":"ListItem","position":1,"name":"Accueil","item":"https:\/\/flashmode.tn\/magazine\/"},{"@type":"ListItem","position":2,"name":"Disparition de Lina : Corps retrouv\u00e9 pr\u00e8s de Valence, une trag\u00e9die qui secoue la communaut\u00e9"}]},{"@type":"WebSite","@id":"https:\/\/flashmode.tn\/magazine\/#website","url":"https:\/\/flashmode.tn\/magazine\/","name":"Flashmode Magazine | Magazine de mode et style de vie Num\u00e9ro un en Tunisie et au Maghreb","description":"Magazine de mode et style de vie Num\u00e9ro un en Tunisie et au Maghreb, cr\u00e9\u00e9 pour les hommes et les femmes : conseils beaut\u00e9, mode femme, mode homme, recettes de cuisine, c\u00e9l\u00e9brit\u00e9s et people, mannequins et top modeles","potentialAction":[{"@type":"SearchAction","target":{"@type":"EntryPoint","urlTemplate":"https:\/\/flashmode.tn\/magazine\/?s={search_term_string}"},"query-input":{"@type":"PropertyValueSpecification","valueRequired":true,"valueName":"search_term_string"}}],"inLanguage":"fr-FR"},{"@type":"Person","@id":"https:\/\/flashmode.tn\/magazine\/#\/schema\/person\/79940f8af94166a445dd5bd6b3137682","name":"The Daileigh","image":{"@type":"ImageObject","inLanguage":"fr-FR","@id":"https:\/\/flashmode.tn\/magazine\/#\/schema\/person\/image\/","url":"https:\/\/secure.gravatar.com\/avatar\/30d4d60865d61de3434abd01cb8b4ec5e5b5eb5a274017461832a54857b1770d?s=96&d=mm&r=g","contentUrl":"https:\/\/secure.gravatar.com\/avatar\/30d4d60865d61de3434abd01cb8b4ec5e5b5eb5a274017461832a54857b1770d?s=96&d=mm&r=g","caption":"The Daileigh"},"url":"https:\/\/flashmode.tn\/magazine\/author\/the-daileigh\/"}]}},"jetpack_publicize_connections":[],"jetpack_featured_media_url":"https:\/\/i0.wp.com\/flashmode.tn\/magazine\/wp-content\/uploads\/2024\/03\/Disparition-de-Lina-Corps-retrouve-pres-de-Valence-une-tragedie-qui-secoue-la-communaute.png?fit=1640%2C924&ssl=1","jetpack_shortlink":"https:\/\/wp.me\/p8BPGr-rKS","jetpack_sharing_enabled":true,"_links":{"self":[{"href":"https:\/\/flashmode.tn\/magazine\/wp-json\/wp\/v2\/posts\/106694","targetHints":{"allow":["GET"]}}],"collection":[{"href":"https:\/\/flashmode.tn\/magazine\/wp-json\/wp\/v2\/posts"}],"about":[{"href":"https:\/\/flashmode.tn\/magazine\/wp-json\/wp\/v2\/types\/post"}],"author":[{"embeddable":true,"href":"https:\/\/flashmode.tn\/magazine\/wp-json\/wp\/v2\/users\/8"}],"replies":[{"embeddable":true,"href":"https:\/\/flashmode.tn\/magazine\/wp-json\/wp\/v2\/comments?post=106694"}],"version-history":[{"count":2,"href":"https:\/\/flashmode.tn\/magazine\/wp-json\/wp\/v2\/posts\/106694\/revisions"}],"predecessor-version":[{"id":161952,"href":"https:\/\/flashmode.tn\/magazine\/wp-json\/wp\/v2\/posts\/106694\/revisions\/161952"}],"wp:featuredmedia":[{"embeddable":true,"href":"https:\/\/flashmode.tn\/magazine\/wp-json\/wp\/v2\/media\/161951"}],"wp:attachment":[{"href":"https:\/\/flashmode.tn\/magazine\/wp-json\/wp\/v2\/media?parent=106694"}],"wp:term":[{"taxonomy":"category","embeddable":true,"href":"https:\/\/flashmode.tn\/magazine\/wp-json\/wp\/v2\/categories?post=106694"},{"taxonomy":"post_tag","embeddable":true,"href":"https:\/\/flashmode.tn\/magazine\/wp-json\/wp\/v2\/tags?post=106694"}],"curies":[{"name":"wp","href":"https:\/\/api.w.org\/{rel}","templated":true}]}}