{"id":106717,"date":"2024-03-12T04:00:42","date_gmt":"2024-03-12T03:00:42","guid":{"rendered":"https:\/\/flashmode.tn\/magazine\/?p=106717"},"modified":"2024-04-06T12:33:54","modified_gmt":"2024-04-06T10:33:54","slug":"jane-birkin-jeune-look","status":"publish","type":"post","link":"https:\/\/flashmode.tn\/magazine\/jane-birkin-jeune-look\/","title":{"rendered":"Jane Birkin jeune look : Un hommage au style intemporel de l&rsquo;ic\u00f4ne de mode des ann\u00e9es 70 et au-del\u00e0"},"content":{"rendered":"\n<p>D\u00e9couvrez comment le look jeune et intemporel de Jane Birkin continue d&rsquo;inspirer la mode et la culture aujourd&rsquo;hui. De son style embl\u00e9matique des ann\u00e9es 70 \u00e0 son impact durable, plongeons dans l&rsquo;univers fascinant de cette ic\u00f4ne de la mode et du cin\u00e9ma. Pr\u00e9parez-vous \u00e0 \u00eatre transport\u00e9 dans le temps et \u00e0 trouver l&rsquo;inspiration pour votre propre garde-robe avec l&rsquo;h\u00e9ritage de Jane Birkin.<\/p>\n\n\n\n<div id=\"ez-toc-container\" class=\"ez-toc-v2_0_81 counter-hierarchy ez-toc-counter ez-toc-grey ez-toc-container-direction\">\n<div class=\"ez-toc-title-container\">\n<p class=\"ez-toc-title\" style=\"cursor:inherit\">Contenus de la page<\/p>\n<span class=\"ez-toc-title-toggle\"><a href=\"#\" class=\"ez-toc-pull-right ez-toc-btn ez-toc-btn-xs ez-toc-btn-default ez-toc-toggle\" aria-label=\"Toggle Table of Content\"><span class=\"ez-toc-js-icon-con\"><span class=\"\"><span class=\"eztoc-hide\" style=\"display:none;\">Toggle<\/span><span class=\"ez-toc-icon-toggle-span\"><svg style=\"fill: #999;color:#999\" xmlns=\"http:\/\/www.w3.org\/2000\/svg\" class=\"list-377408\" width=\"20px\" height=\"20px\" viewBox=\"0 0 24 24\" fill=\"none\"><path d=\"M6 6H4v2h2V6zm14 0H8v2h12V6zM4 11h2v2H4v-2zm16 0H8v2h12v-2zM4 16h2v2H4v-2zm16 0H8v2h12v-2z\" fill=\"currentColor\"><\/path><\/svg><svg style=\"fill: #999;color:#999\" class=\"arrow-unsorted-368013\" xmlns=\"http:\/\/www.w3.org\/2000\/svg\" width=\"10px\" height=\"10px\" viewBox=\"0 0 24 24\" version=\"1.2\" baseProfile=\"tiny\"><path d=\"M18.2 9.3l-6.2-6.3-6.2 6.3c-.2.2-.3.4-.3.7s.1.5.3.7c.2.2.4.3.7.3h11c.3 0 .5-.1.7-.3.2-.2.3-.5.3-.7s-.1-.5-.3-.7zM5.8 14.7l6.2 6.3 6.2-6.3c.2-.2.3-.5.3-.7s-.1-.5-.3-.7c-.2-.2-.4-.3-.7-.3h-11c-.3 0-.5.1-.7.3-.2.2-.3.5-.3.7s.1.5.3.7z\"\/><\/svg><\/span><\/span><\/span><\/a><\/span><\/div>\n<nav><ul class='ez-toc-list ez-toc-list-level-1 ' ><ul class='ez-toc-list-level-3' ><li class='ez-toc-heading-level-3'><a class=\"ez-toc-link ez-toc-heading-1\" href=\"https:\/\/flashmode.tn\/magazine\/jane-birkin-jeune-look\/#Points_a_retenir\" >Points \u00e0 retenir :<\/a><\/li><\/ul><\/li><li class='ez-toc-page-1 ez-toc-heading-level-2'><a class=\"ez-toc-link ez-toc-heading-2\" href=\"https:\/\/flashmode.tn\/magazine\/jane-birkin-jeune-look\/#Le_Style_Intemporel_de_Jane_Birkin_Un_Hommage\" >Le Style Intemporel de Jane Birkin : Un Hommage<\/a><\/li><li class='ez-toc-page-1 ez-toc-heading-level-2'><a class=\"ez-toc-link ez-toc-heading-3\" href=\"https:\/\/flashmode.tn\/magazine\/jane-birkin-jeune-look\/#Son_Influence_sur_la_Mode_des_Annees_70_et_au-dela\" >Son Influence sur la Mode des Ann\u00e9es 70 et au-del\u00e0<\/a><ul class='ez-toc-list-level-3' ><li class='ez-toc-heading-level-3'><a class=\"ez-toc-link ez-toc-heading-4\" href=\"https:\/\/flashmode.tn\/magazine\/jane-birkin-jeune-look\/#Les_Elements_Cles_du_Look_de_Jane_Birkin\" >Les \u00c9l\u00e9ments Cl\u00e9s du Look de Jane Birkin<\/a><\/li><li class='ez-toc-page-1 ez-toc-heading-level-3'><a class=\"ez-toc-link ez-toc-heading-5\" href=\"https:\/\/flashmode.tn\/magazine\/jane-birkin-jeune-look\/#Comment_Sapproprier_le_Look_Retro_de_Jane_Birkin_Aujourdhui\" >Comment S&rsquo;approprier le Look R\u00e9tro de Jane Birkin Aujourd&rsquo;hui<\/a><\/li><\/ul><\/li><li class='ez-toc-page-1 ez-toc-heading-level-2'><a class=\"ez-toc-link ez-toc-heading-6\" href=\"https:\/\/flashmode.tn\/magazine\/jane-birkin-jeune-look\/#Jane_Birkin_Plus_quune_Icone_une_Source_dInspiration\" >Jane Birkin : Plus qu&rsquo;une Ic\u00f4ne, une Source d&rsquo;Inspiration<\/a><ul class='ez-toc-list-level-3' ><li class='ez-toc-heading-level-3'><a class=\"ez-toc-link ez-toc-heading-7\" href=\"https:\/\/flashmode.tn\/magazine\/jane-birkin-jeune-look\/#LHeritage_de_Jane_Birkin_dans_la_Culture_Populaire\" >L&rsquo;H\u00e9ritage de Jane Birkin dans la Culture Populaire<\/a><\/li><li class='ez-toc-page-1 ez-toc-heading-level-3'><a class=\"ez-toc-link ez-toc-heading-8\" href=\"https:\/\/flashmode.tn\/magazine\/jane-birkin-jeune-look\/#Le_Style_Iconique_de_Jane_Birkin_au_Cinema\" >Le Style Iconique de Jane Birkin au Cin\u00e9ma<\/a><\/li><\/ul><\/li><li class='ez-toc-page-1 ez-toc-heading-level-2'><a class=\"ez-toc-link ez-toc-heading-9\" href=\"https:\/\/flashmode.tn\/magazine\/jane-birkin-jeune-look\/#Comment_Preserver_lHeritage_de_Jane_Birkin\" >Comment Pr\u00e9server l&rsquo;H\u00e9ritage de Jane Birkin<\/a><ul class='ez-toc-list-level-3' ><li class='ez-toc-heading-level-3'><a class=\"ez-toc-link ez-toc-heading-10\" href=\"https:\/\/flashmode.tn\/magazine\/jane-birkin-jeune-look\/#Les_Raisons_de_lImpact_Durable_de_Jane_Birkin_sur_la_Mode\" >Les Raisons de l&rsquo;Impact Durable de Jane Birkin sur la Mode<\/a><\/li><\/ul><\/li><li class='ez-toc-page-1 ez-toc-heading-level-2'><a class=\"ez-toc-link ez-toc-heading-11\" href=\"https:\/\/flashmode.tn\/magazine\/jane-birkin-jeune-look\/#Conclusion_Celebrer_le_Style_et_lEsprit_de_Jane_Birkin\" >Conclusion : C\u00e9l\u00e9brer le Style et l&rsquo;Esprit de Jane Birkin<\/a><\/li><\/ul><\/nav><\/div>\n<h3 class=\"wp-block-heading\" id=\"h-points-a-retenir\"><span class=\"ez-toc-section\" id=\"Points_a_retenir\"><\/span>Points \u00e0 retenir :<span class=\"ez-toc-section-end\"><\/span><\/h3>\n\n\n\n<ul class=\"wp-block-list\">\n<li>Jane Birkin est d\u00e9c\u00e9d\u00e9e \u00e0 l&rsquo;\u00e2ge de 76 ans \u00e0 Paris.<\/li>\n\n\n\n<li>Elle a \u00e9t\u00e9 diagnostiqu\u00e9e avec la leuc\u00e9mie peu de temps avant son d\u00e9c\u00e8s.<\/li>\n\n\n\n<li>Jane Birkin a annul\u00e9 des concerts pour des raisons de sant\u00e9 au printemps pr\u00e9c\u00e9dant son d\u00e9c\u00e8s.<\/li>\n\n\n\n<li>Elle a marqu\u00e9 la mode des ann\u00e9es 70 avec son style iconique.<\/li>\n\n\n\n<li>Jane Birkin \u00e9tait une ic\u00f4ne de style, connue pour ses looks simples et d\u00e9contract\u00e9s.<\/li>\n\n\n\n<li>Son influence dans le monde de la mode va au-del\u00e0 de son style personnel.<\/li>\n<\/ul>\n\n\n\n<h2 class=\"wp-block-heading\" id=\"h-le-style-intemporel-de-jane-birkin-un-hommage\"><span class=\"ez-toc-section\" id=\"Le_Style_Intemporel_de_Jane_Birkin_Un_Hommage\"><\/span>Le Style Intemporel de Jane Birkin : Un Hommage<span class=\"ez-toc-section-end\"><\/span><\/h2>\n\n\n\n<p>Jane Birkin, muse intemporelle, a marqu\u00e9 les esprits bien au-del\u00e0 des fronti\u00e8res de sa Grande-Bretagne natale. Son d\u00e9c\u00e8s \u00e0 l&rsquo;\u00e2ge de 76 ans \u00e0 Paris a plong\u00e9 le monde de la mode et de la culture dans le deuil. Son combat contre la leuc\u00e9mie, qui a finalement conduit \u00e0 l&rsquo;annulation de ses concerts pr\u00e9vus au printemps, a \u00e9t\u00e9 port\u00e9 avec la m\u00eame dignit\u00e9 et r\u00e9silience qui caract\u00e9risaient son <strong>look jeune<\/strong> et son approche de la vie.<\/p>\n\n\n\n<h2 class=\"wp-block-heading\" id=\"h-son-influence-sur-la-mode-des-annees-70-et-au-dela\"><span class=\"ez-toc-section\" id=\"Son_Influence_sur_la_Mode_des_Annees_70_et_au-dela\"><\/span>Son Influence sur la Mode des Ann\u00e9es 70 et au-del\u00e0<span class=\"ez-toc-section-end\"><\/span><\/h2>\n\n\n\n<p>Jane Birkin, avec son style iconique, a \u00e9t\u00e9 une v\u00e9ritable ambassadrice de la mode parisienne, malgr\u00e9 ses origines britanniques. Les ann\u00e9es 70 furent marqu\u00e9es par ses tenues signatures, qui pr\u00f4naient la simplicit\u00e9 et le confort. Son influence sur la mode ne se limitait pas \u00e0 son style personnel, mais s&rsquo;\u00e9tendait \u00e0 des tendances qu&rsquo;elle a su incarner et populariser aupr\u00e8s du grand public.<\/p>\n\n\n\n<h3 class=\"wp-block-heading\" id=\"h-les-elements-cles-du-look-de-jane-birkin\"><span class=\"ez-toc-section\" id=\"Les_Elements_Cles_du_Look_de_Jane_Birkin\"><\/span>Les \u00c9l\u00e9ments Cl\u00e9s du Look de Jane Birkin<span class=\"ez-toc-section-end\"><\/span><\/h3>\n\n\n\n<ul class=\"wp-block-list\">\n<li><strong>Korbtaschen<\/strong> (paniers en osier) : Jane Birkin a rendu c\u00e9l\u00e8bre son sac en osier, qui a donn\u00e9 naissance \u00e0 ce qui est aujourd&rsquo;hui connu sous le nom de \u00ab\u00a0Birkin Bag\u00a0\u00bb.<\/li>\n\n\n\n<li><strong>Bauchfreie Blusen<\/strong> (blouses \u00e0 ventre nu) : Un symbole de libert\u00e9 et d&rsquo;audace, ses blouses courtes refl\u00e9taient la r\u00e9volution de la mode f\u00e9minine de l&rsquo;\u00e9poque.<\/li>\n\n\n\n<li><strong>Viele feine Ketten<\/strong> (nombreuses cha\u00eenes fines) : Jane Birkin aimait superposer les bijoux d\u00e9licats, cr\u00e9ant un effet boh\u00e8me chic.<\/li>\n\n\n\n<li><strong>Flache Schuhe<\/strong> (chaussures plates) : Pr\u00e9f\u00e9rant le confort sans sacrifier l&rsquo;\u00e9l\u00e9gance, elle a souvent \u00e9t\u00e9 aper\u00e7ue en ballerines ou en sandales plates.<\/li>\n<\/ul>\n\n\n\n<h3 class=\"wp-block-heading\" id=\"h-comment-s-approprier-le-look-retro-de-jane-birkin-aujourd-hui\"><span class=\"ez-toc-section\" id=\"Comment_Sapproprier_le_Look_Retro_de_Jane_Birkin_Aujourdhui\"><\/span>Comment S&rsquo;approprier le Look R\u00e9tro de Jane Birkin Aujourd&rsquo;hui<span class=\"ez-toc-section-end\"><\/span><\/h3>\n\n\n\n<p>Adopter le style de Jane Birkin, c&rsquo;est faire preuve d&rsquo;audace tout en privil\u00e9giant la simplicit\u00e9. Voici quelques conseils pour s&rsquo;inspirer de son look intemporel:<\/p>\n\n\n\n<ol class=\"wp-block-list\">\n<li>Optez pour un <strong>chapeau de paille<\/strong> pour une touche estivale et d\u00e9contract\u00e9e.<\/li>\n\n\n\n<li>Une <strong>robe rouge longue<\/strong> pour les occasions o\u00f9 l&rsquo;\u00e9l\u00e9gance d\u00e9contract\u00e9e est de mise.<\/li>\n\n\n\n<li>Les <strong>accessoires<\/strong>, tels que les cha\u00eenes fines et les sacs en osier, pour compl\u00e9ter une tenue avec subtilit\u00e9.<\/li>\n\n\n\n<li>Des <strong>tenues cin\u00e9matographiques<\/strong> : inspirez-vous de ses r\u00f4les iconiques pour recr\u00e9er des looks vintage modernis\u00e9s.<\/li>\n<\/ol>\n\n\n\n<h2 class=\"wp-block-heading\" id=\"h-jane-birkin-plus-qu-une-icone-une-source-d-inspiration\"><span class=\"ez-toc-section\" id=\"Jane_Birkin_Plus_quune_Icone_une_Source_dInspiration\"><\/span>Jane Birkin : Plus qu&rsquo;une Ic\u00f4ne, une Source d&rsquo;Inspiration<span class=\"ez-toc-section-end\"><\/span><\/h2>\n\n\n\n<p>Jane Birkin \u00e9tait bien plus qu&rsquo;une simple ic\u00f4ne de mode; elle \u00e9tait \u00e9galement une artiste talentueuse dont l&#8217;empreinte culturelle est ind\u00e9l\u00e9bile. Sa chanson \u00ab\u00a0Je t&rsquo;aime&#8230; moi non plus\u00a0\u00bb reste grav\u00e9e dans les m\u00e9moires et continue de susciter admiration et nostalgie. Son style, \u00e0 l&rsquo;image de sa carri\u00e8re, refl\u00e9tait une authenticit\u00e9 et une aisance qui transcendent les \u00e9poques.<\/p>\n\n\n\n<h3 class=\"wp-block-heading\" id=\"h-l-heritage-de-jane-birkin-dans-la-culture-populaire\"><span class=\"ez-toc-section\" id=\"LHeritage_de_Jane_Birkin_dans_la_Culture_Populaire\"><\/span>L&rsquo;H\u00e9ritage de Jane Birkin dans la Culture Populaire<span class=\"ez-toc-section-end\"><\/span><\/h3>\n\n\n\n<p>Le <strong>look de Jane Birkin jeune<\/strong> continue d&rsquo;influencer les designers et les amateurs de mode. Son approche naturelle et sans effort de la beaut\u00e9 et de l&rsquo;\u00e9l\u00e9gance reste une source d&rsquo;inspiration majeure pour les g\u00e9n\u00e9rations actuelles et futures. Sa capacit\u00e9 \u00e0 m\u00e9langer des \u00e9l\u00e9ments simples pour cr\u00e9er un effet sophistiqu\u00e9 est une le\u00e7on de style qui d\u00e9passe le cadre de la mode.<\/p>\n\n\n\n<h3 class=\"wp-block-heading\" id=\"h-le-style-iconique-de-jane-birkin-au-cinema\"><span class=\"ez-toc-section\" id=\"Le_Style_Iconique_de_Jane_Birkin_au_Cinema\"><\/span>Le Style Iconique de Jane Birkin au Cin\u00e9ma<span class=\"ez-toc-section-end\"><\/span><\/h3>\n\n\n\n<p>Les tenues embl\u00e9matiques de Jane Birkin au cin\u00e9ma sont une c\u00e9l\u00e9bration de la mode des ann\u00e9es 70. Que ce soit dans une <strong>petite robe vichy<\/strong> ou un <strong>maillot de bain seventies<\/strong>, chaque tenue raconte une histoire et capture un moment de l&rsquo;histoire de la mode. Ces pi\u00e8ces, bien que sp\u00e9cifiques \u00e0 une \u00e9poque, peuvent \u00eatre r\u00e9interpr\u00e9t\u00e9es et adapt\u00e9es pour refl\u00e9ter le style contemporain.<\/p>\n\n\n\n<h2 class=\"wp-block-heading\" id=\"h-comment-preserver-l-heritage-de-jane-birkin\"><span class=\"ez-toc-section\" id=\"Comment_Preserver_lHeritage_de_Jane_Birkin\"><\/span>Comment Pr\u00e9server l&rsquo;H\u00e9ritage de Jane Birkin<span class=\"ez-toc-section-end\"><\/span><\/h2>\n\n\n\n<p>Pr\u00e9server l&rsquo;h\u00e9ritage de Jane Birkin, c&rsquo;est continuer \u00e0 partager son histoire, \u00e0 c\u00e9l\u00e9brer son style et \u00e0 s&rsquo;inspirer de son esprit libre et avant-gardiste. Les cr\u00e9ateurs et les passionn\u00e9s de mode peuvent rendre hommage \u00e0 son influence en int\u00e9grant des \u00e9l\u00e9ments de son look dans leurs collections et en racontant son histoire \u00e0 travers de nouvelles g\u00e9n\u00e9rations d&rsquo;admirateurs.<\/p>\n\n\n\n<h3 class=\"wp-block-heading\" id=\"h-les-raisons-de-l-impact-durable-de-jane-birkin-sur-la-mode\"><span class=\"ez-toc-section\" id=\"Les_Raisons_de_lImpact_Durable_de_Jane_Birkin_sur_la_Mode\"><\/span>Les Raisons de l&rsquo;Impact Durable de Jane Birkin sur la Mode<span class=\"ez-toc-section-end\"><\/span><\/h3>\n\n\n\n<p>La raison de l&rsquo;impact durable de Jane Birkin sur la mode est sa capacit\u00e9 \u00e0 rester vraie \u00e0 elle-m\u00eame. Elle n&rsquo;a jamais suivi les tendances aveugl\u00e9ment, mais les a plut\u00f4t interpr\u00e9t\u00e9es \u00e0 sa mani\u00e8re, cr\u00e9ant ainsi un style personnel et reconnaissable. Son impact va au-del\u00e0 de son apparence; il r\u00e9side dans l&rsquo;attitude qu&rsquo;elle incarnait et la confiance en soi qu&rsquo;elle inspirait.<\/p>\n\n\n\n<h2 class=\"wp-block-heading\" id=\"h-conclusion-celebrer-le-style-et-l-esprit-de-jane-birkin\"><span class=\"ez-toc-section\" id=\"Conclusion_Celebrer_le_Style_et_lEsprit_de_Jane_Birkin\"><\/span>Conclusion : C\u00e9l\u00e9brer le Style et l&rsquo;Esprit de Jane Birkin<span class=\"ez-toc-section-end\"><\/span><\/h2>\n\n\n\n<p>La disparition de Jane Birkin laisse un vide dans le monde de la mode et de la culture, mais son style et son esprit demeurent. En c\u00e9l\u00e9brant sa vie et son h\u00e9ritage, nous continuons \u00e0 appr\u00e9cier l&rsquo;\u00e9l\u00e9gance naturelle et la gr\u00e2ce sans effort qu&rsquo;elle a apport\u00e9es \u00e0 notre monde. Son influence restera \u00e0 jamais un phare pour ceux qui cherchent \u00e0 m\u00e9langer simplicit\u00e9 et sophistication.<\/p>\n\n\n\n<p><strong>Quel \u00e9tait le style iconique de Jane Birkin ?<\/strong><br>Son style iconique \u00e9tait simple et d\u00e9contract\u00e9, marquant la mode des ann\u00e9es 70.<\/p>\n\n\n\n<p><strong>Quelle maladie auto-immune a \u00e9t\u00e9 diagnostiqu\u00e9e chez Jane Birkin ?<\/strong><br>Jane Birkin a \u00e9t\u00e9 diagnostiqu\u00e9e avec la leuc\u00e9mie peu de temps avant son d\u00e9c\u00e8s.<\/p>\n\n\n\n<p><strong>Pour quelles raisons Jane Birkin a-t-elle annul\u00e9 des concerts au printemps pr\u00e9c\u00e9dant son d\u00e9c\u00e8s ?<\/strong><br>Elle a annul\u00e9 des concerts pour des raisons de sant\u00e9, li\u00e9es \u00e0 sa leuc\u00e9mie.<\/p>\n\n\n\n<p><strong>Quelle influence Jane Birkin a-t-elle eu dans le monde de la mode ?<\/strong><br>Son influence dans le monde de la mode va au-del\u00e0 de son style personnel, marquant la mode des ann\u00e9es 70.<\/p>\n\n\n\n<p><strong>Quand et o\u00f9 est d\u00e9c\u00e9d\u00e9e Jane Birkin ?<\/strong><br>Jane Birkin est d\u00e9c\u00e9d\u00e9e \u00e0 l&rsquo;\u00e2ge de 76 ans \u00e0 Paris.<\/p>\n","protected":false},"excerpt":{"rendered":"<p>D\u00e9couvrez comment le look jeune et intemporel de Jane Birkin continue d&rsquo;inspirer la mode et la culture aujourd&rsquo;hui. De son style embl\u00e9matique des ann\u00e9es 70 \u00e0 son impact durable, plongeons dans l&rsquo;univers fascinant de cette ic\u00f4ne de la mode et du cin\u00e9ma. Pr\u00e9parez-vous \u00e0 \u00eatre transport\u00e9 dans le temps et \u00e0 trouver l&rsquo;inspiration pour votre [&hellip;]<\/p>\n","protected":false},"author":8,"featured_media":162020,"comment_status":"open","ping_status":"open","sticky":false,"template":"","format":"standard","meta":{"tdm_status":"","tdm_grid_status":"","_jetpack_memberships_contains_paid_content":false,"footnotes":"","jetpack_publicize_message":"","jetpack_publicize_feature_enabled":true,"jetpack_social_post_already_shared":true,"jetpack_social_options":{"image_generator_settings":{"template":"highway","default_image_id":0,"font":"","enabled":false},"version":2}},"categories":[76],"tags":[],"class_list":["post-106717","post","type-post","status-publish","format-standard","has-post-thumbnail","hentry","category-mode"],"yoast_head":"<!-- This site is optimized with the Yoast SEO Premium plugin v25.0 (Yoast SEO v25.0) - https:\/\/yoast.com\/wordpress\/plugins\/seo\/ -->\n<title>Jane Birkin jeune look : Un hommage au style intemporel de l&#039;ic\u00f4ne de mode des ann\u00e9es 70 et au-del\u00e0 - Flashmode Magazine | Magazine de mode et style de vie Num\u00e9ro un en Tunisie et au Maghreb<\/title>\n<meta name=\"description\" content=\"D\u00e9couvrez comment le look jeune et intemporel de Jane Birkin continue d&#039;inspirer la mode et la culture aujourd&#039;hui. De son style embl\u00e9matique des ann\u00e9es\" \/>\n<meta name=\"robots\" content=\"index, follow, max-snippet:-1, max-image-preview:large, max-video-preview:-1\" \/>\n<link rel=\"canonical\" href=\"https:\/\/flashmode.tn\/magazine\/jane-birkin-jeune-look\/\" \/>\n<meta property=\"og:locale\" content=\"fr_FR\" \/>\n<meta property=\"og:type\" content=\"article\" \/>\n<meta property=\"og:title\" content=\"Jane Birkin jeune look : Un hommage au style intemporel de l&#039;ic\u00f4ne de mode des ann\u00e9es 70 et au-del\u00e0 - Flashmode Magazine | Magazine de mode et style de vie Num\u00e9ro un en Tunisie et au Maghreb\" \/>\n<meta property=\"og:description\" content=\"D\u00e9couvrez comment le look jeune et intemporel de Jane Birkin continue d&#039;inspirer la mode et la culture aujourd&#039;hui. De son style embl\u00e9matique des ann\u00e9es\" \/>\n<meta property=\"og:url\" content=\"https:\/\/flashmode.tn\/magazine\/jane-birkin-jeune-look\/\" \/>\n<meta property=\"og:site_name\" content=\"Flashmode Magazine | Magazine de mode et style de vie Num\u00e9ro un en Tunisie et au Maghreb\" \/>\n<meta property=\"article:publisher\" content=\"https:\/\/www.facebook.com\/flashmode.magazine\/\" \/>\n<meta property=\"article:published_time\" content=\"2024-03-12T03:00:42+00:00\" \/>\n<meta property=\"article:modified_time\" content=\"2024-04-06T10:33:54+00:00\" \/>\n<meta property=\"og:image\" content=\"https:\/\/flashmode.tn\/magazine\/wp-content\/uploads\/2024\/03\/Jane-Birkin-jeune-look-Un-hommage-au-style-intemporel-de-licone-de-mode-des-annees-70-et-au-dela-1024x577.png\" \/>\n\t<meta property=\"og:image:width\" content=\"1024\" \/>\n\t<meta property=\"og:image:height\" content=\"577\" \/>\n\t<meta property=\"og:image:type\" content=\"image\/png\" \/>\n<meta name=\"author\" content=\"The Daileigh\" \/>\n<meta name=\"twitter:card\" content=\"summary_large_image\" \/>\n<meta name=\"twitter:creator\" content=\"@agenceflashmode\" \/>\n<meta name=\"twitter:site\" content=\"@agenceflashmode\" \/>\n<meta name=\"twitter:label1\" content=\"\u00c9crit par\" \/>\n\t<meta name=\"twitter:data1\" content=\"The Daileigh\" \/>\n\t<meta name=\"twitter:label2\" content=\"Dur\u00e9e de lecture estim\u00e9e\" \/>\n\t<meta name=\"twitter:data2\" content=\"6 minutes\" \/>\n<script type=\"application\/ld+json\" class=\"yoast-schema-graph\">{\"@context\":\"https:\/\/schema.org\",\"@graph\":[{\"@type\":\"WebPage\",\"@id\":\"https:\/\/flashmode.tn\/magazine\/jane-birkin-jeune-look\/\",\"url\":\"https:\/\/flashmode.tn\/magazine\/jane-birkin-jeune-look\/\",\"name\":\"Jane Birkin jeune look : Un hommage au style intemporel de l'ic\u00f4ne de mode des ann\u00e9es 70 et au-del\u00e0 - Flashmode Magazine | Magazine de mode et style de vie Num\u00e9ro un en Tunisie et au Maghreb\",\"isPartOf\":{\"@id\":\"https:\/\/flashmode.tn\/magazine\/#website\"},\"primaryImageOfPage\":{\"@id\":\"https:\/\/flashmode.tn\/magazine\/jane-birkin-jeune-look\/#primaryimage\"},\"image\":{\"@id\":\"https:\/\/flashmode.tn\/magazine\/jane-birkin-jeune-look\/#primaryimage\"},\"thumbnailUrl\":\"https:\/\/i0.wp.com\/flashmode.tn\/magazine\/wp-content\/uploads\/2024\/03\/Jane-Birkin-jeune-look-Un-hommage-au-style-intemporel-de-licone-de-mode-des-annees-70-et-au-dela.png?fit=1640%2C924&ssl=1\",\"datePublished\":\"2024-03-12T03:00:42+00:00\",\"dateModified\":\"2024-04-06T10:33:54+00:00\",\"author\":{\"@id\":\"https:\/\/flashmode.tn\/magazine\/#\/schema\/person\/79940f8af94166a445dd5bd6b3137682\"},\"description\":\"D\u00e9couvrez comment le look jeune et intemporel de Jane Birkin continue d'inspirer la mode et la culture aujourd'hui. De son style embl\u00e9matique des ann\u00e9es\",\"breadcrumb\":{\"@id\":\"https:\/\/flashmode.tn\/magazine\/jane-birkin-jeune-look\/#breadcrumb\"},\"inLanguage\":\"fr-FR\",\"potentialAction\":[{\"@type\":\"ReadAction\",\"target\":[\"https:\/\/flashmode.tn\/magazine\/jane-birkin-jeune-look\/\"]}]},{\"@type\":\"ImageObject\",\"inLanguage\":\"fr-FR\",\"@id\":\"https:\/\/flashmode.tn\/magazine\/jane-birkin-jeune-look\/#primaryimage\",\"url\":\"https:\/\/i0.wp.com\/flashmode.tn\/magazine\/wp-content\/uploads\/2024\/03\/Jane-Birkin-jeune-look-Un-hommage-au-style-intemporel-de-licone-de-mode-des-annees-70-et-au-dela.png?fit=1640%2C924&ssl=1\",\"contentUrl\":\"https:\/\/i0.wp.com\/flashmode.tn\/magazine\/wp-content\/uploads\/2024\/03\/Jane-Birkin-jeune-look-Un-hommage-au-style-intemporel-de-licone-de-mode-des-annees-70-et-au-dela.png?fit=1640%2C924&ssl=1\",\"width\":1640,\"height\":924,\"caption\":\"Jane Birkin jeune look : Un hommage au style intemporel de l'ic\u00f4ne de mode des ann\u00e9es 70 et au-del\u00e0\"},{\"@type\":\"BreadcrumbList\",\"@id\":\"https:\/\/flashmode.tn\/magazine\/jane-birkin-jeune-look\/#breadcrumb\",\"itemListElement\":[{\"@type\":\"ListItem\",\"position\":1,\"name\":\"Accueil\",\"item\":\"https:\/\/flashmode.tn\/magazine\/\"},{\"@type\":\"ListItem\",\"position\":2,\"name\":\"Jane Birkin jeune look : Un hommage au style intemporel de l&rsquo;ic\u00f4ne de mode des ann\u00e9es 70 et au-del\u00e0\"}]},{\"@type\":\"WebSite\",\"@id\":\"https:\/\/flashmode.tn\/magazine\/#website\",\"url\":\"https:\/\/flashmode.tn\/magazine\/\",\"name\":\"Flashmode Magazine | Magazine de mode et style de vie Num\u00e9ro un en Tunisie et au Maghreb\",\"description\":\"Magazine de mode et style de vie Num\u00e9ro un en Tunisie et au Maghreb, cr\u00e9\u00e9 pour les hommes et les femmes : conseils beaut\u00e9, mode femme, mode homme, recettes de cuisine, c\u00e9l\u00e9brit\u00e9s et people, mannequins et top modeles\",\"potentialAction\":[{\"@type\":\"SearchAction\",\"target\":{\"@type\":\"EntryPoint\",\"urlTemplate\":\"https:\/\/flashmode.tn\/magazine\/?s={search_term_string}\"},\"query-input\":{\"@type\":\"PropertyValueSpecification\",\"valueRequired\":true,\"valueName\":\"search_term_string\"}}],\"inLanguage\":\"fr-FR\"},{\"@type\":\"Person\",\"@id\":\"https:\/\/flashmode.tn\/magazine\/#\/schema\/person\/79940f8af94166a445dd5bd6b3137682\",\"name\":\"The Daileigh\",\"image\":{\"@type\":\"ImageObject\",\"inLanguage\":\"fr-FR\",\"@id\":\"https:\/\/flashmode.tn\/magazine\/#\/schema\/person\/image\/\",\"url\":\"https:\/\/secure.gravatar.com\/avatar\/30d4d60865d61de3434abd01cb8b4ec5e5b5eb5a274017461832a54857b1770d?s=96&d=mm&r=g\",\"contentUrl\":\"https:\/\/secure.gravatar.com\/avatar\/30d4d60865d61de3434abd01cb8b4ec5e5b5eb5a274017461832a54857b1770d?s=96&d=mm&r=g\",\"caption\":\"The Daileigh\"},\"url\":\"https:\/\/flashmode.tn\/magazine\/author\/the-daileigh\/\"}]}<\/script>\n<!-- \/ Yoast SEO Premium plugin. -->","yoast_head_json":{"title":"Jane Birkin jeune look : Un hommage au style intemporel de l'ic\u00f4ne de mode des ann\u00e9es 70 et au-del\u00e0 - Flashmode Magazine | Magazine de mode et style de vie Num\u00e9ro un en Tunisie et au Maghreb","description":"D\u00e9couvrez comment le look jeune et intemporel de Jane Birkin continue d'inspirer la mode et la culture aujourd'hui. De son style embl\u00e9matique des ann\u00e9es","robots":{"index":"index","follow":"follow","max-snippet":"max-snippet:-1","max-image-preview":"max-image-preview:large","max-video-preview":"max-video-preview:-1"},"canonical":"https:\/\/flashmode.tn\/magazine\/jane-birkin-jeune-look\/","og_locale":"fr_FR","og_type":"article","og_title":"Jane Birkin jeune look : Un hommage au style intemporel de l'ic\u00f4ne de mode des ann\u00e9es 70 et au-del\u00e0 - Flashmode Magazine | Magazine de mode et style de vie Num\u00e9ro un en Tunisie et au Maghreb","og_description":"D\u00e9couvrez comment le look jeune et intemporel de Jane Birkin continue d'inspirer la mode et la culture aujourd'hui. De son style embl\u00e9matique des ann\u00e9es","og_url":"https:\/\/flashmode.tn\/magazine\/jane-birkin-jeune-look\/","og_site_name":"Flashmode Magazine | Magazine de mode et style de vie Num\u00e9ro un en Tunisie et au Maghreb","article_publisher":"https:\/\/www.facebook.com\/flashmode.magazine\/","article_published_time":"2024-03-12T03:00:42+00:00","article_modified_time":"2024-04-06T10:33:54+00:00","og_image":[{"width":1024,"height":577,"url":"https:\/\/flashmode.tn\/magazine\/wp-content\/uploads\/2024\/03\/Jane-Birkin-jeune-look-Un-hommage-au-style-intemporel-de-licone-de-mode-des-annees-70-et-au-dela-1024x577.png","type":"image\/png"}],"author":"The Daileigh","twitter_card":"summary_large_image","twitter_creator":"@agenceflashmode","twitter_site":"@agenceflashmode","twitter_misc":{"\u00c9crit par":"The Daileigh","Dur\u00e9e de lecture estim\u00e9e":"6 minutes"},"schema":{"@context":"https:\/\/schema.org","@graph":[{"@type":"WebPage","@id":"https:\/\/flashmode.tn\/magazine\/jane-birkin-jeune-look\/","url":"https:\/\/flashmode.tn\/magazine\/jane-birkin-jeune-look\/","name":"Jane Birkin jeune look : Un hommage au style intemporel de l'ic\u00f4ne de mode des ann\u00e9es 70 et au-del\u00e0 - Flashmode Magazine | Magazine de mode et style de vie Num\u00e9ro un en Tunisie et au Maghreb","isPartOf":{"@id":"https:\/\/flashmode.tn\/magazine\/#website"},"primaryImageOfPage":{"@id":"https:\/\/flashmode.tn\/magazine\/jane-birkin-jeune-look\/#primaryimage"},"image":{"@id":"https:\/\/flashmode.tn\/magazine\/jane-birkin-jeune-look\/#primaryimage"},"thumbnailUrl":"https:\/\/i0.wp.com\/flashmode.tn\/magazine\/wp-content\/uploads\/2024\/03\/Jane-Birkin-jeune-look-Un-hommage-au-style-intemporel-de-licone-de-mode-des-annees-70-et-au-dela.png?fit=1640%2C924&ssl=1","datePublished":"2024-03-12T03:00:42+00:00","dateModified":"2024-04-06T10:33:54+00:00","author":{"@id":"https:\/\/flashmode.tn\/magazine\/#\/schema\/person\/79940f8af94166a445dd5bd6b3137682"},"description":"D\u00e9couvrez comment le look jeune et intemporel de Jane Birkin continue d'inspirer la mode et la culture aujourd'hui. De son style embl\u00e9matique des ann\u00e9es","breadcrumb":{"@id":"https:\/\/flashmode.tn\/magazine\/jane-birkin-jeune-look\/#breadcrumb"},"inLanguage":"fr-FR","potentialAction":[{"@type":"ReadAction","target":["https:\/\/flashmode.tn\/magazine\/jane-birkin-jeune-look\/"]}]},{"@type":"ImageObject","inLanguage":"fr-FR","@id":"https:\/\/flashmode.tn\/magazine\/jane-birkin-jeune-look\/#primaryimage","url":"https:\/\/i0.wp.com\/flashmode.tn\/magazine\/wp-content\/uploads\/2024\/03\/Jane-Birkin-jeune-look-Un-hommage-au-style-intemporel-de-licone-de-mode-des-annees-70-et-au-dela.png?fit=1640%2C924&ssl=1","contentUrl":"https:\/\/i0.wp.com\/flashmode.tn\/magazine\/wp-content\/uploads\/2024\/03\/Jane-Birkin-jeune-look-Un-hommage-au-style-intemporel-de-licone-de-mode-des-annees-70-et-au-dela.png?fit=1640%2C924&ssl=1","width":1640,"height":924,"caption":"Jane Birkin jeune look : Un hommage au style intemporel de l'ic\u00f4ne de mode des ann\u00e9es 70 et au-del\u00e0"},{"@type":"BreadcrumbList","@id":"https:\/\/flashmode.tn\/magazine\/jane-birkin-jeune-look\/#breadcrumb","itemListElement":[{"@type":"ListItem","position":1,"name":"Accueil","item":"https:\/\/flashmode.tn\/magazine\/"},{"@type":"ListItem","position":2,"name":"Jane Birkin jeune look : Un hommage au style intemporel de l&rsquo;ic\u00f4ne de mode des ann\u00e9es 70 et au-del\u00e0"}]},{"@type":"WebSite","@id":"https:\/\/flashmode.tn\/magazine\/#website","url":"https:\/\/flashmode.tn\/magazine\/","name":"Flashmode Magazine | Magazine de mode et style de vie Num\u00e9ro un en Tunisie et au Maghreb","description":"Magazine de mode et style de vie Num\u00e9ro un en Tunisie et au Maghreb, cr\u00e9\u00e9 pour les hommes et les femmes : conseils beaut\u00e9, mode femme, mode homme, recettes de cuisine, c\u00e9l\u00e9brit\u00e9s et people, mannequins et top modeles","potentialAction":[{"@type":"SearchAction","target":{"@type":"EntryPoint","urlTemplate":"https:\/\/flashmode.tn\/magazine\/?s={search_term_string}"},"query-input":{"@type":"PropertyValueSpecification","valueRequired":true,"valueName":"search_term_string"}}],"inLanguage":"fr-FR"},{"@type":"Person","@id":"https:\/\/flashmode.tn\/magazine\/#\/schema\/person\/79940f8af94166a445dd5bd6b3137682","name":"The Daileigh","image":{"@type":"ImageObject","inLanguage":"fr-FR","@id":"https:\/\/flashmode.tn\/magazine\/#\/schema\/person\/image\/","url":"https:\/\/secure.gravatar.com\/avatar\/30d4d60865d61de3434abd01cb8b4ec5e5b5eb5a274017461832a54857b1770d?s=96&d=mm&r=g","contentUrl":"https:\/\/secure.gravatar.com\/avatar\/30d4d60865d61de3434abd01cb8b4ec5e5b5eb5a274017461832a54857b1770d?s=96&d=mm&r=g","caption":"The Daileigh"},"url":"https:\/\/flashmode.tn\/magazine\/author\/the-daileigh\/"}]}},"jetpack_publicize_connections":[],"jetpack_featured_media_url":"https:\/\/i0.wp.com\/flashmode.tn\/magazine\/wp-content\/uploads\/2024\/03\/Jane-Birkin-jeune-look-Un-hommage-au-style-intemporel-de-licone-de-mode-des-annees-70-et-au-dela.png?fit=1640%2C924&ssl=1","jetpack_shortlink":"https:\/\/wp.me\/p8BPGr-rLf","jetpack_sharing_enabled":true,"_links":{"self":[{"href":"https:\/\/flashmode.tn\/magazine\/wp-json\/wp\/v2\/posts\/106717","targetHints":{"allow":["GET"]}}],"collection":[{"href":"https:\/\/flashmode.tn\/magazine\/wp-json\/wp\/v2\/posts"}],"about":[{"href":"https:\/\/flashmode.tn\/magazine\/wp-json\/wp\/v2\/types\/post"}],"author":[{"embeddable":true,"href":"https:\/\/flashmode.tn\/magazine\/wp-json\/wp\/v2\/users\/8"}],"replies":[{"embeddable":true,"href":"https:\/\/flashmode.tn\/magazine\/wp-json\/wp\/v2\/comments?post=106717"}],"version-history":[{"count":2,"href":"https:\/\/flashmode.tn\/magazine\/wp-json\/wp\/v2\/posts\/106717\/revisions"}],"predecessor-version":[{"id":162021,"href":"https:\/\/flashmode.tn\/magazine\/wp-json\/wp\/v2\/posts\/106717\/revisions\/162021"}],"wp:featuredmedia":[{"embeddable":true,"href":"https:\/\/flashmode.tn\/magazine\/wp-json\/wp\/v2\/media\/162020"}],"wp:attachment":[{"href":"https:\/\/flashmode.tn\/magazine\/wp-json\/wp\/v2\/media?parent=106717"}],"wp:term":[{"taxonomy":"category","embeddable":true,"href":"https:\/\/flashmode.tn\/magazine\/wp-json\/wp\/v2\/categories?post=106717"},{"taxonomy":"post_tag","embeddable":true,"href":"https:\/\/flashmode.tn\/magazine\/wp-json\/wp\/v2\/tags?post=106717"}],"curies":[{"name":"wp","href":"https:\/\/api.w.org\/{rel}","templated":true}]}}