{"id":106779,"date":"2024-03-12T03:40:28","date_gmt":"2024-03-12T02:40:28","guid":{"rendered":"https:\/\/flashmode.tn\/magazine\/?p=106779"},"modified":"2024-04-09T13:48:18","modified_gmt":"2024-04-09T11:48:18","slug":"jana-judor-age-2","status":"publish","type":"post","link":"https:\/\/flashmode.tn\/magazine\/jana-judor-age-2\/","title":{"rendered":"Jana Judor Age : La Trajectoire Artistique d&rsquo;une Famille de Talents"},"content":{"rendered":"\n<p>D\u00e9couvrez l&rsquo;\u00e2ge myst\u00e9rieux de Jana Judor et plongez dans l&rsquo;univers fascinant de cette famille d&rsquo;artistes. Entre \u00e9nigmes, projets futurs et inspirations artistiques, suivez la trajectoire exemplaire de Jana et de son c\u00e9l\u00e8bre p\u00e8re, \u00c9ric Judor. Pr\u00e9parez-vous \u00e0 \u00eatre \u00e9bloui par une famille de talents o\u00f9 la discr\u00e9tion intrigue autant que la cr\u00e9ativit\u00e9 !<\/p>\n\n\n\n<div id=\"ez-toc-container\" class=\"ez-toc-v2_0_81 counter-hierarchy ez-toc-counter ez-toc-grey ez-toc-container-direction\">\n<div class=\"ez-toc-title-container\">\n<p class=\"ez-toc-title\" style=\"cursor:inherit\">Contenus de la page<\/p>\n<span class=\"ez-toc-title-toggle\"><a href=\"#\" class=\"ez-toc-pull-right ez-toc-btn ez-toc-btn-xs ez-toc-btn-default ez-toc-toggle\" aria-label=\"Toggle Table of Content\"><span class=\"ez-toc-js-icon-con\"><span class=\"\"><span class=\"eztoc-hide\" style=\"display:none;\">Toggle<\/span><span class=\"ez-toc-icon-toggle-span\"><svg style=\"fill: #999;color:#999\" xmlns=\"http:\/\/www.w3.org\/2000\/svg\" class=\"list-377408\" width=\"20px\" height=\"20px\" viewBox=\"0 0 24 24\" fill=\"none\"><path d=\"M6 6H4v2h2V6zm14 0H8v2h12V6zM4 11h2v2H4v-2zm16 0H8v2h12v-2zM4 16h2v2H4v-2zm16 0H8v2h12v-2z\" fill=\"currentColor\"><\/path><\/svg><svg style=\"fill: #999;color:#999\" class=\"arrow-unsorted-368013\" xmlns=\"http:\/\/www.w3.org\/2000\/svg\" width=\"10px\" height=\"10px\" viewBox=\"0 0 24 24\" version=\"1.2\" baseProfile=\"tiny\"><path d=\"M18.2 9.3l-6.2-6.3-6.2 6.3c-.2.2-.3.4-.3.7s.1.5.3.7c.2.2.4.3.7.3h11c.3 0 .5-.1.7-.3.2-.2.3-.5.3-.7s-.1-.5-.3-.7zM5.8 14.7l6.2 6.3 6.2-6.3c.2-.2.3-.5.3-.7s-.1-.5-.3-.7c-.2-.2-.4-.3-.7-.3h-11c-.3 0-.5.1-.7.3-.2.2-.3.5-.3.7s.1.5.3.7z\"\/><\/svg><\/span><\/span><\/span><\/a><\/span><\/div>\n<nav><ul class='ez-toc-list ez-toc-list-level-1 ' ><ul class='ez-toc-list-level-3' ><li class='ez-toc-heading-level-3'><a class=\"ez-toc-link ez-toc-heading-1\" href=\"https:\/\/flashmode.tn\/magazine\/jana-judor-age-2\/#Points_a_retenir\" >Points \u00e0 retenir :<\/a><\/li><\/ul><\/li><li class='ez-toc-page-1 ez-toc-heading-level-2'><a class=\"ez-toc-link ez-toc-heading-2\" href=\"https:\/\/flashmode.tn\/magazine\/jana-judor-age-2\/#La_trajectoire_artistique_de_Jana_Judor\" >La trajectoire artistique de Jana Judor<\/a><ul class='ez-toc-list-level-3' ><li class='ez-toc-heading-level-3'><a class=\"ez-toc-link ez-toc-heading-3\" href=\"https:\/\/flashmode.tn\/magazine\/jana-judor-age-2\/#Les_debuts_prometteurs_dune_actrice_discrete\" >Les d\u00e9buts prometteurs d&rsquo;une actrice discr\u00e8te<\/a><\/li><\/ul><\/li><li class='ez-toc-page-1 ez-toc-heading-level-2'><a class=\"ez-toc-link ez-toc-heading-4\" href=\"https:\/\/flashmode.tn\/magazine\/jana-judor-age-2\/#Eric_Judor_Un_pere_et_artiste_qui_valorise_lintimite\" >\u00c9ric Judor : Un p\u00e8re et artiste qui valorise l&rsquo;intimit\u00e9<\/a><ul class='ez-toc-list-level-3' ><li class='ez-toc-heading-level-3'><a class=\"ez-toc-link ez-toc-heading-5\" href=\"https:\/\/flashmode.tn\/magazine\/jana-judor-age-2\/#Le_parcours_exemplaire_dEric_Judor\" >Le parcours exemplaire d&rsquo;\u00c9ric Judor<\/a><\/li><li class='ez-toc-page-1 ez-toc-heading-level-3'><a class=\"ez-toc-link ez-toc-heading-6\" href=\"https:\/\/flashmode.tn\/magazine\/jana-judor-age-2\/#Une_vie_familiale_sous_le_sceau_de_la_confidentialite\" >Une vie familiale sous le sceau de la confidentialit\u00e9<\/a><\/li><li class='ez-toc-page-1 ez-toc-heading-level-3'><a class=\"ez-toc-link ez-toc-heading-7\" href=\"https:\/\/flashmode.tn\/magazine\/jana-judor-age-2\/#Une_discretion_qui_intrigue\" >Une discr\u00e9tion qui intrigue<\/a><\/li><\/ul><\/li><li class='ez-toc-page-1 ez-toc-heading-level-2'><a class=\"ez-toc-link ez-toc-heading-8\" href=\"https:\/\/flashmode.tn\/magazine\/jana-judor-age-2\/#La_relation_entre_Jana_et_Eric_Judor_une_enigme\" >La relation entre Jana et \u00c9ric Judor : une \u00e9nigme?<\/a><ul class='ez-toc-list-level-3' ><li class='ez-toc-heading-level-3'><a class=\"ez-toc-link ez-toc-heading-9\" href=\"https:\/\/flashmode.tn\/magazine\/jana-judor-age-2\/#Une_filiation_confirmee_mais_peu_documentee\" >Une filiation confirm\u00e9e, mais peu document\u00e9e<\/a><\/li><li class='ez-toc-page-1 ez-toc-heading-level-3'><a class=\"ez-toc-link ez-toc-heading-10\" href=\"https:\/\/flashmode.tn\/magazine\/jana-judor-age-2\/#Une_possible_inspiration_artistique\" >Une possible inspiration artistique<\/a><\/li><\/ul><\/li><li class='ez-toc-page-1 ez-toc-heading-level-2'><a class=\"ez-toc-link ez-toc-heading-11\" href=\"https:\/\/flashmode.tn\/magazine\/jana-judor-age-2\/#Les_projets_futurs_de_la_famille_Judor\" >Les projets futurs de la famille Judor<\/a><ul class='ez-toc-list-level-3' ><li class='ez-toc-heading-level-3'><a class=\"ez-toc-link ez-toc-heading-12\" href=\"https:\/\/flashmode.tn\/magazine\/jana-judor-age-2\/#Eric_Judor_entre_paternite_et_creation\" >\u00c9ric Judor : entre paternit\u00e9 et cr\u00e9ation<\/a><\/li><li class='ez-toc-page-1 ez-toc-heading-level-3'><a class=\"ez-toc-link ez-toc-heading-13\" href=\"https:\/\/flashmode.tn\/magazine\/jana-judor-age-2\/#Jana_Judor_une_carriere_a_suivre\" >Jana Judor : une carri\u00e8re \u00e0 suivre<\/a><\/li><li class='ez-toc-page-1 ez-toc-heading-level-3'><a class=\"ez-toc-link ez-toc-heading-14\" href=\"https:\/\/flashmode.tn\/magazine\/jana-judor-age-2\/#Conclusion_Une_famille_de_talents\" >Conclusion : Une famille de talents<\/a><\/li><\/ul><\/li><\/ul><\/nav><\/div>\n<h3 class=\"wp-block-heading\" id=\"h-points-a-retenir\"><span class=\"ez-toc-section\" id=\"Points_a_retenir\"><\/span>Points \u00e0 retenir :<span class=\"ez-toc-section-end\"><\/span><\/h3>\n\n\n\n<ul class=\"wp-block-list\">\n<li>Jana Judor est une actrice fran\u00e7aise connue pour ses r\u00f4les dans Steak et 2 Alone in Paris.<\/li>\n\n\n\n<li>Elle est n\u00e9e \u00e0 Paris, en France, mais son \u00e2ge n&rsquo;est pas sp\u00e9cifi\u00e9 dans les informations disponibles.<\/li>\n\n\n\n<li>\u00c9ric Judor, \u00e9galement acteur fran\u00e7ais, est le p\u00e8re de cinq enfants, dont des jumeaux n\u00e9s en septembre 2018.<\/li>\n\n\n\n<li>\u00c9ric Judor, \u00e0 l&rsquo;\u00e2ge de 53 ans, est tr\u00e8s discret sur sa vie priv\u00e9e et prot\u00e8ge l&rsquo;identit\u00e9 de sa compagne.<\/li>\n\n\n\n<li>Il s&rsquo;est mari\u00e9 avec la m\u00e8re de ses enfants, mais son \u00e9pouse reste inconnue du grand public.<\/li>\n\n\n\n<li>\u00c9ric Judor est n\u00e9 le 25 juillet 1968, ce qui le rend plus \u00e2g\u00e9 que Jana Judor, mais leur relation familiale n&rsquo;est pas pr\u00e9cis\u00e9e dans les informations fournies.<\/li>\n<\/ul>\n\n\n\n<h2 class=\"wp-block-heading\" id=\"h-la-trajectoire-artistique-de-jana-judor\"><span class=\"ez-toc-section\" id=\"La_trajectoire_artistique_de_Jana_Judor\"><\/span>La trajectoire artistique de Jana Judor<span class=\"ez-toc-section-end\"><\/span><\/h2>\n\n\n\n<p>La France, berceau de plusieurs talents artistiques, nous a pr\u00e9sent\u00e9 Jana Judor, une actrice qui a marqu\u00e9 le grand \u00e9cran avec sa pr\u00e9sence dans des films tels que <em>Steak<\/em> et <em>2 Alone in Paris<\/em>. N\u00e9e \u00e0 Paris, la ville des lumi\u00e8res, Jana a grandi dans l&rsquo;effervescence culturelle de cette m\u00e9tropole, ce qui a sans doute fa\u00e7onn\u00e9 son parcours artistique.<\/p>\n\n\n\n<h3 class=\"wp-block-heading\" id=\"h-les-debuts-prometteurs-d-une-actrice-discrete\"><span class=\"ez-toc-section\" id=\"Les_debuts_prometteurs_dune_actrice_discrete\"><\/span>Les d\u00e9buts prometteurs d&rsquo;une actrice discr\u00e8te<span class=\"ez-toc-section-end\"><\/span><\/h3>\n\n\n\n<p><strong>Jana Judor<\/strong>, malgr\u00e9 son lien familial avec le c\u00e9l\u00e8bre <strong>\u00c9ric Judor<\/strong>, a su se frayer un chemin dans le monde du cin\u00e9ma fran\u00e7ais. Son talent lui a permis d&rsquo;incarner des r\u00f4les qui ont retenu l&rsquo;attention du public et des critiques. Cependant, dans le respect de la tradition de discr\u00e9tion de sa famille, peu d&rsquo;informations filtrent sur sa vie priv\u00e9e, y compris son \u00e2ge exact.<\/p>\n\n\n\n<h2 class=\"wp-block-heading\" id=\"h-eric-judor-un-pere-et-artiste-qui-valorise-l-intimite\"><span class=\"ez-toc-section\" id=\"Eric_Judor_Un_pere_et_artiste_qui_valorise_lintimite\"><\/span>\u00c9ric Judor : Un p\u00e8re et artiste qui valorise l&rsquo;intimit\u00e9<span class=\"ez-toc-section-end\"><\/span><\/h2>\n\n\n\n<h3 class=\"wp-block-heading\" id=\"h-le-parcours-exemplaire-d-eric-judor\"><span class=\"ez-toc-section\" id=\"Le_parcours_exemplaire_dEric_Judor\"><\/span>Le parcours exemplaire d&rsquo;\u00c9ric Judor<span class=\"ez-toc-section-end\"><\/span><\/h3>\n\n\n\n<p>\u00c9ric Judor, n\u00e9 le 25 juillet 1968 \u00e0 Meaux, est un visage bien connu du paysage audiovisuel fran\u00e7ais. Il a su conqu\u00e9rir le c\u0153ur des Fran\u00e7ais en formant un duo culte avec Ramzy Bedia, mais \u00e9galement \u00e0 travers ses projets en solo comme acteur, r\u00e9alisateur, sc\u00e9nariste et humoriste. \u00c0 53 ans, il continue de surprendre son public avec de nouveaux projets, t\u00e9moignant de sa passion inalt\u00e9rable pour son m\u00e9tier.<\/p>\n\n\n\n<h3 class=\"wp-block-heading\" id=\"h-une-vie-familiale-sous-le-sceau-de-la-confidentialite\"><span class=\"ez-toc-section\" id=\"Une_vie_familiale_sous_le_sceau_de_la_confidentialite\"><\/span>Une vie familiale sous le sceau de la confidentialit\u00e9<span class=\"ez-toc-section-end\"><\/span><\/h3>\n\n\n\n<p>\u00c9ric Judor est \u00e9galement p\u00e8re de cinq enfants, dont des jumeaux n\u00e9s en septembre 2018. Avec sa compagne, dont il pr\u00e9serve farouchement l&rsquo;identit\u00e9, il forme une famille qui semble \u00e9loign\u00e9e des projecteurs. Cette d\u00e9marche de protection de sa vie priv\u00e9e, et notamment celle de ses enfants, est une constante dans les apparitions publiques de l&rsquo;acteur. Il s&rsquo;est mari\u00e9 en toute intimit\u00e9 avec la m\u00e8re de ses enfants, et peu de d\u00e9tails ont filtr\u00e9 sur cet \u00e9v\u00e9nement. Les fans respectent ce choix, bien que la curiosit\u00e9 demeure.<\/p>\n\n\n\n<h3 class=\"wp-block-heading\" id=\"h-une-discretion-qui-intrigue\"><span class=\"ez-toc-section\" id=\"Une_discretion_qui_intrigue\"><\/span>Une discr\u00e9tion qui intrigue<span class=\"ez-toc-section-end\"><\/span><\/h3>\n\n\n\n<p>Les adeptes du com\u00e9dien et humoriste se demandent souvent qui est la compagne d&rsquo;\u00c9ric Judor et quelle est la dynamique de leur famille. La raret\u00e9 des informations et des photos disponibles alimente cette curiosit\u00e9. Cependant, il est clair que la famille Judor pr\u00e9f\u00e8re vivre loin des feux de la rampe, un choix qui est \u00e0 la fois respect\u00e9 et admir\u00e9.<\/p>\n\n\n\n<h2 class=\"wp-block-heading\" id=\"h-la-relation-entre-jana-et-eric-judor-une-enigme\"><span class=\"ez-toc-section\" id=\"La_relation_entre_Jana_et_Eric_Judor_une_enigme\"><\/span>La relation entre Jana et \u00c9ric Judor : une \u00e9nigme?<span class=\"ez-toc-section-end\"><\/span><\/h2>\n\n\n\n<h3 class=\"wp-block-heading\" id=\"h-une-filiation-confirmee-mais-peu-documentee\"><span class=\"ez-toc-section\" id=\"Une_filiation_confirmee_mais_peu_documentee\"><\/span>Une filiation confirm\u00e9e, mais peu document\u00e9e<span class=\"ez-toc-section-end\"><\/span><\/h3>\n\n\n\n<p>Il est \u00e9tabli qu&rsquo;\u00c9ric Judor, plus \u00e2g\u00e9 que Jana Judor, entretient une relation de parent\u00e9 avec elle. Cependant, la nature exacte de cette relation n&rsquo;est pas explicit\u00e9e dans les informations \u00e0 notre disposition. La discr\u00e9tion d&rsquo;\u00c9ric sur sa vie priv\u00e9e et celle de sa famille rend difficile l&rsquo;\u00e9tablissement de liens pr\u00e9cis au sein du clan Judor.<\/p>\n\n\n\n<h3 class=\"wp-block-heading\" id=\"h-une-possible-inspiration-artistique\"><span class=\"ez-toc-section\" id=\"Une_possible_inspiration_artistique\"><\/span>Une possible inspiration artistique<span class=\"ez-toc-section-end\"><\/span><\/h3>\n\n\n\n<p>Il est tentant de sp\u00e9culer sur l&rsquo;influence qu&rsquo;un p\u00e8re artiste comme \u00c9ric Judor pourrait avoir sur la carri\u00e8re de Jana. L&rsquo;environnement familial, impr\u00e9gn\u00e9 d&rsquo;art et de cr\u00e9ation, pourrait \u00eatre un terreau fertile pour l&rsquo;\u00e9panouissement d&rsquo;une jeune actrice. N\u00e9anmoins, Jana a su se d\u00e9marquer par ses propres m\u00e9rites et son talent distinct.<\/p>\n\n\n\n<h2 class=\"wp-block-heading\" id=\"h-les-projets-futurs-de-la-famille-judor\"><span class=\"ez-toc-section\" id=\"Les_projets_futurs_de_la_famille_Judor\"><\/span>Les projets futurs de la famille Judor<span class=\"ez-toc-section-end\"><\/span><\/h2>\n\n\n\n<h3 class=\"wp-block-heading\" id=\"h-eric-judor-entre-paternite-et-creation\"><span class=\"ez-toc-section\" id=\"Eric_Judor_entre_paternite_et_creation\"><\/span>\u00c9ric Judor : entre paternit\u00e9 et cr\u00e9ation<span class=\"ez-toc-section-end\"><\/span><\/h3>\n\n\n\n<p>Malgr\u00e9 les d\u00e9fis de la paternit\u00e9, surtout avec des jumeaux en bas \u00e2ge, \u00c9ric Judor poursuit sa carri\u00e8re avec vigueur. Les fans attendent avec impatience ses nouvelles \u0153uvres, en esp\u00e9rant que le duo culte form\u00e9 avec Ramzy Bedia nous r\u00e9serve encore des surprises.<\/p>\n\n\n\n<h3 class=\"wp-block-heading\" id=\"h-jana-judor-une-carriere-a-suivre\"><span class=\"ez-toc-section\" id=\"Jana_Judor_une_carriere_a_suivre\"><\/span>Jana Judor : une carri\u00e8re \u00e0 suivre<span class=\"ez-toc-section-end\"><\/span><\/h3>\n\n\n\n<p>Pour Jana Judor, l&rsquo;avenir semble prometteur. Avec d\u00e9j\u00e0 quelques r\u00f4les notables \u00e0 son actif, la jeune actrice parisienne est attendue pour continuer \u00e0 briller dans l&rsquo;industrie cin\u00e9matographique fran\u00e7aise et peut-\u00eatre au-del\u00e0. Son parcours sera certainement suivi avec int\u00e9r\u00eat par ceux qui ont appr\u00e9ci\u00e9 ses performances \u00e0 l&rsquo;\u00e9cran.<\/p>\n\n\n\n<h3 class=\"wp-block-heading\" id=\"h-conclusion-une-famille-de-talents\"><span class=\"ez-toc-section\" id=\"Conclusion_Une_famille_de_talents\"><\/span>Conclusion : Une famille de talents<span class=\"ez-toc-section-end\"><\/span><\/h3>\n\n\n\n<p>En somme, la famille Judor repr\u00e9sente un m\u00e9lange intrigant de talent, de discr\u00e9tion et d&rsquo;authenticit\u00e9. \u00c9ric Judor, avec son parcours remarquable, et Jana Judor, avec ses d\u00e9buts prometteurs, contribuent chacun \u00e0 leur mani\u00e8re au paysage culturel fran\u00e7ais. Leur choix de pr\u00e9server leur vie priv\u00e9e ne fait qu&rsquo;ajouter \u00e0 la fascination qu&rsquo;ils suscitent, et le public ne peut qu&rsquo;esp\u00e9rer avoir un aper\u00e7u de leur univers artistique dans leurs projets futurs.<\/p>\n\n\n\n<p><strong>Quel est l&rsquo;\u00e2ge de Jana Judor ?<\/strong><br>L&rsquo;\u00e2ge de Jana Judor n&rsquo;est pas sp\u00e9cifi\u00e9 dans les informations disponibles.<\/p>\n\n\n\n<p><strong>Qui est le p\u00e8re de Jana Judor ?<\/strong><br>\u00c9ric Judor, \u00e9galement acteur fran\u00e7ais, est le p\u00e8re de cinq enfants, mais leur relation familiale n&rsquo;est pas pr\u00e9cis\u00e9e dans les informations fournies.<\/p>\n\n\n\n<p><strong>Quelles sont les r\u00e9alisations notables de Jana Judor en tant qu&rsquo;actrice ?<\/strong><br>Jana Judor est connue pour ses r\u00f4les dans les films Steak et 2 Alone in Paris.<\/p>\n\n\n\n<p><strong>Quelles informations sont disponibles sur la vie priv\u00e9e d&rsquo;\u00c9ric Judor ?<\/strong><br>\u00c9ric Judor, \u00e0 l&rsquo;\u00e2ge de 53 ans, est tr\u00e8s discret sur sa vie priv\u00e9e et prot\u00e8ge l&rsquo;identit\u00e9 de sa compagne. Il s&rsquo;est mari\u00e9 avec la m\u00e8re de ses enfants, mais son \u00e9pouse reste inconnue du grand public.<\/p>\n\n\n\n<p><strong>Quand et o\u00f9 est n\u00e9e Jana Judor ?<\/strong><br>Jana Judor est n\u00e9e \u00e0 Paris, en France.<\/p>\n","protected":false},"excerpt":{"rendered":"<p>D\u00e9couvrez l&rsquo;\u00e2ge myst\u00e9rieux de Jana Judor et plongez dans l&rsquo;univers fascinant de cette famille d&rsquo;artistes. Entre \u00e9nigmes, projets futurs et inspirations artistiques, suivez la trajectoire exemplaire de Jana et de son c\u00e9l\u00e8bre p\u00e8re, \u00c9ric Judor. Pr\u00e9parez-vous \u00e0 \u00eatre \u00e9bloui par une famille de talents o\u00f9 la discr\u00e9tion intrigue autant que la cr\u00e9ativit\u00e9 ! Points \u00e0 [&hellip;]<\/p>\n","protected":false},"author":8,"featured_media":162215,"comment_status":"open","ping_status":"open","sticky":false,"template":"","format":"standard","meta":{"tdm_status":"","tdm_grid_status":"","_jetpack_memberships_contains_paid_content":false,"footnotes":"","jetpack_publicize_message":"","jetpack_publicize_feature_enabled":true,"jetpack_social_post_already_shared":true,"jetpack_social_options":{"image_generator_settings":{"template":"highway","default_image_id":0,"font":"","enabled":false},"version":2}},"categories":[79],"tags":[],"class_list":["post-106779","post","type-post","status-publish","format-standard","has-post-thumbnail","hentry","category-people"],"yoast_head":"<!-- This site is optimized with the Yoast SEO Premium plugin v25.0 (Yoast SEO v25.0) - https:\/\/yoast.com\/wordpress\/plugins\/seo\/ -->\n<title>Jana Judor Age : La Trajectoire Artistique d&#039;une Famille de Talents - Flashmode Magazine | Magazine de mode et style de vie Num\u00e9ro un en Tunisie et au Maghreb<\/title>\n<meta name=\"description\" content=\"D\u00e9couvrez l&#039;\u00e2ge myst\u00e9rieux de Jana Judor et plongez dans l&#039;univers fascinant de cette famille d&#039;artistes. Entre \u00e9nigmes, projets futurs et inspirations\" \/>\n<meta name=\"robots\" content=\"index, follow, max-snippet:-1, max-image-preview:large, max-video-preview:-1\" \/>\n<link rel=\"canonical\" href=\"https:\/\/flashmode.tn\/magazine\/jana-judor-age-2\/\" \/>\n<meta property=\"og:locale\" content=\"fr_FR\" \/>\n<meta property=\"og:type\" content=\"article\" \/>\n<meta property=\"og:title\" content=\"Jana Judor Age : La Trajectoire Artistique d&#039;une Famille de Talents - Flashmode Magazine | Magazine de mode et style de vie Num\u00e9ro un en Tunisie et au Maghreb\" \/>\n<meta property=\"og:description\" content=\"D\u00e9couvrez l&#039;\u00e2ge myst\u00e9rieux de Jana Judor et plongez dans l&#039;univers fascinant de cette famille d&#039;artistes. Entre \u00e9nigmes, projets futurs et inspirations\" \/>\n<meta property=\"og:url\" content=\"https:\/\/flashmode.tn\/magazine\/jana-judor-age-2\/\" \/>\n<meta property=\"og:site_name\" content=\"Flashmode Magazine | Magazine de mode et style de vie Num\u00e9ro un en Tunisie et au Maghreb\" \/>\n<meta property=\"article:publisher\" content=\"https:\/\/www.facebook.com\/flashmode.magazine\/\" \/>\n<meta property=\"article:published_time\" content=\"2024-03-12T02:40:28+00:00\" \/>\n<meta property=\"article:modified_time\" content=\"2024-04-09T11:48:18+00:00\" \/>\n<meta property=\"og:image\" content=\"https:\/\/flashmode.tn\/magazine\/wp-content\/uploads\/2024\/03\/Jana-Judor-Age-La-Trajectoire-Artistique-dune-Famille-de-Talents.png\" \/>\n\t<meta property=\"og:image:width\" content=\"1640\" \/>\n\t<meta property=\"og:image:height\" content=\"924\" \/>\n\t<meta property=\"og:image:type\" content=\"image\/png\" \/>\n<meta name=\"author\" content=\"The Daileigh\" \/>\n<meta name=\"twitter:card\" content=\"summary_large_image\" \/>\n<meta name=\"twitter:creator\" content=\"@agenceflashmode\" \/>\n<meta name=\"twitter:site\" content=\"@agenceflashmode\" \/>\n<meta name=\"twitter:label1\" content=\"\u00c9crit par\" \/>\n\t<meta name=\"twitter:data1\" content=\"The Daileigh\" \/>\n\t<meta name=\"twitter:label2\" content=\"Dur\u00e9e de lecture estim\u00e9e\" \/>\n\t<meta name=\"twitter:data2\" content=\"5 minutes\" \/>\n<script type=\"application\/ld+json\" class=\"yoast-schema-graph\">{\"@context\":\"https:\/\/schema.org\",\"@graph\":[{\"@type\":\"WebPage\",\"@id\":\"https:\/\/flashmode.tn\/magazine\/jana-judor-age-2\/\",\"url\":\"https:\/\/flashmode.tn\/magazine\/jana-judor-age-2\/\",\"name\":\"Jana Judor Age : La Trajectoire Artistique d'une Famille de Talents - Flashmode Magazine | Magazine de mode et style de vie Num\u00e9ro un en Tunisie et au Maghreb\",\"isPartOf\":{\"@id\":\"https:\/\/flashmode.tn\/magazine\/#website\"},\"primaryImageOfPage\":{\"@id\":\"https:\/\/flashmode.tn\/magazine\/jana-judor-age-2\/#primaryimage\"},\"image\":{\"@id\":\"https:\/\/flashmode.tn\/magazine\/jana-judor-age-2\/#primaryimage\"},\"thumbnailUrl\":\"https:\/\/i0.wp.com\/flashmode.tn\/magazine\/wp-content\/uploads\/2024\/03\/Jana-Judor-Age-La-Trajectoire-Artistique-dune-Famille-de-Talents.png?fit=1640%2C924&ssl=1\",\"datePublished\":\"2024-03-12T02:40:28+00:00\",\"dateModified\":\"2024-04-09T11:48:18+00:00\",\"author\":{\"@id\":\"https:\/\/flashmode.tn\/magazine\/#\/schema\/person\/79940f8af94166a445dd5bd6b3137682\"},\"description\":\"D\u00e9couvrez l'\u00e2ge myst\u00e9rieux de Jana Judor et plongez dans l'univers fascinant de cette famille d'artistes. Entre \u00e9nigmes, projets futurs et inspirations\",\"breadcrumb\":{\"@id\":\"https:\/\/flashmode.tn\/magazine\/jana-judor-age-2\/#breadcrumb\"},\"inLanguage\":\"fr-FR\",\"potentialAction\":[{\"@type\":\"ReadAction\",\"target\":[\"https:\/\/flashmode.tn\/magazine\/jana-judor-age-2\/\"]}]},{\"@type\":\"ImageObject\",\"inLanguage\":\"fr-FR\",\"@id\":\"https:\/\/flashmode.tn\/magazine\/jana-judor-age-2\/#primaryimage\",\"url\":\"https:\/\/i0.wp.com\/flashmode.tn\/magazine\/wp-content\/uploads\/2024\/03\/Jana-Judor-Age-La-Trajectoire-Artistique-dune-Famille-de-Talents.png?fit=1640%2C924&ssl=1\",\"contentUrl\":\"https:\/\/i0.wp.com\/flashmode.tn\/magazine\/wp-content\/uploads\/2024\/03\/Jana-Judor-Age-La-Trajectoire-Artistique-dune-Famille-de-Talents.png?fit=1640%2C924&ssl=1\",\"width\":1640,\"height\":924,\"caption\":\"Jana Judor Age : La Trajectoire Artistique d'une Famille de Talents\"},{\"@type\":\"BreadcrumbList\",\"@id\":\"https:\/\/flashmode.tn\/magazine\/jana-judor-age-2\/#breadcrumb\",\"itemListElement\":[{\"@type\":\"ListItem\",\"position\":1,\"name\":\"Accueil\",\"item\":\"https:\/\/flashmode.tn\/magazine\/\"},{\"@type\":\"ListItem\",\"position\":2,\"name\":\"Jana Judor Age : La Trajectoire Artistique d&rsquo;une Famille de Talents\"}]},{\"@type\":\"WebSite\",\"@id\":\"https:\/\/flashmode.tn\/magazine\/#website\",\"url\":\"https:\/\/flashmode.tn\/magazine\/\",\"name\":\"Flashmode Magazine | Magazine de mode et style de vie Num\u00e9ro un en Tunisie et au Maghreb\",\"description\":\"Magazine de mode et style de vie Num\u00e9ro un en Tunisie et au Maghreb, cr\u00e9\u00e9 pour les hommes et les femmes : conseils beaut\u00e9, mode femme, mode homme, recettes de cuisine, c\u00e9l\u00e9brit\u00e9s et people, mannequins et top modeles\",\"potentialAction\":[{\"@type\":\"SearchAction\",\"target\":{\"@type\":\"EntryPoint\",\"urlTemplate\":\"https:\/\/flashmode.tn\/magazine\/?s={search_term_string}\"},\"query-input\":{\"@type\":\"PropertyValueSpecification\",\"valueRequired\":true,\"valueName\":\"search_term_string\"}}],\"inLanguage\":\"fr-FR\"},{\"@type\":\"Person\",\"@id\":\"https:\/\/flashmode.tn\/magazine\/#\/schema\/person\/79940f8af94166a445dd5bd6b3137682\",\"name\":\"The Daileigh\",\"image\":{\"@type\":\"ImageObject\",\"inLanguage\":\"fr-FR\",\"@id\":\"https:\/\/flashmode.tn\/magazine\/#\/schema\/person\/image\/\",\"url\":\"https:\/\/secure.gravatar.com\/avatar\/30d4d60865d61de3434abd01cb8b4ec5e5b5eb5a274017461832a54857b1770d?s=96&d=mm&r=g\",\"contentUrl\":\"https:\/\/secure.gravatar.com\/avatar\/30d4d60865d61de3434abd01cb8b4ec5e5b5eb5a274017461832a54857b1770d?s=96&d=mm&r=g\",\"caption\":\"The Daileigh\"},\"url\":\"https:\/\/flashmode.tn\/magazine\/author\/the-daileigh\/\"}]}<\/script>\n<!-- \/ Yoast SEO Premium plugin. -->","yoast_head_json":{"title":"Jana Judor Age : La Trajectoire Artistique d'une Famille de Talents - Flashmode Magazine | Magazine de mode et style de vie Num\u00e9ro un en Tunisie et au Maghreb","description":"D\u00e9couvrez l'\u00e2ge myst\u00e9rieux de Jana Judor et plongez dans l'univers fascinant de cette famille d'artistes. Entre \u00e9nigmes, projets futurs et inspirations","robots":{"index":"index","follow":"follow","max-snippet":"max-snippet:-1","max-image-preview":"max-image-preview:large","max-video-preview":"max-video-preview:-1"},"canonical":"https:\/\/flashmode.tn\/magazine\/jana-judor-age-2\/","og_locale":"fr_FR","og_type":"article","og_title":"Jana Judor Age : La Trajectoire Artistique d'une Famille de Talents - Flashmode Magazine | Magazine de mode et style de vie Num\u00e9ro un en Tunisie et au Maghreb","og_description":"D\u00e9couvrez l'\u00e2ge myst\u00e9rieux de Jana Judor et plongez dans l'univers fascinant de cette famille d'artistes. Entre \u00e9nigmes, projets futurs et inspirations","og_url":"https:\/\/flashmode.tn\/magazine\/jana-judor-age-2\/","og_site_name":"Flashmode Magazine | Magazine de mode et style de vie Num\u00e9ro un en Tunisie et au Maghreb","article_publisher":"https:\/\/www.facebook.com\/flashmode.magazine\/","article_published_time":"2024-03-12T02:40:28+00:00","article_modified_time":"2024-04-09T11:48:18+00:00","og_image":[{"width":1640,"height":924,"url":"https:\/\/flashmode.tn\/magazine\/wp-content\/uploads\/2024\/03\/Jana-Judor-Age-La-Trajectoire-Artistique-dune-Famille-de-Talents.png","type":"image\/png"}],"author":"The Daileigh","twitter_card":"summary_large_image","twitter_creator":"@agenceflashmode","twitter_site":"@agenceflashmode","twitter_misc":{"\u00c9crit par":"The Daileigh","Dur\u00e9e de lecture estim\u00e9e":"5 minutes"},"schema":{"@context":"https:\/\/schema.org","@graph":[{"@type":"WebPage","@id":"https:\/\/flashmode.tn\/magazine\/jana-judor-age-2\/","url":"https:\/\/flashmode.tn\/magazine\/jana-judor-age-2\/","name":"Jana Judor Age : La Trajectoire Artistique d'une Famille de Talents - Flashmode Magazine | Magazine de mode et style de vie Num\u00e9ro un en Tunisie et au Maghreb","isPartOf":{"@id":"https:\/\/flashmode.tn\/magazine\/#website"},"primaryImageOfPage":{"@id":"https:\/\/flashmode.tn\/magazine\/jana-judor-age-2\/#primaryimage"},"image":{"@id":"https:\/\/flashmode.tn\/magazine\/jana-judor-age-2\/#primaryimage"},"thumbnailUrl":"https:\/\/i0.wp.com\/flashmode.tn\/magazine\/wp-content\/uploads\/2024\/03\/Jana-Judor-Age-La-Trajectoire-Artistique-dune-Famille-de-Talents.png?fit=1640%2C924&ssl=1","datePublished":"2024-03-12T02:40:28+00:00","dateModified":"2024-04-09T11:48:18+00:00","author":{"@id":"https:\/\/flashmode.tn\/magazine\/#\/schema\/person\/79940f8af94166a445dd5bd6b3137682"},"description":"D\u00e9couvrez l'\u00e2ge myst\u00e9rieux de Jana Judor et plongez dans l'univers fascinant de cette famille d'artistes. Entre \u00e9nigmes, projets futurs et inspirations","breadcrumb":{"@id":"https:\/\/flashmode.tn\/magazine\/jana-judor-age-2\/#breadcrumb"},"inLanguage":"fr-FR","potentialAction":[{"@type":"ReadAction","target":["https:\/\/flashmode.tn\/magazine\/jana-judor-age-2\/"]}]},{"@type":"ImageObject","inLanguage":"fr-FR","@id":"https:\/\/flashmode.tn\/magazine\/jana-judor-age-2\/#primaryimage","url":"https:\/\/i0.wp.com\/flashmode.tn\/magazine\/wp-content\/uploads\/2024\/03\/Jana-Judor-Age-La-Trajectoire-Artistique-dune-Famille-de-Talents.png?fit=1640%2C924&ssl=1","contentUrl":"https:\/\/i0.wp.com\/flashmode.tn\/magazine\/wp-content\/uploads\/2024\/03\/Jana-Judor-Age-La-Trajectoire-Artistique-dune-Famille-de-Talents.png?fit=1640%2C924&ssl=1","width":1640,"height":924,"caption":"Jana Judor Age : La Trajectoire Artistique d'une Famille de Talents"},{"@type":"BreadcrumbList","@id":"https:\/\/flashmode.tn\/magazine\/jana-judor-age-2\/#breadcrumb","itemListElement":[{"@type":"ListItem","position":1,"name":"Accueil","item":"https:\/\/flashmode.tn\/magazine\/"},{"@type":"ListItem","position":2,"name":"Jana Judor Age : La Trajectoire Artistique d&rsquo;une Famille de Talents"}]},{"@type":"WebSite","@id":"https:\/\/flashmode.tn\/magazine\/#website","url":"https:\/\/flashmode.tn\/magazine\/","name":"Flashmode Magazine | Magazine de mode et style de vie Num\u00e9ro un en Tunisie et au Maghreb","description":"Magazine de mode et style de vie Num\u00e9ro un en Tunisie et au Maghreb, cr\u00e9\u00e9 pour les hommes et les femmes : conseils beaut\u00e9, mode femme, mode homme, recettes de cuisine, c\u00e9l\u00e9brit\u00e9s et people, mannequins et top modeles","potentialAction":[{"@type":"SearchAction","target":{"@type":"EntryPoint","urlTemplate":"https:\/\/flashmode.tn\/magazine\/?s={search_term_string}"},"query-input":{"@type":"PropertyValueSpecification","valueRequired":true,"valueName":"search_term_string"}}],"inLanguage":"fr-FR"},{"@type":"Person","@id":"https:\/\/flashmode.tn\/magazine\/#\/schema\/person\/79940f8af94166a445dd5bd6b3137682","name":"The Daileigh","image":{"@type":"ImageObject","inLanguage":"fr-FR","@id":"https:\/\/flashmode.tn\/magazine\/#\/schema\/person\/image\/","url":"https:\/\/secure.gravatar.com\/avatar\/30d4d60865d61de3434abd01cb8b4ec5e5b5eb5a274017461832a54857b1770d?s=96&d=mm&r=g","contentUrl":"https:\/\/secure.gravatar.com\/avatar\/30d4d60865d61de3434abd01cb8b4ec5e5b5eb5a274017461832a54857b1770d?s=96&d=mm&r=g","caption":"The Daileigh"},"url":"https:\/\/flashmode.tn\/magazine\/author\/the-daileigh\/"}]}},"jetpack_publicize_connections":[],"jetpack_featured_media_url":"https:\/\/i0.wp.com\/flashmode.tn\/magazine\/wp-content\/uploads\/2024\/03\/Jana-Judor-Age-La-Trajectoire-Artistique-dune-Famille-de-Talents.png?fit=1640%2C924&ssl=1","jetpack_shortlink":"https:\/\/wp.me\/p8BPGr-rMf","jetpack_sharing_enabled":true,"_links":{"self":[{"href":"https:\/\/flashmode.tn\/magazine\/wp-json\/wp\/v2\/posts\/106779","targetHints":{"allow":["GET"]}}],"collection":[{"href":"https:\/\/flashmode.tn\/magazine\/wp-json\/wp\/v2\/posts"}],"about":[{"href":"https:\/\/flashmode.tn\/magazine\/wp-json\/wp\/v2\/types\/post"}],"author":[{"embeddable":true,"href":"https:\/\/flashmode.tn\/magazine\/wp-json\/wp\/v2\/users\/8"}],"replies":[{"embeddable":true,"href":"https:\/\/flashmode.tn\/magazine\/wp-json\/wp\/v2\/comments?post=106779"}],"version-history":[{"count":2,"href":"https:\/\/flashmode.tn\/magazine\/wp-json\/wp\/v2\/posts\/106779\/revisions"}],"predecessor-version":[{"id":162216,"href":"https:\/\/flashmode.tn\/magazine\/wp-json\/wp\/v2\/posts\/106779\/revisions\/162216"}],"wp:featuredmedia":[{"embeddable":true,"href":"https:\/\/flashmode.tn\/magazine\/wp-json\/wp\/v2\/media\/162215"}],"wp:attachment":[{"href":"https:\/\/flashmode.tn\/magazine\/wp-json\/wp\/v2\/media?parent=106779"}],"wp:term":[{"taxonomy":"category","embeddable":true,"href":"https:\/\/flashmode.tn\/magazine\/wp-json\/wp\/v2\/categories?post=106779"},{"taxonomy":"post_tag","embeddable":true,"href":"https:\/\/flashmode.tn\/magazine\/wp-json\/wp\/v2\/tags?post=106779"}],"curies":[{"name":"wp","href":"https:\/\/api.w.org\/{rel}","templated":true}]}}