{"id":106786,"date":"2024-03-12T03:27:16","date_gmt":"2024-03-12T02:27:16","guid":{"rendered":"https:\/\/flashmode.tn\/magazine\/?p=106786"},"modified":"2024-04-09T14:06:48","modified_gmt":"2024-04-09T12:06:48","slug":"anne-mottet-ifad","status":"publish","type":"post","link":"https:\/\/flashmode.tn\/magazine\/anne-mottet-ifad\/","title":{"rendered":"Anne Mottet IFAD : Expertise, R\u00f4le et Contributions, Conf\u00e9rences et Impact"},"content":{"rendered":"\n<p>D\u00e9couvrez l&rsquo;incroyable expertise d&rsquo;Anne Mottet \u00e0 l&rsquo;IFAD, ses contributions remarquables et son leadership \u00e9clair\u00e9 dans le domaine de l&rsquo;efficacit\u00e9 de l&rsquo;utilisation des ressources naturelles, du changement climatique et du d\u00e9veloppement durable. Plongez dans cet univers passionnant o\u00f9 collaboration, influence et partage de connaissances se rencontrent pour un impact durable. Accrochez-vous, car nous allons explorer ensemble les r\u00e9alisations impressionnantes de cette figure de proue, tout en r\u00e9pondant \u00e0 vos questions les plus populaires.<\/p>\n\n\n\n<div id=\"ez-toc-container\" class=\"ez-toc-v2_0_81 counter-hierarchy ez-toc-counter ez-toc-grey ez-toc-container-direction\">\n<div class=\"ez-toc-title-container\">\n<p class=\"ez-toc-title\" style=\"cursor:inherit\">Contenus de la page<\/p>\n<span class=\"ez-toc-title-toggle\"><a href=\"#\" class=\"ez-toc-pull-right ez-toc-btn ez-toc-btn-xs ez-toc-btn-default ez-toc-toggle\" aria-label=\"Toggle Table of Content\"><span class=\"ez-toc-js-icon-con\"><span class=\"\"><span class=\"eztoc-hide\" style=\"display:none;\">Toggle<\/span><span class=\"ez-toc-icon-toggle-span\"><svg style=\"fill: #999;color:#999\" xmlns=\"http:\/\/www.w3.org\/2000\/svg\" class=\"list-377408\" width=\"20px\" height=\"20px\" viewBox=\"0 0 24 24\" fill=\"none\"><path d=\"M6 6H4v2h2V6zm14 0H8v2h12V6zM4 11h2v2H4v-2zm16 0H8v2h12v-2zM4 16h2v2H4v-2zm16 0H8v2h12v-2z\" fill=\"currentColor\"><\/path><\/svg><svg style=\"fill: #999;color:#999\" class=\"arrow-unsorted-368013\" xmlns=\"http:\/\/www.w3.org\/2000\/svg\" width=\"10px\" height=\"10px\" viewBox=\"0 0 24 24\" version=\"1.2\" baseProfile=\"tiny\"><path d=\"M18.2 9.3l-6.2-6.3-6.2 6.3c-.2.2-.3.4-.3.7s.1.5.3.7c.2.2.4.3.7.3h11c.3 0 .5-.1.7-.3.2-.2.3-.5.3-.7s-.1-.5-.3-.7zM5.8 14.7l6.2 6.3 6.2-6.3c.2-.2.3-.5.3-.7s-.1-.5-.3-.7c-.2-.2-.4-.3-.7-.3h-11c-.3 0-.5.1-.7.3-.2.2-.3.5-.3.7s.1.5.3.7z\"\/><\/svg><\/span><\/span><\/span><\/a><\/span><\/div>\n<nav><ul class='ez-toc-list ez-toc-list-level-1 ' ><ul class='ez-toc-list-level-3' ><li class='ez-toc-heading-level-3'><a class=\"ez-toc-link ez-toc-heading-1\" href=\"https:\/\/flashmode.tn\/magazine\/anne-mottet-ifad\/#Points_a_retenir\" >Points \u00e0 retenir :<\/a><\/li><\/ul><\/li><li class='ez-toc-page-1 ez-toc-heading-level-2'><a class=\"ez-toc-link ez-toc-heading-2\" href=\"https:\/\/flashmode.tn\/magazine\/anne-mottet-ifad\/#Lexpertise_dAnne_Mottet_a_lIFAD\" >L&rsquo;expertise d&rsquo;Anne Mottet \u00e0 l&rsquo;IFAD<\/a><\/li><li class='ez-toc-page-1 ez-toc-heading-level-2'><a class=\"ez-toc-link ez-toc-heading-3\" href=\"https:\/\/flashmode.tn\/magazine\/anne-mottet-ifad\/#Role_et_contributions_dAnne_Mottet_a_lIFAD\" >R\u00f4le et contributions d&rsquo;Anne Mottet \u00e0 l&rsquo;IFAD<\/a><ul class='ez-toc-list-level-3' ><li class='ez-toc-heading-level-3'><a class=\"ez-toc-link ez-toc-heading-4\" href=\"https:\/\/flashmode.tn\/magazine\/anne-mottet-ifad\/#Lefficacite_de_lutilisation_des_ressources_naturelles\" >L&rsquo;efficacit\u00e9 de l&rsquo;utilisation des ressources naturelles<\/a><\/li><li class='ez-toc-page-1 ez-toc-heading-level-3'><a class=\"ez-toc-link ez-toc-heading-5\" href=\"https:\/\/flashmode.tn\/magazine\/anne-mottet-ifad\/#Changement_climatique_et_agriculture\" >Changement climatique et agriculture<\/a><\/li><li class='ez-toc-page-1 ez-toc-heading-level-3'><a class=\"ez-toc-link ez-toc-heading-6\" href=\"https:\/\/flashmode.tn\/magazine\/anne-mottet-ifad\/#Developpement_durable\" >D\u00e9veloppement durable<\/a><\/li><\/ul><\/li><li class='ez-toc-page-1 ez-toc-heading-level-2'><a class=\"ez-toc-link ez-toc-heading-7\" href=\"https:\/\/flashmode.tn\/magazine\/anne-mottet-ifad\/#Conferences_et_leadership_eclaire\" >Conf\u00e9rences et leadership \u00e9clair\u00e9<\/a><ul class='ez-toc-list-level-3' ><li class='ez-toc-heading-level-3'><a class=\"ez-toc-link ez-toc-heading-8\" href=\"https:\/\/flashmode.tn\/magazine\/anne-mottet-ifad\/#Partage_de_connaissances_et_medias_sociaux\" >Partage de connaissances et m\u00e9dias sociaux<\/a><\/li><\/ul><\/li><li class='ez-toc-page-1 ez-toc-heading-level-2'><a class=\"ez-toc-link ez-toc-heading-9\" href=\"https:\/\/flashmode.tn\/magazine\/anne-mottet-ifad\/#Impact_et_reconnaissance\" >Impact et reconnaissance<\/a><ul class='ez-toc-list-level-3' ><li class='ez-toc-heading-level-3'><a class=\"ez-toc-link ez-toc-heading-10\" href=\"https:\/\/flashmode.tn\/magazine\/anne-mottet-ifad\/#Collaboration_et_influence\" >Collaboration et influence<\/a><\/li><li class='ez-toc-page-1 ez-toc-heading-level-3'><a class=\"ez-toc-link ez-toc-heading-11\" href=\"https:\/\/flashmode.tn\/magazine\/anne-mottet-ifad\/#Principaux_domaines_de_citation\" >Principaux domaines de citation<\/a><\/li><\/ul><\/li><li class='ez-toc-page-1 ez-toc-heading-level-2'><a class=\"ez-toc-link ez-toc-heading-12\" href=\"https:\/\/flashmode.tn\/magazine\/anne-mottet-ifad\/#Conclusion\" >Conclusion<\/a><\/li><\/ul><\/nav><\/div>\n<h3 class=\"wp-block-heading\" id=\"h-points-a-retenir\"><span class=\"ez-toc-section\" id=\"Points_a_retenir\"><\/span>Points \u00e0 retenir :<span class=\"ez-toc-section-end\"><\/span><\/h3>\n\n\n\n<ul class=\"wp-block-list\">\n<li>Anne Mottet est une sp\u00e9cialiste du d\u00e9veloppement du b\u00e9tail travaillant pour le Fonds international de d\u00e9veloppement agricole (IFAD).<\/li>\n\n\n\n<li>Elle est titulaire d&rsquo;un doctorat en agro\u00e9cosyst\u00e8mes et se sp\u00e9cialise dans l&rsquo;efficacit\u00e9 de l&rsquo;utilisation des ressources naturelles, le changement climatique et le d\u00e9veloppement durable.<\/li>\n\n\n\n<li>Anne Mottet joue un r\u00f4le cl\u00e9 en fournissant un soutien technique aux programmes nationaux\/r\u00e9gionaux de l&rsquo;IFAD et en contribuant \u00e0 l&rsquo;agenda de l&rsquo;organisation.<\/li>\n\n\n\n<li>Elle est \u00e9galement une conf\u00e9renci\u00e8re pl\u00e9ni\u00e8re et une experte en d\u00e9veloppement du b\u00e9tail \u00e0 faible \u00e9mission de carbone, travaillant en collaboration avec l&rsquo;Organisation des Nations unies pour l&rsquo;alimentation et l&rsquo;agriculture (FAO).<\/li>\n\n\n\n<li>Anne Mottet est active sur les r\u00e9seaux sociaux, partageant des informations sur son travail et ses int\u00e9r\u00eats professionnels, notamment sur LinkedIn et Twitter.<\/li>\n\n\n\n<li>Elle est reconnue pour ses contributions dans les domaines de l&rsquo;agriculture, du b\u00e9tail, de l&rsquo;environnement et du changement climatique, avec un nombre \u00e9lev\u00e9 de citations dans ses domaines d&rsquo;expertise.<\/li>\n<\/ul>\n\n\n\n<h2 class=\"wp-block-heading\" id=\"h-l-expertise-d-anne-mottet-a-l-ifad\"><span class=\"ez-toc-section\" id=\"Lexpertise_dAnne_Mottet_a_lIFAD\"><\/span>L&rsquo;expertise d&rsquo;Anne Mottet \u00e0 l&rsquo;IFAD<span class=\"ez-toc-section-end\"><\/span><\/h2>\n\n\n\n<p>Travailler au sein d&rsquo;organisations internationales telles que le Fonds international de d\u00e9veloppement agricole (IFAD) requiert des comp\u00e9tences et des connaissances sp\u00e9cialis\u00e9es. <strong>Anne Mottet<\/strong>, avec son <strong>doctorat en agro\u00e9cosyst\u00e8mes<\/strong> et son expertise en mati\u00e8re d&rsquo;efficacit\u00e9 de l&rsquo;utilisation des ressources naturelles, de changement climatique et de d\u00e9veloppement durable, se distingue comme une figure cl\u00e9 de cette organisation.<\/p>\n\n\n\n<h2 class=\"wp-block-heading\" id=\"h-role-et-contributions-d-anne-mottet-a-l-ifad\"><span class=\"ez-toc-section\" id=\"Role_et_contributions_dAnne_Mottet_a_lIFAD\"><\/span>R\u00f4le et contributions d&rsquo;Anne Mottet \u00e0 l&rsquo;IFAD<span class=\"ez-toc-section-end\"><\/span><\/h2>\n\n\n\n<p>Anne Mottet apporte son soutien technique aux programmes de l&rsquo;<strong>IFAD<\/strong> \u00e0 l&rsquo;\u00e9chelle nationale et r\u00e9gionale, en fournissant des conseils techniques de pointe tout au long de l&rsquo;\u00e9laboration et de l&rsquo;impl\u00e9mentation de projets visant \u00e0 transformer l&rsquo;agriculture et \u00e0 am\u00e9liorer la vie des communaut\u00e9s rurales. Sa contribution \u00e0 l&rsquo;agenda de l&rsquo;IFAD est essentielle pour promouvoir des pratiques agricoles \u00e0 la fois productives et respectueuses de l&rsquo;environnement.<\/p>\n\n\n\n<h3 class=\"wp-block-heading\" id=\"h-l-efficacite-de-l-utilisation-des-ressources-naturelles\"><span class=\"ez-toc-section\" id=\"Lefficacite_de_lutilisation_des_ressources_naturelles\"><\/span>L&rsquo;efficacit\u00e9 de l&rsquo;utilisation des ressources naturelles<span class=\"ez-toc-section-end\"><\/span><\/h3>\n\n\n\n<p>Le champ d&rsquo;action d&rsquo;<strong>Anne Mottet<\/strong> s&rsquo;\u00e9tend \u00e0 l&rsquo;efficacit\u00e9 de l&rsquo;utilisation des ressources naturelles, un domaine crucial pour l&rsquo;agriculture durable. Elle travaille \u00e0 l&rsquo;optimisation des syst\u00e8mes agro\u00e9cosyst\u00e9miques pour r\u00e9duire leur empreinte \u00e9cologique tout en augmentant leur productivit\u00e9.<\/p>\n\n\n\n<h3 class=\"wp-block-heading\" id=\"h-changement-climatique-et-agriculture\"><span class=\"ez-toc-section\" id=\"Changement_climatique_et_agriculture\"><\/span>Changement climatique et agriculture<span class=\"ez-toc-section-end\"><\/span><\/h3>\n\n\n\n<p>Le changement climatique est au c\u0153ur des pr\u00e9occupations de l&rsquo;<strong>IFAD<\/strong> et d&rsquo;Anne Mottet. Elle s&rsquo;implique dans le d\u00e9veloppement de strat\u00e9gies d&rsquo;adaptation et d&rsquo;att\u00e9nuation pour rendre l&rsquo;agriculture moins vuln\u00e9rable aux al\u00e9as climatiques et r\u00e9duire les \u00e9missions de gaz \u00e0 effet de serre.<\/p>\n\n\n\n<h3 class=\"wp-block-heading\" id=\"h-developpement-durable\"><span class=\"ez-toc-section\" id=\"Developpement_durable\"><\/span>D\u00e9veloppement durable<span class=\"ez-toc-section-end\"><\/span><\/h3>\n\n\n\n<p>L&rsquo;approche d&rsquo;<strong>Anne Mottet<\/strong> en mati\u00e8re de d\u00e9veloppement durable vise \u00e0 \u00e9quilibrer les besoins \u00e9conomiques, sociaux et environnementaux des communaut\u00e9s agricoles, en favorisant des pratiques qui pr\u00e9servent les ressources pour les g\u00e9n\u00e9rations futures.<\/p>\n\n\n\n<h2 class=\"wp-block-heading\" id=\"h-conferences-et-leadership-eclaire\"><span class=\"ez-toc-section\" id=\"Conferences_et_leadership_eclaire\"><\/span>Conf\u00e9rences et leadership \u00e9clair\u00e9<span class=\"ez-toc-section-end\"><\/span><\/h2>\n\n\n\n<p>En tant que conf\u00e9renci\u00e8re pl\u00e9ni\u00e8re, Anne Mottet partage r\u00e9guli\u00e8rement son expertise lors d&rsquo;\u00e9v\u00e9nements internationaux, contribuant \u00e0 fa\u00e7onner les discussions globales sur le <strong>d\u00e9veloppement du b\u00e9tail \u00e0 faible \u00e9mission de carbone<\/strong>. Sa collaboration avec l&rsquo;Organisation des Nations unies pour l&rsquo;alimentation et l&rsquo;agriculture (FAO) renforce son r\u00f4le en tant que leader d&rsquo;opinion dans ce domaine.<\/p>\n\n\n\n<h3 class=\"wp-block-heading\" id=\"h-partage-de-connaissances-et-medias-sociaux\"><span class=\"ez-toc-section\" id=\"Partage_de_connaissances_et_medias_sociaux\"><\/span>Partage de connaissances et m\u00e9dias sociaux<span class=\"ez-toc-section-end\"><\/span><\/h3>\n\n\n\n<p>Active sur les r\u00e9seaux sociaux, Anne Mottet utilise des plateformes comme <strong>LinkedIn<\/strong> et <strong>Twitter<\/strong> pour diffuser des informations pertinentes sur son travail et les avanc\u00e9es dans les domaines de l&rsquo;agriculture, du b\u00e9tail, de l&rsquo;environnement et du changement climatique. Son activit\u00e9 sur ces r\u00e9seaux favorise la sensibilisation et l&rsquo;\u00e9ducation d&rsquo;un public plus large.<\/p>\n\n\n\n<h2 class=\"wp-block-heading\" id=\"h-impact-et-reconnaissance\"><span class=\"ez-toc-section\" id=\"Impact_et_reconnaissance\"><\/span>Impact et reconnaissance<span class=\"ez-toc-section-end\"><\/span><\/h2>\n\n\n\n<p>La reconnaissance d&rsquo;<strong>Anne Mottet<\/strong> dans ses domaines d&rsquo;expertise est attest\u00e9e par un nombre \u00e9lev\u00e9 de citations, ce qui t\u00e9moigne de l&rsquo;impact significatif de ses recherches et de ses contributions sur la communaut\u00e9 scientifique et sur la mise en \u0153uvre de politiques agricoles plus durables.<\/p>\n\n\n\n<h3 class=\"wp-block-heading\" id=\"h-collaboration-et-influence\"><span class=\"ez-toc-section\" id=\"Collaboration_et_influence\"><\/span>Collaboration et influence<span class=\"ez-toc-section-end\"><\/span><\/h3>\n\n\n\n<p>La capacit\u00e9 d&rsquo;Anne Mottet \u00e0 travailler en synergie avec divers acteurs et institutions internationales, comme la <strong>FAO<\/strong> et l&rsquo;<strong>IFAD<\/strong>, est un atout indispensable pour promouvoir des changements positifs dans le secteur de l&rsquo;agriculture et du d\u00e9veloppement rural.<\/p>\n\n\n\n<h3 class=\"wp-block-heading\" id=\"h-principaux-domaines-de-citation\"><span class=\"ez-toc-section\" id=\"Principaux_domaines_de_citation\"><\/span>Principaux domaines de citation<span class=\"ez-toc-section-end\"><\/span><\/h3>\n\n\n\n<p>Les travaux d&rsquo;Anne Mottet sont fr\u00e9quemment cit\u00e9s dans des recherches li\u00e9es \u00e0 l&rsquo;<strong>agriculture<\/strong>, au <strong>b\u00e9tail<\/strong>, \u00e0 l&rsquo;<strong>environnement<\/strong> et au <strong>changement climatique<\/strong>, soulignant son expertise et son influence dans ces domaines cruciaux pour l&rsquo;avenir de la plan\u00e8te.<\/p>\n\n\n\n<h2 class=\"wp-block-heading\" id=\"h-conclusion\"><span class=\"ez-toc-section\" id=\"Conclusion\"><\/span>Conclusion<span class=\"ez-toc-section-end\"><\/span><\/h2>\n\n\n\n<p>La carri\u00e8re et les r\u00e9alisations d&rsquo;Anne Mottet \u00e0 l&rsquo;IFAD illustrent parfaitement comment un engagement personnel et professionnel envers l&rsquo;agriculture durable et la gestion responsable des ressources naturelles peut avoir un impact global. Son leadership, sa vision et sa volont\u00e9 de partager ses connaissances font d&rsquo;elle une source d&rsquo;inspiration pour tous ceux qui aspirent \u00e0 contribuer \u00e0 un monde plus durable et \u00e9quitable.<\/p>\n\n\n\n<p><strong>1. Quelle est la sp\u00e9cialit\u00e9 d&rsquo;Anne Mottet au sein du Fonds international de d\u00e9veloppement agricole (IFAD) ?<\/strong><br><br>Anne Mottet est une sp\u00e9cialiste du d\u00e9veloppement du b\u00e9tail travaillant pour le Fonds international de d\u00e9veloppement agricole (IFAD). Elle se sp\u00e9cialise dans l&rsquo;efficacit\u00e9 de l&rsquo;utilisation des ressources naturelles, le changement climatique et le d\u00e9veloppement durable.<\/p>\n\n\n\n<p><strong>2. Quel r\u00f4le Anne Mottet joue-t-elle au sein de l&rsquo;IFAD ?<\/strong><br><br>Anne Mottet joue un r\u00f4le cl\u00e9 en fournissant un soutien technique aux programmes nationaux\/r\u00e9gionaux de l&rsquo;IFAD et en contribuant \u00e0 l&rsquo;agenda de l&rsquo;organisation.<\/p>\n\n\n\n<p><strong>3. Avec quelle organisation Anne Mottet collabore-t-elle en tant qu&rsquo;experte en d\u00e9veloppement du b\u00e9tail \u00e0 faible \u00e9mission de carbone ?<\/strong><br><br>Anne Mottet collabore avec l&rsquo;Organisation des Nations unies pour l&rsquo;alimentation et l&rsquo;agriculture (FAO) en tant qu&rsquo;experte en d\u00e9veloppement du b\u00e9tail \u00e0 faible \u00e9mission de carbone.<\/p>\n\n\n\n<p><strong>4. Sur quels r\u00e9seaux sociaux Anne Mottet est-elle active pour partager des informations sur son travail et ses int\u00e9r\u00eats professionnels ?<\/strong><br><br>Anne Mottet est active sur LinkedIn et Twitter, partageant des informations sur son travail et ses int\u00e9r\u00eats professionnels.<\/p>\n\n\n\n<p><strong>5. Pour quelles contributions Anne Mottet est-elle reconnue dans les domaines de l&rsquo;agriculture, du b\u00e9tail, de l&rsquo;environnement et du changement climatique ?<\/strong><br><br>Anne Mottet est reconnue pour ses contributions dans les domaines de l&rsquo;agriculture, du b\u00e9tail, de l&rsquo;environnement et du changement climatique, avec un nombre \u00e9lev\u00e9 de citations dans ses domaines d&rsquo;expertise.<\/p>\n","protected":false},"excerpt":{"rendered":"<p>D\u00e9couvrez l&rsquo;incroyable expertise d&rsquo;Anne Mottet \u00e0 l&rsquo;IFAD, ses contributions remarquables et son leadership \u00e9clair\u00e9 dans le domaine de l&rsquo;efficacit\u00e9 de l&rsquo;utilisation des ressources naturelles, du changement climatique et du d\u00e9veloppement durable. Plongez dans cet univers passionnant o\u00f9 collaboration, influence et partage de connaissances se rencontrent pour un impact durable. Accrochez-vous, car nous allons explorer ensemble [&hellip;]<\/p>\n","protected":false},"author":8,"featured_media":162236,"comment_status":"open","ping_status":"open","sticky":false,"template":"","format":"standard","meta":{"tdm_status":"","tdm_grid_status":"","_jetpack_memberships_contains_paid_content":false,"footnotes":"","jetpack_publicize_message":"","jetpack_publicize_feature_enabled":true,"jetpack_social_post_already_shared":true,"jetpack_social_options":{"image_generator_settings":{"template":"highway","default_image_id":0,"font":"","enabled":false},"version":2}},"categories":[79],"tags":[],"class_list":["post-106786","post","type-post","status-publish","format-standard","has-post-thumbnail","hentry","category-people"],"yoast_head":"<!-- This site is optimized with the Yoast SEO Premium plugin v25.0 (Yoast SEO v25.0) - https:\/\/yoast.com\/wordpress\/plugins\/seo\/ -->\n<title>Anne Mottet IFAD : Expertise, R\u00f4le et Contributions, Conf\u00e9rences et Impact - Flashmode Magazine | Magazine de mode et style de vie Num\u00e9ro un en Tunisie et au Maghreb<\/title>\n<meta name=\"description\" content=\"D\u00e9couvrez l&#039;incroyable expertise d&#039;Anne Mottet \u00e0 l&#039;IFAD, ses contributions remarquables et son leadership \u00e9clair\u00e9 dans le domaine de l&#039;efficacit\u00e9 de\" \/>\n<meta name=\"robots\" content=\"index, follow, max-snippet:-1, max-image-preview:large, max-video-preview:-1\" \/>\n<link rel=\"canonical\" href=\"https:\/\/flashmode.tn\/magazine\/anne-mottet-ifad\/\" \/>\n<meta property=\"og:locale\" content=\"fr_FR\" \/>\n<meta property=\"og:type\" content=\"article\" \/>\n<meta property=\"og:title\" content=\"Anne Mottet IFAD : Expertise, R\u00f4le et Contributions, Conf\u00e9rences et Impact - Flashmode Magazine | Magazine de mode et style de vie Num\u00e9ro un en Tunisie et au Maghreb\" \/>\n<meta property=\"og:description\" content=\"D\u00e9couvrez l&#039;incroyable expertise d&#039;Anne Mottet \u00e0 l&#039;IFAD, ses contributions remarquables et son leadership \u00e9clair\u00e9 dans le domaine de l&#039;efficacit\u00e9 de\" \/>\n<meta property=\"og:url\" content=\"https:\/\/flashmode.tn\/magazine\/anne-mottet-ifad\/\" \/>\n<meta property=\"og:site_name\" content=\"Flashmode Magazine | Magazine de mode et style de vie Num\u00e9ro un en Tunisie et au Maghreb\" \/>\n<meta property=\"article:publisher\" content=\"https:\/\/www.facebook.com\/flashmode.magazine\/\" \/>\n<meta property=\"article:published_time\" content=\"2024-03-12T02:27:16+00:00\" \/>\n<meta property=\"article:modified_time\" content=\"2024-04-09T12:06:48+00:00\" \/>\n<meta property=\"og:image\" content=\"https:\/\/flashmode.tn\/magazine\/wp-content\/uploads\/2024\/03\/Anne-Mottet-IFAD-Expertise-Role-et-Contributions-Conferences-et-Impact.png\" \/>\n\t<meta property=\"og:image:width\" content=\"1640\" \/>\n\t<meta property=\"og:image:height\" content=\"924\" \/>\n\t<meta property=\"og:image:type\" content=\"image\/png\" \/>\n<meta name=\"author\" content=\"The Daileigh\" \/>\n<meta name=\"twitter:card\" content=\"summary_large_image\" \/>\n<meta name=\"twitter:creator\" content=\"@agenceflashmode\" \/>\n<meta name=\"twitter:site\" content=\"@agenceflashmode\" \/>\n<meta name=\"twitter:label1\" content=\"\u00c9crit par\" \/>\n\t<meta name=\"twitter:data1\" content=\"The Daileigh\" \/>\n\t<meta name=\"twitter:label2\" content=\"Dur\u00e9e de lecture estim\u00e9e\" \/>\n\t<meta name=\"twitter:data2\" content=\"5 minutes\" \/>\n<script type=\"application\/ld+json\" class=\"yoast-schema-graph\">{\"@context\":\"https:\/\/schema.org\",\"@graph\":[{\"@type\":\"WebPage\",\"@id\":\"https:\/\/flashmode.tn\/magazine\/anne-mottet-ifad\/\",\"url\":\"https:\/\/flashmode.tn\/magazine\/anne-mottet-ifad\/\",\"name\":\"Anne Mottet IFAD : Expertise, R\u00f4le et Contributions, Conf\u00e9rences et Impact - Flashmode Magazine | Magazine de mode et style de vie Num\u00e9ro un en Tunisie et au Maghreb\",\"isPartOf\":{\"@id\":\"https:\/\/flashmode.tn\/magazine\/#website\"},\"primaryImageOfPage\":{\"@id\":\"https:\/\/flashmode.tn\/magazine\/anne-mottet-ifad\/#primaryimage\"},\"image\":{\"@id\":\"https:\/\/flashmode.tn\/magazine\/anne-mottet-ifad\/#primaryimage\"},\"thumbnailUrl\":\"https:\/\/i0.wp.com\/flashmode.tn\/magazine\/wp-content\/uploads\/2024\/03\/Anne-Mottet-IFAD-Expertise-Role-et-Contributions-Conferences-et-Impact.png?fit=1640%2C924&ssl=1\",\"datePublished\":\"2024-03-12T02:27:16+00:00\",\"dateModified\":\"2024-04-09T12:06:48+00:00\",\"author\":{\"@id\":\"https:\/\/flashmode.tn\/magazine\/#\/schema\/person\/79940f8af94166a445dd5bd6b3137682\"},\"description\":\"D\u00e9couvrez l'incroyable expertise d'Anne Mottet \u00e0 l'IFAD, ses contributions remarquables et son leadership \u00e9clair\u00e9 dans le domaine de l'efficacit\u00e9 de\",\"breadcrumb\":{\"@id\":\"https:\/\/flashmode.tn\/magazine\/anne-mottet-ifad\/#breadcrumb\"},\"inLanguage\":\"fr-FR\",\"potentialAction\":[{\"@type\":\"ReadAction\",\"target\":[\"https:\/\/flashmode.tn\/magazine\/anne-mottet-ifad\/\"]}]},{\"@type\":\"ImageObject\",\"inLanguage\":\"fr-FR\",\"@id\":\"https:\/\/flashmode.tn\/magazine\/anne-mottet-ifad\/#primaryimage\",\"url\":\"https:\/\/i0.wp.com\/flashmode.tn\/magazine\/wp-content\/uploads\/2024\/03\/Anne-Mottet-IFAD-Expertise-Role-et-Contributions-Conferences-et-Impact.png?fit=1640%2C924&ssl=1\",\"contentUrl\":\"https:\/\/i0.wp.com\/flashmode.tn\/magazine\/wp-content\/uploads\/2024\/03\/Anne-Mottet-IFAD-Expertise-Role-et-Contributions-Conferences-et-Impact.png?fit=1640%2C924&ssl=1\",\"width\":1640,\"height\":924,\"caption\":\"Anne Mottet IFAD : Expertise, R\u00f4le et Contributions, Conf\u00e9rences et Impact\"},{\"@type\":\"BreadcrumbList\",\"@id\":\"https:\/\/flashmode.tn\/magazine\/anne-mottet-ifad\/#breadcrumb\",\"itemListElement\":[{\"@type\":\"ListItem\",\"position\":1,\"name\":\"Accueil\",\"item\":\"https:\/\/flashmode.tn\/magazine\/\"},{\"@type\":\"ListItem\",\"position\":2,\"name\":\"Anne Mottet IFAD : Expertise, R\u00f4le et Contributions, Conf\u00e9rences et Impact\"}]},{\"@type\":\"WebSite\",\"@id\":\"https:\/\/flashmode.tn\/magazine\/#website\",\"url\":\"https:\/\/flashmode.tn\/magazine\/\",\"name\":\"Flashmode Magazine | Magazine de mode et style de vie Num\u00e9ro un en Tunisie et au Maghreb\",\"description\":\"Magazine de mode et style de vie Num\u00e9ro un en Tunisie et au Maghreb, cr\u00e9\u00e9 pour les hommes et les femmes : conseils beaut\u00e9, mode femme, mode homme, recettes de cuisine, c\u00e9l\u00e9brit\u00e9s et people, mannequins et top modeles\",\"potentialAction\":[{\"@type\":\"SearchAction\",\"target\":{\"@type\":\"EntryPoint\",\"urlTemplate\":\"https:\/\/flashmode.tn\/magazine\/?s={search_term_string}\"},\"query-input\":{\"@type\":\"PropertyValueSpecification\",\"valueRequired\":true,\"valueName\":\"search_term_string\"}}],\"inLanguage\":\"fr-FR\"},{\"@type\":\"Person\",\"@id\":\"https:\/\/flashmode.tn\/magazine\/#\/schema\/person\/79940f8af94166a445dd5bd6b3137682\",\"name\":\"The Daileigh\",\"image\":{\"@type\":\"ImageObject\",\"inLanguage\":\"fr-FR\",\"@id\":\"https:\/\/flashmode.tn\/magazine\/#\/schema\/person\/image\/\",\"url\":\"https:\/\/secure.gravatar.com\/avatar\/30d4d60865d61de3434abd01cb8b4ec5e5b5eb5a274017461832a54857b1770d?s=96&d=mm&r=g\",\"contentUrl\":\"https:\/\/secure.gravatar.com\/avatar\/30d4d60865d61de3434abd01cb8b4ec5e5b5eb5a274017461832a54857b1770d?s=96&d=mm&r=g\",\"caption\":\"The Daileigh\"},\"url\":\"https:\/\/flashmode.tn\/magazine\/author\/the-daileigh\/\"}]}<\/script>\n<!-- \/ Yoast SEO Premium plugin. -->","yoast_head_json":{"title":"Anne Mottet IFAD : Expertise, R\u00f4le et Contributions, Conf\u00e9rences et Impact - Flashmode Magazine | Magazine de mode et style de vie Num\u00e9ro un en Tunisie et au Maghreb","description":"D\u00e9couvrez l'incroyable expertise d'Anne Mottet \u00e0 l'IFAD, ses contributions remarquables et son leadership \u00e9clair\u00e9 dans le domaine de l'efficacit\u00e9 de","robots":{"index":"index","follow":"follow","max-snippet":"max-snippet:-1","max-image-preview":"max-image-preview:large","max-video-preview":"max-video-preview:-1"},"canonical":"https:\/\/flashmode.tn\/magazine\/anne-mottet-ifad\/","og_locale":"fr_FR","og_type":"article","og_title":"Anne Mottet IFAD : Expertise, R\u00f4le et Contributions, Conf\u00e9rences et Impact - Flashmode Magazine | Magazine de mode et style de vie Num\u00e9ro un en Tunisie et au Maghreb","og_description":"D\u00e9couvrez l'incroyable expertise d'Anne Mottet \u00e0 l'IFAD, ses contributions remarquables et son leadership \u00e9clair\u00e9 dans le domaine de l'efficacit\u00e9 de","og_url":"https:\/\/flashmode.tn\/magazine\/anne-mottet-ifad\/","og_site_name":"Flashmode Magazine | Magazine de mode et style de vie Num\u00e9ro un en Tunisie et au Maghreb","article_publisher":"https:\/\/www.facebook.com\/flashmode.magazine\/","article_published_time":"2024-03-12T02:27:16+00:00","article_modified_time":"2024-04-09T12:06:48+00:00","og_image":[{"width":1640,"height":924,"url":"https:\/\/flashmode.tn\/magazine\/wp-content\/uploads\/2024\/03\/Anne-Mottet-IFAD-Expertise-Role-et-Contributions-Conferences-et-Impact.png","type":"image\/png"}],"author":"The Daileigh","twitter_card":"summary_large_image","twitter_creator":"@agenceflashmode","twitter_site":"@agenceflashmode","twitter_misc":{"\u00c9crit par":"The Daileigh","Dur\u00e9e de lecture estim\u00e9e":"5 minutes"},"schema":{"@context":"https:\/\/schema.org","@graph":[{"@type":"WebPage","@id":"https:\/\/flashmode.tn\/magazine\/anne-mottet-ifad\/","url":"https:\/\/flashmode.tn\/magazine\/anne-mottet-ifad\/","name":"Anne Mottet IFAD : Expertise, R\u00f4le et Contributions, Conf\u00e9rences et Impact - Flashmode Magazine | Magazine de mode et style de vie Num\u00e9ro un en Tunisie et au Maghreb","isPartOf":{"@id":"https:\/\/flashmode.tn\/magazine\/#website"},"primaryImageOfPage":{"@id":"https:\/\/flashmode.tn\/magazine\/anne-mottet-ifad\/#primaryimage"},"image":{"@id":"https:\/\/flashmode.tn\/magazine\/anne-mottet-ifad\/#primaryimage"},"thumbnailUrl":"https:\/\/i0.wp.com\/flashmode.tn\/magazine\/wp-content\/uploads\/2024\/03\/Anne-Mottet-IFAD-Expertise-Role-et-Contributions-Conferences-et-Impact.png?fit=1640%2C924&ssl=1","datePublished":"2024-03-12T02:27:16+00:00","dateModified":"2024-04-09T12:06:48+00:00","author":{"@id":"https:\/\/flashmode.tn\/magazine\/#\/schema\/person\/79940f8af94166a445dd5bd6b3137682"},"description":"D\u00e9couvrez l'incroyable expertise d'Anne Mottet \u00e0 l'IFAD, ses contributions remarquables et son leadership \u00e9clair\u00e9 dans le domaine de l'efficacit\u00e9 de","breadcrumb":{"@id":"https:\/\/flashmode.tn\/magazine\/anne-mottet-ifad\/#breadcrumb"},"inLanguage":"fr-FR","potentialAction":[{"@type":"ReadAction","target":["https:\/\/flashmode.tn\/magazine\/anne-mottet-ifad\/"]}]},{"@type":"ImageObject","inLanguage":"fr-FR","@id":"https:\/\/flashmode.tn\/magazine\/anne-mottet-ifad\/#primaryimage","url":"https:\/\/i0.wp.com\/flashmode.tn\/magazine\/wp-content\/uploads\/2024\/03\/Anne-Mottet-IFAD-Expertise-Role-et-Contributions-Conferences-et-Impact.png?fit=1640%2C924&ssl=1","contentUrl":"https:\/\/i0.wp.com\/flashmode.tn\/magazine\/wp-content\/uploads\/2024\/03\/Anne-Mottet-IFAD-Expertise-Role-et-Contributions-Conferences-et-Impact.png?fit=1640%2C924&ssl=1","width":1640,"height":924,"caption":"Anne Mottet IFAD : Expertise, R\u00f4le et Contributions, Conf\u00e9rences et Impact"},{"@type":"BreadcrumbList","@id":"https:\/\/flashmode.tn\/magazine\/anne-mottet-ifad\/#breadcrumb","itemListElement":[{"@type":"ListItem","position":1,"name":"Accueil","item":"https:\/\/flashmode.tn\/magazine\/"},{"@type":"ListItem","position":2,"name":"Anne Mottet IFAD : Expertise, R\u00f4le et Contributions, Conf\u00e9rences et Impact"}]},{"@type":"WebSite","@id":"https:\/\/flashmode.tn\/magazine\/#website","url":"https:\/\/flashmode.tn\/magazine\/","name":"Flashmode Magazine | Magazine de mode et style de vie Num\u00e9ro un en Tunisie et au Maghreb","description":"Magazine de mode et style de vie Num\u00e9ro un en Tunisie et au Maghreb, cr\u00e9\u00e9 pour les hommes et les femmes : conseils beaut\u00e9, mode femme, mode homme, recettes de cuisine, c\u00e9l\u00e9brit\u00e9s et people, mannequins et top modeles","potentialAction":[{"@type":"SearchAction","target":{"@type":"EntryPoint","urlTemplate":"https:\/\/flashmode.tn\/magazine\/?s={search_term_string}"},"query-input":{"@type":"PropertyValueSpecification","valueRequired":true,"valueName":"search_term_string"}}],"inLanguage":"fr-FR"},{"@type":"Person","@id":"https:\/\/flashmode.tn\/magazine\/#\/schema\/person\/79940f8af94166a445dd5bd6b3137682","name":"The Daileigh","image":{"@type":"ImageObject","inLanguage":"fr-FR","@id":"https:\/\/flashmode.tn\/magazine\/#\/schema\/person\/image\/","url":"https:\/\/secure.gravatar.com\/avatar\/30d4d60865d61de3434abd01cb8b4ec5e5b5eb5a274017461832a54857b1770d?s=96&d=mm&r=g","contentUrl":"https:\/\/secure.gravatar.com\/avatar\/30d4d60865d61de3434abd01cb8b4ec5e5b5eb5a274017461832a54857b1770d?s=96&d=mm&r=g","caption":"The Daileigh"},"url":"https:\/\/flashmode.tn\/magazine\/author\/the-daileigh\/"}]}},"jetpack_publicize_connections":[],"jetpack_featured_media_url":"https:\/\/i0.wp.com\/flashmode.tn\/magazine\/wp-content\/uploads\/2024\/03\/Anne-Mottet-IFAD-Expertise-Role-et-Contributions-Conferences-et-Impact.png?fit=1640%2C924&ssl=1","jetpack_shortlink":"https:\/\/wp.me\/p8BPGr-rMm","jetpack_sharing_enabled":true,"_links":{"self":[{"href":"https:\/\/flashmode.tn\/magazine\/wp-json\/wp\/v2\/posts\/106786","targetHints":{"allow":["GET"]}}],"collection":[{"href":"https:\/\/flashmode.tn\/magazine\/wp-json\/wp\/v2\/posts"}],"about":[{"href":"https:\/\/flashmode.tn\/magazine\/wp-json\/wp\/v2\/types\/post"}],"author":[{"embeddable":true,"href":"https:\/\/flashmode.tn\/magazine\/wp-json\/wp\/v2\/users\/8"}],"replies":[{"embeddable":true,"href":"https:\/\/flashmode.tn\/magazine\/wp-json\/wp\/v2\/comments?post=106786"}],"version-history":[{"count":2,"href":"https:\/\/flashmode.tn\/magazine\/wp-json\/wp\/v2\/posts\/106786\/revisions"}],"predecessor-version":[{"id":162237,"href":"https:\/\/flashmode.tn\/magazine\/wp-json\/wp\/v2\/posts\/106786\/revisions\/162237"}],"wp:featuredmedia":[{"embeddable":true,"href":"https:\/\/flashmode.tn\/magazine\/wp-json\/wp\/v2\/media\/162236"}],"wp:attachment":[{"href":"https:\/\/flashmode.tn\/magazine\/wp-json\/wp\/v2\/media?parent=106786"}],"wp:term":[{"taxonomy":"category","embeddable":true,"href":"https:\/\/flashmode.tn\/magazine\/wp-json\/wp\/v2\/categories?post=106786"},{"taxonomy":"post_tag","embeddable":true,"href":"https:\/\/flashmode.tn\/magazine\/wp-json\/wp\/v2\/tags?post=106786"}],"curies":[{"name":"wp","href":"https:\/\/api.w.org\/{rel}","templated":true}]}}