{"id":106918,"date":"2024-03-12T04:00:30","date_gmt":"2024-03-12T03:00:30","guid":{"rendered":"https:\/\/flashmode.tn\/magazine\/?p=106918"},"modified":"2024-04-13T10:34:08","modified_gmt":"2024-04-13T08:34:08","slug":"anne-mottet-thomas-pesquet","status":"publish","type":"post","link":"https:\/\/flashmode.tn\/magazine\/anne-mottet-thomas-pesquet\/","title":{"rendered":"Anne Mottet et Thomas Pesquet : Un Couple d&rsquo;Exception au Service de l&rsquo;Humanit\u00e9"},"content":{"rendered":"\n<p>Thomas Pesquet et Anne Mottet : un couple d&rsquo;exception au service de l&rsquo;humanit\u00e9<\/p>\n\n\n\n<p>Bienvenue dans le monde fascinant de Thomas Pesquet et Anne Mottet, un duo aussi exceptionnel que captivant. De l&rsquo;espace \u00e0 la Terre, de l&rsquo;ing\u00e9nierie aux \u00e9toiles, ce couple hors du commun conjugue amour et engagement au service de l&rsquo;humanit\u00e9. Pr\u00e9parez-vous \u00e0 d\u00e9couvrir le parcours inspirant de Thomas Pesquet, l&rsquo;astronaute polyglotte et ambassadeur de bonne volont\u00e9, ainsi que le r\u00f4le crucial d&rsquo;Anne Mottet dans les enjeux environnementaux. Attachez vos ceintures, car cette histoire est un voyage intersid\u00e9ral \u00e0 ne pas manquer !<\/p>\n\n\n\n<div id=\"ez-toc-container\" class=\"ez-toc-v2_0_81 counter-hierarchy ez-toc-counter ez-toc-grey ez-toc-container-direction\">\n<div class=\"ez-toc-title-container\">\n<p class=\"ez-toc-title\" style=\"cursor:inherit\">Contenus de la page<\/p>\n<span class=\"ez-toc-title-toggle\"><a href=\"#\" class=\"ez-toc-pull-right ez-toc-btn ez-toc-btn-xs ez-toc-btn-default ez-toc-toggle\" aria-label=\"Toggle Table of Content\"><span class=\"ez-toc-js-icon-con\"><span class=\"\"><span class=\"eztoc-hide\" style=\"display:none;\">Toggle<\/span><span class=\"ez-toc-icon-toggle-span\"><svg style=\"fill: #999;color:#999\" xmlns=\"http:\/\/www.w3.org\/2000\/svg\" class=\"list-377408\" width=\"20px\" height=\"20px\" viewBox=\"0 0 24 24\" fill=\"none\"><path d=\"M6 6H4v2h2V6zm14 0H8v2h12V6zM4 11h2v2H4v-2zm16 0H8v2h12v-2zM4 16h2v2H4v-2zm16 0H8v2h12v-2z\" fill=\"currentColor\"><\/path><\/svg><svg style=\"fill: #999;color:#999\" class=\"arrow-unsorted-368013\" xmlns=\"http:\/\/www.w3.org\/2000\/svg\" width=\"10px\" height=\"10px\" viewBox=\"0 0 24 24\" version=\"1.2\" baseProfile=\"tiny\"><path d=\"M18.2 9.3l-6.2-6.3-6.2 6.3c-.2.2-.3.4-.3.7s.1.5.3.7c.2.2.4.3.7.3h11c.3 0 .5-.1.7-.3.2-.2.3-.5.3-.7s-.1-.5-.3-.7zM5.8 14.7l6.2 6.3 6.2-6.3c.2-.2.3-.5.3-.7s-.1-.5-.3-.7c-.2-.2-.4-.3-.7-.3h-11c-.3 0-.5.1-.7.3-.2.2-.3.5-.3.7s.1.5.3.7z\"\/><\/svg><\/span><\/span><\/span><\/a><\/span><\/div>\n<nav><ul class='ez-toc-list ez-toc-list-level-1 ' ><ul class='ez-toc-list-level-3' ><li class='ez-toc-heading-level-3'><a class=\"ez-toc-link ez-toc-heading-1\" href=\"https:\/\/flashmode.tn\/magazine\/anne-mottet-thomas-pesquet\/#Points_a_retenir\" >Points \u00e0 retenir :<\/a><\/li><\/ul><\/li><li class='ez-toc-page-1 ez-toc-heading-level-2'><a class=\"ez-toc-link ez-toc-heading-2\" href=\"https:\/\/flashmode.tn\/magazine\/anne-mottet-thomas-pesquet\/#Thomas_Pesquet_et_Anne_Mottet_un_couple_dexception_au_service_de_lhumanite\" >Thomas Pesquet et Anne Mottet : un couple d&rsquo;exception au service de l&rsquo;humanit\u00e9<\/a><\/li><li class='ez-toc-page-1 ez-toc-heading-level-2'><a class=\"ez-toc-link ez-toc-heading-3\" href=\"https:\/\/flashmode.tn\/magazine\/anne-mottet-thomas-pesquet\/#Le_parcours_de_Thomas_Pesquet_astronaute_polyglotte_et_ambassadeur_de_bonne_volonte\" >Le parcours de Thomas Pesquet, astronaute polyglotte et ambassadeur de bonne volont\u00e9<\/a><ul class='ez-toc-list-level-3' ><li class='ez-toc-heading-level-3'><a class=\"ez-toc-link ez-toc-heading-4\" href=\"https:\/\/flashmode.tn\/magazine\/anne-mottet-thomas-pesquet\/#Les_responsabilites_dun_Goodwill-Botschafter\" >Les responsabilit\u00e9s d&rsquo;un Goodwill-Botschafter<\/a><\/li><li class='ez-toc-page-1 ez-toc-heading-level-3'><a class=\"ez-toc-link ez-toc-heading-5\" href=\"https:\/\/flashmode.tn\/magazine\/anne-mottet-thomas-pesquet\/#Thomas_Pesquet_un_modele_de_perseverance\" >Thomas Pesquet, un mod\u00e8le de pers\u00e9v\u00e9rance<\/a><\/li><\/ul><\/li><li class='ez-toc-page-1 ez-toc-heading-level-2'><a class=\"ez-toc-link ez-toc-heading-6\" href=\"https:\/\/flashmode.tn\/magazine\/anne-mottet-thomas-pesquet\/#Anne_Mottet_Une_ingenieure_au_coeur_des_enjeux_environnementaux\" >Anne Mottet : Une ing\u00e9nieure au c\u0153ur des enjeux environnementaux<\/a><ul class='ez-toc-list-level-3' ><li class='ez-toc-heading-level-3'><a class=\"ez-toc-link ez-toc-heading-7\" href=\"https:\/\/flashmode.tn\/magazine\/anne-mottet-thomas-pesquet\/#Une_expertise_au_service_du_developpement_durable\" >Une expertise au service du d\u00e9veloppement durable<\/a><\/li><li class='ez-toc-page-1 ez-toc-heading-level-3'><a class=\"ez-toc-link ez-toc-heading-8\" href=\"https:\/\/flashmode.tn\/magazine\/anne-mottet-thomas-pesquet\/#Le_defi_de_lefficacite_des_ressources_naturelles\" >Le d\u00e9fi de l&rsquo;efficacit\u00e9 des ressources naturelles<\/a><\/li><\/ul><\/li><li class='ez-toc-page-1 ez-toc-heading-level-2'><a class=\"ez-toc-link ez-toc-heading-9\" href=\"https:\/\/flashmode.tn\/magazine\/anne-mottet-thomas-pesquet\/#Un_couple_confronte_a_lepreuve_de_la_distance\" >Un couple confront\u00e9 \u00e0 l&rsquo;\u00e9preuve de la distance<\/a><ul class='ez-toc-list-level-3' ><li class='ez-toc-heading-level-3'><a class=\"ez-toc-link ez-toc-heading-10\" href=\"https:\/\/flashmode.tn\/magazine\/anne-mottet-thomas-pesquet\/#Surmonter_les_defis_ensemble\" >Surmonter les d\u00e9fis ensemble<\/a><\/li><li class='ez-toc-page-1 ez-toc-heading-level-3'><a class=\"ez-toc-link ez-toc-heading-11\" href=\"https:\/\/flashmode.tn\/magazine\/anne-mottet-thomas-pesquet\/#La_gestion_de_la_distance_dans_une_relation\" >La gestion de la distance dans une relation<\/a><\/li><\/ul><\/li><li class='ez-toc-page-1 ez-toc-heading-level-2'><a class=\"ez-toc-link ez-toc-heading-12\" href=\"https:\/\/flashmode.tn\/magazine\/anne-mottet-thomas-pesquet\/#Les_lecons_dun_couple_atypique\" >Les le\u00e7ons d&rsquo;un couple atypique<\/a><ul class='ez-toc-list-level-3' ><li class='ez-toc-heading-level-3'><a class=\"ez-toc-link ez-toc-heading-13\" href=\"https:\/\/flashmode.tn\/magazine\/anne-mottet-thomas-pesquet\/#Compromis_et_soutien_les_cles_dune_relation_durable\" >Compromis et soutien : les cl\u00e9s d&rsquo;une relation durable<\/a><\/li><li class='ez-toc-page-1 ez-toc-heading-level-3'><a class=\"ez-toc-link ez-toc-heading-14\" href=\"https:\/\/flashmode.tn\/magazine\/anne-mottet-thomas-pesquet\/#La_reussite_malgre_les_obstacles\" >La r\u00e9ussite malgr\u00e9 les obstacles<\/a><\/li><\/ul><\/li><li class='ez-toc-page-1 ez-toc-heading-level-2'><a class=\"ez-toc-link ez-toc-heading-15\" href=\"https:\/\/flashmode.tn\/magazine\/anne-mottet-thomas-pesquet\/#Conclusion\" >Conclusion<\/a><\/li><\/ul><\/nav><\/div>\n<h3 class=\"wp-block-heading\" id=\"h-points-a-retenir\"><span class=\"ez-toc-section\" id=\"Points_a_retenir\"><\/span>Points \u00e0 retenir :<span class=\"ez-toc-section-end\"><\/span><\/h3>\n\n\n\n<ul class=\"wp-block-list\">\n<li>Thomas Pesquet a \u00e9t\u00e9 nomm\u00e9 \u00ab\u00a0Goodwill-Botschafter\u00a0\u00bb par l&rsquo;Organisation des Nations Unies pour l&rsquo;alimentation et l&rsquo;agriculture en avril 2021 en raison de son impact public en tant qu&rsquo;astronaute.<\/li>\n\n\n\n<li>Il est en couple depuis de nombreuses ann\u00e9es avec Anne Mottet, une ing\u00e9nieure agronome.<\/li>\n\n\n\n<li>Anne Mottet est sp\u00e9cialis\u00e9e dans l&rsquo;efficacit\u00e9 d&rsquo;utilisation des ressources naturelles et le changement climatique en tant qu&rsquo;officier de d\u00e9veloppement du b\u00e9tail \u00e0 l&rsquo;Organisation des Nations Unies pour l&rsquo;alimentation et l&rsquo;agriculture.<\/li>\n\n\n\n<li>Thomas Pesquet parle couramment plusieurs langues, dont l&rsquo;anglais, l&rsquo;allemand, l&rsquo;espagnol, le russe et le chinois, en plus de sa langue maternelle, le fran\u00e7ais.<\/li>\n\n\n\n<li>Le couple, malgr\u00e9 leurs carri\u00e8res prenantes, ne vit pas ensemble en raison de leurs engagements professionnels respectifs.<\/li>\n\n\n\n<li>Anne Mottet et Thomas Pesquet ont surmont\u00e9 des d\u00e9fis ensemble, mais il y a eu un \u00e9v\u00e9nement que la compagne du spationaute a v\u00e9cu comme un \u00ab\u00a0traumatisme\u00a0\u00bb.<\/li>\n<\/ul>\n\n\n\n<h2 class=\"wp-block-heading\" id=\"h-thomas-pesquet-et-anne-mottet-un-couple-d-exception-au-service-de-l-humanite\"><span class=\"ez-toc-section\" id=\"Thomas_Pesquet_et_Anne_Mottet_un_couple_dexception_au_service_de_lhumanite\"><\/span>Thomas Pesquet et Anne Mottet : un couple d&rsquo;exception au service de l&rsquo;humanit\u00e9<span class=\"ez-toc-section-end\"><\/span><\/h2>\n\n\n\n<p>Thomas Pesquet, reconnu internationalement pour ses missions spatiales, et Anne Mottet, ing\u00e9nieure agronome d\u00e9di\u00e9e \u00e0 la lutte contre le changement climatique, forment un duo hors du commun. Leur histoire, leurs carri\u00e8res et leurs engagements illustrent \u00e0 merveille la synergie qui peut exister entre deux individus partageant des valeurs communes d&rsquo;innovation, de d\u00e9veloppement durable et d&rsquo;altruisme.<\/p>\n\n\n\n<h2 class=\"wp-block-heading\" id=\"h-le-parcours-de-thomas-pesquet-astronaute-polyglotte-et-ambassadeur-de-bonne-volonte\"><span class=\"ez-toc-section\" id=\"Le_parcours_de_Thomas_Pesquet_astronaute_polyglotte_et_ambassadeur_de_bonne_volonte\"><\/span>Le parcours de Thomas Pesquet, astronaute polyglotte et ambassadeur de bonne volont\u00e9<span class=\"ez-toc-section-end\"><\/span><\/h2>\n\n\n\n<p>Avant de devenir un visage familier du grand public, <strong>Thomas Pesquet<\/strong> a suivi un chemin impressionnant, couronn\u00e9 par sa nomination en tant qu&rsquo;ambassadeur de bonne volont\u00e9, ou \u00ab\u00a0<strong>Goodwill-Botschafter<\/strong>\u00ab\u00a0, de l&rsquo;Organisation des Nations Unies pour l&rsquo;alimentation et l&rsquo;agriculture (FAO) en avril 2021. Sa ma\u00eetrise de multiples langues telles que l&rsquo;anglais, l&rsquo;allemand, l&rsquo;espagnol, le russe et le chinois, en plus de sa langue maternelle, le fran\u00e7ais, t\u00e9moigne de son engagement envers la communication internationale et le partage de connaissances.<\/p>\n\n\n\n<h3 class=\"wp-block-heading\" id=\"h-les-responsabilites-d-un-goodwill-botschafter\"><span class=\"ez-toc-section\" id=\"Les_responsabilites_dun_Goodwill-Botschafter\"><\/span>Les responsabilit\u00e9s d&rsquo;un Goodwill-Botschafter<span class=\"ez-toc-section-end\"><\/span><\/h3>\n\n\n\n<p>En tant que <strong>Goodwill-Botschafter<\/strong> de la FAO, Thomas Pesquet s&rsquo;est vu confier la t\u00e2che de sensibiliser le public aux enjeux cruciaux de la s\u00e9curit\u00e9 alimentaire mondiale et du d\u00e9veloppement durable. Son r\u00f4le consiste \u00e0 mettre \u00e0 profit son impact public pour promouvoir les initiatives de l&rsquo;organisation, notamment en ce qui concerne l&rsquo;agriculture et la gestion des ressources naturelles.<\/p>\n\n\n\n<h3 class=\"wp-block-heading\" id=\"h-thomas-pesquet-un-modele-de-perseverance\"><span class=\"ez-toc-section\" id=\"Thomas_Pesquet_un_modele_de_perseverance\"><\/span>Thomas Pesquet, un mod\u00e8le de pers\u00e9v\u00e9rance<span class=\"ez-toc-section-end\"><\/span><\/h3>\n\n\n\n<p>Dot\u00e9 d&rsquo;une curiosit\u00e9 insatiable et d&rsquo;une capacit\u00e9 \u00e0 relever des d\u00e9fis hors norme, Thomas Pesquet inspire des millions de personnes \u00e0 poursuivre leurs r\u00eaves, quels que soient les obstacles. Son parcours vers l&rsquo;espace symbolise l&rsquo;importance de l&rsquo;\u00e9ducation, de la pr\u00e9paration rigoureuse et de la passion dans la r\u00e9alisation des aspirations professionnelles et personnelles.<\/p>\n\n\n\n<h2 class=\"wp-block-heading\" id=\"h-anne-mottet-une-ingenieure-au-coeur-des-enjeux-environnementaux\"><span class=\"ez-toc-section\" id=\"Anne_Mottet_Une_ingenieure_au_coeur_des_enjeux_environnementaux\"><\/span>Anne Mottet : Une ing\u00e9nieure au c\u0153ur des enjeux environnementaux<span class=\"ez-toc-section-end\"><\/span><\/h2>\n\n\n\n<p><strong>Anne Mottet<\/strong>, partenaire de vie de Thomas Pesquet, n&rsquo;est pas moins impressionnante. N\u00e9e en 1978, cette ing\u00e9nieure agronome s&rsquo;est sp\u00e9cialis\u00e9e dans l&rsquo;efficacit\u00e9 d&rsquo;utilisation des ressources naturelles et la lutte contre le changement climatique. En tant qu&rsquo;officier de d\u00e9veloppement du b\u00e9tail \u00e0 la FAO, elle s&rsquo;attelle \u00e0 des probl\u00e9matiques complexes comme la <strong>mitigation de l&rsquo;impact environnemental de la production de b\u00e9tail<\/strong>.<\/p>\n\n\n\n<h3 class=\"wp-block-heading\" id=\"h-une-expertise-au-service-du-developpement-durable\"><span class=\"ez-toc-section\" id=\"Une_expertise_au_service_du_developpement_durable\"><\/span>Une expertise au service du d\u00e9veloppement durable<span class=\"ez-toc-section-end\"><\/span><\/h3>\n\n\n\n<p>Dans son r\u00f4le \u00e0 la FAO, Anne Mottet s&#8217;emploie \u00e0 trouver des solutions pratiques pour une agriculture plus durable, en conciliant les besoins en alimentation de la population mondiale et la pr\u00e9servation de notre plan\u00e8te. Son travail est crucial pour atteindre les objectifs de d\u00e9veloppement durable fix\u00e9s par les Nations Unies, en particulier en ce qui concerne la lutte contre la faim et la pauvret\u00e9.<\/p>\n\n\n\n<h3 class=\"wp-block-heading\" id=\"h-le-defi-de-l-efficacite-des-ressources-naturelles\"><span class=\"ez-toc-section\" id=\"Le_defi_de_lefficacite_des_ressources_naturelles\"><\/span>Le d\u00e9fi de l&rsquo;efficacit\u00e9 des ressources naturelles<span class=\"ez-toc-section-end\"><\/span><\/h3>\n\n\n\n<p>L&rsquo;engagement d&rsquo;Anne Mottet vis-\u00e0-vis de l&rsquo;<strong>efficacit\u00e9 des ressources naturelles<\/strong> est une r\u00e9ponse directe aux d\u00e9fis pos\u00e9s par une population mondiale croissante et les effets d\u00e9vastateurs du changement climatique. Son travail contribue \u00e0 sensibiliser le public sur l&rsquo;importance d&rsquo;une gestion responsable des ressources, essentielle pour l&rsquo;avenir de l&rsquo;agriculture et de la s\u00e9curit\u00e9 alimentaire.<\/p>\n\n\n\n<h2 class=\"wp-block-heading\" id=\"h-un-couple-confronte-a-l-epreuve-de-la-distance\"><span class=\"ez-toc-section\" id=\"Un_couple_confronte_a_lepreuve_de_la_distance\"><\/span>Un couple confront\u00e9 \u00e0 l&rsquo;\u00e9preuve de la distance<span class=\"ez-toc-section-end\"><\/span><\/h2>\n\n\n\n<p>Malgr\u00e9 leur amour et leur engagement l&rsquo;un envers l&rsquo;autre, <strong>Thomas Pesquet et Anne Mottet<\/strong> m\u00e8nent des vies professionnelles qui les obligent \u00e0 vivre s\u00e9par\u00e9ment. Leur relation, bien que solide, est mise \u00e0 l&rsquo;\u00e9preuve par leurs carri\u00e8res exigeantes et leurs voyages constants. Ce mode de vie, qui n&rsquo;est pas sans rappeler celui d&rsquo;autres couples modernes que l&rsquo;on appelle les DINKs (Double Income No Kids), n\u00e9cessite une gestion attentive de leur temps et de leur vie personnelle.<\/p>\n\n\n\n<h3 class=\"wp-block-heading\" id=\"h-surmonter-les-defis-ensemble\"><span class=\"ez-toc-section\" id=\"Surmonter_les_defis_ensemble\"><\/span>Surmonter les d\u00e9fis ensemble<span class=\"ez-toc-section-end\"><\/span><\/h3>\n\n\n\n<p>Le couple a su surmonter de nombreux d\u00e9fis, gr\u00e2ce \u00e0 une communication ouverte et un soutien mutuel. Toutefois, Anne Mottet a v\u00e9cu un \u00e9v\u00e9nement en particulier comme un \u00ab\u00a0<strong>traumatisme<\/strong>\u00ab\u00a0, bien que les d\u00e9tails exacts de cet \u00e9v\u00e9nement restent priv\u00e9s. Cet \u00e9pisode souligne la force de leur relation et leur capacit\u00e9 \u00e0 affronter ensemble les difficult\u00e9s, m\u00eame les plus douloureuses.<\/p>\n\n\n\n<h3 class=\"wp-block-heading\" id=\"h-la-gestion-de-la-distance-dans-une-relation\"><span class=\"ez-toc-section\" id=\"La_gestion_de_la_distance_dans_une_relation\"><\/span>La gestion de la distance dans une relation<span class=\"ez-toc-section-end\"><\/span><\/h3>\n\n\n\n<p>Thomas et Anne partagent avec d&rsquo;autres couples la difficult\u00e9 de maintenir une relation \u00e0 distance. Ils illustrent la mani\u00e8re dont deux individus d\u00e9di\u00e9s \u00e0 leurs carri\u00e8res peuvent continuer \u00e0 construire une vie commune, m\u00eame lorsqu&rsquo;ils sont physiquement \u00e9loign\u00e9s. Il est essentiel pour de tels couples de trouver un \u00e9quilibre entre leurs ambitions professionnelles et leur vie priv\u00e9e.<\/p>\n\n\n\n<h2 class=\"wp-block-heading\" id=\"h-les-lecons-d-un-couple-atypique\"><span class=\"ez-toc-section\" id=\"Les_lecons_dun_couple_atypique\"><\/span>Les le\u00e7ons d&rsquo;un couple atypique<span class=\"ez-toc-section-end\"><\/span><\/h2>\n\n\n\n<p>La relation entre Thomas Pesquet et Anne Mottet offre de pr\u00e9cieuses le\u00e7ons sur les compromis, la communication et le soutien mutuel n\u00e9cessaires dans une relation. Leur histoire est un exemple inspirant de la mani\u00e8re dont deux personnes peuvent mener des carri\u00e8res exceptionnelles tout en maintenant un lien fort et significatif.<\/p>\n\n\n\n<h3 class=\"wp-block-heading\" id=\"h-compromis-et-soutien-les-cles-d-une-relation-durable\"><span class=\"ez-toc-section\" id=\"Compromis_et_soutien_les_cles_dune_relation_durable\"><\/span>Compromis et soutien : les cl\u00e9s d&rsquo;une relation durable<span class=\"ez-toc-section-end\"><\/span><\/h3>\n\n\n\n<p>La capacit\u00e9 de faire des compromis et de se soutenir mutuellement est cruciale pour le couple. Leur relation nous montre que, malgr\u00e9 les d\u00e9fis que peut repr\u00e9senter la distance, il est possible de construire une relation \u00e9panouissante lorsque les deux partenaires sont d\u00e9vou\u00e9s l&rsquo;un \u00e0 l&rsquo;autre et \u00e0 leurs objectifs communs.<\/p>\n\n\n\n<h3 class=\"wp-block-heading\" id=\"h-la-reussite-malgre-les-obstacles\"><span class=\"ez-toc-section\" id=\"La_reussite_malgre_les_obstacles\"><\/span>La r\u00e9ussite malgr\u00e9 les obstacles<span class=\"ez-toc-section-end\"><\/span><\/h3>\n\n\n\n<p>Thomas Pesquet et Anne Mottet incarnent la r\u00e9ussite \u00e0 travers l&rsquo;adversit\u00e9. En tant que couple, ils d\u00e9montrent que l&rsquo;amour, la d\u00e9termination et l&rsquo;engagement peuvent triompher des obstacles, et que deux personnes peuvent ensemble contribuer de mani\u00e8re significative \u00e0 des causes plus grandes qu&rsquo;eux-m\u00eames.<\/p>\n\n\n\n<h2 class=\"wp-block-heading\" id=\"h-conclusion\"><span class=\"ez-toc-section\" id=\"Conclusion\"><\/span>Conclusion<span class=\"ez-toc-section-end\"><\/span><\/h2>\n\n\n\n<p>En r\u00e9sum\u00e9, le couple form\u00e9 par Thomas Pesquet et Anne Mottet est un v\u00e9ritable mod\u00e8le d&rsquo;harmonie entre aspirations personnelles et engagements professionnels. Leur histoire, \u00e0 la fois unique et universelle, est une source d&rsquo;inspiration pour tous ceux qui cherchent \u00e0 concilier amour et carri\u00e8re, tout en contribuant positivement aux enjeux mondiaux de notre \u00e9poque.<\/p>\n\n\n\n<p><strong>Qui est Thomas Pesquet?<\/strong><br>Thomas Pesquet est un astronaute fran\u00e7ais qui a \u00e9t\u00e9 nomm\u00e9 \u00ab\u00a0Goodwill-Botschafter\u00a0\u00bb par l&rsquo;Organisation des Nations Unies pour l&rsquo;alimentation et l&rsquo;agriculture en avril 2021 en raison de son impact public en tant qu&rsquo;astronaute.<\/p>\n\n\n\n<p><strong>Quelles langues parle couramment Thomas Pesquet?<\/strong><br>Thomas Pesquet parle couramment plusieurs langues, dont l&rsquo;anglais, l&rsquo;allemand, l&rsquo;espagnol, le russe et le chinois, en plus de sa langue maternelle, le fran\u00e7ais.<\/p>\n\n\n\n<p><strong>Quelle est la profession d&rsquo;Anne Mottet?<\/strong><br>Anne Mottet est une ing\u00e9nieure agronome sp\u00e9cialis\u00e9e dans l&rsquo;efficacit\u00e9 d&rsquo;utilisation des ressources naturelles et le changement climatique en tant qu&rsquo;officier de d\u00e9veloppement du b\u00e9tail \u00e0 l&rsquo;Organisation des Nations Unies pour l&rsquo;alimentation et l&rsquo;agriculture.<\/p>\n\n\n\n<p><strong>Depuis combien de temps Thomas Pesquet et Anne Mottet sont-ils en couple?<\/strong><br>Thomas Pesquet est en couple depuis de nombreuses ann\u00e9es avec Anne Mottet, une ing\u00e9nieure agronome.<\/p>\n\n\n\n<p><strong>Pourquoi Thomas Pesquet et Anne Mottet ne vivent-ils pas ensemble?<\/strong><br>Le couple ne vit pas ensemble en raison de leurs engagements professionnels respectifs.<\/p>\n","protected":false},"excerpt":{"rendered":"<p>Thomas Pesquet et Anne Mottet : un couple d&rsquo;exception au service de l&rsquo;humanit\u00e9 Bienvenue dans le monde fascinant de Thomas Pesquet et Anne Mottet, un duo aussi exceptionnel que captivant. De l&rsquo;espace \u00e0 la Terre, de l&rsquo;ing\u00e9nierie aux \u00e9toiles, ce couple hors du commun conjugue amour et engagement au service de l&rsquo;humanit\u00e9. Pr\u00e9parez-vous \u00e0 d\u00e9couvrir [&hellip;]<\/p>\n","protected":false},"author":8,"featured_media":162636,"comment_status":"open","ping_status":"open","sticky":false,"template":"","format":"standard","meta":{"tdm_status":"","tdm_grid_status":"","_jetpack_memberships_contains_paid_content":false,"footnotes":"","jetpack_publicize_message":"","jetpack_publicize_feature_enabled":true,"jetpack_social_post_already_shared":true,"jetpack_social_options":{"image_generator_settings":{"template":"highway","default_image_id":0,"font":"","enabled":false},"version":2}},"categories":[79],"tags":[],"class_list":["post-106918","post","type-post","status-publish","format-standard","has-post-thumbnail","hentry","category-people"],"yoast_head":"<!-- This site is optimized with the Yoast SEO Premium plugin v25.0 (Yoast SEO v25.0) - https:\/\/yoast.com\/wordpress\/plugins\/seo\/ -->\n<title>Anne Mottet et Thomas Pesquet : Un Couple d&#039;Exception au Service de l&#039;Humanit\u00e9 - Flashmode Magazine | Magazine de mode et style de vie Num\u00e9ro un en Tunisie et au Maghreb<\/title>\n<meta name=\"description\" content=\"Thomas Pesquet et Anne Mottet : un couple d&#039;exception au service de l&#039;humanit\u00e9 Bienvenue dans le monde fascinant de Thomas Pesquet et Anne Mottet, un duo\" \/>\n<meta name=\"robots\" content=\"index, follow, max-snippet:-1, max-image-preview:large, max-video-preview:-1\" \/>\n<link rel=\"canonical\" href=\"https:\/\/flashmode.tn\/magazine\/anne-mottet-thomas-pesquet\/\" \/>\n<meta property=\"og:locale\" content=\"fr_FR\" \/>\n<meta property=\"og:type\" content=\"article\" \/>\n<meta property=\"og:title\" content=\"Anne Mottet et Thomas Pesquet : Un Couple d&#039;Exception au Service de l&#039;Humanit\u00e9 - Flashmode Magazine | Magazine de mode et style de vie Num\u00e9ro un en Tunisie et au Maghreb\" \/>\n<meta property=\"og:description\" content=\"Thomas Pesquet et Anne Mottet : un couple d&#039;exception au service de l&#039;humanit\u00e9 Bienvenue dans le monde fascinant de Thomas Pesquet et Anne Mottet, un duo\" \/>\n<meta property=\"og:url\" content=\"https:\/\/flashmode.tn\/magazine\/anne-mottet-thomas-pesquet\/\" \/>\n<meta property=\"og:site_name\" content=\"Flashmode Magazine | Magazine de mode et style de vie Num\u00e9ro un en Tunisie et au Maghreb\" \/>\n<meta property=\"article:publisher\" content=\"https:\/\/www.facebook.com\/flashmode.magazine\/\" \/>\n<meta property=\"article:published_time\" content=\"2024-03-12T03:00:30+00:00\" \/>\n<meta property=\"article:modified_time\" content=\"2024-04-13T08:34:08+00:00\" \/>\n<meta property=\"og:image\" content=\"https:\/\/flashmode.tn\/magazine\/wp-content\/uploads\/2024\/03\/Anne-Mottet-et-Thomas-Pesquet-Un-Couple-dException-au-Service-de-lHumanite-1024x577.png\" \/>\n\t<meta property=\"og:image:width\" content=\"1024\" \/>\n\t<meta property=\"og:image:height\" content=\"577\" \/>\n\t<meta property=\"og:image:type\" content=\"image\/png\" \/>\n<meta name=\"author\" content=\"The Daileigh\" \/>\n<meta name=\"twitter:card\" content=\"summary_large_image\" \/>\n<meta name=\"twitter:creator\" content=\"@agenceflashmode\" \/>\n<meta name=\"twitter:site\" content=\"@agenceflashmode\" \/>\n<meta name=\"twitter:label1\" content=\"\u00c9crit par\" \/>\n\t<meta name=\"twitter:data1\" content=\"The Daileigh\" \/>\n\t<meta name=\"twitter:label2\" content=\"Dur\u00e9e de lecture estim\u00e9e\" \/>\n\t<meta name=\"twitter:data2\" content=\"7 minutes\" \/>\n<script type=\"application\/ld+json\" class=\"yoast-schema-graph\">{\"@context\":\"https:\/\/schema.org\",\"@graph\":[{\"@type\":\"WebPage\",\"@id\":\"https:\/\/flashmode.tn\/magazine\/anne-mottet-thomas-pesquet\/\",\"url\":\"https:\/\/flashmode.tn\/magazine\/anne-mottet-thomas-pesquet\/\",\"name\":\"Anne Mottet et Thomas Pesquet : Un Couple d'Exception au Service de l'Humanit\u00e9 - Flashmode Magazine | Magazine de mode et style de vie Num\u00e9ro un en Tunisie et au Maghreb\",\"isPartOf\":{\"@id\":\"https:\/\/flashmode.tn\/magazine\/#website\"},\"primaryImageOfPage\":{\"@id\":\"https:\/\/flashmode.tn\/magazine\/anne-mottet-thomas-pesquet\/#primaryimage\"},\"image\":{\"@id\":\"https:\/\/flashmode.tn\/magazine\/anne-mottet-thomas-pesquet\/#primaryimage\"},\"thumbnailUrl\":\"https:\/\/i0.wp.com\/flashmode.tn\/magazine\/wp-content\/uploads\/2024\/03\/Anne-Mottet-et-Thomas-Pesquet-Un-Couple-dException-au-Service-de-lHumanite.png?fit=1640%2C924&ssl=1\",\"datePublished\":\"2024-03-12T03:00:30+00:00\",\"dateModified\":\"2024-04-13T08:34:08+00:00\",\"author\":{\"@id\":\"https:\/\/flashmode.tn\/magazine\/#\/schema\/person\/79940f8af94166a445dd5bd6b3137682\"},\"description\":\"Thomas Pesquet et Anne Mottet : un couple d'exception au service de l'humanit\u00e9 Bienvenue dans le monde fascinant de Thomas Pesquet et Anne Mottet, un duo\",\"breadcrumb\":{\"@id\":\"https:\/\/flashmode.tn\/magazine\/anne-mottet-thomas-pesquet\/#breadcrumb\"},\"inLanguage\":\"fr-FR\",\"potentialAction\":[{\"@type\":\"ReadAction\",\"target\":[\"https:\/\/flashmode.tn\/magazine\/anne-mottet-thomas-pesquet\/\"]}]},{\"@type\":\"ImageObject\",\"inLanguage\":\"fr-FR\",\"@id\":\"https:\/\/flashmode.tn\/magazine\/anne-mottet-thomas-pesquet\/#primaryimage\",\"url\":\"https:\/\/i0.wp.com\/flashmode.tn\/magazine\/wp-content\/uploads\/2024\/03\/Anne-Mottet-et-Thomas-Pesquet-Un-Couple-dException-au-Service-de-lHumanite.png?fit=1640%2C924&ssl=1\",\"contentUrl\":\"https:\/\/i0.wp.com\/flashmode.tn\/magazine\/wp-content\/uploads\/2024\/03\/Anne-Mottet-et-Thomas-Pesquet-Un-Couple-dException-au-Service-de-lHumanite.png?fit=1640%2C924&ssl=1\",\"width\":1640,\"height\":924,\"caption\":\"Anne Mottet et Thomas Pesquet : Un Couple d'Exception au Service de l'Humanit\u00e9\"},{\"@type\":\"BreadcrumbList\",\"@id\":\"https:\/\/flashmode.tn\/magazine\/anne-mottet-thomas-pesquet\/#breadcrumb\",\"itemListElement\":[{\"@type\":\"ListItem\",\"position\":1,\"name\":\"Accueil\",\"item\":\"https:\/\/flashmode.tn\/magazine\/\"},{\"@type\":\"ListItem\",\"position\":2,\"name\":\"Anne Mottet et Thomas Pesquet : Un Couple d&rsquo;Exception au Service de l&rsquo;Humanit\u00e9\"}]},{\"@type\":\"WebSite\",\"@id\":\"https:\/\/flashmode.tn\/magazine\/#website\",\"url\":\"https:\/\/flashmode.tn\/magazine\/\",\"name\":\"Flashmode Magazine | Magazine de mode et style de vie Num\u00e9ro un en Tunisie et au Maghreb\",\"description\":\"Magazine de mode et style de vie Num\u00e9ro un en Tunisie et au Maghreb, cr\u00e9\u00e9 pour les hommes et les femmes : conseils beaut\u00e9, mode femme, mode homme, recettes de cuisine, c\u00e9l\u00e9brit\u00e9s et people, mannequins et top modeles\",\"potentialAction\":[{\"@type\":\"SearchAction\",\"target\":{\"@type\":\"EntryPoint\",\"urlTemplate\":\"https:\/\/flashmode.tn\/magazine\/?s={search_term_string}\"},\"query-input\":{\"@type\":\"PropertyValueSpecification\",\"valueRequired\":true,\"valueName\":\"search_term_string\"}}],\"inLanguage\":\"fr-FR\"},{\"@type\":\"Person\",\"@id\":\"https:\/\/flashmode.tn\/magazine\/#\/schema\/person\/79940f8af94166a445dd5bd6b3137682\",\"name\":\"The Daileigh\",\"image\":{\"@type\":\"ImageObject\",\"inLanguage\":\"fr-FR\",\"@id\":\"https:\/\/flashmode.tn\/magazine\/#\/schema\/person\/image\/\",\"url\":\"https:\/\/secure.gravatar.com\/avatar\/30d4d60865d61de3434abd01cb8b4ec5e5b5eb5a274017461832a54857b1770d?s=96&d=mm&r=g\",\"contentUrl\":\"https:\/\/secure.gravatar.com\/avatar\/30d4d60865d61de3434abd01cb8b4ec5e5b5eb5a274017461832a54857b1770d?s=96&d=mm&r=g\",\"caption\":\"The Daileigh\"},\"url\":\"https:\/\/flashmode.tn\/magazine\/author\/the-daileigh\/\"}]}<\/script>\n<!-- \/ Yoast SEO Premium plugin. -->","yoast_head_json":{"title":"Anne Mottet et Thomas Pesquet : Un Couple d'Exception au Service de l'Humanit\u00e9 - Flashmode Magazine | Magazine de mode et style de vie Num\u00e9ro un en Tunisie et au Maghreb","description":"Thomas Pesquet et Anne Mottet : un couple d'exception au service de l'humanit\u00e9 Bienvenue dans le monde fascinant de Thomas Pesquet et Anne Mottet, un duo","robots":{"index":"index","follow":"follow","max-snippet":"max-snippet:-1","max-image-preview":"max-image-preview:large","max-video-preview":"max-video-preview:-1"},"canonical":"https:\/\/flashmode.tn\/magazine\/anne-mottet-thomas-pesquet\/","og_locale":"fr_FR","og_type":"article","og_title":"Anne Mottet et Thomas Pesquet : Un Couple d'Exception au Service de l'Humanit\u00e9 - Flashmode Magazine | Magazine de mode et style de vie Num\u00e9ro un en Tunisie et au Maghreb","og_description":"Thomas Pesquet et Anne Mottet : un couple d'exception au service de l'humanit\u00e9 Bienvenue dans le monde fascinant de Thomas Pesquet et Anne Mottet, un duo","og_url":"https:\/\/flashmode.tn\/magazine\/anne-mottet-thomas-pesquet\/","og_site_name":"Flashmode Magazine | Magazine de mode et style de vie Num\u00e9ro un en Tunisie et au Maghreb","article_publisher":"https:\/\/www.facebook.com\/flashmode.magazine\/","article_published_time":"2024-03-12T03:00:30+00:00","article_modified_time":"2024-04-13T08:34:08+00:00","og_image":[{"width":1024,"height":577,"url":"https:\/\/flashmode.tn\/magazine\/wp-content\/uploads\/2024\/03\/Anne-Mottet-et-Thomas-Pesquet-Un-Couple-dException-au-Service-de-lHumanite-1024x577.png","type":"image\/png"}],"author":"The Daileigh","twitter_card":"summary_large_image","twitter_creator":"@agenceflashmode","twitter_site":"@agenceflashmode","twitter_misc":{"\u00c9crit par":"The Daileigh","Dur\u00e9e de lecture estim\u00e9e":"7 minutes"},"schema":{"@context":"https:\/\/schema.org","@graph":[{"@type":"WebPage","@id":"https:\/\/flashmode.tn\/magazine\/anne-mottet-thomas-pesquet\/","url":"https:\/\/flashmode.tn\/magazine\/anne-mottet-thomas-pesquet\/","name":"Anne Mottet et Thomas Pesquet : Un Couple d'Exception au Service de l'Humanit\u00e9 - Flashmode Magazine | Magazine de mode et style de vie Num\u00e9ro un en Tunisie et au Maghreb","isPartOf":{"@id":"https:\/\/flashmode.tn\/magazine\/#website"},"primaryImageOfPage":{"@id":"https:\/\/flashmode.tn\/magazine\/anne-mottet-thomas-pesquet\/#primaryimage"},"image":{"@id":"https:\/\/flashmode.tn\/magazine\/anne-mottet-thomas-pesquet\/#primaryimage"},"thumbnailUrl":"https:\/\/i0.wp.com\/flashmode.tn\/magazine\/wp-content\/uploads\/2024\/03\/Anne-Mottet-et-Thomas-Pesquet-Un-Couple-dException-au-Service-de-lHumanite.png?fit=1640%2C924&ssl=1","datePublished":"2024-03-12T03:00:30+00:00","dateModified":"2024-04-13T08:34:08+00:00","author":{"@id":"https:\/\/flashmode.tn\/magazine\/#\/schema\/person\/79940f8af94166a445dd5bd6b3137682"},"description":"Thomas Pesquet et Anne Mottet : un couple d'exception au service de l'humanit\u00e9 Bienvenue dans le monde fascinant de Thomas Pesquet et Anne Mottet, un duo","breadcrumb":{"@id":"https:\/\/flashmode.tn\/magazine\/anne-mottet-thomas-pesquet\/#breadcrumb"},"inLanguage":"fr-FR","potentialAction":[{"@type":"ReadAction","target":["https:\/\/flashmode.tn\/magazine\/anne-mottet-thomas-pesquet\/"]}]},{"@type":"ImageObject","inLanguage":"fr-FR","@id":"https:\/\/flashmode.tn\/magazine\/anne-mottet-thomas-pesquet\/#primaryimage","url":"https:\/\/i0.wp.com\/flashmode.tn\/magazine\/wp-content\/uploads\/2024\/03\/Anne-Mottet-et-Thomas-Pesquet-Un-Couple-dException-au-Service-de-lHumanite.png?fit=1640%2C924&ssl=1","contentUrl":"https:\/\/i0.wp.com\/flashmode.tn\/magazine\/wp-content\/uploads\/2024\/03\/Anne-Mottet-et-Thomas-Pesquet-Un-Couple-dException-au-Service-de-lHumanite.png?fit=1640%2C924&ssl=1","width":1640,"height":924,"caption":"Anne Mottet et Thomas Pesquet : Un Couple d'Exception au Service de l'Humanit\u00e9"},{"@type":"BreadcrumbList","@id":"https:\/\/flashmode.tn\/magazine\/anne-mottet-thomas-pesquet\/#breadcrumb","itemListElement":[{"@type":"ListItem","position":1,"name":"Accueil","item":"https:\/\/flashmode.tn\/magazine\/"},{"@type":"ListItem","position":2,"name":"Anne Mottet et Thomas Pesquet : Un Couple d&rsquo;Exception au Service de l&rsquo;Humanit\u00e9"}]},{"@type":"WebSite","@id":"https:\/\/flashmode.tn\/magazine\/#website","url":"https:\/\/flashmode.tn\/magazine\/","name":"Flashmode Magazine | Magazine de mode et style de vie Num\u00e9ro un en Tunisie et au Maghreb","description":"Magazine de mode et style de vie Num\u00e9ro un en Tunisie et au Maghreb, cr\u00e9\u00e9 pour les hommes et les femmes : conseils beaut\u00e9, mode femme, mode homme, recettes de cuisine, c\u00e9l\u00e9brit\u00e9s et people, mannequins et top modeles","potentialAction":[{"@type":"SearchAction","target":{"@type":"EntryPoint","urlTemplate":"https:\/\/flashmode.tn\/magazine\/?s={search_term_string}"},"query-input":{"@type":"PropertyValueSpecification","valueRequired":true,"valueName":"search_term_string"}}],"inLanguage":"fr-FR"},{"@type":"Person","@id":"https:\/\/flashmode.tn\/magazine\/#\/schema\/person\/79940f8af94166a445dd5bd6b3137682","name":"The Daileigh","image":{"@type":"ImageObject","inLanguage":"fr-FR","@id":"https:\/\/flashmode.tn\/magazine\/#\/schema\/person\/image\/","url":"https:\/\/secure.gravatar.com\/avatar\/30d4d60865d61de3434abd01cb8b4ec5e5b5eb5a274017461832a54857b1770d?s=96&d=mm&r=g","contentUrl":"https:\/\/secure.gravatar.com\/avatar\/30d4d60865d61de3434abd01cb8b4ec5e5b5eb5a274017461832a54857b1770d?s=96&d=mm&r=g","caption":"The Daileigh"},"url":"https:\/\/flashmode.tn\/magazine\/author\/the-daileigh\/"}]}},"jetpack_publicize_connections":[],"jetpack_featured_media_url":"https:\/\/i0.wp.com\/flashmode.tn\/magazine\/wp-content\/uploads\/2024\/03\/Anne-Mottet-et-Thomas-Pesquet-Un-Couple-dException-au-Service-de-lHumanite.png?fit=1640%2C924&ssl=1","jetpack_shortlink":"https:\/\/wp.me\/p8BPGr-rOu","jetpack_sharing_enabled":true,"_links":{"self":[{"href":"https:\/\/flashmode.tn\/magazine\/wp-json\/wp\/v2\/posts\/106918","targetHints":{"allow":["GET"]}}],"collection":[{"href":"https:\/\/flashmode.tn\/magazine\/wp-json\/wp\/v2\/posts"}],"about":[{"href":"https:\/\/flashmode.tn\/magazine\/wp-json\/wp\/v2\/types\/post"}],"author":[{"embeddable":true,"href":"https:\/\/flashmode.tn\/magazine\/wp-json\/wp\/v2\/users\/8"}],"replies":[{"embeddable":true,"href":"https:\/\/flashmode.tn\/magazine\/wp-json\/wp\/v2\/comments?post=106918"}],"version-history":[{"count":2,"href":"https:\/\/flashmode.tn\/magazine\/wp-json\/wp\/v2\/posts\/106918\/revisions"}],"predecessor-version":[{"id":162637,"href":"https:\/\/flashmode.tn\/magazine\/wp-json\/wp\/v2\/posts\/106918\/revisions\/162637"}],"wp:featuredmedia":[{"embeddable":true,"href":"https:\/\/flashmode.tn\/magazine\/wp-json\/wp\/v2\/media\/162636"}],"wp:attachment":[{"href":"https:\/\/flashmode.tn\/magazine\/wp-json\/wp\/v2\/media?parent=106918"}],"wp:term":[{"taxonomy":"category","embeddable":true,"href":"https:\/\/flashmode.tn\/magazine\/wp-json\/wp\/v2\/categories?post=106918"},{"taxonomy":"post_tag","embeddable":true,"href":"https:\/\/flashmode.tn\/magazine\/wp-json\/wp\/v2\/tags?post=106918"}],"curies":[{"name":"wp","href":"https:\/\/api.w.org\/{rel}","templated":true}]}}