{"id":106982,"date":"2024-03-12T03:27:29","date_gmt":"2024-03-12T02:27:29","guid":{"rendered":"https:\/\/flashmode.tn\/magazine\/?p=106982"},"modified":"2024-04-15T10:40:20","modified_gmt":"2024-04-15T08:40:20","slug":"sheila-oconnor-jeune","status":"publish","type":"post","link":"https:\/\/flashmode.tn\/magazine\/sheila-oconnor-jeune\/","title":{"rendered":"Sheila O&rsquo;Connor Jeune : R\u00e9v\u00e9lation d&rsquo;une \u00c9toile de la Jeunesse Fran\u00e7aise"},"content":{"rendered":"\n<p>Sheila O&rsquo;Connor : Lumi\u00e8re sur une \u00e9toile de la jeunesse fran\u00e7aise<\/p>\n\n\n\n<p>Plongez dans l&rsquo;univers captivant de Sheila O&rsquo;Connor, l&rsquo;ic\u00f4ne de la jeunesse qui a marqu\u00e9 toute une g\u00e9n\u00e9ration avec son r\u00f4le embl\u00e9matique dans \u00ab\u00a0La Boum\u00a0\u00bb. D\u00e9couvrez le parcours inspirant de cette artiste compl\u00e8te, de ses d\u00e9buts prometteurs \u00e0 son combat contre le harc\u00e8lement scolaire. Suivez-nous pour explorer la vie palpitante de Sheila O&rsquo;Connor, une source d&rsquo;inspiration incontest\u00e9e pour la jeunesse d&rsquo;aujourd&rsquo;hui.<\/p>\n\n\n\n<div id=\"ez-toc-container\" class=\"ez-toc-v2_0_81 counter-hierarchy ez-toc-counter ez-toc-grey ez-toc-container-direction\">\n<div class=\"ez-toc-title-container\">\n<p class=\"ez-toc-title\" style=\"cursor:inherit\">Contenus de la page<\/p>\n<span class=\"ez-toc-title-toggle\"><a href=\"#\" class=\"ez-toc-pull-right ez-toc-btn ez-toc-btn-xs ez-toc-btn-default ez-toc-toggle\" aria-label=\"Toggle Table of Content\"><span class=\"ez-toc-js-icon-con\"><span class=\"\"><span class=\"eztoc-hide\" style=\"display:none;\">Toggle<\/span><span class=\"ez-toc-icon-toggle-span\"><svg style=\"fill: #999;color:#999\" xmlns=\"http:\/\/www.w3.org\/2000\/svg\" class=\"list-377408\" width=\"20px\" height=\"20px\" viewBox=\"0 0 24 24\" fill=\"none\"><path d=\"M6 6H4v2h2V6zm14 0H8v2h12V6zM4 11h2v2H4v-2zm16 0H8v2h12v-2zM4 16h2v2H4v-2zm16 0H8v2h12v-2z\" fill=\"currentColor\"><\/path><\/svg><svg style=\"fill: #999;color:#999\" class=\"arrow-unsorted-368013\" xmlns=\"http:\/\/www.w3.org\/2000\/svg\" width=\"10px\" height=\"10px\" viewBox=\"0 0 24 24\" version=\"1.2\" baseProfile=\"tiny\"><path d=\"M18.2 9.3l-6.2-6.3-6.2 6.3c-.2.2-.3.4-.3.7s.1.5.3.7c.2.2.4.3.7.3h11c.3 0 .5-.1.7-.3.2-.2.3-.5.3-.7s-.1-.5-.3-.7zM5.8 14.7l6.2 6.3 6.2-6.3c.2-.2.3-.5.3-.7s-.1-.5-.3-.7c-.2-.2-.4-.3-.7-.3h-11c-.3 0-.5.1-.7.3-.2.2-.3.5-.3.7s.1.5.3.7z\"\/><\/svg><\/span><\/span><\/span><\/a><\/span><\/div>\n<nav><ul class='ez-toc-list ez-toc-list-level-1 ' ><ul class='ez-toc-list-level-3' ><li class='ez-toc-heading-level-3'><a class=\"ez-toc-link ez-toc-heading-1\" href=\"https:\/\/flashmode.tn\/magazine\/sheila-oconnor-jeune\/#Points_a_retenir\" >Points \u00e0 retenir :<\/a><\/li><\/ul><\/li><li class='ez-toc-page-1 ez-toc-heading-level-2'><a class=\"ez-toc-link ez-toc-heading-2\" href=\"https:\/\/flashmode.tn\/magazine\/sheila-oconnor-jeune\/#Sheila_OConnor_Lumiere_sur_une_etoile_de_la_jeunesse_francaise\" >Sheila O&rsquo;Connor : Lumi\u00e8re sur une \u00e9toile de la jeunesse fran\u00e7aise<\/a><\/li><li class='ez-toc-page-1 ez-toc-heading-level-2'><a class=\"ez-toc-link ez-toc-heading-3\" href=\"https:\/\/flashmode.tn\/magazine\/sheila-oconnor-jeune\/#Le_role_qui_a_marque_une_generation_%C2%AB_La_Boum_%C2%BB\" >Le r\u00f4le qui a marqu\u00e9 une g\u00e9n\u00e9ration : \u00ab\u00a0La Boum\u00a0\u00bb<\/a><ul class='ez-toc-list-level-3' ><li class='ez-toc-heading-level-3'><a class=\"ez-toc-link ez-toc-heading-4\" href=\"https:\/\/flashmode.tn\/magazine\/sheila-oconnor-jeune\/#Lapres_%C2%AB_La_Boum_%C2%BB_Une_carriere_en_evolution\" >L&rsquo;apr\u00e8s \u00ab\u00a0La Boum\u00a0\u00bb : Une carri\u00e8re en \u00e9volution<\/a><\/li><li class='ez-toc-page-1 ez-toc-heading-level-3'><a class=\"ez-toc-link ez-toc-heading-5\" href=\"https:\/\/flashmode.tn\/magazine\/sheila-oconnor-jeune\/#Une_epreuve_inattendue_Le_harcelement_scolaire\" >Une \u00e9preuve inattendue : Le harc\u00e8lement scolaire<\/a><\/li><\/ul><\/li><li class='ez-toc-page-1 ez-toc-heading-level-2'><a class=\"ez-toc-link ez-toc-heading-6\" href=\"https:\/\/flashmode.tn\/magazine\/sheila-oconnor-jeune\/#Sheila_OConnor_une_plume_se_revele\" >Sheila O&rsquo;Connor, une plume se r\u00e9v\u00e8le<\/a><\/li><li class='ez-toc-page-1 ez-toc-heading-level-2'><a class=\"ez-toc-link ez-toc-heading-7\" href=\"https:\/\/flashmode.tn\/magazine\/sheila-oconnor-jeune\/#Sheila_OConnor_aujourdhui_Une_artiste_complete\" >Sheila O&rsquo;Connor aujourd&rsquo;hui : Une artiste compl\u00e8te<\/a><ul class='ez-toc-list-level-3' ><li class='ez-toc-heading-level-3'><a class=\"ez-toc-link ez-toc-heading-8\" href=\"https:\/\/flashmode.tn\/magazine\/sheila-oconnor-jeune\/#Un_parcours_seme_dembuches\" >Un parcours sem\u00e9 d&#8217;emb\u00fbches<\/a><\/li><li class='ez-toc-page-1 ez-toc-heading-level-3'><a class=\"ez-toc-link ez-toc-heading-9\" href=\"https:\/\/flashmode.tn\/magazine\/sheila-oconnor-jeune\/#Le_respect_de_ses_pairs\" >Le respect de ses pairs<\/a><\/li><\/ul><\/li><li class='ez-toc-page-1 ez-toc-heading-level-2'><a class=\"ez-toc-link ez-toc-heading-10\" href=\"https:\/\/flashmode.tn\/magazine\/sheila-oconnor-jeune\/#En_conclusion_Une_source_dinspiration_pour_la_jeunesse\" >En conclusion : Une source d&rsquo;inspiration pour la jeunesse<\/a><\/li><\/ul><\/nav><\/div>\n<h3 class=\"wp-block-heading\" id=\"h-points-a-retenir\"><span class=\"ez-toc-section\" id=\"Points_a_retenir\"><\/span>Points \u00e0 retenir :<span class=\"ez-toc-section-end\"><\/span><\/h3>\n\n\n\n<ul class=\"wp-block-list\">\n<li>Sheila O&rsquo;Connor est n\u00e9e le 4 mai 1966 \u00e0 Paris et est une actrice fran\u00e7aise.<\/li>\n\n\n\n<li>Elle est devenue c\u00e9l\u00e8bre pour son r\u00f4le dans le film \u00ab\u00a0La Boum\u00a0\u00bb et a continu\u00e9 sa carri\u00e8re d&rsquo;actrice par la suite.<\/li>\n\n\n\n<li>Apr\u00e8s \u00ab\u00a0La Boum\u00a0\u00bb, Sheila O&rsquo;Connor a jou\u00e9 dans des films tels que \u00ab\u00a0P.R.O.F.S\u00a0\u00bb en 1985.<\/li>\n\n\n\n<li>Elle a \u00e9t\u00e9 victime de harc\u00e8lement scolaire apr\u00e8s le succ\u00e8s de \u00ab\u00a0La Boum\u00a0\u00bb, une \u00e9preuve difficile pour elle.<\/li>\n\n\n\n<li>Sheila O&rsquo;Connor a \u00e9galement \u00e9crit un livre intitul\u00e9 \u00ab\u00a0Le myst\u00e8re de la reine Amaya\u00a0\u00bb, montrant son talent dans l&rsquo;\u00e9criture en plus de sa carri\u00e8re d&rsquo;actrice.<\/li>\n<\/ul>\n\n\n\n<h2 class=\"wp-block-heading\" id=\"h-sheila-o-connor-lumiere-sur-une-etoile-de-la-jeunesse-francaise\"><span class=\"ez-toc-section\" id=\"Sheila_OConnor_Lumiere_sur_une_etoile_de_la_jeunesse_francaise\"><\/span>Sheila O&rsquo;Connor : Lumi\u00e8re sur une \u00e9toile de la jeunesse fran\u00e7aise<span class=\"ez-toc-section-end\"><\/span><\/h2>\n\n\n\n<p>La sc\u00e8ne cin\u00e9matographique fran\u00e7aise a toujours \u00e9t\u00e9 un vivier de talents, et parmi les \u00e9toiles qui ont brill\u00e9 dans le ciel de Paris, <strong>Sheila O&rsquo;Connor<\/strong> occupe une place toute particuli\u00e8re. N\u00e9e le 4 mai 1966 dans la capitale fran\u00e7aise, Sheila s&rsquo;est impos\u00e9e comme une figure marquante de la jeunesse de l&rsquo;\u00e9poque, notamment gr\u00e2ce \u00e0 son r\u00f4le dans le film \u00ab\u00a0La Boum\u00a0\u00bb.<\/p>\n\n\n\n<h2 class=\"wp-block-heading\" id=\"h-le-role-qui-a-marque-une-generation-la-boum\"><span class=\"ez-toc-section\" id=\"Le_role_qui_a_marque_une_generation_%C2%AB_La_Boum_%C2%BB\"><\/span>Le r\u00f4le qui a marqu\u00e9 une g\u00e9n\u00e9ration : \u00ab\u00a0La Boum\u00a0\u00bb<span class=\"ez-toc-section-end\"><\/span><\/h2>\n\n\n\n<p>Le film \u00ab\u00a0La Boum\u00a0\u00bb, sorti en 1980, a non seulement propuls\u00e9 Sophie Marceau vers la c\u00e9l\u00e9brit\u00e9, mais a \u00e9galement r\u00e9v\u00e9l\u00e9 au grand public une jeune Sheila O&rsquo;Connor, rayonnante et pleine de promesses. Ce r\u00f4le a \u00e9t\u00e9 un tremplin pour sa carri\u00e8re d&rsquo;actrice, la mettant sous les feux de la rampe et dans le c\u0153ur des adolescents de l&rsquo;\u00e9poque.<\/p>\n\n\n\n<h3 class=\"wp-block-heading\" id=\"h-l-apres-la-boum-une-carriere-en-evolution\"><span class=\"ez-toc-section\" id=\"Lapres_%C2%AB_La_Boum_%C2%BB_Une_carriere_en_evolution\"><\/span>L&rsquo;apr\u00e8s \u00ab\u00a0La Boum\u00a0\u00bb : Une carri\u00e8re en \u00e9volution<span class=\"ez-toc-section-end\"><\/span><\/h3>\n\n\n\n<p>Apr\u00e8s le succ\u00e8s retentissant de \u00ab\u00a0La Boum\u00a0\u00bb, Sheila O&rsquo;Connor a continu\u00e9 \u00e0 poursuivre sa carri\u00e8re dans le septi\u00e8me art. En 1985, elle a jou\u00e9 dans le film \u00ab\u00a0P.R.O.F.S\u00a0\u00bb, confirmant son talent et sa polyvalence \u00e0 l&rsquo;\u00e9cran. Sa filmographie, bien que moins dense que celle de certaines de ses contemporaines, t\u00e9moigne de choix artistiques assum\u00e9s et d&rsquo;un parcours fid\u00e8le \u00e0 ses passions.<\/p>\n\n\n\n<h3 class=\"wp-block-heading\" id=\"h-une-epreuve-inattendue-le-harcelement-scolaire\"><span class=\"ez-toc-section\" id=\"Une_epreuve_inattendue_Le_harcelement_scolaire\"><\/span>Une \u00e9preuve inattendue : Le harc\u00e8lement scolaire<span class=\"ez-toc-section-end\"><\/span><\/h3>\n\n\n\n<p>La c\u00e9l\u00e9brit\u00e9 pr\u00e9coce peut \u00eatre un cadeau empoisonn\u00e9, et Sheila O&rsquo;Connor en a fait l&rsquo;am\u00e8re exp\u00e9rience. Victime de harc\u00e8lement scolaire apr\u00e8s le triomphe de \u00ab\u00a0La Boum\u00a0\u00bb, la jeune actrice a d\u00fb faire face \u00e0 des \u00e9preuves difficiles. Ces exp\u00e9riences douloureuses ont sans doute fa\u00e7onn\u00e9 son caract\u00e8re et sa d\u00e9termination \u00e0 poursuivre dans le m\u00e9tier malgr\u00e9 les obstacles.<\/p>\n\n\n\n<h2 class=\"wp-block-heading\" id=\"h-sheila-o-connor-une-plume-se-revele\"><span class=\"ez-toc-section\" id=\"Sheila_OConnor_une_plume_se_revele\"><\/span>Sheila O&rsquo;Connor, une plume se r\u00e9v\u00e8le<span class=\"ez-toc-section-end\"><\/span><\/h2>\n\n\n\n<p>Non contente de se limiter \u00e0 sa carri\u00e8re d&rsquo;actrice, Sheila O&rsquo;Connor a \u00e9galement r\u00e9v\u00e9l\u00e9 son talent d&rsquo;\u00e9crivaine. Avec la publication de son livre \u00ab\u00a0Le myst\u00e8re de la reine Amaya\u00a0\u00bb, elle a prouv\u00e9 qu&rsquo;elle pouvait captiver le public par les mots autant que par son jeu d&rsquo;actrice. Le r\u00e9cit, qui invite les lecteurs dans un monde d&rsquo;aventures et de magie, montre une nouvelle facette de son art.<\/p>\n\n\n\n<h2 class=\"wp-block-heading\" id=\"h-sheila-o-connor-aujourd-hui-une-artiste-complete\"><span class=\"ez-toc-section\" id=\"Sheila_OConnor_aujourdhui_Une_artiste_complete\"><\/span>Sheila O&rsquo;Connor aujourd&rsquo;hui : Une artiste compl\u00e8te<span class=\"ez-toc-section-end\"><\/span><\/h2>\n\n\n\n<p>Au fil des ann\u00e9es, Sheila O&rsquo;Connor a su diversifier ses r\u00f4les et ses projets. Apr\u00e8s le succ\u00e8s de \u00ab\u00a0La Boum\u00a0\u00bb et ses suites, elle a explor\u00e9 diff\u00e9rents univers, que ce soit au cin\u00e9ma ou \u00e0 la t\u00e9l\u00e9vision. Sa trajectoire professionnelle r\u00e9v\u00e8le une artiste qui ne s&rsquo;est pas cantonn\u00e9e \u00e0 un seul registre, mais qui a au contraire cherch\u00e9 \u00e0 s&rsquo;enrichir de nouvelles exp\u00e9riences.<\/p>\n\n\n\n<h3 class=\"wp-block-heading\" id=\"h-un-parcours-seme-d-embuches\"><span class=\"ez-toc-section\" id=\"Un_parcours_seme_dembuches\"><\/span>Un parcours sem\u00e9 d&#8217;emb\u00fbches<span class=\"ez-toc-section-end\"><\/span><\/h3>\n\n\n\n<p>Malgr\u00e9 son talent ind\u00e9niable, Sheila O&rsquo;Connor a \u00e9t\u00e9 confront\u00e9e \u00e0 de nombreuses difficult\u00e9s. Suite \u00e0 son retour \u00e0 l&rsquo;\u00e9cole apr\u00e8s la sortie de \u00ab\u00a0La Boum\u00a0\u00bb, elle a \u00e9t\u00e9 la cible d&rsquo;humiliations de la part de certains professeurs et camarades de classe. Ces \u00e9preuves ont \u00e9t\u00e9 des moments de r\u00e9silience qui ont certainement contribu\u00e9 \u00e0 forger sa force de caract\u00e8re.<\/p>\n\n\n\n<h3 class=\"wp-block-heading\" id=\"h-le-respect-de-ses-pairs\"><span class=\"ez-toc-section\" id=\"Le_respect_de_ses_pairs\"><\/span>Le respect de ses pairs<span class=\"ez-toc-section-end\"><\/span><\/h3>\n\n\n\n<p>Malgr\u00e9 les d\u00e9fis auxquels elle a \u00e9t\u00e9 confront\u00e9e, Sheila O&rsquo;Connor a toujours b\u00e9n\u00e9fici\u00e9 du respect et de l&rsquo;admiration de ses pairs. Son parcours illustre la capacit\u00e9 d&rsquo;une actrice \u00e0 rester pr\u00e9sente dans l&rsquo;esprit du public et de la critique, m\u00eame si elle choisit de se faire plus discr\u00e8te sur le devant de la sc\u00e8ne.<\/p>\n\n\n\n<h2 class=\"wp-block-heading\" id=\"h-en-conclusion-une-source-d-inspiration-pour-la-jeunesse\"><span class=\"ez-toc-section\" id=\"En_conclusion_Une_source_dinspiration_pour_la_jeunesse\"><\/span>En conclusion : Une source d&rsquo;inspiration pour la jeunesse<span class=\"ez-toc-section-end\"><\/span><\/h2>\n\n\n\n<p>Sheila O&rsquo;Connor jeune a marqu\u00e9 une g\u00e9n\u00e9ration et continue d&rsquo;inspirer les jeunes artistes par son talent et sa pers\u00e9v\u00e9rance. Son exp\u00e9rience dans le cin\u00e9ma, ses \u00e9preuves personnelles et son \u00e9volution en tant que cr\u00e9atrice d&rsquo;histoires t\u00e9moignent d&rsquo;une carri\u00e8re bien remplie et d&rsquo;une vie riche d&rsquo;enseignements. Aujourd&rsquo;hui, elle reste une figure embl\u00e9matique du cin\u00e9ma fran\u00e7ais, et son histoire continue de captiver ceux qui s&rsquo;int\u00e9ressent \u00e0 la culture et aux arts de l&rsquo;Hexagone.<\/p>\n\n\n\n<p><strong>Sheila O&rsquo;Connor<\/strong> est et restera une source d&rsquo;inspiration pour tous ceux qui r\u00eavent de briller sous les projecteurs, tout en ayant le courage de surmonter les obstacles et de se r\u00e9inventer constamment. Sa jeunesse au cin\u00e9ma, ses succ\u00e8s comme ses moments de doute, dessinent le portrait d&rsquo;une femme authentique et r\u00e9siliente qui a marqu\u00e9 de son empreinte l&rsquo;histoire cin\u00e9matographique fran\u00e7aise.<\/p>\n\n\n\n<p><strong>Quand est n\u00e9e Sheila O&rsquo;Connor ?<\/strong><br>Sheila O&rsquo;Connor est n\u00e9e le 4 mai 1966 \u00e0 Paris.<\/p>\n\n\n\n<p><strong>Quel r\u00f4le a rendu Sheila O&rsquo;Connor c\u00e9l\u00e8bre ?<\/strong><br>Sheila O&rsquo;Connor est devenue c\u00e9l\u00e8bre pour son r\u00f4le dans le film \u00ab\u00a0La Boum\u00a0\u00bb.<\/p>\n\n\n\n<p><strong>Quels autres films Sheila O&rsquo;Connor a-t-elle tourn\u00e9 apr\u00e8s \u00ab\u00a0La Boum\u00a0\u00bb ?<\/strong><br>Apr\u00e8s \u00ab\u00a0La Boum\u00a0\u00bb, Sheila O&rsquo;Connor a jou\u00e9 dans des films tels que \u00ab\u00a0P.R.O.F.S\u00a0\u00bb en 1985.<\/p>\n\n\n\n<p><strong>Quelle autre activit\u00e9 Sheila O&rsquo;Connor a-t-elle exerc\u00e9e en plus de sa carri\u00e8re d&rsquo;actrice ?<\/strong><br>Sheila O&rsquo;Connor a \u00e9galement \u00e9crit un livre intitul\u00e9 \u00ab\u00a0Le myst\u00e8re de la reine Amaya\u00a0\u00bb, montrant son talent dans l&rsquo;\u00e9criture en plus de sa carri\u00e8re d&rsquo;actrice.<\/p>\n\n\n\n<p><strong>Quelle \u00e9preuve difficile Sheila O&rsquo;Connor a-t-elle travers\u00e9e apr\u00e8s le succ\u00e8s de \u00ab\u00a0La Boum\u00a0\u00bb ?<\/strong><br>Sheila O&rsquo;Connor a \u00e9t\u00e9 victime de harc\u00e8lement scolaire apr\u00e8s le succ\u00e8s de \u00ab\u00a0La Boum\u00a0\u00bb, une \u00e9preuve difficile pour elle.<\/p>\n","protected":false},"excerpt":{"rendered":"<p>Sheila O&rsquo;Connor : Lumi\u00e8re sur une \u00e9toile de la jeunesse fran\u00e7aise Plongez dans l&rsquo;univers captivant de Sheila O&rsquo;Connor, l&rsquo;ic\u00f4ne de la jeunesse qui a marqu\u00e9 toute une g\u00e9n\u00e9ration avec son r\u00f4le embl\u00e9matique dans \u00ab\u00a0La Boum\u00a0\u00bb. D\u00e9couvrez le parcours inspirant de cette artiste compl\u00e8te, de ses d\u00e9buts prometteurs \u00e0 son combat contre le harc\u00e8lement scolaire. Suivez-nous [&hellip;]<\/p>\n","protected":false},"author":8,"featured_media":162840,"comment_status":"open","ping_status":"open","sticky":false,"template":"","format":"standard","meta":{"tdm_status":"","tdm_grid_status":"","_jetpack_memberships_contains_paid_content":false,"footnotes":"","jetpack_publicize_message":"","jetpack_publicize_feature_enabled":true,"jetpack_social_post_already_shared":true,"jetpack_social_options":{"image_generator_settings":{"template":"highway","default_image_id":0,"font":"","enabled":false},"version":2}},"categories":[79],"tags":[],"class_list":["post-106982","post","type-post","status-publish","format-standard","has-post-thumbnail","hentry","category-people"],"yoast_head":"<!-- This site is optimized with the Yoast SEO Premium plugin v25.0 (Yoast SEO v25.0) - https:\/\/yoast.com\/wordpress\/plugins\/seo\/ -->\n<title>Sheila O&#039;Connor Jeune : R\u00e9v\u00e9lation d&#039;une \u00c9toile de la Jeunesse Fran\u00e7aise - Flashmode Magazine | Magazine de mode et style de vie Num\u00e9ro un en Tunisie et au Maghreb<\/title>\n<meta name=\"description\" content=\"Sheila O&#039;Connor : Lumi\u00e8re sur une \u00e9toile de la jeunesse fran\u00e7aise Plongez dans l&#039;univers captivant de Sheila O&#039;Connor, l&#039;ic\u00f4ne de la jeunesse qui a marqu\u00e9\" \/>\n<meta name=\"robots\" content=\"index, follow, max-snippet:-1, max-image-preview:large, max-video-preview:-1\" \/>\n<link rel=\"canonical\" href=\"https:\/\/flashmode.tn\/magazine\/sheila-oconnor-jeune\/\" \/>\n<meta property=\"og:locale\" content=\"fr_FR\" \/>\n<meta property=\"og:type\" content=\"article\" \/>\n<meta property=\"og:title\" content=\"Sheila O&#039;Connor Jeune : R\u00e9v\u00e9lation d&#039;une \u00c9toile de la Jeunesse Fran\u00e7aise - Flashmode Magazine | Magazine de mode et style de vie Num\u00e9ro un en Tunisie et au Maghreb\" \/>\n<meta property=\"og:description\" content=\"Sheila O&#039;Connor : Lumi\u00e8re sur une \u00e9toile de la jeunesse fran\u00e7aise Plongez dans l&#039;univers captivant de Sheila O&#039;Connor, l&#039;ic\u00f4ne de la jeunesse qui a marqu\u00e9\" \/>\n<meta property=\"og:url\" content=\"https:\/\/flashmode.tn\/magazine\/sheila-oconnor-jeune\/\" \/>\n<meta property=\"og:site_name\" content=\"Flashmode Magazine | Magazine de mode et style de vie Num\u00e9ro un en Tunisie et au Maghreb\" \/>\n<meta property=\"article:publisher\" content=\"https:\/\/www.facebook.com\/flashmode.magazine\/\" \/>\n<meta property=\"article:published_time\" content=\"2024-03-12T02:27:29+00:00\" \/>\n<meta property=\"article:modified_time\" content=\"2024-04-15T08:40:20+00:00\" \/>\n<meta property=\"og:image\" content=\"https:\/\/flashmode.tn\/magazine\/wp-content\/uploads\/2024\/03\/Sheila-OConnor-Jeune-Revelation-dune-Etoile-de-la-Jeunesse-Francaise-1024x577.png\" \/>\n\t<meta property=\"og:image:width\" content=\"1024\" \/>\n\t<meta property=\"og:image:height\" content=\"577\" \/>\n\t<meta property=\"og:image:type\" content=\"image\/png\" \/>\n<meta name=\"author\" content=\"The Daileigh\" \/>\n<meta name=\"twitter:card\" content=\"summary_large_image\" \/>\n<meta name=\"twitter:creator\" content=\"@agenceflashmode\" \/>\n<meta name=\"twitter:site\" content=\"@agenceflashmode\" \/>\n<meta name=\"twitter:label1\" content=\"\u00c9crit par\" \/>\n\t<meta name=\"twitter:data1\" content=\"The Daileigh\" \/>\n\t<meta name=\"twitter:label2\" content=\"Dur\u00e9e de lecture estim\u00e9e\" \/>\n\t<meta name=\"twitter:data2\" content=\"5 minutes\" \/>\n<script type=\"application\/ld+json\" class=\"yoast-schema-graph\">{\"@context\":\"https:\/\/schema.org\",\"@graph\":[{\"@type\":\"WebPage\",\"@id\":\"https:\/\/flashmode.tn\/magazine\/sheila-oconnor-jeune\/\",\"url\":\"https:\/\/flashmode.tn\/magazine\/sheila-oconnor-jeune\/\",\"name\":\"Sheila O'Connor Jeune : R\u00e9v\u00e9lation d'une \u00c9toile de la Jeunesse Fran\u00e7aise - Flashmode Magazine | Magazine de mode et style de vie Num\u00e9ro un en Tunisie et au Maghreb\",\"isPartOf\":{\"@id\":\"https:\/\/flashmode.tn\/magazine\/#website\"},\"primaryImageOfPage\":{\"@id\":\"https:\/\/flashmode.tn\/magazine\/sheila-oconnor-jeune\/#primaryimage\"},\"image\":{\"@id\":\"https:\/\/flashmode.tn\/magazine\/sheila-oconnor-jeune\/#primaryimage\"},\"thumbnailUrl\":\"https:\/\/i0.wp.com\/flashmode.tn\/magazine\/wp-content\/uploads\/2024\/03\/Sheila-OConnor-Jeune-Revelation-dune-Etoile-de-la-Jeunesse-Francaise.png?fit=1640%2C924&ssl=1\",\"datePublished\":\"2024-03-12T02:27:29+00:00\",\"dateModified\":\"2024-04-15T08:40:20+00:00\",\"author\":{\"@id\":\"https:\/\/flashmode.tn\/magazine\/#\/schema\/person\/79940f8af94166a445dd5bd6b3137682\"},\"description\":\"Sheila O'Connor : Lumi\u00e8re sur une \u00e9toile de la jeunesse fran\u00e7aise Plongez dans l'univers captivant de Sheila O'Connor, l'ic\u00f4ne de la jeunesse qui a marqu\u00e9\",\"breadcrumb\":{\"@id\":\"https:\/\/flashmode.tn\/magazine\/sheila-oconnor-jeune\/#breadcrumb\"},\"inLanguage\":\"fr-FR\",\"potentialAction\":[{\"@type\":\"ReadAction\",\"target\":[\"https:\/\/flashmode.tn\/magazine\/sheila-oconnor-jeune\/\"]}]},{\"@type\":\"ImageObject\",\"inLanguage\":\"fr-FR\",\"@id\":\"https:\/\/flashmode.tn\/magazine\/sheila-oconnor-jeune\/#primaryimage\",\"url\":\"https:\/\/i0.wp.com\/flashmode.tn\/magazine\/wp-content\/uploads\/2024\/03\/Sheila-OConnor-Jeune-Revelation-dune-Etoile-de-la-Jeunesse-Francaise.png?fit=1640%2C924&ssl=1\",\"contentUrl\":\"https:\/\/i0.wp.com\/flashmode.tn\/magazine\/wp-content\/uploads\/2024\/03\/Sheila-OConnor-Jeune-Revelation-dune-Etoile-de-la-Jeunesse-Francaise.png?fit=1640%2C924&ssl=1\",\"width\":1640,\"height\":924,\"caption\":\"Sheila O'Connor Jeune : R\u00e9v\u00e9lation d'une \u00c9toile de la Jeunesse Fran\u00e7aise\"},{\"@type\":\"BreadcrumbList\",\"@id\":\"https:\/\/flashmode.tn\/magazine\/sheila-oconnor-jeune\/#breadcrumb\",\"itemListElement\":[{\"@type\":\"ListItem\",\"position\":1,\"name\":\"Accueil\",\"item\":\"https:\/\/flashmode.tn\/magazine\/\"},{\"@type\":\"ListItem\",\"position\":2,\"name\":\"Sheila O&rsquo;Connor Jeune : R\u00e9v\u00e9lation d&rsquo;une \u00c9toile de la Jeunesse Fran\u00e7aise\"}]},{\"@type\":\"WebSite\",\"@id\":\"https:\/\/flashmode.tn\/magazine\/#website\",\"url\":\"https:\/\/flashmode.tn\/magazine\/\",\"name\":\"Flashmode Magazine | Magazine de mode et style de vie Num\u00e9ro un en Tunisie et au Maghreb\",\"description\":\"Magazine de mode et style de vie Num\u00e9ro un en Tunisie et au Maghreb, cr\u00e9\u00e9 pour les hommes et les femmes : conseils beaut\u00e9, mode femme, mode homme, recettes de cuisine, c\u00e9l\u00e9brit\u00e9s et people, mannequins et top modeles\",\"potentialAction\":[{\"@type\":\"SearchAction\",\"target\":{\"@type\":\"EntryPoint\",\"urlTemplate\":\"https:\/\/flashmode.tn\/magazine\/?s={search_term_string}\"},\"query-input\":{\"@type\":\"PropertyValueSpecification\",\"valueRequired\":true,\"valueName\":\"search_term_string\"}}],\"inLanguage\":\"fr-FR\"},{\"@type\":\"Person\",\"@id\":\"https:\/\/flashmode.tn\/magazine\/#\/schema\/person\/79940f8af94166a445dd5bd6b3137682\",\"name\":\"The Daileigh\",\"image\":{\"@type\":\"ImageObject\",\"inLanguage\":\"fr-FR\",\"@id\":\"https:\/\/flashmode.tn\/magazine\/#\/schema\/person\/image\/\",\"url\":\"https:\/\/secure.gravatar.com\/avatar\/30d4d60865d61de3434abd01cb8b4ec5e5b5eb5a274017461832a54857b1770d?s=96&d=mm&r=g\",\"contentUrl\":\"https:\/\/secure.gravatar.com\/avatar\/30d4d60865d61de3434abd01cb8b4ec5e5b5eb5a274017461832a54857b1770d?s=96&d=mm&r=g\",\"caption\":\"The Daileigh\"},\"url\":\"https:\/\/flashmode.tn\/magazine\/author\/the-daileigh\/\"}]}<\/script>\n<!-- \/ Yoast SEO Premium plugin. -->","yoast_head_json":{"title":"Sheila O'Connor Jeune : R\u00e9v\u00e9lation d'une \u00c9toile de la Jeunesse Fran\u00e7aise - Flashmode Magazine | Magazine de mode et style de vie Num\u00e9ro un en Tunisie et au Maghreb","description":"Sheila O'Connor : Lumi\u00e8re sur une \u00e9toile de la jeunesse fran\u00e7aise Plongez dans l'univers captivant de Sheila O'Connor, l'ic\u00f4ne de la jeunesse qui a marqu\u00e9","robots":{"index":"index","follow":"follow","max-snippet":"max-snippet:-1","max-image-preview":"max-image-preview:large","max-video-preview":"max-video-preview:-1"},"canonical":"https:\/\/flashmode.tn\/magazine\/sheila-oconnor-jeune\/","og_locale":"fr_FR","og_type":"article","og_title":"Sheila O'Connor Jeune : R\u00e9v\u00e9lation d'une \u00c9toile de la Jeunesse Fran\u00e7aise - Flashmode Magazine | Magazine de mode et style de vie Num\u00e9ro un en Tunisie et au Maghreb","og_description":"Sheila O'Connor : Lumi\u00e8re sur une \u00e9toile de la jeunesse fran\u00e7aise Plongez dans l'univers captivant de Sheila O'Connor, l'ic\u00f4ne de la jeunesse qui a marqu\u00e9","og_url":"https:\/\/flashmode.tn\/magazine\/sheila-oconnor-jeune\/","og_site_name":"Flashmode Magazine | Magazine de mode et style de vie Num\u00e9ro un en Tunisie et au Maghreb","article_publisher":"https:\/\/www.facebook.com\/flashmode.magazine\/","article_published_time":"2024-03-12T02:27:29+00:00","article_modified_time":"2024-04-15T08:40:20+00:00","og_image":[{"width":1024,"height":577,"url":"https:\/\/flashmode.tn\/magazine\/wp-content\/uploads\/2024\/03\/Sheila-OConnor-Jeune-Revelation-dune-Etoile-de-la-Jeunesse-Francaise-1024x577.png","type":"image\/png"}],"author":"The Daileigh","twitter_card":"summary_large_image","twitter_creator":"@agenceflashmode","twitter_site":"@agenceflashmode","twitter_misc":{"\u00c9crit par":"The Daileigh","Dur\u00e9e de lecture estim\u00e9e":"5 minutes"},"schema":{"@context":"https:\/\/schema.org","@graph":[{"@type":"WebPage","@id":"https:\/\/flashmode.tn\/magazine\/sheila-oconnor-jeune\/","url":"https:\/\/flashmode.tn\/magazine\/sheila-oconnor-jeune\/","name":"Sheila O'Connor Jeune : R\u00e9v\u00e9lation d'une \u00c9toile de la Jeunesse Fran\u00e7aise - Flashmode Magazine | Magazine de mode et style de vie Num\u00e9ro un en Tunisie et au Maghreb","isPartOf":{"@id":"https:\/\/flashmode.tn\/magazine\/#website"},"primaryImageOfPage":{"@id":"https:\/\/flashmode.tn\/magazine\/sheila-oconnor-jeune\/#primaryimage"},"image":{"@id":"https:\/\/flashmode.tn\/magazine\/sheila-oconnor-jeune\/#primaryimage"},"thumbnailUrl":"https:\/\/i0.wp.com\/flashmode.tn\/magazine\/wp-content\/uploads\/2024\/03\/Sheila-OConnor-Jeune-Revelation-dune-Etoile-de-la-Jeunesse-Francaise.png?fit=1640%2C924&ssl=1","datePublished":"2024-03-12T02:27:29+00:00","dateModified":"2024-04-15T08:40:20+00:00","author":{"@id":"https:\/\/flashmode.tn\/magazine\/#\/schema\/person\/79940f8af94166a445dd5bd6b3137682"},"description":"Sheila O'Connor : Lumi\u00e8re sur une \u00e9toile de la jeunesse fran\u00e7aise Plongez dans l'univers captivant de Sheila O'Connor, l'ic\u00f4ne de la jeunesse qui a marqu\u00e9","breadcrumb":{"@id":"https:\/\/flashmode.tn\/magazine\/sheila-oconnor-jeune\/#breadcrumb"},"inLanguage":"fr-FR","potentialAction":[{"@type":"ReadAction","target":["https:\/\/flashmode.tn\/magazine\/sheila-oconnor-jeune\/"]}]},{"@type":"ImageObject","inLanguage":"fr-FR","@id":"https:\/\/flashmode.tn\/magazine\/sheila-oconnor-jeune\/#primaryimage","url":"https:\/\/i0.wp.com\/flashmode.tn\/magazine\/wp-content\/uploads\/2024\/03\/Sheila-OConnor-Jeune-Revelation-dune-Etoile-de-la-Jeunesse-Francaise.png?fit=1640%2C924&ssl=1","contentUrl":"https:\/\/i0.wp.com\/flashmode.tn\/magazine\/wp-content\/uploads\/2024\/03\/Sheila-OConnor-Jeune-Revelation-dune-Etoile-de-la-Jeunesse-Francaise.png?fit=1640%2C924&ssl=1","width":1640,"height":924,"caption":"Sheila O'Connor Jeune : R\u00e9v\u00e9lation d'une \u00c9toile de la Jeunesse Fran\u00e7aise"},{"@type":"BreadcrumbList","@id":"https:\/\/flashmode.tn\/magazine\/sheila-oconnor-jeune\/#breadcrumb","itemListElement":[{"@type":"ListItem","position":1,"name":"Accueil","item":"https:\/\/flashmode.tn\/magazine\/"},{"@type":"ListItem","position":2,"name":"Sheila O&rsquo;Connor Jeune : R\u00e9v\u00e9lation d&rsquo;une \u00c9toile de la Jeunesse Fran\u00e7aise"}]},{"@type":"WebSite","@id":"https:\/\/flashmode.tn\/magazine\/#website","url":"https:\/\/flashmode.tn\/magazine\/","name":"Flashmode Magazine | Magazine de mode et style de vie Num\u00e9ro un en Tunisie et au Maghreb","description":"Magazine de mode et style de vie Num\u00e9ro un en Tunisie et au Maghreb, cr\u00e9\u00e9 pour les hommes et les femmes : conseils beaut\u00e9, mode femme, mode homme, recettes de cuisine, c\u00e9l\u00e9brit\u00e9s et people, mannequins et top modeles","potentialAction":[{"@type":"SearchAction","target":{"@type":"EntryPoint","urlTemplate":"https:\/\/flashmode.tn\/magazine\/?s={search_term_string}"},"query-input":{"@type":"PropertyValueSpecification","valueRequired":true,"valueName":"search_term_string"}}],"inLanguage":"fr-FR"},{"@type":"Person","@id":"https:\/\/flashmode.tn\/magazine\/#\/schema\/person\/79940f8af94166a445dd5bd6b3137682","name":"The Daileigh","image":{"@type":"ImageObject","inLanguage":"fr-FR","@id":"https:\/\/flashmode.tn\/magazine\/#\/schema\/person\/image\/","url":"https:\/\/secure.gravatar.com\/avatar\/30d4d60865d61de3434abd01cb8b4ec5e5b5eb5a274017461832a54857b1770d?s=96&d=mm&r=g","contentUrl":"https:\/\/secure.gravatar.com\/avatar\/30d4d60865d61de3434abd01cb8b4ec5e5b5eb5a274017461832a54857b1770d?s=96&d=mm&r=g","caption":"The Daileigh"},"url":"https:\/\/flashmode.tn\/magazine\/author\/the-daileigh\/"}]}},"jetpack_publicize_connections":[],"jetpack_featured_media_url":"https:\/\/i0.wp.com\/flashmode.tn\/magazine\/wp-content\/uploads\/2024\/03\/Sheila-OConnor-Jeune-Revelation-dune-Etoile-de-la-Jeunesse-Francaise.png?fit=1640%2C924&ssl=1","jetpack_shortlink":"https:\/\/wp.me\/p8BPGr-rPw","jetpack_sharing_enabled":true,"_links":{"self":[{"href":"https:\/\/flashmode.tn\/magazine\/wp-json\/wp\/v2\/posts\/106982","targetHints":{"allow":["GET"]}}],"collection":[{"href":"https:\/\/flashmode.tn\/magazine\/wp-json\/wp\/v2\/posts"}],"about":[{"href":"https:\/\/flashmode.tn\/magazine\/wp-json\/wp\/v2\/types\/post"}],"author":[{"embeddable":true,"href":"https:\/\/flashmode.tn\/magazine\/wp-json\/wp\/v2\/users\/8"}],"replies":[{"embeddable":true,"href":"https:\/\/flashmode.tn\/magazine\/wp-json\/wp\/v2\/comments?post=106982"}],"version-history":[{"count":2,"href":"https:\/\/flashmode.tn\/magazine\/wp-json\/wp\/v2\/posts\/106982\/revisions"}],"predecessor-version":[{"id":162842,"href":"https:\/\/flashmode.tn\/magazine\/wp-json\/wp\/v2\/posts\/106982\/revisions\/162842"}],"wp:featuredmedia":[{"embeddable":true,"href":"https:\/\/flashmode.tn\/magazine\/wp-json\/wp\/v2\/media\/162840"}],"wp:attachment":[{"href":"https:\/\/flashmode.tn\/magazine\/wp-json\/wp\/v2\/media?parent=106982"}],"wp:term":[{"taxonomy":"category","embeddable":true,"href":"https:\/\/flashmode.tn\/magazine\/wp-json\/wp\/v2\/categories?post=106982"},{"taxonomy":"post_tag","embeddable":true,"href":"https:\/\/flashmode.tn\/magazine\/wp-json\/wp\/v2\/tags?post=106982"}],"curies":[{"name":"wp","href":"https:\/\/api.w.org\/{rel}","templated":true}]}}