{"id":107014,"date":"2024-03-12T04:00:35","date_gmt":"2024-03-12T03:00:35","guid":{"rendered":"https:\/\/flashmode.tn\/magazine\/?p=107014"},"modified":"2024-04-15T14:14:01","modified_gmt":"2024-04-15T12:14:01","slug":"cedric-bruguiere-enfants","status":"publish","type":"post","link":"https:\/\/flashmode.tn\/magazine\/cedric-bruguiere-enfants\/","title":{"rendered":"C\u00e9dric Brugui\u00e8re Enfants: L&rsquo;\u00c9quilibre Familial de Marl\u00e8ne Schiappa R\u00e9v\u00e9l\u00e9"},"content":{"rendered":"\n<p>D\u00e9couvrez l&rsquo;histoire captivante de Marl\u00e8ne Schiappa et C\u00e9dric Brugui\u00e8re, un couple qui jongle avec brio entre vie publique et intimit\u00e9, tout en \u00e9levant leurs enfants. Plongez dans le r\u00e9cit d&rsquo;une femme politique remarquable, de son parcours inspirant et de son \u00e9quilibre familial \u00e0 pr\u00e9server. Des anecdotes touchantes, des d\u00e9fis relev\u00e9s et une s\u00e9paration qui n&rsquo;entame pas l&rsquo;unit\u00e9 parentale vous attendent. Suivez-nous pour en apprendre davantage sur la vie de cette famille hors du commun.<\/p>\n\n\n\n<div id=\"ez-toc-container\" class=\"ez-toc-v2_0_81 counter-hierarchy ez-toc-counter ez-toc-grey ez-toc-container-direction\">\n<div class=\"ez-toc-title-container\">\n<p class=\"ez-toc-title\" style=\"cursor:inherit\">Contenus de la page<\/p>\n<span class=\"ez-toc-title-toggle\"><a href=\"#\" class=\"ez-toc-pull-right ez-toc-btn ez-toc-btn-xs ez-toc-btn-default ez-toc-toggle\" aria-label=\"Toggle Table of Content\"><span class=\"ez-toc-js-icon-con\"><span class=\"\"><span class=\"eztoc-hide\" style=\"display:none;\">Toggle<\/span><span class=\"ez-toc-icon-toggle-span\"><svg style=\"fill: #999;color:#999\" xmlns=\"http:\/\/www.w3.org\/2000\/svg\" class=\"list-377408\" width=\"20px\" height=\"20px\" viewBox=\"0 0 24 24\" fill=\"none\"><path d=\"M6 6H4v2h2V6zm14 0H8v2h12V6zM4 11h2v2H4v-2zm16 0H8v2h12v-2zM4 16h2v2H4v-2zm16 0H8v2h12v-2z\" fill=\"currentColor\"><\/path><\/svg><svg style=\"fill: #999;color:#999\" class=\"arrow-unsorted-368013\" xmlns=\"http:\/\/www.w3.org\/2000\/svg\" width=\"10px\" height=\"10px\" viewBox=\"0 0 24 24\" version=\"1.2\" baseProfile=\"tiny\"><path d=\"M18.2 9.3l-6.2-6.3-6.2 6.3c-.2.2-.3.4-.3.7s.1.5.3.7c.2.2.4.3.7.3h11c.3 0 .5-.1.7-.3.2-.2.3-.5.3-.7s-.1-.5-.3-.7zM5.8 14.7l6.2 6.3 6.2-6.3c.2-.2.3-.5.3-.7s-.1-.5-.3-.7c-.2-.2-.4-.3-.7-.3h-11c-.3 0-.5.1-.7.3-.2.2-.3.5-.3.7s.1.5.3.7z\"\/><\/svg><\/span><\/span><\/span><\/a><\/span><\/div>\n<nav><ul class='ez-toc-list ez-toc-list-level-1 ' ><ul class='ez-toc-list-level-3' ><li class='ez-toc-heading-level-3'><a class=\"ez-toc-link ez-toc-heading-1\" href=\"https:\/\/flashmode.tn\/magazine\/cedric-bruguiere-enfants\/#Points_a_retenir\" >Points \u00e0 retenir :<\/a><\/li><\/ul><\/li><li class='ez-toc-page-1 ez-toc-heading-level-2'><a class=\"ez-toc-link ez-toc-heading-2\" href=\"https:\/\/flashmode.tn\/magazine\/cedric-bruguiere-enfants\/#La_famille_de_Marlene_Schiappa_Un_equilibre_entre_vie_publique_et_intimite\" >La famille de Marl\u00e8ne Schiappa : Un \u00e9quilibre entre vie publique et intimit\u00e9<\/a><ul class='ez-toc-list-level-3' ><li class='ez-toc-heading-level-3'><a class=\"ez-toc-link ez-toc-heading-3\" href=\"https:\/\/flashmode.tn\/magazine\/cedric-bruguiere-enfants\/#Marlene_Schiappa_une_femme_politique_au_parcours_remarquable\" >Marl\u00e8ne Schiappa, une femme politique au parcours remarquable<\/a><\/li><li class='ez-toc-page-1 ez-toc-heading-level-3'><a class=\"ez-toc-link ez-toc-heading-4\" href=\"https:\/\/flashmode.tn\/magazine\/cedric-bruguiere-enfants\/#Les_filles_de_Marlene_Schiappa_et_Cedric_Bruguiere\" >Les filles de Marl\u00e8ne Schiappa et C\u00e9dric Brugui\u00e8re<\/a><\/li><li class='ez-toc-page-1 ez-toc-heading-level-3'><a class=\"ez-toc-link ez-toc-heading-5\" href=\"https:\/\/flashmode.tn\/magazine\/cedric-bruguiere-enfants\/#Un_couple_uni_par_la_parentalite_malgre_la_separation\" >Un couple uni par la parentalit\u00e9 malgr\u00e9 la s\u00e9paration<\/a><\/li><li class='ez-toc-page-1 ez-toc-heading-level-3'><a class=\"ez-toc-link ez-toc-heading-6\" href=\"https:\/\/flashmode.tn\/magazine\/cedric-bruguiere-enfants\/#Les_origines_et_le_parcours_de_Cedric_Bruguiere\" >Les origines et le parcours de C\u00e9dric Brugui\u00e8re<\/a><\/li><li class='ez-toc-page-1 ez-toc-heading-level-3'><a class=\"ez-toc-link ez-toc-heading-7\" href=\"https:\/\/flashmode.tn\/magazine\/cedric-bruguiere-enfants\/#Le_defi_de_la_maternite_dans_la_carriere_de_Marlene_Schiappa\" >Le d\u00e9fi de la maternit\u00e9 dans la carri\u00e8re de Marl\u00e8ne Schiappa<\/a><\/li><li class='ez-toc-page-1 ez-toc-heading-level-3'><a class=\"ez-toc-link ez-toc-heading-8\" href=\"https:\/\/flashmode.tn\/magazine\/cedric-bruguiere-enfants\/#La_separation_une_epreuve_personnelle_en_pleine_vie_publique\" >La s\u00e9paration, une \u00e9preuve personnelle en pleine vie publique<\/a><\/li><li class='ez-toc-page-1 ez-toc-heading-level-3'><a class=\"ez-toc-link ez-toc-heading-9\" href=\"https:\/\/flashmode.tn\/magazine\/cedric-bruguiere-enfants\/#Ladorable_surprise_des_enfants_pour_Marlene_Schiappa\" >L&rsquo;adorable surprise des enfants pour Marl\u00e8ne Schiappa<\/a><\/li><li class='ez-toc-page-1 ez-toc-heading-level-3'><a class=\"ez-toc-link ez-toc-heading-10\" href=\"https:\/\/flashmode.tn\/magazine\/cedric-bruguiere-enfants\/#Une_mere_intransigeante_et_devouee\" >Une m\u00e8re intransigeante et d\u00e9vou\u00e9e<\/a><\/li><li class='ez-toc-page-1 ez-toc-heading-level-3'><a class=\"ez-toc-link ez-toc-heading-11\" href=\"https:\/\/flashmode.tn\/magazine\/cedric-bruguiere-enfants\/#Impact_du_role_de_ministre_sur_la_vie_familiale\" >Impact du r\u00f4le de ministre sur la vie familiale<\/a><\/li><li class='ez-toc-page-1 ez-toc-heading-level-3'><a class=\"ez-toc-link ez-toc-heading-12\" href=\"https:\/\/flashmode.tn\/magazine\/cedric-bruguiere-enfants\/#Conclusion_Un_equilibre_familial_a_preserver\" >Conclusion : Un \u00e9quilibre familial \u00e0 pr\u00e9server<\/a><\/li><\/ul><\/li><\/ul><\/nav><\/div>\n<h3 class=\"wp-block-heading\" id=\"h-points-a-retenir\"><span class=\"ez-toc-section\" id=\"Points_a_retenir\"><\/span>Points \u00e0 retenir :<span class=\"ez-toc-section-end\"><\/span><\/h3>\n\n\n\n<ul class=\"wp-block-list\">\n<li>Marl\u00e8ne Schiappa a deux filles, n\u00e9es de son union avec son ex-mari C\u00e9dric Brugui\u00e8re.<\/li>\n\n\n\n<li>Ses filles sont \u00e2g\u00e9es de 14 et 8 ans, ce qui signifie qu&rsquo;elles sont n\u00e9es en 2006 et 2012.<\/li>\n\n\n\n<li>C\u00e9dric Brugui\u00e8re est le p\u00e8re des deux enfants de Marl\u00e8ne Schiappa.<\/li>\n\n\n\n<li>Marl\u00e8ne Schiappa et C\u00e9dric Brugui\u00e8re se sont s\u00e9par\u00e9s d\u00e9but 2023 apr\u00e8s 20 ans de relation.<\/li>\n\n\n\n<li>C\u00e9dric Brugui\u00e8re est consultant RH, sp\u00e9cialiste du d\u00e9veloppement des carri\u00e8res et du management, et essayiste.<\/li>\n\n\n\n<li>Le couple mari\u00e9 depuis maintenant 15 ans a eu deux filles.<\/li>\n<\/ul>\n\n\n\n<h2 class=\"wp-block-heading\" id=\"h-la-famille-de-marlene-schiappa-un-equilibre-entre-vie-publique-et-intimite\"><span class=\"ez-toc-section\" id=\"La_famille_de_Marlene_Schiappa_Un_equilibre_entre_vie_publique_et_intimite\"><\/span>La famille de Marl\u00e8ne Schiappa : Un \u00e9quilibre entre vie publique et intimit\u00e9<span class=\"ez-toc-section-end\"><\/span><\/h2>\n\n\n\n<h3 class=\"wp-block-heading\" id=\"h-marlene-schiappa-une-femme-politique-au-parcours-remarquable\"><span class=\"ez-toc-section\" id=\"Marlene_Schiappa_une_femme_politique_au_parcours_remarquable\"><\/span>Marl\u00e8ne Schiappa, une femme politique au parcours remarquable<span class=\"ez-toc-section-end\"><\/span><\/h3>\n\n\n\n<p>Marl\u00e8ne Schiappa, n\u00e9e le 18 novembre 1982 \u00e0 Paris, s&rsquo;est impos\u00e9e dans le paysage politique fran\u00e7ais comme une figure embl\u00e9matique de la lutte pour l&rsquo;\u00e9galit\u00e9 des sexes et la citoyennet\u00e9. Femme politique et essayiste fran\u00e7aise, Marl\u00e8ne Schiappa a su jongler entre responsabilit\u00e9s gouvernementales et vie de famille. Cependant, derri\u00e8re la figure publique se cache aussi une m\u00e8re de famille d\u00e9vou\u00e9e.<\/p>\n\n\n\n<h3 class=\"wp-block-heading\" id=\"h-les-filles-de-marlene-schiappa-et-cedric-bruguiere\"><span class=\"ez-toc-section\" id=\"Les_filles_de_Marlene_Schiappa_et_Cedric_Bruguiere\"><\/span>Les filles de Marl\u00e8ne Schiappa et C\u00e9dric Brugui\u00e8re<span class=\"ez-toc-section-end\"><\/span><\/h3>\n\n\n\n<p><strong>Marl\u00e8ne Schiappa a deux filles<\/strong>, n\u00e9es en 2006 et 2012, issues de son union avec <strong>C\u00e9dric Brugui\u00e8re<\/strong>. Elles ont, respectivement, 14 et 8 ans. C\u00e9dric Brugui\u00e8re, consultant RH et essayiste, est le p\u00e8re de ces deux enfants et a partag\u00e9 la vie de Marl\u00e8ne Schiappa pendant 20 ans. Leur relation et le r\u00f4le de la parentalit\u00e9 dans la vie de Marl\u00e8ne Schiappa sont des aspects souvent soulign\u00e9s dans les m\u00e9dias, t\u00e9moignant de l&rsquo;\u00e9quilibre d\u00e9licat entre vie professionnelle intense et engagements familiaux.<\/p>\n\n\n\n<h3 class=\"wp-block-heading\" id=\"h-un-couple-uni-par-la-parentalite-malgre-la-separation\"><span class=\"ez-toc-section\" id=\"Un_couple_uni_par_la_parentalite_malgre_la_separation\"><\/span>Un couple uni par la parentalit\u00e9 malgr\u00e9 la s\u00e9paration<span class=\"ez-toc-section-end\"><\/span><\/h3>\n\n\n\n<p><strong>Marl\u00e8ne Schiappa et C\u00e9dric Brugui\u00e8re se sont s\u00e9par\u00e9s d\u00e9but 2023<\/strong>, apr\u00e8s deux d\u00e9cennies de vie commune et 15 ans de mariage. Cette rupture marque la fin d&rsquo;une longue p\u00e9riode de collaboration aussi bien dans la sph\u00e8re priv\u00e9e que professionnelle, puisque le couple a co-\u00e9crit un ouvrage sur l&rsquo;impact de la maternit\u00e9 sur la carri\u00e8re des femmes. Malgr\u00e9 leur s\u00e9paration, ils restent unis par leur r\u00f4le de parents et l&rsquo;histoire qu&rsquo;ils ont partag\u00e9e.<\/p>\n\n\n\n<h3 class=\"wp-block-heading\" id=\"h-les-origines-et-le-parcours-de-cedric-bruguiere\"><span class=\"ez-toc-section\" id=\"Les_origines_et_le_parcours_de_Cedric_Bruguiere\"><\/span>Les origines et le parcours de C\u00e9dric Brugui\u00e8re<span class=\"ez-toc-section-end\"><\/span><\/h3>\n\n\n\n<p>C\u00e9dric Brugui\u00e8re, n\u00e9 en 1956 \u00e0 Rabat de parents corses et ayant suivi des \u00e9tudes de lettres \u00e0 l&rsquo;universit\u00e9 de Nice, est un professionnel reconnu dans le domaine des ressources humaines et du management. Sa carri\u00e8re d&rsquo;essayiste a \u00e9galement contribu\u00e9 \u00e0 sa notori\u00e9t\u00e9. Le couple Schiappa-Brugui\u00e8re, bien que s\u00e9par\u00e9, reste dans l&rsquo;esprit du public comme un exemple de collaboration et de soutien mutuel.<\/p>\n\n\n\n<h3 class=\"wp-block-heading\" id=\"h-le-defi-de-la-maternite-dans-la-carriere-de-marlene-schiappa\"><span class=\"ez-toc-section\" id=\"Le_defi_de_la_maternite_dans_la_carriere_de_Marlene_Schiappa\"><\/span>Le d\u00e9fi de la maternit\u00e9 dans la carri\u00e8re de Marl\u00e8ne Schiappa<span class=\"ez-toc-section-end\"><\/span><\/h3>\n\n\n\n<p>Marl\u00e8ne Schiappa a souvent \u00e9voqu\u00e9 <strong>l&rsquo;impact de la maternit\u00e9 sur sa carri\u00e8re<\/strong>. L&rsquo;ouvrage \u00ab\u00a0Plafond de m\u00e8re : Comment la maternit\u00e9 freine la carri\u00e8re des femmes\u00a0\u00bb, co-\u00e9crit avec C\u00e9dric Brugui\u00e8re, aborde cette th\u00e9matique complexe et r\u00e9currente dans la vie des femmes actives. La ministre d\u00e9l\u00e9gu\u00e9e \u00e0 la Citoyennet\u00e9 a partag\u00e9 ses exp\u00e9riences et les d\u00e9fis rencontr\u00e9s en tant que m\u00e8re travaillant dans un environnement exigeant.<\/p>\n\n\n\n<h3 class=\"wp-block-heading\" id=\"h-la-separation-une-epreuve-personnelle-en-pleine-vie-publique\"><span class=\"ez-toc-section\" id=\"La_separation_une_epreuve_personnelle_en_pleine_vie_publique\"><\/span>La s\u00e9paration, une \u00e9preuve personnelle en pleine vie publique<span class=\"ez-toc-section-end\"><\/span><\/h3>\n\n\n\n<p>La s\u00e9paration de Marl\u00e8ne Schiappa et de C\u00e9dric Brugui\u00e8re a \u00e9t\u00e9 rendue publique d\u00e9but 2023, ajoutant une dimension personnelle aux d\u00e9fis professionnels d\u00e9j\u00e0 pr\u00e9sents. <strong>Le couple s&rsquo;est mari\u00e9 en 2006<\/strong>, mais des ann\u00e9es plus tard, ils ont choisi de prendre des chemins s\u00e9par\u00e9s. Cette d\u00e9cision a \u00e9t\u00e9 prise malgr\u00e9 l&rsquo;amour partag\u00e9 pour leurs enfants et une histoire commune riche en \u00e9v\u00e9nements et en collaboration.<\/p>\n\n\n\n<h3 class=\"wp-block-heading\" id=\"h-l-adorable-surprise-des-enfants-pour-marlene-schiappa\"><span class=\"ez-toc-section\" id=\"Ladorable_surprise_des_enfants_pour_Marlene_Schiappa\"><\/span>L&rsquo;adorable surprise des enfants pour Marl\u00e8ne Schiappa<span class=\"ez-toc-section-end\"><\/span><\/h3>\n\n\n\n<p>Malgr\u00e9 les d\u00e9fis de la vie politique et les contraintes d&rsquo;une s\u00e9paration, les enfants de Marl\u00e8ne Schiappa et C\u00e9dric Brugui\u00e8re ont su apporter des moments de joie et de soutien \u00e0 leur m\u00e8re. Une surprise particuli\u00e8rement touchante a \u00e9t\u00e9 relay\u00e9e par les m\u00e9dias lorsque les filles ont c\u00e9l\u00e9br\u00e9 avec affection l&rsquo;anniversaire de leur m\u00e8re, d\u00e9montrant la force des liens familiaux.<\/p>\n\n\n\n<h3 class=\"wp-block-heading\" id=\"h-une-mere-intransigeante-et-devouee\"><span class=\"ez-toc-section\" id=\"Une_mere_intransigeante_et_devouee\"><\/span>Une m\u00e8re intransigeante et d\u00e9vou\u00e9e<span class=\"ez-toc-section-end\"><\/span><\/h3>\n\n\n\n<p>Marl\u00e8ne Schiappa, connue pour son engagement politique sans faille, est \u00e9galement reconnue comme une m\u00e8re intransigeante et aimante. Les confidences faites sur son r\u00f4le de m\u00e8re d\u00e9voilent une femme qui, au-del\u00e0 de ses responsabilit\u00e9s publiques, accorde une importance capitale \u00e0 l&rsquo;\u00e9ducation et au bien-\u00eatre de ses enfants.<\/p>\n\n\n\n<h3 class=\"wp-block-heading\" id=\"h-impact-du-role-de-ministre-sur-la-vie-familiale\"><span class=\"ez-toc-section\" id=\"Impact_du_role_de_ministre_sur_la_vie_familiale\"><\/span>Impact du r\u00f4le de ministre sur la vie familiale<span class=\"ez-toc-section-end\"><\/span><\/h3>\n\n\n\n<p>La carri\u00e8re politique de Marl\u00e8ne Schiappa, particuli\u00e8rement lorsqu&rsquo;elle exer\u00e7ait en tant que ministre d\u00e9l\u00e9gu\u00e9e, a in\u00e9vitablement influenc\u00e9 sa vie de famille. Son couple avec C\u00e9dric Brugui\u00e8re a \u00e9t\u00e9 confront\u00e9 \u00e0 des p\u00e9riodes de s\u00e9paration dues aux exigences de son m\u00e9tier. Ces moments ont mis en lumi\u00e8re les sacrifices personnels souvent n\u00e9cessaires pour les personnes occupant des fonctions publiques \u00e9lev\u00e9es.<\/p>\n\n\n\n<h3 class=\"wp-block-heading\" id=\"h-conclusion-un-equilibre-familial-a-preserver\"><span class=\"ez-toc-section\" id=\"Conclusion_Un_equilibre_familial_a_preserver\"><\/span>Conclusion : Un \u00e9quilibre familial \u00e0 pr\u00e9server<span class=\"ez-toc-section-end\"><\/span><\/h3>\n\n\n\n<p>En conclusion, la vie de Marl\u00e8ne Schiappa et de C\u00e9dric Brugui\u00e8re, bien que marqu\u00e9e par une r\u00e9cente s\u00e9paration, reste un t\u00e9moignage de la complexit\u00e9 de concilier ambitions professionnelles et engagements familiaux. Les d\u00e9fis de la maternit\u00e9 et de la carri\u00e8re se refl\u00e8tent dans leur parcours, offrant ainsi des perspectives uniques sur la vie des femmes actives et des hommes qui les accompagnent. L&rsquo;histoire de cette famille continue d&rsquo;inspirer et de r\u00e9sonner avec de nombreuses personnes confront\u00e9es \u00e0 des dilemmes similaires.<\/p>\n\n\n\n<p><strong>Quel est l&rsquo;\u00e2ge de Marl\u00e8ne Schiappa ?<\/strong><br>Marl\u00e8ne Schiappa est n\u00e9e le 18 novembre 1982, ce qui la rend actuellement \u00e2g\u00e9e de 39 ans.<\/p>\n\n\n\n<p><strong>Quelles sont les origines des parents de Marl\u00e8ne Schiappa ?<\/strong><br>Marl\u00e8ne Schiappa est n\u00e9e en 1982 \u00e0 Paris de parents corses. Son p\u00e8re est n\u00e9 en 1956 \u00e0 Rabat.<\/p>\n\n\n\n<p><strong>Combien d&rsquo;enfants Marl\u00e8ne Schiappa a-t-elle avec C\u00e9dric Brugui\u00e8re ?<\/strong><br>Marl\u00e8ne Schiappa a deux filles, n\u00e9es de son union avec son ex-mari C\u00e9dric Brugui\u00e8re. Elles sont \u00e2g\u00e9es de 14 et 8 ans, ce qui signifie qu&rsquo;elles sont n\u00e9es en 2006 et 2012.<\/p>\n\n\n\n<p><strong>Quel est le m\u00e9tier de C\u00e9dric Brugui\u00e8re ?<\/strong><br>C\u00e9dric Brugui\u00e8re est consultant RH, sp\u00e9cialiste du d\u00e9veloppement des carri\u00e8res et du management, et essayiste.<\/p>\n\n\n\n<p><strong>Depuis combien de temps Marl\u00e8ne Schiappa et C\u00e9dric Brugui\u00e8re sont-ils mari\u00e9s ?<\/strong><br>Marl\u00e8ne Schiappa et C\u00e9dric Brugui\u00e8re se sont s\u00e9par\u00e9s d\u00e9but 2023 apr\u00e8s 20 ans de relation.<\/p>\n","protected":false},"excerpt":{"rendered":"<p>D\u00e9couvrez l&rsquo;histoire captivante de Marl\u00e8ne Schiappa et C\u00e9dric Brugui\u00e8re, un couple qui jongle avec brio entre vie publique et intimit\u00e9, tout en \u00e9levant leurs enfants. Plongez dans le r\u00e9cit d&rsquo;une femme politique remarquable, de son parcours inspirant et de son \u00e9quilibre familial \u00e0 pr\u00e9server. Des anecdotes touchantes, des d\u00e9fis relev\u00e9s et une s\u00e9paration qui n&rsquo;entame [&hellip;]<\/p>\n","protected":false},"author":8,"featured_media":162937,"comment_status":"open","ping_status":"open","sticky":false,"template":"","format":"standard","meta":{"tdm_status":"","tdm_grid_status":"","_jetpack_memberships_contains_paid_content":false,"footnotes":"","jetpack_publicize_message":"","jetpack_publicize_feature_enabled":true,"jetpack_social_post_already_shared":true,"jetpack_social_options":{"image_generator_settings":{"template":"highway","default_image_id":0,"font":"","enabled":false},"version":2}},"categories":[79],"tags":[],"class_list":["post-107014","post","type-post","status-publish","format-standard","has-post-thumbnail","hentry","category-people"],"yoast_head":"<!-- This site is optimized with the Yoast SEO Premium plugin v25.0 (Yoast SEO v25.0) - https:\/\/yoast.com\/wordpress\/plugins\/seo\/ -->\n<title>C\u00e9dric Brugui\u00e8re Enfants: L&#039;\u00c9quilibre Familial de Marl\u00e8ne Schiappa R\u00e9v\u00e9l\u00e9 - Flashmode Magazine | Magazine de mode et style de vie Num\u00e9ro un en Tunisie et au Maghreb<\/title>\n<meta name=\"description\" content=\"D\u00e9couvrez l&#039;histoire captivante de Marl\u00e8ne Schiappa et C\u00e9dric Brugui\u00e8re, un couple qui jongle avec brio entre vie publique et intimit\u00e9, tout en \u00e9levant\" \/>\n<meta name=\"robots\" content=\"index, follow, max-snippet:-1, max-image-preview:large, max-video-preview:-1\" \/>\n<link rel=\"canonical\" href=\"https:\/\/flashmode.tn\/magazine\/cedric-bruguiere-enfants\/\" \/>\n<meta property=\"og:locale\" content=\"fr_FR\" \/>\n<meta property=\"og:type\" content=\"article\" \/>\n<meta property=\"og:title\" content=\"C\u00e9dric Brugui\u00e8re Enfants: L&#039;\u00c9quilibre Familial de Marl\u00e8ne Schiappa R\u00e9v\u00e9l\u00e9 - Flashmode Magazine | Magazine de mode et style de vie Num\u00e9ro un en Tunisie et au Maghreb\" \/>\n<meta property=\"og:description\" content=\"D\u00e9couvrez l&#039;histoire captivante de Marl\u00e8ne Schiappa et C\u00e9dric Brugui\u00e8re, un couple qui jongle avec brio entre vie publique et intimit\u00e9, tout en \u00e9levant\" \/>\n<meta property=\"og:url\" content=\"https:\/\/flashmode.tn\/magazine\/cedric-bruguiere-enfants\/\" \/>\n<meta property=\"og:site_name\" content=\"Flashmode Magazine | Magazine de mode et style de vie Num\u00e9ro un en Tunisie et au Maghreb\" \/>\n<meta property=\"article:publisher\" content=\"https:\/\/www.facebook.com\/flashmode.magazine\/\" \/>\n<meta property=\"article:published_time\" content=\"2024-03-12T03:00:35+00:00\" \/>\n<meta property=\"article:modified_time\" content=\"2024-04-15T12:14:01+00:00\" \/>\n<meta property=\"og:image\" content=\"https:\/\/flashmode.tn\/magazine\/wp-content\/uploads\/2024\/03\/Cedric-Bruguiere-Enfants-LEquilibre-Familial-de-Marlene-Schiappa-Revele.png\" \/>\n\t<meta property=\"og:image:width\" content=\"1640\" \/>\n\t<meta property=\"og:image:height\" content=\"924\" \/>\n\t<meta property=\"og:image:type\" content=\"image\/png\" \/>\n<meta name=\"author\" content=\"The Daileigh\" \/>\n<meta name=\"twitter:card\" content=\"summary_large_image\" \/>\n<meta name=\"twitter:creator\" content=\"@agenceflashmode\" \/>\n<meta name=\"twitter:site\" content=\"@agenceflashmode\" \/>\n<meta name=\"twitter:label1\" content=\"\u00c9crit par\" \/>\n\t<meta name=\"twitter:data1\" content=\"The Daileigh\" \/>\n\t<meta name=\"twitter:label2\" content=\"Dur\u00e9e de lecture estim\u00e9e\" \/>\n\t<meta name=\"twitter:data2\" content=\"6 minutes\" \/>\n<script type=\"application\/ld+json\" class=\"yoast-schema-graph\">{\"@context\":\"https:\/\/schema.org\",\"@graph\":[{\"@type\":\"WebPage\",\"@id\":\"https:\/\/flashmode.tn\/magazine\/cedric-bruguiere-enfants\/\",\"url\":\"https:\/\/flashmode.tn\/magazine\/cedric-bruguiere-enfants\/\",\"name\":\"C\u00e9dric Brugui\u00e8re Enfants: L'\u00c9quilibre Familial de Marl\u00e8ne Schiappa R\u00e9v\u00e9l\u00e9 - Flashmode Magazine | Magazine de mode et style de vie Num\u00e9ro un en Tunisie et au Maghreb\",\"isPartOf\":{\"@id\":\"https:\/\/flashmode.tn\/magazine\/#website\"},\"primaryImageOfPage\":{\"@id\":\"https:\/\/flashmode.tn\/magazine\/cedric-bruguiere-enfants\/#primaryimage\"},\"image\":{\"@id\":\"https:\/\/flashmode.tn\/magazine\/cedric-bruguiere-enfants\/#primaryimage\"},\"thumbnailUrl\":\"https:\/\/i0.wp.com\/flashmode.tn\/magazine\/wp-content\/uploads\/2024\/03\/Cedric-Bruguiere-Enfants-LEquilibre-Familial-de-Marlene-Schiappa-Revele.png?fit=1640%2C924&ssl=1\",\"datePublished\":\"2024-03-12T03:00:35+00:00\",\"dateModified\":\"2024-04-15T12:14:01+00:00\",\"author\":{\"@id\":\"https:\/\/flashmode.tn\/magazine\/#\/schema\/person\/79940f8af94166a445dd5bd6b3137682\"},\"description\":\"D\u00e9couvrez l'histoire captivante de Marl\u00e8ne Schiappa et C\u00e9dric Brugui\u00e8re, un couple qui jongle avec brio entre vie publique et intimit\u00e9, tout en \u00e9levant\",\"breadcrumb\":{\"@id\":\"https:\/\/flashmode.tn\/magazine\/cedric-bruguiere-enfants\/#breadcrumb\"},\"inLanguage\":\"fr-FR\",\"potentialAction\":[{\"@type\":\"ReadAction\",\"target\":[\"https:\/\/flashmode.tn\/magazine\/cedric-bruguiere-enfants\/\"]}]},{\"@type\":\"ImageObject\",\"inLanguage\":\"fr-FR\",\"@id\":\"https:\/\/flashmode.tn\/magazine\/cedric-bruguiere-enfants\/#primaryimage\",\"url\":\"https:\/\/i0.wp.com\/flashmode.tn\/magazine\/wp-content\/uploads\/2024\/03\/Cedric-Bruguiere-Enfants-LEquilibre-Familial-de-Marlene-Schiappa-Revele.png?fit=1640%2C924&ssl=1\",\"contentUrl\":\"https:\/\/i0.wp.com\/flashmode.tn\/magazine\/wp-content\/uploads\/2024\/03\/Cedric-Bruguiere-Enfants-LEquilibre-Familial-de-Marlene-Schiappa-Revele.png?fit=1640%2C924&ssl=1\",\"width\":1640,\"height\":924,\"caption\":\"C\u00e9dric Brugui\u00e8re Enfants: L'\u00c9quilibre Familial de Marl\u00e8ne Schiappa R\u00e9v\u00e9l\u00e9\"},{\"@type\":\"BreadcrumbList\",\"@id\":\"https:\/\/flashmode.tn\/magazine\/cedric-bruguiere-enfants\/#breadcrumb\",\"itemListElement\":[{\"@type\":\"ListItem\",\"position\":1,\"name\":\"Accueil\",\"item\":\"https:\/\/flashmode.tn\/magazine\/\"},{\"@type\":\"ListItem\",\"position\":2,\"name\":\"C\u00e9dric Brugui\u00e8re Enfants: L&rsquo;\u00c9quilibre Familial de Marl\u00e8ne Schiappa R\u00e9v\u00e9l\u00e9\"}]},{\"@type\":\"WebSite\",\"@id\":\"https:\/\/flashmode.tn\/magazine\/#website\",\"url\":\"https:\/\/flashmode.tn\/magazine\/\",\"name\":\"Flashmode Magazine | Magazine de mode et style de vie Num\u00e9ro un en Tunisie et au Maghreb\",\"description\":\"Magazine de mode et style de vie Num\u00e9ro un en Tunisie et au Maghreb, cr\u00e9\u00e9 pour les hommes et les femmes : conseils beaut\u00e9, mode femme, mode homme, recettes de cuisine, c\u00e9l\u00e9brit\u00e9s et people, mannequins et top modeles\",\"potentialAction\":[{\"@type\":\"SearchAction\",\"target\":{\"@type\":\"EntryPoint\",\"urlTemplate\":\"https:\/\/flashmode.tn\/magazine\/?s={search_term_string}\"},\"query-input\":{\"@type\":\"PropertyValueSpecification\",\"valueRequired\":true,\"valueName\":\"search_term_string\"}}],\"inLanguage\":\"fr-FR\"},{\"@type\":\"Person\",\"@id\":\"https:\/\/flashmode.tn\/magazine\/#\/schema\/person\/79940f8af94166a445dd5bd6b3137682\",\"name\":\"The Daileigh\",\"image\":{\"@type\":\"ImageObject\",\"inLanguage\":\"fr-FR\",\"@id\":\"https:\/\/flashmode.tn\/magazine\/#\/schema\/person\/image\/\",\"url\":\"https:\/\/secure.gravatar.com\/avatar\/30d4d60865d61de3434abd01cb8b4ec5e5b5eb5a274017461832a54857b1770d?s=96&d=mm&r=g\",\"contentUrl\":\"https:\/\/secure.gravatar.com\/avatar\/30d4d60865d61de3434abd01cb8b4ec5e5b5eb5a274017461832a54857b1770d?s=96&d=mm&r=g\",\"caption\":\"The Daileigh\"},\"url\":\"https:\/\/flashmode.tn\/magazine\/author\/the-daileigh\/\"}]}<\/script>\n<!-- \/ Yoast SEO Premium plugin. -->","yoast_head_json":{"title":"C\u00e9dric Brugui\u00e8re Enfants: L'\u00c9quilibre Familial de Marl\u00e8ne Schiappa R\u00e9v\u00e9l\u00e9 - Flashmode Magazine | Magazine de mode et style de vie Num\u00e9ro un en Tunisie et au Maghreb","description":"D\u00e9couvrez l'histoire captivante de Marl\u00e8ne Schiappa et C\u00e9dric Brugui\u00e8re, un couple qui jongle avec brio entre vie publique et intimit\u00e9, tout en \u00e9levant","robots":{"index":"index","follow":"follow","max-snippet":"max-snippet:-1","max-image-preview":"max-image-preview:large","max-video-preview":"max-video-preview:-1"},"canonical":"https:\/\/flashmode.tn\/magazine\/cedric-bruguiere-enfants\/","og_locale":"fr_FR","og_type":"article","og_title":"C\u00e9dric Brugui\u00e8re Enfants: L'\u00c9quilibre Familial de Marl\u00e8ne Schiappa R\u00e9v\u00e9l\u00e9 - Flashmode Magazine | Magazine de mode et style de vie Num\u00e9ro un en Tunisie et au Maghreb","og_description":"D\u00e9couvrez l'histoire captivante de Marl\u00e8ne Schiappa et C\u00e9dric Brugui\u00e8re, un couple qui jongle avec brio entre vie publique et intimit\u00e9, tout en \u00e9levant","og_url":"https:\/\/flashmode.tn\/magazine\/cedric-bruguiere-enfants\/","og_site_name":"Flashmode Magazine | Magazine de mode et style de vie Num\u00e9ro un en Tunisie et au Maghreb","article_publisher":"https:\/\/www.facebook.com\/flashmode.magazine\/","article_published_time":"2024-03-12T03:00:35+00:00","article_modified_time":"2024-04-15T12:14:01+00:00","og_image":[{"width":1640,"height":924,"url":"https:\/\/flashmode.tn\/magazine\/wp-content\/uploads\/2024\/03\/Cedric-Bruguiere-Enfants-LEquilibre-Familial-de-Marlene-Schiappa-Revele.png","type":"image\/png"}],"author":"The Daileigh","twitter_card":"summary_large_image","twitter_creator":"@agenceflashmode","twitter_site":"@agenceflashmode","twitter_misc":{"\u00c9crit par":"The Daileigh","Dur\u00e9e de lecture estim\u00e9e":"6 minutes"},"schema":{"@context":"https:\/\/schema.org","@graph":[{"@type":"WebPage","@id":"https:\/\/flashmode.tn\/magazine\/cedric-bruguiere-enfants\/","url":"https:\/\/flashmode.tn\/magazine\/cedric-bruguiere-enfants\/","name":"C\u00e9dric Brugui\u00e8re Enfants: L'\u00c9quilibre Familial de Marl\u00e8ne Schiappa R\u00e9v\u00e9l\u00e9 - Flashmode Magazine | Magazine de mode et style de vie Num\u00e9ro un en Tunisie et au Maghreb","isPartOf":{"@id":"https:\/\/flashmode.tn\/magazine\/#website"},"primaryImageOfPage":{"@id":"https:\/\/flashmode.tn\/magazine\/cedric-bruguiere-enfants\/#primaryimage"},"image":{"@id":"https:\/\/flashmode.tn\/magazine\/cedric-bruguiere-enfants\/#primaryimage"},"thumbnailUrl":"https:\/\/i0.wp.com\/flashmode.tn\/magazine\/wp-content\/uploads\/2024\/03\/Cedric-Bruguiere-Enfants-LEquilibre-Familial-de-Marlene-Schiappa-Revele.png?fit=1640%2C924&ssl=1","datePublished":"2024-03-12T03:00:35+00:00","dateModified":"2024-04-15T12:14:01+00:00","author":{"@id":"https:\/\/flashmode.tn\/magazine\/#\/schema\/person\/79940f8af94166a445dd5bd6b3137682"},"description":"D\u00e9couvrez l'histoire captivante de Marl\u00e8ne Schiappa et C\u00e9dric Brugui\u00e8re, un couple qui jongle avec brio entre vie publique et intimit\u00e9, tout en \u00e9levant","breadcrumb":{"@id":"https:\/\/flashmode.tn\/magazine\/cedric-bruguiere-enfants\/#breadcrumb"},"inLanguage":"fr-FR","potentialAction":[{"@type":"ReadAction","target":["https:\/\/flashmode.tn\/magazine\/cedric-bruguiere-enfants\/"]}]},{"@type":"ImageObject","inLanguage":"fr-FR","@id":"https:\/\/flashmode.tn\/magazine\/cedric-bruguiere-enfants\/#primaryimage","url":"https:\/\/i0.wp.com\/flashmode.tn\/magazine\/wp-content\/uploads\/2024\/03\/Cedric-Bruguiere-Enfants-LEquilibre-Familial-de-Marlene-Schiappa-Revele.png?fit=1640%2C924&ssl=1","contentUrl":"https:\/\/i0.wp.com\/flashmode.tn\/magazine\/wp-content\/uploads\/2024\/03\/Cedric-Bruguiere-Enfants-LEquilibre-Familial-de-Marlene-Schiappa-Revele.png?fit=1640%2C924&ssl=1","width":1640,"height":924,"caption":"C\u00e9dric Brugui\u00e8re Enfants: L'\u00c9quilibre Familial de Marl\u00e8ne Schiappa R\u00e9v\u00e9l\u00e9"},{"@type":"BreadcrumbList","@id":"https:\/\/flashmode.tn\/magazine\/cedric-bruguiere-enfants\/#breadcrumb","itemListElement":[{"@type":"ListItem","position":1,"name":"Accueil","item":"https:\/\/flashmode.tn\/magazine\/"},{"@type":"ListItem","position":2,"name":"C\u00e9dric Brugui\u00e8re Enfants: L&rsquo;\u00c9quilibre Familial de Marl\u00e8ne Schiappa R\u00e9v\u00e9l\u00e9"}]},{"@type":"WebSite","@id":"https:\/\/flashmode.tn\/magazine\/#website","url":"https:\/\/flashmode.tn\/magazine\/","name":"Flashmode Magazine | Magazine de mode et style de vie Num\u00e9ro un en Tunisie et au Maghreb","description":"Magazine de mode et style de vie Num\u00e9ro un en Tunisie et au Maghreb, cr\u00e9\u00e9 pour les hommes et les femmes : conseils beaut\u00e9, mode femme, mode homme, recettes de cuisine, c\u00e9l\u00e9brit\u00e9s et people, mannequins et top modeles","potentialAction":[{"@type":"SearchAction","target":{"@type":"EntryPoint","urlTemplate":"https:\/\/flashmode.tn\/magazine\/?s={search_term_string}"},"query-input":{"@type":"PropertyValueSpecification","valueRequired":true,"valueName":"search_term_string"}}],"inLanguage":"fr-FR"},{"@type":"Person","@id":"https:\/\/flashmode.tn\/magazine\/#\/schema\/person\/79940f8af94166a445dd5bd6b3137682","name":"The Daileigh","image":{"@type":"ImageObject","inLanguage":"fr-FR","@id":"https:\/\/flashmode.tn\/magazine\/#\/schema\/person\/image\/","url":"https:\/\/secure.gravatar.com\/avatar\/30d4d60865d61de3434abd01cb8b4ec5e5b5eb5a274017461832a54857b1770d?s=96&d=mm&r=g","contentUrl":"https:\/\/secure.gravatar.com\/avatar\/30d4d60865d61de3434abd01cb8b4ec5e5b5eb5a274017461832a54857b1770d?s=96&d=mm&r=g","caption":"The Daileigh"},"url":"https:\/\/flashmode.tn\/magazine\/author\/the-daileigh\/"}]}},"jetpack_publicize_connections":[],"jetpack_featured_media_url":"https:\/\/i0.wp.com\/flashmode.tn\/magazine\/wp-content\/uploads\/2024\/03\/Cedric-Bruguiere-Enfants-LEquilibre-Familial-de-Marlene-Schiappa-Revele.png?fit=1640%2C924&ssl=1","jetpack_shortlink":"https:\/\/wp.me\/p8BPGr-rQ2","jetpack_sharing_enabled":true,"_links":{"self":[{"href":"https:\/\/flashmode.tn\/magazine\/wp-json\/wp\/v2\/posts\/107014","targetHints":{"allow":["GET"]}}],"collection":[{"href":"https:\/\/flashmode.tn\/magazine\/wp-json\/wp\/v2\/posts"}],"about":[{"href":"https:\/\/flashmode.tn\/magazine\/wp-json\/wp\/v2\/types\/post"}],"author":[{"embeddable":true,"href":"https:\/\/flashmode.tn\/magazine\/wp-json\/wp\/v2\/users\/8"}],"replies":[{"embeddable":true,"href":"https:\/\/flashmode.tn\/magazine\/wp-json\/wp\/v2\/comments?post=107014"}],"version-history":[{"count":2,"href":"https:\/\/flashmode.tn\/magazine\/wp-json\/wp\/v2\/posts\/107014\/revisions"}],"predecessor-version":[{"id":162939,"href":"https:\/\/flashmode.tn\/magazine\/wp-json\/wp\/v2\/posts\/107014\/revisions\/162939"}],"wp:featuredmedia":[{"embeddable":true,"href":"https:\/\/flashmode.tn\/magazine\/wp-json\/wp\/v2\/media\/162937"}],"wp:attachment":[{"href":"https:\/\/flashmode.tn\/magazine\/wp-json\/wp\/v2\/media?parent=107014"}],"wp:term":[{"taxonomy":"category","embeddable":true,"href":"https:\/\/flashmode.tn\/magazine\/wp-json\/wp\/v2\/categories?post=107014"},{"taxonomy":"post_tag","embeddable":true,"href":"https:\/\/flashmode.tn\/magazine\/wp-json\/wp\/v2\/tags?post=107014"}],"curies":[{"name":"wp","href":"https:\/\/api.w.org\/{rel}","templated":true}]}}