{"id":107042,"date":"2024-03-12T04:00:25","date_gmt":"2024-03-12T03:00:25","guid":{"rendered":"https:\/\/flashmode.tn\/magazine\/?p=107042"},"modified":"2024-04-16T15:21:21","modified_gmt":"2024-04-16T13:21:21","slug":"xavier-cantat-wikipedia","status":"publish","type":"post","link":"https:\/\/flashmode.tn\/magazine\/xavier-cantat-wikipedia\/","title":{"rendered":"Xavier Cantat Wikip\u00e9dia : La trajectoire singuli\u00e8re d&rsquo;un artiste engag\u00e9"},"content":{"rendered":"\n<p>D\u00e9couvrez l&rsquo;\u00e9nigmatique Xavier Cantat sur Wikip\u00e9dia : un nom qui r\u00e9sonne, une trajectoire singuli\u00e8re et un engagement artistique et politique fascinant. Qui se cache derri\u00e8re ce nom c\u00e9l\u00e8bre? Plongez dans cet article pour percer le myst\u00e8re et explorer une identit\u00e9 au-del\u00e0 du drame.<\/p>\n\n\n\n<div id=\"ez-toc-container\" class=\"ez-toc-v2_0_81 counter-hierarchy ez-toc-counter ez-toc-grey ez-toc-container-direction\">\n<div class=\"ez-toc-title-container\">\n<p class=\"ez-toc-title\" style=\"cursor:inherit\">Contenus de la page<\/p>\n<span class=\"ez-toc-title-toggle\"><a href=\"#\" class=\"ez-toc-pull-right ez-toc-btn ez-toc-btn-xs ez-toc-btn-default ez-toc-toggle\" aria-label=\"Toggle Table of Content\"><span class=\"ez-toc-js-icon-con\"><span class=\"\"><span class=\"eztoc-hide\" style=\"display:none;\">Toggle<\/span><span class=\"ez-toc-icon-toggle-span\"><svg style=\"fill: #999;color:#999\" xmlns=\"http:\/\/www.w3.org\/2000\/svg\" class=\"list-377408\" width=\"20px\" height=\"20px\" viewBox=\"0 0 24 24\" fill=\"none\"><path d=\"M6 6H4v2h2V6zm14 0H8v2h12V6zM4 11h2v2H4v-2zm16 0H8v2h12v-2zM4 16h2v2H4v-2zm16 0H8v2h12v-2z\" fill=\"currentColor\"><\/path><\/svg><svg style=\"fill: #999;color:#999\" class=\"arrow-unsorted-368013\" xmlns=\"http:\/\/www.w3.org\/2000\/svg\" width=\"10px\" height=\"10px\" viewBox=\"0 0 24 24\" version=\"1.2\" baseProfile=\"tiny\"><path d=\"M18.2 9.3l-6.2-6.3-6.2 6.3c-.2.2-.3.4-.3.7s.1.5.3.7c.2.2.4.3.7.3h11c.3 0 .5-.1.7-.3.2-.2.3-.5.3-.7s-.1-.5-.3-.7zM5.8 14.7l6.2 6.3 6.2-6.3c.2-.2.3-.5.3-.7s-.1-.5-.3-.7c-.2-.2-.4-.3-.7-.3h-11c-.3 0-.5.1-.7.3-.2.2-.3.5-.3.7s.1.5.3.7z\"\/><\/svg><\/span><\/span><\/span><\/a><\/span><\/div>\n<nav><ul class='ez-toc-list ez-toc-list-level-1 ' ><ul class='ez-toc-list-level-3' ><li class='ez-toc-heading-level-3'><a class=\"ez-toc-link ez-toc-heading-1\" href=\"https:\/\/flashmode.tn\/magazine\/xavier-cantat-wikipedia\/#Points_a_retenir\" >Points \u00e0 retenir :<\/a><\/li><\/ul><\/li><li class='ez-toc-page-1 ez-toc-heading-level-2'><a class=\"ez-toc-link ez-toc-heading-2\" href=\"https:\/\/flashmode.tn\/magazine\/xavier-cantat-wikipedia\/#La_trajectoire_singuliere_de_Xavier_Cantat\" >La trajectoire singuli\u00e8re de Xavier Cantat<\/a><\/li><li class='ez-toc-page-1 ez-toc-heading-level-2'><a class=\"ez-toc-link ez-toc-heading-3\" href=\"https:\/\/flashmode.tn\/magazine\/xavier-cantat-wikipedia\/#Qui_est_Xavier_Cantat\" >Qui est Xavier Cantat?<\/a><\/li><li class='ez-toc-page-1 ez-toc-heading-level-2'><a class=\"ez-toc-link ez-toc-heading-4\" href=\"https:\/\/flashmode.tn\/magazine\/xavier-cantat-wikipedia\/#Le_poids_dun_nom\" >Le poids d&rsquo;un nom<\/a><\/li><li class='ez-toc-page-1 ez-toc-heading-level-2'><a class=\"ez-toc-link ez-toc-heading-5\" href=\"https:\/\/flashmode.tn\/magazine\/xavier-cantat-wikipedia\/#Le_retour_controverse_de_Bertrand_Cantat\" >Le retour controvers\u00e9 de Bertrand Cantat<\/a><\/li><li class='ez-toc-page-1 ez-toc-heading-level-2'><a class=\"ez-toc-link ez-toc-heading-6\" href=\"https:\/\/flashmode.tn\/magazine\/xavier-cantat-wikipedia\/#La_discretion_de_Xavier_Cantat\" >La discr\u00e9tion de Xavier Cantat<\/a><\/li><li class='ez-toc-page-1 ez-toc-heading-level-2'><a class=\"ez-toc-link ez-toc-heading-7\" href=\"https:\/\/flashmode.tn\/magazine\/xavier-cantat-wikipedia\/#Un_engagement_politique_affirme\" >Un engagement politique affirm\u00e9<\/a><\/li><li class='ez-toc-page-1 ez-toc-heading-level-2'><a class=\"ez-toc-link ez-toc-heading-8\" href=\"https:\/\/flashmode.tn\/magazine\/xavier-cantat-wikipedia\/#Un_horizon_artistique_varie\" >Un horizon artistique vari\u00e9<\/a><\/li><li class='ez-toc-page-1 ez-toc-heading-level-2'><a class=\"ez-toc-link ez-toc-heading-9\" href=\"https:\/\/flashmode.tn\/magazine\/xavier-cantat-wikipedia\/#Conjuguer_art_et_politique\" >Conjuguer art et politique<\/a><\/li><li class='ez-toc-page-1 ez-toc-heading-level-2'><a class=\"ez-toc-link ez-toc-heading-10\" href=\"https:\/\/flashmode.tn\/magazine\/xavier-cantat-wikipedia\/#Conclusion_Une_identite_au-dela_du_drame\" >Conclusion : Une identit\u00e9 au-del\u00e0 du drame<\/a><\/li><\/ul><\/nav><\/div>\n<h3 class=\"wp-block-heading\" id=\"h-points-a-retenir\"><span class=\"ez-toc-section\" id=\"Points_a_retenir\"><\/span>Points \u00e0 retenir :<span class=\"ez-toc-section-end\"><\/span><\/h3>\n\n\n\n<ul class=\"wp-block-list\">\n<li>Bertrand Cantat, le fr\u00e8re de Xavier Cantat, est un chanteur fran\u00e7ais connu pour son implication dans le groupe Noir D\u00e9sir.<\/li>\n\n\n\n<li>Bertrand Cantat a \u00e9t\u00e9 condamn\u00e9 \u00e0 huit ans de prison pour le meurtre de sa compagne Marie Trintignant, dont il a purg\u00e9 trois ans.<\/li>\n\n\n\n<li>Xavier Cantat est un photographe et le fr\u00e8re de Bertrand Cantat, mais il m\u00e8ne une vie discr\u00e8te et s&rsquo;est engag\u00e9 en politique.<\/li>\n\n\n\n<li>Xavier Cantat est le compagnon de C\u00e9cile Duflot, secr\u00e9taire nationale d&rsquo;Europe \u00c9cologie \u2013 Les Verts.<\/li>\n\n\n\n<li>Xavier Cantat est \u00e9galement passionn\u00e9 de musique et de th\u00e9\u00e2tre, et sa vie est d\u00e9sormais \u00e9loign\u00e9e de celle de son fr\u00e8re.<\/li>\n\n\n\n<li>Bertrand Cantat a fait son retour dans le monde de la musique apr\u00e8s sa lib\u00e9ration de prison et a m\u00eame \u00e9t\u00e9 en couverture d&rsquo;un c\u00e9l\u00e8bre magazine musical en France.<\/li>\n<\/ul>\n\n\n\n<h2 class=\"wp-block-heading\" id=\"h-la-trajectoire-singuliere-de-xavier-cantat\"><span class=\"ez-toc-section\" id=\"La_trajectoire_singuliere_de_Xavier_Cantat\"><\/span>La trajectoire singuli\u00e8re de Xavier Cantat<span class=\"ez-toc-section-end\"><\/span><\/h2>\n\n\n\n<p>Il est des noms qui \u00e9voquent imm\u00e9diatement des histoires complexes et des trajectoires de vie hors du commun. Lorsqu&rsquo;on \u00e9voque le nom de <strong>Xavier Cantat<\/strong>, on pense in\u00e9vitablement \u00e0 son fr\u00e8re, <strong>Bertrand Cantat<\/strong>, dont la carri\u00e8re de musicien et les d\u00e9m\u00eal\u00e9s judiciaires ont fait les gros titres. Pourtant, Xavier Cantat poss\u00e8de sa propre identit\u00e9, ses passions et son engagement, qui m\u00e9ritent d&rsquo;\u00eatre explor\u00e9s \u00e0 part enti\u00e8re.<\/p>\n\n\n\n<h2 class=\"wp-block-heading\" id=\"h-qui-est-xavier-cantat\"><span class=\"ez-toc-section\" id=\"Qui_est_Xavier_Cantat\"><\/span>Qui est Xavier Cantat?<span class=\"ez-toc-section-end\"><\/span><\/h2>\n\n\n\n<p><strong>Xavier Cantat<\/strong> est connu pour \u00eatre le fr\u00e8re de Bertrand Cantat, mais il s\u2019est forg\u00e9 un chemin personnel, loin des projecteurs qui suivent son fr\u00e8re. Photographe de profession, Xavier Cantat est aussi une personnalit\u00e9 publique qui a choisi de s&rsquo;engager en politique. Son compagnonnage avec <strong>C\u00e9cile Duflot<\/strong>, figure de proue d&rsquo;Europe \u00c9cologie \u2013 Les Verts, t\u00e9moigne de son engagement dans l&rsquo;ar\u00e8ne publique. En d\u00e9pit du drame familial qui a secou\u00e9 les fondations de sa vie, Xavier Cantat a suivi sa propre voie, illustrant une capacit\u00e9 \u00e0 se red\u00e9finir et \u00e0 se d\u00e9tacher d&rsquo;un pass\u00e9 douloureux.<\/p>\n\n\n\n<h2 class=\"wp-block-heading\" id=\"h-le-poids-d-un-nom\"><span class=\"ez-toc-section\" id=\"Le_poids_dun_nom\"><\/span>Le poids d&rsquo;un nom<span class=\"ez-toc-section-end\"><\/span><\/h2>\n\n\n\n<p>Le 27 juillet 2003 marque un tournant dans la vie de la fratrie Cantat. Bertrand Cantat, chanteur embl\u00e9matique du groupe Noir D\u00e9sir, est impliqu\u00e9 dans un \u00e9v\u00e9nement tragique qui aboutira \u00e0 la mort de l&rsquo;actrice <strong>Marie Trintignant<\/strong>. Ce fait divers gla\u00e7ant a conduit Bertrand Cantat \u00e0 \u00eatre condamn\u00e9 \u00e0 huit ans de prison, dont il a purg\u00e9 trois. Ce drame a non seulement boulevers\u00e9 sa vie mais a aussi jet\u00e9 une ombre sur ses proches, y compris son fr\u00e8re Xavier.<\/p>\n\n\n\n<h2 class=\"wp-block-heading\" id=\"h-le-retour-controverse-de-bertrand-cantat\"><span class=\"ez-toc-section\" id=\"Le_retour_controverse_de_Bertrand_Cantat\"><\/span>Le retour controvers\u00e9 de Bertrand Cantat<span class=\"ez-toc-section-end\"><\/span><\/h2>\n\n\n\n<p>Apr\u00e8s sa lib\u00e9ration, Bertrand Cantat a tent\u00e9 de reconstruire sa carri\u00e8re musicale. Son retour a \u00e9t\u00e9 marqu\u00e9 par de vives pol\u00e9miques et un m\u00e9lange de soutien et d&rsquo;indignation du public. Sa pr\u00e9sence en <strong>couverture d&rsquo;un c\u00e9l\u00e8bre magazine musical en France<\/strong> a notamment suscit\u00e9 de nombreux d\u00e9bats, refl\u00e9tant la complexit\u00e9 du pardon et de la r\u00e9demption dans l&rsquo;espace public.<\/p>\n\n\n\n<h2 class=\"wp-block-heading\" id=\"h-la-discretion-de-xavier-cantat\"><span class=\"ez-toc-section\" id=\"La_discretion_de_Xavier_Cantat\"><\/span>La discr\u00e9tion de Xavier Cantat<span class=\"ez-toc-section-end\"><\/span><\/h2>\n\n\n\n<p>\u00c0 l&rsquo;oppos\u00e9 de la temp\u00eate m\u00e9diatique qui a entour\u00e9 son fr\u00e8re, Xavier Cantat a choisi une vie discr\u00e8te. Sa biographie est marqu\u00e9e par une existence que l&rsquo;on pourrait qualifier de \u00ab normale \u00bb, si ce n&rsquo;est pour l&rsquo;impact familial et m\u00e9diatique des actions de son fr\u00e8re. Xavier Cantat, passionn\u00e9 de musique et de th\u00e9\u00e2tre, trouve dans l&rsquo;art un refuge et une source d&rsquo;inspiration, tout en poursuivant son engagement politique \u00e0 l&rsquo;\u00e9cart de la lumi\u00e8re crue des paparazzis.<\/p>\n\n\n\n<h2 class=\"wp-block-heading\" id=\"h-un-engagement-politique-affirme\"><span class=\"ez-toc-section\" id=\"Un_engagement_politique_affirme\"><\/span>Un engagement politique affirm\u00e9<span class=\"ez-toc-section-end\"><\/span><\/h2>\n\n\n\n<p>La vie de Xavier Cantat n&rsquo;est pas d\u00e9finie uniquement par son lien de parent\u00e9 avec son fr\u00e8re. Son engagement politique le d\u00e9finit tout autant. En tant que compagnon de C\u00e9cile Duflot, il se trouve au c\u0153ur des dynamiques \u00e9cologistes en France. Sa pr\u00e9sence aux c\u00f4t\u00e9s de cette figure politique t\u00e9moigne d&rsquo;une volont\u00e9 de contribuer au d\u00e9bat sur l&rsquo;avenir de la soci\u00e9t\u00e9 fran\u00e7aise, et notamment sur les questions environnementales.<\/p>\n\n\n\n<h2 class=\"wp-block-heading\" id=\"h-un-horizon-artistique-varie\"><span class=\"ez-toc-section\" id=\"Un_horizon_artistique_varie\"><\/span>Un horizon artistique vari\u00e9<span class=\"ez-toc-section-end\"><\/span><\/h2>\n\n\n\n<p>Photographe, passionn\u00e9 de musique et de th\u00e9\u00e2tre, Xavier Cantat a su cultiver un univers qui lui est propre. Ses \u0153uvres photographiques et ses engagements culturels refl\u00e8tent une qu\u00eate de sens et une sensibilit\u00e9 artistique qui s&rsquo;\u00e9panouissent loin des tumultes associ\u00e9s \u00e0 son nom de famille. Il fr\u00e9quente le th\u00e9\u00e2tre, exprimant ainsi sa cr\u00e9ativit\u00e9 et son int\u00e9r\u00eat pour l&rsquo;expression sc\u00e9nique.<\/p>\n\n\n\n<h2 class=\"wp-block-heading\" id=\"h-conjuguer-art-et-politique\"><span class=\"ez-toc-section\" id=\"Conjuguer_art_et_politique\"><\/span>Conjuguer art et politique<span class=\"ez-toc-section-end\"><\/span><\/h2>\n\n\n\n<p>Si Xavier Cantat a su trouver dans l&rsquo;art une forme d&rsquo;\u00e9chappatoire et de r\u00e9alisation personnelle, c&rsquo;est bien en politique qu&rsquo;il exprime son engagement citoyen. Cette dualit\u00e9 entre art et politique conf\u00e8re \u00e0 sa personnalit\u00e9 une richesse et une complexit\u00e9 qui soulignent la diversit\u00e9 des chemins que l&rsquo;on peut emprunter face \u00e0 l&rsquo;adversit\u00e9 et aux d\u00e9fis de la vie.<\/p>\n\n\n\n<h2 class=\"wp-block-heading\" id=\"h-conclusion-une-identite-au-dela-du-drame\"><span class=\"ez-toc-section\" id=\"Conclusion_Une_identite_au-dela_du_drame\"><\/span>Conclusion : Une identit\u00e9 au-del\u00e0 du drame<span class=\"ez-toc-section-end\"><\/span><\/h2>\n\n\n\n<p>Xavier Cantat incarne l&rsquo;exemple d&rsquo;une personne qui, malgr\u00e9 un nom lourd d&rsquo;histoire et de trag\u00e9die, a su tracer sa propre voie, riche d&rsquo;engagements et de passions. Sa biographie, son parcours politique aux c\u00f4t\u00e9s de C\u00e9cile Duflot et sa carri\u00e8re artistique t\u00e9moignent d&rsquo;une volont\u00e9 de se d\u00e9finir par ses actions et ses choix, et non pas uniquement par son lien familial. La discr\u00e9tion de sa vie publique, compar\u00e9e \u00e0 celle de son fr\u00e8re, est un choix qui m\u00e9rite le respect et qui invite \u00e0 une r\u00e9flexion sur les multiples fa\u00e7ons de composer avec son h\u00e9ritage familial.<\/p>\n\n\n\n<p>En d\u00e9finitive, l&rsquo;histoire de Xavier Cantat est celle d&rsquo;une individualit\u00e9 affirm\u00e9e, d&rsquo;une vie reconstruite avec d\u00e9termination, loin des \u00e9clats et des ombres de son fr\u00e8re. Elle incite \u00e0 regarder au-del\u00e0 du prisme de la c\u00e9l\u00e9brit\u00e9 et \u00e0 reconna\u00eetre la valeur des parcours humains singuliers, o\u00f9 l&rsquo;art et l&rsquo;engagement s&rsquo;entrem\u00ealent pour donner naissance \u00e0 une existence authentique et inspirante.<\/p>\n\n\n\n<p><strong>Qui est Xavier Cantat ?<\/strong><br>Xavier Cantat est un photographe et le fr\u00e8re de Bertrand Cantat, c\u00e9l\u00e8bre chanteur fran\u00e7ais. Il est \u00e9galement engag\u00e9 en politique et le compagnon de C\u00e9cile Duflot, secr\u00e9taire nationale d&rsquo;Europe \u00c9cologie \u2013 Les Verts.<\/p>\n\n\n\n<p><strong>Quelle est la relation entre Xavier Cantat et Bertrand Cantat ?<\/strong><br>Xavier Cantat est le fr\u00e8re de Bertrand Cantat, le c\u00e9l\u00e8bre chanteur fran\u00e7ais connu pour son implication dans le groupe Noir D\u00e9sir.<\/p>\n\n\n\n<p><strong>Quelle est la vie actuelle de Bertrand Cantat ?<\/strong><br>Apr\u00e8s sa lib\u00e9ration de prison, Bertrand Cantat a fait son retour dans le monde de la musique et a m\u00eame \u00e9t\u00e9 en couverture d&rsquo;un c\u00e9l\u00e8bre magazine musical en France.<\/p>\n\n\n\n<p><strong>Quelles sont les passions de Xavier Cantat ?<\/strong><br>Xavier Cantat est passionn\u00e9 de musique et de th\u00e9\u00e2tre, et sa vie est d\u00e9sormais \u00e9loign\u00e9e de celle de son fr\u00e8re.<\/p>\n\n\n\n<p><strong>Quelle est la condamnation de Bertrand Cantat ?<\/strong><br>Bertrand Cantat a \u00e9t\u00e9 condamn\u00e9 \u00e0 huit ans de prison pour le meurtre de sa compagne Marie Trintignant, dont il a purg\u00e9 trois ans.<\/p>\n","protected":false},"excerpt":{"rendered":"<p>D\u00e9couvrez l&rsquo;\u00e9nigmatique Xavier Cantat sur Wikip\u00e9dia : un nom qui r\u00e9sonne, une trajectoire singuli\u00e8re et un engagement artistique et politique fascinant. Qui se cache derri\u00e8re ce nom c\u00e9l\u00e8bre? Plongez dans cet article pour percer le myst\u00e8re et explorer une identit\u00e9 au-del\u00e0 du drame. Points \u00e0 retenir : La trajectoire singuli\u00e8re de Xavier Cantat Il est [&hellip;]<\/p>\n","protected":false},"author":8,"featured_media":163247,"comment_status":"open","ping_status":"open","sticky":false,"template":"","format":"standard","meta":{"tdm_status":"","tdm_grid_status":"","_jetpack_memberships_contains_paid_content":false,"footnotes":"","jetpack_publicize_message":"","jetpack_publicize_feature_enabled":true,"jetpack_social_post_already_shared":true,"jetpack_social_options":{"image_generator_settings":{"template":"highway","default_image_id":0,"font":"","enabled":false},"version":2}},"categories":[79],"tags":[],"class_list":["post-107042","post","type-post","status-publish","format-standard","has-post-thumbnail","hentry","category-people"],"yoast_head":"<!-- This site is optimized with the Yoast SEO Premium plugin v25.0 (Yoast SEO v25.0) - https:\/\/yoast.com\/wordpress\/plugins\/seo\/ -->\n<title>Xavier Cantat Wikip\u00e9dia : La trajectoire singuli\u00e8re d&#039;un artiste engag\u00e9 - Flashmode Magazine | Magazine de mode et style de vie Num\u00e9ro un en Tunisie et au Maghreb<\/title>\n<meta name=\"description\" content=\"D\u00e9couvrez l&#039;\u00e9nigmatique Xavier Cantat sur Wikip\u00e9dia : un nom qui r\u00e9sonne, une trajectoire singuli\u00e8re et un engagement artistique et politique fascinant.\" \/>\n<meta name=\"robots\" content=\"index, follow, max-snippet:-1, max-image-preview:large, max-video-preview:-1\" \/>\n<link rel=\"canonical\" href=\"https:\/\/flashmode.tn\/magazine\/xavier-cantat-wikipedia\/\" \/>\n<meta property=\"og:locale\" content=\"fr_FR\" \/>\n<meta property=\"og:type\" content=\"article\" \/>\n<meta property=\"og:title\" content=\"Xavier Cantat Wikip\u00e9dia : La trajectoire singuli\u00e8re d&#039;un artiste engag\u00e9 - Flashmode Magazine | Magazine de mode et style de vie Num\u00e9ro un en Tunisie et au Maghreb\" \/>\n<meta property=\"og:description\" content=\"D\u00e9couvrez l&#039;\u00e9nigmatique Xavier Cantat sur Wikip\u00e9dia : un nom qui r\u00e9sonne, une trajectoire singuli\u00e8re et un engagement artistique et politique fascinant.\" \/>\n<meta property=\"og:url\" content=\"https:\/\/flashmode.tn\/magazine\/xavier-cantat-wikipedia\/\" \/>\n<meta property=\"og:site_name\" content=\"Flashmode Magazine | Magazine de mode et style de vie Num\u00e9ro un en Tunisie et au Maghreb\" \/>\n<meta property=\"article:publisher\" content=\"https:\/\/www.facebook.com\/flashmode.magazine\/\" \/>\n<meta property=\"article:published_time\" content=\"2024-03-12T03:00:25+00:00\" \/>\n<meta property=\"article:modified_time\" content=\"2024-04-16T13:21:21+00:00\" \/>\n<meta property=\"og:image\" content=\"https:\/\/flashmode.tn\/magazine\/wp-content\/uploads\/2024\/03\/Tatouage-Femme-Discret-Elegance-et-Symbolisme-Subtil-3.png\" \/>\n\t<meta property=\"og:image:width\" content=\"1640\" \/>\n\t<meta property=\"og:image:height\" content=\"924\" \/>\n\t<meta property=\"og:image:type\" content=\"image\/png\" \/>\n<meta name=\"author\" content=\"The Daileigh\" \/>\n<meta name=\"twitter:card\" content=\"summary_large_image\" \/>\n<meta name=\"twitter:creator\" content=\"@agenceflashmode\" \/>\n<meta name=\"twitter:site\" content=\"@agenceflashmode\" \/>\n<meta name=\"twitter:label1\" content=\"\u00c9crit par\" \/>\n\t<meta name=\"twitter:data1\" content=\"The Daileigh\" \/>\n\t<meta name=\"twitter:label2\" content=\"Dur\u00e9e de lecture estim\u00e9e\" \/>\n\t<meta name=\"twitter:data2\" content=\"6 minutes\" \/>\n<script type=\"application\/ld+json\" class=\"yoast-schema-graph\">{\"@context\":\"https:\/\/schema.org\",\"@graph\":[{\"@type\":\"WebPage\",\"@id\":\"https:\/\/flashmode.tn\/magazine\/xavier-cantat-wikipedia\/\",\"url\":\"https:\/\/flashmode.tn\/magazine\/xavier-cantat-wikipedia\/\",\"name\":\"Xavier Cantat Wikip\u00e9dia : La trajectoire singuli\u00e8re d'un artiste engag\u00e9 - Flashmode Magazine | Magazine de mode et style de vie Num\u00e9ro un en Tunisie et au Maghreb\",\"isPartOf\":{\"@id\":\"https:\/\/flashmode.tn\/magazine\/#website\"},\"primaryImageOfPage\":{\"@id\":\"https:\/\/flashmode.tn\/magazine\/xavier-cantat-wikipedia\/#primaryimage\"},\"image\":{\"@id\":\"https:\/\/flashmode.tn\/magazine\/xavier-cantat-wikipedia\/#primaryimage\"},\"thumbnailUrl\":\"https:\/\/i0.wp.com\/flashmode.tn\/magazine\/wp-content\/uploads\/2024\/03\/Tatouage-Femme-Discret-Elegance-et-Symbolisme-Subtil-3.png?fit=1640%2C924&ssl=1\",\"datePublished\":\"2024-03-12T03:00:25+00:00\",\"dateModified\":\"2024-04-16T13:21:21+00:00\",\"author\":{\"@id\":\"https:\/\/flashmode.tn\/magazine\/#\/schema\/person\/79940f8af94166a445dd5bd6b3137682\"},\"description\":\"D\u00e9couvrez l'\u00e9nigmatique Xavier Cantat sur Wikip\u00e9dia : un nom qui r\u00e9sonne, une trajectoire singuli\u00e8re et un engagement artistique et politique fascinant.\",\"breadcrumb\":{\"@id\":\"https:\/\/flashmode.tn\/magazine\/xavier-cantat-wikipedia\/#breadcrumb\"},\"inLanguage\":\"fr-FR\",\"potentialAction\":[{\"@type\":\"ReadAction\",\"target\":[\"https:\/\/flashmode.tn\/magazine\/xavier-cantat-wikipedia\/\"]}]},{\"@type\":\"ImageObject\",\"inLanguage\":\"fr-FR\",\"@id\":\"https:\/\/flashmode.tn\/magazine\/xavier-cantat-wikipedia\/#primaryimage\",\"url\":\"https:\/\/i0.wp.com\/flashmode.tn\/magazine\/wp-content\/uploads\/2024\/03\/Tatouage-Femme-Discret-Elegance-et-Symbolisme-Subtil-3.png?fit=1640%2C924&ssl=1\",\"contentUrl\":\"https:\/\/i0.wp.com\/flashmode.tn\/magazine\/wp-content\/uploads\/2024\/03\/Tatouage-Femme-Discret-Elegance-et-Symbolisme-Subtil-3.png?fit=1640%2C924&ssl=1\",\"width\":1640,\"height\":924,\"caption\":\"Xavier Cantat\"},{\"@type\":\"BreadcrumbList\",\"@id\":\"https:\/\/flashmode.tn\/magazine\/xavier-cantat-wikipedia\/#breadcrumb\",\"itemListElement\":[{\"@type\":\"ListItem\",\"position\":1,\"name\":\"Accueil\",\"item\":\"https:\/\/flashmode.tn\/magazine\/\"},{\"@type\":\"ListItem\",\"position\":2,\"name\":\"Xavier Cantat Wikip\u00e9dia : La trajectoire singuli\u00e8re d&rsquo;un artiste engag\u00e9\"}]},{\"@type\":\"WebSite\",\"@id\":\"https:\/\/flashmode.tn\/magazine\/#website\",\"url\":\"https:\/\/flashmode.tn\/magazine\/\",\"name\":\"Flashmode Magazine | Magazine de mode et style de vie Num\u00e9ro un en Tunisie et au Maghreb\",\"description\":\"Magazine de mode et style de vie Num\u00e9ro un en Tunisie et au Maghreb, cr\u00e9\u00e9 pour les hommes et les femmes : conseils beaut\u00e9, mode femme, mode homme, recettes de cuisine, c\u00e9l\u00e9brit\u00e9s et people, mannequins et top modeles\",\"potentialAction\":[{\"@type\":\"SearchAction\",\"target\":{\"@type\":\"EntryPoint\",\"urlTemplate\":\"https:\/\/flashmode.tn\/magazine\/?s={search_term_string}\"},\"query-input\":{\"@type\":\"PropertyValueSpecification\",\"valueRequired\":true,\"valueName\":\"search_term_string\"}}],\"inLanguage\":\"fr-FR\"},{\"@type\":\"Person\",\"@id\":\"https:\/\/flashmode.tn\/magazine\/#\/schema\/person\/79940f8af94166a445dd5bd6b3137682\",\"name\":\"The Daileigh\",\"image\":{\"@type\":\"ImageObject\",\"inLanguage\":\"fr-FR\",\"@id\":\"https:\/\/flashmode.tn\/magazine\/#\/schema\/person\/image\/\",\"url\":\"https:\/\/secure.gravatar.com\/avatar\/30d4d60865d61de3434abd01cb8b4ec5e5b5eb5a274017461832a54857b1770d?s=96&d=mm&r=g\",\"contentUrl\":\"https:\/\/secure.gravatar.com\/avatar\/30d4d60865d61de3434abd01cb8b4ec5e5b5eb5a274017461832a54857b1770d?s=96&d=mm&r=g\",\"caption\":\"The Daileigh\"},\"url\":\"https:\/\/flashmode.tn\/magazine\/author\/the-daileigh\/\"}]}<\/script>\n<!-- \/ Yoast SEO Premium plugin. -->","yoast_head_json":{"title":"Xavier Cantat Wikip\u00e9dia : La trajectoire singuli\u00e8re d'un artiste engag\u00e9 - Flashmode Magazine | Magazine de mode et style de vie Num\u00e9ro un en Tunisie et au Maghreb","description":"D\u00e9couvrez l'\u00e9nigmatique Xavier Cantat sur Wikip\u00e9dia : un nom qui r\u00e9sonne, une trajectoire singuli\u00e8re et un engagement artistique et politique fascinant.","robots":{"index":"index","follow":"follow","max-snippet":"max-snippet:-1","max-image-preview":"max-image-preview:large","max-video-preview":"max-video-preview:-1"},"canonical":"https:\/\/flashmode.tn\/magazine\/xavier-cantat-wikipedia\/","og_locale":"fr_FR","og_type":"article","og_title":"Xavier Cantat Wikip\u00e9dia : La trajectoire singuli\u00e8re d'un artiste engag\u00e9 - Flashmode Magazine | Magazine de mode et style de vie Num\u00e9ro un en Tunisie et au Maghreb","og_description":"D\u00e9couvrez l'\u00e9nigmatique Xavier Cantat sur Wikip\u00e9dia : un nom qui r\u00e9sonne, une trajectoire singuli\u00e8re et un engagement artistique et politique fascinant.","og_url":"https:\/\/flashmode.tn\/magazine\/xavier-cantat-wikipedia\/","og_site_name":"Flashmode Magazine | Magazine de mode et style de vie Num\u00e9ro un en Tunisie et au Maghreb","article_publisher":"https:\/\/www.facebook.com\/flashmode.magazine\/","article_published_time":"2024-03-12T03:00:25+00:00","article_modified_time":"2024-04-16T13:21:21+00:00","og_image":[{"width":1640,"height":924,"url":"https:\/\/flashmode.tn\/magazine\/wp-content\/uploads\/2024\/03\/Tatouage-Femme-Discret-Elegance-et-Symbolisme-Subtil-3.png","type":"image\/png"}],"author":"The Daileigh","twitter_card":"summary_large_image","twitter_creator":"@agenceflashmode","twitter_site":"@agenceflashmode","twitter_misc":{"\u00c9crit par":"The Daileigh","Dur\u00e9e de lecture estim\u00e9e":"6 minutes"},"schema":{"@context":"https:\/\/schema.org","@graph":[{"@type":"WebPage","@id":"https:\/\/flashmode.tn\/magazine\/xavier-cantat-wikipedia\/","url":"https:\/\/flashmode.tn\/magazine\/xavier-cantat-wikipedia\/","name":"Xavier Cantat Wikip\u00e9dia : La trajectoire singuli\u00e8re d'un artiste engag\u00e9 - Flashmode Magazine | Magazine de mode et style de vie Num\u00e9ro un en Tunisie et au Maghreb","isPartOf":{"@id":"https:\/\/flashmode.tn\/magazine\/#website"},"primaryImageOfPage":{"@id":"https:\/\/flashmode.tn\/magazine\/xavier-cantat-wikipedia\/#primaryimage"},"image":{"@id":"https:\/\/flashmode.tn\/magazine\/xavier-cantat-wikipedia\/#primaryimage"},"thumbnailUrl":"https:\/\/i0.wp.com\/flashmode.tn\/magazine\/wp-content\/uploads\/2024\/03\/Tatouage-Femme-Discret-Elegance-et-Symbolisme-Subtil-3.png?fit=1640%2C924&ssl=1","datePublished":"2024-03-12T03:00:25+00:00","dateModified":"2024-04-16T13:21:21+00:00","author":{"@id":"https:\/\/flashmode.tn\/magazine\/#\/schema\/person\/79940f8af94166a445dd5bd6b3137682"},"description":"D\u00e9couvrez l'\u00e9nigmatique Xavier Cantat sur Wikip\u00e9dia : un nom qui r\u00e9sonne, une trajectoire singuli\u00e8re et un engagement artistique et politique fascinant.","breadcrumb":{"@id":"https:\/\/flashmode.tn\/magazine\/xavier-cantat-wikipedia\/#breadcrumb"},"inLanguage":"fr-FR","potentialAction":[{"@type":"ReadAction","target":["https:\/\/flashmode.tn\/magazine\/xavier-cantat-wikipedia\/"]}]},{"@type":"ImageObject","inLanguage":"fr-FR","@id":"https:\/\/flashmode.tn\/magazine\/xavier-cantat-wikipedia\/#primaryimage","url":"https:\/\/i0.wp.com\/flashmode.tn\/magazine\/wp-content\/uploads\/2024\/03\/Tatouage-Femme-Discret-Elegance-et-Symbolisme-Subtil-3.png?fit=1640%2C924&ssl=1","contentUrl":"https:\/\/i0.wp.com\/flashmode.tn\/magazine\/wp-content\/uploads\/2024\/03\/Tatouage-Femme-Discret-Elegance-et-Symbolisme-Subtil-3.png?fit=1640%2C924&ssl=1","width":1640,"height":924,"caption":"Xavier Cantat"},{"@type":"BreadcrumbList","@id":"https:\/\/flashmode.tn\/magazine\/xavier-cantat-wikipedia\/#breadcrumb","itemListElement":[{"@type":"ListItem","position":1,"name":"Accueil","item":"https:\/\/flashmode.tn\/magazine\/"},{"@type":"ListItem","position":2,"name":"Xavier Cantat Wikip\u00e9dia : La trajectoire singuli\u00e8re d&rsquo;un artiste engag\u00e9"}]},{"@type":"WebSite","@id":"https:\/\/flashmode.tn\/magazine\/#website","url":"https:\/\/flashmode.tn\/magazine\/","name":"Flashmode Magazine | Magazine de mode et style de vie Num\u00e9ro un en Tunisie et au Maghreb","description":"Magazine de mode et style de vie Num\u00e9ro un en Tunisie et au Maghreb, cr\u00e9\u00e9 pour les hommes et les femmes : conseils beaut\u00e9, mode femme, mode homme, recettes de cuisine, c\u00e9l\u00e9brit\u00e9s et people, mannequins et top modeles","potentialAction":[{"@type":"SearchAction","target":{"@type":"EntryPoint","urlTemplate":"https:\/\/flashmode.tn\/magazine\/?s={search_term_string}"},"query-input":{"@type":"PropertyValueSpecification","valueRequired":true,"valueName":"search_term_string"}}],"inLanguage":"fr-FR"},{"@type":"Person","@id":"https:\/\/flashmode.tn\/magazine\/#\/schema\/person\/79940f8af94166a445dd5bd6b3137682","name":"The Daileigh","image":{"@type":"ImageObject","inLanguage":"fr-FR","@id":"https:\/\/flashmode.tn\/magazine\/#\/schema\/person\/image\/","url":"https:\/\/secure.gravatar.com\/avatar\/30d4d60865d61de3434abd01cb8b4ec5e5b5eb5a274017461832a54857b1770d?s=96&d=mm&r=g","contentUrl":"https:\/\/secure.gravatar.com\/avatar\/30d4d60865d61de3434abd01cb8b4ec5e5b5eb5a274017461832a54857b1770d?s=96&d=mm&r=g","caption":"The Daileigh"},"url":"https:\/\/flashmode.tn\/magazine\/author\/the-daileigh\/"}]}},"jetpack_publicize_connections":[],"jetpack_featured_media_url":"https:\/\/i0.wp.com\/flashmode.tn\/magazine\/wp-content\/uploads\/2024\/03\/Tatouage-Femme-Discret-Elegance-et-Symbolisme-Subtil-3.png?fit=1640%2C924&ssl=1","jetpack_shortlink":"https:\/\/wp.me\/p8BPGr-rQu","jetpack_sharing_enabled":true,"_links":{"self":[{"href":"https:\/\/flashmode.tn\/magazine\/wp-json\/wp\/v2\/posts\/107042","targetHints":{"allow":["GET"]}}],"collection":[{"href":"https:\/\/flashmode.tn\/magazine\/wp-json\/wp\/v2\/posts"}],"about":[{"href":"https:\/\/flashmode.tn\/magazine\/wp-json\/wp\/v2\/types\/post"}],"author":[{"embeddable":true,"href":"https:\/\/flashmode.tn\/magazine\/wp-json\/wp\/v2\/users\/8"}],"replies":[{"embeddable":true,"href":"https:\/\/flashmode.tn\/magazine\/wp-json\/wp\/v2\/comments?post=107042"}],"version-history":[{"count":2,"href":"https:\/\/flashmode.tn\/magazine\/wp-json\/wp\/v2\/posts\/107042\/revisions"}],"predecessor-version":[{"id":163015,"href":"https:\/\/flashmode.tn\/magazine\/wp-json\/wp\/v2\/posts\/107042\/revisions\/163015"}],"wp:featuredmedia":[{"embeddable":true,"href":"https:\/\/flashmode.tn\/magazine\/wp-json\/wp\/v2\/media\/163247"}],"wp:attachment":[{"href":"https:\/\/flashmode.tn\/magazine\/wp-json\/wp\/v2\/media?parent=107042"}],"wp:term":[{"taxonomy":"category","embeddable":true,"href":"https:\/\/flashmode.tn\/magazine\/wp-json\/wp\/v2\/categories?post=107042"},{"taxonomy":"post_tag","embeddable":true,"href":"https:\/\/flashmode.tn\/magazine\/wp-json\/wp\/v2\/tags?post=107042"}],"curies":[{"name":"wp","href":"https:\/\/api.w.org\/{rel}","templated":true}]}}