{"id":107048,"date":"2024-03-12T03:22:00","date_gmt":"2024-03-12T02:22:00","guid":{"rendered":"https:\/\/flashmode.tn\/magazine\/?p=107048"},"modified":"2024-04-15T17:24:33","modified_gmt":"2024-04-15T15:24:33","slug":"antoine-mesnier-couple","status":"publish","type":"post","link":"https:\/\/flashmode.tn\/magazine\/antoine-mesnier-couple\/","title":{"rendered":"Antoine Mesnier Couple : L&rsquo;amour et la force face \u00e0 la maladie"},"content":{"rendered":"\n<p>L&rsquo;amour peut \u00eatre une force puissante, surtout lorsqu&rsquo;il est mis \u00e0 l&rsquo;\u00e9preuve par la maladie. Dans cet article, nous plongeons dans l&rsquo;histoire inspirante du couple form\u00e9 par Marina Carr\u00e8re d&rsquo;Encausse et Antoine Mesnier, confront\u00e9 \u00e0 la maladie de Charcot. D\u00e9couvrez comment ces deux personnages, chacun \u00e0 leur mani\u00e8re, font face \u00e0 cette \u00e9preuve avec courage, amour et d\u00e9termination. Accrochez-vous, car cette histoire est une le\u00e7on de vie \u00e0 ne pas manquer.<\/p>\n\n\n\n<div id=\"ez-toc-container\" class=\"ez-toc-v2_0_81 counter-hierarchy ez-toc-counter ez-toc-grey ez-toc-container-direction\">\n<div class=\"ez-toc-title-container\">\n<p class=\"ez-toc-title\" style=\"cursor:inherit\">Contenus de la page<\/p>\n<span class=\"ez-toc-title-toggle\"><a href=\"#\" class=\"ez-toc-pull-right ez-toc-btn ez-toc-btn-xs ez-toc-btn-default ez-toc-toggle\" aria-label=\"Toggle Table of Content\"><span class=\"ez-toc-js-icon-con\"><span class=\"\"><span class=\"eztoc-hide\" style=\"display:none;\">Toggle<\/span><span class=\"ez-toc-icon-toggle-span\"><svg style=\"fill: #999;color:#999\" xmlns=\"http:\/\/www.w3.org\/2000\/svg\" class=\"list-377408\" width=\"20px\" height=\"20px\" viewBox=\"0 0 24 24\" fill=\"none\"><path d=\"M6 6H4v2h2V6zm14 0H8v2h12V6zM4 11h2v2H4v-2zm16 0H8v2h12v-2zM4 16h2v2H4v-2zm16 0H8v2h12v-2z\" fill=\"currentColor\"><\/path><\/svg><svg style=\"fill: #999;color:#999\" class=\"arrow-unsorted-368013\" xmlns=\"http:\/\/www.w3.org\/2000\/svg\" width=\"10px\" height=\"10px\" viewBox=\"0 0 24 24\" version=\"1.2\" baseProfile=\"tiny\"><path d=\"M18.2 9.3l-6.2-6.3-6.2 6.3c-.2.2-.3.4-.3.7s.1.5.3.7c.2.2.4.3.7.3h11c.3 0 .5-.1.7-.3.2-.2.3-.5.3-.7s-.1-.5-.3-.7zM5.8 14.7l6.2 6.3 6.2-6.3c.2-.2.3-.5.3-.7s-.1-.5-.3-.7c-.2-.2-.4-.3-.7-.3h-11c-.3 0-.5.1-.7.3-.2.2-.3.5-.3.7s.1.5.3.7z\"\/><\/svg><\/span><\/span><\/span><\/a><\/span><\/div>\n<nav><ul class='ez-toc-list ez-toc-list-level-1 ' ><ul class='ez-toc-list-level-3' ><li class='ez-toc-heading-level-3'><a class=\"ez-toc-link ez-toc-heading-1\" href=\"https:\/\/flashmode.tn\/magazine\/antoine-mesnier-couple\/#Points_a_retenir\" >Points \u00e0 retenir :<\/a><\/li><\/ul><\/li><li class='ez-toc-page-1 ez-toc-heading-level-2'><a class=\"ez-toc-link ez-toc-heading-2\" href=\"https:\/\/flashmode.tn\/magazine\/antoine-mesnier-couple\/#La_force_de_lamour_face_a_la_maladie_Marina_Carrere_dEncausse_et_Antoine_Mesnier\" >La force de l&rsquo;amour face \u00e0 la maladie : Marina Carr\u00e8re d&rsquo;Encausse et Antoine Mesnier<\/a><ul class='ez-toc-list-level-3' ><li class='ez-toc-heading-level-3'><a class=\"ez-toc-link ez-toc-heading-3\" href=\"https:\/\/flashmode.tn\/magazine\/antoine-mesnier-couple\/#Antoine_Mesnier_un_medecin_face_a_sa_propre_vulnerabilite\" >Antoine Mesnier : un m\u00e9decin face \u00e0 sa propre vuln\u00e9rabilit\u00e9<\/a><\/li><li class='ez-toc-page-1 ez-toc-heading-level-3'><a class=\"ez-toc-link ez-toc-heading-4\" href=\"https:\/\/flashmode.tn\/magazine\/antoine-mesnier-couple\/#Marina_Carrere_dEncausse_une_partenaire_inebranlable\" >Marina Carr\u00e8re d&rsquo;Encausse : une partenaire in\u00e9branlable<\/a><\/li><li class='ez-toc-page-1 ez-toc-heading-level-3'><a class=\"ez-toc-link ez-toc-heading-5\" href=\"https:\/\/flashmode.tn\/magazine\/antoine-mesnier-couple\/#Un_%C2%AB_parfait_amour_%C2%BB_qui_transcende_les_difficultes\" >Un \u00ab\u00a0parfait amour\u00a0\u00bb qui transcende les difficult\u00e9s<\/a><\/li><li class='ez-toc-page-1 ez-toc-heading-level-3'><a class=\"ez-toc-link ez-toc-heading-6\" href=\"https:\/\/flashmode.tn\/magazine\/antoine-mesnier-couple\/#Le_combat_quotidien_contre_la_maladie_de_Charcot\" >Le combat quotidien contre la maladie de Charcot<\/a><\/li><li class='ez-toc-page-1 ez-toc-heading-level-3'><a class=\"ez-toc-link ez-toc-heading-7\" href=\"https:\/\/flashmode.tn\/magazine\/antoine-mesnier-couple\/#La_transparence_et_le_temoignage_comme_armes_contre_lisolement\" >La transparence et le t\u00e9moignage comme armes contre l&rsquo;isolement<\/a><\/li><li class='ez-toc-page-1 ez-toc-heading-level-3'><a class=\"ez-toc-link ez-toc-heading-8\" href=\"https:\/\/flashmode.tn\/magazine\/antoine-mesnier-couple\/#La_sensibilisation_a_travers_les_medias\" >La sensibilisation \u00e0 travers les m\u00e9dias<\/a><\/li><li class='ez-toc-page-1 ez-toc-heading-level-3'><a class=\"ez-toc-link ez-toc-heading-9\" href=\"https:\/\/flashmode.tn\/magazine\/antoine-mesnier-couple\/#Des_lecons_de_vie_et_damour\" >Des le\u00e7ons de vie et d&rsquo;amour<\/a><\/li><li class='ez-toc-page-1 ez-toc-heading-level-3'><a class=\"ez-toc-link ez-toc-heading-10\" href=\"https:\/\/flashmode.tn\/magazine\/antoine-mesnier-couple\/#Pourquoi_ne_pas_vivre_uniquement_dans_lombre_de_la_maladie\" >Pourquoi ne pas vivre uniquement dans l&rsquo;ombre de la maladie<\/a><\/li><li class='ez-toc-page-1 ez-toc-heading-level-3'><a class=\"ez-toc-link ez-toc-heading-11\" href=\"https:\/\/flashmode.tn\/magazine\/antoine-mesnier-couple\/#Conclusion_Une_lecon_de_courage_et_de_tendresse\" >Conclusion : Une le\u00e7on de courage et de tendresse<\/a><\/li><\/ul><\/li><\/ul><\/nav><\/div>\n<h3 class=\"wp-block-heading\" id=\"h-points-a-retenir\"><span class=\"ez-toc-section\" id=\"Points_a_retenir\"><\/span>Points \u00e0 retenir :<span class=\"ez-toc-section-end\"><\/span><\/h3>\n\n\n\n<ul class=\"wp-block-list\">\n<li>Antoine Mesnier est un m\u00e9decin et rugbyman bordelais, connu pour \u00eatre le compagnon de Marina Carr\u00e8re d&rsquo;Encausse.<\/li>\n\n\n\n<li>Antoine Mesnier est atteint de la maladie de Charcot, ce qui a un impact sur sa vie et celle de Marina Carr\u00e8re d&rsquo;Encausse.<\/li>\n\n\n\n<li>Marina Carr\u00e8re d&rsquo;Encausse et Antoine Mesnier sont en couple depuis plusieurs ann\u00e9es et partagent une relation solide malgr\u00e9 les d\u00e9fis li\u00e9s \u00e0 la maladie.<\/li>\n\n\n\n<li>Le couple form\u00e9 par Marina Carr\u00e8re d&rsquo;Encausse et Antoine Mesnier fait face \u00e0 la r\u00e9alit\u00e9 de la maladie et t\u00e9moigne de son exp\u00e9rience dans des documentaires.<\/li>\n\n\n\n<li>La relation entre Marina Carr\u00e8re d&rsquo;Encausse et Antoine Mesnier est d\u00e9crite comme un \u00ab\u00a0parfait amour\u00a0\u00bb malgr\u00e9 les difficult\u00e9s li\u00e9es \u00e0 la maladie de ce dernier.<\/li>\n<\/ul>\n\n\n\n<h2 class=\"wp-block-heading\" id=\"h-la-force-de-l-amour-face-a-la-maladie-marina-carrere-d-encausse-et-antoine-mesnier\"><span class=\"ez-toc-section\" id=\"La_force_de_lamour_face_a_la_maladie_Marina_Carrere_dEncausse_et_Antoine_Mesnier\"><\/span>La force de l&rsquo;amour face \u00e0 la maladie : Marina Carr\u00e8re d&rsquo;Encausse et Antoine Mesnier<span class=\"ez-toc-section-end\"><\/span><\/h2>\n\n\n\n<p>La maladie est une \u00e9preuve qui teste la solidit\u00e9 des liens affectifs, la profondeur de l&rsquo;amour et la r\u00e9silience des individus. Le cas de <strong>Marina Carr\u00e8re d&rsquo;Encausse et de son compagnon Antoine Mesnier<\/strong> est un exemple poignant de la mani\u00e8re dont un couple peut faire face \u00e0 une r\u00e9alit\u00e9 difficile tout en pr\u00e9servant la flamme de leur union.<\/p>\n\n\n\n<h3 class=\"wp-block-heading\" id=\"h-antoine-mesnier-un-medecin-face-a-sa-propre-vulnerabilite\"><span class=\"ez-toc-section\" id=\"Antoine_Mesnier_un_medecin_face_a_sa_propre_vulnerabilite\"><\/span>Antoine Mesnier : un m\u00e9decin face \u00e0 sa propre vuln\u00e9rabilit\u00e9<span class=\"ez-toc-section-end\"><\/span><\/h3>\n\n\n\n<p>Antoine Mesnier, n\u00e9 en 1957, est un m\u00e9decin et ancien rugbyman bordelais, dont la vie a pris un tournant inattendu avec le diagnostic de la <strong>maladie de Charcot<\/strong>. Cette maladie neurod\u00e9g\u00e9n\u00e9rative, aussi connue sous le nom de scl\u00e9rose lat\u00e9rale amyotrophique (SLA), se manifeste par une d\u00e9g\u00e9n\u00e9rescence progressive des neurones moteurs, conduisant \u00e0 une paralysie graduelle. L&rsquo;annonce de cette maladie a \u00e9t\u00e9 un choc pour lui-m\u00eame et pour sa compagne, Marina Carr\u00e8re d&rsquo;Encausse, connue du public pour son r\u00f4le de journaliste et animatrice sur France 5.<\/p>\n\n\n\n<h3 class=\"wp-block-heading\" id=\"h-marina-carrere-d-encausse-une-partenaire-inebranlable\"><span class=\"ez-toc-section\" id=\"Marina_Carrere_dEncausse_une_partenaire_inebranlable\"><\/span>Marina Carr\u00e8re d&rsquo;Encausse : une partenaire in\u00e9branlable<span class=\"ez-toc-section-end\"><\/span><\/h3>\n\n\n\n<p>Marina Carr\u00e8re d&rsquo;Encausse est une figure respect\u00e9e du paysage m\u00e9diatique fran\u00e7ais. Son engagement personnel et professionnel est mis \u00e0 rude \u00e9preuve face \u00e0 la maladie de son conjoint. Pourtant, elle reste imperturbable et d\u00e9montre un soutien sans faille \u00e0 <strong>Antoine Mesnier<\/strong>. En couple depuis plusieurs ann\u00e9es, leur amour a su s&rsquo;adapter et \u00e9voluer pour int\u00e9grer cette nouvelle r\u00e9alit\u00e9 dans leur quotidien.<\/p>\n\n\n\n<h3 class=\"wp-block-heading\" id=\"h-un-parfait-amour-qui-transcende-les-difficultes\"><span class=\"ez-toc-section\" id=\"Un_%C2%AB_parfait_amour_%C2%BB_qui_transcende_les_difficultes\"><\/span>Un \u00ab\u00a0parfait amour\u00a0\u00bb qui transcende les difficult\u00e9s<span class=\"ez-toc-section-end\"><\/span><\/h3>\n\n\n\n<p>Le terme de \u00ab\u00a0parfait amour\u00a0\u00bb pourrait sembler exag\u00e9r\u00e9 lorsqu&rsquo;il s&rsquo;agit de d\u00e9crire une relation qui doit composer avec une pathologie aussi d\u00e9vastatrice. Toutefois, l&rsquo;expression rev\u00eat ici tout son sens, \u00e9voquant une relation bas\u00e9e sur l&rsquo;acceptation, le partage et l&rsquo;admirable capacit\u00e9 \u00e0 trouver de la joie et de la force m\u00eame dans l&rsquo;adversit\u00e9. Leur histoire est un t\u00e9moignage vivant qu&rsquo;au-del\u00e0 de la maladie, l&rsquo;affection et la complicit\u00e9 restent intactes.<\/p>\n\n\n\n<h3 class=\"wp-block-heading\" id=\"h-le-combat-quotidien-contre-la-maladie-de-charcot\"><span class=\"ez-toc-section\" id=\"Le_combat_quotidien_contre_la_maladie_de_Charcot\"><\/span>Le combat quotidien contre la maladie de Charcot<span class=\"ez-toc-section-end\"><\/span><\/h3>\n\n\n\n<p>La SLA est une maladie sans cure actuellement connue, et son \u00e9volution est impr\u00e9visible. Face \u00e0 cette incertitude, <strong>Marina Carr\u00e8re d&rsquo;Encausse et Antoine Mesnier<\/strong> ont choisi de ne pas laisser la maladie d\u00e9finir enti\u00e8rement leurs vies. Leur d\u00e9marche proactive se manifeste par la participation \u00e0 des documentaires et des initiatives visant \u00e0 sensibiliser le public \u00e0 cette condition peu connue et souvent mal comprise.<\/p>\n\n\n\n<h3 class=\"wp-block-heading\" id=\"h-la-transparence-et-le-temoignage-comme-armes-contre-l-isolement\"><span class=\"ez-toc-section\" id=\"La_transparence_et_le_temoignage_comme_armes_contre_lisolement\"><\/span>La transparence et le t\u00e9moignage comme armes contre l&rsquo;isolement<span class=\"ez-toc-section-end\"><\/span><\/h3>\n\n\n\n<blockquote class=\"wp-block-quote is-layout-flow wp-block-quote-is-layout-flow\">\n<p>\u00ab\u00a0Antoine est venu me voir un jour en me disant : &lsquo;J&rsquo;ai envie de faire ce documentaire. Je ne veux pas qu&rsquo;on me plaigne, je veux montrer ce qu&rsquo;est la SLA'\u00a0\u00bb,<\/p>\n<\/blockquote>\n\n\n\n<p>Marina Carr\u00e8re d&rsquo;Encausse r\u00e9v\u00e8le \u00e0 travers ces mots la d\u00e9termination de son compagnon \u00e0 briser le silence autour de la maladie. Ce d\u00e9sir de partager leur exp\u00e9rience est une d\u00e9marche courageuse qui permet non seulement de mettre en lumi\u00e8re la r\u00e9alit\u00e9 de la SLA, mais aussi de cr\u00e9er une communaut\u00e9 de soutien pour les personnes affect\u00e9es et leurs proches.<\/p>\n\n\n\n<h3 class=\"wp-block-heading\" id=\"h-la-sensibilisation-a-travers-les-medias\"><span class=\"ez-toc-section\" id=\"La_sensibilisation_a_travers_les_medias\"><\/span>La sensibilisation \u00e0 travers les m\u00e9dias<span class=\"ez-toc-section-end\"><\/span><\/h3>\n\n\n\n<p>Le 26 septembre 2023, le couple a t\u00e9moign\u00e9 dans le documentaire \u00ab\u00a0Fin de vie : pour quels droits?\u00a0\u00bb diffus\u00e9 sur France 5. Ce genre d&rsquo;initiative contribue \u00e0 \u00e9duquer le public et \u00e0 ouvrir un dialogue sur des sujets souvent tabous, tels que la fin de vie et les droits des patients atteints de maladies incurables. Leur ouverture et leur honn\u00eatet\u00e9 offrent une perspective rare et n\u00e9cessaire sur ces questions complexes.<\/p>\n\n\n\n<h3 class=\"wp-block-heading\" id=\"h-des-lecons-de-vie-et-d-amour\"><span class=\"ez-toc-section\" id=\"Des_lecons_de_vie_et_damour\"><\/span>Des le\u00e7ons de vie et d&rsquo;amour<span class=\"ez-toc-section-end\"><\/span><\/h3>\n\n\n\n<p>La relation entre <strong>Marina Carr\u00e8re d&rsquo;Encausse et Antoine Mesnier<\/strong> est une source d&rsquo;inspiration pour de nombreuses personnes confront\u00e9es \u00e0 des situations similaires. Ils montrent qu&rsquo;avec de l&rsquo;amour, de la communication et un engagement commun, il est possible de composer avec des d\u00e9fis qui semblent insurmontables.<\/p>\n\n\n\n<h3 class=\"wp-block-heading\" id=\"h-pourquoi-ne-pas-vivre-uniquement-dans-l-ombre-de-la-maladie\"><span class=\"ez-toc-section\" id=\"Pourquoi_ne_pas_vivre_uniquement_dans_lombre_de_la_maladie\"><\/span>Pourquoi ne pas vivre uniquement dans l&rsquo;ombre de la maladie<span class=\"ez-toc-section-end\"><\/span><\/h3>\n\n\n\n<p>Marina Carr\u00e8re d&rsquo;Encausse et Antoine Mesnier ont fait le choix d\u00e9lib\u00e9r\u00e9 de ne pas laisser la SLA occuper toute la place dans leur vie. Ils reconnaissent la r\u00e9alit\u00e9 de la maladie, mais ils s&rsquo;efforcent \u00e9galement de vivre pleinement chaque moment, en cultivant leurs int\u00e9r\u00eats et en partageant des instants de bonheur. Cela leur permet de ne pas \u00eatre uniquement d\u00e9finis par la maladie, mais plut\u00f4t par l&rsquo;amour et la vie qu&rsquo;ils continuent de c\u00e9l\u00e9brer ensemble.<\/p>\n\n\n\n<h3 class=\"wp-block-heading\" id=\"h-conclusion-une-lecon-de-courage-et-de-tendresse\"><span class=\"ez-toc-section\" id=\"Conclusion_Une_lecon_de_courage_et_de_tendresse\"><\/span>Conclusion : Une le\u00e7on de courage et de tendresse<span class=\"ez-toc-section-end\"><\/span><\/h3>\n\n\n\n<p>En d\u00e9finitive, l&rsquo;histoire de <strong>Marina Carr\u00e8re d&rsquo;Encausse et Antoine Mesnier<\/strong> est plus qu&rsquo;une chronique de vie affect\u00e9e par la maladie. C&rsquo;est une c\u00e9l\u00e9bration de la r\u00e9silience humaine, de l&rsquo;amour inconditionnel et de la capacit\u00e9 \u00e0 faire face ensemble aux \u00e9preuves. Leur parcours est un message d&rsquo;espoir et une invitation \u00e0 appr\u00e9cier chaque moment pr\u00e9sent, quels que soient les obstacles que la vie nous r\u00e9serve.<\/p>\n\n\n\n<p><strong>Qui est Antoine Mesnier ?<\/strong><br>Antoine Mesnier est un m\u00e9decin et rugbyman bordelais, connu pour \u00eatre le compagnon de Marina Carr\u00e8re d&rsquo;Encausse.<\/p>\n\n\n\n<p><strong>Quelle maladie affecte Antoine Mesnier ?<\/strong><br>Antoine Mesnier est atteint de la maladie de Charcot, ce qui a un impact sur sa vie et celle de Marina Carr\u00e8re d&rsquo;Encausse.<\/p>\n\n\n\n<p><strong>Depuis combien de temps Marina Carr\u00e8re d&rsquo;Encausse et Antoine Mesnier sont-ils en couple ?<\/strong><br>Marina Carr\u00e8re d&rsquo;Encausse et Antoine Mesnier sont en couple depuis plusieurs ann\u00e9es.<\/p>\n\n\n\n<p><strong>Comment le couple form\u00e9 par Marina Carr\u00e8re d&rsquo;Encausse et Antoine Mesnier fait-il face \u00e0 la maladie ?<\/strong><br>Le couple form\u00e9 par Marina Carr\u00e8re d&rsquo;Encausse et Antoine Mesnier fait face \u00e0 la r\u00e9alit\u00e9 de la maladie et t\u00e9moigne de son exp\u00e9rience dans des documentaires.<\/p>\n\n\n\n<p><strong>Comment est d\u00e9crite la relation entre Marina Carr\u00e8re d&rsquo;Encausse et Antoine Mesnier ?<\/strong><br>La relation entre Marina Carr\u00e8re d&rsquo;Encausse et Antoine Mesnier est d\u00e9crite comme un \u00ab\u00a0parfait amour\u00a0\u00bb malgr\u00e9 les difficult\u00e9s li\u00e9es \u00e0 la maladie de ce dernier.<\/p>\n","protected":false},"excerpt":{"rendered":"<p>L&rsquo;amour peut \u00eatre une force puissante, surtout lorsqu&rsquo;il est mis \u00e0 l&rsquo;\u00e9preuve par la maladie. Dans cet article, nous plongeons dans l&rsquo;histoire inspirante du couple form\u00e9 par Marina Carr\u00e8re d&rsquo;Encausse et Antoine Mesnier, confront\u00e9 \u00e0 la maladie de Charcot. D\u00e9couvrez comment ces deux personnages, chacun \u00e0 leur mani\u00e8re, font face \u00e0 cette \u00e9preuve avec courage, [&hellip;]<\/p>\n","protected":false},"author":8,"featured_media":163031,"comment_status":"open","ping_status":"open","sticky":false,"template":"","format":"standard","meta":{"tdm_status":"","tdm_grid_status":"","_jetpack_memberships_contains_paid_content":false,"footnotes":"","jetpack_publicize_message":"","jetpack_publicize_feature_enabled":true,"jetpack_social_post_already_shared":false,"jetpack_social_options":{"image_generator_settings":{"template":"highway","default_image_id":0,"font":"","enabled":false},"version":2}},"categories":[79],"tags":[],"class_list":["post-107048","post","type-post","status-publish","format-standard","has-post-thumbnail","hentry","category-people"],"yoast_head":"<!-- This site is optimized with the Yoast SEO Premium plugin v25.0 (Yoast SEO v25.0) - https:\/\/yoast.com\/wordpress\/plugins\/seo\/ -->\n<title>Antoine Mesnier Couple : L&#039;amour et la force face \u00e0 la maladie - Flashmode Magazine | Magazine de mode et style de vie Num\u00e9ro un en Tunisie et au Maghreb<\/title>\n<meta name=\"description\" content=\"L&#039;amour peut \u00eatre une force puissante, surtout lorsqu&#039;il est mis \u00e0 l&#039;\u00e9preuve par la maladie. Dans cet article, nous plongeons dans l&#039;histoire inspirante\" \/>\n<meta name=\"robots\" content=\"index, follow, max-snippet:-1, max-image-preview:large, max-video-preview:-1\" \/>\n<link rel=\"canonical\" href=\"https:\/\/flashmode.tn\/magazine\/antoine-mesnier-couple\/\" \/>\n<meta property=\"og:locale\" content=\"fr_FR\" \/>\n<meta property=\"og:type\" content=\"article\" \/>\n<meta property=\"og:title\" content=\"Antoine Mesnier Couple : L&#039;amour et la force face \u00e0 la maladie - Flashmode Magazine | Magazine de mode et style de vie Num\u00e9ro un en Tunisie et au Maghreb\" \/>\n<meta property=\"og:description\" content=\"L&#039;amour peut \u00eatre une force puissante, surtout lorsqu&#039;il est mis \u00e0 l&#039;\u00e9preuve par la maladie. Dans cet article, nous plongeons dans l&#039;histoire inspirante\" \/>\n<meta property=\"og:url\" content=\"https:\/\/flashmode.tn\/magazine\/antoine-mesnier-couple\/\" \/>\n<meta property=\"og:site_name\" content=\"Flashmode Magazine | Magazine de mode et style de vie Num\u00e9ro un en Tunisie et au Maghreb\" \/>\n<meta property=\"article:publisher\" content=\"https:\/\/www.facebook.com\/flashmode.magazine\/\" \/>\n<meta property=\"article:published_time\" content=\"2024-03-12T02:22:00+00:00\" \/>\n<meta property=\"article:modified_time\" content=\"2024-04-15T15:24:33+00:00\" \/>\n<meta property=\"og:image\" content=\"https:\/\/flashmode.tn\/magazine\/wp-content\/uploads\/2024\/03\/Antoine-Mesnier-Couple-Lamour-et-la-force-face-a-la-maladie.png\" \/>\n\t<meta property=\"og:image:width\" content=\"1640\" \/>\n\t<meta property=\"og:image:height\" content=\"924\" \/>\n\t<meta property=\"og:image:type\" content=\"image\/png\" \/>\n<meta name=\"author\" content=\"The Daileigh\" \/>\n<meta name=\"twitter:card\" content=\"summary_large_image\" \/>\n<meta name=\"twitter:creator\" content=\"@agenceflashmode\" \/>\n<meta name=\"twitter:site\" content=\"@agenceflashmode\" \/>\n<meta name=\"twitter:label1\" content=\"\u00c9crit par\" \/>\n\t<meta name=\"twitter:data1\" content=\"The Daileigh\" \/>\n\t<meta name=\"twitter:label2\" content=\"Dur\u00e9e de lecture estim\u00e9e\" \/>\n\t<meta name=\"twitter:data2\" content=\"6 minutes\" \/>\n<script type=\"application\/ld+json\" class=\"yoast-schema-graph\">{\"@context\":\"https:\/\/schema.org\",\"@graph\":[{\"@type\":\"WebPage\",\"@id\":\"https:\/\/flashmode.tn\/magazine\/antoine-mesnier-couple\/\",\"url\":\"https:\/\/flashmode.tn\/magazine\/antoine-mesnier-couple\/\",\"name\":\"Antoine Mesnier Couple : L'amour et la force face \u00e0 la maladie - Flashmode Magazine | Magazine de mode et style de vie Num\u00e9ro un en Tunisie et au Maghreb\",\"isPartOf\":{\"@id\":\"https:\/\/flashmode.tn\/magazine\/#website\"},\"primaryImageOfPage\":{\"@id\":\"https:\/\/flashmode.tn\/magazine\/antoine-mesnier-couple\/#primaryimage\"},\"image\":{\"@id\":\"https:\/\/flashmode.tn\/magazine\/antoine-mesnier-couple\/#primaryimage\"},\"thumbnailUrl\":\"https:\/\/i0.wp.com\/flashmode.tn\/magazine\/wp-content\/uploads\/2024\/03\/Antoine-Mesnier-Couple-Lamour-et-la-force-face-a-la-maladie.png?fit=1640%2C924&ssl=1\",\"datePublished\":\"2024-03-12T02:22:00+00:00\",\"dateModified\":\"2024-04-15T15:24:33+00:00\",\"author\":{\"@id\":\"https:\/\/flashmode.tn\/magazine\/#\/schema\/person\/79940f8af94166a445dd5bd6b3137682\"},\"description\":\"L'amour peut \u00eatre une force puissante, surtout lorsqu'il est mis \u00e0 l'\u00e9preuve par la maladie. Dans cet article, nous plongeons dans l'histoire inspirante\",\"breadcrumb\":{\"@id\":\"https:\/\/flashmode.tn\/magazine\/antoine-mesnier-couple\/#breadcrumb\"},\"inLanguage\":\"fr-FR\",\"potentialAction\":[{\"@type\":\"ReadAction\",\"target\":[\"https:\/\/flashmode.tn\/magazine\/antoine-mesnier-couple\/\"]}]},{\"@type\":\"ImageObject\",\"inLanguage\":\"fr-FR\",\"@id\":\"https:\/\/flashmode.tn\/magazine\/antoine-mesnier-couple\/#primaryimage\",\"url\":\"https:\/\/i0.wp.com\/flashmode.tn\/magazine\/wp-content\/uploads\/2024\/03\/Antoine-Mesnier-Couple-Lamour-et-la-force-face-a-la-maladie.png?fit=1640%2C924&ssl=1\",\"contentUrl\":\"https:\/\/i0.wp.com\/flashmode.tn\/magazine\/wp-content\/uploads\/2024\/03\/Antoine-Mesnier-Couple-Lamour-et-la-force-face-a-la-maladie.png?fit=1640%2C924&ssl=1\",\"width\":1640,\"height\":924,\"caption\":\"Antoine Mesnier Couple : L'amour et la force face \u00e0 la maladie\"},{\"@type\":\"BreadcrumbList\",\"@id\":\"https:\/\/flashmode.tn\/magazine\/antoine-mesnier-couple\/#breadcrumb\",\"itemListElement\":[{\"@type\":\"ListItem\",\"position\":1,\"name\":\"Accueil\",\"item\":\"https:\/\/flashmode.tn\/magazine\/\"},{\"@type\":\"ListItem\",\"position\":2,\"name\":\"Antoine Mesnier Couple : L&rsquo;amour et la force face \u00e0 la maladie\"}]},{\"@type\":\"WebSite\",\"@id\":\"https:\/\/flashmode.tn\/magazine\/#website\",\"url\":\"https:\/\/flashmode.tn\/magazine\/\",\"name\":\"Flashmode Magazine | Magazine de mode et style de vie Num\u00e9ro un en Tunisie et au Maghreb\",\"description\":\"Magazine de mode et style de vie Num\u00e9ro un en Tunisie et au Maghreb, cr\u00e9\u00e9 pour les hommes et les femmes : conseils beaut\u00e9, mode femme, mode homme, recettes de cuisine, c\u00e9l\u00e9brit\u00e9s et people, mannequins et top modeles\",\"potentialAction\":[{\"@type\":\"SearchAction\",\"target\":{\"@type\":\"EntryPoint\",\"urlTemplate\":\"https:\/\/flashmode.tn\/magazine\/?s={search_term_string}\"},\"query-input\":{\"@type\":\"PropertyValueSpecification\",\"valueRequired\":true,\"valueName\":\"search_term_string\"}}],\"inLanguage\":\"fr-FR\"},{\"@type\":\"Person\",\"@id\":\"https:\/\/flashmode.tn\/magazine\/#\/schema\/person\/79940f8af94166a445dd5bd6b3137682\",\"name\":\"The Daileigh\",\"image\":{\"@type\":\"ImageObject\",\"inLanguage\":\"fr-FR\",\"@id\":\"https:\/\/flashmode.tn\/magazine\/#\/schema\/person\/image\/\",\"url\":\"https:\/\/secure.gravatar.com\/avatar\/30d4d60865d61de3434abd01cb8b4ec5e5b5eb5a274017461832a54857b1770d?s=96&d=mm&r=g\",\"contentUrl\":\"https:\/\/secure.gravatar.com\/avatar\/30d4d60865d61de3434abd01cb8b4ec5e5b5eb5a274017461832a54857b1770d?s=96&d=mm&r=g\",\"caption\":\"The Daileigh\"},\"url\":\"https:\/\/flashmode.tn\/magazine\/author\/the-daileigh\/\"}]}<\/script>\n<!-- \/ Yoast SEO Premium plugin. -->","yoast_head_json":{"title":"Antoine Mesnier Couple : L'amour et la force face \u00e0 la maladie - Flashmode Magazine | Magazine de mode et style de vie Num\u00e9ro un en Tunisie et au Maghreb","description":"L'amour peut \u00eatre une force puissante, surtout lorsqu'il est mis \u00e0 l'\u00e9preuve par la maladie. Dans cet article, nous plongeons dans l'histoire inspirante","robots":{"index":"index","follow":"follow","max-snippet":"max-snippet:-1","max-image-preview":"max-image-preview:large","max-video-preview":"max-video-preview:-1"},"canonical":"https:\/\/flashmode.tn\/magazine\/antoine-mesnier-couple\/","og_locale":"fr_FR","og_type":"article","og_title":"Antoine Mesnier Couple : L'amour et la force face \u00e0 la maladie - Flashmode Magazine | Magazine de mode et style de vie Num\u00e9ro un en Tunisie et au Maghreb","og_description":"L'amour peut \u00eatre une force puissante, surtout lorsqu'il est mis \u00e0 l'\u00e9preuve par la maladie. Dans cet article, nous plongeons dans l'histoire inspirante","og_url":"https:\/\/flashmode.tn\/magazine\/antoine-mesnier-couple\/","og_site_name":"Flashmode Magazine | Magazine de mode et style de vie Num\u00e9ro un en Tunisie et au Maghreb","article_publisher":"https:\/\/www.facebook.com\/flashmode.magazine\/","article_published_time":"2024-03-12T02:22:00+00:00","article_modified_time":"2024-04-15T15:24:33+00:00","og_image":[{"width":1640,"height":924,"url":"https:\/\/flashmode.tn\/magazine\/wp-content\/uploads\/2024\/03\/Antoine-Mesnier-Couple-Lamour-et-la-force-face-a-la-maladie.png","type":"image\/png"}],"author":"The Daileigh","twitter_card":"summary_large_image","twitter_creator":"@agenceflashmode","twitter_site":"@agenceflashmode","twitter_misc":{"\u00c9crit par":"The Daileigh","Dur\u00e9e de lecture estim\u00e9e":"6 minutes"},"schema":{"@context":"https:\/\/schema.org","@graph":[{"@type":"WebPage","@id":"https:\/\/flashmode.tn\/magazine\/antoine-mesnier-couple\/","url":"https:\/\/flashmode.tn\/magazine\/antoine-mesnier-couple\/","name":"Antoine Mesnier Couple : L'amour et la force face \u00e0 la maladie - Flashmode Magazine | Magazine de mode et style de vie Num\u00e9ro un en Tunisie et au Maghreb","isPartOf":{"@id":"https:\/\/flashmode.tn\/magazine\/#website"},"primaryImageOfPage":{"@id":"https:\/\/flashmode.tn\/magazine\/antoine-mesnier-couple\/#primaryimage"},"image":{"@id":"https:\/\/flashmode.tn\/magazine\/antoine-mesnier-couple\/#primaryimage"},"thumbnailUrl":"https:\/\/i0.wp.com\/flashmode.tn\/magazine\/wp-content\/uploads\/2024\/03\/Antoine-Mesnier-Couple-Lamour-et-la-force-face-a-la-maladie.png?fit=1640%2C924&ssl=1","datePublished":"2024-03-12T02:22:00+00:00","dateModified":"2024-04-15T15:24:33+00:00","author":{"@id":"https:\/\/flashmode.tn\/magazine\/#\/schema\/person\/79940f8af94166a445dd5bd6b3137682"},"description":"L'amour peut \u00eatre une force puissante, surtout lorsqu'il est mis \u00e0 l'\u00e9preuve par la maladie. Dans cet article, nous plongeons dans l'histoire inspirante","breadcrumb":{"@id":"https:\/\/flashmode.tn\/magazine\/antoine-mesnier-couple\/#breadcrumb"},"inLanguage":"fr-FR","potentialAction":[{"@type":"ReadAction","target":["https:\/\/flashmode.tn\/magazine\/antoine-mesnier-couple\/"]}]},{"@type":"ImageObject","inLanguage":"fr-FR","@id":"https:\/\/flashmode.tn\/magazine\/antoine-mesnier-couple\/#primaryimage","url":"https:\/\/i0.wp.com\/flashmode.tn\/magazine\/wp-content\/uploads\/2024\/03\/Antoine-Mesnier-Couple-Lamour-et-la-force-face-a-la-maladie.png?fit=1640%2C924&ssl=1","contentUrl":"https:\/\/i0.wp.com\/flashmode.tn\/magazine\/wp-content\/uploads\/2024\/03\/Antoine-Mesnier-Couple-Lamour-et-la-force-face-a-la-maladie.png?fit=1640%2C924&ssl=1","width":1640,"height":924,"caption":"Antoine Mesnier Couple : L'amour et la force face \u00e0 la maladie"},{"@type":"BreadcrumbList","@id":"https:\/\/flashmode.tn\/magazine\/antoine-mesnier-couple\/#breadcrumb","itemListElement":[{"@type":"ListItem","position":1,"name":"Accueil","item":"https:\/\/flashmode.tn\/magazine\/"},{"@type":"ListItem","position":2,"name":"Antoine Mesnier Couple : L&rsquo;amour et la force face \u00e0 la maladie"}]},{"@type":"WebSite","@id":"https:\/\/flashmode.tn\/magazine\/#website","url":"https:\/\/flashmode.tn\/magazine\/","name":"Flashmode Magazine | Magazine de mode et style de vie Num\u00e9ro un en Tunisie et au Maghreb","description":"Magazine de mode et style de vie Num\u00e9ro un en Tunisie et au Maghreb, cr\u00e9\u00e9 pour les hommes et les femmes : conseils beaut\u00e9, mode femme, mode homme, recettes de cuisine, c\u00e9l\u00e9brit\u00e9s et people, mannequins et top modeles","potentialAction":[{"@type":"SearchAction","target":{"@type":"EntryPoint","urlTemplate":"https:\/\/flashmode.tn\/magazine\/?s={search_term_string}"},"query-input":{"@type":"PropertyValueSpecification","valueRequired":true,"valueName":"search_term_string"}}],"inLanguage":"fr-FR"},{"@type":"Person","@id":"https:\/\/flashmode.tn\/magazine\/#\/schema\/person\/79940f8af94166a445dd5bd6b3137682","name":"The Daileigh","image":{"@type":"ImageObject","inLanguage":"fr-FR","@id":"https:\/\/flashmode.tn\/magazine\/#\/schema\/person\/image\/","url":"https:\/\/secure.gravatar.com\/avatar\/30d4d60865d61de3434abd01cb8b4ec5e5b5eb5a274017461832a54857b1770d?s=96&d=mm&r=g","contentUrl":"https:\/\/secure.gravatar.com\/avatar\/30d4d60865d61de3434abd01cb8b4ec5e5b5eb5a274017461832a54857b1770d?s=96&d=mm&r=g","caption":"The Daileigh"},"url":"https:\/\/flashmode.tn\/magazine\/author\/the-daileigh\/"}]}},"jetpack_publicize_connections":[],"jetpack_featured_media_url":"https:\/\/i0.wp.com\/flashmode.tn\/magazine\/wp-content\/uploads\/2024\/03\/Antoine-Mesnier-Couple-Lamour-et-la-force-face-a-la-maladie.png?fit=1640%2C924&ssl=1","jetpack_shortlink":"https:\/\/wp.me\/p8BPGr-rQA","jetpack_sharing_enabled":true,"_links":{"self":[{"href":"https:\/\/flashmode.tn\/magazine\/wp-json\/wp\/v2\/posts\/107048","targetHints":{"allow":["GET"]}}],"collection":[{"href":"https:\/\/flashmode.tn\/magazine\/wp-json\/wp\/v2\/posts"}],"about":[{"href":"https:\/\/flashmode.tn\/magazine\/wp-json\/wp\/v2\/types\/post"}],"author":[{"embeddable":true,"href":"https:\/\/flashmode.tn\/magazine\/wp-json\/wp\/v2\/users\/8"}],"replies":[{"embeddable":true,"href":"https:\/\/flashmode.tn\/magazine\/wp-json\/wp\/v2\/comments?post=107048"}],"version-history":[{"count":2,"href":"https:\/\/flashmode.tn\/magazine\/wp-json\/wp\/v2\/posts\/107048\/revisions"}],"predecessor-version":[{"id":163032,"href":"https:\/\/flashmode.tn\/magazine\/wp-json\/wp\/v2\/posts\/107048\/revisions\/163032"}],"wp:featuredmedia":[{"embeddable":true,"href":"https:\/\/flashmode.tn\/magazine\/wp-json\/wp\/v2\/media\/163031"}],"wp:attachment":[{"href":"https:\/\/flashmode.tn\/magazine\/wp-json\/wp\/v2\/media?parent=107048"}],"wp:term":[{"taxonomy":"category","embeddable":true,"href":"https:\/\/flashmode.tn\/magazine\/wp-json\/wp\/v2\/categories?post=107048"},{"taxonomy":"post_tag","embeddable":true,"href":"https:\/\/flashmode.tn\/magazine\/wp-json\/wp\/v2\/tags?post=107048"}],"curies":[{"name":"wp","href":"https:\/\/api.w.org\/{rel}","templated":true}]}}