{"id":107108,"date":"2024-03-12T03:27:30","date_gmt":"2024-03-12T02:27:30","guid":{"rendered":"https:\/\/flashmode.tn\/magazine\/?p=107108"},"modified":"2024-04-16T14:37:44","modified_gmt":"2024-04-16T12:37:44","slug":"helene-romano-dupond-moretti","status":"publish","type":"post","link":"https:\/\/flashmode.tn\/magazine\/helene-romano-dupond-moretti\/","title":{"rendered":"H\u00e9l\u00e8ne Romano Dupond-Moretti : Expertise, D\u00e9bats et Controverses dans l&rsquo;Affaire de la Nomination"},"content":{"rendered":"\n<p>La nomination d&rsquo;\u00c9ric Dupond-Moretti en tant que ministre de la Justice a suscit\u00e9 une controverse passionn\u00e9e, mettant en lumi\u00e8re la figure cl\u00e9 de H\u00e9l\u00e8ne Romano dans le d\u00e9bat. Entre remises en question, d\u00e9bats sur les r\u00e9f\u00e9rences et interrogations sur le pass\u00e9, cette nomination a secou\u00e9 la sph\u00e8re m\u00e9diatique. Plongeons ensemble dans cette discussion captivante et explorons le r\u00f4le crucial de H\u00e9l\u00e8ne Romano, experte en psychopathologie, dans cette affaire qui agite les esprits.<\/p>\n\n\n\n<div id=\"ez-toc-container\" class=\"ez-toc-v2_0_81 counter-hierarchy ez-toc-counter ez-toc-grey ez-toc-container-direction\">\n<div class=\"ez-toc-title-container\">\n<p class=\"ez-toc-title\" style=\"cursor:inherit\">Contenus de la page<\/p>\n<span class=\"ez-toc-title-toggle\"><a href=\"#\" class=\"ez-toc-pull-right ez-toc-btn ez-toc-btn-xs ez-toc-btn-default ez-toc-toggle\" aria-label=\"Toggle Table of Content\"><span class=\"ez-toc-js-icon-con\"><span class=\"\"><span class=\"eztoc-hide\" style=\"display:none;\">Toggle<\/span><span class=\"ez-toc-icon-toggle-span\"><svg style=\"fill: #999;color:#999\" xmlns=\"http:\/\/www.w3.org\/2000\/svg\" class=\"list-377408\" width=\"20px\" height=\"20px\" viewBox=\"0 0 24 24\" fill=\"none\"><path d=\"M6 6H4v2h2V6zm14 0H8v2h12V6zM4 11h2v2H4v-2zm16 0H8v2h12v-2zM4 16h2v2H4v-2zm16 0H8v2h12v-2z\" fill=\"currentColor\"><\/path><\/svg><svg style=\"fill: #999;color:#999\" class=\"arrow-unsorted-368013\" xmlns=\"http:\/\/www.w3.org\/2000\/svg\" width=\"10px\" height=\"10px\" viewBox=\"0 0 24 24\" version=\"1.2\" baseProfile=\"tiny\"><path d=\"M18.2 9.3l-6.2-6.3-6.2 6.3c-.2.2-.3.4-.3.7s.1.5.3.7c.2.2.4.3.7.3h11c.3 0 .5-.1.7-.3.2-.2.3-.5.3-.7s-.1-.5-.3-.7zM5.8 14.7l6.2 6.3 6.2-6.3c.2-.2.3-.5.3-.7s-.1-.5-.3-.7c-.2-.2-.4-.3-.7-.3h-11c-.3 0-.5.1-.7.3-.2.2-.3.5-.3.7s.1.5.3.7z\"\/><\/svg><\/span><\/span><\/span><\/a><\/span><\/div>\n<nav><ul class='ez-toc-list ez-toc-list-level-1 ' ><ul class='ez-toc-list-level-3' ><li class='ez-toc-heading-level-3'><a class=\"ez-toc-link ez-toc-heading-1\" href=\"https:\/\/flashmode.tn\/magazine\/helene-romano-dupond-moretti\/#Points_a_retenir\" >Points \u00e0 retenir :<\/a><\/li><\/ul><\/li><li class='ez-toc-page-1 ez-toc-heading-level-2'><a class=\"ez-toc-link ez-toc-heading-2\" href=\"https:\/\/flashmode.tn\/magazine\/helene-romano-dupond-moretti\/#La_nomination_dEric_Dupond-Moretti_une_controverse_qui_souleve_des_questions\" >La nomination d&rsquo;\u00c9ric Dupond-Moretti : une controverse qui soul\u00e8ve des questions<\/a><\/li><li class='ez-toc-page-1 ez-toc-heading-level-2'><a class=\"ez-toc-link ez-toc-heading-3\" href=\"https:\/\/flashmode.tn\/magazine\/helene-romano-dupond-moretti\/#Qui_est_Helene_Romano_figure_cle_dans_la_discussion_sur_Dupond-Moretti\" >Qui est H\u00e9l\u00e8ne Romano, figure cl\u00e9 dans la discussion sur Dupond-Moretti ?<\/a><ul class='ez-toc-list-level-3' ><li class='ez-toc-heading-level-3'><a class=\"ez-toc-link ez-toc-heading-4\" href=\"https:\/\/flashmode.tn\/magazine\/helene-romano-dupond-moretti\/#Une_experte_en_psychopathologie_engagee\" >Une experte en psychopathologie engag\u00e9e<\/a><\/li><li class='ez-toc-page-1 ez-toc-heading-level-3'><a class=\"ez-toc-link ez-toc-heading-5\" href=\"https:\/\/flashmode.tn\/magazine\/helene-romano-dupond-moretti\/#Une_rencontre_marquante_avec_Dupond-Moretti\" >Une rencontre marquante avec Dupond-Moretti<\/a><\/li><\/ul><\/li><li class='ez-toc-page-1 ez-toc-heading-level-2'><a class=\"ez-toc-link ez-toc-heading-6\" href=\"https:\/\/flashmode.tn\/magazine\/helene-romano-dupond-moretti\/#Les_debats_autour_des_references_de_Helene_Romano_et_de_son_livre\" >Les d\u00e9bats autour des r\u00e9f\u00e9rences de H\u00e9l\u00e8ne Romano et de son livre<\/a><ul class='ez-toc-list-level-3' ><li class='ez-toc-heading-level-3'><a class=\"ez-toc-link ez-toc-heading-7\" href=\"https:\/\/flashmode.tn\/magazine\/helene-romano-dupond-moretti\/#Des_references_remises_en_question\" >Des r\u00e9f\u00e9rences remises en question<\/a><\/li><li class='ez-toc-page-1 ez-toc-heading-level-3'><a class=\"ez-toc-link ez-toc-heading-8\" href=\"https:\/\/flashmode.tn\/magazine\/helene-romano-dupond-moretti\/#Lenjeu_de_la_verification_factuelle\" >L&rsquo;enjeu de la v\u00e9rification factuelle<\/a><\/li><\/ul><\/li><li class='ez-toc-page-1 ez-toc-heading-level-2'><a class=\"ez-toc-link ez-toc-heading-9\" href=\"https:\/\/flashmode.tn\/magazine\/helene-romano-dupond-moretti\/#Interrogations_sur_le_passe_dEric_Dupond-Moretti_et_son_impact_sur_les_victimes\" >Interrogations sur le pass\u00e9 d&rsquo;\u00c9ric Dupond-Moretti et son impact sur les victimes<\/a><ul class='ez-toc-list-level-3' ><li class='ez-toc-heading-level-3'><a class=\"ez-toc-link ez-toc-heading-10\" href=\"https:\/\/flashmode.tn\/magazine\/helene-romano-dupond-moretti\/#Un_passif_preoccupant_pour_certaines_victimes\" >Un passif pr\u00e9occupant pour certaines victimes<\/a><\/li><li class='ez-toc-page-1 ez-toc-heading-level-3'><a class=\"ez-toc-link ez-toc-heading-11\" href=\"https:\/\/flashmode.tn\/magazine\/helene-romano-dupond-moretti\/#La_perception_de_la_justice_mise_en_jeu\" >La perception de la justice mise en jeu<\/a><\/li><\/ul><\/li><li class='ez-toc-page-1 ez-toc-heading-level-2'><a class=\"ez-toc-link ez-toc-heading-12\" href=\"https:\/\/flashmode.tn\/magazine\/helene-romano-dupond-moretti\/#La_parole_de_Helene_Romano_dans_le_debat_public\" >La parole de H\u00e9l\u00e8ne Romano dans le d\u00e9bat public<\/a><ul class='ez-toc-list-level-3' ><li class='ez-toc-heading-level-3'><a class=\"ez-toc-link ez-toc-heading-13\" href=\"https:\/\/flashmode.tn\/magazine\/helene-romano-dupond-moretti\/#Une_voix_qui_resonne_dans_les_medias\" >Une voix qui r\u00e9sonne dans les m\u00e9dias<\/a><\/li><li class='ez-toc-page-1 ez-toc-heading-level-3'><a class=\"ez-toc-link ez-toc-heading-14\" href=\"https:\/\/flashmode.tn\/magazine\/helene-romano-dupond-moretti\/#Le_role_des_medias_et_des_experts_dans_la_democratie\" >Le r\u00f4le des m\u00e9dias et des experts dans la d\u00e9mocratie<\/a><\/li><\/ul><\/li><li class='ez-toc-page-1 ez-toc-heading-level-2'><a class=\"ez-toc-link ez-toc-heading-15\" href=\"https:\/\/flashmode.tn\/magazine\/helene-romano-dupond-moretti\/#Conclusion\" >Conclusion<\/a><\/li><\/ul><\/nav><\/div>\n<h3 class=\"wp-block-heading\" id=\"h-points-a-retenir\"><span class=\"ez-toc-section\" id=\"Points_a_retenir\"><\/span>Points \u00e0 retenir :<span class=\"ez-toc-section-end\"><\/span><\/h3>\n\n\n\n<ul class=\"wp-block-list\">\n<li>H\u00e9l\u00e8ne Romano est docteur en psychopathologie et habilit\u00e9e \u00e0 diriger les recherches.<\/li>\n\n\n\n<li>La nomination de l&rsquo;avocat \u00c9ric Dupond-Moretti suscite de nombreuses questions et controverses.<\/li>\n\n\n\n<li>\u00c9ric Dupond-Moretti a rencontr\u00e9 sa premi\u00e8re femme, H\u00e9l\u00e8ne, lors d&rsquo;un proc\u00e8s en 1991.<\/li>\n\n\n\n<li>Il y a des discussions et des d\u00e9bats autour des r\u00e9f\u00e9rences de H\u00e9l\u00e8ne Romano et de son livre.<\/li>\n\n\n\n<li>Il y a des interrogations sur le pass\u00e9 d&rsquo;\u00c9ric Dupond-Moretti par rapport \u00e0 certaines victimes.<\/li>\n\n\n\n<li>Il y a des commentaires et des t\u00e9moignages sur la nomination d&rsquo;\u00c9ric Dupond-Moretti, notamment par H\u00e9l\u00e8ne Romano dans le Club de Mediapart.<\/li>\n<\/ul>\n\n\n\n<h2 class=\"wp-block-heading\" id=\"h-la-nomination-d-eric-dupond-moretti-une-controverse-qui-souleve-des-questions\"><span class=\"ez-toc-section\" id=\"La_nomination_dEric_Dupond-Moretti_une_controverse_qui_souleve_des_questions\"><\/span>La nomination d&rsquo;\u00c9ric Dupond-Moretti : une controverse qui soul\u00e8ve des questions<span class=\"ez-toc-section-end\"><\/span><\/h2>\n\n\n\n<p>La trajectoire professionnelle d&rsquo;\u00c9ric Dupond-Moretti, avocat p\u00e9naliste \u00e9m\u00e9rite et d\u00e9sormais garde des Sceaux, a toujours \u00e9t\u00e9 parsem\u00e9e de moments forts et de controverses. Sa nomination en tant que ministre de la Justice a \u00e9t\u00e9 accueillie avec une multitude d&rsquo;interrogations, notamment concernant son pass\u00e9 et son impact sur certaines victimes. <strong>La nomination d&rsquo;\u00c9ric Dupond-Moretti<\/strong> soul\u00e8ve ind\u00e9niablement des d\u00e9bats passionn\u00e9s quant \u00e0 ses cons\u00e9quences sur l&rsquo;appareil judiciaire fran\u00e7ais.<\/p>\n\n\n\n<h2 class=\"wp-block-heading\" id=\"h-qui-est-helene-romano-figure-cle-dans-la-discussion-sur-dupond-moretti\"><span class=\"ez-toc-section\" id=\"Qui_est_Helene_Romano_figure_cle_dans_la_discussion_sur_Dupond-Moretti\"><\/span>Qui est H\u00e9l\u00e8ne Romano, figure cl\u00e9 dans la discussion sur Dupond-Moretti ?<span class=\"ez-toc-section-end\"><\/span><\/h2>\n\n\n\n<h3 class=\"wp-block-heading\" id=\"h-une-experte-en-psychopathologie-engagee\"><span class=\"ez-toc-section\" id=\"Une_experte_en_psychopathologie_engagee\"><\/span>Une experte en psychopathologie engag\u00e9e<span class=\"ez-toc-section-end\"><\/span><\/h3>\n\n\n\n<p><strong>H\u00e9l\u00e8ne Romano<\/strong> est une figure respect\u00e9e dans le domaine de la psychopathologie. Docteur et habilit\u00e9e \u00e0 diriger des recherches, son expertise est souvent sollicit\u00e9e pour comprendre les intrications entre la psychologie des victimes et le syst\u00e8me judiciaire. Sa voix est d&rsquo;autant plus pertinente lorsqu&rsquo;il s&rsquo;agit d&rsquo;\u00e9valuer l&rsquo;impact des actions d&rsquo;une personnalit\u00e9 telle qu&rsquo;\u00c9ric Dupond-Moretti sur les victimes et la perception de la justice par le public.<\/p>\n\n\n\n<h3 class=\"wp-block-heading\" id=\"h-une-rencontre-marquante-avec-dupond-moretti\"><span class=\"ez-toc-section\" id=\"Une_rencontre_marquante_avec_Dupond-Moretti\"><\/span>Une rencontre marquante avec Dupond-Moretti<span class=\"ez-toc-section-end\"><\/span><\/h3>\n\n\n\n<p>Les chemins de H\u00e9l\u00e8ne Romano et d&rsquo;\u00c9ric Dupond-Moretti se sont crois\u00e9s en 1991 lors d&rsquo;un proc\u00e8s, une rencontre qui a marqu\u00e9 le d\u00e9but d&rsquo;une relation personnelle et professionnelle complexe. Avec lui, elle a eu deux enfants avant que leur union ne se termine par un divorce. Cette proximit\u00e9 historique ajoute une couche de profondeur lorsqu&rsquo;elle exprime des commentaires sur l&rsquo;avocat devenu ministre.<\/p>\n\n\n\n<h2 class=\"wp-block-heading\" id=\"h-les-debats-autour-des-references-de-helene-romano-et-de-son-livre\"><span class=\"ez-toc-section\" id=\"Les_debats_autour_des_references_de_Helene_Romano_et_de_son_livre\"><\/span>Les d\u00e9bats autour des r\u00e9f\u00e9rences de H\u00e9l\u00e8ne Romano et de son livre<span class=\"ez-toc-section-end\"><\/span><\/h2>\n\n\n\n<h3 class=\"wp-block-heading\" id=\"h-des-references-remises-en-question\"><span class=\"ez-toc-section\" id=\"Des_references_remises_en_question\"><\/span>Des r\u00e9f\u00e9rences remises en question<span class=\"ez-toc-section-end\"><\/span><\/h3>\n\n\n\n<p>Le parcours acad\u00e9mique et professionnel de H\u00e9l\u00e8ne Romano a \u00e9t\u00e9 scrut\u00e9, notamment dans des ouvrages et des plateformes en ligne. Des r\u00e9f\u00e9rences de son livre ont \u00e9t\u00e9 discut\u00e9es, voire contest\u00e9es, ce qui souligne l&rsquo;importance du <strong>fact checking<\/strong> dans le d\u00e9bat public. Cela est particuli\u00e8rement vrai dans le contexte de la nomination d&rsquo;un garde des Sceaux qui polarise l&rsquo;opinion.<\/p>\n\n\n\n<h3 class=\"wp-block-heading\" id=\"h-l-enjeu-de-la-verification-factuelle\"><span class=\"ez-toc-section\" id=\"Lenjeu_de_la_verification_factuelle\"><\/span>L&rsquo;enjeu de la v\u00e9rification factuelle<span class=\"ez-toc-section-end\"><\/span><\/h3>\n\n\n\n<p>La plateforme CaptainFact illustre l&rsquo;importance de la v\u00e9rification des faits, un enjei critique dans l&rsquo;\u00e8re de l&rsquo;information o\u00f9 des plateformes comme YouTube h\u00e9bergent des d\u00e9clarations de personnalit\u00e9s publiques, y compris d&rsquo;\u00c9ric Dupond-Moretti et d&rsquo;H\u00e9l\u00e8ne Romano. Les d\u00e9clarations des intervenants sur ces plateformes doivent \u00eatre examin\u00e9es avec rigueur pour garantir une information fiable.<\/p>\n\n\n\n<h2 class=\"wp-block-heading\" id=\"h-interrogations-sur-le-passe-d-eric-dupond-moretti-et-son-impact-sur-les-victimes\"><span class=\"ez-toc-section\" id=\"Interrogations_sur_le_passe_dEric_Dupond-Moretti_et_son_impact_sur_les_victimes\"><\/span>Interrogations sur le pass\u00e9 d&rsquo;\u00c9ric Dupond-Moretti et son impact sur les victimes<span class=\"ez-toc-section-end\"><\/span><\/h2>\n\n\n\n<h3 class=\"wp-block-heading\" id=\"h-un-passif-preoccupant-pour-certaines-victimes\"><span class=\"ez-toc-section\" id=\"Un_passif_preoccupant_pour_certaines_victimes\"><\/span>Un passif pr\u00e9occupant pour certaines victimes<span class=\"ez-toc-section-end\"><\/span><\/h3>\n\n\n\n<p>Le pass\u00e9 d&rsquo;<strong>\u00c9ric Dupond-Moretti<\/strong> est scrut\u00e9 sous toutes ses facettes depuis sa nomination. Sa r\u00e9putation de \u00ab\u00a0showman des pr\u00e9toires\u00a0\u00bb et ses strat\u00e9gies de d\u00e9fense parfois controvers\u00e9es ont soulev\u00e9 des inqui\u00e9tudes sur son approche vis-\u00e0-vis des victimes. Des voix s&rsquo;\u00e9l\u00e8vent pour questionner la compatibilit\u00e9 entre son historique professionnel et le r\u00f4le de protecteur de l&rsquo;\u00e9quit\u00e9 et de l&rsquo;impartialit\u00e9 de la justice qu&rsquo;incarne le garde des Sceaux.<\/p>\n\n\n\n<h3 class=\"wp-block-heading\" id=\"h-la-perception-de-la-justice-mise-en-jeu\"><span class=\"ez-toc-section\" id=\"La_perception_de_la_justice_mise_en_jeu\"><\/span>La perception de la justice mise en jeu<span class=\"ez-toc-section-end\"><\/span><\/h3>\n\n\n\n<p>Les commentaires et <strong>t\u00e9moignages sur la nomination d&rsquo;\u00c9ric Dupond-Moretti<\/strong>, y compris ceux d&rsquo;H\u00e9l\u00e8ne Romano dans le Club de Mediapart, refl\u00e8tent une pr\u00e9occupation quant \u00e0 la perception de la justice par le grand public. La confiance dans le syst\u00e8me judiciaire est essentielle, et la nomination d&rsquo;un individu aussi clivant peut potentiellement \u00e9branler cette confiance.<\/p>\n\n\n\n<h2 class=\"wp-block-heading\" id=\"h-la-parole-de-helene-romano-dans-le-debat-public\"><span class=\"ez-toc-section\" id=\"La_parole_de_Helene_Romano_dans_le_debat_public\"><\/span>La parole de H\u00e9l\u00e8ne Romano dans le d\u00e9bat public<span class=\"ez-toc-section-end\"><\/span><\/h2>\n\n\n\n<h3 class=\"wp-block-heading\" id=\"h-une-voix-qui-resonne-dans-les-medias\"><span class=\"ez-toc-section\" id=\"Une_voix_qui_resonne_dans_les_medias\"><\/span>Une voix qui r\u00e9sonne dans les m\u00e9dias<span class=\"ez-toc-section-end\"><\/span><\/h3>\n\n\n\n<p>Les interventions d&rsquo;H\u00e9l\u00e8ne Romano dans les m\u00e9dias, comme celles dans le Club de Mediapart, ont un impact significatif. Sa connaissance de Dupond-Moretti et son expertise en psychopathologie lui conf\u00e8rent une perspective unique sur la nomination de l&rsquo;avocat en tant que ministre. Elle contribue ainsi \u00e0 un d\u00e9bat riche et nuanc\u00e9 sur les implications de cette nomination pour les victimes et la justice en France.<\/p>\n\n\n\n<h3 class=\"wp-block-heading\" id=\"h-le-role-des-medias-et-des-experts-dans-la-democratie\"><span class=\"ez-toc-section\" id=\"Le_role_des_medias_et_des_experts_dans_la_democratie\"><\/span>Le r\u00f4le des m\u00e9dias et des experts dans la d\u00e9mocratie<span class=\"ez-toc-section-end\"><\/span><\/h3>\n\n\n\n<p>Les m\u00e9dias jouent un r\u00f4le crucial dans la d\u00e9mocratie, en fournissant une plateforme pour la discussion et le d\u00e9bat. Les experts comme H\u00e9l\u00e8ne Romano, avec leurs titres et leurs connaissances sp\u00e9cialis\u00e9es, enrichissent ces discussions en apportant des \u00e9clairages fond\u00e9s sur des preuves et des ann\u00e9es d&rsquo;exp\u00e9rience.<\/p>\n\n\n\n<h2 class=\"wp-block-heading\" id=\"h-conclusion\"><span class=\"ez-toc-section\" id=\"Conclusion\"><\/span>Conclusion<span class=\"ez-toc-section-end\"><\/span><\/h2>\n\n\n\n<p>La nomination d&rsquo;\u00c9ric Dupond-Moretti en tant que garde des Sceaux a suscit\u00e9 une vague de discussions et d&rsquo;analyses, impliquant des figures comme H\u00e9l\u00e8ne Romano. Ces d\u00e9bats sont essentiels pour \u00e9valuer l&rsquo;impact potentiel de ses actions pass\u00e9es et pr\u00e9sentes sur le syst\u00e8me judiciaire et la soci\u00e9t\u00e9 dans son ensemble. En tant que citoyens et observateurs du paysage politique fran\u00e7ais, il est crucial de rester inform\u00e9s et engag\u00e9s dans ces discussions, qui fa\u00e7onnent l&rsquo;avenir de la justice et de la d\u00e9mocratie en France.<\/p>\n\n\n\n<p><strong>1. Qui est H\u00e9l\u00e8ne Romano et quel est son domaine d&rsquo;expertise ?<\/strong><br>H\u00e9l\u00e8ne Romano est docteur en psychopathologie et habilit\u00e9e \u00e0 diriger les recherches.<\/p>\n\n\n\n<p><strong>2. Comment H\u00e9l\u00e8ne Romano est-elle li\u00e9e \u00e0 \u00c9ric Dupond-Moretti ?<\/strong><br>\u00c9ric Dupond-Moretti a rencontr\u00e9 sa premi\u00e8re femme, H\u00e9l\u00e8ne, lors d&rsquo;un proc\u00e8s en 1991.<\/p>\n\n\n\n<p><strong>3. Pourquoi la nomination d&rsquo;\u00c9ric Dupond-Moretti suscite-t-elle des questions et controverses ?<\/strong><br>La nomination de l&rsquo;avocat \u00c9ric Dupond-Moretti suscite des questions et controverses en raison de son pass\u00e9 par rapport \u00e0 certaines victimes.<\/p>\n\n\n\n<p><strong>4. Quelles sont les discussions et les d\u00e9bats entourant H\u00e9l\u00e8ne Romano et son livre ?<\/strong><br>Il y a des discussions et des d\u00e9bats autour des r\u00e9f\u00e9rences de H\u00e9l\u00e8ne Romano et de son livre.<\/p>\n\n\n\n<p><strong>5. O\u00f9 H\u00e9l\u00e8ne Romano a-t-elle exprim\u00e9 des commentaires sur la nomination d&rsquo;\u00c9ric Dupond-Moretti ?<\/strong><br>H\u00e9l\u00e8ne Romano a exprim\u00e9 des commentaires sur la nomination d&rsquo;\u00c9ric Dupond-Moretti dans le Club de Mediapart.<\/p>\n","protected":false},"excerpt":{"rendered":"<p>La nomination d&rsquo;\u00c9ric Dupond-Moretti en tant que ministre de la Justice a suscit\u00e9 une controverse passionn\u00e9e, mettant en lumi\u00e8re la figure cl\u00e9 de H\u00e9l\u00e8ne Romano dans le d\u00e9bat. Entre remises en question, d\u00e9bats sur les r\u00e9f\u00e9rences et interrogations sur le pass\u00e9, cette nomination a secou\u00e9 la sph\u00e8re m\u00e9diatique. Plongeons ensemble dans cette discussion captivante et [&hellip;]<\/p>\n","protected":false},"author":8,"featured_media":163222,"comment_status":"open","ping_status":"open","sticky":false,"template":"","format":"standard","meta":{"tdm_status":"","tdm_grid_status":"","_jetpack_memberships_contains_paid_content":false,"footnotes":"","jetpack_publicize_message":"","jetpack_publicize_feature_enabled":true,"jetpack_social_post_already_shared":true,"jetpack_social_options":{"image_generator_settings":{"template":"highway","default_image_id":0,"font":"","enabled":false},"version":2}},"categories":[79],"tags":[],"class_list":["post-107108","post","type-post","status-publish","format-standard","has-post-thumbnail","hentry","category-people"],"yoast_head":"<!-- This site is optimized with the Yoast SEO Premium plugin v25.0 (Yoast SEO v25.0) - https:\/\/yoast.com\/wordpress\/plugins\/seo\/ -->\n<title>H\u00e9l\u00e8ne Romano Dupond-Moretti : Expertise, D\u00e9bats et Controverses dans l&#039;Affaire de la Nomination - Flashmode Magazine | Magazine de mode et style de vie Num\u00e9ro un en Tunisie et au Maghreb<\/title>\n<meta name=\"description\" content=\"La nomination d&#039;\u00c9ric Dupond-Moretti en tant que ministre de la Justice a suscit\u00e9 une controverse passionn\u00e9e, mettant en lumi\u00e8re la figure cl\u00e9 de H\u00e9l\u00e8ne\" \/>\n<meta name=\"robots\" content=\"index, follow, max-snippet:-1, max-image-preview:large, max-video-preview:-1\" \/>\n<link rel=\"canonical\" href=\"https:\/\/flashmode.tn\/magazine\/helene-romano-dupond-moretti\/\" \/>\n<meta property=\"og:locale\" content=\"fr_FR\" \/>\n<meta property=\"og:type\" content=\"article\" \/>\n<meta property=\"og:title\" content=\"H\u00e9l\u00e8ne Romano Dupond-Moretti : Expertise, D\u00e9bats et Controverses dans l&#039;Affaire de la Nomination - Flashmode Magazine | Magazine de mode et style de vie Num\u00e9ro un en Tunisie et au Maghreb\" \/>\n<meta property=\"og:description\" content=\"La nomination d&#039;\u00c9ric Dupond-Moretti en tant que ministre de la Justice a suscit\u00e9 une controverse passionn\u00e9e, mettant en lumi\u00e8re la figure cl\u00e9 de H\u00e9l\u00e8ne\" \/>\n<meta property=\"og:url\" content=\"https:\/\/flashmode.tn\/magazine\/helene-romano-dupond-moretti\/\" \/>\n<meta property=\"og:site_name\" content=\"Flashmode Magazine | Magazine de mode et style de vie Num\u00e9ro un en Tunisie et au Maghreb\" \/>\n<meta property=\"article:publisher\" content=\"https:\/\/www.facebook.com\/flashmode.magazine\/\" \/>\n<meta property=\"article:published_time\" content=\"2024-03-12T02:27:30+00:00\" \/>\n<meta property=\"article:modified_time\" content=\"2024-04-16T12:37:44+00:00\" \/>\n<meta property=\"og:image\" content=\"https:\/\/flashmode.tn\/magazine\/wp-content\/uploads\/2024\/03\/Helene-Romano-Dupond-Moretti-Expertise-Debats-et-Controverses-dans-lAffaire-de-la-Nomination.png\" \/>\n\t<meta property=\"og:image:width\" content=\"1640\" \/>\n\t<meta property=\"og:image:height\" content=\"924\" \/>\n\t<meta property=\"og:image:type\" content=\"image\/png\" \/>\n<meta name=\"author\" content=\"The Daileigh\" \/>\n<meta name=\"twitter:card\" content=\"summary_large_image\" \/>\n<meta name=\"twitter:creator\" content=\"@agenceflashmode\" \/>\n<meta name=\"twitter:site\" content=\"@agenceflashmode\" \/>\n<meta name=\"twitter:label1\" content=\"\u00c9crit par\" \/>\n\t<meta name=\"twitter:data1\" content=\"The Daileigh\" \/>\n\t<meta name=\"twitter:label2\" content=\"Dur\u00e9e de lecture estim\u00e9e\" \/>\n\t<meta name=\"twitter:data2\" content=\"6 minutes\" \/>\n<script type=\"application\/ld+json\" class=\"yoast-schema-graph\">{\"@context\":\"https:\/\/schema.org\",\"@graph\":[{\"@type\":\"WebPage\",\"@id\":\"https:\/\/flashmode.tn\/magazine\/helene-romano-dupond-moretti\/\",\"url\":\"https:\/\/flashmode.tn\/magazine\/helene-romano-dupond-moretti\/\",\"name\":\"H\u00e9l\u00e8ne Romano Dupond-Moretti : Expertise, D\u00e9bats et Controverses dans l'Affaire de la Nomination - Flashmode Magazine | Magazine de mode et style de vie Num\u00e9ro un en Tunisie et au Maghreb\",\"isPartOf\":{\"@id\":\"https:\/\/flashmode.tn\/magazine\/#website\"},\"primaryImageOfPage\":{\"@id\":\"https:\/\/flashmode.tn\/magazine\/helene-romano-dupond-moretti\/#primaryimage\"},\"image\":{\"@id\":\"https:\/\/flashmode.tn\/magazine\/helene-romano-dupond-moretti\/#primaryimage\"},\"thumbnailUrl\":\"https:\/\/i0.wp.com\/flashmode.tn\/magazine\/wp-content\/uploads\/2024\/03\/Helene-Romano-Dupond-Moretti-Expertise-Debats-et-Controverses-dans-lAffaire-de-la-Nomination.png?fit=1640%2C924&ssl=1\",\"datePublished\":\"2024-03-12T02:27:30+00:00\",\"dateModified\":\"2024-04-16T12:37:44+00:00\",\"author\":{\"@id\":\"https:\/\/flashmode.tn\/magazine\/#\/schema\/person\/79940f8af94166a445dd5bd6b3137682\"},\"description\":\"La nomination d'\u00c9ric Dupond-Moretti en tant que ministre de la Justice a suscit\u00e9 une controverse passionn\u00e9e, mettant en lumi\u00e8re la figure cl\u00e9 de H\u00e9l\u00e8ne\",\"breadcrumb\":{\"@id\":\"https:\/\/flashmode.tn\/magazine\/helene-romano-dupond-moretti\/#breadcrumb\"},\"inLanguage\":\"fr-FR\",\"potentialAction\":[{\"@type\":\"ReadAction\",\"target\":[\"https:\/\/flashmode.tn\/magazine\/helene-romano-dupond-moretti\/\"]}]},{\"@type\":\"ImageObject\",\"inLanguage\":\"fr-FR\",\"@id\":\"https:\/\/flashmode.tn\/magazine\/helene-romano-dupond-moretti\/#primaryimage\",\"url\":\"https:\/\/i0.wp.com\/flashmode.tn\/magazine\/wp-content\/uploads\/2024\/03\/Helene-Romano-Dupond-Moretti-Expertise-Debats-et-Controverses-dans-lAffaire-de-la-Nomination.png?fit=1640%2C924&ssl=1\",\"contentUrl\":\"https:\/\/i0.wp.com\/flashmode.tn\/magazine\/wp-content\/uploads\/2024\/03\/Helene-Romano-Dupond-Moretti-Expertise-Debats-et-Controverses-dans-lAffaire-de-la-Nomination.png?fit=1640%2C924&ssl=1\",\"width\":1640,\"height\":924,\"caption\":\"H\u00e9l\u00e8ne Romano Dupond-Moretti : Expertise, D\u00e9bats et Controverses dans l'Affaire de la Nomination\"},{\"@type\":\"BreadcrumbList\",\"@id\":\"https:\/\/flashmode.tn\/magazine\/helene-romano-dupond-moretti\/#breadcrumb\",\"itemListElement\":[{\"@type\":\"ListItem\",\"position\":1,\"name\":\"Accueil\",\"item\":\"https:\/\/flashmode.tn\/magazine\/\"},{\"@type\":\"ListItem\",\"position\":2,\"name\":\"H\u00e9l\u00e8ne Romano Dupond-Moretti : Expertise, D\u00e9bats et Controverses dans l&rsquo;Affaire de la Nomination\"}]},{\"@type\":\"WebSite\",\"@id\":\"https:\/\/flashmode.tn\/magazine\/#website\",\"url\":\"https:\/\/flashmode.tn\/magazine\/\",\"name\":\"Flashmode Magazine | Magazine de mode et style de vie Num\u00e9ro un en Tunisie et au Maghreb\",\"description\":\"Magazine de mode et style de vie Num\u00e9ro un en Tunisie et au Maghreb, cr\u00e9\u00e9 pour les hommes et les femmes : conseils beaut\u00e9, mode femme, mode homme, recettes de cuisine, c\u00e9l\u00e9brit\u00e9s et people, mannequins et top modeles\",\"potentialAction\":[{\"@type\":\"SearchAction\",\"target\":{\"@type\":\"EntryPoint\",\"urlTemplate\":\"https:\/\/flashmode.tn\/magazine\/?s={search_term_string}\"},\"query-input\":{\"@type\":\"PropertyValueSpecification\",\"valueRequired\":true,\"valueName\":\"search_term_string\"}}],\"inLanguage\":\"fr-FR\"},{\"@type\":\"Person\",\"@id\":\"https:\/\/flashmode.tn\/magazine\/#\/schema\/person\/79940f8af94166a445dd5bd6b3137682\",\"name\":\"The Daileigh\",\"image\":{\"@type\":\"ImageObject\",\"inLanguage\":\"fr-FR\",\"@id\":\"https:\/\/flashmode.tn\/magazine\/#\/schema\/person\/image\/\",\"url\":\"https:\/\/secure.gravatar.com\/avatar\/30d4d60865d61de3434abd01cb8b4ec5e5b5eb5a274017461832a54857b1770d?s=96&d=mm&r=g\",\"contentUrl\":\"https:\/\/secure.gravatar.com\/avatar\/30d4d60865d61de3434abd01cb8b4ec5e5b5eb5a274017461832a54857b1770d?s=96&d=mm&r=g\",\"caption\":\"The Daileigh\"},\"url\":\"https:\/\/flashmode.tn\/magazine\/author\/the-daileigh\/\"}]}<\/script>\n<!-- \/ Yoast SEO Premium plugin. -->","yoast_head_json":{"title":"H\u00e9l\u00e8ne Romano Dupond-Moretti : Expertise, D\u00e9bats et Controverses dans l'Affaire de la Nomination - Flashmode Magazine | Magazine de mode et style de vie Num\u00e9ro un en Tunisie et au Maghreb","description":"La nomination d'\u00c9ric Dupond-Moretti en tant que ministre de la Justice a suscit\u00e9 une controverse passionn\u00e9e, mettant en lumi\u00e8re la figure cl\u00e9 de H\u00e9l\u00e8ne","robots":{"index":"index","follow":"follow","max-snippet":"max-snippet:-1","max-image-preview":"max-image-preview:large","max-video-preview":"max-video-preview:-1"},"canonical":"https:\/\/flashmode.tn\/magazine\/helene-romano-dupond-moretti\/","og_locale":"fr_FR","og_type":"article","og_title":"H\u00e9l\u00e8ne Romano Dupond-Moretti : Expertise, D\u00e9bats et Controverses dans l'Affaire de la Nomination - Flashmode Magazine | Magazine de mode et style de vie Num\u00e9ro un en Tunisie et au Maghreb","og_description":"La nomination d'\u00c9ric Dupond-Moretti en tant que ministre de la Justice a suscit\u00e9 une controverse passionn\u00e9e, mettant en lumi\u00e8re la figure cl\u00e9 de H\u00e9l\u00e8ne","og_url":"https:\/\/flashmode.tn\/magazine\/helene-romano-dupond-moretti\/","og_site_name":"Flashmode Magazine | Magazine de mode et style de vie Num\u00e9ro un en Tunisie et au Maghreb","article_publisher":"https:\/\/www.facebook.com\/flashmode.magazine\/","article_published_time":"2024-03-12T02:27:30+00:00","article_modified_time":"2024-04-16T12:37:44+00:00","og_image":[{"width":1640,"height":924,"url":"https:\/\/flashmode.tn\/magazine\/wp-content\/uploads\/2024\/03\/Helene-Romano-Dupond-Moretti-Expertise-Debats-et-Controverses-dans-lAffaire-de-la-Nomination.png","type":"image\/png"}],"author":"The Daileigh","twitter_card":"summary_large_image","twitter_creator":"@agenceflashmode","twitter_site":"@agenceflashmode","twitter_misc":{"\u00c9crit par":"The Daileigh","Dur\u00e9e de lecture estim\u00e9e":"6 minutes"},"schema":{"@context":"https:\/\/schema.org","@graph":[{"@type":"WebPage","@id":"https:\/\/flashmode.tn\/magazine\/helene-romano-dupond-moretti\/","url":"https:\/\/flashmode.tn\/magazine\/helene-romano-dupond-moretti\/","name":"H\u00e9l\u00e8ne Romano Dupond-Moretti : Expertise, D\u00e9bats et Controverses dans l'Affaire de la Nomination - Flashmode Magazine | Magazine de mode et style de vie Num\u00e9ro un en Tunisie et au Maghreb","isPartOf":{"@id":"https:\/\/flashmode.tn\/magazine\/#website"},"primaryImageOfPage":{"@id":"https:\/\/flashmode.tn\/magazine\/helene-romano-dupond-moretti\/#primaryimage"},"image":{"@id":"https:\/\/flashmode.tn\/magazine\/helene-romano-dupond-moretti\/#primaryimage"},"thumbnailUrl":"https:\/\/i0.wp.com\/flashmode.tn\/magazine\/wp-content\/uploads\/2024\/03\/Helene-Romano-Dupond-Moretti-Expertise-Debats-et-Controverses-dans-lAffaire-de-la-Nomination.png?fit=1640%2C924&ssl=1","datePublished":"2024-03-12T02:27:30+00:00","dateModified":"2024-04-16T12:37:44+00:00","author":{"@id":"https:\/\/flashmode.tn\/magazine\/#\/schema\/person\/79940f8af94166a445dd5bd6b3137682"},"description":"La nomination d'\u00c9ric Dupond-Moretti en tant que ministre de la Justice a suscit\u00e9 une controverse passionn\u00e9e, mettant en lumi\u00e8re la figure cl\u00e9 de H\u00e9l\u00e8ne","breadcrumb":{"@id":"https:\/\/flashmode.tn\/magazine\/helene-romano-dupond-moretti\/#breadcrumb"},"inLanguage":"fr-FR","potentialAction":[{"@type":"ReadAction","target":["https:\/\/flashmode.tn\/magazine\/helene-romano-dupond-moretti\/"]}]},{"@type":"ImageObject","inLanguage":"fr-FR","@id":"https:\/\/flashmode.tn\/magazine\/helene-romano-dupond-moretti\/#primaryimage","url":"https:\/\/i0.wp.com\/flashmode.tn\/magazine\/wp-content\/uploads\/2024\/03\/Helene-Romano-Dupond-Moretti-Expertise-Debats-et-Controverses-dans-lAffaire-de-la-Nomination.png?fit=1640%2C924&ssl=1","contentUrl":"https:\/\/i0.wp.com\/flashmode.tn\/magazine\/wp-content\/uploads\/2024\/03\/Helene-Romano-Dupond-Moretti-Expertise-Debats-et-Controverses-dans-lAffaire-de-la-Nomination.png?fit=1640%2C924&ssl=1","width":1640,"height":924,"caption":"H\u00e9l\u00e8ne Romano Dupond-Moretti : Expertise, D\u00e9bats et Controverses dans l'Affaire de la Nomination"},{"@type":"BreadcrumbList","@id":"https:\/\/flashmode.tn\/magazine\/helene-romano-dupond-moretti\/#breadcrumb","itemListElement":[{"@type":"ListItem","position":1,"name":"Accueil","item":"https:\/\/flashmode.tn\/magazine\/"},{"@type":"ListItem","position":2,"name":"H\u00e9l\u00e8ne Romano Dupond-Moretti : Expertise, D\u00e9bats et Controverses dans l&rsquo;Affaire de la Nomination"}]},{"@type":"WebSite","@id":"https:\/\/flashmode.tn\/magazine\/#website","url":"https:\/\/flashmode.tn\/magazine\/","name":"Flashmode Magazine | Magazine de mode et style de vie Num\u00e9ro un en Tunisie et au Maghreb","description":"Magazine de mode et style de vie Num\u00e9ro un en Tunisie et au Maghreb, cr\u00e9\u00e9 pour les hommes et les femmes : conseils beaut\u00e9, mode femme, mode homme, recettes de cuisine, c\u00e9l\u00e9brit\u00e9s et people, mannequins et top modeles","potentialAction":[{"@type":"SearchAction","target":{"@type":"EntryPoint","urlTemplate":"https:\/\/flashmode.tn\/magazine\/?s={search_term_string}"},"query-input":{"@type":"PropertyValueSpecification","valueRequired":true,"valueName":"search_term_string"}}],"inLanguage":"fr-FR"},{"@type":"Person","@id":"https:\/\/flashmode.tn\/magazine\/#\/schema\/person\/79940f8af94166a445dd5bd6b3137682","name":"The Daileigh","image":{"@type":"ImageObject","inLanguage":"fr-FR","@id":"https:\/\/flashmode.tn\/magazine\/#\/schema\/person\/image\/","url":"https:\/\/secure.gravatar.com\/avatar\/30d4d60865d61de3434abd01cb8b4ec5e5b5eb5a274017461832a54857b1770d?s=96&d=mm&r=g","contentUrl":"https:\/\/secure.gravatar.com\/avatar\/30d4d60865d61de3434abd01cb8b4ec5e5b5eb5a274017461832a54857b1770d?s=96&d=mm&r=g","caption":"The Daileigh"},"url":"https:\/\/flashmode.tn\/magazine\/author\/the-daileigh\/"}]}},"jetpack_publicize_connections":[],"jetpack_featured_media_url":"https:\/\/i0.wp.com\/flashmode.tn\/magazine\/wp-content\/uploads\/2024\/03\/Helene-Romano-Dupond-Moretti-Expertise-Debats-et-Controverses-dans-lAffaire-de-la-Nomination.png?fit=1640%2C924&ssl=1","jetpack_shortlink":"https:\/\/wp.me\/p8BPGr-rRy","jetpack_sharing_enabled":true,"_links":{"self":[{"href":"https:\/\/flashmode.tn\/magazine\/wp-json\/wp\/v2\/posts\/107108","targetHints":{"allow":["GET"]}}],"collection":[{"href":"https:\/\/flashmode.tn\/magazine\/wp-json\/wp\/v2\/posts"}],"about":[{"href":"https:\/\/flashmode.tn\/magazine\/wp-json\/wp\/v2\/types\/post"}],"author":[{"embeddable":true,"href":"https:\/\/flashmode.tn\/magazine\/wp-json\/wp\/v2\/users\/8"}],"replies":[{"embeddable":true,"href":"https:\/\/flashmode.tn\/magazine\/wp-json\/wp\/v2\/comments?post=107108"}],"version-history":[{"count":2,"href":"https:\/\/flashmode.tn\/magazine\/wp-json\/wp\/v2\/posts\/107108\/revisions"}],"predecessor-version":[{"id":163224,"href":"https:\/\/flashmode.tn\/magazine\/wp-json\/wp\/v2\/posts\/107108\/revisions\/163224"}],"wp:featuredmedia":[{"embeddable":true,"href":"https:\/\/flashmode.tn\/magazine\/wp-json\/wp\/v2\/media\/163222"}],"wp:attachment":[{"href":"https:\/\/flashmode.tn\/magazine\/wp-json\/wp\/v2\/media?parent=107108"}],"wp:term":[{"taxonomy":"category","embeddable":true,"href":"https:\/\/flashmode.tn\/magazine\/wp-json\/wp\/v2\/categories?post=107108"},{"taxonomy":"post_tag","embeddable":true,"href":"https:\/\/flashmode.tn\/magazine\/wp-json\/wp\/v2\/tags?post=107108"}],"curies":[{"name":"wp","href":"https:\/\/api.w.org\/{rel}","templated":true}]}}