{"id":107159,"date":"2024-03-12T04:00:02","date_gmt":"2024-03-12T03:00:02","guid":{"rendered":"https:\/\/flashmode.tn\/magazine\/?p=107159"},"modified":"2024-04-17T13:08:39","modified_gmt":"2024-04-17T11:08:39","slug":"medium-et-disparition-emile","status":"publish","type":"post","link":"https:\/\/flashmode.tn\/magazine\/medium-et-disparition-emile\/","title":{"rendered":"M\u00e9dium et Disparition d&rsquo;\u00c9mile: Enqu\u00eate, T\u00e9moignages et R\u00e9v\u00e9lations Choc"},"content":{"rendered":"\n<p>Le recours aux m\u00e9diums dans la recherche d&rsquo;\u00c9mile : un espoir controvers\u00e9<\/p>\n\n\n\n<p>La disparition d&rsquo;\u00c9mile a laiss\u00e9 sa famille et ses proches dans l&rsquo;attente angoissante de r\u00e9ponses. Entre espoir et scepticisme, l&rsquo;enqu\u00eate a pris des tournures inattendues avec l&rsquo;intervention de voyants et m\u00e9diums. Dans cet article, plongeons dans les m\u00e9andres de cette affaire captivante et controvers\u00e9e, explorant les enjeux \u00e9thiques, sociaux et psychologiques li\u00e9s \u00e0 la voyance dans les cas de disparition. Accrochez-vous, car cette qu\u00eate pour retrouver \u00c9mile r\u00e9serve bien des surprises !<\/p>\n\n\n\n<div id=\"ez-toc-container\" class=\"ez-toc-v2_0_81 counter-hierarchy ez-toc-counter ez-toc-grey ez-toc-container-direction\">\n<div class=\"ez-toc-title-container\">\n<p class=\"ez-toc-title\" style=\"cursor:inherit\">Contenus de la page<\/p>\n<span class=\"ez-toc-title-toggle\"><a href=\"#\" class=\"ez-toc-pull-right ez-toc-btn ez-toc-btn-xs ez-toc-btn-default ez-toc-toggle\" aria-label=\"Toggle Table of Content\"><span class=\"ez-toc-js-icon-con\"><span class=\"\"><span class=\"eztoc-hide\" style=\"display:none;\">Toggle<\/span><span class=\"ez-toc-icon-toggle-span\"><svg style=\"fill: #999;color:#999\" xmlns=\"http:\/\/www.w3.org\/2000\/svg\" class=\"list-377408\" width=\"20px\" height=\"20px\" viewBox=\"0 0 24 24\" fill=\"none\"><path d=\"M6 6H4v2h2V6zm14 0H8v2h12V6zM4 11h2v2H4v-2zm16 0H8v2h12v-2zM4 16h2v2H4v-2zm16 0H8v2h12v-2z\" fill=\"currentColor\"><\/path><\/svg><svg style=\"fill: #999;color:#999\" class=\"arrow-unsorted-368013\" xmlns=\"http:\/\/www.w3.org\/2000\/svg\" width=\"10px\" height=\"10px\" viewBox=\"0 0 24 24\" version=\"1.2\" baseProfile=\"tiny\"><path d=\"M18.2 9.3l-6.2-6.3-6.2 6.3c-.2.2-.3.4-.3.7s.1.5.3.7c.2.2.4.3.7.3h11c.3 0 .5-.1.7-.3.2-.2.3-.5.3-.7s-.1-.5-.3-.7zM5.8 14.7l6.2 6.3 6.2-6.3c.2-.2.3-.5.3-.7s-.1-.5-.3-.7c-.2-.2-.4-.3-.7-.3h-11c-.3 0-.5.1-.7.3-.2.2-.3.5-.3.7s.1.5.3.7z\"\/><\/svg><\/span><\/span><\/span><\/a><\/span><\/div>\n<nav><ul class='ez-toc-list ez-toc-list-level-1 ' ><ul class='ez-toc-list-level-3' ><li class='ez-toc-heading-level-3'><a class=\"ez-toc-link ez-toc-heading-1\" href=\"https:\/\/flashmode.tn\/magazine\/medium-et-disparition-emile\/#Points_a_retenir\" >Points \u00e0 retenir :<\/a><\/li><\/ul><\/li><li class='ez-toc-page-1 ez-toc-heading-level-2'><a class=\"ez-toc-link ez-toc-heading-2\" href=\"https:\/\/flashmode.tn\/magazine\/medium-et-disparition-emile\/#Le_Recours_aux_Mediums_dans_la_Recherche_dEmile_Un_Espoir_Controverse\" >Le Recours aux M\u00e9diums dans la Recherche d&rsquo;\u00c9mile: Un Espoir Controvers\u00e9<\/a><\/li><li class='ez-toc-page-1 ez-toc-heading-level-2'><a class=\"ez-toc-link ez-toc-heading-3\" href=\"https:\/\/flashmode.tn\/magazine\/medium-et-disparition-emile\/#LEnquete_sur_la_Disparition_dEmile_Ou_en_Sommes-Nous\" >L&rsquo;Enqu\u00eate sur la Disparition d&rsquo;\u00c9mile: O\u00f9 en Sommes-Nous?<\/a><ul class='ez-toc-list-level-3' ><li class='ez-toc-heading-level-3'><a class=\"ez-toc-link ez-toc-heading-4\" href=\"https:\/\/flashmode.tn\/magazine\/medium-et-disparition-emile\/#Les_Faits_Connus_de_lEnquete\" >Les Faits Connus de l&rsquo;Enqu\u00eate<\/a><\/li><li class='ez-toc-page-1 ez-toc-heading-level-3'><a class=\"ez-toc-link ez-toc-heading-5\" href=\"https:\/\/flashmode.tn\/magazine\/medium-et-disparition-emile\/#La_Demarche_des_Autorites\" >La D\u00e9marche des Autorit\u00e9s<\/a><\/li><\/ul><\/li><li class='ez-toc-page-1 ez-toc-heading-level-2'><a class=\"ez-toc-link ez-toc-heading-6\" href=\"https:\/\/flashmode.tn\/magazine\/medium-et-disparition-emile\/#Les_Mediums_et_la_Disparition_dEmile_Entre_Soutien_et_Scepticisme\" >Les M\u00e9diums et la Disparition d&rsquo;\u00c9mile: Entre Soutien et Scepticisme<\/a><ul class='ez-toc-list-level-3' ><li class='ez-toc-heading-level-3'><a class=\"ez-toc-link ez-toc-heading-7\" href=\"https:\/\/flashmode.tn\/magazine\/medium-et-disparition-emile\/#Des_Revelations_Mediatiques\" >Des R\u00e9v\u00e9lations M\u00e9diatiques<\/a><\/li><li class='ez-toc-page-1 ez-toc-heading-level-3'><a class=\"ez-toc-link ez-toc-heading-8\" href=\"https:\/\/flashmode.tn\/magazine\/medium-et-disparition-emile\/#LIrrationnel_face_a_la_Demarche_Judiciaire\" >L&rsquo;Irrationnel face \u00e0 la D\u00e9marche Judiciaire<\/a><\/li><\/ul><\/li><li class='ez-toc-page-1 ez-toc-heading-level-2'><a class=\"ez-toc-link ez-toc-heading-9\" href=\"https:\/\/flashmode.tn\/magazine\/medium-et-disparition-emile\/#Les_Temoignages_des_Voyants_sur_lAffaire_dEmile\" >Les T\u00e9moignages des Voyants sur l&rsquo;Affaire d&rsquo;\u00c9mile<\/a><ul class='ez-toc-list-level-3' ><li class='ez-toc-heading-level-3'><a class=\"ez-toc-link ez-toc-heading-10\" href=\"https:\/\/flashmode.tn\/magazine\/medium-et-disparition-emile\/#Les_Revelations_Choc_dans_les_Medias\" >Les R\u00e9v\u00e9lations Choc dans les M\u00e9dias<\/a><\/li><li class='ez-toc-page-1 ez-toc-heading-level-3'><a class=\"ez-toc-link ez-toc-heading-11\" href=\"https:\/\/flashmode.tn\/magazine\/medium-et-disparition-emile\/#Le_Pendule_et_la_Recherche\" >Le Pendule et la Recherche<\/a><\/li><\/ul><\/li><li class='ez-toc-page-1 ez-toc-heading-level-2'><a class=\"ez-toc-link ez-toc-heading-12\" href=\"https:\/\/flashmode.tn\/magazine\/medium-et-disparition-emile\/#La_Psychologie_derriere_le_Recours_aux_Mediums\" >La Psychologie derri\u00e8re le Recours aux M\u00e9diums<\/a><ul class='ez-toc-list-level-3' ><li class='ez-toc-heading-level-3'><a class=\"ez-toc-link ez-toc-heading-13\" href=\"https:\/\/flashmode.tn\/magazine\/medium-et-disparition-emile\/#Le_Besoin_de_Reponses_et_de_Reconfort\" >Le Besoin de R\u00e9ponses et de R\u00e9confort<\/a><\/li><li class='ez-toc-page-1 ez-toc-heading-level-3'><a class=\"ez-toc-link ez-toc-heading-14\" href=\"https:\/\/flashmode.tn\/magazine\/medium-et-disparition-emile\/#Le_Phenomene_de_Clutching_at_Straws\" >Le Ph\u00e9nom\u00e8ne de Clutching at Straws<\/a><\/li><\/ul><\/li><li class='ez-toc-page-1 ez-toc-heading-level-2'><a class=\"ez-toc-link ez-toc-heading-15\" href=\"https:\/\/flashmode.tn\/magazine\/medium-et-disparition-emile\/#Les_Enjeux_Ethiques_et_Sociaux_de_la_Voyance_dans_les_Affaires_de_Disparition\" >Les Enjeux \u00c9thiques et Sociaux de la Voyance dans les Affaires de Disparition<\/a><ul class='ez-toc-list-level-3' ><li class='ez-toc-heading-level-3'><a class=\"ez-toc-link ez-toc-heading-16\" href=\"https:\/\/flashmode.tn\/magazine\/medium-et-disparition-emile\/#Respecter_la_Douleur_des_Familles\" >Respecter la Douleur des Familles<\/a><\/li><li class='ez-toc-page-1 ez-toc-heading-level-3'><a class=\"ez-toc-link ez-toc-heading-17\" href=\"https:\/\/flashmode.tn\/magazine\/medium-et-disparition-emile\/#La_Responsabilite_des_Medias\" >La Responsabilit\u00e9 des M\u00e9dias<\/a><\/li><\/ul><\/li><li class='ez-toc-page-1 ez-toc-heading-level-2'><a class=\"ez-toc-link ez-toc-heading-18\" href=\"https:\/\/flashmode.tn\/magazine\/medium-et-disparition-emile\/#Conclusion_Prudence_et_Espoir_dans_la_Quete_pour_Retrouver_Emile\" >Conclusion: Prudence et Espoir dans la Qu\u00eate pour Retrouver \u00c9mile<\/a><\/li><\/ul><\/nav><\/div>\n<h3 class=\"wp-block-heading\" id=\"h-points-a-retenir\"><span class=\"ez-toc-section\" id=\"Points_a_retenir\"><\/span>Points \u00e0 retenir :<span class=\"ez-toc-section-end\"><\/span><\/h3>\n\n\n\n<ul class=\"wp-block-list\">\n<li>\u00c9mile, 2 ans, est toujours port\u00e9 disparu depuis le 8 juillet dernier.<\/li>\n\n\n\n<li>L&rsquo;enqu\u00eate concernant la disparition d&rsquo;\u00c9mile est toujours en cours.<\/li>\n\n\n\n<li>Les parents d&rsquo;\u00c9mile demandent \u00e0 toute personne d\u00e9tenant des informations sur sa disparition de les divulguer.<\/li>\n\n\n\n<li>Des m\u00e9diums et voyants se sont int\u00e9ress\u00e9s \u00e0 la disparition d&rsquo;\u00c9mile, mais les autorit\u00e9s continuent leurs recherches de mani\u00e8re conventionnelle.<\/li>\n\n\n\n<li>La disparition d&rsquo;\u00c9mile a \u00e9t\u00e9 requalifi\u00e9e en motifs criminels pour \u00ab\u00a0enl\u00e8vement\u00a0\u00bb et \u00ab\u00a0s\u00e9questration\u00a0\u00bb.<\/li>\n\n\n\n<li>Les parents lancent un appel \u00e9mouvant pour retrouver leur fils, demandant de le rendre s&rsquo;il est vivant.<\/li>\n<\/ul>\n\n\n\n<h2 class=\"wp-block-heading\" id=\"h-le-recours-aux-mediums-dans-la-recherche-d-emile-un-espoir-controverse\"><span class=\"ez-toc-section\" id=\"Le_Recours_aux_Mediums_dans_la_Recherche_dEmile_Un_Espoir_Controverse\"><\/span>Le Recours aux M\u00e9diums dans la Recherche d&rsquo;\u00c9mile: Un Espoir Controvers\u00e9<span class=\"ez-toc-section-end\"><\/span><\/h2>\n\n\n\n<p>La disparition d&rsquo;un enfant est sans doute l&rsquo;une des \u00e9preuves les plus d\u00e9chirantes qu&rsquo;une famille puisse endurer. L&rsquo;affaire d&rsquo;<strong>\u00c9mile, port\u00e9 disparu depuis le 8 juillet<\/strong>, illustre cette trag\u00e9die et les efforts incessants pour retrouver un \u00eatre cher. Dans leur d\u00e9sespoir, certains se tournent vers des m\u00e9thodes non conventionnelles, telles que l&rsquo;aide de m\u00e9diums et voyants. Cet article explore les diff\u00e9rentes facettes de cette d\u00e9marche controvers\u00e9e, tout en restant ancr\u00e9 dans les faits av\u00e9r\u00e9s de l&rsquo;enqu\u00eate.<\/p>\n\n\n\n<h2 class=\"wp-block-heading\" id=\"h-l-enquete-sur-la-disparition-d-emile-ou-en-sommes-nous\"><span class=\"ez-toc-section\" id=\"LEnquete_sur_la_Disparition_dEmile_Ou_en_Sommes-Nous\"><\/span>L&rsquo;Enqu\u00eate sur la Disparition d&rsquo;\u00c9mile: O\u00f9 en Sommes-Nous?<span class=\"ez-toc-section-end\"><\/span><\/h2>\n\n\n\n<h3 class=\"wp-block-heading\" id=\"h-les-faits-connus-de-l-enquete\"><span class=\"ez-toc-section\" id=\"Les_Faits_Connus_de_lEnquete\"><\/span>Les Faits Connus de l&rsquo;Enqu\u00eate<span class=\"ez-toc-section-end\"><\/span><\/h3>\n\n\n\n<p>Au c\u0153ur de cette affaire, l&rsquo;<strong>enqu\u00eate toujours en cours<\/strong> pour comprendre ce qui est arriv\u00e9 au petit \u00c9mile, dont la disparition a \u00e9t\u00e9 requalifi\u00e9e en enl\u00e8vement et s\u00e9questration. La police et la justice \u0153uvrent sans rel\u00e2che pour \u00e9lucider ce cas, et les parents d&rsquo;\u00c9mile, dans un appel \u00e9mouvant, ont sollicit\u00e9 l&rsquo;aide du public pour retrouver leur fils.<\/p>\n\n\n\n<h3 class=\"wp-block-heading\" id=\"h-la-demarche-des-autorites\"><span class=\"ez-toc-section\" id=\"La_Demarche_des_Autorites\"><\/span>La D\u00e9marche des Autorit\u00e9s<span class=\"ez-toc-section-end\"><\/span><\/h3>\n\n\n\n<p>Les autorit\u00e9s poursuivent leurs recherches de mani\u00e8re conventionnelle, en suivant toutes les pistes possibles et en analysant minutieusement chaque indice susceptible de les mener \u00e0 \u00c9mile. La mobilisation est totale pour que la v\u00e9rit\u00e9 \u00e9clate et que le petit gar\u00e7on soit retrouv\u00e9.<\/p>\n\n\n\n<h2 class=\"wp-block-heading\" id=\"h-les-mediums-et-la-disparition-d-emile-entre-soutien-et-scepticisme\"><span class=\"ez-toc-section\" id=\"Les_Mediums_et_la_Disparition_dEmile_Entre_Soutien_et_Scepticisme\"><\/span>Les M\u00e9diums et la Disparition d&rsquo;\u00c9mile: Entre Soutien et Scepticisme<span class=\"ez-toc-section-end\"><\/span><\/h2>\n\n\n\n<h3 class=\"wp-block-heading\" id=\"h-des-revelations-mediatiques\"><span class=\"ez-toc-section\" id=\"Des_Revelations_Mediatiques\"><\/span>Des R\u00e9v\u00e9lations M\u00e9diatiques<span class=\"ez-toc-section-end\"><\/span><\/h3>\n\n\n\n<p>Face \u00e0 l&rsquo;absence de r\u00e9sultats tangibles, des m\u00e9diums et voyants ont pris l&rsquo;initiative de se pencher sur la disparition d&rsquo;\u00c9mile. Des personnalit\u00e9s comme Claude Alexis ont partag\u00e9 leurs \u00ab\u00a0ressentis\u00a0\u00bb dans des \u00e9missions. Ces interventions m\u00e9diatiques suscitent autant d&rsquo;espoir que de controverse, soulevant la question de l&rsquo;efficacit\u00e9 r\u00e9elle de telles pratiques dans le cadre d&rsquo;une enqu\u00eate judiciaire.<\/p>\n\n\n\n<h3 class=\"wp-block-heading\" id=\"h-l-irrationnel-face-a-la-demarche-judiciaire\"><span class=\"ez-toc-section\" id=\"LIrrationnel_face_a_la_Demarche_Judiciaire\"><\/span>L&rsquo;Irrationnel face \u00e0 la D\u00e9marche Judiciaire<span class=\"ez-toc-section-end\"><\/span><\/h3>\n\n\n\n<p>La d\u00e9marche des m\u00e9diums, bien qu&rsquo;ayant pour but de soutenir les familles, se heurte souvent au rationalisme de la proc\u00e9dure judiciaire. Pour les enqu\u00eateurs, l&rsquo;<strong>irrationnel est incompatible avec une d\u00e9marche judiciaire<\/strong> rigoureuse. Il reste que les parents d&rsquo;\u00c9mile, comme ceux de nombreuses autres victimes avant eux, sont pr\u00eats \u00e0 explorer toutes les pistes pour retrouver leur enfant.<\/p>\n\n\n\n<h2 class=\"wp-block-heading\" id=\"h-les-temoignages-des-voyants-sur-l-affaire-d-emile\"><span class=\"ez-toc-section\" id=\"Les_Temoignages_des_Voyants_sur_lAffaire_dEmile\"><\/span>Les T\u00e9moignages des Voyants sur l&rsquo;Affaire d&rsquo;\u00c9mile<span class=\"ez-toc-section-end\"><\/span><\/h2>\n\n\n\n<h3 class=\"wp-block-heading\" id=\"h-les-revelations-choc-dans-les-medias\"><span class=\"ez-toc-section\" id=\"Les_Revelations_Choc_dans_les_Medias\"><\/span>Les R\u00e9v\u00e9lations Choc dans les M\u00e9dias<span class=\"ez-toc-section-end\"><\/span><\/h3>\n\n\n\n<p>Plusieurs voyants ont partag\u00e9 des visions ou des \u00ab\u00a0ressentis\u00a0\u00bb parfois d\u00e9routants, affirmant parfois savoir o\u00f9 se trouve \u00c9mile, ou d\u00e9crivant des sensations li\u00e9es \u00e0 son \u00e9tat. Ces d\u00e9clarations, bien que captivantes pour le public, doivent \u00eatre prises avec prudence. Elles ne remplacent pas les preuves et les m\u00e9thodes d&rsquo;enqu\u00eate traditionnelles.<\/p>\n\n\n\n<h3 class=\"wp-block-heading\" id=\"h-le-pendule-et-la-recherche\"><span class=\"ez-toc-section\" id=\"Le_Pendule_et_la_Recherche\"><\/span>Le Pendule et la Recherche<span class=\"ez-toc-section-end\"><\/span><\/h3>\n\n\n\n<p>Il est rapport\u00e9 que des m\u00e9diums ont recouru au pendule dans l&rsquo;espoir de localiser \u00c9mile. Cette pratique, qui consiste \u00e0 utiliser un objet suspendu pour obtenir des r\u00e9ponses ou des indications, rel\u00e8ve de croyances et n&rsquo;a pas de fondement scientifique reconnu. Pourtant, elle continue d&rsquo;\u00eatre utilis\u00e9e par certains dans des situations d\u00e9sesp\u00e9r\u00e9es.<\/p>\n\n\n\n<h2 class=\"wp-block-heading\" id=\"h-la-psychologie-derriere-le-recours-aux-mediums\"><span class=\"ez-toc-section\" id=\"La_Psychologie_derriere_le_Recours_aux_Mediums\"><\/span>La Psychologie derri\u00e8re le Recours aux M\u00e9diums<span class=\"ez-toc-section-end\"><\/span><\/h2>\n\n\n\n<h3 class=\"wp-block-heading\" id=\"h-le-besoin-de-reponses-et-de-reconfort\"><span class=\"ez-toc-section\" id=\"Le_Besoin_de_Reponses_et_de_Reconfort\"><\/span>Le Besoin de R\u00e9ponses et de R\u00e9confort<span class=\"ez-toc-section-end\"><\/span><\/h3>\n\n\n\n<p>La douleur insupportable caus\u00e9e par la disparition d&rsquo;un enfant peut conduire les familles \u00e0 chercher du r\u00e9confort l\u00e0 o\u00f9 la logique et la science ne fournissent pas de r\u00e9ponses imm\u00e9diates. Se tourner vers des m\u00e9diums peut apporter un certain apaisement, m\u00eame temporaire, dans l&rsquo;attente de nouvelles concr\u00e8tes.<\/p>\n\n\n\n<h3 class=\"wp-block-heading\" id=\"h-le-phenomene-de-clutching-at-straws\"><span class=\"ez-toc-section\" id=\"Le_Phenomene_de_Clutching_at_Straws\"><\/span>Le Ph\u00e9nom\u00e8ne de Clutching at Straws<span class=\"ez-toc-section-end\"><\/span><\/h3>\n\n\n\n<p>Le terme anglais \u00ab\u00a0clutching at straws\u00a0\u00bb d\u00e9crit bien la situation o\u00f9 l&rsquo;on s&rsquo;accroche \u00e0 la moindre possibilit\u00e9 d&rsquo;espoir, aussi mince soit-elle. Dans le cas de la disparition d&rsquo;\u00c9mile, les parents sont pr\u00eats \u00e0 tout pour retrouver leur fils, y compris \u00e0 \u00e9couter des m\u00e9diums qui offrent une lueur d&rsquo;espoir.<\/p>\n\n\n\n<h2 class=\"wp-block-heading\" id=\"h-les-enjeux-ethiques-et-sociaux-de-la-voyance-dans-les-affaires-de-disparition\"><span class=\"ez-toc-section\" id=\"Les_Enjeux_Ethiques_et_Sociaux_de_la_Voyance_dans_les_Affaires_de_Disparition\"><\/span>Les Enjeux \u00c9thiques et Sociaux de la Voyance dans les Affaires de Disparition<span class=\"ez-toc-section-end\"><\/span><\/h2>\n\n\n\n<h3 class=\"wp-block-heading\" id=\"h-respecter-la-douleur-des-familles\"><span class=\"ez-toc-section\" id=\"Respecter_la_Douleur_des_Familles\"><\/span>Respecter la Douleur des Familles<span class=\"ez-toc-section-end\"><\/span><\/h3>\n\n\n\n<p>Il est essentiel que toute personne impliqu\u00e9e dans de telles affaires, y compris les m\u00e9diums, agisse avec respect et sensibilit\u00e9. Exploiter la vuln\u00e9rabilit\u00e9 des familles en deuil ou en d\u00e9tresse est non seulement contraire \u00e0 l&rsquo;\u00e9thique, mais peut \u00e9galement nuire aux enqu\u00eates officielles.<\/p>\n\n\n\n<h3 class=\"wp-block-heading\" id=\"h-la-responsabilite-des-medias\"><span class=\"ez-toc-section\" id=\"La_Responsabilite_des_Medias\"><\/span>La Responsabilit\u00e9 des M\u00e9dias<span class=\"ez-toc-section-end\"><\/span><\/h3>\n\n\n\n<p>Les m\u00e9dias jouent un r\u00f4le crucial dans la mani\u00e8re dont les r\u00e9v\u00e9lations des m\u00e9diums sont per\u00e7ues par le public. Il est de leur responsabilit\u00e9 de pr\u00e9senter ces informations avec prudence et de souligner que les m\u00e9thodes psychiques ne sont pas des substituts aux enqu\u00eates judiciaires.<\/p>\n\n\n\n<h2 class=\"wp-block-heading\" id=\"h-conclusion-prudence-et-espoir-dans-la-quete-pour-retrouver-emile\"><span class=\"ez-toc-section\" id=\"Conclusion_Prudence_et_Espoir_dans_la_Quete_pour_Retrouver_Emile\"><\/span>Conclusion: Prudence et Espoir dans la Qu\u00eate pour Retrouver \u00c9mile<span class=\"ez-toc-section-end\"><\/span><\/h2>\n\n\n\n<p>En conclusion, tandis que <strong>l&rsquo;enqu\u00eate sur la disparition d&rsquo;\u00c9mile<\/strong> continue, il est important de maintenir un \u00e9quilibre entre ouverture d&rsquo;esprit et scepticisme sain. Les contributions des m\u00e9diums peuvent offrir du r\u00e9confort aux familles, mais elles ne doivent pas \u00e9clipser les efforts des autorit\u00e9s et le besoin de preuves tangibles. Tandis que la recherche d&rsquo;\u00c9mile se poursuit, notre pens\u00e9e va \u00e0 sa famille et \u00e0 tous ceux qui \u0153uvrent pour le retrouver.<\/p>\n\n\n\n<p><strong>1. Est-ce que Emile a \u00e9t\u00e9 retrouv\u00e9 ?<\/strong><br>\u00c9mile n&rsquo;a toujours pas \u00e9t\u00e9 retrouv\u00e9.<\/p>\n\n\n\n<p><strong>2. Est-ce que le petit Emile a \u00e9t\u00e9 retrouver ?<\/strong><br>Le petit \u00c9mile, 2 ans, a disparu le 8 juillet dernier et n&rsquo;a toujours pas \u00e9t\u00e9 retrouv\u00e9.<\/p>\n\n\n\n<p><strong>3. O\u00f9 en est l&rsquo;enqu\u00eate pour le petit \u00c9mile ?<\/strong><br>L&rsquo;enqu\u00eate est toujours en cours.<\/p>\n\n\n\n<p><strong>4. O\u00f9 en est le petit \u00c9mile ?<\/strong><br>Le petit \u00c9mile est toujours port\u00e9 disparu.<\/p>\n\n\n\n<p><strong>5. Y a-t-il eu des interventions de m\u00e9diums et voyants dans l&rsquo;affaire de la disparition d&rsquo;\u00c9mile ?<\/strong><br>Oui, des m\u00e9diums et voyants se sont int\u00e9ress\u00e9s \u00e0 la disparition d&rsquo;\u00c9mile, mais les autorit\u00e9s continuent leurs recherches de mani\u00e8re conventionnelle.<\/p>\n","protected":false},"excerpt":{"rendered":"<p>Le recours aux m\u00e9diums dans la recherche d&rsquo;\u00c9mile : un espoir controvers\u00e9 La disparition d&rsquo;\u00c9mile a laiss\u00e9 sa famille et ses proches dans l&rsquo;attente angoissante de r\u00e9ponses. Entre espoir et scepticisme, l&rsquo;enqu\u00eate a pris des tournures inattendues avec l&rsquo;intervention de voyants et m\u00e9diums. Dans cet article, plongeons dans les m\u00e9andres de cette affaire captivante et [&hellip;]<\/p>\n","protected":false},"author":8,"featured_media":163405,"comment_status":"open","ping_status":"open","sticky":false,"template":"","format":"standard","meta":{"tdm_status":"","tdm_grid_status":"","_jetpack_memberships_contains_paid_content":false,"footnotes":"","jetpack_publicize_message":"","jetpack_publicize_feature_enabled":true,"jetpack_social_post_already_shared":true,"jetpack_social_options":{"image_generator_settings":{"template":"highway","default_image_id":0,"font":"","enabled":false},"version":2}},"categories":[78],"tags":[],"class_list":["post-107159","post","type-post","status-publish","format-standard","has-post-thumbnail","hentry","category-culture"],"yoast_head":"<!-- This site is optimized with the Yoast SEO Premium plugin v25.0 (Yoast SEO v25.0) - https:\/\/yoast.com\/wordpress\/plugins\/seo\/ -->\n<title>M\u00e9dium et Disparition d&#039;\u00c9mile: Enqu\u00eate, T\u00e9moignages et R\u00e9v\u00e9lations Choc - Flashmode Magazine | Magazine de mode et style de vie Num\u00e9ro un en Tunisie et au Maghreb<\/title>\n<meta name=\"description\" content=\"Le recours aux m\u00e9diums dans la recherche d&#039;\u00c9mile : un espoir controvers\u00e9 La disparition d&#039;\u00c9mile a laiss\u00e9 sa famille et ses proches dans l&#039;attente\" \/>\n<meta name=\"robots\" content=\"index, follow, max-snippet:-1, max-image-preview:large, max-video-preview:-1\" \/>\n<link rel=\"canonical\" href=\"https:\/\/flashmode.tn\/magazine\/medium-et-disparition-emile\/\" \/>\n<meta property=\"og:locale\" content=\"fr_FR\" \/>\n<meta property=\"og:type\" content=\"article\" \/>\n<meta property=\"og:title\" content=\"M\u00e9dium et Disparition d&#039;\u00c9mile: Enqu\u00eate, T\u00e9moignages et R\u00e9v\u00e9lations Choc - Flashmode Magazine | Magazine de mode et style de vie Num\u00e9ro un en Tunisie et au Maghreb\" \/>\n<meta property=\"og:description\" content=\"Le recours aux m\u00e9diums dans la recherche d&#039;\u00c9mile : un espoir controvers\u00e9 La disparition d&#039;\u00c9mile a laiss\u00e9 sa famille et ses proches dans l&#039;attente\" \/>\n<meta property=\"og:url\" content=\"https:\/\/flashmode.tn\/magazine\/medium-et-disparition-emile\/\" \/>\n<meta property=\"og:site_name\" content=\"Flashmode Magazine | Magazine de mode et style de vie Num\u00e9ro un en Tunisie et au Maghreb\" \/>\n<meta property=\"article:publisher\" content=\"https:\/\/www.facebook.com\/flashmode.magazine\/\" \/>\n<meta property=\"article:published_time\" content=\"2024-03-12T03:00:02+00:00\" \/>\n<meta property=\"article:modified_time\" content=\"2024-04-17T11:08:39+00:00\" \/>\n<meta property=\"og:image\" content=\"https:\/\/flashmode.tn\/magazine\/wp-content\/uploads\/2024\/03\/Medium-et-Disparition-dEmile-Enquete-Temoignages-et-Revelations-Choc.png\" \/>\n\t<meta property=\"og:image:width\" content=\"1640\" \/>\n\t<meta property=\"og:image:height\" content=\"924\" \/>\n\t<meta property=\"og:image:type\" content=\"image\/png\" \/>\n<meta name=\"author\" content=\"The Daileigh\" \/>\n<meta name=\"twitter:card\" content=\"summary_large_image\" \/>\n<meta name=\"twitter:creator\" content=\"@agenceflashmode\" \/>\n<meta name=\"twitter:site\" content=\"@agenceflashmode\" \/>\n<meta name=\"twitter:label1\" content=\"\u00c9crit par\" \/>\n\t<meta name=\"twitter:data1\" content=\"The Daileigh\" \/>\n\t<meta name=\"twitter:label2\" content=\"Dur\u00e9e de lecture estim\u00e9e\" \/>\n\t<meta name=\"twitter:data2\" content=\"6 minutes\" \/>\n<script type=\"application\/ld+json\" class=\"yoast-schema-graph\">{\"@context\":\"https:\/\/schema.org\",\"@graph\":[{\"@type\":\"WebPage\",\"@id\":\"https:\/\/flashmode.tn\/magazine\/medium-et-disparition-emile\/\",\"url\":\"https:\/\/flashmode.tn\/magazine\/medium-et-disparition-emile\/\",\"name\":\"M\u00e9dium et Disparition d'\u00c9mile: Enqu\u00eate, T\u00e9moignages et R\u00e9v\u00e9lations Choc - Flashmode Magazine | Magazine de mode et style de vie Num\u00e9ro un en Tunisie et au Maghreb\",\"isPartOf\":{\"@id\":\"https:\/\/flashmode.tn\/magazine\/#website\"},\"primaryImageOfPage\":{\"@id\":\"https:\/\/flashmode.tn\/magazine\/medium-et-disparition-emile\/#primaryimage\"},\"image\":{\"@id\":\"https:\/\/flashmode.tn\/magazine\/medium-et-disparition-emile\/#primaryimage\"},\"thumbnailUrl\":\"https:\/\/i0.wp.com\/flashmode.tn\/magazine\/wp-content\/uploads\/2024\/03\/Medium-et-Disparition-dEmile-Enquete-Temoignages-et-Revelations-Choc.png?fit=1640%2C924&ssl=1\",\"datePublished\":\"2024-03-12T03:00:02+00:00\",\"dateModified\":\"2024-04-17T11:08:39+00:00\",\"author\":{\"@id\":\"https:\/\/flashmode.tn\/magazine\/#\/schema\/person\/79940f8af94166a445dd5bd6b3137682\"},\"description\":\"Le recours aux m\u00e9diums dans la recherche d'\u00c9mile : un espoir controvers\u00e9 La disparition d'\u00c9mile a laiss\u00e9 sa famille et ses proches dans l'attente\",\"breadcrumb\":{\"@id\":\"https:\/\/flashmode.tn\/magazine\/medium-et-disparition-emile\/#breadcrumb\"},\"inLanguage\":\"fr-FR\",\"potentialAction\":[{\"@type\":\"ReadAction\",\"target\":[\"https:\/\/flashmode.tn\/magazine\/medium-et-disparition-emile\/\"]}]},{\"@type\":\"ImageObject\",\"inLanguage\":\"fr-FR\",\"@id\":\"https:\/\/flashmode.tn\/magazine\/medium-et-disparition-emile\/#primaryimage\",\"url\":\"https:\/\/i0.wp.com\/flashmode.tn\/magazine\/wp-content\/uploads\/2024\/03\/Medium-et-Disparition-dEmile-Enquete-Temoignages-et-Revelations-Choc.png?fit=1640%2C924&ssl=1\",\"contentUrl\":\"https:\/\/i0.wp.com\/flashmode.tn\/magazine\/wp-content\/uploads\/2024\/03\/Medium-et-Disparition-dEmile-Enquete-Temoignages-et-Revelations-Choc.png?fit=1640%2C924&ssl=1\",\"width\":1640,\"height\":924,\"caption\":\"M\u00e9dium et Disparition d'\u00c9mile: Enqu\u00eate, T\u00e9moignages et R\u00e9v\u00e9lations Choc\"},{\"@type\":\"BreadcrumbList\",\"@id\":\"https:\/\/flashmode.tn\/magazine\/medium-et-disparition-emile\/#breadcrumb\",\"itemListElement\":[{\"@type\":\"ListItem\",\"position\":1,\"name\":\"Accueil\",\"item\":\"https:\/\/flashmode.tn\/magazine\/\"},{\"@type\":\"ListItem\",\"position\":2,\"name\":\"M\u00e9dium et Disparition d&rsquo;\u00c9mile: Enqu\u00eate, T\u00e9moignages et R\u00e9v\u00e9lations Choc\"}]},{\"@type\":\"WebSite\",\"@id\":\"https:\/\/flashmode.tn\/magazine\/#website\",\"url\":\"https:\/\/flashmode.tn\/magazine\/\",\"name\":\"Flashmode Magazine | Magazine de mode et style de vie Num\u00e9ro un en Tunisie et au Maghreb\",\"description\":\"Magazine de mode et style de vie Num\u00e9ro un en Tunisie et au Maghreb, cr\u00e9\u00e9 pour les hommes et les femmes : conseils beaut\u00e9, mode femme, mode homme, recettes de cuisine, c\u00e9l\u00e9brit\u00e9s et people, mannequins et top modeles\",\"potentialAction\":[{\"@type\":\"SearchAction\",\"target\":{\"@type\":\"EntryPoint\",\"urlTemplate\":\"https:\/\/flashmode.tn\/magazine\/?s={search_term_string}\"},\"query-input\":{\"@type\":\"PropertyValueSpecification\",\"valueRequired\":true,\"valueName\":\"search_term_string\"}}],\"inLanguage\":\"fr-FR\"},{\"@type\":\"Person\",\"@id\":\"https:\/\/flashmode.tn\/magazine\/#\/schema\/person\/79940f8af94166a445dd5bd6b3137682\",\"name\":\"The Daileigh\",\"image\":{\"@type\":\"ImageObject\",\"inLanguage\":\"fr-FR\",\"@id\":\"https:\/\/flashmode.tn\/magazine\/#\/schema\/person\/image\/\",\"url\":\"https:\/\/secure.gravatar.com\/avatar\/30d4d60865d61de3434abd01cb8b4ec5e5b5eb5a274017461832a54857b1770d?s=96&d=mm&r=g\",\"contentUrl\":\"https:\/\/secure.gravatar.com\/avatar\/30d4d60865d61de3434abd01cb8b4ec5e5b5eb5a274017461832a54857b1770d?s=96&d=mm&r=g\",\"caption\":\"The Daileigh\"},\"url\":\"https:\/\/flashmode.tn\/magazine\/author\/the-daileigh\/\"}]}<\/script>\n<!-- \/ Yoast SEO Premium plugin. -->","yoast_head_json":{"title":"M\u00e9dium et Disparition d'\u00c9mile: Enqu\u00eate, T\u00e9moignages et R\u00e9v\u00e9lations Choc - Flashmode Magazine | Magazine de mode et style de vie Num\u00e9ro un en Tunisie et au Maghreb","description":"Le recours aux m\u00e9diums dans la recherche d'\u00c9mile : un espoir controvers\u00e9 La disparition d'\u00c9mile a laiss\u00e9 sa famille et ses proches dans l'attente","robots":{"index":"index","follow":"follow","max-snippet":"max-snippet:-1","max-image-preview":"max-image-preview:large","max-video-preview":"max-video-preview:-1"},"canonical":"https:\/\/flashmode.tn\/magazine\/medium-et-disparition-emile\/","og_locale":"fr_FR","og_type":"article","og_title":"M\u00e9dium et Disparition d'\u00c9mile: Enqu\u00eate, T\u00e9moignages et R\u00e9v\u00e9lations Choc - Flashmode Magazine | Magazine de mode et style de vie Num\u00e9ro un en Tunisie et au Maghreb","og_description":"Le recours aux m\u00e9diums dans la recherche d'\u00c9mile : un espoir controvers\u00e9 La disparition d'\u00c9mile a laiss\u00e9 sa famille et ses proches dans l'attente","og_url":"https:\/\/flashmode.tn\/magazine\/medium-et-disparition-emile\/","og_site_name":"Flashmode Magazine | Magazine de mode et style de vie Num\u00e9ro un en Tunisie et au Maghreb","article_publisher":"https:\/\/www.facebook.com\/flashmode.magazine\/","article_published_time":"2024-03-12T03:00:02+00:00","article_modified_time":"2024-04-17T11:08:39+00:00","og_image":[{"width":1640,"height":924,"url":"https:\/\/flashmode.tn\/magazine\/wp-content\/uploads\/2024\/03\/Medium-et-Disparition-dEmile-Enquete-Temoignages-et-Revelations-Choc.png","type":"image\/png"}],"author":"The Daileigh","twitter_card":"summary_large_image","twitter_creator":"@agenceflashmode","twitter_site":"@agenceflashmode","twitter_misc":{"\u00c9crit par":"The Daileigh","Dur\u00e9e de lecture estim\u00e9e":"6 minutes"},"schema":{"@context":"https:\/\/schema.org","@graph":[{"@type":"WebPage","@id":"https:\/\/flashmode.tn\/magazine\/medium-et-disparition-emile\/","url":"https:\/\/flashmode.tn\/magazine\/medium-et-disparition-emile\/","name":"M\u00e9dium et Disparition d'\u00c9mile: Enqu\u00eate, T\u00e9moignages et R\u00e9v\u00e9lations Choc - Flashmode Magazine | Magazine de mode et style de vie Num\u00e9ro un en Tunisie et au Maghreb","isPartOf":{"@id":"https:\/\/flashmode.tn\/magazine\/#website"},"primaryImageOfPage":{"@id":"https:\/\/flashmode.tn\/magazine\/medium-et-disparition-emile\/#primaryimage"},"image":{"@id":"https:\/\/flashmode.tn\/magazine\/medium-et-disparition-emile\/#primaryimage"},"thumbnailUrl":"https:\/\/i0.wp.com\/flashmode.tn\/magazine\/wp-content\/uploads\/2024\/03\/Medium-et-Disparition-dEmile-Enquete-Temoignages-et-Revelations-Choc.png?fit=1640%2C924&ssl=1","datePublished":"2024-03-12T03:00:02+00:00","dateModified":"2024-04-17T11:08:39+00:00","author":{"@id":"https:\/\/flashmode.tn\/magazine\/#\/schema\/person\/79940f8af94166a445dd5bd6b3137682"},"description":"Le recours aux m\u00e9diums dans la recherche d'\u00c9mile : un espoir controvers\u00e9 La disparition d'\u00c9mile a laiss\u00e9 sa famille et ses proches dans l'attente","breadcrumb":{"@id":"https:\/\/flashmode.tn\/magazine\/medium-et-disparition-emile\/#breadcrumb"},"inLanguage":"fr-FR","potentialAction":[{"@type":"ReadAction","target":["https:\/\/flashmode.tn\/magazine\/medium-et-disparition-emile\/"]}]},{"@type":"ImageObject","inLanguage":"fr-FR","@id":"https:\/\/flashmode.tn\/magazine\/medium-et-disparition-emile\/#primaryimage","url":"https:\/\/i0.wp.com\/flashmode.tn\/magazine\/wp-content\/uploads\/2024\/03\/Medium-et-Disparition-dEmile-Enquete-Temoignages-et-Revelations-Choc.png?fit=1640%2C924&ssl=1","contentUrl":"https:\/\/i0.wp.com\/flashmode.tn\/magazine\/wp-content\/uploads\/2024\/03\/Medium-et-Disparition-dEmile-Enquete-Temoignages-et-Revelations-Choc.png?fit=1640%2C924&ssl=1","width":1640,"height":924,"caption":"M\u00e9dium et Disparition d'\u00c9mile: Enqu\u00eate, T\u00e9moignages et R\u00e9v\u00e9lations Choc"},{"@type":"BreadcrumbList","@id":"https:\/\/flashmode.tn\/magazine\/medium-et-disparition-emile\/#breadcrumb","itemListElement":[{"@type":"ListItem","position":1,"name":"Accueil","item":"https:\/\/flashmode.tn\/magazine\/"},{"@type":"ListItem","position":2,"name":"M\u00e9dium et Disparition d&rsquo;\u00c9mile: Enqu\u00eate, T\u00e9moignages et R\u00e9v\u00e9lations Choc"}]},{"@type":"WebSite","@id":"https:\/\/flashmode.tn\/magazine\/#website","url":"https:\/\/flashmode.tn\/magazine\/","name":"Flashmode Magazine | Magazine de mode et style de vie Num\u00e9ro un en Tunisie et au Maghreb","description":"Magazine de mode et style de vie Num\u00e9ro un en Tunisie et au Maghreb, cr\u00e9\u00e9 pour les hommes et les femmes : conseils beaut\u00e9, mode femme, mode homme, recettes de cuisine, c\u00e9l\u00e9brit\u00e9s et people, mannequins et top modeles","potentialAction":[{"@type":"SearchAction","target":{"@type":"EntryPoint","urlTemplate":"https:\/\/flashmode.tn\/magazine\/?s={search_term_string}"},"query-input":{"@type":"PropertyValueSpecification","valueRequired":true,"valueName":"search_term_string"}}],"inLanguage":"fr-FR"},{"@type":"Person","@id":"https:\/\/flashmode.tn\/magazine\/#\/schema\/person\/79940f8af94166a445dd5bd6b3137682","name":"The Daileigh","image":{"@type":"ImageObject","inLanguage":"fr-FR","@id":"https:\/\/flashmode.tn\/magazine\/#\/schema\/person\/image\/","url":"https:\/\/secure.gravatar.com\/avatar\/30d4d60865d61de3434abd01cb8b4ec5e5b5eb5a274017461832a54857b1770d?s=96&d=mm&r=g","contentUrl":"https:\/\/secure.gravatar.com\/avatar\/30d4d60865d61de3434abd01cb8b4ec5e5b5eb5a274017461832a54857b1770d?s=96&d=mm&r=g","caption":"The Daileigh"},"url":"https:\/\/flashmode.tn\/magazine\/author\/the-daileigh\/"}]}},"jetpack_publicize_connections":[],"jetpack_featured_media_url":"https:\/\/i0.wp.com\/flashmode.tn\/magazine\/wp-content\/uploads\/2024\/03\/Medium-et-Disparition-dEmile-Enquete-Temoignages-et-Revelations-Choc.png?fit=1640%2C924&ssl=1","jetpack_shortlink":"https:\/\/wp.me\/p8BPGr-rSn","jetpack_sharing_enabled":true,"_links":{"self":[{"href":"https:\/\/flashmode.tn\/magazine\/wp-json\/wp\/v2\/posts\/107159","targetHints":{"allow":["GET"]}}],"collection":[{"href":"https:\/\/flashmode.tn\/magazine\/wp-json\/wp\/v2\/posts"}],"about":[{"href":"https:\/\/flashmode.tn\/magazine\/wp-json\/wp\/v2\/types\/post"}],"author":[{"embeddable":true,"href":"https:\/\/flashmode.tn\/magazine\/wp-json\/wp\/v2\/users\/8"}],"replies":[{"embeddable":true,"href":"https:\/\/flashmode.tn\/magazine\/wp-json\/wp\/v2\/comments?post=107159"}],"version-history":[{"count":2,"href":"https:\/\/flashmode.tn\/magazine\/wp-json\/wp\/v2\/posts\/107159\/revisions"}],"predecessor-version":[{"id":163407,"href":"https:\/\/flashmode.tn\/magazine\/wp-json\/wp\/v2\/posts\/107159\/revisions\/163407"}],"wp:featuredmedia":[{"embeddable":true,"href":"https:\/\/flashmode.tn\/magazine\/wp-json\/wp\/v2\/media\/163405"}],"wp:attachment":[{"href":"https:\/\/flashmode.tn\/magazine\/wp-json\/wp\/v2\/media?parent=107159"}],"wp:term":[{"taxonomy":"category","embeddable":true,"href":"https:\/\/flashmode.tn\/magazine\/wp-json\/wp\/v2\/categories?post=107159"},{"taxonomy":"post_tag","embeddable":true,"href":"https:\/\/flashmode.tn\/magazine\/wp-json\/wp\/v2\/tags?post=107159"}],"curies":[{"name":"wp","href":"https:\/\/api.w.org\/{rel}","templated":true}]}}