{"id":107164,"date":"2024-03-12T03:40:35","date_gmt":"2024-03-12T02:40:35","guid":{"rendered":"https:\/\/flashmode.tn\/magazine\/?p=107164"},"modified":"2024-04-17T13:26:53","modified_gmt":"2024-04-17T11:26:53","slug":"helene-dupond-moretti-metier","status":"publish","type":"post","link":"https:\/\/flashmode.tn\/magazine\/helene-dupond-moretti-metier\/","title":{"rendered":"Helene Dupond Moretti Metier: Le Parcours d&rsquo;\u00c9ric Dupond-Moretti \u00e0 Travers les Yeux de Son Ex-\u00c9pouse"},"content":{"rendered":"\n<p>D\u00e9couvrez le parcours fascinant d&rsquo;\u00c9ric Dupond-Moretti \u00e0 travers les yeux de celle qui l&rsquo;a accompagn\u00e9 dans l&rsquo;ombre : H\u00e9l\u00e8ne, son ex-\u00e9pouse. De l&rsquo;union scell\u00e9e par le droit \u00e0 la charge \u00e9motionnelle des affaires m\u00e9diatiques, plongez dans l&rsquo;intimit\u00e9 d&rsquo;un couple fa\u00e7onn\u00e9 par la passion du m\u00e9tier. Avec des anecdotes touchantes et des r\u00e9flexions sur l&rsquo;h\u00e9ritage familial, explorez la vie de l&rsquo;homme aux multiples facettes, tout en d\u00e9couvrant les enfants Dupond-Moretti, entre ombre et lumi\u00e8re.<\/p>\n\n\n\n<div id=\"ez-toc-container\" class=\"ez-toc-v2_0_81 counter-hierarchy ez-toc-counter ez-toc-grey ez-toc-container-direction\">\n<div class=\"ez-toc-title-container\">\n<p class=\"ez-toc-title\" style=\"cursor:inherit\">Contenus de la page<\/p>\n<span class=\"ez-toc-title-toggle\"><a href=\"#\" class=\"ez-toc-pull-right ez-toc-btn ez-toc-btn-xs ez-toc-btn-default ez-toc-toggle\" aria-label=\"Toggle Table of Content\"><span class=\"ez-toc-js-icon-con\"><span class=\"\"><span class=\"eztoc-hide\" style=\"display:none;\">Toggle<\/span><span class=\"ez-toc-icon-toggle-span\"><svg style=\"fill: #999;color:#999\" xmlns=\"http:\/\/www.w3.org\/2000\/svg\" class=\"list-377408\" width=\"20px\" height=\"20px\" viewBox=\"0 0 24 24\" fill=\"none\"><path d=\"M6 6H4v2h2V6zm14 0H8v2h12V6zM4 11h2v2H4v-2zm16 0H8v2h12v-2zM4 16h2v2H4v-2zm16 0H8v2h12v-2z\" fill=\"currentColor\"><\/path><\/svg><svg style=\"fill: #999;color:#999\" class=\"arrow-unsorted-368013\" xmlns=\"http:\/\/www.w3.org\/2000\/svg\" width=\"10px\" height=\"10px\" viewBox=\"0 0 24 24\" version=\"1.2\" baseProfile=\"tiny\"><path d=\"M18.2 9.3l-6.2-6.3-6.2 6.3c-.2.2-.3.4-.3.7s.1.5.3.7c.2.2.4.3.7.3h11c.3 0 .5-.1.7-.3.2-.2.3-.5.3-.7s-.1-.5-.3-.7zM5.8 14.7l6.2 6.3 6.2-6.3c.2-.2.3-.5.3-.7s-.1-.5-.3-.7c-.2-.2-.4-.3-.7-.3h-11c-.3 0-.5.1-.7.3-.2.2-.3.5-.3.7s.1.5.3.7z\"\/><\/svg><\/span><\/span><\/span><\/a><\/span><\/div>\n<nav><ul class='ez-toc-list ez-toc-list-level-1 ' ><ul class='ez-toc-list-level-3' ><li class='ez-toc-heading-level-3'><a class=\"ez-toc-link ez-toc-heading-1\" href=\"https:\/\/flashmode.tn\/magazine\/helene-dupond-moretti-metier\/#Points_a_retenir\" >Points \u00e0 retenir :<\/a><\/li><\/ul><\/li><li class='ez-toc-page-1 ez-toc-heading-level-2'><a class=\"ez-toc-link ez-toc-heading-2\" href=\"https:\/\/flashmode.tn\/magazine\/helene-dupond-moretti-metier\/#Le_parcours_exceptionnel_dEric_Dupond-Moretti_a_travers_les_yeux_dHelene_son_ex-epouse\" >Le parcours exceptionnel d&rsquo;\u00c9ric Dupond-Moretti \u00e0 travers les yeux d&rsquo;H\u00e9l\u00e8ne, son ex-\u00e9pouse<\/a><ul class='ez-toc-list-level-3' ><li class='ez-toc-heading-level-3'><a class=\"ez-toc-link ez-toc-heading-3\" href=\"https:\/\/flashmode.tn\/magazine\/helene-dupond-moretti-metier\/#Une_union_scellee_par_le_droit\" >Une union scell\u00e9e par le droit<\/a><\/li><li class='ez-toc-page-1 ez-toc-heading-level-3'><a class=\"ez-toc-link ez-toc-heading-4\" href=\"https:\/\/flashmode.tn\/magazine\/helene-dupond-moretti-metier\/#Une_vie_de_couple_faconnee_par_la_passion_du_metier\" >Une vie de couple fa\u00e7onn\u00e9e par la passion du m\u00e9tier<\/a><\/li><li class='ez-toc-page-1 ez-toc-heading-level-3'><a class=\"ez-toc-link ez-toc-heading-5\" href=\"https:\/\/flashmode.tn\/magazine\/helene-dupond-moretti-metier\/#Des_affaires_mediatiques_a_la_charge_emotionnelle\" >Des affaires m\u00e9diatiques \u00e0 la charge \u00e9motionnelle<\/a><\/li><li class='ez-toc-page-1 ez-toc-heading-level-3'><a class=\"ez-toc-link ez-toc-heading-6\" href=\"https:\/\/flashmode.tn\/magazine\/helene-dupond-moretti-metier\/#Le_divorce_une_epreuve_familiale\" >Le divorce, une \u00e9preuve familiale<\/a><\/li><li class='ez-toc-page-1 ez-toc-heading-level-3'><a class=\"ez-toc-link ez-toc-heading-7\" href=\"https:\/\/flashmode.tn\/magazine\/helene-dupond-moretti-metier\/#Un_heritage_familial_au-dela_du_droit\" >Un h\u00e9ritage familial au-del\u00e0 du droit<\/a><\/li><li class='ez-toc-page-1 ez-toc-heading-level-3'><a class=\"ez-toc-link ez-toc-heading-8\" href=\"https:\/\/flashmode.tn\/magazine\/helene-dupond-moretti-metier\/#Les_enfants_Dupond-Moretti_entre_ombre_et_lumiere\" >Les enfants Dupond-Moretti, entre ombre et lumi\u00e8re<\/a><\/li><li class='ez-toc-page-1 ez-toc-heading-level-3'><a class=\"ez-toc-link ez-toc-heading-9\" href=\"https:\/\/flashmode.tn\/magazine\/helene-dupond-moretti-metier\/#Eric_Dupond-Moretti_un_homme_aux_multiples_facettes\" >\u00c9ric Dupond-Moretti, un homme aux multiples facettes<\/a><\/li><\/ul><\/li><li class='ez-toc-page-1 ez-toc-heading-level-2'><a class=\"ez-toc-link ez-toc-heading-10\" href=\"https:\/\/flashmode.tn\/magazine\/helene-dupond-moretti-metier\/#Conclusion\" >Conclusion<\/a><\/li><\/ul><\/nav><\/div>\n<h3 class=\"wp-block-heading\" id=\"h-points-a-retenir\"><span class=\"ez-toc-section\" id=\"Points_a_retenir\"><\/span>Points \u00e0 retenir :<span class=\"ez-toc-section-end\"><\/span><\/h3>\n\n\n\n<ul class=\"wp-block-list\">\n<li>\u00c9ric Dupond-Moretti a \u00e9t\u00e9 mari\u00e9 \u00e0 une ancienne juriste nomm\u00e9e H\u00e9l\u00e8ne, avec qui il a eu deux enfants, Rapha\u00ebl et Cl\u00e9ment.<\/li>\n\n\n\n<li>H\u00e9l\u00e8ne Dupond-Moretti a confirm\u00e9 que son ex-mari est un bourreau de travail, passionn\u00e9 et exigeant dans son m\u00e9tier.<\/li>\n\n\n\n<li>\u00c9ric Dupond-Moretti est un avocat renomm\u00e9, ayant notamment d\u00e9fendu des affaires m\u00e9diatiques telles que l&rsquo;assassinat de H\u00e9l\u00e8ne Pastor.<\/li>\n\n\n\n<li>Le couple a partag\u00e9 leur vie pendant deux d\u00e9cennies avant de divorcer en 2016.<\/li>\n\n\n\n<li>\u00c9ric Dupond-Moretti aurait quatre enfants, n\u00e9s de son ancienne union avec H\u00e9l\u00e8ne.<\/li>\n\n\n\n<li>Rapha\u00ebl et Cl\u00e9ment Dupond-Moretti sont les enfants d&rsquo;\u00c9ric et H\u00e9l\u00e8ne Dupond-Moretti.<\/li>\n<\/ul>\n\n\n\n<h2 class=\"wp-block-heading\" id=\"h-le-parcours-exceptionnel-d-eric-dupond-moretti-a-travers-les-yeux-d-helene-son-ex-epouse\"><span class=\"ez-toc-section\" id=\"Le_parcours_exceptionnel_dEric_Dupond-Moretti_a_travers_les_yeux_dHelene_son_ex-epouse\"><\/span>Le parcours exceptionnel d&rsquo;\u00c9ric Dupond-Moretti \u00e0 travers les yeux d&rsquo;H\u00e9l\u00e8ne, son ex-\u00e9pouse<span class=\"ez-toc-section-end\"><\/span><\/h2>\n\n\n\n<p><strong>\u00c9ric Dupond-Moretti<\/strong> est un nom qui r\u00e9sonne avec \u00e9cho dans les couloirs de la justice fran\u00e7aise. Reconnu pour sa verve et sa capacit\u00e9 \u00e0 d\u00e9fendre des cas complexes, cet avocat de renom a men\u00e9 une carri\u00e8re jalonn\u00e9e de succ\u00e8s et de d\u00e9fis. Mais derri\u00e8re le professionnel acharn\u00e9 se cache une facette plus intime, celle de l&rsquo;homme et du p\u00e8re, \u00e9clair\u00e9e par le t\u00e9moignage de son ex-\u00e9pouse, <strong>H\u00e9l\u00e8ne<\/strong>.<\/p>\n\n\n\n<h3 class=\"wp-block-heading\" id=\"h-une-union-scellee-par-le-droit\"><span class=\"ez-toc-section\" id=\"Une_union_scellee_par_le_droit\"><\/span>Une union scell\u00e9e par le droit<span class=\"ez-toc-section-end\"><\/span><\/h3>\n\n\n\n<p>La rencontre entre \u00c9ric et H\u00e9l\u00e8ne Dupond-Moretti est quasi cin\u00e9matographique : une juriste croise le chemin d&rsquo;un avocat talentueux lors d&rsquo;un proc\u00e8s. Leur union, c\u00e9l\u00e9br\u00e9e en 1991, fut le d\u00e9but d&rsquo;une vie commune qui allait s&rsquo;\u00e9tendre sur deux d\u00e9cennies. Ensemble, ils ont accueilli deux enfants, <strong>Rapha\u00ebl et Cl\u00e9ment Dupond-Moretti<\/strong>, aujourd&rsquo;hui adultes.<\/p>\n\n\n\n<h3 class=\"wp-block-heading\" id=\"h-une-vie-de-couple-faconnee-par-la-passion-du-metier\"><span class=\"ez-toc-section\" id=\"Une_vie_de_couple_faconnee_par_la_passion_du_metier\"><\/span>Une vie de couple fa\u00e7onn\u00e9e par la passion du m\u00e9tier<span class=\"ez-toc-section-end\"><\/span><\/h3>\n\n\n\n<p>Leur vie \u00e0 deux n&rsquo;a pas \u00e9t\u00e9 de tout repos. H\u00e9l\u00e8ne Dupond-Moretti a confirm\u00e9 que son ex-mari \u00e9tait un <strong>bourreau de travail<\/strong>, dont la passion et l&rsquo;exigence pour son m\u00e9tier \u00e9taient sans limites. Cette d\u00e9votion professionnelle, si admirable soit-elle, a teint\u00e9 leur quotidien de stress et d&rsquo;exigences, rendant la vie de couple <strong>compliqu\u00e9e<\/strong> et parfois <strong>fatigante<\/strong>.<\/p>\n\n\n\n<h3 class=\"wp-block-heading\" id=\"h-des-affaires-mediatiques-a-la-charge-emotionnelle\"><span class=\"ez-toc-section\" id=\"Des_affaires_mediatiques_a_la_charge_emotionnelle\"><\/span>Des affaires m\u00e9diatiques \u00e0 la charge \u00e9motionnelle<span class=\"ez-toc-section-end\"><\/span><\/h3>\n\n\n\n<p>La carri\u00e8re d&rsquo;\u00c9ric Dupond-Moretti a \u00e9t\u00e9 ponctu\u00e9e par des affaires retentissantes, telles que la d\u00e9fense de Wojciech Janowski, accus\u00e9 de l&rsquo;assassinat de sa belle-m\u00e8re, la riche femme d&rsquo;affaires mon\u00e9gasque H\u00e9l\u00e8ne Pastor. Dans un cas comme dans d&rsquo;autres, il a d\u00e9montr\u00e9 une <strong>conscience professionnelle exacerb\u00e9e<\/strong>, signe d&rsquo;un engagement profond envers la justice.<\/p>\n\n\n\n<h3 class=\"wp-block-heading\" id=\"h-le-divorce-une-epreuve-familiale\"><span class=\"ez-toc-section\" id=\"Le_divorce_une_epreuve_familiale\"><\/span>Le divorce, une \u00e9preuve familiale<span class=\"ez-toc-section-end\"><\/span><\/h3>\n\n\n\n<p>Malgr\u00e9 leur histoire et leurs enfants, le couple a fini par divorcer en 2016. Cette d\u00e9cision, sans doute difficile, fut le tournant d&rsquo;une page importante dans la vie de l&rsquo;avocat, mais aussi celle de sa famille. <strong>Cl\u00e9ment et Rapha\u00ebl Dupond-Moretti<\/strong>, les fils du couple, ont d\u00fb s&rsquo;adapter \u00e0 cette nouvelle r\u00e9alit\u00e9, tout en poursuivant leur propre chemin.<\/p>\n\n\n\n<h3 class=\"wp-block-heading\" id=\"h-un-heritage-familial-au-dela-du-droit\"><span class=\"ez-toc-section\" id=\"Un_heritage_familial_au-dela_du_droit\"><\/span>Un h\u00e9ritage familial au-del\u00e0 du droit<span class=\"ez-toc-section-end\"><\/span><\/h3>\n\n\n\n<p>Si \u00c9ric Dupond-Moretti a souvent \u00e9t\u00e9 d\u00e9crit comme un p\u00e8re aimant, ses quatre enfants, n\u00e9s de son union avec H\u00e9l\u00e8ne, ont d\u00fb partager leur p\u00e8re avec sa passion d\u00e9vorante pour son m\u00e9tier. Une situation qui, sans nul doute, a fa\u00e7onn\u00e9 leur perception du travail et de l&rsquo;engagement.<\/p>\n\n\n\n<h3 class=\"wp-block-heading\" id=\"h-les-enfants-dupond-moretti-entre-ombre-et-lumiere\"><span class=\"ez-toc-section\" id=\"Les_enfants_Dupond-Moretti_entre_ombre_et_lumiere\"><\/span>Les enfants Dupond-Moretti, entre ombre et lumi\u00e8re<span class=\"ez-toc-section-end\"><\/span><\/h3>\n\n\n\n<p><strong>Rapha\u00ebl et Cl\u00e9ment Dupond-Moretti<\/strong>, loin de l&rsquo;ombre paternelle, ont suivi leur propre voie. Leur \u00e9ducation, berc\u00e9e entre les plaidoiries et les grands principes de justice, a certainement influenc\u00e9 leur vision du monde et leurs aspirations.<\/p>\n\n\n\n<h3 class=\"wp-block-heading\" id=\"h-eric-dupond-moretti-un-homme-aux-multiples-facettes\"><span class=\"ez-toc-section\" id=\"Eric_Dupond-Moretti_un_homme_aux_multiples_facettes\"><\/span>\u00c9ric Dupond-Moretti, un homme aux multiples facettes<span class=\"ez-toc-section-end\"><\/span><\/h3>\n\n\n\n<p>Le portrait d&rsquo;\u00c9ric Dupond-Moretti que brosse son ex-\u00e9pouse H\u00e9l\u00e8ne est celui d&rsquo;un homme complexe, <strong>passionn\u00e9<\/strong> et <strong>exigeant<\/strong>, autant avec lui-m\u00eame qu&rsquo;avec son entourage. Un portrait qui, sans doute, n&rsquo;aurait pas la m\u00eame richesse sans le regard de celle qui a partag\u00e9 sa vie pendant de nombreuses ann\u00e9es.<\/p>\n\n\n\n<h2 class=\"wp-block-heading\" id=\"h-conclusion\"><span class=\"ez-toc-section\" id=\"Conclusion\"><\/span>Conclusion<span class=\"ez-toc-section-end\"><\/span><\/h2>\n\n\n\n<p>Le r\u00e9cit d&rsquo;H\u00e9l\u00e8ne Dupond-Moretti nous permet de comprendre que derri\u00e8re la figure publique de l&rsquo;avocat se cache un \u00eatre humain avec ses forces et ses fragilit\u00e9s. Son t\u00e9moignage nous rappelle que le succ\u00e8s professionnel ne vient jamais seul et qu&rsquo;il est souvent le fruit d&rsquo;un \u00e9quilibre pr\u00e9caire entre la vie personnelle et les exigences d&rsquo;une carri\u00e8re. La vie d&rsquo;\u00c9ric Dupond-Moretti, telle que relat\u00e9e par son ex-\u00e9pouse, nous offre une le\u00e7on de pers\u00e9v\u00e9rance, mais aussi un avertissement sur les sacrifices que peut exiger la passion pour son m\u00e9tier.<\/p>\n\n\n\n<p><strong>1. Qui est H\u00e9l\u00e8ne Dupond-Moretti ?<\/strong><br>Elle est l&rsquo;ancienne \u00e9pouse d&rsquo;\u00c9ric Dupond-Moretti, une ancienne juriste avec qui il a eu deux enfants, Rapha\u00ebl et Cl\u00e9ment.<\/p>\n\n\n\n<p><strong>2. Quel m\u00e9tier exerce \u00c9ric Dupond-Moretti ?<\/strong><br>\u00c9ric Dupond-Moretti est un avocat renomm\u00e9, ayant notamment d\u00e9fendu des affaires m\u00e9diatiques telles que l&rsquo;assassinat de H\u00e9l\u00e8ne Pastor.<\/p>\n\n\n\n<p><strong>3. Combien d&rsquo;enfants \u00c9ric Dupond-Moretti a-t-il avec H\u00e9l\u00e8ne ?<\/strong><br>Il a quatre enfants avec H\u00e9l\u00e8ne, dont Rapha\u00ebl et Cl\u00e9ment.<\/p>\n\n\n\n<p><strong>4. Pendant combien de temps \u00c9ric et H\u00e9l\u00e8ne Dupond-Moretti ont-ils partag\u00e9 leur vie ?<\/strong><br>Le couple a partag\u00e9 leur vie pendant deux d\u00e9cennies avant de divorcer en 2016.<\/p>\n\n\n\n<p><strong>5. Comment H\u00e9l\u00e8ne d\u00e9crit-elle le travail d&rsquo;\u00c9ric Dupond-Moretti ?<\/strong><br>Elle confirme que son ex-mari est un bourreau de travail, passionn\u00e9 et exigeant dans son m\u00e9tier, le d\u00e9crivant comme \u00ab\u00a0fatigant, exigeant et stress\u00e9\u00a0\u00bb.<\/p>\n","protected":false},"excerpt":{"rendered":"<p>D\u00e9couvrez le parcours fascinant d&rsquo;\u00c9ric Dupond-Moretti \u00e0 travers les yeux de celle qui l&rsquo;a accompagn\u00e9 dans l&rsquo;ombre : H\u00e9l\u00e8ne, son ex-\u00e9pouse. De l&rsquo;union scell\u00e9e par le droit \u00e0 la charge \u00e9motionnelle des affaires m\u00e9diatiques, plongez dans l&rsquo;intimit\u00e9 d&rsquo;un couple fa\u00e7onn\u00e9 par la passion du m\u00e9tier. Avec des anecdotes touchantes et des r\u00e9flexions sur l&rsquo;h\u00e9ritage familial, [&hellip;]<\/p>\n","protected":false},"author":8,"featured_media":163419,"comment_status":"open","ping_status":"open","sticky":false,"template":"","format":"standard","meta":{"tdm_status":"","tdm_grid_status":"","_jetpack_memberships_contains_paid_content":false,"footnotes":"","jetpack_publicize_message":"","jetpack_publicize_feature_enabled":true,"jetpack_social_post_already_shared":true,"jetpack_social_options":{"image_generator_settings":{"template":"highway","default_image_id":0,"font":"","enabled":false},"version":2}},"categories":[79],"tags":[],"class_list":["post-107164","post","type-post","status-publish","format-standard","has-post-thumbnail","hentry","category-people"],"yoast_head":"<!-- This site is optimized with the Yoast SEO Premium plugin v25.0 (Yoast SEO v25.0) - https:\/\/yoast.com\/wordpress\/plugins\/seo\/ -->\n<title>Helene Dupond Moretti Metier: Le Parcours d&#039;\u00c9ric Dupond-Moretti \u00e0 Travers les Yeux de Son Ex-\u00c9pouse - Flashmode Magazine | Magazine de mode et style de vie Num\u00e9ro un en Tunisie et au Maghreb<\/title>\n<meta name=\"description\" content=\"D\u00e9couvrez le parcours fascinant d&#039;\u00c9ric Dupond-Moretti \u00e0 travers les yeux de celle qui l&#039;a accompagn\u00e9 dans l&#039;ombre : H\u00e9l\u00e8ne, son ex-\u00e9pouse. De l&#039;union\" \/>\n<meta name=\"robots\" content=\"index, follow, max-snippet:-1, max-image-preview:large, max-video-preview:-1\" \/>\n<link rel=\"canonical\" href=\"https:\/\/flashmode.tn\/magazine\/helene-dupond-moretti-metier\/\" \/>\n<meta property=\"og:locale\" content=\"fr_FR\" \/>\n<meta property=\"og:type\" content=\"article\" \/>\n<meta property=\"og:title\" content=\"Helene Dupond Moretti Metier: Le Parcours d&#039;\u00c9ric Dupond-Moretti \u00e0 Travers les Yeux de Son Ex-\u00c9pouse - Flashmode Magazine | Magazine de mode et style de vie Num\u00e9ro un en Tunisie et au Maghreb\" \/>\n<meta property=\"og:description\" content=\"D\u00e9couvrez le parcours fascinant d&#039;\u00c9ric Dupond-Moretti \u00e0 travers les yeux de celle qui l&#039;a accompagn\u00e9 dans l&#039;ombre : H\u00e9l\u00e8ne, son ex-\u00e9pouse. De l&#039;union\" \/>\n<meta property=\"og:url\" content=\"https:\/\/flashmode.tn\/magazine\/helene-dupond-moretti-metier\/\" \/>\n<meta property=\"og:site_name\" content=\"Flashmode Magazine | Magazine de mode et style de vie Num\u00e9ro un en Tunisie et au Maghreb\" \/>\n<meta property=\"article:publisher\" content=\"https:\/\/www.facebook.com\/flashmode.magazine\/\" \/>\n<meta property=\"article:published_time\" content=\"2024-03-12T02:40:35+00:00\" \/>\n<meta property=\"article:modified_time\" content=\"2024-04-17T11:26:53+00:00\" \/>\n<meta property=\"og:image\" content=\"https:\/\/flashmode.tn\/magazine\/wp-content\/uploads\/2024\/03\/Helene-Dupond-Moretti-Metier-Le-Parcours-dEric-Dupond-Moretti-a-Travers-les-Yeux-de-Son-Ex-Epouse.png\" \/>\n\t<meta property=\"og:image:width\" content=\"1640\" \/>\n\t<meta property=\"og:image:height\" content=\"924\" \/>\n\t<meta property=\"og:image:type\" content=\"image\/png\" \/>\n<meta name=\"author\" content=\"The Daileigh\" \/>\n<meta name=\"twitter:card\" content=\"summary_large_image\" \/>\n<meta name=\"twitter:creator\" content=\"@agenceflashmode\" \/>\n<meta name=\"twitter:site\" content=\"@agenceflashmode\" \/>\n<meta name=\"twitter:label1\" content=\"\u00c9crit par\" \/>\n\t<meta name=\"twitter:data1\" content=\"The Daileigh\" \/>\n\t<meta name=\"twitter:label2\" content=\"Dur\u00e9e de lecture estim\u00e9e\" \/>\n\t<meta name=\"twitter:data2\" content=\"5 minutes\" \/>\n<script type=\"application\/ld+json\" class=\"yoast-schema-graph\">{\"@context\":\"https:\/\/schema.org\",\"@graph\":[{\"@type\":\"WebPage\",\"@id\":\"https:\/\/flashmode.tn\/magazine\/helene-dupond-moretti-metier\/\",\"url\":\"https:\/\/flashmode.tn\/magazine\/helene-dupond-moretti-metier\/\",\"name\":\"Helene Dupond Moretti Metier: Le Parcours d'\u00c9ric Dupond-Moretti \u00e0 Travers les Yeux de Son Ex-\u00c9pouse - Flashmode Magazine | Magazine de mode et style de vie Num\u00e9ro un en Tunisie et au Maghreb\",\"isPartOf\":{\"@id\":\"https:\/\/flashmode.tn\/magazine\/#website\"},\"primaryImageOfPage\":{\"@id\":\"https:\/\/flashmode.tn\/magazine\/helene-dupond-moretti-metier\/#primaryimage\"},\"image\":{\"@id\":\"https:\/\/flashmode.tn\/magazine\/helene-dupond-moretti-metier\/#primaryimage\"},\"thumbnailUrl\":\"https:\/\/i0.wp.com\/flashmode.tn\/magazine\/wp-content\/uploads\/2024\/03\/Helene-Dupond-Moretti-Metier-Le-Parcours-dEric-Dupond-Moretti-a-Travers-les-Yeux-de-Son-Ex-Epouse.png?fit=1640%2C924&ssl=1\",\"datePublished\":\"2024-03-12T02:40:35+00:00\",\"dateModified\":\"2024-04-17T11:26:53+00:00\",\"author\":{\"@id\":\"https:\/\/flashmode.tn\/magazine\/#\/schema\/person\/79940f8af94166a445dd5bd6b3137682\"},\"description\":\"D\u00e9couvrez le parcours fascinant d'\u00c9ric Dupond-Moretti \u00e0 travers les yeux de celle qui l'a accompagn\u00e9 dans l'ombre : H\u00e9l\u00e8ne, son ex-\u00e9pouse. De l'union\",\"breadcrumb\":{\"@id\":\"https:\/\/flashmode.tn\/magazine\/helene-dupond-moretti-metier\/#breadcrumb\"},\"inLanguage\":\"fr-FR\",\"potentialAction\":[{\"@type\":\"ReadAction\",\"target\":[\"https:\/\/flashmode.tn\/magazine\/helene-dupond-moretti-metier\/\"]}]},{\"@type\":\"ImageObject\",\"inLanguage\":\"fr-FR\",\"@id\":\"https:\/\/flashmode.tn\/magazine\/helene-dupond-moretti-metier\/#primaryimage\",\"url\":\"https:\/\/i0.wp.com\/flashmode.tn\/magazine\/wp-content\/uploads\/2024\/03\/Helene-Dupond-Moretti-Metier-Le-Parcours-dEric-Dupond-Moretti-a-Travers-les-Yeux-de-Son-Ex-Epouse.png?fit=1640%2C924&ssl=1\",\"contentUrl\":\"https:\/\/i0.wp.com\/flashmode.tn\/magazine\/wp-content\/uploads\/2024\/03\/Helene-Dupond-Moretti-Metier-Le-Parcours-dEric-Dupond-Moretti-a-Travers-les-Yeux-de-Son-Ex-Epouse.png?fit=1640%2C924&ssl=1\",\"width\":1640,\"height\":924,\"caption\":\"Helene Dupond Moretti Metier: Le Parcours d'\u00c9ric Dupond-Moretti \u00e0 Travers les Yeux de Son Ex-\u00c9pouse\"},{\"@type\":\"BreadcrumbList\",\"@id\":\"https:\/\/flashmode.tn\/magazine\/helene-dupond-moretti-metier\/#breadcrumb\",\"itemListElement\":[{\"@type\":\"ListItem\",\"position\":1,\"name\":\"Accueil\",\"item\":\"https:\/\/flashmode.tn\/magazine\/\"},{\"@type\":\"ListItem\",\"position\":2,\"name\":\"Helene Dupond Moretti Metier: Le Parcours d&rsquo;\u00c9ric Dupond-Moretti \u00e0 Travers les Yeux de Son Ex-\u00c9pouse\"}]},{\"@type\":\"WebSite\",\"@id\":\"https:\/\/flashmode.tn\/magazine\/#website\",\"url\":\"https:\/\/flashmode.tn\/magazine\/\",\"name\":\"Flashmode Magazine | Magazine de mode et style de vie Num\u00e9ro un en Tunisie et au Maghreb\",\"description\":\"Magazine de mode et style de vie Num\u00e9ro un en Tunisie et au Maghreb, cr\u00e9\u00e9 pour les hommes et les femmes : conseils beaut\u00e9, mode femme, mode homme, recettes de cuisine, c\u00e9l\u00e9brit\u00e9s et people, mannequins et top modeles\",\"potentialAction\":[{\"@type\":\"SearchAction\",\"target\":{\"@type\":\"EntryPoint\",\"urlTemplate\":\"https:\/\/flashmode.tn\/magazine\/?s={search_term_string}\"},\"query-input\":{\"@type\":\"PropertyValueSpecification\",\"valueRequired\":true,\"valueName\":\"search_term_string\"}}],\"inLanguage\":\"fr-FR\"},{\"@type\":\"Person\",\"@id\":\"https:\/\/flashmode.tn\/magazine\/#\/schema\/person\/79940f8af94166a445dd5bd6b3137682\",\"name\":\"The Daileigh\",\"image\":{\"@type\":\"ImageObject\",\"inLanguage\":\"fr-FR\",\"@id\":\"https:\/\/flashmode.tn\/magazine\/#\/schema\/person\/image\/\",\"url\":\"https:\/\/secure.gravatar.com\/avatar\/30d4d60865d61de3434abd01cb8b4ec5e5b5eb5a274017461832a54857b1770d?s=96&d=mm&r=g\",\"contentUrl\":\"https:\/\/secure.gravatar.com\/avatar\/30d4d60865d61de3434abd01cb8b4ec5e5b5eb5a274017461832a54857b1770d?s=96&d=mm&r=g\",\"caption\":\"The Daileigh\"},\"url\":\"https:\/\/flashmode.tn\/magazine\/author\/the-daileigh\/\"}]}<\/script>\n<!-- \/ Yoast SEO Premium plugin. -->","yoast_head_json":{"title":"Helene Dupond Moretti Metier: Le Parcours d'\u00c9ric Dupond-Moretti \u00e0 Travers les Yeux de Son Ex-\u00c9pouse - Flashmode Magazine | Magazine de mode et style de vie Num\u00e9ro un en Tunisie et au Maghreb","description":"D\u00e9couvrez le parcours fascinant d'\u00c9ric Dupond-Moretti \u00e0 travers les yeux de celle qui l'a accompagn\u00e9 dans l'ombre : H\u00e9l\u00e8ne, son ex-\u00e9pouse. De l'union","robots":{"index":"index","follow":"follow","max-snippet":"max-snippet:-1","max-image-preview":"max-image-preview:large","max-video-preview":"max-video-preview:-1"},"canonical":"https:\/\/flashmode.tn\/magazine\/helene-dupond-moretti-metier\/","og_locale":"fr_FR","og_type":"article","og_title":"Helene Dupond Moretti Metier: Le Parcours d'\u00c9ric Dupond-Moretti \u00e0 Travers les Yeux de Son Ex-\u00c9pouse - Flashmode Magazine | Magazine de mode et style de vie Num\u00e9ro un en Tunisie et au Maghreb","og_description":"D\u00e9couvrez le parcours fascinant d'\u00c9ric Dupond-Moretti \u00e0 travers les yeux de celle qui l'a accompagn\u00e9 dans l'ombre : H\u00e9l\u00e8ne, son ex-\u00e9pouse. De l'union","og_url":"https:\/\/flashmode.tn\/magazine\/helene-dupond-moretti-metier\/","og_site_name":"Flashmode Magazine | Magazine de mode et style de vie Num\u00e9ro un en Tunisie et au Maghreb","article_publisher":"https:\/\/www.facebook.com\/flashmode.magazine\/","article_published_time":"2024-03-12T02:40:35+00:00","article_modified_time":"2024-04-17T11:26:53+00:00","og_image":[{"width":1640,"height":924,"url":"https:\/\/flashmode.tn\/magazine\/wp-content\/uploads\/2024\/03\/Helene-Dupond-Moretti-Metier-Le-Parcours-dEric-Dupond-Moretti-a-Travers-les-Yeux-de-Son-Ex-Epouse.png","type":"image\/png"}],"author":"The Daileigh","twitter_card":"summary_large_image","twitter_creator":"@agenceflashmode","twitter_site":"@agenceflashmode","twitter_misc":{"\u00c9crit par":"The Daileigh","Dur\u00e9e de lecture estim\u00e9e":"5 minutes"},"schema":{"@context":"https:\/\/schema.org","@graph":[{"@type":"WebPage","@id":"https:\/\/flashmode.tn\/magazine\/helene-dupond-moretti-metier\/","url":"https:\/\/flashmode.tn\/magazine\/helene-dupond-moretti-metier\/","name":"Helene Dupond Moretti Metier: Le Parcours d'\u00c9ric Dupond-Moretti \u00e0 Travers les Yeux de Son Ex-\u00c9pouse - Flashmode Magazine | Magazine de mode et style de vie Num\u00e9ro un en Tunisie et au Maghreb","isPartOf":{"@id":"https:\/\/flashmode.tn\/magazine\/#website"},"primaryImageOfPage":{"@id":"https:\/\/flashmode.tn\/magazine\/helene-dupond-moretti-metier\/#primaryimage"},"image":{"@id":"https:\/\/flashmode.tn\/magazine\/helene-dupond-moretti-metier\/#primaryimage"},"thumbnailUrl":"https:\/\/i0.wp.com\/flashmode.tn\/magazine\/wp-content\/uploads\/2024\/03\/Helene-Dupond-Moretti-Metier-Le-Parcours-dEric-Dupond-Moretti-a-Travers-les-Yeux-de-Son-Ex-Epouse.png?fit=1640%2C924&ssl=1","datePublished":"2024-03-12T02:40:35+00:00","dateModified":"2024-04-17T11:26:53+00:00","author":{"@id":"https:\/\/flashmode.tn\/magazine\/#\/schema\/person\/79940f8af94166a445dd5bd6b3137682"},"description":"D\u00e9couvrez le parcours fascinant d'\u00c9ric Dupond-Moretti \u00e0 travers les yeux de celle qui l'a accompagn\u00e9 dans l'ombre : H\u00e9l\u00e8ne, son ex-\u00e9pouse. De l'union","breadcrumb":{"@id":"https:\/\/flashmode.tn\/magazine\/helene-dupond-moretti-metier\/#breadcrumb"},"inLanguage":"fr-FR","potentialAction":[{"@type":"ReadAction","target":["https:\/\/flashmode.tn\/magazine\/helene-dupond-moretti-metier\/"]}]},{"@type":"ImageObject","inLanguage":"fr-FR","@id":"https:\/\/flashmode.tn\/magazine\/helene-dupond-moretti-metier\/#primaryimage","url":"https:\/\/i0.wp.com\/flashmode.tn\/magazine\/wp-content\/uploads\/2024\/03\/Helene-Dupond-Moretti-Metier-Le-Parcours-dEric-Dupond-Moretti-a-Travers-les-Yeux-de-Son-Ex-Epouse.png?fit=1640%2C924&ssl=1","contentUrl":"https:\/\/i0.wp.com\/flashmode.tn\/magazine\/wp-content\/uploads\/2024\/03\/Helene-Dupond-Moretti-Metier-Le-Parcours-dEric-Dupond-Moretti-a-Travers-les-Yeux-de-Son-Ex-Epouse.png?fit=1640%2C924&ssl=1","width":1640,"height":924,"caption":"Helene Dupond Moretti Metier: Le Parcours d'\u00c9ric Dupond-Moretti \u00e0 Travers les Yeux de Son Ex-\u00c9pouse"},{"@type":"BreadcrumbList","@id":"https:\/\/flashmode.tn\/magazine\/helene-dupond-moretti-metier\/#breadcrumb","itemListElement":[{"@type":"ListItem","position":1,"name":"Accueil","item":"https:\/\/flashmode.tn\/magazine\/"},{"@type":"ListItem","position":2,"name":"Helene Dupond Moretti Metier: Le Parcours d&rsquo;\u00c9ric Dupond-Moretti \u00e0 Travers les Yeux de Son Ex-\u00c9pouse"}]},{"@type":"WebSite","@id":"https:\/\/flashmode.tn\/magazine\/#website","url":"https:\/\/flashmode.tn\/magazine\/","name":"Flashmode Magazine | Magazine de mode et style de vie Num\u00e9ro un en Tunisie et au Maghreb","description":"Magazine de mode et style de vie Num\u00e9ro un en Tunisie et au Maghreb, cr\u00e9\u00e9 pour les hommes et les femmes : conseils beaut\u00e9, mode femme, mode homme, recettes de cuisine, c\u00e9l\u00e9brit\u00e9s et people, mannequins et top modeles","potentialAction":[{"@type":"SearchAction","target":{"@type":"EntryPoint","urlTemplate":"https:\/\/flashmode.tn\/magazine\/?s={search_term_string}"},"query-input":{"@type":"PropertyValueSpecification","valueRequired":true,"valueName":"search_term_string"}}],"inLanguage":"fr-FR"},{"@type":"Person","@id":"https:\/\/flashmode.tn\/magazine\/#\/schema\/person\/79940f8af94166a445dd5bd6b3137682","name":"The Daileigh","image":{"@type":"ImageObject","inLanguage":"fr-FR","@id":"https:\/\/flashmode.tn\/magazine\/#\/schema\/person\/image\/","url":"https:\/\/secure.gravatar.com\/avatar\/30d4d60865d61de3434abd01cb8b4ec5e5b5eb5a274017461832a54857b1770d?s=96&d=mm&r=g","contentUrl":"https:\/\/secure.gravatar.com\/avatar\/30d4d60865d61de3434abd01cb8b4ec5e5b5eb5a274017461832a54857b1770d?s=96&d=mm&r=g","caption":"The Daileigh"},"url":"https:\/\/flashmode.tn\/magazine\/author\/the-daileigh\/"}]}},"jetpack_publicize_connections":[],"jetpack_featured_media_url":"https:\/\/i0.wp.com\/flashmode.tn\/magazine\/wp-content\/uploads\/2024\/03\/Helene-Dupond-Moretti-Metier-Le-Parcours-dEric-Dupond-Moretti-a-Travers-les-Yeux-de-Son-Ex-Epouse.png?fit=1640%2C924&ssl=1","jetpack_shortlink":"https:\/\/wp.me\/p8BPGr-rSs","jetpack_sharing_enabled":true,"_links":{"self":[{"href":"https:\/\/flashmode.tn\/magazine\/wp-json\/wp\/v2\/posts\/107164","targetHints":{"allow":["GET"]}}],"collection":[{"href":"https:\/\/flashmode.tn\/magazine\/wp-json\/wp\/v2\/posts"}],"about":[{"href":"https:\/\/flashmode.tn\/magazine\/wp-json\/wp\/v2\/types\/post"}],"author":[{"embeddable":true,"href":"https:\/\/flashmode.tn\/magazine\/wp-json\/wp\/v2\/users\/8"}],"replies":[{"embeddable":true,"href":"https:\/\/flashmode.tn\/magazine\/wp-json\/wp\/v2\/comments?post=107164"}],"version-history":[{"count":2,"href":"https:\/\/flashmode.tn\/magazine\/wp-json\/wp\/v2\/posts\/107164\/revisions"}],"predecessor-version":[{"id":163420,"href":"https:\/\/flashmode.tn\/magazine\/wp-json\/wp\/v2\/posts\/107164\/revisions\/163420"}],"wp:featuredmedia":[{"embeddable":true,"href":"https:\/\/flashmode.tn\/magazine\/wp-json\/wp\/v2\/media\/163419"}],"wp:attachment":[{"href":"https:\/\/flashmode.tn\/magazine\/wp-json\/wp\/v2\/media?parent=107164"}],"wp:term":[{"taxonomy":"category","embeddable":true,"href":"https:\/\/flashmode.tn\/magazine\/wp-json\/wp\/v2\/categories?post=107164"},{"taxonomy":"post_tag","embeddable":true,"href":"https:\/\/flashmode.tn\/magazine\/wp-json\/wp\/v2\/tags?post=107164"}],"curies":[{"name":"wp","href":"https:\/\/api.w.org\/{rel}","templated":true}]}}