{"id":107232,"date":"2024-03-12T03:28:09","date_gmt":"2024-03-12T02:28:09","guid":{"rendered":"https:\/\/flashmode.tn\/magazine\/?p=107232"},"modified":"2024-04-18T10:42:35","modified_gmt":"2024-04-18T08:42:35","slug":"mariage-ben-attal-jordane-crantelle","status":"publish","type":"post","link":"https:\/\/flashmode.tn\/magazine\/mariage-ben-attal-jordane-crantelle\/","title":{"rendered":"Mariage Ben Attal et Jordane Crantelle : Une C\u00e9l\u00e9bration Intime d&rsquo;Amour et d&rsquo;H\u00e9ritage"},"content":{"rendered":"\n<p>Flashmode: Le Mariage Intimiste de Ben Attal et Jordane Crantelle &#8211; Une C\u00e9l\u00e9bration d&rsquo;Amour et d&rsquo;Intimit\u00e9 \u00e0 D\u00e9couvrir ! Vous pensiez tout savoir sur les mariages de c\u00e9l\u00e9brit\u00e9s ? Attendez de plonger dans l&rsquo;univers intime et captivant de cette journ\u00e9e m\u00e9morable. Des conseils pour un mariage r\u00e9ussi aux moments forts de la c\u00e9r\u00e9monie en r\u00e9gion parisienne, suivez-nous pour un plongeon dans l&rsquo;amour avec un grand A et les choix audacieux de ce couple c\u00e9l\u00e8bre. Pr\u00eat(e) \u00e0 en savoir plus ?<\/p>\n\n\n\n<div id=\"ez-toc-container\" class=\"ez-toc-v2_0_81 counter-hierarchy ez-toc-counter ez-toc-grey ez-toc-container-direction\">\n<div class=\"ez-toc-title-container\">\n<p class=\"ez-toc-title\" style=\"cursor:inherit\">Contenus de la page<\/p>\n<span class=\"ez-toc-title-toggle\"><a href=\"#\" class=\"ez-toc-pull-right ez-toc-btn ez-toc-btn-xs ez-toc-btn-default ez-toc-toggle\" aria-label=\"Toggle Table of Content\"><span class=\"ez-toc-js-icon-con\"><span class=\"\"><span class=\"eztoc-hide\" style=\"display:none;\">Toggle<\/span><span class=\"ez-toc-icon-toggle-span\"><svg style=\"fill: #999;color:#999\" xmlns=\"http:\/\/www.w3.org\/2000\/svg\" class=\"list-377408\" width=\"20px\" height=\"20px\" viewBox=\"0 0 24 24\" fill=\"none\"><path d=\"M6 6H4v2h2V6zm14 0H8v2h12V6zM4 11h2v2H4v-2zm16 0H8v2h12v-2zM4 16h2v2H4v-2zm16 0H8v2h12v-2z\" fill=\"currentColor\"><\/path><\/svg><svg style=\"fill: #999;color:#999\" class=\"arrow-unsorted-368013\" xmlns=\"http:\/\/www.w3.org\/2000\/svg\" width=\"10px\" height=\"10px\" viewBox=\"0 0 24 24\" version=\"1.2\" baseProfile=\"tiny\"><path d=\"M18.2 9.3l-6.2-6.3-6.2 6.3c-.2.2-.3.4-.3.7s.1.5.3.7c.2.2.4.3.7.3h11c.3 0 .5-.1.7-.3.2-.2.3-.5.3-.7s-.1-.5-.3-.7zM5.8 14.7l6.2 6.3 6.2-6.3c.2-.2.3-.5.3-.7s-.1-.5-.3-.7c-.2-.2-.4-.3-.7-.3h-11c-.3 0-.5.1-.7.3-.2.2-.3.5-.3.7s.1.5.3.7z\"\/><\/svg><\/span><\/span><\/span><\/a><\/span><\/div>\n<nav><ul class='ez-toc-list ez-toc-list-level-1 ' ><ul class='ez-toc-list-level-3' ><li class='ez-toc-heading-level-3'><a class=\"ez-toc-link ez-toc-heading-1\" href=\"https:\/\/flashmode.tn\/magazine\/mariage-ben-attal-jordane-crantelle\/#Points_a_retenir\" >Points \u00e0 retenir :<\/a><\/li><\/ul><\/li><li class='ez-toc-page-1 ez-toc-heading-level-2'><a class=\"ez-toc-link ez-toc-heading-2\" href=\"https:\/\/flashmode.tn\/magazine\/mariage-ben-attal-jordane-crantelle\/#Lunion_de_Ben_Attal_et_Jordane_Crantelle_Une_Celebration_dAmour_et_dIntimite\" >L&rsquo;union de Ben Attal et Jordane Crantelle : Une C\u00e9l\u00e9bration d&rsquo;Amour et d&rsquo;Intimit\u00e9<\/a><ul class='ez-toc-list-level-3' ><li class='ez-toc-heading-level-3'><a class=\"ez-toc-link ez-toc-heading-3\" href=\"https:\/\/flashmode.tn\/magazine\/mariage-ben-attal-jordane-crantelle\/#La_Ceremonie_Intimiste_en_Region_Parisienne\" >La C\u00e9r\u00e9monie Intimiste en R\u00e9gion Parisienne<\/a><\/li><li class='ez-toc-page-1 ez-toc-heading-level-3'><a class=\"ez-toc-link ez-toc-heading-4\" href=\"https:\/\/flashmode.tn\/magazine\/mariage-ben-attal-jordane-crantelle\/#Qui_est_Jordane_Crantelle_lElue_du_Coeur_de_Ben_Attal\" >Qui est Jordane Crantelle, l&rsquo;\u00c9lue du C\u0153ur de Ben Attal ?<\/a><\/li><li class='ez-toc-page-1 ez-toc-heading-level-3'><a class=\"ez-toc-link ez-toc-heading-5\" href=\"https:\/\/flashmode.tn\/magazine\/mariage-ben-attal-jordane-crantelle\/#LAmour_avec_un_Grand_A\" >L&rsquo;Amour avec un Grand A<\/a><\/li><\/ul><\/li><li class='ez-toc-page-1 ez-toc-heading-level-2'><a class=\"ez-toc-link ez-toc-heading-6\" href=\"https:\/\/flashmode.tn\/magazine\/mariage-ben-attal-jordane-crantelle\/#Les_Moments_Forts_de_la_Journee_Memorable\" >Les Moments Forts de la Journ\u00e9e M\u00e9morable<\/a><ul class='ez-toc-list-level-3' ><li class='ez-toc-heading-level-3'><a class=\"ez-toc-link ez-toc-heading-7\" href=\"https:\/\/flashmode.tn\/magazine\/mariage-ben-attal-jordane-crantelle\/#Le_Choix_de_la_Tenue_de_Mariee\" >Le Choix de la Tenue de Mari\u00e9e<\/a><\/li><li class='ez-toc-page-1 ez-toc-heading-level-3'><a class=\"ez-toc-link ez-toc-heading-8\" href=\"https:\/\/flashmode.tn\/magazine\/mariage-ben-attal-jordane-crantelle\/#Le_Partage_des_Photos_sur_Instagram\" >Le Partage des Photos sur Instagram<\/a><\/li><\/ul><\/li><li class='ez-toc-page-1 ez-toc-heading-level-2'><a class=\"ez-toc-link ez-toc-heading-9\" href=\"https:\/\/flashmode.tn\/magazine\/mariage-ben-attal-jordane-crantelle\/#LHeritage_Familial_et_lIndependance_du_Couple\" >L&rsquo;H\u00e9ritage Familial et l&rsquo;Ind\u00e9pendance du Couple<\/a><ul class='ez-toc-list-level-3' ><li class='ez-toc-heading-level-3'><a class=\"ez-toc-link ez-toc-heading-10\" href=\"https:\/\/flashmode.tn\/magazine\/mariage-ben-attal-jordane-crantelle\/#Ben_Attal_a_lOmbre_de_Parents_Celebres\" >Ben Attal, \u00e0 l&rsquo;Ombre de Parents C\u00e9l\u00e8bres<\/a><\/li><li class='ez-toc-page-1 ez-toc-heading-level-3'><a class=\"ez-toc-link ez-toc-heading-11\" href=\"https:\/\/flashmode.tn\/magazine\/mariage-ben-attal-jordane-crantelle\/#La_Fusion_des_Univers\" >La Fusion des Univers<\/a><\/li><\/ul><\/li><li class='ez-toc-page-1 ez-toc-heading-level-2'><a class=\"ez-toc-link ez-toc-heading-12\" href=\"https:\/\/flashmode.tn\/magazine\/mariage-ben-attal-jordane-crantelle\/#Conseils_pour_un_Mariage_Intimiste_Reussi\" >Conseils pour un Mariage Intimiste R\u00e9ussi<\/a><ul class='ez-toc-list-level-3' ><li class='ez-toc-heading-level-3'><a class=\"ez-toc-link ez-toc-heading-13\" href=\"https:\/\/flashmode.tn\/magazine\/mariage-ben-attal-jordane-crantelle\/#Le_Choix_du_Lieu\" >Le Choix du Lieu<\/a><\/li><li class='ez-toc-page-1 ez-toc-heading-level-3'><a class=\"ez-toc-link ez-toc-heading-14\" href=\"https:\/\/flashmode.tn\/magazine\/mariage-ben-attal-jordane-crantelle\/#La_Tenue_de_Mariage\" >La Tenue de Mariage<\/a><\/li><li class='ez-toc-page-1 ez-toc-heading-level-3'><a class=\"ez-toc-link ez-toc-heading-15\" href=\"https:\/\/flashmode.tn\/magazine\/mariage-ben-attal-jordane-crantelle\/#Partager_ou_Non_sur_les_Reseaux_Sociaux\" >Partager ou Non sur les R\u00e9seaux Sociaux ?<\/a><\/li><\/ul><\/li><li class='ez-toc-page-1 ez-toc-heading-level-2'><a class=\"ez-toc-link ez-toc-heading-16\" href=\"https:\/\/flashmode.tn\/magazine\/mariage-ben-attal-jordane-crantelle\/#En_Conclusion\" >En Conclusion<\/a><\/li><\/ul><\/nav><\/div>\n<h3 class=\"wp-block-heading\" id=\"h-points-a-retenir\"><span class=\"ez-toc-section\" id=\"Points_a_retenir\"><\/span>Points \u00e0 retenir :<span class=\"ez-toc-section-end\"><\/span><\/h3>\n\n\n\n<ul class=\"wp-block-list\">\n<li>Ben Attal et Jordane Crantelle se sont mari\u00e9s le 1er juillet lors d&rsquo;une c\u00e9r\u00e9monie intimiste.<\/li>\n\n\n\n<li>Jordane Crantelle est une entrepreneuse de 38 ans.<\/li>\n\n\n\n<li>Le mariage de Ben Attal et Jordane Crantelle s&rsquo;est d\u00e9roul\u00e9 en r\u00e9gion parisienne.<\/li>\n\n\n\n<li>Les jeunes mari\u00e9s ont partag\u00e9 des photos de leur mariage sur Instagram.<\/li>\n\n\n\n<li>Ben Attal est le fils de Charlotte Gainsbourg et Yvan Attal.<\/li>\n\n\n\n<li>La relation entre Ben Attal et Jordane Crantelle avait \u00e9t\u00e9 officialis\u00e9e en septembre.<\/li>\n<\/ul>\n\n\n\n<h2 class=\"wp-block-heading\" id=\"h-l-union-de-ben-attal-et-jordane-crantelle-une-celebration-d-amour-et-d-intimite\"><span class=\"ez-toc-section\" id=\"Lunion_de_Ben_Attal_et_Jordane_Crantelle_Une_Celebration_dAmour_et_dIntimite\"><\/span>L&rsquo;union de Ben Attal et Jordane Crantelle : Une C\u00e9l\u00e9bration d&rsquo;Amour et d&rsquo;Intimit\u00e9<span class=\"ez-toc-section-end\"><\/span><\/h2>\n\n\n\n<p>La nouvelle de l&rsquo;union entre <strong>Ben Attal et Jordane Crantelle<\/strong> a captiv\u00e9 les c\u0153urs et inspir\u00e9 de nombreuses personnes \u00e0 croire en la magie de l&rsquo;amour. Ce couple, uni par des liens d&rsquo;affection solides, a scell\u00e9 son amour lors d&rsquo;une c\u00e9r\u00e9monie particuli\u00e8rement intime, loin de l&rsquo;agitation m\u00e9diatique souvent associ\u00e9e aux familles d&rsquo;artistes c\u00e9l\u00e8bres. Dans cet article, nous allons plonger dans les d\u00e9tails de ce mariage qui a su rester authentique malgr\u00e9 la notori\u00e9t\u00e9 des familles concern\u00e9es.<\/p>\n\n\n\n<h3 class=\"wp-block-heading\" id=\"h-la-ceremonie-intimiste-en-region-parisienne\"><span class=\"ez-toc-section\" id=\"La_Ceremonie_Intimiste_en_Region_Parisienne\"><\/span>La C\u00e9r\u00e9monie Intimiste en R\u00e9gion Parisienne<span class=\"ez-toc-section-end\"><\/span><\/h3>\n\n\n\n<p>Le <strong>mariage de Ben Attal et Jordane Crantelle<\/strong> s&rsquo;est tenu en r\u00e9gion parisienne, un lieu choisi pour son cadre intimiste et peut-\u00eatre aussi pour son charme typiquement fran\u00e7ais, parfait pour une union aussi sp\u00e9ciale. Ce choix de lieu souligne une volont\u00e9 de discr\u00e9tion et d&rsquo;intimit\u00e9, refl\u00e9tant ainsi la nature de leur relation, loin des projecteurs et des paillettes.<\/p>\n\n\n\n<h3 class=\"wp-block-heading\" id=\"h-qui-est-jordane-crantelle-l-elue-du-coeur-de-ben-attal\"><span class=\"ez-toc-section\" id=\"Qui_est_Jordane_Crantelle_lElue_du_Coeur_de_Ben_Attal\"><\/span>Qui est Jordane Crantelle, l&rsquo;\u00c9lue du C\u0153ur de Ben Attal ?<span class=\"ez-toc-section-end\"><\/span><\/h3>\n\n\n\n<p>Entrepreneuse de 38 ans, <strong>Jordane Crantelle<\/strong> est une femme d&rsquo;affaires accomplie et ind\u00e9pendante. Sa relation avec Ben Attal avait \u00e9t\u00e9 officialis\u00e9e en septembre, et depuis, le couple a partag\u00e9 des moments de leur vie sur les r\u00e9seaux sociaux, inspirant de nombreux fans par leur complicit\u00e9 et leur soutien mutuel dans leurs projets respectifs.<\/p>\n\n\n\n<h3 class=\"wp-block-heading\" id=\"h-l-amour-avec-un-grand-a\"><span class=\"ez-toc-section\" id=\"LAmour_avec_un_Grand_A\"><\/span>L&rsquo;Amour avec un Grand A<span class=\"ez-toc-section-end\"><\/span><\/h3>\n\n\n\n<p>Ben Attal, fils de Charlotte Gainsbourg et Yvan Attal, a \u00e9pous\u00e9 sa compagne Jordane Crantelle dans la fleur de l&rsquo;\u00e2ge, \u00e0 26 ans. L&rsquo;amour entre ces deux \u00eatres semble \u00eatre un amour avec un grand A, une union bas\u00e9e sur le respect, l&rsquo;admiration mutuelle et une affection profonde. Leurs publications sur Instagram t\u00e9moignent de cette belle romance.<\/p>\n\n\n\n<h2 class=\"wp-block-heading\" id=\"h-les-moments-forts-de-la-journee-memorable\"><span class=\"ez-toc-section\" id=\"Les_Moments_Forts_de_la_Journee_Memorable\"><\/span>Les Moments Forts de la Journ\u00e9e M\u00e9morable<span class=\"ez-toc-section-end\"><\/span><\/h2>\n\n\n\n<h3 class=\"wp-block-heading\" id=\"h-le-choix-de-la-tenue-de-mariee\"><span class=\"ez-toc-section\" id=\"Le_Choix_de_la_Tenue_de_Mariee\"><\/span>Le Choix de la Tenue de Mari\u00e9e<span class=\"ez-toc-section-end\"><\/span><\/h3>\n\n\n\n<p>Jordane Crantelle, fid\u00e8le \u00e0 son esprit entrepreneurial et \u00e0 sa personnalit\u00e9 p\u00e9tillante, a opt\u00e9 pour une <strong>mini-robe aux fines bretelles<\/strong> pour le grand jour. Un choix audacieux et moderne qui brise les conventions et qui met en valeur son ind\u00e9pendance et son sens unique de la mode.<\/p>\n\n\n\n<h3 class=\"wp-block-heading\" id=\"h-le-partage-des-photos-sur-instagram\"><span class=\"ez-toc-section\" id=\"Le_Partage_des_Photos_sur_Instagram\"><\/span>Le Partage des Photos sur Instagram<span class=\"ez-toc-section-end\"><\/span><\/h3>\n\n\n\n<p>Le lendemain de leur mariage, le couple a choisi de partager leur bonheur avec le monde en publiant des clich\u00e9s sur Instagram. Ce geste a permis \u00e0 leurs abonn\u00e9s de vivre un peu de la magie de leur union, et a offert un aper\u00e7u de l&rsquo;ambiance chaleureuse et joyeuse qui a r\u00e9gn\u00e9 lors de la c\u00e9r\u00e9monie.<\/p>\n\n\n\n<h2 class=\"wp-block-heading\" id=\"h-l-heritage-familial-et-l-independance-du-couple\"><span class=\"ez-toc-section\" id=\"LHeritage_Familial_et_lIndependance_du_Couple\"><\/span>L&rsquo;H\u00e9ritage Familial et l&rsquo;Ind\u00e9pendance du Couple<span class=\"ez-toc-section-end\"><\/span><\/h2>\n\n\n\n<h3 class=\"wp-block-heading\" id=\"h-ben-attal-a-l-ombre-de-parents-celebres\"><span class=\"ez-toc-section\" id=\"Ben_Attal_a_lOmbre_de_Parents_Celebres\"><\/span>Ben Attal, \u00e0 l&rsquo;Ombre de Parents C\u00e9l\u00e8bres<span class=\"ez-toc-section-end\"><\/span><\/h3>\n\n\n\n<p>La vie sous les projecteurs peut souvent \u00eatre un d\u00e9fi pour les enfants de stars. Pourtant, <strong>Ben Attal<\/strong> a su tracer son propre chemin, tout en b\u00e9n\u00e9ficiant de l&rsquo;h\u00e9ritage artistique de ses parents. Son mariage avec Jordane Crantelle est un reflet de son d\u00e9sir de vivre sa vie selon ses propres termes, en mettant en avant l&rsquo;amour et l&rsquo;intimit\u00e9.<\/p>\n\n\n\n<h3 class=\"wp-block-heading\" id=\"h-la-fusion-des-univers\"><span class=\"ez-toc-section\" id=\"La_Fusion_des_Univers\"><\/span>La Fusion des Univers<span class=\"ez-toc-section-end\"><\/span><\/h3>\n\n\n\n<p>Quand l&rsquo;art rencontre l&rsquo;entreprise, cela donne une fusion des univers qui peut \u00eatre \u00e0 la fois stimulante et enrichissante. Ben, avec ses racines dans le monde du cin\u00e9ma et de la musique, et Jordane, avec son esprit d&rsquo;entreprise, montrent qu&rsquo;il est possible de conjuguer deux mondes apparemment distincts en une harmonie parfaite.<\/p>\n\n\n\n<h2 class=\"wp-block-heading\" id=\"h-conseils-pour-un-mariage-intimiste-reussi\"><span class=\"ez-toc-section\" id=\"Conseils_pour_un_Mariage_Intimiste_Reussi\"><\/span>Conseils pour un Mariage Intimiste R\u00e9ussi<span class=\"ez-toc-section-end\"><\/span><\/h2>\n\n\n\n<h3 class=\"wp-block-heading\" id=\"h-le-choix-du-lieu\"><span class=\"ez-toc-section\" id=\"Le_Choix_du_Lieu\"><\/span>Le Choix du Lieu<span class=\"ez-toc-section-end\"><\/span><\/h3>\n\n\n\n<p>Opter pour un lieu en r\u00e9gion parisienne ou similaire peut offrir le cadre id\u00e9al pour ceux qui cherchent \u00e0 c\u00e9l\u00e9brer leur amour loin des regards. La cl\u00e9 est de trouver un lieu qui correspond \u00e0 la vision du couple et qui peut \u00eatre personnalis\u00e9 pour refl\u00e9ter leur personnalit\u00e9.<\/p>\n\n\n\n<h3 class=\"wp-block-heading\" id=\"h-la-tenue-de-mariage\"><span class=\"ez-toc-section\" id=\"La_Tenue_de_Mariage\"><\/span>La Tenue de Mariage<span class=\"ez-toc-section-end\"><\/span><\/h3>\n\n\n\n<p>Comme Jordane Crantelle, n&rsquo;h\u00e9sitez pas \u00e0 choisir une tenue qui vous repr\u00e9sente, m\u00eame si cela sort de l&rsquo;ordinaire. Votre mariage est votre jour, et il est essentiel de vous sentir parfaitement \u00e0 l&rsquo;aise et en phase avec votre style.<\/p>\n\n\n\n<h3 class=\"wp-block-heading\" id=\"h-partager-ou-non-sur-les-reseaux-sociaux\"><span class=\"ez-toc-section\" id=\"Partager_ou_Non_sur_les_Reseaux_Sociaux\"><\/span>Partager ou Non sur les R\u00e9seaux Sociaux ?<span class=\"ez-toc-section-end\"><\/span><\/h3>\n\n\n\n<p>La d\u00e9cision de partager des moments de votre mariage sur les r\u00e9seaux sociaux rel\u00e8ve d&rsquo;un choix personnel. Si vous optez pour cette voie, pensez \u00e0 le faire avec go\u00fbt et en gardant \u00e0 l&rsquo;esprit l&rsquo;intimit\u00e9 de cet \u00e9v\u00e9nement.<\/p>\n\n\n\n<h2 class=\"wp-block-heading\" id=\"h-en-conclusion\"><span class=\"ez-toc-section\" id=\"En_Conclusion\"><\/span>En Conclusion<span class=\"ez-toc-section-end\"><\/span><\/h2>\n\n\n\n<p>Le <strong>mariage de Ben Attal et Jordane Crantelle<\/strong> reste un exemple \u00e9clatant que l&rsquo;amour, la simplicit\u00e9 et l&rsquo;authenticit\u00e9 sont toujours de mise dans un monde o\u00f9 les apparences sont souvent trompeuses. En tant que t\u00e9moins virtuels de leur union, nous pouvons tous tirer des le\u00e7ons sur l&rsquo;importance de c\u00e9l\u00e9brer l&rsquo;amour \u00e0 notre mani\u00e8re, en respectant nos d\u00e9sirs et en honorant nos histoires uniques.<\/p>\n\n\n\n<p><strong>Qui est Jordane Crantelle ?<\/strong><br>Jordane Crantelle est une entrepreneuse de 38 ans.<\/p>\n\n\n\n<p><strong>O\u00f9 s&rsquo;est d\u00e9roul\u00e9 le mariage de Ben Attal et Jordane Crantelle ?<\/strong><br>Le mariage de Ben Attal et Jordane Crantelle s&rsquo;est d\u00e9roul\u00e9 en r\u00e9gion parisienne.<\/p>\n\n\n\n<p><strong>Qui sont les parents de Ben Attal ?<\/strong><br>Ben Attal est le fils de Charlotte Gainsbourg et Yvan Attal.<\/p>\n\n\n\n<p><strong>Quand la relation entre Ben Attal et Jordane Crantelle a-t-elle \u00e9t\u00e9 officialis\u00e9e ?<\/strong><br>La relation entre Ben Attal et Jordane Crantelle avait \u00e9t\u00e9 officialis\u00e9e en septembre.<\/p>\n\n\n\n<p><strong>Comment les jeunes mari\u00e9s ont-ils partag\u00e9 des photos de leur mariage ?<\/strong><br>Les jeunes mari\u00e9s ont partag\u00e9 des photos de leur mariage sur Instagram.<\/p>\n","protected":false},"excerpt":{"rendered":"<p>Flashmode: Le Mariage Intimiste de Ben Attal et Jordane Crantelle &#8211; Une C\u00e9l\u00e9bration d&rsquo;Amour et d&rsquo;Intimit\u00e9 \u00e0 D\u00e9couvrir ! Vous pensiez tout savoir sur les mariages de c\u00e9l\u00e9brit\u00e9s ? Attendez de plonger dans l&rsquo;univers intime et captivant de cette journ\u00e9e m\u00e9morable. Des conseils pour un mariage r\u00e9ussi aux moments forts de la c\u00e9r\u00e9monie en r\u00e9gion [&hellip;]<\/p>\n","protected":false},"author":8,"featured_media":163612,"comment_status":"open","ping_status":"open","sticky":false,"template":"","format":"standard","meta":{"tdm_status":"","tdm_grid_status":"","_jetpack_memberships_contains_paid_content":false,"footnotes":"","jetpack_publicize_message":"","jetpack_publicize_feature_enabled":true,"jetpack_social_post_already_shared":true,"jetpack_social_options":{"image_generator_settings":{"template":"highway","default_image_id":0,"font":"","enabled":false},"version":2}},"categories":[79],"tags":[],"class_list":["post-107232","post","type-post","status-publish","format-standard","has-post-thumbnail","hentry","category-people"],"yoast_head":"<!-- This site is optimized with the Yoast SEO Premium plugin v25.0 (Yoast SEO v25.0) - https:\/\/yoast.com\/wordpress\/plugins\/seo\/ -->\n<title>Mariage Ben Attal et Jordane Crantelle : Une C\u00e9l\u00e9bration Intime d&#039;Amour et d&#039;H\u00e9ritage - Flashmode Magazine | Magazine de mode et style de vie Num\u00e9ro un en Tunisie et au Maghreb<\/title>\n<meta name=\"description\" content=\"Flashmode: Le Mariage Intimiste de Ben Attal et Jordane Crantelle - Une C\u00e9l\u00e9bration d&#039;Amour et d&#039;Intimit\u00e9 \u00e0 D\u00e9couvrir ! Vous pensiez tout savoir sur les\" \/>\n<meta name=\"robots\" content=\"index, follow, max-snippet:-1, max-image-preview:large, max-video-preview:-1\" \/>\n<link rel=\"canonical\" href=\"https:\/\/flashmode.tn\/magazine\/mariage-ben-attal-jordane-crantelle\/\" \/>\n<meta property=\"og:locale\" content=\"fr_FR\" \/>\n<meta property=\"og:type\" content=\"article\" \/>\n<meta property=\"og:title\" content=\"Mariage Ben Attal et Jordane Crantelle : Une C\u00e9l\u00e9bration Intime d&#039;Amour et d&#039;H\u00e9ritage - Flashmode Magazine | Magazine de mode et style de vie Num\u00e9ro un en Tunisie et au Maghreb\" \/>\n<meta property=\"og:description\" content=\"Flashmode: Le Mariage Intimiste de Ben Attal et Jordane Crantelle - Une C\u00e9l\u00e9bration d&#039;Amour et d&#039;Intimit\u00e9 \u00e0 D\u00e9couvrir ! Vous pensiez tout savoir sur les\" \/>\n<meta property=\"og:url\" content=\"https:\/\/flashmode.tn\/magazine\/mariage-ben-attal-jordane-crantelle\/\" \/>\n<meta property=\"og:site_name\" content=\"Flashmode Magazine | Magazine de mode et style de vie Num\u00e9ro un en Tunisie et au Maghreb\" \/>\n<meta property=\"article:publisher\" content=\"https:\/\/www.facebook.com\/flashmode.magazine\/\" \/>\n<meta property=\"article:published_time\" content=\"2024-03-12T02:28:09+00:00\" \/>\n<meta property=\"article:modified_time\" content=\"2024-04-18T08:42:35+00:00\" \/>\n<meta property=\"og:image\" content=\"https:\/\/flashmode.tn\/magazine\/wp-content\/uploads\/2024\/03\/Mariage-Ben-Attal-et-Jordane-Crantelle-Une-Celebration-Intime-dAmour-et-dHeritage.png\" \/>\n\t<meta property=\"og:image:width\" content=\"1640\" \/>\n\t<meta property=\"og:image:height\" content=\"924\" \/>\n\t<meta property=\"og:image:type\" content=\"image\/png\" \/>\n<meta name=\"author\" content=\"The Daileigh\" \/>\n<meta name=\"twitter:card\" content=\"summary_large_image\" \/>\n<meta name=\"twitter:creator\" content=\"@agenceflashmode\" \/>\n<meta name=\"twitter:site\" content=\"@agenceflashmode\" \/>\n<meta name=\"twitter:label1\" content=\"\u00c9crit par\" \/>\n\t<meta name=\"twitter:data1\" content=\"The Daileigh\" \/>\n\t<meta name=\"twitter:label2\" content=\"Dur\u00e9e de lecture estim\u00e9e\" \/>\n\t<meta name=\"twitter:data2\" content=\"5 minutes\" \/>\n<script type=\"application\/ld+json\" class=\"yoast-schema-graph\">{\"@context\":\"https:\/\/schema.org\",\"@graph\":[{\"@type\":\"WebPage\",\"@id\":\"https:\/\/flashmode.tn\/magazine\/mariage-ben-attal-jordane-crantelle\/\",\"url\":\"https:\/\/flashmode.tn\/magazine\/mariage-ben-attal-jordane-crantelle\/\",\"name\":\"Mariage Ben Attal et Jordane Crantelle : Une C\u00e9l\u00e9bration Intime d'Amour et d'H\u00e9ritage - Flashmode Magazine | Magazine de mode et style de vie Num\u00e9ro un en Tunisie et au Maghreb\",\"isPartOf\":{\"@id\":\"https:\/\/flashmode.tn\/magazine\/#website\"},\"primaryImageOfPage\":{\"@id\":\"https:\/\/flashmode.tn\/magazine\/mariage-ben-attal-jordane-crantelle\/#primaryimage\"},\"image\":{\"@id\":\"https:\/\/flashmode.tn\/magazine\/mariage-ben-attal-jordane-crantelle\/#primaryimage\"},\"thumbnailUrl\":\"https:\/\/i0.wp.com\/flashmode.tn\/magazine\/wp-content\/uploads\/2024\/03\/Mariage-Ben-Attal-et-Jordane-Crantelle-Une-Celebration-Intime-dAmour-et-dHeritage.png?fit=1640%2C924&ssl=1\",\"datePublished\":\"2024-03-12T02:28:09+00:00\",\"dateModified\":\"2024-04-18T08:42:35+00:00\",\"author\":{\"@id\":\"https:\/\/flashmode.tn\/magazine\/#\/schema\/person\/79940f8af94166a445dd5bd6b3137682\"},\"description\":\"Flashmode: Le Mariage Intimiste de Ben Attal et Jordane Crantelle - Une C\u00e9l\u00e9bration d'Amour et d'Intimit\u00e9 \u00e0 D\u00e9couvrir ! Vous pensiez tout savoir sur les\",\"breadcrumb\":{\"@id\":\"https:\/\/flashmode.tn\/magazine\/mariage-ben-attal-jordane-crantelle\/#breadcrumb\"},\"inLanguage\":\"fr-FR\",\"potentialAction\":[{\"@type\":\"ReadAction\",\"target\":[\"https:\/\/flashmode.tn\/magazine\/mariage-ben-attal-jordane-crantelle\/\"]}]},{\"@type\":\"ImageObject\",\"inLanguage\":\"fr-FR\",\"@id\":\"https:\/\/flashmode.tn\/magazine\/mariage-ben-attal-jordane-crantelle\/#primaryimage\",\"url\":\"https:\/\/i0.wp.com\/flashmode.tn\/magazine\/wp-content\/uploads\/2024\/03\/Mariage-Ben-Attal-et-Jordane-Crantelle-Une-Celebration-Intime-dAmour-et-dHeritage.png?fit=1640%2C924&ssl=1\",\"contentUrl\":\"https:\/\/i0.wp.com\/flashmode.tn\/magazine\/wp-content\/uploads\/2024\/03\/Mariage-Ben-Attal-et-Jordane-Crantelle-Une-Celebration-Intime-dAmour-et-dHeritage.png?fit=1640%2C924&ssl=1\",\"width\":1640,\"height\":924,\"caption\":\"Mariage Ben Attal et Jordane Crantelle : Une C\u00e9l\u00e9bration Intime d'Amour et d'H\u00e9ritage\"},{\"@type\":\"BreadcrumbList\",\"@id\":\"https:\/\/flashmode.tn\/magazine\/mariage-ben-attal-jordane-crantelle\/#breadcrumb\",\"itemListElement\":[{\"@type\":\"ListItem\",\"position\":1,\"name\":\"Accueil\",\"item\":\"https:\/\/flashmode.tn\/magazine\/\"},{\"@type\":\"ListItem\",\"position\":2,\"name\":\"Mariage Ben Attal et Jordane Crantelle : Une C\u00e9l\u00e9bration Intime d&rsquo;Amour et d&rsquo;H\u00e9ritage\"}]},{\"@type\":\"WebSite\",\"@id\":\"https:\/\/flashmode.tn\/magazine\/#website\",\"url\":\"https:\/\/flashmode.tn\/magazine\/\",\"name\":\"Flashmode Magazine | Magazine de mode et style de vie Num\u00e9ro un en Tunisie et au Maghreb\",\"description\":\"Magazine de mode et style de vie Num\u00e9ro un en Tunisie et au Maghreb, cr\u00e9\u00e9 pour les hommes et les femmes : conseils beaut\u00e9, mode femme, mode homme, recettes de cuisine, c\u00e9l\u00e9brit\u00e9s et people, mannequins et top modeles\",\"potentialAction\":[{\"@type\":\"SearchAction\",\"target\":{\"@type\":\"EntryPoint\",\"urlTemplate\":\"https:\/\/flashmode.tn\/magazine\/?s={search_term_string}\"},\"query-input\":{\"@type\":\"PropertyValueSpecification\",\"valueRequired\":true,\"valueName\":\"search_term_string\"}}],\"inLanguage\":\"fr-FR\"},{\"@type\":\"Person\",\"@id\":\"https:\/\/flashmode.tn\/magazine\/#\/schema\/person\/79940f8af94166a445dd5bd6b3137682\",\"name\":\"The Daileigh\",\"image\":{\"@type\":\"ImageObject\",\"inLanguage\":\"fr-FR\",\"@id\":\"https:\/\/flashmode.tn\/magazine\/#\/schema\/person\/image\/\",\"url\":\"https:\/\/secure.gravatar.com\/avatar\/30d4d60865d61de3434abd01cb8b4ec5e5b5eb5a274017461832a54857b1770d?s=96&d=mm&r=g\",\"contentUrl\":\"https:\/\/secure.gravatar.com\/avatar\/30d4d60865d61de3434abd01cb8b4ec5e5b5eb5a274017461832a54857b1770d?s=96&d=mm&r=g\",\"caption\":\"The Daileigh\"},\"url\":\"https:\/\/flashmode.tn\/magazine\/author\/the-daileigh\/\"}]}<\/script>\n<!-- \/ Yoast SEO Premium plugin. -->","yoast_head_json":{"title":"Mariage Ben Attal et Jordane Crantelle : Une C\u00e9l\u00e9bration Intime d'Amour et d'H\u00e9ritage - Flashmode Magazine | Magazine de mode et style de vie Num\u00e9ro un en Tunisie et au Maghreb","description":"Flashmode: Le Mariage Intimiste de Ben Attal et Jordane Crantelle - Une C\u00e9l\u00e9bration d'Amour et d'Intimit\u00e9 \u00e0 D\u00e9couvrir ! Vous pensiez tout savoir sur les","robots":{"index":"index","follow":"follow","max-snippet":"max-snippet:-1","max-image-preview":"max-image-preview:large","max-video-preview":"max-video-preview:-1"},"canonical":"https:\/\/flashmode.tn\/magazine\/mariage-ben-attal-jordane-crantelle\/","og_locale":"fr_FR","og_type":"article","og_title":"Mariage Ben Attal et Jordane Crantelle : Une C\u00e9l\u00e9bration Intime d'Amour et d'H\u00e9ritage - Flashmode Magazine | Magazine de mode et style de vie Num\u00e9ro un en Tunisie et au Maghreb","og_description":"Flashmode: Le Mariage Intimiste de Ben Attal et Jordane Crantelle - Une C\u00e9l\u00e9bration d'Amour et d'Intimit\u00e9 \u00e0 D\u00e9couvrir ! Vous pensiez tout savoir sur les","og_url":"https:\/\/flashmode.tn\/magazine\/mariage-ben-attal-jordane-crantelle\/","og_site_name":"Flashmode Magazine | Magazine de mode et style de vie Num\u00e9ro un en Tunisie et au Maghreb","article_publisher":"https:\/\/www.facebook.com\/flashmode.magazine\/","article_published_time":"2024-03-12T02:28:09+00:00","article_modified_time":"2024-04-18T08:42:35+00:00","og_image":[{"width":1640,"height":924,"url":"https:\/\/flashmode.tn\/magazine\/wp-content\/uploads\/2024\/03\/Mariage-Ben-Attal-et-Jordane-Crantelle-Une-Celebration-Intime-dAmour-et-dHeritage.png","type":"image\/png"}],"author":"The Daileigh","twitter_card":"summary_large_image","twitter_creator":"@agenceflashmode","twitter_site":"@agenceflashmode","twitter_misc":{"\u00c9crit par":"The Daileigh","Dur\u00e9e de lecture estim\u00e9e":"5 minutes"},"schema":{"@context":"https:\/\/schema.org","@graph":[{"@type":"WebPage","@id":"https:\/\/flashmode.tn\/magazine\/mariage-ben-attal-jordane-crantelle\/","url":"https:\/\/flashmode.tn\/magazine\/mariage-ben-attal-jordane-crantelle\/","name":"Mariage Ben Attal et Jordane Crantelle : Une C\u00e9l\u00e9bration Intime d'Amour et d'H\u00e9ritage - Flashmode Magazine | Magazine de mode et style de vie Num\u00e9ro un en Tunisie et au Maghreb","isPartOf":{"@id":"https:\/\/flashmode.tn\/magazine\/#website"},"primaryImageOfPage":{"@id":"https:\/\/flashmode.tn\/magazine\/mariage-ben-attal-jordane-crantelle\/#primaryimage"},"image":{"@id":"https:\/\/flashmode.tn\/magazine\/mariage-ben-attal-jordane-crantelle\/#primaryimage"},"thumbnailUrl":"https:\/\/i0.wp.com\/flashmode.tn\/magazine\/wp-content\/uploads\/2024\/03\/Mariage-Ben-Attal-et-Jordane-Crantelle-Une-Celebration-Intime-dAmour-et-dHeritage.png?fit=1640%2C924&ssl=1","datePublished":"2024-03-12T02:28:09+00:00","dateModified":"2024-04-18T08:42:35+00:00","author":{"@id":"https:\/\/flashmode.tn\/magazine\/#\/schema\/person\/79940f8af94166a445dd5bd6b3137682"},"description":"Flashmode: Le Mariage Intimiste de Ben Attal et Jordane Crantelle - Une C\u00e9l\u00e9bration d'Amour et d'Intimit\u00e9 \u00e0 D\u00e9couvrir ! Vous pensiez tout savoir sur les","breadcrumb":{"@id":"https:\/\/flashmode.tn\/magazine\/mariage-ben-attal-jordane-crantelle\/#breadcrumb"},"inLanguage":"fr-FR","potentialAction":[{"@type":"ReadAction","target":["https:\/\/flashmode.tn\/magazine\/mariage-ben-attal-jordane-crantelle\/"]}]},{"@type":"ImageObject","inLanguage":"fr-FR","@id":"https:\/\/flashmode.tn\/magazine\/mariage-ben-attal-jordane-crantelle\/#primaryimage","url":"https:\/\/i0.wp.com\/flashmode.tn\/magazine\/wp-content\/uploads\/2024\/03\/Mariage-Ben-Attal-et-Jordane-Crantelle-Une-Celebration-Intime-dAmour-et-dHeritage.png?fit=1640%2C924&ssl=1","contentUrl":"https:\/\/i0.wp.com\/flashmode.tn\/magazine\/wp-content\/uploads\/2024\/03\/Mariage-Ben-Attal-et-Jordane-Crantelle-Une-Celebration-Intime-dAmour-et-dHeritage.png?fit=1640%2C924&ssl=1","width":1640,"height":924,"caption":"Mariage Ben Attal et Jordane Crantelle : Une C\u00e9l\u00e9bration Intime d'Amour et d'H\u00e9ritage"},{"@type":"BreadcrumbList","@id":"https:\/\/flashmode.tn\/magazine\/mariage-ben-attal-jordane-crantelle\/#breadcrumb","itemListElement":[{"@type":"ListItem","position":1,"name":"Accueil","item":"https:\/\/flashmode.tn\/magazine\/"},{"@type":"ListItem","position":2,"name":"Mariage Ben Attal et Jordane Crantelle : Une C\u00e9l\u00e9bration Intime d&rsquo;Amour et d&rsquo;H\u00e9ritage"}]},{"@type":"WebSite","@id":"https:\/\/flashmode.tn\/magazine\/#website","url":"https:\/\/flashmode.tn\/magazine\/","name":"Flashmode Magazine | Magazine de mode et style de vie Num\u00e9ro un en Tunisie et au Maghreb","description":"Magazine de mode et style de vie Num\u00e9ro un en Tunisie et au Maghreb, cr\u00e9\u00e9 pour les hommes et les femmes : conseils beaut\u00e9, mode femme, mode homme, recettes de cuisine, c\u00e9l\u00e9brit\u00e9s et people, mannequins et top modeles","potentialAction":[{"@type":"SearchAction","target":{"@type":"EntryPoint","urlTemplate":"https:\/\/flashmode.tn\/magazine\/?s={search_term_string}"},"query-input":{"@type":"PropertyValueSpecification","valueRequired":true,"valueName":"search_term_string"}}],"inLanguage":"fr-FR"},{"@type":"Person","@id":"https:\/\/flashmode.tn\/magazine\/#\/schema\/person\/79940f8af94166a445dd5bd6b3137682","name":"The Daileigh","image":{"@type":"ImageObject","inLanguage":"fr-FR","@id":"https:\/\/flashmode.tn\/magazine\/#\/schema\/person\/image\/","url":"https:\/\/secure.gravatar.com\/avatar\/30d4d60865d61de3434abd01cb8b4ec5e5b5eb5a274017461832a54857b1770d?s=96&d=mm&r=g","contentUrl":"https:\/\/secure.gravatar.com\/avatar\/30d4d60865d61de3434abd01cb8b4ec5e5b5eb5a274017461832a54857b1770d?s=96&d=mm&r=g","caption":"The Daileigh"},"url":"https:\/\/flashmode.tn\/magazine\/author\/the-daileigh\/"}]}},"jetpack_publicize_connections":[],"jetpack_featured_media_url":"https:\/\/i0.wp.com\/flashmode.tn\/magazine\/wp-content\/uploads\/2024\/03\/Mariage-Ben-Attal-et-Jordane-Crantelle-Une-Celebration-Intime-dAmour-et-dHeritage.png?fit=1640%2C924&ssl=1","jetpack_shortlink":"https:\/\/wp.me\/p8BPGr-rTy","jetpack_sharing_enabled":true,"_links":{"self":[{"href":"https:\/\/flashmode.tn\/magazine\/wp-json\/wp\/v2\/posts\/107232","targetHints":{"allow":["GET"]}}],"collection":[{"href":"https:\/\/flashmode.tn\/magazine\/wp-json\/wp\/v2\/posts"}],"about":[{"href":"https:\/\/flashmode.tn\/magazine\/wp-json\/wp\/v2\/types\/post"}],"author":[{"embeddable":true,"href":"https:\/\/flashmode.tn\/magazine\/wp-json\/wp\/v2\/users\/8"}],"replies":[{"embeddable":true,"href":"https:\/\/flashmode.tn\/magazine\/wp-json\/wp\/v2\/comments?post=107232"}],"version-history":[{"count":2,"href":"https:\/\/flashmode.tn\/magazine\/wp-json\/wp\/v2\/posts\/107232\/revisions"}],"predecessor-version":[{"id":163614,"href":"https:\/\/flashmode.tn\/magazine\/wp-json\/wp\/v2\/posts\/107232\/revisions\/163614"}],"wp:featuredmedia":[{"embeddable":true,"href":"https:\/\/flashmode.tn\/magazine\/wp-json\/wp\/v2\/media\/163612"}],"wp:attachment":[{"href":"https:\/\/flashmode.tn\/magazine\/wp-json\/wp\/v2\/media?parent=107232"}],"wp:term":[{"taxonomy":"category","embeddable":true,"href":"https:\/\/flashmode.tn\/magazine\/wp-json\/wp\/v2\/categories?post=107232"},{"taxonomy":"post_tag","embeddable":true,"href":"https:\/\/flashmode.tn\/magazine\/wp-json\/wp\/v2\/tags?post=107232"}],"curies":[{"name":"wp","href":"https:\/\/api.w.org\/{rel}","templated":true}]}}