{"id":107241,"date":"2024-03-12T03:21:55","date_gmt":"2024-03-12T02:21:55","guid":{"rendered":"https:\/\/flashmode.tn\/magazine\/?p=107241"},"modified":"2024-04-18T11:33:02","modified_gmt":"2024-04-18T09:33:02","slug":"olivier-selim-fourniret-visage","status":"publish","type":"post","link":"https:\/\/flashmode.tn\/magazine\/olivier-selim-fourniret-visage\/","title":{"rendered":"Portrait d&rsquo;Olivier Selim Fourniret : La Qu\u00eate d&rsquo;Identit\u00e9 d&rsquo;un Fils Marqu\u00e9 par le Scandale"},"content":{"rendered":"\n<p>D\u00e9couvrez le visage m\u00e9connu de S\u00e9lim Fourniret, fils d&rsquo;une des figures les plus sombres de l&rsquo;histoire criminelle. De la qu\u00eate d&rsquo;anonymat \u00e0 la tentative de r\u00e9invention, plongez dans l&rsquo;identit\u00e9 bris\u00e9e et reconstruite d&rsquo;un homme marqu\u00e9 par le scandale. Entre courage, d\u00e9fis et poids de l&rsquo;h\u00e9ritage familial, explorez la complexit\u00e9 de la vie de S\u00e9lim Fourniret aujourd&rsquo;hui.<\/p>\n\n\n\n<div id=\"ez-toc-container\" class=\"ez-toc-v2_0_81 counter-hierarchy ez-toc-counter ez-toc-grey ez-toc-container-direction\">\n<div class=\"ez-toc-title-container\">\n<p class=\"ez-toc-title\" style=\"cursor:inherit\">Contenus de la page<\/p>\n<span class=\"ez-toc-title-toggle\"><a href=\"#\" class=\"ez-toc-pull-right ez-toc-btn ez-toc-btn-xs ez-toc-btn-default ez-toc-toggle\" aria-label=\"Toggle Table of Content\"><span class=\"ez-toc-js-icon-con\"><span class=\"\"><span class=\"eztoc-hide\" style=\"display:none;\">Toggle<\/span><span class=\"ez-toc-icon-toggle-span\"><svg style=\"fill: #999;color:#999\" xmlns=\"http:\/\/www.w3.org\/2000\/svg\" class=\"list-377408\" width=\"20px\" height=\"20px\" viewBox=\"0 0 24 24\" fill=\"none\"><path d=\"M6 6H4v2h2V6zm14 0H8v2h12V6zM4 11h2v2H4v-2zm16 0H8v2h12v-2zM4 16h2v2H4v-2zm16 0H8v2h12v-2z\" fill=\"currentColor\"><\/path><\/svg><svg style=\"fill: #999;color:#999\" class=\"arrow-unsorted-368013\" xmlns=\"http:\/\/www.w3.org\/2000\/svg\" width=\"10px\" height=\"10px\" viewBox=\"0 0 24 24\" version=\"1.2\" baseProfile=\"tiny\"><path d=\"M18.2 9.3l-6.2-6.3-6.2 6.3c-.2.2-.3.4-.3.7s.1.5.3.7c.2.2.4.3.7.3h11c.3 0 .5-.1.7-.3.2-.2.3-.5.3-.7s-.1-.5-.3-.7zM5.8 14.7l6.2 6.3 6.2-6.3c.2-.2.3-.5.3-.7s-.1-.5-.3-.7c-.2-.2-.4-.3-.7-.3h-11c-.3 0-.5.1-.7.3-.2.2-.3.5-.3.7s.1.5.3.7z\"\/><\/svg><\/span><\/span><\/span><\/a><\/span><\/div>\n<nav><ul class='ez-toc-list ez-toc-list-level-1 ' ><ul class='ez-toc-list-level-3' ><li class='ez-toc-heading-level-3'><a class=\"ez-toc-link ez-toc-heading-1\" href=\"https:\/\/flashmode.tn\/magazine\/olivier-selim-fourniret-visage\/#Points_a_retenir\" >Points \u00e0 retenir :<\/a><\/li><\/ul><\/li><li class='ez-toc-page-1 ez-toc-heading-level-2'><a class=\"ez-toc-link ez-toc-heading-2\" href=\"https:\/\/flashmode.tn\/magazine\/olivier-selim-fourniret-visage\/#Portrait_de_Selim_Fourniret_La_Quete_dIdentite_dun_Fils_Marque_par_le_Scandale\" >Portrait de S\u00e9lim Fourniret : La Qu\u00eate d&rsquo;Identit\u00e9 d&rsquo;un Fils Marqu\u00e9 par le Scandale<\/a><ul class='ez-toc-list-level-3' ><li class='ez-toc-heading-level-3'><a class=\"ez-toc-link ez-toc-heading-3\" href=\"https:\/\/flashmode.tn\/magazine\/olivier-selim-fourniret-visage\/#Qui_est_Selim_Fourniret\" >Qui est S\u00e9lim Fourniret ?<\/a><\/li><li class='ez-toc-page-1 ez-toc-heading-level-3'><a class=\"ez-toc-link ez-toc-heading-4\" href=\"https:\/\/flashmode.tn\/magazine\/olivier-selim-fourniret-visage\/#La_Tentative_de_Dissociation_davec_un_Heritage_Familial_Encombrant\" >La Tentative de Dissociation d&rsquo;avec un H\u00e9ritage Familial Encombrant<\/a><\/li><li class='ez-toc-page-1 ez-toc-heading-level-3'><a class=\"ez-toc-link ez-toc-heading-5\" href=\"https:\/\/flashmode.tn\/magazine\/olivier-selim-fourniret-visage\/#Les_Repercussions_Psychologiques_de_la_Notoriete_Criminelle_Parentale\" >Les R\u00e9percussions Psychologiques de la Notori\u00e9t\u00e9 Criminelle Parentale<\/a><\/li><li class='ez-toc-page-1 ez-toc-heading-level-3'><a class=\"ez-toc-link ez-toc-heading-6\" href=\"https:\/\/flashmode.tn\/magazine\/olivier-selim-fourniret-visage\/#Le_Proces_de_Monique_Olivier_et_la_Declaration_de_Selim_Fourniret\" >Le Proc\u00e8s de Monique Olivier et la D\u00e9claration de S\u00e9lim Fourniret<\/a><\/li><li class='ez-toc-page-1 ez-toc-heading-level-3'><a class=\"ez-toc-link ez-toc-heading-7\" href=\"https:\/\/flashmode.tn\/magazine\/olivier-selim-fourniret-visage\/#La_Vie_de_Selim_Fourniret_Aujourdhui_Entre_Accusations_et_Quete_de_Normalite\" >La Vie de S\u00e9lim Fourniret Aujourd&rsquo;hui : Entre Accusations et Qu\u00eate de Normalit\u00e9<\/a><\/li><\/ul><\/li><li class='ez-toc-page-1 ez-toc-heading-level-2'><a class=\"ez-toc-link ez-toc-heading-8\" href=\"https:\/\/flashmode.tn\/magazine\/olivier-selim-fourniret-visage\/#La_Quete_dAnonymat_et_de_Reinvention\" >La Qu\u00eate d&rsquo;Anonymat et de R\u00e9invention<\/a><ul class='ez-toc-list-level-3' ><li class='ez-toc-heading-level-3'><a class=\"ez-toc-link ez-toc-heading-9\" href=\"https:\/\/flashmode.tn\/magazine\/olivier-selim-fourniret-visage\/#Le_Changement_de_Nom_Une_Demarche_de_Rupture\" >Le Changement de Nom : Une D\u00e9marche de Rupture<\/a><\/li><li class='ez-toc-page-1 ez-toc-heading-level-3'><a class=\"ez-toc-link ez-toc-heading-10\" href=\"https:\/\/flashmode.tn\/magazine\/olivier-selim-fourniret-visage\/#Le_Temoignage_au_Proces_Un_Acte_de_Courage\" >Le T\u00e9moignage au Proc\u00e8s : Un Acte de Courage<\/a><\/li><li class='ez-toc-page-1 ez-toc-heading-level-3'><a class=\"ez-toc-link ez-toc-heading-11\" href=\"https:\/\/flashmode.tn\/magazine\/olivier-selim-fourniret-visage\/#Les_Defis_de_lAnonymat_et_de_la_Reinvention_de_Soi\" >Les D\u00e9fis de l&rsquo;Anonymat et de la R\u00e9invention de Soi<\/a><\/li><\/ul><\/li><li class='ez-toc-page-1 ez-toc-heading-level-2'><a class=\"ez-toc-link ez-toc-heading-12\" href=\"https:\/\/flashmode.tn\/magazine\/olivier-selim-fourniret-visage\/#Le_Regard_de_la_Societe_sur_Selim_Fourniret\" >Le Regard de la Soci\u00e9t\u00e9 sur S\u00e9lim Fourniret<\/a><ul class='ez-toc-list-level-3' ><li class='ez-toc-heading-level-3'><a class=\"ez-toc-link ez-toc-heading-13\" href=\"https:\/\/flashmode.tn\/magazine\/olivier-selim-fourniret-visage\/#Selim_Fourniret_et_le_Poids_de_lHeritage_Familial\" >S\u00e9lim Fourniret et le Poids de l&rsquo;H\u00e9ritage Familial<\/a><\/li><li class='ez-toc-page-1 ez-toc-heading-level-3'><a class=\"ez-toc-link ez-toc-heading-14\" href=\"https:\/\/flashmode.tn\/magazine\/olivier-selim-fourniret-visage\/#La_Perception_Publique_de_la_Tentative_de_Viol\" >La Perception Publique de la Tentative de Viol<\/a><\/li><li class='ez-toc-page-1 ez-toc-heading-level-3'><a class=\"ez-toc-link ez-toc-heading-15\" href=\"https:\/\/flashmode.tn\/magazine\/olivier-selim-fourniret-visage\/#La_Complexite_de_lEmpathie_envers_Selim_Fourniret\" >La Complexit\u00e9 de l&rsquo;Empathie envers S\u00e9lim Fourniret<\/a><\/li><\/ul><\/li><li class='ez-toc-page-1 ez-toc-heading-level-2'><a class=\"ez-toc-link ez-toc-heading-16\" href=\"https:\/\/flashmode.tn\/magazine\/olivier-selim-fourniret-visage\/#Conclusion_LIdentite_Brisee_et_Reconstruite_de_Selim_Fourniret\" >Conclusion : L&rsquo;Identit\u00e9 Bris\u00e9e et Reconstruite de S\u00e9lim Fourniret<\/a><\/li><\/ul><\/nav><\/div>\n<h3 class=\"wp-block-heading\" id=\"h-points-a-retenir\"><span class=\"ez-toc-section\" id=\"Points_a_retenir\"><\/span>Points \u00e0 retenir :<span class=\"ez-toc-section-end\"><\/span><\/h3>\n\n\n\n<ul class=\"wp-block-list\">\n<li>Selim Fourniret, le fils de Monique Olivier et de Michel Fourniret, est accus\u00e9 de tentative de viol sur une mineure de 16 ans.<\/li>\n\n\n\n<li>Selim Fourniret vit dans le sud de la France et a chang\u00e9 de nom.<\/li>\n\n\n\n<li>Il a r\u00e9cemment \u00e9t\u00e9 mis en examen pour agression sexuelle et tentative de viol.<\/li>\n\n\n\n<li>Son t\u00e9moignage au proc\u00e8s de sa m\u00e8re a \u00e9t\u00e9 attendu comme un \u00e9l\u00e9ment cl\u00e9.<\/li>\n\n\n\n<li>Il a exprim\u00e9 publiquement son d\u00e9sir de ne plus \u00eatre associ\u00e9 \u00e0 sa m\u00e8re, Monique Olivier.<\/li>\n\n\n\n<li>Son t\u00e9moignage a \u00e9t\u00e9 marqu\u00e9 par sa volont\u00e9 de montrer le \u00ab\u00a0vrai visage\u00a0\u00bb de sa m\u00e8re.<\/li>\n<\/ul>\n\n\n\n<h2 class=\"wp-block-heading\" id=\"h-portrait-de-selim-fourniret-la-quete-d-identite-d-un-fils-marque-par-le-scandale\"><span class=\"ez-toc-section\" id=\"Portrait_de_Selim_Fourniret_La_Quete_dIdentite_dun_Fils_Marque_par_le_Scandale\"><\/span>Portrait de S\u00e9lim Fourniret : La Qu\u00eate d&rsquo;Identit\u00e9 d&rsquo;un Fils Marqu\u00e9 par le Scandale<span class=\"ez-toc-section-end\"><\/span><\/h2>\n\n\n\n<h3 class=\"wp-block-heading\" id=\"h-qui-est-selim-fourniret\"><span class=\"ez-toc-section\" id=\"Qui_est_Selim_Fourniret\"><\/span>Qui est S\u00e9lim Fourniret ?<span class=\"ez-toc-section-end\"><\/span><\/h3>\n\n\n\n<p>S\u00e9lim Fourniret, le nom \u00e9voque imm\u00e9diatement une histoire familiale tragique qui a marqu\u00e9 la France. Fils unique de Monique Olivier et de Michel Fourniret, son identit\u00e9 est inextricablement li\u00e9e \u00e0 celle de ses parents, connus pour leurs crimes abominables. N\u00e9anmoins, <strong>S\u00e9lim Fourniret<\/strong> aspire \u00e0 un destin diff\u00e9rent, loin de l&rsquo;ombre sinistre de son p\u00e8re, surnomm\u00e9 \u00ab\u00a0L&rsquo;ogre des Ardennes\u00a0\u00bb. Il a choisi de vivre <strong>dans le sud de la France<\/strong>, un choix repr\u00e9sentant peut-\u00eatre une volont\u00e9 de se d\u00e9tacher g\u00e9ographiquement et symboliquement du pass\u00e9.<\/p>\n\n\n\n<h3 class=\"wp-block-heading\" id=\"h-la-tentative-de-dissociation-d-avec-un-heritage-familial-encombrant\"><span class=\"ez-toc-section\" id=\"La_Tentative_de_Dissociation_davec_un_Heritage_Familial_Encombrant\"><\/span>La Tentative de Dissociation d&rsquo;avec un H\u00e9ritage Familial Encombrant<span class=\"ez-toc-section-end\"><\/span><\/h3>\n\n\n\n<p>Dans sa tentative de s\u00e9paration d&rsquo;avec le legs de ses parents, S\u00e9lim a chang\u00e9 de nom et a exprim\u00e9 publiquement son d\u00e9sir de ne plus \u00eatre associ\u00e9 \u00e0 sa m\u00e8re, <strong>Monique Olivier<\/strong>. Il a franchi un seuil critique lorsqu&rsquo;il a d\u00e9cid\u00e9 de t\u00e9moigner au proc\u00e8s de sa m\u00e8re, un moment poignant o\u00f9 il a tent\u00e9 de r\u00e9v\u00e9ler le \u00ab\u00a0vrai visage\u00a0\u00bb de celle qui a \u00e9t\u00e9 complice des crimes de Michel Fourniret. Pourtant, malgr\u00e9 ses efforts d&rsquo;anonymat et de rupture, le destin semble le rattraper avec les accusations de tentative de viol sur une mineure qui p\u00e8sent sur lui.<\/p>\n\n\n\n<h3 class=\"wp-block-heading\" id=\"h-les-repercussions-psychologiques-de-la-notoriete-criminelle-parentale\"><span class=\"ez-toc-section\" id=\"Les_Repercussions_Psychologiques_de_la_Notoriete_Criminelle_Parentale\"><\/span>Les R\u00e9percussions Psychologiques de la Notori\u00e9t\u00e9 Criminelle Parentale<span class=\"ez-toc-section-end\"><\/span><\/h3>\n\n\n\n<p>La question se pose : quels sont les impacts psychologiques pour un enfant qui a v\u00e9cu sous le toit de \u00ab\u00a0parents-acteurs\u00a0\u00bb, dissimulant une r\u00e9alit\u00e9 macabre derri\u00e8re une fa\u00e7ade de normalit\u00e9 ? Pour S\u00e9lim, ce fut une enfance et une adolescence marqu\u00e9es par le mensonge et le secret. Son t\u00e9moignage au proc\u00e8s de sa m\u00e8re est r\u00e9v\u00e9lateur de ces ann\u00e9es de duplicit\u00e9, o\u00f9 il a tent\u00e9 de d\u00e9masquer la v\u00e9ritable nature de Monique Olivier devant la cour.<\/p>\n\n\n\n<h3 class=\"wp-block-heading\" id=\"h-le-proces-de-monique-olivier-et-la-declaration-de-selim-fourniret\"><span class=\"ez-toc-section\" id=\"Le_Proces_de_Monique_Olivier_et_la_Declaration_de_Selim_Fourniret\"><\/span>Le Proc\u00e8s de Monique Olivier et la D\u00e9claration de S\u00e9lim Fourniret<span class=\"ez-toc-section-end\"><\/span><\/h3>\n\n\n\n<p>Lors du proc\u00e8s de Monique Olivier, l&rsquo;attention s&rsquo;est port\u00e9e sur S\u00e9lim, qui, bien que grim\u00e9 pour prot\u00e9ger son identit\u00e9, a confront\u00e9 sa m\u00e8re avec d\u00e9sespoir et r\u00e9solution. Son apparition en visioconf\u00e9rence a \u00e9t\u00e9 un moment d&rsquo;une intensit\u00e9 rare, o\u00f9 il a somm\u00e9 sa m\u00e8re de montrer son \u00ab\u00a0vrai visage\u00a0\u00bb et de s&rsquo;expliquer sur ses actes. Cette interaction a \u00e9t\u00e9 un instant sid\u00e9rant, r\u00e9v\u00e9lant \u00e0 la fois la d\u00e9termination de S\u00e9lim \u00e0 faire face \u00e0 la v\u00e9rit\u00e9 et la complexit\u00e9 des liens familiaux bris\u00e9s par des crimes inimaginables.<\/p>\n\n\n\n<h3 class=\"wp-block-heading\" id=\"h-la-vie-de-selim-fourniret-aujourd-hui-entre-accusations-et-quete-de-normalite\"><span class=\"ez-toc-section\" id=\"La_Vie_de_Selim_Fourniret_Aujourdhui_Entre_Accusations_et_Quete_de_Normalite\"><\/span>La Vie de S\u00e9lim Fourniret Aujourd&rsquo;hui : Entre Accusations et Qu\u00eate de Normalit\u00e9<span class=\"ez-toc-section-end\"><\/span><\/h3>\n\n\n\n<p>Malgr\u00e9 son souhait de tourner la page, <strong>S\u00e9lim Fourniret est<\/strong> \u00e0 nouveau sous les projecteurs suite \u00e0 des accusations graves. Cette situation soul\u00e8ve des interrogations sur la notion de cycle familial de la violence et sur les d\u00e9fis rencontr\u00e9s par ceux qui cherchent \u00e0 \u00e9chapper \u00e0 l&rsquo;influence d&rsquo;un environnement toxique. S\u00e9lim est-il victime de son h\u00e9ritage ou est-il ma\u00eetre de son destin ? Son parcours est un t\u00e9moignage poignant de la lutte pour la r\u00e9demption et la normalit\u00e9.<\/p>\n\n\n\n<h2 class=\"wp-block-heading\" id=\"h-la-quete-d-anonymat-et-de-reinvention\"><span class=\"ez-toc-section\" id=\"La_Quete_dAnonymat_et_de_Reinvention\"><\/span>La Qu\u00eate d&rsquo;Anonymat et de R\u00e9invention<span class=\"ez-toc-section-end\"><\/span><\/h2>\n\n\n\n<h3 class=\"wp-block-heading\" id=\"h-le-changement-de-nom-une-demarche-de-rupture\"><span class=\"ez-toc-section\" id=\"Le_Changement_de_Nom_Une_Demarche_de_Rupture\"><\/span>Le Changement de Nom : Une D\u00e9marche de Rupture<span class=\"ez-toc-section-end\"><\/span><\/h3>\n\n\n\n<p>La d\u00e9cision de S\u00e9lim de changer son nom est hautement symbolique. Elle repr\u00e9sente une tentative de s&rsquo;affranchir de l&rsquo;h\u00e9ritage toxique de ses parents et de commencer un nouveau chapitre de sa vie sous une identit\u00e9 propre. Ce geste est r\u00e9v\u00e9lateur de la qu\u00eate d&rsquo;anonymat et du d\u00e9sir de protection contre le jugement et le pr\u00e9jug\u00e9 public.<\/p>\n\n\n\n<h3 class=\"wp-block-heading\" id=\"h-le-temoignage-au-proces-un-acte-de-courage\"><span class=\"ez-toc-section\" id=\"Le_Temoignage_au_Proces_Un_Acte_de_Courage\"><\/span>Le T\u00e9moignage au Proc\u00e8s : Un Acte de Courage<span class=\"ez-toc-section-end\"><\/span><\/h3>\n\n\n\n<p>En choisissant de t\u00e9moigner contre sa m\u00e8re, S\u00e9lim a fait preuve d&rsquo;un courage remarquable. Il a os\u00e9 se confronter au pass\u00e9 et a tent\u00e9 de contribuer \u00e0 l&rsquo;\u00e9tablissement de la justice. Ce t\u00e9moignage est un acte lib\u00e9rateur qui lui permet de se distancer de l&rsquo;identit\u00e9 que ses parents lui avaient impos\u00e9e et de se forger sa propre voie.<\/p>\n\n\n\n<h3 class=\"wp-block-heading\" id=\"h-les-defis-de-l-anonymat-et-de-la-reinvention-de-soi\"><span class=\"ez-toc-section\" id=\"Les_Defis_de_lAnonymat_et_de_la_Reinvention_de_Soi\"><\/span>Les D\u00e9fis de l&rsquo;Anonymat et de la R\u00e9invention de Soi<span class=\"ez-toc-section-end\"><\/span><\/h3>\n\n\n\n<p>Vivre sous une nouvelle identit\u00e9 n&rsquo;est pas sans d\u00e9fis. S\u00e9lim doit naviguer dans un monde o\u00f9 son pass\u00e9 est constamment \u00e0 la lisi\u00e8re de son pr\u00e9sent. La r\u00e9invention de soi implique la construction d&rsquo;une nouvelle image publique tout en g\u00e9rant la complexit\u00e9 des relations familiales et le poids des accusations actuelles.<\/p>\n\n\n\n<h2 class=\"wp-block-heading\" id=\"h-le-regard-de-la-societe-sur-selim-fourniret\"><span class=\"ez-toc-section\" id=\"Le_Regard_de_la_Societe_sur_Selim_Fourniret\"><\/span>Le Regard de la Soci\u00e9t\u00e9 sur S\u00e9lim Fourniret<span class=\"ez-toc-section-end\"><\/span><\/h2>\n\n\n\n<h3 class=\"wp-block-heading\" id=\"h-selim-fourniret-et-le-poids-de-l-heritage-familial\"><span class=\"ez-toc-section\" id=\"Selim_Fourniret_et_le_Poids_de_lHeritage_Familial\"><\/span>S\u00e9lim Fourniret et le Poids de l&rsquo;H\u00e9ritage Familial<span class=\"ez-toc-section-end\"><\/span><\/h3>\n\n\n\n<p>La soci\u00e9t\u00e9 a tendance \u00e0 associer les enfants \u00e0 leurs parents, surtout lorsque ces derniers sont impliqu\u00e9s dans des affaires aussi notoires. Malgr\u00e9 ses tentatives de se distancier, S\u00e9lim reste aux yeux de beaucoup l&rsquo;enfant de Monique Olivier et Michel Fourniret. Il est confront\u00e9 \u00e0 un combat permanent pour se d\u00e9faire de cette image et pour \u00eatre jug\u00e9 pour ce qu&rsquo;il est, plut\u00f4t que pour les crimes de ses parents.<\/p>\n\n\n\n<h3 class=\"wp-block-heading\" id=\"h-la-perception-publique-de-la-tentative-de-viol\"><span class=\"ez-toc-section\" id=\"La_Perception_Publique_de_la_Tentative_de_Viol\"><\/span>La Perception Publique de la Tentative de Viol<span class=\"ez-toc-section-end\"><\/span><\/h3>\n\n\n\n<p>Les accusations r\u00e9centes de tentative de viol port\u00e9es contre S\u00e9lim ont r\u00e9activ\u00e9 les d\u00e9bats sur les dynamiques familiales et sur la question de savoir si le pass\u00e9 d&rsquo;une personne peut pr\u00e9dire son futur. Ces accusations ont \u00e9galement renforc\u00e9 l&rsquo;int\u00e9r\u00eat du public pour sa vie, rendant sa qu\u00eate d&rsquo;anonymat encore plus difficile.<\/p>\n\n\n\n<h3 class=\"wp-block-heading\" id=\"h-la-complexite-de-l-empathie-envers-selim-fourniret\"><span class=\"ez-toc-section\" id=\"La_Complexite_de_lEmpathie_envers_Selim_Fourniret\"><\/span>La Complexit\u00e9 de l&rsquo;Empathie envers S\u00e9lim Fourniret<span class=\"ez-toc-section-end\"><\/span><\/h3>\n\n\n\n<p>Il est complexe pour le public de ressentir de l&#8217;empathie pour quelqu&rsquo;un directement li\u00e9 \u00e0 des crimes si horribles, et cette complexit\u00e9 s&rsquo;accro\u00eet encore avec les r\u00e9centes all\u00e9gations. Pourtant, S\u00e9lim incarne \u00e9galement une figure tragique, celle d&rsquo;un individu luttant pour se d\u00e9faire d&rsquo;un pass\u00e9 qui n&rsquo;est pas le sien. C&rsquo;est une nuance que la soci\u00e9t\u00e9 peine \u00e0 saisir dans son ensemble.<\/p>\n\n\n\n<h2 class=\"wp-block-heading\" id=\"h-conclusion-l-identite-brisee-et-reconstruite-de-selim-fourniret\"><span class=\"ez-toc-section\" id=\"Conclusion_LIdentite_Brisee_et_Reconstruite_de_Selim_Fourniret\"><\/span>Conclusion : L&rsquo;Identit\u00e9 Bris\u00e9e et Reconstruite de S\u00e9lim Fourniret<span class=\"ez-toc-section-end\"><\/span><\/h2>\n\n\n\n<p>La vie de S\u00e9lim Fourniret est marqu\u00e9e par un h\u00e9ritage familial lourd et par une qu\u00eate incessante de normalit\u00e9 et d&rsquo;anonymat. Son parcours est un miroir des dynamiques les plus sombres de la soci\u00e9t\u00e9 et de la question universelle de l&rsquo;identit\u00e9 et de la r\u00e9demption. Alors que S\u00e9lim continue de faire face aux d\u00e9fis de son nom et de son histoire, son histoire personnelle reste un r\u00e9cit inachev\u00e9 de r\u00e9silience et de recherche de paix int\u00e9rieure.<\/p>\n\n\n\n<p><strong>Que devient Selim Fourniret, le fils de Monique Olivier et de Michel Fourniret, le tueur en s\u00e9rie d\u00e9c\u00e9d\u00e9 en mai 2021 qui \u00e9tait surnomm\u00e9 \u00ab\u00a0L&rsquo;ogre des Ardennes\u00a0\u00bb ?<\/strong><br>Selim Fourniret vit dans le sud de la France et a r\u00e9cemment \u00e9t\u00e9 mis en examen pour agression sexuelle et tentative de viol.<\/p>\n\n\n\n<p><strong>O\u00f9 vit Selim Olivier ?<\/strong><br>Son fils S\u00e9lim vit dans le sud de la France.<\/p>\n\n\n\n<p><strong>Qui est la m\u00e8re de Selim Fourniret ?<\/strong><br>La m\u00e8re de Selim Fourniret est Monique Olivier.<\/p>\n\n\n\n<p><strong>Qui est le p\u00e8re de Selim Olivier ?<\/strong><br>Le p\u00e8re de Selim Fourniret est Michel Fourniret.<\/p>\n\n\n\n<p><strong>Qu&rsquo;est-ce qu&rsquo;est devenu Selim Fourniret ?<\/strong><br>S\u00e9lim Fourniret, le fils de Monique Olivier et de Michel Fourniret, est accus\u00e9 de tentative de viol sur une mineure de 16 ans.<\/p>\n","protected":false},"excerpt":{"rendered":"<p>D\u00e9couvrez le visage m\u00e9connu de S\u00e9lim Fourniret, fils d&rsquo;une des figures les plus sombres de l&rsquo;histoire criminelle. De la qu\u00eate d&rsquo;anonymat \u00e0 la tentative de r\u00e9invention, plongez dans l&rsquo;identit\u00e9 bris\u00e9e et reconstruite d&rsquo;un homme marqu\u00e9 par le scandale. Entre courage, d\u00e9fis et poids de l&rsquo;h\u00e9ritage familial, explorez la complexit\u00e9 de la vie de S\u00e9lim Fourniret [&hellip;]<\/p>\n","protected":false},"author":8,"featured_media":163637,"comment_status":"open","ping_status":"open","sticky":false,"template":"","format":"standard","meta":{"tdm_status":"","tdm_grid_status":"","_jetpack_memberships_contains_paid_content":false,"footnotes":"","jetpack_publicize_message":"","jetpack_publicize_feature_enabled":true,"jetpack_social_post_already_shared":false,"jetpack_social_options":{"image_generator_settings":{"template":"highway","default_image_id":0,"font":"","enabled":false},"version":2}},"categories":[79],"tags":[],"class_list":["post-107241","post","type-post","status-publish","format-standard","has-post-thumbnail","hentry","category-people"],"yoast_head":"<!-- This site is optimized with the Yoast SEO Premium plugin v25.0 (Yoast SEO v25.0) - https:\/\/yoast.com\/wordpress\/plugins\/seo\/ -->\n<title>Portrait d&#039;Olivier Selim Fourniret : La Qu\u00eate d&#039;Identit\u00e9 d&#039;un Fils Marqu\u00e9 par le Scandale - Flashmode Magazine | Magazine de mode et style de vie Num\u00e9ro un en Tunisie et au Maghreb<\/title>\n<meta name=\"description\" content=\"D\u00e9couvrez le visage m\u00e9connu de S\u00e9lim Fourniret, fils d&#039;une des figures les plus sombres de l&#039;histoire criminelle. De la qu\u00eate d&#039;anonymat \u00e0 la tentative de\" \/>\n<meta name=\"robots\" content=\"index, follow, max-snippet:-1, max-image-preview:large, max-video-preview:-1\" \/>\n<link rel=\"canonical\" href=\"https:\/\/flashmode.tn\/magazine\/olivier-selim-fourniret-visage\/\" \/>\n<meta property=\"og:locale\" content=\"fr_FR\" \/>\n<meta property=\"og:type\" content=\"article\" \/>\n<meta property=\"og:title\" content=\"Portrait d&#039;Olivier Selim Fourniret : La Qu\u00eate d&#039;Identit\u00e9 d&#039;un Fils Marqu\u00e9 par le Scandale - Flashmode Magazine | Magazine de mode et style de vie Num\u00e9ro un en Tunisie et au Maghreb\" \/>\n<meta property=\"og:description\" content=\"D\u00e9couvrez le visage m\u00e9connu de S\u00e9lim Fourniret, fils d&#039;une des figures les plus sombres de l&#039;histoire criminelle. De la qu\u00eate d&#039;anonymat \u00e0 la tentative de\" \/>\n<meta property=\"og:url\" content=\"https:\/\/flashmode.tn\/magazine\/olivier-selim-fourniret-visage\/\" \/>\n<meta property=\"og:site_name\" content=\"Flashmode Magazine | Magazine de mode et style de vie Num\u00e9ro un en Tunisie et au Maghreb\" \/>\n<meta property=\"article:publisher\" content=\"https:\/\/www.facebook.com\/flashmode.magazine\/\" \/>\n<meta property=\"article:published_time\" content=\"2024-03-12T02:21:55+00:00\" \/>\n<meta property=\"article:modified_time\" content=\"2024-04-18T09:33:02+00:00\" \/>\n<meta property=\"og:image\" content=\"https:\/\/flashmode.tn\/magazine\/wp-content\/uploads\/2024\/03\/Portrait-dOlivier-Selim-Fourniret-La-Quete-dIdentite-dun-Fils-Marque-par-le-Scandale.png\" \/>\n\t<meta property=\"og:image:width\" content=\"1640\" \/>\n\t<meta property=\"og:image:height\" content=\"924\" \/>\n\t<meta property=\"og:image:type\" content=\"image\/png\" \/>\n<meta name=\"author\" content=\"The Daileigh\" \/>\n<meta name=\"twitter:card\" content=\"summary_large_image\" \/>\n<meta name=\"twitter:creator\" content=\"@agenceflashmode\" \/>\n<meta name=\"twitter:site\" content=\"@agenceflashmode\" \/>\n<meta name=\"twitter:label1\" content=\"\u00c9crit par\" \/>\n\t<meta name=\"twitter:data1\" content=\"The Daileigh\" \/>\n\t<meta name=\"twitter:label2\" content=\"Dur\u00e9e de lecture estim\u00e9e\" \/>\n\t<meta name=\"twitter:data2\" content=\"7 minutes\" \/>\n<script type=\"application\/ld+json\" class=\"yoast-schema-graph\">{\"@context\":\"https:\/\/schema.org\",\"@graph\":[{\"@type\":\"WebPage\",\"@id\":\"https:\/\/flashmode.tn\/magazine\/olivier-selim-fourniret-visage\/\",\"url\":\"https:\/\/flashmode.tn\/magazine\/olivier-selim-fourniret-visage\/\",\"name\":\"Portrait d'Olivier Selim Fourniret : La Qu\u00eate d'Identit\u00e9 d'un Fils Marqu\u00e9 par le Scandale - Flashmode Magazine | Magazine de mode et style de vie Num\u00e9ro un en Tunisie et au Maghreb\",\"isPartOf\":{\"@id\":\"https:\/\/flashmode.tn\/magazine\/#website\"},\"primaryImageOfPage\":{\"@id\":\"https:\/\/flashmode.tn\/magazine\/olivier-selim-fourniret-visage\/#primaryimage\"},\"image\":{\"@id\":\"https:\/\/flashmode.tn\/magazine\/olivier-selim-fourniret-visage\/#primaryimage\"},\"thumbnailUrl\":\"https:\/\/i0.wp.com\/flashmode.tn\/magazine\/wp-content\/uploads\/2024\/03\/Portrait-dOlivier-Selim-Fourniret-La-Quete-dIdentite-dun-Fils-Marque-par-le-Scandale.png?fit=1640%2C924&ssl=1\",\"datePublished\":\"2024-03-12T02:21:55+00:00\",\"dateModified\":\"2024-04-18T09:33:02+00:00\",\"author\":{\"@id\":\"https:\/\/flashmode.tn\/magazine\/#\/schema\/person\/79940f8af94166a445dd5bd6b3137682\"},\"description\":\"D\u00e9couvrez le visage m\u00e9connu de S\u00e9lim Fourniret, fils d'une des figures les plus sombres de l'histoire criminelle. De la qu\u00eate d'anonymat \u00e0 la tentative de\",\"breadcrumb\":{\"@id\":\"https:\/\/flashmode.tn\/magazine\/olivier-selim-fourniret-visage\/#breadcrumb\"},\"inLanguage\":\"fr-FR\",\"potentialAction\":[{\"@type\":\"ReadAction\",\"target\":[\"https:\/\/flashmode.tn\/magazine\/olivier-selim-fourniret-visage\/\"]}]},{\"@type\":\"ImageObject\",\"inLanguage\":\"fr-FR\",\"@id\":\"https:\/\/flashmode.tn\/magazine\/olivier-selim-fourniret-visage\/#primaryimage\",\"url\":\"https:\/\/i0.wp.com\/flashmode.tn\/magazine\/wp-content\/uploads\/2024\/03\/Portrait-dOlivier-Selim-Fourniret-La-Quete-dIdentite-dun-Fils-Marque-par-le-Scandale.png?fit=1640%2C924&ssl=1\",\"contentUrl\":\"https:\/\/i0.wp.com\/flashmode.tn\/magazine\/wp-content\/uploads\/2024\/03\/Portrait-dOlivier-Selim-Fourniret-La-Quete-dIdentite-dun-Fils-Marque-par-le-Scandale.png?fit=1640%2C924&ssl=1\",\"width\":1640,\"height\":924,\"caption\":\"Portrait d'Olivier Selim Fourniret : La Qu\u00eate d'Identit\u00e9 d'un Fils Marqu\u00e9 par le Scandale\"},{\"@type\":\"BreadcrumbList\",\"@id\":\"https:\/\/flashmode.tn\/magazine\/olivier-selim-fourniret-visage\/#breadcrumb\",\"itemListElement\":[{\"@type\":\"ListItem\",\"position\":1,\"name\":\"Accueil\",\"item\":\"https:\/\/flashmode.tn\/magazine\/\"},{\"@type\":\"ListItem\",\"position\":2,\"name\":\"Portrait d&rsquo;Olivier Selim Fourniret : La Qu\u00eate d&rsquo;Identit\u00e9 d&rsquo;un Fils Marqu\u00e9 par le Scandale\"}]},{\"@type\":\"WebSite\",\"@id\":\"https:\/\/flashmode.tn\/magazine\/#website\",\"url\":\"https:\/\/flashmode.tn\/magazine\/\",\"name\":\"Flashmode Magazine | Magazine de mode et style de vie Num\u00e9ro un en Tunisie et au Maghreb\",\"description\":\"Magazine de mode et style de vie Num\u00e9ro un en Tunisie et au Maghreb, cr\u00e9\u00e9 pour les hommes et les femmes : conseils beaut\u00e9, mode femme, mode homme, recettes de cuisine, c\u00e9l\u00e9brit\u00e9s et people, mannequins et top modeles\",\"potentialAction\":[{\"@type\":\"SearchAction\",\"target\":{\"@type\":\"EntryPoint\",\"urlTemplate\":\"https:\/\/flashmode.tn\/magazine\/?s={search_term_string}\"},\"query-input\":{\"@type\":\"PropertyValueSpecification\",\"valueRequired\":true,\"valueName\":\"search_term_string\"}}],\"inLanguage\":\"fr-FR\"},{\"@type\":\"Person\",\"@id\":\"https:\/\/flashmode.tn\/magazine\/#\/schema\/person\/79940f8af94166a445dd5bd6b3137682\",\"name\":\"The Daileigh\",\"image\":{\"@type\":\"ImageObject\",\"inLanguage\":\"fr-FR\",\"@id\":\"https:\/\/flashmode.tn\/magazine\/#\/schema\/person\/image\/\",\"url\":\"https:\/\/secure.gravatar.com\/avatar\/30d4d60865d61de3434abd01cb8b4ec5e5b5eb5a274017461832a54857b1770d?s=96&d=mm&r=g\",\"contentUrl\":\"https:\/\/secure.gravatar.com\/avatar\/30d4d60865d61de3434abd01cb8b4ec5e5b5eb5a274017461832a54857b1770d?s=96&d=mm&r=g\",\"caption\":\"The Daileigh\"},\"url\":\"https:\/\/flashmode.tn\/magazine\/author\/the-daileigh\/\"}]}<\/script>\n<!-- \/ Yoast SEO Premium plugin. -->","yoast_head_json":{"title":"Portrait d'Olivier Selim Fourniret : La Qu\u00eate d'Identit\u00e9 d'un Fils Marqu\u00e9 par le Scandale - Flashmode Magazine | Magazine de mode et style de vie Num\u00e9ro un en Tunisie et au Maghreb","description":"D\u00e9couvrez le visage m\u00e9connu de S\u00e9lim Fourniret, fils d'une des figures les plus sombres de l'histoire criminelle. De la qu\u00eate d'anonymat \u00e0 la tentative de","robots":{"index":"index","follow":"follow","max-snippet":"max-snippet:-1","max-image-preview":"max-image-preview:large","max-video-preview":"max-video-preview:-1"},"canonical":"https:\/\/flashmode.tn\/magazine\/olivier-selim-fourniret-visage\/","og_locale":"fr_FR","og_type":"article","og_title":"Portrait d'Olivier Selim Fourniret : La Qu\u00eate d'Identit\u00e9 d'un Fils Marqu\u00e9 par le Scandale - Flashmode Magazine | Magazine de mode et style de vie Num\u00e9ro un en Tunisie et au Maghreb","og_description":"D\u00e9couvrez le visage m\u00e9connu de S\u00e9lim Fourniret, fils d'une des figures les plus sombres de l'histoire criminelle. De la qu\u00eate d'anonymat \u00e0 la tentative de","og_url":"https:\/\/flashmode.tn\/magazine\/olivier-selim-fourniret-visage\/","og_site_name":"Flashmode Magazine | Magazine de mode et style de vie Num\u00e9ro un en Tunisie et au Maghreb","article_publisher":"https:\/\/www.facebook.com\/flashmode.magazine\/","article_published_time":"2024-03-12T02:21:55+00:00","article_modified_time":"2024-04-18T09:33:02+00:00","og_image":[{"width":1640,"height":924,"url":"https:\/\/flashmode.tn\/magazine\/wp-content\/uploads\/2024\/03\/Portrait-dOlivier-Selim-Fourniret-La-Quete-dIdentite-dun-Fils-Marque-par-le-Scandale.png","type":"image\/png"}],"author":"The Daileigh","twitter_card":"summary_large_image","twitter_creator":"@agenceflashmode","twitter_site":"@agenceflashmode","twitter_misc":{"\u00c9crit par":"The Daileigh","Dur\u00e9e de lecture estim\u00e9e":"7 minutes"},"schema":{"@context":"https:\/\/schema.org","@graph":[{"@type":"WebPage","@id":"https:\/\/flashmode.tn\/magazine\/olivier-selim-fourniret-visage\/","url":"https:\/\/flashmode.tn\/magazine\/olivier-selim-fourniret-visage\/","name":"Portrait d'Olivier Selim Fourniret : La Qu\u00eate d'Identit\u00e9 d'un Fils Marqu\u00e9 par le Scandale - Flashmode Magazine | Magazine de mode et style de vie Num\u00e9ro un en Tunisie et au Maghreb","isPartOf":{"@id":"https:\/\/flashmode.tn\/magazine\/#website"},"primaryImageOfPage":{"@id":"https:\/\/flashmode.tn\/magazine\/olivier-selim-fourniret-visage\/#primaryimage"},"image":{"@id":"https:\/\/flashmode.tn\/magazine\/olivier-selim-fourniret-visage\/#primaryimage"},"thumbnailUrl":"https:\/\/i0.wp.com\/flashmode.tn\/magazine\/wp-content\/uploads\/2024\/03\/Portrait-dOlivier-Selim-Fourniret-La-Quete-dIdentite-dun-Fils-Marque-par-le-Scandale.png?fit=1640%2C924&ssl=1","datePublished":"2024-03-12T02:21:55+00:00","dateModified":"2024-04-18T09:33:02+00:00","author":{"@id":"https:\/\/flashmode.tn\/magazine\/#\/schema\/person\/79940f8af94166a445dd5bd6b3137682"},"description":"D\u00e9couvrez le visage m\u00e9connu de S\u00e9lim Fourniret, fils d'une des figures les plus sombres de l'histoire criminelle. De la qu\u00eate d'anonymat \u00e0 la tentative de","breadcrumb":{"@id":"https:\/\/flashmode.tn\/magazine\/olivier-selim-fourniret-visage\/#breadcrumb"},"inLanguage":"fr-FR","potentialAction":[{"@type":"ReadAction","target":["https:\/\/flashmode.tn\/magazine\/olivier-selim-fourniret-visage\/"]}]},{"@type":"ImageObject","inLanguage":"fr-FR","@id":"https:\/\/flashmode.tn\/magazine\/olivier-selim-fourniret-visage\/#primaryimage","url":"https:\/\/i0.wp.com\/flashmode.tn\/magazine\/wp-content\/uploads\/2024\/03\/Portrait-dOlivier-Selim-Fourniret-La-Quete-dIdentite-dun-Fils-Marque-par-le-Scandale.png?fit=1640%2C924&ssl=1","contentUrl":"https:\/\/i0.wp.com\/flashmode.tn\/magazine\/wp-content\/uploads\/2024\/03\/Portrait-dOlivier-Selim-Fourniret-La-Quete-dIdentite-dun-Fils-Marque-par-le-Scandale.png?fit=1640%2C924&ssl=1","width":1640,"height":924,"caption":"Portrait d'Olivier Selim Fourniret : La Qu\u00eate d'Identit\u00e9 d'un Fils Marqu\u00e9 par le Scandale"},{"@type":"BreadcrumbList","@id":"https:\/\/flashmode.tn\/magazine\/olivier-selim-fourniret-visage\/#breadcrumb","itemListElement":[{"@type":"ListItem","position":1,"name":"Accueil","item":"https:\/\/flashmode.tn\/magazine\/"},{"@type":"ListItem","position":2,"name":"Portrait d&rsquo;Olivier Selim Fourniret : La Qu\u00eate d&rsquo;Identit\u00e9 d&rsquo;un Fils Marqu\u00e9 par le Scandale"}]},{"@type":"WebSite","@id":"https:\/\/flashmode.tn\/magazine\/#website","url":"https:\/\/flashmode.tn\/magazine\/","name":"Flashmode Magazine | Magazine de mode et style de vie Num\u00e9ro un en Tunisie et au Maghreb","description":"Magazine de mode et style de vie Num\u00e9ro un en Tunisie et au Maghreb, cr\u00e9\u00e9 pour les hommes et les femmes : conseils beaut\u00e9, mode femme, mode homme, recettes de cuisine, c\u00e9l\u00e9brit\u00e9s et people, mannequins et top modeles","potentialAction":[{"@type":"SearchAction","target":{"@type":"EntryPoint","urlTemplate":"https:\/\/flashmode.tn\/magazine\/?s={search_term_string}"},"query-input":{"@type":"PropertyValueSpecification","valueRequired":true,"valueName":"search_term_string"}}],"inLanguage":"fr-FR"},{"@type":"Person","@id":"https:\/\/flashmode.tn\/magazine\/#\/schema\/person\/79940f8af94166a445dd5bd6b3137682","name":"The Daileigh","image":{"@type":"ImageObject","inLanguage":"fr-FR","@id":"https:\/\/flashmode.tn\/magazine\/#\/schema\/person\/image\/","url":"https:\/\/secure.gravatar.com\/avatar\/30d4d60865d61de3434abd01cb8b4ec5e5b5eb5a274017461832a54857b1770d?s=96&d=mm&r=g","contentUrl":"https:\/\/secure.gravatar.com\/avatar\/30d4d60865d61de3434abd01cb8b4ec5e5b5eb5a274017461832a54857b1770d?s=96&d=mm&r=g","caption":"The Daileigh"},"url":"https:\/\/flashmode.tn\/magazine\/author\/the-daileigh\/"}]}},"jetpack_publicize_connections":[],"jetpack_featured_media_url":"https:\/\/i0.wp.com\/flashmode.tn\/magazine\/wp-content\/uploads\/2024\/03\/Portrait-dOlivier-Selim-Fourniret-La-Quete-dIdentite-dun-Fils-Marque-par-le-Scandale.png?fit=1640%2C924&ssl=1","jetpack_shortlink":"https:\/\/wp.me\/p8BPGr-rTH","jetpack_sharing_enabled":true,"_links":{"self":[{"href":"https:\/\/flashmode.tn\/magazine\/wp-json\/wp\/v2\/posts\/107241","targetHints":{"allow":["GET"]}}],"collection":[{"href":"https:\/\/flashmode.tn\/magazine\/wp-json\/wp\/v2\/posts"}],"about":[{"href":"https:\/\/flashmode.tn\/magazine\/wp-json\/wp\/v2\/types\/post"}],"author":[{"embeddable":true,"href":"https:\/\/flashmode.tn\/magazine\/wp-json\/wp\/v2\/users\/8"}],"replies":[{"embeddable":true,"href":"https:\/\/flashmode.tn\/magazine\/wp-json\/wp\/v2\/comments?post=107241"}],"version-history":[{"count":2,"href":"https:\/\/flashmode.tn\/magazine\/wp-json\/wp\/v2\/posts\/107241\/revisions"}],"predecessor-version":[{"id":163638,"href":"https:\/\/flashmode.tn\/magazine\/wp-json\/wp\/v2\/posts\/107241\/revisions\/163638"}],"wp:featuredmedia":[{"embeddable":true,"href":"https:\/\/flashmode.tn\/magazine\/wp-json\/wp\/v2\/media\/163637"}],"wp:attachment":[{"href":"https:\/\/flashmode.tn\/magazine\/wp-json\/wp\/v2\/media?parent=107241"}],"wp:term":[{"taxonomy":"category","embeddable":true,"href":"https:\/\/flashmode.tn\/magazine\/wp-json\/wp\/v2\/categories?post=107241"},{"taxonomy":"post_tag","embeddable":true,"href":"https:\/\/flashmode.tn\/magazine\/wp-json\/wp\/v2\/tags?post=107241"}],"curies":[{"name":"wp","href":"https:\/\/api.w.org\/{rel}","templated":true}]}}