{"id":10903,"date":"2024-06-09T07:10:32","date_gmt":"2024-06-09T05:10:32","guid":{"rendered":"https:\/\/flashmode.tn\/magazine\/?p=10903"},"modified":"2024-07-14T01:39:49","modified_gmt":"2024-07-13T23:39:49","slug":"est-ce-que-cest-la-fete-des-meres-aujourdhui","status":"publish","type":"post","link":"https:\/\/flashmode.tn\/magazine\/est-ce-que-cest-la-fete-des-meres-aujourdhui\/","title":{"rendered":"Est-ce que c&rsquo;est la f\u00eate des m\u00e8res aujourd&rsquo;hui ?"},"content":{"rendered":"<div id=\"ez-toc-container\" class=\"ez-toc-v2_0_81 counter-hierarchy ez-toc-counter ez-toc-grey ez-toc-container-direction\">\n<div class=\"ez-toc-title-container\">\n<p class=\"ez-toc-title\" style=\"cursor:inherit\">Contenus de la page<\/p>\n<span class=\"ez-toc-title-toggle\"><a href=\"#\" class=\"ez-toc-pull-right ez-toc-btn ez-toc-btn-xs ez-toc-btn-default ez-toc-toggle\" aria-label=\"Toggle Table of Content\"><span class=\"ez-toc-js-icon-con\"><span class=\"\"><span class=\"eztoc-hide\" style=\"display:none;\">Toggle<\/span><span class=\"ez-toc-icon-toggle-span\"><svg style=\"fill: #999;color:#999\" xmlns=\"http:\/\/www.w3.org\/2000\/svg\" class=\"list-377408\" width=\"20px\" height=\"20px\" viewBox=\"0 0 24 24\" fill=\"none\"><path d=\"M6 6H4v2h2V6zm14 0H8v2h12V6zM4 11h2v2H4v-2zm16 0H8v2h12v-2zM4 16h2v2H4v-2zm16 0H8v2h12v-2z\" fill=\"currentColor\"><\/path><\/svg><svg style=\"fill: #999;color:#999\" class=\"arrow-unsorted-368013\" xmlns=\"http:\/\/www.w3.org\/2000\/svg\" width=\"10px\" height=\"10px\" viewBox=\"0 0 24 24\" version=\"1.2\" baseProfile=\"tiny\"><path d=\"M18.2 9.3l-6.2-6.3-6.2 6.3c-.2.2-.3.4-.3.7s.1.5.3.7c.2.2.4.3.7.3h11c.3 0 .5-.1.7-.3.2-.2.3-.5.3-.7s-.1-.5-.3-.7zM5.8 14.7l6.2 6.3 6.2-6.3c.2-.2.3-.5.3-.7s-.1-.5-.3-.7c-.2-.2-.4-.3-.7-.3h-11c-.3 0-.5.1-.7.3-.2.2-.3.5-.3.7s.1.5.3.7z\"\/><\/svg><\/span><\/span><\/span><\/a><\/span><\/div>\n<nav><ul class='ez-toc-list ez-toc-list-level-1 ' ><li class='ez-toc-page-1 ez-toc-heading-level-2'><a class=\"ez-toc-link ez-toc-heading-1\" href=\"https:\/\/flashmode.tn\/magazine\/est-ce-que-cest-la-fete-des-meres-aujourdhui\/#Est-ce_que_cest_la_fete_des_meres_aujourdhui\" >Est-ce que c&rsquo;est la f\u00eate des m\u00e8res aujourd&rsquo;hui ?<\/a><ul class='ez-toc-list-level-3' ><li class='ez-toc-heading-level-3'><a class=\"ez-toc-link ez-toc-heading-2\" href=\"https:\/\/flashmode.tn\/magazine\/est-ce-que-cest-la-fete-des-meres-aujourdhui\/#Pourquoi_la_date_de_la_fete_des_meres_est_differente_en_France\" >Pourquoi la date de la f\u00eate des m\u00e8res est diff\u00e9rente en France ?<\/a><\/li><li class='ez-toc-page-1 ez-toc-heading-level-3'><a class=\"ez-toc-link ez-toc-heading-3\" href=\"https:\/\/flashmode.tn\/magazine\/est-ce-que-cest-la-fete-des-meres-aujourdhui\/#Pourquoi_differentes_dates_pour_la_fete_des_meres\" >Pourquoi diff\u00e9rentes dates pour la f\u00eate des m\u00e8res ?<\/a><\/li><li class='ez-toc-page-1 ez-toc-heading-level-3'><a class=\"ez-toc-link ez-toc-heading-4\" href=\"https:\/\/flashmode.tn\/magazine\/est-ce-que-cest-la-fete-des-meres-aujourdhui\/#Pourquoi_celebrer_la_fete_des_meres\" >Pourquoi c\u00e9l\u00e9brer la f\u00eate des m\u00e8res ?<\/a><\/li><li class='ez-toc-page-1 ez-toc-heading-level-3'><a class=\"ez-toc-link ez-toc-heading-5\" href=\"https:\/\/flashmode.tn\/magazine\/est-ce-que-cest-la-fete-des-meres-aujourdhui\/#Quelle_est_la_date_de_la_fete_des_meres_au_Cameroun\" >Quelle est la date de la f\u00eate des m\u00e8res au Cameroun ?<\/a><\/li><li class='ez-toc-page-1 ez-toc-heading-level-3'><a class=\"ez-toc-link ez-toc-heading-6\" href=\"https:\/\/flashmode.tn\/magazine\/est-ce-que-cest-la-fete-des-meres-aujourdhui\/#Qui_a_cree_la_fete_des_meres_en_France\" >Qui a cr\u00e9\u00e9 la f\u00eate des m\u00e8res en France ?<\/a><\/li><li class='ez-toc-page-1 ez-toc-heading-level-3'><a class=\"ez-toc-link ez-toc-heading-7\" href=\"https:\/\/flashmode.tn\/magazine\/est-ce-que-cest-la-fete-des-meres-aujourdhui\/#Qui_decide_de_la_date_de_la_fete_des_meres\" >Qui d\u00e9cide de la date de la f\u00eate des m\u00e8res ?<\/a><\/li><li class='ez-toc-page-1 ez-toc-heading-level-3'><a class=\"ez-toc-link ez-toc-heading-8\" href=\"https:\/\/flashmode.tn\/magazine\/est-ce-que-cest-la-fete-des-meres-aujourdhui\/#Comment_est_choisi_la_date_de_la_fete_des_meres\" >Comment est choisi la date de la f\u00eate des m\u00e8res ?<\/a><\/li><li class='ez-toc-page-1 ez-toc-heading-level-3'><a class=\"ez-toc-link ez-toc-heading-9\" href=\"https:\/\/flashmode.tn\/magazine\/est-ce-que-cest-la-fete-des-meres-aujourdhui\/#Quel_jour_se_trouve_la_fete_des_meres\" >Quel jour se trouve la f\u00eate des m\u00e8res ?<\/a><\/li><li class='ez-toc-page-1 ez-toc-heading-level-3'><a class=\"ez-toc-link ez-toc-heading-10\" href=\"https:\/\/flashmode.tn\/magazine\/est-ce-que-cest-la-fete-des-meres-aujourdhui\/#Pourquoi_la_fete_des_meres_est_en_juin_en_France\" >Pourquoi la f\u00eate des m\u00e8res est en juin en France ?<\/a><\/li><li class='ez-toc-page-1 ez-toc-heading-level-3'><a class=\"ez-toc-link ez-toc-heading-11\" href=\"https:\/\/flashmode.tn\/magazine\/est-ce-que-cest-la-fete-des-meres-aujourdhui\/#Pourquoi_la_fete_des_mere_le_7_juin\" >Pourquoi la f\u00eate des m\u00e8re le 7 juin ?<\/a><\/li><li class='ez-toc-page-1 ez-toc-heading-level-3'><a class=\"ez-toc-link ez-toc-heading-12\" href=\"https:\/\/flashmode.tn\/magazine\/est-ce-que-cest-la-fete-des-meres-aujourdhui\/#Pourquoi_la_fete_des_Meres_en_juin\" >Pourquoi la f\u00eate des M\u00e8res en juin ?<\/a><\/li><li class='ez-toc-page-1 ez-toc-heading-level-3'><a class=\"ez-toc-link ez-toc-heading-13\" href=\"https:\/\/flashmode.tn\/magazine\/est-ce-que-cest-la-fete-des-meres-aujourdhui\/#Comment_organiser_la_fete_des_meres\" >Comment organiser la f\u00eate des m\u00e8res ?<\/a><\/li><\/ul><\/li><\/ul><\/nav><\/div>\n<h2><span class=\"ez-toc-section\" id=\"Est-ce_que_cest_la_fete_des_meres_aujourdhui\"><\/span>Est-ce que c&rsquo;est la f\u00eate des m\u00e8res aujourd&rsquo;hui ?<span class=\"ez-toc-section-end\"><\/span><\/h2>\n<p>Vous \u00eates en train de vous demander si c&rsquo;est la f\u00eate des m\u00e8res aujourd&rsquo;hui ? C&rsquo;est une question que beaucoup de gens se posent, surtout \u00e0 l&rsquo;approche de cette date sp\u00e9ciale. La v\u00e9rit\u00e9 est que la date de la f\u00eate des m\u00e8res varie d&rsquo;un pays \u00e0 l&rsquo;autre, et m\u00eame au sein d&rsquo;un m\u00eame pays, il peut y avoir des exceptions.<\/p>\n<p>En France, la f\u00eate des m\u00e8res est c\u00e9l\u00e9br\u00e9e le dernier dimanche de mai, sauf si cette date co\u00efncide avec la Pentec\u00f4te. Dans ce cas, la f\u00eate est repouss\u00e9e au premier dimanche de juin. En 2023, la f\u00eate des m\u00e8res a eu lieu le dimanche 4 juin, car la Pentec\u00f4te est tomb\u00e9e le dernier dimanche de mai.<\/p>\n<h3><span class=\"ez-toc-section\" id=\"Pourquoi_la_date_de_la_fete_des_meres_est_differente_en_France\"><\/span>Pourquoi la date de la f\u00eate des m\u00e8res est diff\u00e9rente en France ?<span class=\"ez-toc-section-end\"><\/span><\/h3>\n<p>La date de la f\u00eate des m\u00e8res en France est le r\u00e9sultat d&rsquo;une histoire complexe et d&rsquo;une \u00e9volution des traditions. Au d\u00e9but du XXe si\u00e8cle, la f\u00eate des m\u00e8res n&rsquo;\u00e9tait pas encore une f\u00eate officielle en France. Elle \u00e9tait c\u00e9l\u00e9br\u00e9e de mani\u00e8re informelle dans certaines familles. <\/p>\n<p>En 1941, sous le r\u00e9gime de Vichy, le Mar\u00e9chal P\u00e9tain a d\u00e9cid\u00e9 d&rsquo;instaurer une \u00ab\u00a0journ\u00e9e nationale des m\u00e8res\u00a0\u00bb en hommage aux m\u00e8res fran\u00e7aises. La date choisie \u00e9tait le dernier dimanche de mai. Apr\u00e8s la guerre, la R\u00e9publique fran\u00e7aise a officialis\u00e9 la f\u00eate des m\u00e8res en 1950, en la fixant au dernier dimanche de mai. <\/p>\n<p>Cependant, en 1950, le pr\u00e9sident de la R\u00e9publique Vincent Auriol a d\u00e9cid\u00e9 de modifier la date de la f\u00eate des m\u00e8res pour \u00e9viter qu&rsquo;elle ne co\u00efncide avec la Pentec\u00f4te. La Pentec\u00f4te \u00e9tant une f\u00eate religieuse importante, il \u00e9tait jug\u00e9 inappropri\u00e9 de c\u00e9l\u00e9brer la f\u00eate des m\u00e8res le m\u00eame jour. Ainsi, la date de la f\u00eate des m\u00e8res a \u00e9t\u00e9 fix\u00e9e au premier dimanche de juin si le dernier dimanche de mai tombe sur la Pentec\u00f4te.<\/p>\n<h3><span class=\"ez-toc-section\" id=\"Pourquoi_differentes_dates_pour_la_fete_des_meres\"><\/span>Pourquoi diff\u00e9rentes dates pour la f\u00eate des m\u00e8res ?<span class=\"ez-toc-section-end\"><\/span><\/h3>\n<p>La date de la f\u00eate des m\u00e8res varie d&rsquo;un pays \u00e0 l&rsquo;autre car les traditions et les raisons de c\u00e9l\u00e9brer cette f\u00eate sont diff\u00e9rentes. En France, la f\u00eate des m\u00e8res est c\u00e9l\u00e9br\u00e9e en hommage aux m\u00e8res et \u00e0 leur r\u00f4le dans la soci\u00e9t\u00e9. Dans d&rsquo;autres pays, la f\u00eate des m\u00e8res est li\u00e9e \u00e0 des \u00e9v\u00e9nements religieux ou historiques.<\/p>\n<p>Par exemple, aux \u00c9tats-Unis, la f\u00eate des m\u00e8res est c\u00e9l\u00e9br\u00e9e le deuxi\u00e8me dimanche de mai en l&rsquo;honneur de la m\u00e8re de la fondatrice du mouvement pour la f\u00eate des m\u00e8res, Anna Jarvis. Au Royaume-Uni, la f\u00eate des m\u00e8res est c\u00e9l\u00e9br\u00e9e le quatri\u00e8me dimanche de Car\u00eame, une p\u00e9riode de je\u00fbne et de pri\u00e8re qui pr\u00e9c\u00e8de P\u00e2ques.<\/p>\n<h3><span class=\"ez-toc-section\" id=\"Pourquoi_celebrer_la_fete_des_meres\"><\/span>Pourquoi c\u00e9l\u00e9brer la f\u00eate des m\u00e8res ?<span class=\"ez-toc-section-end\"><\/span><\/h3>\n<p>La f\u00eate des m\u00e8res est une occasion de c\u00e9l\u00e9brer l&rsquo;amour, le soutien et les sacrifices que les m\u00e8res font pour leurs enfants. C&rsquo;est un jour pour leur montrer notre gratitude et notre affection. <\/p>\n<p>La f\u00eate des m\u00e8res est aussi une occasion de r\u00e9fl\u00e9chir au r\u00f4le des m\u00e8res dans la soci\u00e9t\u00e9. Les m\u00e8res sont souvent les piliers de la famille et jouent un r\u00f4le essentiel dans l&rsquo;\u00e9ducation et le bien-\u00eatre des enfants. Elles sont les premi\u00e8res \u00e0 leur apprendre l&rsquo;amour, la compassion et la moralit\u00e9.<\/p>\n<h3><span class=\"ez-toc-section\" id=\"Quelle_est_la_date_de_la_fete_des_meres_au_Cameroun\"><\/span>Quelle est la date de la f\u00eate des m\u00e8res au Cameroun ?<span class=\"ez-toc-section-end\"><\/span><\/h3>\n<p>Au Cameroun, la f\u00eate des m\u00e8res est c\u00e9l\u00e9br\u00e9e le dernier dimanche de mai, sauf si ce jour co\u00efncide avec la Pentec\u00f4te. Dans ce cas, la f\u00eate est repouss\u00e9e au premier dimanche de juin.<\/p>\n<p>La f\u00eate des m\u00e8res au Cameroun est une occasion importante pour les familles de se r\u00e9unir et de c\u00e9l\u00e9brer les m\u00e8res. Les enfants offrent souvent des cadeaux \u00e0 leurs m\u00e8res, comme des fleurs, des chocolats ou des bijoux.<\/p>\n<h3><span class=\"ez-toc-section\" id=\"Qui_a_cree_la_fete_des_meres_en_France\"><\/span>Qui a cr\u00e9\u00e9 la f\u00eate des m\u00e8res en France ?<span class=\"ez-toc-section-end\"><\/span><\/h3>\n<p>La f\u00eate des m\u00e8res en France a une histoire complexe qui remonte au d\u00e9but du XXe si\u00e8cle. Au d\u00e9but du si\u00e8cle, la f\u00eate des m\u00e8res n&rsquo;\u00e9tait pas encore une f\u00eate officielle en France. Elle \u00e9tait c\u00e9l\u00e9br\u00e9e de mani\u00e8re informelle dans certaines familles.<\/p>\n<p>En 1941, sous le r\u00e9gime de Vichy, le Mar\u00e9chal P\u00e9tain a d\u00e9cid\u00e9 d&rsquo;instaurer une \u00ab\u00a0journ\u00e9e nationale des m\u00e8res\u00a0\u00bb en hommage aux m\u00e8res fran\u00e7aises. La date choisie \u00e9tait le dernier dimanche de mai. Apr\u00e8s la guerre, la R\u00e9publique fran\u00e7aise a officialis\u00e9 la f\u00eate des m\u00e8res en 1950, en la fixant au dernier dimanche de mai.<\/p>\n<h3><span class=\"ez-toc-section\" id=\"Qui_decide_de_la_date_de_la_fete_des_meres\"><\/span>Qui d\u00e9cide de la date de la f\u00eate des m\u00e8res ?<span class=\"ez-toc-section-end\"><\/span><\/h3>\n<p>La date de la f\u00eate des m\u00e8res en France est fix\u00e9e par la loi. Le pr\u00e9sident de la R\u00e9publique Vincent Auriol a promulgu\u00e9 une loi en 1950 qui fixait la date de la f\u00eate des m\u00e8res au dernier dimanche de mai. Cependant, cette loi pr\u00e9voyait \u00e9galement que la f\u00eate des m\u00e8res soit report\u00e9e au premier dimanche de juin si la Pentec\u00f4te tombait le dernier dimanche de mai.<\/p>\n<h3><span class=\"ez-toc-section\" id=\"Comment_est_choisi_la_date_de_la_fete_des_meres\"><\/span>Comment est choisi la date de la f\u00eate des m\u00e8res ?<span class=\"ez-toc-section-end\"><\/span><\/h3>\n<p>La date de la f\u00eate des m\u00e8res est choisie de mani\u00e8re \u00e0 \u00e9viter qu&rsquo;elle ne co\u00efncide avec la Pentec\u00f4te, une f\u00eate religieuse importante.  La loi de 1950 a \u00e9t\u00e9 mise en place pour s&rsquo;assurer que la f\u00eate des m\u00e8res soit c\u00e9l\u00e9br\u00e9e \u00e0 une date qui ne soit pas en conflit avec des \u00e9v\u00e9nements religieux. <\/p>\n<h3><span class=\"ez-toc-section\" id=\"Quel_jour_se_trouve_la_fete_des_meres\"><\/span>Quel jour se trouve la f\u00eate des m\u00e8res ?<span class=\"ez-toc-section-end\"><\/span><\/h3>\n<p>La f\u00eate des m\u00e8res est c\u00e9l\u00e9br\u00e9e le dernier dimanche de mai, sauf si cette date co\u00efncide avec la Pentec\u00f4te. Dans ce cas, la f\u00eate est repouss\u00e9e au premier dimanche de juin.<\/p>\n<h3><span class=\"ez-toc-section\" id=\"Pourquoi_la_fete_des_meres_est_en_juin_en_France\"><\/span>Pourquoi la f\u00eate des m\u00e8res est en juin en France ?<span class=\"ez-toc-section-end\"><\/span><\/h3>\n<p>La f\u00eate des m\u00e8res est report\u00e9e au premier dimanche de juin si la Pentec\u00f4te tombe le dernier dimanche de mai. Cette d\u00e9cision a \u00e9t\u00e9 prise pour \u00e9viter que la f\u00eate des m\u00e8res ne co\u00efncide avec une f\u00eate religieuse importante. <\/p>\n<h3><span class=\"ez-toc-section\" id=\"Pourquoi_la_fete_des_mere_le_7_juin\"><\/span>Pourquoi la f\u00eate des m\u00e8re le 7 juin ?<span class=\"ez-toc-section-end\"><\/span><\/h3>\n<p>La f\u00eate des m\u00e8res a eu lieu le 7 juin 2020 car la Pentec\u00f4te est tomb\u00e9e le dernier dimanche de mai. <\/p>\n<h3><span class=\"ez-toc-section\" id=\"Pourquoi_la_fete_des_Meres_en_juin\"><\/span>Pourquoi la f\u00eate des M\u00e8res en juin ?<span class=\"ez-toc-section-end\"><\/span><\/h3>\n<p>La f\u00eate des m\u00e8res est report\u00e9e au premier dimanche de juin si la Pentec\u00f4te tombe le dernier dimanche de mai. Cette d\u00e9cision a \u00e9t\u00e9 prise pour \u00e9viter que la f\u00eate des m\u00e8res ne co\u00efncide avec une f\u00eate religieuse importante. <\/p>\n<h3><span class=\"ez-toc-section\" id=\"Comment_organiser_la_fete_des_meres\"><\/span>Comment organiser la f\u00eate des m\u00e8res ?<span class=\"ez-toc-section-end\"><\/span><\/h3>\n<p>La f\u00eate des m\u00e8res est une occasion sp\u00e9ciale pour montrer \u00e0 votre m\u00e8re \u00e0 quel point vous l&rsquo;aimez. Voici quelques id\u00e9es pour organiser une f\u00eate des m\u00e8res inoubliable :<\/p>\n<ul>\n<li><strong>Organisez un d\u00e9jeuner ou un d\u00eener familial.<\/strong> Invitez tous vos proches, y compris les fr\u00e8res et soeurs, les enfants et les petits-enfants. C&rsquo;est l&rsquo;occasion de partager un repas agr\u00e9able et de passer du temps en famille.<\/li>\n<li><strong>Offrez un cadeau sp\u00e9cial.<\/strong> Choisissez un cadeau qui montre \u00e0 votre m\u00e8re que vous y avez pens\u00e9. Il peut s&rsquo;agir de fleurs, d&rsquo;un bijou, d&rsquo;un bon cadeau pour un magasin qu&rsquo;elle aime ou d&rsquo;un cadeau fait maison.<\/li>\n<li><strong>Passez du temps de qualit\u00e9 ensemble.<\/strong> La meilleure fa\u00e7on de montrer \u00e0 votre m\u00e8re que vous l&rsquo;aimez est de passer du temps de qualit\u00e9 avec elle. Faites une promenade ensemble, regardez un film, jouez \u00e0 un jeu de soci\u00e9t\u00e9 ou simplement asseyez-vous et discutez.<\/li>\n<li><strong>Faites un geste simple.<\/strong> Un petit geste peut faire toute la diff\u00e9rence. Une carte faite maison, un po\u00e8me ou un simple \u00ab\u00a0Je t&rsquo;aime\u00a0\u00bb peuvent faire plaisir \u00e0 votre m\u00e8re.<\/li>\n<\/ul>\n<p>N&rsquo;oubliez pas que la f\u00eate des m\u00e8res est une occasion sp\u00e9ciale pour c\u00e9l\u00e9brer l&rsquo;amour et l&rsquo;affection que vous portez \u00e0 votre m\u00e8re. Prenez le temps de la ch\u00e9rir et de lui montrer \u00e0 quel point elle est importante pour vous.<\/p>\n<p> <strong>Est-ce que c&rsquo;est la f\u00eate des m\u00e8res aujourd&rsquo;hui ?<\/strong> <\/p>\n<p>Non, la f\u00eate des m\u00e8res en France est c\u00e9l\u00e9br\u00e9e le dernier dimanche de mai, sauf si cette date co\u00efncide avec la Pentec\u00f4te, auquel cas elle est repouss\u00e9e au premier dimanche de juin.<\/p>\n<p> <strong>Pourquoi la date de la f\u00eate des m\u00e8res est diff\u00e9rente en France ?<\/strong> <\/p>\n<p>La date de la f\u00eate des m\u00e8res en France a \u00e9t\u00e9 fix\u00e9e au dernier dimanche de mai en 1950, mais peut \u00eatre d\u00e9plac\u00e9e au premier dimanche de juin si elle co\u00efncide avec la Pentec\u00f4te, par respect pour cette f\u00eate religieuse.<\/p>\n<p> <strong>Pourquoi diff\u00e9rentes dates pour la f\u00eate des m\u00e8res ?<\/strong> <\/p>\n<p>Les dates de la f\u00eate des m\u00e8res varient d&rsquo;un pays \u00e0 l&rsquo;autre en raison des diff\u00e9rentes traditions et raisons de c\u00e9l\u00e9brer cette f\u00eate. En France, elle est d\u00e9di\u00e9e aux m\u00e8res et \u00e0 leur r\u00f4le dans la soci\u00e9t\u00e9, tandis que dans d&rsquo;autres pays, elle peut \u00eatre li\u00e9e \u00e0 des \u00e9v\u00e9nements religieux ou historiques sp\u00e9cifiques.<\/p>\n","protected":false},"excerpt":{"rendered":"<p>Est-ce que c&rsquo;est la f\u00eate des m\u00e8res aujourd&rsquo;hui ? Vous \u00eates en train de vous demander si c&rsquo;est la f\u00eate des m\u00e8res aujourd&rsquo;hui ? C&rsquo;est une question que beaucoup de gens se posent, surtout \u00e0 l&rsquo;approche de cette date sp\u00e9ciale. La v\u00e9rit\u00e9 est que la date de la f\u00eate des m\u00e8res varie d&rsquo;un pays \u00e0 [&hellip;]<\/p>\n","protected":false},"author":5,"featured_media":0,"comment_status":"open","ping_status":"open","sticky":false,"template":"","format":"standard","meta":{"tdm_status":"","tdm_grid_status":"","_jetpack_memberships_contains_paid_content":false,"footnotes":"","jetpack_publicize_message":"","jetpack_publicize_feature_enabled":true,"jetpack_social_post_already_shared":true,"jetpack_social_options":{"image_generator_settings":{"template":"highway","default_image_id":0,"font":"","enabled":false},"version":2}},"categories":[80],"tags":[],"class_list":["post-10903","post","type-post","status-publish","format-standard","hentry","category-lifestyle"],"yoast_head":"<!-- This site is optimized with the Yoast SEO Premium plugin v25.0 (Yoast SEO v25.0) - https:\/\/yoast.com\/wordpress\/plugins\/seo\/ -->\n<title>Est-ce que c&#039;est la f\u00eate des m\u00e8res aujourd&#039;hui ?<\/title>\n<meta name=\"description\" content=\"Est-ce que c&#039;est la f\u00eate des m\u00e8res aujourd&#039;hui ? Vous \u00eates en train de vous demander si c&#039;est la f\u00eate des m\u00e8res aujourd&#039;hui ? C&#039;est une question que\" \/>\n<meta name=\"robots\" content=\"index, follow, max-snippet:-1, max-image-preview:large, max-video-preview:-1\" \/>\n<link rel=\"canonical\" href=\"https:\/\/flashmode.tn\/magazine\/est-ce-que-cest-la-fete-des-meres-aujourdhui\/\" \/>\n<meta property=\"og:locale\" content=\"fr_FR\" \/>\n<meta property=\"og:type\" content=\"article\" \/>\n<meta property=\"og:title\" content=\"Est-ce que c&#039;est la f\u00eate des m\u00e8res aujourd&#039;hui ? - Flashmode Magazine | Magazine de mode et style de vie Num\u00e9ro un en Tunisie et au Maghreb\" \/>\n<meta property=\"og:description\" content=\"Est-ce que c&#039;est la f\u00eate des m\u00e8res aujourd&#039;hui ? Vous \u00eates en train de vous demander si c&#039;est la f\u00eate des m\u00e8res aujourd&#039;hui ? C&#039;est une question que\" \/>\n<meta property=\"og:url\" content=\"https:\/\/flashmode.tn\/magazine\/est-ce-que-cest-la-fete-des-meres-aujourdhui\/\" \/>\n<meta property=\"og:site_name\" content=\"Flashmode Magazine | Magazine de mode et style de vie Num\u00e9ro un en Tunisie et au Maghreb\" \/>\n<meta property=\"article:publisher\" content=\"https:\/\/www.facebook.com\/flashmode.magazine\/\" \/>\n<meta property=\"article:published_time\" content=\"2024-06-09T05:10:32+00:00\" \/>\n<meta property=\"article:modified_time\" content=\"2024-07-13T23:39:49+00:00\" \/>\n<meta name=\"author\" content=\"PeopleLife\" \/>\n<meta name=\"twitter:card\" content=\"summary_large_image\" \/>\n<meta name=\"twitter:creator\" content=\"@agenceflashmode\" \/>\n<meta name=\"twitter:site\" content=\"@agenceflashmode\" \/>\n<meta name=\"twitter:label1\" content=\"\u00c9crit par\" \/>\n\t<meta name=\"twitter:data1\" content=\"PeopleLife\" \/>\n\t<meta name=\"twitter:label2\" content=\"Dur\u00e9e de lecture estim\u00e9e\" \/>\n\t<meta name=\"twitter:data2\" content=\"8 minutes\" \/>\n<script type=\"application\/ld+json\" class=\"yoast-schema-graph\">{\"@context\":\"https:\/\/schema.org\",\"@graph\":[{\"@type\":\"WebPage\",\"@id\":\"https:\/\/flashmode.tn\/magazine\/est-ce-que-cest-la-fete-des-meres-aujourdhui\/\",\"url\":\"https:\/\/flashmode.tn\/magazine\/est-ce-que-cest-la-fete-des-meres-aujourdhui\/\",\"name\":\"Est-ce que c'est la f\u00eate des m\u00e8res aujourd'hui ?\",\"isPartOf\":{\"@id\":\"https:\/\/flashmode.tn\/magazine\/#website\"},\"datePublished\":\"2024-06-09T05:10:32+00:00\",\"dateModified\":\"2024-07-13T23:39:49+00:00\",\"author\":{\"@id\":\"https:\/\/flashmode.tn\/magazine\/#\/schema\/person\/6815bd30337e8756d5357219766efcc3\"},\"description\":\"Est-ce que c'est la f\u00eate des m\u00e8res aujourd'hui ? Vous \u00eates en train de vous demander si c'est la f\u00eate des m\u00e8res aujourd'hui ? C'est une question que\",\"breadcrumb\":{\"@id\":\"https:\/\/flashmode.tn\/magazine\/est-ce-que-cest-la-fete-des-meres-aujourdhui\/#breadcrumb\"},\"inLanguage\":\"fr-FR\",\"potentialAction\":[{\"@type\":\"ReadAction\",\"target\":[\"https:\/\/flashmode.tn\/magazine\/est-ce-que-cest-la-fete-des-meres-aujourdhui\/\"]}]},{\"@type\":\"BreadcrumbList\",\"@id\":\"https:\/\/flashmode.tn\/magazine\/est-ce-que-cest-la-fete-des-meres-aujourdhui\/#breadcrumb\",\"itemListElement\":[{\"@type\":\"ListItem\",\"position\":1,\"name\":\"Accueil\",\"item\":\"https:\/\/flashmode.tn\/magazine\/\"},{\"@type\":\"ListItem\",\"position\":2,\"name\":\"Est-ce que c&rsquo;est la f\u00eate des m\u00e8res aujourd&rsquo;hui ?\"}]},{\"@type\":\"WebSite\",\"@id\":\"https:\/\/flashmode.tn\/magazine\/#website\",\"url\":\"https:\/\/flashmode.tn\/magazine\/\",\"name\":\"Flashmode Magazine | Magazine de mode et style de vie Num\u00e9ro un en Tunisie et au Maghreb\",\"description\":\"Magazine de mode et style de vie Num\u00e9ro un en Tunisie et au Maghreb, cr\u00e9\u00e9 pour les hommes et les femmes : conseils beaut\u00e9, mode femme, mode homme, recettes de cuisine, c\u00e9l\u00e9brit\u00e9s et people, mannequins et top modeles\",\"potentialAction\":[{\"@type\":\"SearchAction\",\"target\":{\"@type\":\"EntryPoint\",\"urlTemplate\":\"https:\/\/flashmode.tn\/magazine\/?s={search_term_string}\"},\"query-input\":{\"@type\":\"PropertyValueSpecification\",\"valueRequired\":true,\"valueName\":\"search_term_string\"}}],\"inLanguage\":\"fr-FR\"},{\"@type\":\"Person\",\"@id\":\"https:\/\/flashmode.tn\/magazine\/#\/schema\/person\/6815bd30337e8756d5357219766efcc3\",\"name\":\"PeopleLife\",\"image\":{\"@type\":\"ImageObject\",\"inLanguage\":\"fr-FR\",\"@id\":\"https:\/\/flashmode.tn\/magazine\/#\/schema\/person\/image\/\",\"url\":\"https:\/\/secure.gravatar.com\/avatar\/8098f49196034391d93ae20d939ad33b14f6b745c986049ad803a54f4113e18c?s=96&d=mm&r=g\",\"contentUrl\":\"https:\/\/secure.gravatar.com\/avatar\/8098f49196034391d93ae20d939ad33b14f6b745c986049ad803a54f4113e18c?s=96&d=mm&r=g\",\"caption\":\"PeopleLife\"},\"url\":\"https:\/\/flashmode.tn\/magazine\/author\/peoplelife\/\"}]}<\/script>\n<!-- \/ Yoast SEO Premium plugin. -->","yoast_head_json":{"title":"Est-ce que c'est la f\u00eate des m\u00e8res aujourd'hui ?","description":"Est-ce que c'est la f\u00eate des m\u00e8res aujourd'hui ? Vous \u00eates en train de vous demander si c'est la f\u00eate des m\u00e8res aujourd'hui ? C'est une question que","robots":{"index":"index","follow":"follow","max-snippet":"max-snippet:-1","max-image-preview":"max-image-preview:large","max-video-preview":"max-video-preview:-1"},"canonical":"https:\/\/flashmode.tn\/magazine\/est-ce-que-cest-la-fete-des-meres-aujourdhui\/","og_locale":"fr_FR","og_type":"article","og_title":"Est-ce que c'est la f\u00eate des m\u00e8res aujourd'hui ? - Flashmode Magazine | Magazine de mode et style de vie Num\u00e9ro un en Tunisie et au Maghreb","og_description":"Est-ce que c'est la f\u00eate des m\u00e8res aujourd'hui ? Vous \u00eates en train de vous demander si c'est la f\u00eate des m\u00e8res aujourd'hui ? C'est une question que","og_url":"https:\/\/flashmode.tn\/magazine\/est-ce-que-cest-la-fete-des-meres-aujourdhui\/","og_site_name":"Flashmode Magazine | Magazine de mode et style de vie Num\u00e9ro un en Tunisie et au Maghreb","article_publisher":"https:\/\/www.facebook.com\/flashmode.magazine\/","article_published_time":"2024-06-09T05:10:32+00:00","article_modified_time":"2024-07-13T23:39:49+00:00","author":"PeopleLife","twitter_card":"summary_large_image","twitter_creator":"@agenceflashmode","twitter_site":"@agenceflashmode","twitter_misc":{"\u00c9crit par":"PeopleLife","Dur\u00e9e de lecture estim\u00e9e":"8 minutes"},"schema":{"@context":"https:\/\/schema.org","@graph":[{"@type":"WebPage","@id":"https:\/\/flashmode.tn\/magazine\/est-ce-que-cest-la-fete-des-meres-aujourdhui\/","url":"https:\/\/flashmode.tn\/magazine\/est-ce-que-cest-la-fete-des-meres-aujourdhui\/","name":"Est-ce que c'est la f\u00eate des m\u00e8res aujourd'hui ?","isPartOf":{"@id":"https:\/\/flashmode.tn\/magazine\/#website"},"datePublished":"2024-06-09T05:10:32+00:00","dateModified":"2024-07-13T23:39:49+00:00","author":{"@id":"https:\/\/flashmode.tn\/magazine\/#\/schema\/person\/6815bd30337e8756d5357219766efcc3"},"description":"Est-ce que c'est la f\u00eate des m\u00e8res aujourd'hui ? Vous \u00eates en train de vous demander si c'est la f\u00eate des m\u00e8res aujourd'hui ? C'est une question que","breadcrumb":{"@id":"https:\/\/flashmode.tn\/magazine\/est-ce-que-cest-la-fete-des-meres-aujourdhui\/#breadcrumb"},"inLanguage":"fr-FR","potentialAction":[{"@type":"ReadAction","target":["https:\/\/flashmode.tn\/magazine\/est-ce-que-cest-la-fete-des-meres-aujourdhui\/"]}]},{"@type":"BreadcrumbList","@id":"https:\/\/flashmode.tn\/magazine\/est-ce-que-cest-la-fete-des-meres-aujourdhui\/#breadcrumb","itemListElement":[{"@type":"ListItem","position":1,"name":"Accueil","item":"https:\/\/flashmode.tn\/magazine\/"},{"@type":"ListItem","position":2,"name":"Est-ce que c&rsquo;est la f\u00eate des m\u00e8res aujourd&rsquo;hui ?"}]},{"@type":"WebSite","@id":"https:\/\/flashmode.tn\/magazine\/#website","url":"https:\/\/flashmode.tn\/magazine\/","name":"Flashmode Magazine | Magazine de mode et style de vie Num\u00e9ro un en Tunisie et au Maghreb","description":"Magazine de mode et style de vie Num\u00e9ro un en Tunisie et au Maghreb, cr\u00e9\u00e9 pour les hommes et les femmes : conseils beaut\u00e9, mode femme, mode homme, recettes de cuisine, c\u00e9l\u00e9brit\u00e9s et people, mannequins et top modeles","potentialAction":[{"@type":"SearchAction","target":{"@type":"EntryPoint","urlTemplate":"https:\/\/flashmode.tn\/magazine\/?s={search_term_string}"},"query-input":{"@type":"PropertyValueSpecification","valueRequired":true,"valueName":"search_term_string"}}],"inLanguage":"fr-FR"},{"@type":"Person","@id":"https:\/\/flashmode.tn\/magazine\/#\/schema\/person\/6815bd30337e8756d5357219766efcc3","name":"PeopleLife","image":{"@type":"ImageObject","inLanguage":"fr-FR","@id":"https:\/\/flashmode.tn\/magazine\/#\/schema\/person\/image\/","url":"https:\/\/secure.gravatar.com\/avatar\/8098f49196034391d93ae20d939ad33b14f6b745c986049ad803a54f4113e18c?s=96&d=mm&r=g","contentUrl":"https:\/\/secure.gravatar.com\/avatar\/8098f49196034391d93ae20d939ad33b14f6b745c986049ad803a54f4113e18c?s=96&d=mm&r=g","caption":"PeopleLife"},"url":"https:\/\/flashmode.tn\/magazine\/author\/peoplelife\/"}]}},"jetpack_publicize_connections":[],"jetpack_featured_media_url":"","jetpack_shortlink":"https:\/\/wp.me\/p8BPGr-2PR","jetpack_sharing_enabled":true,"_links":{"self":[{"href":"https:\/\/flashmode.tn\/magazine\/wp-json\/wp\/v2\/posts\/10903","targetHints":{"allow":["GET"]}}],"collection":[{"href":"https:\/\/flashmode.tn\/magazine\/wp-json\/wp\/v2\/posts"}],"about":[{"href":"https:\/\/flashmode.tn\/magazine\/wp-json\/wp\/v2\/types\/post"}],"author":[{"embeddable":true,"href":"https:\/\/flashmode.tn\/magazine\/wp-json\/wp\/v2\/users\/5"}],"replies":[{"embeddable":true,"href":"https:\/\/flashmode.tn\/magazine\/wp-json\/wp\/v2\/comments?post=10903"}],"version-history":[{"count":0,"href":"https:\/\/flashmode.tn\/magazine\/wp-json\/wp\/v2\/posts\/10903\/revisions"}],"wp:attachment":[{"href":"https:\/\/flashmode.tn\/magazine\/wp-json\/wp\/v2\/media?parent=10903"}],"wp:term":[{"taxonomy":"category","embeddable":true,"href":"https:\/\/flashmode.tn\/magazine\/wp-json\/wp\/v2\/categories?post=10903"},{"taxonomy":"post_tag","embeddable":true,"href":"https:\/\/flashmode.tn\/magazine\/wp-json\/wp\/v2\/tags?post=10903"}],"curies":[{"name":"wp","href":"https:\/\/api.w.org\/{rel}","templated":true}]}}