{"id":1748,"date":"2017-04-15T14:19:50","date_gmt":"2017-04-15T12:19:50","guid":{"rendered":"http:\/\/flashmode.tn\/magazine\/?p=1748"},"modified":"2017-05-12T10:42:01","modified_gmt":"2017-05-12T08:42:01","slug":"tendance-beaute-les-10-tendances-maquillage-et-coiffure-a-bannir-en-2017","status":"publish","type":"post","link":"https:\/\/flashmode.tn\/magazine\/tendance-beaute-les-10-tendances-maquillage-et-coiffure-a-bannir-en-2017\/","title":{"rendered":"Tendance beaut\u00e9 : Les 10 tendances maquillage et coiffure \u00e0 bannir en 2017"},"content":{"rendered":"<div id=\"\">\n<p><img data-recalc-dims=\"1\" decoding=\"async\" class=\"webfeedsFeaturedVisual\" style=\"display: none;\" src=\"https:\/\/i0.wp.com\/flashmode.tn\/magazine\/wp-content\/uploads\/2017\/04\/10-tendances-de-coiffure-et-de-maquillage-qui-sont-passees-de-mode-en-2017.jpg?w=696\" \/><\/p>\n<div id=\"js-article-share-top\">\n<p>La\u00a0mode est capricieuse et\u00a0changeante, pas seulement <a href=\"http:\/\/flashmode.tn\/magazine\/category\/mode\/\" target=\"_blank\" rel=\"noopener noreferrer\">pour les v\u00eatements<\/a>, mais aussi pour d\u2019autres d\u00e9tails de votre\u00a0look. Flashmode Magazine vous\u00a0d\u00e9voile <strong>les styles de\u00a0coiffure et\u00a0de\u00a0maquillage qui seront pass\u00e9s \u00e0\u00a0la\u00a0mode en\u00a02017<\/strong>, et\u00a0par quoi ils seront remplac\u00e9s.<\/p>\n<div id=\"ez-toc-container\" class=\"ez-toc-v2_0_81 counter-hierarchy ez-toc-counter ez-toc-grey ez-toc-container-direction\">\n<div class=\"ez-toc-title-container\">\n<p class=\"ez-toc-title\" style=\"cursor:inherit\">Contenus de la page<\/p>\n<span class=\"ez-toc-title-toggle\"><a href=\"#\" class=\"ez-toc-pull-right ez-toc-btn ez-toc-btn-xs ez-toc-btn-default ez-toc-toggle\" aria-label=\"Toggle Table of Content\"><span class=\"ez-toc-js-icon-con\"><span class=\"\"><span class=\"eztoc-hide\" style=\"display:none;\">Toggle<\/span><span class=\"ez-toc-icon-toggle-span\"><svg style=\"fill: #999;color:#999\" xmlns=\"http:\/\/www.w3.org\/2000\/svg\" class=\"list-377408\" width=\"20px\" height=\"20px\" viewBox=\"0 0 24 24\" fill=\"none\"><path d=\"M6 6H4v2h2V6zm14 0H8v2h12V6zM4 11h2v2H4v-2zm16 0H8v2h12v-2zM4 16h2v2H4v-2zm16 0H8v2h12v-2z\" fill=\"currentColor\"><\/path><\/svg><svg style=\"fill: #999;color:#999\" class=\"arrow-unsorted-368013\" xmlns=\"http:\/\/www.w3.org\/2000\/svg\" width=\"10px\" height=\"10px\" viewBox=\"0 0 24 24\" version=\"1.2\" baseProfile=\"tiny\"><path d=\"M18.2 9.3l-6.2-6.3-6.2 6.3c-.2.2-.3.4-.3.7s.1.5.3.7c.2.2.4.3.7.3h11c.3 0 .5-.1.7-.3.2-.2.3-.5.3-.7s-.1-.5-.3-.7zM5.8 14.7l6.2 6.3 6.2-6.3c.2-.2.3-.5.3-.7s-.1-.5-.3-.7c-.2-.2-.4-.3-.7-.3h-11c-.3 0-.5.1-.7.3-.2.2-.3.5-.3.7s.1.5.3.7z\"\/><\/svg><\/span><\/span><\/span><\/a><\/span><\/div>\n<nav><ul class='ez-toc-list ez-toc-list-level-1 ' ><li class='ez-toc-page-1 ez-toc-heading-level-2'><a class=\"ez-toc-link ez-toc-heading-1\" href=\"https:\/\/flashmode.tn\/magazine\/tendance-beaute-les-10-tendances-maquillage-et-coiffure-a-bannir-en-2017\/#Tendance_beaute_Les_10_tendances_maquillage_et_coiffure_a_bannir_en_2017\" >Tendance beaut\u00e9 : Les 10 tendances maquillage et coiffure \u00e0 bannir en 2017<\/a><ul class='ez-toc-list-level-3' ><li class='ez-toc-heading-level-3'><a class=\"ez-toc-link ez-toc-heading-2\" href=\"https:\/\/flashmode.tn\/magazine\/tendance-beaute-les-10-tendances-maquillage-et-coiffure-a-bannir-en-2017\/#Les_sourcils_au_naturel_plutot_que_maquilles\" >Les sourcils au\u00a0naturel plut\u00f4t que maquill\u00e9s<\/a><\/li><li class='ez-toc-page-1 ez-toc-heading-level-3'><a class=\"ez-toc-link ez-toc-heading-3\" href=\"https:\/\/flashmode.tn\/magazine\/tendance-beaute-les-10-tendances-maquillage-et-coiffure-a-bannir-en-2017\/#Des_cils_de_poupee_plutot_que_naturels\" >Des cils de\u00a0poup\u00e9e plut\u00f4t que naturels<\/a><\/li><li class='ez-toc-page-1 ez-toc-heading-level-3'><a class=\"ez-toc-link ez-toc-heading-4\" href=\"https:\/\/flashmode.tn\/magazine\/tendance-beaute-les-10-tendances-maquillage-et-coiffure-a-bannir-en-2017\/#Du_fard_a_paupieres_aux_couleurs_vives_plutot_que_dans_les_tons_pastel\" >Du\u00a0fard \u00e0\u00a0paupi\u00e8res aux couleurs vives plut\u00f4t que dans les tons pastel<\/a><\/li><li class='ez-toc-page-1 ez-toc-heading-level-3'><a class=\"ez-toc-link ez-toc-heading-5\" href=\"https:\/\/flashmode.tn\/magazine\/tendance-beaute-les-10-tendances-maquillage-et-coiffure-a-bannir-en-2017\/#Un_teint_uniforme_a_la_place_du_contouring\" >Un\u00a0teint uniforme \u00e0\u00a0la\u00a0place du\u00a0contouring<\/a><\/li><li class='ez-toc-page-1 ez-toc-heading-level-3'><a class=\"ez-toc-link ez-toc-heading-6\" href=\"https:\/\/flashmode.tn\/magazine\/tendance-beaute-les-10-tendances-maquillage-et-coiffure-a-bannir-en-2017\/#Les_rouges_a_levres_brillants_vont_remplacer_les_mats\" >Les rouges \u00e0\u00a0l\u00e8vres brillants vont remplacer les mats<\/a><\/li><li class='ez-toc-page-1 ez-toc-heading-level-3'><a class=\"ez-toc-link ez-toc-heading-7\" href=\"https:\/\/flashmode.tn\/magazine\/tendance-beaute-les-10-tendances-maquillage-et-coiffure-a-bannir-en-2017\/#Des_levres_aux_couleurs_de_baies_plutot_que_couleur_vin\" >Des l\u00e8vres aux couleurs de\u00a0baies plut\u00f4t que couleur vin<\/a><\/li><li class='ez-toc-page-1 ez-toc-heading-level-3'><a class=\"ez-toc-link ez-toc-heading-8\" href=\"https:\/\/flashmode.tn\/magazine\/tendance-beaute-les-10-tendances-maquillage-et-coiffure-a-bannir-en-2017\/#Des_cheveux_boucles_plutot_que_des_ondulations_retro\" >Des cheveux boucl\u00e9s plut\u00f4t que des ondulations retro<\/a><\/li><li class='ez-toc-page-1 ez-toc-heading-level-3'><a class=\"ez-toc-link ez-toc-heading-9\" href=\"https:\/\/flashmode.tn\/magazine\/tendance-beaute-les-10-tendances-maquillage-et-coiffure-a-bannir-en-2017\/#Des_couleurs_de_cheveux_douces_plutot_que_vives\" >Des couleurs de\u00a0cheveux douces plut\u00f4t que vives<\/a><\/li><li class='ez-toc-page-1 ez-toc-heading-level-3'><a class=\"ez-toc-link ez-toc-heading-10\" href=\"https:\/\/flashmode.tn\/magazine\/tendance-beaute-les-10-tendances-maquillage-et-coiffure-a-bannir-en-2017\/#Des_chignons_stricts_plutot_que_destructures\" >Des chignons stricts plut\u00f4t que destructur\u00e9s<\/a><\/li><li class='ez-toc-page-1 ez-toc-heading-level-3'><a class=\"ez-toc-link ez-toc-heading-11\" href=\"https:\/\/flashmode.tn\/magazine\/tendance-beaute-les-10-tendances-maquillage-et-coiffure-a-bannir-en-2017\/#French_manucure_en_couleur_plutot_quen_demi-cercle\" >French manucure en\u00a0couleur plut\u00f4t qu\u2019en demi-cercle<\/a><\/li><\/ul><\/li><\/ul><\/nav><\/div>\n<h2><span class=\"ez-toc-section\" id=\"Tendance_beaute_Les_10_tendances_maquillage_et_coiffure_a_bannir_en_2017\"><\/span>Tendance beaut\u00e9 : Les 10 tendances maquillage et coiffure \u00e0 bannir en 2017<span class=\"ez-toc-section-end\"><\/span><\/h2>\n<\/div>\n<h3 style=\"text-align: left;\"><span class=\"ez-toc-section\" id=\"Les_sourcils_au_naturel_plutot_que_maquilles\"><\/span>Les sourcils au\u00a0naturel plut\u00f4t que maquill\u00e9s<span class=\"ez-toc-section-end\"><\/span><\/h3>\n<figure id=\"attachment_1750\" aria-describedby=\"caption-attachment-1750\" style=\"width: 650px\" class=\"wp-caption aligncenter\"><img data-recalc-dims=\"1\" loading=\"lazy\" decoding=\"async\" class=\"size-full wp-image-1750\" src=\"https:\/\/i0.wp.com\/flashmode.tn\/magazine\/wp-content\/uploads\/2017\/04\/Les-sourcils-au-naturel-plut%C3%B4t-que-maquill%C3%A9s.jpg?resize=650%2C474\" alt=\"Un beau sourcil est un sourcil naturel\" width=\"650\" height=\"474\" srcset=\"https:\/\/i0.wp.com\/flashmode.tn\/magazine\/wp-content\/uploads\/2017\/04\/Les-sourcils-au-naturel-plut%C3%B4t-que-maquill%C3%A9s.jpg?w=650&amp;ssl=1 650w, https:\/\/i0.wp.com\/flashmode.tn\/magazine\/wp-content\/uploads\/2017\/04\/Les-sourcils-au-naturel-plut%C3%B4t-que-maquill%C3%A9s.jpg?resize=300%2C219&amp;ssl=1 300w, https:\/\/i0.wp.com\/flashmode.tn\/magazine\/wp-content\/uploads\/2017\/04\/Les-sourcils-au-naturel-plut%C3%B4t-que-maquill%C3%A9s.jpg?resize=324%2C235&amp;ssl=1 324w, https:\/\/i0.wp.com\/flashmode.tn\/magazine\/wp-content\/uploads\/2017\/04\/Les-sourcils-au-naturel-plut%C3%B4t-que-maquill%C3%A9s.jpg?resize=576%2C420&amp;ssl=1 576w\" sizes=\"auto, (max-width: 650px) 100vw, 650px\" \/><figcaption id=\"caption-attachment-1750\" class=\"wp-caption-text\">Un beau sourcil est un sourcil naturel<\/figcaption><\/figure>\n<p>Si\u00a0en\u00a02016\u00a0tu n\u2019as pas os\u00e9 te\u00a0maquiller les sourcils, ce\u00a0n\u2019est pas la\u00a0peine de\u00a0commencer maintenant ; en\u00a02017, plut\u00f4t que des lignes parfaitement dessin\u00e9es, <em>le\u00a0naturel revient \u00e0\u00a0la\u00a0mode<\/em>, voire le\u00a0style l\u00e9g\u00e8rement n\u00e9glig\u00e9. Toutefois, les sourcils denses vont rester \u00e0\u00a0la\u00a0mode.<\/p>\n<p><iframe src=\"https:\/\/www.youtube.com\/embed\/SF77H4Bm3Ts?rel=0&amp;showinfo=0\" width=\"1280\" height=\"720\" frameborder=\"0\" allowfullscreen=\"allowfullscreen\"><\/iframe><\/p>\n<p><b>En ce moment, le sourcils qui cartonnent sont plut\u00f4t fournis et \u00e9pais<\/b>. C\u2019est une forme qui a cartonn\u00e9 gr\u00e2ce au mannequin <b>Cara Delevingne<\/b>. Mais rappellez-vous dans les ann\u00e9es 90, les sourcils \u00e0 la mode \u00e9taient le fameux trait de crayon qui a ruin\u00e9 bien des visages dont celui de l&rsquo;actrice Pamela Anderson.<\/p>\n<h3 style=\"text-align: left;\"><span class=\"ez-toc-section\" id=\"Des_cils_de_poupee_plutot_que_naturels\"><\/span>Des cils de\u00a0poup\u00e9e plut\u00f4t que naturels<span class=\"ez-toc-section-end\"><\/span><\/h3>\n<figure id=\"attachment_1751\" aria-describedby=\"caption-attachment-1751\" style=\"width: 650px\" class=\"wp-caption aligncenter\"><img data-recalc-dims=\"1\" loading=\"lazy\" decoding=\"async\" class=\"size-full wp-image-1751\" src=\"https:\/\/i0.wp.com\/flashmode.tn\/magazine\/wp-content\/uploads\/2017\/04\/Des-cils-de-poup%C3%A9e-plut%C3%B4t-que-naturels.jpg?resize=650%2C474\" alt=\"Obtenir un regard \u00e0 la fois frais et magn\u00e9tique ? Un graal que l'on recherche toutes, s\u00e9duites par l'air du temps qui fait la part belle au naturel, mais qui comme chacune le sait, se travaille avec pr\u00e9cision.\" width=\"650\" height=\"474\" srcset=\"https:\/\/i0.wp.com\/flashmode.tn\/magazine\/wp-content\/uploads\/2017\/04\/Des-cils-de-poup%C3%A9e-plut%C3%B4t-que-naturels.jpg?w=650&amp;ssl=1 650w, https:\/\/i0.wp.com\/flashmode.tn\/magazine\/wp-content\/uploads\/2017\/04\/Des-cils-de-poup%C3%A9e-plut%C3%B4t-que-naturels.jpg?resize=300%2C219&amp;ssl=1 300w, https:\/\/i0.wp.com\/flashmode.tn\/magazine\/wp-content\/uploads\/2017\/04\/Des-cils-de-poup%C3%A9e-plut%C3%B4t-que-naturels.jpg?resize=324%2C235&amp;ssl=1 324w, https:\/\/i0.wp.com\/flashmode.tn\/magazine\/wp-content\/uploads\/2017\/04\/Des-cils-de-poup%C3%A9e-plut%C3%B4t-que-naturels.jpg?resize=576%2C420&amp;ssl=1 576w\" sizes=\"auto, (max-width: 650px) 100vw, 650px\" \/><figcaption id=\"caption-attachment-1751\" class=\"wp-caption-text\">Obtenir un regard \u00e0 la fois frais et magn\u00e9tique ? Un graal que l&rsquo;on recherche toutes, s\u00e9duites par l&rsquo;air du temps qui fait la part belle au naturel, mais qui comme chacune le sait, se travaille avec pr\u00e9cision.<\/figcaption><\/figure>\n<div id=\"js-block-1880560\">\n<p>2017 est l\u2019ann\u00e9e <em>des cils longs, volumineux, style poup\u00e9e<\/em>. Alors trouve <a href=\"http:\/\/flashmode.tn\/nouveautes-beaute-2017-les-17-meilleurs-produits-de-beaute-chez-maybelline\/\" target=\"_blank\" rel=\"noopener noreferrer\">un\u00a0mascara qui augmente leur volume<\/a>, ou\u00a0opte en\u00a0cas de\u00a0besoin pour des faux cils.<\/p>\n<\/div>\n<h3 style=\"text-align: left;\"><span class=\"ez-toc-section\" id=\"Du_fard_a_paupieres_aux_couleurs_vives_plutot_que_dans_les_tons_pastel\"><\/span>Du\u00a0fard \u00e0\u00a0paupi\u00e8res aux couleurs vives plut\u00f4t que dans les tons pastel<span class=\"ez-toc-section-end\"><\/span><\/h3>\n<figure id=\"attachment_1752\" aria-describedby=\"caption-attachment-1752\" style=\"width: 650px\" class=\"wp-caption aligncenter\"><img data-recalc-dims=\"1\" loading=\"lazy\" decoding=\"async\" class=\"size-full wp-image-1752\" src=\"https:\/\/i0.wp.com\/flashmode.tn\/magazine\/wp-content\/uploads\/2017\/04\/Du-fard-%C3%A0-paupi%C3%A8res-aux-couleurs-vives-plut%C3%B4t-que-dans-les-tons-pastel.jpg?resize=650%2C474\" alt=\"S'il y a bien un endroit, rempli de couleurs, c'est dans le tiroir \u00e0 maquillage d'une fille ! Une vrai caverne d'Ali Baba cach\u00e9e dans notre salle de bain ! Et on y trouve souvent de v\u00e9ritables tr\u00e9sors... Tiens, par exemple : les fards \u00e0 paupi\u00e8res.\" width=\"650\" height=\"474\" srcset=\"https:\/\/i0.wp.com\/flashmode.tn\/magazine\/wp-content\/uploads\/2017\/04\/Du-fard-%C3%A0-paupi%C3%A8res-aux-couleurs-vives-plut%C3%B4t-que-dans-les-tons-pastel.jpg?w=650&amp;ssl=1 650w, https:\/\/i0.wp.com\/flashmode.tn\/magazine\/wp-content\/uploads\/2017\/04\/Du-fard-%C3%A0-paupi%C3%A8res-aux-couleurs-vives-plut%C3%B4t-que-dans-les-tons-pastel.jpg?resize=300%2C219&amp;ssl=1 300w, https:\/\/i0.wp.com\/flashmode.tn\/magazine\/wp-content\/uploads\/2017\/04\/Du-fard-%C3%A0-paupi%C3%A8res-aux-couleurs-vives-plut%C3%B4t-que-dans-les-tons-pastel.jpg?resize=324%2C235&amp;ssl=1 324w, https:\/\/i0.wp.com\/flashmode.tn\/magazine\/wp-content\/uploads\/2017\/04\/Du-fard-%C3%A0-paupi%C3%A8res-aux-couleurs-vives-plut%C3%B4t-que-dans-les-tons-pastel.jpg?resize=576%2C420&amp;ssl=1 576w\" sizes=\"auto, (max-width: 650px) 100vw, 650px\" \/><figcaption id=\"caption-attachment-1752\" class=\"wp-caption-text\">S&rsquo;il y a bien un endroit, rempli de couleurs, c&rsquo;est dans le tiroir \u00e0 maquillage d&rsquo;une fille ! Une vrai caverne d&rsquo;Ali Baba cach\u00e9e dans notre salle de bain ! Et on y trouve souvent de v\u00e9ritables tr\u00e9sors&#8230; Tiens, par exemple : les fards \u00e0 paupi\u00e8res.<\/figcaption><\/figure>\n<div id=\"js-block-1880710\">\n<p>Le\u00a0style \u201cnude\u201c pour le\u00a0maquillage des yeux, qui a\u00a0\u00e9t\u00e9 si\u00a0populaire cette ann\u00e9e, est en\u00a0train de\u00a0perdre du\u00a0terrain petit \u00e0\u00a0petit. A\u00a0la\u00a0place de\u00a0tous ces <em>tons entre le\u00a0rose et\u00a0le\u00a0p\u00eache<\/em>, les fards et\u00a0les eyeliners aux couleurs vives et\u00a0voyantes commencent \u00e0\u00a0\u00eatre utilis\u00e9s. Pr\u00e9pare-toi pour les \u201dyeux de\u00a0papillon\u00a0\u00bb.<\/p>\n<\/div>\n<h3 style=\"text-align: left;\"><span class=\"ez-toc-section\" id=\"Un_teint_uniforme_a_la_place_du_contouring\"><\/span>Un\u00a0teint uniforme \u00e0\u00a0la\u00a0place du\u00a0contouring<span class=\"ez-toc-section-end\"><\/span><\/h3>\n<figure id=\"attachment_1753\" aria-describedby=\"caption-attachment-1753\" style=\"width: 650px\" class=\"wp-caption aligncenter\"><img data-recalc-dims=\"1\" loading=\"lazy\" decoding=\"async\" class=\"size-full wp-image-1753\" src=\"https:\/\/i0.wp.com\/flashmode.tn\/magazine\/wp-content\/uploads\/2017\/04\/Un-teint-uniforme-%C3%A0-la-place-du-contouring.jpg?resize=650%2C474\" alt=\"Le fond de teint unifie et uniformise. Il a donc tendance \u00e0 gommer les traits et les reliefs du visage. Pour red\u00e9finir les contours et redonner de l'\u00e9clat, finissez toujours par une touche de poudre et de blush.\" width=\"650\" height=\"474\" srcset=\"https:\/\/i0.wp.com\/flashmode.tn\/magazine\/wp-content\/uploads\/2017\/04\/Un-teint-uniforme-%C3%A0-la-place-du-contouring.jpg?w=650&amp;ssl=1 650w, https:\/\/i0.wp.com\/flashmode.tn\/magazine\/wp-content\/uploads\/2017\/04\/Un-teint-uniforme-%C3%A0-la-place-du-contouring.jpg?resize=300%2C219&amp;ssl=1 300w, https:\/\/i0.wp.com\/flashmode.tn\/magazine\/wp-content\/uploads\/2017\/04\/Un-teint-uniforme-%C3%A0-la-place-du-contouring.jpg?resize=324%2C235&amp;ssl=1 324w, https:\/\/i0.wp.com\/flashmode.tn\/magazine\/wp-content\/uploads\/2017\/04\/Un-teint-uniforme-%C3%A0-la-place-du-contouring.jpg?resize=576%2C420&amp;ssl=1 576w\" sizes=\"auto, (max-width: 650px) 100vw, 650px\" \/><figcaption id=\"caption-attachment-1753\" class=\"wp-caption-text\">Le fond de teint unifie et uniformise. Il a donc tendance \u00e0 gommer les traits et les reliefs du visage. Pour red\u00e9finir les contours et redonner de l&rsquo;\u00e9clat, finissez toujours par une touche de poudre et de blush.<\/figcaption><\/figure>\n<div id=\"js-block-1880860\">\n<p>Bonne nouvelle pour celles qui n\u2019avaient pas r\u00e9ussi \u00e0\u00a0ma\u00eetriser l\u2019art du\u00a0contouring (et\u00a0pour celles qui ne\u00a0savent m\u00eame pas de\u00a0quoi nous parlons) : en\u00a02017, <em>le\u00a0ton naturel du\u00a0visage sera \u00e0\u00a0la\u00a0mode<\/em>, sans sch\u00e9ma compliqu\u00e9, ni\u00a0multiples couches de\u00a0base pour le\u00a0maquillage. Tu\u00a0pourras faire ressortir la\u00a0couleur naturelle de\u00a0ta\u00a0peau en\u00a0mettant du\u00a0gel ou\u00a0du\u00a0fard \u00e0\u00a0joues brillant.<\/p>\n<\/div>\n<h3 style=\"text-align: left;\"><span class=\"ez-toc-section\" id=\"Les_rouges_a_levres_brillants_vont_remplacer_les_mats\"><\/span>Les rouges \u00e0\u00a0l\u00e8vres brillants vont remplacer les mats<span class=\"ez-toc-section-end\"><\/span><\/h3>\n<figure id=\"attachment_1754\" aria-describedby=\"caption-attachment-1754\" style=\"width: 650px\" class=\"wp-caption aligncenter\"><img data-recalc-dims=\"1\" loading=\"lazy\" decoding=\"async\" class=\"size-full wp-image-1754\" src=\"https:\/\/i0.wp.com\/flashmode.tn\/magazine\/wp-content\/uploads\/2017\/04\/Les-rouges-%C3%A0-l%C3%A8vres-brillants-vont-remplacer-les-mats.jpg?resize=650%2C474\" alt=\"Longtemps d\u00e9laiss\u00e9s au profit des lipsticks mat et caract\u00e9ris\u00e9s comme &quot;ringards&quot; ou &quot;trop collant&quot;, les rouges \u00e0 l\u00e8vres brillants ont de nouveau une place de choix dans nos trousses \u00e0 maquillage. Les gloss ou rouge \u00e0 l\u00e8vres satin\u00e9s, apportent un maximum de lumi\u00e8re \u00e0 notre bouche mais aussi au reste du visage.\" width=\"650\" height=\"474\" srcset=\"https:\/\/i0.wp.com\/flashmode.tn\/magazine\/wp-content\/uploads\/2017\/04\/Les-rouges-%C3%A0-l%C3%A8vres-brillants-vont-remplacer-les-mats.jpg?w=650&amp;ssl=1 650w, https:\/\/i0.wp.com\/flashmode.tn\/magazine\/wp-content\/uploads\/2017\/04\/Les-rouges-%C3%A0-l%C3%A8vres-brillants-vont-remplacer-les-mats.jpg?resize=300%2C219&amp;ssl=1 300w, https:\/\/i0.wp.com\/flashmode.tn\/magazine\/wp-content\/uploads\/2017\/04\/Les-rouges-%C3%A0-l%C3%A8vres-brillants-vont-remplacer-les-mats.jpg?resize=324%2C235&amp;ssl=1 324w, https:\/\/i0.wp.com\/flashmode.tn\/magazine\/wp-content\/uploads\/2017\/04\/Les-rouges-%C3%A0-l%C3%A8vres-brillants-vont-remplacer-les-mats.jpg?resize=576%2C420&amp;ssl=1 576w\" sizes=\"auto, (max-width: 650px) 100vw, 650px\" \/><figcaption id=\"caption-attachment-1754\" class=\"wp-caption-text\">Longtemps d\u00e9laiss\u00e9s au profit des lipsticks mat et caract\u00e9ris\u00e9s comme \u00ab\u00a0ringards\u00a0\u00bb ou \u00ab\u00a0trop collant\u00a0\u00bb, les rouges \u00e0 l\u00e8vres brillants ont de nouveau une place de choix dans nos trousses \u00e0 maquillage. Les gloss ou rouge \u00e0 l\u00e8vres satin\u00e9s, apportent un maximum de lumi\u00e8re \u00e0 notre bouche mais aussi au reste du visage.<\/figcaption><\/figure>\n<div id=\"js-block-1881010\">\n<p>Les rouges \u00e0\u00a0l\u00e8vres couleur mate, que l\u2019on a\u00a0pu\u00a0voir sur les tapis rouges en\u00a02016, vont petit \u00e0\u00a0petit c\u00e9der du\u00a0terrain en\u00a02017. Ils seront remplac\u00e9s par <em>des rouges \u00e0\u00a0l\u00e8vres brillants<\/em>, qui rendent les l\u00e8vres pulpeuses et\u00a0sensuelles.<\/p>\n<p>Contrairement au fini mat, les lipsticks brillants sont avant tout conseill\u00e9s pour celles qui ont des l\u00e8vres fines, la <strong>brillance donne du volume <\/strong>donc votre bouche para\u00eetra <strong>plus pulpeuse <\/strong>et ils \u00e9vitent de floutter les contours d&rsquo;une bouche peu dessin\u00e9e.<\/p>\n<p>Parfait pour donner une <strong>allure fra\u00eeche<\/strong><strong> et romantique<\/strong> \u00e0 un maquillage, les rouges \u00e0 l\u00e8vres brillants s&rsquo;accordent \u00e0 <strong>tous les \u00e2ges<\/strong> et \u00e0 tous les <strong>types de peaux<\/strong>.<\/p>\n<\/div>\n<h3 style=\"text-align: left;\"><span class=\"ez-toc-section\" id=\"Des_levres_aux_couleurs_de_baies_plutot_que_couleur_vin\"><\/span>Des l\u00e8vres aux couleurs de\u00a0baies plut\u00f4t que couleur vin<span class=\"ez-toc-section-end\"><\/span><\/h3>\n<figure id=\"attachment_1755\" aria-describedby=\"caption-attachment-1755\" style=\"width: 650px\" class=\"wp-caption aligncenter\"><img data-recalc-dims=\"1\" loading=\"lazy\" decoding=\"async\" class=\"size-full wp-image-1755\" src=\"https:\/\/i0.wp.com\/flashmode.tn\/magazine\/wp-content\/uploads\/2017\/04\/Des-l%C3%A8vres-aux-couleurs-de-baies-plut%C3%B4t-que-couleur-vin.jpg?resize=650%2C474\" alt=\"Des l\u00e8vres aux couleurs de baies plut\u00f4t que couleur vin\" width=\"650\" height=\"474\" srcset=\"https:\/\/i0.wp.com\/flashmode.tn\/magazine\/wp-content\/uploads\/2017\/04\/Des-l%C3%A8vres-aux-couleurs-de-baies-plut%C3%B4t-que-couleur-vin.jpg?w=650&amp;ssl=1 650w, https:\/\/i0.wp.com\/flashmode.tn\/magazine\/wp-content\/uploads\/2017\/04\/Des-l%C3%A8vres-aux-couleurs-de-baies-plut%C3%B4t-que-couleur-vin.jpg?resize=300%2C219&amp;ssl=1 300w, https:\/\/i0.wp.com\/flashmode.tn\/magazine\/wp-content\/uploads\/2017\/04\/Des-l%C3%A8vres-aux-couleurs-de-baies-plut%C3%B4t-que-couleur-vin.jpg?resize=324%2C235&amp;ssl=1 324w, https:\/\/i0.wp.com\/flashmode.tn\/magazine\/wp-content\/uploads\/2017\/04\/Des-l%C3%A8vres-aux-couleurs-de-baies-plut%C3%B4t-que-couleur-vin.jpg?resize=576%2C420&amp;ssl=1 576w\" sizes=\"auto, (max-width: 650px) 100vw, 650px\" \/><figcaption id=\"caption-attachment-1755\" class=\"wp-caption-text\">Des l\u00e8vres aux couleurs de baies plut\u00f4t que couleur vin<\/figcaption><\/figure>\n<div id=\"js-block-1881160\">\n<p>Autre tendance de\u00a0l\u2019ann\u00e9e 2017, <em>les couleurs \u00ab\u00a0fruits des bois\u00a0\u00bb pour tes l\u00e8vres<\/em> : framboises juteuses, myrtilles sauvages ou\u00a0fraises pulpeuses. Les l\u00e8vres couleur vin reviendront plus tard.<\/p>\n<\/div>\n<h3 style=\"text-align: left;\"><span class=\"ez-toc-section\" id=\"Des_cheveux_boucles_plutot_que_des_ondulations_retro\"><\/span>Des cheveux boucl\u00e9s plut\u00f4t que des ondulations retro<span class=\"ez-toc-section-end\"><\/span><\/h3>\n<figure id=\"attachment_1756\" aria-describedby=\"caption-attachment-1756\" style=\"width: 650px\" class=\"wp-caption aligncenter\"><img data-recalc-dims=\"1\" loading=\"lazy\" decoding=\"async\" class=\"size-full wp-image-1756\" src=\"https:\/\/i0.wp.com\/flashmode.tn\/magazine\/wp-content\/uploads\/2017\/04\/Des-cheveux-boucl%C3%A9s-plut%C3%B4t-que-des-ondulations-retro.jpg?resize=650%2C474\" alt=\"Les cheveux boucl\u00e9s, fris\u00e9s, ondul\u00e9s, wavy ou cr\u00e9pus c\u2019est g\u00e9n\u00e9ralement canon ! Mais trouver la coiffure adapt\u00e9e aux cheveux boucl\u00e9s, c\u2019est parfois la plaie.\" width=\"650\" height=\"474\" srcset=\"https:\/\/i0.wp.com\/flashmode.tn\/magazine\/wp-content\/uploads\/2017\/04\/Des-cheveux-boucl%C3%A9s-plut%C3%B4t-que-des-ondulations-retro.jpg?w=650&amp;ssl=1 650w, https:\/\/i0.wp.com\/flashmode.tn\/magazine\/wp-content\/uploads\/2017\/04\/Des-cheveux-boucl%C3%A9s-plut%C3%B4t-que-des-ondulations-retro.jpg?resize=300%2C219&amp;ssl=1 300w, https:\/\/i0.wp.com\/flashmode.tn\/magazine\/wp-content\/uploads\/2017\/04\/Des-cheveux-boucl%C3%A9s-plut%C3%B4t-que-des-ondulations-retro.jpg?resize=324%2C235&amp;ssl=1 324w, https:\/\/i0.wp.com\/flashmode.tn\/magazine\/wp-content\/uploads\/2017\/04\/Des-cheveux-boucl%C3%A9s-plut%C3%B4t-que-des-ondulations-retro.jpg?resize=576%2C420&amp;ssl=1 576w\" sizes=\"auto, (max-width: 650px) 100vw, 650px\" \/><figcaption id=\"caption-attachment-1756\" class=\"wp-caption-text\">Les cheveux boucl\u00e9s, fris\u00e9s, ondul\u00e9s, wavy ou cr\u00e9pus c\u2019est g\u00e9n\u00e9ralement canon ! Mais trouver la coiffure adapt\u00e9e aux cheveux boucl\u00e9s, c\u2019est parfois la plaie.<\/figcaption><\/figure>\n<div id=\"js-block-1881310\">\n<p>L\u2019une des tendances les plus importantes pour les cheveux en\u00a02017 sont <em>les petites boucles<\/em> que tu\u00a0pourras obtenir \u00e0\u00a0l\u2019aide d\u2019un boucleur \u00e0\u00a0cheveux de\u00a0petit diam\u00e8tre. Une autre solution consiste \u00e0\u00a0te\u00a0faire beaucoup de\u00a0tresses et\u00a0\u00e0\u00a0les garder toute la\u00a0nuit.<\/p>\n<\/div>\n<h3 style=\"text-align: left;\"><span class=\"ez-toc-section\" id=\"Des_couleurs_de_cheveux_douces_plutot_que_vives\"><\/span>Des couleurs de\u00a0cheveux douces plut\u00f4t que vives<span class=\"ez-toc-section-end\"><\/span><\/h3>\n<figure id=\"attachment_1757\" aria-describedby=\"caption-attachment-1757\" style=\"width: 650px\" class=\"wp-caption aligncenter\"><img data-recalc-dims=\"1\" loading=\"lazy\" decoding=\"async\" class=\"size-full wp-image-1757\" src=\"https:\/\/i0.wp.com\/flashmode.tn\/magazine\/wp-content\/uploads\/2017\/04\/Des-couleurs-de-cheveux-douces-plut%C3%B4t-que-vives.jpg?resize=650%2C474\" alt=\"Choisir la bonne couleur pour votre chevelure peut tout changer. Cette saison on opte pour des couleurs de cheveux douces.\" width=\"650\" height=\"474\" srcset=\"https:\/\/i0.wp.com\/flashmode.tn\/magazine\/wp-content\/uploads\/2017\/04\/Des-couleurs-de-cheveux-douces-plut%C3%B4t-que-vives.jpg?w=650&amp;ssl=1 650w, https:\/\/i0.wp.com\/flashmode.tn\/magazine\/wp-content\/uploads\/2017\/04\/Des-couleurs-de-cheveux-douces-plut%C3%B4t-que-vives.jpg?resize=300%2C219&amp;ssl=1 300w, https:\/\/i0.wp.com\/flashmode.tn\/magazine\/wp-content\/uploads\/2017\/04\/Des-couleurs-de-cheveux-douces-plut%C3%B4t-que-vives.jpg?resize=324%2C235&amp;ssl=1 324w, https:\/\/i0.wp.com\/flashmode.tn\/magazine\/wp-content\/uploads\/2017\/04\/Des-couleurs-de-cheveux-douces-plut%C3%B4t-que-vives.jpg?resize=576%2C420&amp;ssl=1 576w\" sizes=\"auto, (max-width: 650px) 100vw, 650px\" \/><figcaption id=\"caption-attachment-1757\" class=\"wp-caption-text\">Choisir la bonne couleur pour votre chevelure peut tout changer. Cette saison on opte pour des couleurs de cheveux douces.<\/figcaption><\/figure>\n<div id=\"js-block-1881460\">\n<p>La\u00a0mode des cheveux aux couleurs tr\u00e8s vives, qui s\u2019est maintenue ces deux derni\u00e8res ann\u00e9es, commence \u00e0\u00a0dispara\u00eetre petit \u00e0\u00a0petit. Le\u00a0violet et\u00a0le\u00a0bleu tr\u00e8s profond sont remplac\u00e9s par des tons plus doux.<\/p>\n<\/div>\n<h3 style=\"text-align: left;\"><span class=\"ez-toc-section\" id=\"Des_chignons_stricts_plutot_que_destructures\"><\/span>Des chignons stricts plut\u00f4t que destructur\u00e9s<span class=\"ez-toc-section-end\"><\/span><\/h3>\n<figure id=\"attachment_1758\" aria-describedby=\"caption-attachment-1758\" style=\"width: 650px\" class=\"wp-caption aligncenter\"><img data-recalc-dims=\"1\" loading=\"lazy\" decoding=\"async\" class=\"size-full wp-image-1758\" src=\"https:\/\/i0.wp.com\/flashmode.tn\/magazine\/wp-content\/uploads\/2017\/04\/Des-chignons-stricts-plut%C3%B4t-que-destructur%C3%A9s.jpg?resize=650%2C474\" alt=\"Pour cette nouvelle saison, les chignons n'h\u00e9sitent pas \u00e0 prendre toujours plus de hauteur pour des coiffures encore plus volumineuses. Une sorte de chignon bun revisit\u00e9 pour un r\u00e9sultat plus strict et plut\u00f4t r\u00e9serv\u00e9 aux grandes occasions.\" width=\"650\" height=\"474\" srcset=\"https:\/\/i0.wp.com\/flashmode.tn\/magazine\/wp-content\/uploads\/2017\/04\/Des-chignons-stricts-plut%C3%B4t-que-destructur%C3%A9s.jpg?w=650&amp;ssl=1 650w, https:\/\/i0.wp.com\/flashmode.tn\/magazine\/wp-content\/uploads\/2017\/04\/Des-chignons-stricts-plut%C3%B4t-que-destructur%C3%A9s.jpg?resize=300%2C219&amp;ssl=1 300w, https:\/\/i0.wp.com\/flashmode.tn\/magazine\/wp-content\/uploads\/2017\/04\/Des-chignons-stricts-plut%C3%B4t-que-destructur%C3%A9s.jpg?resize=324%2C235&amp;ssl=1 324w, https:\/\/i0.wp.com\/flashmode.tn\/magazine\/wp-content\/uploads\/2017\/04\/Des-chignons-stricts-plut%C3%B4t-que-destructur%C3%A9s.jpg?resize=576%2C420&amp;ssl=1 576w\" sizes=\"auto, (max-width: 650px) 100vw, 650px\" \/><figcaption id=\"caption-attachment-1758\" class=\"wp-caption-text\">Pour cette nouvelle saison, les chignons n&rsquo;h\u00e9sitent pas \u00e0 prendre toujours plus de hauteur pour des coiffures encore plus volumineuses. Une sorte de chignon bun revisit\u00e9 pour un r\u00e9sultat plus strict et plut\u00f4t r\u00e9serv\u00e9 aux grandes occasions.<\/figcaption><\/figure>\n<div id=\"js-block-1881610\">\n<p>Si\u00a0l\u2019abandon des couleurs de\u00a0cheveux vives n\u2019est pas trop difficile \u00e0\u00a0r\u00e9aliser, cette nouvelle va\u00a0faire de\u00a0la\u00a0peine \u00e0\u00a0beaucoup de\u00a0femmes : les chignons destructur\u00e9s que nous avons port\u00e9s avec tant de\u00a0plaisir en\u00a02016\u00a0ne seront plus aussi bien vus en\u00a02017. On\u00a0fera une exception pour <em>les chignons bas bien attach\u00e9s<\/em> et\u00a0<em>les coiffures type coquillage<\/em>.<\/p>\n<figure id=\"attachment_1759\" aria-describedby=\"caption-attachment-1759\" style=\"width: 1200px\" class=\"wp-caption aligncenter\"><img data-recalc-dims=\"1\" loading=\"lazy\" decoding=\"async\" class=\"size-full wp-image-1759\" src=\"https:\/\/i0.wp.com\/flashmode.tn\/magazine\/wp-content\/uploads\/2017\/04\/Le-chignon-strict-tendance-2017.jpg?resize=696%2C523\" alt=\"Le chignon strict tendance 2017\" width=\"696\" height=\"523\" srcset=\"https:\/\/i0.wp.com\/flashmode.tn\/magazine\/wp-content\/uploads\/2017\/04\/Le-chignon-strict-tendance-2017.jpg?w=1200&amp;ssl=1 1200w, https:\/\/i0.wp.com\/flashmode.tn\/magazine\/wp-content\/uploads\/2017\/04\/Le-chignon-strict-tendance-2017.jpg?resize=300%2C225&amp;ssl=1 300w, https:\/\/i0.wp.com\/flashmode.tn\/magazine\/wp-content\/uploads\/2017\/04\/Le-chignon-strict-tendance-2017.jpg?resize=768%2C577&amp;ssl=1 768w, https:\/\/i0.wp.com\/flashmode.tn\/magazine\/wp-content\/uploads\/2017\/04\/Le-chignon-strict-tendance-2017.jpg?resize=1024%2C769&amp;ssl=1 1024w, https:\/\/i0.wp.com\/flashmode.tn\/magazine\/wp-content\/uploads\/2017\/04\/Le-chignon-strict-tendance-2017.jpg?resize=80%2C60&amp;ssl=1 80w, https:\/\/i0.wp.com\/flashmode.tn\/magazine\/wp-content\/uploads\/2017\/04\/Le-chignon-strict-tendance-2017.jpg?resize=265%2C198&amp;ssl=1 265w, https:\/\/i0.wp.com\/flashmode.tn\/magazine\/wp-content\/uploads\/2017\/04\/Le-chignon-strict-tendance-2017.jpg?resize=696%2C523&amp;ssl=1 696w, https:\/\/i0.wp.com\/flashmode.tn\/magazine\/wp-content\/uploads\/2017\/04\/Le-chignon-strict-tendance-2017.jpg?resize=1068%2C802&amp;ssl=1 1068w, https:\/\/i0.wp.com\/flashmode.tn\/magazine\/wp-content\/uploads\/2017\/04\/Le-chignon-strict-tendance-2017.jpg?resize=559%2C420&amp;ssl=1 559w\" sizes=\"auto, (max-width: 696px) 100vw, 696px\" \/><figcaption id=\"caption-attachment-1759\" class=\"wp-caption-text\">Le chignon strict tendance 2017<\/figcaption><\/figure>\n<p><em>Le chignon<\/em> traverse les d\u00e9cennies avec toujours autant d&rsquo;\u00e9l\u00e9gance et d&rsquo;originalit\u00e9. Banane, danseuse, douche ou flou, il s&rsquo;adapte aux cheveux et aux personnalit\u00e9s. Une tendance dont il ne faut pas se priver.<\/p>\n<\/div>\n<h3 style=\"text-align: left;\"><span class=\"ez-toc-section\" id=\"French_manucure_en_couleur_plutot_quen_demi-cercle\"><\/span>French manucure en\u00a0couleur plut\u00f4t qu\u2019en demi-cercle<span class=\"ez-toc-section-end\"><\/span><\/h3>\n<figure id=\"attachment_1760\" aria-describedby=\"caption-attachment-1760\" style=\"width: 650px\" class=\"wp-caption aligncenter\"><img data-recalc-dims=\"1\" loading=\"lazy\" decoding=\"async\" class=\"size-full wp-image-1760\" src=\"https:\/\/i0.wp.com\/flashmode.tn\/magazine\/wp-content\/uploads\/2017\/04\/French-manucure-en-couleur-plut%C3%B4t-qu%E2%80%99en-demi-cercle.jpg?resize=650%2C407\" alt=\"La french manucure classique ? C'est d\u00e9pass\u00e9 ! La nouvelle tendance en mati\u00e8re de nail art, c'est la french bicolore ! Le secret : appliquer deux couleurs assorties - une claire et une plus flashy - pour donner du peps \u00e0 ses ongles.\" width=\"650\" height=\"407\" srcset=\"https:\/\/i0.wp.com\/flashmode.tn\/magazine\/wp-content\/uploads\/2017\/04\/French-manucure-en-couleur-plut%C3%B4t-qu%E2%80%99en-demi-cercle.jpg?w=650&amp;ssl=1 650w, https:\/\/i0.wp.com\/flashmode.tn\/magazine\/wp-content\/uploads\/2017\/04\/French-manucure-en-couleur-plut%C3%B4t-qu%E2%80%99en-demi-cercle.jpg?resize=300%2C188&amp;ssl=1 300w\" sizes=\"auto, (max-width: 650px) 100vw, 650px\" \/><figcaption id=\"caption-attachment-1760\" class=\"wp-caption-text\">La french manucure classique ? C&rsquo;est d\u00e9pass\u00e9 ! La nouvelle tendance en mati\u00e8re de nail art, c&rsquo;est la french bicolore ! Le secret : appliquer deux couleurs assorties &#8211; une claire et une plus flashy &#8211; pour donner du peps \u00e0 ses ongles.<\/figcaption><\/figure>\n<div id=\"js-block-1881760\">\n<p>En\u00a02016, la\u00a0manucure des ongles en\u00a0demi-cercle a\u00a0eu\u00a0beaucoup de\u00a0succ\u00e8s, avec la\u00a0base de\u00a0l\u2019ongle vernie d\u2019une autre couleur ou\u00a0laiss\u00e9e au\u00a0naturel. La\u00a0nouvelle tendance pour 2017 est <em>la\u00a0french manucure de\u00a0diff\u00e9rentes couleurs<\/em>.<\/p>\n<\/div>\n<\/div>\n","protected":false},"excerpt":{"rendered":"<p>La\u00a0mode est capricieuse et\u00a0changeante, pas seulement pour les v\u00eatements, mais aussi pour d\u2019autres d\u00e9tails de votre\u00a0look. Flashmode Magazine vous\u00a0d\u00e9voile les styles de\u00a0coiffure et\u00a0de\u00a0maquillage qui seront pass\u00e9s \u00e0\u00a0la\u00a0mode en\u00a02017, et\u00a0par quoi ils seront remplac\u00e9s. Tendance beaut\u00e9 : Les 10 tendances maquillage et coiffure \u00e0 bannir en 2017 Les sourcils au\u00a0naturel plut\u00f4t que maquill\u00e9s Si\u00a0en\u00a02016\u00a0tu n\u2019as pas [&hellip;]<\/p>\n","protected":false},"author":1,"featured_media":1764,"comment_status":"open","ping_status":"open","sticky":false,"template":"","format":"standard","meta":{"tdm_status":"","tdm_grid_status":"","_jetpack_memberships_contains_paid_content":false,"footnotes":"","jetpack_publicize_message":"","jetpack_publicize_feature_enabled":true,"jetpack_social_post_already_shared":true,"jetpack_social_options":{"image_generator_settings":{"template":"highway","default_image_id":0,"font":"","enabled":false},"version":2}},"categories":[933],"tags":[532,623,94,604,100,90,89],"class_list":["post-1748","post","type-post","status-publish","format-standard","has-post-thumbnail","hentry","category-tendance-beaute","tag-532","tag-coiffure","tag-femmes","tag-maquillage","tag-printemps-ete-2017","tag-tendance-mode","tag-tendances"],"yoast_head":"<!-- This site is optimized with the Yoast SEO Premium plugin v25.0 (Yoast SEO v25.0) - https:\/\/yoast.com\/wordpress\/plugins\/seo\/ -->\n<title>Tendance beaut\u00e9 : Les 10 tendances maquillage et coiffure \u00e0 bannir en 2017<\/title>\n<meta name=\"description\" content=\"La mode est capricieuse et changeante, On vous d\u00e9voile les styles de coiffure et de maquillage a eviter en 2017, et par quoi ils seront remplac\u00e9s.\" \/>\n<meta name=\"robots\" content=\"index, follow, max-snippet:-1, max-image-preview:large, max-video-preview:-1\" \/>\n<link rel=\"canonical\" href=\"https:\/\/flashmode.tn\/magazine\/tendance-beaute-les-10-tendances-maquillage-et-coiffure-a-bannir-en-2017\/\" \/>\n<meta property=\"og:locale\" content=\"fr_FR\" \/>\n<meta property=\"og:type\" content=\"article\" \/>\n<meta property=\"og:title\" content=\"Tendance beaut\u00e9 : Les 10 tendances maquillage et coiffure \u00e0 bannir en 2017 - Flashmode Magazine | Magazine de mode et style de vie Num\u00e9ro un en Tunisie et au Maghreb\" \/>\n<meta property=\"og:description\" content=\"La mode est capricieuse et changeante, On vous d\u00e9voile les styles de coiffure et de maquillage a eviter en 2017, et par quoi ils seront remplac\u00e9s.\" \/>\n<meta property=\"og:url\" content=\"https:\/\/flashmode.tn\/magazine\/tendance-beaute-les-10-tendances-maquillage-et-coiffure-a-bannir-en-2017\/\" \/>\n<meta property=\"og:site_name\" content=\"Flashmode Magazine | Magazine de mode et style de vie Num\u00e9ro un en Tunisie et au Maghreb\" \/>\n<meta property=\"article:publisher\" content=\"https:\/\/www.facebook.com\/flashmode.magazine\/\" \/>\n<meta property=\"article:author\" content=\"https:\/\/www.facebook.com\/flashmode.tn\/\" \/>\n<meta property=\"article:published_time\" content=\"2017-04-15T12:19:50+00:00\" \/>\n<meta property=\"article:modified_time\" content=\"2017-05-12T08:42:01+00:00\" \/>\n<meta property=\"og:image\" content=\"https:\/\/i0.wp.com\/flashmode.tn\/magazine\/wp-content\/uploads\/2017\/04\/Tendance-beaut\u00e9-10-tendances-maquillage-et-coiffure-\u00e0-bannir-en-2017.jpg?fit=1200%2C630&ssl=1\" \/>\n\t<meta property=\"og:image:width\" content=\"1200\" \/>\n\t<meta property=\"og:image:height\" content=\"630\" \/>\n\t<meta property=\"og:image:type\" content=\"image\/jpeg\" \/>\n<meta name=\"author\" content=\"Flashmode Redaction\" \/>\n<meta name=\"twitter:card\" content=\"summary_large_image\" \/>\n<meta name=\"twitter:creator\" content=\"@agenceflashmode\" \/>\n<meta name=\"twitter:site\" content=\"@agenceflashmode\" \/>\n<meta name=\"twitter:label1\" content=\"\u00c9crit par\" \/>\n\t<meta name=\"twitter:data1\" content=\"Flashmode Redaction\" \/>\n\t<meta name=\"twitter:label2\" content=\"Dur\u00e9e de lecture estim\u00e9e\" \/>\n\t<meta name=\"twitter:data2\" content=\"6 minutes\" \/>\n<script type=\"application\/ld+json\" class=\"yoast-schema-graph\">{\"@context\":\"https:\/\/schema.org\",\"@graph\":[{\"@type\":\"WebPage\",\"@id\":\"https:\/\/flashmode.tn\/magazine\/tendance-beaute-les-10-tendances-maquillage-et-coiffure-a-bannir-en-2017\/\",\"url\":\"https:\/\/flashmode.tn\/magazine\/tendance-beaute-les-10-tendances-maquillage-et-coiffure-a-bannir-en-2017\/\",\"name\":\"Tendance beaut\u00e9 : Les 10 tendances maquillage et coiffure \u00e0 bannir en 2017\",\"isPartOf\":{\"@id\":\"https:\/\/flashmode.tn\/magazine\/#website\"},\"primaryImageOfPage\":{\"@id\":\"https:\/\/flashmode.tn\/magazine\/tendance-beaute-les-10-tendances-maquillage-et-coiffure-a-bannir-en-2017\/#primaryimage\"},\"image\":{\"@id\":\"https:\/\/flashmode.tn\/magazine\/tendance-beaute-les-10-tendances-maquillage-et-coiffure-a-bannir-en-2017\/#primaryimage\"},\"thumbnailUrl\":\"https:\/\/i0.wp.com\/flashmode.tn\/magazine\/wp-content\/uploads\/2017\/04\/Tendance-beaut%C3%A9-10-tendances-maquillage-et-coiffure-%C3%A0-bannir-en-2017.jpg?fit=1200%2C630&ssl=1\",\"datePublished\":\"2017-04-15T12:19:50+00:00\",\"dateModified\":\"2017-05-12T08:42:01+00:00\",\"author\":{\"@id\":\"https:\/\/flashmode.tn\/magazine\/#\/schema\/person\/3f823bd21aac7a0f420afc62546669bf\"},\"description\":\"La mode est capricieuse et changeante, On vous d\u00e9voile les styles de coiffure et de maquillage a eviter en 2017, et par quoi ils seront remplac\u00e9s.\",\"breadcrumb\":{\"@id\":\"https:\/\/flashmode.tn\/magazine\/tendance-beaute-les-10-tendances-maquillage-et-coiffure-a-bannir-en-2017\/#breadcrumb\"},\"inLanguage\":\"fr-FR\",\"potentialAction\":[{\"@type\":\"ReadAction\",\"target\":[\"https:\/\/flashmode.tn\/magazine\/tendance-beaute-les-10-tendances-maquillage-et-coiffure-a-bannir-en-2017\/\"]}]},{\"@type\":\"ImageObject\",\"inLanguage\":\"fr-FR\",\"@id\":\"https:\/\/flashmode.tn\/magazine\/tendance-beaute-les-10-tendances-maquillage-et-coiffure-a-bannir-en-2017\/#primaryimage\",\"url\":\"https:\/\/i0.wp.com\/flashmode.tn\/magazine\/wp-content\/uploads\/2017\/04\/Tendance-beaut%C3%A9-10-tendances-maquillage-et-coiffure-%C3%A0-bannir-en-2017.jpg?fit=1200%2C630&ssl=1\",\"contentUrl\":\"https:\/\/i0.wp.com\/flashmode.tn\/magazine\/wp-content\/uploads\/2017\/04\/Tendance-beaut%C3%A9-10-tendances-maquillage-et-coiffure-%C3%A0-bannir-en-2017.jpg?fit=1200%2C630&ssl=1\",\"width\":1200,\"height\":630},{\"@type\":\"BreadcrumbList\",\"@id\":\"https:\/\/flashmode.tn\/magazine\/tendance-beaute-les-10-tendances-maquillage-et-coiffure-a-bannir-en-2017\/#breadcrumb\",\"itemListElement\":[{\"@type\":\"ListItem\",\"position\":1,\"name\":\"Accueil\",\"item\":\"https:\/\/flashmode.tn\/magazine\/\"},{\"@type\":\"ListItem\",\"position\":2,\"name\":\"Tendance beaut\u00e9 : Les 10 tendances maquillage et coiffure \u00e0 bannir en 2017\"}]},{\"@type\":\"WebSite\",\"@id\":\"https:\/\/flashmode.tn\/magazine\/#website\",\"url\":\"https:\/\/flashmode.tn\/magazine\/\",\"name\":\"Flashmode Magazine | Magazine de mode et style de vie Num\u00e9ro un en Tunisie et au Maghreb\",\"description\":\"Magazine de mode et style de vie Num\u00e9ro un en Tunisie et au Maghreb, cr\u00e9\u00e9 pour les hommes et les femmes : conseils beaut\u00e9, mode femme, mode homme, recettes de cuisine, c\u00e9l\u00e9brit\u00e9s et people, mannequins et top modeles\",\"potentialAction\":[{\"@type\":\"SearchAction\",\"target\":{\"@type\":\"EntryPoint\",\"urlTemplate\":\"https:\/\/flashmode.tn\/magazine\/?s={search_term_string}\"},\"query-input\":{\"@type\":\"PropertyValueSpecification\",\"valueRequired\":true,\"valueName\":\"search_term_string\"}}],\"inLanguage\":\"fr-FR\"},{\"@type\":\"Person\",\"@id\":\"https:\/\/flashmode.tn\/magazine\/#\/schema\/person\/3f823bd21aac7a0f420afc62546669bf\",\"name\":\"Flashmode Redaction\",\"image\":{\"@type\":\"ImageObject\",\"inLanguage\":\"fr-FR\",\"@id\":\"https:\/\/flashmode.tn\/magazine\/#\/schema\/person\/image\/\",\"url\":\"https:\/\/secure.gravatar.com\/avatar\/947ad40404cdc3e70ee0edc058b6cd9a0c33e313f45ca8cae30bf2ce3a5d91ba?s=96&d=mm&r=g\",\"contentUrl\":\"https:\/\/secure.gravatar.com\/avatar\/947ad40404cdc3e70ee0edc058b6cd9a0c33e313f45ca8cae30bf2ce3a5d91ba?s=96&d=mm&r=g\",\"caption\":\"Flashmode Redaction\"},\"sameAs\":[\"https:\/\/www.facebook.com\/flashmode.tn\/\"],\"url\":\"https:\/\/flashmode.tn\/magazine\/author\/admin\/\"}]}<\/script>\n<!-- \/ Yoast SEO Premium plugin. -->","yoast_head_json":{"title":"Tendance beaut\u00e9 : Les 10 tendances maquillage et coiffure \u00e0 bannir en 2017","description":"La mode est capricieuse et changeante, On vous d\u00e9voile les styles de coiffure et de maquillage a eviter en 2017, et par quoi ils seront remplac\u00e9s.","robots":{"index":"index","follow":"follow","max-snippet":"max-snippet:-1","max-image-preview":"max-image-preview:large","max-video-preview":"max-video-preview:-1"},"canonical":"https:\/\/flashmode.tn\/magazine\/tendance-beaute-les-10-tendances-maquillage-et-coiffure-a-bannir-en-2017\/","og_locale":"fr_FR","og_type":"article","og_title":"Tendance beaut\u00e9 : Les 10 tendances maquillage et coiffure \u00e0 bannir en 2017 - Flashmode Magazine | Magazine de mode et style de vie Num\u00e9ro un en Tunisie et au Maghreb","og_description":"La mode est capricieuse et changeante, On vous d\u00e9voile les styles de coiffure et de maquillage a eviter en 2017, et par quoi ils seront remplac\u00e9s.","og_url":"https:\/\/flashmode.tn\/magazine\/tendance-beaute-les-10-tendances-maquillage-et-coiffure-a-bannir-en-2017\/","og_site_name":"Flashmode Magazine | Magazine de mode et style de vie Num\u00e9ro un en Tunisie et au Maghreb","article_publisher":"https:\/\/www.facebook.com\/flashmode.magazine\/","article_author":"https:\/\/www.facebook.com\/flashmode.tn\/","article_published_time":"2017-04-15T12:19:50+00:00","article_modified_time":"2017-05-12T08:42:01+00:00","og_image":[{"width":1200,"height":630,"url":"https:\/\/i0.wp.com\/flashmode.tn\/magazine\/wp-content\/uploads\/2017\/04\/Tendance-beaut\u00e9-10-tendances-maquillage-et-coiffure-\u00e0-bannir-en-2017.jpg?fit=1200%2C630&ssl=1","type":"image\/jpeg"}],"author":"Flashmode Redaction","twitter_card":"summary_large_image","twitter_creator":"@agenceflashmode","twitter_site":"@agenceflashmode","twitter_misc":{"\u00c9crit par":"Flashmode Redaction","Dur\u00e9e de lecture estim\u00e9e":"6 minutes"},"schema":{"@context":"https:\/\/schema.org","@graph":[{"@type":"WebPage","@id":"https:\/\/flashmode.tn\/magazine\/tendance-beaute-les-10-tendances-maquillage-et-coiffure-a-bannir-en-2017\/","url":"https:\/\/flashmode.tn\/magazine\/tendance-beaute-les-10-tendances-maquillage-et-coiffure-a-bannir-en-2017\/","name":"Tendance beaut\u00e9 : Les 10 tendances maquillage et coiffure \u00e0 bannir en 2017","isPartOf":{"@id":"https:\/\/flashmode.tn\/magazine\/#website"},"primaryImageOfPage":{"@id":"https:\/\/flashmode.tn\/magazine\/tendance-beaute-les-10-tendances-maquillage-et-coiffure-a-bannir-en-2017\/#primaryimage"},"image":{"@id":"https:\/\/flashmode.tn\/magazine\/tendance-beaute-les-10-tendances-maquillage-et-coiffure-a-bannir-en-2017\/#primaryimage"},"thumbnailUrl":"https:\/\/i0.wp.com\/flashmode.tn\/magazine\/wp-content\/uploads\/2017\/04\/Tendance-beaut%C3%A9-10-tendances-maquillage-et-coiffure-%C3%A0-bannir-en-2017.jpg?fit=1200%2C630&ssl=1","datePublished":"2017-04-15T12:19:50+00:00","dateModified":"2017-05-12T08:42:01+00:00","author":{"@id":"https:\/\/flashmode.tn\/magazine\/#\/schema\/person\/3f823bd21aac7a0f420afc62546669bf"},"description":"La mode est capricieuse et changeante, On vous d\u00e9voile les styles de coiffure et de maquillage a eviter en 2017, et par quoi ils seront remplac\u00e9s.","breadcrumb":{"@id":"https:\/\/flashmode.tn\/magazine\/tendance-beaute-les-10-tendances-maquillage-et-coiffure-a-bannir-en-2017\/#breadcrumb"},"inLanguage":"fr-FR","potentialAction":[{"@type":"ReadAction","target":["https:\/\/flashmode.tn\/magazine\/tendance-beaute-les-10-tendances-maquillage-et-coiffure-a-bannir-en-2017\/"]}]},{"@type":"ImageObject","inLanguage":"fr-FR","@id":"https:\/\/flashmode.tn\/magazine\/tendance-beaute-les-10-tendances-maquillage-et-coiffure-a-bannir-en-2017\/#primaryimage","url":"https:\/\/i0.wp.com\/flashmode.tn\/magazine\/wp-content\/uploads\/2017\/04\/Tendance-beaut%C3%A9-10-tendances-maquillage-et-coiffure-%C3%A0-bannir-en-2017.jpg?fit=1200%2C630&ssl=1","contentUrl":"https:\/\/i0.wp.com\/flashmode.tn\/magazine\/wp-content\/uploads\/2017\/04\/Tendance-beaut%C3%A9-10-tendances-maquillage-et-coiffure-%C3%A0-bannir-en-2017.jpg?fit=1200%2C630&ssl=1","width":1200,"height":630},{"@type":"BreadcrumbList","@id":"https:\/\/flashmode.tn\/magazine\/tendance-beaute-les-10-tendances-maquillage-et-coiffure-a-bannir-en-2017\/#breadcrumb","itemListElement":[{"@type":"ListItem","position":1,"name":"Accueil","item":"https:\/\/flashmode.tn\/magazine\/"},{"@type":"ListItem","position":2,"name":"Tendance beaut\u00e9 : Les 10 tendances maquillage et coiffure \u00e0 bannir en 2017"}]},{"@type":"WebSite","@id":"https:\/\/flashmode.tn\/magazine\/#website","url":"https:\/\/flashmode.tn\/magazine\/","name":"Flashmode Magazine | Magazine de mode et style de vie Num\u00e9ro un en Tunisie et au Maghreb","description":"Magazine de mode et style de vie Num\u00e9ro un en Tunisie et au Maghreb, cr\u00e9\u00e9 pour les hommes et les femmes : conseils beaut\u00e9, mode femme, mode homme, recettes de cuisine, c\u00e9l\u00e9brit\u00e9s et people, mannequins et top modeles","potentialAction":[{"@type":"SearchAction","target":{"@type":"EntryPoint","urlTemplate":"https:\/\/flashmode.tn\/magazine\/?s={search_term_string}"},"query-input":{"@type":"PropertyValueSpecification","valueRequired":true,"valueName":"search_term_string"}}],"inLanguage":"fr-FR"},{"@type":"Person","@id":"https:\/\/flashmode.tn\/magazine\/#\/schema\/person\/3f823bd21aac7a0f420afc62546669bf","name":"Flashmode Redaction","image":{"@type":"ImageObject","inLanguage":"fr-FR","@id":"https:\/\/flashmode.tn\/magazine\/#\/schema\/person\/image\/","url":"https:\/\/secure.gravatar.com\/avatar\/947ad40404cdc3e70ee0edc058b6cd9a0c33e313f45ca8cae30bf2ce3a5d91ba?s=96&d=mm&r=g","contentUrl":"https:\/\/secure.gravatar.com\/avatar\/947ad40404cdc3e70ee0edc058b6cd9a0c33e313f45ca8cae30bf2ce3a5d91ba?s=96&d=mm&r=g","caption":"Flashmode Redaction"},"sameAs":["https:\/\/www.facebook.com\/flashmode.tn\/"],"url":"https:\/\/flashmode.tn\/magazine\/author\/admin\/"}]}},"jetpack_publicize_connections":[],"jetpack_featured_media_url":"https:\/\/i0.wp.com\/flashmode.tn\/magazine\/wp-content\/uploads\/2017\/04\/Tendance-beaut%C3%A9-10-tendances-maquillage-et-coiffure-%C3%A0-bannir-en-2017.jpg?fit=1200%2C630&ssl=1","jetpack_shortlink":"https:\/\/wp.me\/p8BPGr-sc","jetpack_sharing_enabled":true,"_links":{"self":[{"href":"https:\/\/flashmode.tn\/magazine\/wp-json\/wp\/v2\/posts\/1748","targetHints":{"allow":["GET"]}}],"collection":[{"href":"https:\/\/flashmode.tn\/magazine\/wp-json\/wp\/v2\/posts"}],"about":[{"href":"https:\/\/flashmode.tn\/magazine\/wp-json\/wp\/v2\/types\/post"}],"author":[{"embeddable":true,"href":"https:\/\/flashmode.tn\/magazine\/wp-json\/wp\/v2\/users\/1"}],"replies":[{"embeddable":true,"href":"https:\/\/flashmode.tn\/magazine\/wp-json\/wp\/v2\/comments?post=1748"}],"version-history":[{"count":3,"href":"https:\/\/flashmode.tn\/magazine\/wp-json\/wp\/v2\/posts\/1748\/revisions"}],"predecessor-version":[{"id":2218,"href":"https:\/\/flashmode.tn\/magazine\/wp-json\/wp\/v2\/posts\/1748\/revisions\/2218"}],"wp:featuredmedia":[{"embeddable":true,"href":"https:\/\/flashmode.tn\/magazine\/wp-json\/wp\/v2\/media\/1764"}],"wp:attachment":[{"href":"https:\/\/flashmode.tn\/magazine\/wp-json\/wp\/v2\/media?parent=1748"}],"wp:term":[{"taxonomy":"category","embeddable":true,"href":"https:\/\/flashmode.tn\/magazine\/wp-json\/wp\/v2\/categories?post=1748"},{"taxonomy":"post_tag","embeddable":true,"href":"https:\/\/flashmode.tn\/magazine\/wp-json\/wp\/v2\/tags?post=1748"}],"curies":[{"name":"wp","href":"https:\/\/api.w.org\/{rel}","templated":true}]}}