{"id":2661,"date":"2017-05-18T00:40:02","date_gmt":"2017-05-17T22:40:02","guid":{"rendered":"http:\/\/flashmode.tn\/magazine\/people\/actu\/people-david-pujadas-profondement-blesse-par-son-eviction\/"},"modified":"2017-05-18T00:40:02","modified_gmt":"2017-05-17T22:40:02","slug":"people-david-pujadas-profondement-blesse-par-son-eviction","status":"publish","type":"post","link":"https:\/\/flashmode.tn\/magazine\/people-david-pujadas-profondement-blesse-par-son-eviction\/","title":{"rendered":"People : David Pujadas \u00ab\u00a0profond\u00e9ment bless\u00e9\u00a0\u00bb par son \u00e9viction"},"content":{"rendered":"<h2>David Pujadas \u00ab\u00a0profond\u00e9ment bless\u00e9\u00a0\u00bb par son \u00e9viction <\/h2>\n<p>EXCLU TELESTAR.FR &#8211; David Pujadas ne pr\u00e9sentera plus le 20 heures de France 2 \u00e0 partir de la rentr\u00e9e prochaine. Delphine Ernotte, pr\u00e9sidente de France T\u00e9l\u00e9visions, a choisi de se s\u00e9parer du journaliste, pr\u00e9sent \u00e0 l&rsquo;antenne depuis 16 ans. Une \u00e9viction que le pr\u00e9sentateur a cru pouvoir \u00e9viter. R\u00e9cit d&rsquo;une folle journ\u00e9e.<\/p>\n<div itemprop=\"articleBody\">\n<p>N&rsquo;a-t-il pas vu le coup venir ? Mercredi 17 mai au si\u00e8ge de France T\u00e9l\u00e9visions, <strong>David Pujadas<\/strong> a appris de la bouche m\u00eame de la directrice de France T\u00e9l\u00e9visions, <strong>Delphine Ernotte<\/strong>, qu&rsquo;il \u00e9tait \u00e9vinc\u00e9 du 20h de France 2. Ce matin l\u00e0 vers 10h, <strong>Delphine Ernotte<\/strong> le convoque dans son bureau pour lui annoncer la nouvelle. Une d\u00e9cision qu&rsquo;elle a m\u00fbrement r\u00e9fl\u00e9chie, en solitaire, et ce depuis des mois. Quels reproches lui a-t-elle fait lors de ce t\u00eate-\u00e0-t\u00eate ? Aucun \u00ab\u00a0<i>elle lui a juste expliqu\u00e9 sa volont\u00e9 de renouvellement. Seize ans \u00e0 la t\u00eate du 20h pour elle, c&rsquo;est suffisant. Il a v\u00e9cu quatre pr\u00e9sidentielles, \u00e7a suffit<\/i>\u00ab\u00a0, lui aurait-elle l\u00e2ch\u00e9 nous confie une source au sein de l&rsquo;info.<\/p>\n<p>Cette annonce choc, <strong>le journalise de 52 ans<\/strong>, p\u00e8re de 4 enfants, a eu du mal \u00e0 l&rsquo;encaisser. \u00ab\u00a0<i>Il n&rsquo;\u00e9tait pas dans une col\u00e8re noire mais profond\u00e9ment bless\u00e9<\/i>\u00a0\u00bb pr\u00e9cise notre source. D&rsquo;autant que le pr\u00e9sentateur a r\u00e9alis\u00e9 cette saison des audiences qui ont de quoi inqui\u00e9ter TF1. Il y a une semaine, il s&rsquo;est m\u00eame pay\u00e9 le luxe de battre <strong>Gilles Bouleau<\/strong>. \u00ab\u00a0<i>Les audiences, Delphine Ernotte ne les prend pas en consid\u00e9ration. Cela faisait plusieurs mois qu&rsquo;elle avait en t\u00eate de le virer. Ce n&rsquo;est pas sorti du chapeau<\/i>\u00ab\u00a0, croit savoir un membre de la r\u00e9daction. Il faut dire que les relations entre le pr\u00e9sentateur et sa patronne \u00e9taient quasi inexistantes. \u00ab\u00a0<i>Alors qu&rsquo;avec Michel Field, les relations \u00e9taient plut\u00f4t cordiales, avec Delphine Ernotte il sentait que le courant ne passait pas. Ils n&rsquo;ont jamais nou\u00e9 de liens.\u00a0\u00bb<\/i><\/p>\n<p>Aussit\u00f4t sorti du bureau de <strong>Delphine Ernotte<\/strong>, <strong>David Pujadas<\/strong> a tenu \u00e0 avertir sa r\u00e9daction. \u00ab\u00a0<i>Le sentiment d&rsquo;\u00e9motion \u00e9tait tr\u00e8s fort. Certains ont grandi avec David. C&rsquo;est assez violent.<\/i>\u00a0\u00bb Bient\u00f4t, la r\u00e9daction devra travailler avec la rempla\u00e7ante de Pujadas : <strong>Anne-Sophie Lapix<\/strong>. Un recrutement que <strong>Delphine Ernotte<\/strong> a officialis\u00e9 dans une interview donn\u00e9e \u00e0 nos confr\u00e8res du Parisien. Jeudi 18 mai, une AG se tiendra dans les locaux de France T\u00e9l\u00e9visions. Une nouvelle motion de censure sera-t-elle vot\u00e9e ?\u00a0<\/p>\n<p><!-- adtech emplacement:nativearticle --><\/p>\n<div id=\"tls2|1|rg|500x120Centre\" class=\"emplacement_adtech type-nativearticle\">\n\t\t\t<noscript><br \/>\n\t\t\t\t\t\t\t\t<img loading=\"lazy\" decoding=\"async\" src=\"http:\/\/adserver.adtech.de\/adserv|3.0|1483.1||0|739|ADTECH;loc=100;alias=tls2|1|rg|500x120Centre;kvsousrubrique=information;key='280288+tele+information+david-pujadas'\" border=\"0\" width=\"500\" height=\"120\"\/><br \/>\n\t\t\t\t\t\t\t<\/noscript>\n\t\t\t<\/div>\n<\/p><\/div>\n","protected":false},"excerpt":{"rendered":"<p>David Pujadas \u00ab\u00a0profond\u00e9ment bless\u00e9\u00a0\u00bb par son \u00e9viction EXCLU TELESTAR.FR &#8211; David Pujadas ne pr\u00e9sentera plus le 20 heures de France 2 \u00e0 partir de la rentr\u00e9e prochaine. Delphine Ernotte, pr\u00e9sidente de France T\u00e9l\u00e9visions, a choisi de se s\u00e9parer du journaliste, pr\u00e9sent \u00e0 l&rsquo;antenne depuis 16 ans. Une \u00e9viction que le pr\u00e9sentateur a cru pouvoir \u00e9viter. [&hellip;]<\/p>\n","protected":false},"author":2,"featured_media":0,"comment_status":"open","ping_status":"open","sticky":false,"template":"","format":"standard","meta":{"tdm_status":"","tdm_grid_status":"","_jetpack_memberships_contains_paid_content":false,"footnotes":"","jetpack_publicize_message":"","jetpack_publicize_feature_enabled":true,"jetpack_social_post_already_shared":true,"jetpack_social_options":{"image_generator_settings":{"template":"highway","default_image_id":0,"font":"","enabled":false},"version":2}},"categories":[956],"tags":[],"class_list":["post-2661","post","type-post","status-publish","format-standard","hentry","category-actu"],"yoast_head":"<!-- This site is optimized with the Yoast SEO Premium plugin v25.0 (Yoast SEO v25.0) - https:\/\/yoast.com\/wordpress\/plugins\/seo\/ -->\n<title>People : David Pujadas &quot;profond\u00e9ment bless\u00e9&quot; par son \u00e9viction - Flashmode Magazine | Magazine de mode et style de vie Num\u00e9ro un en Tunisie et au Maghreb<\/title>\n<meta name=\"description\" content=\"David Pujadas &quot;profond\u00e9ment bless\u00e9&quot; par son \u00e9viction EXCLU TELESTAR.FR - David Pujadas ne pr\u00e9sentera plus le 20 heures de France 2 \u00e0 partir de la rentr\u00e9e\" \/>\n<meta name=\"robots\" content=\"index, follow, max-snippet:-1, max-image-preview:large, max-video-preview:-1\" \/>\n<link rel=\"canonical\" href=\"https:\/\/flashmode.tn\/magazine\/people-david-pujadas-profondement-blesse-par-son-eviction\/\" \/>\n<meta property=\"og:locale\" content=\"fr_FR\" \/>\n<meta property=\"og:type\" content=\"article\" \/>\n<meta property=\"og:title\" content=\"People : David Pujadas &quot;profond\u00e9ment bless\u00e9&quot; par son \u00e9viction - Flashmode Magazine | Magazine de mode et style de vie Num\u00e9ro un en Tunisie et au Maghreb\" \/>\n<meta property=\"og:description\" content=\"David Pujadas &quot;profond\u00e9ment bless\u00e9&quot; par son \u00e9viction EXCLU TELESTAR.FR - David Pujadas ne pr\u00e9sentera plus le 20 heures de France 2 \u00e0 partir de la rentr\u00e9e\" \/>\n<meta property=\"og:url\" content=\"https:\/\/flashmode.tn\/magazine\/people-david-pujadas-profondement-blesse-par-son-eviction\/\" \/>\n<meta property=\"og:site_name\" content=\"Flashmode Magazine | Magazine de mode et style de vie Num\u00e9ro un en Tunisie et au Maghreb\" \/>\n<meta property=\"article:publisher\" content=\"https:\/\/www.facebook.com\/flashmode.magazine\/\" \/>\n<meta property=\"article:published_time\" content=\"2017-05-17T22:40:02+00:00\" \/>\n<meta property=\"og:image\" content=\"http:\/\/adserver.adtech.de\/adserv|3.0|1483.1||0|739|ADTECH;loc=100;alias=tls2|1|rg|500x120Centre;kvsousrubrique=information;key='280288+tele+information+david-pujadas'\" \/>\n<meta name=\"author\" content=\"Nora D.\" \/>\n<meta name=\"twitter:card\" content=\"summary_large_image\" \/>\n<meta name=\"twitter:creator\" content=\"@agenceflashmode\" \/>\n<meta name=\"twitter:site\" content=\"@agenceflashmode\" \/>\n<meta name=\"twitter:label1\" content=\"\u00c9crit par\" \/>\n\t<meta name=\"twitter:data1\" content=\"Nora D.\" \/>\n\t<meta name=\"twitter:label2\" content=\"Dur\u00e9e de lecture estim\u00e9e\" \/>\n\t<meta name=\"twitter:data2\" content=\"2 minutes\" \/>\n<script type=\"application\/ld+json\" class=\"yoast-schema-graph\">{\"@context\":\"https:\/\/schema.org\",\"@graph\":[{\"@type\":\"WebPage\",\"@id\":\"https:\/\/flashmode.tn\/magazine\/people-david-pujadas-profondement-blesse-par-son-eviction\/\",\"url\":\"https:\/\/flashmode.tn\/magazine\/people-david-pujadas-profondement-blesse-par-son-eviction\/\",\"name\":\"People : David Pujadas \\\"profond\u00e9ment bless\u00e9\\\" par son \u00e9viction - Flashmode Magazine | Magazine de mode et style de vie Num\u00e9ro un en Tunisie et au Maghreb\",\"isPartOf\":{\"@id\":\"https:\/\/flashmode.tn\/magazine\/#website\"},\"primaryImageOfPage\":{\"@id\":\"https:\/\/flashmode.tn\/magazine\/people-david-pujadas-profondement-blesse-par-son-eviction\/#primaryimage\"},\"image\":{\"@id\":\"https:\/\/flashmode.tn\/magazine\/people-david-pujadas-profondement-blesse-par-son-eviction\/#primaryimage\"},\"thumbnailUrl\":\"http:\/\/adserver.adtech.de\/adserv|3.0|1483.1||0|739|ADTECH;loc=100;alias=tls2|1|rg|500x120Centre;kvsousrubrique=information;key='280288+tele+information+david-pujadas'\",\"datePublished\":\"2017-05-17T22:40:02+00:00\",\"author\":{\"@id\":\"https:\/\/flashmode.tn\/magazine\/#\/schema\/person\/ebeaf8414935b60ba8817ab0babd7fbe\"},\"description\":\"David Pujadas \\\"profond\u00e9ment bless\u00e9\\\" par son \u00e9viction EXCLU TELESTAR.FR - David Pujadas ne pr\u00e9sentera plus le 20 heures de France 2 \u00e0 partir de la rentr\u00e9e\",\"breadcrumb\":{\"@id\":\"https:\/\/flashmode.tn\/magazine\/people-david-pujadas-profondement-blesse-par-son-eviction\/#breadcrumb\"},\"inLanguage\":\"fr-FR\",\"potentialAction\":[{\"@type\":\"ReadAction\",\"target\":[\"https:\/\/flashmode.tn\/magazine\/people-david-pujadas-profondement-blesse-par-son-eviction\/\"]}]},{\"@type\":\"ImageObject\",\"inLanguage\":\"fr-FR\",\"@id\":\"https:\/\/flashmode.tn\/magazine\/people-david-pujadas-profondement-blesse-par-son-eviction\/#primaryimage\",\"url\":\"http:\/\/adserver.adtech.de\/adserv|3.0|1483.1||0|739|ADTECH;loc=100;alias=tls2|1|rg|500x120Centre;kvsousrubrique=information;key='280288+tele+information+david-pujadas'\",\"contentUrl\":\"http:\/\/adserver.adtech.de\/adserv|3.0|1483.1||0|739|ADTECH;loc=100;alias=tls2|1|rg|500x120Centre;kvsousrubrique=information;key='280288+tele+information+david-pujadas'\"},{\"@type\":\"BreadcrumbList\",\"@id\":\"https:\/\/flashmode.tn\/magazine\/people-david-pujadas-profondement-blesse-par-son-eviction\/#breadcrumb\",\"itemListElement\":[{\"@type\":\"ListItem\",\"position\":1,\"name\":\"Accueil\",\"item\":\"https:\/\/flashmode.tn\/magazine\/\"},{\"@type\":\"ListItem\",\"position\":2,\"name\":\"People : David Pujadas \u00ab\u00a0profond\u00e9ment bless\u00e9\u00a0\u00bb par son \u00e9viction\"}]},{\"@type\":\"WebSite\",\"@id\":\"https:\/\/flashmode.tn\/magazine\/#website\",\"url\":\"https:\/\/flashmode.tn\/magazine\/\",\"name\":\"Flashmode Magazine | Magazine de mode et style de vie Num\u00e9ro un en Tunisie et au Maghreb\",\"description\":\"Magazine de mode et style de vie Num\u00e9ro un en Tunisie et au Maghreb, cr\u00e9\u00e9 pour les hommes et les femmes : conseils beaut\u00e9, mode femme, mode homme, recettes de cuisine, c\u00e9l\u00e9brit\u00e9s et people, mannequins et top modeles\",\"potentialAction\":[{\"@type\":\"SearchAction\",\"target\":{\"@type\":\"EntryPoint\",\"urlTemplate\":\"https:\/\/flashmode.tn\/magazine\/?s={search_term_string}\"},\"query-input\":{\"@type\":\"PropertyValueSpecification\",\"valueRequired\":true,\"valueName\":\"search_term_string\"}}],\"inLanguage\":\"fr-FR\"},{\"@type\":\"Person\",\"@id\":\"https:\/\/flashmode.tn\/magazine\/#\/schema\/person\/ebeaf8414935b60ba8817ab0babd7fbe\",\"name\":\"Nora D.\",\"image\":{\"@type\":\"ImageObject\",\"inLanguage\":\"fr-FR\",\"@id\":\"https:\/\/flashmode.tn\/magazine\/#\/schema\/person\/image\/\",\"url\":\"https:\/\/secure.gravatar.com\/avatar\/a51d897ddf0a2216affe16e03a39790850922d1b5b29f147f35db7ccb8861eab?s=96&d=mm&r=g\",\"contentUrl\":\"https:\/\/secure.gravatar.com\/avatar\/a51d897ddf0a2216affe16e03a39790850922d1b5b29f147f35db7ccb8861eab?s=96&d=mm&r=g\",\"caption\":\"Nora D.\"},\"url\":\"https:\/\/flashmode.tn\/magazine\/author\/nora-damak\/\"}]}<\/script>\n<!-- \/ Yoast SEO Premium plugin. -->","yoast_head_json":{"title":"People : David Pujadas \"profond\u00e9ment bless\u00e9\" par son \u00e9viction - Flashmode Magazine | Magazine de mode et style de vie Num\u00e9ro un en Tunisie et au Maghreb","description":"David Pujadas \"profond\u00e9ment bless\u00e9\" par son \u00e9viction EXCLU TELESTAR.FR - David Pujadas ne pr\u00e9sentera plus le 20 heures de France 2 \u00e0 partir de la rentr\u00e9e","robots":{"index":"index","follow":"follow","max-snippet":"max-snippet:-1","max-image-preview":"max-image-preview:large","max-video-preview":"max-video-preview:-1"},"canonical":"https:\/\/flashmode.tn\/magazine\/people-david-pujadas-profondement-blesse-par-son-eviction\/","og_locale":"fr_FR","og_type":"article","og_title":"People : David Pujadas \"profond\u00e9ment bless\u00e9\" par son \u00e9viction - Flashmode Magazine | Magazine de mode et style de vie Num\u00e9ro un en Tunisie et au Maghreb","og_description":"David Pujadas \"profond\u00e9ment bless\u00e9\" par son \u00e9viction EXCLU TELESTAR.FR - David Pujadas ne pr\u00e9sentera plus le 20 heures de France 2 \u00e0 partir de la rentr\u00e9e","og_url":"https:\/\/flashmode.tn\/magazine\/people-david-pujadas-profondement-blesse-par-son-eviction\/","og_site_name":"Flashmode Magazine | Magazine de mode et style de vie Num\u00e9ro un en Tunisie et au Maghreb","article_publisher":"https:\/\/www.facebook.com\/flashmode.magazine\/","article_published_time":"2017-05-17T22:40:02+00:00","og_image":[{"url":"http:\/\/adserver.adtech.de\/adserv|3.0|1483.1||0|739|ADTECH;loc=100;alias=tls2|1|rg|500x120Centre;kvsousrubrique=information;key='280288+tele+information+david-pujadas'","type":"","width":"","height":""}],"author":"Nora D.","twitter_card":"summary_large_image","twitter_creator":"@agenceflashmode","twitter_site":"@agenceflashmode","twitter_misc":{"\u00c9crit par":"Nora D.","Dur\u00e9e de lecture estim\u00e9e":"2 minutes"},"schema":{"@context":"https:\/\/schema.org","@graph":[{"@type":"WebPage","@id":"https:\/\/flashmode.tn\/magazine\/people-david-pujadas-profondement-blesse-par-son-eviction\/","url":"https:\/\/flashmode.tn\/magazine\/people-david-pujadas-profondement-blesse-par-son-eviction\/","name":"People : David Pujadas \"profond\u00e9ment bless\u00e9\" par son \u00e9viction - Flashmode Magazine | Magazine de mode et style de vie Num\u00e9ro un en Tunisie et au Maghreb","isPartOf":{"@id":"https:\/\/flashmode.tn\/magazine\/#website"},"primaryImageOfPage":{"@id":"https:\/\/flashmode.tn\/magazine\/people-david-pujadas-profondement-blesse-par-son-eviction\/#primaryimage"},"image":{"@id":"https:\/\/flashmode.tn\/magazine\/people-david-pujadas-profondement-blesse-par-son-eviction\/#primaryimage"},"thumbnailUrl":"http:\/\/adserver.adtech.de\/adserv|3.0|1483.1||0|739|ADTECH;loc=100;alias=tls2|1|rg|500x120Centre;kvsousrubrique=information;key='280288+tele+information+david-pujadas'","datePublished":"2017-05-17T22:40:02+00:00","author":{"@id":"https:\/\/flashmode.tn\/magazine\/#\/schema\/person\/ebeaf8414935b60ba8817ab0babd7fbe"},"description":"David Pujadas \"profond\u00e9ment bless\u00e9\" par son \u00e9viction EXCLU TELESTAR.FR - David Pujadas ne pr\u00e9sentera plus le 20 heures de France 2 \u00e0 partir de la rentr\u00e9e","breadcrumb":{"@id":"https:\/\/flashmode.tn\/magazine\/people-david-pujadas-profondement-blesse-par-son-eviction\/#breadcrumb"},"inLanguage":"fr-FR","potentialAction":[{"@type":"ReadAction","target":["https:\/\/flashmode.tn\/magazine\/people-david-pujadas-profondement-blesse-par-son-eviction\/"]}]},{"@type":"ImageObject","inLanguage":"fr-FR","@id":"https:\/\/flashmode.tn\/magazine\/people-david-pujadas-profondement-blesse-par-son-eviction\/#primaryimage","url":"http:\/\/adserver.adtech.de\/adserv|3.0|1483.1||0|739|ADTECH;loc=100;alias=tls2|1|rg|500x120Centre;kvsousrubrique=information;key='280288+tele+information+david-pujadas'","contentUrl":"http:\/\/adserver.adtech.de\/adserv|3.0|1483.1||0|739|ADTECH;loc=100;alias=tls2|1|rg|500x120Centre;kvsousrubrique=information;key='280288+tele+information+david-pujadas'"},{"@type":"BreadcrumbList","@id":"https:\/\/flashmode.tn\/magazine\/people-david-pujadas-profondement-blesse-par-son-eviction\/#breadcrumb","itemListElement":[{"@type":"ListItem","position":1,"name":"Accueil","item":"https:\/\/flashmode.tn\/magazine\/"},{"@type":"ListItem","position":2,"name":"People : David Pujadas \u00ab\u00a0profond\u00e9ment bless\u00e9\u00a0\u00bb par son \u00e9viction"}]},{"@type":"WebSite","@id":"https:\/\/flashmode.tn\/magazine\/#website","url":"https:\/\/flashmode.tn\/magazine\/","name":"Flashmode Magazine | Magazine de mode et style de vie Num\u00e9ro un en Tunisie et au Maghreb","description":"Magazine de mode et style de vie Num\u00e9ro un en Tunisie et au Maghreb, cr\u00e9\u00e9 pour les hommes et les femmes : conseils beaut\u00e9, mode femme, mode homme, recettes de cuisine, c\u00e9l\u00e9brit\u00e9s et people, mannequins et top modeles","potentialAction":[{"@type":"SearchAction","target":{"@type":"EntryPoint","urlTemplate":"https:\/\/flashmode.tn\/magazine\/?s={search_term_string}"},"query-input":{"@type":"PropertyValueSpecification","valueRequired":true,"valueName":"search_term_string"}}],"inLanguage":"fr-FR"},{"@type":"Person","@id":"https:\/\/flashmode.tn\/magazine\/#\/schema\/person\/ebeaf8414935b60ba8817ab0babd7fbe","name":"Nora D.","image":{"@type":"ImageObject","inLanguage":"fr-FR","@id":"https:\/\/flashmode.tn\/magazine\/#\/schema\/person\/image\/","url":"https:\/\/secure.gravatar.com\/avatar\/a51d897ddf0a2216affe16e03a39790850922d1b5b29f147f35db7ccb8861eab?s=96&d=mm&r=g","contentUrl":"https:\/\/secure.gravatar.com\/avatar\/a51d897ddf0a2216affe16e03a39790850922d1b5b29f147f35db7ccb8861eab?s=96&d=mm&r=g","caption":"Nora D."},"url":"https:\/\/flashmode.tn\/magazine\/author\/nora-damak\/"}]}},"jetpack_publicize_connections":[],"jetpack_featured_media_url":"","jetpack_shortlink":"https:\/\/wp.me\/p8BPGr-GV","jetpack_sharing_enabled":true,"_links":{"self":[{"href":"https:\/\/flashmode.tn\/magazine\/wp-json\/wp\/v2\/posts\/2661","targetHints":{"allow":["GET"]}}],"collection":[{"href":"https:\/\/flashmode.tn\/magazine\/wp-json\/wp\/v2\/posts"}],"about":[{"href":"https:\/\/flashmode.tn\/magazine\/wp-json\/wp\/v2\/types\/post"}],"author":[{"embeddable":true,"href":"https:\/\/flashmode.tn\/magazine\/wp-json\/wp\/v2\/users\/2"}],"replies":[{"embeddable":true,"href":"https:\/\/flashmode.tn\/magazine\/wp-json\/wp\/v2\/comments?post=2661"}],"version-history":[{"count":0,"href":"https:\/\/flashmode.tn\/magazine\/wp-json\/wp\/v2\/posts\/2661\/revisions"}],"wp:attachment":[{"href":"https:\/\/flashmode.tn\/magazine\/wp-json\/wp\/v2\/media?parent=2661"}],"wp:term":[{"taxonomy":"category","embeddable":true,"href":"https:\/\/flashmode.tn\/magazine\/wp-json\/wp\/v2\/categories?post=2661"},{"taxonomy":"post_tag","embeddable":true,"href":"https:\/\/flashmode.tn\/magazine\/wp-json\/wp\/v2\/tags?post=2661"}],"curies":[{"name":"wp","href":"https:\/\/api.w.org\/{rel}","templated":true}]}}