{"id":3196,"date":"2017-05-29T10:25:47","date_gmt":"2017-05-29T08:25:47","guid":{"rendered":"http:\/\/flashmode.tn\/magazine\/people\/actu\/people-elie-semoun-tacle-lemission-danse-avec-les-stars-ce-nest-jamais-vraiment-des-stars\/"},"modified":"2017-05-29T10:25:47","modified_gmt":"2017-05-29T08:25:47","slug":"people-elie-semoun-tacle-lemission-danse-avec-les-stars-ce-nest-jamais-vraiment-des-stars","status":"publish","type":"post","link":"https:\/\/flashmode.tn\/magazine\/people-elie-semoun-tacle-lemission-danse-avec-les-stars-ce-nest-jamais-vraiment-des-stars\/","title":{"rendered":"People : Elie Semoun tacle l&rsquo;\u00e9mission Danse avec les stars : Ce n&rsquo;est jamais vraiment des stars"},"content":{"rendered":"<h2>Elie Semoun tacle l&rsquo;\u00e9mission Danse avec les stars : Ce n&rsquo;est jamais vraiment des stars <\/h2>\n<p><img data-recalc-dims=\"1\" decoding=\"async\" src=\"https:\/\/i0.wp.com\/flashmode.tn\/magazine\/wp-content\/uploads\/2017\/05\/people-elie-semoun-tacle-lemission-danse-avec-les-stars-ce-nest-jamais-vraiment-des-stars.jpg?w=696\" \/><\/p>\n<p>VIDEO &#8211; Invit\u00e9 au micro de la radio RTL, Elie Semoun a \u00e9voqu\u00e9 les raisons pour lesquelles il a refus\u00e9 de participer \u00e0 l&rsquo;\u00e9mission Danse avec les stars diffus\u00e9e sur TF1.\u00a0<\/p>\n<div>\n<p>Elie Semoun n&rsquo;a pas sa langue dans sa poche. Bien au contraire. Invit\u00e9 au micro de la radio <i>RTL<\/i> ce week-end, l&rsquo;humoriste a r\u00e9pondu aux questions de Jade et\u00a0Eric Dussart dans l&rsquo;\u00e9mission\u00a0<i>On refait la t\u00e9l\u00e9. <\/i>Il\u00a0a ainsi accept\u00e9 de revenir sur le sketch jug\u00e9 homophobe de Cyril Hanouna mais aussi d&rsquo;expliquer les vraies raisons pour lesquelles il a refus\u00e9 de participer \u00e0 l&rsquo;\u00e9mission <i>Danse avec les stars<\/i>. Et lorsqu&rsquo;il s&rsquo;agit du programme de TF1, Elie Semoun n&rsquo;est pas vraiment tendre : <i>\u00ab\u00a0On m&rsquo;a propos\u00e9 mais \u00e7a ne m&rsquo;int\u00e9\u00adresse pas<\/i>, a-t-il confi\u00e9 avant de pointer du doigt le casting.\u00a0<i>Ce n&rsquo;est jamais vraiment des stars&#8230; D\u00e9j\u00e0, il y a tromperie sur la marchandise.\u00a0\u00bb<\/i> Et l&rsquo;humoriste ne s&rsquo;est pas arr\u00eat\u00e9 l\u00e0&#8230; <i>\u00ab\u00a0En g\u00e9n\u00e9ral, c&rsquo;est des gens qui ont besoin de redorer leur blason, de refaire leur image, ce n&rsquo;est pas vraiment mon cas, je n&rsquo;en ai pas vraiment besoin, enfin je ne crois pas.\u00a0\u00bb<\/i><\/p>\n<p>Certains amis d&rsquo;<strong>Elie Semoun<\/strong> ont pourtant accept\u00e9 de participer au programme \u00e0 l&rsquo;image d&rsquo;<strong>Anthony Kava\u00adnagh<\/strong> ou Titoff. Mais une nouvelle fois, l&rsquo;humoriste semble r\u00e9ticent : <i>\u00ab\u00a0Je n&rsquo;ai pas compris, m\u00eame si eux ont ador\u00e9,<\/i> a-t-il expliqu\u00e9. <i>Je ne suis pas obs\u00e9d\u00e9 par mon image, mais, pour moi, ce serait descendre d&rsquo;un \u00e9tage.\u00a0\u00bb<\/i> Au moins, c&rsquo;est clair&#8230;\u00a0Si vous r\u00eaviez de voir Elie Semoun danser un tango aux c\u00f4t\u00e9s de Denitsa Ikonomova, c&rsquo;est rat\u00e9.\u00a0<\/p>\n<\/p><\/div>\n","protected":false},"excerpt":{"rendered":"<p>Elie Semoun tacle l&rsquo;\u00e9mission Danse avec les stars : Ce n&rsquo;est jamais vraiment des stars VIDEO &#8211; Invit\u00e9 au micro de la radio RTL, Elie Semoun a \u00e9voqu\u00e9 les raisons pour lesquelles il a refus\u00e9 de participer \u00e0 l&rsquo;\u00e9mission Danse avec les stars diffus\u00e9e sur TF1.\u00a0 Elie Semoun n&rsquo;a pas sa langue dans sa poche. [&hellip;]<\/p>\n","protected":false},"author":2,"featured_media":3197,"comment_status":"open","ping_status":"open","sticky":false,"template":"","format":"standard","meta":{"tdm_status":"","tdm_grid_status":"","_jetpack_memberships_contains_paid_content":false,"footnotes":"","jetpack_publicize_message":"","jetpack_publicize_feature_enabled":true,"jetpack_social_post_already_shared":true,"jetpack_social_options":{"image_generator_settings":{"template":"highway","default_image_id":0,"font":"","enabled":false},"version":2}},"categories":[956],"tags":[],"class_list":["post-3196","post","type-post","status-publish","format-standard","has-post-thumbnail","hentry","category-actu"],"yoast_head":"<!-- This site is optimized with the Yoast SEO Premium plugin v25.0 (Yoast SEO v25.0) - https:\/\/yoast.com\/wordpress\/plugins\/seo\/ -->\n<title>People : Elie Semoun tacle l&#039;\u00e9mission Danse avec les stars : Ce n&#039;est jamais vraiment des stars - Flashmode Magazine | Magazine de mode et style de vie Num\u00e9ro un en Tunisie et au Maghreb<\/title>\n<meta name=\"description\" content=\"Elie Semoun tacle l&#039;\u00e9mission Danse avec les stars : Ce n&#039;est jamais vraiment des stars VIDEO - Invit\u00e9 au micro de la radio RTL, Elie Semoun a \u00e9voqu\u00e9 les\" \/>\n<meta name=\"robots\" content=\"index, follow, max-snippet:-1, max-image-preview:large, max-video-preview:-1\" \/>\n<link rel=\"canonical\" href=\"https:\/\/flashmode.tn\/magazine\/people-elie-semoun-tacle-lemission-danse-avec-les-stars-ce-nest-jamais-vraiment-des-stars\/\" \/>\n<meta property=\"og:locale\" content=\"fr_FR\" \/>\n<meta property=\"og:type\" content=\"article\" \/>\n<meta property=\"og:title\" content=\"People : Elie Semoun tacle l&#039;\u00e9mission Danse avec les stars : Ce n&#039;est jamais vraiment des stars - Flashmode Magazine | Magazine de mode et style de vie Num\u00e9ro un en Tunisie et au Maghreb\" \/>\n<meta property=\"og:description\" content=\"Elie Semoun tacle l&#039;\u00e9mission Danse avec les stars : Ce n&#039;est jamais vraiment des stars VIDEO - Invit\u00e9 au micro de la radio RTL, Elie Semoun a \u00e9voqu\u00e9 les\" \/>\n<meta property=\"og:url\" content=\"https:\/\/flashmode.tn\/magazine\/people-elie-semoun-tacle-lemission-danse-avec-les-stars-ce-nest-jamais-vraiment-des-stars\/\" \/>\n<meta property=\"og:site_name\" content=\"Flashmode Magazine | Magazine de mode et style de vie Num\u00e9ro un en Tunisie et au Maghreb\" \/>\n<meta property=\"article:publisher\" content=\"https:\/\/www.facebook.com\/flashmode.magazine\/\" \/>\n<meta property=\"article:published_time\" content=\"2017-05-29T08:25:47+00:00\" \/>\n<meta property=\"og:image\" content=\"https:\/\/i0.wp.com\/flashmode.tn\/magazine\/wp-content\/uploads\/2017\/05\/people-elie-semoun-tacle-lemission-danse-avec-les-stars-ce-nest-jamais-vraiment-des-stars.jpg?fit=600%2C450&ssl=1\" \/>\n\t<meta property=\"og:image:width\" content=\"600\" \/>\n\t<meta property=\"og:image:height\" content=\"450\" \/>\n\t<meta property=\"og:image:type\" content=\"image\/jpeg\" \/>\n<meta name=\"author\" content=\"Nora D.\" \/>\n<meta name=\"twitter:card\" content=\"summary_large_image\" \/>\n<meta name=\"twitter:creator\" content=\"@agenceflashmode\" \/>\n<meta name=\"twitter:site\" content=\"@agenceflashmode\" \/>\n<meta name=\"twitter:label1\" content=\"\u00c9crit par\" \/>\n\t<meta name=\"twitter:data1\" content=\"Nora D.\" \/>\n\t<meta name=\"twitter:label2\" content=\"Dur\u00e9e de lecture estim\u00e9e\" \/>\n\t<meta name=\"twitter:data2\" content=\"1 minute\" \/>\n<script type=\"application\/ld+json\" class=\"yoast-schema-graph\">{\"@context\":\"https:\/\/schema.org\",\"@graph\":[{\"@type\":\"WebPage\",\"@id\":\"https:\/\/flashmode.tn\/magazine\/people-elie-semoun-tacle-lemission-danse-avec-les-stars-ce-nest-jamais-vraiment-des-stars\/\",\"url\":\"https:\/\/flashmode.tn\/magazine\/people-elie-semoun-tacle-lemission-danse-avec-les-stars-ce-nest-jamais-vraiment-des-stars\/\",\"name\":\"People : Elie Semoun tacle l'\u00e9mission Danse avec les stars : Ce n'est jamais vraiment des stars - Flashmode Magazine | Magazine de mode et style de vie Num\u00e9ro un en Tunisie et au Maghreb\",\"isPartOf\":{\"@id\":\"https:\/\/flashmode.tn\/magazine\/#website\"},\"primaryImageOfPage\":{\"@id\":\"https:\/\/flashmode.tn\/magazine\/people-elie-semoun-tacle-lemission-danse-avec-les-stars-ce-nest-jamais-vraiment-des-stars\/#primaryimage\"},\"image\":{\"@id\":\"https:\/\/flashmode.tn\/magazine\/people-elie-semoun-tacle-lemission-danse-avec-les-stars-ce-nest-jamais-vraiment-des-stars\/#primaryimage\"},\"thumbnailUrl\":\"https:\/\/i0.wp.com\/flashmode.tn\/magazine\/wp-content\/uploads\/2017\/05\/people-elie-semoun-tacle-lemission-danse-avec-les-stars-ce-nest-jamais-vraiment-des-stars.jpg?fit=600%2C450&ssl=1\",\"datePublished\":\"2017-05-29T08:25:47+00:00\",\"author\":{\"@id\":\"https:\/\/flashmode.tn\/magazine\/#\/schema\/person\/ebeaf8414935b60ba8817ab0babd7fbe\"},\"description\":\"Elie Semoun tacle l'\u00e9mission Danse avec les stars : Ce n'est jamais vraiment des stars VIDEO - Invit\u00e9 au micro de la radio RTL, Elie Semoun a \u00e9voqu\u00e9 les\",\"breadcrumb\":{\"@id\":\"https:\/\/flashmode.tn\/magazine\/people-elie-semoun-tacle-lemission-danse-avec-les-stars-ce-nest-jamais-vraiment-des-stars\/#breadcrumb\"},\"inLanguage\":\"fr-FR\",\"potentialAction\":[{\"@type\":\"ReadAction\",\"target\":[\"https:\/\/flashmode.tn\/magazine\/people-elie-semoun-tacle-lemission-danse-avec-les-stars-ce-nest-jamais-vraiment-des-stars\/\"]}]},{\"@type\":\"ImageObject\",\"inLanguage\":\"fr-FR\",\"@id\":\"https:\/\/flashmode.tn\/magazine\/people-elie-semoun-tacle-lemission-danse-avec-les-stars-ce-nest-jamais-vraiment-des-stars\/#primaryimage\",\"url\":\"https:\/\/i0.wp.com\/flashmode.tn\/magazine\/wp-content\/uploads\/2017\/05\/people-elie-semoun-tacle-lemission-danse-avec-les-stars-ce-nest-jamais-vraiment-des-stars.jpg?fit=600%2C450&ssl=1\",\"contentUrl\":\"https:\/\/i0.wp.com\/flashmode.tn\/magazine\/wp-content\/uploads\/2017\/05\/people-elie-semoun-tacle-lemission-danse-avec-les-stars-ce-nest-jamais-vraiment-des-stars.jpg?fit=600%2C450&ssl=1\",\"width\":600,\"height\":450},{\"@type\":\"BreadcrumbList\",\"@id\":\"https:\/\/flashmode.tn\/magazine\/people-elie-semoun-tacle-lemission-danse-avec-les-stars-ce-nest-jamais-vraiment-des-stars\/#breadcrumb\",\"itemListElement\":[{\"@type\":\"ListItem\",\"position\":1,\"name\":\"Accueil\",\"item\":\"https:\/\/flashmode.tn\/magazine\/\"},{\"@type\":\"ListItem\",\"position\":2,\"name\":\"People : Elie Semoun tacle l&rsquo;\u00e9mission Danse avec les stars : Ce n&rsquo;est jamais vraiment des stars\"}]},{\"@type\":\"WebSite\",\"@id\":\"https:\/\/flashmode.tn\/magazine\/#website\",\"url\":\"https:\/\/flashmode.tn\/magazine\/\",\"name\":\"Flashmode Magazine | Magazine de mode et style de vie Num\u00e9ro un en Tunisie et au Maghreb\",\"description\":\"Magazine de mode et style de vie Num\u00e9ro un en Tunisie et au Maghreb, cr\u00e9\u00e9 pour les hommes et les femmes : conseils beaut\u00e9, mode femme, mode homme, recettes de cuisine, c\u00e9l\u00e9brit\u00e9s et people, mannequins et top modeles\",\"potentialAction\":[{\"@type\":\"SearchAction\",\"target\":{\"@type\":\"EntryPoint\",\"urlTemplate\":\"https:\/\/flashmode.tn\/magazine\/?s={search_term_string}\"},\"query-input\":{\"@type\":\"PropertyValueSpecification\",\"valueRequired\":true,\"valueName\":\"search_term_string\"}}],\"inLanguage\":\"fr-FR\"},{\"@type\":\"Person\",\"@id\":\"https:\/\/flashmode.tn\/magazine\/#\/schema\/person\/ebeaf8414935b60ba8817ab0babd7fbe\",\"name\":\"Nora D.\",\"image\":{\"@type\":\"ImageObject\",\"inLanguage\":\"fr-FR\",\"@id\":\"https:\/\/flashmode.tn\/magazine\/#\/schema\/person\/image\/\",\"url\":\"https:\/\/secure.gravatar.com\/avatar\/a51d897ddf0a2216affe16e03a39790850922d1b5b29f147f35db7ccb8861eab?s=96&d=mm&r=g\",\"contentUrl\":\"https:\/\/secure.gravatar.com\/avatar\/a51d897ddf0a2216affe16e03a39790850922d1b5b29f147f35db7ccb8861eab?s=96&d=mm&r=g\",\"caption\":\"Nora D.\"},\"url\":\"https:\/\/flashmode.tn\/magazine\/author\/nora-damak\/\"}]}<\/script>\n<!-- \/ Yoast SEO Premium plugin. -->","yoast_head_json":{"title":"People : Elie Semoun tacle l'\u00e9mission Danse avec les stars : Ce n'est jamais vraiment des stars - Flashmode Magazine | Magazine de mode et style de vie Num\u00e9ro un en Tunisie et au Maghreb","description":"Elie Semoun tacle l'\u00e9mission Danse avec les stars : Ce n'est jamais vraiment des stars VIDEO - Invit\u00e9 au micro de la radio RTL, Elie Semoun a \u00e9voqu\u00e9 les","robots":{"index":"index","follow":"follow","max-snippet":"max-snippet:-1","max-image-preview":"max-image-preview:large","max-video-preview":"max-video-preview:-1"},"canonical":"https:\/\/flashmode.tn\/magazine\/people-elie-semoun-tacle-lemission-danse-avec-les-stars-ce-nest-jamais-vraiment-des-stars\/","og_locale":"fr_FR","og_type":"article","og_title":"People : Elie Semoun tacle l'\u00e9mission Danse avec les stars : Ce n'est jamais vraiment des stars - Flashmode Magazine | Magazine de mode et style de vie Num\u00e9ro un en Tunisie et au Maghreb","og_description":"Elie Semoun tacle l'\u00e9mission Danse avec les stars : Ce n'est jamais vraiment des stars VIDEO - Invit\u00e9 au micro de la radio RTL, Elie Semoun a \u00e9voqu\u00e9 les","og_url":"https:\/\/flashmode.tn\/magazine\/people-elie-semoun-tacle-lemission-danse-avec-les-stars-ce-nest-jamais-vraiment-des-stars\/","og_site_name":"Flashmode Magazine | Magazine de mode et style de vie Num\u00e9ro un en Tunisie et au Maghreb","article_publisher":"https:\/\/www.facebook.com\/flashmode.magazine\/","article_published_time":"2017-05-29T08:25:47+00:00","og_image":[{"width":600,"height":450,"url":"https:\/\/i0.wp.com\/flashmode.tn\/magazine\/wp-content\/uploads\/2017\/05\/people-elie-semoun-tacle-lemission-danse-avec-les-stars-ce-nest-jamais-vraiment-des-stars.jpg?fit=600%2C450&ssl=1","type":"image\/jpeg"}],"author":"Nora D.","twitter_card":"summary_large_image","twitter_creator":"@agenceflashmode","twitter_site":"@agenceflashmode","twitter_misc":{"\u00c9crit par":"Nora D.","Dur\u00e9e de lecture estim\u00e9e":"1 minute"},"schema":{"@context":"https:\/\/schema.org","@graph":[{"@type":"WebPage","@id":"https:\/\/flashmode.tn\/magazine\/people-elie-semoun-tacle-lemission-danse-avec-les-stars-ce-nest-jamais-vraiment-des-stars\/","url":"https:\/\/flashmode.tn\/magazine\/people-elie-semoun-tacle-lemission-danse-avec-les-stars-ce-nest-jamais-vraiment-des-stars\/","name":"People : Elie Semoun tacle l'\u00e9mission Danse avec les stars : Ce n'est jamais vraiment des stars - Flashmode Magazine | Magazine de mode et style de vie Num\u00e9ro un en Tunisie et au Maghreb","isPartOf":{"@id":"https:\/\/flashmode.tn\/magazine\/#website"},"primaryImageOfPage":{"@id":"https:\/\/flashmode.tn\/magazine\/people-elie-semoun-tacle-lemission-danse-avec-les-stars-ce-nest-jamais-vraiment-des-stars\/#primaryimage"},"image":{"@id":"https:\/\/flashmode.tn\/magazine\/people-elie-semoun-tacle-lemission-danse-avec-les-stars-ce-nest-jamais-vraiment-des-stars\/#primaryimage"},"thumbnailUrl":"https:\/\/i0.wp.com\/flashmode.tn\/magazine\/wp-content\/uploads\/2017\/05\/people-elie-semoun-tacle-lemission-danse-avec-les-stars-ce-nest-jamais-vraiment-des-stars.jpg?fit=600%2C450&ssl=1","datePublished":"2017-05-29T08:25:47+00:00","author":{"@id":"https:\/\/flashmode.tn\/magazine\/#\/schema\/person\/ebeaf8414935b60ba8817ab0babd7fbe"},"description":"Elie Semoun tacle l'\u00e9mission Danse avec les stars : Ce n'est jamais vraiment des stars VIDEO - Invit\u00e9 au micro de la radio RTL, Elie Semoun a \u00e9voqu\u00e9 les","breadcrumb":{"@id":"https:\/\/flashmode.tn\/magazine\/people-elie-semoun-tacle-lemission-danse-avec-les-stars-ce-nest-jamais-vraiment-des-stars\/#breadcrumb"},"inLanguage":"fr-FR","potentialAction":[{"@type":"ReadAction","target":["https:\/\/flashmode.tn\/magazine\/people-elie-semoun-tacle-lemission-danse-avec-les-stars-ce-nest-jamais-vraiment-des-stars\/"]}]},{"@type":"ImageObject","inLanguage":"fr-FR","@id":"https:\/\/flashmode.tn\/magazine\/people-elie-semoun-tacle-lemission-danse-avec-les-stars-ce-nest-jamais-vraiment-des-stars\/#primaryimage","url":"https:\/\/i0.wp.com\/flashmode.tn\/magazine\/wp-content\/uploads\/2017\/05\/people-elie-semoun-tacle-lemission-danse-avec-les-stars-ce-nest-jamais-vraiment-des-stars.jpg?fit=600%2C450&ssl=1","contentUrl":"https:\/\/i0.wp.com\/flashmode.tn\/magazine\/wp-content\/uploads\/2017\/05\/people-elie-semoun-tacle-lemission-danse-avec-les-stars-ce-nest-jamais-vraiment-des-stars.jpg?fit=600%2C450&ssl=1","width":600,"height":450},{"@type":"BreadcrumbList","@id":"https:\/\/flashmode.tn\/magazine\/people-elie-semoun-tacle-lemission-danse-avec-les-stars-ce-nest-jamais-vraiment-des-stars\/#breadcrumb","itemListElement":[{"@type":"ListItem","position":1,"name":"Accueil","item":"https:\/\/flashmode.tn\/magazine\/"},{"@type":"ListItem","position":2,"name":"People : Elie Semoun tacle l&rsquo;\u00e9mission Danse avec les stars : Ce n&rsquo;est jamais vraiment des stars"}]},{"@type":"WebSite","@id":"https:\/\/flashmode.tn\/magazine\/#website","url":"https:\/\/flashmode.tn\/magazine\/","name":"Flashmode Magazine | Magazine de mode et style de vie Num\u00e9ro un en Tunisie et au Maghreb","description":"Magazine de mode et style de vie Num\u00e9ro un en Tunisie et au Maghreb, cr\u00e9\u00e9 pour les hommes et les femmes : conseils beaut\u00e9, mode femme, mode homme, recettes de cuisine, c\u00e9l\u00e9brit\u00e9s et people, mannequins et top modeles","potentialAction":[{"@type":"SearchAction","target":{"@type":"EntryPoint","urlTemplate":"https:\/\/flashmode.tn\/magazine\/?s={search_term_string}"},"query-input":{"@type":"PropertyValueSpecification","valueRequired":true,"valueName":"search_term_string"}}],"inLanguage":"fr-FR"},{"@type":"Person","@id":"https:\/\/flashmode.tn\/magazine\/#\/schema\/person\/ebeaf8414935b60ba8817ab0babd7fbe","name":"Nora D.","image":{"@type":"ImageObject","inLanguage":"fr-FR","@id":"https:\/\/flashmode.tn\/magazine\/#\/schema\/person\/image\/","url":"https:\/\/secure.gravatar.com\/avatar\/a51d897ddf0a2216affe16e03a39790850922d1b5b29f147f35db7ccb8861eab?s=96&d=mm&r=g","contentUrl":"https:\/\/secure.gravatar.com\/avatar\/a51d897ddf0a2216affe16e03a39790850922d1b5b29f147f35db7ccb8861eab?s=96&d=mm&r=g","caption":"Nora D."},"url":"https:\/\/flashmode.tn\/magazine\/author\/nora-damak\/"}]}},"jetpack_publicize_connections":[],"jetpack_featured_media_url":"https:\/\/i0.wp.com\/flashmode.tn\/magazine\/wp-content\/uploads\/2017\/05\/people-elie-semoun-tacle-lemission-danse-avec-les-stars-ce-nest-jamais-vraiment-des-stars.jpg?fit=600%2C450&ssl=1","jetpack_shortlink":"https:\/\/wp.me\/p8BPGr-Py","jetpack_sharing_enabled":true,"_links":{"self":[{"href":"https:\/\/flashmode.tn\/magazine\/wp-json\/wp\/v2\/posts\/3196","targetHints":{"allow":["GET"]}}],"collection":[{"href":"https:\/\/flashmode.tn\/magazine\/wp-json\/wp\/v2\/posts"}],"about":[{"href":"https:\/\/flashmode.tn\/magazine\/wp-json\/wp\/v2\/types\/post"}],"author":[{"embeddable":true,"href":"https:\/\/flashmode.tn\/magazine\/wp-json\/wp\/v2\/users\/2"}],"replies":[{"embeddable":true,"href":"https:\/\/flashmode.tn\/magazine\/wp-json\/wp\/v2\/comments?post=3196"}],"version-history":[{"count":0,"href":"https:\/\/flashmode.tn\/magazine\/wp-json\/wp\/v2\/posts\/3196\/revisions"}],"wp:featuredmedia":[{"embeddable":true,"href":"https:\/\/flashmode.tn\/magazine\/wp-json\/wp\/v2\/media\/3197"}],"wp:attachment":[{"href":"https:\/\/flashmode.tn\/magazine\/wp-json\/wp\/v2\/media?parent=3196"}],"wp:term":[{"taxonomy":"category","embeddable":true,"href":"https:\/\/flashmode.tn\/magazine\/wp-json\/wp\/v2\/categories?post=3196"},{"taxonomy":"post_tag","embeddable":true,"href":"https:\/\/flashmode.tn\/magazine\/wp-json\/wp\/v2\/tags?post=3196"}],"curies":[{"name":"wp","href":"https:\/\/api.w.org\/{rel}","templated":true}]}}