{"id":39073,"date":"2021-10-14T03:50:30","date_gmt":"2021-10-14T01:50:30","guid":{"rendered":"https:\/\/flashmode.tn\/magazine\/?p=39073"},"modified":"2021-10-14T03:50:30","modified_gmt":"2021-10-14T01:50:30","slug":"quel-parc-ile-de-france","status":"publish","type":"post","link":"https:\/\/flashmode.tn\/magazine\/quel-parc-ile-de-france\/","title":{"rendered":"Quel parc \u00cele-de-france ?"},"content":{"rendered":"<p><b>  10 jardins et  <b>   parcs  <\/b>  d&rsquo;exception \u00e0 d\u00e9couvrir en  <b>   \u00cele-de-France  <\/b> <\/b> <\/p>\n<ul>\n<li>   La roseraie de l&rsquo;Ha\u00ff (Val-de-Marne) &#8230;  <\/li>\n<li>   Jardins et   <b>    parc   <\/b>   du domaine de Versailles. &#8230;  <\/li>\n<li>   L&rsquo;arboretum de Ch\u00e8vreloup (Rocquencourt) &#8230;  <\/li>\n<li>   Jardin du domaine de Sceaux. &#8230;  <\/li>\n<li>   Domaine de Villarceaux (Val-d&rsquo;Oise) &#8230;  <\/li>\n<li>   Domaine de Chantilly. &#8230;  <\/li>\n<li>   Domaine de Courson (Essonne) &#8230;  <\/li>\n<li>   <b>    Parc   <\/b>   de Courances (Essonne)  <\/li>\n<\/ul>\n<p>De plus, Quel est le nom du grand jardin que vous pouvez voir au milieu de la ville de Berlin ?<\/p>\n<p>Le gro\u00dfer Tiergarten [\u02c8\u0261\u0280o\u02d0s\u0250 \u02c8ti\u02d0\u0250\u032f\u02cc\u0261a\u0281tn\u0329] (litt\u00e9ralement \u00ab <b>grand jardin<\/b> aux animaux \u00bb) <b>est<\/b> un parc du centre de <b>Berlin<\/b> (\u00e0 l&rsquo;ouest de la porte de Brandebourg), situ\u00e9 dans le quartier auquel il a donn\u00e9 son <b>nom Berlin<\/b>-Tiergarten dans l&rsquo;arrondissement de Mitte.<\/p>\n<p>Egalement O\u00f9 faire un picnic en \u00cele-de-france ?<\/p>\n<p><b>  O\u00f9  <b>   pique  <\/b>  &#8211;  <b>   niquer en Ile-de-France  <\/b>  ? <\/b> <\/p>\n<ul>\n<li>   Le parc de l&rsquo;   <b>    Ile   <\/b>   de la Jatte. &#8230;  <\/li>\n<li>   L&rsquo;\u00efle de Chatou. &#8230;  <\/li>\n<li>   Les bords de Marne de Saint-Maur. &#8230;  <\/li>\n<li>   Les lacs du bois de Vincennes et ses   <b>    \u00eeles   <\/b>   . &#8230;  <\/li>\n<li>   Le V\u00e9sinet. &#8230;  <\/li>\n<li>   Le parc de la roseraie de L&rsquo;Hay-les-Roses. &#8230;  <\/li>\n<li>   Le parc du Morbras \u00e0 Sucy-en-Brie. &#8230;  <\/li>\n<li>   Le parc de Chamarande.  <\/li>\n<\/ul>\n<p>O\u00f9 aller se promener en \u00cele-de-france ?<\/p>\n<p><b>  Balades Parcs et jardins &#8211;  <b>   Ile de France  <\/b> <\/b> <\/p>\n<ul>\n<li>   Ch\u00e2teau de Versailles &#8211; Ch\u00e2teau, Trianon, Hameau de la Reine.   <b>    Ile de France   <\/b>   &#8211; Yvelines &#8211; Versailles. &#8230;  <\/li>\n<li>   Parc Floral de Paris. &#8230;  <\/li>\n<li>   Cueillette de Torfou. &#8230;  <\/li>\n<li>   Parc Monceau. &#8230;  <\/li>\n<li>   Mus\u00e9e et Jardins Albert-Kahn. &#8230;  <\/li>\n<li>   Domaine de Courances. &#8230;  <\/li>\n<li>   Cueillette de Viltain &#8211; Yvelines. &#8230;  <\/li>\n<li>   Domaine et Parc de Saint-Cloud.  <\/li>\n<\/ul>\n<div id=\"ez-toc-container\" class=\"ez-toc-v2_0_81 counter-hierarchy ez-toc-counter ez-toc-grey ez-toc-container-direction\">\n<div class=\"ez-toc-title-container\">\n<p class=\"ez-toc-title\" style=\"cursor:inherit\">Contenus de la page<\/p>\n<span class=\"ez-toc-title-toggle\"><a href=\"#\" class=\"ez-toc-pull-right ez-toc-btn ez-toc-btn-xs ez-toc-btn-default ez-toc-toggle\" aria-label=\"Toggle Table of Content\"><span class=\"ez-toc-js-icon-con\"><span class=\"\"><span class=\"eztoc-hide\" style=\"display:none;\">Toggle<\/span><span class=\"ez-toc-icon-toggle-span\"><svg style=\"fill: #999;color:#999\" xmlns=\"http:\/\/www.w3.org\/2000\/svg\" class=\"list-377408\" width=\"20px\" height=\"20px\" viewBox=\"0 0 24 24\" fill=\"none\"><path d=\"M6 6H4v2h2V6zm14 0H8v2h12V6zM4 11h2v2H4v-2zm16 0H8v2h12v-2zM4 16h2v2H4v-2zm16 0H8v2h12v-2z\" fill=\"currentColor\"><\/path><\/svg><svg style=\"fill: #999;color:#999\" class=\"arrow-unsorted-368013\" xmlns=\"http:\/\/www.w3.org\/2000\/svg\" width=\"10px\" height=\"10px\" viewBox=\"0 0 24 24\" version=\"1.2\" baseProfile=\"tiny\"><path d=\"M18.2 9.3l-6.2-6.3-6.2 6.3c-.2.2-.3.4-.3.7s.1.5.3.7c.2.2.4.3.7.3h11c.3 0 .5-.1.7-.3.2-.2.3-.5.3-.7s-.1-.5-.3-.7zM5.8 14.7l6.2 6.3 6.2-6.3c.2-.2.3-.5.3-.7s-.1-.5-.3-.7c-.2-.2-.4-.3-.7-.3h-11c-.3 0-.5.1-.7.3-.2.2-.3.5-.3.7s.1.5.3.7z\"\/><\/svg><\/span><\/span><\/span><\/a><\/span><\/div>\n<nav><ul class='ez-toc-list ez-toc-list-level-1 ' ><li class='ez-toc-page-1 ez-toc-heading-level-2'><a class=\"ez-toc-link ez-toc-heading-1\" href=\"https:\/\/flashmode.tn\/magazine\/quel-parc-ile-de-france\/#Ou_se_balader_en_Ile-de-france_Covid\" >O\u00f9 se balader en \u00cele-de-france Covid ?<\/a><\/li><li class='ez-toc-page-1 ez-toc-heading-level-2'><a class=\"ez-toc-link ez-toc-heading-2\" href=\"https:\/\/flashmode.tn\/magazine\/quel-parc-ile-de-france\/#Comment_sappelle_le_grand_parc_berlinois\" >Comment s&rsquo;appelle le grand parc berlinois ?<\/a><\/li><li class='ez-toc-page-1 ez-toc-heading-level-2'><a class=\"ez-toc-link ez-toc-heading-3\" href=\"https:\/\/flashmode.tn\/magazine\/quel-parc-ile-de-france\/#Quel_est_le_nom_de_lhopital_le_plus_celebre_de_Berlin\" >Quel est le nom de l&rsquo;h\u00f4pital le plus c\u00e9l\u00e8bre de Berlin ?<\/a><\/li><li class='ez-toc-page-1 ez-toc-heading-level-2'><a class=\"ez-toc-link ez-toc-heading-4\" href=\"https:\/\/flashmode.tn\/magazine\/quel-parc-ile-de-france\/#Ou_se_situe_der_Tiergarten\" >O\u00f9 se situe der Tiergarten ?<\/a><\/li><li class='ez-toc-page-1 ez-toc-heading-level-2'><a class=\"ez-toc-link ez-toc-heading-5\" href=\"https:\/\/flashmode.tn\/magazine\/quel-parc-ile-de-france\/#Ou_faire_un_Pique-nique_en_dehors_de_Paris\" >O\u00f9 faire un Pique-nique en dehors de Paris ?<\/a><\/li><li class='ez-toc-page-1 ez-toc-heading-level-2'><a class=\"ez-toc-link ez-toc-heading-6\" href=\"https:\/\/flashmode.tn\/magazine\/quel-parc-ile-de-france\/#Ou_faire_un_picnic_autour_de_Paris\" >O\u00f9 faire un picnic autour de Paris ?<\/a><\/li><li class='ez-toc-page-1 ez-toc-heading-level-2'><a class=\"ez-toc-link ez-toc-heading-7\" href=\"https:\/\/flashmode.tn\/magazine\/quel-parc-ile-de-france\/#Ou_faire_un_picnic_dans_le_77\" >O\u00f9 faire un picnic dans le 77 ?<\/a><\/li><li class='ez-toc-page-1 ez-toc-heading-level-2'><a class=\"ez-toc-link ez-toc-heading-8\" href=\"https:\/\/flashmode.tn\/magazine\/quel-parc-ile-de-france\/#Ou_se_promener_en_foret_en_Ile-de-france\" >O\u00f9 se promener en for\u00eat en \u00cele-de-france ?<\/a><\/li><li class='ez-toc-page-1 ez-toc-heading-level-2'><a class=\"ez-toc-link ez-toc-heading-9\" href=\"https:\/\/flashmode.tn\/magazine\/quel-parc-ile-de-france\/#Ou_aller_se_promener_en_dehors_de_Paris\" >O\u00f9 aller se promener en dehors de Paris ?<\/a><\/li><li class='ez-toc-page-1 ez-toc-heading-level-2'><a class=\"ez-toc-link ez-toc-heading-10\" href=\"https:\/\/flashmode.tn\/magazine\/quel-parc-ile-de-france\/#Ou_sortir_ce_week_end_en_Ile-de-france\" >O\u00f9 sortir ce week end en \u00cele-de-france ?<\/a><\/li><li class='ez-toc-page-1 ez-toc-heading-level-2'><a class=\"ez-toc-link ez-toc-heading-11\" href=\"https:\/\/flashmode.tn\/magazine\/quel-parc-ile-de-france\/#Ou_prendre_lair_en_region_parisienne\" >O\u00f9 prendre l&rsquo;air en r\u00e9gion parisienne ?<\/a><\/li><li class='ez-toc-page-1 ez-toc-heading-level-2'><a class=\"ez-toc-link ez-toc-heading-12\" href=\"https:\/\/flashmode.tn\/magazine\/quel-parc-ile-de-france\/#Ou_sevader_en_Ile-de-france\" >O\u00f9 s&rsquo;\u00e9vader en \u00cele-de-france ?<\/a><\/li><li class='ez-toc-page-1 ez-toc-heading-level-2'><a class=\"ez-toc-link ez-toc-heading-13\" href=\"https:\/\/flashmode.tn\/magazine\/quel-parc-ile-de-france\/#Ou_faire_un_picnic_a_Fontainebleau\" >O\u00f9 faire un picnic \u00e0 Fontainebleau ?<\/a><\/li><li class='ez-toc-page-1 ez-toc-heading-level-2'><a class=\"ez-toc-link ez-toc-heading-14\" href=\"https:\/\/flashmode.tn\/magazine\/quel-parc-ile-de-france\/#Ou_faire_un_Pique-nique_92\" >O\u00f9 faire un Pique-nique 92 ?<\/a><\/li><li class='ez-toc-page-1 ez-toc-heading-level-2'><a class=\"ez-toc-link ez-toc-heading-15\" href=\"https:\/\/flashmode.tn\/magazine\/quel-parc-ile-de-france\/#Ou_se_poser_pour_manger_a_Paris\" >O\u00f9 se poser pour manger \u00e0 Paris ?<\/a><\/li><li class='ez-toc-page-1 ez-toc-heading-level-2'><a class=\"ez-toc-link ez-toc-heading-16\" href=\"https:\/\/flashmode.tn\/magazine\/quel-parc-ile-de-france\/#Ou_faire_un_Pique-nique_Essonne\" >O\u00f9 faire un Pique-nique Essonne ?<\/a><\/li><li class='ez-toc-page-1 ez-toc-heading-level-2'><a class=\"ez-toc-link ez-toc-heading-17\" href=\"https:\/\/flashmode.tn\/magazine\/quel-parc-ile-de-france\/#Ou_se_poser_dans_le_77\" >O\u00f9 se poser dans le 77 ?<\/a><\/li><li class='ez-toc-page-1 ez-toc-heading-level-2'><a class=\"ez-toc-link ez-toc-heading-18\" href=\"https:\/\/flashmode.tn\/magazine\/quel-parc-ile-de-france\/#Ou_promener_son_chien_dans_le_77\" >Ou promener son chien dans le 77 ?<\/a><\/li><li class='ez-toc-page-1 ez-toc-heading-level-2'><a class=\"ez-toc-link ez-toc-heading-19\" href=\"https:\/\/flashmode.tn\/magazine\/quel-parc-ile-de-france\/#Ou_se_promener_dans_le_77\" >O\u00f9 se promener dans le 77 ?<\/a><\/li><\/ul><\/nav><\/div>\n<h2><span class=\"ez-toc-section\" id=\"Ou_se_balader_en_Ile-de-france_Covid\"><\/span>O\u00f9 se balader en \u00cele-de-france Covid ?<span class=\"ez-toc-section-end\"><\/span><\/h2>\n<p><b>  15 sorties pour s&rsquo;\u00e9vader autour de Paris sans quitter l&rsquo;  <b>   \u00cele-de-  <\/b>  &#8230; <\/b> <\/p>\n<ol>\n<li>   D\u00e9couvrir les 7 merveilles du Grand Paris. &#8230;  <\/li>\n<li>   <b>    Se balader   <\/b>   \u00e0 Versailles hors des sentiers battus. &#8230;  <\/li>\n<li>   Arpenter le Randopolitain. &#8230;  <\/li>\n<li>   Voyager sur la V\u00e9losc\u00e9nie. &#8230;  <\/li>\n<li>   <b>    Se   <\/b>   ressourcer dans les quatre Parcs naturels r\u00e9gionaux, 2700 km2 de verdure aux portes de Paris.  <\/li>\n<\/ol>\n<h2><span class=\"ez-toc-section\" id=\"Comment_sappelle_le_grand_parc_berlinois\"><\/span><strong>Comment s&rsquo;appelle le grand parc berlinois ?<\/strong><span class=\"ez-toc-section-end\"><\/span><\/h2>\n<p>Le plus <b>grand parc<\/b> de <b>Berlin<\/b> &#8211; <b>Berlin<\/b>-Tiergarten.<\/p>\n<h2><span class=\"ez-toc-section\" id=\"Quel_est_le_nom_de_lhopital_le_plus_celebre_de_Berlin\"><\/span><strong>Quel est le nom de l&rsquo;h\u00f4pital le plus c\u00e9l\u00e8bre de Berlin ?<\/strong><span class=\"ez-toc-section-end\"><\/span><\/h2>\n<p><b>H\u00f4pital<\/b> universitaire de la Charit\u00e9 de <b>Berlin<\/b>.<\/p>\n<h2><span class=\"ez-toc-section\" id=\"Ou_se_situe_der_Tiergarten\"><\/span><strong>O\u00f9 se situe der Tiergarten ?<\/strong><span class=\"ez-toc-section-end\"><\/span><\/h2>\n<p><b>Tiergarten se<\/b> trouve \u00e0 l&rsquo;ouest du centre historique <b>de<\/b> Berlin, limit\u00e9 par la Pariser Platz avec la porte <b>de<\/b> Brandebourg et la Potsdamer Platz. Le territoire s&rsquo;\u00e9tend depuis la Spr\u00e9e, au nord, jusqu&rsquo;au quartier du Sch\u00f6neberg, au sud.<\/p>\n<h2><span class=\"ez-toc-section\" id=\"Ou_faire_un_Pique-nique_en_dehors_de_Paris\"><\/span><strong>O\u00f9 faire un Pique-nique en dehors de Paris ?<\/strong><span class=\"ez-toc-section-end\"><\/span><\/h2>\n<p><b>  Notre top 20 des lieux  <b>   o\u00f9 pique  <\/b>  &#8211;  <b>   niquer  <\/b>  \u00e0  <b>   Paris  <\/b>  ! <\/b> <\/p>\n<ol>\n<li>   Le parc Andr\u00e9 Citro\u00ebn. De l&rsquo;herbe verte, la Seine, une esplanade de jets d&rsquo;eau. &#8230;  <\/li>\n<li>   Le jardin Anne Frank. &#8230;  <\/li>\n<li>   La Cit\u00e9 Universitaire. &#8230;  <\/li>\n<li>   Le jardin Catherine Labourr\u00e9 &#8230;  <\/li>\n<li>   Le Parc du Champ-de-Mars. &#8230;  <\/li>\n<li>   Le Parc Montsouris. &#8230;  <\/li>\n<li>   Le Parc de Belleville. &#8230;  <\/li>\n<li>   Les Jardins d&rsquo;\u00c9ole.  <\/li>\n<\/ol>\n<h2><span class=\"ez-toc-section\" id=\"Ou_faire_un_picnic_autour_de_Paris\"><\/span><strong>O\u00f9 faire un picnic autour de Paris ?<\/strong><span class=\"ez-toc-section-end\"><\/span><\/h2>\n<p><b>  4 endroits o\u00f9 pique-niquer tranquille  <b>   autour de Paris  <\/b> <\/b> <\/p>\n<ul>\n<li>   La butte d&rsquo;Orgemont \u00e0 Argenteuil \/ \u00a9 Steve Stillman pour Enlarge your   <b>    Paris   <\/b>   . &#8230;  <\/li>\n<li>   Les sables du Cul-du-chien en for\u00eat de Fontainebleau \/ \u00a9 Steve Stillman pour Enlarge your   <b>    Paris   <\/b>   .  <\/li>\n<\/ul>\n<h2><span class=\"ez-toc-section\" id=\"Ou_faire_un_picnic_dans_le_77\"><\/span><strong>O\u00f9 faire un picnic dans le 77 ?<\/strong><span class=\"ez-toc-section-end\"><\/span><\/h2>\n<p><b>  Environs de Melun : les 7 meilleurs spots de  <b>   pique  <\/b>  &#8211;  <b>   nique  <\/b> <\/b> <\/p>\n<ul>\n<li>   Le chemin de Halage \u00e0 Dammarie-l\u00e8s-Lys. &#8230;  <\/li>\n<li>   Le point de vue du camp, \u00e0 Chailly-en-Bi\u00e8re. &#8230;  <\/li>\n<li>   Le parc Faucigny-Lucinge, \u00e0 Melun. &#8230;  <\/li>\n<li>   L&rsquo;\u00e9cluse de Boissise-la-Bertrand. &#8230;  <\/li>\n<li>   Le parc face au ch\u00e2teau de Vaux-le-Vicomte.  <\/li>\n<\/ul>\n<h2><span class=\"ez-toc-section\" id=\"Ou_se_promener_en_foret_en_Ile-de-france\"><\/span><strong>O\u00f9 se promener en for\u00eat en \u00cele-de-france ?<\/strong><span class=\"ez-toc-section-end\"><\/span><\/h2>\n<p><b>  <b>   Ile-de-France  <\/b>  : notre top 5 des balades en  <b>   for\u00eat  <\/b>  \u00e0 faire en famille cet automne <\/b> <\/p>\n<ul>\n<li>   Au milieu des animaux \u00e0 l&rsquo;espace Rambouillet (78). &#8230;  <\/li>\n<li>   La   <b>    for\u00eat   <\/b>   de Montmorency en mode 2.0 (95). &#8230;  <\/li>\n<li>   Grimper en   <b>    for\u00eat   <\/b>   de Fontainebleau (77). &#8230;  <\/li>\n<li>   L&rsquo;histoire en   <b>    for\u00eat   <\/b>   (60). &#8230;  <\/li>\n<li>   De l&rsquo;art en   <b>    for\u00eat   <\/b>   de S\u00e9nart (91).  <\/li>\n<\/ul>\n<h2><span class=\"ez-toc-section\" id=\"Ou_aller_se_promener_en_dehors_de_Paris\"><\/span><strong>O\u00f9 aller se promener en dehors de Paris ?<\/strong><span class=\"ez-toc-section-end\"><\/span><\/h2>\n<p><b>  15 id\u00e9es de sorties autour de  <b>   Paris  <\/b> <\/b> <\/p>\n<ul>\n<li>   Sur les traces de Van Gogh \u00e0 Auvers-sur-Oise.  <\/li>\n<li>   Une journ\u00e9e au bord de l&rsquo;eau \u00e0 Enghien les Bains.  <\/li>\n<li>   Une randonn\u00e9e \u00e0 la Vall\u00e9e de Chevreuse.  <\/li>\n<li>   Pause culturelle et gourmande \u00e0 Chantilly.  <\/li>\n<li>   Mener la vie de ch\u00e2teau \u00e0 Versailles.  <\/li>\n<li>   Partir \u00e0 v\u00e9lo explorer la basilique Saint-Denis.  <\/li>\n<\/ul>\n<h2><span class=\"ez-toc-section\" id=\"Ou_sortir_ce_week_end_en_Ile-de-france\"><\/span><strong>O\u00f9 sortir ce week end en \u00cele-de-france ?<\/strong><span class=\"ez-toc-section-end\"><\/span><\/h2>\n<p><b>  8 escapades \u00e0 faire en  <b>   \u00cele-de-France  <\/b>  en  <b>   week  <\/b>  &#8211;  <b>   end  <\/b> <\/b> <\/p>\n<ul>\n<li>   Sur les pas de Vincent Van Gogh, une balade \u00e0 Auvers-sur-Oise. &#8230;  <\/li>\n<li>   La Roseraie de Provins, un jardin enchant\u00e9 en r\u00e9gion parisienne. &#8230;  <\/li>\n<li>   Parrot World : le nouveau parc animalier se d\u00e9voile. &#8230;  <\/li>\n<li>   Le jardin du mus\u00e9e Albert-Kahn, un \u00e9crin de verdure exceptionnel aux portes de Paris.  <\/li>\n<\/ul>\n<h2><span class=\"ez-toc-section\" id=\"Ou_prendre_lair_en_region_parisienne\"><\/span><strong>O\u00f9 prendre l&rsquo;air en r\u00e9gion parisienne ?<\/strong><span class=\"ez-toc-section-end\"><\/span><\/h2>\n<p><b>  20 balades \u00e0 moins de 1h et 100km de Paris <\/b> <\/p>\n<ul>\n<li>   92 \u2013 Les Etangs de Meudon. &#8230;  <\/li>\n<li>   78 \u2013 Marly le Roi. &#8230;  <\/li>\n<li>   92 \u2013 Les Etangs de Corot \u2013 Ville d&rsquo;Avray. &#8230;  <\/li>\n<li>   60 \u2013 Chantilly. &#8230;  <\/li>\n<li>   60 \u2013 Senlis. &#8230;  <\/li>\n<li>   78 \u2013 Rambouillet &amp; Montfort l&rsquo;Amaury. &#8230;  <\/li>\n<li>   92 \u2013 Chatenay Malabry. &#8230;  <\/li>\n<li>   95 \u2013 La Roche-Guyon.  <\/li>\n<\/ul>\n<h2><span class=\"ez-toc-section\" id=\"Ou_sevader_en_Ile-de-france\"><\/span><strong>O\u00f9 s&rsquo;\u00e9vader en \u00cele-de-france ?<\/strong><span class=\"ez-toc-section-end\"><\/span><\/h2>\n<p><b>  Commen\u00e7ons par les destinations les proches de Paris et qui s\u00e9duisent toujours les Parisiens. <\/b> <\/p>\n<ul>\n<li>   Une escapade \u00e0 Chantilly. &#8230;  <\/li>\n<li>   Un petit tour \u00e0 Chartres. &#8230;  <\/li>\n<li>   Un \u00e9crin de verdure au milieu de la for\u00eat. &#8230;  <\/li>\n<li>   For\u00eat et Ch\u00e2teau \u00e0 Fontainebleau. &#8230;  <\/li>\n<li>   Ch\u00e2teau de la Loire &#8211; Visite du ch\u00e2teau de Chambord. &#8230;  <\/li>\n<li>   La cit\u00e9 radieuse &#8211; Nantes. &#8230;  <\/li>\n<li>   La for\u00eat de Rambouillet.  <\/li>\n<\/ul>\n<h2><span class=\"ez-toc-section\" id=\"Ou_faire_un_picnic_a_Fontainebleau\"><\/span><strong>O\u00f9 faire un picnic \u00e0 Fontainebleau ?<\/strong><span class=\"ez-toc-section-end\"><\/span><\/h2>\n<p><b>  O\u00f9 pique-niquer en for\u00eat de  <b>   Fontainebleau  <\/b>  ? <\/b> <b>  Les meilleurs coins en famille <\/b> <\/p>\n<ul>\n<li>   Rocher canon.  <\/li>\n<li>   Cabaret Masson.  <\/li>\n<li>   La grande plaine apr\u00e8s l&rsquo;aqueduc sur la D152.  <\/li>\n<\/ul>\n<h2><span class=\"ez-toc-section\" id=\"Ou_faire_un_Pique-nique_92\"><\/span><strong>O\u00f9 faire un Pique-nique 92 ?<\/strong><span class=\"ez-toc-section-end\"><\/span><\/h2>\n<ul>\n<li>   Domaine national de Saint-Cloud. Domaine national de Saint-Cloud. &#8230;  <\/li>\n<li>   Parc d\u00e9partemental Pierre-Lagrav\u00e8re. Rue Paul-Bert. &#8230;  <\/li>\n<li>   Parc d\u00e9partemental du Chemin de l&rsquo;\u00cele. &#8230;  <\/li>\n<li>   Parc d\u00e9partemental de l&rsquo;Ile Saint-Germain. &#8230;  <\/li>\n<li>   Parc d\u00e9partemental des Chanteraines. &#8230;  <\/li>\n<li>   Parc nautique d\u00e9partemental de l&rsquo;\u00cele de Monsieur. &#8230;  <\/li>\n<li>   Parc Lebaudy. &#8230;  <\/li>\n<li>   Parc du Ch\u00e2teau.  <\/li>\n<\/ul>\n<h2><span class=\"ez-toc-section\" id=\"Ou_se_poser_pour_manger_a_Paris\"><\/span><strong>O\u00f9 se poser pour manger \u00e0 Paris ?<\/strong><span class=\"ez-toc-section-end\"><\/span><\/h2>\n<p><b>  Voici notre s\u00e9lection de lieux pr\u00e9f\u00e9r\u00e9s  <b>   pour  <\/b>  d\u00e9jeuner ou d\u00eener sur l&rsquo;herbe. <\/b> <\/p>\n<ul>\n<li>   Le Jardin Francs-Bourgeois-Rosiers. &#8230;  <\/li>\n<li>   La Cit\u00e9 Universitaire. &#8230;  <\/li>\n<li>   Le jardin d&rsquo;Anne Franck. &#8230;  <\/li>\n<li>   Le Jardin Catherine Labourr\u00e9 &#8230;  <\/li>\n<li>   Bassin de la Villette. &#8230;  <\/li>\n<li>   Jardin du Ranelagh. &#8230;  <\/li>\n<li>   Le Parc Andr\u00e9 Citro\u00ebn. &#8230;  <\/li>\n<li>   Le Jardin de Reuilly.  <\/li>\n<\/ul>\n<h2><span class=\"ez-toc-section\" id=\"Ou_faire_un_Pique-nique_Essonne\"><\/span><strong>O\u00f9 faire un Pique-nique Essonne ?<\/strong><span class=\"ez-toc-section-end\"><\/span><\/h2>\n<ul>\n<li>   Parc Georges Brassens. Parcs.  <\/li>\n<li>   Le Port aux Cerises. 204. Espaces naturels et sauvages.  <\/li>\n<li>   Parc Animalier de Janvry. Zoos.  <\/li>\n<li>   Parc de Montjean. Parcs.  <\/li>\n<li>   Le Bois de Verri\u00e8res. Parcs.  <\/li>\n<li>   Parc Pierre. Parcs.  <\/li>\n<li>   Parc de la Tuilerie. Parcs.  <\/li>\n<li>   Parc du Ch\u00e2teau. Espaces naturels et sauvages. Ouvert.  <\/li>\n<\/ul>\n<h2><span class=\"ez-toc-section\" id=\"Ou_se_poser_dans_le_77\"><\/span><strong>O\u00f9 se poser dans le 77 ?<\/strong><span class=\"ez-toc-section-end\"><\/span><\/h2>\n<ul>\n<li>   Ch\u00e2teau de Fontainebleau. 3 439. B\u00e2timents architecturaux \u2022 Ch\u00e2teaux.  <\/li>\n<li>   Sea Life. 1 124. Aquariums. &#8230;  <\/li>\n<li>   For\u00eat de Fontainebleau. 694. For\u00eats. &#8230;  <\/li>\n<li>   Parc des F\u00e9lins. 1 377. Zoos \u2022 Parcs. &#8230;  <\/li>\n<li>   Parc des Communes. Parcs. 2021.  <\/li>\n<li>   La Roseraie de Provins. 288. Jardins.  <\/li>\n<li>   Jardin de sculptures de la Dhuys. Monuments &amp; Points d&rsquo;int\u00e9r\u00eat \u2022 Parcs.  <\/li>\n<li>   Parc des Capucins. 186.  <\/li>\n<\/ul>\n<h2><span class=\"ez-toc-section\" id=\"Ou_promener_son_chien_dans_le_77\"><\/span><strong>Ou promener son chien dans le 77 ?<\/strong><span class=\"ez-toc-section-end\"><\/span><\/h2>\n<p><b>  Randonn\u00e9es  <b>   77  <\/b>  &#8211;  <b>   Seine-et-Marne  <\/b> <\/b> <\/p>\n<ul>\n<li>   Le Circuit des 25 Bosses ( T\u00e9l\u00e9chargez : PDF ) &#8230;  <\/li>\n<li>   Le Sentier des Belv\u00e9d\u00e8res ( T\u00e9l\u00e9chargez : PDF ) &#8230;  <\/li>\n<li>   Les Etangs du Grand Voyeux et les Trois Rivi\u00e8res ( T\u00e9l\u00e9chargez : PDF ) &#8230;  <\/li>\n<li>   La Promenade du Grand Morin et la Cascade de l&rsquo;Aubetin ( T\u00e9l\u00e9chargez : PDF )  <\/li>\n<\/ul>\n<h2><span class=\"ez-toc-section\" id=\"Ou_se_promener_dans_le_77\"><\/span><strong>O\u00f9 se promener dans le 77 ?<\/strong><span class=\"ez-toc-section-end\"><\/span><\/h2>\n<p><b>  Balades &#8211;  <b>   Seine et Marne  <\/b> <\/b> <\/p>\n<ul>\n<li>   Rando Lamas &#8211; Randonn\u00e9es avec des lamas. &#8230;  <\/li>\n<li>   Au rythme des Poneys &#8211; Balades en cal\u00e8ches. &#8230;  <\/li>\n<li>   Ferme p\u00e9dagogique de Saint Hilliers. &#8230;  <\/li>\n<li>   Promenade en cal\u00e8che &#8211;   <b>    Seine-et-Marne   <\/b>   . &#8230;  <\/li>\n<li>   La balade Solidaire &#8211; Presles-en-Brie. &#8230;  <\/li>\n<li>   Nature Explorers &#8211; Ile de France. &#8230;  <\/li>\n<li>   Les Attelages du Manoir. &#8230;  <\/li>\n<li>   Attelage de la Gazelle.  <\/li>\n<\/ul>\n<h2><strong><\/strong><\/h2>\n<h2><strong><\/strong><\/h2>\n<hr \/>\n<p><em>Editeurs: 18 &#8211; R\u00e9f\u00e9rences: 32 articles<\/em><\/p>\n<p><em>N\u2019oubliez pas de partager l\u2019article !<\/em><\/p>\n","protected":false},"excerpt":{"rendered":"<p>10 jardins et parcs d&rsquo;exception \u00e0 d\u00e9couvrir en \u00cele-de-France La roseraie de l&rsquo;Ha\u00ff (Val-de-Marne) &#8230; Jardins et parc du domaine de Versailles. &#8230; L&rsquo;arboretum de Ch\u00e8vreloup (Rocquencourt) &#8230; Jardin du domaine de Sceaux. &#8230; Domaine de Villarceaux (Val-d&rsquo;Oise) &#8230; Domaine de Chantilly. &#8230; Domaine de Courson (Essonne) &#8230; Parc de Courances (Essonne) De plus, Quel [&hellip;]<\/p>\n","protected":false},"author":6,"featured_media":0,"comment_status":"open","ping_status":"open","sticky":false,"template":"","format":"standard","meta":{"tdm_status":"","tdm_grid_status":"","_jetpack_memberships_contains_paid_content":false,"footnotes":"","jetpack_publicize_message":"","jetpack_publicize_feature_enabled":true,"jetpack_social_post_already_shared":true,"jetpack_social_options":{"image_generator_settings":{"template":"highway","default_image_id":0,"font":"","enabled":false},"version":2}},"categories":[3457],"tags":[],"class_list":["post-39073","post","type-post","status-publish","format-standard","hentry","category-maison"],"yoast_head":"<!-- This site is optimized with the Yoast SEO Premium plugin v25.0 (Yoast SEO v25.0) - https:\/\/yoast.com\/wordpress\/plugins\/seo\/ -->\n<title>Quel parc \u00cele-de-france ?<\/title>\n<meta name=\"description\" content=\"10 jardins et parcs d&#039;exception \u00e0 d\u00e9couvrir en \u00cele-de-France La roseraie de l&#039;Ha\u00ff (Val-de-Marne) ... Jardins et parc du domaine de Versailles. ...\" \/>\n<meta name=\"robots\" content=\"index, follow, max-snippet:-1, max-image-preview:large, max-video-preview:-1\" \/>\n<link rel=\"canonical\" href=\"https:\/\/flashmode.tn\/magazine\/quel-parc-ile-de-france\/\" \/>\n<meta property=\"og:locale\" content=\"fr_FR\" \/>\n<meta property=\"og:type\" content=\"article\" \/>\n<meta property=\"og:title\" content=\"Quel parc \u00cele-de-france ? - Flashmode Magazine | Magazine de mode et style de vie Num\u00e9ro un en Tunisie et au Maghreb\" \/>\n<meta property=\"og:description\" content=\"10 jardins et parcs d&#039;exception \u00e0 d\u00e9couvrir en \u00cele-de-France La roseraie de l&#039;Ha\u00ff (Val-de-Marne) ... Jardins et parc du domaine de Versailles. ...\" \/>\n<meta property=\"og:url\" content=\"https:\/\/flashmode.tn\/magazine\/quel-parc-ile-de-france\/\" \/>\n<meta property=\"og:site_name\" content=\"Flashmode Magazine | Magazine de mode et style de vie Num\u00e9ro un en Tunisie et au Maghreb\" \/>\n<meta property=\"article:publisher\" content=\"https:\/\/www.facebook.com\/flashmode.magazine\/\" \/>\n<meta property=\"article:published_time\" content=\"2021-10-14T01:50:30+00:00\" \/>\n<meta name=\"author\" content=\"EventsEditors\" \/>\n<meta name=\"twitter:card\" content=\"summary_large_image\" \/>\n<meta name=\"twitter:creator\" content=\"@agenceflashmode\" \/>\n<meta name=\"twitter:site\" content=\"@agenceflashmode\" \/>\n<meta name=\"twitter:label1\" content=\"\u00c9crit par\" \/>\n\t<meta name=\"twitter:data1\" content=\"EventsEditors\" \/>\n\t<meta name=\"twitter:label2\" content=\"Dur\u00e9e de lecture estim\u00e9e\" \/>\n\t<meta name=\"twitter:data2\" content=\"6 minutes\" \/>\n<script type=\"application\/ld+json\" class=\"yoast-schema-graph\">{\"@context\":\"https:\/\/schema.org\",\"@graph\":[{\"@type\":\"WebPage\",\"@id\":\"https:\/\/flashmode.tn\/magazine\/quel-parc-ile-de-france\/\",\"url\":\"https:\/\/flashmode.tn\/magazine\/quel-parc-ile-de-france\/\",\"name\":\"Quel parc \u00cele-de-france ?\",\"isPartOf\":{\"@id\":\"https:\/\/flashmode.tn\/magazine\/#website\"},\"datePublished\":\"2021-10-14T01:50:30+00:00\",\"author\":{\"@id\":\"https:\/\/flashmode.tn\/magazine\/#\/schema\/person\/257d6780605b915a5e352977f0f6f41c\"},\"description\":\"10 jardins et parcs d'exception \u00e0 d\u00e9couvrir en \u00cele-de-France La roseraie de l'Ha\u00ff (Val-de-Marne) ... Jardins et parc du domaine de Versailles. ...\",\"breadcrumb\":{\"@id\":\"https:\/\/flashmode.tn\/magazine\/quel-parc-ile-de-france\/#breadcrumb\"},\"inLanguage\":\"fr-FR\",\"potentialAction\":[{\"@type\":\"ReadAction\",\"target\":[\"https:\/\/flashmode.tn\/magazine\/quel-parc-ile-de-france\/\"]}]},{\"@type\":\"BreadcrumbList\",\"@id\":\"https:\/\/flashmode.tn\/magazine\/quel-parc-ile-de-france\/#breadcrumb\",\"itemListElement\":[{\"@type\":\"ListItem\",\"position\":1,\"name\":\"Accueil\",\"item\":\"https:\/\/flashmode.tn\/magazine\/\"},{\"@type\":\"ListItem\",\"position\":2,\"name\":\"Quel parc \u00cele-de-france ?\"}]},{\"@type\":\"WebSite\",\"@id\":\"https:\/\/flashmode.tn\/magazine\/#website\",\"url\":\"https:\/\/flashmode.tn\/magazine\/\",\"name\":\"Flashmode Magazine | Magazine de mode et style de vie Num\u00e9ro un en Tunisie et au Maghreb\",\"description\":\"Magazine de mode et style de vie Num\u00e9ro un en Tunisie et au Maghreb, cr\u00e9\u00e9 pour les hommes et les femmes : conseils beaut\u00e9, mode femme, mode homme, recettes de cuisine, c\u00e9l\u00e9brit\u00e9s et people, mannequins et top modeles\",\"potentialAction\":[{\"@type\":\"SearchAction\",\"target\":{\"@type\":\"EntryPoint\",\"urlTemplate\":\"https:\/\/flashmode.tn\/magazine\/?s={search_term_string}\"},\"query-input\":{\"@type\":\"PropertyValueSpecification\",\"valueRequired\":true,\"valueName\":\"search_term_string\"}}],\"inLanguage\":\"fr-FR\"},{\"@type\":\"Person\",\"@id\":\"https:\/\/flashmode.tn\/magazine\/#\/schema\/person\/257d6780605b915a5e352977f0f6f41c\",\"name\":\"EventsEditors\",\"image\":{\"@type\":\"ImageObject\",\"inLanguage\":\"fr-FR\",\"@id\":\"https:\/\/flashmode.tn\/magazine\/#\/schema\/person\/image\/\",\"url\":\"https:\/\/secure.gravatar.com\/avatar\/e2daedf958f66be37c9a79abe56184d85cd1baa6bba0dd8017e3f7d01555232f?s=96&d=mm&r=g\",\"contentUrl\":\"https:\/\/secure.gravatar.com\/avatar\/e2daedf958f66be37c9a79abe56184d85cd1baa6bba0dd8017e3f7d01555232f?s=96&d=mm&r=g\",\"caption\":\"EventsEditors\"},\"url\":\"https:\/\/flashmode.tn\/magazine\/author\/eventseditors\/\"}]}<\/script>\n<!-- \/ Yoast SEO Premium plugin. -->","yoast_head_json":{"title":"Quel parc \u00cele-de-france ?","description":"10 jardins et parcs d'exception \u00e0 d\u00e9couvrir en \u00cele-de-France La roseraie de l'Ha\u00ff (Val-de-Marne) ... Jardins et parc du domaine de Versailles. ...","robots":{"index":"index","follow":"follow","max-snippet":"max-snippet:-1","max-image-preview":"max-image-preview:large","max-video-preview":"max-video-preview:-1"},"canonical":"https:\/\/flashmode.tn\/magazine\/quel-parc-ile-de-france\/","og_locale":"fr_FR","og_type":"article","og_title":"Quel parc \u00cele-de-france ? - Flashmode Magazine | Magazine de mode et style de vie Num\u00e9ro un en Tunisie et au Maghreb","og_description":"10 jardins et parcs d'exception \u00e0 d\u00e9couvrir en \u00cele-de-France La roseraie de l'Ha\u00ff (Val-de-Marne) ... Jardins et parc du domaine de Versailles. ...","og_url":"https:\/\/flashmode.tn\/magazine\/quel-parc-ile-de-france\/","og_site_name":"Flashmode Magazine | Magazine de mode et style de vie Num\u00e9ro un en Tunisie et au Maghreb","article_publisher":"https:\/\/www.facebook.com\/flashmode.magazine\/","article_published_time":"2021-10-14T01:50:30+00:00","author":"EventsEditors","twitter_card":"summary_large_image","twitter_creator":"@agenceflashmode","twitter_site":"@agenceflashmode","twitter_misc":{"\u00c9crit par":"EventsEditors","Dur\u00e9e de lecture estim\u00e9e":"6 minutes"},"schema":{"@context":"https:\/\/schema.org","@graph":[{"@type":"WebPage","@id":"https:\/\/flashmode.tn\/magazine\/quel-parc-ile-de-france\/","url":"https:\/\/flashmode.tn\/magazine\/quel-parc-ile-de-france\/","name":"Quel parc \u00cele-de-france ?","isPartOf":{"@id":"https:\/\/flashmode.tn\/magazine\/#website"},"datePublished":"2021-10-14T01:50:30+00:00","author":{"@id":"https:\/\/flashmode.tn\/magazine\/#\/schema\/person\/257d6780605b915a5e352977f0f6f41c"},"description":"10 jardins et parcs d'exception \u00e0 d\u00e9couvrir en \u00cele-de-France La roseraie de l'Ha\u00ff (Val-de-Marne) ... Jardins et parc du domaine de Versailles. ...","breadcrumb":{"@id":"https:\/\/flashmode.tn\/magazine\/quel-parc-ile-de-france\/#breadcrumb"},"inLanguage":"fr-FR","potentialAction":[{"@type":"ReadAction","target":["https:\/\/flashmode.tn\/magazine\/quel-parc-ile-de-france\/"]}]},{"@type":"BreadcrumbList","@id":"https:\/\/flashmode.tn\/magazine\/quel-parc-ile-de-france\/#breadcrumb","itemListElement":[{"@type":"ListItem","position":1,"name":"Accueil","item":"https:\/\/flashmode.tn\/magazine\/"},{"@type":"ListItem","position":2,"name":"Quel parc \u00cele-de-france ?"}]},{"@type":"WebSite","@id":"https:\/\/flashmode.tn\/magazine\/#website","url":"https:\/\/flashmode.tn\/magazine\/","name":"Flashmode Magazine | Magazine de mode et style de vie Num\u00e9ro un en Tunisie et au Maghreb","description":"Magazine de mode et style de vie Num\u00e9ro un en Tunisie et au Maghreb, cr\u00e9\u00e9 pour les hommes et les femmes : conseils beaut\u00e9, mode femme, mode homme, recettes de cuisine, c\u00e9l\u00e9brit\u00e9s et people, mannequins et top modeles","potentialAction":[{"@type":"SearchAction","target":{"@type":"EntryPoint","urlTemplate":"https:\/\/flashmode.tn\/magazine\/?s={search_term_string}"},"query-input":{"@type":"PropertyValueSpecification","valueRequired":true,"valueName":"search_term_string"}}],"inLanguage":"fr-FR"},{"@type":"Person","@id":"https:\/\/flashmode.tn\/magazine\/#\/schema\/person\/257d6780605b915a5e352977f0f6f41c","name":"EventsEditors","image":{"@type":"ImageObject","inLanguage":"fr-FR","@id":"https:\/\/flashmode.tn\/magazine\/#\/schema\/person\/image\/","url":"https:\/\/secure.gravatar.com\/avatar\/e2daedf958f66be37c9a79abe56184d85cd1baa6bba0dd8017e3f7d01555232f?s=96&d=mm&r=g","contentUrl":"https:\/\/secure.gravatar.com\/avatar\/e2daedf958f66be37c9a79abe56184d85cd1baa6bba0dd8017e3f7d01555232f?s=96&d=mm&r=g","caption":"EventsEditors"},"url":"https:\/\/flashmode.tn\/magazine\/author\/eventseditors\/"}]}},"jetpack_publicize_connections":[],"jetpack_featured_media_url":"","jetpack_shortlink":"https:\/\/wp.me\/p8BPGr-aad","jetpack_sharing_enabled":true,"_links":{"self":[{"href":"https:\/\/flashmode.tn\/magazine\/wp-json\/wp\/v2\/posts\/39073","targetHints":{"allow":["GET"]}}],"collection":[{"href":"https:\/\/flashmode.tn\/magazine\/wp-json\/wp\/v2\/posts"}],"about":[{"href":"https:\/\/flashmode.tn\/magazine\/wp-json\/wp\/v2\/types\/post"}],"author":[{"embeddable":true,"href":"https:\/\/flashmode.tn\/magazine\/wp-json\/wp\/v2\/users\/6"}],"replies":[{"embeddable":true,"href":"https:\/\/flashmode.tn\/magazine\/wp-json\/wp\/v2\/comments?post=39073"}],"version-history":[{"count":0,"href":"https:\/\/flashmode.tn\/magazine\/wp-json\/wp\/v2\/posts\/39073\/revisions"}],"wp:attachment":[{"href":"https:\/\/flashmode.tn\/magazine\/wp-json\/wp\/v2\/media?parent=39073"}],"wp:term":[{"taxonomy":"category","embeddable":true,"href":"https:\/\/flashmode.tn\/magazine\/wp-json\/wp\/v2\/categories?post=39073"},{"taxonomy":"post_tag","embeddable":true,"href":"https:\/\/flashmode.tn\/magazine\/wp-json\/wp\/v2\/tags?post=39073"}],"curies":[{"name":"wp","href":"https:\/\/api.w.org\/{rel}","templated":true}]}}