{"id":39282,"date":"2021-10-12T12:13:58","date_gmt":"2021-10-12T10:13:58","guid":{"rendered":"https:\/\/flashmode.tn\/magazine\/comment-et-quand-planter-les-graines-de-tournesol\/"},"modified":"2021-10-12T12:13:58","modified_gmt":"2021-10-12T10:13:58","slug":"comment-et-quand-planter-les-graines-de-tournesol","status":"publish","type":"post","link":"https:\/\/flashmode.tn\/magazine\/comment-et-quand-planter-les-graines-de-tournesol\/","title":{"rendered":"Comment et quand planter les graines de tournesol ?"},"content":{"rendered":"<p>Mars-avril : c&rsquo;est la bonne \u00e9poque pour semer les <b>tournesols<\/b>. Faites un apport de mati\u00e8re organique et enfoncez bien profond\u00e9ment vos <b>graines<\/b>. Avril-mai : d\u00e8s que les plantules sortent de terre, surveillez les limaces. Lorsque les <b>tournesols<\/b> ont atteint 20 centim\u00e8tres de hauteur, tuteurez-les.<\/p>\n<p>De plus, Quand planter les graines de tournesol ?<\/p>\n<p>Le semis du <b>tournesol<\/b> se pratique directement en place, courant avril et jusque fin juin, en recouvrant les <b>graines<\/b> d&rsquo;environ 2 cm de terre.<\/p>\n<p>Egalement Pourquoi planter des tournesols ?<\/p>\n<p>Gr\u00e2ce \u00e0 ses profondes racines qui a\u00e8rent ton sol, celui-ci peut mieux respirer et sa qualit\u00e9 s&rsquo;am\u00e9liore. Les plantes de <b>tournesol<\/b> sont aussi de vraies pompes \u00e0 eau : si tu as besoin d&rsquo;enlever de l&rsquo;eau de ton terrain, tu peux donc en semer en grande quantit\u00e9.<\/p>\n<p>O\u00f9 sont les graines de tournesol ?<\/p>\n<p>La tige s&rsquo;ass\u00e8che et les fleurs courbent la t\u00eate. C&rsquo;<b>est<\/b> le moment de r\u00e9colter. Coupez les t\u00eates enti\u00e8res et faites-les s\u00e9cher dans un endroit sec et abrit\u00e9. Au bout de quelques jours, les <b>graines<\/b> sonneront \u00ab\u00a0creux\u00a0\u00bb et \u00ab\u00a0sec\u00a0\u00bb lorsque vous passerez l&rsquo;ongle dessus.<\/p>\n<div id=\"ez-toc-container\" class=\"ez-toc-v2_0_81 counter-hierarchy ez-toc-counter ez-toc-grey ez-toc-container-direction\">\n<div class=\"ez-toc-title-container\">\n<p class=\"ez-toc-title\" style=\"cursor:inherit\">Contenus de la page<\/p>\n<span class=\"ez-toc-title-toggle\"><a href=\"#\" class=\"ez-toc-pull-right ez-toc-btn ez-toc-btn-xs ez-toc-btn-default ez-toc-toggle\" aria-label=\"Toggle Table of Content\"><span class=\"ez-toc-js-icon-con\"><span class=\"\"><span class=\"eztoc-hide\" style=\"display:none;\">Toggle<\/span><span class=\"ez-toc-icon-toggle-span\"><svg style=\"fill: #999;color:#999\" xmlns=\"http:\/\/www.w3.org\/2000\/svg\" class=\"list-377408\" width=\"20px\" height=\"20px\" viewBox=\"0 0 24 24\" fill=\"none\"><path d=\"M6 6H4v2h2V6zm14 0H8v2h12V6zM4 11h2v2H4v-2zm16 0H8v2h12v-2zM4 16h2v2H4v-2zm16 0H8v2h12v-2z\" fill=\"currentColor\"><\/path><\/svg><svg style=\"fill: #999;color:#999\" class=\"arrow-unsorted-368013\" xmlns=\"http:\/\/www.w3.org\/2000\/svg\" width=\"10px\" height=\"10px\" viewBox=\"0 0 24 24\" version=\"1.2\" baseProfile=\"tiny\"><path d=\"M18.2 9.3l-6.2-6.3-6.2 6.3c-.2.2-.3.4-.3.7s.1.5.3.7c.2.2.4.3.7.3h11c.3 0 .5-.1.7-.3.2-.2.3-.5.3-.7s-.1-.5-.3-.7zM5.8 14.7l6.2 6.3 6.2-6.3c.2-.2.3-.5.3-.7s-.1-.5-.3-.7c-.2-.2-.4-.3-.7-.3h-11c-.3 0-.5.1-.7.3-.2.2-.3.5-.3.7s.1.5.3.7z\"\/><\/svg><\/span><\/span><\/span><\/a><\/span><\/div>\n<nav><ul class='ez-toc-list ez-toc-list-level-1 ' ><li class='ez-toc-page-1 ez-toc-heading-level-2'><a class=\"ez-toc-link ez-toc-heading-1\" href=\"https:\/\/flashmode.tn\/magazine\/comment-et-quand-planter-les-graines-de-tournesol\/#Comment_conserver_les_graines_de_tournesol\" >Comment conserver les graines de tournesol ?<\/a><\/li><li class='ez-toc-page-1 ez-toc-heading-level-2'><a class=\"ez-toc-link ez-toc-heading-2\" href=\"https:\/\/flashmode.tn\/magazine\/comment-et-quand-planter-les-graines-de-tournesol\/#Est-ce_que_les_tournesols_sont_vivaces\" >Est-ce que les tournesols sont vivaces ?<\/a><\/li><li class='ez-toc-page-1 ez-toc-heading-level-2'><a class=\"ez-toc-link ez-toc-heading-3\" href=\"https:\/\/flashmode.tn\/magazine\/comment-et-quand-planter-les-graines-de-tournesol\/#Est-ce_que_les_tournesols_repoussent\" >Est-ce que les tournesols repoussent ?<\/a><\/li><li class='ez-toc-page-1 ez-toc-heading-level-2'><a class=\"ez-toc-link ez-toc-heading-4\" href=\"https:\/\/flashmode.tn\/magazine\/comment-et-quand-planter-les-graines-de-tournesol\/#Comment_bien_planter_des_tournesol\" >Comment bien planter des tournesol ?<\/a><\/li><li class='ez-toc-page-1 ez-toc-heading-level-2'><a class=\"ez-toc-link ez-toc-heading-5\" href=\"https:\/\/flashmode.tn\/magazine\/comment-et-quand-planter-les-graines-de-tournesol\/#Quel_est_le_symbole_du_tournesol\" >Quel est le symbole du tournesol ?<\/a><\/li><li class='ez-toc-page-1 ez-toc-heading-level-2'><a class=\"ez-toc-link ez-toc-heading-6\" href=\"https:\/\/flashmode.tn\/magazine\/comment-et-quand-planter-les-graines-de-tournesol\/#Est-ce_bon_de_manger_des_graines_de_tournesol\" >Est-ce bon de manger des graines de tournesol ?<\/a><\/li><li class='ez-toc-page-1 ez-toc-heading-level-2'><a class=\"ez-toc-link ez-toc-heading-7\" href=\"https:\/\/flashmode.tn\/magazine\/comment-et-quand-planter-les-graines-de-tournesol\/#Comment_recolte-t-on_le_tournesol\" >Comment r\u00e9colte-t-on le tournesol ?<\/a><\/li><li class='ez-toc-page-1 ez-toc-heading-level-2'><a class=\"ez-toc-link ez-toc-heading-8\" href=\"https:\/\/flashmode.tn\/magazine\/comment-et-quand-planter-les-graines-de-tournesol\/#Comment_faire_secher_des_tournesols\" >Comment faire s\u00e9cher des tournesols ?<\/a><\/li><li class='ez-toc-page-1 ez-toc-heading-level-2'><a class=\"ez-toc-link ez-toc-heading-9\" href=\"https:\/\/flashmode.tn\/magazine\/comment-et-quand-planter-les-graines-de-tournesol\/#Comment_conserver_les_graines\" >Comment conserver les graines ?<\/a><\/li><li class='ez-toc-page-1 ez-toc-heading-level-2'><a class=\"ez-toc-link ez-toc-heading-10\" href=\"https:\/\/flashmode.tn\/magazine\/comment-et-quand-planter-les-graines-de-tournesol\/#Pourquoi_faire_secher_les_graines_avant_de_les_planter\" >Pourquoi faire s\u00e9cher les graines avant de les planter ?<\/a><\/li><li class='ez-toc-page-1 ez-toc-heading-level-2'><a class=\"ez-toc-link ez-toc-heading-11\" href=\"https:\/\/flashmode.tn\/magazine\/comment-et-quand-planter-les-graines-de-tournesol\/#Comment_cuisiner_les_fleurs_de_tournesol\" >Comment cuisiner les fleurs de tournesol ?<\/a><\/li><li class='ez-toc-page-1 ez-toc-heading-level-2'><a class=\"ez-toc-link ez-toc-heading-12\" href=\"https:\/\/flashmode.tn\/magazine\/comment-et-quand-planter-les-graines-de-tournesol\/#Comment_avoir_de_beaux_tournesol\" >Comment avoir de beaux tournesol ?<\/a><\/li><li class='ez-toc-page-1 ez-toc-heading-level-2'><a class=\"ez-toc-link ez-toc-heading-13\" href=\"https:\/\/flashmode.tn\/magazine\/comment-et-quand-planter-les-graines-de-tournesol\/#Quelles_plantes_vivaces_en_plein_soleil\" >Quelles plantes vivaces en plein soleil ?<\/a><\/li><li class='ez-toc-page-1 ez-toc-heading-level-2'><a class=\"ez-toc-link ez-toc-heading-14\" href=\"https:\/\/flashmode.tn\/magazine\/comment-et-quand-planter-les-graines-de-tournesol\/#Pourquoi_les_tournesols_ont_la_tete_en_bas\" >Pourquoi les tournesols ont la t\u00eate en bas ?<\/a><\/li><li class='ez-toc-page-1 ez-toc-heading-level-2'><a class=\"ez-toc-link ez-toc-heading-15\" href=\"https:\/\/flashmode.tn\/magazine\/comment-et-quand-planter-les-graines-de-tournesol\/#Comment_entretenir_des_tournesols_coupes\" >Comment entretenir des tournesols coup\u00e9s ?<\/a><\/li><li class='ez-toc-page-1 ez-toc-heading-level-2'><a class=\"ez-toc-link ez-toc-heading-16\" href=\"https:\/\/flashmode.tn\/magazine\/comment-et-quand-planter-les-graines-de-tournesol\/#Comment_tailler_des_tournesols\" >Comment tailler des tournesols ?<\/a><\/li><li class='ez-toc-page-1 ez-toc-heading-level-2'><a class=\"ez-toc-link ez-toc-heading-17\" href=\"https:\/\/flashmode.tn\/magazine\/comment-et-quand-planter-les-graines-de-tournesol\/#Quelle_culture_apres_un_tournesol\" >Quelle culture apr\u00e8s un tournesol ?<\/a><\/li><li class='ez-toc-page-1 ez-toc-heading-level-2'><a class=\"ez-toc-link ez-toc-heading-18\" href=\"https:\/\/flashmode.tn\/magazine\/comment-et-quand-planter-les-graines-de-tournesol\/#Quelle_plante_associer_avec_tournesol\" >Quelle plante associer avec tournesol ?<\/a><\/li><li class='ez-toc-page-1 ez-toc-heading-level-2'><a class=\"ez-toc-link ez-toc-heading-19\" href=\"https:\/\/flashmode.tn\/magazine\/comment-et-quand-planter-les-graines-de-tournesol\/#Quand_et_comment_planter_des_cosmos\" >Quand et comment planter des cosmos ?<\/a><\/li><\/ul><\/nav><\/div>\n<h2><span class=\"ez-toc-section\" id=\"Comment_conserver_les_graines_de_tournesol\"><\/span>Comment conserver les graines de tournesol ?<span class=\"ez-toc-section-end\"><\/span><\/h2>\n<p>Lorsque les <b>graines<\/b> seront dodues et bien form\u00e9es, coupez les tiges et faites-les s\u00e9cher dans un endroit sec, bien a\u00e9r\u00e9, \u00e0 l&rsquo;envers (comme sur l&rsquo;image ci-contre) pendant quelques semaines. Vous vous assurerez ainsi un s\u00e9chage optimal et \u00e9viterez l&rsquo;humidit\u00e9 pouvant cr\u00e9er de la pourriture durant l&rsquo;entreposage.<\/p>\n<h2><span class=\"ez-toc-section\" id=\"Est-ce_que_les_tournesols_sont_vivaces\"><\/span><strong>Est-ce que les tournesols sont vivaces ?<\/strong><span class=\"ez-toc-section-end\"><\/span><\/h2>\n<p>Pour cultiver des <b>tournesols<\/b> dans votre jardin, nul besoin de mettre des semences en terre chaque printemps puisqu&rsquo;il existe des esp\u00e8ces qui <b>sont<\/b> parfaitement <b>vivaces<\/b> sous notre climat et qui fleurissent fid\u00e8lement ann\u00e9e apr\u00e8s ann\u00e9e.<\/p>\n<h2><span class=\"ez-toc-section\" id=\"Est-ce_que_les_tournesols_repoussent\"><\/span><strong>Est-ce que les tournesols repoussent ?<\/strong><span class=\"ez-toc-section-end\"><\/span><\/h2>\n<p>Ce qu&rsquo;il faut savoir pour bien faire pousser des <b>tournesols<\/b> dans le jardin ou sur le balcon : C&rsquo;<b>est<\/b> une fleur Annuelle (c&rsquo;<b>est<\/b> \u00e0 dire qu&rsquo;elle ne <b>repousse<\/b> pas une fois fan\u00e9e).<\/p>\n<h2><span class=\"ez-toc-section\" id=\"Comment_bien_planter_des_tournesol\"><\/span><strong>Comment bien planter des tournesol ?<\/strong><span class=\"ez-toc-section-end\"><\/span><\/h2>\n<p><b>  Semis et  <b>   plantation  <\/b>  du  <b>   tournesol  <\/b> <\/b> <\/p>\n<ol>\n<li>   Commencer par   <b>    bien   <\/b>   ameublir le sol en retournant la terre en profondeur.  <\/li>\n<li>   Former un sillon de 3 cm de profondeur environ.  <\/li>\n<li>   Effectuez un semis \u00ab en poquet \u00bb . &#8230;  <\/li>\n<li>   Disposer quelques graines tous les 20 cm puis couvrir.  <\/li>\n<li>   Arroser r\u00e9guli\u00e8rement en pluie fine, d\u00e8s que la terre est s\u00e8che.  <\/li>\n<\/ol>\n<h2><span class=\"ez-toc-section\" id=\"Quel_est_le_symbole_du_tournesol\"><\/span><strong>Quel est le symbole du tournesol ?<\/strong><span class=\"ez-toc-section-end\"><\/span><\/h2>\n<p>Le <b>tournesol est<\/b> donc ici le <b>symbole<\/b> de la fid\u00e9lit\u00e9, car il accompagne le soleil du matin au soir. Bien s\u00fbr, les <b>tournesols<\/b> ressemblent aussi \u00e0 de petits soleils. C&rsquo;<b>est<\/b> pourquoi, dans leur pays d&rsquo;origine, l&rsquo;Am\u00e9rique, ils \u00e9taient consid\u00e9r\u00e9s comme un <b>symbole<\/b> des dieux du soleil.<\/p>\n<h2><span class=\"ez-toc-section\" id=\"Est-ce_bon_de_manger_des_graines_de_tournesol\"><\/span><strong>Est-ce bon de manger des graines de tournesol ?<\/strong><span class=\"ez-toc-section-end\"><\/span><\/h2>\n<p>Les <b>graines<\/b> et l&rsquo;huile de <b>tournesol<\/b> sont d&rsquo;excellentes sources de vitamine E, principalement sous forme d&rsquo;alpha-tocoph\u00e9rol. Antioxydant majeur, la vitamine E prot\u00e8ge la membrane qui entoure les cellules du corps, en particulier les globules rouges et les globules blancs (cellules du syst\u00e8me immunitaire).<\/p>\n<h2><span class=\"ez-toc-section\" id=\"Comment_recolte-t-on_le_tournesol\"><\/span><strong>Comment r\u00e9colte-t-on le tournesol ?<\/strong><span class=\"ez-toc-section-end\"><\/span><\/h2>\n<p>La moissonneuse-batteuse va couper les tiges du <b>tournesol<\/b> avec les capitules. Tout est convoy\u00e9 vers le batteur, qui va \u00e9grener le capitule. Ensuite, les graines sont nettoy\u00e9es par soufflerie pour avoir une <b>r\u00e9colte<\/b> propre, pr\u00eate \u00e0 \u00eatre commercialis\u00e9e.<\/p>\n<h2><span class=\"ez-toc-section\" id=\"Comment_faire_secher_des_tournesols\"><\/span><strong>Comment faire s\u00e9cher des tournesols ?<\/strong><span class=\"ez-toc-section-end\"><\/span><\/h2>\n<p>Si l&rsquo;humidit\u00e9 du <b>tournesol<\/b> \u00e0 la r\u00e9colte est trop \u00e9lev\u00e9e, un s\u00e9chage est n\u00e9cessaire : par ventilation s\u00e9chante avec un air l\u00e9g\u00e8rement r\u00e9chauff\u00e9 si dispositif disponible pour des humidit\u00e9 inf\u00e9rieures \u00e0 14%, ou dans un s\u00e9choir \u00e0 air chaud en particulier pour des humidit\u00e9s sup\u00e9rieures \u00e0 14%.<\/p>\n<h2><span class=\"ez-toc-section\" id=\"Comment_conserver_les_graines\"><\/span><strong>Comment conserver les graines ?<\/strong><span class=\"ez-toc-section-end\"><\/span><\/h2>\n<p>Plus la temp\u00e9rature ambiante augmente, plus le risque de germination est \u00e9lev\u00e9. Conserver les <b>graines<\/b>, si possible, \u00e0 4 ou 5 \u00b0C, par exemple dans le bac \u00e0 l\u00e9gumes en bas du r\u00e9frig\u00e9rateur. Veiller aussi \u00e0 garder les sachets dans un endroit ventil\u00e9.<\/p>\n<h2><span class=\"ez-toc-section\" id=\"Pourquoi_faire_secher_les_graines_avant_de_les_planter\"><\/span><strong>Pourquoi faire s\u00e9cher les graines avant de les planter ?<\/strong><span class=\"ez-toc-section-end\"><\/span><\/h2>\n<p>Cela \u00e9vitera tout risque de pourrissement, de contamination ou de non-germination par la suite. Lorsque vous r\u00e9coltez vos <b>graines<\/b>, il est essentiel de les nettoyer consciencieusement et de bien les laisser <b>s\u00e9cher<\/b>.<\/p>\n<h2><span class=\"ez-toc-section\" id=\"Comment_cuisiner_les_fleurs_de_tournesol\"><\/span><strong>Comment cuisiner les fleurs de tournesol ?<\/strong><span class=\"ez-toc-section-end\"><\/span><\/h2>\n<p>On utilise les p\u00e9tales crus pour agr\u00e9menter les salades et les plats de crudit\u00e9s. On peut aussi les cuir, frire ou griller les <b>fleurs<\/b> et les boutons comme des l\u00e9gumes. On peut <b>cuisiner<\/b> les boutons floraux \u00e0 la vapeur et les associer \u00e0 d&rsquo;autres l\u00e9gumes dans des gratins de l\u00e9gumes.<\/p>\n<h2><span class=\"ez-toc-section\" id=\"Comment_avoir_de_beaux_tournesol\"><\/span><strong>Comment avoir de beaux tournesol ?<\/strong><span class=\"ez-toc-section-end\"><\/span><\/h2>\n<p>Les <b>tournesols<\/b> se d\u00e9veloppent mieux dans les endroits avec plein soleil. Ils sont remarquablement r\u00e9sistants et poussent dans n&rsquo;importe quel type de sol tant qu&rsquo;il n&rsquo;est pas gorg\u00e9 d&rsquo;eau. Ils fonctionnent bien dans des sols l\u00e9g\u00e8rement acides \u00e0 un peu alcalins (pH 6,0 \u00e0 7,5).<\/p>\n<h2><span class=\"ez-toc-section\" id=\"Quelles_plantes_vivaces_en_plein_soleil\"><\/span><strong>Quelles plantes vivaces en plein soleil ?<\/strong><span class=\"ez-toc-section-end\"><\/span><\/h2>\n<ul>\n<li>   &gt; Agastache.  <\/li>\n<li>   &gt; Anemone.  <\/li>\n<li>   &gt; Aster.  <\/li>\n<li>   &gt; Coreopsis.  <\/li>\n<li>   &gt; Echinacea purpurea.  <\/li>\n<li>   &gt; Epim\u00e9dium.  <\/li>\n<li>   &gt; Foug\u00e8res.  <\/li>\n<li>   &gt; G\u00e9ranium vivace.  <\/li>\n<\/ul>\n<h2><span class=\"ez-toc-section\" id=\"Pourquoi_les_tournesols_ont_la_tete_en_bas\"><\/span><strong>Pourquoi les tournesols ont la t\u00eate en bas ?<\/strong><span class=\"ez-toc-section-end\"><\/span><\/h2>\n<p>Les <b>tournesols<\/b> sont donc attir\u00e9s par la lumi\u00e8re pendant leur croissance, c&rsquo;est le ph\u00e9nom\u00e8ne du phototropisme. &#8230; Ce d\u00e9s\u00e9quilibre donne l&rsquo;impression que la <b>t\u00eate<\/b> du <b>tournesol<\/b> s&rsquo;incline vers le soleil alors que non. Simplement, le poids de la fleur force l&rsquo;inclinaison \u00e0 partir du point le moins haut.<\/p>\n<h2><span class=\"ez-toc-section\" id=\"Comment_entretenir_des_tournesols_coupes\"><\/span><strong>Comment entretenir des tournesols coup\u00e9s ?<\/strong><span class=\"ez-toc-section-end\"><\/span><\/h2>\n<p>Retirer les feuilles superflues des tiges. Mettre la fleur dans un vase propre remplie d&rsquo;eau du robinet \u00e0 temp\u00e9rature ambiante. Ajouter un peu de nourriture pour fleurs <b>coup\u00e9es<\/b> dans l&rsquo;eau. Refaire r\u00e9guli\u00e8rement le niveau d&rsquo;eau dans le vase car ces fleurs ont toujours soif.<\/p>\n<h2><span class=\"ez-toc-section\" id=\"Comment_tailler_des_tournesols\"><\/span><strong>Comment tailler des tournesols ?<\/strong><span class=\"ez-toc-section-end\"><\/span><\/h2>\n<p>Taillez les <b>tournesols<\/b> au niveau du sol au milieu de l&rsquo;\u00e9t\u00e9 pour \u00e9viter qu&rsquo;ils ne poussent trop haut. Laissez-les d\u00e9passer du sol d&rsquo;environ 5 ou 7 cm. Utilisez un s\u00e9cateur propre ou un petit couteau. Coupez-les un peu au-dessus du niveau du sol, en faisant une coupe droite et nette.<\/p>\n<h2><span class=\"ez-toc-section\" id=\"Quelle_culture_apres_un_tournesol\"><\/span><strong>Quelle culture apr\u00e8s un tournesol ?<\/strong><span class=\"ez-toc-section-end\"><\/span><\/h2>\n<p>Il est par ailleurs tout \u00e0 fait possible d&rsquo;implanter une c\u00e9r\u00e9ale en semis direct <b>apr\u00e8s tournesol<\/b> car cette <b>culture<\/b> laisse un sol bien structur\u00e9 et peu de r\u00e9sidus g\u00eanants. Enfin, l&rsquo;interculture longue laiss\u00e9e par le <b>tournesol<\/b> permet d&rsquo;int\u00e9grer des couverts dans la rotation.<\/p>\n<h2><span class=\"ez-toc-section\" id=\"Quelle_plante_associer_avec_tournesol\"><\/span><strong>Quelle plante associer avec tournesol ?<\/strong><span class=\"ez-toc-section-end\"><\/span><\/h2>\n<p>Les meilleures associations <b>tournesol<\/b> et l\u00e9gumes<\/p>\n<p> On peut l&rsquo;<b>associer<\/b> \u00e0 des <b>plantes<\/b> basses donc, comme les choux, les laitues, les \u0153illets. On peut aussi l&rsquo;<b>associer avec<\/b> des grimpantes comme l&rsquo;ipom\u00e9e, \u00e0 qui il servira de tuteur.<\/p>\n<h2><span class=\"ez-toc-section\" id=\"Quand_et_comment_planter_des_cosmos\"><\/span><strong>Quand et comment planter des cosmos ?<\/strong><span class=\"ez-toc-section-end\"><\/span><\/h2>\n<p>Mars-avril : le d\u00e9but du printemps est la meilleure p\u00e9riode pour semer des <b>cosmos<\/b>. Vous pouvez les semer directement en place ou sous ch\u00e2ssis et alors les repiquer lorsqu&rsquo;ils font 10-12 centim\u00e8tres.<\/p>\n<h2><strong><\/strong><\/h2>\n<h2><strong><\/strong><\/h2>\n<hr \/>\n<p><em>Editeurs: 15 &#8211; R\u00e9f\u00e9rences: 19 articles<\/em><\/p>\n<p><em>N\u2019oubliez pas de partager l\u2019article !<\/em><\/p>\n","protected":false},"excerpt":{"rendered":"<p>Mars-avril : c&rsquo;est la bonne \u00e9poque pour semer les tournesols. Faites un apport de mati\u00e8re organique et enfoncez bien profond\u00e9ment vos graines. Avril-mai : d\u00e8s que les plantules sortent de terre, surveillez les limaces. Lorsque les tournesols ont atteint 20 centim\u00e8tres de hauteur, tuteurez-les. De plus, Quand planter les graines de tournesol ? Le semis [&hellip;]<\/p>\n","protected":false},"author":6,"featured_media":0,"comment_status":"open","ping_status":"open","sticky":false,"template":"","format":"standard","meta":{"tdm_status":"","tdm_grid_status":"","_jetpack_memberships_contains_paid_content":false,"footnotes":"","jetpack_publicize_message":"","jetpack_publicize_feature_enabled":true,"jetpack_social_post_already_shared":false,"jetpack_social_options":{"image_generator_settings":{"template":"highway","default_image_id":0,"font":"","enabled":false},"version":2}},"categories":[3457],"tags":[],"class_list":["post-39282","post","type-post","status-publish","format-standard","hentry","category-maison"],"yoast_head":"<!-- This site is optimized with the Yoast SEO Premium plugin v25.0 (Yoast SEO v25.0) - https:\/\/yoast.com\/wordpress\/plugins\/seo\/ -->\n<title>Comment et quand planter les graines de tournesol ?<\/title>\n<meta name=\"description\" content=\"Mars-avril : c&#039;est la bonne \u00e9poque pour semer les tournesols. Faites un apport de mati\u00e8re organique et enfoncez bien profond\u00e9ment vos graines. Avril-mai :\" \/>\n<meta name=\"robots\" content=\"index, follow, max-snippet:-1, max-image-preview:large, max-video-preview:-1\" \/>\n<link rel=\"canonical\" href=\"https:\/\/flashmode.tn\/magazine\/comment-et-quand-planter-les-graines-de-tournesol\/\" \/>\n<meta property=\"og:locale\" content=\"fr_FR\" \/>\n<meta property=\"og:type\" content=\"article\" \/>\n<meta property=\"og:title\" content=\"Comment et quand planter les graines de tournesol ? - Flashmode Magazine | Magazine de mode et style de vie Num\u00e9ro un en Tunisie et au Maghreb\" \/>\n<meta property=\"og:description\" content=\"Mars-avril : c&#039;est la bonne \u00e9poque pour semer les tournesols. Faites un apport de mati\u00e8re organique et enfoncez bien profond\u00e9ment vos graines. Avril-mai :\" \/>\n<meta property=\"og:url\" content=\"https:\/\/flashmode.tn\/magazine\/comment-et-quand-planter-les-graines-de-tournesol\/\" \/>\n<meta property=\"og:site_name\" content=\"Flashmode Magazine | Magazine de mode et style de vie Num\u00e9ro un en Tunisie et au Maghreb\" \/>\n<meta property=\"article:publisher\" content=\"https:\/\/www.facebook.com\/flashmode.magazine\/\" \/>\n<meta property=\"article:published_time\" content=\"2021-10-12T10:13:58+00:00\" \/>\n<meta name=\"author\" content=\"EventsEditors\" \/>\n<meta name=\"twitter:card\" content=\"summary_large_image\" \/>\n<meta name=\"twitter:creator\" content=\"@agenceflashmode\" \/>\n<meta name=\"twitter:site\" content=\"@agenceflashmode\" \/>\n<meta name=\"twitter:label1\" content=\"\u00c9crit par\" \/>\n\t<meta name=\"twitter:data1\" content=\"EventsEditors\" \/>\n\t<meta name=\"twitter:label2\" content=\"Dur\u00e9e de lecture estim\u00e9e\" \/>\n\t<meta name=\"twitter:data2\" content=\"6 minutes\" \/>\n<script type=\"application\/ld+json\" class=\"yoast-schema-graph\">{\"@context\":\"https:\/\/schema.org\",\"@graph\":[{\"@type\":\"WebPage\",\"@id\":\"https:\/\/flashmode.tn\/magazine\/comment-et-quand-planter-les-graines-de-tournesol\/\",\"url\":\"https:\/\/flashmode.tn\/magazine\/comment-et-quand-planter-les-graines-de-tournesol\/\",\"name\":\"Comment et quand planter les graines de tournesol ?\",\"isPartOf\":{\"@id\":\"https:\/\/flashmode.tn\/magazine\/#website\"},\"datePublished\":\"2021-10-12T10:13:58+00:00\",\"author\":{\"@id\":\"https:\/\/flashmode.tn\/magazine\/#\/schema\/person\/257d6780605b915a5e352977f0f6f41c\"},\"description\":\"Mars-avril : c'est la bonne \u00e9poque pour semer les tournesols. Faites un apport de mati\u00e8re organique et enfoncez bien profond\u00e9ment vos graines. Avril-mai :\",\"breadcrumb\":{\"@id\":\"https:\/\/flashmode.tn\/magazine\/comment-et-quand-planter-les-graines-de-tournesol\/#breadcrumb\"},\"inLanguage\":\"fr-FR\",\"potentialAction\":[{\"@type\":\"ReadAction\",\"target\":[\"https:\/\/flashmode.tn\/magazine\/comment-et-quand-planter-les-graines-de-tournesol\/\"]}]},{\"@type\":\"BreadcrumbList\",\"@id\":\"https:\/\/flashmode.tn\/magazine\/comment-et-quand-planter-les-graines-de-tournesol\/#breadcrumb\",\"itemListElement\":[{\"@type\":\"ListItem\",\"position\":1,\"name\":\"Accueil\",\"item\":\"https:\/\/flashmode.tn\/magazine\/\"},{\"@type\":\"ListItem\",\"position\":2,\"name\":\"Comment et quand planter les graines de tournesol ?\"}]},{\"@type\":\"WebSite\",\"@id\":\"https:\/\/flashmode.tn\/magazine\/#website\",\"url\":\"https:\/\/flashmode.tn\/magazine\/\",\"name\":\"Flashmode Magazine | Magazine de mode et style de vie Num\u00e9ro un en Tunisie et au Maghreb\",\"description\":\"Magazine de mode et style de vie Num\u00e9ro un en Tunisie et au Maghreb, cr\u00e9\u00e9 pour les hommes et les femmes : conseils beaut\u00e9, mode femme, mode homme, recettes de cuisine, c\u00e9l\u00e9brit\u00e9s et people, mannequins et top modeles\",\"potentialAction\":[{\"@type\":\"SearchAction\",\"target\":{\"@type\":\"EntryPoint\",\"urlTemplate\":\"https:\/\/flashmode.tn\/magazine\/?s={search_term_string}\"},\"query-input\":{\"@type\":\"PropertyValueSpecification\",\"valueRequired\":true,\"valueName\":\"search_term_string\"}}],\"inLanguage\":\"fr-FR\"},{\"@type\":\"Person\",\"@id\":\"https:\/\/flashmode.tn\/magazine\/#\/schema\/person\/257d6780605b915a5e352977f0f6f41c\",\"name\":\"EventsEditors\",\"image\":{\"@type\":\"ImageObject\",\"inLanguage\":\"fr-FR\",\"@id\":\"https:\/\/flashmode.tn\/magazine\/#\/schema\/person\/image\/\",\"url\":\"https:\/\/secure.gravatar.com\/avatar\/e2daedf958f66be37c9a79abe56184d85cd1baa6bba0dd8017e3f7d01555232f?s=96&d=mm&r=g\",\"contentUrl\":\"https:\/\/secure.gravatar.com\/avatar\/e2daedf958f66be37c9a79abe56184d85cd1baa6bba0dd8017e3f7d01555232f?s=96&d=mm&r=g\",\"caption\":\"EventsEditors\"},\"url\":\"https:\/\/flashmode.tn\/magazine\/author\/eventseditors\/\"}]}<\/script>\n<!-- \/ Yoast SEO Premium plugin. -->","yoast_head_json":{"title":"Comment et quand planter les graines de tournesol ?","description":"Mars-avril : c'est la bonne \u00e9poque pour semer les tournesols. Faites un apport de mati\u00e8re organique et enfoncez bien profond\u00e9ment vos graines. Avril-mai :","robots":{"index":"index","follow":"follow","max-snippet":"max-snippet:-1","max-image-preview":"max-image-preview:large","max-video-preview":"max-video-preview:-1"},"canonical":"https:\/\/flashmode.tn\/magazine\/comment-et-quand-planter-les-graines-de-tournesol\/","og_locale":"fr_FR","og_type":"article","og_title":"Comment et quand planter les graines de tournesol ? - Flashmode Magazine | Magazine de mode et style de vie Num\u00e9ro un en Tunisie et au Maghreb","og_description":"Mars-avril : c'est la bonne \u00e9poque pour semer les tournesols. Faites un apport de mati\u00e8re organique et enfoncez bien profond\u00e9ment vos graines. Avril-mai :","og_url":"https:\/\/flashmode.tn\/magazine\/comment-et-quand-planter-les-graines-de-tournesol\/","og_site_name":"Flashmode Magazine | Magazine de mode et style de vie Num\u00e9ro un en Tunisie et au Maghreb","article_publisher":"https:\/\/www.facebook.com\/flashmode.magazine\/","article_published_time":"2021-10-12T10:13:58+00:00","author":"EventsEditors","twitter_card":"summary_large_image","twitter_creator":"@agenceflashmode","twitter_site":"@agenceflashmode","twitter_misc":{"\u00c9crit par":"EventsEditors","Dur\u00e9e de lecture estim\u00e9e":"6 minutes"},"schema":{"@context":"https:\/\/schema.org","@graph":[{"@type":"WebPage","@id":"https:\/\/flashmode.tn\/magazine\/comment-et-quand-planter-les-graines-de-tournesol\/","url":"https:\/\/flashmode.tn\/magazine\/comment-et-quand-planter-les-graines-de-tournesol\/","name":"Comment et quand planter les graines de tournesol ?","isPartOf":{"@id":"https:\/\/flashmode.tn\/magazine\/#website"},"datePublished":"2021-10-12T10:13:58+00:00","author":{"@id":"https:\/\/flashmode.tn\/magazine\/#\/schema\/person\/257d6780605b915a5e352977f0f6f41c"},"description":"Mars-avril : c'est la bonne \u00e9poque pour semer les tournesols. Faites un apport de mati\u00e8re organique et enfoncez bien profond\u00e9ment vos graines. Avril-mai :","breadcrumb":{"@id":"https:\/\/flashmode.tn\/magazine\/comment-et-quand-planter-les-graines-de-tournesol\/#breadcrumb"},"inLanguage":"fr-FR","potentialAction":[{"@type":"ReadAction","target":["https:\/\/flashmode.tn\/magazine\/comment-et-quand-planter-les-graines-de-tournesol\/"]}]},{"@type":"BreadcrumbList","@id":"https:\/\/flashmode.tn\/magazine\/comment-et-quand-planter-les-graines-de-tournesol\/#breadcrumb","itemListElement":[{"@type":"ListItem","position":1,"name":"Accueil","item":"https:\/\/flashmode.tn\/magazine\/"},{"@type":"ListItem","position":2,"name":"Comment et quand planter les graines de tournesol ?"}]},{"@type":"WebSite","@id":"https:\/\/flashmode.tn\/magazine\/#website","url":"https:\/\/flashmode.tn\/magazine\/","name":"Flashmode Magazine | Magazine de mode et style de vie Num\u00e9ro un en Tunisie et au Maghreb","description":"Magazine de mode et style de vie Num\u00e9ro un en Tunisie et au Maghreb, cr\u00e9\u00e9 pour les hommes et les femmes : conseils beaut\u00e9, mode femme, mode homme, recettes de cuisine, c\u00e9l\u00e9brit\u00e9s et people, mannequins et top modeles","potentialAction":[{"@type":"SearchAction","target":{"@type":"EntryPoint","urlTemplate":"https:\/\/flashmode.tn\/magazine\/?s={search_term_string}"},"query-input":{"@type":"PropertyValueSpecification","valueRequired":true,"valueName":"search_term_string"}}],"inLanguage":"fr-FR"},{"@type":"Person","@id":"https:\/\/flashmode.tn\/magazine\/#\/schema\/person\/257d6780605b915a5e352977f0f6f41c","name":"EventsEditors","image":{"@type":"ImageObject","inLanguage":"fr-FR","@id":"https:\/\/flashmode.tn\/magazine\/#\/schema\/person\/image\/","url":"https:\/\/secure.gravatar.com\/avatar\/e2daedf958f66be37c9a79abe56184d85cd1baa6bba0dd8017e3f7d01555232f?s=96&d=mm&r=g","contentUrl":"https:\/\/secure.gravatar.com\/avatar\/e2daedf958f66be37c9a79abe56184d85cd1baa6bba0dd8017e3f7d01555232f?s=96&d=mm&r=g","caption":"EventsEditors"},"url":"https:\/\/flashmode.tn\/magazine\/author\/eventseditors\/"}]}},"jetpack_publicize_connections":[],"jetpack_featured_media_url":"","jetpack_shortlink":"https:\/\/wp.me\/p8BPGr-adA","jetpack_sharing_enabled":true,"_links":{"self":[{"href":"https:\/\/flashmode.tn\/magazine\/wp-json\/wp\/v2\/posts\/39282","targetHints":{"allow":["GET"]}}],"collection":[{"href":"https:\/\/flashmode.tn\/magazine\/wp-json\/wp\/v2\/posts"}],"about":[{"href":"https:\/\/flashmode.tn\/magazine\/wp-json\/wp\/v2\/types\/post"}],"author":[{"embeddable":true,"href":"https:\/\/flashmode.tn\/magazine\/wp-json\/wp\/v2\/users\/6"}],"replies":[{"embeddable":true,"href":"https:\/\/flashmode.tn\/magazine\/wp-json\/wp\/v2\/comments?post=39282"}],"version-history":[{"count":0,"href":"https:\/\/flashmode.tn\/magazine\/wp-json\/wp\/v2\/posts\/39282\/revisions"}],"wp:attachment":[{"href":"https:\/\/flashmode.tn\/magazine\/wp-json\/wp\/v2\/media?parent=39282"}],"wp:term":[{"taxonomy":"category","embeddable":true,"href":"https:\/\/flashmode.tn\/magazine\/wp-json\/wp\/v2\/categories?post=39282"},{"taxonomy":"post_tag","embeddable":true,"href":"https:\/\/flashmode.tn\/magazine\/wp-json\/wp\/v2\/tags?post=39282"}],"curies":[{"name":"wp","href":"https:\/\/api.w.org\/{rel}","templated":true}]}}