{"id":39595,"date":"2021-11-21T11:03:43","date_gmt":"2021-11-21T10:03:43","guid":{"rendered":"https:\/\/flashmode.tn\/magazine\/?p=39595"},"modified":"2021-11-21T11:03:43","modified_gmt":"2021-11-21T10:03:43","slug":"comment-tailler-les-prunier","status":"publish","type":"post","link":"https:\/\/flashmode.tn\/magazine\/comment-tailler-les-prunier\/","title":{"rendered":"Comment tailler les prunier ?"},"content":{"rendered":"<p><b>  <b>   Comment  <\/b>  proc\u00e9der \u00e0 la  <b>   taille  <\/b>  d&rsquo;un  <b>   prunier  <\/b>  ? <\/b> <\/p>\n<ol>\n<li>   Couper les branches situ\u00e9es le long du tronc \u00e0 l&rsquo;aide d&rsquo;une paire de s\u00e9cateur grande   <b>    taille   <\/b>   .  <\/li>\n<li>   <b>    Tailler   <\/b>   les rameaux gourmands (ceux qui sont envahissants et qui emp\u00eachent de cueillir les fruits \u00e0 l&rsquo;int\u00e9rieur de l&rsquo;arbre) pour a\u00e9rer et bien ouvrir l&rsquo;arbre \u00e0 l&rsquo;aide du gros s\u00e9cateur.  <\/li>\n<\/ol>\n<p>De plus, Quand tailler abricotier et prunier ?<\/p>\n<p>Si elle doit \u00eatre entreprise, la <b>taille<\/b> de l&rsquo;<b>abricotier<\/b> se fait \u00e0 la toute fin de l&rsquo;hiver afin d&rsquo;\u00e9viter de h\u00e2ter la floraison. Fin f\u00e9vrier est tout \u00e0 fait adapt\u00e9. En effet, si la floraison d\u00e9marre trop t\u00f4t, elle risque d&rsquo;\u00eatre an\u00e9antie par des gel\u00e9es tardives. Si votre <b>abricotier<\/b> est jeune, ne le taillez pas.<\/p>\n<p>Egalement Quand tailler un prunier trop haut ?<\/p>\n<p>Op\u00e9rez entre le mois de novembre et celui de mars, car la s\u00e8ve se concentre dans les racines, et les branches taill\u00e9es cicatrisent mieux. Pratiquez la <b>taille<\/b> par une belle journ\u00e9e ensoleill\u00e9e et s\u00e8che. \u00c9vitez de <b>tailler<\/b> votre <b>prunier<\/b> par temps humide et de gel.<\/p>\n<p>Comment tailler un arbre fruitier Mirabellier ?<\/p>\n<p><b>  <b>   Taille  <\/b>  du  <b>   mirabellier  <\/b> <\/b> <\/p>\n<ol>\n<li>   La   <b>    taille   <\/b>   de formation a lieu en hiver, hors p\u00e9riode de gel.  <\/li>\n<li>   Pour cela, taillez votre   <b>    mirabellier   <\/b>   de mani\u00e8re \u00e0 obtenir 3 ou 4 branches principales orient\u00e9es vers l&rsquo;ext\u00e9rieur.  <\/li>\n<\/ol>\n<div id=\"ez-toc-container\" class=\"ez-toc-v2_0_81 counter-hierarchy ez-toc-counter ez-toc-grey ez-toc-container-direction\">\n<div class=\"ez-toc-title-container\">\n<p class=\"ez-toc-title\" style=\"cursor:inherit\">Contenus de la page<\/p>\n<span class=\"ez-toc-title-toggle\"><a href=\"#\" class=\"ez-toc-pull-right ez-toc-btn ez-toc-btn-xs ez-toc-btn-default ez-toc-toggle\" aria-label=\"Toggle Table of Content\"><span class=\"ez-toc-js-icon-con\"><span class=\"\"><span class=\"eztoc-hide\" style=\"display:none;\">Toggle<\/span><span class=\"ez-toc-icon-toggle-span\"><svg style=\"fill: #999;color:#999\" xmlns=\"http:\/\/www.w3.org\/2000\/svg\" class=\"list-377408\" width=\"20px\" height=\"20px\" viewBox=\"0 0 24 24\" fill=\"none\"><path d=\"M6 6H4v2h2V6zm14 0H8v2h12V6zM4 11h2v2H4v-2zm16 0H8v2h12v-2zM4 16h2v2H4v-2zm16 0H8v2h12v-2z\" fill=\"currentColor\"><\/path><\/svg><svg style=\"fill: #999;color:#999\" class=\"arrow-unsorted-368013\" xmlns=\"http:\/\/www.w3.org\/2000\/svg\" width=\"10px\" height=\"10px\" viewBox=\"0 0 24 24\" version=\"1.2\" baseProfile=\"tiny\"><path d=\"M18.2 9.3l-6.2-6.3-6.2 6.3c-.2.2-.3.4-.3.7s.1.5.3.7c.2.2.4.3.7.3h11c.3 0 .5-.1.7-.3.2-.2.3-.5.3-.7s-.1-.5-.3-.7zM5.8 14.7l6.2 6.3 6.2-6.3c.2-.2.3-.5.3-.7s-.1-.5-.3-.7c-.2-.2-.4-.3-.7-.3h-11c-.3 0-.5.1-.7.3-.2.2-.3.5-.3.7s.1.5.3.7z\"\/><\/svg><\/span><\/span><\/span><\/a><\/span><\/div>\n<nav><ul class='ez-toc-list ez-toc-list-level-1 ' ><li class='ez-toc-page-1 ez-toc-heading-level-2'><a class=\"ez-toc-link ez-toc-heading-1\" href=\"https:\/\/flashmode.tn\/magazine\/comment-tailler-les-prunier\/#Quand_et_comment_tailler_les_arbres_fruitiers\" >Quand et comment tailler les arbres fruitiers ?<\/a><\/li><li class='ez-toc-page-1 ez-toc-heading-level-2'><a class=\"ez-toc-link ez-toc-heading-2\" href=\"https:\/\/flashmode.tn\/magazine\/comment-tailler-les-prunier\/#Quel_mois_pour_tailler_un_abricotier\" >Quel mois pour tailler un abricotier ?<\/a><\/li><li class='ez-toc-page-1 ez-toc-heading-level-2'><a class=\"ez-toc-link ez-toc-heading-3\" href=\"https:\/\/flashmode.tn\/magazine\/comment-tailler-les-prunier\/#Comment_tailler_un_abricotier_en_ete\" >Comment tailler un abricotier en \u00e9t\u00e9 ?<\/a><\/li><li class='ez-toc-page-1 ez-toc-heading-level-2'><a class=\"ez-toc-link ez-toc-heading-4\" href=\"https:\/\/flashmode.tn\/magazine\/comment-tailler-les-prunier\/#Comment_taille_abricotier\" >Comment taille abricotier ?<\/a><\/li><li class='ez-toc-page-1 ez-toc-heading-level-2'><a class=\"ez-toc-link ez-toc-heading-5\" href=\"https:\/\/flashmode.tn\/magazine\/comment-tailler-les-prunier\/#Quand_tailler_un_prunier_au_Quebec\" >Quand tailler un prunier au Qu\u00e9bec ?<\/a><\/li><li class='ez-toc-page-1 ez-toc-heading-level-2'><a class=\"ez-toc-link ez-toc-heading-6\" href=\"https:\/\/flashmode.tn\/magazine\/comment-tailler-les-prunier\/#Pourquoi_un_prunier_ne_donne_pas_de_fruits\" >Pourquoi un prunier ne donne pas de fruits ?<\/a><\/li><li class='ez-toc-page-1 ez-toc-heading-level-2'><a class=\"ez-toc-link ez-toc-heading-7\" href=\"https:\/\/flashmode.tn\/magazine\/comment-tailler-les-prunier\/#Quand_tailler_les_cerisiers_et_les_pruniers\" >Quand tailler les cerisiers et les pruniers ?<\/a><\/li><li class='ez-toc-page-1 ez-toc-heading-level-2'><a class=\"ez-toc-link ez-toc-heading-8\" href=\"https:\/\/flashmode.tn\/magazine\/comment-tailler-les-prunier\/#Quand_et_comment_tailler_les_Mirabelliers\" >Quand et comment tailler les Mirabelliers ?<\/a><\/li><li class='ez-toc-page-1 ez-toc-heading-level-2'><a class=\"ez-toc-link ez-toc-heading-9\" href=\"https:\/\/flashmode.tn\/magazine\/comment-tailler-les-prunier\/#Est-ce_quun_mirabellier_se_taille\" >Est-ce qu&rsquo;un mirabellier se taille ?<\/a><\/li><li class='ez-toc-page-1 ez-toc-heading-level-2'><a class=\"ez-toc-link ez-toc-heading-10\" href=\"https:\/\/flashmode.tn\/magazine\/comment-tailler-les-prunier\/#Quand_un_mirabellier_donne_des_fruits\" >Quand un mirabellier donne des fruits ?<\/a><\/li><li class='ez-toc-page-1 ez-toc-heading-level-2'><a class=\"ez-toc-link ez-toc-heading-11\" href=\"https:\/\/flashmode.tn\/magazine\/comment-tailler-les-prunier\/#Quel_mois_pour_la_taille_des_arbres\" >Quel mois pour la taille des arbres ?<\/a><\/li><li class='ez-toc-page-1 ez-toc-heading-level-2'><a class=\"ez-toc-link ez-toc-heading-12\" href=\"https:\/\/flashmode.tn\/magazine\/comment-tailler-les-prunier\/#Comment_tailler_ses_fruitiers\" >Comment tailler ses fruitiers ?<\/a><\/li><li class='ez-toc-page-1 ez-toc-heading-level-2'><a class=\"ez-toc-link ez-toc-heading-13\" href=\"https:\/\/flashmode.tn\/magazine\/comment-tailler-les-prunier\/#Comment_faire_une_taille_de_fructification\" >Comment faire une taille de fructification ?<\/a><\/li><li class='ez-toc-page-1 ez-toc-heading-level-2'><a class=\"ez-toc-link ez-toc-heading-14\" href=\"https:\/\/flashmode.tn\/magazine\/comment-tailler-les-prunier\/#Pourquoi_un_abricotier_ne_donne_pas_de_fruits\" >Pourquoi un abricotier ne donne pas de fruits ?<\/a><\/li><li class='ez-toc-page-1 ez-toc-heading-level-2'><a class=\"ez-toc-link ez-toc-heading-15\" href=\"https:\/\/flashmode.tn\/magazine\/comment-tailler-les-prunier\/#Quelle_est_la_hauteur_dun_abricotier\" >Quelle est la hauteur d&rsquo;un abricotier ?<\/a><\/li><li class='ez-toc-page-1 ez-toc-heading-level-2'><a class=\"ez-toc-link ez-toc-heading-16\" href=\"https:\/\/flashmode.tn\/magazine\/comment-tailler-les-prunier\/#Comment_tailler_un_abricotier_de_2_ans\" >Comment tailler un abricotier de 2 ans ?<\/a><\/li><li class='ez-toc-page-1 ez-toc-heading-level-2'><a class=\"ez-toc-link ez-toc-heading-17\" href=\"https:\/\/flashmode.tn\/magazine\/comment-tailler-les-prunier\/#Comment_faire_fructifier_un_abricotier\" >Comment faire fructifier un abricotier ?<\/a><\/li><li class='ez-toc-page-1 ez-toc-heading-level-2'><a class=\"ez-toc-link ez-toc-heading-18\" href=\"https:\/\/flashmode.tn\/magazine\/comment-tailler-les-prunier\/#Comment_redresser_un_abricotier\" >Comment redresser un abricotier ?<\/a><\/li><li class='ez-toc-page-1 ez-toc-heading-level-2'><a class=\"ez-toc-link ez-toc-heading-19\" href=\"https:\/\/flashmode.tn\/magazine\/comment-tailler-les-prunier\/#Comment_entretenir_les_abricotiers\" >Comment entretenir les abricotiers ?<\/a><\/li><\/ul><\/nav><\/div>\n<h2><span class=\"ez-toc-section\" id=\"Quand_et_comment_tailler_les_arbres_fruitiers\"><\/span>Quand et comment tailler les arbres fruitiers ?<span class=\"ez-toc-section-end\"><\/span><\/h2>\n<p>Il est d&rsquo;usage d&rsquo;intervenir l&rsquo;hiver, hors p\u00e9riode de gel, c&rsquo;est \u00e0 dire apr\u00e8s la chute des feuilles et avant l&rsquo;apparition des bourgeons floraux, fin f\u00e9vrier \/ mars, avec une pr\u00e9f\u00e9rence pour la fin de l&rsquo;hiver (f\u00e9vrier\/mars) pour les <b>arbres<\/b> \u00e0 p\u00e9pins, et plut\u00f4t l&rsquo;automne (fin octobre \/ d\u00e9but novembre) pour les <b>fruitiers<\/b> \u00e0 &#8230;<\/p>\n<h2><span class=\"ez-toc-section\" id=\"Quel_mois_pour_tailler_un_abricotier\"><\/span><strong>Quel mois pour tailler un abricotier ?<\/strong><span class=\"ez-toc-section-end\"><\/span><\/h2>\n<p>La <b>taille<\/b> d&rsquo;hiver <b>de<\/b> l&rsquo;<b>abricotier de<\/b> plein vent va \u00eatre r\u00e9alis\u00e9e entre l&rsquo;automne et la fin <b>de<\/b> l&rsquo;hiver. La chute des feuilles signe le top d\u00e9part, indiquant que la s\u00e8ve est descendue et que l&rsquo;arbre est en p\u00e9riode <b>de<\/b> sommeil. La fin <b>de<\/b> la p\u00e9riode est f\u00e9vrier mars, avant le red\u00e9marrage <b>de<\/b> la v\u00e9g\u00e9tation.<\/p>\n<h2><span class=\"ez-toc-section\" id=\"Comment_tailler_un_abricotier_en_ete\"><\/span><strong>Comment tailler un abricotier en \u00e9t\u00e9 ?<\/strong><span class=\"ez-toc-section-end\"><\/span><\/h2>\n<p><b>  <b>   Comment tailler  <\/b>  l&rsquo;  <b>   abricotier en \u00e9t\u00e9  <\/b>  ? <\/b> <\/p>\n<ol>\n<li>   Supprimez toutes les nouvelles branches qui ne portent pas de fruits ;  <\/li>\n<li>   \u00c9liminez quelques rameaux par branche : ceux qui s&rsquo;orientent vers le c\u0153ur de l&rsquo;arbre, ceux qui se croisent et se touchent. &#8230;  <\/li>\n<li>   Raccourcissez les rameaux (sans exc\u00e8s), pour les inciter \u00e0 se ramifier.  <\/li>\n<\/ol>\n<h2><span class=\"ez-toc-section\" id=\"Comment_taille_abricotier\"><\/span><strong>Comment taille abricotier ?<\/strong><span class=\"ez-toc-section-end\"><\/span><\/h2>\n<p><b>  <b>   Comment tailler  <\/b>  l&rsquo;  <b>   abricotier  <\/b>  ? <\/b> <\/p>\n<ol>\n<li>   Supprimez toutes les branches mortes.  <\/li>\n<li>   \u00c9liminez les brindilles.  <\/li>\n<li>   Supprimez les rejets \u00e0 la base de l&rsquo;arbre ou sur le tronc.  <\/li>\n<li>   Coupez \u00e0 leur base les branches qui se croisent et celles qui se dirigent vers le centre de l&rsquo;arbre.  <\/li>\n<\/ol>\n<h2><span class=\"ez-toc-section\" id=\"Quand_tailler_un_prunier_au_Quebec\"><\/span><strong>Quand tailler un prunier au Qu\u00e9bec ?<\/strong><span class=\"ez-toc-section-end\"><\/span><\/h2>\n<p><b>Quand<\/b> doit-on effectuer la <b>taille<\/b>? La <b>taille<\/b> s&rsquo;effectue id\u00e9alement au d\u00e9but du mois de mars, mais il est correct de la faire jusqu&rsquo;au mois d&rsquo;avril. Ce qui est important est que les gros froids de f\u00e9vrier soient pass\u00e9s, mais que la floraison n&rsquo;ait pas encore eu lieu.<\/p>\n<h2><span class=\"ez-toc-section\" id=\"Pourquoi_un_prunier_ne_donne_pas_de_fruits\"><\/span><strong>Pourquoi un prunier ne donne pas de fruits ?<\/strong><span class=\"ez-toc-section-end\"><\/span><\/h2>\n<p>Ce d\u00e9faut peut \u00eatre d\u00fb \u00e0 un sol trop riche en azote qui incite l&rsquo;arbre \u00e0 pousser \u201c\u00e0 bois\u201d, plut\u00f4t qu&rsquo;\u00e0 faire des <b>fruits<\/b>. Le rem\u00e8de consiste alors \u00e0 apporte une fumure riche en acide phosphorique et potasse, pour \u00e9table un \u00e9quilibre plus favorable (type engrais arbres).<\/p>\n<h2><span class=\"ez-toc-section\" id=\"Quand_tailler_les_cerisiers_et_les_pruniers\"><\/span><strong>Quand tailler les cerisiers et les pruniers ?<\/strong><span class=\"ez-toc-section-end\"><\/span><\/h2>\n<p><b>Quand tailler le cerisier<\/b> ? Privil\u00e9giez l&rsquo;automne, <b>quand<\/b> l&rsquo;arbre perd ses feuilles, en octobre et novembre, ou l&rsquo;hiver hors p\u00e9riodes de gel et d&rsquo;humidit\u00e9. Si vous n&rsquo;avez pas pu le <b>tailler<\/b> durant cette p\u00e9riode, mars est encore un bon mois pour le faire.<\/p>\n<h2><span class=\"ez-toc-section\" id=\"Quand_et_comment_tailler_les_Mirabelliers\"><\/span><strong>Quand et comment tailler les Mirabelliers ?<\/strong><span class=\"ez-toc-section-end\"><\/span><\/h2>\n<p>Prenez soin d&rsquo;effectuer ces tailles entre novembre et mars lorsque le <b>mirabellier<\/b> est dans sa phase de repos. Ensuite, la <b>taille<\/b> de fructification <b>doit<\/b> \u00eatre effectu\u00e9e \u00e0 la mi-automne, lorsque les derniers fruits sont apparus, et au printemps avant l&rsquo;apparition des premi\u00e8res fleurs.<\/p>\n<h2><span class=\"ez-toc-section\" id=\"Est-ce_quun_mirabellier_se_taille\"><\/span><strong>Est-ce qu&rsquo;un mirabellier se taille ?<\/strong><span class=\"ez-toc-section-end\"><\/span><\/h2>\n<p><b>Taille<\/b> du <b>mirabellier<\/b><\/p>\n<p> Il prend alors une forme dite de plein vent, d&rsquo;une envergure de 5 \u00e0 6 m de diam\u00e8tre et fructifie au bout de 4 \u00e0 5 ans. Les fleurs <b>se<\/b> forment sur les rameaux de l&rsquo;ann\u00e9e pr\u00e9c\u00e9dente. Quand l&rsquo;arbre <b>est<\/b> adulte, une <b>taille<\/b> de fructification <b>est<\/b> n\u00e9cessaire.<\/p>\n<h2><span class=\"ez-toc-section\" id=\"Quand_un_mirabellier_donne_des_fruits\"><\/span><strong>Quand un mirabellier donne des fruits ?<\/strong><span class=\"ez-toc-section-end\"><\/span><\/h2>\n<p>R\u00e9colte des mirabelles<\/p>\n<p> Votre <b>mirabellier<\/b> ne commencera \u00e0 produire des <b>fruits<\/b> que 3 \u00e0 4 ans apr\u00e8s sa plantation. Un grand <b>mirabellier<\/b> adulte peut <b>donner<\/b> jusqu&rsquo;\u00e0 100 kg de mirabelles par an !<\/p>\n<h2><span class=\"ez-toc-section\" id=\"Quel_mois_pour_la_taille_des_arbres\"><\/span><strong>Quel mois pour la taille des arbres ?<\/strong><span class=\"ez-toc-section-end\"><\/span><\/h2>\n<p>La <b>taille des arbres<\/b> est plus facile <b>\u00e0<\/b> ex\u00e9cuter en p\u00e9riode <b>de<\/b> dormance, soit t\u00f4t au printemps (avant l&rsquo;ouverture des bourgeons) ou tard <b>\u00e0<\/b> l&rsquo;automne (environ un <b>mois<\/b> apr\u00e8s la chute des feuilles).<\/p>\n<h2><span class=\"ez-toc-section\" id=\"Comment_tailler_ses_fruitiers\"><\/span><strong>Comment tailler ses fruitiers ?<\/strong><span class=\"ez-toc-section-end\"><\/span><\/h2>\n<p><b>  <b>   Comment tailler  <\/b>  les arbres  <b>   fruitiers  <\/b>  ? <\/b> <\/p>\n<ol>\n<li>   \u00e9liminer les branches mortes.  <\/li>\n<li>   raccourcir les branches lat\u00e9rales.  <\/li>\n<li>   rabattre les branches pointant vers l&rsquo;int\u00e9rieur de l&rsquo;arbre, afin d&rsquo;a\u00e9rer le coeur de l&rsquo;arbre et permettre la diffusion de la lumi\u00e8re.  <\/li>\n<\/ol>\n<h2><span class=\"ez-toc-section\" id=\"Comment_faire_une_taille_de_fructification\"><\/span><strong>Comment faire une taille de fructification ?<\/strong><span class=\"ez-toc-section-end\"><\/span><\/h2>\n<p>La <b>taille de fructification<\/b> consiste \u00e0 <b>tailler<\/b> les branches les plus importantes de l&rsquo;arbre fruitier sans en modifier l&rsquo;aspect physique et en laissant toujours au moins trois yeux sur chaque branche <b>taill\u00e9e<\/b> afin de permettre la <b>fructification<\/b>.<\/p>\n<h2><span class=\"ez-toc-section\" id=\"Pourquoi_un_abricotier_ne_donne_pas_de_fruits\"><\/span><strong>Pourquoi un abricotier ne donne pas de fruits ?<\/strong><span class=\"ez-toc-section-end\"><\/span><\/h2>\n<p>Si le printemps s&rsquo;av\u00e8re froid et pluvieux, cette situation n&rsquo;est <b>pas<\/b> propice \u00e0 une bonne production fruiti\u00e8re. S&rsquo;il pleut beaucoup, les fleurs coulent, autrement dit, la pluie a tendance \u00e0 d\u00e9grader toute la floraison. Et si l&rsquo;<b>abricotier ne donne pas<\/b> de fleurs, il n&rsquo;y aura <b>pas<\/b> de d\u00e9veloppement de <b>fruits<\/b>.<\/p>\n<h2><span class=\"ez-toc-section\" id=\"Quelle_est_la_hauteur_dun_abricotier\"><\/span><strong>Quelle est la hauteur d&rsquo;un abricotier ?<\/strong><span class=\"ez-toc-section-end\"><\/span><\/h2>\n<p>Conna\u00eetre l&rsquo;<b>abricotier<\/b><\/p>\n<p> Ils forment de petits arbres \u00e0 cime arrondie s&rsquo;\u00e9talant avec l&rsquo;\u00e2ge, et culminent une fois adulte vers 6 \u00e0 8m de haut. Leur floraison blanche, pr\u00e9coce (vers fin f\u00e9vrier d\u00e9but mars) redoute les gel\u00e9es tardives : les fleurs <b>sont<\/b> d\u00e9truites \u00e0 -2\u00b0C.<\/p>\n<h2><span class=\"ez-toc-section\" id=\"Comment_tailler_un_abricotier_de_2_ans\"><\/span><strong>Comment tailler un abricotier de 2 ans ?<\/strong><span class=\"ez-toc-section-end\"><\/span><\/h2>\n<p><b>Tailler<\/b> les autres rameaux<\/p>\n<p> Sur les rameaux qui portent \u00e0 la fois des yeux \u00e0 bois et des boutons \u00e0 fleurs (ils ont une forme plus ronde), la <b>taille<\/b> consiste \u00e0 couper l&rsquo;extr\u00e9mit\u00e9 de la branche, en conservant quatre ou cinq boutons \u00e0 fleurs, au-dessus d&rsquo;un oeil \u00e0 bois qui servira de tire-s\u00e8ve.<\/p>\n<h2><span class=\"ez-toc-section\" id=\"Comment_faire_fructifier_un_abricotier\"><\/span><strong>Comment faire fructifier un abricotier ?<\/strong><span class=\"ez-toc-section-end\"><\/span><\/h2>\n<p>Lorsque l&rsquo;<b>abricotier<\/b> est bien form\u00e9, op\u00e9rez chaque ann\u00e9e, en f\u00e9vrier, une taille de <b>fructification<\/b> : \u00e9liminez le bois mort, raccourcissez les branches les plus longues en conservant la silhouette de l&rsquo;arbre (laissez au moins 3 yeux et coupez au-dessus d&rsquo;un bourgeon tourn\u00e9 vers l&rsquo;ext\u00e9rieur), supprimez les branches qui s &#8230;<\/p>\n<h2><span class=\"ez-toc-section\" id=\"Comment_redresser_un_abricotier\"><\/span><strong>Comment redresser un abricotier ?<\/strong><span class=\"ez-toc-section-end\"><\/span><\/h2>\n<p>Vous n&rsquo;avez qu&rsquo;\u00e0 planter trois piquets \u00e0 une distance d&rsquo;environ 2 m de l&rsquo;arbre, en angle, comme vous le feriez pour des piquets pour une tente. Ensuite, vous attachez les fils de fer aux piquets et \u00e0 l&rsquo;arbre, en appliquant une tension suffisante pour <b>redresser<\/b> l&rsquo;arbre.<\/p>\n<h2><span class=\"ez-toc-section\" id=\"Comment_entretenir_les_abricotiers\"><\/span><strong>Comment entretenir les abricotiers ?<\/strong><span class=\"ez-toc-section-end\"><\/span><\/h2>\n<p><b>Entretien<\/b>. Am\u00e9nagez une cuvette bien d\u00e9gag\u00e9e \u00e0 la ramure de l&rsquo;arbre pour retenir l&rsquo;eau d&rsquo;arrosage. La premi\u00e8re ann\u00e9e, pr\u00e9voyez au minimum 20 l d&rsquo;eau par arbre d\u00e8s que la terre s\u00e8che. Fertilisez votre <b>abricotier<\/b> en apportant une dose d&rsquo;engrais complet pour les arbres fruitiers.<\/p>\n<h2><strong><\/strong><\/h2>\n<h2><strong><\/strong><\/h2>\n<hr \/>\n<p><em>Editeurs: 9 &#8211; R\u00e9f\u00e9rences: 34 articles<\/em><\/p>\n<p><em>N\u2019oubliez pas de partager l\u2019article !<\/em><\/p>\n","protected":false},"excerpt":{"rendered":"<p>Comment proc\u00e9der \u00e0 la taille d&rsquo;un prunier ? Couper les branches situ\u00e9es le long du tronc \u00e0 l&rsquo;aide d&rsquo;une paire de s\u00e9cateur grande taille . Tailler les rameaux gourmands (ceux qui sont envahissants et qui emp\u00eachent de cueillir les fruits \u00e0 l&rsquo;int\u00e9rieur de l&rsquo;arbre) pour a\u00e9rer et bien ouvrir l&rsquo;arbre \u00e0 l&rsquo;aide du gros s\u00e9cateur. [&hellip;]<\/p>\n","protected":false},"author":6,"featured_media":0,"comment_status":"open","ping_status":"open","sticky":false,"template":"","format":"standard","meta":{"tdm_status":"","tdm_grid_status":"","_jetpack_memberships_contains_paid_content":false,"footnotes":"","jetpack_publicize_message":"","jetpack_publicize_feature_enabled":true,"jetpack_social_post_already_shared":true,"jetpack_social_options":{"image_generator_settings":{"template":"highway","default_image_id":0,"font":"","enabled":false},"version":2}},"categories":[3457],"tags":[],"class_list":["post-39595","post","type-post","status-publish","format-standard","hentry","category-maison"],"yoast_head":"<!-- This site is optimized with the Yoast SEO Premium plugin v25.0 (Yoast SEO v25.0) - https:\/\/yoast.com\/wordpress\/plugins\/seo\/ -->\n<title>Comment tailler les prunier ?<\/title>\n<meta name=\"description\" content=\"Comment proc\u00e9der \u00e0 la taille d&#039;un prunier ? Couper les branches situ\u00e9es le long du tronc \u00e0 l&#039;aide d&#039;une paire de s\u00e9cateur grande taille . Tailler les\" \/>\n<meta name=\"robots\" content=\"index, follow, max-snippet:-1, max-image-preview:large, max-video-preview:-1\" \/>\n<link rel=\"canonical\" href=\"https:\/\/flashmode.tn\/magazine\/comment-tailler-les-prunier\/\" \/>\n<meta property=\"og:locale\" content=\"fr_FR\" \/>\n<meta property=\"og:type\" content=\"article\" \/>\n<meta property=\"og:title\" content=\"Comment tailler les prunier ? - Flashmode Magazine | Magazine de mode et style de vie Num\u00e9ro un en Tunisie et au Maghreb\" \/>\n<meta property=\"og:description\" content=\"Comment proc\u00e9der \u00e0 la taille d&#039;un prunier ? Couper les branches situ\u00e9es le long du tronc \u00e0 l&#039;aide d&#039;une paire de s\u00e9cateur grande taille . Tailler les\" \/>\n<meta property=\"og:url\" content=\"https:\/\/flashmode.tn\/magazine\/comment-tailler-les-prunier\/\" \/>\n<meta property=\"og:site_name\" content=\"Flashmode Magazine | Magazine de mode et style de vie Num\u00e9ro un en Tunisie et au Maghreb\" \/>\n<meta property=\"article:publisher\" content=\"https:\/\/www.facebook.com\/flashmode.magazine\/\" \/>\n<meta property=\"article:published_time\" content=\"2021-11-21T10:03:43+00:00\" \/>\n<meta name=\"author\" content=\"EventsEditors\" \/>\n<meta name=\"twitter:card\" content=\"summary_large_image\" \/>\n<meta name=\"twitter:creator\" content=\"@agenceflashmode\" \/>\n<meta name=\"twitter:site\" content=\"@agenceflashmode\" \/>\n<meta name=\"twitter:label1\" content=\"\u00c9crit par\" \/>\n\t<meta name=\"twitter:data1\" content=\"EventsEditors\" \/>\n\t<meta name=\"twitter:label2\" content=\"Dur\u00e9e de lecture estim\u00e9e\" \/>\n\t<meta name=\"twitter:data2\" content=\"6 minutes\" \/>\n<script type=\"application\/ld+json\" class=\"yoast-schema-graph\">{\"@context\":\"https:\/\/schema.org\",\"@graph\":[{\"@type\":\"WebPage\",\"@id\":\"https:\/\/flashmode.tn\/magazine\/comment-tailler-les-prunier\/\",\"url\":\"https:\/\/flashmode.tn\/magazine\/comment-tailler-les-prunier\/\",\"name\":\"Comment tailler les prunier ?\",\"isPartOf\":{\"@id\":\"https:\/\/flashmode.tn\/magazine\/#website\"},\"datePublished\":\"2021-11-21T10:03:43+00:00\",\"author\":{\"@id\":\"https:\/\/flashmode.tn\/magazine\/#\/schema\/person\/257d6780605b915a5e352977f0f6f41c\"},\"description\":\"Comment proc\u00e9der \u00e0 la taille d'un prunier ? Couper les branches situ\u00e9es le long du tronc \u00e0 l'aide d'une paire de s\u00e9cateur grande taille . Tailler les\",\"breadcrumb\":{\"@id\":\"https:\/\/flashmode.tn\/magazine\/comment-tailler-les-prunier\/#breadcrumb\"},\"inLanguage\":\"fr-FR\",\"potentialAction\":[{\"@type\":\"ReadAction\",\"target\":[\"https:\/\/flashmode.tn\/magazine\/comment-tailler-les-prunier\/\"]}]},{\"@type\":\"BreadcrumbList\",\"@id\":\"https:\/\/flashmode.tn\/magazine\/comment-tailler-les-prunier\/#breadcrumb\",\"itemListElement\":[{\"@type\":\"ListItem\",\"position\":1,\"name\":\"Accueil\",\"item\":\"https:\/\/flashmode.tn\/magazine\/\"},{\"@type\":\"ListItem\",\"position\":2,\"name\":\"Comment tailler les prunier ?\"}]},{\"@type\":\"WebSite\",\"@id\":\"https:\/\/flashmode.tn\/magazine\/#website\",\"url\":\"https:\/\/flashmode.tn\/magazine\/\",\"name\":\"Flashmode Magazine | Magazine de mode et style de vie Num\u00e9ro un en Tunisie et au Maghreb\",\"description\":\"Magazine de mode et style de vie Num\u00e9ro un en Tunisie et au Maghreb, cr\u00e9\u00e9 pour les hommes et les femmes : conseils beaut\u00e9, mode femme, mode homme, recettes de cuisine, c\u00e9l\u00e9brit\u00e9s et people, mannequins et top modeles\",\"potentialAction\":[{\"@type\":\"SearchAction\",\"target\":{\"@type\":\"EntryPoint\",\"urlTemplate\":\"https:\/\/flashmode.tn\/magazine\/?s={search_term_string}\"},\"query-input\":{\"@type\":\"PropertyValueSpecification\",\"valueRequired\":true,\"valueName\":\"search_term_string\"}}],\"inLanguage\":\"fr-FR\"},{\"@type\":\"Person\",\"@id\":\"https:\/\/flashmode.tn\/magazine\/#\/schema\/person\/257d6780605b915a5e352977f0f6f41c\",\"name\":\"EventsEditors\",\"image\":{\"@type\":\"ImageObject\",\"inLanguage\":\"fr-FR\",\"@id\":\"https:\/\/flashmode.tn\/magazine\/#\/schema\/person\/image\/\",\"url\":\"https:\/\/secure.gravatar.com\/avatar\/e2daedf958f66be37c9a79abe56184d85cd1baa6bba0dd8017e3f7d01555232f?s=96&d=mm&r=g\",\"contentUrl\":\"https:\/\/secure.gravatar.com\/avatar\/e2daedf958f66be37c9a79abe56184d85cd1baa6bba0dd8017e3f7d01555232f?s=96&d=mm&r=g\",\"caption\":\"EventsEditors\"},\"url\":\"https:\/\/flashmode.tn\/magazine\/author\/eventseditors\/\"}]}<\/script>\n<!-- \/ Yoast SEO Premium plugin. -->","yoast_head_json":{"title":"Comment tailler les prunier ?","description":"Comment proc\u00e9der \u00e0 la taille d'un prunier ? Couper les branches situ\u00e9es le long du tronc \u00e0 l'aide d'une paire de s\u00e9cateur grande taille . Tailler les","robots":{"index":"index","follow":"follow","max-snippet":"max-snippet:-1","max-image-preview":"max-image-preview:large","max-video-preview":"max-video-preview:-1"},"canonical":"https:\/\/flashmode.tn\/magazine\/comment-tailler-les-prunier\/","og_locale":"fr_FR","og_type":"article","og_title":"Comment tailler les prunier ? - Flashmode Magazine | Magazine de mode et style de vie Num\u00e9ro un en Tunisie et au Maghreb","og_description":"Comment proc\u00e9der \u00e0 la taille d'un prunier ? Couper les branches situ\u00e9es le long du tronc \u00e0 l'aide d'une paire de s\u00e9cateur grande taille . Tailler les","og_url":"https:\/\/flashmode.tn\/magazine\/comment-tailler-les-prunier\/","og_site_name":"Flashmode Magazine | Magazine de mode et style de vie Num\u00e9ro un en Tunisie et au Maghreb","article_publisher":"https:\/\/www.facebook.com\/flashmode.magazine\/","article_published_time":"2021-11-21T10:03:43+00:00","author":"EventsEditors","twitter_card":"summary_large_image","twitter_creator":"@agenceflashmode","twitter_site":"@agenceflashmode","twitter_misc":{"\u00c9crit par":"EventsEditors","Dur\u00e9e de lecture estim\u00e9e":"6 minutes"},"schema":{"@context":"https:\/\/schema.org","@graph":[{"@type":"WebPage","@id":"https:\/\/flashmode.tn\/magazine\/comment-tailler-les-prunier\/","url":"https:\/\/flashmode.tn\/magazine\/comment-tailler-les-prunier\/","name":"Comment tailler les prunier ?","isPartOf":{"@id":"https:\/\/flashmode.tn\/magazine\/#website"},"datePublished":"2021-11-21T10:03:43+00:00","author":{"@id":"https:\/\/flashmode.tn\/magazine\/#\/schema\/person\/257d6780605b915a5e352977f0f6f41c"},"description":"Comment proc\u00e9der \u00e0 la taille d'un prunier ? Couper les branches situ\u00e9es le long du tronc \u00e0 l'aide d'une paire de s\u00e9cateur grande taille . Tailler les","breadcrumb":{"@id":"https:\/\/flashmode.tn\/magazine\/comment-tailler-les-prunier\/#breadcrumb"},"inLanguage":"fr-FR","potentialAction":[{"@type":"ReadAction","target":["https:\/\/flashmode.tn\/magazine\/comment-tailler-les-prunier\/"]}]},{"@type":"BreadcrumbList","@id":"https:\/\/flashmode.tn\/magazine\/comment-tailler-les-prunier\/#breadcrumb","itemListElement":[{"@type":"ListItem","position":1,"name":"Accueil","item":"https:\/\/flashmode.tn\/magazine\/"},{"@type":"ListItem","position":2,"name":"Comment tailler les prunier ?"}]},{"@type":"WebSite","@id":"https:\/\/flashmode.tn\/magazine\/#website","url":"https:\/\/flashmode.tn\/magazine\/","name":"Flashmode Magazine | Magazine de mode et style de vie Num\u00e9ro un en Tunisie et au Maghreb","description":"Magazine de mode et style de vie Num\u00e9ro un en Tunisie et au Maghreb, cr\u00e9\u00e9 pour les hommes et les femmes : conseils beaut\u00e9, mode femme, mode homme, recettes de cuisine, c\u00e9l\u00e9brit\u00e9s et people, mannequins et top modeles","potentialAction":[{"@type":"SearchAction","target":{"@type":"EntryPoint","urlTemplate":"https:\/\/flashmode.tn\/magazine\/?s={search_term_string}"},"query-input":{"@type":"PropertyValueSpecification","valueRequired":true,"valueName":"search_term_string"}}],"inLanguage":"fr-FR"},{"@type":"Person","@id":"https:\/\/flashmode.tn\/magazine\/#\/schema\/person\/257d6780605b915a5e352977f0f6f41c","name":"EventsEditors","image":{"@type":"ImageObject","inLanguage":"fr-FR","@id":"https:\/\/flashmode.tn\/magazine\/#\/schema\/person\/image\/","url":"https:\/\/secure.gravatar.com\/avatar\/e2daedf958f66be37c9a79abe56184d85cd1baa6bba0dd8017e3f7d01555232f?s=96&d=mm&r=g","contentUrl":"https:\/\/secure.gravatar.com\/avatar\/e2daedf958f66be37c9a79abe56184d85cd1baa6bba0dd8017e3f7d01555232f?s=96&d=mm&r=g","caption":"EventsEditors"},"url":"https:\/\/flashmode.tn\/magazine\/author\/eventseditors\/"}]}},"jetpack_publicize_connections":[],"jetpack_featured_media_url":"","jetpack_shortlink":"https:\/\/wp.me\/p8BPGr-aiD","jetpack_sharing_enabled":true,"_links":{"self":[{"href":"https:\/\/flashmode.tn\/magazine\/wp-json\/wp\/v2\/posts\/39595","targetHints":{"allow":["GET"]}}],"collection":[{"href":"https:\/\/flashmode.tn\/magazine\/wp-json\/wp\/v2\/posts"}],"about":[{"href":"https:\/\/flashmode.tn\/magazine\/wp-json\/wp\/v2\/types\/post"}],"author":[{"embeddable":true,"href":"https:\/\/flashmode.tn\/magazine\/wp-json\/wp\/v2\/users\/6"}],"replies":[{"embeddable":true,"href":"https:\/\/flashmode.tn\/magazine\/wp-json\/wp\/v2\/comments?post=39595"}],"version-history":[{"count":0,"href":"https:\/\/flashmode.tn\/magazine\/wp-json\/wp\/v2\/posts\/39595\/revisions"}],"wp:attachment":[{"href":"https:\/\/flashmode.tn\/magazine\/wp-json\/wp\/v2\/media?parent=39595"}],"wp:term":[{"taxonomy":"category","embeddable":true,"href":"https:\/\/flashmode.tn\/magazine\/wp-json\/wp\/v2\/categories?post=39595"},{"taxonomy":"post_tag","embeddable":true,"href":"https:\/\/flashmode.tn\/magazine\/wp-json\/wp\/v2\/tags?post=39595"}],"curies":[{"name":"wp","href":"https:\/\/api.w.org\/{rel}","templated":true}]}}