{"id":39627,"date":"2022-01-02T21:28:07","date_gmt":"2022-01-02T20:28:07","guid":{"rendered":"https:\/\/flashmode.tn\/magazine\/?p=39627"},"modified":"2022-01-02T21:28:07","modified_gmt":"2022-01-02T20:28:07","slug":"quand-semer-les-graines-de-marguerite","status":"publish","type":"post","link":"https:\/\/flashmode.tn\/magazine\/quand-semer-les-graines-de-marguerite\/","title":{"rendered":"Quand semer les graines de marguerite ?"},"content":{"rendered":"<p>Elle se s\u00e8me directement en place, d\u00e8s le mois de mai ou juin, lorsque la terre est suffisamment r\u00e9chauff\u00e9e et que les risques de gel\u00e9e sont \u00e9cart\u00e9s : bien que la reine-<b>marguerite<\/b> supporte de tr\u00e8s faibles gel\u00e9es, lorsqu&rsquo;elle est sem\u00e9e directement en place, elle pousse plus vite gr\u00e2ce \u00e0 la chaleur et au soleil.<\/p>\n<p>De plus, Comment r\u00e9cup\u00e9rer les graines de marguerite ?<\/p>\n<p>il faut attendre que la fleur soit fan\u00e9e et bien s\u00e8che. tu effrites le tout et tu laisses encore s\u00e9cher sur un papier. Les <b>graines<\/b> sont longues et fines (un peu comme les \u0153illets d&rsquo;inde).<\/p>\n<p>Egalement Comment multiplier les marguerites ?<\/p>\n<p>On multiplie la <b>marguerite<\/b> par division de la touffe au printemps ou en fin de floraison. Soulevez d\u00e9licatement la touffe avec une fourche-b\u00eache, pour ne pas endommager les racines. Sortez la motte de la terre et tranchez la touffe en \u00e9clats comportant des feuilles et des racines en bon \u00e9tat.<\/p>\n<p>Quand semer les graines de fleurs annuelles ?<\/p>\n<p>Le <b>semis<\/b> direct s&rsquo;effectue une fois que tout risque de gel\u00e9e est \u00e9cart\u00e9, soit g\u00e9n\u00e9ralement apr\u00e8s le 15 mai. Suivant les r\u00e9gions, cela peut \u00eatre de mi-mars \u00e0 juin, lorsque la temp\u00e9rature ambiante moyenne atteint environ 15 \u00b0 C. La terre devra, id\u00e9alement, \u00eatre d\u00e9j\u00e0 r\u00e9chauff\u00e9e, humide et ensoleill\u00e9e.<\/p>\n<div id=\"ez-toc-container\" class=\"ez-toc-v2_0_81 counter-hierarchy ez-toc-counter ez-toc-grey ez-toc-container-direction\">\n<div class=\"ez-toc-title-container\">\n<p class=\"ez-toc-title\" style=\"cursor:inherit\">Contenus de la page<\/p>\n<span class=\"ez-toc-title-toggle\"><a href=\"#\" class=\"ez-toc-pull-right ez-toc-btn ez-toc-btn-xs ez-toc-btn-default ez-toc-toggle\" aria-label=\"Toggle Table of Content\"><span class=\"ez-toc-js-icon-con\"><span class=\"\"><span class=\"eztoc-hide\" style=\"display:none;\">Toggle<\/span><span class=\"ez-toc-icon-toggle-span\"><svg style=\"fill: #999;color:#999\" xmlns=\"http:\/\/www.w3.org\/2000\/svg\" class=\"list-377408\" width=\"20px\" height=\"20px\" viewBox=\"0 0 24 24\" fill=\"none\"><path d=\"M6 6H4v2h2V6zm14 0H8v2h12V6zM4 11h2v2H4v-2zm16 0H8v2h12v-2zM4 16h2v2H4v-2zm16 0H8v2h12v-2z\" fill=\"currentColor\"><\/path><\/svg><svg style=\"fill: #999;color:#999\" class=\"arrow-unsorted-368013\" xmlns=\"http:\/\/www.w3.org\/2000\/svg\" width=\"10px\" height=\"10px\" viewBox=\"0 0 24 24\" version=\"1.2\" baseProfile=\"tiny\"><path d=\"M18.2 9.3l-6.2-6.3-6.2 6.3c-.2.2-.3.4-.3.7s.1.5.3.7c.2.2.4.3.7.3h11c.3 0 .5-.1.7-.3.2-.2.3-.5.3-.7s-.1-.5-.3-.7zM5.8 14.7l6.2 6.3 6.2-6.3c.2-.2.3-.5.3-.7s-.1-.5-.3-.7c-.2-.2-.4-.3-.7-.3h-11c-.3 0-.5.1-.7.3-.2.2-.3.5-.3.7s.1.5.3.7z\"\/><\/svg><\/span><\/span><\/span><\/a><\/span><\/div>\n<nav><ul class='ez-toc-list ez-toc-list-level-1 ' ><li class='ez-toc-page-1 ez-toc-heading-level-2'><a class=\"ez-toc-link ez-toc-heading-1\" href=\"https:\/\/flashmode.tn\/magazine\/quand-semer-les-graines-de-marguerite\/#Comment_semer_les_graines_de_fleurs\" >Comment semer les graines de fleurs ?<\/a><\/li><li class='ez-toc-page-1 ez-toc-heading-level-2'><a class=\"ez-toc-link ez-toc-heading-2\" href=\"https:\/\/flashmode.tn\/magazine\/quand-semer-les-graines-de-marguerite\/#Comment_recuperer_les_graines_de_lilas\" >Comment r\u00e9cup\u00e9rer les graines de lilas ?<\/a><\/li><li class='ez-toc-page-1 ez-toc-heading-level-2'><a class=\"ez-toc-link ez-toc-heading-3\" href=\"https:\/\/flashmode.tn\/magazine\/quand-semer-les-graines-de-marguerite\/#Comment_recuperer_les_graines_de_lys\" >Comment r\u00e9cup\u00e9rer les graines de lys ?<\/a><\/li><li class='ez-toc-page-1 ez-toc-heading-level-2'><a class=\"ez-toc-link ez-toc-heading-4\" href=\"https:\/\/flashmode.tn\/magazine\/quand-semer-les-graines-de-marguerite\/#Comment_bouturer_les_osteospermum\" >Comment bouturer les osteospermum ?<\/a><\/li><li class='ez-toc-page-1 ez-toc-heading-level-2'><a class=\"ez-toc-link ez-toc-heading-5\" href=\"https:\/\/flashmode.tn\/magazine\/quand-semer-les-graines-de-marguerite\/#Quand_semer_des_graines_de_fleurs\" >Quand semer des graines de fleurs ?<\/a><\/li><li class='ez-toc-page-1 ez-toc-heading-level-2'><a class=\"ez-toc-link ez-toc-heading-6\" href=\"https:\/\/flashmode.tn\/magazine\/quand-semer-les-graines-de-marguerite\/#Comment_faire_pousser_des_graines_de_fleurs_rapidement\" >Comment faire pousser des graines de fleurs rapidement ?<\/a><\/li><li class='ez-toc-page-1 ez-toc-heading-level-2'><a class=\"ez-toc-link ez-toc-heading-7\" href=\"https:\/\/flashmode.tn\/magazine\/quand-semer-les-graines-de-marguerite\/#Comment_semer_fleurs_annuelles\" >Comment semer fleurs annuelles ?<\/a><\/li><li class='ez-toc-page-1 ez-toc-heading-level-2'><a class=\"ez-toc-link ez-toc-heading-8\" href=\"https:\/\/flashmode.tn\/magazine\/quand-semer-les-graines-de-marguerite\/#Comment_faire_pousser_des_graines_de_lilas\" >Comment faire pousser des graines de lilas ?<\/a><\/li><li class='ez-toc-page-1 ez-toc-heading-level-2'><a class=\"ez-toc-link ez-toc-heading-9\" href=\"https:\/\/flashmode.tn\/magazine\/quand-semer-les-graines-de-marguerite\/#Comment_se_multiplie_le_lilas\" >Comment se multiplie le lilas ?<\/a><\/li><li class='ez-toc-page-1 ez-toc-heading-level-2'><a class=\"ez-toc-link ez-toc-heading-10\" href=\"https:\/\/flashmode.tn\/magazine\/quand-semer-les-graines-de-marguerite\/#Comment_reproduire_les_lilas\" >Comment reproduire les lilas ?<\/a><\/li><li class='ez-toc-page-1 ez-toc-heading-level-2'><a class=\"ez-toc-link ez-toc-heading-11\" href=\"https:\/\/flashmode.tn\/magazine\/quand-semer-les-graines-de-marguerite\/#Quand_recuperer_les_graines_de_lys\" >Quand r\u00e9cup\u00e9rer les graines de lys ?<\/a><\/li><li class='ez-toc-page-1 ez-toc-heading-level-2'><a class=\"ez-toc-link ez-toc-heading-12\" href=\"https:\/\/flashmode.tn\/magazine\/quand-semer-les-graines-de-marguerite\/#Comment_faire_pousser_des_graines_de_lys\" >Comment faire pousser des graines de lys ?<\/a><\/li><li class='ez-toc-page-1 ez-toc-heading-level-2'><a class=\"ez-toc-link ez-toc-heading-13\" href=\"https:\/\/flashmode.tn\/magazine\/quand-semer-les-graines-de-marguerite\/#Comment_se_reproduit_un_lys\" >Comment se reproduit un lys ?<\/a><\/li><li class='ez-toc-page-1 ez-toc-heading-level-2'><a class=\"ez-toc-link ez-toc-heading-14\" href=\"https:\/\/flashmode.tn\/magazine\/quand-semer-les-graines-de-marguerite\/#Quand_bouturer_les_Osteospermum\" >Quand bouturer les Osteospermum ?<\/a><\/li><li class='ez-toc-page-1 ez-toc-heading-level-2'><a class=\"ez-toc-link ez-toc-heading-15\" href=\"https:\/\/flashmode.tn\/magazine\/quand-semer-les-graines-de-marguerite\/#Quand_faire_des_boutures_de_Dimorphoteca\" >Quand faire des boutures de Dimorphoteca ?<\/a><\/li><li class='ez-toc-page-1 ez-toc-heading-level-2'><a class=\"ez-toc-link ez-toc-heading-16\" href=\"https:\/\/flashmode.tn\/magazine\/quand-semer-les-graines-de-marguerite\/#Comment_bouturer_marguerite_jaune\" >Comment bouturer marguerite jaune ?<\/a><\/li><li class='ez-toc-page-1 ez-toc-heading-level-2'><a class=\"ez-toc-link ez-toc-heading-17\" href=\"https:\/\/flashmode.tn\/magazine\/quand-semer-les-graines-de-marguerite\/#Quel_semis_de_fleurs_en_mars\" >Quel semis de fleurs en mars ?<\/a><\/li><li class='ez-toc-page-1 ez-toc-heading-level-2'><a class=\"ez-toc-link ez-toc-heading-18\" href=\"https:\/\/flashmode.tn\/magazine\/quand-semer-les-graines-de-marguerite\/#Quels_semis_de_fleurs_en_fevrier\" >Quels semis de fleurs en f\u00e9vrier ?<\/a><\/li><li class='ez-toc-page-1 ez-toc-heading-level-2'><a class=\"ez-toc-link ez-toc-heading-19\" href=\"https:\/\/flashmode.tn\/magazine\/quand-semer-les-graines-de-marguerite\/#Quelles_fleurs_semer_au_mois_de_mai\" >Quelles fleurs semer au mois de mai ?<\/a><\/li><\/ul><\/nav><\/div>\n<h2><span class=\"ez-toc-section\" id=\"Comment_semer_les_graines_de_fleurs\"><\/span>Comment semer les graines de fleurs ?<span class=\"ez-toc-section-end\"><\/span><\/h2>\n<p>Pour <b>semer<\/b> en ligne, par exemple pour obtenir des <b>fleurs<\/b> \u00e0 bouquets, ouvrez un sillon d&rsquo;\u00e0 peine 1 cm de profondeur et semez les <b>graines<\/b> le plus clair possible au fond du sillon. Refermez celui-ci, tassez du plat de la main ou avec le dos du r\u00e2teau, puis arrosez en pluie fine.<\/p>\n<h2><span class=\"ez-toc-section\" id=\"Comment_recuperer_les_graines_de_lilas\"><\/span><strong>Comment r\u00e9cup\u00e9rer les graines de lilas ?<\/strong><span class=\"ez-toc-section-end\"><\/span><\/h2>\n<p>Le probl\u00e8me est qu&rsquo;il faut attendre que la capsule soit s\u00e8che mais pas trop car sinon elle \u00e9clate. Ce sont ce que l&rsquo;on appelle des capsules d\u00e9hiscentes, c&rsquo;est-\u00e0-dire qu&rsquo;elles s&rsquo;ouvrent spontan\u00e9ment pour d\u00e9livrer leur contenu. Or comme les <b>graines<\/b> sont ail\u00e9es elles se dispersent un peu partout et sont dures \u00e0 <b>r\u00e9cup\u00e9rer<\/b>.<\/p>\n<h2><span class=\"ez-toc-section\" id=\"Comment_recuperer_les_graines_de_lys\"><\/span><strong>Comment r\u00e9cup\u00e9rer les graines de lys ?<\/strong><span class=\"ez-toc-section-end\"><\/span><\/h2>\n<p>Les <b>graines<\/b> doivent \u00eatre sem\u00e9es rapidement, car la dur\u00e9e de leur pouvoir germinatif est faible. Semis en automne ou au printemps. R\u00e9colter les <b>graines<\/b> quand la capsule s&rsquo;ouvre. Par facilit\u00e9, couvre le fruit d&rsquo;un gaze ou d&rsquo;un vieux bas nylon : en s&rsquo;ouvrant, les <b>graines<\/b> resteront \u00e0 l&rsquo;int\u00e9rieur et la r\u00e9colte est facile.<\/p>\n<h2><span class=\"ez-toc-section\" id=\"Comment_bouturer_les_osteospermum\"><\/span><strong>Comment bouturer les osteospermum ?<\/strong><span class=\"ez-toc-section-end\"><\/span><\/h2>\n<p><b>  Pour le  <b>   bouturer  <\/b>  : <\/b> <\/p>\n<ol>\n<li>   Couper les fleurs et prendre une tige sans bouton \u00e0 la base.  <\/li>\n<li>   Couper le bouton \u00e0 la cime de la tige.  <\/li>\n<li>   Ajouter un peu de sable \u00e0 la terre en place.  <\/li>\n<li>   Planter la   <b>    bouture   <\/b>   et la chapeauter d&rsquo;une bouteille en plastique coup\u00e9e.  <\/li>\n<li>   Arroser le tout.  <\/li>\n<li>   Retirer la   <b>    bouture   <\/b>   une fois celle-ci enracin\u00e9e.  <\/li>\n<\/ol>\n<h2><span class=\"ez-toc-section\" id=\"Quand_semer_des_graines_de_fleurs\"><\/span><strong>Quand semer des graines de fleurs ?<\/strong><span class=\"ez-toc-section-end\"><\/span><\/h2>\n<p>L&rsquo;id\u00e9al est de <b>semer<\/b> les <b>vivaces<\/b> au printemps ou en \u00e9t\u00e9, entre avril et juin-juillet, bien que cela d\u00e9pende aussi de l&rsquo;esp\u00e8ce que vous choisissez de cultiver. Si vous r\u00e9coltez vous-m\u00eames vos graines, vous pouvez les <b>semer<\/b> en automne, d\u00e8s leur maturit\u00e9.<\/p>\n<h2><span class=\"ez-toc-section\" id=\"Comment_faire_pousser_des_graines_de_fleurs_rapidement\"><\/span><strong>Comment faire pousser des graines de fleurs rapidement ?<\/strong><span class=\"ez-toc-section-end\"><\/span><\/h2>\n<p>Il faut <b>faire<\/b> un trou (avec un crayon par exemple), d&rsquo;environ trois fois la grosseur de la <b>graine<\/b>. Il est conseill\u00e9 de planter trois <b>graines<\/b> et non une seule pour \u00eatre s\u00fbr de la germination. C&rsquo;est une mani\u00e8re d&rsquo;assurer votre plantation. Puis, rebouchez le trou \u00e0 la main, et tassez la terre.<\/p>\n<h2><span class=\"ez-toc-section\" id=\"Comment_semer_fleurs_annuelles\"><\/span><strong>Comment semer fleurs annuelles ?<\/strong><span class=\"ez-toc-section-end\"><\/span><\/h2>\n<p>Semez les graines le plus clair possible. Un <b>semis<\/b> tr\u00e8s dense peut donner des r\u00e9sultats rapides, mais les plantes trop serr\u00e9es vont vite se concurrencer, s&rsquo;\u00e9puiser et monter \u00e0 graines. Vous pouvez m\u00e9langer les graines \u00e0 du sable sec ou \u00e0 de la semoule pour r\u00e9duire la densit\u00e9 du <b>semis<\/b>.<\/p>\n<h2><span class=\"ez-toc-section\" id=\"Comment_faire_pousser_des_graines_de_lilas\"><\/span><strong>Comment faire pousser des graines de lilas ?<\/strong><span class=\"ez-toc-section-end\"><\/span><\/h2>\n<p>Le <b>lilas<\/b> peut se semer au printemps. Le semis se fait simplement, dans un m\u00e9lange de terreau et de sable, \u00e0 l&rsquo;abri, puis lorsque le plant est suffisamment grand (8\/10 cm), il est repiqu\u00e9 dans un pot. La mise en terre d\u00e9finitive du <b>lilas<\/b> se fait en automne ou au d\u00e9but du printemps.<\/p>\n<h2><span class=\"ez-toc-section\" id=\"Comment_se_multiplie_le_lilas\"><\/span><strong>Comment se multiplie le lilas ?<\/strong><span class=\"ez-toc-section-end\"><\/span><\/h2>\n<p>Votre <b>lilas<\/b> \u00e9met des jeunes pousses depuis le sol. <b>Ce<\/b> sont des drageons. <b>Vous<\/b> pourrez en pr\u00e9lever \u00e0 partir de novembre et jusqu&rsquo;\u00e0 la fin de l&rsquo;hiver, en prenant soin de r\u00e9cup\u00e9rer un maximum de racines. <b>Vous<\/b> n&rsquo;aurez plus qu&rsquo;\u00e0 replanter ces nouveaux sujets \u00e0 l&rsquo;endroit de votre choix.<\/p>\n<h2><span class=\"ez-toc-section\" id=\"Comment_reproduire_les_lilas\"><\/span><strong>Comment reproduire les lilas ?<\/strong><span class=\"ez-toc-section-end\"><\/span><\/h2>\n<p><b>  Placer la bouture en godets <\/b> <\/p>\n<ol>\n<li>   Remplir un godet avec de la tourbe et du sable m\u00e9lang\u00e9s pour moiti\u00e9. Tasser avec les doigts.  <\/li>\n<li>   Avec un petit bout de bois, un crayon par exemple, repiquer la bouture dans le m\u00e9lange et tasser tout autour.  <\/li>\n<li>   Arroser et maintenir toujours humide.  <\/li>\n<li>   Placer dans une miniserre, \u00e0 18-20 \u00b0C.  <\/li>\n<\/ol>\n<h2><span class=\"ez-toc-section\" id=\"Quand_recuperer_les_graines_de_lys\"><\/span><strong>Quand r\u00e9cup\u00e9rer les graines de lys ?<\/strong><span class=\"ez-toc-section-end\"><\/span><\/h2>\n<p><b>Quand<\/b> r\u00e9colter<\/p>\n<p> \u00c0 maturit\u00e9 des <b>graines<\/b>, lorsque la capsule s\u00e8che commence \u00e0 s&rsquo;ouvrir, mais avant qu&rsquo;elle ne soit trop ouverte et n&rsquo;ai perdu la majorit\u00e9 des <b>graines<\/b>.<\/p>\n<h2><span class=\"ez-toc-section\" id=\"Comment_faire_pousser_des_graines_de_lys\"><\/span><strong>Comment faire pousser des graines de lys ?<\/strong><span class=\"ez-toc-section-end\"><\/span><\/h2>\n<p><b>  Bien  <b>   planter  <\/b>  les  <b>   lys  <\/b>  : <\/b> <\/p>\n<ol>\n<li>   Le   <b>    lys   <\/b>   se plante environ 10-15 cm de profondeur.  <\/li>\n<li>   Respectez un espacement d&rsquo;au moins 15 cm et faites des touffes de 4-5 bulbes.  <\/li>\n<li>   Pour votre terrasse, vous pouvez le   <b>    planter   <\/b>   en pot au printemps ou \u00e0 l&rsquo;automne.  <\/li>\n<li>   Le lis en pot a besoin d&rsquo;un bon drainage et d&rsquo;un pot perc\u00e9 au fond.  <\/li>\n<\/ol>\n<h2><span class=\"ez-toc-section\" id=\"Comment_se_reproduit_un_lys\"><\/span><strong>Comment se reproduit un lys ?<\/strong><span class=\"ez-toc-section-end\"><\/span><\/h2>\n<p>La meilleure p\u00e9riode pour multiplier le lis par bouture de bulbilles est d&rsquo;attendre que toutes les feuilles aient fan\u00e9es, afin que le bulbe puisse refaire ses r\u00e9serves pour l&rsquo;ann\u00e9e suivante. Attendre donc l&rsquo;automne ou l&rsquo;hiver avant d&rsquo;arracher les bulbes.<\/p>\n<h2><span class=\"ez-toc-section\" id=\"Quand_bouturer_les_Osteospermum\"><\/span><strong>Quand bouturer les Osteospermum ?<\/strong><span class=\"ez-toc-section-end\"><\/span><\/h2>\n<p>Le <b>bouturage<\/b> permet de renouveler cette vivace arbustive. Il est tr\u00e8s facile \u00e0 r\u00e9aliser. Proc\u00e9dez tout l&rsquo;\u00e9t\u00e9, jusqu&rsquo;\u00e0 fin septembre.<\/p>\n<h2><span class=\"ez-toc-section\" id=\"Quand_faire_des_boutures_de_Dimorphoteca\"><\/span><strong>Quand faire des boutures de Dimorphoteca ?<\/strong><span class=\"ez-toc-section-end\"><\/span><\/h2>\n<p><b>Bouturer<\/b> les dimophot\u00e9ca<\/p>\n<p> <b>Bouturage<\/b> : Bouturez en \u00e9t\u00e9. Coupez des rameaux de plus de vingt centim\u00e8tres, \u00e9t\u00eatez, supprimer les deux tiers du feuillage puis installer la bourre \u00e0 l&rsquo;ombre dans une terre moiti\u00e9 sable, moiti\u00e9 terre v\u00e9g\u00e9tale.<\/p>\n<h2><span class=\"ez-toc-section\" id=\"Comment_bouturer_marguerite_jaune\"><\/span><strong>Comment bouturer marguerite jaune ?<\/strong><span class=\"ez-toc-section-end\"><\/span><\/h2>\n<p>Labourez le sol et griffez-le en \u00e9liminant les racines des mauvaises herbes et les plus gros cailloux. La plantation des \u00e9clats se fait au moyen d&rsquo;un transplantoir. Enterrez-les jusqu&rsquo;au collet, partie situ\u00e9e entre la base des feuilles et les racines. Tassez bien autour et arrosez.<\/p>\n<h2><span class=\"ez-toc-section\" id=\"Quel_semis_de_fleurs_en_mars\"><\/span><strong>Quel semis de fleurs en mars ?<\/strong><span class=\"ez-toc-section-end\"><\/span><\/h2>\n<p>Vous pourrez ainsi mettre en terre sous abri, d\u00e8s <b>mars<\/b>, des <b>graines<\/b> de pois de senteur, tag\u00e8te, capucine, muflier, mauve, centaur\u00e9e, pied d&rsquo;alouette, cor\u00e9opsis\u2026.<\/p>\n<h2><span class=\"ez-toc-section\" id=\"Quels_semis_de_fleurs_en_fevrier\"><\/span><strong>Quels semis de fleurs en f\u00e9vrier ?<\/strong><span class=\"ez-toc-section-end\"><\/span><\/h2>\n<p>Jugez un peu : soucis, mufliers, pois de senteur, corydales, coquelicots, bleuets (cultiv\u00e9s), primev\u00e8re, alysse, etc.\u2026 Toutes ces <b>fleurs<\/b> \u00e0 semer en hiver ont une petite v\u00e9g\u00e9tation : leur objectif, c&rsquo;est la <b>fleur<\/b>, pas la tige ou les feuilles !<\/p>\n<h2><span class=\"ez-toc-section\" id=\"Quelles_fleurs_semer_au_mois_de_mai\"><\/span><strong>Quelles fleurs semer au mois de mai ?<\/strong><span class=\"ez-toc-section-end\"><\/span><\/h2>\n<p><b>  12  <b>   fleurs  <\/b>  \u00e0  <b>   semer  <\/b>  sans attendre en  <b>   mai  <\/b> <\/b> <\/p>\n<ul>\n<li>   La commeline, Aussi appel\u00e9e Commelina Turbosa, cette fleur est une vivace frileuse \u00e0 la floraison bleue qui dure tout l&rsquo;\u00e9t\u00e9.  <\/li>\n<li>   Commelina tuberosa. &#8230;  <\/li>\n<li>   Verveine de Buesnos-Aires. &#8230;  <\/li>\n<li>   Verveine. &#8230;  <\/li>\n<li>   Coeur de Marie. &#8230;  <\/li>\n<li>   Coeurs de Marie. &#8230;  <\/li>\n<li>   Capucines. &#8230;  <\/li>\n<li>   Capucines.  <\/li>\n<\/ul>\n<h2><strong><\/strong><\/h2>\n<h2><strong><\/strong><\/h2>\n<hr \/>\n<p><em>Editeurs: 33 &#8211; R\u00e9f\u00e9rences: 36 articles<\/em><\/p>\n<p><em>N\u2019oubliez pas de partager l\u2019article !<\/em><\/p>\n","protected":false},"excerpt":{"rendered":"<p>Elle se s\u00e8me directement en place, d\u00e8s le mois de mai ou juin, lorsque la terre est suffisamment r\u00e9chauff\u00e9e et que les risques de gel\u00e9e sont \u00e9cart\u00e9s : bien que la reine-marguerite supporte de tr\u00e8s faibles gel\u00e9es, lorsqu&rsquo;elle est sem\u00e9e directement en place, elle pousse plus vite gr\u00e2ce \u00e0 la chaleur et au soleil. De [&hellip;]<\/p>\n","protected":false},"author":6,"featured_media":0,"comment_status":"open","ping_status":"open","sticky":false,"template":"","format":"standard","meta":{"tdm_status":"","tdm_grid_status":"","_jetpack_memberships_contains_paid_content":false,"footnotes":"","jetpack_publicize_message":"","jetpack_publicize_feature_enabled":true,"jetpack_social_post_already_shared":true,"jetpack_social_options":{"image_generator_settings":{"template":"highway","default_image_id":0,"font":"","enabled":false},"version":2}},"categories":[3457],"tags":[],"class_list":["post-39627","post","type-post","status-publish","format-standard","hentry","category-maison"],"yoast_head":"<!-- This site is optimized with the Yoast SEO Premium plugin v25.0 (Yoast SEO v25.0) - https:\/\/yoast.com\/wordpress\/plugins\/seo\/ -->\n<title>Quand semer les graines de marguerite ?<\/title>\n<meta name=\"description\" content=\"Elle se s\u00e8me directement en place, d\u00e8s le mois de mai ou juin, lorsque la terre est suffisamment r\u00e9chauff\u00e9e et que les risques de gel\u00e9e sont \u00e9cart\u00e9s :\" \/>\n<meta name=\"robots\" content=\"index, follow, max-snippet:-1, max-image-preview:large, max-video-preview:-1\" \/>\n<link rel=\"canonical\" href=\"https:\/\/flashmode.tn\/magazine\/quand-semer-les-graines-de-marguerite\/\" \/>\n<meta property=\"og:locale\" content=\"fr_FR\" \/>\n<meta property=\"og:type\" content=\"article\" \/>\n<meta property=\"og:title\" content=\"Quand semer les graines de marguerite ? - Flashmode Magazine | Magazine de mode et style de vie Num\u00e9ro un en Tunisie et au Maghreb\" \/>\n<meta property=\"og:description\" content=\"Elle se s\u00e8me directement en place, d\u00e8s le mois de mai ou juin, lorsque la terre est suffisamment r\u00e9chauff\u00e9e et que les risques de gel\u00e9e sont \u00e9cart\u00e9s :\" \/>\n<meta property=\"og:url\" content=\"https:\/\/flashmode.tn\/magazine\/quand-semer-les-graines-de-marguerite\/\" \/>\n<meta property=\"og:site_name\" content=\"Flashmode Magazine | Magazine de mode et style de vie Num\u00e9ro un en Tunisie et au Maghreb\" \/>\n<meta property=\"article:publisher\" content=\"https:\/\/www.facebook.com\/flashmode.magazine\/\" \/>\n<meta property=\"article:published_time\" content=\"2022-01-02T20:28:07+00:00\" \/>\n<meta name=\"author\" content=\"EventsEditors\" \/>\n<meta name=\"twitter:card\" content=\"summary_large_image\" \/>\n<meta name=\"twitter:creator\" content=\"@agenceflashmode\" \/>\n<meta name=\"twitter:site\" content=\"@agenceflashmode\" \/>\n<meta name=\"twitter:label1\" content=\"\u00c9crit par\" \/>\n\t<meta name=\"twitter:data1\" content=\"EventsEditors\" \/>\n\t<meta name=\"twitter:label2\" content=\"Dur\u00e9e de lecture estim\u00e9e\" \/>\n\t<meta name=\"twitter:data2\" content=\"6 minutes\" \/>\n<script type=\"application\/ld+json\" class=\"yoast-schema-graph\">{\"@context\":\"https:\/\/schema.org\",\"@graph\":[{\"@type\":\"WebPage\",\"@id\":\"https:\/\/flashmode.tn\/magazine\/quand-semer-les-graines-de-marguerite\/\",\"url\":\"https:\/\/flashmode.tn\/magazine\/quand-semer-les-graines-de-marguerite\/\",\"name\":\"Quand semer les graines de marguerite ?\",\"isPartOf\":{\"@id\":\"https:\/\/flashmode.tn\/magazine\/#website\"},\"datePublished\":\"2022-01-02T20:28:07+00:00\",\"author\":{\"@id\":\"https:\/\/flashmode.tn\/magazine\/#\/schema\/person\/257d6780605b915a5e352977f0f6f41c\"},\"description\":\"Elle se s\u00e8me directement en place, d\u00e8s le mois de mai ou juin, lorsque la terre est suffisamment r\u00e9chauff\u00e9e et que les risques de gel\u00e9e sont \u00e9cart\u00e9s :\",\"breadcrumb\":{\"@id\":\"https:\/\/flashmode.tn\/magazine\/quand-semer-les-graines-de-marguerite\/#breadcrumb\"},\"inLanguage\":\"fr-FR\",\"potentialAction\":[{\"@type\":\"ReadAction\",\"target\":[\"https:\/\/flashmode.tn\/magazine\/quand-semer-les-graines-de-marguerite\/\"]}]},{\"@type\":\"BreadcrumbList\",\"@id\":\"https:\/\/flashmode.tn\/magazine\/quand-semer-les-graines-de-marguerite\/#breadcrumb\",\"itemListElement\":[{\"@type\":\"ListItem\",\"position\":1,\"name\":\"Accueil\",\"item\":\"https:\/\/flashmode.tn\/magazine\/\"},{\"@type\":\"ListItem\",\"position\":2,\"name\":\"Quand semer les graines de marguerite ?\"}]},{\"@type\":\"WebSite\",\"@id\":\"https:\/\/flashmode.tn\/magazine\/#website\",\"url\":\"https:\/\/flashmode.tn\/magazine\/\",\"name\":\"Flashmode Magazine | Magazine de mode et style de vie Num\u00e9ro un en Tunisie et au Maghreb\",\"description\":\"Magazine de mode et style de vie Num\u00e9ro un en Tunisie et au Maghreb, cr\u00e9\u00e9 pour les hommes et les femmes : conseils beaut\u00e9, mode femme, mode homme, recettes de cuisine, c\u00e9l\u00e9brit\u00e9s et people, mannequins et top modeles\",\"potentialAction\":[{\"@type\":\"SearchAction\",\"target\":{\"@type\":\"EntryPoint\",\"urlTemplate\":\"https:\/\/flashmode.tn\/magazine\/?s={search_term_string}\"},\"query-input\":{\"@type\":\"PropertyValueSpecification\",\"valueRequired\":true,\"valueName\":\"search_term_string\"}}],\"inLanguage\":\"fr-FR\"},{\"@type\":\"Person\",\"@id\":\"https:\/\/flashmode.tn\/magazine\/#\/schema\/person\/257d6780605b915a5e352977f0f6f41c\",\"name\":\"EventsEditors\",\"image\":{\"@type\":\"ImageObject\",\"inLanguage\":\"fr-FR\",\"@id\":\"https:\/\/flashmode.tn\/magazine\/#\/schema\/person\/image\/\",\"url\":\"https:\/\/secure.gravatar.com\/avatar\/e2daedf958f66be37c9a79abe56184d85cd1baa6bba0dd8017e3f7d01555232f?s=96&d=mm&r=g\",\"contentUrl\":\"https:\/\/secure.gravatar.com\/avatar\/e2daedf958f66be37c9a79abe56184d85cd1baa6bba0dd8017e3f7d01555232f?s=96&d=mm&r=g\",\"caption\":\"EventsEditors\"},\"url\":\"https:\/\/flashmode.tn\/magazine\/author\/eventseditors\/\"}]}<\/script>\n<!-- \/ Yoast SEO Premium plugin. -->","yoast_head_json":{"title":"Quand semer les graines de marguerite ?","description":"Elle se s\u00e8me directement en place, d\u00e8s le mois de mai ou juin, lorsque la terre est suffisamment r\u00e9chauff\u00e9e et que les risques de gel\u00e9e sont \u00e9cart\u00e9s :","robots":{"index":"index","follow":"follow","max-snippet":"max-snippet:-1","max-image-preview":"max-image-preview:large","max-video-preview":"max-video-preview:-1"},"canonical":"https:\/\/flashmode.tn\/magazine\/quand-semer-les-graines-de-marguerite\/","og_locale":"fr_FR","og_type":"article","og_title":"Quand semer les graines de marguerite ? - Flashmode Magazine | Magazine de mode et style de vie Num\u00e9ro un en Tunisie et au Maghreb","og_description":"Elle se s\u00e8me directement en place, d\u00e8s le mois de mai ou juin, lorsque la terre est suffisamment r\u00e9chauff\u00e9e et que les risques de gel\u00e9e sont \u00e9cart\u00e9s :","og_url":"https:\/\/flashmode.tn\/magazine\/quand-semer-les-graines-de-marguerite\/","og_site_name":"Flashmode Magazine | Magazine de mode et style de vie Num\u00e9ro un en Tunisie et au Maghreb","article_publisher":"https:\/\/www.facebook.com\/flashmode.magazine\/","article_published_time":"2022-01-02T20:28:07+00:00","author":"EventsEditors","twitter_card":"summary_large_image","twitter_creator":"@agenceflashmode","twitter_site":"@agenceflashmode","twitter_misc":{"\u00c9crit par":"EventsEditors","Dur\u00e9e de lecture estim\u00e9e":"6 minutes"},"schema":{"@context":"https:\/\/schema.org","@graph":[{"@type":"WebPage","@id":"https:\/\/flashmode.tn\/magazine\/quand-semer-les-graines-de-marguerite\/","url":"https:\/\/flashmode.tn\/magazine\/quand-semer-les-graines-de-marguerite\/","name":"Quand semer les graines de marguerite ?","isPartOf":{"@id":"https:\/\/flashmode.tn\/magazine\/#website"},"datePublished":"2022-01-02T20:28:07+00:00","author":{"@id":"https:\/\/flashmode.tn\/magazine\/#\/schema\/person\/257d6780605b915a5e352977f0f6f41c"},"description":"Elle se s\u00e8me directement en place, d\u00e8s le mois de mai ou juin, lorsque la terre est suffisamment r\u00e9chauff\u00e9e et que les risques de gel\u00e9e sont \u00e9cart\u00e9s :","breadcrumb":{"@id":"https:\/\/flashmode.tn\/magazine\/quand-semer-les-graines-de-marguerite\/#breadcrumb"},"inLanguage":"fr-FR","potentialAction":[{"@type":"ReadAction","target":["https:\/\/flashmode.tn\/magazine\/quand-semer-les-graines-de-marguerite\/"]}]},{"@type":"BreadcrumbList","@id":"https:\/\/flashmode.tn\/magazine\/quand-semer-les-graines-de-marguerite\/#breadcrumb","itemListElement":[{"@type":"ListItem","position":1,"name":"Accueil","item":"https:\/\/flashmode.tn\/magazine\/"},{"@type":"ListItem","position":2,"name":"Quand semer les graines de marguerite ?"}]},{"@type":"WebSite","@id":"https:\/\/flashmode.tn\/magazine\/#website","url":"https:\/\/flashmode.tn\/magazine\/","name":"Flashmode Magazine | Magazine de mode et style de vie Num\u00e9ro un en Tunisie et au Maghreb","description":"Magazine de mode et style de vie Num\u00e9ro un en Tunisie et au Maghreb, cr\u00e9\u00e9 pour les hommes et les femmes : conseils beaut\u00e9, mode femme, mode homme, recettes de cuisine, c\u00e9l\u00e9brit\u00e9s et people, mannequins et top modeles","potentialAction":[{"@type":"SearchAction","target":{"@type":"EntryPoint","urlTemplate":"https:\/\/flashmode.tn\/magazine\/?s={search_term_string}"},"query-input":{"@type":"PropertyValueSpecification","valueRequired":true,"valueName":"search_term_string"}}],"inLanguage":"fr-FR"},{"@type":"Person","@id":"https:\/\/flashmode.tn\/magazine\/#\/schema\/person\/257d6780605b915a5e352977f0f6f41c","name":"EventsEditors","image":{"@type":"ImageObject","inLanguage":"fr-FR","@id":"https:\/\/flashmode.tn\/magazine\/#\/schema\/person\/image\/","url":"https:\/\/secure.gravatar.com\/avatar\/e2daedf958f66be37c9a79abe56184d85cd1baa6bba0dd8017e3f7d01555232f?s=96&d=mm&r=g","contentUrl":"https:\/\/secure.gravatar.com\/avatar\/e2daedf958f66be37c9a79abe56184d85cd1baa6bba0dd8017e3f7d01555232f?s=96&d=mm&r=g","caption":"EventsEditors"},"url":"https:\/\/flashmode.tn\/magazine\/author\/eventseditors\/"}]}},"jetpack_publicize_connections":[],"jetpack_featured_media_url":"","jetpack_shortlink":"https:\/\/wp.me\/p8BPGr-aj9","jetpack_sharing_enabled":true,"_links":{"self":[{"href":"https:\/\/flashmode.tn\/magazine\/wp-json\/wp\/v2\/posts\/39627","targetHints":{"allow":["GET"]}}],"collection":[{"href":"https:\/\/flashmode.tn\/magazine\/wp-json\/wp\/v2\/posts"}],"about":[{"href":"https:\/\/flashmode.tn\/magazine\/wp-json\/wp\/v2\/types\/post"}],"author":[{"embeddable":true,"href":"https:\/\/flashmode.tn\/magazine\/wp-json\/wp\/v2\/users\/6"}],"replies":[{"embeddable":true,"href":"https:\/\/flashmode.tn\/magazine\/wp-json\/wp\/v2\/comments?post=39627"}],"version-history":[{"count":0,"href":"https:\/\/flashmode.tn\/magazine\/wp-json\/wp\/v2\/posts\/39627\/revisions"}],"wp:attachment":[{"href":"https:\/\/flashmode.tn\/magazine\/wp-json\/wp\/v2\/media?parent=39627"}],"wp:term":[{"taxonomy":"category","embeddable":true,"href":"https:\/\/flashmode.tn\/magazine\/wp-json\/wp\/v2\/categories?post=39627"},{"taxonomy":"post_tag","embeddable":true,"href":"https:\/\/flashmode.tn\/magazine\/wp-json\/wp\/v2\/tags?post=39627"}],"curies":[{"name":"wp","href":"https:\/\/api.w.org\/{rel}","templated":true}]}}